{"id":23927,"date":"2021-05-26T19:06:42","date_gmt":"2021-05-26T22:06:42","guid":{"rendered":"https:\/\/iberculturaviva.org\/?p=23927"},"modified":"2021-05-28T10:01:09","modified_gmt":"2021-05-28T13:01:09","slug":"omar-rincon-abre-la-serie-de-encuentros-sincronicos-del-curso-de-posgrado-en-politicas-culturales-de-base-comunitaria","status":"publish","type":"post","link":"https:\/\/iberculturaviva.org\/es\/omar-rincon-abre-la-serie-de-encuentros-sincronicos-del-curso-de-posgrado-en-politicas-culturales-de-base-comunitaria\/","title":{"rendered":"Omar Rinc\u00f3n abre la serie de encuentros sincr\u00f3nicos del Curso de Posgrado en Pol\u00edticas Culturales de Base Comunitaria"},"content":{"rendered":"<p style=\"text-align: justify;\"><span style=\"font-weight: 400;\">Una de las novedades del <\/span><span style=\"font-weight: 400;\">Curso de Posgrado Internacional en Pol\u00edticas Culturales de Base Comunitaria en 2021 es la realizaci\u00f3n de tres clases sincr\u00f3nicas, con diferentes especialistas, transmitidas por YouTube para quien quiera verlas. La primera charla ser\u00e1<\/span> <span style=\"font-weight: 400;\">\u00abLa cultura: las especies culturales digitales y de territorio\u00bb, a cargo del profesor Omar Rinc\u00f3n (Colombia), este jueves 27 de mayo, a las 12:00 horas (de Argentina), con transmisi\u00f3n en vivo por el <\/span><a href=\"https:\/\/www.youtube.com\/iberculturaviva\" target=\"_blank\" rel=\"noopener noreferrer\"><span style=\"font-weight: 400;\">canal de IberCultura Viva<\/span><\/a><span style=\"font-weight: 400;\">. Los alumnos y alumnas del curso participar\u00e1n del encuentro y podr\u00e1n hacer preguntas durante la videoconferencia.<\/span><\/p>\n<p style=\"text-align: justify;\"><span style=\"font-weight: 400;\">Creado en 2018, el Curso de Posgrado Internacional en Pol\u00edticas Culturales de Base Comunitaria es una construcci\u00f3n conjunta de IberCultura Viva y <\/span><span style=\"font-weight: 400;\">\u00a0la Facultad Latinoamericana de Ciencias Sociales (FLACSO), sede Argentina. La iniciativa se enmarca en el Objetivo Estrat\u00e9gico 1 del programa: \u201cImpulsar y fortalecer el desarrollo de pol\u00edticas culturales de base comunitaria en los pa\u00edses del Espacio Iberoamericano\u201d. La idea del curso surgi\u00f3 de una investigaci\u00f3n impulsada por IberCultura Viva en 2017, que mostr\u00f3 que no hab\u00eda espacios acad\u00e9micos que trabajaran con pol\u00edticas culturales de base comunitaria como tema espec\u00edfico.\u00a0<\/span><\/p>\n<p style=\"text-align: justify;\"><span style=\"font-weight: 400;\">Este curso de posgrado se realiza de modo virtual durante nueve meses, de abril a diciembre, en la plataforma de FLACSO-Argentina. <\/span><span style=\"font-weight: 400;\">Los contenidos est\u00e1n distribuidos en seis<\/span> <a href=\"http:\/\/flacso.org.ar\/formacion-academica\/posgrado-internacional-en-politicas-culturales-de-base-comunitaria\/contenidos\/\" target=\"_blank\" rel=\"noopener noreferrer\"><span style=\"font-weight: 400;\">m\u00f3dulos<\/span><\/a><span style=\"font-weight: 400;\"> y 24 <\/span><span style=\"font-weight: 400;\">clases donde se trabajan nociones te\u00f3ricas sobre procesos culturales contempor\u00e1neos, proponiendo un marco te\u00f3rico amplio sobre las distintas teor\u00edas de la cultura y los debates actuales en torno a ella, con un enclave principal en lo iberoamericano. La propuesta acad\u00e9mica coordinada por Bel\u00e9n Igarz\u00e1bal y Franco Rizzi busca la diversidad de miradas, con la <\/span><span style=\"font-weight: 400;\">participaci\u00f3n de<\/span> <a href=\"https:\/\/www.flacso.org.ar\/formacion-academica\/posgrado-internacional-en-politicas-culturales-de-base-comunitaria\/docentes\/\" target=\"_blank\" rel=\"noopener noreferrer\"><span style=\"font-weight: 400;\">profesores de varios pa\u00edses iberoamericanos<\/span><\/a><span style=\"font-weight: 400;\">.\u00a0<\/span><\/p>\n<p style=\"text-align: justify;\"><span style=\"font-weight: 400;\">El colombiano Omar Rinc\u00f3n es uno de los docentes del curso desde la primera cohorte. Ensayista, periodista, cr\u00edtico de televisi\u00f3n y autor audiovisual, Rinc\u00f3n es investigador y profesor de Comunicaci\u00f3n y Periodismo de la Universidad de los Andes, director del Centro de Estudios en Periodismo de la misma universidad, y director del Centro de Competencia en Comunicaci\u00f3n para Am\u00e9rica Latina de la Fundaci\u00f3n Ebert.\u00a0<\/span><\/p>\n<h4><b>Convocatoria de becas<\/b><\/h4>\n<p style=\"text-align: justify;\"><span style=\"font-weight: 400;\">Todos los a\u00f1os, en diciembre, el programa IberCultura Viva abre una convocatoria de becas para este curso de posgrado de FLACSO-Argentina. En cuatro a\u00f1os, sumando las personas seleccionadas en las convocatorias para las cohortes de 2018 a 2021, fueron concedidas 375 becas para el curso. Las vacantes fueron divididas equitativamente entre los pa\u00edses integrantes de IberCultura Viva.\u00a0<\/span><\/p>\n<p style=\"text-align: justify;\"><span style=\"font-weight: 400;\">En la convocatoria m\u00e1s reciente, para la edici\u00f3n de 2021, el programa recibi\u00f3 502 postulaciones y otorg\u00f3 88 becas, repartidas entre los 11 pa\u00edses miembros <\/span><span style=\"font-weight: 400;\">(Argentina, Brasil, Chile, Colombia, Costa Rica, Ecuador, El Salvador, Espa\u00f1a, M\u00e9xico, Per\u00fa y Uruguay). Otras 16 personas (8 de Brasil, 8 de Chile) recibieron becas extras porque las representantes de Chile y Brasil en el Consejo Intergubernamental decidieron ampliar sus cupos usando los recursos que dispon\u00edan en el Fondo Multilateral IberCultura Viva para el apoyo a la formaci\u00f3n de organizaciones culturales comunitarias. Esta fue la tercera vez que los dos pa\u00edses ampliaron el n\u00famero de becas para personas candidatas de sus pa\u00edses, teniendo en cuenta la cantidad y la calidad de postulantes.<\/span><\/p>\n<p><strong>(*) D\u00f3nde ver la clase de Omar Rinc\u00f3n<\/strong><span style=\"font-weight: 400;\">: <\/span><a href=\"https:\/\/youtu.be\/tVs4FAuEPNs\" target=\"_blank\" rel=\"noopener noreferrer\"><span style=\"font-weight: 400;\">https:\/\/www.youtube.com\/iberculturaviva<\/span><\/a><\/p>\n<p><strong>Lea tambi\u00e9n<\/strong>:<\/p>\n<p class=\"blogtitle\"><a title=\"Permanent Link to Comienza la cuarta cohorte del Curso de Posgrado Internacional en Pol\u00edticas Culturales de Base Comunitaria\u00a0\" href=\"https:\/\/iberculturaviva.org\/comienza-la-cuarta-cohorte-del-curso-de-posgrado-internacional-en-politicas-culturales-de-base-comunitaria\/?lang=es\" target=\"_blank\" rel=\"noopener noreferrer\">Comienza la cuarta cohorte del Curso de Posgrado Internacional en Pol\u00edticas Culturales de Base Comunitaria\u00a0<\/a><\/p>\n","protected":false},"excerpt":{"rendered":"<p>Una de las novedades del Curso de Posgrado Internacional en Pol\u00edticas Culturales de Base Comunitaria en 2021 es la realizaci\u00f3n de tres clases sincr\u00f3nicas, con diferentes especialistas, transmitidas por YouTube [&hellip;]<\/p>\n","protected":false},"author":2,"featured_media":23931,"comment_status":"closed","ping_status":"closed","sticky":false,"template":"","format":"standard","meta":{"_coblocks_attr":"","_coblocks_dimensions":"","_coblocks_responsive_height":"","_coblocks_accordion_ie_support":"","_EventAllDay":false,"_EventTimezone":"","_EventStartDate":"","_EventEndDate":"","_EventStartDateUTC":"","_EventEndDateUTC":"","_EventShowMap":false,"_EventShowMapLink":false,"_EventURL":"","_EventCost":"","_EventCostDescription":"","_EventCurrencySymbol":"","_EventCurrencyCode":"","_EventCurrencyPosition":"","_EventDateTimeSeparator":"","_EventTimeRangeSeparator":"","_EventOrganizerID":[],"_EventVenueID":[],"_OrganizerEmail":"","_OrganizerPhone":"","_OrganizerWebsite":"","_VenueAddress":"","_VenueCity":"","_VenueCountry":"","_VenueProvince":"","_VenueState":"","_VenueZip":"","_VenuePhone":"","_VenueURL":"","_VenueStateProvince":"","_VenueLat":"","_VenueLng":"","_VenueShowMap":false,"_VenueShowMapLink":false,"footnotes":""},"categories":[262],"tags":[257,260],"country-municipality":[],"class_list":["post-23927","post","type-post","status-publish","format-standard","has-post-thumbnail","hentry","category-noticias-es","tag-flacso-2","tag-formacion-2"],"yoast_head":"<!-- This site is optimized with the Yoast SEO plugin v25.7 - https:\/\/yoast.com\/wordpress\/plugins\/seo\/ -->\n<title>Omar Rinc\u00f3n abre la serie de encuentros sincr\u00f3nicos del Curso de Posgrado en Pol\u00edticas Culturales de Base Comunitaria - IberCultura Viva<\/title>\n<meta name=\"description\" content=\"Omar Rinc\u00f3n abre la serie de encuentros sincr\u00f3nicos del Curso de Posgrado en Pol\u00edticas Culturales de Base Comunitaria - IberCultura Viva\" \/>\n<meta name=\"robots\" content=\"index, follow, max-snippet:-1, max-image-preview:large, max-video-preview:-1\" \/>\n<link rel=\"canonical\" href=\"https:\/\/iberculturaviva.org\/es\/omar-rincon-abre-la-serie-de-encuentros-sincronicos-del-curso-de-posgrado-en-politicas-culturales-de-base-comunitaria\/\" \/>\n<meta property=\"og:locale\" content=\"es_ES\" \/>\n<meta property=\"og:type\" content=\"article\" \/>\n<meta property=\"og:title\" content=\"Omar Rinc\u00f3n abre la serie de encuentros sincr\u00f3nicos del Curso de Posgrado en Pol\u00edticas Culturales de Base Comunitaria - IberCultura Viva\" \/>\n<meta property=\"og:description\" content=\"Omar Rinc\u00f3n abre la serie de encuentros sincr\u00f3nicos del Curso de Posgrado en Pol\u00edticas Culturales de Base Comunitaria - IberCultura Viva\" \/>\n<meta property=\"og:url\" content=\"https:\/\/iberculturaviva.org\/es\/omar-rincon-abre-la-serie-de-encuentros-sincronicos-del-curso-de-posgrado-en-politicas-culturales-de-base-comunitaria\/\" \/>\n<meta property=\"og:site_name\" content=\"IberCultura Viva\" \/>\n<meta property=\"article:publisher\" content=\"https:\/\/www.facebook.com\/iberculturaviva\/\" \/>\n<meta property=\"article:published_time\" content=\"2021-05-26T22:06:42+00:00\" \/>\n<meta property=\"article:modified_time\" content=\"2021-05-28T13:01:09+00:00\" \/>\n<meta property=\"og:image\" content=\"https:\/\/iberculturaviva.org\/wp-content\/uploads\/2021\/05\/WhatsApp-Image-2021-05-10-at-15.43.08.jpeg\" \/>\n\t<meta property=\"og:image:width\" content=\"876\" \/>\n\t<meta property=\"og:image:height\" content=\"876\" \/>\n\t<meta property=\"og:image:type\" content=\"image\/jpeg\" \/>\n<meta name=\"author\" content=\"IberCultura\" \/>\n<meta name=\"twitter:card\" content=\"summary_large_image\" \/>\n<meta name=\"twitter:label1\" content=\"Escrito por\" \/>\n\t<meta name=\"twitter:data1\" content=\"IberCultura\" \/>\n\t<meta name=\"twitter:label2\" content=\"Tiempo de lectura\" \/>\n\t<meta name=\"twitter:data2\" content=\"3 minutos\" \/>\n<script type=\"application\/ld+json\" class=\"yoast-schema-graph\">{\"@context\":\"https:\/\/schema.org\",\"@graph\":[{\"@type\":\"Article\",\"@id\":\"https:\/\/iberculturaviva.org\/es\/omar-rincon-abre-la-serie-de-encuentros-sincronicos-del-curso-de-posgrado-en-politicas-culturales-de-base-comunitaria\/#article\",\"isPartOf\":{\"@id\":\"https:\/\/iberculturaviva.org\/es\/omar-rincon-abre-la-serie-de-encuentros-sincronicos-del-curso-de-posgrado-en-politicas-culturales-de-base-comunitaria\/\"},\"author\":{\"name\":\"IberCultura\",\"@id\":\"https:\/\/iberculturaviva.org\/es\/?lang=es\/#\/schema\/person\/5d1313b072cc25536e0431522f740b59\"},\"headline\":\"Omar Rinc\u00f3n abre la serie de encuentros sincr\u00f3nicos del Curso de Posgrado en Pol\u00edticas Culturales de Base Comunitaria\",\"datePublished\":\"2021-05-26T22:06:42+00:00\",\"dateModified\":\"2021-05-28T13:01:09+00:00\",\"mainEntityOfPage\":{\"@id\":\"https:\/\/iberculturaviva.org\/es\/omar-rincon-abre-la-serie-de-encuentros-sincronicos-del-curso-de-posgrado-en-politicas-culturales-de-base-comunitaria\/\"},\"wordCount\":600,\"publisher\":{\"@id\":\"https:\/\/iberculturaviva.org\/es\/?lang=es\/#organization\"},\"image\":{\"@id\":\"https:\/\/iberculturaviva.org\/es\/omar-rincon-abre-la-serie-de-encuentros-sincronicos-del-curso-de-posgrado-en-politicas-culturales-de-base-comunitaria\/#primaryimage\"},\"thumbnailUrl\":\"https:\/\/iberculturaviva.org\/wp-content\/uploads\/2021\/05\/WhatsApp-Image-2021-05-10-at-15.43.08.jpeg\",\"keywords\":[\"FLACSO\",\"formaci\u00f3n\"],\"articleSection\":[\"Noticias\"],\"inLanguage\":\"es\"},{\"@type\":\"WebPage\",\"@id\":\"https:\/\/iberculturaviva.org\/es\/omar-rincon-abre-la-serie-de-encuentros-sincronicos-del-curso-de-posgrado-en-politicas-culturales-de-base-comunitaria\/\",\"url\":\"https:\/\/iberculturaviva.org\/es\/omar-rincon-abre-la-serie-de-encuentros-sincronicos-del-curso-de-posgrado-en-politicas-culturales-de-base-comunitaria\/\",\"name\":\"Omar Rinc\u00f3n abre la serie de encuentros sincr\u00f3nicos del Curso de Posgrado en Pol\u00edticas Culturales de Base Comunitaria - IberCultura Viva\",\"isPartOf\":{\"@id\":\"https:\/\/iberculturaviva.org\/es\/?lang=es\/#website\"},\"primaryImageOfPage\":{\"@id\":\"https:\/\/iberculturaviva.org\/es\/omar-rincon-abre-la-serie-de-encuentros-sincronicos-del-curso-de-posgrado-en-politicas-culturales-de-base-comunitaria\/#primaryimage\"},\"image\":{\"@id\":\"https:\/\/iberculturaviva.org\/es\/omar-rincon-abre-la-serie-de-encuentros-sincronicos-del-curso-de-posgrado-en-politicas-culturales-de-base-comunitaria\/#primaryimage\"},\"thumbnailUrl\":\"https:\/\/iberculturaviva.org\/wp-content\/uploads\/2021\/05\/WhatsApp-Image-2021-05-10-at-15.43.08.jpeg\",\"datePublished\":\"2021-05-26T22:06:42+00:00\",\"dateModified\":\"2021-05-28T13:01:09+00:00\",\"description\":\"Omar Rinc\u00f3n abre la serie de encuentros sincr\u00f3nicos del Curso de Posgrado en Pol\u00edticas Culturales de Base Comunitaria - IberCultura Viva\",\"breadcrumb\":{\"@id\":\"https:\/\/iberculturaviva.org\/es\/omar-rincon-abre-la-serie-de-encuentros-sincronicos-del-curso-de-posgrado-en-politicas-culturales-de-base-comunitaria\/#breadcrumb\"},\"inLanguage\":\"es\",\"potentialAction\":[{\"@type\":\"ReadAction\",\"target\":[\"https:\/\/iberculturaviva.org\/es\/omar-rincon-abre-la-serie-de-encuentros-sincronicos-del-curso-de-posgrado-en-politicas-culturales-de-base-comunitaria\/\"]}]},{\"@type\":\"ImageObject\",\"inLanguage\":\"es\",\"@id\":\"https:\/\/iberculturaviva.org\/es\/omar-rincon-abre-la-serie-de-encuentros-sincronicos-del-curso-de-posgrado-en-politicas-culturales-de-base-comunitaria\/#primaryimage\",\"url\":\"https:\/\/iberculturaviva.org\/wp-content\/uploads\/2021\/05\/WhatsApp-Image-2021-05-10-at-15.43.08.jpeg\",\"contentUrl\":\"https:\/\/iberculturaviva.org\/wp-content\/uploads\/2021\/05\/WhatsApp-Image-2021-05-10-at-15.43.08.jpeg\",\"width\":876,\"height\":876},{\"@type\":\"BreadcrumbList\",\"@id\":\"https:\/\/iberculturaviva.org\/es\/omar-rincon-abre-la-serie-de-encuentros-sincronicos-del-curso-de-posgrado-en-politicas-culturales-de-base-comunitaria\/#breadcrumb\",\"itemListElement\":[{\"@type\":\"ListItem\",\"position\":1,\"name\":\"In\u00edcio\",\"item\":\"https:\/\/iberculturaviva.org\/es\/inicio\/\"},{\"@type\":\"ListItem\",\"position\":2,\"name\":\"Omar Rinc\u00f3n abre la serie de encuentros sincr\u00f3nicos del Curso de Posgrado en Pol\u00edticas Culturales de Base Comunitaria\"}]},{\"@type\":\"WebSite\",\"@id\":\"https:\/\/iberculturaviva.org\/es\/?lang=es\/#website\",\"url\":\"https:\/\/iberculturaviva.org\/es\/?lang=es\/\",\"name\":\"IberCultura Viva\",\"description\":\"Programa de cooperaci\u00f3n cultural\",\"publisher\":{\"@id\":\"https:\/\/iberculturaviva.org\/es\/?lang=es\/#organization\"},\"potentialAction\":[{\"@type\":\"SearchAction\",\"target\":{\"@type\":\"EntryPoint\",\"urlTemplate\":\"https:\/\/iberculturaviva.org\/es\/?lang=es\/?s={search_term_string}\"},\"query-input\":{\"@type\":\"PropertyValueSpecification\",\"valueRequired\":true,\"valueName\":\"search_term_string\"}}],\"inLanguage\":\"es\"},{\"@type\":\"Organization\",\"@id\":\"https:\/\/iberculturaviva.org\/es\/?lang=es\/#organization\",\"name\":\"Iberculturaviva\",\"url\":\"https:\/\/iberculturaviva.org\/es\/?lang=es\/\",\"logo\":{\"@type\":\"ImageObject\",\"inLanguage\":\"es\",\"@id\":\"https:\/\/iberculturaviva.org\/es\/?lang=es\/#\/schema\/logo\/image\/\",\"url\":\"https:\/\/iberculturaviva.org\/wp-content\/uploads\/2021\/08\/logo_ibercultura_viva.jpg\",\"contentUrl\":\"https:\/\/iberculturaviva.org\/wp-content\/uploads\/2021\/08\/logo_ibercultura_viva.jpg\",\"width\":708,\"height\":223,\"caption\":\"Iberculturaviva\"},\"image\":{\"@id\":\"https:\/\/iberculturaviva.org\/es\/?lang=es\/#\/schema\/logo\/image\/\"},\"sameAs\":[\"https:\/\/www.facebook.com\/iberculturaviva\/\",\"https:\/\/www.instagram.com\/iberculturaviva\/\",\"https:\/\/www.youtube.com\/iberculturaviva\"]},{\"@type\":\"Person\",\"@id\":\"https:\/\/iberculturaviva.org\/es\/?lang=es\/#\/schema\/person\/5d1313b072cc25536e0431522f740b59\",\"name\":\"IberCultura\",\"image\":{\"@type\":\"ImageObject\",\"inLanguage\":\"es\",\"@id\":\"https:\/\/iberculturaviva.org\/es\/?lang=es\/#\/schema\/person\/image\/\",\"url\":\"https:\/\/secure.gravatar.com\/avatar\/79f1a057cb125cbefb3765d0356d52fc7f3bba3a35e2cf22bc4de090bb7aef70?s=96&d=mm&r=g\",\"contentUrl\":\"https:\/\/secure.gravatar.com\/avatar\/79f1a057cb125cbefb3765d0356d52fc7f3bba3a35e2cf22bc4de090bb7aef70?s=96&d=mm&r=g\",\"caption\":\"IberCultura\"}}]}<\/script>\n<!-- \/ Yoast SEO plugin. -->","yoast_head_json":{"title":"Omar Rinc\u00f3n abre la serie de encuentros sincr\u00f3nicos del Curso de Posgrado en Pol\u00edticas Culturales de Base Comunitaria - IberCultura Viva","description":"Omar Rinc\u00f3n abre la serie de encuentros sincr\u00f3nicos del Curso de Posgrado en Pol\u00edticas Culturales de Base Comunitaria - IberCultura Viva","robots":{"index":"index","follow":"follow","max-snippet":"max-snippet:-1","max-image-preview":"max-image-preview:large","max-video-preview":"max-video-preview:-1"},"canonical":"https:\/\/iberculturaviva.org\/es\/omar-rincon-abre-la-serie-de-encuentros-sincronicos-del-curso-de-posgrado-en-politicas-culturales-de-base-comunitaria\/","og_locale":"es_ES","og_type":"article","og_title":"Omar Rinc\u00f3n abre la serie de encuentros sincr\u00f3nicos del Curso de Posgrado en Pol\u00edticas Culturales de Base Comunitaria - IberCultura Viva","og_description":"Omar Rinc\u00f3n abre la serie de encuentros sincr\u00f3nicos del Curso de Posgrado en Pol\u00edticas Culturales de Base Comunitaria - IberCultura Viva","og_url":"https:\/\/iberculturaviva.org\/es\/omar-rincon-abre-la-serie-de-encuentros-sincronicos-del-curso-de-posgrado-en-politicas-culturales-de-base-comunitaria\/","og_site_name":"IberCultura Viva","article_publisher":"https:\/\/www.facebook.com\/iberculturaviva\/","article_published_time":"2021-05-26T22:06:42+00:00","article_modified_time":"2021-05-28T13:01:09+00:00","og_image":[{"width":876,"height":876,"url":"https:\/\/iberculturaviva.org\/wp-content\/uploads\/2021\/05\/WhatsApp-Image-2021-05-10-at-15.43.08.jpeg","type":"image\/jpeg"}],"author":"IberCultura","twitter_card":"summary_large_image","twitter_misc":{"Escrito por":"IberCultura","Tiempo de lectura":"3 minutos"},"schema":{"@context":"https:\/\/schema.org","@graph":[{"@type":"Article","@id":"https:\/\/iberculturaviva.org\/es\/omar-rincon-abre-la-serie-de-encuentros-sincronicos-del-curso-de-posgrado-en-politicas-culturales-de-base-comunitaria\/#article","isPartOf":{"@id":"https:\/\/iberculturaviva.org\/es\/omar-rincon-abre-la-serie-de-encuentros-sincronicos-del-curso-de-posgrado-en-politicas-culturales-de-base-comunitaria\/"},"author":{"name":"IberCultura","@id":"https:\/\/iberculturaviva.org\/es\/?lang=es\/#\/schema\/person\/5d1313b072cc25536e0431522f740b59"},"headline":"Omar Rinc\u00f3n abre la serie de encuentros sincr\u00f3nicos del Curso de Posgrado en Pol\u00edticas Culturales de Base Comunitaria","datePublished":"2021-05-26T22:06:42+00:00","dateModified":"2021-05-28T13:01:09+00:00","mainEntityOfPage":{"@id":"https:\/\/iberculturaviva.org\/es\/omar-rincon-abre-la-serie-de-encuentros-sincronicos-del-curso-de-posgrado-en-politicas-culturales-de-base-comunitaria\/"},"wordCount":600,"publisher":{"@id":"https:\/\/iberculturaviva.org\/es\/?lang=es\/#organization"},"image":{"@id":"https:\/\/iberculturaviva.org\/es\/omar-rincon-abre-la-serie-de-encuentros-sincronicos-del-curso-de-posgrado-en-politicas-culturales-de-base-comunitaria\/#primaryimage"},"thumbnailUrl":"https:\/\/iberculturaviva.org\/wp-content\/uploads\/2021\/05\/WhatsApp-Image-2021-05-10-at-15.43.08.jpeg","keywords":["FLACSO","formaci\u00f3n"],"articleSection":["Noticias"],"inLanguage":"es"},{"@type":"WebPage","@id":"https:\/\/iberculturaviva.org\/es\/omar-rincon-abre-la-serie-de-encuentros-sincronicos-del-curso-de-posgrado-en-politicas-culturales-de-base-comunitaria\/","url":"https:\/\/iberculturaviva.org\/es\/omar-rincon-abre-la-serie-de-encuentros-sincronicos-del-curso-de-posgrado-en-politicas-culturales-de-base-comunitaria\/","name":"Omar Rinc\u00f3n abre la serie de encuentros sincr\u00f3nicos del Curso de Posgrado en Pol\u00edticas Culturales de Base Comunitaria - IberCultura Viva","isPartOf":{"@id":"https:\/\/iberculturaviva.org\/es\/?lang=es\/#website"},"primaryImageOfPage":{"@id":"https:\/\/iberculturaviva.org\/es\/omar-rincon-abre-la-serie-de-encuentros-sincronicos-del-curso-de-posgrado-en-politicas-culturales-de-base-comunitaria\/#primaryimage"},"image":{"@id":"https:\/\/iberculturaviva.org\/es\/omar-rincon-abre-la-serie-de-encuentros-sincronicos-del-curso-de-posgrado-en-politicas-culturales-de-base-comunitaria\/#primaryimage"},"thumbnailUrl":"https:\/\/iberculturaviva.org\/wp-content\/uploads\/2021\/05\/WhatsApp-Image-2021-05-10-at-15.43.08.jpeg","datePublished":"2021-05-26T22:06:42+00:00","dateModified":"2021-05-28T13:01:09+00:00","description":"Omar Rinc\u00f3n abre la serie de encuentros sincr\u00f3nicos del Curso de Posgrado en Pol\u00edticas Culturales de Base Comunitaria - IberCultura Viva","breadcrumb":{"@id":"https:\/\/iberculturaviva.org\/es\/omar-rincon-abre-la-serie-de-encuentros-sincronicos-del-curso-de-posgrado-en-politicas-culturales-de-base-comunitaria\/#breadcrumb"},"inLanguage":"es","potentialAction":[{"@type":"ReadAction","target":["https:\/\/iberculturaviva.org\/es\/omar-rincon-abre-la-serie-de-encuentros-sincronicos-del-curso-de-posgrado-en-politicas-culturales-de-base-comunitaria\/"]}]},{"@type":"ImageObject","inLanguage":"es","@id":"https:\/\/iberculturaviva.org\/es\/omar-rincon-abre-la-serie-de-encuentros-sincronicos-del-curso-de-posgrado-en-politicas-culturales-de-base-comunitaria\/#primaryimage","url":"https:\/\/iberculturaviva.org\/wp-content\/uploads\/2021\/05\/WhatsApp-Image-2021-05-10-at-15.43.08.jpeg","contentUrl":"https:\/\/iberculturaviva.org\/wp-content\/uploads\/2021\/05\/WhatsApp-Image-2021-05-10-at-15.43.08.jpeg","width":876,"height":876},{"@type":"BreadcrumbList","@id":"https:\/\/iberculturaviva.org\/es\/omar-rincon-abre-la-serie-de-encuentros-sincronicos-del-curso-de-posgrado-en-politicas-culturales-de-base-comunitaria\/#breadcrumb","itemListElement":[{"@type":"ListItem","position":1,"name":"In\u00edcio","item":"https:\/\/iberculturaviva.org\/es\/inicio\/"},{"@type":"ListItem","position":2,"name":"Omar Rinc\u00f3n abre la serie de encuentros sincr\u00f3nicos del Curso de Posgrado en Pol\u00edticas Culturales de Base Comunitaria"}]},{"@type":"WebSite","@id":"https:\/\/iberculturaviva.org\/es\/?lang=es\/#website","url":"https:\/\/iberculturaviva.org\/es\/?lang=es\/","name":"IberCultura Viva","description":"Programa de cooperaci\u00f3n cultural","publisher":{"@id":"https:\/\/iberculturaviva.org\/es\/?lang=es\/#organization"},"potentialAction":[{"@type":"SearchAction","target":{"@type":"EntryPoint","urlTemplate":"https:\/\/iberculturaviva.org\/es\/?lang=es\/?s={search_term_string}"},"query-input":{"@type":"PropertyValueSpecification","valueRequired":true,"valueName":"search_term_string"}}],"inLanguage":"es"},{"@type":"Organization","@id":"https:\/\/iberculturaviva.org\/es\/?lang=es\/#organization","name":"Iberculturaviva","url":"https:\/\/iberculturaviva.org\/es\/?lang=es\/","logo":{"@type":"ImageObject","inLanguage":"es","@id":"https:\/\/iberculturaviva.org\/es\/?lang=es\/#\/schema\/logo\/image\/","url":"https:\/\/iberculturaviva.org\/wp-content\/uploads\/2021\/08\/logo_ibercultura_viva.jpg","contentUrl":"https:\/\/iberculturaviva.org\/wp-content\/uploads\/2021\/08\/logo_ibercultura_viva.jpg","width":708,"height":223,"caption":"Iberculturaviva"},"image":{"@id":"https:\/\/iberculturaviva.org\/es\/?lang=es\/#\/schema\/logo\/image\/"},"sameAs":["https:\/\/www.facebook.com\/iberculturaviva\/","https:\/\/www.instagram.com\/iberculturaviva\/","https:\/\/www.youtube.com\/iberculturaviva"]},{"@type":"Person","@id":"https:\/\/iberculturaviva.org\/es\/?lang=es\/#\/schema\/person\/5d1313b072cc25536e0431522f740b59","name":"IberCultura","image":{"@type":"ImageObject","inLanguage":"es","@id":"https:\/\/iberculturaviva.org\/es\/?lang=es\/#\/schema\/person\/image\/","url":"https:\/\/secure.gravatar.com\/avatar\/79f1a057cb125cbefb3765d0356d52fc7f3bba3a35e2cf22bc4de090bb7aef70?s=96&d=mm&r=g","contentUrl":"https:\/\/secure.gravatar.com\/avatar\/79f1a057cb125cbefb3765d0356d52fc7f3bba3a35e2cf22bc4de090bb7aef70?s=96&d=mm&r=g","caption":"IberCultura"}}]}},"main_category":{"link":"https:\/\/iberculturaviva.org\/es\/category\/noticias-es\/","name":"Noticias","slug":"noticias-es"},"_links":{"self":[{"href":"https:\/\/iberculturaviva.org\/es\/wp-json\/wp\/v2\/posts\/23927","targetHints":{"allow":["GET"]}}],"collection":[{"href":"https:\/\/iberculturaviva.org\/es\/wp-json\/wp\/v2\/posts"}],"about":[{"href":"https:\/\/iberculturaviva.org\/es\/wp-json\/wp\/v2\/types\/post"}],"author":[{"embeddable":true,"href":"https:\/\/iberculturaviva.org\/es\/wp-json\/wp\/v2\/users\/2"}],"replies":[{"embeddable":true,"href":"https:\/\/iberculturaviva.org\/es\/wp-json\/wp\/v2\/comments?post=23927"}],"version-history":[{"count":5,"href":"https:\/\/iberculturaviva.org\/es\/wp-json\/wp\/v2\/posts\/23927\/revisions"}],"predecessor-version":[{"id":23976,"href":"https:\/\/iberculturaviva.org\/es\/wp-json\/wp\/v2\/posts\/23927\/revisions\/23976"}],"wp:featuredmedia":[{"embeddable":true,"href":"https:\/\/iberculturaviva.org\/es\/wp-json\/wp\/v2\/media\/23931"}],"wp:attachment":[{"href":"https:\/\/iberculturaviva.org\/es\/wp-json\/wp\/v2\/media?parent=23927"}],"wp:term":[{"taxonomy":"category","embeddable":true,"href":"https:\/\/iberculturaviva.org\/es\/wp-json\/wp\/v2\/categories?post=23927"},{"taxonomy":"post_tag","embeddable":true,"href":"https:\/\/iberculturaviva.org\/es\/wp-json\/wp\/v2\/tags?post=23927"},{"taxonomy":"country-municipality","embeddable":true,"href":"https:\/\/iberculturaviva.org\/es\/wp-json\/wp\/v2\/country-municipality?post=23927"}],"curies":[{"name":"wp","href":"https:\/\/api.w.org\/{rel}","templated":true}]}}