{"id":23822,"date":"2021-05-10T19:50:36","date_gmt":"2021-05-10T22:50:36","guid":{"rendered":"https:\/\/iberculturaviva.org\/?p=23822"},"modified":"2021-05-10T19:58:26","modified_gmt":"2021-05-10T22:58:26","slug":"el-ayuntamiento-de-xalapa-ingresa-en-la-red-ibercultura-viva-de-ciudades-y-gobiernos-locales","status":"publish","type":"post","link":"https:\/\/iberculturaviva.org\/es\/el-ayuntamiento-de-xalapa-ingresa-en-la-red-ibercultura-viva-de-ciudades-y-gobiernos-locales\/","title":{"rendered":"El Ayuntamiento de Xalapa ingresa en la Red IberCultura Viva de Ciudades y Gobiernos Locales"},"content":{"rendered":"<p style=\"text-align: justify;\"><span style=\"font-weight: 400;\">El Ayuntamiento de Xalapa (estado de Veracruz, M\u00e9xico) es el nuevo integrante de la Red IberCultura Viva de Ciudades y Gobiernos Locales. La carta de adhesi\u00f3n fue firmada el 30 de abril por el presidente municipal, Pedro Hipolito Rodr\u00edguez Herrero, y enviada al programa el martes 4 de mayo.<\/span><\/p>\n<p style=\"text-align: justify;\"><span style=\"font-weight: 400;\">El documento manifiesta la intenci\u00f3n del ayuntamiento en ingresar en la red \u00abpara fortalecer las pol\u00edticas p\u00fablicas destinadas a la promoci\u00f3n de proyectos comunitarios en el municipio\u201d y el inter\u00e9s de la administraci\u00f3n en \u201cformar parte de esta red de intercambio y fomentar la comunicaci\u00f3n con nuestros hermanos de los distintos territorios que conforman Iberoam\u00e9rica\u201d. El pr\u00f3ximo paso ser\u00e1 definir cu\u00e1les ser\u00e1n las actividades que el municipio realizar\u00e1 en articulaci\u00f3n con IberCultura Viva.<\/span><\/p>\n<div id=\"attachment_23699\" style=\"width: 650px\" class=\"wp-caption aligncenter\"><a href=\"https:\/\/iberculturaviva.org\/wp-content\/uploads\/2021\/04\/WhatsApp-Image-2021-04-27-at-14.26.24.jpeg\"><img loading=\"lazy\" decoding=\"async\" aria-describedby=\"caption-attachment-23699\" class=\"wp-image-23699 size-large\" src=\"https:\/\/iberculturaviva.org\/wp-content\/uploads\/2021\/04\/WhatsApp-Image-2021-04-27-at-14.26.24-960x539.jpeg\" alt=\"\" width=\"640\" height=\"359\" srcset=\"https:\/\/iberculturaviva.org\/wp-content\/uploads\/2021\/04\/WhatsApp-Image-2021-04-27-at-14.26.24-960x539.jpeg 960w, https:\/\/iberculturaviva.org\/wp-content\/uploads\/2021\/04\/WhatsApp-Image-2021-04-27-at-14.26.24-768x431.jpeg 768w, https:\/\/iberculturaviva.org\/wp-content\/uploads\/2021\/04\/WhatsApp-Image-2021-04-27-at-14.26.24-125x70.jpeg 125w, https:\/\/iberculturaviva.org\/wp-content\/uploads\/2021\/04\/WhatsApp-Image-2021-04-27-at-14.26.24-529x297.jpeg 529w, https:\/\/iberculturaviva.org\/wp-content\/uploads\/2021\/04\/WhatsApp-Image-2021-04-27-at-14.26.24.jpeg 1280w\" sizes=\"auto, (max-width: 640px) 100vw, 640px\" \/><\/a><p id=\"caption-attachment-23699\" class=\"wp-caption-text\">La reuni\u00f3n del 27 de abril, para la presentaci\u00f3n de la red a gobiernos locales de M\u00e9xico<\/p><\/div>\n<p style=\"text-align: justify;\"><span style=\"font-weight: 400;\">Xalapa fue uno de los gobiernos locales que participaron en la reuni\u00f3n virtual del martes 27 de abril, cuando <\/span><span style=\"font-weight: 400;\">Emiliano Fuentes Firmani, secretario t\u00e9cnico de IberCultura Viva, y Valeria L\u00f3pez L\u00f3pez y Lisa Moncada, representantes de la Direcci\u00f3n General de Vinculaci\u00f3n Cultural de la Secretar\u00eda de Cultura de M\u00e9xico, presentaron la Red IberCultura Viva de Ciudades y Gobiernos Locales a representantes de municipios y estados mexicanos. <\/span><span style=\"font-weight: 400;\">Sergio T\u00e9llez Galv\u00e1n, director de Desarrollo Social, fue el representante del Ayuntamiento de Xalapa en este encuentro.<\/span><\/p>\n<p style=\"text-align: justify;\"><span style=\"font-weight: 400;\">Con el ingreso de Xalapa, M\u00e9xico ahora cuenta con cuatro ciudades en la red. Jojutla tambi\u00e9n se incorpor\u00f3 este a\u00f1o. San Lu\u00eds Potos\u00ed y Zapopan son las otras dos municipalidades mexicanas que integran la iniciativa desde 2019.<\/span><\/p>\n<h4><a href=\"https:\/\/iberculturaviva.org\/es\/?page_id=15866&#038;lang=es\"><b>Conoce m\u00e1s sobre la Red IberCultura Viva de Ciudades y Gobiernos Locales<\/b><\/a><\/h4>\n","protected":false},"excerpt":{"rendered":"<p>El Ayuntamiento de Xalapa (estado de Veracruz, M\u00e9xico) es el nuevo integrante de la Red IberCultura Viva de Ciudades y Gobiernos Locales. La carta de adhesi\u00f3n fue firmada el 30 [&hellip;]<\/p>\n","protected":false},"author":2,"featured_media":0,"comment_status":"closed","ping_status":"closed","sticky":false,"template":"","format":"standard","meta":{"_coblocks_attr":"","_coblocks_dimensions":"","_coblocks_responsive_height":"","_coblocks_accordion_ie_support":"","_EventAllDay":false,"_EventTimezone":"","_EventStartDate":"","_EventEndDate":"","_EventStartDateUTC":"","_EventEndDateUTC":"","_EventShowMap":false,"_EventShowMapLink":false,"_EventURL":"","_EventCost":"","_EventCostDescription":"","_EventCurrencySymbol":"","_EventCurrencyCode":"","_EventCurrencyPosition":"","_EventDateTimeSeparator":"","_EventTimeRangeSeparator":"","_EventOrganizerID":[],"_EventVenueID":[],"_OrganizerEmail":"","_OrganizerPhone":"","_OrganizerWebsite":"","_VenueAddress":"","_VenueCity":"","_VenueCountry":"","_VenueProvince":"","_VenueState":"","_VenueZip":"","_VenuePhone":"","_VenueURL":"","_VenueStateProvince":"","_VenueLat":"","_VenueLng":"","_VenueShowMap":false,"_VenueShowMapLink":false,"footnotes":""},"categories":[262],"tags":[289,264,298],"country-municipality":[],"class_list":["post-23822","post","type-post","status-publish","format-standard","hentry","category-noticias-es","tag-gobiernos-locales-2","tag-mexico-2","tag-red-de-ciudades-2"],"yoast_head":"<!-- This site is optimized with the Yoast SEO plugin v25.7 - https:\/\/yoast.com\/wordpress\/plugins\/seo\/ -->\n<title>El Ayuntamiento de Xalapa ingresa en la Red IberCultura Viva de Ciudades y Gobiernos Locales - IberCultura Viva<\/title>\n<meta name=\"description\" content=\"El Ayuntamiento de Xalapa ingresa en la Red IberCultura Viva de Ciudades y Gobiernos Locales - IberCultura Viva\" \/>\n<meta name=\"robots\" content=\"index, follow, max-snippet:-1, max-image-preview:large, max-video-preview:-1\" \/>\n<link rel=\"canonical\" href=\"https:\/\/iberculturaviva.org\/es\/el-ayuntamiento-de-xalapa-ingresa-en-la-red-ibercultura-viva-de-ciudades-y-gobiernos-locales\/\" \/>\n<meta property=\"og:locale\" content=\"es_ES\" \/>\n<meta property=\"og:type\" content=\"article\" \/>\n<meta property=\"og:title\" content=\"El Ayuntamiento de Xalapa ingresa en la Red IberCultura Viva de Ciudades y Gobiernos Locales - IberCultura Viva\" \/>\n<meta property=\"og:description\" content=\"El Ayuntamiento de Xalapa ingresa en la Red IberCultura Viva de Ciudades y Gobiernos Locales - IberCultura Viva\" \/>\n<meta property=\"og:url\" content=\"https:\/\/iberculturaviva.org\/es\/el-ayuntamiento-de-xalapa-ingresa-en-la-red-ibercultura-viva-de-ciudades-y-gobiernos-locales\/\" \/>\n<meta property=\"og:site_name\" content=\"IberCultura Viva\" \/>\n<meta property=\"article:publisher\" content=\"https:\/\/www.facebook.com\/iberculturaviva\/\" \/>\n<meta property=\"article:published_time\" content=\"2021-05-10T22:50:36+00:00\" \/>\n<meta property=\"article:modified_time\" content=\"2021-05-10T22:58:26+00:00\" \/>\n<meta property=\"og:image\" content=\"https:\/\/iberculturaviva.org\/wp-content\/uploads\/2021\/04\/WhatsApp-Image-2021-04-27-at-14.26.24-960x539.jpeg\" \/>\n<meta name=\"author\" content=\"IberCultura\" \/>\n<meta name=\"twitter:card\" content=\"summary_large_image\" \/>\n<meta name=\"twitter:label1\" content=\"Escrito por\" \/>\n\t<meta name=\"twitter:data1\" content=\"IberCultura\" \/>\n\t<meta name=\"twitter:label2\" content=\"Tiempo de lectura\" \/>\n\t<meta name=\"twitter:data2\" content=\"2 minutos\" \/>\n<script type=\"application\/ld+json\" class=\"yoast-schema-graph\">{\"@context\":\"https:\/\/schema.org\",\"@graph\":[{\"@type\":\"Article\",\"@id\":\"https:\/\/iberculturaviva.org\/es\/el-ayuntamiento-de-xalapa-ingresa-en-la-red-ibercultura-viva-de-ciudades-y-gobiernos-locales\/#article\",\"isPartOf\":{\"@id\":\"https:\/\/iberculturaviva.org\/es\/el-ayuntamiento-de-xalapa-ingresa-en-la-red-ibercultura-viva-de-ciudades-y-gobiernos-locales\/\"},\"author\":{\"name\":\"IberCultura\",\"@id\":\"https:\/\/iberculturaviva.org\/es\/?lang=es\/#\/schema\/person\/5d1313b072cc25536e0431522f740b59\"},\"headline\":\"El Ayuntamiento de Xalapa ingresa en la Red IberCultura Viva de Ciudades y Gobiernos Locales\",\"datePublished\":\"2021-05-10T22:50:36+00:00\",\"dateModified\":\"2021-05-10T22:58:26+00:00\",\"mainEntityOfPage\":{\"@id\":\"https:\/\/iberculturaviva.org\/es\/el-ayuntamiento-de-xalapa-ingresa-en-la-red-ibercultura-viva-de-ciudades-y-gobiernos-locales\/\"},\"wordCount\":321,\"publisher\":{\"@id\":\"https:\/\/iberculturaviva.org\/es\/?lang=es\/#organization\"},\"image\":{\"@id\":\"https:\/\/iberculturaviva.org\/es\/el-ayuntamiento-de-xalapa-ingresa-en-la-red-ibercultura-viva-de-ciudades-y-gobiernos-locales\/#primaryimage\"},\"thumbnailUrl\":\"https:\/\/iberculturaviva.org\/wp-content\/uploads\/2021\/04\/WhatsApp-Image-2021-04-27-at-14.26.24-960x539.jpeg\",\"keywords\":[\"gobiernos locales\",\"M\u00e9xico\",\"Red de Ciudades\"],\"articleSection\":[\"Noticias\"],\"inLanguage\":\"es\"},{\"@type\":\"WebPage\",\"@id\":\"https:\/\/iberculturaviva.org\/es\/el-ayuntamiento-de-xalapa-ingresa-en-la-red-ibercultura-viva-de-ciudades-y-gobiernos-locales\/\",\"url\":\"https:\/\/iberculturaviva.org\/es\/el-ayuntamiento-de-xalapa-ingresa-en-la-red-ibercultura-viva-de-ciudades-y-gobiernos-locales\/\",\"name\":\"El Ayuntamiento de Xalapa ingresa en la Red IberCultura Viva de Ciudades y Gobiernos Locales - IberCultura Viva\",\"isPartOf\":{\"@id\":\"https:\/\/iberculturaviva.org\/es\/?lang=es\/#website\"},\"primaryImageOfPage\":{\"@id\":\"https:\/\/iberculturaviva.org\/es\/el-ayuntamiento-de-xalapa-ingresa-en-la-red-ibercultura-viva-de-ciudades-y-gobiernos-locales\/#primaryimage\"},\"image\":{\"@id\":\"https:\/\/iberculturaviva.org\/es\/el-ayuntamiento-de-xalapa-ingresa-en-la-red-ibercultura-viva-de-ciudades-y-gobiernos-locales\/#primaryimage\"},\"thumbnailUrl\":\"https:\/\/iberculturaviva.org\/wp-content\/uploads\/2021\/04\/WhatsApp-Image-2021-04-27-at-14.26.24-960x539.jpeg\",\"datePublished\":\"2021-05-10T22:50:36+00:00\",\"dateModified\":\"2021-05-10T22:58:26+00:00\",\"description\":\"El Ayuntamiento de Xalapa ingresa en la Red IberCultura Viva de Ciudades y Gobiernos Locales - IberCultura Viva\",\"breadcrumb\":{\"@id\":\"https:\/\/iberculturaviva.org\/es\/el-ayuntamiento-de-xalapa-ingresa-en-la-red-ibercultura-viva-de-ciudades-y-gobiernos-locales\/#breadcrumb\"},\"inLanguage\":\"es\",\"potentialAction\":[{\"@type\":\"ReadAction\",\"target\":[\"https:\/\/iberculturaviva.org\/es\/el-ayuntamiento-de-xalapa-ingresa-en-la-red-ibercultura-viva-de-ciudades-y-gobiernos-locales\/\"]}]},{\"@type\":\"ImageObject\",\"inLanguage\":\"es\",\"@id\":\"https:\/\/iberculturaviva.org\/es\/el-ayuntamiento-de-xalapa-ingresa-en-la-red-ibercultura-viva-de-ciudades-y-gobiernos-locales\/#primaryimage\",\"url\":\"https:\/\/iberculturaviva.org\/wp-content\/uploads\/2021\/04\/WhatsApp-Image-2021-04-27-at-14.26.24-960x539.jpeg\",\"contentUrl\":\"https:\/\/iberculturaviva.org\/wp-content\/uploads\/2021\/04\/WhatsApp-Image-2021-04-27-at-14.26.24-960x539.jpeg\"},{\"@type\":\"BreadcrumbList\",\"@id\":\"https:\/\/iberculturaviva.org\/es\/el-ayuntamiento-de-xalapa-ingresa-en-la-red-ibercultura-viva-de-ciudades-y-gobiernos-locales\/#breadcrumb\",\"itemListElement\":[{\"@type\":\"ListItem\",\"position\":1,\"name\":\"In\u00edcio\",\"item\":\"https:\/\/iberculturaviva.org\/es\/inicio\/\"},{\"@type\":\"ListItem\",\"position\":2,\"name\":\"El Ayuntamiento de Xalapa ingresa en la Red IberCultura Viva de Ciudades y Gobiernos Locales\"}]},{\"@type\":\"WebSite\",\"@id\":\"https:\/\/iberculturaviva.org\/es\/?lang=es\/#website\",\"url\":\"https:\/\/iberculturaviva.org\/es\/?lang=es\/\",\"name\":\"IberCultura Viva\",\"description\":\"Programa de cooperaci\u00f3n cultural\",\"publisher\":{\"@id\":\"https:\/\/iberculturaviva.org\/es\/?lang=es\/#organization\"},\"potentialAction\":[{\"@type\":\"SearchAction\",\"target\":{\"@type\":\"EntryPoint\",\"urlTemplate\":\"https:\/\/iberculturaviva.org\/es\/?lang=es\/?s={search_term_string}\"},\"query-input\":{\"@type\":\"PropertyValueSpecification\",\"valueRequired\":true,\"valueName\":\"search_term_string\"}}],\"inLanguage\":\"es\"},{\"@type\":\"Organization\",\"@id\":\"https:\/\/iberculturaviva.org\/es\/?lang=es\/#organization\",\"name\":\"Iberculturaviva\",\"url\":\"https:\/\/iberculturaviva.org\/es\/?lang=es\/\",\"logo\":{\"@type\":\"ImageObject\",\"inLanguage\":\"es\",\"@id\":\"https:\/\/iberculturaviva.org\/es\/?lang=es\/#\/schema\/logo\/image\/\",\"url\":\"https:\/\/iberculturaviva.org\/wp-content\/uploads\/2021\/08\/logo_ibercultura_viva.jpg\",\"contentUrl\":\"https:\/\/iberculturaviva.org\/wp-content\/uploads\/2021\/08\/logo_ibercultura_viva.jpg\",\"width\":708,\"height\":223,\"caption\":\"Iberculturaviva\"},\"image\":{\"@id\":\"https:\/\/iberculturaviva.org\/es\/?lang=es\/#\/schema\/logo\/image\/\"},\"sameAs\":[\"https:\/\/www.facebook.com\/iberculturaviva\/\",\"https:\/\/www.instagram.com\/iberculturaviva\/\",\"https:\/\/www.youtube.com\/iberculturaviva\"]},{\"@type\":\"Person\",\"@id\":\"https:\/\/iberculturaviva.org\/es\/?lang=es\/#\/schema\/person\/5d1313b072cc25536e0431522f740b59\",\"name\":\"IberCultura\",\"image\":{\"@type\":\"ImageObject\",\"inLanguage\":\"es\",\"@id\":\"https:\/\/iberculturaviva.org\/es\/?lang=es\/#\/schema\/person\/image\/\",\"url\":\"https:\/\/secure.gravatar.com\/avatar\/79f1a057cb125cbefb3765d0356d52fc7f3bba3a35e2cf22bc4de090bb7aef70?s=96&d=mm&r=g\",\"contentUrl\":\"https:\/\/secure.gravatar.com\/avatar\/79f1a057cb125cbefb3765d0356d52fc7f3bba3a35e2cf22bc4de090bb7aef70?s=96&d=mm&r=g\",\"caption\":\"IberCultura\"}}]}<\/script>\n<!-- \/ Yoast SEO plugin. -->","yoast_head_json":{"title":"El Ayuntamiento de Xalapa ingresa en la Red IberCultura Viva de Ciudades y Gobiernos Locales - IberCultura Viva","description":"El Ayuntamiento de Xalapa ingresa en la Red IberCultura Viva de Ciudades y Gobiernos Locales - IberCultura Viva","robots":{"index":"index","follow":"follow","max-snippet":"max-snippet:-1","max-image-preview":"max-image-preview:large","max-video-preview":"max-video-preview:-1"},"canonical":"https:\/\/iberculturaviva.org\/es\/el-ayuntamiento-de-xalapa-ingresa-en-la-red-ibercultura-viva-de-ciudades-y-gobiernos-locales\/","og_locale":"es_ES","og_type":"article","og_title":"El Ayuntamiento de Xalapa ingresa en la Red IberCultura Viva de Ciudades y Gobiernos Locales - IberCultura Viva","og_description":"El Ayuntamiento de Xalapa ingresa en la Red IberCultura Viva de Ciudades y Gobiernos Locales - IberCultura Viva","og_url":"https:\/\/iberculturaviva.org\/es\/el-ayuntamiento-de-xalapa-ingresa-en-la-red-ibercultura-viva-de-ciudades-y-gobiernos-locales\/","og_site_name":"IberCultura Viva","article_publisher":"https:\/\/www.facebook.com\/iberculturaviva\/","article_published_time":"2021-05-10T22:50:36+00:00","article_modified_time":"2021-05-10T22:58:26+00:00","og_image":[{"url":"https:\/\/iberculturaviva.org\/wp-content\/uploads\/2021\/04\/WhatsApp-Image-2021-04-27-at-14.26.24-960x539.jpeg","type":"","width":"","height":""}],"author":"IberCultura","twitter_card":"summary_large_image","twitter_misc":{"Escrito por":"IberCultura","Tiempo de lectura":"2 minutos"},"schema":{"@context":"https:\/\/schema.org","@graph":[{"@type":"Article","@id":"https:\/\/iberculturaviva.org\/es\/el-ayuntamiento-de-xalapa-ingresa-en-la-red-ibercultura-viva-de-ciudades-y-gobiernos-locales\/#article","isPartOf":{"@id":"https:\/\/iberculturaviva.org\/es\/el-ayuntamiento-de-xalapa-ingresa-en-la-red-ibercultura-viva-de-ciudades-y-gobiernos-locales\/"},"author":{"name":"IberCultura","@id":"https:\/\/iberculturaviva.org\/es\/?lang=es\/#\/schema\/person\/5d1313b072cc25536e0431522f740b59"},"headline":"El Ayuntamiento de Xalapa ingresa en la Red IberCultura Viva de Ciudades y Gobiernos Locales","datePublished":"2021-05-10T22:50:36+00:00","dateModified":"2021-05-10T22:58:26+00:00","mainEntityOfPage":{"@id":"https:\/\/iberculturaviva.org\/es\/el-ayuntamiento-de-xalapa-ingresa-en-la-red-ibercultura-viva-de-ciudades-y-gobiernos-locales\/"},"wordCount":321,"publisher":{"@id":"https:\/\/iberculturaviva.org\/es\/?lang=es\/#organization"},"image":{"@id":"https:\/\/iberculturaviva.org\/es\/el-ayuntamiento-de-xalapa-ingresa-en-la-red-ibercultura-viva-de-ciudades-y-gobiernos-locales\/#primaryimage"},"thumbnailUrl":"https:\/\/iberculturaviva.org\/wp-content\/uploads\/2021\/04\/WhatsApp-Image-2021-04-27-at-14.26.24-960x539.jpeg","keywords":["gobiernos locales","M\u00e9xico","Red de Ciudades"],"articleSection":["Noticias"],"inLanguage":"es"},{"@type":"WebPage","@id":"https:\/\/iberculturaviva.org\/es\/el-ayuntamiento-de-xalapa-ingresa-en-la-red-ibercultura-viva-de-ciudades-y-gobiernos-locales\/","url":"https:\/\/iberculturaviva.org\/es\/el-ayuntamiento-de-xalapa-ingresa-en-la-red-ibercultura-viva-de-ciudades-y-gobiernos-locales\/","name":"El Ayuntamiento de Xalapa ingresa en la Red IberCultura Viva de Ciudades y Gobiernos Locales - IberCultura Viva","isPartOf":{"@id":"https:\/\/iberculturaviva.org\/es\/?lang=es\/#website"},"primaryImageOfPage":{"@id":"https:\/\/iberculturaviva.org\/es\/el-ayuntamiento-de-xalapa-ingresa-en-la-red-ibercultura-viva-de-ciudades-y-gobiernos-locales\/#primaryimage"},"image":{"@id":"https:\/\/iberculturaviva.org\/es\/el-ayuntamiento-de-xalapa-ingresa-en-la-red-ibercultura-viva-de-ciudades-y-gobiernos-locales\/#primaryimage"},"thumbnailUrl":"https:\/\/iberculturaviva.org\/wp-content\/uploads\/2021\/04\/WhatsApp-Image-2021-04-27-at-14.26.24-960x539.jpeg","datePublished":"2021-05-10T22:50:36+00:00","dateModified":"2021-05-10T22:58:26+00:00","description":"El Ayuntamiento de Xalapa ingresa en la Red IberCultura Viva de Ciudades y Gobiernos Locales - IberCultura Viva","breadcrumb":{"@id":"https:\/\/iberculturaviva.org\/es\/el-ayuntamiento-de-xalapa-ingresa-en-la-red-ibercultura-viva-de-ciudades-y-gobiernos-locales\/#breadcrumb"},"inLanguage":"es","potentialAction":[{"@type":"ReadAction","target":["https:\/\/iberculturaviva.org\/es\/el-ayuntamiento-de-xalapa-ingresa-en-la-red-ibercultura-viva-de-ciudades-y-gobiernos-locales\/"]}]},{"@type":"ImageObject","inLanguage":"es","@id":"https:\/\/iberculturaviva.org\/es\/el-ayuntamiento-de-xalapa-ingresa-en-la-red-ibercultura-viva-de-ciudades-y-gobiernos-locales\/#primaryimage","url":"https:\/\/iberculturaviva.org\/wp-content\/uploads\/2021\/04\/WhatsApp-Image-2021-04-27-at-14.26.24-960x539.jpeg","contentUrl":"https:\/\/iberculturaviva.org\/wp-content\/uploads\/2021\/04\/WhatsApp-Image-2021-04-27-at-14.26.24-960x539.jpeg"},{"@type":"BreadcrumbList","@id":"https:\/\/iberculturaviva.org\/es\/el-ayuntamiento-de-xalapa-ingresa-en-la-red-ibercultura-viva-de-ciudades-y-gobiernos-locales\/#breadcrumb","itemListElement":[{"@type":"ListItem","position":1,"name":"In\u00edcio","item":"https:\/\/iberculturaviva.org\/es\/inicio\/"},{"@type":"ListItem","position":2,"name":"El Ayuntamiento de Xalapa ingresa en la Red IberCultura Viva de Ciudades y Gobiernos Locales"}]},{"@type":"WebSite","@id":"https:\/\/iberculturaviva.org\/es\/?lang=es\/#website","url":"https:\/\/iberculturaviva.org\/es\/?lang=es\/","name":"IberCultura Viva","description":"Programa de cooperaci\u00f3n cultural","publisher":{"@id":"https:\/\/iberculturaviva.org\/es\/?lang=es\/#organization"},"potentialAction":[{"@type":"SearchAction","target":{"@type":"EntryPoint","urlTemplate":"https:\/\/iberculturaviva.org\/es\/?lang=es\/?s={search_term_string}"},"query-input":{"@type":"PropertyValueSpecification","valueRequired":true,"valueName":"search_term_string"}}],"inLanguage":"es"},{"@type":"Organization","@id":"https:\/\/iberculturaviva.org\/es\/?lang=es\/#organization","name":"Iberculturaviva","url":"https:\/\/iberculturaviva.org\/es\/?lang=es\/","logo":{"@type":"ImageObject","inLanguage":"es","@id":"https:\/\/iberculturaviva.org\/es\/?lang=es\/#\/schema\/logo\/image\/","url":"https:\/\/iberculturaviva.org\/wp-content\/uploads\/2021\/08\/logo_ibercultura_viva.jpg","contentUrl":"https:\/\/iberculturaviva.org\/wp-content\/uploads\/2021\/08\/logo_ibercultura_viva.jpg","width":708,"height":223,"caption":"Iberculturaviva"},"image":{"@id":"https:\/\/iberculturaviva.org\/es\/?lang=es\/#\/schema\/logo\/image\/"},"sameAs":["https:\/\/www.facebook.com\/iberculturaviva\/","https:\/\/www.instagram.com\/iberculturaviva\/","https:\/\/www.youtube.com\/iberculturaviva"]},{"@type":"Person","@id":"https:\/\/iberculturaviva.org\/es\/?lang=es\/#\/schema\/person\/5d1313b072cc25536e0431522f740b59","name":"IberCultura","image":{"@type":"ImageObject","inLanguage":"es","@id":"https:\/\/iberculturaviva.org\/es\/?lang=es\/#\/schema\/person\/image\/","url":"https:\/\/secure.gravatar.com\/avatar\/79f1a057cb125cbefb3765d0356d52fc7f3bba3a35e2cf22bc4de090bb7aef70?s=96&d=mm&r=g","contentUrl":"https:\/\/secure.gravatar.com\/avatar\/79f1a057cb125cbefb3765d0356d52fc7f3bba3a35e2cf22bc4de090bb7aef70?s=96&d=mm&r=g","caption":"IberCultura"}}]}},"main_category":{"link":"https:\/\/iberculturaviva.org\/es\/category\/noticias-es\/","name":"Noticias","slug":"noticias-es"},"_links":{"self":[{"href":"https:\/\/iberculturaviva.org\/es\/wp-json\/wp\/v2\/posts\/23822","targetHints":{"allow":["GET"]}}],"collection":[{"href":"https:\/\/iberculturaviva.org\/es\/wp-json\/wp\/v2\/posts"}],"about":[{"href":"https:\/\/iberculturaviva.org\/es\/wp-json\/wp\/v2\/types\/post"}],"author":[{"embeddable":true,"href":"https:\/\/iberculturaviva.org\/es\/wp-json\/wp\/v2\/users\/2"}],"replies":[{"embeddable":true,"href":"https:\/\/iberculturaviva.org\/es\/wp-json\/wp\/v2\/comments?post=23822"}],"version-history":[{"count":1,"href":"https:\/\/iberculturaviva.org\/es\/wp-json\/wp\/v2\/posts\/23822\/revisions"}],"predecessor-version":[{"id":23823,"href":"https:\/\/iberculturaviva.org\/es\/wp-json\/wp\/v2\/posts\/23822\/revisions\/23823"}],"wp:attachment":[{"href":"https:\/\/iberculturaviva.org\/es\/wp-json\/wp\/v2\/media?parent=23822"}],"wp:term":[{"taxonomy":"category","embeddable":true,"href":"https:\/\/iberculturaviva.org\/es\/wp-json\/wp\/v2\/categories?post=23822"},{"taxonomy":"post_tag","embeddable":true,"href":"https:\/\/iberculturaviva.org\/es\/wp-json\/wp\/v2\/tags?post=23822"},{"taxonomy":"country-municipality","embeddable":true,"href":"https:\/\/iberculturaviva.org\/es\/wp-json\/wp\/v2\/country-municipality?post=23822"}],"curies":[{"name":"wp","href":"https:\/\/api.w.org\/{rel}","templated":true}]}}