{"id":23359,"date":"2021-03-26T17:38:45","date_gmt":"2021-03-26T20:38:45","guid":{"rendered":"https:\/\/iberculturaviva.org\/?p=23359"},"modified":"2021-04-19T20:55:42","modified_gmt":"2021-04-19T23:55:42","slug":"convocatoria-de-becas-2021-conoce-las-88-personas-seleccionadas-para-la-cuarta-cohorte-del-curso-de-flacso","status":"publish","type":"post","link":"https:\/\/iberculturaviva.org\/es\/convocatoria-de-becas-2021-conoce-las-88-personas-seleccionadas-para-la-cuarta-cohorte-del-curso-de-flacso\/","title":{"rendered":"Convocatoria de becas 2021: conoce las 88 personas seleccionadas para la cuarta cohorte del curso de FLACSO"},"content":{"rendered":"<p style=\"text-align: justify;\"><span style=\"font-weight: 400;\">El programa IberCultura Viva public\u00f3 este viernes 26 de marzo la <a href=\"https:\/\/iberculturaviva.org\/wp-content\/uploads\/2021\/03\/INFORMACI\u00d3N-A-LOS-INTERESADOS-III-Becas-Curso-de-Posgrado-FLACSO-2021.pdf\" target=\"_blank\" rel=\"noopener noreferrer\">lista de personas que recibir\u00e1n becas<\/a> para participar de la cuarta cohorte del Curso de Posgrado Internacional en Pol\u00edticas Culturales de Base Comunitaria, que se realizar\u00e1 en el campus virtual de FLACSO-Argentina a partir del 22 de abril. Las 88 becas otorgadas por el programa fueron repartidas entre los 11 pa\u00edses miembros del Consejo Intergubernamental.\u00a0<\/span><\/p>\n<p style=\"text-align: justify;\"><span style=\"font-weight: 400;\">Esta convocatoria tuvo inscripciones abiertas entre el 22 de diciembre de 2020 y el 1\u00ba de febrero de 2021. Del total de 502 postulaciones recibidas, fueron habilitadas 486. Las candidaturas que obtuvieron las mayores puntuaciones en cada pa\u00eds -conforme los criterios establecidos en el reglamento- fueron las seleccionadas para recibir las becas. La clasificaci\u00f3n final tambi\u00e9n consider\u00f3 que al menos el 50% de las personas seleccionadas deber\u00edan ser mujeres. Personas pertenecientes a pueblos originarios o afrodescendientes recibieron un punto extra en la evaluaci\u00f3n.\u00a0<\/span><\/p>\n<p style=\"text-align: justify;\"><span style=\"font-weight: 400;\">El n\u00famero de cupos que estaba previsto inicialmente era de ocho por pa\u00eds; c\u00f3mo Uruguay no present\u00f3 esta cantidad de candidaturas habilitadas, los tres cupos restantes fueron distribuidos entre los pa\u00edses con mayor n\u00famero de inscritos: Colombia, Per\u00fa y Brasil.\u00a0<\/span><\/p>\n<p style=\"text-align: justify;\"><span style=\"font-weight: 400;\">Las 88 personas seleccionadas recibir\u00e1n un correo electr\u00f3nico de FLACSO con los pasos a seguir para efectivizar la beca y completar la inscripci\u00f3n en el curso de posgrado. Estas personas recibir\u00e1n una beca integral y no tendr\u00e1n que pagar por el cursado, siempre y cuando cumplan con las evaluaciones parciales y presenten el trabajo final. Aquellas que no hayan sido seleccionadas en la convocatoria y tengan inter\u00e9s en cursar este posgrado pueden inscribirse abonando la matr\u00edcula directamente en <\/span><a href=\"https:\/\/flacso.org.ar\/formacion-academica\/posgrado-internacional-en-politicas-culturales-de-base-comunitaria\/\" target=\"_blank\" rel=\"noopener noreferrer\"><span style=\"font-weight: 400;\">FLACSO Argentina<\/span><\/a><span style=\"font-weight: 400;\">.<\/span><\/p>\n<p>\u00a0<\/p>\n<h4><b>El curso<\/b><\/h4>\n<p style=\"text-align: justify;\"><span style=\"font-weight: 400;\">El Curso de Posgrado Internacional en Pol\u00edticas Culturales de Base Comunitaria 2021 se realiza de manera virtual durante nueve meses, de abril a diciembre, junto a la Facultad Latinoamericana de Ciencias Sociales (FLACSO-Argentina). Las clases son impartidas en espa\u00f1ol, excepto aquellas a cargo de profesores brasile\u00f1os, que se dictan en portugu\u00e9s y tienen traducci\u00f3n al espa\u00f1ol.<\/span><\/p>\n<p style=\"text-align: justify;\"><span style=\"font-weight: 400;\">Los contenidos est\u00e1n distribuidos en seis m\u00f3dulos y 24 clases. Las clases se publican una vez por semana -con una semana de receso al finalizar cada m\u00f3dulo- y se abre un foro por cada clase publicada generando un espacio de debate e intercambio de ideas y experiencias en torno a los temas tratados.<\/span><\/p>\n<p style=\"text-align: justify;\"><span style=\"font-weight: 400;\">Para cumplir con los objetivos del curso se debe realizar un parcial escrito sobre los tres primeros m\u00f3dulos y un trabajo final integrador que consiste en dise\u00f1ar y planificar un proyecto cultural comunitario o una pol\u00edtica cultural p\u00fablica de base comunitaria. Los trabajos pueden ser entregados en la lengua nativa (espa\u00f1ol o portugu\u00e9s).<\/span><\/p>\n<h4><a href=\"https:\/\/www.flacso.org.ar\/wp-content\/uploads\/2017\/11\/Posgrado-Internacional-en-Pol%C3%ADticas-Culturales-de-Base-Comunitaria.pdf\" target=\"_blank\" rel=\"noopener noreferrer\"><b>Conoce m\u00e1s sobre el curso<\/b><\/a><\/h4>\n<h4>\u00a0<\/h4>\n<h4><b>Revisa la lista de personas seleccionadas en la convocatoria<\/b><span style=\"font-weight: 400;\">:<\/span><\/h4>\n<p><a href=\"https:\/\/iberculturaviva.org\/wp-content\/uploads\/2021\/03\/INFORMACI\u00d3N-A-LOS-INTERESADOS-III-Becas-Curso-de-Posgrado-FLACSO-2021.pdf\" target=\"_blank\" rel=\"noopener noreferrer\"><span style=\"font-weight: 400;\">Informaci\u00f3n a las personas interesadas III: Etapa de evaluaci\u00f3n &#8211; Convocatoria a Becas para el Curso de Posgrado Internacional en Pol\u00edticas Culturales de Base Comunitaria &#8211; Resultado<\/span><\/a><\/p>\n<p>\u00a0<\/p>\n<p>\u00a0<\/p>\n\n\n<p><strong>Lea tambi\u00e9n:<\/strong><\/p>\n\n\n\n<p><a href=\"https:\/\/iberculturaviva.org\/convocatoria-de-becas-2021-481-postulaciones-fueron-habilitadas-plazo-de-recursos-cierra-el-miercoles-17\/?lang=es\" target=\"_blank\" rel=\"noreferrer noopener\">Convocatoria de Becas 2021: 486 postulaciones fueron habilitadas; plazo de recursos cerr\u00f3 el 17 de febrero<\/a><\/p>\n\n\n\n<p><a href=\"https:\/\/iberculturaviva.org\/ibercultura-viva-concedera-88-becas-para-el-posgrado-en-politicas-culturales-de-base-comunitaria\/?lang=es\" target=\"_blank\" rel=\"noreferrer noopener\">IberCultura Viva conceder\u00e1 88 becas para el Curso de Posgrado en Pol\u00edticas Culturales de Base Comunitaria<\/a><\/p>\n","protected":false},"excerpt":{"rendered":"<p>El programa IberCultura Viva public\u00f3 este viernes 26 de marzo la lista de personas que recibir\u00e1n becas para participar de la cuarta cohorte del Curso de Posgrado Internacional en Pol\u00edticas [&hellip;]<\/p>\n","protected":false},"author":2,"featured_media":17134,"comment_status":"closed","ping_status":"closed","sticky":false,"template":"","format":"standard","meta":{"_coblocks_attr":"","_coblocks_dimensions":"","_coblocks_responsive_height":"","_coblocks_accordion_ie_support":"","_EventAllDay":false,"_EventTimezone":"","_EventStartDate":"","_EventEndDate":"","_EventStartDateUTC":"","_EventEndDateUTC":"","_EventShowMap":false,"_EventShowMapLink":false,"_EventURL":"","_EventCost":"","_EventCostDescription":"","_EventCurrencySymbol":"","_EventCurrencyCode":"","_EventCurrencyPosition":"","_EventDateTimeSeparator":"","_EventTimeRangeSeparator":"","_EventOrganizerID":[],"_EventVenueID":[],"_OrganizerEmail":"","_OrganizerPhone":"","_OrganizerWebsite":"","_VenueAddress":"","_VenueCity":"","_VenueCountry":"","_VenueProvince":"","_VenueState":"","_VenueZip":"","_VenuePhone":"","_VenueURL":"","_VenueStateProvince":"","_VenueLat":"","_VenueLng":"","_VenueShowMap":false,"_VenueShowMapLink":false,"footnotes":""},"categories":[250,254,262],"tags":[292,258,257,260,259],"country-municipality":[],"class_list":["post-23359","post","type-post","status-publish","format-standard","has-post-thumbnail","hentry","category-convocatorias","category-destaque-es","category-noticias-es","tag-convocatoria-2","tag-curso-2","tag-flacso-2","tag-formacion-2","tag-posgrado-2"],"yoast_head":"<!-- This site is optimized with the Yoast SEO plugin v25.7 - https:\/\/yoast.com\/wordpress\/plugins\/seo\/ -->\n<title>Convocatoria de becas 2021: conoce las 88 personas seleccionadas para la cuarta cohorte del curso de FLACSO - IberCultura Viva<\/title>\n<meta name=\"description\" content=\"Convocatoria de becas 2021: conoce las 88 personas seleccionadas para la cuarta cohorte del curso de FLACSO - IberCultura Viva\" \/>\n<meta name=\"robots\" content=\"index, follow, max-snippet:-1, max-image-preview:large, max-video-preview:-1\" \/>\n<link rel=\"canonical\" href=\"https:\/\/iberculturaviva.org\/es\/convocatoria-de-becas-2021-conoce-las-88-personas-seleccionadas-para-la-cuarta-cohorte-del-curso-de-flacso\/\" \/>\n<meta property=\"og:locale\" content=\"es_ES\" \/>\n<meta property=\"og:type\" content=\"article\" \/>\n<meta property=\"og:title\" content=\"Convocatoria de becas 2021: conoce las 88 personas seleccionadas para la cuarta cohorte del curso de FLACSO - IberCultura Viva\" \/>\n<meta property=\"og:description\" content=\"Convocatoria de becas 2021: conoce las 88 personas seleccionadas para la cuarta cohorte del curso de FLACSO - IberCultura Viva\" \/>\n<meta property=\"og:url\" content=\"https:\/\/iberculturaviva.org\/es\/convocatoria-de-becas-2021-conoce-las-88-personas-seleccionadas-para-la-cuarta-cohorte-del-curso-de-flacso\/\" \/>\n<meta property=\"og:site_name\" content=\"IberCultura Viva\" \/>\n<meta property=\"article:publisher\" content=\"https:\/\/www.facebook.com\/iberculturaviva\/\" \/>\n<meta property=\"article:published_time\" content=\"2021-03-26T20:38:45+00:00\" \/>\n<meta property=\"article:modified_time\" content=\"2021-04-19T23:55:42+00:00\" \/>\n<meta property=\"og:image\" content=\"https:\/\/iberculturaviva.org\/wp-content\/uploads\/2015\/08\/8751863216_b4e93d9554_b.jpg\" \/>\n\t<meta property=\"og:image:width\" content=\"1000\" \/>\n\t<meta property=\"og:image:height\" content=\"662\" \/>\n\t<meta property=\"og:image:type\" content=\"image\/jpeg\" \/>\n<meta name=\"author\" content=\"IberCultura\" \/>\n<meta name=\"twitter:card\" content=\"summary_large_image\" \/>\n<meta name=\"twitter:label1\" content=\"Escrito por\" \/>\n\t<meta name=\"twitter:data1\" content=\"IberCultura\" \/>\n\t<meta name=\"twitter:label2\" content=\"Tiempo de lectura\" \/>\n\t<meta name=\"twitter:data2\" content=\"3 minutos\" \/>\n<script type=\"application\/ld+json\" class=\"yoast-schema-graph\">{\"@context\":\"https:\/\/schema.org\",\"@graph\":[{\"@type\":\"Article\",\"@id\":\"https:\/\/iberculturaviva.org\/es\/convocatoria-de-becas-2021-conoce-las-88-personas-seleccionadas-para-la-cuarta-cohorte-del-curso-de-flacso\/#article\",\"isPartOf\":{\"@id\":\"https:\/\/iberculturaviva.org\/es\/convocatoria-de-becas-2021-conoce-las-88-personas-seleccionadas-para-la-cuarta-cohorte-del-curso-de-flacso\/\"},\"author\":{\"name\":\"IberCultura\",\"@id\":\"https:\/\/iberculturaviva.org\/es\/?lang=es\/#\/schema\/person\/5d1313b072cc25536e0431522f740b59\"},\"headline\":\"Convocatoria de becas 2021: conoce las 88 personas seleccionadas para la cuarta cohorte del curso de FLACSO\",\"datePublished\":\"2021-03-26T20:38:45+00:00\",\"dateModified\":\"2021-04-19T23:55:42+00:00\",\"mainEntityOfPage\":{\"@id\":\"https:\/\/iberculturaviva.org\/es\/convocatoria-de-becas-2021-conoce-las-88-personas-seleccionadas-para-la-cuarta-cohorte-del-curso-de-flacso\/\"},\"wordCount\":546,\"publisher\":{\"@id\":\"https:\/\/iberculturaviva.org\/es\/?lang=es\/#organization\"},\"image\":{\"@id\":\"https:\/\/iberculturaviva.org\/es\/convocatoria-de-becas-2021-conoce-las-88-personas-seleccionadas-para-la-cuarta-cohorte-del-curso-de-flacso\/#primaryimage\"},\"thumbnailUrl\":\"https:\/\/iberculturaviva.org\/wp-content\/uploads\/2015\/08\/8751863216_b4e93d9554_b.jpg\",\"keywords\":[\"convocatoria\",\"curso\",\"FLACSO\",\"formaci\u00f3n\",\"posgrado\"],\"articleSection\":[\"Convocatorias\",\"Destaque\",\"Noticias\"],\"inLanguage\":\"es\"},{\"@type\":\"WebPage\",\"@id\":\"https:\/\/iberculturaviva.org\/es\/convocatoria-de-becas-2021-conoce-las-88-personas-seleccionadas-para-la-cuarta-cohorte-del-curso-de-flacso\/\",\"url\":\"https:\/\/iberculturaviva.org\/es\/convocatoria-de-becas-2021-conoce-las-88-personas-seleccionadas-para-la-cuarta-cohorte-del-curso-de-flacso\/\",\"name\":\"Convocatoria de becas 2021: conoce las 88 personas seleccionadas para la cuarta cohorte del curso de FLACSO - IberCultura Viva\",\"isPartOf\":{\"@id\":\"https:\/\/iberculturaviva.org\/es\/?lang=es\/#website\"},\"primaryImageOfPage\":{\"@id\":\"https:\/\/iberculturaviva.org\/es\/convocatoria-de-becas-2021-conoce-las-88-personas-seleccionadas-para-la-cuarta-cohorte-del-curso-de-flacso\/#primaryimage\"},\"image\":{\"@id\":\"https:\/\/iberculturaviva.org\/es\/convocatoria-de-becas-2021-conoce-las-88-personas-seleccionadas-para-la-cuarta-cohorte-del-curso-de-flacso\/#primaryimage\"},\"thumbnailUrl\":\"https:\/\/iberculturaviva.org\/wp-content\/uploads\/2015\/08\/8751863216_b4e93d9554_b.jpg\",\"datePublished\":\"2021-03-26T20:38:45+00:00\",\"dateModified\":\"2021-04-19T23:55:42+00:00\",\"description\":\"Convocatoria de becas 2021: conoce las 88 personas seleccionadas para la cuarta cohorte del curso de FLACSO - IberCultura Viva\",\"breadcrumb\":{\"@id\":\"https:\/\/iberculturaviva.org\/es\/convocatoria-de-becas-2021-conoce-las-88-personas-seleccionadas-para-la-cuarta-cohorte-del-curso-de-flacso\/#breadcrumb\"},\"inLanguage\":\"es\",\"potentialAction\":[{\"@type\":\"ReadAction\",\"target\":[\"https:\/\/iberculturaviva.org\/es\/convocatoria-de-becas-2021-conoce-las-88-personas-seleccionadas-para-la-cuarta-cohorte-del-curso-de-flacso\/\"]}]},{\"@type\":\"ImageObject\",\"inLanguage\":\"es\",\"@id\":\"https:\/\/iberculturaviva.org\/es\/convocatoria-de-becas-2021-conoce-las-88-personas-seleccionadas-para-la-cuarta-cohorte-del-curso-de-flacso\/#primaryimage\",\"url\":\"https:\/\/iberculturaviva.org\/wp-content\/uploads\/2015\/08\/8751863216_b4e93d9554_b.jpg\",\"contentUrl\":\"https:\/\/iberculturaviva.org\/wp-content\/uploads\/2015\/08\/8751863216_b4e93d9554_b.jpg\",\"width\":1000,\"height\":662},{\"@type\":\"BreadcrumbList\",\"@id\":\"https:\/\/iberculturaviva.org\/es\/convocatoria-de-becas-2021-conoce-las-88-personas-seleccionadas-para-la-cuarta-cohorte-del-curso-de-flacso\/#breadcrumb\",\"itemListElement\":[{\"@type\":\"ListItem\",\"position\":1,\"name\":\"In\u00edcio\",\"item\":\"https:\/\/iberculturaviva.org\/es\/inicio\/\"},{\"@type\":\"ListItem\",\"position\":2,\"name\":\"Convocatoria de becas 2021: conoce las 88 personas seleccionadas para la cuarta cohorte del curso de FLACSO\"}]},{\"@type\":\"WebSite\",\"@id\":\"https:\/\/iberculturaviva.org\/es\/?lang=es\/#website\",\"url\":\"https:\/\/iberculturaviva.org\/es\/?lang=es\/\",\"name\":\"IberCultura Viva\",\"description\":\"Programa de cooperaci\u00f3n cultural\",\"publisher\":{\"@id\":\"https:\/\/iberculturaviva.org\/es\/?lang=es\/#organization\"},\"potentialAction\":[{\"@type\":\"SearchAction\",\"target\":{\"@type\":\"EntryPoint\",\"urlTemplate\":\"https:\/\/iberculturaviva.org\/es\/?lang=es\/?s={search_term_string}\"},\"query-input\":{\"@type\":\"PropertyValueSpecification\",\"valueRequired\":true,\"valueName\":\"search_term_string\"}}],\"inLanguage\":\"es\"},{\"@type\":\"Organization\",\"@id\":\"https:\/\/iberculturaviva.org\/es\/?lang=es\/#organization\",\"name\":\"Iberculturaviva\",\"url\":\"https:\/\/iberculturaviva.org\/es\/?lang=es\/\",\"logo\":{\"@type\":\"ImageObject\",\"inLanguage\":\"es\",\"@id\":\"https:\/\/iberculturaviva.org\/es\/?lang=es\/#\/schema\/logo\/image\/\",\"url\":\"https:\/\/iberculturaviva.org\/wp-content\/uploads\/2021\/08\/logo_ibercultura_viva.jpg\",\"contentUrl\":\"https:\/\/iberculturaviva.org\/wp-content\/uploads\/2021\/08\/logo_ibercultura_viva.jpg\",\"width\":708,\"height\":223,\"caption\":\"Iberculturaviva\"},\"image\":{\"@id\":\"https:\/\/iberculturaviva.org\/es\/?lang=es\/#\/schema\/logo\/image\/\"},\"sameAs\":[\"https:\/\/www.facebook.com\/iberculturaviva\/\",\"https:\/\/www.instagram.com\/iberculturaviva\/\",\"https:\/\/www.youtube.com\/iberculturaviva\"]},{\"@type\":\"Person\",\"@id\":\"https:\/\/iberculturaviva.org\/es\/?lang=es\/#\/schema\/person\/5d1313b072cc25536e0431522f740b59\",\"name\":\"IberCultura\",\"image\":{\"@type\":\"ImageObject\",\"inLanguage\":\"es\",\"@id\":\"https:\/\/iberculturaviva.org\/es\/?lang=es\/#\/schema\/person\/image\/\",\"url\":\"https:\/\/secure.gravatar.com\/avatar\/79f1a057cb125cbefb3765d0356d52fc7f3bba3a35e2cf22bc4de090bb7aef70?s=96&d=mm&r=g\",\"contentUrl\":\"https:\/\/secure.gravatar.com\/avatar\/79f1a057cb125cbefb3765d0356d52fc7f3bba3a35e2cf22bc4de090bb7aef70?s=96&d=mm&r=g\",\"caption\":\"IberCultura\"}}]}<\/script>\n<!-- \/ Yoast SEO plugin. -->","yoast_head_json":{"title":"Convocatoria de becas 2021: conoce las 88 personas seleccionadas para la cuarta cohorte del curso de FLACSO - IberCultura Viva","description":"Convocatoria de becas 2021: conoce las 88 personas seleccionadas para la cuarta cohorte del curso de FLACSO - IberCultura Viva","robots":{"index":"index","follow":"follow","max-snippet":"max-snippet:-1","max-image-preview":"max-image-preview:large","max-video-preview":"max-video-preview:-1"},"canonical":"https:\/\/iberculturaviva.org\/es\/convocatoria-de-becas-2021-conoce-las-88-personas-seleccionadas-para-la-cuarta-cohorte-del-curso-de-flacso\/","og_locale":"es_ES","og_type":"article","og_title":"Convocatoria de becas 2021: conoce las 88 personas seleccionadas para la cuarta cohorte del curso de FLACSO - IberCultura Viva","og_description":"Convocatoria de becas 2021: conoce las 88 personas seleccionadas para la cuarta cohorte del curso de FLACSO - IberCultura Viva","og_url":"https:\/\/iberculturaviva.org\/es\/convocatoria-de-becas-2021-conoce-las-88-personas-seleccionadas-para-la-cuarta-cohorte-del-curso-de-flacso\/","og_site_name":"IberCultura Viva","article_publisher":"https:\/\/www.facebook.com\/iberculturaviva\/","article_published_time":"2021-03-26T20:38:45+00:00","article_modified_time":"2021-04-19T23:55:42+00:00","og_image":[{"width":1000,"height":662,"url":"https:\/\/iberculturaviva.org\/wp-content\/uploads\/2015\/08\/8751863216_b4e93d9554_b.jpg","type":"image\/jpeg"}],"author":"IberCultura","twitter_card":"summary_large_image","twitter_misc":{"Escrito por":"IberCultura","Tiempo de lectura":"3 minutos"},"schema":{"@context":"https:\/\/schema.org","@graph":[{"@type":"Article","@id":"https:\/\/iberculturaviva.org\/es\/convocatoria-de-becas-2021-conoce-las-88-personas-seleccionadas-para-la-cuarta-cohorte-del-curso-de-flacso\/#article","isPartOf":{"@id":"https:\/\/iberculturaviva.org\/es\/convocatoria-de-becas-2021-conoce-las-88-personas-seleccionadas-para-la-cuarta-cohorte-del-curso-de-flacso\/"},"author":{"name":"IberCultura","@id":"https:\/\/iberculturaviva.org\/es\/?lang=es\/#\/schema\/person\/5d1313b072cc25536e0431522f740b59"},"headline":"Convocatoria de becas 2021: conoce las 88 personas seleccionadas para la cuarta cohorte del curso de FLACSO","datePublished":"2021-03-26T20:38:45+00:00","dateModified":"2021-04-19T23:55:42+00:00","mainEntityOfPage":{"@id":"https:\/\/iberculturaviva.org\/es\/convocatoria-de-becas-2021-conoce-las-88-personas-seleccionadas-para-la-cuarta-cohorte-del-curso-de-flacso\/"},"wordCount":546,"publisher":{"@id":"https:\/\/iberculturaviva.org\/es\/?lang=es\/#organization"},"image":{"@id":"https:\/\/iberculturaviva.org\/es\/convocatoria-de-becas-2021-conoce-las-88-personas-seleccionadas-para-la-cuarta-cohorte-del-curso-de-flacso\/#primaryimage"},"thumbnailUrl":"https:\/\/iberculturaviva.org\/wp-content\/uploads\/2015\/08\/8751863216_b4e93d9554_b.jpg","keywords":["convocatoria","curso","FLACSO","formaci\u00f3n","posgrado"],"articleSection":["Convocatorias","Destaque","Noticias"],"inLanguage":"es"},{"@type":"WebPage","@id":"https:\/\/iberculturaviva.org\/es\/convocatoria-de-becas-2021-conoce-las-88-personas-seleccionadas-para-la-cuarta-cohorte-del-curso-de-flacso\/","url":"https:\/\/iberculturaviva.org\/es\/convocatoria-de-becas-2021-conoce-las-88-personas-seleccionadas-para-la-cuarta-cohorte-del-curso-de-flacso\/","name":"Convocatoria de becas 2021: conoce las 88 personas seleccionadas para la cuarta cohorte del curso de FLACSO - IberCultura Viva","isPartOf":{"@id":"https:\/\/iberculturaviva.org\/es\/?lang=es\/#website"},"primaryImageOfPage":{"@id":"https:\/\/iberculturaviva.org\/es\/convocatoria-de-becas-2021-conoce-las-88-personas-seleccionadas-para-la-cuarta-cohorte-del-curso-de-flacso\/#primaryimage"},"image":{"@id":"https:\/\/iberculturaviva.org\/es\/convocatoria-de-becas-2021-conoce-las-88-personas-seleccionadas-para-la-cuarta-cohorte-del-curso-de-flacso\/#primaryimage"},"thumbnailUrl":"https:\/\/iberculturaviva.org\/wp-content\/uploads\/2015\/08\/8751863216_b4e93d9554_b.jpg","datePublished":"2021-03-26T20:38:45+00:00","dateModified":"2021-04-19T23:55:42+00:00","description":"Convocatoria de becas 2021: conoce las 88 personas seleccionadas para la cuarta cohorte del curso de FLACSO - IberCultura Viva","breadcrumb":{"@id":"https:\/\/iberculturaviva.org\/es\/convocatoria-de-becas-2021-conoce-las-88-personas-seleccionadas-para-la-cuarta-cohorte-del-curso-de-flacso\/#breadcrumb"},"inLanguage":"es","potentialAction":[{"@type":"ReadAction","target":["https:\/\/iberculturaviva.org\/es\/convocatoria-de-becas-2021-conoce-las-88-personas-seleccionadas-para-la-cuarta-cohorte-del-curso-de-flacso\/"]}]},{"@type":"ImageObject","inLanguage":"es","@id":"https:\/\/iberculturaviva.org\/es\/convocatoria-de-becas-2021-conoce-las-88-personas-seleccionadas-para-la-cuarta-cohorte-del-curso-de-flacso\/#primaryimage","url":"https:\/\/iberculturaviva.org\/wp-content\/uploads\/2015\/08\/8751863216_b4e93d9554_b.jpg","contentUrl":"https:\/\/iberculturaviva.org\/wp-content\/uploads\/2015\/08\/8751863216_b4e93d9554_b.jpg","width":1000,"height":662},{"@type":"BreadcrumbList","@id":"https:\/\/iberculturaviva.org\/es\/convocatoria-de-becas-2021-conoce-las-88-personas-seleccionadas-para-la-cuarta-cohorte-del-curso-de-flacso\/#breadcrumb","itemListElement":[{"@type":"ListItem","position":1,"name":"In\u00edcio","item":"https:\/\/iberculturaviva.org\/es\/inicio\/"},{"@type":"ListItem","position":2,"name":"Convocatoria de becas 2021: conoce las 88 personas seleccionadas para la cuarta cohorte del curso de FLACSO"}]},{"@type":"WebSite","@id":"https:\/\/iberculturaviva.org\/es\/?lang=es\/#website","url":"https:\/\/iberculturaviva.org\/es\/?lang=es\/","name":"IberCultura Viva","description":"Programa de cooperaci\u00f3n cultural","publisher":{"@id":"https:\/\/iberculturaviva.org\/es\/?lang=es\/#organization"},"potentialAction":[{"@type":"SearchAction","target":{"@type":"EntryPoint","urlTemplate":"https:\/\/iberculturaviva.org\/es\/?lang=es\/?s={search_term_string}"},"query-input":{"@type":"PropertyValueSpecification","valueRequired":true,"valueName":"search_term_string"}}],"inLanguage":"es"},{"@type":"Organization","@id":"https:\/\/iberculturaviva.org\/es\/?lang=es\/#organization","name":"Iberculturaviva","url":"https:\/\/iberculturaviva.org\/es\/?lang=es\/","logo":{"@type":"ImageObject","inLanguage":"es","@id":"https:\/\/iberculturaviva.org\/es\/?lang=es\/#\/schema\/logo\/image\/","url":"https:\/\/iberculturaviva.org\/wp-content\/uploads\/2021\/08\/logo_ibercultura_viva.jpg","contentUrl":"https:\/\/iberculturaviva.org\/wp-content\/uploads\/2021\/08\/logo_ibercultura_viva.jpg","width":708,"height":223,"caption":"Iberculturaviva"},"image":{"@id":"https:\/\/iberculturaviva.org\/es\/?lang=es\/#\/schema\/logo\/image\/"},"sameAs":["https:\/\/www.facebook.com\/iberculturaviva\/","https:\/\/www.instagram.com\/iberculturaviva\/","https:\/\/www.youtube.com\/iberculturaviva"]},{"@type":"Person","@id":"https:\/\/iberculturaviva.org\/es\/?lang=es\/#\/schema\/person\/5d1313b072cc25536e0431522f740b59","name":"IberCultura","image":{"@type":"ImageObject","inLanguage":"es","@id":"https:\/\/iberculturaviva.org\/es\/?lang=es\/#\/schema\/person\/image\/","url":"https:\/\/secure.gravatar.com\/avatar\/79f1a057cb125cbefb3765d0356d52fc7f3bba3a35e2cf22bc4de090bb7aef70?s=96&d=mm&r=g","contentUrl":"https:\/\/secure.gravatar.com\/avatar\/79f1a057cb125cbefb3765d0356d52fc7f3bba3a35e2cf22bc4de090bb7aef70?s=96&d=mm&r=g","caption":"IberCultura"}}]}},"main_category":{"link":"https:\/\/iberculturaviva.org\/es\/category\/convocatorias\/","name":"Convocatorias","slug":"convocatorias"},"_links":{"self":[{"href":"https:\/\/iberculturaviva.org\/es\/wp-json\/wp\/v2\/posts\/23359","targetHints":{"allow":["GET"]}}],"collection":[{"href":"https:\/\/iberculturaviva.org\/es\/wp-json\/wp\/v2\/posts"}],"about":[{"href":"https:\/\/iberculturaviva.org\/es\/wp-json\/wp\/v2\/types\/post"}],"author":[{"embeddable":true,"href":"https:\/\/iberculturaviva.org\/es\/wp-json\/wp\/v2\/users\/2"}],"replies":[{"embeddable":true,"href":"https:\/\/iberculturaviva.org\/es\/wp-json\/wp\/v2\/comments?post=23359"}],"version-history":[{"count":5,"href":"https:\/\/iberculturaviva.org\/es\/wp-json\/wp\/v2\/posts\/23359\/revisions"}],"predecessor-version":[{"id":23561,"href":"https:\/\/iberculturaviva.org\/es\/wp-json\/wp\/v2\/posts\/23359\/revisions\/23561"}],"wp:featuredmedia":[{"embeddable":true,"href":"https:\/\/iberculturaviva.org\/es\/wp-json\/wp\/v2\/media\/17134"}],"wp:attachment":[{"href":"https:\/\/iberculturaviva.org\/es\/wp-json\/wp\/v2\/media?parent=23359"}],"wp:term":[{"taxonomy":"category","embeddable":true,"href":"https:\/\/iberculturaviva.org\/es\/wp-json\/wp\/v2\/categories?post=23359"},{"taxonomy":"post_tag","embeddable":true,"href":"https:\/\/iberculturaviva.org\/es\/wp-json\/wp\/v2\/tags?post=23359"},{"taxonomy":"country-municipality","embeddable":true,"href":"https:\/\/iberculturaviva.org\/es\/wp-json\/wp\/v2\/country-municipality?post=23359"}],"curies":[{"name":"wp","href":"https:\/\/api.w.org\/{rel}","templated":true}]}}