{"id":23073,"date":"2021-02-05T16:19:33","date_gmt":"2021-02-05T19:19:33","guid":{"rendered":"https:\/\/iberculturaviva.org\/?p=23073"},"modified":"2021-03-05T13:49:23","modified_gmt":"2021-03-05T16:49:23","slug":"comienza-la-segunda-etapa-de-la-planificacion-estrategica-para-el-periodo-2021-2023","status":"publish","type":"post","link":"https:\/\/iberculturaviva.org\/es\/comienza-la-segunda-etapa-de-la-planificacion-estrategica-para-el-periodo-2021-2023\/","title":{"rendered":"Comienza la segunda etapa de la planificaci\u00f3n estrat\u00e9gica para el per\u00edodo 2021-2023"},"content":{"rendered":"<p style=\"text-align: justify;\"><span style=\"font-weight: 400;\">Este viernes 5 de febrero comenz\u00f3 la segunda etapa de elaboraci\u00f3n del Plan Estrat\u00e9gico Trienal (PET 2021-2023) del programa IberCultura Viva. La comisi\u00f3n especial de trabajo que se conform\u00f3 en octubre de 2020 -y sesion\u00f3 cinco veces en la primera fase de la planificaci\u00f3n, en noviembre y diciembre- retom\u00f3 sus actividades con una reuni\u00f3n por videoconferencia, en la que se discutieron algunos temas de la planificaci\u00f3n t\u00e1ctica para el a\u00f1o 2021 y la din\u00e1mica del proceso de trabajo que se desarrollar\u00e1 entre los meses de febrero y marzo.<\/span><\/p>\n<p style=\"text-align: justify;\"><span style=\"font-weight: 400;\">Participaron del encuentro Esther Hern\u00e1ndez, directora general de Vinculaci\u00f3n Cultural de la Secretar\u00eda de Cultura de M\u00e9xico y presidenta del Consejo Intergubernamental IberCultura Viva; Valeria L\u00f3pez L\u00f3pez, directora de Promoci\u00f3n, Formaci\u00f3n y Desarrollo de la Direcci\u00f3n General de Vinculaci\u00f3n Cultural de la Secretar\u00eda de Cultura de M\u00e9xico; Diego Benhabib, coordinador de Puntos de Cultura del Ministerio de Cultura de Argentina; Iskra Gargurevich, coordinadora de Puntos de Cultura del Ministerio de Cultura del Per\u00fa, y Camilo Tovar, asesor de Asuntos Internacionales y Cooperaci\u00f3n del Ministerio de Cultura de Colombia. Por la Unidad T\u00e9cnica del programa, Emiliano Fuentes Firmani, secretario t\u00e9cnico, y Rosario Lucesole, consultora de proyectos.<\/span><\/p>\n<p style=\"text-align: justify;\"><span style=\"font-weight: 400;\">Otras cinco reuniones virtuales est\u00e1n programadas para realizarse las pr\u00f3ximas semanas, los viernes, hasta el 12 de marzo. La semana que viene, la sesi\u00f3n deber\u00e1 durar tres horas y estar\u00e1 dividida en dos partes. En una de ellas, la Unidad T\u00e9cnica presentar\u00e1 un comparativo de los objetivos, resultados y l\u00edneas de acci\u00f3n del PET 2018-2020 y de la propuesta que se dise\u00f1\u00f3 para el per\u00edodo 2021-2023. Luego de esta presentaci\u00f3n, las representantes de la Secretar\u00eda General Iberoamericana (SEGIB) har\u00e1n una capacitaci\u00f3n sobre planificaci\u00f3n, para traducir por qu\u00e9 el PET est\u00e1 estructurado as\u00ed.\u00a0<\/span><\/p>\n<p style=\"text-align: justify;\"><span style=\"font-weight: 400;\">Fueron invitadas para esta reuni\u00f3n del 12 de marzo personas que han participado del Grupo de Trabajo (GT) de Participaci\u00f3n Social y Cooperaci\u00f3n Cultural, adem\u00e1s de representantes de organizaciones culturales comunitarias seleccionadas en las Convocatorias IberCultura Viva de Apoyo a Redes y Trabajos Colaborativos en 2018 y 2019. Tambi\u00e9n est\u00e1 prevista la presencia de representantes de los municipios y provincias integrantes de la Red IberCultura Viva de Ciudades y Gobiernos Locales.<\/span><\/p>\n<p style=\"text-align: justify;\"><span style=\"font-weight: 400;\">Seg\u00fan Emiliano Fuentes Firmani, esta reuni\u00f3n ser\u00e1 de car\u00e1cter expositiva, para presentar la propuesta bocetada en diciembre y poder capacitar a las y los participantes en nociones m\u00ednimas sobre planificaci\u00f3n y construcci\u00f3n de indicadores. \u201cLa idea es que despu\u00e9s de esta primera reuni\u00f3n tanto las organizaciones como los gobiernos locales tengan m\u00e1s insumos para poder hacer las propuestas que discutamos\u201d, coment\u00f3 el secretario t\u00e9cnico.<\/span><\/p>\n<p style=\"text-align: justify;\"><span style=\"font-weight: 400;\">La sesi\u00f3n siguiente, el 19 de febrero, estar\u00e1 dedicada a la Red de Ciudades y Gobiernos Locales y la subsiguiente, el 26 de febrero, al GT de Participaci\u00f3n Social y Cooperaci\u00f3n Cultural. La quinta sesi\u00f3n tendr\u00e1 como tema principal la construcci\u00f3n de indicadores y la sexta, el Plan Operativo Anual (POA 2021). Las propuestas finales para el PET y el POA ser\u00e1n presentadas al Consejo Intergubernamental IberCultura Viva el viernes 26 de marzo.<\/span><\/p>\n<p><span style=\"font-weight: 400;\">\u00a0<\/span><\/p>\n<p><span style=\"font-weight: 400;\">\u00a0<\/span><\/p>\n<p><span style=\"font-weight: 400;\"><strong>Lea tambi\u00e9n<\/strong>:<\/span><\/p>\n<p><a href=\"https:\/\/iberculturaviva.org\/comision-especial-de-trabajo-retoma-las-discusiones-sobre-el-plan-estrategico-trienal\/?lang=es\"><span style=\"font-weight: 400;\">Comisi\u00f3n especial de trabajo retoma las discusiones sobre el Plan Estrat\u00e9gico Trienal<\/span><\/a><\/p>\n<p><a href=\"https:\/\/iberculturaviva.org\/en-la-ultima-reunion-del-ano-consejo-intergubernamental-comienza-a-discutir-el-pet-2021-2023\/?lang=es\"><span style=\"font-weight: 400;\">En la \u00faltima reuni\u00f3n del a\u00f1o, Consejo Intergubernamental comienza a discutir el PET 2021-2023<\/span><\/a><\/p>\n<p><a href=\"https:\/\/iberculturaviva.org\/comision-especial-de-trabajo-comienza-la-preparacion-del-plan-estrategico-trienal-2021-2023\/?lang=es\"><span style=\"font-weight: 400;\">Comisi\u00f3n especial de trabajo comienza la preparaci\u00f3n del Plan Estrat\u00e9gico Trienal 2021-2023<\/span><\/a><\/p>\n","protected":false},"excerpt":{"rendered":"<p>Este viernes 5 de febrero comenz\u00f3 la segunda etapa de elaboraci\u00f3n del Plan Estrat\u00e9gico Trienal (PET 2021-2023) del programa IberCultura Viva. La comisi\u00f3n especial de trabajo que se conform\u00f3 en [&hellip;]<\/p>\n","protected":false},"author":2,"featured_media":23071,"comment_status":"closed","ping_status":"closed","sticky":false,"template":"","format":"standard","meta":{"_coblocks_attr":"","_coblocks_dimensions":"","_coblocks_responsive_height":"","_coblocks_accordion_ie_support":"","_EventAllDay":false,"_EventTimezone":"","_EventStartDate":"","_EventEndDate":"","_EventStartDateUTC":"","_EventEndDateUTC":"","_EventShowMap":false,"_EventShowMapLink":false,"_EventURL":"","_EventCost":"","_EventCostDescription":"","_EventCurrencySymbol":"","_EventCurrencyCode":"","_EventCurrencyPosition":"","_EventDateTimeSeparator":"","_EventTimeRangeSeparator":"","_EventOrganizerID":[],"_EventVenueID":[],"_OrganizerEmail":"","_OrganizerPhone":"","_OrganizerWebsite":"","_VenueAddress":"","_VenueCity":"","_VenueCountry":"","_VenueProvince":"","_VenueState":"","_VenueZip":"","_VenuePhone":"","_VenueURL":"","_VenueStateProvince":"","_VenueLat":"","_VenueLng":"","_VenueShowMap":false,"_VenueShowMapLink":false,"footnotes":""},"categories":[262],"tags":[],"country-municipality":[],"class_list":["post-23073","post","type-post","status-publish","format-standard","has-post-thumbnail","hentry","category-noticias-es"],"yoast_head":"<!-- This site is optimized with the Yoast SEO plugin v25.7 - https:\/\/yoast.com\/wordpress\/plugins\/seo\/ -->\n<title>Comienza la segunda etapa de la planificaci\u00f3n estrat\u00e9gica para el per\u00edodo 2021-2023 - IberCultura Viva<\/title>\n<meta name=\"description\" content=\"Comienza la segunda etapa de la planificaci\u00f3n estrat\u00e9gica para el per\u00edodo 2021-2023 - IberCultura Viva\" \/>\n<meta name=\"robots\" content=\"index, follow, max-snippet:-1, max-image-preview:large, max-video-preview:-1\" \/>\n<link rel=\"canonical\" href=\"https:\/\/iberculturaviva.org\/es\/comienza-la-segunda-etapa-de-la-planificacion-estrategica-para-el-periodo-2021-2023\/\" \/>\n<meta property=\"og:locale\" content=\"es_ES\" \/>\n<meta property=\"og:type\" content=\"article\" \/>\n<meta property=\"og:title\" content=\"Comienza la segunda etapa de la planificaci\u00f3n estrat\u00e9gica para el per\u00edodo 2021-2023 - IberCultura Viva\" \/>\n<meta property=\"og:description\" content=\"Comienza la segunda etapa de la planificaci\u00f3n estrat\u00e9gica para el per\u00edodo 2021-2023 - IberCultura Viva\" \/>\n<meta property=\"og:url\" content=\"https:\/\/iberculturaviva.org\/es\/comienza-la-segunda-etapa-de-la-planificacion-estrategica-para-el-periodo-2021-2023\/\" \/>\n<meta property=\"og:site_name\" content=\"IberCultura Viva\" \/>\n<meta property=\"article:publisher\" content=\"https:\/\/www.facebook.com\/iberculturaviva\/\" \/>\n<meta property=\"article:published_time\" content=\"2021-02-05T19:19:33+00:00\" \/>\n<meta property=\"article:modified_time\" content=\"2021-03-05T16:49:23+00:00\" \/>\n<meta property=\"og:image\" content=\"https:\/\/iberculturaviva.org\/wp-content\/uploads\/2021\/02\/reunion0502-5.png\" \/>\n\t<meta property=\"og:image:width\" content=\"1212\" \/>\n\t<meta property=\"og:image:height\" content=\"711\" \/>\n\t<meta property=\"og:image:type\" content=\"image\/png\" \/>\n<meta name=\"author\" content=\"IberCultura\" \/>\n<meta name=\"twitter:card\" content=\"summary_large_image\" \/>\n<meta name=\"twitter:label1\" content=\"Escrito por\" \/>\n\t<meta name=\"twitter:data1\" content=\"IberCultura\" \/>\n\t<meta name=\"twitter:label2\" content=\"Tiempo de lectura\" \/>\n\t<meta name=\"twitter:data2\" content=\"3 minutos\" \/>\n<script type=\"application\/ld+json\" class=\"yoast-schema-graph\">{\"@context\":\"https:\/\/schema.org\",\"@graph\":[{\"@type\":\"Article\",\"@id\":\"https:\/\/iberculturaviva.org\/es\/comienza-la-segunda-etapa-de-la-planificacion-estrategica-para-el-periodo-2021-2023\/#article\",\"isPartOf\":{\"@id\":\"https:\/\/iberculturaviva.org\/es\/comienza-la-segunda-etapa-de-la-planificacion-estrategica-para-el-periodo-2021-2023\/\"},\"author\":{\"name\":\"IberCultura\",\"@id\":\"https:\/\/iberculturaviva.org\/es\/?lang=es\/#\/schema\/person\/5d1313b072cc25536e0431522f740b59\"},\"headline\":\"Comienza la segunda etapa de la planificaci\u00f3n estrat\u00e9gica para el per\u00edodo 2021-2023\",\"datePublished\":\"2021-02-05T19:19:33+00:00\",\"dateModified\":\"2021-03-05T16:49:23+00:00\",\"mainEntityOfPage\":{\"@id\":\"https:\/\/iberculturaviva.org\/es\/comienza-la-segunda-etapa-de-la-planificacion-estrategica-para-el-periodo-2021-2023\/\"},\"wordCount\":602,\"publisher\":{\"@id\":\"https:\/\/iberculturaviva.org\/es\/?lang=es\/#organization\"},\"image\":{\"@id\":\"https:\/\/iberculturaviva.org\/es\/comienza-la-segunda-etapa-de-la-planificacion-estrategica-para-el-periodo-2021-2023\/#primaryimage\"},\"thumbnailUrl\":\"https:\/\/iberculturaviva.org\/wp-content\/uploads\/2021\/02\/reunion0502-5.png\",\"articleSection\":[\"Noticias\"],\"inLanguage\":\"es\"},{\"@type\":\"WebPage\",\"@id\":\"https:\/\/iberculturaviva.org\/es\/comienza-la-segunda-etapa-de-la-planificacion-estrategica-para-el-periodo-2021-2023\/\",\"url\":\"https:\/\/iberculturaviva.org\/es\/comienza-la-segunda-etapa-de-la-planificacion-estrategica-para-el-periodo-2021-2023\/\",\"name\":\"Comienza la segunda etapa de la planificaci\u00f3n estrat\u00e9gica para el per\u00edodo 2021-2023 - IberCultura Viva\",\"isPartOf\":{\"@id\":\"https:\/\/iberculturaviva.org\/es\/?lang=es\/#website\"},\"primaryImageOfPage\":{\"@id\":\"https:\/\/iberculturaviva.org\/es\/comienza-la-segunda-etapa-de-la-planificacion-estrategica-para-el-periodo-2021-2023\/#primaryimage\"},\"image\":{\"@id\":\"https:\/\/iberculturaviva.org\/es\/comienza-la-segunda-etapa-de-la-planificacion-estrategica-para-el-periodo-2021-2023\/#primaryimage\"},\"thumbnailUrl\":\"https:\/\/iberculturaviva.org\/wp-content\/uploads\/2021\/02\/reunion0502-5.png\",\"datePublished\":\"2021-02-05T19:19:33+00:00\",\"dateModified\":\"2021-03-05T16:49:23+00:00\",\"description\":\"Comienza la segunda etapa de la planificaci\u00f3n estrat\u00e9gica para el per\u00edodo 2021-2023 - IberCultura Viva\",\"breadcrumb\":{\"@id\":\"https:\/\/iberculturaviva.org\/es\/comienza-la-segunda-etapa-de-la-planificacion-estrategica-para-el-periodo-2021-2023\/#breadcrumb\"},\"inLanguage\":\"es\",\"potentialAction\":[{\"@type\":\"ReadAction\",\"target\":[\"https:\/\/iberculturaviva.org\/es\/comienza-la-segunda-etapa-de-la-planificacion-estrategica-para-el-periodo-2021-2023\/\"]}]},{\"@type\":\"ImageObject\",\"inLanguage\":\"es\",\"@id\":\"https:\/\/iberculturaviva.org\/es\/comienza-la-segunda-etapa-de-la-planificacion-estrategica-para-el-periodo-2021-2023\/#primaryimage\",\"url\":\"https:\/\/iberculturaviva.org\/wp-content\/uploads\/2021\/02\/reunion0502-5.png\",\"contentUrl\":\"https:\/\/iberculturaviva.org\/wp-content\/uploads\/2021\/02\/reunion0502-5.png\",\"width\":1212,\"height\":711},{\"@type\":\"BreadcrumbList\",\"@id\":\"https:\/\/iberculturaviva.org\/es\/comienza-la-segunda-etapa-de-la-planificacion-estrategica-para-el-periodo-2021-2023\/#breadcrumb\",\"itemListElement\":[{\"@type\":\"ListItem\",\"position\":1,\"name\":\"In\u00edcio\",\"item\":\"https:\/\/iberculturaviva.org\/es\/inicio\/\"},{\"@type\":\"ListItem\",\"position\":2,\"name\":\"Comienza la segunda etapa de la planificaci\u00f3n estrat\u00e9gica para el per\u00edodo 2021-2023\"}]},{\"@type\":\"WebSite\",\"@id\":\"https:\/\/iberculturaviva.org\/es\/?lang=es\/#website\",\"url\":\"https:\/\/iberculturaviva.org\/es\/?lang=es\/\",\"name\":\"IberCultura Viva\",\"description\":\"Programa de cooperaci\u00f3n cultural\",\"publisher\":{\"@id\":\"https:\/\/iberculturaviva.org\/es\/?lang=es\/#organization\"},\"potentialAction\":[{\"@type\":\"SearchAction\",\"target\":{\"@type\":\"EntryPoint\",\"urlTemplate\":\"https:\/\/iberculturaviva.org\/es\/?lang=es\/?s={search_term_string}\"},\"query-input\":{\"@type\":\"PropertyValueSpecification\",\"valueRequired\":true,\"valueName\":\"search_term_string\"}}],\"inLanguage\":\"es\"},{\"@type\":\"Organization\",\"@id\":\"https:\/\/iberculturaviva.org\/es\/?lang=es\/#organization\",\"name\":\"Iberculturaviva\",\"url\":\"https:\/\/iberculturaviva.org\/es\/?lang=es\/\",\"logo\":{\"@type\":\"ImageObject\",\"inLanguage\":\"es\",\"@id\":\"https:\/\/iberculturaviva.org\/es\/?lang=es\/#\/schema\/logo\/image\/\",\"url\":\"https:\/\/iberculturaviva.org\/wp-content\/uploads\/2021\/08\/logo_ibercultura_viva.jpg\",\"contentUrl\":\"https:\/\/iberculturaviva.org\/wp-content\/uploads\/2021\/08\/logo_ibercultura_viva.jpg\",\"width\":708,\"height\":223,\"caption\":\"Iberculturaviva\"},\"image\":{\"@id\":\"https:\/\/iberculturaviva.org\/es\/?lang=es\/#\/schema\/logo\/image\/\"},\"sameAs\":[\"https:\/\/www.facebook.com\/iberculturaviva\/\",\"https:\/\/www.instagram.com\/iberculturaviva\/\",\"https:\/\/www.youtube.com\/iberculturaviva\"]},{\"@type\":\"Person\",\"@id\":\"https:\/\/iberculturaviva.org\/es\/?lang=es\/#\/schema\/person\/5d1313b072cc25536e0431522f740b59\",\"name\":\"IberCultura\",\"image\":{\"@type\":\"ImageObject\",\"inLanguage\":\"es\",\"@id\":\"https:\/\/iberculturaviva.org\/es\/?lang=es\/#\/schema\/person\/image\/\",\"url\":\"https:\/\/secure.gravatar.com\/avatar\/79f1a057cb125cbefb3765d0356d52fc7f3bba3a35e2cf22bc4de090bb7aef70?s=96&d=mm&r=g\",\"contentUrl\":\"https:\/\/secure.gravatar.com\/avatar\/79f1a057cb125cbefb3765d0356d52fc7f3bba3a35e2cf22bc4de090bb7aef70?s=96&d=mm&r=g\",\"caption\":\"IberCultura\"}}]}<\/script>\n<!-- \/ Yoast SEO plugin. -->","yoast_head_json":{"title":"Comienza la segunda etapa de la planificaci\u00f3n estrat\u00e9gica para el per\u00edodo 2021-2023 - IberCultura Viva","description":"Comienza la segunda etapa de la planificaci\u00f3n estrat\u00e9gica para el per\u00edodo 2021-2023 - IberCultura Viva","robots":{"index":"index","follow":"follow","max-snippet":"max-snippet:-1","max-image-preview":"max-image-preview:large","max-video-preview":"max-video-preview:-1"},"canonical":"https:\/\/iberculturaviva.org\/es\/comienza-la-segunda-etapa-de-la-planificacion-estrategica-para-el-periodo-2021-2023\/","og_locale":"es_ES","og_type":"article","og_title":"Comienza la segunda etapa de la planificaci\u00f3n estrat\u00e9gica para el per\u00edodo 2021-2023 - IberCultura Viva","og_description":"Comienza la segunda etapa de la planificaci\u00f3n estrat\u00e9gica para el per\u00edodo 2021-2023 - IberCultura Viva","og_url":"https:\/\/iberculturaviva.org\/es\/comienza-la-segunda-etapa-de-la-planificacion-estrategica-para-el-periodo-2021-2023\/","og_site_name":"IberCultura Viva","article_publisher":"https:\/\/www.facebook.com\/iberculturaviva\/","article_published_time":"2021-02-05T19:19:33+00:00","article_modified_time":"2021-03-05T16:49:23+00:00","og_image":[{"width":1212,"height":711,"url":"https:\/\/iberculturaviva.org\/wp-content\/uploads\/2021\/02\/reunion0502-5.png","type":"image\/png"}],"author":"IberCultura","twitter_card":"summary_large_image","twitter_misc":{"Escrito por":"IberCultura","Tiempo de lectura":"3 minutos"},"schema":{"@context":"https:\/\/schema.org","@graph":[{"@type":"Article","@id":"https:\/\/iberculturaviva.org\/es\/comienza-la-segunda-etapa-de-la-planificacion-estrategica-para-el-periodo-2021-2023\/#article","isPartOf":{"@id":"https:\/\/iberculturaviva.org\/es\/comienza-la-segunda-etapa-de-la-planificacion-estrategica-para-el-periodo-2021-2023\/"},"author":{"name":"IberCultura","@id":"https:\/\/iberculturaviva.org\/es\/?lang=es\/#\/schema\/person\/5d1313b072cc25536e0431522f740b59"},"headline":"Comienza la segunda etapa de la planificaci\u00f3n estrat\u00e9gica para el per\u00edodo 2021-2023","datePublished":"2021-02-05T19:19:33+00:00","dateModified":"2021-03-05T16:49:23+00:00","mainEntityOfPage":{"@id":"https:\/\/iberculturaviva.org\/es\/comienza-la-segunda-etapa-de-la-planificacion-estrategica-para-el-periodo-2021-2023\/"},"wordCount":602,"publisher":{"@id":"https:\/\/iberculturaviva.org\/es\/?lang=es\/#organization"},"image":{"@id":"https:\/\/iberculturaviva.org\/es\/comienza-la-segunda-etapa-de-la-planificacion-estrategica-para-el-periodo-2021-2023\/#primaryimage"},"thumbnailUrl":"https:\/\/iberculturaviva.org\/wp-content\/uploads\/2021\/02\/reunion0502-5.png","articleSection":["Noticias"],"inLanguage":"es"},{"@type":"WebPage","@id":"https:\/\/iberculturaviva.org\/es\/comienza-la-segunda-etapa-de-la-planificacion-estrategica-para-el-periodo-2021-2023\/","url":"https:\/\/iberculturaviva.org\/es\/comienza-la-segunda-etapa-de-la-planificacion-estrategica-para-el-periodo-2021-2023\/","name":"Comienza la segunda etapa de la planificaci\u00f3n estrat\u00e9gica para el per\u00edodo 2021-2023 - IberCultura Viva","isPartOf":{"@id":"https:\/\/iberculturaviva.org\/es\/?lang=es\/#website"},"primaryImageOfPage":{"@id":"https:\/\/iberculturaviva.org\/es\/comienza-la-segunda-etapa-de-la-planificacion-estrategica-para-el-periodo-2021-2023\/#primaryimage"},"image":{"@id":"https:\/\/iberculturaviva.org\/es\/comienza-la-segunda-etapa-de-la-planificacion-estrategica-para-el-periodo-2021-2023\/#primaryimage"},"thumbnailUrl":"https:\/\/iberculturaviva.org\/wp-content\/uploads\/2021\/02\/reunion0502-5.png","datePublished":"2021-02-05T19:19:33+00:00","dateModified":"2021-03-05T16:49:23+00:00","description":"Comienza la segunda etapa de la planificaci\u00f3n estrat\u00e9gica para el per\u00edodo 2021-2023 - IberCultura Viva","breadcrumb":{"@id":"https:\/\/iberculturaviva.org\/es\/comienza-la-segunda-etapa-de-la-planificacion-estrategica-para-el-periodo-2021-2023\/#breadcrumb"},"inLanguage":"es","potentialAction":[{"@type":"ReadAction","target":["https:\/\/iberculturaviva.org\/es\/comienza-la-segunda-etapa-de-la-planificacion-estrategica-para-el-periodo-2021-2023\/"]}]},{"@type":"ImageObject","inLanguage":"es","@id":"https:\/\/iberculturaviva.org\/es\/comienza-la-segunda-etapa-de-la-planificacion-estrategica-para-el-periodo-2021-2023\/#primaryimage","url":"https:\/\/iberculturaviva.org\/wp-content\/uploads\/2021\/02\/reunion0502-5.png","contentUrl":"https:\/\/iberculturaviva.org\/wp-content\/uploads\/2021\/02\/reunion0502-5.png","width":1212,"height":711},{"@type":"BreadcrumbList","@id":"https:\/\/iberculturaviva.org\/es\/comienza-la-segunda-etapa-de-la-planificacion-estrategica-para-el-periodo-2021-2023\/#breadcrumb","itemListElement":[{"@type":"ListItem","position":1,"name":"In\u00edcio","item":"https:\/\/iberculturaviva.org\/es\/inicio\/"},{"@type":"ListItem","position":2,"name":"Comienza la segunda etapa de la planificaci\u00f3n estrat\u00e9gica para el per\u00edodo 2021-2023"}]},{"@type":"WebSite","@id":"https:\/\/iberculturaviva.org\/es\/?lang=es\/#website","url":"https:\/\/iberculturaviva.org\/es\/?lang=es\/","name":"IberCultura Viva","description":"Programa de cooperaci\u00f3n cultural","publisher":{"@id":"https:\/\/iberculturaviva.org\/es\/?lang=es\/#organization"},"potentialAction":[{"@type":"SearchAction","target":{"@type":"EntryPoint","urlTemplate":"https:\/\/iberculturaviva.org\/es\/?lang=es\/?s={search_term_string}"},"query-input":{"@type":"PropertyValueSpecification","valueRequired":true,"valueName":"search_term_string"}}],"inLanguage":"es"},{"@type":"Organization","@id":"https:\/\/iberculturaviva.org\/es\/?lang=es\/#organization","name":"Iberculturaviva","url":"https:\/\/iberculturaviva.org\/es\/?lang=es\/","logo":{"@type":"ImageObject","inLanguage":"es","@id":"https:\/\/iberculturaviva.org\/es\/?lang=es\/#\/schema\/logo\/image\/","url":"https:\/\/iberculturaviva.org\/wp-content\/uploads\/2021\/08\/logo_ibercultura_viva.jpg","contentUrl":"https:\/\/iberculturaviva.org\/wp-content\/uploads\/2021\/08\/logo_ibercultura_viva.jpg","width":708,"height":223,"caption":"Iberculturaviva"},"image":{"@id":"https:\/\/iberculturaviva.org\/es\/?lang=es\/#\/schema\/logo\/image\/"},"sameAs":["https:\/\/www.facebook.com\/iberculturaviva\/","https:\/\/www.instagram.com\/iberculturaviva\/","https:\/\/www.youtube.com\/iberculturaviva"]},{"@type":"Person","@id":"https:\/\/iberculturaviva.org\/es\/?lang=es\/#\/schema\/person\/5d1313b072cc25536e0431522f740b59","name":"IberCultura","image":{"@type":"ImageObject","inLanguage":"es","@id":"https:\/\/iberculturaviva.org\/es\/?lang=es\/#\/schema\/person\/image\/","url":"https:\/\/secure.gravatar.com\/avatar\/79f1a057cb125cbefb3765d0356d52fc7f3bba3a35e2cf22bc4de090bb7aef70?s=96&d=mm&r=g","contentUrl":"https:\/\/secure.gravatar.com\/avatar\/79f1a057cb125cbefb3765d0356d52fc7f3bba3a35e2cf22bc4de090bb7aef70?s=96&d=mm&r=g","caption":"IberCultura"}}]}},"main_category":{"link":"https:\/\/iberculturaviva.org\/es\/category\/noticias-es\/","name":"Noticias","slug":"noticias-es"},"_links":{"self":[{"href":"https:\/\/iberculturaviva.org\/es\/wp-json\/wp\/v2\/posts\/23073","targetHints":{"allow":["GET"]}}],"collection":[{"href":"https:\/\/iberculturaviva.org\/es\/wp-json\/wp\/v2\/posts"}],"about":[{"href":"https:\/\/iberculturaviva.org\/es\/wp-json\/wp\/v2\/types\/post"}],"author":[{"embeddable":true,"href":"https:\/\/iberculturaviva.org\/es\/wp-json\/wp\/v2\/users\/2"}],"replies":[{"embeddable":true,"href":"https:\/\/iberculturaviva.org\/es\/wp-json\/wp\/v2\/comments?post=23073"}],"version-history":[{"count":3,"href":"https:\/\/iberculturaviva.org\/es\/wp-json\/wp\/v2\/posts\/23073\/revisions"}],"predecessor-version":[{"id":23211,"href":"https:\/\/iberculturaviva.org\/es\/wp-json\/wp\/v2\/posts\/23073\/revisions\/23211"}],"wp:featuredmedia":[{"embeddable":true,"href":"https:\/\/iberculturaviva.org\/es\/wp-json\/wp\/v2\/media\/23071"}],"wp:attachment":[{"href":"https:\/\/iberculturaviva.org\/es\/wp-json\/wp\/v2\/media?parent=23073"}],"wp:term":[{"taxonomy":"category","embeddable":true,"href":"https:\/\/iberculturaviva.org\/es\/wp-json\/wp\/v2\/categories?post=23073"},{"taxonomy":"post_tag","embeddable":true,"href":"https:\/\/iberculturaviva.org\/es\/wp-json\/wp\/v2\/tags?post=23073"},{"taxonomy":"country-municipality","embeddable":true,"href":"https:\/\/iberculturaviva.org\/es\/wp-json\/wp\/v2\/country-municipality?post=23073"}],"curies":[{"name":"wp","href":"https:\/\/api.w.org\/{rel}","templated":true}]}}