{"id":22955,"date":"2020-09-16T15:39:55","date_gmt":"2020-09-16T18:39:55","guid":{"rendered":"https:\/\/iberculturaviva.org\/?p=22955"},"modified":"2021-01-22T16:44:19","modified_gmt":"2021-01-22T19:44:19","slug":"representantes-de-gobiernos-locales-debaten-el-reto-de-volver-a-habitar-los-territorios-en-el-nuevo-normal","status":"publish","type":"post","link":"https:\/\/iberculturaviva.org\/es\/representantes-de-gobiernos-locales-debaten-el-reto-de-volver-a-habitar-los-territorios-en-el-nuevo-normal\/","title":{"rendered":"Representantes de gobiernos locales debaten el reto de volver a habitar los territorios en el \u201cnuevo normal\u201d"},"content":{"rendered":"<p style=\"text-align: justify;\"><span style=\"font-weight: 400;\">Doce representantes de gobiernos locales participar\u00e1n en el conversatorio organizado por la Red IberCultura Viva de Ciudades y Gobiernos Locales en el marco del 4\u00ba Encuentro de Redes, este viernes 18 de septiembre. La actividad se desarrollar\u00e1 en dos paneles \u2014cada uno con seis personas invitadas y una moderadora\u2014 y tendr\u00e1 transmisi\u00f3n en vivo por la <\/span><a href=\"https:\/\/www.facebook.com\/iberculturaviva\/\"><span style=\"font-weight: 400;\">p\u00e1gina de Facebook<\/span><\/a><span style=\"font-weight: 400;\"> de IberCultura Viva y el <\/span><a href=\"https:\/\/www.youtube.com\/iberculturaviva\"><span style=\"font-weight: 400;\">canal de YouTube<\/span><\/a><span style=\"font-weight: 400;\"> del programa.&nbsp;<\/span><\/p>\n<p style=\"text-align: justify;\"><span style=\"font-weight: 400;\">Este conversatorio se propone como un espacio de reflexi\u00f3n respecto del reto de volver a habitar los territorios y las ciudades desde las pr\u00e1cticas culturales comunitarias, en este contexto de emergencia sanitaria y de \u201cnueva normalidad\u201d que nos toca vivir tras la crisis derivada de la pandemia de Covid-19.&nbsp;<\/span><\/p>\n<p style=\"text-align: justify;\"><span style=\"font-weight: 400;\">&nbsp;Estar\u00e1n presentes en el primer panel, a las 14:00 (hora de Argentina), representantes de seis gobiernos locales: Dar\u00edo Zaratti Chevarr\u00eda (La Paz, Bolivia), Gast\u00f3n Contreras (San Carlos, Salta, Argentina), Alexandre Santini (Niteroi, Brasil), Marihem Soria (Ciudad de C\u00f3rdoba, Argentina), Luc\u00eda Mantilla Vera (Lima, Per\u00fa) y Ra\u00fal Shalom (Comuna de Villa Ciudad Parque, C\u00f3rdoba, Argentina). La moderaci\u00f3n estar\u00e1 a cargo de Viviana Cortes Angarita (Direcci\u00f3n de Poblaciones del Ministerio de Cultura de Colombia).<\/span><\/p>\n<p style=\"text-align: justify;\"><span style=\"font-weight: 400;\">El segundo panel, a las 17:00 (hora de Argentina), tendr\u00e1 la participaci\u00f3n de representantes de una provincia y cuatro municipios integrantes de la Red de Ciudades: Juan Manuel Pereyra Ben\u00edtez (Almirante Brown, Argentina), Lina Gaviria (Medell\u00edn, Colombia), Gerardo Padilla (San Luis Potos\u00ed, M\u00e9xico), Federico Prieto (Provincia de Entre R\u00edos, Argentina) y Liliana Peralta (Comodoro Rivadavia, Argentina). Esta sesi\u00f3n tambi\u00e9n contar\u00e1 con la presencia de Joe Gim\u00e9nez (Paraguay), fundadora de El C\u00e1ntaro BioEscuela Popular y miembro de Red de Espacios Culturales del Sur. Juan Carlos Barreto, asesor de Gesti\u00f3n Territorial de la Direcci\u00f3n Nacional de Cultura de Uruguay, ser\u00e1 el moderador de este panel.&nbsp;<\/span><\/p>\n<p>&nbsp;<\/p>\n<h4><b>Qui\u00e9nes participan<\/b><\/h4>\n<p>&nbsp;<\/p>\n<h4><b>PANEL 1<\/b><\/h4>\n<h4><b><a href=\"https:\/\/iberculturaviva.org\/wp-content\/uploads\/2020\/09\/Dario-Zaratti-Chevarria-1-e1600278841140-180x180.jpg\"><img loading=\"lazy\" decoding=\"async\" class=\"size-full wp-image-15237 alignleft\" src=\"https:\/\/iberculturaviva.org\/wp-content\/uploads\/2020\/09\/Dario-Zaratti-Chevarria-1-e1600278841140-180x180.jpg\" alt=\"\" width=\"180\" height=\"180\" srcset=\"https:\/\/iberculturaviva.org\/wp-content\/uploads\/2020\/09\/Dario-Zaratti-Chevarria-1-e1600278841140-180x180.jpg 180w, https:\/\/iberculturaviva.org\/wp-content\/uploads\/2020\/09\/Dario-Zaratti-Chevarria-1-e1600278841140-180x180-150x150.jpg 150w\" sizes=\"auto, (max-width: 180px) 100vw, 180px\" \/><\/a>ANDR\u00c9S DAR\u00cdO ZARATTI CHEVARR\u00cdA<\/b><\/h4>\n<h4><b>SecretarIo de Culturas \/ Gobierno Municipal de La Paz, Bolivia<\/b><\/h4>\n<p>&nbsp;<\/p>\n<p style=\"text-align: justify;\"><span style=\"font-weight: 400;\">Activista social y servidor p\u00fablico. Polit\u00f3logo de profesi\u00f3n y soci\u00f3logo de formaci\u00f3n. Se especializ\u00f3 en la investigaci\u00f3n de la problem\u00e1tica juvenil, transparencia, acceso a la informaci\u00f3n, lucha contra la corrupci\u00f3n y, en la \u00faltima d\u00e9cada, en la problem\u00e1tica cultural. Ha colaborado activamente con diferentes instituciones y organizaciones de la sociedad civil en promoci\u00f3n de la participaci\u00f3n ciudadana y defensa de los derechos humanos. Ocup\u00f3 distintos cargos de direcci\u00f3n en organizaciones de la sociedad y del Estado. Fue docente universitario y actualmente, desde junio de 2015, es Secretario Municipal de Culturas del Gobierno Aut\u00f3nomo Municipal de La Paz.<\/span><\/p>\n<p>&nbsp;<\/p>\n<h4><b><a href=\"https:\/\/iberculturaviva.org\/wp-content\/uploads\/2020\/09\/Gaston-Contreras_-180x180.jpg\"><img loading=\"lazy\" decoding=\"async\" class=\"size-full wp-image-15236 alignleft\" src=\"https:\/\/iberculturaviva.org\/wp-content\/uploads\/2020\/09\/Gaston-Contreras_-180x180.jpg\" alt=\"\" width=\"180\" height=\"180\" srcset=\"https:\/\/iberculturaviva.org\/wp-content\/uploads\/2020\/09\/Gaston-Contreras_-180x180.jpg 180w, https:\/\/iberculturaviva.org\/wp-content\/uploads\/2020\/09\/Gaston-Contreras_-180x180-150x150.jpg 150w\" sizes=\"auto, (max-width: 180px) 100vw, 180px\" \/><\/a>GAST\u00d3N CONTRERAS<\/b><\/h4>\n<h4><b>Director de Cultura \/ Municipalidad de San Carlos, Salta, Argentina<\/b><\/h4>\n<p style=\"text-align: justify;\"><span style=\"font-weight: 400;\">Profesor de Artes Visuales, gestor cultural y ceramista. Actualmente es director de Cultura del municipio de San Carlos, Valles Calchaqu\u00edes, provincia de Salta. Ha participado en diversas exposiciones individuales y colectivas, como as\u00ed tambi\u00e9n en simposios en Argentina y Espa\u00f1a. Desde hace diez a\u00f1os es responsable del Encuentro Latinoamericano de Ceramistas \u201cBarro Calchaqu\u00ed\u201d en Salta y otros encuentros que se derivan de este. En febrero de 2020 organiz\u00f3 el Primer Encuentro Latinoamericano de Ceramistas \u201cBarros del Qhapaq \u00d1an\u201d en Cusco, Per\u00fa.<\/span><\/p>\n<p>&nbsp;<\/p>\n<h4><b><a href=\"https:\/\/iberculturaviva.org\/wp-content\/uploads\/2020\/09\/Alexandre-Santini_-180x180.jpg\"><img loading=\"lazy\" decoding=\"async\" class=\"size-full wp-image-15235 alignleft\" src=\"https:\/\/iberculturaviva.org\/wp-content\/uploads\/2020\/09\/Alexandre-Santini_-180x180.jpg\" alt=\"\" width=\"180\" height=\"180\" srcset=\"https:\/\/iberculturaviva.org\/wp-content\/uploads\/2020\/09\/Alexandre-Santini_-180x180.jpg 180w, https:\/\/iberculturaviva.org\/wp-content\/uploads\/2020\/09\/Alexandre-Santini_-180x180-150x150.jpg 150w\" sizes=\"auto, (max-width: 180px) 100vw, 180px\" \/><\/a>ALEXANDRE SANTINI<\/b><\/h4>\n<h4><b>Director del Teatro Popular Oscar Niemeyer, Niter\u00f3i, Brasil<\/b><\/h4>\n<p style=\"text-align: justify;\"><span style=\"font-weight: 400;\">Gestor cultural, dramaturgo y escritor. M\u00e1ster en Cultura y Territorialidades por la Universidade Federal Fluminense (UFF) y director del Teatro Popular Oscar Niemeyer (Niter\u00f3i-RJ). Es autor del libro \u201cCultura Viva Comunitaria: pol\u00edticas culturales en Brasil y Am\u00e9rica Latina\u201d y uno de los creadores de la Escuela de Pol\u00edticas Culturales.<\/span><\/p>\n<p>&nbsp;<\/p>\n<h4><b><a href=\"https:\/\/iberculturaviva.org\/wp-content\/uploads\/2020\/09\/Marihem-Soria-180x180.jpg\"><img loading=\"lazy\" decoding=\"async\" class=\"size-full wp-image-15234 alignleft\" src=\"https:\/\/iberculturaviva.org\/wp-content\/uploads\/2020\/09\/Marihem-Soria-180x180.jpg\" alt=\"\" width=\"180\" height=\"180\" srcset=\"https:\/\/iberculturaviva.org\/wp-content\/uploads\/2020\/09\/Marihem-Soria-180x180.jpg 180w, https:\/\/iberculturaviva.org\/wp-content\/uploads\/2020\/09\/Marihem-Soria-180x180-150x150.jpg 150w\" sizes=\"auto, (max-width: 180px) 100vw, 180px\" \/><\/a>MARIHEM SORIA<\/b><\/h4>\n<h4><b>Direcci\u00f3n de Cultura Viva \/ Municipalidad de C\u00f3rdoba, Argentina<\/b><\/h4>\n<p style=\"text-align: justify;\"><span style=\"font-weight: 400;\">Directora de Cultura Viva de la ciudad de C\u00f3rdoba. Egresada de la Escuela de Ciencias de la Informaci\u00f3n de la Universidad Nacional de C\u00f3rdoba, diplomada en Comunicaci\u00f3n y Salud, Gesti\u00f3n P\u00fablica en Salud y Acompa\u00f1ante Comunitaria contra la Violencia de G\u00e9nero. Fue docente del curso de Promotoras Culturales Comunitarias (2019) y miembro de la organizaci\u00f3n del IV Congreso Latinoamericano de Cultura Viva Comunitaria. Es presidenta del Centro Cultural Villa El Libertador y tallerista de murga en diversos espacios comunitarios e institucionales.<\/span><\/p>\n<p>&nbsp;<\/p>\n<h4><b><a href=\"https:\/\/iberculturaviva.org\/wp-content\/uploads\/2020\/09\/Lucia-Mantilla-Vera-180x180.jpg\"><img loading=\"lazy\" decoding=\"async\" class=\"size-full wp-image-15233 alignleft\" src=\"https:\/\/iberculturaviva.org\/wp-content\/uploads\/2020\/09\/Lucia-Mantilla-Vera-180x180.jpg\" alt=\"\" width=\"180\" height=\"180\" srcset=\"https:\/\/iberculturaviva.org\/wp-content\/uploads\/2020\/09\/Lucia-Mantilla-Vera-180x180.jpg 180w, https:\/\/iberculturaviva.org\/wp-content\/uploads\/2020\/09\/Lucia-Mantilla-Vera-180x180-150x150.jpg 150w\" sizes=\"auto, (max-width: 180px) 100vw, 180px\" \/><\/a>LUC\u00cdA MANTILLA VERA<\/b><\/h4>\n<h4><b>Subgerenta Promoci\u00f3n Cultural y Ciudadan\u00eda \/ Municipalidad de Lima, Per\u00fa<\/b><\/h4>\n<p style=\"text-align: justify;\"><span style=\"font-weight: 400;\">Subgerenta de Promoci\u00f3n Cultural y Ciudadan\u00eda de la Municipalidad de Lima. Es licenciada en Comunicaci\u00f3n para el Desarrollo con formaci\u00f3n en educaci\u00f3n, artes esc\u00e9nicas y procesos participativos. Cuenta con diez a\u00f1os de experiencia en la gesti\u00f3n de proyectos sociales, culturales y educativos con \u00e9nfasis en el fortalecimiento de la ciudadan\u00eda a trav\u00e9s de las artes.<\/span><\/p>\n<p>&nbsp;<\/p>\n<h4><\/h4>\n<h4 style=\"text-align: justify;\"><b><a href=\"https:\/\/iberculturaviva.org\/wp-content\/uploads\/2020\/09\/Raul-Shalom_-180x180.jpg\"><img loading=\"lazy\" decoding=\"async\" class=\"size-full wp-image-15232 alignleft\" src=\"https:\/\/iberculturaviva.org\/wp-content\/uploads\/2020\/09\/Raul-Shalom_-180x180.jpg\" alt=\"\" width=\"180\" height=\"180\" srcset=\"https:\/\/iberculturaviva.org\/wp-content\/uploads\/2020\/09\/Raul-Shalom_-180x180.jpg 180w, https:\/\/iberculturaviva.org\/wp-content\/uploads\/2020\/09\/Raul-Shalom_-180x180-150x150.jpg 150w\" sizes=\"auto, (max-width: 180px) 100vw, 180px\" \/><\/a>RA\u00daL SHALOM<\/b><\/h4>\n<h4 style=\"text-align: justify;\"><b>Director de Culturas \/ Villa Ciudad Parque, C\u00f3rdoba, Argentina<\/b><\/h4>\n<p style=\"text-align: justify;\"><span style=\"font-weight: 400;\">Actor y director de teatro, psic\u00f3logo social, educador popular y gestor cultural. Director de Culturas de la Comuna de Villa Ciudad Parque, Valle de Calamuchita, C\u00f3rdoba. Director del Grupo Marchanta Teatro Independiente. Miembro de la Asociaci\u00f3n Civil La Hilacha, de Semilla del Sur y de la Corriente Pol\u00edtica y Social La Colectiva, entre otros colectivos. Ha coordinado eventos como el Primer Congreso de Gesti\u00f3n Participativa del Carnaval Porte\u00f1o o el Primer Simposio Latinoamericano de Teatro Encierro y Comunidad. Ha sido capacitador de talleres en distintos lugares de Argentina y Latinoam\u00e9rica.<\/span><\/p>\n<p>&nbsp;<\/p>\n<h4><b><a href=\"https:\/\/iberculturaviva.org\/wp-content\/uploads\/2020\/09\/Viviana-Cortes-Angarita-180x180.jpg\"><img loading=\"lazy\" decoding=\"async\" class=\"size-full wp-image-15231 alignleft\" src=\"https:\/\/iberculturaviva.org\/wp-content\/uploads\/2020\/09\/Viviana-Cortes-Angarita-180x180.jpg\" alt=\"\" width=\"180\" height=\"180\" srcset=\"https:\/\/iberculturaviva.org\/wp-content\/uploads\/2020\/09\/Viviana-Cortes-Angarita-180x180.jpg 180w, https:\/\/iberculturaviva.org\/wp-content\/uploads\/2020\/09\/Viviana-Cortes-Angarita-180x180-150x150.jpg 150w\" sizes=\"auto, (max-width: 180px) 100vw, 180px\" \/><\/a>VIVIANA CORT\u00c9S ANGARITA<\/b><\/h4>\n<h4><b>Ministerio de Cultura de Colombia<\/b><\/h4>\n<p style=\"text-align: justify;\"><span style=\"font-weight: 400;\">Asesora de asuntos ind\u00edgenas de la Direcci\u00f3n de Poblaciones del Ministerio de Cultura. Comunicadora social y periodista con estudios en antropolog\u00eda, con 16 a\u00f1os de experiencia en el sector cultural a nivel nacional e internacional. Ha sido consultora de proyectos culturales con enfoque en patrimonio cultural inmaterial y de organismos internacionales como el Convenio Andr\u00e9s Bello, el British Council y el Crespial. Fue asistente editorial de la Biblioteca B\u00e1sica de Cocinas Tradicionales de Colombia.<\/span><\/p>\n<h4><\/h4>\n<h4><b>PANEL 2<\/b><\/h4>\n<h4><\/h4>\n<h4><b><a href=\"https:\/\/iberculturaviva.org\/wp-content\/uploads\/2020\/09\/Juan-Manuel-Pereyra-Benitez_-180x180.jpg\"><img loading=\"lazy\" decoding=\"async\" class=\"size-full wp-image-15230 alignleft\" src=\"https:\/\/iberculturaviva.org\/wp-content\/uploads\/2020\/09\/Juan-Manuel-Pereyra-Benitez_-180x180.jpg\" alt=\"\" width=\"180\" height=\"180\" srcset=\"https:\/\/iberculturaviva.org\/wp-content\/uploads\/2020\/09\/Juan-Manuel-Pereyra-Benitez_-180x180.jpg 180w, https:\/\/iberculturaviva.org\/wp-content\/uploads\/2020\/09\/Juan-Manuel-Pereyra-Benitez_-180x180-150x150.jpg 150w\" sizes=\"auto, (max-width: 180px) 100vw, 180px\" \/><\/a>JUAN MANUEL PEREYRA BEN\u00cdTEZ<\/b><\/h4>\n<h4><b>Presidente del Instituto Municipal de las Culturas, Alte. Brown, Argentina<\/b><\/h4>\n<p>&nbsp;<\/p>\n<p style=\"text-align: justify;\"><span style=\"font-weight: 400;\">Presidente del Instituto Municipal de las Culturas de Almirante Brown, provincia de Buenos Aires. Secretario de Formaci\u00f3n Pol\u00edtica del Partido Justicialista de Almirante Brown.<\/span><\/p>\n<p>&nbsp;<\/p>\n<h4><b><a href=\"https:\/\/iberculturaviva.org\/wp-content\/uploads\/2020\/09\/Lina-Gaviria-180x180.jpg\"><img loading=\"lazy\" decoding=\"async\" class=\"size-full wp-image-15229 alignleft\" src=\"https:\/\/iberculturaviva.org\/wp-content\/uploads\/2020\/09\/Lina-Gaviria-180x180.jpg\" alt=\"\" width=\"180\" height=\"180\" srcset=\"https:\/\/iberculturaviva.org\/wp-content\/uploads\/2020\/09\/Lina-Gaviria-180x180.jpg 180w, https:\/\/iberculturaviva.org\/wp-content\/uploads\/2020\/09\/Lina-Gaviria-180x180-150x150.jpg 150w\" sizes=\"auto, (max-width: 180px) 100vw, 180px\" \/><\/a>LINA GAVIRIA<\/b><\/h4>\n<h4><b>Secretaria de Cultura Ciudadana \/ Alcald\u00eda de Medell\u00edn, Colombia<\/b><\/h4>\n<p style=\"text-align: justify;\"><span style=\"font-weight: 400;\">Secretaria de Cultura Ciudadana de Medell\u00edn. Graduada de Southern Methodist University con un Bachelor in Fine Arts en Dance Performance en Texas, Estados Unidos. Bail\u00f3 con la Compa\u00f1\u00eda de Maureen Fleming en Nueva York y con la \u00d3pera de Dallas. Fue organizadora del Festival Internacional de Danza Contempor\u00e1nea Medell\u00edn\/Bogot\u00e1 y subdirectora de Equipamientos Culturales del Instituto Distrital de las Artes (IDARTES), donde impuls\u00f3 la creaci\u00f3n del equipo de infraestructura.<\/span><\/p>\n<p>&nbsp;<\/p>\n<h4><b><a href=\"https:\/\/iberculturaviva.org\/wp-content\/uploads\/2020\/09\/Joe-Gimenez-180x180.jpg\"><img loading=\"lazy\" decoding=\"async\" class=\"size-full wp-image-15228 alignleft\" src=\"https:\/\/iberculturaviva.org\/wp-content\/uploads\/2020\/09\/Joe-Gimenez-180x180.jpg\" alt=\"\" width=\"180\" height=\"180\" srcset=\"https:\/\/iberculturaviva.org\/wp-content\/uploads\/2020\/09\/Joe-Gimenez-180x180.jpg 180w, https:\/\/iberculturaviva.org\/wp-content\/uploads\/2020\/09\/Joe-Gimenez-180x180-150x150.jpg 150w\" sizes=\"auto, (max-width: 180px) 100vw, 180px\" \/><\/a>JOE GIM\u00c9NEZ<\/b><\/h4>\n<h4><b>Directora de El C\u00e1ntaro BioEscuela Popular, Paraguay<\/b><\/h4>\n<p>&nbsp;<\/p>\n<p style=\"text-align: justify;\"><span style=\"font-weight: 400;\">Fundadora de El C\u00e1ntaro BioEscuela Popular en Aregu\u00e1, Paraguay, donde desde hace trece a\u00f1os cientos de ni\u00f1os, j\u00f3venes, y adultos acceden a pr\u00e1cticas culturales gratuitas que a su vez son herramientas para la transformaci\u00f3n social. Licenciada en Mediaci\u00f3n Cultural en el Conservatorio Nacional de Artes y Oficios de Par\u00eds. Miembro de la Red de Espacios Culturales del Sur.<\/span><\/p>\n<p>&nbsp;<\/p>\n<h4><b><a href=\"https:\/\/iberculturaviva.org\/wp-content\/uploads\/2020\/09\/Gerardo-Padilla-180x180.jpg\"><img loading=\"lazy\" decoding=\"async\" class=\"size-full wp-image-15227 alignleft\" src=\"https:\/\/iberculturaviva.org\/wp-content\/uploads\/2020\/09\/Gerardo-Padilla-180x180.jpg\" alt=\"\" width=\"180\" height=\"180\" srcset=\"https:\/\/iberculturaviva.org\/wp-content\/uploads\/2020\/09\/Gerardo-Padilla-180x180.jpg 180w, https:\/\/iberculturaviva.org\/wp-content\/uploads\/2020\/09\/Gerardo-Padilla-180x180-150x150.jpg 150w\" sizes=\"auto, (max-width: 180px) 100vw, 180px\" \/><\/a>GERARDO PADILLA<\/b><\/h4>\n<h4><b>Coordinador de Innovaci\u00f3n y Desarrollo Institucional \/ Municipalidad de San Luis Potos\u00ed, M\u00e9xico<\/b><\/h4>\n<p>&nbsp;<\/p>\n<p style=\"text-align: justify;\"><span style=\"font-weight: 400;\">Coordinador de Innovaci\u00f3n y Desarrollo Institucional de la Municipalidad de San Luis Potos\u00ed, donde lidera la iniciativa de cooperaci\u00f3n multilateral \u201cHacia una Carta de la Ciudad por los Derechos Culturales\u201d, junto a las Oficinas de la UNESCO en M\u00e9xico y a la Comisi\u00f3n Estatal de Derechos Humanos. Es cofundador de Traza MX. Consultor en derechos culturales y gobernanza cultural. Es profesor de asignatura en la rama Industrias Creativas y Culturales, e integrante de la Red de Investigadores Parlamentarios en L\u00ednea y de la Red Tem\u00e1tica CONACYT de Gobernanza Metropolitana y miembro de la plataforma AbreCultura.<\/span><\/p>\n<p>&nbsp;<\/p>\n<h4><b><a href=\"https:\/\/iberculturaviva.org\/wp-content\/uploads\/2020\/09\/Federico-Prieto_-180x180.jpg\"><img loading=\"lazy\" decoding=\"async\" class=\"size-full wp-image-15226 alignleft\" src=\"https:\/\/iberculturaviva.org\/wp-content\/uploads\/2020\/09\/Federico-Prieto_-180x180.jpg\" alt=\"\" width=\"180\" height=\"180\" srcset=\"https:\/\/iberculturaviva.org\/wp-content\/uploads\/2020\/09\/Federico-Prieto_-180x180.jpg 180w, https:\/\/iberculturaviva.org\/wp-content\/uploads\/2020\/09\/Federico-Prieto_-180x180-150x150.jpg 150w\" sizes=\"auto, (max-width: 180px) 100vw, 180px\" \/><\/a>FEDERICO PRIETO<\/b><\/h4>\n<h4><b>Director de Formaci\u00f3n y Diversidad Cultural \/ Provincia de Entre R\u00edos, Argentina<\/b><\/h4>\n<p>&nbsp;<\/p>\n<p style=\"text-align: justify;\"><span style=\"font-weight: 400;\">Egresado en Gesti\u00f3n Cultural, fot\u00f3grafo, promotor de la Cultura Viva Comunitaria. Actual director de Formaci\u00f3n y Diversidad Cultural de la Secretar\u00eda de Cultura del Gobierno de Entre R\u00edos. Asesor de cultura ad honorem de la C\u00e1mara de Diputados de la Provincia de Entre R\u00edos.<\/span><\/p>\n<p>&nbsp;<\/p>\n<h4><b><a href=\"https:\/\/iberculturaviva.org\/wp-content\/uploads\/2020\/09\/Liliana-Peralta_-300x300-e1600281353828.jpg\"><img loading=\"lazy\" decoding=\"async\" class=\"size-full wp-image-15225 alignleft\" src=\"https:\/\/iberculturaviva.org\/wp-content\/uploads\/2020\/09\/Liliana-Peralta_-300x300-e1600281353828.jpg\" alt=\"\" width=\"180\" height=\"180\" srcset=\"https:\/\/iberculturaviva.org\/wp-content\/uploads\/2020\/09\/Liliana-Peralta_-300x300-e1600281353828.jpg 180w, https:\/\/iberculturaviva.org\/wp-content\/uploads\/2020\/09\/Liliana-Peralta_-300x300-e1600281353828-150x150.jpg 150w\" sizes=\"auto, (max-width: 180px) 100vw, 180px\" \/><\/a>LILIANA PERALTA<\/b><\/h4>\n<h4><b>Secretaria de Cultura \/ Municipalidad de Comodoro Rivadavia, Argentina<\/b><\/h4>\n<p style=\"text-align: justify;\"><span style=\"font-weight: 400;\">Secretaria de Cultura de Comodoro Rivadavia. Profesora con posgrado en Gesti\u00f3n Cultural y Comunicaci\u00f3n. Coautora de m\u00e1s de diez libros de recopilaci\u00f3n hist\u00f3rica y de educaci\u00f3n. Primer Premio otorgado por la Sociedad Interamericana de Prensa (SIP) a la excelencia period\u00edstica.<\/span><\/p>\n<p>&nbsp;<\/p>\n<h4><\/h4>\n<h4><b><a href=\"https:\/\/iberculturaviva.org\/wp-content\/uploads\/2020\/09\/Juan-Carlos-Barreto_-180x180.jpg\"><img loading=\"lazy\" decoding=\"async\" class=\"size-full wp-image-15224 alignleft\" src=\"https:\/\/iberculturaviva.org\/wp-content\/uploads\/2020\/09\/Juan-Carlos-Barreto_-180x180.jpg\" alt=\"\" width=\"180\" height=\"180\" srcset=\"https:\/\/iberculturaviva.org\/wp-content\/uploads\/2020\/09\/Juan-Carlos-Barreto_-180x180.jpg 180w, https:\/\/iberculturaviva.org\/wp-content\/uploads\/2020\/09\/Juan-Carlos-Barreto_-180x180-150x150.jpg 150w\" sizes=\"auto, (max-width: 180px) 100vw, 180px\" \/><\/a>JUAN CARLOS BARRETO<\/b><\/h4>\n<h4><b>Direcci\u00f3n Nacional de Cultura \/ MEC Uruguay<\/b><\/h4>\n<p>&nbsp;<\/p>\n<p style=\"text-align: justify;\"><span style=\"font-weight: 400;\">Asesor de Gesti\u00f3n Territorial de la Direcci\u00f3n Nacional de Cultura de Uruguay. Gestor cultural, publicista y dise\u00f1ador gr\u00e1fico. Egresado de la Escuela de Artes Pedro Figari. Diplomado en Gesti\u00f3n Cultural, Patrimonio y Turismo Sustentable (Fundaci\u00f3n Ortega y Gasset, Buenos Aires, Argentina). Cursando la Maestr\u00eda en Pol\u00edticas Culturales CURE\/UDELAR. Director general de Cultura del Gobierno de San Jos\u00e9 (2005-2017). Integrante y presidente de la Comisi\u00f3n Departamental de Patrimonio de San Jos\u00e9 (2010-2017). Fundador y ex coordinador (2012-2017) de la Red Nacional de Direcciones de Cultura del Uruguay. Integrante del Consejo Nacional de Museos (2015-2017).<\/span><\/p>\n<p>&nbsp;<\/p>\n<h4><b>\u00bfCu\u00e1ndo?<\/b><\/h4>\n<h4><b>Viernes 18 de septiembre<\/b><\/h4>\n<h4><b>14 hs (ARG-BRA-CHL-URY), 12 hs (COL-ECU-MEX-PER), 11 hs (CRI-SLV), 19 hs (ESP)&nbsp;&nbsp;<\/b><\/h4>\n<p>&nbsp;<\/p>\n<p>&nbsp;<\/p>\n<ul>\n<li>\n<h4><b>Acompa\u00f1a la programaci\u00f3n a trav\u00e9s de la p\u00e1gina web del evento: <a href=\"https:\/\/www.encuentroderedes.org\">www.encuentroderedes.org<\/a><\/b><\/h4>\n<\/li>\n<\/ul>\n<p>&nbsp;<\/p>\n<p>&nbsp;<\/p>\n","protected":false},"excerpt":{"rendered":"<p>Doce representantes de gobiernos locales participar\u00e1n en el conversatorio organizado por la Red IberCultura Viva de Ciudades y Gobiernos Locales en el marco del 4\u00ba Encuentro de Redes, este viernes [&hellip;]<\/p>\n","protected":false},"author":2,"featured_media":0,"comment_status":"closed","ping_status":"closed","sticky":false,"template":"","format":"standard","meta":{"_coblocks_attr":"","_coblocks_dimensions":"","_coblocks_responsive_height":"","_coblocks_accordion_ie_support":"","_EventAllDay":false,"_EventTimezone":"","_EventStartDate":"","_EventEndDate":"","_EventStartDateUTC":"","_EventEndDateUTC":"","_EventShowMap":false,"_EventShowMapLink":false,"_EventURL":"","_EventCost":"","_EventCostDescription":"","_EventCurrencySymbol":"","_EventCurrencyCode":"","_EventCurrencyPosition":"","_EventDateTimeSeparator":"","_EventTimeRangeSeparator":"","_EventOrganizerID":[],"_EventVenueID":[],"_OrganizerEmail":"","_OrganizerPhone":"","_OrganizerWebsite":"","_VenueAddress":"","_VenueCity":"","_VenueCountry":"","_VenueProvince":"","_VenueState":"","_VenueZip":"","_VenuePhone":"","_VenueURL":"","_VenueStateProvince":"","_VenueLat":"","_VenueLng":"","_VenueShowMap":false,"_VenueShowMapLink":false,"footnotes":""},"categories":[262],"tags":[],"country-municipality":[],"class_list":["post-22955","post","type-post","status-publish","format-standard","hentry","category-noticias-es"],"yoast_head":"<!-- This site is optimized with the Yoast SEO plugin v25.7 - https:\/\/yoast.com\/wordpress\/plugins\/seo\/ -->\n<title>Representantes de gobiernos locales debaten el reto de volver a habitar los territorios en el \u201cnuevo normal\u201d - IberCultura Viva<\/title>\n<meta name=\"description\" content=\"Representantes de gobiernos locales debaten el reto de volver a habitar los territorios en el \u201cnuevo normal\u201d - IberCultura Viva\" \/>\n<meta name=\"robots\" content=\"index, follow, max-snippet:-1, max-image-preview:large, max-video-preview:-1\" \/>\n<link rel=\"canonical\" href=\"https:\/\/iberculturaviva.org\/es\/representantes-de-gobiernos-locales-debaten-el-reto-de-volver-a-habitar-los-territorios-en-el-nuevo-normal\/\" \/>\n<meta property=\"og:locale\" content=\"es_ES\" \/>\n<meta property=\"og:type\" content=\"article\" \/>\n<meta property=\"og:title\" content=\"Representantes de gobiernos locales debaten el reto de volver a habitar los territorios en el \u201cnuevo normal\u201d - IberCultura Viva\" \/>\n<meta property=\"og:description\" content=\"Representantes de gobiernos locales debaten el reto de volver a habitar los territorios en el \u201cnuevo normal\u201d - IberCultura Viva\" \/>\n<meta property=\"og:url\" content=\"https:\/\/iberculturaviva.org\/es\/representantes-de-gobiernos-locales-debaten-el-reto-de-volver-a-habitar-los-territorios-en-el-nuevo-normal\/\" \/>\n<meta property=\"og:site_name\" content=\"IberCultura Viva\" \/>\n<meta property=\"article:publisher\" content=\"https:\/\/www.facebook.com\/iberculturaviva\/\" \/>\n<meta property=\"article:published_time\" content=\"2020-09-16T18:39:55+00:00\" \/>\n<meta property=\"article:modified_time\" content=\"2021-01-22T19:44:19+00:00\" \/>\n<meta property=\"og:image\" content=\"https:\/\/iberculturaviva.org\/wp-content\/uploads\/2020\/09\/Dario-Zaratti-Chevarria-1-e1600278841140-180x180.jpg\" \/>\n<meta name=\"author\" content=\"IberCultura\" \/>\n<meta name=\"twitter:card\" content=\"summary_large_image\" \/>\n<meta name=\"twitter:label1\" content=\"Escrito por\" \/>\n\t<meta name=\"twitter:data1\" content=\"IberCultura\" \/>\n\t<meta name=\"twitter:label2\" content=\"Tiempo de lectura\" \/>\n\t<meta name=\"twitter:data2\" content=\"8 minutos\" \/>\n<script type=\"application\/ld+json\" class=\"yoast-schema-graph\">{\"@context\":\"https:\/\/schema.org\",\"@graph\":[{\"@type\":\"Article\",\"@id\":\"https:\/\/iberculturaviva.org\/es\/representantes-de-gobiernos-locales-debaten-el-reto-de-volver-a-habitar-los-territorios-en-el-nuevo-normal\/#article\",\"isPartOf\":{\"@id\":\"https:\/\/iberculturaviva.org\/es\/representantes-de-gobiernos-locales-debaten-el-reto-de-volver-a-habitar-los-territorios-en-el-nuevo-normal\/\"},\"author\":{\"name\":\"IberCultura\",\"@id\":\"https:\/\/iberculturaviva.org\/es\/?lang=es\/#\/schema\/person\/5d1313b072cc25536e0431522f740b59\"},\"headline\":\"Representantes de gobiernos locales debaten el reto de volver a habitar los territorios en el \u201cnuevo normal\u201d\",\"datePublished\":\"2020-09-16T18:39:55+00:00\",\"dateModified\":\"2021-01-22T19:44:19+00:00\",\"mainEntityOfPage\":{\"@id\":\"https:\/\/iberculturaviva.org\/es\/representantes-de-gobiernos-locales-debaten-el-reto-de-volver-a-habitar-los-territorios-en-el-nuevo-normal\/\"},\"wordCount\":1623,\"publisher\":{\"@id\":\"https:\/\/iberculturaviva.org\/es\/?lang=es\/#organization\"},\"image\":{\"@id\":\"https:\/\/iberculturaviva.org\/es\/representantes-de-gobiernos-locales-debaten-el-reto-de-volver-a-habitar-los-territorios-en-el-nuevo-normal\/#primaryimage\"},\"thumbnailUrl\":\"https:\/\/iberculturaviva.org\/wp-content\/uploads\/2020\/09\/Dario-Zaratti-Chevarria-1-e1600278841140-180x180.jpg\",\"articleSection\":[\"Noticias\"],\"inLanguage\":\"es\"},{\"@type\":\"WebPage\",\"@id\":\"https:\/\/iberculturaviva.org\/es\/representantes-de-gobiernos-locales-debaten-el-reto-de-volver-a-habitar-los-territorios-en-el-nuevo-normal\/\",\"url\":\"https:\/\/iberculturaviva.org\/es\/representantes-de-gobiernos-locales-debaten-el-reto-de-volver-a-habitar-los-territorios-en-el-nuevo-normal\/\",\"name\":\"Representantes de gobiernos locales debaten el reto de volver a habitar los territorios en el \u201cnuevo normal\u201d - IberCultura Viva\",\"isPartOf\":{\"@id\":\"https:\/\/iberculturaviva.org\/es\/?lang=es\/#website\"},\"primaryImageOfPage\":{\"@id\":\"https:\/\/iberculturaviva.org\/es\/representantes-de-gobiernos-locales-debaten-el-reto-de-volver-a-habitar-los-territorios-en-el-nuevo-normal\/#primaryimage\"},\"image\":{\"@id\":\"https:\/\/iberculturaviva.org\/es\/representantes-de-gobiernos-locales-debaten-el-reto-de-volver-a-habitar-los-territorios-en-el-nuevo-normal\/#primaryimage\"},\"thumbnailUrl\":\"https:\/\/iberculturaviva.org\/wp-content\/uploads\/2020\/09\/Dario-Zaratti-Chevarria-1-e1600278841140-180x180.jpg\",\"datePublished\":\"2020-09-16T18:39:55+00:00\",\"dateModified\":\"2021-01-22T19:44:19+00:00\",\"description\":\"Representantes de gobiernos locales debaten el reto de volver a habitar los territorios en el \u201cnuevo normal\u201d - IberCultura Viva\",\"breadcrumb\":{\"@id\":\"https:\/\/iberculturaviva.org\/es\/representantes-de-gobiernos-locales-debaten-el-reto-de-volver-a-habitar-los-territorios-en-el-nuevo-normal\/#breadcrumb\"},\"inLanguage\":\"es\",\"potentialAction\":[{\"@type\":\"ReadAction\",\"target\":[\"https:\/\/iberculturaviva.org\/es\/representantes-de-gobiernos-locales-debaten-el-reto-de-volver-a-habitar-los-territorios-en-el-nuevo-normal\/\"]}]},{\"@type\":\"ImageObject\",\"inLanguage\":\"es\",\"@id\":\"https:\/\/iberculturaviva.org\/es\/representantes-de-gobiernos-locales-debaten-el-reto-de-volver-a-habitar-los-territorios-en-el-nuevo-normal\/#primaryimage\",\"url\":\"https:\/\/iberculturaviva.org\/wp-content\/uploads\/2020\/09\/Dario-Zaratti-Chevarria-1-e1600278841140-180x180.jpg\",\"contentUrl\":\"https:\/\/iberculturaviva.org\/wp-content\/uploads\/2020\/09\/Dario-Zaratti-Chevarria-1-e1600278841140-180x180.jpg\"},{\"@type\":\"BreadcrumbList\",\"@id\":\"https:\/\/iberculturaviva.org\/es\/representantes-de-gobiernos-locales-debaten-el-reto-de-volver-a-habitar-los-territorios-en-el-nuevo-normal\/#breadcrumb\",\"itemListElement\":[{\"@type\":\"ListItem\",\"position\":1,\"name\":\"In\u00edcio\",\"item\":\"https:\/\/iberculturaviva.org\/es\/inicio\/\"},{\"@type\":\"ListItem\",\"position\":2,\"name\":\"Representantes de gobiernos locales debaten el reto de volver a habitar los territorios en el \u201cnuevo normal\u201d\"}]},{\"@type\":\"WebSite\",\"@id\":\"https:\/\/iberculturaviva.org\/es\/?lang=es\/#website\",\"url\":\"https:\/\/iberculturaviva.org\/es\/?lang=es\/\",\"name\":\"IberCultura Viva\",\"description\":\"Programa de cooperaci\u00f3n cultural\",\"publisher\":{\"@id\":\"https:\/\/iberculturaviva.org\/es\/?lang=es\/#organization\"},\"potentialAction\":[{\"@type\":\"SearchAction\",\"target\":{\"@type\":\"EntryPoint\",\"urlTemplate\":\"https:\/\/iberculturaviva.org\/es\/?lang=es\/?s={search_term_string}\"},\"query-input\":{\"@type\":\"PropertyValueSpecification\",\"valueRequired\":true,\"valueName\":\"search_term_string\"}}],\"inLanguage\":\"es\"},{\"@type\":\"Organization\",\"@id\":\"https:\/\/iberculturaviva.org\/es\/?lang=es\/#organization\",\"name\":\"Iberculturaviva\",\"url\":\"https:\/\/iberculturaviva.org\/es\/?lang=es\/\",\"logo\":{\"@type\":\"ImageObject\",\"inLanguage\":\"es\",\"@id\":\"https:\/\/iberculturaviva.org\/es\/?lang=es\/#\/schema\/logo\/image\/\",\"url\":\"https:\/\/iberculturaviva.org\/wp-content\/uploads\/2021\/08\/logo_ibercultura_viva.jpg\",\"contentUrl\":\"https:\/\/iberculturaviva.org\/wp-content\/uploads\/2021\/08\/logo_ibercultura_viva.jpg\",\"width\":708,\"height\":223,\"caption\":\"Iberculturaviva\"},\"image\":{\"@id\":\"https:\/\/iberculturaviva.org\/es\/?lang=es\/#\/schema\/logo\/image\/\"},\"sameAs\":[\"https:\/\/www.facebook.com\/iberculturaviva\/\",\"https:\/\/www.instagram.com\/iberculturaviva\/\",\"https:\/\/www.youtube.com\/iberculturaviva\"]},{\"@type\":\"Person\",\"@id\":\"https:\/\/iberculturaviva.org\/es\/?lang=es\/#\/schema\/person\/5d1313b072cc25536e0431522f740b59\",\"name\":\"IberCultura\",\"image\":{\"@type\":\"ImageObject\",\"inLanguage\":\"es\",\"@id\":\"https:\/\/iberculturaviva.org\/es\/?lang=es\/#\/schema\/person\/image\/\",\"url\":\"https:\/\/secure.gravatar.com\/avatar\/79f1a057cb125cbefb3765d0356d52fc7f3bba3a35e2cf22bc4de090bb7aef70?s=96&d=mm&r=g\",\"contentUrl\":\"https:\/\/secure.gravatar.com\/avatar\/79f1a057cb125cbefb3765d0356d52fc7f3bba3a35e2cf22bc4de090bb7aef70?s=96&d=mm&r=g\",\"caption\":\"IberCultura\"}}]}<\/script>\n<!-- \/ Yoast SEO plugin. -->","yoast_head_json":{"title":"Representantes de gobiernos locales debaten el reto de volver a habitar los territorios en el \u201cnuevo normal\u201d - IberCultura Viva","description":"Representantes de gobiernos locales debaten el reto de volver a habitar los territorios en el \u201cnuevo normal\u201d - IberCultura Viva","robots":{"index":"index","follow":"follow","max-snippet":"max-snippet:-1","max-image-preview":"max-image-preview:large","max-video-preview":"max-video-preview:-1"},"canonical":"https:\/\/iberculturaviva.org\/es\/representantes-de-gobiernos-locales-debaten-el-reto-de-volver-a-habitar-los-territorios-en-el-nuevo-normal\/","og_locale":"es_ES","og_type":"article","og_title":"Representantes de gobiernos locales debaten el reto de volver a habitar los territorios en el \u201cnuevo normal\u201d - IberCultura Viva","og_description":"Representantes de gobiernos locales debaten el reto de volver a habitar los territorios en el \u201cnuevo normal\u201d - IberCultura Viva","og_url":"https:\/\/iberculturaviva.org\/es\/representantes-de-gobiernos-locales-debaten-el-reto-de-volver-a-habitar-los-territorios-en-el-nuevo-normal\/","og_site_name":"IberCultura Viva","article_publisher":"https:\/\/www.facebook.com\/iberculturaviva\/","article_published_time":"2020-09-16T18:39:55+00:00","article_modified_time":"2021-01-22T19:44:19+00:00","og_image":[{"url":"https:\/\/iberculturaviva.org\/wp-content\/uploads\/2020\/09\/Dario-Zaratti-Chevarria-1-e1600278841140-180x180.jpg","type":"","width":"","height":""}],"author":"IberCultura","twitter_card":"summary_large_image","twitter_misc":{"Escrito por":"IberCultura","Tiempo de lectura":"8 minutos"},"schema":{"@context":"https:\/\/schema.org","@graph":[{"@type":"Article","@id":"https:\/\/iberculturaviva.org\/es\/representantes-de-gobiernos-locales-debaten-el-reto-de-volver-a-habitar-los-territorios-en-el-nuevo-normal\/#article","isPartOf":{"@id":"https:\/\/iberculturaviva.org\/es\/representantes-de-gobiernos-locales-debaten-el-reto-de-volver-a-habitar-los-territorios-en-el-nuevo-normal\/"},"author":{"name":"IberCultura","@id":"https:\/\/iberculturaviva.org\/es\/?lang=es\/#\/schema\/person\/5d1313b072cc25536e0431522f740b59"},"headline":"Representantes de gobiernos locales debaten el reto de volver a habitar los territorios en el \u201cnuevo normal\u201d","datePublished":"2020-09-16T18:39:55+00:00","dateModified":"2021-01-22T19:44:19+00:00","mainEntityOfPage":{"@id":"https:\/\/iberculturaviva.org\/es\/representantes-de-gobiernos-locales-debaten-el-reto-de-volver-a-habitar-los-territorios-en-el-nuevo-normal\/"},"wordCount":1623,"publisher":{"@id":"https:\/\/iberculturaviva.org\/es\/?lang=es\/#organization"},"image":{"@id":"https:\/\/iberculturaviva.org\/es\/representantes-de-gobiernos-locales-debaten-el-reto-de-volver-a-habitar-los-territorios-en-el-nuevo-normal\/#primaryimage"},"thumbnailUrl":"https:\/\/iberculturaviva.org\/wp-content\/uploads\/2020\/09\/Dario-Zaratti-Chevarria-1-e1600278841140-180x180.jpg","articleSection":["Noticias"],"inLanguage":"es"},{"@type":"WebPage","@id":"https:\/\/iberculturaviva.org\/es\/representantes-de-gobiernos-locales-debaten-el-reto-de-volver-a-habitar-los-territorios-en-el-nuevo-normal\/","url":"https:\/\/iberculturaviva.org\/es\/representantes-de-gobiernos-locales-debaten-el-reto-de-volver-a-habitar-los-territorios-en-el-nuevo-normal\/","name":"Representantes de gobiernos locales debaten el reto de volver a habitar los territorios en el \u201cnuevo normal\u201d - IberCultura Viva","isPartOf":{"@id":"https:\/\/iberculturaviva.org\/es\/?lang=es\/#website"},"primaryImageOfPage":{"@id":"https:\/\/iberculturaviva.org\/es\/representantes-de-gobiernos-locales-debaten-el-reto-de-volver-a-habitar-los-territorios-en-el-nuevo-normal\/#primaryimage"},"image":{"@id":"https:\/\/iberculturaviva.org\/es\/representantes-de-gobiernos-locales-debaten-el-reto-de-volver-a-habitar-los-territorios-en-el-nuevo-normal\/#primaryimage"},"thumbnailUrl":"https:\/\/iberculturaviva.org\/wp-content\/uploads\/2020\/09\/Dario-Zaratti-Chevarria-1-e1600278841140-180x180.jpg","datePublished":"2020-09-16T18:39:55+00:00","dateModified":"2021-01-22T19:44:19+00:00","description":"Representantes de gobiernos locales debaten el reto de volver a habitar los territorios en el \u201cnuevo normal\u201d - IberCultura Viva","breadcrumb":{"@id":"https:\/\/iberculturaviva.org\/es\/representantes-de-gobiernos-locales-debaten-el-reto-de-volver-a-habitar-los-territorios-en-el-nuevo-normal\/#breadcrumb"},"inLanguage":"es","potentialAction":[{"@type":"ReadAction","target":["https:\/\/iberculturaviva.org\/es\/representantes-de-gobiernos-locales-debaten-el-reto-de-volver-a-habitar-los-territorios-en-el-nuevo-normal\/"]}]},{"@type":"ImageObject","inLanguage":"es","@id":"https:\/\/iberculturaviva.org\/es\/representantes-de-gobiernos-locales-debaten-el-reto-de-volver-a-habitar-los-territorios-en-el-nuevo-normal\/#primaryimage","url":"https:\/\/iberculturaviva.org\/wp-content\/uploads\/2020\/09\/Dario-Zaratti-Chevarria-1-e1600278841140-180x180.jpg","contentUrl":"https:\/\/iberculturaviva.org\/wp-content\/uploads\/2020\/09\/Dario-Zaratti-Chevarria-1-e1600278841140-180x180.jpg"},{"@type":"BreadcrumbList","@id":"https:\/\/iberculturaviva.org\/es\/representantes-de-gobiernos-locales-debaten-el-reto-de-volver-a-habitar-los-territorios-en-el-nuevo-normal\/#breadcrumb","itemListElement":[{"@type":"ListItem","position":1,"name":"In\u00edcio","item":"https:\/\/iberculturaviva.org\/es\/inicio\/"},{"@type":"ListItem","position":2,"name":"Representantes de gobiernos locales debaten el reto de volver a habitar los territorios en el \u201cnuevo normal\u201d"}]},{"@type":"WebSite","@id":"https:\/\/iberculturaviva.org\/es\/?lang=es\/#website","url":"https:\/\/iberculturaviva.org\/es\/?lang=es\/","name":"IberCultura Viva","description":"Programa de cooperaci\u00f3n cultural","publisher":{"@id":"https:\/\/iberculturaviva.org\/es\/?lang=es\/#organization"},"potentialAction":[{"@type":"SearchAction","target":{"@type":"EntryPoint","urlTemplate":"https:\/\/iberculturaviva.org\/es\/?lang=es\/?s={search_term_string}"},"query-input":{"@type":"PropertyValueSpecification","valueRequired":true,"valueName":"search_term_string"}}],"inLanguage":"es"},{"@type":"Organization","@id":"https:\/\/iberculturaviva.org\/es\/?lang=es\/#organization","name":"Iberculturaviva","url":"https:\/\/iberculturaviva.org\/es\/?lang=es\/","logo":{"@type":"ImageObject","inLanguage":"es","@id":"https:\/\/iberculturaviva.org\/es\/?lang=es\/#\/schema\/logo\/image\/","url":"https:\/\/iberculturaviva.org\/wp-content\/uploads\/2021\/08\/logo_ibercultura_viva.jpg","contentUrl":"https:\/\/iberculturaviva.org\/wp-content\/uploads\/2021\/08\/logo_ibercultura_viva.jpg","width":708,"height":223,"caption":"Iberculturaviva"},"image":{"@id":"https:\/\/iberculturaviva.org\/es\/?lang=es\/#\/schema\/logo\/image\/"},"sameAs":["https:\/\/www.facebook.com\/iberculturaviva\/","https:\/\/www.instagram.com\/iberculturaviva\/","https:\/\/www.youtube.com\/iberculturaviva"]},{"@type":"Person","@id":"https:\/\/iberculturaviva.org\/es\/?lang=es\/#\/schema\/person\/5d1313b072cc25536e0431522f740b59","name":"IberCultura","image":{"@type":"ImageObject","inLanguage":"es","@id":"https:\/\/iberculturaviva.org\/es\/?lang=es\/#\/schema\/person\/image\/","url":"https:\/\/secure.gravatar.com\/avatar\/79f1a057cb125cbefb3765d0356d52fc7f3bba3a35e2cf22bc4de090bb7aef70?s=96&d=mm&r=g","contentUrl":"https:\/\/secure.gravatar.com\/avatar\/79f1a057cb125cbefb3765d0356d52fc7f3bba3a35e2cf22bc4de090bb7aef70?s=96&d=mm&r=g","caption":"IberCultura"}}]}},"main_category":{"link":"https:\/\/iberculturaviva.org\/es\/category\/noticias-es\/","name":"Noticias","slug":"noticias-es"},"_links":{"self":[{"href":"https:\/\/iberculturaviva.org\/es\/wp-json\/wp\/v2\/posts\/22955","targetHints":{"allow":["GET"]}}],"collection":[{"href":"https:\/\/iberculturaviva.org\/es\/wp-json\/wp\/v2\/posts"}],"about":[{"href":"https:\/\/iberculturaviva.org\/es\/wp-json\/wp\/v2\/types\/post"}],"author":[{"embeddable":true,"href":"https:\/\/iberculturaviva.org\/es\/wp-json\/wp\/v2\/users\/2"}],"replies":[{"embeddable":true,"href":"https:\/\/iberculturaviva.org\/es\/wp-json\/wp\/v2\/comments?post=22955"}],"version-history":[{"count":1,"href":"https:\/\/iberculturaviva.org\/es\/wp-json\/wp\/v2\/posts\/22955\/revisions"}],"predecessor-version":[{"id":22956,"href":"https:\/\/iberculturaviva.org\/es\/wp-json\/wp\/v2\/posts\/22955\/revisions\/22956"}],"wp:attachment":[{"href":"https:\/\/iberculturaviva.org\/es\/wp-json\/wp\/v2\/media?parent=22955"}],"wp:term":[{"taxonomy":"category","embeddable":true,"href":"https:\/\/iberculturaviva.org\/es\/wp-json\/wp\/v2\/categories?post=22955"},{"taxonomy":"post_tag","embeddable":true,"href":"https:\/\/iberculturaviva.org\/es\/wp-json\/wp\/v2\/tags?post=22955"},{"taxonomy":"country-municipality","embeddable":true,"href":"https:\/\/iberculturaviva.org\/es\/wp-json\/wp\/v2\/country-municipality?post=22955"}],"curies":[{"name":"wp","href":"https:\/\/api.w.org\/{rel}","templated":true}]}}