{"id":16878,"date":"2020-08-28T12:15:59","date_gmt":"2020-08-28T15:15:59","guid":{"rendered":"https:\/\/iberculturaviva.org\/programa-red-cultura-de-chile-promueve-charlas-talleres-y-cursos-para-organizaciones-culturales-comunitarias\/"},"modified":"2020-12-23T13:30:58","modified_gmt":"2020-12-23T16:30:58","slug":"programa-red-cultura-de-chile-promueve-charlas-talleres-y-cursos-para-organizaciones-culturales-comunitarias","status":"publish","type":"post","link":"https:\/\/iberculturaviva.org\/es\/programa-red-cultura-de-chile-promueve-charlas-talleres-y-cursos-para-organizaciones-culturales-comunitarias\/","title":{"rendered":"Programa Red Cultura, de Chile, promueve charlas, talleres y cursos para organizaciones culturales comunitarias"},"content":{"rendered":"<p style=\"text-align: justify;\"><span style=\"font-weight: 400;\"><a href=\"https:\/\/iberculturaviva.org\/wp-content\/uploads\/2020\/08\/WhatsApp-Image-2020-08-27-at-18.05.19.jpeg\"><img loading=\"lazy\" decoding=\"async\" class=\" wp-image-14912 alignright\" src=\"https:\/\/iberculturaviva.org\/wp-content\/uploads\/2020\/08\/WhatsApp-Image-2020-08-27-at-18.05.19-960x956.jpeg\" alt=\"\" width=\"249\" height=\"248\" \/><\/a>Entre el 4 de septiembre y el 15 de octubre se desarrollar\u00e1 una serie de actividades formativas en Gesti\u00f3n Cultural y Sostenibilidad, gratuitas y en formato virtual, promovidas por la Secretar\u00eda Regional Ministerial (Seremi) de las Culturas, las Artes y el Patrimonio &#8211; Regi\u00f3n de Tarapac\u00e1 (Chile), a trav\u00e9s del programa Red Cultura. Las charlas, los talleres y cursos est\u00e1n dirigidos a directivas de organizaciones culturales comunitarias (OCC) y juntas vecinales, gestores y agentes culturales y personas interesadas en el desarrollo cultural del territorio.\u00a0<\/span><\/p>\n<p style=\"text-align: justify;\"><span style=\"font-weight: 400;\">La charla \u201cImpacto de la cultura en el desarrollo de los territorios\u201d, con Gerardo Daniel Padilla, dar\u00e1 inicio a las actividades el d\u00eda 4 de septiembre, a las 17:00 (horario de Chile). <\/span><span style=\"font-weight: 400;\">Padilla es coordinador de Innovaci\u00f3n y Desarrollo Institucional en la Direcci\u00f3n de Cultura de San Luis Potos\u00ed (M\u00e9xico), donde lidera la iniciativa de cooperaci\u00f3n multilateral \u201cCarta de la Ciudad de San Luis Potos\u00ed por los Derechos Culturales\u201d de la mano de la UNESCO, as\u00ed como la Comisi\u00f3n COVID-19 de la Red de Ciudades y Gobiernos Locales de IberCultura Viva.<\/span><\/p>\n<p style=\"text-align: justify;\"><span style=\"font-weight: 400;\">El lunes 7 de septiembre comenzar\u00e1 el curso \u00abSentido y desaf\u00edos de la organizaci\u00f3n cultural comunitaria hoy\u00bb. Ser\u00e1n cinco sesiones, siempre a las 16:00 (horario de Chile): \u201cPol\u00edticas Culturales\u201d (07\/09); \u201cParticipaci\u00f3n Ciudadana y Gobernanza\u201d (08\/09); \u201cAnimaci\u00f3n Sociocultural\u201d (10\/09); \u201cComunicaci\u00f3n efectiva\u201d (22\/09); \u201cSentido y desaf\u00edos de la Gesti\u00f3n Cultural Comunitaria hoy\u201d (24\/09).\u00a0<em>(* Se entregar\u00e1 un certificado con 80% de asistencia y participaci\u00f3n obligatoria a \u00faltima sesi\u00f3n.)<\/em><\/span><\/p>\n<h4><\/h4>\n<h4><strong>Inscripciones:<\/strong><\/h4>\n<p><span style=\"font-weight: 400;\"><strong>Charla inaugural<\/strong>: <\/span><a href=\"https:\/\/l.facebook.com\/l.php?u=https%3A%2F%2Fforms.gle%2F1Sum8JBrsXqUG6of7%3Ffbclid%3DIwAR3VppZd-lhiEL7_qOTnjpul8t2TfnRYrQMnhncBzdrWh2-kAJbv7EQiX1c&amp;h=AT1vXDkkpG7j5idm7MsF229lnUTksl-z2sySBFyopjhnGSk0paDAMsC1YPHIC7AtQny3yRJQVof2LAdZkFtT2FaIyxT9o91glZ5_OUHdrulsLZp_GyTljVR1I8ei1w2kpnaIE0Z06dkstQIzcsl3Cb5UawAJGFSK9peLzK_PpAMGJhVcQaAkqXxS6FJ5lOXJm6RndRNdlp25KVh-KYWFG94ykSjiWFzUHqhHs2Vv68p2DCjKZkYnJSQshicr4D8t-vDKl-UR7z2bMcOtw5dyuosRN_XwJU9DIXwFohCjtoKhb8kzTTHCS-rpMW690ahDhVgvpb1J_G2fp_TMke1d7Gso-DThRVGUl3vhn1f19l8OxLUnP7-jssrGvjuRNKb_R8wq4P4Yvc9Vebruyg8itJpu_fcQ2oP8KNJl0-Md6eTLPXwwSoi-dUUgGCA3g0S1HgDh5npKTb3yF-34ChUDSSMbUWAjOwXk9LQyaLbHzX4-69LZXSj6GE624x2SlvH6KrSn2RW0utXRH1Z4zBbGMQZNbfiCnk6099x5i7pH2y3hK_XKFcDlMSgPpVGy05jH9fPIjZjsxs1bYbz_I1MKMWBX0IYVXHNO2v8WGB28luZ0RoxVTgWZgj9QtbQTRoCg-WF12VHMP2jzmKLPLGy42eISNmXcZyUhRKQZ_dSMtw9P8nlPEMHArAA7vylJb883xnChmX3RSrZDZqjtrlIGxOayVpXqecQXlYMupCZyPmvTwcoj3iIXHrPkgO0Z2ieO80iCaRgk0iPlnQWZD-GHesokbV14kaN582-VGTXjgoWEFPPh8vqLxeOy4WcIWbovA5Xh1wjya4o9iHdLV2X3poh-xOlbbA\"><span style=\"font-weight: 400;\">https:\/\/forms.gle\/1Sum8JBrsXqUG6of7<\/span><\/a><\/p>\n<p><span style=\"font-weight: 400;\"><strong>Curso<\/strong>: <\/span><a href=\"https:\/\/forms.gle\/NkkJWcKrByCUZnbA9\"><span style=\"font-weight: 400;\">https:\/\/forms.gle\/NkkJWcKrByCUZnbA9<\/span><\/a><\/p>\n<p><span style=\"font-weight: 400;\"><strong>Consultas<\/strong>:<\/span><a href=\"mailto:redcultura.tarapaca@gmail.com\"><span style=\"font-weight: 400;\"> redcultura.tarapaca@gmail.com<\/span><\/a><\/p>\n<p>&nbsp;<\/p>\n<p>&nbsp;<\/p>\n<p>&nbsp;<\/p>\n","protected":false},"excerpt":{"rendered":"<p>Entre el 4 de septiembre y el 15 de octubre se desarrollar\u00e1 una serie de actividades formativas en Gesti\u00f3n Cultural y Sostenibilidad, gratuitas y en formato virtual, promovidas por la [&hellip;]<\/p>\n","protected":false},"author":2,"featured_media":0,"comment_status":"closed","ping_status":"closed","sticky":false,"template":"","format":"standard","meta":{"_coblocks_attr":"","_coblocks_dimensions":"","_coblocks_responsive_height":"","_coblocks_accordion_ie_support":"","_EventAllDay":false,"_EventTimezone":"","_EventStartDate":"","_EventEndDate":"","_EventStartDateUTC":"","_EventEndDateUTC":"","_EventShowMap":false,"_EventShowMapLink":false,"_EventURL":"","_EventCost":"","_EventCostDescription":"","_EventCurrencySymbol":"","_EventCurrencyCode":"","_EventCurrencyPosition":"","_EventDateTimeSeparator":"","_EventTimeRangeSeparator":"","_EventOrganizerID":[],"_EventVenueID":[],"_OrganizerEmail":"","_OrganizerPhone":"","_OrganizerWebsite":"","_VenueAddress":"","_VenueCity":"","_VenueCountry":"","_VenueProvince":"","_VenueState":"","_VenueZip":"","_VenuePhone":"","_VenueURL":"","_VenueStateProvince":"","_VenueLat":"","_VenueLng":"","_VenueShowMap":false,"_VenueShowMapLink":false,"footnotes":""},"categories":[632,262],"tags":[],"country-municipality":[],"class_list":["post-16878","post","type-post","status-publish","format-standard","hentry","category-formacion","category-noticias-es"],"yoast_head":"<!-- This site is optimized with the Yoast SEO plugin v25.7 - https:\/\/yoast.com\/wordpress\/plugins\/seo\/ -->\n<title>Programa Red Cultura, de Chile, promueve charlas, talleres y cursos para organizaciones culturales comunitarias - IberCultura Viva<\/title>\n<meta name=\"description\" content=\"Programa Red Cultura, de Chile, promueve charlas, talleres y cursos para organizaciones culturales comunitarias - IberCultura Viva\" \/>\n<meta name=\"robots\" content=\"index, follow, max-snippet:-1, max-image-preview:large, max-video-preview:-1\" \/>\n<link rel=\"canonical\" href=\"https:\/\/iberculturaviva.org\/es\/programa-red-cultura-de-chile-promueve-charlas-talleres-y-cursos-para-organizaciones-culturales-comunitarias\/\" \/>\n<meta property=\"og:locale\" content=\"es_ES\" \/>\n<meta property=\"og:type\" content=\"article\" \/>\n<meta property=\"og:title\" content=\"Programa Red Cultura, de Chile, promueve charlas, talleres y cursos para organizaciones culturales comunitarias - IberCultura Viva\" \/>\n<meta property=\"og:description\" content=\"Programa Red Cultura, de Chile, promueve charlas, talleres y cursos para organizaciones culturales comunitarias - IberCultura Viva\" \/>\n<meta property=\"og:url\" content=\"https:\/\/iberculturaviva.org\/es\/programa-red-cultura-de-chile-promueve-charlas-talleres-y-cursos-para-organizaciones-culturales-comunitarias\/\" \/>\n<meta property=\"og:site_name\" content=\"IberCultura Viva\" \/>\n<meta property=\"article:publisher\" content=\"https:\/\/www.facebook.com\/iberculturaviva\/\" \/>\n<meta property=\"article:published_time\" content=\"2020-08-28T15:15:59+00:00\" \/>\n<meta property=\"article:modified_time\" content=\"2020-12-23T16:30:58+00:00\" \/>\n<meta property=\"og:image\" content=\"https:\/\/iberculturaviva.org\/wp-content\/uploads\/2020\/08\/WhatsApp-Image-2020-08-27-at-18.05.19-960x956.jpeg\" \/>\n<meta name=\"author\" content=\"IberCultura\" \/>\n<meta name=\"twitter:card\" content=\"summary_large_image\" \/>\n<meta name=\"twitter:label1\" content=\"Escrito por\" \/>\n\t<meta name=\"twitter:data1\" content=\"IberCultura\" \/>\n\t<meta name=\"twitter:label2\" content=\"Tiempo de lectura\" \/>\n\t<meta name=\"twitter:data2\" content=\"1 minuto\" \/>\n<script type=\"application\/ld+json\" class=\"yoast-schema-graph\">{\"@context\":\"https:\/\/schema.org\",\"@graph\":[{\"@type\":\"Article\",\"@id\":\"https:\/\/iberculturaviva.org\/es\/programa-red-cultura-de-chile-promueve-charlas-talleres-y-cursos-para-organizaciones-culturales-comunitarias\/#article\",\"isPartOf\":{\"@id\":\"https:\/\/iberculturaviva.org\/es\/programa-red-cultura-de-chile-promueve-charlas-talleres-y-cursos-para-organizaciones-culturales-comunitarias\/\"},\"author\":{\"name\":\"IberCultura\",\"@id\":\"https:\/\/iberculturaviva.org\/es\/?lang=es\/#\/schema\/person\/5d1313b072cc25536e0431522f740b59\"},\"headline\":\"Programa Red Cultura, de Chile, promueve charlas, talleres y cursos para organizaciones culturales comunitarias\",\"datePublished\":\"2020-08-28T15:15:59+00:00\",\"dateModified\":\"2020-12-23T16:30:58+00:00\",\"mainEntityOfPage\":{\"@id\":\"https:\/\/iberculturaviva.org\/es\/programa-red-cultura-de-chile-promueve-charlas-talleres-y-cursos-para-organizaciones-culturales-comunitarias\/\"},\"wordCount\":286,\"publisher\":{\"@id\":\"https:\/\/iberculturaviva.org\/es\/?lang=es\/#organization\"},\"image\":{\"@id\":\"https:\/\/iberculturaviva.org\/es\/programa-red-cultura-de-chile-promueve-charlas-talleres-y-cursos-para-organizaciones-culturales-comunitarias\/#primaryimage\"},\"thumbnailUrl\":\"https:\/\/iberculturaviva.org\/wp-content\/uploads\/2020\/08\/WhatsApp-Image-2020-08-27-at-18.05.19-960x956.jpeg\",\"articleSection\":[\"Formaci\u00f3n\",\"Noticias\"],\"inLanguage\":\"es\"},{\"@type\":\"WebPage\",\"@id\":\"https:\/\/iberculturaviva.org\/es\/programa-red-cultura-de-chile-promueve-charlas-talleres-y-cursos-para-organizaciones-culturales-comunitarias\/\",\"url\":\"https:\/\/iberculturaviva.org\/es\/programa-red-cultura-de-chile-promueve-charlas-talleres-y-cursos-para-organizaciones-culturales-comunitarias\/\",\"name\":\"Programa Red Cultura, de Chile, promueve charlas, talleres y cursos para organizaciones culturales comunitarias - IberCultura Viva\",\"isPartOf\":{\"@id\":\"https:\/\/iberculturaviva.org\/es\/?lang=es\/#website\"},\"primaryImageOfPage\":{\"@id\":\"https:\/\/iberculturaviva.org\/es\/programa-red-cultura-de-chile-promueve-charlas-talleres-y-cursos-para-organizaciones-culturales-comunitarias\/#primaryimage\"},\"image\":{\"@id\":\"https:\/\/iberculturaviva.org\/es\/programa-red-cultura-de-chile-promueve-charlas-talleres-y-cursos-para-organizaciones-culturales-comunitarias\/#primaryimage\"},\"thumbnailUrl\":\"https:\/\/iberculturaviva.org\/wp-content\/uploads\/2020\/08\/WhatsApp-Image-2020-08-27-at-18.05.19-960x956.jpeg\",\"datePublished\":\"2020-08-28T15:15:59+00:00\",\"dateModified\":\"2020-12-23T16:30:58+00:00\",\"description\":\"Programa Red Cultura, de Chile, promueve charlas, talleres y cursos para organizaciones culturales comunitarias - IberCultura Viva\",\"breadcrumb\":{\"@id\":\"https:\/\/iberculturaviva.org\/es\/programa-red-cultura-de-chile-promueve-charlas-talleres-y-cursos-para-organizaciones-culturales-comunitarias\/#breadcrumb\"},\"inLanguage\":\"es\",\"potentialAction\":[{\"@type\":\"ReadAction\",\"target\":[\"https:\/\/iberculturaviva.org\/es\/programa-red-cultura-de-chile-promueve-charlas-talleres-y-cursos-para-organizaciones-culturales-comunitarias\/\"]}]},{\"@type\":\"ImageObject\",\"inLanguage\":\"es\",\"@id\":\"https:\/\/iberculturaviva.org\/es\/programa-red-cultura-de-chile-promueve-charlas-talleres-y-cursos-para-organizaciones-culturales-comunitarias\/#primaryimage\",\"url\":\"https:\/\/iberculturaviva.org\/wp-content\/uploads\/2020\/08\/WhatsApp-Image-2020-08-27-at-18.05.19-960x956.jpeg\",\"contentUrl\":\"https:\/\/iberculturaviva.org\/wp-content\/uploads\/2020\/08\/WhatsApp-Image-2020-08-27-at-18.05.19-960x956.jpeg\"},{\"@type\":\"BreadcrumbList\",\"@id\":\"https:\/\/iberculturaviva.org\/es\/programa-red-cultura-de-chile-promueve-charlas-talleres-y-cursos-para-organizaciones-culturales-comunitarias\/#breadcrumb\",\"itemListElement\":[{\"@type\":\"ListItem\",\"position\":1,\"name\":\"In\u00edcio\",\"item\":\"https:\/\/iberculturaviva.org\/es\/inicio\/\"},{\"@type\":\"ListItem\",\"position\":2,\"name\":\"Programa Red Cultura, de Chile, promueve charlas, talleres y cursos para organizaciones culturales comunitarias\"}]},{\"@type\":\"WebSite\",\"@id\":\"https:\/\/iberculturaviva.org\/es\/?lang=es\/#website\",\"url\":\"https:\/\/iberculturaviva.org\/es\/?lang=es\/\",\"name\":\"IberCultura Viva\",\"description\":\"Programa de cooperaci\u00f3n cultural\",\"publisher\":{\"@id\":\"https:\/\/iberculturaviva.org\/es\/?lang=es\/#organization\"},\"potentialAction\":[{\"@type\":\"SearchAction\",\"target\":{\"@type\":\"EntryPoint\",\"urlTemplate\":\"https:\/\/iberculturaviva.org\/es\/?lang=es\/?s={search_term_string}\"},\"query-input\":{\"@type\":\"PropertyValueSpecification\",\"valueRequired\":true,\"valueName\":\"search_term_string\"}}],\"inLanguage\":\"es\"},{\"@type\":\"Organization\",\"@id\":\"https:\/\/iberculturaviva.org\/es\/?lang=es\/#organization\",\"name\":\"Iberculturaviva\",\"url\":\"https:\/\/iberculturaviva.org\/es\/?lang=es\/\",\"logo\":{\"@type\":\"ImageObject\",\"inLanguage\":\"es\",\"@id\":\"https:\/\/iberculturaviva.org\/es\/?lang=es\/#\/schema\/logo\/image\/\",\"url\":\"https:\/\/iberculturaviva.org\/wp-content\/uploads\/2021\/08\/logo_ibercultura_viva.jpg\",\"contentUrl\":\"https:\/\/iberculturaviva.org\/wp-content\/uploads\/2021\/08\/logo_ibercultura_viva.jpg\",\"width\":708,\"height\":223,\"caption\":\"Iberculturaviva\"},\"image\":{\"@id\":\"https:\/\/iberculturaviva.org\/es\/?lang=es\/#\/schema\/logo\/image\/\"},\"sameAs\":[\"https:\/\/www.facebook.com\/iberculturaviva\/\",\"https:\/\/www.instagram.com\/iberculturaviva\/\",\"https:\/\/www.youtube.com\/iberculturaviva\"]},{\"@type\":\"Person\",\"@id\":\"https:\/\/iberculturaviva.org\/es\/?lang=es\/#\/schema\/person\/5d1313b072cc25536e0431522f740b59\",\"name\":\"IberCultura\",\"image\":{\"@type\":\"ImageObject\",\"inLanguage\":\"es\",\"@id\":\"https:\/\/iberculturaviva.org\/es\/?lang=es\/#\/schema\/person\/image\/\",\"url\":\"https:\/\/secure.gravatar.com\/avatar\/79f1a057cb125cbefb3765d0356d52fc7f3bba3a35e2cf22bc4de090bb7aef70?s=96&d=mm&r=g\",\"contentUrl\":\"https:\/\/secure.gravatar.com\/avatar\/79f1a057cb125cbefb3765d0356d52fc7f3bba3a35e2cf22bc4de090bb7aef70?s=96&d=mm&r=g\",\"caption\":\"IberCultura\"}}]}<\/script>\n<!-- \/ Yoast SEO plugin. -->","yoast_head_json":{"title":"Programa Red Cultura, de Chile, promueve charlas, talleres y cursos para organizaciones culturales comunitarias - IberCultura Viva","description":"Programa Red Cultura, de Chile, promueve charlas, talleres y cursos para organizaciones culturales comunitarias - IberCultura Viva","robots":{"index":"index","follow":"follow","max-snippet":"max-snippet:-1","max-image-preview":"max-image-preview:large","max-video-preview":"max-video-preview:-1"},"canonical":"https:\/\/iberculturaviva.org\/es\/programa-red-cultura-de-chile-promueve-charlas-talleres-y-cursos-para-organizaciones-culturales-comunitarias\/","og_locale":"es_ES","og_type":"article","og_title":"Programa Red Cultura, de Chile, promueve charlas, talleres y cursos para organizaciones culturales comunitarias - IberCultura Viva","og_description":"Programa Red Cultura, de Chile, promueve charlas, talleres y cursos para organizaciones culturales comunitarias - IberCultura Viva","og_url":"https:\/\/iberculturaviva.org\/es\/programa-red-cultura-de-chile-promueve-charlas-talleres-y-cursos-para-organizaciones-culturales-comunitarias\/","og_site_name":"IberCultura Viva","article_publisher":"https:\/\/www.facebook.com\/iberculturaviva\/","article_published_time":"2020-08-28T15:15:59+00:00","article_modified_time":"2020-12-23T16:30:58+00:00","og_image":[{"url":"https:\/\/iberculturaviva.org\/wp-content\/uploads\/2020\/08\/WhatsApp-Image-2020-08-27-at-18.05.19-960x956.jpeg","type":"","width":"","height":""}],"author":"IberCultura","twitter_card":"summary_large_image","twitter_misc":{"Escrito por":"IberCultura","Tiempo de lectura":"1 minuto"},"schema":{"@context":"https:\/\/schema.org","@graph":[{"@type":"Article","@id":"https:\/\/iberculturaviva.org\/es\/programa-red-cultura-de-chile-promueve-charlas-talleres-y-cursos-para-organizaciones-culturales-comunitarias\/#article","isPartOf":{"@id":"https:\/\/iberculturaviva.org\/es\/programa-red-cultura-de-chile-promueve-charlas-talleres-y-cursos-para-organizaciones-culturales-comunitarias\/"},"author":{"name":"IberCultura","@id":"https:\/\/iberculturaviva.org\/es\/?lang=es\/#\/schema\/person\/5d1313b072cc25536e0431522f740b59"},"headline":"Programa Red Cultura, de Chile, promueve charlas, talleres y cursos para organizaciones culturales comunitarias","datePublished":"2020-08-28T15:15:59+00:00","dateModified":"2020-12-23T16:30:58+00:00","mainEntityOfPage":{"@id":"https:\/\/iberculturaviva.org\/es\/programa-red-cultura-de-chile-promueve-charlas-talleres-y-cursos-para-organizaciones-culturales-comunitarias\/"},"wordCount":286,"publisher":{"@id":"https:\/\/iberculturaviva.org\/es\/?lang=es\/#organization"},"image":{"@id":"https:\/\/iberculturaviva.org\/es\/programa-red-cultura-de-chile-promueve-charlas-talleres-y-cursos-para-organizaciones-culturales-comunitarias\/#primaryimage"},"thumbnailUrl":"https:\/\/iberculturaviva.org\/wp-content\/uploads\/2020\/08\/WhatsApp-Image-2020-08-27-at-18.05.19-960x956.jpeg","articleSection":["Formaci\u00f3n","Noticias"],"inLanguage":"es"},{"@type":"WebPage","@id":"https:\/\/iberculturaviva.org\/es\/programa-red-cultura-de-chile-promueve-charlas-talleres-y-cursos-para-organizaciones-culturales-comunitarias\/","url":"https:\/\/iberculturaviva.org\/es\/programa-red-cultura-de-chile-promueve-charlas-talleres-y-cursos-para-organizaciones-culturales-comunitarias\/","name":"Programa Red Cultura, de Chile, promueve charlas, talleres y cursos para organizaciones culturales comunitarias - IberCultura Viva","isPartOf":{"@id":"https:\/\/iberculturaviva.org\/es\/?lang=es\/#website"},"primaryImageOfPage":{"@id":"https:\/\/iberculturaviva.org\/es\/programa-red-cultura-de-chile-promueve-charlas-talleres-y-cursos-para-organizaciones-culturales-comunitarias\/#primaryimage"},"image":{"@id":"https:\/\/iberculturaviva.org\/es\/programa-red-cultura-de-chile-promueve-charlas-talleres-y-cursos-para-organizaciones-culturales-comunitarias\/#primaryimage"},"thumbnailUrl":"https:\/\/iberculturaviva.org\/wp-content\/uploads\/2020\/08\/WhatsApp-Image-2020-08-27-at-18.05.19-960x956.jpeg","datePublished":"2020-08-28T15:15:59+00:00","dateModified":"2020-12-23T16:30:58+00:00","description":"Programa Red Cultura, de Chile, promueve charlas, talleres y cursos para organizaciones culturales comunitarias - IberCultura Viva","breadcrumb":{"@id":"https:\/\/iberculturaviva.org\/es\/programa-red-cultura-de-chile-promueve-charlas-talleres-y-cursos-para-organizaciones-culturales-comunitarias\/#breadcrumb"},"inLanguage":"es","potentialAction":[{"@type":"ReadAction","target":["https:\/\/iberculturaviva.org\/es\/programa-red-cultura-de-chile-promueve-charlas-talleres-y-cursos-para-organizaciones-culturales-comunitarias\/"]}]},{"@type":"ImageObject","inLanguage":"es","@id":"https:\/\/iberculturaviva.org\/es\/programa-red-cultura-de-chile-promueve-charlas-talleres-y-cursos-para-organizaciones-culturales-comunitarias\/#primaryimage","url":"https:\/\/iberculturaviva.org\/wp-content\/uploads\/2020\/08\/WhatsApp-Image-2020-08-27-at-18.05.19-960x956.jpeg","contentUrl":"https:\/\/iberculturaviva.org\/wp-content\/uploads\/2020\/08\/WhatsApp-Image-2020-08-27-at-18.05.19-960x956.jpeg"},{"@type":"BreadcrumbList","@id":"https:\/\/iberculturaviva.org\/es\/programa-red-cultura-de-chile-promueve-charlas-talleres-y-cursos-para-organizaciones-culturales-comunitarias\/#breadcrumb","itemListElement":[{"@type":"ListItem","position":1,"name":"In\u00edcio","item":"https:\/\/iberculturaviva.org\/es\/inicio\/"},{"@type":"ListItem","position":2,"name":"Programa Red Cultura, de Chile, promueve charlas, talleres y cursos para organizaciones culturales comunitarias"}]},{"@type":"WebSite","@id":"https:\/\/iberculturaviva.org\/es\/?lang=es\/#website","url":"https:\/\/iberculturaviva.org\/es\/?lang=es\/","name":"IberCultura Viva","description":"Programa de cooperaci\u00f3n cultural","publisher":{"@id":"https:\/\/iberculturaviva.org\/es\/?lang=es\/#organization"},"potentialAction":[{"@type":"SearchAction","target":{"@type":"EntryPoint","urlTemplate":"https:\/\/iberculturaviva.org\/es\/?lang=es\/?s={search_term_string}"},"query-input":{"@type":"PropertyValueSpecification","valueRequired":true,"valueName":"search_term_string"}}],"inLanguage":"es"},{"@type":"Organization","@id":"https:\/\/iberculturaviva.org\/es\/?lang=es\/#organization","name":"Iberculturaviva","url":"https:\/\/iberculturaviva.org\/es\/?lang=es\/","logo":{"@type":"ImageObject","inLanguage":"es","@id":"https:\/\/iberculturaviva.org\/es\/?lang=es\/#\/schema\/logo\/image\/","url":"https:\/\/iberculturaviva.org\/wp-content\/uploads\/2021\/08\/logo_ibercultura_viva.jpg","contentUrl":"https:\/\/iberculturaviva.org\/wp-content\/uploads\/2021\/08\/logo_ibercultura_viva.jpg","width":708,"height":223,"caption":"Iberculturaviva"},"image":{"@id":"https:\/\/iberculturaviva.org\/es\/?lang=es\/#\/schema\/logo\/image\/"},"sameAs":["https:\/\/www.facebook.com\/iberculturaviva\/","https:\/\/www.instagram.com\/iberculturaviva\/","https:\/\/www.youtube.com\/iberculturaviva"]},{"@type":"Person","@id":"https:\/\/iberculturaviva.org\/es\/?lang=es\/#\/schema\/person\/5d1313b072cc25536e0431522f740b59","name":"IberCultura","image":{"@type":"ImageObject","inLanguage":"es","@id":"https:\/\/iberculturaviva.org\/es\/?lang=es\/#\/schema\/person\/image\/","url":"https:\/\/secure.gravatar.com\/avatar\/79f1a057cb125cbefb3765d0356d52fc7f3bba3a35e2cf22bc4de090bb7aef70?s=96&d=mm&r=g","contentUrl":"https:\/\/secure.gravatar.com\/avatar\/79f1a057cb125cbefb3765d0356d52fc7f3bba3a35e2cf22bc4de090bb7aef70?s=96&d=mm&r=g","caption":"IberCultura"}}]}},"main_category":{"link":"https:\/\/iberculturaviva.org\/es\/category\/formacion\/","name":"Formaci\u00f3n","slug":"formacion"},"_links":{"self":[{"href":"https:\/\/iberculturaviva.org\/es\/wp-json\/wp\/v2\/posts\/16878","targetHints":{"allow":["GET"]}}],"collection":[{"href":"https:\/\/iberculturaviva.org\/es\/wp-json\/wp\/v2\/posts"}],"about":[{"href":"https:\/\/iberculturaviva.org\/es\/wp-json\/wp\/v2\/types\/post"}],"author":[{"embeddable":true,"href":"https:\/\/iberculturaviva.org\/es\/wp-json\/wp\/v2\/users\/2"}],"replies":[{"embeddable":true,"href":"https:\/\/iberculturaviva.org\/es\/wp-json\/wp\/v2\/comments?post=16878"}],"version-history":[{"count":1,"href":"https:\/\/iberculturaviva.org\/es\/wp-json\/wp\/v2\/posts\/16878\/revisions"}],"predecessor-version":[{"id":22408,"href":"https:\/\/iberculturaviva.org\/es\/wp-json\/wp\/v2\/posts\/16878\/revisions\/22408"}],"wp:attachment":[{"href":"https:\/\/iberculturaviva.org\/es\/wp-json\/wp\/v2\/media?parent=16878"}],"wp:term":[{"taxonomy":"category","embeddable":true,"href":"https:\/\/iberculturaviva.org\/es\/wp-json\/wp\/v2\/categories?post=16878"},{"taxonomy":"post_tag","embeddable":true,"href":"https:\/\/iberculturaviva.org\/es\/wp-json\/wp\/v2\/tags?post=16878"},{"taxonomy":"country-municipality","embeddable":true,"href":"https:\/\/iberculturaviva.org\/es\/wp-json\/wp\/v2\/country-municipality?post=16878"}],"curies":[{"name":"wp","href":"https:\/\/api.w.org\/{rel}","templated":true}]}}