{"id":16848,"date":"2020-07-23T13:05:20","date_gmt":"2020-07-23T16:05:20","guid":{"rendered":"https:\/\/iberculturaviva.org\/como-inscribirse-en-la-convocatoria-de-apoyo-a-redes\/"},"modified":"2020-12-23T13:32:43","modified_gmt":"2020-12-23T16:32:43","slug":"como-inscribirse-en-la-convocatoria-de-apoyo-a-redes","status":"publish","type":"post","link":"https:\/\/iberculturaviva.org\/es\/como-inscribirse-en-la-convocatoria-de-apoyo-a-redes\/","title":{"rendered":"C\u00f3mo inscribirse en la Convocatoria de Apoyo a Redes"},"content":{"rendered":"<h5><strong>(Foto: La combi-arte rodante)<\/strong><\/h5>\n<p>&nbsp;<\/p>\n<p style=\"text-align: justify;\"><span style=\"font-weight: 400;\">El programa IberCultura Viva abri\u00f3 esta semana<\/span><span style=\"font-weight: 400;\"> la Convocatoria para Apoyo a Redes y Proyectos de Trabajo Colaborativo 2020. En esta edici\u00f3n ser\u00e1n seleccionadas iniciativas de redes culturales comunitarias que articulan acciones de contenci\u00f3n y apoyo para la emergencia sanitaria por el COVID-19. Las actividades de apoyo y asistencia pueden ser en temas de alimentaci\u00f3n, de salud o educaci\u00f3n en el marco de la pandemia.\u00a0<\/span><\/p>\n<p style=\"text-align: justify;\"><span style=\"font-weight: 400;\">A diferencia de las ediciones anteriores, esta convocatoria no est\u00e1 orientada al apoyo de proyectos que est\u00e1n a\u00fan por realizarse, sino al apoyo de acciones que las organizaciones, colectivos y pueblos originarios ya vienen desarrollando de manera colaborativa en sus territorios. Cada proyecto seleccionado podr\u00e1 recibir hasta US$ 1 mil para utilizar en insumos (como canastas de alimentos, \u00fatiles escolares, elementos de limpieza o de uso sanitario) \u00a0y\/o log\u00edstica de las actividades.<\/span><span style=\"font-weight: 400;\"> El valor total de la convocatoria es de US$ 110 mil.<\/span><\/p>\n<p style=\"text-align: justify;\"><span style=\"font-weight: 400;\">Las inscripciones finalizar\u00e1n el viernes 4 de septiembre(*) a las 18:00 horas, considerando el horario de Buenos Aires, Argentina. S\u00f3lo ser\u00e1n aceptadas las postulaciones enviadas en plazo a trav\u00e9s de la plataforma Mapa IberCultura Viva.<\/span><\/p>\n<p>&nbsp;<\/p>\n<p><span style=\"font-weight: 400;\">A continuaci\u00f3n presentamos una gu\u00eda que puede ayudar a realizar su inscripci\u00f3n.<\/span><\/p>\n<p>&nbsp;<\/p>\n<h4><b>\u00bfA qui\u00e9n est\u00e1 dirigida la convocatoria?<\/b><\/h4>\n<p style=\"text-align: justify;\"><span style=\"font-weight: 400;\">Podr\u00e1n inscribirse organizaciones culturales comunitarias (OCC) y colectivos de pueblos originarios que trabajen en red en los pa\u00edses que forman parte del programa IberCultura Viva: Argentina, Brasil, Colombia, Costa Rica, Chile, Ecuador, El Salvador, Espa\u00f1a, M\u00e9xico, Per\u00fa y Uruguay.\u00a0<\/span><\/p>\n<p style=\"text-align: justify;\"><span style=\"font-weight: 400;\">Los proyectos deber\u00e1n contemplar la participaci\u00f3n de al menos dos OCC. Una de ellas deber\u00e1 ser la organizaci\u00f3n responsable que quedar\u00e1 a cargo de la administraci\u00f3n de los recursos. Se entiende por OCC aquellas organizaciones sociales (sin fines de lucro), con o sin personer\u00eda jur\u00eddica, que trabajan desde la cultura para promover el desarrollo comunitario.\u00a0<\/span><\/p>\n<p>&nbsp;<\/p>\n<h4><b>\u00bfQu\u00e9 d<\/b><b>ocumentos se debe completar y\/o enviar?<\/b><\/h4>\n<p style=\"text-align: justify;\"><span style=\"font-weight: 400;\">Adem\u00e1s de rellenar el formulario espec\u00edfico de la Convocatoria de Apoyo a Redes 2020 que est\u00e1 disponible en el Mapa IberCultura Viva, las personas postulantes deber\u00e1n enviar (adjuntando al formulario) el certificado de persona jur\u00eddica o carta aval del REPPI y el certificado de compromiso de participaci\u00f3n de cada organizaci\u00f3n cultural comunitaria integrante de la red, estableciendo las responsabilidades de cada una dentro del proyecto.<\/span><\/p>\n<p style=\"text-align: justify;\"><span style=\"font-weight: 400;\">En el caso de Brasil, solo podr\u00e1n participar de la convocatoria aquellas OCC reconocidas y certificadas como Puntos de Cultura, debiendo poseer inscripci\u00f3n actualizada en la plataforma <\/span><a href=\"https:\/\/culturaviva.gov.br\/\"><span style=\"font-weight: 400;\">Red Cultura Viva<\/span><\/a><span style=\"font-weight: 400;\">. En el caso de Ecuador, la persona responsable del proyecto deber\u00e1 estar inscripta en el <\/span><a href=\"https:\/\/ruac.culturaypatrimonio.gob.ec\/registro\/\"><span style=\"font-weight: 400;\">Registro \u00danico de Actores Culturales (RUAC<\/span><\/a><span style=\"font-weight: 400;\">). Para las personas de estos dos pa\u00edses aparecer\u00e1 un campo espec\u00edfico en el formulario para el env\u00edo del documento requerido.<\/span><\/p>\n<p style=\"text-align: justify;\"><span style=\"font-weight: 400;\">Para los otros pa\u00edses miembros de IberCultura Viva, las OCC postulantes <\/span><span style=\"font-weight: 400;\">que no posean personer\u00eda jur\u00eddica deber\u00e1n presentar carta aval del REPPI.\u00a0<\/span><\/p>\n<p>&nbsp;<\/p>\n<h4><b>\u00bfQu\u00e9 \u00e9s la carta aval del REPPI?<\/b><\/h4>\n<p style=\"text-align: justify;\"><span style=\"font-weight: 400;\">REPPI es la abreviaci\u00f3n que se usa en la Cooperaci\u00f3n Iberoamericana para \u201cRepresentantes de los Programas e Iniciativas\u201d. Cada pa\u00eds miembro del programa tiene un REPPI*, qui\u00e9n responde en nombre de su pa\u00eds en el Consejo Intergubernamental. Esta persona ser\u00e1 aquella que debe firmar la carta aval requerida en esta convocatoria, en el caso de que la organizaci\u00f3n responsable de la inscripci\u00f3n no cuente con personer\u00eda jur\u00eddica. Si quien postula es una OCC con personer\u00eda jur\u00eddica no es necesario la presentaci\u00f3n de la carta aval.<\/span><\/p>\n<p style=\"text-align: justify;\"><span style=\"font-weight: 400;\">Los \u00f3rganos que responden por el programa en cada pa\u00eds (Ministerio de Cultura, Secretar\u00eda de Cultura o equivalente) son los que determinan los criterios requeridos para la emisi\u00f3n de su aval. <em>(<\/em><\/span><em><span style=\"font-weight: 400;\">Si no sabes cu\u00e1l es el \u00f3rgano representante de tu pa\u00eds ante al programa IberCultura Viva, escribe a programa@iberculturaviva.org)<\/span><span style=\"font-weight: 400;\">\u00a0<\/span><\/em><\/p>\n<p>&nbsp;<\/p>\n<h4><b>\u00bfC\u00f3mo completar el c<\/b><b>ertificado de compromiso?<\/b><\/h4>\n<p style=\"text-align: justify;\"><span style=\"font-weight: 400;\">En este campo del formulario hay un modelo de certificado de compromiso para descargar. Es un documento sencillo, en el que se debe decir que las personas abajo firmantes manifiestan su aval a la organizaci\u00f3n que se presenta como entidad responsable del proyecto, quien estar\u00e1 a cargo de la administraci\u00f3n de los recursos. Tambi\u00e9n se debe aclarar c\u00f3mo se han distribuido las responsabilidades entre las organizaciones que integran el proyecto (la organizaci\u00f3n X se encarga de determinada tarea, el colectivo Y tiene tal misi\u00f3n, etc).\u00a0<\/span><\/p>\n<p style=\"text-align: justify;\"><span style=\"font-weight: 400;\">Es necesario descargar el modelo disponible (hay una versi\u00f3n en espa\u00f1ol y otra en portugu\u00e9s), completar los campos requeridos, imprimir, reunir las firmas de las personas responsables de las organizaciones que integran la red, y enviar este certificado firmado, adjuntando o archivo al formulario por medio de foto o scanner.<\/span><\/p>\n<p>&nbsp;<\/p>\n<h4><b>\u00bfPor qu\u00e9 se debe presentar una documentaci\u00f3n respaldatoria de la trayectoria de la organizaci\u00f3n responsable?<\/b><\/h4>\n<p style=\"text-align: justify;\"><span style=\"font-weight: 400;\">El proceso de selecci\u00f3n ser\u00e1 regido por criterios de evaluaci\u00f3n que incluyen la trayectoria de trabajo territorial de la organizaci\u00f3n responsable y su experiencia en el desarrollo de acciones de apoyo, asistencia y contenci\u00f3n en materia de alimentaci\u00f3n, salud y\/o educaci\u00f3n. Por ello se deben <\/span><span style=\"font-weight: 400;\">adjuntar en un archivo PDF documentos como actas de conformaci\u00f3n de la entidad y\/o notas period\u00edsticas, publicaciones web con fecha o enlaces de videos con fecha que comprueben su existencia.<em> (<\/em><\/span><em><span style=\"font-weight: 400;\">Atenci\u00f3n: toda la informaci\u00f3n debe estar reunida en un s\u00f3lo archivo PDF<\/span><span style=\"font-weight: 400;\">.)\u00a0<\/span><\/em><\/p>\n<p>&nbsp;<\/p>\n<h4><b>\u00bfC\u00f3mo comprobar los antecedentes en tareas de apoyo y asistencia comunitaria en el marco de la emergencia sanitaria?<\/b><\/h4>\n<p style=\"text-align: justify;\"><span style=\"font-weight: 400;\">Adem\u00e1s de la trayectoria de la organizaci\u00f3n responsable, se tendr\u00e1 en cuenta en la selecci\u00f3n si las acciones realizadas por las organizaciones que conforman la red, durante la emergencia sanitaria por el COVID-19, se destinaron principalmente a poblaci\u00f3n vulnerada haciendo foco en mujeres, ni\u00f1os, ni\u00f1as, adultos mayores y personas trans. El alcance de las acciones en el territorio se podr\u00e1 demostrar por medio de fotos, listados de asistencia y facturaciones de gastos efectuados durante este per\u00edodo de pandemia.\u00a0<\/span><\/p>\n<p style=\"text-align: justify;\"><span style=\"font-weight: 400;\">El formulario cuenta con dos campos diferentes para el env\u00edo de documentaci\u00f3n comprobatoria de actividades. El primero de ellos es para enviar fotos, textos, videos o actas que demuestren la existencia\/trayectoria de la organizaci\u00f3n; en el segundo, al final del formulario, se debe comprobar la realizaci\u00f3n de tareas de apoyo y asistencia comunitaria durante la emergencia sanitaria por medio de fotos, videos, listados de asistencia o facturaciones de gastos. <em>(<\/em><\/span><em><span style=\"font-weight: 400;\">Atenci\u00f3n: toda la informaci\u00f3n debe estar reunida en un s\u00f3lo archivo PDF<\/span><span style=\"font-weight: 400;\">.)\u00a0<\/span><\/em><\/p>\n<p>&nbsp;<\/p>\n<h4><b>\u00bfC\u00f3mo iniciar la inscripci\u00f3n?<\/b><\/h4>\n<p style=\"text-align: justify;\"><span style=\"font-weight: 400;\">Para inscribirse en una convocatoria del programa es necesario primeramente\u00a0 registrarse como agente cultural en el <\/span><a href=\"https:\/\/mapa.iberculturaviva.org\/\"><span style=\"font-weight: 400;\">Mapa IberCultura Viva<\/span><\/a><span style=\"font-weight: 400;\">. Esta plataforma permite el registro de dos tipos de agentes: individual y colectivo. Por agentes individuales comprendemos las personas f\u00edsicas, y por agentes colectivos, las organizaciones culturales comunitarias, entidades, pueblos originarios, colectivos, agrupaciones e instituciones. En esta convocatoria es obligatorio registrar el perfil de agente individual (la persona f\u00edsica que ser\u00e1 responsable de la inscripci\u00f3n). <em>(<\/em><\/span><em><span style=\"font-weight: 400;\">Aqu\u00ed est\u00e1 un instructivo que puede ayudarte a registrarse en la plataforma<\/span><span style=\"font-weight: 400;\">:<\/span><a href=\"https:\/\/iberculturaviva.org\/es\/manual\/\"> <span style=\"font-weight: 400;\">https:\/\/iberculturaviva.org\/manual\/<\/span><\/a><span style=\"font-weight: 400;\">)<\/span><\/em><\/p>\n<p>&nbsp;<\/p>\n<h4 style=\"text-align: justify;\"><b>Si la persona postulante particip\u00f3 en otra convocatoria IberCultura Viva por medio de esta plataforma, \u00bfdebe registrarse una vez m\u00e1s como agente?<\/b><\/h4>\n<p style=\"text-align: justify;\"><span style=\"font-weight: 400;\">No. Las personas que ya participaron de alguna convocatoria del programa publicada en el Mapa IberCultura Viva o ya completaron su perfil en esta plataforma no necesitan registrarse una vez m\u00e1s como agentes; basta con que ingresen en su perfil para iniciar la inscripci\u00f3n.<\/span><\/p>\n<p style=\"text-align: justify;\"><span style=\"font-weight: 400;\">El campo \u201c<\/span><i><span style=\"font-weight: 400;\">Registrarse<\/span><\/i><span style=\"font-weight: 400;\">\u201d en la p\u00e1gina inicial del Mapa IberCultura Viva se utiliza \u00fanicamente la primera vez. Las\u00a0 veces siguientes debes ir a \u201c<\/span><i><span style=\"font-weight: 400;\">Ingresar<\/span><\/i><span style=\"font-weight: 400;\">\u201d para poder acceder a tu perfil. <em>(<\/em><\/span><em><span style=\"font-weight: 400;\">Ser\u00e1 necesario cliquear en \u201cEditar\u201d para acceder\/cambiar los datos del registro<\/span><span style=\"font-weight: 400;\">.)<\/span><\/em><\/p>\n<p>&nbsp;<\/p>\n<h4><b>Una vez concluido el registro como agente, \u00bfd\u00f3nde encontrar el formulario de inscripci\u00f3n de la convocatoria?<\/b><\/h4>\n<p style=\"text-align: justify;\"><span style=\"font-weight: 400;\">Cuando tengas un perfil de agente registrado, cliquea en \u201c<\/span><i><span style=\"font-weight: 400;\">Convocatorias<\/span><\/i><span style=\"font-weight: 400;\">\u201d (en la parte superior de la pantalla) y busca el archivo que aparece con el t\u00edtulo \u201cConvocatoria IberCultura Viva 2020: COVID-19 y Redes culturales comunitarias\u201d.\u00a0 El formulario aparecer\u00e1 despu\u00e9s de clicar en el t\u00edtulo de la convocatoria e iniciar la inscripci\u00f3n. (<\/span><span style=\"font-weight: 400;\">El formulario y las bases de la convocatoria aparecen primero en espa\u00f1ol y despu\u00e9s en portugu\u00e9s<\/span><span style=\"font-weight: 400;\">)<\/span><\/p>\n<p style=\"text-align: justify;\"><span style=\"font-weight: 400;\">Para iniciar tu inscripci\u00f3n, cliquea en el campo de b\u00fasqueda, localiza el nombre de la persona f\u00edsica titular del registro (<\/span><em><span style=\"font-weight: 400;\">el responsable de la inscripci\u00f3n debe ser un agente previamente registrado<\/span><\/em><span style=\"font-weight: 400;\">) y selecciona \u201c<\/span><i><span style=\"font-weight: 400;\">Realizar inscripci\u00f3n<\/span><\/i><span style=\"font-weight: 400;\">\u201d. <\/span><span style=\"font-weight: 400;\">\u00a0<\/span><\/p>\n<p style=\"text-align: justify;\"><span style=\"font-weight: 400;\">El sistema genera el \u201cN\u00famero de inscripci\u00f3n\u201d, que debes tomar nota e informar siempre que entres en contacto con el programa IberCultura Viva para obtener alguna informaci\u00f3n respecto a tu propuesta.<\/span><\/p>\n<p style=\"text-align: justify;\"><b>Atenci\u00f3n<\/b><span style=\"font-weight: 400;\">: En cualquier momento es posible guardar los datos de tu inscripci\u00f3n utilizando el bot\u00f3n \u201c<\/span><i><span style=\"font-weight: 400;\">Guardar<\/span><\/i><span style=\"font-weight: 400;\">\u201d en el margen superior derecho. Una vez que lo haces, puedes salir de la plataforma y continuar en otro momento, antes del t\u00e9rmino del per\u00edodo de inscripci\u00f3n.\u00a0<\/span><\/p>\n<p>&nbsp;<\/p>\n<h4><b>\u00bfC\u00f3mo saber si la postulaci\u00f3n realmente fue enviada?<\/b><\/h4>\n<p style=\"text-align: justify;\"><span style=\"font-weight: 400;\">La postulaci\u00f3n ser\u00e1 enviada solamente despu\u00e9s de completados todos los campos obligatorios del registro de agente y del formulario de inscripci\u00f3n de la convocatoria e incluidos los adjuntos obligatorios.\u00a0<\/span><\/p>\n<p style=\"text-align: justify;\"><span style=\"font-weight: 400;\">En caso de que tu registro de agente en la plataforma no haya sido completamente cubierto, no ser\u00e1 posible enviar tu inscripci\u00f3n. El sistema presentar\u00e1 un alerta (un \u201c!\u201d rojo en el que se debe cliquear para saber d\u00f3nde est\u00e1 el problema). Si el error estuviera en el registro de agente, ser\u00e1 necesario acceder a \u201cMi perfil\u201d (cliqueando en tu nombre o foto de perfil) y editar tu registro, completando todos los campos del formulario. (<\/span><span style=\"font-weight: 400;\"><em>Atenci\u00f3n: es necesario seleccionar al menos un \u00e1rea de actuaci\u00f3n, en el canto superior izquierdo de la p\u00e1gina de registro.<\/em>)<\/span><\/p>\n<p style=\"text-align: justify;\"><span style=\"font-weight: 400;\">Revisa las informaciones antes de clicar en \u201cEnviar inscripci\u00f3n\u201d. Tras el env\u00edo no ser\u00e1 posible editarla. La plataforma exhibir\u00e1 una confirmaci\u00f3n del env\u00edo: el d\u00eda y horario del env\u00edo aparecer\u00e1n en la pantalla destacados en color verde.<\/span><\/p>\n<p>&nbsp;<\/p>\n<p><em><span style=\"font-weight: 400;\">\u00a0(*) Texto actualizado el 20 de agosto de 2020<\/span><\/em><\/p>\n<p>&nbsp;<\/p>\n<h4><strong><a href=\"https:\/\/iberculturaviva.org\/wp-content\/uploads\/2020\/07\/Convocatoria-Apoyo-para-redes-y-de-proyectos-de-trabajo-colaborativo-2020-1.pdf\">\u21d2Revisa las bases de la convocatoria<\/a><\/strong><\/h4>\n<p><span style=\"font-weight: 400;\"><strong>Inscripciones<\/strong>: <\/span><a href=\"https:\/\/mapa.iberculturaviva.org\/oportunidade\/140\/\"><span style=\"font-weight: 400;\">https:\/\/mapa.iberculturaviva.org\/oportunidade\/140\/<\/span><\/a><\/p>\n<p><span style=\"font-weight: 400;\"><strong>Consultas<\/strong>:<a href=\"mailto:programa@iberculturaviva.org\"> programa@iberculturaviva.org<\/a><\/span><\/p>\n<p>&nbsp;<\/p>\n","protected":false},"excerpt":{"rendered":"<p>(Foto: La combi-arte rodante) &nbsp; El programa IberCultura Viva abri\u00f3 esta semana la Convocatoria para Apoyo a Redes y Proyectos de Trabajo Colaborativo 2020. En esta edici\u00f3n ser\u00e1n seleccionadas iniciativas [&hellip;]<\/p>\n","protected":false},"author":2,"featured_media":21260,"comment_status":"closed","ping_status":"closed","sticky":false,"template":"","format":"standard","meta":{"_coblocks_attr":"","_coblocks_dimensions":"","_coblocks_responsive_height":"","_coblocks_accordion_ie_support":"","_EventAllDay":false,"_EventTimezone":"","_EventStartDate":"","_EventEndDate":"","_EventStartDateUTC":"","_EventEndDateUTC":"","_EventShowMap":false,"_EventShowMapLink":false,"_EventURL":"","_EventCost":"","_EventCostDescription":"","_EventCurrencySymbol":"","_EventCurrencyCode":"","_EventCurrencyPosition":"","_EventDateTimeSeparator":"","_EventTimeRangeSeparator":"","_EventOrganizerID":[],"_EventVenueID":[],"_OrganizerEmail":"","_OrganizerPhone":"","_OrganizerWebsite":"","_VenueAddress":"","_VenueCity":"","_VenueCountry":"","_VenueProvince":"","_VenueState":"","_VenueZip":"","_VenuePhone":"","_VenueURL":"","_VenueStateProvince":"","_VenueLat":"","_VenueLng":"","_VenueShowMap":false,"_VenueShowMapLink":false,"footnotes":""},"categories":[250,262],"tags":[],"country-municipality":[],"class_list":["post-16848","post","type-post","status-publish","format-standard","has-post-thumbnail","hentry","category-convocatorias","category-noticias-es"],"yoast_head":"<!-- This site is optimized with the Yoast SEO plugin v25.7 - https:\/\/yoast.com\/wordpress\/plugins\/seo\/ -->\n<title>C\u00f3mo inscribirse en la Convocatoria de Apoyo a Redes - IberCultura Viva<\/title>\n<meta name=\"description\" content=\"C\u00f3mo inscribirse en la Convocatoria de Apoyo a Redes - IberCultura Viva\" \/>\n<meta name=\"robots\" content=\"index, follow, max-snippet:-1, max-image-preview:large, max-video-preview:-1\" \/>\n<link rel=\"canonical\" href=\"https:\/\/iberculturaviva.org\/es\/como-inscribirse-en-la-convocatoria-de-apoyo-a-redes\/\" \/>\n<meta property=\"og:locale\" content=\"es_ES\" \/>\n<meta property=\"og:type\" content=\"article\" \/>\n<meta property=\"og:title\" content=\"C\u00f3mo inscribirse en la Convocatoria de Apoyo a Redes - IberCultura Viva\" \/>\n<meta property=\"og:description\" content=\"C\u00f3mo inscribirse en la Convocatoria de Apoyo a Redes - IberCultura Viva\" \/>\n<meta property=\"og:url\" content=\"https:\/\/iberculturaviva.org\/es\/como-inscribirse-en-la-convocatoria-de-apoyo-a-redes\/\" \/>\n<meta property=\"og:site_name\" content=\"IberCultura Viva\" \/>\n<meta property=\"article:publisher\" content=\"https:\/\/www.facebook.com\/iberculturaviva\/\" \/>\n<meta property=\"article:published_time\" content=\"2020-07-23T16:05:20+00:00\" \/>\n<meta property=\"article:modified_time\" content=\"2020-12-23T16:32:43+00:00\" \/>\n<meta property=\"og:image\" content=\"https:\/\/iberculturaviva.org\/wp-content\/uploads\/2020\/07\/foto-lacombi-arterodante-2-2.jpg\" \/>\n\t<meta property=\"og:image:width\" content=\"960\" \/>\n\t<meta property=\"og:image:height\" content=\"517\" \/>\n\t<meta property=\"og:image:type\" content=\"image\/jpeg\" \/>\n<meta name=\"author\" content=\"IberCultura\" \/>\n<meta name=\"twitter:card\" content=\"summary_large_image\" \/>\n<meta name=\"twitter:label1\" content=\"Escrito por\" \/>\n\t<meta name=\"twitter:data1\" content=\"IberCultura\" \/>\n\t<meta name=\"twitter:label2\" content=\"Tiempo de lectura\" \/>\n\t<meta name=\"twitter:data2\" content=\"9 minutos\" \/>\n<script type=\"application\/ld+json\" class=\"yoast-schema-graph\">{\"@context\":\"https:\/\/schema.org\",\"@graph\":[{\"@type\":\"Article\",\"@id\":\"https:\/\/iberculturaviva.org\/es\/como-inscribirse-en-la-convocatoria-de-apoyo-a-redes\/#article\",\"isPartOf\":{\"@id\":\"https:\/\/iberculturaviva.org\/es\/como-inscribirse-en-la-convocatoria-de-apoyo-a-redes\/\"},\"author\":{\"name\":\"IberCultura\",\"@id\":\"https:\/\/iberculturaviva.org\/es\/?lang=es\/#\/schema\/person\/5d1313b072cc25536e0431522f740b59\"},\"headline\":\"C\u00f3mo inscribirse en la Convocatoria de Apoyo a Redes\",\"datePublished\":\"2020-07-23T16:05:20+00:00\",\"dateModified\":\"2020-12-23T16:32:43+00:00\",\"mainEntityOfPage\":{\"@id\":\"https:\/\/iberculturaviva.org\/es\/como-inscribirse-en-la-convocatoria-de-apoyo-a-redes\/\"},\"wordCount\":1782,\"publisher\":{\"@id\":\"https:\/\/iberculturaviva.org\/es\/?lang=es\/#organization\"},\"image\":{\"@id\":\"https:\/\/iberculturaviva.org\/es\/como-inscribirse-en-la-convocatoria-de-apoyo-a-redes\/#primaryimage\"},\"thumbnailUrl\":\"https:\/\/iberculturaviva.org\/wp-content\/uploads\/2020\/07\/foto-lacombi-arterodante-2-2.jpg\",\"articleSection\":[\"Convocatorias\",\"Noticias\"],\"inLanguage\":\"es\"},{\"@type\":\"WebPage\",\"@id\":\"https:\/\/iberculturaviva.org\/es\/como-inscribirse-en-la-convocatoria-de-apoyo-a-redes\/\",\"url\":\"https:\/\/iberculturaviva.org\/es\/como-inscribirse-en-la-convocatoria-de-apoyo-a-redes\/\",\"name\":\"C\u00f3mo inscribirse en la Convocatoria de Apoyo a Redes - IberCultura Viva\",\"isPartOf\":{\"@id\":\"https:\/\/iberculturaviva.org\/es\/?lang=es\/#website\"},\"primaryImageOfPage\":{\"@id\":\"https:\/\/iberculturaviva.org\/es\/como-inscribirse-en-la-convocatoria-de-apoyo-a-redes\/#primaryimage\"},\"image\":{\"@id\":\"https:\/\/iberculturaviva.org\/es\/como-inscribirse-en-la-convocatoria-de-apoyo-a-redes\/#primaryimage\"},\"thumbnailUrl\":\"https:\/\/iberculturaviva.org\/wp-content\/uploads\/2020\/07\/foto-lacombi-arterodante-2-2.jpg\",\"datePublished\":\"2020-07-23T16:05:20+00:00\",\"dateModified\":\"2020-12-23T16:32:43+00:00\",\"description\":\"C\u00f3mo inscribirse en la Convocatoria de Apoyo a Redes - IberCultura Viva\",\"breadcrumb\":{\"@id\":\"https:\/\/iberculturaviva.org\/es\/como-inscribirse-en-la-convocatoria-de-apoyo-a-redes\/#breadcrumb\"},\"inLanguage\":\"es\",\"potentialAction\":[{\"@type\":\"ReadAction\",\"target\":[\"https:\/\/iberculturaviva.org\/es\/como-inscribirse-en-la-convocatoria-de-apoyo-a-redes\/\"]}]},{\"@type\":\"ImageObject\",\"inLanguage\":\"es\",\"@id\":\"https:\/\/iberculturaviva.org\/es\/como-inscribirse-en-la-convocatoria-de-apoyo-a-redes\/#primaryimage\",\"url\":\"https:\/\/iberculturaviva.org\/wp-content\/uploads\/2020\/07\/foto-lacombi-arterodante-2-2.jpg\",\"contentUrl\":\"https:\/\/iberculturaviva.org\/wp-content\/uploads\/2020\/07\/foto-lacombi-arterodante-2-2.jpg\",\"width\":960,\"height\":517},{\"@type\":\"BreadcrumbList\",\"@id\":\"https:\/\/iberculturaviva.org\/es\/como-inscribirse-en-la-convocatoria-de-apoyo-a-redes\/#breadcrumb\",\"itemListElement\":[{\"@type\":\"ListItem\",\"position\":1,\"name\":\"In\u00edcio\",\"item\":\"https:\/\/iberculturaviva.org\/es\/inicio\/\"},{\"@type\":\"ListItem\",\"position\":2,\"name\":\"C\u00f3mo inscribirse en la Convocatoria de Apoyo a Redes\"}]},{\"@type\":\"WebSite\",\"@id\":\"https:\/\/iberculturaviva.org\/es\/?lang=es\/#website\",\"url\":\"https:\/\/iberculturaviva.org\/es\/?lang=es\/\",\"name\":\"IberCultura Viva\",\"description\":\"Programa de cooperaci\u00f3n cultural\",\"publisher\":{\"@id\":\"https:\/\/iberculturaviva.org\/es\/?lang=es\/#organization\"},\"potentialAction\":[{\"@type\":\"SearchAction\",\"target\":{\"@type\":\"EntryPoint\",\"urlTemplate\":\"https:\/\/iberculturaviva.org\/es\/?lang=es\/?s={search_term_string}\"},\"query-input\":{\"@type\":\"PropertyValueSpecification\",\"valueRequired\":true,\"valueName\":\"search_term_string\"}}],\"inLanguage\":\"es\"},{\"@type\":\"Organization\",\"@id\":\"https:\/\/iberculturaviva.org\/es\/?lang=es\/#organization\",\"name\":\"Iberculturaviva\",\"url\":\"https:\/\/iberculturaviva.org\/es\/?lang=es\/\",\"logo\":{\"@type\":\"ImageObject\",\"inLanguage\":\"es\",\"@id\":\"https:\/\/iberculturaviva.org\/es\/?lang=es\/#\/schema\/logo\/image\/\",\"url\":\"https:\/\/iberculturaviva.org\/wp-content\/uploads\/2021\/08\/logo_ibercultura_viva.jpg\",\"contentUrl\":\"https:\/\/iberculturaviva.org\/wp-content\/uploads\/2021\/08\/logo_ibercultura_viva.jpg\",\"width\":708,\"height\":223,\"caption\":\"Iberculturaviva\"},\"image\":{\"@id\":\"https:\/\/iberculturaviva.org\/es\/?lang=es\/#\/schema\/logo\/image\/\"},\"sameAs\":[\"https:\/\/www.facebook.com\/iberculturaviva\/\",\"https:\/\/www.instagram.com\/iberculturaviva\/\",\"https:\/\/www.youtube.com\/iberculturaviva\"]},{\"@type\":\"Person\",\"@id\":\"https:\/\/iberculturaviva.org\/es\/?lang=es\/#\/schema\/person\/5d1313b072cc25536e0431522f740b59\",\"name\":\"IberCultura\",\"image\":{\"@type\":\"ImageObject\",\"inLanguage\":\"es\",\"@id\":\"https:\/\/iberculturaviva.org\/es\/?lang=es\/#\/schema\/person\/image\/\",\"url\":\"https:\/\/secure.gravatar.com\/avatar\/79f1a057cb125cbefb3765d0356d52fc7f3bba3a35e2cf22bc4de090bb7aef70?s=96&d=mm&r=g\",\"contentUrl\":\"https:\/\/secure.gravatar.com\/avatar\/79f1a057cb125cbefb3765d0356d52fc7f3bba3a35e2cf22bc4de090bb7aef70?s=96&d=mm&r=g\",\"caption\":\"IberCultura\"}}]}<\/script>\n<!-- \/ Yoast SEO plugin. -->","yoast_head_json":{"title":"C\u00f3mo inscribirse en la Convocatoria de Apoyo a Redes - IberCultura Viva","description":"C\u00f3mo inscribirse en la Convocatoria de Apoyo a Redes - IberCultura Viva","robots":{"index":"index","follow":"follow","max-snippet":"max-snippet:-1","max-image-preview":"max-image-preview:large","max-video-preview":"max-video-preview:-1"},"canonical":"https:\/\/iberculturaviva.org\/es\/como-inscribirse-en-la-convocatoria-de-apoyo-a-redes\/","og_locale":"es_ES","og_type":"article","og_title":"C\u00f3mo inscribirse en la Convocatoria de Apoyo a Redes - IberCultura Viva","og_description":"C\u00f3mo inscribirse en la Convocatoria de Apoyo a Redes - IberCultura Viva","og_url":"https:\/\/iberculturaviva.org\/es\/como-inscribirse-en-la-convocatoria-de-apoyo-a-redes\/","og_site_name":"IberCultura Viva","article_publisher":"https:\/\/www.facebook.com\/iberculturaviva\/","article_published_time":"2020-07-23T16:05:20+00:00","article_modified_time":"2020-12-23T16:32:43+00:00","og_image":[{"width":960,"height":517,"url":"https:\/\/iberculturaviva.org\/wp-content\/uploads\/2020\/07\/foto-lacombi-arterodante-2-2.jpg","type":"image\/jpeg"}],"author":"IberCultura","twitter_card":"summary_large_image","twitter_misc":{"Escrito por":"IberCultura","Tiempo de lectura":"9 minutos"},"schema":{"@context":"https:\/\/schema.org","@graph":[{"@type":"Article","@id":"https:\/\/iberculturaviva.org\/es\/como-inscribirse-en-la-convocatoria-de-apoyo-a-redes\/#article","isPartOf":{"@id":"https:\/\/iberculturaviva.org\/es\/como-inscribirse-en-la-convocatoria-de-apoyo-a-redes\/"},"author":{"name":"IberCultura","@id":"https:\/\/iberculturaviva.org\/es\/?lang=es\/#\/schema\/person\/5d1313b072cc25536e0431522f740b59"},"headline":"C\u00f3mo inscribirse en la Convocatoria de Apoyo a Redes","datePublished":"2020-07-23T16:05:20+00:00","dateModified":"2020-12-23T16:32:43+00:00","mainEntityOfPage":{"@id":"https:\/\/iberculturaviva.org\/es\/como-inscribirse-en-la-convocatoria-de-apoyo-a-redes\/"},"wordCount":1782,"publisher":{"@id":"https:\/\/iberculturaviva.org\/es\/?lang=es\/#organization"},"image":{"@id":"https:\/\/iberculturaviva.org\/es\/como-inscribirse-en-la-convocatoria-de-apoyo-a-redes\/#primaryimage"},"thumbnailUrl":"https:\/\/iberculturaviva.org\/wp-content\/uploads\/2020\/07\/foto-lacombi-arterodante-2-2.jpg","articleSection":["Convocatorias","Noticias"],"inLanguage":"es"},{"@type":"WebPage","@id":"https:\/\/iberculturaviva.org\/es\/como-inscribirse-en-la-convocatoria-de-apoyo-a-redes\/","url":"https:\/\/iberculturaviva.org\/es\/como-inscribirse-en-la-convocatoria-de-apoyo-a-redes\/","name":"C\u00f3mo inscribirse en la Convocatoria de Apoyo a Redes - IberCultura Viva","isPartOf":{"@id":"https:\/\/iberculturaviva.org\/es\/?lang=es\/#website"},"primaryImageOfPage":{"@id":"https:\/\/iberculturaviva.org\/es\/como-inscribirse-en-la-convocatoria-de-apoyo-a-redes\/#primaryimage"},"image":{"@id":"https:\/\/iberculturaviva.org\/es\/como-inscribirse-en-la-convocatoria-de-apoyo-a-redes\/#primaryimage"},"thumbnailUrl":"https:\/\/iberculturaviva.org\/wp-content\/uploads\/2020\/07\/foto-lacombi-arterodante-2-2.jpg","datePublished":"2020-07-23T16:05:20+00:00","dateModified":"2020-12-23T16:32:43+00:00","description":"C\u00f3mo inscribirse en la Convocatoria de Apoyo a Redes - IberCultura Viva","breadcrumb":{"@id":"https:\/\/iberculturaviva.org\/es\/como-inscribirse-en-la-convocatoria-de-apoyo-a-redes\/#breadcrumb"},"inLanguage":"es","potentialAction":[{"@type":"ReadAction","target":["https:\/\/iberculturaviva.org\/es\/como-inscribirse-en-la-convocatoria-de-apoyo-a-redes\/"]}]},{"@type":"ImageObject","inLanguage":"es","@id":"https:\/\/iberculturaviva.org\/es\/como-inscribirse-en-la-convocatoria-de-apoyo-a-redes\/#primaryimage","url":"https:\/\/iberculturaviva.org\/wp-content\/uploads\/2020\/07\/foto-lacombi-arterodante-2-2.jpg","contentUrl":"https:\/\/iberculturaviva.org\/wp-content\/uploads\/2020\/07\/foto-lacombi-arterodante-2-2.jpg","width":960,"height":517},{"@type":"BreadcrumbList","@id":"https:\/\/iberculturaviva.org\/es\/como-inscribirse-en-la-convocatoria-de-apoyo-a-redes\/#breadcrumb","itemListElement":[{"@type":"ListItem","position":1,"name":"In\u00edcio","item":"https:\/\/iberculturaviva.org\/es\/inicio\/"},{"@type":"ListItem","position":2,"name":"C\u00f3mo inscribirse en la Convocatoria de Apoyo a Redes"}]},{"@type":"WebSite","@id":"https:\/\/iberculturaviva.org\/es\/?lang=es\/#website","url":"https:\/\/iberculturaviva.org\/es\/?lang=es\/","name":"IberCultura Viva","description":"Programa de cooperaci\u00f3n cultural","publisher":{"@id":"https:\/\/iberculturaviva.org\/es\/?lang=es\/#organization"},"potentialAction":[{"@type":"SearchAction","target":{"@type":"EntryPoint","urlTemplate":"https:\/\/iberculturaviva.org\/es\/?lang=es\/?s={search_term_string}"},"query-input":{"@type":"PropertyValueSpecification","valueRequired":true,"valueName":"search_term_string"}}],"inLanguage":"es"},{"@type":"Organization","@id":"https:\/\/iberculturaviva.org\/es\/?lang=es\/#organization","name":"Iberculturaviva","url":"https:\/\/iberculturaviva.org\/es\/?lang=es\/","logo":{"@type":"ImageObject","inLanguage":"es","@id":"https:\/\/iberculturaviva.org\/es\/?lang=es\/#\/schema\/logo\/image\/","url":"https:\/\/iberculturaviva.org\/wp-content\/uploads\/2021\/08\/logo_ibercultura_viva.jpg","contentUrl":"https:\/\/iberculturaviva.org\/wp-content\/uploads\/2021\/08\/logo_ibercultura_viva.jpg","width":708,"height":223,"caption":"Iberculturaviva"},"image":{"@id":"https:\/\/iberculturaviva.org\/es\/?lang=es\/#\/schema\/logo\/image\/"},"sameAs":["https:\/\/www.facebook.com\/iberculturaviva\/","https:\/\/www.instagram.com\/iberculturaviva\/","https:\/\/www.youtube.com\/iberculturaviva"]},{"@type":"Person","@id":"https:\/\/iberculturaviva.org\/es\/?lang=es\/#\/schema\/person\/5d1313b072cc25536e0431522f740b59","name":"IberCultura","image":{"@type":"ImageObject","inLanguage":"es","@id":"https:\/\/iberculturaviva.org\/es\/?lang=es\/#\/schema\/person\/image\/","url":"https:\/\/secure.gravatar.com\/avatar\/79f1a057cb125cbefb3765d0356d52fc7f3bba3a35e2cf22bc4de090bb7aef70?s=96&d=mm&r=g","contentUrl":"https:\/\/secure.gravatar.com\/avatar\/79f1a057cb125cbefb3765d0356d52fc7f3bba3a35e2cf22bc4de090bb7aef70?s=96&d=mm&r=g","caption":"IberCultura"}}]}},"main_category":{"link":"https:\/\/iberculturaviva.org\/es\/category\/convocatorias\/","name":"Convocatorias","slug":"convocatorias"},"_links":{"self":[{"href":"https:\/\/iberculturaviva.org\/es\/wp-json\/wp\/v2\/posts\/16848","targetHints":{"allow":["GET"]}}],"collection":[{"href":"https:\/\/iberculturaviva.org\/es\/wp-json\/wp\/v2\/posts"}],"about":[{"href":"https:\/\/iberculturaviva.org\/es\/wp-json\/wp\/v2\/types\/post"}],"author":[{"embeddable":true,"href":"https:\/\/iberculturaviva.org\/es\/wp-json\/wp\/v2\/users\/2"}],"replies":[{"embeddable":true,"href":"https:\/\/iberculturaviva.org\/es\/wp-json\/wp\/v2\/comments?post=16848"}],"version-history":[{"count":1,"href":"https:\/\/iberculturaviva.org\/es\/wp-json\/wp\/v2\/posts\/16848\/revisions"}],"predecessor-version":[{"id":22423,"href":"https:\/\/iberculturaviva.org\/es\/wp-json\/wp\/v2\/posts\/16848\/revisions\/22423"}],"wp:featuredmedia":[{"embeddable":true,"href":"https:\/\/iberculturaviva.org\/es\/wp-json\/wp\/v2\/media\/21260"}],"wp:attachment":[{"href":"https:\/\/iberculturaviva.org\/es\/wp-json\/wp\/v2\/media?parent=16848"}],"wp:term":[{"taxonomy":"category","embeddable":true,"href":"https:\/\/iberculturaviva.org\/es\/wp-json\/wp\/v2\/categories?post=16848"},{"taxonomy":"post_tag","embeddable":true,"href":"https:\/\/iberculturaviva.org\/es\/wp-json\/wp\/v2\/tags?post=16848"},{"taxonomy":"country-municipality","embeddable":true,"href":"https:\/\/iberculturaviva.org\/es\/wp-json\/wp\/v2\/country-municipality?post=16848"}],"curies":[{"name":"wp","href":"https:\/\/api.w.org\/{rel}","templated":true}]}}