{"id":16798,"date":"2020-05-21T13:54:17","date_gmt":"2020-05-21T16:54:17","guid":{"rendered":"https:\/\/iberculturaviva.org\/se-aprueba-decreto-de-urgencia-para-mitigar-los-efectos-economicos-en-el-sector-de-la-cultura-ante-la-emergencia-sanitaria-en-peru\/"},"modified":"2020-12-23T13:35:42","modified_gmt":"2020-12-23T16:35:42","slug":"se-aprueba-decreto-de-urgencia-para-mitigar-los-efectos-economicos-en-el-sector-de-la-cultura-ante-la-emergencia-sanitaria-en-peru","status":"publish","type":"post","link":"https:\/\/iberculturaviva.org\/es\/se-aprueba-decreto-de-urgencia-para-mitigar-los-efectos-economicos-en-el-sector-de-la-cultura-ante-la-emergencia-sanitaria-en-peru\/","title":{"rendered":"Se aprueba Decreto de Urgencia para mitigar los efectos econ\u00f3micos en el sector de la cultura ante la emergencia sanitaria en Per\u00fa"},"content":{"rendered":"<p>&nbsp;<\/p>\n<p style=\"text-align: justify;\"><a href=\"https:\/\/iberculturaviva.org\/wp-content\/uploads\/2020\/05\/decretourgencia.png\"><img loading=\"lazy\" decoding=\"async\" class=\" wp-image-14373 alignright\" src=\"https:\/\/iberculturaviva.org\/wp-content\/uploads\/2020\/05\/decretourgencia.png\" alt=\"\" width=\"209\" height=\"240\" srcset=\"https:\/\/iberculturaviva.org\/wp-content\/uploads\/2020\/05\/decretourgencia.png 837w, https:\/\/iberculturaviva.org\/wp-content\/uploads\/2020\/05\/decretourgencia-262x300.png 262w, https:\/\/iberculturaviva.org\/wp-content\/uploads\/2020\/05\/decretourgencia-131x150.png 131w, https:\/\/iberculturaviva.org\/wp-content\/uploads\/2020\/05\/decretourgencia-768x881.png 768w\" sizes=\"auto, (max-width: 209px) 100vw, 209px\" \/><\/a>Este jueves 21 de mayo se public\u00f3 en el diario oficial del Per\u00fa el Decreto de Urgencia N\u00b0 058-2020, que aprueba mecanismos de amortiguamiento para mitigar los efectos econ\u00f3micos ocasionados por la emergencia sanitaria sobre las actividades que se desarrollan en el sector de las industrias culturales, las artes, as\u00ed como las tradiciones o expresiones del Patrimonio Cultural Inmaterial (PCI).<\/p>\n<p style=\"text-align: justify;\">La norma contempla una asignaci\u00f3n presupuestal de 50 millones de soles (cerca de 14,7 millones de d\u00f3lares) para: (1) el otorgamiento de apoyos econ\u00f3micos a favor de personas naturales y jur\u00eddicas que realizan actividades culturales y (2) la adquisici\u00f3n de contenidos culturales, cuyos beneficiarios son personas naturales o jur\u00eddicas que realizan actividades culturales que han sido afectadas, priorizando a artistas (artesanos, m\u00fasicos, danzantes, pintores, entre otros), gestores culturales, emprendedores y agrupaciones o asociaciones de portadores de las expresiones inmateriales culturales del pa\u00eds.<\/p>\n<p style=\"text-align: justify;\">El objetivo central de la norma es evitar la ruptura de la cadena de pagos y mitigar el impacto producido por la suspensi\u00f3n o cancelaci\u00f3n de actividades culturales vinculadas a las artes, las manifestaciones, expresiones y las industrias culturales.<\/p>\n<p style=\"text-align: justify;\">Con este Decreto de Urgencia ya son tres las normas emitidas, a propuesta del Ministerio de Cultura del Per\u00fa: el Decreto Legislativo N\u00b0 1467, orientado a la protecci\u00f3n y preservaci\u00f3n del patrimonio cultural durante el Estado de Emergencia Sanitaria, y el Decreto Legislativo N\u00b0 1489, cuyo objetivo es la protecci\u00f3n de los pueblos ind\u00edgenas u originarios.<\/p>\n<p>&nbsp;<\/p>\n<p>&nbsp;<\/p>\n<h4><span style=\"text-decoration: underline;\"><strong><a href=\"https:\/\/iberculturaviva.org\/wp-content\/uploads\/2020\/05\/NL20200521.pdf\">\u21d2 Revisa el Decreto de Urgencia<\/a><\/strong><\/span><\/h4>\n<p>&nbsp;<\/p>\n<p><strong>Fuente<\/strong>: <a href=\"https:\/\/www.gob.pe\/institucion\/cultura\/noticias\/162360-se-aprueba-decreto-de-urgencia-para-mitigar-los-efectos-economicos-en-las-industrias-culturales-las-artes-y-el-patrimonio-cultural-inmaterial-como-consecuencia-de-la-emergencia-sanitaria?fbclid=IwAR2_piMXKoqhxb519uVedvndXb-ERtbznyji5AKoNwilGzke1IS7ejiBaos\">Ministerio de Cultura del Per\u00fa<\/a><\/p>\n","protected":false},"excerpt":{"rendered":"<p>&nbsp; Este jueves 21 de mayo se public\u00f3 en el diario oficial del Per\u00fa el Decreto de Urgencia N\u00b0 058-2020, que aprueba mecanismos de amortiguamiento para mitigar los efectos econ\u00f3micos [&hellip;]<\/p>\n","protected":false},"author":2,"featured_media":0,"comment_status":"closed","ping_status":"closed","sticky":false,"template":"","format":"standard","meta":{"_coblocks_attr":"","_coblocks_dimensions":"","_coblocks_responsive_height":"","_coblocks_accordion_ie_support":"","_EventAllDay":false,"_EventTimezone":"","_EventStartDate":"","_EventEndDate":"","_EventStartDateUTC":"","_EventEndDateUTC":"","_EventShowMap":false,"_EventShowMapLink":false,"_EventURL":"","_EventCost":"","_EventCostDescription":"","_EventCurrencySymbol":"","_EventCurrencyCode":"","_EventCurrencyPosition":"","_EventDateTimeSeparator":"","_EventTimeRangeSeparator":"","_EventOrganizerID":[],"_EventVenueID":[],"_OrganizerEmail":"","_OrganizerPhone":"","_OrganizerWebsite":"","_VenueAddress":"","_VenueCity":"","_VenueCountry":"","_VenueProvince":"","_VenueState":"","_VenueZip":"","_VenuePhone":"","_VenueURL":"","_VenueStateProvince":"","_VenueLat":"","_VenueLng":"","_VenueShowMap":false,"_VenueShowMapLink":false,"footnotes":""},"categories":[262],"tags":[],"country-municipality":[],"class_list":["post-16798","post","type-post","status-publish","format-standard","hentry","category-noticias-es"],"yoast_head":"<!-- This site is optimized with the Yoast SEO plugin v25.7 - https:\/\/yoast.com\/wordpress\/plugins\/seo\/ -->\n<title>Se aprueba Decreto de Urgencia para mitigar los efectos econ\u00f3micos en el sector de la cultura ante la emergencia sanitaria en Per\u00fa - IberCultura Viva<\/title>\n<meta name=\"description\" content=\"Se aprueba Decreto de Urgencia para mitigar los efectos econ\u00f3micos en el sector de la cultura ante la emergencia sanitaria en Per\u00fa - IberCultura Viva\" \/>\n<meta name=\"robots\" content=\"index, follow, max-snippet:-1, max-image-preview:large, max-video-preview:-1\" \/>\n<link rel=\"canonical\" href=\"https:\/\/iberculturaviva.org\/es\/se-aprueba-decreto-de-urgencia-para-mitigar-los-efectos-economicos-en-el-sector-de-la-cultura-ante-la-emergencia-sanitaria-en-peru\/\" \/>\n<meta property=\"og:locale\" content=\"es_ES\" \/>\n<meta property=\"og:type\" content=\"article\" \/>\n<meta property=\"og:title\" content=\"Se aprueba Decreto de Urgencia para mitigar los efectos econ\u00f3micos en el sector de la cultura ante la emergencia sanitaria en Per\u00fa - IberCultura Viva\" \/>\n<meta property=\"og:description\" content=\"Se aprueba Decreto de Urgencia para mitigar los efectos econ\u00f3micos en el sector de la cultura ante la emergencia sanitaria en Per\u00fa - IberCultura Viva\" \/>\n<meta property=\"og:url\" content=\"https:\/\/iberculturaviva.org\/es\/se-aprueba-decreto-de-urgencia-para-mitigar-los-efectos-economicos-en-el-sector-de-la-cultura-ante-la-emergencia-sanitaria-en-peru\/\" \/>\n<meta property=\"og:site_name\" content=\"IberCultura Viva\" \/>\n<meta property=\"article:publisher\" content=\"https:\/\/www.facebook.com\/iberculturaviva\/\" \/>\n<meta property=\"article:published_time\" content=\"2020-05-21T16:54:17+00:00\" \/>\n<meta property=\"article:modified_time\" content=\"2020-12-23T16:35:42+00:00\" \/>\n<meta property=\"og:image\" content=\"https:\/\/iberculturaviva.org\/wp-content\/uploads\/2020\/05\/decretourgencia.png\" \/>\n<meta name=\"author\" content=\"IberCultura\" \/>\n<meta name=\"twitter:card\" content=\"summary_large_image\" \/>\n<meta name=\"twitter:label1\" content=\"Escrito por\" \/>\n\t<meta name=\"twitter:data1\" content=\"IberCultura\" \/>\n\t<meta name=\"twitter:label2\" content=\"Tiempo de lectura\" \/>\n\t<meta name=\"twitter:data2\" content=\"1 minuto\" \/>\n<script type=\"application\/ld+json\" class=\"yoast-schema-graph\">{\"@context\":\"https:\/\/schema.org\",\"@graph\":[{\"@type\":\"Article\",\"@id\":\"https:\/\/iberculturaviva.org\/es\/se-aprueba-decreto-de-urgencia-para-mitigar-los-efectos-economicos-en-el-sector-de-la-cultura-ante-la-emergencia-sanitaria-en-peru\/#article\",\"isPartOf\":{\"@id\":\"https:\/\/iberculturaviva.org\/es\/se-aprueba-decreto-de-urgencia-para-mitigar-los-efectos-economicos-en-el-sector-de-la-cultura-ante-la-emergencia-sanitaria-en-peru\/\"},\"author\":{\"name\":\"IberCultura\",\"@id\":\"https:\/\/iberculturaviva.org\/es\/?lang=es\/#\/schema\/person\/5d1313b072cc25536e0431522f740b59\"},\"headline\":\"Se aprueba Decreto de Urgencia para mitigar los efectos econ\u00f3micos en el sector de la cultura ante la emergencia sanitaria en Per\u00fa\",\"datePublished\":\"2020-05-21T16:54:17+00:00\",\"dateModified\":\"2020-12-23T16:35:42+00:00\",\"mainEntityOfPage\":{\"@id\":\"https:\/\/iberculturaviva.org\/es\/se-aprueba-decreto-de-urgencia-para-mitigar-los-efectos-economicos-en-el-sector-de-la-cultura-ante-la-emergencia-sanitaria-en-peru\/\"},\"wordCount\":283,\"publisher\":{\"@id\":\"https:\/\/iberculturaviva.org\/es\/?lang=es\/#organization\"},\"image\":{\"@id\":\"https:\/\/iberculturaviva.org\/es\/se-aprueba-decreto-de-urgencia-para-mitigar-los-efectos-economicos-en-el-sector-de-la-cultura-ante-la-emergencia-sanitaria-en-peru\/#primaryimage\"},\"thumbnailUrl\":\"https:\/\/iberculturaviva.org\/wp-content\/uploads\/2020\/05\/decretourgencia.png\",\"articleSection\":[\"Noticias\"],\"inLanguage\":\"es\"},{\"@type\":\"WebPage\",\"@id\":\"https:\/\/iberculturaviva.org\/es\/se-aprueba-decreto-de-urgencia-para-mitigar-los-efectos-economicos-en-el-sector-de-la-cultura-ante-la-emergencia-sanitaria-en-peru\/\",\"url\":\"https:\/\/iberculturaviva.org\/es\/se-aprueba-decreto-de-urgencia-para-mitigar-los-efectos-economicos-en-el-sector-de-la-cultura-ante-la-emergencia-sanitaria-en-peru\/\",\"name\":\"Se aprueba Decreto de Urgencia para mitigar los efectos econ\u00f3micos en el sector de la cultura ante la emergencia sanitaria en Per\u00fa - IberCultura Viva\",\"isPartOf\":{\"@id\":\"https:\/\/iberculturaviva.org\/es\/?lang=es\/#website\"},\"primaryImageOfPage\":{\"@id\":\"https:\/\/iberculturaviva.org\/es\/se-aprueba-decreto-de-urgencia-para-mitigar-los-efectos-economicos-en-el-sector-de-la-cultura-ante-la-emergencia-sanitaria-en-peru\/#primaryimage\"},\"image\":{\"@id\":\"https:\/\/iberculturaviva.org\/es\/se-aprueba-decreto-de-urgencia-para-mitigar-los-efectos-economicos-en-el-sector-de-la-cultura-ante-la-emergencia-sanitaria-en-peru\/#primaryimage\"},\"thumbnailUrl\":\"https:\/\/iberculturaviva.org\/wp-content\/uploads\/2020\/05\/decretourgencia.png\",\"datePublished\":\"2020-05-21T16:54:17+00:00\",\"dateModified\":\"2020-12-23T16:35:42+00:00\",\"description\":\"Se aprueba Decreto de Urgencia para mitigar los efectos econ\u00f3micos en el sector de la cultura ante la emergencia sanitaria en Per\u00fa - IberCultura Viva\",\"breadcrumb\":{\"@id\":\"https:\/\/iberculturaviva.org\/es\/se-aprueba-decreto-de-urgencia-para-mitigar-los-efectos-economicos-en-el-sector-de-la-cultura-ante-la-emergencia-sanitaria-en-peru\/#breadcrumb\"},\"inLanguage\":\"es\",\"potentialAction\":[{\"@type\":\"ReadAction\",\"target\":[\"https:\/\/iberculturaviva.org\/es\/se-aprueba-decreto-de-urgencia-para-mitigar-los-efectos-economicos-en-el-sector-de-la-cultura-ante-la-emergencia-sanitaria-en-peru\/\"]}]},{\"@type\":\"ImageObject\",\"inLanguage\":\"es\",\"@id\":\"https:\/\/iberculturaviva.org\/es\/se-aprueba-decreto-de-urgencia-para-mitigar-los-efectos-economicos-en-el-sector-de-la-cultura-ante-la-emergencia-sanitaria-en-peru\/#primaryimage\",\"url\":\"https:\/\/iberculturaviva.org\/wp-content\/uploads\/2020\/05\/decretourgencia.png\",\"contentUrl\":\"https:\/\/iberculturaviva.org\/wp-content\/uploads\/2020\/05\/decretourgencia.png\"},{\"@type\":\"BreadcrumbList\",\"@id\":\"https:\/\/iberculturaviva.org\/es\/se-aprueba-decreto-de-urgencia-para-mitigar-los-efectos-economicos-en-el-sector-de-la-cultura-ante-la-emergencia-sanitaria-en-peru\/#breadcrumb\",\"itemListElement\":[{\"@type\":\"ListItem\",\"position\":1,\"name\":\"In\u00edcio\",\"item\":\"https:\/\/iberculturaviva.org\/es\/inicio\/\"},{\"@type\":\"ListItem\",\"position\":2,\"name\":\"Se aprueba Decreto de Urgencia para mitigar los efectos econ\u00f3micos en el sector de la cultura ante la emergencia sanitaria en Per\u00fa\"}]},{\"@type\":\"WebSite\",\"@id\":\"https:\/\/iberculturaviva.org\/es\/?lang=es\/#website\",\"url\":\"https:\/\/iberculturaviva.org\/es\/?lang=es\/\",\"name\":\"IberCultura Viva\",\"description\":\"Programa de cooperaci\u00f3n cultural\",\"publisher\":{\"@id\":\"https:\/\/iberculturaviva.org\/es\/?lang=es\/#organization\"},\"potentialAction\":[{\"@type\":\"SearchAction\",\"target\":{\"@type\":\"EntryPoint\",\"urlTemplate\":\"https:\/\/iberculturaviva.org\/es\/?lang=es\/?s={search_term_string}\"},\"query-input\":{\"@type\":\"PropertyValueSpecification\",\"valueRequired\":true,\"valueName\":\"search_term_string\"}}],\"inLanguage\":\"es\"},{\"@type\":\"Organization\",\"@id\":\"https:\/\/iberculturaviva.org\/es\/?lang=es\/#organization\",\"name\":\"Iberculturaviva\",\"url\":\"https:\/\/iberculturaviva.org\/es\/?lang=es\/\",\"logo\":{\"@type\":\"ImageObject\",\"inLanguage\":\"es\",\"@id\":\"https:\/\/iberculturaviva.org\/es\/?lang=es\/#\/schema\/logo\/image\/\",\"url\":\"https:\/\/iberculturaviva.org\/wp-content\/uploads\/2021\/08\/logo_ibercultura_viva.jpg\",\"contentUrl\":\"https:\/\/iberculturaviva.org\/wp-content\/uploads\/2021\/08\/logo_ibercultura_viva.jpg\",\"width\":708,\"height\":223,\"caption\":\"Iberculturaviva\"},\"image\":{\"@id\":\"https:\/\/iberculturaviva.org\/es\/?lang=es\/#\/schema\/logo\/image\/\"},\"sameAs\":[\"https:\/\/www.facebook.com\/iberculturaviva\/\",\"https:\/\/www.instagram.com\/iberculturaviva\/\",\"https:\/\/www.youtube.com\/iberculturaviva\"]},{\"@type\":\"Person\",\"@id\":\"https:\/\/iberculturaviva.org\/es\/?lang=es\/#\/schema\/person\/5d1313b072cc25536e0431522f740b59\",\"name\":\"IberCultura\",\"image\":{\"@type\":\"ImageObject\",\"inLanguage\":\"es\",\"@id\":\"https:\/\/iberculturaviva.org\/es\/?lang=es\/#\/schema\/person\/image\/\",\"url\":\"https:\/\/secure.gravatar.com\/avatar\/79f1a057cb125cbefb3765d0356d52fc7f3bba3a35e2cf22bc4de090bb7aef70?s=96&d=mm&r=g\",\"contentUrl\":\"https:\/\/secure.gravatar.com\/avatar\/79f1a057cb125cbefb3765d0356d52fc7f3bba3a35e2cf22bc4de090bb7aef70?s=96&d=mm&r=g\",\"caption\":\"IberCultura\"}}]}<\/script>\n<!-- \/ Yoast SEO plugin. -->","yoast_head_json":{"title":"Se aprueba Decreto de Urgencia para mitigar los efectos econ\u00f3micos en el sector de la cultura ante la emergencia sanitaria en Per\u00fa - IberCultura Viva","description":"Se aprueba Decreto de Urgencia para mitigar los efectos econ\u00f3micos en el sector de la cultura ante la emergencia sanitaria en Per\u00fa - IberCultura Viva","robots":{"index":"index","follow":"follow","max-snippet":"max-snippet:-1","max-image-preview":"max-image-preview:large","max-video-preview":"max-video-preview:-1"},"canonical":"https:\/\/iberculturaviva.org\/es\/se-aprueba-decreto-de-urgencia-para-mitigar-los-efectos-economicos-en-el-sector-de-la-cultura-ante-la-emergencia-sanitaria-en-peru\/","og_locale":"es_ES","og_type":"article","og_title":"Se aprueba Decreto de Urgencia para mitigar los efectos econ\u00f3micos en el sector de la cultura ante la emergencia sanitaria en Per\u00fa - IberCultura Viva","og_description":"Se aprueba Decreto de Urgencia para mitigar los efectos econ\u00f3micos en el sector de la cultura ante la emergencia sanitaria en Per\u00fa - IberCultura Viva","og_url":"https:\/\/iberculturaviva.org\/es\/se-aprueba-decreto-de-urgencia-para-mitigar-los-efectos-economicos-en-el-sector-de-la-cultura-ante-la-emergencia-sanitaria-en-peru\/","og_site_name":"IberCultura Viva","article_publisher":"https:\/\/www.facebook.com\/iberculturaviva\/","article_published_time":"2020-05-21T16:54:17+00:00","article_modified_time":"2020-12-23T16:35:42+00:00","og_image":[{"url":"https:\/\/iberculturaviva.org\/wp-content\/uploads\/2020\/05\/decretourgencia.png","type":"","width":"","height":""}],"author":"IberCultura","twitter_card":"summary_large_image","twitter_misc":{"Escrito por":"IberCultura","Tiempo de lectura":"1 minuto"},"schema":{"@context":"https:\/\/schema.org","@graph":[{"@type":"Article","@id":"https:\/\/iberculturaviva.org\/es\/se-aprueba-decreto-de-urgencia-para-mitigar-los-efectos-economicos-en-el-sector-de-la-cultura-ante-la-emergencia-sanitaria-en-peru\/#article","isPartOf":{"@id":"https:\/\/iberculturaviva.org\/es\/se-aprueba-decreto-de-urgencia-para-mitigar-los-efectos-economicos-en-el-sector-de-la-cultura-ante-la-emergencia-sanitaria-en-peru\/"},"author":{"name":"IberCultura","@id":"https:\/\/iberculturaviva.org\/es\/?lang=es\/#\/schema\/person\/5d1313b072cc25536e0431522f740b59"},"headline":"Se aprueba Decreto de Urgencia para mitigar los efectos econ\u00f3micos en el sector de la cultura ante la emergencia sanitaria en Per\u00fa","datePublished":"2020-05-21T16:54:17+00:00","dateModified":"2020-12-23T16:35:42+00:00","mainEntityOfPage":{"@id":"https:\/\/iberculturaviva.org\/es\/se-aprueba-decreto-de-urgencia-para-mitigar-los-efectos-economicos-en-el-sector-de-la-cultura-ante-la-emergencia-sanitaria-en-peru\/"},"wordCount":283,"publisher":{"@id":"https:\/\/iberculturaviva.org\/es\/?lang=es\/#organization"},"image":{"@id":"https:\/\/iberculturaviva.org\/es\/se-aprueba-decreto-de-urgencia-para-mitigar-los-efectos-economicos-en-el-sector-de-la-cultura-ante-la-emergencia-sanitaria-en-peru\/#primaryimage"},"thumbnailUrl":"https:\/\/iberculturaviva.org\/wp-content\/uploads\/2020\/05\/decretourgencia.png","articleSection":["Noticias"],"inLanguage":"es"},{"@type":"WebPage","@id":"https:\/\/iberculturaviva.org\/es\/se-aprueba-decreto-de-urgencia-para-mitigar-los-efectos-economicos-en-el-sector-de-la-cultura-ante-la-emergencia-sanitaria-en-peru\/","url":"https:\/\/iberculturaviva.org\/es\/se-aprueba-decreto-de-urgencia-para-mitigar-los-efectos-economicos-en-el-sector-de-la-cultura-ante-la-emergencia-sanitaria-en-peru\/","name":"Se aprueba Decreto de Urgencia para mitigar los efectos econ\u00f3micos en el sector de la cultura ante la emergencia sanitaria en Per\u00fa - IberCultura Viva","isPartOf":{"@id":"https:\/\/iberculturaviva.org\/es\/?lang=es\/#website"},"primaryImageOfPage":{"@id":"https:\/\/iberculturaviva.org\/es\/se-aprueba-decreto-de-urgencia-para-mitigar-los-efectos-economicos-en-el-sector-de-la-cultura-ante-la-emergencia-sanitaria-en-peru\/#primaryimage"},"image":{"@id":"https:\/\/iberculturaviva.org\/es\/se-aprueba-decreto-de-urgencia-para-mitigar-los-efectos-economicos-en-el-sector-de-la-cultura-ante-la-emergencia-sanitaria-en-peru\/#primaryimage"},"thumbnailUrl":"https:\/\/iberculturaviva.org\/wp-content\/uploads\/2020\/05\/decretourgencia.png","datePublished":"2020-05-21T16:54:17+00:00","dateModified":"2020-12-23T16:35:42+00:00","description":"Se aprueba Decreto de Urgencia para mitigar los efectos econ\u00f3micos en el sector de la cultura ante la emergencia sanitaria en Per\u00fa - IberCultura Viva","breadcrumb":{"@id":"https:\/\/iberculturaviva.org\/es\/se-aprueba-decreto-de-urgencia-para-mitigar-los-efectos-economicos-en-el-sector-de-la-cultura-ante-la-emergencia-sanitaria-en-peru\/#breadcrumb"},"inLanguage":"es","potentialAction":[{"@type":"ReadAction","target":["https:\/\/iberculturaviva.org\/es\/se-aprueba-decreto-de-urgencia-para-mitigar-los-efectos-economicos-en-el-sector-de-la-cultura-ante-la-emergencia-sanitaria-en-peru\/"]}]},{"@type":"ImageObject","inLanguage":"es","@id":"https:\/\/iberculturaviva.org\/es\/se-aprueba-decreto-de-urgencia-para-mitigar-los-efectos-economicos-en-el-sector-de-la-cultura-ante-la-emergencia-sanitaria-en-peru\/#primaryimage","url":"https:\/\/iberculturaviva.org\/wp-content\/uploads\/2020\/05\/decretourgencia.png","contentUrl":"https:\/\/iberculturaviva.org\/wp-content\/uploads\/2020\/05\/decretourgencia.png"},{"@type":"BreadcrumbList","@id":"https:\/\/iberculturaviva.org\/es\/se-aprueba-decreto-de-urgencia-para-mitigar-los-efectos-economicos-en-el-sector-de-la-cultura-ante-la-emergencia-sanitaria-en-peru\/#breadcrumb","itemListElement":[{"@type":"ListItem","position":1,"name":"In\u00edcio","item":"https:\/\/iberculturaviva.org\/es\/inicio\/"},{"@type":"ListItem","position":2,"name":"Se aprueba Decreto de Urgencia para mitigar los efectos econ\u00f3micos en el sector de la cultura ante la emergencia sanitaria en Per\u00fa"}]},{"@type":"WebSite","@id":"https:\/\/iberculturaviva.org\/es\/?lang=es\/#website","url":"https:\/\/iberculturaviva.org\/es\/?lang=es\/","name":"IberCultura Viva","description":"Programa de cooperaci\u00f3n cultural","publisher":{"@id":"https:\/\/iberculturaviva.org\/es\/?lang=es\/#organization"},"potentialAction":[{"@type":"SearchAction","target":{"@type":"EntryPoint","urlTemplate":"https:\/\/iberculturaviva.org\/es\/?lang=es\/?s={search_term_string}"},"query-input":{"@type":"PropertyValueSpecification","valueRequired":true,"valueName":"search_term_string"}}],"inLanguage":"es"},{"@type":"Organization","@id":"https:\/\/iberculturaviva.org\/es\/?lang=es\/#organization","name":"Iberculturaviva","url":"https:\/\/iberculturaviva.org\/es\/?lang=es\/","logo":{"@type":"ImageObject","inLanguage":"es","@id":"https:\/\/iberculturaviva.org\/es\/?lang=es\/#\/schema\/logo\/image\/","url":"https:\/\/iberculturaviva.org\/wp-content\/uploads\/2021\/08\/logo_ibercultura_viva.jpg","contentUrl":"https:\/\/iberculturaviva.org\/wp-content\/uploads\/2021\/08\/logo_ibercultura_viva.jpg","width":708,"height":223,"caption":"Iberculturaviva"},"image":{"@id":"https:\/\/iberculturaviva.org\/es\/?lang=es\/#\/schema\/logo\/image\/"},"sameAs":["https:\/\/www.facebook.com\/iberculturaviva\/","https:\/\/www.instagram.com\/iberculturaviva\/","https:\/\/www.youtube.com\/iberculturaviva"]},{"@type":"Person","@id":"https:\/\/iberculturaviva.org\/es\/?lang=es\/#\/schema\/person\/5d1313b072cc25536e0431522f740b59","name":"IberCultura","image":{"@type":"ImageObject","inLanguage":"es","@id":"https:\/\/iberculturaviva.org\/es\/?lang=es\/#\/schema\/person\/image\/","url":"https:\/\/secure.gravatar.com\/avatar\/79f1a057cb125cbefb3765d0356d52fc7f3bba3a35e2cf22bc4de090bb7aef70?s=96&d=mm&r=g","contentUrl":"https:\/\/secure.gravatar.com\/avatar\/79f1a057cb125cbefb3765d0356d52fc7f3bba3a35e2cf22bc4de090bb7aef70?s=96&d=mm&r=g","caption":"IberCultura"}}]}},"main_category":{"link":"https:\/\/iberculturaviva.org\/es\/category\/noticias-es\/","name":"Noticias","slug":"noticias-es"},"_links":{"self":[{"href":"https:\/\/iberculturaviva.org\/es\/wp-json\/wp\/v2\/posts\/16798","targetHints":{"allow":["GET"]}}],"collection":[{"href":"https:\/\/iberculturaviva.org\/es\/wp-json\/wp\/v2\/posts"}],"about":[{"href":"https:\/\/iberculturaviva.org\/es\/wp-json\/wp\/v2\/types\/post"}],"author":[{"embeddable":true,"href":"https:\/\/iberculturaviva.org\/es\/wp-json\/wp\/v2\/users\/2"}],"replies":[{"embeddable":true,"href":"https:\/\/iberculturaviva.org\/es\/wp-json\/wp\/v2\/comments?post=16798"}],"version-history":[{"count":1,"href":"https:\/\/iberculturaviva.org\/es\/wp-json\/wp\/v2\/posts\/16798\/revisions"}],"predecessor-version":[{"id":22448,"href":"https:\/\/iberculturaviva.org\/es\/wp-json\/wp\/v2\/posts\/16798\/revisions\/22448"}],"wp:attachment":[{"href":"https:\/\/iberculturaviva.org\/es\/wp-json\/wp\/v2\/media?parent=16798"}],"wp:term":[{"taxonomy":"category","embeddable":true,"href":"https:\/\/iberculturaviva.org\/es\/wp-json\/wp\/v2\/categories?post=16798"},{"taxonomy":"post_tag","embeddable":true,"href":"https:\/\/iberculturaviva.org\/es\/wp-json\/wp\/v2\/tags?post=16798"},{"taxonomy":"country-municipality","embeddable":true,"href":"https:\/\/iberculturaviva.org\/es\/wp-json\/wp\/v2\/country-municipality?post=16798"}],"curies":[{"name":"wp","href":"https:\/\/api.w.org\/{rel}","templated":true}]}}