{"id":16744,"date":"2020-02-27T19:58:41","date_gmt":"2020-02-27T22:58:41","guid":{"rendered":"https:\/\/iberculturaviva.org\/se-habilitan-272-candidaturas-para-las-becas-del-curso-de-politicas-culturales-de-base-comunitaria\/"},"modified":"2020-12-23T13:38:20","modified_gmt":"2020-12-23T16:38:20","slug":"se-habilitan-272-candidaturas-para-las-becas-del-curso-de-politicas-culturales-de-base-comunitaria","status":"publish","type":"post","link":"https:\/\/iberculturaviva.org\/es\/se-habilitan-272-candidaturas-para-las-becas-del-curso-de-politicas-culturales-de-base-comunitaria\/","title":{"rendered":"Se habilitan 272 candidaturas para las becas del Curso de Pol\u00edticas Culturales de Base Comunitaria"},"content":{"rendered":"<h4>(Foto: Marina Leitner)<\/h4>\n<p>&nbsp;<\/p>\n<p style=\"text-align: justify;\"><span style=\"font-weight: 400;\">Entre el 20 de diciembre de 2019 y el 16 de febrero de 2020, el programa IberCultura Viva recibi\u00f3 un total de 272 inscripciones en la convocatoria de becas para la tercera edici\u00f3n del Curso de Posgrado Internacional en Pol\u00edticas Culturales de Base Comunitaria FLACSO-IberCultura Viva. Todas las candidaturas fueron consideradas habilitadas y seguir\u00e1n en el proceso de evaluaci\u00f3n de la convocatoria.<\/span><\/p>\n<p style=\"text-align: justify;\"><span style=\"font-weight: 400;\">El programa conceder\u00e1 un total de 84 becas completas del curso, repartidas equitativamente entre los pa\u00edses miembros del Consejo Intergubernamental. El pa\u00eds con mayor n\u00famero de postulaciones es Brasil (67). Luego vienen Chile (41), Per\u00fa (39), Argentina (34), M\u00e9xico (34), Ecuador (17), El Salvador (15), Uruguay (10), Costa Rica (8) y Espa\u00f1a (7).<\/span><\/p>\n<p style=\"text-align: justify;\"><span style=\"font-weight: 400;\">El resultado final ser\u00e1 anunciado antes del 30 de marzo. La etapa de evaluaci\u00f3n de las propuestas habilitadas ser\u00e1 de responsabilidad del Consejo Intergubernamental y del Comit\u00e9 T\u00e9cnico. El Consejo Intergubernamental est\u00e1 formado por los representantes de los pa\u00edses miembros, y el Comit\u00e9 T\u00e9cnico, por los representantes del Comit\u00e9 Ejecutivo del programa. Un representante de la Unidad T\u00e9cnica actuar\u00e1 como observador.<\/span><\/p>\n<p style=\"text-align: justify;\"><span style=\"font-weight: 400;\">La selecci\u00f3n tendr\u00e1 en cuenta criterios como la experiencia en gesti\u00f3n cultural, en acciones culturales comunitarias y en la incidencia, dise\u00f1o y ejecuci\u00f3n de pol\u00edticas p\u00fablicas de cultura, adem\u00e1s de la formaci\u00f3n universitaria en gesti\u00f3n cultural, artes, ciencias sociales, humanas o econ\u00f3micas. Quienes pertenezcan a pueblos originarios y\/o afrodescendientes recibir\u00e1n un punto extra en la evaluaci\u00f3n. La clasificaci\u00f3n final considerar\u00e1 las mayores puntuaciones obtenidas, y al menos el 50% de las personas seleccionadas deber\u00e1n ser mujeres.\u00a0<\/span><\/p>\n<p>&nbsp;<\/p>\n<h4><b>El posgrado<\/b><\/h4>\n<p style=\"text-align: justify;\"><span style=\"font-weight: 400;\">El Curso de Posgrado Internacional en Pol\u00edticas Culturales de Base Comunitaria FLACSO-IberCultura Viva se dictar\u00e1 con modalidad virtual entre abril y diciembre de 2020, a trav\u00e9s del Campus Virtual de la Facultad Latinoamericana de Ciencias Sociales (FLACSO), sede Argentina.\u00a0<\/span><\/p>\n<p style=\"text-align: justify;\"><span style=\"font-weight: 400;\">Los contenidos estar\u00e1n distribuidos en seis m\u00f3dulos y 24 clases. Las clases ser\u00e1n impartidas en espa\u00f1ol, excepto aquellas a cargo de profesores brasile\u00f1os, que se dictar\u00e1n en portugu\u00e9s y tendr\u00e1n traducci\u00f3n al espa\u00f1ol.\u00a0<\/span><\/p>\n<p style=\"text-align: justify;\"><span style=\"font-weight: 400;\">Para cumplir con los objetivos del curso ser\u00e1 necesario realizar un parcial escrito sobre los tres primeros m\u00f3dulos y un trabajo final integrador que consiste en dise\u00f1ar y planificar un proyecto cultural comunitario o una pol\u00edtica cultural p\u00fablica de base comunitaria. Los trabajos podr\u00e1n ser entregados en la lengua nativa (espa\u00f1ol o portugu\u00e9s).\u00a0<\/span><\/p>\n<p>&nbsp;<\/p>\n<h4><b>Revisa la lista de personas candidatas habilitadas:<\/b><\/h4>\n<p><a href=\"https:\/\/iberculturaviva.org\/wp-content\/uploads\/2020\/02\/INFORMACI\u00d3N-A-LOS-INTERESADOS-I-Becas-Curso-de-Posgrado-FLACSO-2020.pdf\">Informaci\u00f3n a los Interesados I &#8211; Convocatoria de Becas para el Curso de Posgrado Internacional en Pol\u00edticas Culturales de Base Comunitaria 2020 &#8211; Etapa de Habilitaci\u00f3n<\/a><\/p>\n","protected":false},"excerpt":{"rendered":"<p>(Foto: Marina Leitner) &nbsp; Entre el 20 de diciembre de 2019 y el 16 de febrero de 2020, el programa IberCultura Viva recibi\u00f3 un total de 272 inscripciones en la [&hellip;]<\/p>\n","protected":false},"author":2,"featured_media":21109,"comment_status":"closed","ping_status":"closed","sticky":false,"template":"","format":"standard","meta":{"_coblocks_attr":"","_coblocks_dimensions":"","_coblocks_responsive_height":"","_coblocks_accordion_ie_support":"","_EventAllDay":false,"_EventTimezone":"","_EventStartDate":"","_EventEndDate":"","_EventStartDateUTC":"","_EventEndDateUTC":"","_EventShowMap":false,"_EventShowMapLink":false,"_EventURL":"","_EventCost":"","_EventCostDescription":"","_EventCurrencySymbol":"","_EventCurrencyCode":"","_EventCurrencyPosition":"","_EventDateTimeSeparator":"","_EventTimeRangeSeparator":"","_EventOrganizerID":[],"_EventVenueID":[],"_OrganizerEmail":"","_OrganizerPhone":"","_OrganizerWebsite":"","_VenueAddress":"","_VenueCity":"","_VenueCountry":"","_VenueProvince":"","_VenueState":"","_VenueZip":"","_VenuePhone":"","_VenueURL":"","_VenueStateProvince":"","_VenueLat":"","_VenueLng":"","_VenueShowMap":false,"_VenueShowMapLink":false,"footnotes":""},"categories":[250,262],"tags":[],"country-municipality":[],"class_list":["post-16744","post","type-post","status-publish","format-standard","has-post-thumbnail","hentry","category-convocatorias","category-noticias-es"],"yoast_head":"<!-- This site is optimized with the Yoast SEO plugin v25.7 - https:\/\/yoast.com\/wordpress\/plugins\/seo\/ -->\n<title>Se habilitan 272 candidaturas para las becas del Curso de Pol\u00edticas Culturales de Base Comunitaria - IberCultura Viva<\/title>\n<meta name=\"description\" content=\"Se habilitan 272 candidaturas para las becas del Curso de Pol\u00edticas Culturales de Base Comunitaria - IberCultura Viva\" \/>\n<meta name=\"robots\" content=\"index, follow, max-snippet:-1, max-image-preview:large, max-video-preview:-1\" \/>\n<link rel=\"canonical\" href=\"https:\/\/iberculturaviva.org\/es\/se-habilitan-272-candidaturas-para-las-becas-del-curso-de-politicas-culturales-de-base-comunitaria\/\" \/>\n<meta property=\"og:locale\" content=\"es_ES\" \/>\n<meta property=\"og:type\" content=\"article\" \/>\n<meta property=\"og:title\" content=\"Se habilitan 272 candidaturas para las becas del Curso de Pol\u00edticas Culturales de Base Comunitaria - IberCultura Viva\" \/>\n<meta property=\"og:description\" content=\"Se habilitan 272 candidaturas para las becas del Curso de Pol\u00edticas Culturales de Base Comunitaria - IberCultura Viva\" \/>\n<meta property=\"og:url\" content=\"https:\/\/iberculturaviva.org\/es\/se-habilitan-272-candidaturas-para-las-becas-del-curso-de-politicas-culturales-de-base-comunitaria\/\" \/>\n<meta property=\"og:site_name\" content=\"IberCultura Viva\" \/>\n<meta property=\"article:publisher\" content=\"https:\/\/www.facebook.com\/iberculturaviva\/\" \/>\n<meta property=\"article:published_time\" content=\"2020-02-27T22:58:41+00:00\" \/>\n<meta property=\"article:modified_time\" content=\"2020-12-23T16:38:20+00:00\" \/>\n<meta property=\"og:image\" content=\"https:\/\/iberculturaviva.org\/wp-content\/uploads\/2020\/02\/foto_flacso_Marina-Leitner.jpg\" \/>\n\t<meta property=\"og:image:width\" content=\"1629\" \/>\n\t<meta property=\"og:image:height\" content=\"1066\" \/>\n\t<meta property=\"og:image:type\" content=\"image\/jpeg\" \/>\n<meta name=\"author\" content=\"IberCultura\" \/>\n<meta name=\"twitter:card\" content=\"summary_large_image\" \/>\n<meta name=\"twitter:label1\" content=\"Escrito por\" \/>\n\t<meta name=\"twitter:data1\" content=\"IberCultura\" \/>\n\t<meta name=\"twitter:label2\" content=\"Tiempo de lectura\" \/>\n\t<meta name=\"twitter:data2\" content=\"2 minutos\" \/>\n<script type=\"application\/ld+json\" class=\"yoast-schema-graph\">{\"@context\":\"https:\/\/schema.org\",\"@graph\":[{\"@type\":\"Article\",\"@id\":\"https:\/\/iberculturaviva.org\/es\/se-habilitan-272-candidaturas-para-las-becas-del-curso-de-politicas-culturales-de-base-comunitaria\/#article\",\"isPartOf\":{\"@id\":\"https:\/\/iberculturaviva.org\/es\/se-habilitan-272-candidaturas-para-las-becas-del-curso-de-politicas-culturales-de-base-comunitaria\/\"},\"author\":{\"name\":\"IberCultura\",\"@id\":\"https:\/\/iberculturaviva.org\/es\/?lang=es\/#\/schema\/person\/5d1313b072cc25536e0431522f740b59\"},\"headline\":\"Se habilitan 272 candidaturas para las becas del Curso de Pol\u00edticas Culturales de Base Comunitaria\",\"datePublished\":\"2020-02-27T22:58:41+00:00\",\"dateModified\":\"2020-12-23T16:38:20+00:00\",\"mainEntityOfPage\":{\"@id\":\"https:\/\/iberculturaviva.org\/es\/se-habilitan-272-candidaturas-para-las-becas-del-curso-de-politicas-culturales-de-base-comunitaria\/\"},\"wordCount\":463,\"publisher\":{\"@id\":\"https:\/\/iberculturaviva.org\/es\/?lang=es\/#organization\"},\"image\":{\"@id\":\"https:\/\/iberculturaviva.org\/es\/se-habilitan-272-candidaturas-para-las-becas-del-curso-de-politicas-culturales-de-base-comunitaria\/#primaryimage\"},\"thumbnailUrl\":\"https:\/\/iberculturaviva.org\/wp-content\/uploads\/2020\/02\/foto_flacso_Marina-Leitner.jpg\",\"articleSection\":[\"Convocatorias\",\"Noticias\"],\"inLanguage\":\"es\"},{\"@type\":\"WebPage\",\"@id\":\"https:\/\/iberculturaviva.org\/es\/se-habilitan-272-candidaturas-para-las-becas-del-curso-de-politicas-culturales-de-base-comunitaria\/\",\"url\":\"https:\/\/iberculturaviva.org\/es\/se-habilitan-272-candidaturas-para-las-becas-del-curso-de-politicas-culturales-de-base-comunitaria\/\",\"name\":\"Se habilitan 272 candidaturas para las becas del Curso de Pol\u00edticas Culturales de Base Comunitaria - IberCultura Viva\",\"isPartOf\":{\"@id\":\"https:\/\/iberculturaviva.org\/es\/?lang=es\/#website\"},\"primaryImageOfPage\":{\"@id\":\"https:\/\/iberculturaviva.org\/es\/se-habilitan-272-candidaturas-para-las-becas-del-curso-de-politicas-culturales-de-base-comunitaria\/#primaryimage\"},\"image\":{\"@id\":\"https:\/\/iberculturaviva.org\/es\/se-habilitan-272-candidaturas-para-las-becas-del-curso-de-politicas-culturales-de-base-comunitaria\/#primaryimage\"},\"thumbnailUrl\":\"https:\/\/iberculturaviva.org\/wp-content\/uploads\/2020\/02\/foto_flacso_Marina-Leitner.jpg\",\"datePublished\":\"2020-02-27T22:58:41+00:00\",\"dateModified\":\"2020-12-23T16:38:20+00:00\",\"description\":\"Se habilitan 272 candidaturas para las becas del Curso de Pol\u00edticas Culturales de Base Comunitaria - IberCultura Viva\",\"breadcrumb\":{\"@id\":\"https:\/\/iberculturaviva.org\/es\/se-habilitan-272-candidaturas-para-las-becas-del-curso-de-politicas-culturales-de-base-comunitaria\/#breadcrumb\"},\"inLanguage\":\"es\",\"potentialAction\":[{\"@type\":\"ReadAction\",\"target\":[\"https:\/\/iberculturaviva.org\/es\/se-habilitan-272-candidaturas-para-las-becas-del-curso-de-politicas-culturales-de-base-comunitaria\/\"]}]},{\"@type\":\"ImageObject\",\"inLanguage\":\"es\",\"@id\":\"https:\/\/iberculturaviva.org\/es\/se-habilitan-272-candidaturas-para-las-becas-del-curso-de-politicas-culturales-de-base-comunitaria\/#primaryimage\",\"url\":\"https:\/\/iberculturaviva.org\/wp-content\/uploads\/2020\/02\/foto_flacso_Marina-Leitner.jpg\",\"contentUrl\":\"https:\/\/iberculturaviva.org\/wp-content\/uploads\/2020\/02\/foto_flacso_Marina-Leitner.jpg\",\"width\":1629,\"height\":1066},{\"@type\":\"BreadcrumbList\",\"@id\":\"https:\/\/iberculturaviva.org\/es\/se-habilitan-272-candidaturas-para-las-becas-del-curso-de-politicas-culturales-de-base-comunitaria\/#breadcrumb\",\"itemListElement\":[{\"@type\":\"ListItem\",\"position\":1,\"name\":\"In\u00edcio\",\"item\":\"https:\/\/iberculturaviva.org\/es\/inicio\/\"},{\"@type\":\"ListItem\",\"position\":2,\"name\":\"Se habilitan 272 candidaturas para las becas del Curso de Pol\u00edticas Culturales de Base Comunitaria\"}]},{\"@type\":\"WebSite\",\"@id\":\"https:\/\/iberculturaviva.org\/es\/?lang=es\/#website\",\"url\":\"https:\/\/iberculturaviva.org\/es\/?lang=es\/\",\"name\":\"IberCultura Viva\",\"description\":\"Programa de cooperaci\u00f3n cultural\",\"publisher\":{\"@id\":\"https:\/\/iberculturaviva.org\/es\/?lang=es\/#organization\"},\"potentialAction\":[{\"@type\":\"SearchAction\",\"target\":{\"@type\":\"EntryPoint\",\"urlTemplate\":\"https:\/\/iberculturaviva.org\/es\/?lang=es\/?s={search_term_string}\"},\"query-input\":{\"@type\":\"PropertyValueSpecification\",\"valueRequired\":true,\"valueName\":\"search_term_string\"}}],\"inLanguage\":\"es\"},{\"@type\":\"Organization\",\"@id\":\"https:\/\/iberculturaviva.org\/es\/?lang=es\/#organization\",\"name\":\"Iberculturaviva\",\"url\":\"https:\/\/iberculturaviva.org\/es\/?lang=es\/\",\"logo\":{\"@type\":\"ImageObject\",\"inLanguage\":\"es\",\"@id\":\"https:\/\/iberculturaviva.org\/es\/?lang=es\/#\/schema\/logo\/image\/\",\"url\":\"https:\/\/iberculturaviva.org\/wp-content\/uploads\/2021\/08\/logo_ibercultura_viva.jpg\",\"contentUrl\":\"https:\/\/iberculturaviva.org\/wp-content\/uploads\/2021\/08\/logo_ibercultura_viva.jpg\",\"width\":708,\"height\":223,\"caption\":\"Iberculturaviva\"},\"image\":{\"@id\":\"https:\/\/iberculturaviva.org\/es\/?lang=es\/#\/schema\/logo\/image\/\"},\"sameAs\":[\"https:\/\/www.facebook.com\/iberculturaviva\/\",\"https:\/\/www.instagram.com\/iberculturaviva\/\",\"https:\/\/www.youtube.com\/iberculturaviva\"]},{\"@type\":\"Person\",\"@id\":\"https:\/\/iberculturaviva.org\/es\/?lang=es\/#\/schema\/person\/5d1313b072cc25536e0431522f740b59\",\"name\":\"IberCultura\",\"image\":{\"@type\":\"ImageObject\",\"inLanguage\":\"es\",\"@id\":\"https:\/\/iberculturaviva.org\/es\/?lang=es\/#\/schema\/person\/image\/\",\"url\":\"https:\/\/secure.gravatar.com\/avatar\/79f1a057cb125cbefb3765d0356d52fc7f3bba3a35e2cf22bc4de090bb7aef70?s=96&d=mm&r=g\",\"contentUrl\":\"https:\/\/secure.gravatar.com\/avatar\/79f1a057cb125cbefb3765d0356d52fc7f3bba3a35e2cf22bc4de090bb7aef70?s=96&d=mm&r=g\",\"caption\":\"IberCultura\"}}]}<\/script>\n<!-- \/ Yoast SEO plugin. -->","yoast_head_json":{"title":"Se habilitan 272 candidaturas para las becas del Curso de Pol\u00edticas Culturales de Base Comunitaria - IberCultura Viva","description":"Se habilitan 272 candidaturas para las becas del Curso de Pol\u00edticas Culturales de Base Comunitaria - IberCultura Viva","robots":{"index":"index","follow":"follow","max-snippet":"max-snippet:-1","max-image-preview":"max-image-preview:large","max-video-preview":"max-video-preview:-1"},"canonical":"https:\/\/iberculturaviva.org\/es\/se-habilitan-272-candidaturas-para-las-becas-del-curso-de-politicas-culturales-de-base-comunitaria\/","og_locale":"es_ES","og_type":"article","og_title":"Se habilitan 272 candidaturas para las becas del Curso de Pol\u00edticas Culturales de Base Comunitaria - IberCultura Viva","og_description":"Se habilitan 272 candidaturas para las becas del Curso de Pol\u00edticas Culturales de Base Comunitaria - IberCultura Viva","og_url":"https:\/\/iberculturaviva.org\/es\/se-habilitan-272-candidaturas-para-las-becas-del-curso-de-politicas-culturales-de-base-comunitaria\/","og_site_name":"IberCultura Viva","article_publisher":"https:\/\/www.facebook.com\/iberculturaviva\/","article_published_time":"2020-02-27T22:58:41+00:00","article_modified_time":"2020-12-23T16:38:20+00:00","og_image":[{"width":1629,"height":1066,"url":"https:\/\/iberculturaviva.org\/wp-content\/uploads\/2020\/02\/foto_flacso_Marina-Leitner.jpg","type":"image\/jpeg"}],"author":"IberCultura","twitter_card":"summary_large_image","twitter_misc":{"Escrito por":"IberCultura","Tiempo de lectura":"2 minutos"},"schema":{"@context":"https:\/\/schema.org","@graph":[{"@type":"Article","@id":"https:\/\/iberculturaviva.org\/es\/se-habilitan-272-candidaturas-para-las-becas-del-curso-de-politicas-culturales-de-base-comunitaria\/#article","isPartOf":{"@id":"https:\/\/iberculturaviva.org\/es\/se-habilitan-272-candidaturas-para-las-becas-del-curso-de-politicas-culturales-de-base-comunitaria\/"},"author":{"name":"IberCultura","@id":"https:\/\/iberculturaviva.org\/es\/?lang=es\/#\/schema\/person\/5d1313b072cc25536e0431522f740b59"},"headline":"Se habilitan 272 candidaturas para las becas del Curso de Pol\u00edticas Culturales de Base Comunitaria","datePublished":"2020-02-27T22:58:41+00:00","dateModified":"2020-12-23T16:38:20+00:00","mainEntityOfPage":{"@id":"https:\/\/iberculturaviva.org\/es\/se-habilitan-272-candidaturas-para-las-becas-del-curso-de-politicas-culturales-de-base-comunitaria\/"},"wordCount":463,"publisher":{"@id":"https:\/\/iberculturaviva.org\/es\/?lang=es\/#organization"},"image":{"@id":"https:\/\/iberculturaviva.org\/es\/se-habilitan-272-candidaturas-para-las-becas-del-curso-de-politicas-culturales-de-base-comunitaria\/#primaryimage"},"thumbnailUrl":"https:\/\/iberculturaviva.org\/wp-content\/uploads\/2020\/02\/foto_flacso_Marina-Leitner.jpg","articleSection":["Convocatorias","Noticias"],"inLanguage":"es"},{"@type":"WebPage","@id":"https:\/\/iberculturaviva.org\/es\/se-habilitan-272-candidaturas-para-las-becas-del-curso-de-politicas-culturales-de-base-comunitaria\/","url":"https:\/\/iberculturaviva.org\/es\/se-habilitan-272-candidaturas-para-las-becas-del-curso-de-politicas-culturales-de-base-comunitaria\/","name":"Se habilitan 272 candidaturas para las becas del Curso de Pol\u00edticas Culturales de Base Comunitaria - IberCultura Viva","isPartOf":{"@id":"https:\/\/iberculturaviva.org\/es\/?lang=es\/#website"},"primaryImageOfPage":{"@id":"https:\/\/iberculturaviva.org\/es\/se-habilitan-272-candidaturas-para-las-becas-del-curso-de-politicas-culturales-de-base-comunitaria\/#primaryimage"},"image":{"@id":"https:\/\/iberculturaviva.org\/es\/se-habilitan-272-candidaturas-para-las-becas-del-curso-de-politicas-culturales-de-base-comunitaria\/#primaryimage"},"thumbnailUrl":"https:\/\/iberculturaviva.org\/wp-content\/uploads\/2020\/02\/foto_flacso_Marina-Leitner.jpg","datePublished":"2020-02-27T22:58:41+00:00","dateModified":"2020-12-23T16:38:20+00:00","description":"Se habilitan 272 candidaturas para las becas del Curso de Pol\u00edticas Culturales de Base Comunitaria - IberCultura Viva","breadcrumb":{"@id":"https:\/\/iberculturaviva.org\/es\/se-habilitan-272-candidaturas-para-las-becas-del-curso-de-politicas-culturales-de-base-comunitaria\/#breadcrumb"},"inLanguage":"es","potentialAction":[{"@type":"ReadAction","target":["https:\/\/iberculturaviva.org\/es\/se-habilitan-272-candidaturas-para-las-becas-del-curso-de-politicas-culturales-de-base-comunitaria\/"]}]},{"@type":"ImageObject","inLanguage":"es","@id":"https:\/\/iberculturaviva.org\/es\/se-habilitan-272-candidaturas-para-las-becas-del-curso-de-politicas-culturales-de-base-comunitaria\/#primaryimage","url":"https:\/\/iberculturaviva.org\/wp-content\/uploads\/2020\/02\/foto_flacso_Marina-Leitner.jpg","contentUrl":"https:\/\/iberculturaviva.org\/wp-content\/uploads\/2020\/02\/foto_flacso_Marina-Leitner.jpg","width":1629,"height":1066},{"@type":"BreadcrumbList","@id":"https:\/\/iberculturaviva.org\/es\/se-habilitan-272-candidaturas-para-las-becas-del-curso-de-politicas-culturales-de-base-comunitaria\/#breadcrumb","itemListElement":[{"@type":"ListItem","position":1,"name":"In\u00edcio","item":"https:\/\/iberculturaviva.org\/es\/inicio\/"},{"@type":"ListItem","position":2,"name":"Se habilitan 272 candidaturas para las becas del Curso de Pol\u00edticas Culturales de Base Comunitaria"}]},{"@type":"WebSite","@id":"https:\/\/iberculturaviva.org\/es\/?lang=es\/#website","url":"https:\/\/iberculturaviva.org\/es\/?lang=es\/","name":"IberCultura Viva","description":"Programa de cooperaci\u00f3n cultural","publisher":{"@id":"https:\/\/iberculturaviva.org\/es\/?lang=es\/#organization"},"potentialAction":[{"@type":"SearchAction","target":{"@type":"EntryPoint","urlTemplate":"https:\/\/iberculturaviva.org\/es\/?lang=es\/?s={search_term_string}"},"query-input":{"@type":"PropertyValueSpecification","valueRequired":true,"valueName":"search_term_string"}}],"inLanguage":"es"},{"@type":"Organization","@id":"https:\/\/iberculturaviva.org\/es\/?lang=es\/#organization","name":"Iberculturaviva","url":"https:\/\/iberculturaviva.org\/es\/?lang=es\/","logo":{"@type":"ImageObject","inLanguage":"es","@id":"https:\/\/iberculturaviva.org\/es\/?lang=es\/#\/schema\/logo\/image\/","url":"https:\/\/iberculturaviva.org\/wp-content\/uploads\/2021\/08\/logo_ibercultura_viva.jpg","contentUrl":"https:\/\/iberculturaviva.org\/wp-content\/uploads\/2021\/08\/logo_ibercultura_viva.jpg","width":708,"height":223,"caption":"Iberculturaviva"},"image":{"@id":"https:\/\/iberculturaviva.org\/es\/?lang=es\/#\/schema\/logo\/image\/"},"sameAs":["https:\/\/www.facebook.com\/iberculturaviva\/","https:\/\/www.instagram.com\/iberculturaviva\/","https:\/\/www.youtube.com\/iberculturaviva"]},{"@type":"Person","@id":"https:\/\/iberculturaviva.org\/es\/?lang=es\/#\/schema\/person\/5d1313b072cc25536e0431522f740b59","name":"IberCultura","image":{"@type":"ImageObject","inLanguage":"es","@id":"https:\/\/iberculturaviva.org\/es\/?lang=es\/#\/schema\/person\/image\/","url":"https:\/\/secure.gravatar.com\/avatar\/79f1a057cb125cbefb3765d0356d52fc7f3bba3a35e2cf22bc4de090bb7aef70?s=96&d=mm&r=g","contentUrl":"https:\/\/secure.gravatar.com\/avatar\/79f1a057cb125cbefb3765d0356d52fc7f3bba3a35e2cf22bc4de090bb7aef70?s=96&d=mm&r=g","caption":"IberCultura"}}]}},"main_category":{"link":"https:\/\/iberculturaviva.org\/es\/category\/convocatorias\/","name":"Convocatorias","slug":"convocatorias"},"_links":{"self":[{"href":"https:\/\/iberculturaviva.org\/es\/wp-json\/wp\/v2\/posts\/16744","targetHints":{"allow":["GET"]}}],"collection":[{"href":"https:\/\/iberculturaviva.org\/es\/wp-json\/wp\/v2\/posts"}],"about":[{"href":"https:\/\/iberculturaviva.org\/es\/wp-json\/wp\/v2\/types\/post"}],"author":[{"embeddable":true,"href":"https:\/\/iberculturaviva.org\/es\/wp-json\/wp\/v2\/users\/2"}],"replies":[{"embeddable":true,"href":"https:\/\/iberculturaviva.org\/es\/wp-json\/wp\/v2\/comments?post=16744"}],"version-history":[{"count":1,"href":"https:\/\/iberculturaviva.org\/es\/wp-json\/wp\/v2\/posts\/16744\/revisions"}],"predecessor-version":[{"id":22472,"href":"https:\/\/iberculturaviva.org\/es\/wp-json\/wp\/v2\/posts\/16744\/revisions\/22472"}],"wp:featuredmedia":[{"embeddable":true,"href":"https:\/\/iberculturaviva.org\/es\/wp-json\/wp\/v2\/media\/21109"}],"wp:attachment":[{"href":"https:\/\/iberculturaviva.org\/es\/wp-json\/wp\/v2\/media?parent=16744"}],"wp:term":[{"taxonomy":"category","embeddable":true,"href":"https:\/\/iberculturaviva.org\/es\/wp-json\/wp\/v2\/categories?post=16744"},{"taxonomy":"post_tag","embeddable":true,"href":"https:\/\/iberculturaviva.org\/es\/wp-json\/wp\/v2\/tags?post=16744"},{"taxonomy":"country-municipality","embeddable":true,"href":"https:\/\/iberculturaviva.org\/es\/wp-json\/wp\/v2\/country-municipality?post=16744"}],"curies":[{"name":"wp","href":"https:\/\/api.w.org\/{rel}","templated":true}]}}