{"id":16736,"date":"2020-02-11T17:36:22","date_gmt":"2020-02-11T20:36:22","guid":{"rendered":"https:\/\/iberculturaviva.org\/iberescena-convoca-artistas-para-participar-de-una-residencia-de-creacion-en-peru\/"},"modified":"2020-12-23T13:38:47","modified_gmt":"2020-12-23T16:38:47","slug":"iberescena-convoca-artistas-para-participar-de-una-residencia-de-creacion-en-peru","status":"publish","type":"post","link":"https:\/\/iberculturaviva.org\/es\/iberescena-convoca-artistas-para-participar-de-una-residencia-de-creacion-en-peru\/","title":{"rendered":"Iberescena convoca artistas para participar de una residencia de creaci\u00f3n en Per\u00fa"},"content":{"rendered":"<p style=\"text-align: justify;\"><span style=\"font-weight: 400;\"><a href=\"https:\/\/iberculturaviva.org\/wp-content\/uploads\/2020\/02\/84975953_1646618992143048_718699116980338688_o.jpg\"><img loading=\"lazy\" decoding=\"async\" class=\" wp-image-13742 alignright\" src=\"https:\/\/iberculturaviva.org\/wp-content\/uploads\/2020\/02\/84975953_1646618992143048_718699116980338688_o-960x944.jpg\" alt=\"\" width=\"241\" height=\"237\" \/><\/a>Est\u00e1 abierta hasta el 29 de febrero la convocatoria para participar del proyecto de residencia art\u00edstica \u201c<\/span><i><span style=\"font-weight: 400;\">Occlakusunshis<\/span><\/i><span style=\"font-weight: 400;\"> \/ Nos abrazaremos\u201d, que se realizar\u00e1 del 4 al 17 de mayo de 2020 en el pueblo de Chocalla, al sur de Lima (Per\u00fa). Ser\u00e1n seleccionados cinco participantes que hablen idiomas originarios y que tengan diferentes habilidades y capacidades esc\u00e9nicas.<\/span><\/p>\n<p style=\"text-align: justify;\"><span style=\"font-weight: 400;\">La convocatoria de <a href=\"https:\/\/www.iberescena.org\">Iberescena<\/a>\/El Pez Iluminado est\u00e1 dirigida a artistas de las comunidades y naciones de lenguas originarias, que tengan como lugar de residencia uno de los pa\u00edses miembros del programa de cooperaci\u00f3n <\/span><span style=\"font-weight: 400;\">para las artes esc\u00e9nicas iberoamericanas: <\/span><span style=\"font-weight: 400;\">Argentina, Bolivia, Brasil, Colombia, Costa Rica, Chile, Ecuador, El Salvador, Espa\u00f1a, Panam\u00e1, Paraguay, M\u00e9xico o Uruguay.\u00a0<\/span><\/p>\n<p style=\"text-align: justify;\"><span style=\"font-weight: 400;\">\u201c<\/span><i><span style=\"font-weight: 400;\">Occlakusunshis<\/span><\/i><span style=\"font-weight: 400;\">\u201d es la expresi\u00f3n del runasimi que significa \u201cnos abrazaremos\u201d. La expresi\u00f3n est\u00e1 ligada al contexto hist\u00f3rico y cultural de la zona donde trabajamos; y tiene valor simb\u00f3lico como muestra de afecto, de cari\u00f1o, de tolerancia, de respeto al otro. Abrazar es un acto de entrega, de confianza.\u00a0<\/span><\/p>\n<p style=\"text-align: justify;\"><span style=\"font-weight: 400;\">La iniciativa re\u00fane a los pueblos originarios de los Estados miembros de Iberescena, poseedores de una cultura ancestral viva que mantiene las ra\u00edces en su territorio, su lengua originaria, sus saberes, usos y costumbres. Pueblos que reflejan su cosmogon\u00eda, su visi\u00f3n de la creaci\u00f3n y el desarrollo del mundo; en la pr\u00e1ctica de los rituales, ceremonias, cantos y danzas.<\/span><\/p>\n<p style=\"text-align: justify;\"><span style=\"font-weight: 400;\">La residencia se desarrollar\u00e1 como una experiencia-laboratorio durante dos semanas, con una muestra final abierta al p\u00fablico. Para participar es necesario tener entre 18 y 40 a\u00f1os de edad; tener alguna lengua originaria de uno de los pa\u00edses de Iberescena como lengua materna; conocer\/practicar alguna danza, canci\u00f3n, expresi\u00f3n art\u00edstica de su cultura, y tener el deseo y la voluntad de intercambiar este conocimiento con otras comunidades.<\/span><\/p>\n<p>&nbsp;<\/p>\n<p><span style=\"font-weight: 400;\"><strong>M\u00e1s informaci\u00f3n<\/strong>: <\/span><span style=\"font-weight: 400;\">\u00a0<\/span><a href=\"https:\/\/bit.ly\/2UJPVeO?fbclid=IwAR2JNiNGK3VtRdETe2oEWexT5a9AzJL00VVLxr7iOaEbtOx5chgTDfBgSwc\"><span style=\"font-weight: 400;\">https:\/\/bit.ly\/2UJPVeO<\/span><\/a><\/p>\n<p>&nbsp;<\/p>\n","protected":false},"excerpt":{"rendered":"<p>Est\u00e1 abierta hasta el 29 de febrero la convocatoria para participar del proyecto de residencia art\u00edstica \u201cOcclakusunshis \/ Nos abrazaremos\u201d, que se realizar\u00e1 del 4 al 17 de mayo de [&hellip;]<\/p>\n","protected":false},"author":2,"featured_media":0,"comment_status":"closed","ping_status":"closed","sticky":false,"template":"","format":"standard","meta":{"_coblocks_attr":"","_coblocks_dimensions":"","_coblocks_responsive_height":"","_coblocks_accordion_ie_support":"","_EventAllDay":false,"_EventTimezone":"","_EventStartDate":"","_EventEndDate":"","_EventStartDateUTC":"","_EventEndDateUTC":"","_EventShowMap":false,"_EventShowMapLink":false,"_EventURL":"","_EventCost":"","_EventCostDescription":"","_EventCurrencySymbol":"","_EventCurrencyCode":"","_EventCurrencyPosition":"","_EventDateTimeSeparator":"","_EventTimeRangeSeparator":"","_EventOrganizerID":[],"_EventVenueID":[],"_OrganizerEmail":"","_OrganizerPhone":"","_OrganizerWebsite":"","_VenueAddress":"","_VenueCity":"","_VenueCountry":"","_VenueProvince":"","_VenueState":"","_VenueZip":"","_VenuePhone":"","_VenueURL":"","_VenueStateProvince":"","_VenueLat":"","_VenueLng":"","_VenueShowMap":false,"_VenueShowMapLink":false,"footnotes":""},"categories":[262],"tags":[],"country-municipality":[],"class_list":["post-16736","post","type-post","status-publish","format-standard","hentry","category-noticias-es"],"yoast_head":"<!-- This site is optimized with the Yoast SEO plugin v25.7 - https:\/\/yoast.com\/wordpress\/plugins\/seo\/ -->\n<title>Iberescena convoca artistas para participar de una residencia de creaci\u00f3n en Per\u00fa - IberCultura Viva<\/title>\n<meta name=\"description\" content=\"Iberescena convoca artistas para participar de una residencia de creaci\u00f3n en Per\u00fa - IberCultura Viva\" \/>\n<meta name=\"robots\" content=\"index, follow, max-snippet:-1, max-image-preview:large, max-video-preview:-1\" \/>\n<link rel=\"canonical\" href=\"https:\/\/iberculturaviva.org\/es\/iberescena-convoca-artistas-para-participar-de-una-residencia-de-creacion-en-peru\/\" \/>\n<meta property=\"og:locale\" content=\"es_ES\" \/>\n<meta property=\"og:type\" content=\"article\" \/>\n<meta property=\"og:title\" content=\"Iberescena convoca artistas para participar de una residencia de creaci\u00f3n en Per\u00fa - IberCultura Viva\" \/>\n<meta property=\"og:description\" content=\"Iberescena convoca artistas para participar de una residencia de creaci\u00f3n en Per\u00fa - IberCultura Viva\" \/>\n<meta property=\"og:url\" content=\"https:\/\/iberculturaviva.org\/es\/iberescena-convoca-artistas-para-participar-de-una-residencia-de-creacion-en-peru\/\" \/>\n<meta property=\"og:site_name\" content=\"IberCultura Viva\" \/>\n<meta property=\"article:publisher\" content=\"https:\/\/www.facebook.com\/iberculturaviva\/\" \/>\n<meta property=\"article:published_time\" content=\"2020-02-11T20:36:22+00:00\" \/>\n<meta property=\"article:modified_time\" content=\"2020-12-23T16:38:47+00:00\" \/>\n<meta property=\"og:image\" content=\"https:\/\/iberculturaviva.org\/wp-content\/uploads\/2020\/02\/84975953_1646618992143048_718699116980338688_o-960x944.jpg\" \/>\n<meta name=\"author\" content=\"IberCultura\" \/>\n<meta name=\"twitter:card\" content=\"summary_large_image\" \/>\n<meta name=\"twitter:label1\" content=\"Escrito por\" \/>\n\t<meta name=\"twitter:data1\" content=\"IberCultura\" \/>\n\t<meta name=\"twitter:label2\" content=\"Tiempo de lectura\" \/>\n\t<meta name=\"twitter:data2\" content=\"2 minutos\" \/>\n<script type=\"application\/ld+json\" class=\"yoast-schema-graph\">{\"@context\":\"https:\/\/schema.org\",\"@graph\":[{\"@type\":\"Article\",\"@id\":\"https:\/\/iberculturaviva.org\/es\/iberescena-convoca-artistas-para-participar-de-una-residencia-de-creacion-en-peru\/#article\",\"isPartOf\":{\"@id\":\"https:\/\/iberculturaviva.org\/es\/iberescena-convoca-artistas-para-participar-de-una-residencia-de-creacion-en-peru\/\"},\"author\":{\"name\":\"IberCultura\",\"@id\":\"https:\/\/iberculturaviva.org\/es\/?lang=es\/#\/schema\/person\/5d1313b072cc25536e0431522f740b59\"},\"headline\":\"Iberescena convoca artistas para participar de una residencia de creaci\u00f3n en Per\u00fa\",\"datePublished\":\"2020-02-11T20:36:22+00:00\",\"dateModified\":\"2020-12-23T16:38:47+00:00\",\"mainEntityOfPage\":{\"@id\":\"https:\/\/iberculturaviva.org\/es\/iberescena-convoca-artistas-para-participar-de-una-residencia-de-creacion-en-peru\/\"},\"wordCount\":327,\"publisher\":{\"@id\":\"https:\/\/iberculturaviva.org\/es\/?lang=es\/#organization\"},\"image\":{\"@id\":\"https:\/\/iberculturaviva.org\/es\/iberescena-convoca-artistas-para-participar-de-una-residencia-de-creacion-en-peru\/#primaryimage\"},\"thumbnailUrl\":\"https:\/\/iberculturaviva.org\/wp-content\/uploads\/2020\/02\/84975953_1646618992143048_718699116980338688_o-960x944.jpg\",\"articleSection\":[\"Noticias\"],\"inLanguage\":\"es\"},{\"@type\":\"WebPage\",\"@id\":\"https:\/\/iberculturaviva.org\/es\/iberescena-convoca-artistas-para-participar-de-una-residencia-de-creacion-en-peru\/\",\"url\":\"https:\/\/iberculturaviva.org\/es\/iberescena-convoca-artistas-para-participar-de-una-residencia-de-creacion-en-peru\/\",\"name\":\"Iberescena convoca artistas para participar de una residencia de creaci\u00f3n en Per\u00fa - IberCultura Viva\",\"isPartOf\":{\"@id\":\"https:\/\/iberculturaviva.org\/es\/?lang=es\/#website\"},\"primaryImageOfPage\":{\"@id\":\"https:\/\/iberculturaviva.org\/es\/iberescena-convoca-artistas-para-participar-de-una-residencia-de-creacion-en-peru\/#primaryimage\"},\"image\":{\"@id\":\"https:\/\/iberculturaviva.org\/es\/iberescena-convoca-artistas-para-participar-de-una-residencia-de-creacion-en-peru\/#primaryimage\"},\"thumbnailUrl\":\"https:\/\/iberculturaviva.org\/wp-content\/uploads\/2020\/02\/84975953_1646618992143048_718699116980338688_o-960x944.jpg\",\"datePublished\":\"2020-02-11T20:36:22+00:00\",\"dateModified\":\"2020-12-23T16:38:47+00:00\",\"description\":\"Iberescena convoca artistas para participar de una residencia de creaci\u00f3n en Per\u00fa - IberCultura Viva\",\"breadcrumb\":{\"@id\":\"https:\/\/iberculturaviva.org\/es\/iberescena-convoca-artistas-para-participar-de-una-residencia-de-creacion-en-peru\/#breadcrumb\"},\"inLanguage\":\"es\",\"potentialAction\":[{\"@type\":\"ReadAction\",\"target\":[\"https:\/\/iberculturaviva.org\/es\/iberescena-convoca-artistas-para-participar-de-una-residencia-de-creacion-en-peru\/\"]}]},{\"@type\":\"ImageObject\",\"inLanguage\":\"es\",\"@id\":\"https:\/\/iberculturaviva.org\/es\/iberescena-convoca-artistas-para-participar-de-una-residencia-de-creacion-en-peru\/#primaryimage\",\"url\":\"https:\/\/iberculturaviva.org\/wp-content\/uploads\/2020\/02\/84975953_1646618992143048_718699116980338688_o-960x944.jpg\",\"contentUrl\":\"https:\/\/iberculturaviva.org\/wp-content\/uploads\/2020\/02\/84975953_1646618992143048_718699116980338688_o-960x944.jpg\"},{\"@type\":\"BreadcrumbList\",\"@id\":\"https:\/\/iberculturaviva.org\/es\/iberescena-convoca-artistas-para-participar-de-una-residencia-de-creacion-en-peru\/#breadcrumb\",\"itemListElement\":[{\"@type\":\"ListItem\",\"position\":1,\"name\":\"In\u00edcio\",\"item\":\"https:\/\/iberculturaviva.org\/es\/inicio\/\"},{\"@type\":\"ListItem\",\"position\":2,\"name\":\"Iberescena convoca artistas para participar de una residencia de creaci\u00f3n en Per\u00fa\"}]},{\"@type\":\"WebSite\",\"@id\":\"https:\/\/iberculturaviva.org\/es\/?lang=es\/#website\",\"url\":\"https:\/\/iberculturaviva.org\/es\/?lang=es\/\",\"name\":\"IberCultura Viva\",\"description\":\"Programa de cooperaci\u00f3n cultural\",\"publisher\":{\"@id\":\"https:\/\/iberculturaviva.org\/es\/?lang=es\/#organization\"},\"potentialAction\":[{\"@type\":\"SearchAction\",\"target\":{\"@type\":\"EntryPoint\",\"urlTemplate\":\"https:\/\/iberculturaviva.org\/es\/?lang=es\/?s={search_term_string}\"},\"query-input\":{\"@type\":\"PropertyValueSpecification\",\"valueRequired\":true,\"valueName\":\"search_term_string\"}}],\"inLanguage\":\"es\"},{\"@type\":\"Organization\",\"@id\":\"https:\/\/iberculturaviva.org\/es\/?lang=es\/#organization\",\"name\":\"Iberculturaviva\",\"url\":\"https:\/\/iberculturaviva.org\/es\/?lang=es\/\",\"logo\":{\"@type\":\"ImageObject\",\"inLanguage\":\"es\",\"@id\":\"https:\/\/iberculturaviva.org\/es\/?lang=es\/#\/schema\/logo\/image\/\",\"url\":\"https:\/\/iberculturaviva.org\/wp-content\/uploads\/2021\/08\/logo_ibercultura_viva.jpg\",\"contentUrl\":\"https:\/\/iberculturaviva.org\/wp-content\/uploads\/2021\/08\/logo_ibercultura_viva.jpg\",\"width\":708,\"height\":223,\"caption\":\"Iberculturaviva\"},\"image\":{\"@id\":\"https:\/\/iberculturaviva.org\/es\/?lang=es\/#\/schema\/logo\/image\/\"},\"sameAs\":[\"https:\/\/www.facebook.com\/iberculturaviva\/\",\"https:\/\/www.instagram.com\/iberculturaviva\/\",\"https:\/\/www.youtube.com\/iberculturaviva\"]},{\"@type\":\"Person\",\"@id\":\"https:\/\/iberculturaviva.org\/es\/?lang=es\/#\/schema\/person\/5d1313b072cc25536e0431522f740b59\",\"name\":\"IberCultura\",\"image\":{\"@type\":\"ImageObject\",\"inLanguage\":\"es\",\"@id\":\"https:\/\/iberculturaviva.org\/es\/?lang=es\/#\/schema\/person\/image\/\",\"url\":\"https:\/\/secure.gravatar.com\/avatar\/79f1a057cb125cbefb3765d0356d52fc7f3bba3a35e2cf22bc4de090bb7aef70?s=96&d=mm&r=g\",\"contentUrl\":\"https:\/\/secure.gravatar.com\/avatar\/79f1a057cb125cbefb3765d0356d52fc7f3bba3a35e2cf22bc4de090bb7aef70?s=96&d=mm&r=g\",\"caption\":\"IberCultura\"}}]}<\/script>\n<!-- \/ Yoast SEO plugin. -->","yoast_head_json":{"title":"Iberescena convoca artistas para participar de una residencia de creaci\u00f3n en Per\u00fa - IberCultura Viva","description":"Iberescena convoca artistas para participar de una residencia de creaci\u00f3n en Per\u00fa - IberCultura Viva","robots":{"index":"index","follow":"follow","max-snippet":"max-snippet:-1","max-image-preview":"max-image-preview:large","max-video-preview":"max-video-preview:-1"},"canonical":"https:\/\/iberculturaviva.org\/es\/iberescena-convoca-artistas-para-participar-de-una-residencia-de-creacion-en-peru\/","og_locale":"es_ES","og_type":"article","og_title":"Iberescena convoca artistas para participar de una residencia de creaci\u00f3n en Per\u00fa - IberCultura Viva","og_description":"Iberescena convoca artistas para participar de una residencia de creaci\u00f3n en Per\u00fa - IberCultura Viva","og_url":"https:\/\/iberculturaviva.org\/es\/iberescena-convoca-artistas-para-participar-de-una-residencia-de-creacion-en-peru\/","og_site_name":"IberCultura Viva","article_publisher":"https:\/\/www.facebook.com\/iberculturaviva\/","article_published_time":"2020-02-11T20:36:22+00:00","article_modified_time":"2020-12-23T16:38:47+00:00","og_image":[{"url":"https:\/\/iberculturaviva.org\/wp-content\/uploads\/2020\/02\/84975953_1646618992143048_718699116980338688_o-960x944.jpg","type":"","width":"","height":""}],"author":"IberCultura","twitter_card":"summary_large_image","twitter_misc":{"Escrito por":"IberCultura","Tiempo de lectura":"2 minutos"},"schema":{"@context":"https:\/\/schema.org","@graph":[{"@type":"Article","@id":"https:\/\/iberculturaviva.org\/es\/iberescena-convoca-artistas-para-participar-de-una-residencia-de-creacion-en-peru\/#article","isPartOf":{"@id":"https:\/\/iberculturaviva.org\/es\/iberescena-convoca-artistas-para-participar-de-una-residencia-de-creacion-en-peru\/"},"author":{"name":"IberCultura","@id":"https:\/\/iberculturaviva.org\/es\/?lang=es\/#\/schema\/person\/5d1313b072cc25536e0431522f740b59"},"headline":"Iberescena convoca artistas para participar de una residencia de creaci\u00f3n en Per\u00fa","datePublished":"2020-02-11T20:36:22+00:00","dateModified":"2020-12-23T16:38:47+00:00","mainEntityOfPage":{"@id":"https:\/\/iberculturaviva.org\/es\/iberescena-convoca-artistas-para-participar-de-una-residencia-de-creacion-en-peru\/"},"wordCount":327,"publisher":{"@id":"https:\/\/iberculturaviva.org\/es\/?lang=es\/#organization"},"image":{"@id":"https:\/\/iberculturaviva.org\/es\/iberescena-convoca-artistas-para-participar-de-una-residencia-de-creacion-en-peru\/#primaryimage"},"thumbnailUrl":"https:\/\/iberculturaviva.org\/wp-content\/uploads\/2020\/02\/84975953_1646618992143048_718699116980338688_o-960x944.jpg","articleSection":["Noticias"],"inLanguage":"es"},{"@type":"WebPage","@id":"https:\/\/iberculturaviva.org\/es\/iberescena-convoca-artistas-para-participar-de-una-residencia-de-creacion-en-peru\/","url":"https:\/\/iberculturaviva.org\/es\/iberescena-convoca-artistas-para-participar-de-una-residencia-de-creacion-en-peru\/","name":"Iberescena convoca artistas para participar de una residencia de creaci\u00f3n en Per\u00fa - IberCultura Viva","isPartOf":{"@id":"https:\/\/iberculturaviva.org\/es\/?lang=es\/#website"},"primaryImageOfPage":{"@id":"https:\/\/iberculturaviva.org\/es\/iberescena-convoca-artistas-para-participar-de-una-residencia-de-creacion-en-peru\/#primaryimage"},"image":{"@id":"https:\/\/iberculturaviva.org\/es\/iberescena-convoca-artistas-para-participar-de-una-residencia-de-creacion-en-peru\/#primaryimage"},"thumbnailUrl":"https:\/\/iberculturaviva.org\/wp-content\/uploads\/2020\/02\/84975953_1646618992143048_718699116980338688_o-960x944.jpg","datePublished":"2020-02-11T20:36:22+00:00","dateModified":"2020-12-23T16:38:47+00:00","description":"Iberescena convoca artistas para participar de una residencia de creaci\u00f3n en Per\u00fa - IberCultura Viva","breadcrumb":{"@id":"https:\/\/iberculturaviva.org\/es\/iberescena-convoca-artistas-para-participar-de-una-residencia-de-creacion-en-peru\/#breadcrumb"},"inLanguage":"es","potentialAction":[{"@type":"ReadAction","target":["https:\/\/iberculturaviva.org\/es\/iberescena-convoca-artistas-para-participar-de-una-residencia-de-creacion-en-peru\/"]}]},{"@type":"ImageObject","inLanguage":"es","@id":"https:\/\/iberculturaviva.org\/es\/iberescena-convoca-artistas-para-participar-de-una-residencia-de-creacion-en-peru\/#primaryimage","url":"https:\/\/iberculturaviva.org\/wp-content\/uploads\/2020\/02\/84975953_1646618992143048_718699116980338688_o-960x944.jpg","contentUrl":"https:\/\/iberculturaviva.org\/wp-content\/uploads\/2020\/02\/84975953_1646618992143048_718699116980338688_o-960x944.jpg"},{"@type":"BreadcrumbList","@id":"https:\/\/iberculturaviva.org\/es\/iberescena-convoca-artistas-para-participar-de-una-residencia-de-creacion-en-peru\/#breadcrumb","itemListElement":[{"@type":"ListItem","position":1,"name":"In\u00edcio","item":"https:\/\/iberculturaviva.org\/es\/inicio\/"},{"@type":"ListItem","position":2,"name":"Iberescena convoca artistas para participar de una residencia de creaci\u00f3n en Per\u00fa"}]},{"@type":"WebSite","@id":"https:\/\/iberculturaviva.org\/es\/?lang=es\/#website","url":"https:\/\/iberculturaviva.org\/es\/?lang=es\/","name":"IberCultura Viva","description":"Programa de cooperaci\u00f3n cultural","publisher":{"@id":"https:\/\/iberculturaviva.org\/es\/?lang=es\/#organization"},"potentialAction":[{"@type":"SearchAction","target":{"@type":"EntryPoint","urlTemplate":"https:\/\/iberculturaviva.org\/es\/?lang=es\/?s={search_term_string}"},"query-input":{"@type":"PropertyValueSpecification","valueRequired":true,"valueName":"search_term_string"}}],"inLanguage":"es"},{"@type":"Organization","@id":"https:\/\/iberculturaviva.org\/es\/?lang=es\/#organization","name":"Iberculturaviva","url":"https:\/\/iberculturaviva.org\/es\/?lang=es\/","logo":{"@type":"ImageObject","inLanguage":"es","@id":"https:\/\/iberculturaviva.org\/es\/?lang=es\/#\/schema\/logo\/image\/","url":"https:\/\/iberculturaviva.org\/wp-content\/uploads\/2021\/08\/logo_ibercultura_viva.jpg","contentUrl":"https:\/\/iberculturaviva.org\/wp-content\/uploads\/2021\/08\/logo_ibercultura_viva.jpg","width":708,"height":223,"caption":"Iberculturaviva"},"image":{"@id":"https:\/\/iberculturaviva.org\/es\/?lang=es\/#\/schema\/logo\/image\/"},"sameAs":["https:\/\/www.facebook.com\/iberculturaviva\/","https:\/\/www.instagram.com\/iberculturaviva\/","https:\/\/www.youtube.com\/iberculturaviva"]},{"@type":"Person","@id":"https:\/\/iberculturaviva.org\/es\/?lang=es\/#\/schema\/person\/5d1313b072cc25536e0431522f740b59","name":"IberCultura","image":{"@type":"ImageObject","inLanguage":"es","@id":"https:\/\/iberculturaviva.org\/es\/?lang=es\/#\/schema\/person\/image\/","url":"https:\/\/secure.gravatar.com\/avatar\/79f1a057cb125cbefb3765d0356d52fc7f3bba3a35e2cf22bc4de090bb7aef70?s=96&d=mm&r=g","contentUrl":"https:\/\/secure.gravatar.com\/avatar\/79f1a057cb125cbefb3765d0356d52fc7f3bba3a35e2cf22bc4de090bb7aef70?s=96&d=mm&r=g","caption":"IberCultura"}}]}},"main_category":{"link":"https:\/\/iberculturaviva.org\/es\/category\/noticias-es\/","name":"Noticias","slug":"noticias-es"},"_links":{"self":[{"href":"https:\/\/iberculturaviva.org\/es\/wp-json\/wp\/v2\/posts\/16736","targetHints":{"allow":["GET"]}}],"collection":[{"href":"https:\/\/iberculturaviva.org\/es\/wp-json\/wp\/v2\/posts"}],"about":[{"href":"https:\/\/iberculturaviva.org\/es\/wp-json\/wp\/v2\/types\/post"}],"author":[{"embeddable":true,"href":"https:\/\/iberculturaviva.org\/es\/wp-json\/wp\/v2\/users\/2"}],"replies":[{"embeddable":true,"href":"https:\/\/iberculturaviva.org\/es\/wp-json\/wp\/v2\/comments?post=16736"}],"version-history":[{"count":1,"href":"https:\/\/iberculturaviva.org\/es\/wp-json\/wp\/v2\/posts\/16736\/revisions"}],"predecessor-version":[{"id":22476,"href":"https:\/\/iberculturaviva.org\/es\/wp-json\/wp\/v2\/posts\/16736\/revisions\/22476"}],"wp:attachment":[{"href":"https:\/\/iberculturaviva.org\/es\/wp-json\/wp\/v2\/media?parent=16736"}],"wp:term":[{"taxonomy":"category","embeddable":true,"href":"https:\/\/iberculturaviva.org\/es\/wp-json\/wp\/v2\/categories?post=16736"},{"taxonomy":"post_tag","embeddable":true,"href":"https:\/\/iberculturaviva.org\/es\/wp-json\/wp\/v2\/tags?post=16736"},{"taxonomy":"country-municipality","embeddable":true,"href":"https:\/\/iberculturaviva.org\/es\/wp-json\/wp\/v2\/country-municipality?post=16736"}],"curies":[{"name":"wp","href":"https:\/\/api.w.org\/{rel}","templated":true}]}}