{"id":16724,"date":"2019-12-13T14:26:19","date_gmt":"2019-12-13T17:26:19","guid":{"rendered":"https:\/\/iberculturaviva.org\/ibercultura-viva-abre-la-convocatoria-para-el-banco-de-saberes-culturales-y-comunitarios\/"},"modified":"2022-11-21T14:55:02","modified_gmt":"2022-11-21T17:55:02","slug":"ibercultura-viva-abre-la-convocatoria-para-el-banco-de-saberes-culturales-y-comunitarios","status":"publish","type":"post","link":"https:\/\/iberculturaviva.org\/es\/ibercultura-viva-abre-la-convocatoria-para-el-banco-de-saberes-culturales-y-comunitarios\/","title":{"rendered":"IberCultura Viva abre la convocatoria para el Banco de Saberes Culturales y Comunitarios"},"content":{"rendered":"<h5><strong>\u00a0(Foto: La Combi-arte rodante)<\/strong><\/h5>\n<p style=\"text-align: justify;\"><span style=\"font-weight: 400;\">El lunes 16 de diciembre comienza el plazo de postulaciones al Banco de Saberes Culturales y Comunitarios IberCultura Viva. Las organizaciones culturales comunitarias y\/o los pueblos originarios interesados en proponer una actividad de intercambio para\u00a0 compartir su experiencia con otros colectivos, comunidades y pueblos de los pa\u00edses integrantes del programa podr\u00e1n inscribir sus propuestas en la plataforma <\/span><a href=\"https:\/\/mapa.iberculturaviva.org\/\"><span style=\"font-weight: 400;\">Mapa IberCultura Viva<\/span><\/a><span style=\"font-weight: 400;\">. Esta convocatoria permanecer\u00e1 abierta de forma permanente, con cortes bimestrales para la revisi\u00f3n y carga de las propuestas recibidas.<\/span><\/p>\n<p style=\"text-align: justify;\"><span style=\"font-weight: 400;\">Las propuestas del Banco de Saberes IberCultura Viva ser\u00e1n puestas en circulaci\u00f3n en las convocatorias IberEntrelazando Experiencias. De este modo, al participar del Banco de Saberes, las organizaciones culturales comunitarias y\/o pueblos originarios manifiestan su inter\u00e9s de viajar a otros pa\u00edses para compartir sus experiencias con otras comunidades. En el momento en que el programa habilite una convocatoria IberEntrelazando Experiencias, las organizaciones culturales comunitarias y\/o pueblos originarios interesados\/as en recibir en sus territorios las propuestas ya inscritas en el Banco de Saberes podr\u00e1n postular como comunidades anfitrionas de estos intercambios.<\/span><\/p>\n<p>.<\/p>\n<h4><b>Primera edici\u00f3n<\/b><\/h4>\n<p style=\"text-align: justify;\"><span style=\"font-weight: 400;\">En 2019, a\u00f1o en que se lanz\u00f3 la primera edici\u00f3n de IberEntrelazando Experiencias, organizaciones y colectivos de nueve pa\u00edses presentaron 25 propuestas de capacitaciones y espacios de intercambio en el Banco de Saberes. En la segunda etapa de la convocatoria, cuando las organizaciones pudieron elegir qu\u00e9 propuestas del banco quer\u00edan desarrollar en sus territorios, se recibi\u00f3 un total de 23 postulaciones de ocho pa\u00edses<\/span><span style=\"font-weight: 400;\">. <\/span><a href=\"https:\/\/iberculturaviva.org\/es\/entrelazando-experiencias-conoce-las-propuestas-de-intercambio-seleccionadas-en-la-convocatoria\/\"><span style=\"font-weight: 400;\">Trece organizaciones fueron seleccionadas como comunidades anfitrionas<\/span><\/a><span style=\"font-weight: 400;\">.\u00a0<\/span><\/p>\n<p style=\"text-align: justify;\"><span style=\"font-weight: 400;\">En esta primera edici\u00f3n, el programa IberCultura Viva compr\u00f3 los pasajes a\u00e9reos y seguros de viaje para las personas facilitadoras de las capacitaciones, y las comunidades anfitrionas se encargaron del hospedaje, alimentaci\u00f3n y traslados dentro del territorio local. Los intercambios empezaron en septiembre y siguen hasta este mes de diciembre.<\/span><\/p>\n<p style=\"text-align: justify;\"><span style=\"font-weight: 400;\">Las organizaciones y colectivos que presentaron propuestas de talleres en la primera etapa de la convocatoria de 2019 podr\u00e1n actualizar sus proyectos ya publicados en el Banco de Saberes, que quedar\u00e1 disponible de forma permanente en la p\u00e1gina web de IberCultura Viva. Para ello deber\u00e1n comunicarse con la Unidad T\u00e9cnica de IberCultura Viva por correo electr\u00f3nico: <a href=\"mailto:programa@iberculturaviva.org\">programa@iberculturaviva.org<\/a>.\u00a0<\/span><\/p>\n<p>.<\/p>\n<h4><b>Crit\u00e9rios de participaci\u00f3n<\/b><\/h4>\n<p style=\"text-align: justify;\"><span style=\"font-weight: 400;\">Podr\u00e1n participar de la Convocatoria al Banco de Saberes IberCultura Viva las organizaciones culturales comunitarias y\/o pueblos originarios de los pa\u00edses miembros del programa, con persona jur\u00eddica y sin ella.<\/span> <span style=\"font-weight: 400;\">Los pa\u00edses que integran IberCultura Viva son: Argentina, Brasil, Chile, Colombia, Costa Rica, Ecuador, El Salvador, Espa\u00f1a, M\u00e9xico, Per\u00fa y Uruguay.\u00a0<\/span><\/p>\n<p style=\"text-align: justify;\"><span style=\"font-weight: 400;\">Aquellos colectivos de los pa\u00edses miembros que no tengan persona jur\u00eddica podr\u00e1n postular presentando una carta aval firmada por el representante gubernamental del programa IberCultura Viva en su pa\u00eds (*). Los \u00f3rganos que responden por el programa en cada pa\u00eds (Ministerio de Cultura, Secretar\u00eda de Cultura o equivalente) determinar\u00e1n los criterios requeridos para la emisi\u00f3n de su aval. (<\/span><em><span style=\"font-weight: 400;\">Organizaciones de pa\u00edses iberoamericanos que no integran el programa podr\u00e1n participar de esta convocatoria, pero solamente aquellas que cuenten con personer\u00eda jur\u00eddica; en este caso no existe la posibilidad de presentar una carta aval.<\/span><\/em><span style=\"font-weight: 400;\">)<\/span><\/p>\n<p>.<\/p>\n<h4><b>Comit\u00e9 de selecci\u00f3n<\/b><\/h4>\n<p style=\"text-align: justify;\"><span style=\"font-weight: 400;\">Representantes de cuatro pa\u00edses integrantes del Consejo Intergubernamental IberCultura Viva conformar\u00e1n el Comit\u00e9 de Selecci\u00f3n de las propuestas <\/span><span style=\"font-weight: 400;\">presentadas al Banco de Saberes. Entre los criterios que se tomar\u00e1n en cuenta en la evaluaci\u00f3n se encuentran la <\/span><span style=\"font-weight: 400;\">presentaci\u00f3n de la documentaci\u00f3n exigida, la inclusi\u00f3n de la perspectiva de g\u00e9nero de forma transversal, y el hecho de que las personas facilitadoras (m\u00e1ximo de dos personas) sean mayores de edad y <\/span><span style=\"font-weight: 400;\">formen parte de <\/span><span style=\"font-weight: 400;\">organizaciones culturales comunitarias o pueblos originarios.<\/span><\/p>\n<p style=\"text-align: justify;\"><span style=\"font-weight: 400;\">Los proyectos presentados deben proponer<\/span><span style=\"font-weight: 400;\"> la transmisi\u00f3n o la instancia de compartir <\/span><span style=\"font-weight: 400;\">experiencias, pr\u00e1cticas comunes, metodolog\u00edas, tecnolog\u00edas sociales, historias de las comunidades, saberes ancestrales o tradicionales, etc. Adem\u00e1s, deben estar<\/span><span style=\"font-weight: 400;\"> debidamente formulados y presentar coherencia interna y objetivos realizables en el tiempo estipulado. Las propuestas que no re\u00fanan estos criterios ser\u00e1n devueltas con las observaciones correspondientes para su rectificaci\u00f3n.<\/span><span style=\"font-weight: 400;\"> Las aprobadas ser\u00e1n publicadas en la p\u00e1gina web del programa. <\/span><span style=\"font-weight: 400;\">El Banco de Saberes cerrar\u00e1 la recepci\u00f3n de propuestas cuando el Consejo Intergubernamental as\u00ed lo estipule.<\/span><\/p>\n<p>.<\/p>\n<p><strong>Revisa las bases<\/strong><span style=\"font-weight: 400;\">: <\/span><a href=\"https:\/\/bit.ly\/2PGnQAF\"><span style=\"font-weight: 400;\">https:\/\/bit.ly\/2PGnQAF<\/span><\/a><\/p>\n<p><strong>Inscripciones<\/strong><span style=\"font-weight: 400;\">: <\/span><a href=\"https:\/\/mapa.iberculturaviva.org\/oportunidade\/104\/\"><span style=\"font-weight: 400;\">https:\/\/mapa.iberculturaviva.org\/oportunidade\/104\/<\/span><\/a><\/p>\n<p><strong>Consultas<\/strong><span style=\"font-weight: 400;\">:<\/span><span style=\"font-weight: 400;\"> programa@iberculturaviva.org<\/span><\/p>\n<p><strong>C\u00f3mo registrarse en el Mapa IberCultura Viv<\/strong><span style=\"font-weight: 400;\"><strong>a<\/strong>: <\/span><a href=\"https:\/\/iberculturaviva.org\/es\/manual\/\"><span style=\"font-weight: 400;\">https:\/\/iberculturaviva.org\/manual\/<\/span><\/a><\/p>\n<h5><strong>(*) En el formulario de inscripci\u00f3n se encuentra disponible un modelo de carta aval para descargar, completar, firmar y volver a cargar en el Mapa IberCultura Viva. Al final de este documento est\u00e1 la lista con los nombres y correos electr\u00f3nicos de los REPPI de cada pa\u00eds miembro del programa.<\/strong><\/h5>\n<h5><\/h5>\n<h4><strong>Foto en destaque: Taller \u00abDiccionarios Audiovisuales Comunitarios\u00bb, realizado por La Combi-arte rodante (Per\u00fa) en la comunidad Zoque Popoluca de Caba\u00f1as, en Acayucan (M\u00e9xico), en el marco del intercambio de IberEntrelazando Experiencias, en noviembre de 2019.\u00a0<\/strong><\/h4>\n","protected":false},"excerpt":{"rendered":"<p>\u00a0(Foto: La Combi-arte rodante) El lunes 16 de diciembre comienza el plazo de postulaciones al Banco de Saberes Culturales y Comunitarios IberCultura Viva. Las organizaciones culturales comunitarias y\/o los pueblos [&hellip;]<\/p>\n","protected":false},"author":2,"featured_media":20959,"comment_status":"closed","ping_status":"closed","sticky":false,"template":"","format":"standard","meta":{"_coblocks_attr":"","_coblocks_dimensions":"","_coblocks_responsive_height":"","_coblocks_accordion_ie_support":"","_EventAllDay":false,"_EventTimezone":"","_EventStartDate":"","_EventEndDate":"","_EventStartDateUTC":"","_EventEndDateUTC":"","_EventShowMap":false,"_EventShowMapLink":false,"_EventURL":"","_EventCost":"","_EventCostDescription":"","_EventCurrencySymbol":"","_EventCurrencyCode":"","_EventCurrencyPosition":"","_EventDateTimeSeparator":"","_EventTimeRangeSeparator":"","_EventOrganizerID":[],"_EventVenueID":[],"_OrganizerEmail":"","_OrganizerPhone":"","_OrganizerWebsite":"","_VenueAddress":"","_VenueCity":"","_VenueCountry":"","_VenueProvince":"","_VenueState":"","_VenueZip":"","_VenuePhone":"","_VenueURL":"","_VenueStateProvince":"","_VenueLat":"","_VenueLng":"","_VenueShowMap":false,"_VenueShowMapLink":false,"footnotes":""},"categories":[648,250,254,262],"tags":[],"country-municipality":[],"class_list":["post-16724","post","type-post","status-publish","format-standard","has-post-thumbnail","hentry","category-banco-de-saberes-es","category-convocatorias","category-destaque-es","category-noticias-es"],"yoast_head":"<!-- This site is optimized with the Yoast SEO plugin v25.7 - https:\/\/yoast.com\/wordpress\/plugins\/seo\/ -->\n<title>IberCultura Viva abre la convocatoria para el Banco de Saberes Culturales y Comunitarios - IberCultura Viva<\/title>\n<meta name=\"description\" content=\"IberCultura Viva abre la convocatoria para el Banco de Saberes Culturales y Comunitarios - IberCultura Viva\" \/>\n<meta name=\"robots\" content=\"index, follow, max-snippet:-1, max-image-preview:large, max-video-preview:-1\" \/>\n<link rel=\"canonical\" href=\"https:\/\/iberculturaviva.org\/es\/ibercultura-viva-abre-la-convocatoria-para-el-banco-de-saberes-culturales-y-comunitarios\/\" \/>\n<meta property=\"og:locale\" content=\"es_ES\" \/>\n<meta property=\"og:type\" content=\"article\" \/>\n<meta property=\"og:title\" content=\"IberCultura Viva abre la convocatoria para el Banco de Saberes Culturales y Comunitarios - IberCultura Viva\" \/>\n<meta property=\"og:description\" content=\"IberCultura Viva abre la convocatoria para el Banco de Saberes Culturales y Comunitarios - IberCultura Viva\" \/>\n<meta property=\"og:url\" content=\"https:\/\/iberculturaviva.org\/es\/ibercultura-viva-abre-la-convocatoria-para-el-banco-de-saberes-culturales-y-comunitarios\/\" \/>\n<meta property=\"og:site_name\" content=\"IberCultura Viva\" \/>\n<meta property=\"article:publisher\" content=\"https:\/\/www.facebook.com\/iberculturaviva\/\" \/>\n<meta property=\"article:published_time\" content=\"2019-12-13T17:26:19+00:00\" \/>\n<meta property=\"article:modified_time\" content=\"2022-11-21T17:55:02+00:00\" \/>\n<meta property=\"og:image\" content=\"https:\/\/iberculturaviva.org\/wp-content\/uploads\/2019\/12\/lacombi-mexico.jpg\" \/>\n\t<meta property=\"og:image:width\" content=\"960\" \/>\n\t<meta property=\"og:image:height\" content=\"582\" \/>\n\t<meta property=\"og:image:type\" content=\"image\/jpeg\" \/>\n<meta name=\"author\" content=\"IberCultura\" \/>\n<meta name=\"twitter:card\" content=\"summary_large_image\" \/>\n<meta name=\"twitter:label1\" content=\"Escrito por\" \/>\n\t<meta name=\"twitter:data1\" content=\"IberCultura\" \/>\n\t<meta name=\"twitter:label2\" content=\"Tiempo de lectura\" \/>\n\t<meta name=\"twitter:data2\" content=\"5 minutos\" \/>\n<script type=\"application\/ld+json\" class=\"yoast-schema-graph\">{\"@context\":\"https:\/\/schema.org\",\"@graph\":[{\"@type\":\"Article\",\"@id\":\"https:\/\/iberculturaviva.org\/es\/ibercultura-viva-abre-la-convocatoria-para-el-banco-de-saberes-culturales-y-comunitarios\/#article\",\"isPartOf\":{\"@id\":\"https:\/\/iberculturaviva.org\/es\/ibercultura-viva-abre-la-convocatoria-para-el-banco-de-saberes-culturales-y-comunitarios\/\"},\"author\":{\"name\":\"IberCultura\",\"@id\":\"https:\/\/iberculturaviva.org\/es\/?lang=es\/#\/schema\/person\/5d1313b072cc25536e0431522f740b59\"},\"headline\":\"IberCultura Viva abre la convocatoria para el Banco de Saberes Culturales y Comunitarios\",\"datePublished\":\"2019-12-13T17:26:19+00:00\",\"dateModified\":\"2022-11-21T17:55:02+00:00\",\"mainEntityOfPage\":{\"@id\":\"https:\/\/iberculturaviva.org\/es\/ibercultura-viva-abre-la-convocatoria-para-el-banco-de-saberes-culturales-y-comunitarios\/\"},\"wordCount\":861,\"publisher\":{\"@id\":\"https:\/\/iberculturaviva.org\/es\/?lang=es\/#organization\"},\"image\":{\"@id\":\"https:\/\/iberculturaviva.org\/es\/ibercultura-viva-abre-la-convocatoria-para-el-banco-de-saberes-culturales-y-comunitarios\/#primaryimage\"},\"thumbnailUrl\":\"https:\/\/iberculturaviva.org\/wp-content\/uploads\/2019\/12\/lacombi-mexico.jpg\",\"articleSection\":[\"Banco de Saberes\",\"Convocatorias\",\"Destaque\",\"Noticias\"],\"inLanguage\":\"es\"},{\"@type\":\"WebPage\",\"@id\":\"https:\/\/iberculturaviva.org\/es\/ibercultura-viva-abre-la-convocatoria-para-el-banco-de-saberes-culturales-y-comunitarios\/\",\"url\":\"https:\/\/iberculturaviva.org\/es\/ibercultura-viva-abre-la-convocatoria-para-el-banco-de-saberes-culturales-y-comunitarios\/\",\"name\":\"IberCultura Viva abre la convocatoria para el Banco de Saberes Culturales y Comunitarios - IberCultura Viva\",\"isPartOf\":{\"@id\":\"https:\/\/iberculturaviva.org\/es\/?lang=es\/#website\"},\"primaryImageOfPage\":{\"@id\":\"https:\/\/iberculturaviva.org\/es\/ibercultura-viva-abre-la-convocatoria-para-el-banco-de-saberes-culturales-y-comunitarios\/#primaryimage\"},\"image\":{\"@id\":\"https:\/\/iberculturaviva.org\/es\/ibercultura-viva-abre-la-convocatoria-para-el-banco-de-saberes-culturales-y-comunitarios\/#primaryimage\"},\"thumbnailUrl\":\"https:\/\/iberculturaviva.org\/wp-content\/uploads\/2019\/12\/lacombi-mexico.jpg\",\"datePublished\":\"2019-12-13T17:26:19+00:00\",\"dateModified\":\"2022-11-21T17:55:02+00:00\",\"description\":\"IberCultura Viva abre la convocatoria para el Banco de Saberes Culturales y Comunitarios - IberCultura Viva\",\"breadcrumb\":{\"@id\":\"https:\/\/iberculturaviva.org\/es\/ibercultura-viva-abre-la-convocatoria-para-el-banco-de-saberes-culturales-y-comunitarios\/#breadcrumb\"},\"inLanguage\":\"es\",\"potentialAction\":[{\"@type\":\"ReadAction\",\"target\":[\"https:\/\/iberculturaviva.org\/es\/ibercultura-viva-abre-la-convocatoria-para-el-banco-de-saberes-culturales-y-comunitarios\/\"]}]},{\"@type\":\"ImageObject\",\"inLanguage\":\"es\",\"@id\":\"https:\/\/iberculturaviva.org\/es\/ibercultura-viva-abre-la-convocatoria-para-el-banco-de-saberes-culturales-y-comunitarios\/#primaryimage\",\"url\":\"https:\/\/iberculturaviva.org\/wp-content\/uploads\/2019\/12\/lacombi-mexico.jpg\",\"contentUrl\":\"https:\/\/iberculturaviva.org\/wp-content\/uploads\/2019\/12\/lacombi-mexico.jpg\",\"width\":960,\"height\":582},{\"@type\":\"BreadcrumbList\",\"@id\":\"https:\/\/iberculturaviva.org\/es\/ibercultura-viva-abre-la-convocatoria-para-el-banco-de-saberes-culturales-y-comunitarios\/#breadcrumb\",\"itemListElement\":[{\"@type\":\"ListItem\",\"position\":1,\"name\":\"In\u00edcio\",\"item\":\"https:\/\/iberculturaviva.org\/es\/inicio\/\"},{\"@type\":\"ListItem\",\"position\":2,\"name\":\"IberCultura Viva abre la convocatoria para el Banco de Saberes Culturales y Comunitarios\"}]},{\"@type\":\"WebSite\",\"@id\":\"https:\/\/iberculturaviva.org\/es\/?lang=es\/#website\",\"url\":\"https:\/\/iberculturaviva.org\/es\/?lang=es\/\",\"name\":\"IberCultura Viva\",\"description\":\"Programa de cooperaci\u00f3n cultural\",\"publisher\":{\"@id\":\"https:\/\/iberculturaviva.org\/es\/?lang=es\/#organization\"},\"potentialAction\":[{\"@type\":\"SearchAction\",\"target\":{\"@type\":\"EntryPoint\",\"urlTemplate\":\"https:\/\/iberculturaviva.org\/es\/?lang=es\/?s={search_term_string}\"},\"query-input\":{\"@type\":\"PropertyValueSpecification\",\"valueRequired\":true,\"valueName\":\"search_term_string\"}}],\"inLanguage\":\"es\"},{\"@type\":\"Organization\",\"@id\":\"https:\/\/iberculturaviva.org\/es\/?lang=es\/#organization\",\"name\":\"Iberculturaviva\",\"url\":\"https:\/\/iberculturaviva.org\/es\/?lang=es\/\",\"logo\":{\"@type\":\"ImageObject\",\"inLanguage\":\"es\",\"@id\":\"https:\/\/iberculturaviva.org\/es\/?lang=es\/#\/schema\/logo\/image\/\",\"url\":\"https:\/\/iberculturaviva.org\/wp-content\/uploads\/2021\/08\/logo_ibercultura_viva.jpg\",\"contentUrl\":\"https:\/\/iberculturaviva.org\/wp-content\/uploads\/2021\/08\/logo_ibercultura_viva.jpg\",\"width\":708,\"height\":223,\"caption\":\"Iberculturaviva\"},\"image\":{\"@id\":\"https:\/\/iberculturaviva.org\/es\/?lang=es\/#\/schema\/logo\/image\/\"},\"sameAs\":[\"https:\/\/www.facebook.com\/iberculturaviva\/\",\"https:\/\/www.instagram.com\/iberculturaviva\/\",\"https:\/\/www.youtube.com\/iberculturaviva\"]},{\"@type\":\"Person\",\"@id\":\"https:\/\/iberculturaviva.org\/es\/?lang=es\/#\/schema\/person\/5d1313b072cc25536e0431522f740b59\",\"name\":\"IberCultura\",\"image\":{\"@type\":\"ImageObject\",\"inLanguage\":\"es\",\"@id\":\"https:\/\/iberculturaviva.org\/es\/?lang=es\/#\/schema\/person\/image\/\",\"url\":\"https:\/\/secure.gravatar.com\/avatar\/79f1a057cb125cbefb3765d0356d52fc7f3bba3a35e2cf22bc4de090bb7aef70?s=96&d=mm&r=g\",\"contentUrl\":\"https:\/\/secure.gravatar.com\/avatar\/79f1a057cb125cbefb3765d0356d52fc7f3bba3a35e2cf22bc4de090bb7aef70?s=96&d=mm&r=g\",\"caption\":\"IberCultura\"}}]}<\/script>\n<!-- \/ Yoast SEO plugin. -->","yoast_head_json":{"title":"IberCultura Viva abre la convocatoria para el Banco de Saberes Culturales y Comunitarios - IberCultura Viva","description":"IberCultura Viva abre la convocatoria para el Banco de Saberes Culturales y Comunitarios - IberCultura Viva","robots":{"index":"index","follow":"follow","max-snippet":"max-snippet:-1","max-image-preview":"max-image-preview:large","max-video-preview":"max-video-preview:-1"},"canonical":"https:\/\/iberculturaviva.org\/es\/ibercultura-viva-abre-la-convocatoria-para-el-banco-de-saberes-culturales-y-comunitarios\/","og_locale":"es_ES","og_type":"article","og_title":"IberCultura Viva abre la convocatoria para el Banco de Saberes Culturales y Comunitarios - IberCultura Viva","og_description":"IberCultura Viva abre la convocatoria para el Banco de Saberes Culturales y Comunitarios - IberCultura Viva","og_url":"https:\/\/iberculturaviva.org\/es\/ibercultura-viva-abre-la-convocatoria-para-el-banco-de-saberes-culturales-y-comunitarios\/","og_site_name":"IberCultura Viva","article_publisher":"https:\/\/www.facebook.com\/iberculturaviva\/","article_published_time":"2019-12-13T17:26:19+00:00","article_modified_time":"2022-11-21T17:55:02+00:00","og_image":[{"width":960,"height":582,"url":"https:\/\/iberculturaviva.org\/wp-content\/uploads\/2019\/12\/lacombi-mexico.jpg","type":"image\/jpeg"}],"author":"IberCultura","twitter_card":"summary_large_image","twitter_misc":{"Escrito por":"IberCultura","Tiempo de lectura":"5 minutos"},"schema":{"@context":"https:\/\/schema.org","@graph":[{"@type":"Article","@id":"https:\/\/iberculturaviva.org\/es\/ibercultura-viva-abre-la-convocatoria-para-el-banco-de-saberes-culturales-y-comunitarios\/#article","isPartOf":{"@id":"https:\/\/iberculturaviva.org\/es\/ibercultura-viva-abre-la-convocatoria-para-el-banco-de-saberes-culturales-y-comunitarios\/"},"author":{"name":"IberCultura","@id":"https:\/\/iberculturaviva.org\/es\/?lang=es\/#\/schema\/person\/5d1313b072cc25536e0431522f740b59"},"headline":"IberCultura Viva abre la convocatoria para el Banco de Saberes Culturales y Comunitarios","datePublished":"2019-12-13T17:26:19+00:00","dateModified":"2022-11-21T17:55:02+00:00","mainEntityOfPage":{"@id":"https:\/\/iberculturaviva.org\/es\/ibercultura-viva-abre-la-convocatoria-para-el-banco-de-saberes-culturales-y-comunitarios\/"},"wordCount":861,"publisher":{"@id":"https:\/\/iberculturaviva.org\/es\/?lang=es\/#organization"},"image":{"@id":"https:\/\/iberculturaviva.org\/es\/ibercultura-viva-abre-la-convocatoria-para-el-banco-de-saberes-culturales-y-comunitarios\/#primaryimage"},"thumbnailUrl":"https:\/\/iberculturaviva.org\/wp-content\/uploads\/2019\/12\/lacombi-mexico.jpg","articleSection":["Banco de Saberes","Convocatorias","Destaque","Noticias"],"inLanguage":"es"},{"@type":"WebPage","@id":"https:\/\/iberculturaviva.org\/es\/ibercultura-viva-abre-la-convocatoria-para-el-banco-de-saberes-culturales-y-comunitarios\/","url":"https:\/\/iberculturaviva.org\/es\/ibercultura-viva-abre-la-convocatoria-para-el-banco-de-saberes-culturales-y-comunitarios\/","name":"IberCultura Viva abre la convocatoria para el Banco de Saberes Culturales y Comunitarios - IberCultura Viva","isPartOf":{"@id":"https:\/\/iberculturaviva.org\/es\/?lang=es\/#website"},"primaryImageOfPage":{"@id":"https:\/\/iberculturaviva.org\/es\/ibercultura-viva-abre-la-convocatoria-para-el-banco-de-saberes-culturales-y-comunitarios\/#primaryimage"},"image":{"@id":"https:\/\/iberculturaviva.org\/es\/ibercultura-viva-abre-la-convocatoria-para-el-banco-de-saberes-culturales-y-comunitarios\/#primaryimage"},"thumbnailUrl":"https:\/\/iberculturaviva.org\/wp-content\/uploads\/2019\/12\/lacombi-mexico.jpg","datePublished":"2019-12-13T17:26:19+00:00","dateModified":"2022-11-21T17:55:02+00:00","description":"IberCultura Viva abre la convocatoria para el Banco de Saberes Culturales y Comunitarios - IberCultura Viva","breadcrumb":{"@id":"https:\/\/iberculturaviva.org\/es\/ibercultura-viva-abre-la-convocatoria-para-el-banco-de-saberes-culturales-y-comunitarios\/#breadcrumb"},"inLanguage":"es","potentialAction":[{"@type":"ReadAction","target":["https:\/\/iberculturaviva.org\/es\/ibercultura-viva-abre-la-convocatoria-para-el-banco-de-saberes-culturales-y-comunitarios\/"]}]},{"@type":"ImageObject","inLanguage":"es","@id":"https:\/\/iberculturaviva.org\/es\/ibercultura-viva-abre-la-convocatoria-para-el-banco-de-saberes-culturales-y-comunitarios\/#primaryimage","url":"https:\/\/iberculturaviva.org\/wp-content\/uploads\/2019\/12\/lacombi-mexico.jpg","contentUrl":"https:\/\/iberculturaviva.org\/wp-content\/uploads\/2019\/12\/lacombi-mexico.jpg","width":960,"height":582},{"@type":"BreadcrumbList","@id":"https:\/\/iberculturaviva.org\/es\/ibercultura-viva-abre-la-convocatoria-para-el-banco-de-saberes-culturales-y-comunitarios\/#breadcrumb","itemListElement":[{"@type":"ListItem","position":1,"name":"In\u00edcio","item":"https:\/\/iberculturaviva.org\/es\/inicio\/"},{"@type":"ListItem","position":2,"name":"IberCultura Viva abre la convocatoria para el Banco de Saberes Culturales y Comunitarios"}]},{"@type":"WebSite","@id":"https:\/\/iberculturaviva.org\/es\/?lang=es\/#website","url":"https:\/\/iberculturaviva.org\/es\/?lang=es\/","name":"IberCultura Viva","description":"Programa de cooperaci\u00f3n cultural","publisher":{"@id":"https:\/\/iberculturaviva.org\/es\/?lang=es\/#organization"},"potentialAction":[{"@type":"SearchAction","target":{"@type":"EntryPoint","urlTemplate":"https:\/\/iberculturaviva.org\/es\/?lang=es\/?s={search_term_string}"},"query-input":{"@type":"PropertyValueSpecification","valueRequired":true,"valueName":"search_term_string"}}],"inLanguage":"es"},{"@type":"Organization","@id":"https:\/\/iberculturaviva.org\/es\/?lang=es\/#organization","name":"Iberculturaviva","url":"https:\/\/iberculturaviva.org\/es\/?lang=es\/","logo":{"@type":"ImageObject","inLanguage":"es","@id":"https:\/\/iberculturaviva.org\/es\/?lang=es\/#\/schema\/logo\/image\/","url":"https:\/\/iberculturaviva.org\/wp-content\/uploads\/2021\/08\/logo_ibercultura_viva.jpg","contentUrl":"https:\/\/iberculturaviva.org\/wp-content\/uploads\/2021\/08\/logo_ibercultura_viva.jpg","width":708,"height":223,"caption":"Iberculturaviva"},"image":{"@id":"https:\/\/iberculturaviva.org\/es\/?lang=es\/#\/schema\/logo\/image\/"},"sameAs":["https:\/\/www.facebook.com\/iberculturaviva\/","https:\/\/www.instagram.com\/iberculturaviva\/","https:\/\/www.youtube.com\/iberculturaviva"]},{"@type":"Person","@id":"https:\/\/iberculturaviva.org\/es\/?lang=es\/#\/schema\/person\/5d1313b072cc25536e0431522f740b59","name":"IberCultura","image":{"@type":"ImageObject","inLanguage":"es","@id":"https:\/\/iberculturaviva.org\/es\/?lang=es\/#\/schema\/person\/image\/","url":"https:\/\/secure.gravatar.com\/avatar\/79f1a057cb125cbefb3765d0356d52fc7f3bba3a35e2cf22bc4de090bb7aef70?s=96&d=mm&r=g","contentUrl":"https:\/\/secure.gravatar.com\/avatar\/79f1a057cb125cbefb3765d0356d52fc7f3bba3a35e2cf22bc4de090bb7aef70?s=96&d=mm&r=g","caption":"IberCultura"}}]}},"main_category":{"link":"https:\/\/iberculturaviva.org\/es\/category\/intercambios-es\/banco-de-saberes-es\/","name":"Banco de Saberes","slug":"banco-de-saberes-es"},"_links":{"self":[{"href":"https:\/\/iberculturaviva.org\/es\/wp-json\/wp\/v2\/posts\/16724","targetHints":{"allow":["GET"]}}],"collection":[{"href":"https:\/\/iberculturaviva.org\/es\/wp-json\/wp\/v2\/posts"}],"about":[{"href":"https:\/\/iberculturaviva.org\/es\/wp-json\/wp\/v2\/types\/post"}],"author":[{"embeddable":true,"href":"https:\/\/iberculturaviva.org\/es\/wp-json\/wp\/v2\/users\/2"}],"replies":[{"embeddable":true,"href":"https:\/\/iberculturaviva.org\/es\/wp-json\/wp\/v2\/comments?post=16724"}],"version-history":[{"count":3,"href":"https:\/\/iberculturaviva.org\/es\/wp-json\/wp\/v2\/posts\/16724\/revisions"}],"predecessor-version":[{"id":28845,"href":"https:\/\/iberculturaviva.org\/es\/wp-json\/wp\/v2\/posts\/16724\/revisions\/28845"}],"wp:featuredmedia":[{"embeddable":true,"href":"https:\/\/iberculturaviva.org\/es\/wp-json\/wp\/v2\/media\/20959"}],"wp:attachment":[{"href":"https:\/\/iberculturaviva.org\/es\/wp-json\/wp\/v2\/media?parent=16724"}],"wp:term":[{"taxonomy":"category","embeddable":true,"href":"https:\/\/iberculturaviva.org\/es\/wp-json\/wp\/v2\/categories?post=16724"},{"taxonomy":"post_tag","embeddable":true,"href":"https:\/\/iberculturaviva.org\/es\/wp-json\/wp\/v2\/tags?post=16724"},{"taxonomy":"country-municipality","embeddable":true,"href":"https:\/\/iberculturaviva.org\/es\/wp-json\/wp\/v2\/country-municipality?post=16724"}],"curies":[{"name":"wp","href":"https:\/\/api.w.org\/{rel}","templated":true}]}}