{"id":16704,"date":"2019-11-12T16:27:49","date_gmt":"2019-11-12T19:27:49","guid":{"rendered":"https:\/\/iberculturaviva.org\/una-variete-comunitaria-para-cerrar-el-ano-de-cultura-de-barrio-en-la-ciudad-de-cordoba\/"},"modified":"2021-01-06T16:55:49","modified_gmt":"2021-01-06T19:55:49","slug":"una-variete-comunitaria-para-cerrar-el-ano-de-cultura-de-barrio-en-la-ciudad-de-cordoba","status":"publish","type":"post","link":"https:\/\/iberculturaviva.org\/es\/una-variete-comunitaria-para-cerrar-el-ano-de-cultura-de-barrio-en-la-ciudad-de-cordoba\/","title":{"rendered":"Una \u201cVariet\u00e9 Comunitaria\u201d para cerrar el a\u00f1o de Cultura de Barrio en la ciudad de C\u00f3rdoba"},"content":{"rendered":"<p><a href=\"https:\/\/iberculturaviva.org\/wp-content\/uploads\/2019\/11\/cordoba-variete.jpg\"><img loading=\"lazy\" decoding=\"async\" class=\"aligncenter size-large wp-image-13271\" src=\"https:\/\/iberculturaviva.org\/wp-content\/uploads\/2019\/11\/cordoba-variete-960x640.jpg\" alt=\"\" width=\"640\" height=\"427\" \/><\/a><\/p>\n<p>&nbsp;<\/p>\n<p style=\"text-align: justify;\"><span style=\"font-weight: 400;\">Este viernes 15 de noviembre, en la ciudad de C\u00f3rdoba (Argentina), habr\u00e1 una Variet\u00e9 Comunitaria para compartir las producciones y procesos art\u00edstico-culturales vividos en distintos barrios del municipio. Esta feria de organizaciones sociales contar\u00e1 con stands de alimentos y productos, talleres, intervenciones art\u00edsticas, espect\u00e1culos, narraciones, proyecciones y radio abierta. El evento tendr\u00e1 entrada gratuita y se realizar\u00e1 de las 18:00 a las 21:00 en la Plaza Seca del Paseo de las Artes (Ach\u00e1val Rodr\u00edguez y Belgrano, B\u00b0 G\u00fcemes).<\/span><\/p>\n<p style=\"text-align: justify;\"><span style=\"font-weight: 400;\">Las propuestas que se presentar\u00e1n en la feria representan a proyectos apoyados por el programa municipal Cultura de Barrio durante el a\u00f1o 2019. La iniciativa apoya proyectos culturales impulsados por organizaciones de base, mediante una convocatoria abierta y p\u00fablica de la Municipalidad de C\u00f3rdoba.\u00a0El objetivo es fortalecer proyectos culturales que promuevan el acceso a la cultura, la participaci\u00f3n ciudadana y el trabajo en red para la resoluci\u00f3n de la complejidad de problemas que atraviesan los territorios.\u00a0<\/span><\/p>\n<p style=\"text-align: justify;\">Cultura de Barrio surgi\u00f3 como respuesta a necesidades espec\u00edficas de numerosas organizaciones y referentes culturales barriales que vienen llevando a cabo diversos proyectos nacidos desde las propias comunidades, de manera independiente y con dificultades para sostenerlos en el tiempo en virtud de las limitaciones econ\u00f3micas. En este sentido, el municipio sum\u00f3 una modalidad de apoyo, modificando el paradigma habitual de proponer desde el Estado hacia los vecinos; para comenzar a dar lugar a proyectos que surgen desde las organizaciones e instituciones de base, verdaderos protagonistas y conocedores del territorio.<\/p>\n<p><span style=\"font-weight: 400;\">Este a\u00f1o el programa benefici\u00f3 a 24 proyectos:\u00a0<\/span><\/p>\n<ol>\n<li><span style=\"font-weight: 400;\">\u201cActivando contra la violencia\u201d. B\u00ba Villa Boedo.\u00a0<\/span>Organizaci\u00f3n: Mujeres Activando.<\/li>\n<li><span style=\"font-weight: 400;\">\u201cConstrucci\u00f3n de Narrativas Audiovisuales Colectivas con perspectiva de G\u00e9nero\u201d. B\u00b0 Los Naranjos. Organizaci\u00f3n: Cooperativa de Trabajo Caleidoscopio Ltda.<\/span><\/li>\n<li><span style=\"font-weight: 400;\">\u201cEn la Memoria de les Ni\u00f1es\u201d. B\u00ba IPV Arguello.\u00a0<\/span><span style=\"font-weight: 400;\">Organizaci\u00f3n: Proyecto S. E. Abrapalabra y Escuela Primaria Hugo Leonelli.<\/span><\/li>\n<li><span style=\"font-weight: 400;\">\u201cCreaci\u00f3n de la Mesa de G.C. del CIC Cabildo\u201d. B\u00b0 Cabildo.\u00a0<\/span><span style=\"font-weight: 400;\">Organizaci\u00f3n: Espacio de Artistas Locales-Mesa de gesti\u00f3n CIC.<\/span><\/li>\n<li><span style=\"font-weight: 400;\">\u201cJ\u00f3venes Sintonizados\u201d. B\u00b0 Villa Retiro.\u00a0<\/span><span style=\"font-weight: 400;\">Organizaci\u00f3n: J\u00f3venes en Sinton\u00eda.<\/span><\/li>\n<li><span style=\"font-weight: 400;\">\u201cInterculturalidad, Sabores y Saberes Culturales\u201d,\u00a0 B\u00b0 G\u00fcemes.\u00a0<\/span><span style=\"font-weight: 400;\">Organizaci\u00f3n: Grupo de Mujeres Concretando Sue\u00f1os (mujeres migrantes cordobesas).<\/span><\/li>\n<li><span style=\"font-weight: 400;\">\u201cEl Bajo Templa Candombe\u201d. B\u00b0 Bajo Pueyrredon.\u00a0<\/span><span style=\"font-weight: 400;\">Organizaci\u00f3n: A.C. Un Nuevo Comienzo C.C El Chap\u00f3n.<\/span><\/li>\n<li><span style=\"font-weight: 400;\">\u201cLa Nelly Editora\u201d. B\u00b0 Los Bulevares.\u00a0<\/span><span style=\"font-weight: 400;\">Organizaci\u00f3n: Asociaci\u00f3n Civil Biblioteca Popular Nelly Llorens.<\/span><\/li>\n<li><span style=\"font-weight: 400;\">\u201cNarrativas Disidentes en la Escuela\u201d. B\u00b0 Juan Pablo II y Centro.\u00a0<\/span><span style=\"font-weight: 400;\">Organizaci\u00f3n: Enfoca- Colectivo de Fot\u00f3grafas, Comunicadoras y Dise\u00f1adoras.<\/span><\/li>\n<li><span style=\"font-weight: 400;\">\u201cLas Ni\u00f1as y los Ni\u00f1os de la Julio Cort\u00e1zar se preguntan a Viva Voz\u201d B\u00b0 San Vicente.\u00a0<\/span><span style=\"font-weight: 400;\">Organizaci\u00f3n: Biblioteca Popular Julio Cort\u00e1zar y radio Comunitaria La Quinta Pata.<\/span><\/li>\n<li><span style=\"font-weight: 400;\">\u201cDe Historias y Resistencias de Lxs Wachxs del Tropez\u00f3n\u201d B\u00b0 Villa El Tropez\u00f3n, Villa El Sauce y La Toma. Organizaci\u00f3n: Lxs Wachxs del Tropez\u00f3n.<\/span><\/li>\n<li><span style=\"font-weight: 400;\">\u201cPayaseria Comunitaria en B\u00ba San Martin\u201d B\u00b0 San Martin.\u00a0<\/span><span style=\"font-weight: 400;\">Organizaci\u00f3n: Las Napias Encuentro de Mujeres Payasas.<\/span><\/li>\n<li><span style=\"font-weight: 400;\">\u201cTaller de Iniciaci\u00f3n Musical y Ejecuci\u00f3n de Instrumentos\u201d. B\u00b0 Zepa B.\u00a0<\/span><span style=\"font-weight: 400;\">Organizaci\u00f3n: Comedor El Polito con El Encuentro de Organizaciones.<\/span><\/li>\n<li><span style=\"font-weight: 400;\">\u201cSerigrafiando Ando\u201d B\u00b0 M\u00e1rquez Anexo y Alrededores.\u00a0<\/span><span style=\"font-weight: 400;\">Organizaci\u00f3n: Mesa de Ni\u00f1ez del M\u00e1rquez Anexo.<\/span><\/li>\n<li><span style=\"font-weight: 400;\">\u201cPachamama, Madre Tierra. Otro Modo de Encontrarnos\u201d B\u00b0 Villa 9 de Julio.\u00a0<\/span><span style=\"font-weight: 400;\">Organizaci\u00f3n: Red Villa 9 de Julio.<\/span><\/li>\n<li><span style=\"font-weight: 400;\">\u201cLa Favela Donde los Ni\u00f1os y las Ni\u00f1as Intercambian saberes\u201d B\u00b0 La Favela.\u00a0<\/span><span style=\"font-weight: 400;\">Organizaci\u00f3n: Favelita.<\/span><\/li>\n<li><span style=\"font-weight: 400;\">\u201cNuestro Grito de Carnaval\u201d B\u00b0 Los Cortaderos.\u00a0<\/span><span style=\"font-weight: 400;\">Organizaci\u00f3n: Murga Poderoso carnaval.<\/span><\/li>\n<li><span style=\"font-weight: 400;\">\u201cAcuerparse- Taller de Exploraci\u00f3n y Memoria del Movimiento Destinado a la Poblaci\u00f3n Trans de C\u00f3rdoba Capital, B\u00ba Centro, Transversal.\u00a0<\/span><span style=\"font-weight: 400;\">Organizaci\u00f3n: Danza Munata en Asociaci\u00f3n con Ser Trans.<\/span><\/li>\n<li><span style=\"font-weight: 400;\">\u201cCuerpas en Movimiento\u201d B\u00ba Villa El Sauce y El Tropez\u00f3n. Organizaci\u00f3n: Fundaci\u00f3n La Morera, Centro de Salud 99 B\u00ba Los Robles.<\/span><\/li>\n<li><span style=\"font-weight: 400;\">\u201cLas Voces del Barrio\u201d B\u00ba Villa Bustos. Organizaci\u00f3n: La Minga.<\/span><\/li>\n<li><span style=\"font-weight: 400;\">\u201cEntram\u00e1ndonos por el derecho a la Belleza\u201d B\u00ba M\u00e1rquez Anexo.\u00a0<\/span><span style=\"font-weight: 400;\">Organizaci\u00f3n: Grupo de Mujeres \u201cEncuentro de lilas, mujeres en libertad\u201d, Mesa de Gesti\u00f3n y Red de Mediadores Literarios VaiVen.<\/span><\/li>\n<li><span style=\"font-weight: 400;\">\u201cLudobiblioteca andariega\u201d B\u00ba Villa El Tropez\u00f3n.\u00a0<\/span><span style=\"font-weight: 400;\">Organizaci\u00f3n: Red del Tropez\u00f3n y el Sauce: \u201cRemando entre barrios\u201d<\/span><\/li>\n<li><span style=\"font-weight: 400;\">\u201cMototeca biblioteca barrial m\u00f3vil\u201d B\u00ba Rivera Indarte.\u00a0<\/span><span style=\"font-weight: 400;\">Organizaci\u00f3n: Centro Vecinal de Villa Rivera Indarte.<\/span><\/li>\n<li><span style=\"font-weight: 400;\">\u201cRevista barrial La Vox de l@s chic@s de Cabildo. B\u00ba Cabildo.\u00a0<\/span><span style=\"font-weight: 400;\">Organizaci\u00f3n: Sedronar, Centro de Salud 97 y Centro de Acceso a la Justicia-Mesa de Gesti\u00f3n del C.I.C. Cabildo.<\/span><\/li>\n<\/ol>\n<p>&nbsp;<\/p>\n<p>&nbsp;<\/p>\n<p><span style=\"font-weight: 400;\">Fuente: <\/span><a href=\"https:\/\/www.cordoba.gob.ar\/2019\/11\/05\/una-variete-comunitaria-para-cerrar-el-ano-de-cultura-de-barrio\/\"><span style=\"font-weight: 400;\">Municipalidad de C\u00f3rdoba<\/span><\/a><\/p>\n<p>&nbsp;<\/p>\n<h5 style=\"text-align: justify;\"><strong><i>* La Municipalidad de C\u00f3rdoba es una de las integrantes del Grupo de Trabajo de Gobiernos Locales de IberCultura Viva, conformado en Quito (Ecuador) en 2017 para la articulaci\u00f3n de la Red IberCultura Viva de Ciudades y Gobiernos Locales. Conoce m\u00e1s del GT en: <\/i><a href=\"https:\/\/iberculturaviva.org\/es\/rede-ibercultura-viva-de-cidades-e-governos-locais\/\"><i>https:\/\/iberculturaviva.org\/rede-ibercultura-viva-de-cidades-e-governos-locais\/<\/i><\/a><\/strong><\/h5>\n","protected":false},"excerpt":{"rendered":"<p>&nbsp; Este viernes 15 de noviembre, en la ciudad de C\u00f3rdoba (Argentina), habr\u00e1 una Variet\u00e9 Comunitaria para compartir las producciones y procesos art\u00edstico-culturales vividos en distintos barrios del municipio. Esta [&hellip;]<\/p>\n","protected":false},"author":2,"featured_media":0,"comment_status":"closed","ping_status":"closed","sticky":false,"template":"","format":"standard","meta":{"_coblocks_attr":"","_coblocks_dimensions":"","_coblocks_responsive_height":"","_coblocks_accordion_ie_support":"","_EventAllDay":false,"_EventTimezone":"","_EventStartDate":"","_EventEndDate":"","_EventStartDateUTC":"","_EventEndDateUTC":"","_EventShowMap":false,"_EventShowMapLink":false,"_EventURL":"","_EventCost":"","_EventCostDescription":"","_EventCurrencySymbol":"","_EventCurrencyCode":"","_EventCurrencyPosition":"","_EventDateTimeSeparator":"","_EventTimeRangeSeparator":"","_EventOrganizerID":[],"_EventVenueID":[],"_OrganizerEmail":"","_OrganizerPhone":"","_OrganizerWebsite":"","_VenueAddress":"","_VenueCity":"","_VenueCountry":"","_VenueProvince":"","_VenueState":"","_VenueZip":"","_VenuePhone":"","_VenueURL":"","_VenueStateProvince":"","_VenueLat":"","_VenueLng":"","_VenueShowMap":false,"_VenueShowMapLink":false,"footnotes":""},"categories":[262],"tags":[],"country-municipality":[],"class_list":["post-16704","post","type-post","status-publish","format-standard","hentry","category-noticias-es"],"yoast_head":"<!-- This site is optimized with the Yoast SEO plugin v25.7 - https:\/\/yoast.com\/wordpress\/plugins\/seo\/ -->\n<title>Una \u201cVariet\u00e9 Comunitaria\u201d para cerrar el a\u00f1o de Cultura de Barrio en la ciudad de C\u00f3rdoba - IberCultura Viva<\/title>\n<meta name=\"description\" content=\"Una \u201cVariet\u00e9 Comunitaria\u201d para cerrar el a\u00f1o de Cultura de Barrio en la ciudad de C\u00f3rdoba - IberCultura Viva\" \/>\n<meta name=\"robots\" content=\"index, follow, max-snippet:-1, max-image-preview:large, max-video-preview:-1\" \/>\n<link rel=\"canonical\" href=\"https:\/\/iberculturaviva.org\/es\/una-variete-comunitaria-para-cerrar-el-ano-de-cultura-de-barrio-en-la-ciudad-de-cordoba\/\" \/>\n<meta property=\"og:locale\" content=\"es_ES\" \/>\n<meta property=\"og:type\" content=\"article\" \/>\n<meta property=\"og:title\" content=\"Una \u201cVariet\u00e9 Comunitaria\u201d para cerrar el a\u00f1o de Cultura de Barrio en la ciudad de C\u00f3rdoba - IberCultura Viva\" \/>\n<meta property=\"og:description\" content=\"Una \u201cVariet\u00e9 Comunitaria\u201d para cerrar el a\u00f1o de Cultura de Barrio en la ciudad de C\u00f3rdoba - IberCultura Viva\" \/>\n<meta property=\"og:url\" content=\"https:\/\/iberculturaviva.org\/es\/una-variete-comunitaria-para-cerrar-el-ano-de-cultura-de-barrio-en-la-ciudad-de-cordoba\/\" \/>\n<meta property=\"og:site_name\" content=\"IberCultura Viva\" \/>\n<meta property=\"article:publisher\" content=\"https:\/\/www.facebook.com\/iberculturaviva\/\" \/>\n<meta property=\"article:published_time\" content=\"2019-11-12T19:27:49+00:00\" \/>\n<meta property=\"article:modified_time\" content=\"2021-01-06T19:55:49+00:00\" \/>\n<meta property=\"og:image\" content=\"https:\/\/iberculturaviva.org\/wp-content\/uploads\/2019\/11\/cordoba-variete-960x640.jpg\" \/>\n<meta name=\"author\" content=\"IberCultura\" \/>\n<meta name=\"twitter:card\" content=\"summary_large_image\" \/>\n<meta name=\"twitter:label1\" content=\"Escrito por\" \/>\n\t<meta name=\"twitter:data1\" content=\"IberCultura\" \/>\n\t<meta name=\"twitter:label2\" content=\"Tiempo de lectura\" \/>\n\t<meta name=\"twitter:data2\" content=\"4 minutos\" \/>\n<script type=\"application\/ld+json\" class=\"yoast-schema-graph\">{\"@context\":\"https:\/\/schema.org\",\"@graph\":[{\"@type\":\"Article\",\"@id\":\"https:\/\/iberculturaviva.org\/es\/una-variete-comunitaria-para-cerrar-el-ano-de-cultura-de-barrio-en-la-ciudad-de-cordoba\/#article\",\"isPartOf\":{\"@id\":\"https:\/\/iberculturaviva.org\/es\/una-variete-comunitaria-para-cerrar-el-ano-de-cultura-de-barrio-en-la-ciudad-de-cordoba\/\"},\"author\":{\"name\":\"IberCultura\",\"@id\":\"https:\/\/iberculturaviva.org\/es\/?lang=es\/#\/schema\/person\/5d1313b072cc25536e0431522f740b59\"},\"headline\":\"Una \u201cVariet\u00e9 Comunitaria\u201d para cerrar el a\u00f1o de Cultura de Barrio en la ciudad de C\u00f3rdoba\",\"datePublished\":\"2019-11-12T19:27:49+00:00\",\"dateModified\":\"2021-01-06T19:55:49+00:00\",\"mainEntityOfPage\":{\"@id\":\"https:\/\/iberculturaviva.org\/es\/una-variete-comunitaria-para-cerrar-el-ano-de-cultura-de-barrio-en-la-ciudad-de-cordoba\/\"},\"wordCount\":837,\"publisher\":{\"@id\":\"https:\/\/iberculturaviva.org\/es\/?lang=es\/#organization\"},\"image\":{\"@id\":\"https:\/\/iberculturaviva.org\/es\/una-variete-comunitaria-para-cerrar-el-ano-de-cultura-de-barrio-en-la-ciudad-de-cordoba\/#primaryimage\"},\"thumbnailUrl\":\"https:\/\/iberculturaviva.org\/wp-content\/uploads\/2019\/11\/cordoba-variete-960x640.jpg\",\"articleSection\":[\"Noticias\"],\"inLanguage\":\"es\"},{\"@type\":\"WebPage\",\"@id\":\"https:\/\/iberculturaviva.org\/es\/una-variete-comunitaria-para-cerrar-el-ano-de-cultura-de-barrio-en-la-ciudad-de-cordoba\/\",\"url\":\"https:\/\/iberculturaviva.org\/es\/una-variete-comunitaria-para-cerrar-el-ano-de-cultura-de-barrio-en-la-ciudad-de-cordoba\/\",\"name\":\"Una \u201cVariet\u00e9 Comunitaria\u201d para cerrar el a\u00f1o de Cultura de Barrio en la ciudad de C\u00f3rdoba - IberCultura Viva\",\"isPartOf\":{\"@id\":\"https:\/\/iberculturaviva.org\/es\/?lang=es\/#website\"},\"primaryImageOfPage\":{\"@id\":\"https:\/\/iberculturaviva.org\/es\/una-variete-comunitaria-para-cerrar-el-ano-de-cultura-de-barrio-en-la-ciudad-de-cordoba\/#primaryimage\"},\"image\":{\"@id\":\"https:\/\/iberculturaviva.org\/es\/una-variete-comunitaria-para-cerrar-el-ano-de-cultura-de-barrio-en-la-ciudad-de-cordoba\/#primaryimage\"},\"thumbnailUrl\":\"https:\/\/iberculturaviva.org\/wp-content\/uploads\/2019\/11\/cordoba-variete-960x640.jpg\",\"datePublished\":\"2019-11-12T19:27:49+00:00\",\"dateModified\":\"2021-01-06T19:55:49+00:00\",\"description\":\"Una \u201cVariet\u00e9 Comunitaria\u201d para cerrar el a\u00f1o de Cultura de Barrio en la ciudad de C\u00f3rdoba - IberCultura Viva\",\"breadcrumb\":{\"@id\":\"https:\/\/iberculturaviva.org\/es\/una-variete-comunitaria-para-cerrar-el-ano-de-cultura-de-barrio-en-la-ciudad-de-cordoba\/#breadcrumb\"},\"inLanguage\":\"es\",\"potentialAction\":[{\"@type\":\"ReadAction\",\"target\":[\"https:\/\/iberculturaviva.org\/es\/una-variete-comunitaria-para-cerrar-el-ano-de-cultura-de-barrio-en-la-ciudad-de-cordoba\/\"]}]},{\"@type\":\"ImageObject\",\"inLanguage\":\"es\",\"@id\":\"https:\/\/iberculturaviva.org\/es\/una-variete-comunitaria-para-cerrar-el-ano-de-cultura-de-barrio-en-la-ciudad-de-cordoba\/#primaryimage\",\"url\":\"https:\/\/iberculturaviva.org\/wp-content\/uploads\/2019\/11\/cordoba-variete-960x640.jpg\",\"contentUrl\":\"https:\/\/iberculturaviva.org\/wp-content\/uploads\/2019\/11\/cordoba-variete-960x640.jpg\"},{\"@type\":\"BreadcrumbList\",\"@id\":\"https:\/\/iberculturaviva.org\/es\/una-variete-comunitaria-para-cerrar-el-ano-de-cultura-de-barrio-en-la-ciudad-de-cordoba\/#breadcrumb\",\"itemListElement\":[{\"@type\":\"ListItem\",\"position\":1,\"name\":\"In\u00edcio\",\"item\":\"https:\/\/iberculturaviva.org\/es\/inicio\/\"},{\"@type\":\"ListItem\",\"position\":2,\"name\":\"Una \u201cVariet\u00e9 Comunitaria\u201d para cerrar el a\u00f1o de Cultura de Barrio en la ciudad de C\u00f3rdoba\"}]},{\"@type\":\"WebSite\",\"@id\":\"https:\/\/iberculturaviva.org\/es\/?lang=es\/#website\",\"url\":\"https:\/\/iberculturaviva.org\/es\/?lang=es\/\",\"name\":\"IberCultura Viva\",\"description\":\"Programa de cooperaci\u00f3n cultural\",\"publisher\":{\"@id\":\"https:\/\/iberculturaviva.org\/es\/?lang=es\/#organization\"},\"potentialAction\":[{\"@type\":\"SearchAction\",\"target\":{\"@type\":\"EntryPoint\",\"urlTemplate\":\"https:\/\/iberculturaviva.org\/es\/?lang=es\/?s={search_term_string}\"},\"query-input\":{\"@type\":\"PropertyValueSpecification\",\"valueRequired\":true,\"valueName\":\"search_term_string\"}}],\"inLanguage\":\"es\"},{\"@type\":\"Organization\",\"@id\":\"https:\/\/iberculturaviva.org\/es\/?lang=es\/#organization\",\"name\":\"Iberculturaviva\",\"url\":\"https:\/\/iberculturaviva.org\/es\/?lang=es\/\",\"logo\":{\"@type\":\"ImageObject\",\"inLanguage\":\"es\",\"@id\":\"https:\/\/iberculturaviva.org\/es\/?lang=es\/#\/schema\/logo\/image\/\",\"url\":\"https:\/\/iberculturaviva.org\/wp-content\/uploads\/2021\/08\/logo_ibercultura_viva.jpg\",\"contentUrl\":\"https:\/\/iberculturaviva.org\/wp-content\/uploads\/2021\/08\/logo_ibercultura_viva.jpg\",\"width\":708,\"height\":223,\"caption\":\"Iberculturaviva\"},\"image\":{\"@id\":\"https:\/\/iberculturaviva.org\/es\/?lang=es\/#\/schema\/logo\/image\/\"},\"sameAs\":[\"https:\/\/www.facebook.com\/iberculturaviva\/\",\"https:\/\/www.instagram.com\/iberculturaviva\/\",\"https:\/\/www.youtube.com\/iberculturaviva\"]},{\"@type\":\"Person\",\"@id\":\"https:\/\/iberculturaviva.org\/es\/?lang=es\/#\/schema\/person\/5d1313b072cc25536e0431522f740b59\",\"name\":\"IberCultura\",\"image\":{\"@type\":\"ImageObject\",\"inLanguage\":\"es\",\"@id\":\"https:\/\/iberculturaviva.org\/es\/?lang=es\/#\/schema\/person\/image\/\",\"url\":\"https:\/\/secure.gravatar.com\/avatar\/79f1a057cb125cbefb3765d0356d52fc7f3bba3a35e2cf22bc4de090bb7aef70?s=96&d=mm&r=g\",\"contentUrl\":\"https:\/\/secure.gravatar.com\/avatar\/79f1a057cb125cbefb3765d0356d52fc7f3bba3a35e2cf22bc4de090bb7aef70?s=96&d=mm&r=g\",\"caption\":\"IberCultura\"}}]}<\/script>\n<!-- \/ Yoast SEO plugin. -->","yoast_head_json":{"title":"Una \u201cVariet\u00e9 Comunitaria\u201d para cerrar el a\u00f1o de Cultura de Barrio en la ciudad de C\u00f3rdoba - IberCultura Viva","description":"Una \u201cVariet\u00e9 Comunitaria\u201d para cerrar el a\u00f1o de Cultura de Barrio en la ciudad de C\u00f3rdoba - IberCultura Viva","robots":{"index":"index","follow":"follow","max-snippet":"max-snippet:-1","max-image-preview":"max-image-preview:large","max-video-preview":"max-video-preview:-1"},"canonical":"https:\/\/iberculturaviva.org\/es\/una-variete-comunitaria-para-cerrar-el-ano-de-cultura-de-barrio-en-la-ciudad-de-cordoba\/","og_locale":"es_ES","og_type":"article","og_title":"Una \u201cVariet\u00e9 Comunitaria\u201d para cerrar el a\u00f1o de Cultura de Barrio en la ciudad de C\u00f3rdoba - IberCultura Viva","og_description":"Una \u201cVariet\u00e9 Comunitaria\u201d para cerrar el a\u00f1o de Cultura de Barrio en la ciudad de C\u00f3rdoba - IberCultura Viva","og_url":"https:\/\/iberculturaviva.org\/es\/una-variete-comunitaria-para-cerrar-el-ano-de-cultura-de-barrio-en-la-ciudad-de-cordoba\/","og_site_name":"IberCultura Viva","article_publisher":"https:\/\/www.facebook.com\/iberculturaviva\/","article_published_time":"2019-11-12T19:27:49+00:00","article_modified_time":"2021-01-06T19:55:49+00:00","og_image":[{"url":"https:\/\/iberculturaviva.org\/wp-content\/uploads\/2019\/11\/cordoba-variete-960x640.jpg","type":"","width":"","height":""}],"author":"IberCultura","twitter_card":"summary_large_image","twitter_misc":{"Escrito por":"IberCultura","Tiempo de lectura":"4 minutos"},"schema":{"@context":"https:\/\/schema.org","@graph":[{"@type":"Article","@id":"https:\/\/iberculturaviva.org\/es\/una-variete-comunitaria-para-cerrar-el-ano-de-cultura-de-barrio-en-la-ciudad-de-cordoba\/#article","isPartOf":{"@id":"https:\/\/iberculturaviva.org\/es\/una-variete-comunitaria-para-cerrar-el-ano-de-cultura-de-barrio-en-la-ciudad-de-cordoba\/"},"author":{"name":"IberCultura","@id":"https:\/\/iberculturaviva.org\/es\/?lang=es\/#\/schema\/person\/5d1313b072cc25536e0431522f740b59"},"headline":"Una \u201cVariet\u00e9 Comunitaria\u201d para cerrar el a\u00f1o de Cultura de Barrio en la ciudad de C\u00f3rdoba","datePublished":"2019-11-12T19:27:49+00:00","dateModified":"2021-01-06T19:55:49+00:00","mainEntityOfPage":{"@id":"https:\/\/iberculturaviva.org\/es\/una-variete-comunitaria-para-cerrar-el-ano-de-cultura-de-barrio-en-la-ciudad-de-cordoba\/"},"wordCount":837,"publisher":{"@id":"https:\/\/iberculturaviva.org\/es\/?lang=es\/#organization"},"image":{"@id":"https:\/\/iberculturaviva.org\/es\/una-variete-comunitaria-para-cerrar-el-ano-de-cultura-de-barrio-en-la-ciudad-de-cordoba\/#primaryimage"},"thumbnailUrl":"https:\/\/iberculturaviva.org\/wp-content\/uploads\/2019\/11\/cordoba-variete-960x640.jpg","articleSection":["Noticias"],"inLanguage":"es"},{"@type":"WebPage","@id":"https:\/\/iberculturaviva.org\/es\/una-variete-comunitaria-para-cerrar-el-ano-de-cultura-de-barrio-en-la-ciudad-de-cordoba\/","url":"https:\/\/iberculturaviva.org\/es\/una-variete-comunitaria-para-cerrar-el-ano-de-cultura-de-barrio-en-la-ciudad-de-cordoba\/","name":"Una \u201cVariet\u00e9 Comunitaria\u201d para cerrar el a\u00f1o de Cultura de Barrio en la ciudad de C\u00f3rdoba - IberCultura Viva","isPartOf":{"@id":"https:\/\/iberculturaviva.org\/es\/?lang=es\/#website"},"primaryImageOfPage":{"@id":"https:\/\/iberculturaviva.org\/es\/una-variete-comunitaria-para-cerrar-el-ano-de-cultura-de-barrio-en-la-ciudad-de-cordoba\/#primaryimage"},"image":{"@id":"https:\/\/iberculturaviva.org\/es\/una-variete-comunitaria-para-cerrar-el-ano-de-cultura-de-barrio-en-la-ciudad-de-cordoba\/#primaryimage"},"thumbnailUrl":"https:\/\/iberculturaviva.org\/wp-content\/uploads\/2019\/11\/cordoba-variete-960x640.jpg","datePublished":"2019-11-12T19:27:49+00:00","dateModified":"2021-01-06T19:55:49+00:00","description":"Una \u201cVariet\u00e9 Comunitaria\u201d para cerrar el a\u00f1o de Cultura de Barrio en la ciudad de C\u00f3rdoba - IberCultura Viva","breadcrumb":{"@id":"https:\/\/iberculturaviva.org\/es\/una-variete-comunitaria-para-cerrar-el-ano-de-cultura-de-barrio-en-la-ciudad-de-cordoba\/#breadcrumb"},"inLanguage":"es","potentialAction":[{"@type":"ReadAction","target":["https:\/\/iberculturaviva.org\/es\/una-variete-comunitaria-para-cerrar-el-ano-de-cultura-de-barrio-en-la-ciudad-de-cordoba\/"]}]},{"@type":"ImageObject","inLanguage":"es","@id":"https:\/\/iberculturaviva.org\/es\/una-variete-comunitaria-para-cerrar-el-ano-de-cultura-de-barrio-en-la-ciudad-de-cordoba\/#primaryimage","url":"https:\/\/iberculturaviva.org\/wp-content\/uploads\/2019\/11\/cordoba-variete-960x640.jpg","contentUrl":"https:\/\/iberculturaviva.org\/wp-content\/uploads\/2019\/11\/cordoba-variete-960x640.jpg"},{"@type":"BreadcrumbList","@id":"https:\/\/iberculturaviva.org\/es\/una-variete-comunitaria-para-cerrar-el-ano-de-cultura-de-barrio-en-la-ciudad-de-cordoba\/#breadcrumb","itemListElement":[{"@type":"ListItem","position":1,"name":"In\u00edcio","item":"https:\/\/iberculturaviva.org\/es\/inicio\/"},{"@type":"ListItem","position":2,"name":"Una \u201cVariet\u00e9 Comunitaria\u201d para cerrar el a\u00f1o de Cultura de Barrio en la ciudad de C\u00f3rdoba"}]},{"@type":"WebSite","@id":"https:\/\/iberculturaviva.org\/es\/?lang=es\/#website","url":"https:\/\/iberculturaviva.org\/es\/?lang=es\/","name":"IberCultura Viva","description":"Programa de cooperaci\u00f3n cultural","publisher":{"@id":"https:\/\/iberculturaviva.org\/es\/?lang=es\/#organization"},"potentialAction":[{"@type":"SearchAction","target":{"@type":"EntryPoint","urlTemplate":"https:\/\/iberculturaviva.org\/es\/?lang=es\/?s={search_term_string}"},"query-input":{"@type":"PropertyValueSpecification","valueRequired":true,"valueName":"search_term_string"}}],"inLanguage":"es"},{"@type":"Organization","@id":"https:\/\/iberculturaviva.org\/es\/?lang=es\/#organization","name":"Iberculturaviva","url":"https:\/\/iberculturaviva.org\/es\/?lang=es\/","logo":{"@type":"ImageObject","inLanguage":"es","@id":"https:\/\/iberculturaviva.org\/es\/?lang=es\/#\/schema\/logo\/image\/","url":"https:\/\/iberculturaviva.org\/wp-content\/uploads\/2021\/08\/logo_ibercultura_viva.jpg","contentUrl":"https:\/\/iberculturaviva.org\/wp-content\/uploads\/2021\/08\/logo_ibercultura_viva.jpg","width":708,"height":223,"caption":"Iberculturaviva"},"image":{"@id":"https:\/\/iberculturaviva.org\/es\/?lang=es\/#\/schema\/logo\/image\/"},"sameAs":["https:\/\/www.facebook.com\/iberculturaviva\/","https:\/\/www.instagram.com\/iberculturaviva\/","https:\/\/www.youtube.com\/iberculturaviva"]},{"@type":"Person","@id":"https:\/\/iberculturaviva.org\/es\/?lang=es\/#\/schema\/person\/5d1313b072cc25536e0431522f740b59","name":"IberCultura","image":{"@type":"ImageObject","inLanguage":"es","@id":"https:\/\/iberculturaviva.org\/es\/?lang=es\/#\/schema\/person\/image\/","url":"https:\/\/secure.gravatar.com\/avatar\/79f1a057cb125cbefb3765d0356d52fc7f3bba3a35e2cf22bc4de090bb7aef70?s=96&d=mm&r=g","contentUrl":"https:\/\/secure.gravatar.com\/avatar\/79f1a057cb125cbefb3765d0356d52fc7f3bba3a35e2cf22bc4de090bb7aef70?s=96&d=mm&r=g","caption":"IberCultura"}}]}},"main_category":{"link":"https:\/\/iberculturaviva.org\/es\/category\/noticias-es\/","name":"Noticias","slug":"noticias-es"},"_links":{"self":[{"href":"https:\/\/iberculturaviva.org\/es\/wp-json\/wp\/v2\/posts\/16704","targetHints":{"allow":["GET"]}}],"collection":[{"href":"https:\/\/iberculturaviva.org\/es\/wp-json\/wp\/v2\/posts"}],"about":[{"href":"https:\/\/iberculturaviva.org\/es\/wp-json\/wp\/v2\/types\/post"}],"author":[{"embeddable":true,"href":"https:\/\/iberculturaviva.org\/es\/wp-json\/wp\/v2\/users\/2"}],"replies":[{"embeddable":true,"href":"https:\/\/iberculturaviva.org\/es\/wp-json\/wp\/v2\/comments?post=16704"}],"version-history":[{"count":1,"href":"https:\/\/iberculturaviva.org\/es\/wp-json\/wp\/v2\/posts\/16704\/revisions"}],"predecessor-version":[{"id":22513,"href":"https:\/\/iberculturaviva.org\/es\/wp-json\/wp\/v2\/posts\/16704\/revisions\/22513"}],"wp:attachment":[{"href":"https:\/\/iberculturaviva.org\/es\/wp-json\/wp\/v2\/media?parent=16704"}],"wp:term":[{"taxonomy":"category","embeddable":true,"href":"https:\/\/iberculturaviva.org\/es\/wp-json\/wp\/v2\/categories?post=16704"},{"taxonomy":"post_tag","embeddable":true,"href":"https:\/\/iberculturaviva.org\/es\/wp-json\/wp\/v2\/tags?post=16704"},{"taxonomy":"country-municipality","embeddable":true,"href":"https:\/\/iberculturaviva.org\/es\/wp-json\/wp\/v2\/country-municipality?post=16704"}],"curies":[{"name":"wp","href":"https:\/\/api.w.org\/{rel}","templated":true}]}}