{"id":16696,"date":"2019-10-25T13:25:20","date_gmt":"2019-10-25T16:25:20","guid":{"rendered":"https:\/\/iberculturaviva.org\/semana-de-la-cooperacion-iberoamericana-conoce-los-resultados-de-la-colaboracion-entre-los-22-paises-de-la-region\/"},"modified":"2021-01-06T16:56:19","modified_gmt":"2021-01-06T19:56:19","slug":"semana-de-la-cooperacion-iberoamericana-conoce-los-resultados-de-la-colaboracion-entre-los-22-paises-de-la-region","status":"publish","type":"post","link":"https:\/\/iberculturaviva.org\/es\/semana-de-la-cooperacion-iberoamericana-conoce-los-resultados-de-la-colaboracion-entre-los-22-paises-de-la-region\/","title":{"rendered":"Semana de la Cooperaci\u00f3n Iberoamericana: conoce los resultados de la colaboraci\u00f3n entre los 22 pa\u00edses de la regi\u00f3n"},"content":{"rendered":"<p style=\"text-align: justify;\"><span style=\"font-weight: 400;\">Del 28 de octubre al 3 de noviembre, la Secretar\u00eda General Iberoamericana (SEGIB) realiza la Semana de la Cooperaci\u00f3n Iberoamericana, que tiene como fin informar a los ciudadanos sobre los resultados de los 27 programas de cooperaci\u00f3n cultural, cient\u00edfica, educativa y social que benefician a la regi\u00f3n.\u00a0<\/span><\/p>\n<p style=\"text-align: justify;\"><span style=\"font-weight: 400;\">La agenda incluye ciclos de cine iberoamericano, conciertos de orquestas juveniles, reuniones de autoridades, ferias, conferencias informativas y presentaciones de reportes en Chile, Costa Rica, El Salvador, Ecuador, Espa\u00f1a, Honduras, M\u00e9xico, Nicaragua, Panam\u00e1, Paraguay y Per\u00fa, entre otros pa\u00edses.<\/span><\/p>\n<p style=\"text-align: justify;\"><span style=\"font-weight: 400;\">El acto de abertura ser\u00e1\u00a0en Madrid, en el\u00a0Conversatorio de la SEGIB (Paseo de Recoletos, 8), este lunes (28\/10), a las 19:00, con la participaci\u00f3n de la secretaria general iberoamericana, Rebeca Grynspan, y la directora de la Agencia Espa\u00f1ola de Cooperaci\u00f3n Internacional para el Desarrollo (AECID), Aina Calvo.<\/span><\/p>\n<p style=\"text-align: justify;\"><span style=\"font-weight: 400;\">Durante la Semana tambi\u00e9n se lanzar\u00e1 la campa\u00f1a de comunicaci\u00f3n \u201cSomos Iberoam\u00e9rica. Somos Cooperaci\u00f3n\u201d, que busca visibilizar la cooperaci\u00f3n iberoamericana, los resultados que genera para los ciudadanos de la regi\u00f3n y la fuerte implicaci\u00f3n de los pa\u00edses para hacerla posible.<\/span><\/p>\n<p style=\"text-align: justify;\"><span style=\"font-weight: 400;\">Con el lema \u201cConoce la cooperaci\u00f3n iberoamericana. La hacemos entre todos\u201d se difundir\u00e1n piezas gr\u00e1ficas y videos informativos sobre el Programa Iberoamericano sobre los Derechos de las Personas con Discapacidad, que promueve la inclusi\u00f3n de las 90 millones de personas con discapacidad en la regi\u00f3n; el Programa Iberoamericano de Seguridad Vial, que fomenta el desplazamiento seguro de los ciudadanos; Iberescena, que impulsa las artes esc\u00e9nicas y la movilidad de creadores, y la Red de Archivos Diplom\u00e1ticos Iberoamericanos, que apoya la preservaci\u00f3n e investigaci\u00f3n de documentos para enriquecer la cultura, entre otros.<\/span><\/p>\n<p style=\"text-align: justify;\"><span style=\"font-weight: 400;\">IberCultura Viva es uno de los programas surgidos de las Cumbres Iberoamericanas de Jefes de Estado y de Gobierno. Entre ellos tambi\u00e9n se encuentran Ibermedia, que ha impulsado decisivamente la creaci\u00f3n de cine iberoamericano; Iberorquestas Juveniles, que a trav\u00e9s de la m\u00fasica logra la inclusi\u00f3n social de j\u00f3venes, y los bancos de leche humana, que han contribuido a la supervivencia de casi 2 millones de reci\u00e9n nacidos.<\/span><\/p>\n<p style=\"text-align: justify;\"><span style=\"font-weight: 400;\">La cooperaci\u00f3n iberoamericana es una fuerte apuesta por la Agenda 2030 de Desarrollo Sostenible de las Naciones Unidas.<\/span><\/p>\n<h4><span style=\"text-decoration: underline;\"><a href=\"https:\/\/www.segib.org\/wp-content\/uploads\/AGENDA-SEMANA-COOP-IB-2019_ES_25102019.pdf\"><span style=\"font-weight: 400;\"><strong>\u21d2 Revisa la agenda de actividades<\/strong><\/span><\/a><\/span><\/h4>\n<p>&nbsp;<\/p>\n<p>(Fuente: <a href=\"https:\/\/www.segib.org\/inicia-la-semana-de-la-cooperacion-iberoamericana-somos-iberoamerica-somos-cooperacion\/\">SEGIB<\/a>)<\/p>\n<p>&nbsp;<\/p>\n<p>&nbsp;<\/p>\n","protected":false},"excerpt":{"rendered":"<p>Del 28 de octubre al 3 de noviembre, la Secretar\u00eda General Iberoamericana (SEGIB) realiza la Semana de la Cooperaci\u00f3n Iberoamericana, que tiene como fin informar a los ciudadanos sobre los [&hellip;]<\/p>\n","protected":false},"author":2,"featured_media":20877,"comment_status":"closed","ping_status":"closed","sticky":false,"template":"","format":"standard","meta":{"_coblocks_attr":"","_coblocks_dimensions":"","_coblocks_responsive_height":"","_coblocks_accordion_ie_support":"","_EventAllDay":false,"_EventTimezone":"","_EventStartDate":"","_EventEndDate":"","_EventStartDateUTC":"","_EventEndDateUTC":"","_EventShowMap":false,"_EventShowMapLink":false,"_EventURL":"","_EventCost":"","_EventCostDescription":"","_EventCurrencySymbol":"","_EventCurrencyCode":"","_EventCurrencyPosition":"","_EventDateTimeSeparator":"","_EventTimeRangeSeparator":"","_EventOrganizerID":[],"_EventVenueID":[],"_OrganizerEmail":"","_OrganizerPhone":"","_OrganizerWebsite":"","_VenueAddress":"","_VenueCity":"","_VenueCountry":"","_VenueProvince":"","_VenueState":"","_VenueZip":"","_VenuePhone":"","_VenueURL":"","_VenueStateProvince":"","_VenueLat":"","_VenueLng":"","_VenueShowMap":false,"_VenueShowMapLink":false,"footnotes":""},"categories":[262],"tags":[],"country-municipality":[],"class_list":["post-16696","post","type-post","status-publish","format-standard","has-post-thumbnail","hentry","category-noticias-es"],"yoast_head":"<!-- This site is optimized with the Yoast SEO plugin v25.7 - https:\/\/yoast.com\/wordpress\/plugins\/seo\/ -->\n<title>Semana de la Cooperaci\u00f3n Iberoamericana: conoce los resultados de la colaboraci\u00f3n entre los 22 pa\u00edses de la regi\u00f3n - IberCultura Viva<\/title>\n<meta name=\"description\" content=\"Semana de la Cooperaci\u00f3n Iberoamericana: conoce los resultados de la colaboraci\u00f3n entre los 22 pa\u00edses de la regi\u00f3n - IberCultura Viva\" \/>\n<meta name=\"robots\" content=\"index, follow, max-snippet:-1, max-image-preview:large, max-video-preview:-1\" \/>\n<link rel=\"canonical\" href=\"https:\/\/iberculturaviva.org\/es\/semana-de-la-cooperacion-iberoamericana-conoce-los-resultados-de-la-colaboracion-entre-los-22-paises-de-la-region\/\" \/>\n<meta property=\"og:locale\" content=\"es_ES\" \/>\n<meta property=\"og:type\" content=\"article\" \/>\n<meta property=\"og:title\" content=\"Semana de la Cooperaci\u00f3n Iberoamericana: conoce los resultados de la colaboraci\u00f3n entre los 22 pa\u00edses de la regi\u00f3n - IberCultura Viva\" \/>\n<meta property=\"og:description\" content=\"Semana de la Cooperaci\u00f3n Iberoamericana: conoce los resultados de la colaboraci\u00f3n entre los 22 pa\u00edses de la regi\u00f3n - IberCultura Viva\" \/>\n<meta property=\"og:url\" content=\"https:\/\/iberculturaviva.org\/es\/semana-de-la-cooperacion-iberoamericana-conoce-los-resultados-de-la-colaboracion-entre-los-22-paises-de-la-region\/\" \/>\n<meta property=\"og:site_name\" content=\"IberCultura Viva\" \/>\n<meta property=\"article:publisher\" content=\"https:\/\/www.facebook.com\/iberculturaviva\/\" \/>\n<meta property=\"article:published_time\" content=\"2019-10-25T16:25:20+00:00\" \/>\n<meta property=\"article:modified_time\" content=\"2021-01-06T19:56:19+00:00\" \/>\n<meta property=\"og:image\" content=\"https:\/\/iberculturaviva.org\/wp-content\/uploads\/2019\/10\/TW_COOPERACION_GENERICA_ESP.jpg\" \/>\n\t<meta property=\"og:image:width\" content=\"800\" \/>\n\t<meta property=\"og:image:height\" content=\"444\" \/>\n\t<meta property=\"og:image:type\" content=\"image\/jpeg\" \/>\n<meta name=\"author\" content=\"IberCultura\" \/>\n<meta name=\"twitter:card\" content=\"summary_large_image\" \/>\n<meta name=\"twitter:label1\" content=\"Escrito por\" \/>\n\t<meta name=\"twitter:data1\" content=\"IberCultura\" \/>\n\t<meta name=\"twitter:label2\" content=\"Tiempo de lectura\" \/>\n\t<meta name=\"twitter:data2\" content=\"2 minutos\" \/>\n<script type=\"application\/ld+json\" class=\"yoast-schema-graph\">{\"@context\":\"https:\/\/schema.org\",\"@graph\":[{\"@type\":\"Article\",\"@id\":\"https:\/\/iberculturaviva.org\/es\/semana-de-la-cooperacion-iberoamericana-conoce-los-resultados-de-la-colaboracion-entre-los-22-paises-de-la-region\/#article\",\"isPartOf\":{\"@id\":\"https:\/\/iberculturaviva.org\/es\/semana-de-la-cooperacion-iberoamericana-conoce-los-resultados-de-la-colaboracion-entre-los-22-paises-de-la-region\/\"},\"author\":{\"name\":\"IberCultura\",\"@id\":\"https:\/\/iberculturaviva.org\/es\/?lang=es\/#\/schema\/person\/5d1313b072cc25536e0431522f740b59\"},\"headline\":\"Semana de la Cooperaci\u00f3n Iberoamericana: conoce los resultados de la colaboraci\u00f3n entre los 22 pa\u00edses de la regi\u00f3n\",\"datePublished\":\"2019-10-25T16:25:20+00:00\",\"dateModified\":\"2021-01-06T19:56:19+00:00\",\"mainEntityOfPage\":{\"@id\":\"https:\/\/iberculturaviva.org\/es\/semana-de-la-cooperacion-iberoamericana-conoce-los-resultados-de-la-colaboracion-entre-los-22-paises-de-la-region\/\"},\"wordCount\":410,\"publisher\":{\"@id\":\"https:\/\/iberculturaviva.org\/es\/?lang=es\/#organization\"},\"image\":{\"@id\":\"https:\/\/iberculturaviva.org\/es\/semana-de-la-cooperacion-iberoamericana-conoce-los-resultados-de-la-colaboracion-entre-los-22-paises-de-la-region\/#primaryimage\"},\"thumbnailUrl\":\"https:\/\/iberculturaviva.org\/wp-content\/uploads\/2019\/10\/TW_COOPERACION_GENERICA_ESP.jpg\",\"articleSection\":[\"Noticias\"],\"inLanguage\":\"es\"},{\"@type\":\"WebPage\",\"@id\":\"https:\/\/iberculturaviva.org\/es\/semana-de-la-cooperacion-iberoamericana-conoce-los-resultados-de-la-colaboracion-entre-los-22-paises-de-la-region\/\",\"url\":\"https:\/\/iberculturaviva.org\/es\/semana-de-la-cooperacion-iberoamericana-conoce-los-resultados-de-la-colaboracion-entre-los-22-paises-de-la-region\/\",\"name\":\"Semana de la Cooperaci\u00f3n Iberoamericana: conoce los resultados de la colaboraci\u00f3n entre los 22 pa\u00edses de la regi\u00f3n - IberCultura Viva\",\"isPartOf\":{\"@id\":\"https:\/\/iberculturaviva.org\/es\/?lang=es\/#website\"},\"primaryImageOfPage\":{\"@id\":\"https:\/\/iberculturaviva.org\/es\/semana-de-la-cooperacion-iberoamericana-conoce-los-resultados-de-la-colaboracion-entre-los-22-paises-de-la-region\/#primaryimage\"},\"image\":{\"@id\":\"https:\/\/iberculturaviva.org\/es\/semana-de-la-cooperacion-iberoamericana-conoce-los-resultados-de-la-colaboracion-entre-los-22-paises-de-la-region\/#primaryimage\"},\"thumbnailUrl\":\"https:\/\/iberculturaviva.org\/wp-content\/uploads\/2019\/10\/TW_COOPERACION_GENERICA_ESP.jpg\",\"datePublished\":\"2019-10-25T16:25:20+00:00\",\"dateModified\":\"2021-01-06T19:56:19+00:00\",\"description\":\"Semana de la Cooperaci\u00f3n Iberoamericana: conoce los resultados de la colaboraci\u00f3n entre los 22 pa\u00edses de la regi\u00f3n - IberCultura Viva\",\"breadcrumb\":{\"@id\":\"https:\/\/iberculturaviva.org\/es\/semana-de-la-cooperacion-iberoamericana-conoce-los-resultados-de-la-colaboracion-entre-los-22-paises-de-la-region\/#breadcrumb\"},\"inLanguage\":\"es\",\"potentialAction\":[{\"@type\":\"ReadAction\",\"target\":[\"https:\/\/iberculturaviva.org\/es\/semana-de-la-cooperacion-iberoamericana-conoce-los-resultados-de-la-colaboracion-entre-los-22-paises-de-la-region\/\"]}]},{\"@type\":\"ImageObject\",\"inLanguage\":\"es\",\"@id\":\"https:\/\/iberculturaviva.org\/es\/semana-de-la-cooperacion-iberoamericana-conoce-los-resultados-de-la-colaboracion-entre-los-22-paises-de-la-region\/#primaryimage\",\"url\":\"https:\/\/iberculturaviva.org\/wp-content\/uploads\/2019\/10\/TW_COOPERACION_GENERICA_ESP.jpg\",\"contentUrl\":\"https:\/\/iberculturaviva.org\/wp-content\/uploads\/2019\/10\/TW_COOPERACION_GENERICA_ESP.jpg\",\"width\":800,\"height\":444},{\"@type\":\"BreadcrumbList\",\"@id\":\"https:\/\/iberculturaviva.org\/es\/semana-de-la-cooperacion-iberoamericana-conoce-los-resultados-de-la-colaboracion-entre-los-22-paises-de-la-region\/#breadcrumb\",\"itemListElement\":[{\"@type\":\"ListItem\",\"position\":1,\"name\":\"In\u00edcio\",\"item\":\"https:\/\/iberculturaviva.org\/es\/inicio\/\"},{\"@type\":\"ListItem\",\"position\":2,\"name\":\"Semana de la Cooperaci\u00f3n Iberoamericana: conoce los resultados de la colaboraci\u00f3n entre los 22 pa\u00edses de la regi\u00f3n\"}]},{\"@type\":\"WebSite\",\"@id\":\"https:\/\/iberculturaviva.org\/es\/?lang=es\/#website\",\"url\":\"https:\/\/iberculturaviva.org\/es\/?lang=es\/\",\"name\":\"IberCultura Viva\",\"description\":\"Programa de cooperaci\u00f3n cultural\",\"publisher\":{\"@id\":\"https:\/\/iberculturaviva.org\/es\/?lang=es\/#organization\"},\"potentialAction\":[{\"@type\":\"SearchAction\",\"target\":{\"@type\":\"EntryPoint\",\"urlTemplate\":\"https:\/\/iberculturaviva.org\/es\/?lang=es\/?s={search_term_string}\"},\"query-input\":{\"@type\":\"PropertyValueSpecification\",\"valueRequired\":true,\"valueName\":\"search_term_string\"}}],\"inLanguage\":\"es\"},{\"@type\":\"Organization\",\"@id\":\"https:\/\/iberculturaviva.org\/es\/?lang=es\/#organization\",\"name\":\"Iberculturaviva\",\"url\":\"https:\/\/iberculturaviva.org\/es\/?lang=es\/\",\"logo\":{\"@type\":\"ImageObject\",\"inLanguage\":\"es\",\"@id\":\"https:\/\/iberculturaviva.org\/es\/?lang=es\/#\/schema\/logo\/image\/\",\"url\":\"https:\/\/iberculturaviva.org\/wp-content\/uploads\/2021\/08\/logo_ibercultura_viva.jpg\",\"contentUrl\":\"https:\/\/iberculturaviva.org\/wp-content\/uploads\/2021\/08\/logo_ibercultura_viva.jpg\",\"width\":708,\"height\":223,\"caption\":\"Iberculturaviva\"},\"image\":{\"@id\":\"https:\/\/iberculturaviva.org\/es\/?lang=es\/#\/schema\/logo\/image\/\"},\"sameAs\":[\"https:\/\/www.facebook.com\/iberculturaviva\/\",\"https:\/\/www.instagram.com\/iberculturaviva\/\",\"https:\/\/www.youtube.com\/iberculturaviva\"]},{\"@type\":\"Person\",\"@id\":\"https:\/\/iberculturaviva.org\/es\/?lang=es\/#\/schema\/person\/5d1313b072cc25536e0431522f740b59\",\"name\":\"IberCultura\",\"image\":{\"@type\":\"ImageObject\",\"inLanguage\":\"es\",\"@id\":\"https:\/\/iberculturaviva.org\/es\/?lang=es\/#\/schema\/person\/image\/\",\"url\":\"https:\/\/secure.gravatar.com\/avatar\/79f1a057cb125cbefb3765d0356d52fc7f3bba3a35e2cf22bc4de090bb7aef70?s=96&d=mm&r=g\",\"contentUrl\":\"https:\/\/secure.gravatar.com\/avatar\/79f1a057cb125cbefb3765d0356d52fc7f3bba3a35e2cf22bc4de090bb7aef70?s=96&d=mm&r=g\",\"caption\":\"IberCultura\"}}]}<\/script>\n<!-- \/ Yoast SEO plugin. -->","yoast_head_json":{"title":"Semana de la Cooperaci\u00f3n Iberoamericana: conoce los resultados de la colaboraci\u00f3n entre los 22 pa\u00edses de la regi\u00f3n - IberCultura Viva","description":"Semana de la Cooperaci\u00f3n Iberoamericana: conoce los resultados de la colaboraci\u00f3n entre los 22 pa\u00edses de la regi\u00f3n - IberCultura Viva","robots":{"index":"index","follow":"follow","max-snippet":"max-snippet:-1","max-image-preview":"max-image-preview:large","max-video-preview":"max-video-preview:-1"},"canonical":"https:\/\/iberculturaviva.org\/es\/semana-de-la-cooperacion-iberoamericana-conoce-los-resultados-de-la-colaboracion-entre-los-22-paises-de-la-region\/","og_locale":"es_ES","og_type":"article","og_title":"Semana de la Cooperaci\u00f3n Iberoamericana: conoce los resultados de la colaboraci\u00f3n entre los 22 pa\u00edses de la regi\u00f3n - IberCultura Viva","og_description":"Semana de la Cooperaci\u00f3n Iberoamericana: conoce los resultados de la colaboraci\u00f3n entre los 22 pa\u00edses de la regi\u00f3n - IberCultura Viva","og_url":"https:\/\/iberculturaviva.org\/es\/semana-de-la-cooperacion-iberoamericana-conoce-los-resultados-de-la-colaboracion-entre-los-22-paises-de-la-region\/","og_site_name":"IberCultura Viva","article_publisher":"https:\/\/www.facebook.com\/iberculturaviva\/","article_published_time":"2019-10-25T16:25:20+00:00","article_modified_time":"2021-01-06T19:56:19+00:00","og_image":[{"width":800,"height":444,"url":"https:\/\/iberculturaviva.org\/wp-content\/uploads\/2019\/10\/TW_COOPERACION_GENERICA_ESP.jpg","type":"image\/jpeg"}],"author":"IberCultura","twitter_card":"summary_large_image","twitter_misc":{"Escrito por":"IberCultura","Tiempo de lectura":"2 minutos"},"schema":{"@context":"https:\/\/schema.org","@graph":[{"@type":"Article","@id":"https:\/\/iberculturaviva.org\/es\/semana-de-la-cooperacion-iberoamericana-conoce-los-resultados-de-la-colaboracion-entre-los-22-paises-de-la-region\/#article","isPartOf":{"@id":"https:\/\/iberculturaviva.org\/es\/semana-de-la-cooperacion-iberoamericana-conoce-los-resultados-de-la-colaboracion-entre-los-22-paises-de-la-region\/"},"author":{"name":"IberCultura","@id":"https:\/\/iberculturaviva.org\/es\/?lang=es\/#\/schema\/person\/5d1313b072cc25536e0431522f740b59"},"headline":"Semana de la Cooperaci\u00f3n Iberoamericana: conoce los resultados de la colaboraci\u00f3n entre los 22 pa\u00edses de la regi\u00f3n","datePublished":"2019-10-25T16:25:20+00:00","dateModified":"2021-01-06T19:56:19+00:00","mainEntityOfPage":{"@id":"https:\/\/iberculturaviva.org\/es\/semana-de-la-cooperacion-iberoamericana-conoce-los-resultados-de-la-colaboracion-entre-los-22-paises-de-la-region\/"},"wordCount":410,"publisher":{"@id":"https:\/\/iberculturaviva.org\/es\/?lang=es\/#organization"},"image":{"@id":"https:\/\/iberculturaviva.org\/es\/semana-de-la-cooperacion-iberoamericana-conoce-los-resultados-de-la-colaboracion-entre-los-22-paises-de-la-region\/#primaryimage"},"thumbnailUrl":"https:\/\/iberculturaviva.org\/wp-content\/uploads\/2019\/10\/TW_COOPERACION_GENERICA_ESP.jpg","articleSection":["Noticias"],"inLanguage":"es"},{"@type":"WebPage","@id":"https:\/\/iberculturaviva.org\/es\/semana-de-la-cooperacion-iberoamericana-conoce-los-resultados-de-la-colaboracion-entre-los-22-paises-de-la-region\/","url":"https:\/\/iberculturaviva.org\/es\/semana-de-la-cooperacion-iberoamericana-conoce-los-resultados-de-la-colaboracion-entre-los-22-paises-de-la-region\/","name":"Semana de la Cooperaci\u00f3n Iberoamericana: conoce los resultados de la colaboraci\u00f3n entre los 22 pa\u00edses de la regi\u00f3n - IberCultura Viva","isPartOf":{"@id":"https:\/\/iberculturaviva.org\/es\/?lang=es\/#website"},"primaryImageOfPage":{"@id":"https:\/\/iberculturaviva.org\/es\/semana-de-la-cooperacion-iberoamericana-conoce-los-resultados-de-la-colaboracion-entre-los-22-paises-de-la-region\/#primaryimage"},"image":{"@id":"https:\/\/iberculturaviva.org\/es\/semana-de-la-cooperacion-iberoamericana-conoce-los-resultados-de-la-colaboracion-entre-los-22-paises-de-la-region\/#primaryimage"},"thumbnailUrl":"https:\/\/iberculturaviva.org\/wp-content\/uploads\/2019\/10\/TW_COOPERACION_GENERICA_ESP.jpg","datePublished":"2019-10-25T16:25:20+00:00","dateModified":"2021-01-06T19:56:19+00:00","description":"Semana de la Cooperaci\u00f3n Iberoamericana: conoce los resultados de la colaboraci\u00f3n entre los 22 pa\u00edses de la regi\u00f3n - IberCultura Viva","breadcrumb":{"@id":"https:\/\/iberculturaviva.org\/es\/semana-de-la-cooperacion-iberoamericana-conoce-los-resultados-de-la-colaboracion-entre-los-22-paises-de-la-region\/#breadcrumb"},"inLanguage":"es","potentialAction":[{"@type":"ReadAction","target":["https:\/\/iberculturaviva.org\/es\/semana-de-la-cooperacion-iberoamericana-conoce-los-resultados-de-la-colaboracion-entre-los-22-paises-de-la-region\/"]}]},{"@type":"ImageObject","inLanguage":"es","@id":"https:\/\/iberculturaviva.org\/es\/semana-de-la-cooperacion-iberoamericana-conoce-los-resultados-de-la-colaboracion-entre-los-22-paises-de-la-region\/#primaryimage","url":"https:\/\/iberculturaviva.org\/wp-content\/uploads\/2019\/10\/TW_COOPERACION_GENERICA_ESP.jpg","contentUrl":"https:\/\/iberculturaviva.org\/wp-content\/uploads\/2019\/10\/TW_COOPERACION_GENERICA_ESP.jpg","width":800,"height":444},{"@type":"BreadcrumbList","@id":"https:\/\/iberculturaviva.org\/es\/semana-de-la-cooperacion-iberoamericana-conoce-los-resultados-de-la-colaboracion-entre-los-22-paises-de-la-region\/#breadcrumb","itemListElement":[{"@type":"ListItem","position":1,"name":"In\u00edcio","item":"https:\/\/iberculturaviva.org\/es\/inicio\/"},{"@type":"ListItem","position":2,"name":"Semana de la Cooperaci\u00f3n Iberoamericana: conoce los resultados de la colaboraci\u00f3n entre los 22 pa\u00edses de la regi\u00f3n"}]},{"@type":"WebSite","@id":"https:\/\/iberculturaviva.org\/es\/?lang=es\/#website","url":"https:\/\/iberculturaviva.org\/es\/?lang=es\/","name":"IberCultura Viva","description":"Programa de cooperaci\u00f3n cultural","publisher":{"@id":"https:\/\/iberculturaviva.org\/es\/?lang=es\/#organization"},"potentialAction":[{"@type":"SearchAction","target":{"@type":"EntryPoint","urlTemplate":"https:\/\/iberculturaviva.org\/es\/?lang=es\/?s={search_term_string}"},"query-input":{"@type":"PropertyValueSpecification","valueRequired":true,"valueName":"search_term_string"}}],"inLanguage":"es"},{"@type":"Organization","@id":"https:\/\/iberculturaviva.org\/es\/?lang=es\/#organization","name":"Iberculturaviva","url":"https:\/\/iberculturaviva.org\/es\/?lang=es\/","logo":{"@type":"ImageObject","inLanguage":"es","@id":"https:\/\/iberculturaviva.org\/es\/?lang=es\/#\/schema\/logo\/image\/","url":"https:\/\/iberculturaviva.org\/wp-content\/uploads\/2021\/08\/logo_ibercultura_viva.jpg","contentUrl":"https:\/\/iberculturaviva.org\/wp-content\/uploads\/2021\/08\/logo_ibercultura_viva.jpg","width":708,"height":223,"caption":"Iberculturaviva"},"image":{"@id":"https:\/\/iberculturaviva.org\/es\/?lang=es\/#\/schema\/logo\/image\/"},"sameAs":["https:\/\/www.facebook.com\/iberculturaviva\/","https:\/\/www.instagram.com\/iberculturaviva\/","https:\/\/www.youtube.com\/iberculturaviva"]},{"@type":"Person","@id":"https:\/\/iberculturaviva.org\/es\/?lang=es\/#\/schema\/person\/5d1313b072cc25536e0431522f740b59","name":"IberCultura","image":{"@type":"ImageObject","inLanguage":"es","@id":"https:\/\/iberculturaviva.org\/es\/?lang=es\/#\/schema\/person\/image\/","url":"https:\/\/secure.gravatar.com\/avatar\/79f1a057cb125cbefb3765d0356d52fc7f3bba3a35e2cf22bc4de090bb7aef70?s=96&d=mm&r=g","contentUrl":"https:\/\/secure.gravatar.com\/avatar\/79f1a057cb125cbefb3765d0356d52fc7f3bba3a35e2cf22bc4de090bb7aef70?s=96&d=mm&r=g","caption":"IberCultura"}}]}},"main_category":{"link":"https:\/\/iberculturaviva.org\/es\/category\/noticias-es\/","name":"Noticias","slug":"noticias-es"},"_links":{"self":[{"href":"https:\/\/iberculturaviva.org\/es\/wp-json\/wp\/v2\/posts\/16696","targetHints":{"allow":["GET"]}}],"collection":[{"href":"https:\/\/iberculturaviva.org\/es\/wp-json\/wp\/v2\/posts"}],"about":[{"href":"https:\/\/iberculturaviva.org\/es\/wp-json\/wp\/v2\/types\/post"}],"author":[{"embeddable":true,"href":"https:\/\/iberculturaviva.org\/es\/wp-json\/wp\/v2\/users\/2"}],"replies":[{"embeddable":true,"href":"https:\/\/iberculturaviva.org\/es\/wp-json\/wp\/v2\/comments?post=16696"}],"version-history":[{"count":1,"href":"https:\/\/iberculturaviva.org\/es\/wp-json\/wp\/v2\/posts\/16696\/revisions"}],"predecessor-version":[{"id":22517,"href":"https:\/\/iberculturaviva.org\/es\/wp-json\/wp\/v2\/posts\/16696\/revisions\/22517"}],"wp:featuredmedia":[{"embeddable":true,"href":"https:\/\/iberculturaviva.org\/es\/wp-json\/wp\/v2\/media\/20877"}],"wp:attachment":[{"href":"https:\/\/iberculturaviva.org\/es\/wp-json\/wp\/v2\/media?parent=16696"}],"wp:term":[{"taxonomy":"category","embeddable":true,"href":"https:\/\/iberculturaviva.org\/es\/wp-json\/wp\/v2\/categories?post=16696"},{"taxonomy":"post_tag","embeddable":true,"href":"https:\/\/iberculturaviva.org\/es\/wp-json\/wp\/v2\/tags?post=16696"},{"taxonomy":"country-municipality","embeddable":true,"href":"https:\/\/iberculturaviva.org\/es\/wp-json\/wp\/v2\/country-municipality?post=16696"}],"curies":[{"name":"wp","href":"https:\/\/api.w.org\/{rel}","templated":true}]}}