{"id":16674,"date":"2019-09-26T08:28:24","date_gmt":"2019-09-26T11:28:24","guid":{"rendered":"https:\/\/iberculturaviva.org\/sabor-a-iberoamerica-lorena-castellanos-rojas-y-la-sopa-de-platano-verde-frito\/"},"modified":"2021-01-06T16:57:47","modified_gmt":"2021-01-06T19:57:47","slug":"sabor-a-iberoamerica-lorena-castellanos-rojas-y-la-sopa-de-platano-verde-frito","status":"publish","type":"post","link":"https:\/\/iberculturaviva.org\/es\/sabor-a-iberoamerica-lorena-castellanos-rojas-y-la-sopa-de-platano-verde-frito\/","title":{"rendered":"Sabor a Iberoam\u00e9rica: Lorena Castellanos Rojas y la sopa de pl\u00e1tano verde frito"},"content":{"rendered":"<p style=\"text-align: justify;\"><span style=\"font-weight: 400;\"><a href=\"https:\/\/iberculturaviva.org\/wp-content\/uploads\/2019\/09\/lorena.jpg\"><img loading=\"lazy\" decoding=\"async\" class=\"wp-image-13062 alignright\" src=\"https:\/\/iberculturaviva.org\/wp-content\/uploads\/2019\/09\/lorena-960x1709.jpg\" alt=\"\" width=\"200\" height=\"356\" \/><\/a>Lorena Castellanos Rojas, una colombiana que vive en Uruguay, present\u00f3 al concurso \u201cSabor a Iberoam\u00e9rica\u201d una receta que remonta a su infancia y adolescencia, a los olores de la cocina tradicional de su abuela. Fue ella quien aprendi\u00f3 de su madre c\u00f3mo hacer esta sopa de pl\u00e1tano verde frito y le transmiti\u00f3 a la nieta el conocimiento de esta receta familiar. \u201cEl olor de la sopa me recuerda a mi pa\u00eds y la a\u00f1oranza de recibir la llamada de mi abuela dici\u00e9ndome \u2018mijita, hice sopa de pl\u00e1tano, venga a tomarse un platico\u2019\u201d, cuenta Lorena. Seg\u00fan ella, el secreto de su rico sabor est\u00e1 en <\/span><em><span style=\"font-weight: 400;\">fritar<\/span><\/em><span style=\"font-weight: 400;\"> el pl\u00e1tano.\u00a0<\/span><\/p>\n<p style=\"text-align: justify;\"><span style=\"font-weight: 400;\">\u201cEs una receta que, a pesar de la distancia y la hibridaci\u00f3n de mi alimentaci\u00f3n con sabores y recetas locales, me permite mantener las tradiciones culinarias de mi familia y resaltar muchos de los ingredientes cultivados por nuestros campesinos y consumidos por las familias populares de Colombia, al ser una receta de bajo costo\u201d, comenta la colombiana, que al prepararla se siente \u201cm\u00e1s cerquita\u201d de su familia y de su tierra.<\/span><\/p>\n<p>&nbsp;<\/p>\n<h4><b>\u00a0Nombre de la receta: Sopa de pl\u00e1tano verde frito<\/b><\/h4>\n<p>&nbsp;<\/p>\n<p><span style=\"font-weight: 400;\">* <\/span><strong>Ingredientes | Cantidades<\/strong><span style=\"font-weight: 400;\">: Porciones: de 4 a 6\u00a0<\/span><\/p>\n<p><span style=\"font-weight: 400;\"><a href=\"https:\/\/iberculturaviva.org\/wp-content\/uploads\/2019\/09\/receta_lorena-2.jpeg\"><img loading=\"lazy\" decoding=\"async\" class=\" wp-image-13060 alignleft\" src=\"https:\/\/iberculturaviva.org\/wp-content\/uploads\/2019\/09\/receta_lorena-2-960x1710.jpeg\" alt=\"\" width=\"208\" height=\"370\" \/><\/a>500 gr de carne de res con hueso (puede ser falda)\u00a0<\/span><\/p>\n<p><span style=\"font-weight: 400;\">2 pl\u00e1tanos verdes\u00a0<\/span><\/p>\n<p><span style=\"font-weight: 400;\">1 cucharada de aceite\u00a0<\/span><\/p>\n<p><span style=\"font-weight: 400;\">1\/2 cebolla cabezona\u00a0<\/span><\/p>\n<p><span style=\"font-weight: 400;\">1 caldo de verdura\u00a0<\/span><\/p>\n<p><span style=\"font-weight: 400;\">1 cebolla larga\u00a0<\/span><\/p>\n<p><span style=\"font-weight: 400;\">10 papas pastusa (o la papa o batata que encuentres)<\/span><\/p>\n<p><span style=\"font-weight: 400;\">\u00a02 zanahorias\u00a0<\/span><\/p>\n<p><span style=\"font-weight: 400;\">300 gr de arvejas\u00a0<\/span><\/p>\n<p><span style=\"font-weight: 400;\">1 arracacha\u00a0<\/span><\/p>\n<p><span style=\"font-weight: 400;\">1 diente de ajo\u00a0<\/span><\/p>\n<p><span style=\"font-weight: 400;\">Cilantro (opcional)\u00a0<\/span><\/p>\n<p><span style=\"font-weight: 400;\">Sal al gusto<\/span><\/p>\n<p>&nbsp;<\/p>\n<p style=\"text-align: justify;\"><span style=\"font-weight: 400;\">* <\/span><strong>Modo de preparaci\u00f3n<\/strong><span style=\"font-weight: 400;\">: Primero, debemos cortar la cebolla larga en cuadraditos lo m\u00e1s peque\u00f1os posibles. Se corta la papa y la zanahoria en cuadrados intentando que sean proporcionales y se ralla la arracacha. Teniendo las verduras picadas, las reservamos en un bol y procedemos a colocar en una olla grande un chorro de aceite y agregamos la carne para que se selle, se le agrega la cebolla larga que previamente la cortamos en cuadritos y posterior a eso se le agrega bastante agua que cubra la carne y se adicionan las verduras (zanahoria, arvejas, papa, arracacha). Se le agrega la mitad de una cebolla cabezona, no es necesario picarla, se puede agregar entera, de la cebolla larga le podemos agregar las hojas verdes sin picarlas, el diente de ajo sin picar, el caldo de verdura y sal al gusto.\u00a0<\/span><\/p>\n<p style=\"text-align: justify;\"><span style=\"font-weight: 400;\"><a href=\"https:\/\/iberculturaviva.org\/wp-content\/uploads\/2019\/09\/receta_lorena.jpeg\"><img loading=\"lazy\" decoding=\"async\" class=\" wp-image-13061 alignright\" src=\"https:\/\/iberculturaviva.org\/wp-content\/uploads\/2019\/09\/receta_lorena.jpeg\" alt=\"\" width=\"150\" height=\"267\" srcset=\"https:\/\/iberculturaviva.org\/wp-content\/uploads\/2019\/09\/receta_lorena.jpeg 900w, https:\/\/iberculturaviva.org\/wp-content\/uploads\/2019\/09\/receta_lorena-169x300.jpeg 169w, https:\/\/iberculturaviva.org\/wp-content\/uploads\/2019\/09\/receta_lorena-576x1024.jpeg 576w, https:\/\/iberculturaviva.org\/wp-content\/uploads\/2019\/09\/receta_lorena-84x150.jpeg 84w, https:\/\/iberculturaviva.org\/wp-content\/uploads\/2019\/09\/receta_lorena-768x1365.jpeg 768w, https:\/\/iberculturaviva.org\/wp-content\/uploads\/2019\/09\/receta_lorena-864x1536.jpeg 864w\" sizes=\"auto, (max-width: 150px) 100vw, 150px\" \/><\/a>Adicionados los ingredientes, dejamos la sopa a fuego bajo y procedemos a pelar y cortar en rodajas el pl\u00e1tano y lo fre\u00edmos a fuego medio en una sart\u00e9n con abundante aceite, el cual debe estar previamente caliente. Dejamos las rodajas de pl\u00e1tano fritar bastante hasta que tomen un color marr\u00f3n (tener cuidado para que no se friten mucho y se quemen; el secreto de la sopa, dir\u00eda mi madre, es dejar bien doradas las rodajas de pl\u00e1tano para que la sopa tome un color marr\u00f3n), escurrirlas del aceite e ir agreg\u00e1ndoselas a la sopa que ya se encuentra hirviendo, fritar los dos pl\u00e1tanos e ir agregando paulatinamente a la sopa conforme se van fritando.\u00a0<\/span><\/p>\n<p style=\"text-align: justify;\"><span style=\"font-weight: 400;\">Posterior a eso, ya con la totalidad del pl\u00e1tano frito y agregado en la olla, procedemos a dejar la sopa a fuego medio entre 30 minutos y 40 minutos hasta que las verduras est\u00e9n suaves y la sopa haya tomado m\u00e1s consistencia. Si se desea, al momento de servir puede cortar el cilantro finamente y rociar por arriba de la sopa.<\/span><\/p>\n<p>&nbsp;<\/p>\n<p>&nbsp;<\/p>\n<h4><b>La historia de la receta, por Lorena Castellanos Rojas<\/b><\/h4>\n<p style=\"text-align: justify;\"><span style=\"font-weight: 400;\">Esta receta me remonta a mi infancia y adolescencia, que estuvo acompa\u00f1ada por los olores de la cocina tradicional de mi abuela, siendo ella quien me transmiti\u00f3 el conocimiento de la receta, que se podr\u00eda decir que debido a su forma de preparaci\u00f3n es una receta familiar. Me refiero a familiar debido a que, generalmente en Colombia, mi pa\u00eds de origen, se encuentran muchas sopas que tienen como ingrediente el pl\u00e1tano. Sin embargo, el mismo no se fr\u00ede previamente antes de adicionarlo a la sopa, sino que se agrega crudo directamente, y como lo mencionaba anteriormente en el modo de preparaci\u00f3n, el secreto de su rico sabor est\u00e1 en fritar el pl\u00e1tano.\u00a0<\/span><\/p>\n<p style=\"text-align: justify;\"><span style=\"font-weight: 400;\">Mi abuela, quien nos ha transmitido estos conocimientos culinarios, aprendi\u00f3 la receta de su madre desde muy joven, ya que a la edad de 12 a\u00f1os mi abuela se encontraba hu\u00e9rfana y migrando del campo a la gran ciudad, Bogot\u00e1. Esta sopa no solo es mi sopa preferida, sino que al cocinarla me remonta a los a\u00f1os en que resid\u00eda en Bogot\u00e1, pues su ingrediente principal, el pl\u00e1tano, tan consumido en mi pa\u00eds y en la regi\u00f3n del Caribe, me conecta siempre con mi lugar de origen. El olor de la sopa me recuerda a mi pa\u00eds y la a\u00f1oranza de recibir la llamada de mi abuela dici\u00e9ndome \u201cmijita, hice sopa de pl\u00e1tano, venga a tomarse un platico\u201d.\u00a0<\/span><\/p>\n<p style=\"text-align: justify;\"><span style=\"font-weight: 400;\">En cada oportunidad que regreso de visita a Colombia no puede faltar el plato de sopa de pl\u00e1tano frito esperando en la mesa, ya que el mismo no es un plato que tenga alguna fecha especial o \u00e9poca para ser preparado, solamente cumple el antojo de la nieta e hija menor, por lo tanto, se prepara en cualquier momento del a\u00f1o.\u00a0<\/span><\/p>\n<p style=\"text-align: justify;\"><span style=\"font-weight: 400;\">El hecho de migrar hacia otro pa\u00eds me permiti\u00f3 aventurarme por primera vez a realizar esta receta y a perfeccionarla cada vez m\u00e1s, con el objetivo de que alg\u00fan d\u00eda sepa tan deliciosa como la de mi abuela, siendo un reto complicado porque ni la de mi mam\u00e1 despu\u00e9s de a\u00f1os de pr\u00e1ctica sabe tan bueno. Es una receta que, a pesar de la distancia y la hibridaci\u00f3n de mi alimentaci\u00f3n con sabores y recetas locales, me permite mantener las tradiciones culinarias de mi familia y resaltar muchos de los ingredientes cultivados por nuestros campesinos y consumidos por las familias populares de Colombia, al ser una receta de bajo costo.<\/span><\/p>\n<p><a href=\"https:\/\/iberculturaviva.org\/wp-content\/uploads\/2019\/09\/lorena-ylaabuela.png\"><img loading=\"lazy\" decoding=\"async\" class=\"aligncenter wp-image-13059\" src=\"https:\/\/iberculturaviva.org\/wp-content\/uploads\/2019\/09\/lorena-ylaabuela.png\" alt=\"\" width=\"640\" height=\"406\" srcset=\"https:\/\/iberculturaviva.org\/wp-content\/uploads\/2019\/09\/lorena-ylaabuela.png 891w, https:\/\/iberculturaviva.org\/wp-content\/uploads\/2019\/09\/lorena-ylaabuela-300x190.png 300w, https:\/\/iberculturaviva.org\/wp-content\/uploads\/2019\/09\/lorena-ylaabuela-150x95.png 150w, https:\/\/iberculturaviva.org\/wp-content\/uploads\/2019\/09\/lorena-ylaabuela-768x487.png 768w\" sizes=\"auto, (max-width: 640px) 100vw, 640px\" \/><\/a><\/p>\n<h4><b>La sopa en Uruguay<\/b><\/h4>\n<p style=\"text-align: justify;\"><span style=\"font-weight: 400;\">Actualmente me encuentro residiendo en la ciudad de Montevideo (Uruguay), y debido a la gran ola de migraci\u00f3n, principalmente de personas provenientes del Caribe, ha repercutido en la facilidad de encontrar ciertos productos no locales, como lo es el pl\u00e1tano, que es el ingrediente principal de la sopa. Este ingrediente no lo encontramos en todos los mercados, se puede comprar en las ferias de barrio, como la Trist\u00e1n Narvaja, y en algunos supermercados, principalmente en el centro, considero que esto se debe a que la mayor\u00eda de migrantes optamos por vivir en las proximidades del centro. Caso no se encuentre el pl\u00e1tano verde no tendr\u00edamos c\u00f3mo reemplazar el producto, ya que no existe algo similar o parecido que se pueda reemplazar.\u00a0<\/span><\/p>\n<p style=\"text-align: justify;\"><span style=\"font-weight: 400;\">En el caso de la arracacha, que es producida en Colombia, el objetivo de este producto en la sopa es que la misma agarre una contextura m\u00e1s espesa. Este producto no se encuentra en el Uruguay, pero podr\u00eda ser reemplazado agreg\u00e1ndole m\u00e1s cantidad de papa. La arveja en Colombia se compra principalmente en c\u00e1scara y es un producto netamente natural y no suele comprarse congelada, como se consigue en el Uruguay. Sin embargo, quiz\u00e1s en alguna feria podemos encontrarla, ya que la arveja congelada no tiene el mismo sabor que la arveja natural en la c\u00e1scara. En alguna oportunidad la encontr\u00e9 en un feria que se realiza los d\u00edas s\u00e1bados en la calle Salto, en las proximidades del centro de la ciudad.\u00a0<\/span><\/p>\n<p style=\"text-align: justify;\"><span style=\"font-weight: 400;\">La cebolla larga, que es de la familia de la cebolla de verdeo, puede ser reemplazada por esta \u00faltima y no cambiar\u00e1 mucho el sabor. Por \u00faltimo, en relaci\u00f3n al cilantro puede encontrarse en las ferias, no es un producto com\u00fan ni consumido localmente, pero con algunos feriantes podremos encontrarlo. De igual forma, si no encontramos el cilantro puede optarse por no agregarle, ya que es opcional, o se le puede rociar perejil picado.\u00a0<\/span><\/p>\n<p style=\"text-align: justify;\"><span style=\"font-weight: 400;\">El beneficio de realizar esta receta en el pa\u00eds de residencia es que consigue transportarme a los sabores de la cocina colombiana y principalmente a la cocina de mi abuela, haci\u00e9ndome sentir por algunas horas m\u00e1s cerquita de mi familia y de mi tierra. Adem\u00e1s de eso, considero importante mantener y preservar la comida tradicional y resaltar los productos producidos en mi pa\u00eds.\u00a0<\/span><\/p>\n<p style=\"text-align: justify;\"><span style=\"font-weight: 400;\">En Uruguay soy la encargada de cocinarla, ya que mi pareja es uruguayo, y ha sido bien recibida la receta por \u00e9l y por algunos amigos uruguayos para quienes he cocinado. Al comienzo era dif\u00edcil explicarles la diferencia entre banana y pl\u00e1tano, ya que pensaban que la sopa era de banana frita, pero despu\u00e9s de probarla fue recibida con mucha alegr\u00eda y gusto.<\/span><\/p>\n<p style=\"text-align: justify;\"><span style=\"font-weight: 400;\">Cocinar esta receta y compartirla con los dem\u00e1s tiene suma importancia en el intercambio de los sabores y saberes presentes en los distintos platos de cada pa\u00eds, comunidad o familia, ya que nos permiten romper las fronteras, conocer y transmitir un poco del pa\u00eds y la cultura que se encuentra en los sabores, aromas y colores de cada plato.<\/span><\/p>\n<p>&nbsp;<\/p>\n<h4 style=\"text-align: justify;\"><b>(*) La receta de la sopa de pl\u00e1tano verde frito fue una de las 10 seleccionadas en el concurso \u201cSabor a Iberoam\u00e9rica\u201d, que premi\u00f3 historias de recetas culinarias tradicionales de las comunidades migrantes de la regi\u00f3n. Resultado de una sinergia de los programas de cooperaci\u00f3n iberoamericana en las \u00e1reas de cultura, cocina y migraci\u00f3n, el concurso fue presentado en abril de este a\u00f1o por la\u00a0<\/b><a href=\"https:\/\/www.segib.org\/\"><b>Secretar\u00eda General Iberoamericana (SEGIB)<\/b><\/a><b>, los programas IberCultura Viva e\u00a0<\/b><a href=\"https:\/\/iber-rutas.org\/\"><b>Iber-Rutas<\/b><\/a><b>\u00a0y la iniciativa\u00a0<\/b><a href=\"https:\/\/ibercocinas.org\/\"><b>IberCocinas<\/b><\/a><b>. El\u00a0<\/b><a href=\"https:\/\/iberculturaviva.org\/es\/sabor-a-iberoamerica-conoce-las-historias-de-recetas-seleccionadas-en-el-concurso\/\"><b>resultado<\/b><\/a><b>\u00a0fue anunciado el martes 3 de septiembre.\u00a0<\/b><\/h4>\n<p>&nbsp;<\/p>\n<h4><b>Lea tambi\u00e9n<\/b>:<\/h4>\n<ul>\n<li><a href=\"https:\/\/iberculturaviva.org\/es\/sabor-a-iberoamerica-mabel-castrillo-y-las-repochetas-nicaraguenses\/\">Sabor a Iberoam\u00e9rica: Mabel Castrillo y las repochetas nicarag\u00fcenses<\/a><\/li>\n<li><a href=\"https:\/\/iberculturaviva.org\/es\/sabor-a-iberoamerica-clara-palacios-y-el-encocado-de-sancocho-de-pescado\/\">Sabor a Iberoam\u00e9rica: Clara Palacios y el encocado de sancocho de pescado<\/a><\/li>\n<li><a href=\"https:\/\/iberculturaviva.org\/es\/sabor-a-iberoamerica-belen-rodriguez-y-las-rosquillas-morenas\/\">Sabor a Iberoam\u00e9rica: Bel\u00e9n Rodr\u00edguez y las rosquillas morenas<\/a><\/li>\n<li><a href=\"https:\/\/iberculturaviva.org\/es\/sabor-a-iberoamerica-deyvis-davila-y-la-receta-de-mi-causa\/\">Sabor a Iberoam\u00e9rica: Deyvis D\u00e1vila y la receta de \u201cMi causa\u201d<\/a><\/li>\n<li><a href=\"https:\/\/iberculturaviva.org\/es\/sabor-a-iberoamerica-ederlinda-rojas-y-los-anticuchos-de-corazon\/\">Sabor a Iberoam\u00e9rica: Ederlinda Rojas y los anticuchos de coraz\u00f3n<\/a><\/li>\n<li><a href=\"https:\/\/iberculturaviva.org\/es\/sabor-a-iberoamerica-josahandi-avila-y-la-cochinita-pibil\/\">Sabor a Iberoam\u00e9rica: Josahandi Avila y la cochinita pibil<\/a><\/li>\n<li><a href=\"https:\/\/iberculturaviva.org\/es\/sabor-a-iberoamerica-sulma-perez-y-las-pupusas-salvadorenas-a-la-lena\/\">Sabor a Iberoam\u00e9rica: Sulma Perez y las pupusas salvadore\u00f1as a la le\u00f1a<\/a><\/li>\n<li><a href=\"https:\/\/iberculturaviva.org\/es\/sabor-a-iberoamerica-djanira-abreu-y-la-feijoada-baiana-de-su-madre\/\">Sabor a Iberoam\u00e9rica: Djanira Abreu y la feijoada baiana de su madre<\/a><\/li>\n<li><a href=\"https:\/\/iberculturaviva.org\/es\/sabor-a-iberoamerica-conoce-las-historias-de-recetas-seleccionadas-en-el-concurso\/\">Sabor a Iberoam\u00e9rica: conoce las historias de recetas seleccionadas en el concurso<\/a><\/li>\n<\/ul>\n","protected":false},"excerpt":{"rendered":"<p>Lorena Castellanos Rojas, una colombiana que vive en Uruguay, present\u00f3 al concurso \u201cSabor a Iberoam\u00e9rica\u201d una receta que remonta a su infancia y adolescencia, a los olores de la cocina [&hellip;]<\/p>\n","protected":false},"author":2,"featured_media":0,"comment_status":"closed","ping_status":"closed","sticky":false,"template":"","format":"standard","meta":{"_coblocks_attr":"","_coblocks_dimensions":"","_coblocks_responsive_height":"","_coblocks_accordion_ie_support":"","_EventAllDay":false,"_EventTimezone":"","_EventStartDate":"","_EventEndDate":"","_EventStartDateUTC":"","_EventEndDateUTC":"","_EventShowMap":false,"_EventShowMapLink":false,"_EventURL":"","_EventCost":"","_EventCostDescription":"","_EventCurrencySymbol":"","_EventCurrencyCode":"","_EventCurrencyPosition":"","_EventDateTimeSeparator":"","_EventTimeRangeSeparator":"","_EventOrganizerID":[],"_EventVenueID":[],"_OrganizerEmail":"","_OrganizerPhone":"","_OrganizerWebsite":"","_VenueAddress":"","_VenueCity":"","_VenueCountry":"","_VenueProvince":"","_VenueState":"","_VenueZip":"","_VenuePhone":"","_VenueURL":"","_VenueStateProvince":"","_VenueLat":"","_VenueLng":"","_VenueShowMap":false,"_VenueShowMapLink":false,"footnotes":""},"categories":[262],"tags":[],"country-municipality":[],"class_list":["post-16674","post","type-post","status-publish","format-standard","hentry","category-noticias-es"],"yoast_head":"<!-- This site is optimized with the Yoast SEO plugin v25.7 - https:\/\/yoast.com\/wordpress\/plugins\/seo\/ -->\n<title>Sabor a Iberoam\u00e9rica: Lorena Castellanos Rojas y la sopa de pl\u00e1tano verde frito - IberCultura Viva<\/title>\n<meta name=\"description\" content=\"Sabor a Iberoam\u00e9rica: Lorena Castellanos Rojas y la sopa de pl\u00e1tano verde frito - IberCultura Viva\" \/>\n<meta name=\"robots\" content=\"index, follow, max-snippet:-1, max-image-preview:large, max-video-preview:-1\" \/>\n<link rel=\"canonical\" href=\"https:\/\/iberculturaviva.org\/es\/sabor-a-iberoamerica-lorena-castellanos-rojas-y-la-sopa-de-platano-verde-frito\/\" \/>\n<meta property=\"og:locale\" content=\"es_ES\" \/>\n<meta property=\"og:type\" content=\"article\" \/>\n<meta property=\"og:title\" content=\"Sabor a Iberoam\u00e9rica: Lorena Castellanos Rojas y la sopa de pl\u00e1tano verde frito - IberCultura Viva\" \/>\n<meta property=\"og:description\" content=\"Sabor a Iberoam\u00e9rica: Lorena Castellanos Rojas y la sopa de pl\u00e1tano verde frito - IberCultura Viva\" \/>\n<meta property=\"og:url\" content=\"https:\/\/iberculturaviva.org\/es\/sabor-a-iberoamerica-lorena-castellanos-rojas-y-la-sopa-de-platano-verde-frito\/\" \/>\n<meta property=\"og:site_name\" content=\"IberCultura Viva\" \/>\n<meta property=\"article:publisher\" content=\"https:\/\/www.facebook.com\/iberculturaviva\/\" \/>\n<meta property=\"article:published_time\" content=\"2019-09-26T11:28:24+00:00\" \/>\n<meta property=\"article:modified_time\" content=\"2021-01-06T19:57:47+00:00\" \/>\n<meta property=\"og:image\" content=\"https:\/\/iberculturaviva.org\/wp-content\/uploads\/2019\/09\/lorena-960x1709.jpg\" \/>\n<meta name=\"author\" content=\"IberCultura\" \/>\n<meta name=\"twitter:card\" content=\"summary_large_image\" \/>\n<meta name=\"twitter:label1\" content=\"Escrito por\" \/>\n\t<meta name=\"twitter:data1\" content=\"IberCultura\" \/>\n\t<meta name=\"twitter:label2\" content=\"Tiempo de lectura\" \/>\n\t<meta name=\"twitter:data2\" content=\"9 minutos\" \/>\n<script type=\"application\/ld+json\" class=\"yoast-schema-graph\">{\"@context\":\"https:\/\/schema.org\",\"@graph\":[{\"@type\":\"Article\",\"@id\":\"https:\/\/iberculturaviva.org\/es\/sabor-a-iberoamerica-lorena-castellanos-rojas-y-la-sopa-de-platano-verde-frito\/#article\",\"isPartOf\":{\"@id\":\"https:\/\/iberculturaviva.org\/es\/sabor-a-iberoamerica-lorena-castellanos-rojas-y-la-sopa-de-platano-verde-frito\/\"},\"author\":{\"name\":\"IberCultura\",\"@id\":\"https:\/\/iberculturaviva.org\/es\/?lang=es\/#\/schema\/person\/5d1313b072cc25536e0431522f740b59\"},\"headline\":\"Sabor a Iberoam\u00e9rica: Lorena Castellanos Rojas y la sopa de pl\u00e1tano verde frito\",\"datePublished\":\"2019-09-26T11:28:24+00:00\",\"dateModified\":\"2021-01-06T19:57:47+00:00\",\"mainEntityOfPage\":{\"@id\":\"https:\/\/iberculturaviva.org\/es\/sabor-a-iberoamerica-lorena-castellanos-rojas-y-la-sopa-de-platano-verde-frito\/\"},\"wordCount\":1782,\"publisher\":{\"@id\":\"https:\/\/iberculturaviva.org\/es\/?lang=es\/#organization\"},\"image\":{\"@id\":\"https:\/\/iberculturaviva.org\/es\/sabor-a-iberoamerica-lorena-castellanos-rojas-y-la-sopa-de-platano-verde-frito\/#primaryimage\"},\"thumbnailUrl\":\"https:\/\/iberculturaviva.org\/wp-content\/uploads\/2019\/09\/lorena-960x1709.jpg\",\"articleSection\":[\"Noticias\"],\"inLanguage\":\"es\"},{\"@type\":\"WebPage\",\"@id\":\"https:\/\/iberculturaviva.org\/es\/sabor-a-iberoamerica-lorena-castellanos-rojas-y-la-sopa-de-platano-verde-frito\/\",\"url\":\"https:\/\/iberculturaviva.org\/es\/sabor-a-iberoamerica-lorena-castellanos-rojas-y-la-sopa-de-platano-verde-frito\/\",\"name\":\"Sabor a Iberoam\u00e9rica: Lorena Castellanos Rojas y la sopa de pl\u00e1tano verde frito - IberCultura Viva\",\"isPartOf\":{\"@id\":\"https:\/\/iberculturaviva.org\/es\/?lang=es\/#website\"},\"primaryImageOfPage\":{\"@id\":\"https:\/\/iberculturaviva.org\/es\/sabor-a-iberoamerica-lorena-castellanos-rojas-y-la-sopa-de-platano-verde-frito\/#primaryimage\"},\"image\":{\"@id\":\"https:\/\/iberculturaviva.org\/es\/sabor-a-iberoamerica-lorena-castellanos-rojas-y-la-sopa-de-platano-verde-frito\/#primaryimage\"},\"thumbnailUrl\":\"https:\/\/iberculturaviva.org\/wp-content\/uploads\/2019\/09\/lorena-960x1709.jpg\",\"datePublished\":\"2019-09-26T11:28:24+00:00\",\"dateModified\":\"2021-01-06T19:57:47+00:00\",\"description\":\"Sabor a Iberoam\u00e9rica: Lorena Castellanos Rojas y la sopa de pl\u00e1tano verde frito - IberCultura Viva\",\"breadcrumb\":{\"@id\":\"https:\/\/iberculturaviva.org\/es\/sabor-a-iberoamerica-lorena-castellanos-rojas-y-la-sopa-de-platano-verde-frito\/#breadcrumb\"},\"inLanguage\":\"es\",\"potentialAction\":[{\"@type\":\"ReadAction\",\"target\":[\"https:\/\/iberculturaviva.org\/es\/sabor-a-iberoamerica-lorena-castellanos-rojas-y-la-sopa-de-platano-verde-frito\/\"]}]},{\"@type\":\"ImageObject\",\"inLanguage\":\"es\",\"@id\":\"https:\/\/iberculturaviva.org\/es\/sabor-a-iberoamerica-lorena-castellanos-rojas-y-la-sopa-de-platano-verde-frito\/#primaryimage\",\"url\":\"https:\/\/iberculturaviva.org\/wp-content\/uploads\/2019\/09\/lorena-960x1709.jpg\",\"contentUrl\":\"https:\/\/iberculturaviva.org\/wp-content\/uploads\/2019\/09\/lorena-960x1709.jpg\"},{\"@type\":\"BreadcrumbList\",\"@id\":\"https:\/\/iberculturaviva.org\/es\/sabor-a-iberoamerica-lorena-castellanos-rojas-y-la-sopa-de-platano-verde-frito\/#breadcrumb\",\"itemListElement\":[{\"@type\":\"ListItem\",\"position\":1,\"name\":\"In\u00edcio\",\"item\":\"https:\/\/iberculturaviva.org\/es\/inicio\/\"},{\"@type\":\"ListItem\",\"position\":2,\"name\":\"Sabor a Iberoam\u00e9rica: Lorena Castellanos Rojas y la sopa de pl\u00e1tano verde frito\"}]},{\"@type\":\"WebSite\",\"@id\":\"https:\/\/iberculturaviva.org\/es\/?lang=es\/#website\",\"url\":\"https:\/\/iberculturaviva.org\/es\/?lang=es\/\",\"name\":\"IberCultura Viva\",\"description\":\"Programa de cooperaci\u00f3n cultural\",\"publisher\":{\"@id\":\"https:\/\/iberculturaviva.org\/es\/?lang=es\/#organization\"},\"potentialAction\":[{\"@type\":\"SearchAction\",\"target\":{\"@type\":\"EntryPoint\",\"urlTemplate\":\"https:\/\/iberculturaviva.org\/es\/?lang=es\/?s={search_term_string}\"},\"query-input\":{\"@type\":\"PropertyValueSpecification\",\"valueRequired\":true,\"valueName\":\"search_term_string\"}}],\"inLanguage\":\"es\"},{\"@type\":\"Organization\",\"@id\":\"https:\/\/iberculturaviva.org\/es\/?lang=es\/#organization\",\"name\":\"Iberculturaviva\",\"url\":\"https:\/\/iberculturaviva.org\/es\/?lang=es\/\",\"logo\":{\"@type\":\"ImageObject\",\"inLanguage\":\"es\",\"@id\":\"https:\/\/iberculturaviva.org\/es\/?lang=es\/#\/schema\/logo\/image\/\",\"url\":\"https:\/\/iberculturaviva.org\/wp-content\/uploads\/2021\/08\/logo_ibercultura_viva.jpg\",\"contentUrl\":\"https:\/\/iberculturaviva.org\/wp-content\/uploads\/2021\/08\/logo_ibercultura_viva.jpg\",\"width\":708,\"height\":223,\"caption\":\"Iberculturaviva\"},\"image\":{\"@id\":\"https:\/\/iberculturaviva.org\/es\/?lang=es\/#\/schema\/logo\/image\/\"},\"sameAs\":[\"https:\/\/www.facebook.com\/iberculturaviva\/\",\"https:\/\/www.instagram.com\/iberculturaviva\/\",\"https:\/\/www.youtube.com\/iberculturaviva\"]},{\"@type\":\"Person\",\"@id\":\"https:\/\/iberculturaviva.org\/es\/?lang=es\/#\/schema\/person\/5d1313b072cc25536e0431522f740b59\",\"name\":\"IberCultura\",\"image\":{\"@type\":\"ImageObject\",\"inLanguage\":\"es\",\"@id\":\"https:\/\/iberculturaviva.org\/es\/?lang=es\/#\/schema\/person\/image\/\",\"url\":\"https:\/\/secure.gravatar.com\/avatar\/79f1a057cb125cbefb3765d0356d52fc7f3bba3a35e2cf22bc4de090bb7aef70?s=96&d=mm&r=g\",\"contentUrl\":\"https:\/\/secure.gravatar.com\/avatar\/79f1a057cb125cbefb3765d0356d52fc7f3bba3a35e2cf22bc4de090bb7aef70?s=96&d=mm&r=g\",\"caption\":\"IberCultura\"}}]}<\/script>\n<!-- \/ Yoast SEO plugin. -->","yoast_head_json":{"title":"Sabor a Iberoam\u00e9rica: Lorena Castellanos Rojas y la sopa de pl\u00e1tano verde frito - IberCultura Viva","description":"Sabor a Iberoam\u00e9rica: Lorena Castellanos Rojas y la sopa de pl\u00e1tano verde frito - IberCultura Viva","robots":{"index":"index","follow":"follow","max-snippet":"max-snippet:-1","max-image-preview":"max-image-preview:large","max-video-preview":"max-video-preview:-1"},"canonical":"https:\/\/iberculturaviva.org\/es\/sabor-a-iberoamerica-lorena-castellanos-rojas-y-la-sopa-de-platano-verde-frito\/","og_locale":"es_ES","og_type":"article","og_title":"Sabor a Iberoam\u00e9rica: Lorena Castellanos Rojas y la sopa de pl\u00e1tano verde frito - IberCultura Viva","og_description":"Sabor a Iberoam\u00e9rica: Lorena Castellanos Rojas y la sopa de pl\u00e1tano verde frito - IberCultura Viva","og_url":"https:\/\/iberculturaviva.org\/es\/sabor-a-iberoamerica-lorena-castellanos-rojas-y-la-sopa-de-platano-verde-frito\/","og_site_name":"IberCultura Viva","article_publisher":"https:\/\/www.facebook.com\/iberculturaviva\/","article_published_time":"2019-09-26T11:28:24+00:00","article_modified_time":"2021-01-06T19:57:47+00:00","og_image":[{"url":"https:\/\/iberculturaviva.org\/wp-content\/uploads\/2019\/09\/lorena-960x1709.jpg","type":"","width":"","height":""}],"author":"IberCultura","twitter_card":"summary_large_image","twitter_misc":{"Escrito por":"IberCultura","Tiempo de lectura":"9 minutos"},"schema":{"@context":"https:\/\/schema.org","@graph":[{"@type":"Article","@id":"https:\/\/iberculturaviva.org\/es\/sabor-a-iberoamerica-lorena-castellanos-rojas-y-la-sopa-de-platano-verde-frito\/#article","isPartOf":{"@id":"https:\/\/iberculturaviva.org\/es\/sabor-a-iberoamerica-lorena-castellanos-rojas-y-la-sopa-de-platano-verde-frito\/"},"author":{"name":"IberCultura","@id":"https:\/\/iberculturaviva.org\/es\/?lang=es\/#\/schema\/person\/5d1313b072cc25536e0431522f740b59"},"headline":"Sabor a Iberoam\u00e9rica: Lorena Castellanos Rojas y la sopa de pl\u00e1tano verde frito","datePublished":"2019-09-26T11:28:24+00:00","dateModified":"2021-01-06T19:57:47+00:00","mainEntityOfPage":{"@id":"https:\/\/iberculturaviva.org\/es\/sabor-a-iberoamerica-lorena-castellanos-rojas-y-la-sopa-de-platano-verde-frito\/"},"wordCount":1782,"publisher":{"@id":"https:\/\/iberculturaviva.org\/es\/?lang=es\/#organization"},"image":{"@id":"https:\/\/iberculturaviva.org\/es\/sabor-a-iberoamerica-lorena-castellanos-rojas-y-la-sopa-de-platano-verde-frito\/#primaryimage"},"thumbnailUrl":"https:\/\/iberculturaviva.org\/wp-content\/uploads\/2019\/09\/lorena-960x1709.jpg","articleSection":["Noticias"],"inLanguage":"es"},{"@type":"WebPage","@id":"https:\/\/iberculturaviva.org\/es\/sabor-a-iberoamerica-lorena-castellanos-rojas-y-la-sopa-de-platano-verde-frito\/","url":"https:\/\/iberculturaviva.org\/es\/sabor-a-iberoamerica-lorena-castellanos-rojas-y-la-sopa-de-platano-verde-frito\/","name":"Sabor a Iberoam\u00e9rica: Lorena Castellanos Rojas y la sopa de pl\u00e1tano verde frito - IberCultura Viva","isPartOf":{"@id":"https:\/\/iberculturaviva.org\/es\/?lang=es\/#website"},"primaryImageOfPage":{"@id":"https:\/\/iberculturaviva.org\/es\/sabor-a-iberoamerica-lorena-castellanos-rojas-y-la-sopa-de-platano-verde-frito\/#primaryimage"},"image":{"@id":"https:\/\/iberculturaviva.org\/es\/sabor-a-iberoamerica-lorena-castellanos-rojas-y-la-sopa-de-platano-verde-frito\/#primaryimage"},"thumbnailUrl":"https:\/\/iberculturaviva.org\/wp-content\/uploads\/2019\/09\/lorena-960x1709.jpg","datePublished":"2019-09-26T11:28:24+00:00","dateModified":"2021-01-06T19:57:47+00:00","description":"Sabor a Iberoam\u00e9rica: Lorena Castellanos Rojas y la sopa de pl\u00e1tano verde frito - IberCultura Viva","breadcrumb":{"@id":"https:\/\/iberculturaviva.org\/es\/sabor-a-iberoamerica-lorena-castellanos-rojas-y-la-sopa-de-platano-verde-frito\/#breadcrumb"},"inLanguage":"es","potentialAction":[{"@type":"ReadAction","target":["https:\/\/iberculturaviva.org\/es\/sabor-a-iberoamerica-lorena-castellanos-rojas-y-la-sopa-de-platano-verde-frito\/"]}]},{"@type":"ImageObject","inLanguage":"es","@id":"https:\/\/iberculturaviva.org\/es\/sabor-a-iberoamerica-lorena-castellanos-rojas-y-la-sopa-de-platano-verde-frito\/#primaryimage","url":"https:\/\/iberculturaviva.org\/wp-content\/uploads\/2019\/09\/lorena-960x1709.jpg","contentUrl":"https:\/\/iberculturaviva.org\/wp-content\/uploads\/2019\/09\/lorena-960x1709.jpg"},{"@type":"BreadcrumbList","@id":"https:\/\/iberculturaviva.org\/es\/sabor-a-iberoamerica-lorena-castellanos-rojas-y-la-sopa-de-platano-verde-frito\/#breadcrumb","itemListElement":[{"@type":"ListItem","position":1,"name":"In\u00edcio","item":"https:\/\/iberculturaviva.org\/es\/inicio\/"},{"@type":"ListItem","position":2,"name":"Sabor a Iberoam\u00e9rica: Lorena Castellanos Rojas y la sopa de pl\u00e1tano verde frito"}]},{"@type":"WebSite","@id":"https:\/\/iberculturaviva.org\/es\/?lang=es\/#website","url":"https:\/\/iberculturaviva.org\/es\/?lang=es\/","name":"IberCultura Viva","description":"Programa de cooperaci\u00f3n cultural","publisher":{"@id":"https:\/\/iberculturaviva.org\/es\/?lang=es\/#organization"},"potentialAction":[{"@type":"SearchAction","target":{"@type":"EntryPoint","urlTemplate":"https:\/\/iberculturaviva.org\/es\/?lang=es\/?s={search_term_string}"},"query-input":{"@type":"PropertyValueSpecification","valueRequired":true,"valueName":"search_term_string"}}],"inLanguage":"es"},{"@type":"Organization","@id":"https:\/\/iberculturaviva.org\/es\/?lang=es\/#organization","name":"Iberculturaviva","url":"https:\/\/iberculturaviva.org\/es\/?lang=es\/","logo":{"@type":"ImageObject","inLanguage":"es","@id":"https:\/\/iberculturaviva.org\/es\/?lang=es\/#\/schema\/logo\/image\/","url":"https:\/\/iberculturaviva.org\/wp-content\/uploads\/2021\/08\/logo_ibercultura_viva.jpg","contentUrl":"https:\/\/iberculturaviva.org\/wp-content\/uploads\/2021\/08\/logo_ibercultura_viva.jpg","width":708,"height":223,"caption":"Iberculturaviva"},"image":{"@id":"https:\/\/iberculturaviva.org\/es\/?lang=es\/#\/schema\/logo\/image\/"},"sameAs":["https:\/\/www.facebook.com\/iberculturaviva\/","https:\/\/www.instagram.com\/iberculturaviva\/","https:\/\/www.youtube.com\/iberculturaviva"]},{"@type":"Person","@id":"https:\/\/iberculturaviva.org\/es\/?lang=es\/#\/schema\/person\/5d1313b072cc25536e0431522f740b59","name":"IberCultura","image":{"@type":"ImageObject","inLanguage":"es","@id":"https:\/\/iberculturaviva.org\/es\/?lang=es\/#\/schema\/person\/image\/","url":"https:\/\/secure.gravatar.com\/avatar\/79f1a057cb125cbefb3765d0356d52fc7f3bba3a35e2cf22bc4de090bb7aef70?s=96&d=mm&r=g","contentUrl":"https:\/\/secure.gravatar.com\/avatar\/79f1a057cb125cbefb3765d0356d52fc7f3bba3a35e2cf22bc4de090bb7aef70?s=96&d=mm&r=g","caption":"IberCultura"}}]}},"main_category":{"link":"https:\/\/iberculturaviva.org\/es\/category\/noticias-es\/","name":"Noticias","slug":"noticias-es"},"_links":{"self":[{"href":"https:\/\/iberculturaviva.org\/es\/wp-json\/wp\/v2\/posts\/16674","targetHints":{"allow":["GET"]}}],"collection":[{"href":"https:\/\/iberculturaviva.org\/es\/wp-json\/wp\/v2\/posts"}],"about":[{"href":"https:\/\/iberculturaviva.org\/es\/wp-json\/wp\/v2\/types\/post"}],"author":[{"embeddable":true,"href":"https:\/\/iberculturaviva.org\/es\/wp-json\/wp\/v2\/users\/2"}],"replies":[{"embeddable":true,"href":"https:\/\/iberculturaviva.org\/es\/wp-json\/wp\/v2\/comments?post=16674"}],"version-history":[{"count":1,"href":"https:\/\/iberculturaviva.org\/es\/wp-json\/wp\/v2\/posts\/16674\/revisions"}],"predecessor-version":[{"id":22528,"href":"https:\/\/iberculturaviva.org\/es\/wp-json\/wp\/v2\/posts\/16674\/revisions\/22528"}],"wp:attachment":[{"href":"https:\/\/iberculturaviva.org\/es\/wp-json\/wp\/v2\/media?parent=16674"}],"wp:term":[{"taxonomy":"category","embeddable":true,"href":"https:\/\/iberculturaviva.org\/es\/wp-json\/wp\/v2\/categories?post=16674"},{"taxonomy":"post_tag","embeddable":true,"href":"https:\/\/iberculturaviva.org\/es\/wp-json\/wp\/v2\/tags?post=16674"},{"taxonomy":"country-municipality","embeddable":true,"href":"https:\/\/iberculturaviva.org\/es\/wp-json\/wp\/v2\/country-municipality?post=16674"}],"curies":[{"name":"wp","href":"https:\/\/api.w.org\/{rel}","templated":true}]}}