{"id":16570,"date":"2019-05-14T16:19:11","date_gmt":"2019-05-14T19:19:11","guid":{"rendered":"https:\/\/iberculturaviva.org\/representantes-de-9-paises-participan-en-la-capacitacion-sobre-la-plataforma-mapa-ibercultura-viva-en-argentina\/"},"modified":"2021-01-06T17:04:09","modified_gmt":"2021-01-06T20:04:09","slug":"representantes-de-9-paises-participan-en-la-capacitacion-sobre-la-plataforma-mapa-ibercultura-viva-en-argentina","status":"publish","type":"post","link":"https:\/\/iberculturaviva.org\/es\/representantes-de-9-paises-participan-en-la-capacitacion-sobre-la-plataforma-mapa-ibercultura-viva-en-argentina\/","title":{"rendered":"Representantes de 9 pa\u00edses participan en la capacitaci\u00f3n sobre la plataforma Mapa IberCultura Viva en Argentina"},"content":{"rendered":"<p style=\"text-align: justify;\"><span style=\"font-weight: 400;\">Este martes 14 de mayo empez\u00f3 en Buenos Aires (Argentina) la capacitaci\u00f3n sobre la plataforma Mapa IberCultura Viva para funcionarios de gobiernos de los pa\u00edses miembros del programa. Participan en el encuentro representantes de nueve pa\u00edses (Argentina, Chile, Costa Rica, Cuba, Ecuador, Guatemala, M\u00e9xico, Per\u00fa, Uruguay). La actividad se realizar\u00e1 hoy y ma\u00f1ana en la Casa Central de la Cultura Popular (Villa 21-24), en el barrio de Barracas.<\/span><\/p>\n<p style=\"text-align: justify;\"><span style=\"font-weight: 400;\">El Mapa IberCultura Viva (<\/span><a href=\"https:\/\/mapa.iberculturaviva.org\/\"><span style=\"font-weight: 400;\">https:\/\/mapa.iberculturaviva.org\/<\/span><\/a><span style=\"font-weight: 400;\">) fue lanzado en agosto de 2018. En esta plataforma libre, gratuita y colaborativa, los agentes culturales, las organizaciones culturales comunitarias y los pueblos originarios pueden, adem\u00e1s de inscribirse en las convocatorias y concursos del programa, difundir sus propios eventos, espacios y proyectos. <\/span><\/p>\n<p style=\"text-align: justify;\"><span style=\"font-weight: 400;\">Entre los temas presentados esta ma\u00f1ana se encuentran la gesti\u00f3n c<\/span><span style=\"font-weight: 400;\">ultural y la gesti\u00f3n de la informaci\u00f3n cultural; los Mapas Culturales y la relevancia institucional de la sociedad de la informaci\u00f3n; y los Mapas Culturales como objeto de pr\u00e1ctica cultural.<\/span><\/p>\n<p style=\"text-align: justify;\"><span style=\"font-weight: 400;\">Esta capacitaci\u00f3n sobre la plataforma es una de las actividades que el programa IberCultura Viva promueve esta semana en la ciudad de Buenos Aires, en el marco del 4\u00ba Congreso Latinoamericano de Cultura Viva Comunitaria. Los d\u00edas 16 y 17, se realizar\u00e1 el 3\u00ba Encuentro de Redes IberCultura Viva, con la participaci\u00f3n de representantes de municipios, provincias y departamentos que conformar\u00e1n la Red IberCultura Viva de Ciudades y Gobiernos.<\/span><\/p>\n\n\t\t<style type=\"text\/css\">\n\t\t\t#gallery-1 {\n\t\t\t\tmargin: auto;\n\t\t\t}\n\t\t\t#gallery-1 .gallery-item {\n\t\t\t\tfloat: left;\n\t\t\t\tmargin-top: 10px;\n\t\t\t\ttext-align: center;\n\t\t\t\twidth: 50%;\n\t\t\t}\n\t\t\t#gallery-1 img {\n\t\t\t\tborder: 2px solid #cfcfcf;\n\t\t\t}\n\t\t\t#gallery-1 .gallery-caption {\n\t\t\t\tmargin-left: 0;\n\t\t\t}\n\t\t\t\/* see gallery_shortcode() in wp-includes\/media.php *\/\n\t\t<\/style>\n\t\t<div id='gallery-1' class='gallery galleryid-16570 gallery-columns-2 gallery-size-medium'><dl class='gallery-item'>\n\t\t\t<dt class='gallery-icon landscape'>\n\t\t\t\t<a href='https:\/\/iberculturaviva.org\/es\/representantes-de-9-paises-participan-en-la-capacitacion-sobre-la-plataforma-mapa-ibercultura-viva-en-argentina\/d0a9163c-eb51-445e-b9d2-6ec141bd1f2c-2\/'><img loading=\"lazy\" decoding=\"async\" width=\"300\" height=\"202\" src=\"https:\/\/iberculturaviva.org\/wp-content\/uploads\/2019\/05\/D0A9163C-EB51-445E-B9D2-6EC141BD1F2C-460x310.jpeg\" class=\"attachment-medium size-medium\" alt=\"\" \/><\/a>\n\t\t\t<\/dt><\/dl><dl class='gallery-item'>\n\t\t\t<dt class='gallery-icon landscape'>\n\t\t\t\t<a href='https:\/\/iberculturaviva.org\/es\/representantes-de-9-paises-participan-en-la-capacitacion-sobre-la-plataforma-mapa-ibercultura-viva-en-argentina\/9d6e3a31-34f7-4e38-8b69-1b866c9e9089-2\/'><img loading=\"lazy\" decoding=\"async\" width=\"300\" height=\"202\" src=\"https:\/\/iberculturaviva.org\/wp-content\/uploads\/2019\/05\/9D6E3A31-34F7-4E38-8B69-1B866C9E9089-460x310.jpeg\" class=\"attachment-medium size-medium\" alt=\"\" \/><\/a>\n\t\t\t<\/dt><\/dl><br style=\"clear: both\" \/>\n\t\t<\/div>\n\n<p>&nbsp;<\/p>\n","protected":false},"excerpt":{"rendered":"<p>Este martes 14 de mayo empez\u00f3 en Buenos Aires (Argentina) la capacitaci\u00f3n sobre la plataforma Mapa IberCultura Viva para funcionarios de gobiernos de los pa\u00edses miembros del programa. Participan en [&hellip;]<\/p>\n","protected":false},"author":2,"featured_media":20519,"comment_status":"closed","ping_status":"closed","sticky":false,"template":"","format":"standard","meta":{"_coblocks_attr":"","_coblocks_dimensions":"","_coblocks_responsive_height":"","_coblocks_accordion_ie_support":"","_EventAllDay":false,"_EventTimezone":"","_EventStartDate":"","_EventEndDate":"","_EventStartDateUTC":"","_EventEndDateUTC":"","_EventShowMap":false,"_EventShowMapLink":false,"_EventURL":"","_EventCost":"","_EventCostDescription":"","_EventCurrencySymbol":"","_EventCurrencyCode":"","_EventCurrencyPosition":"","_EventDateTimeSeparator":"","_EventTimeRangeSeparator":"","_EventOrganizerID":[],"_EventVenueID":[],"_OrganizerEmail":"","_OrganizerPhone":"","_OrganizerWebsite":"","_VenueAddress":"","_VenueCity":"","_VenueCountry":"","_VenueProvince":"","_VenueState":"","_VenueZip":"","_VenuePhone":"","_VenueURL":"","_VenueStateProvince":"","_VenueLat":"","_VenueLng":"","_VenueShowMap":false,"_VenueShowMapLink":false,"footnotes":""},"categories":[262],"tags":[],"country-municipality":[],"class_list":["post-16570","post","type-post","status-publish","format-standard","has-post-thumbnail","hentry","category-noticias-es"],"yoast_head":"<!-- This site is optimized with the Yoast SEO plugin v25.7 - https:\/\/yoast.com\/wordpress\/plugins\/seo\/ -->\n<title>Representantes de 9 pa\u00edses participan en la capacitaci\u00f3n sobre la plataforma Mapa IberCultura Viva en Argentina - IberCultura Viva<\/title>\n<meta name=\"description\" content=\"Representantes de 9 pa\u00edses participan en la capacitaci\u00f3n sobre la plataforma Mapa IberCultura Viva en Argentina - IberCultura Viva\" \/>\n<meta name=\"robots\" content=\"index, follow, max-snippet:-1, max-image-preview:large, max-video-preview:-1\" \/>\n<link rel=\"canonical\" href=\"https:\/\/iberculturaviva.org\/es\/representantes-de-9-paises-participan-en-la-capacitacion-sobre-la-plataforma-mapa-ibercultura-viva-en-argentina\/\" \/>\n<meta property=\"og:locale\" content=\"es_ES\" \/>\n<meta property=\"og:type\" content=\"article\" \/>\n<meta property=\"og:title\" content=\"Representantes de 9 pa\u00edses participan en la capacitaci\u00f3n sobre la plataforma Mapa IberCultura Viva en Argentina - IberCultura Viva\" \/>\n<meta property=\"og:description\" content=\"Representantes de 9 pa\u00edses participan en la capacitaci\u00f3n sobre la plataforma Mapa IberCultura Viva en Argentina - IberCultura Viva\" \/>\n<meta property=\"og:url\" content=\"https:\/\/iberculturaviva.org\/es\/representantes-de-9-paises-participan-en-la-capacitacion-sobre-la-plataforma-mapa-ibercultura-viva-en-argentina\/\" \/>\n<meta property=\"og:site_name\" content=\"IberCultura Viva\" \/>\n<meta property=\"article:publisher\" content=\"https:\/\/www.facebook.com\/iberculturaviva\/\" \/>\n<meta property=\"article:published_time\" content=\"2019-05-14T19:19:11+00:00\" \/>\n<meta property=\"article:modified_time\" content=\"2021-01-06T20:04:09+00:00\" \/>\n<meta property=\"og:image\" content=\"https:\/\/iberculturaviva.org\/wp-content\/uploads\/2019\/05\/capacitacion3-e1598018237647.jpg\" \/>\n\t<meta property=\"og:image:width\" content=\"1280\" \/>\n\t<meta property=\"og:image:height\" content=\"960\" \/>\n\t<meta property=\"og:image:type\" content=\"image\/jpeg\" \/>\n<meta name=\"author\" content=\"IberCultura\" \/>\n<meta name=\"twitter:card\" content=\"summary_large_image\" \/>\n<meta name=\"twitter:label1\" content=\"Escrito por\" \/>\n\t<meta name=\"twitter:data1\" content=\"IberCultura\" \/>\n\t<meta name=\"twitter:label2\" content=\"Tiempo de lectura\" \/>\n\t<meta name=\"twitter:data2\" content=\"1 minuto\" \/>\n<script type=\"application\/ld+json\" class=\"yoast-schema-graph\">{\"@context\":\"https:\/\/schema.org\",\"@graph\":[{\"@type\":\"Article\",\"@id\":\"https:\/\/iberculturaviva.org\/es\/representantes-de-9-paises-participan-en-la-capacitacion-sobre-la-plataforma-mapa-ibercultura-viva-en-argentina\/#article\",\"isPartOf\":{\"@id\":\"https:\/\/iberculturaviva.org\/es\/representantes-de-9-paises-participan-en-la-capacitacion-sobre-la-plataforma-mapa-ibercultura-viva-en-argentina\/\"},\"author\":{\"name\":\"IberCultura\",\"@id\":\"https:\/\/iberculturaviva.org\/es\/?lang=es\/#\/schema\/person\/5d1313b072cc25536e0431522f740b59\"},\"headline\":\"Representantes de 9 pa\u00edses participan en la capacitaci\u00f3n sobre la plataforma Mapa IberCultura Viva en Argentina\",\"datePublished\":\"2019-05-14T19:19:11+00:00\",\"dateModified\":\"2021-01-06T20:04:09+00:00\",\"mainEntityOfPage\":{\"@id\":\"https:\/\/iberculturaviva.org\/es\/representantes-de-9-paises-participan-en-la-capacitacion-sobre-la-plataforma-mapa-ibercultura-viva-en-argentina\/\"},\"wordCount\":261,\"publisher\":{\"@id\":\"https:\/\/iberculturaviva.org\/es\/?lang=es\/#organization\"},\"image\":{\"@id\":\"https:\/\/iberculturaviva.org\/es\/representantes-de-9-paises-participan-en-la-capacitacion-sobre-la-plataforma-mapa-ibercultura-viva-en-argentina\/#primaryimage\"},\"thumbnailUrl\":\"https:\/\/iberculturaviva.org\/wp-content\/uploads\/2019\/05\/capacitacion3-e1598018237647.jpg\",\"articleSection\":[\"Noticias\"],\"inLanguage\":\"es\"},{\"@type\":\"WebPage\",\"@id\":\"https:\/\/iberculturaviva.org\/es\/representantes-de-9-paises-participan-en-la-capacitacion-sobre-la-plataforma-mapa-ibercultura-viva-en-argentina\/\",\"url\":\"https:\/\/iberculturaviva.org\/es\/representantes-de-9-paises-participan-en-la-capacitacion-sobre-la-plataforma-mapa-ibercultura-viva-en-argentina\/\",\"name\":\"Representantes de 9 pa\u00edses participan en la capacitaci\u00f3n sobre la plataforma Mapa IberCultura Viva en Argentina - IberCultura Viva\",\"isPartOf\":{\"@id\":\"https:\/\/iberculturaviva.org\/es\/?lang=es\/#website\"},\"primaryImageOfPage\":{\"@id\":\"https:\/\/iberculturaviva.org\/es\/representantes-de-9-paises-participan-en-la-capacitacion-sobre-la-plataforma-mapa-ibercultura-viva-en-argentina\/#primaryimage\"},\"image\":{\"@id\":\"https:\/\/iberculturaviva.org\/es\/representantes-de-9-paises-participan-en-la-capacitacion-sobre-la-plataforma-mapa-ibercultura-viva-en-argentina\/#primaryimage\"},\"thumbnailUrl\":\"https:\/\/iberculturaviva.org\/wp-content\/uploads\/2019\/05\/capacitacion3-e1598018237647.jpg\",\"datePublished\":\"2019-05-14T19:19:11+00:00\",\"dateModified\":\"2021-01-06T20:04:09+00:00\",\"description\":\"Representantes de 9 pa\u00edses participan en la capacitaci\u00f3n sobre la plataforma Mapa IberCultura Viva en Argentina - IberCultura Viva\",\"breadcrumb\":{\"@id\":\"https:\/\/iberculturaviva.org\/es\/representantes-de-9-paises-participan-en-la-capacitacion-sobre-la-plataforma-mapa-ibercultura-viva-en-argentina\/#breadcrumb\"},\"inLanguage\":\"es\",\"potentialAction\":[{\"@type\":\"ReadAction\",\"target\":[\"https:\/\/iberculturaviva.org\/es\/representantes-de-9-paises-participan-en-la-capacitacion-sobre-la-plataforma-mapa-ibercultura-viva-en-argentina\/\"]}]},{\"@type\":\"ImageObject\",\"inLanguage\":\"es\",\"@id\":\"https:\/\/iberculturaviva.org\/es\/representantes-de-9-paises-participan-en-la-capacitacion-sobre-la-plataforma-mapa-ibercultura-viva-en-argentina\/#primaryimage\",\"url\":\"https:\/\/iberculturaviva.org\/wp-content\/uploads\/2019\/05\/capacitacion3-e1598018237647.jpg\",\"contentUrl\":\"https:\/\/iberculturaviva.org\/wp-content\/uploads\/2019\/05\/capacitacion3-e1598018237647.jpg\",\"width\":1280,\"height\":960},{\"@type\":\"BreadcrumbList\",\"@id\":\"https:\/\/iberculturaviva.org\/es\/representantes-de-9-paises-participan-en-la-capacitacion-sobre-la-plataforma-mapa-ibercultura-viva-en-argentina\/#breadcrumb\",\"itemListElement\":[{\"@type\":\"ListItem\",\"position\":1,\"name\":\"In\u00edcio\",\"item\":\"https:\/\/iberculturaviva.org\/es\/inicio\/\"},{\"@type\":\"ListItem\",\"position\":2,\"name\":\"Representantes de 9 pa\u00edses participan en la capacitaci\u00f3n sobre la plataforma Mapa IberCultura Viva en Argentina\"}]},{\"@type\":\"WebSite\",\"@id\":\"https:\/\/iberculturaviva.org\/es\/?lang=es\/#website\",\"url\":\"https:\/\/iberculturaviva.org\/es\/?lang=es\/\",\"name\":\"IberCultura Viva\",\"description\":\"Programa de cooperaci\u00f3n cultural\",\"publisher\":{\"@id\":\"https:\/\/iberculturaviva.org\/es\/?lang=es\/#organization\"},\"potentialAction\":[{\"@type\":\"SearchAction\",\"target\":{\"@type\":\"EntryPoint\",\"urlTemplate\":\"https:\/\/iberculturaviva.org\/es\/?lang=es\/?s={search_term_string}\"},\"query-input\":{\"@type\":\"PropertyValueSpecification\",\"valueRequired\":true,\"valueName\":\"search_term_string\"}}],\"inLanguage\":\"es\"},{\"@type\":\"Organization\",\"@id\":\"https:\/\/iberculturaviva.org\/es\/?lang=es\/#organization\",\"name\":\"Iberculturaviva\",\"url\":\"https:\/\/iberculturaviva.org\/es\/?lang=es\/\",\"logo\":{\"@type\":\"ImageObject\",\"inLanguage\":\"es\",\"@id\":\"https:\/\/iberculturaviva.org\/es\/?lang=es\/#\/schema\/logo\/image\/\",\"url\":\"https:\/\/iberculturaviva.org\/wp-content\/uploads\/2021\/08\/logo_ibercultura_viva.jpg\",\"contentUrl\":\"https:\/\/iberculturaviva.org\/wp-content\/uploads\/2021\/08\/logo_ibercultura_viva.jpg\",\"width\":708,\"height\":223,\"caption\":\"Iberculturaviva\"},\"image\":{\"@id\":\"https:\/\/iberculturaviva.org\/es\/?lang=es\/#\/schema\/logo\/image\/\"},\"sameAs\":[\"https:\/\/www.facebook.com\/iberculturaviva\/\",\"https:\/\/www.instagram.com\/iberculturaviva\/\",\"https:\/\/www.youtube.com\/iberculturaviva\"]},{\"@type\":\"Person\",\"@id\":\"https:\/\/iberculturaviva.org\/es\/?lang=es\/#\/schema\/person\/5d1313b072cc25536e0431522f740b59\",\"name\":\"IberCultura\",\"image\":{\"@type\":\"ImageObject\",\"inLanguage\":\"es\",\"@id\":\"https:\/\/iberculturaviva.org\/es\/?lang=es\/#\/schema\/person\/image\/\",\"url\":\"https:\/\/secure.gravatar.com\/avatar\/79f1a057cb125cbefb3765d0356d52fc7f3bba3a35e2cf22bc4de090bb7aef70?s=96&d=mm&r=g\",\"contentUrl\":\"https:\/\/secure.gravatar.com\/avatar\/79f1a057cb125cbefb3765d0356d52fc7f3bba3a35e2cf22bc4de090bb7aef70?s=96&d=mm&r=g\",\"caption\":\"IberCultura\"}}]}<\/script>\n<!-- \/ Yoast SEO plugin. -->","yoast_head_json":{"title":"Representantes de 9 pa\u00edses participan en la capacitaci\u00f3n sobre la plataforma Mapa IberCultura Viva en Argentina - IberCultura Viva","description":"Representantes de 9 pa\u00edses participan en la capacitaci\u00f3n sobre la plataforma Mapa IberCultura Viva en Argentina - IberCultura Viva","robots":{"index":"index","follow":"follow","max-snippet":"max-snippet:-1","max-image-preview":"max-image-preview:large","max-video-preview":"max-video-preview:-1"},"canonical":"https:\/\/iberculturaviva.org\/es\/representantes-de-9-paises-participan-en-la-capacitacion-sobre-la-plataforma-mapa-ibercultura-viva-en-argentina\/","og_locale":"es_ES","og_type":"article","og_title":"Representantes de 9 pa\u00edses participan en la capacitaci\u00f3n sobre la plataforma Mapa IberCultura Viva en Argentina - IberCultura Viva","og_description":"Representantes de 9 pa\u00edses participan en la capacitaci\u00f3n sobre la plataforma Mapa IberCultura Viva en Argentina - IberCultura Viva","og_url":"https:\/\/iberculturaviva.org\/es\/representantes-de-9-paises-participan-en-la-capacitacion-sobre-la-plataforma-mapa-ibercultura-viva-en-argentina\/","og_site_name":"IberCultura Viva","article_publisher":"https:\/\/www.facebook.com\/iberculturaviva\/","article_published_time":"2019-05-14T19:19:11+00:00","article_modified_time":"2021-01-06T20:04:09+00:00","og_image":[{"width":1280,"height":960,"url":"https:\/\/iberculturaviva.org\/wp-content\/uploads\/2019\/05\/capacitacion3-e1598018237647.jpg","type":"image\/jpeg"}],"author":"IberCultura","twitter_card":"summary_large_image","twitter_misc":{"Escrito por":"IberCultura","Tiempo de lectura":"1 minuto"},"schema":{"@context":"https:\/\/schema.org","@graph":[{"@type":"Article","@id":"https:\/\/iberculturaviva.org\/es\/representantes-de-9-paises-participan-en-la-capacitacion-sobre-la-plataforma-mapa-ibercultura-viva-en-argentina\/#article","isPartOf":{"@id":"https:\/\/iberculturaviva.org\/es\/representantes-de-9-paises-participan-en-la-capacitacion-sobre-la-plataforma-mapa-ibercultura-viva-en-argentina\/"},"author":{"name":"IberCultura","@id":"https:\/\/iberculturaviva.org\/es\/?lang=es\/#\/schema\/person\/5d1313b072cc25536e0431522f740b59"},"headline":"Representantes de 9 pa\u00edses participan en la capacitaci\u00f3n sobre la plataforma Mapa IberCultura Viva en Argentina","datePublished":"2019-05-14T19:19:11+00:00","dateModified":"2021-01-06T20:04:09+00:00","mainEntityOfPage":{"@id":"https:\/\/iberculturaviva.org\/es\/representantes-de-9-paises-participan-en-la-capacitacion-sobre-la-plataforma-mapa-ibercultura-viva-en-argentina\/"},"wordCount":261,"publisher":{"@id":"https:\/\/iberculturaviva.org\/es\/?lang=es\/#organization"},"image":{"@id":"https:\/\/iberculturaviva.org\/es\/representantes-de-9-paises-participan-en-la-capacitacion-sobre-la-plataforma-mapa-ibercultura-viva-en-argentina\/#primaryimage"},"thumbnailUrl":"https:\/\/iberculturaviva.org\/wp-content\/uploads\/2019\/05\/capacitacion3-e1598018237647.jpg","articleSection":["Noticias"],"inLanguage":"es"},{"@type":"WebPage","@id":"https:\/\/iberculturaviva.org\/es\/representantes-de-9-paises-participan-en-la-capacitacion-sobre-la-plataforma-mapa-ibercultura-viva-en-argentina\/","url":"https:\/\/iberculturaviva.org\/es\/representantes-de-9-paises-participan-en-la-capacitacion-sobre-la-plataforma-mapa-ibercultura-viva-en-argentina\/","name":"Representantes de 9 pa\u00edses participan en la capacitaci\u00f3n sobre la plataforma Mapa IberCultura Viva en Argentina - IberCultura Viva","isPartOf":{"@id":"https:\/\/iberculturaviva.org\/es\/?lang=es\/#website"},"primaryImageOfPage":{"@id":"https:\/\/iberculturaviva.org\/es\/representantes-de-9-paises-participan-en-la-capacitacion-sobre-la-plataforma-mapa-ibercultura-viva-en-argentina\/#primaryimage"},"image":{"@id":"https:\/\/iberculturaviva.org\/es\/representantes-de-9-paises-participan-en-la-capacitacion-sobre-la-plataforma-mapa-ibercultura-viva-en-argentina\/#primaryimage"},"thumbnailUrl":"https:\/\/iberculturaviva.org\/wp-content\/uploads\/2019\/05\/capacitacion3-e1598018237647.jpg","datePublished":"2019-05-14T19:19:11+00:00","dateModified":"2021-01-06T20:04:09+00:00","description":"Representantes de 9 pa\u00edses participan en la capacitaci\u00f3n sobre la plataforma Mapa IberCultura Viva en Argentina - IberCultura Viva","breadcrumb":{"@id":"https:\/\/iberculturaviva.org\/es\/representantes-de-9-paises-participan-en-la-capacitacion-sobre-la-plataforma-mapa-ibercultura-viva-en-argentina\/#breadcrumb"},"inLanguage":"es","potentialAction":[{"@type":"ReadAction","target":["https:\/\/iberculturaviva.org\/es\/representantes-de-9-paises-participan-en-la-capacitacion-sobre-la-plataforma-mapa-ibercultura-viva-en-argentina\/"]}]},{"@type":"ImageObject","inLanguage":"es","@id":"https:\/\/iberculturaviva.org\/es\/representantes-de-9-paises-participan-en-la-capacitacion-sobre-la-plataforma-mapa-ibercultura-viva-en-argentina\/#primaryimage","url":"https:\/\/iberculturaviva.org\/wp-content\/uploads\/2019\/05\/capacitacion3-e1598018237647.jpg","contentUrl":"https:\/\/iberculturaviva.org\/wp-content\/uploads\/2019\/05\/capacitacion3-e1598018237647.jpg","width":1280,"height":960},{"@type":"BreadcrumbList","@id":"https:\/\/iberculturaviva.org\/es\/representantes-de-9-paises-participan-en-la-capacitacion-sobre-la-plataforma-mapa-ibercultura-viva-en-argentina\/#breadcrumb","itemListElement":[{"@type":"ListItem","position":1,"name":"In\u00edcio","item":"https:\/\/iberculturaviva.org\/es\/inicio\/"},{"@type":"ListItem","position":2,"name":"Representantes de 9 pa\u00edses participan en la capacitaci\u00f3n sobre la plataforma Mapa IberCultura Viva en Argentina"}]},{"@type":"WebSite","@id":"https:\/\/iberculturaviva.org\/es\/?lang=es\/#website","url":"https:\/\/iberculturaviva.org\/es\/?lang=es\/","name":"IberCultura Viva","description":"Programa de cooperaci\u00f3n cultural","publisher":{"@id":"https:\/\/iberculturaviva.org\/es\/?lang=es\/#organization"},"potentialAction":[{"@type":"SearchAction","target":{"@type":"EntryPoint","urlTemplate":"https:\/\/iberculturaviva.org\/es\/?lang=es\/?s={search_term_string}"},"query-input":{"@type":"PropertyValueSpecification","valueRequired":true,"valueName":"search_term_string"}}],"inLanguage":"es"},{"@type":"Organization","@id":"https:\/\/iberculturaviva.org\/es\/?lang=es\/#organization","name":"Iberculturaviva","url":"https:\/\/iberculturaviva.org\/es\/?lang=es\/","logo":{"@type":"ImageObject","inLanguage":"es","@id":"https:\/\/iberculturaviva.org\/es\/?lang=es\/#\/schema\/logo\/image\/","url":"https:\/\/iberculturaviva.org\/wp-content\/uploads\/2021\/08\/logo_ibercultura_viva.jpg","contentUrl":"https:\/\/iberculturaviva.org\/wp-content\/uploads\/2021\/08\/logo_ibercultura_viva.jpg","width":708,"height":223,"caption":"Iberculturaviva"},"image":{"@id":"https:\/\/iberculturaviva.org\/es\/?lang=es\/#\/schema\/logo\/image\/"},"sameAs":["https:\/\/www.facebook.com\/iberculturaviva\/","https:\/\/www.instagram.com\/iberculturaviva\/","https:\/\/www.youtube.com\/iberculturaviva"]},{"@type":"Person","@id":"https:\/\/iberculturaviva.org\/es\/?lang=es\/#\/schema\/person\/5d1313b072cc25536e0431522f740b59","name":"IberCultura","image":{"@type":"ImageObject","inLanguage":"es","@id":"https:\/\/iberculturaviva.org\/es\/?lang=es\/#\/schema\/person\/image\/","url":"https:\/\/secure.gravatar.com\/avatar\/79f1a057cb125cbefb3765d0356d52fc7f3bba3a35e2cf22bc4de090bb7aef70?s=96&d=mm&r=g","contentUrl":"https:\/\/secure.gravatar.com\/avatar\/79f1a057cb125cbefb3765d0356d52fc7f3bba3a35e2cf22bc4de090bb7aef70?s=96&d=mm&r=g","caption":"IberCultura"}}]}},"main_category":{"link":"https:\/\/iberculturaviva.org\/es\/category\/noticias-es\/","name":"Noticias","slug":"noticias-es"},"_links":{"self":[{"href":"https:\/\/iberculturaviva.org\/es\/wp-json\/wp\/v2\/posts\/16570","targetHints":{"allow":["GET"]}}],"collection":[{"href":"https:\/\/iberculturaviva.org\/es\/wp-json\/wp\/v2\/posts"}],"about":[{"href":"https:\/\/iberculturaviva.org\/es\/wp-json\/wp\/v2\/types\/post"}],"author":[{"embeddable":true,"href":"https:\/\/iberculturaviva.org\/es\/wp-json\/wp\/v2\/users\/2"}],"replies":[{"embeddable":true,"href":"https:\/\/iberculturaviva.org\/es\/wp-json\/wp\/v2\/comments?post=16570"}],"version-history":[{"count":1,"href":"https:\/\/iberculturaviva.org\/es\/wp-json\/wp\/v2\/posts\/16570\/revisions"}],"predecessor-version":[{"id":22580,"href":"https:\/\/iberculturaviva.org\/es\/wp-json\/wp\/v2\/posts\/16570\/revisions\/22580"}],"wp:featuredmedia":[{"embeddable":true,"href":"https:\/\/iberculturaviva.org\/es\/wp-json\/wp\/v2\/media\/20519"}],"wp:attachment":[{"href":"https:\/\/iberculturaviva.org\/es\/wp-json\/wp\/v2\/media?parent=16570"}],"wp:term":[{"taxonomy":"category","embeddable":true,"href":"https:\/\/iberculturaviva.org\/es\/wp-json\/wp\/v2\/categories?post=16570"},{"taxonomy":"post_tag","embeddable":true,"href":"https:\/\/iberculturaviva.org\/es\/wp-json\/wp\/v2\/tags?post=16570"},{"taxonomy":"country-municipality","embeddable":true,"href":"https:\/\/iberculturaviva.org\/es\/wp-json\/wp\/v2\/country-municipality?post=16570"}],"curies":[{"name":"wp","href":"https:\/\/api.w.org\/{rel}","templated":true}]}}