{"id":16548,"date":"2019-04-03T10:25:55","date_gmt":"2019-04-03T13:25:55","guid":{"rendered":"https:\/\/iberculturaviva.org\/el-concurso-sabor-a-iberoamerica-premiara-recetas-de-comunidades-migrantes-con-historias-para-contar\/"},"modified":"2021-01-06T17:05:32","modified_gmt":"2021-01-06T20:05:32","slug":"el-concurso-sabor-a-iberoamerica-premiara-recetas-de-comunidades-migrantes-con-historias-para-contar","status":"publish","type":"post","link":"https:\/\/iberculturaviva.org\/es\/el-concurso-sabor-a-iberoamerica-premiara-recetas-de-comunidades-migrantes-con-historias-para-contar\/","title":{"rendered":"El concurso \u201cSabor a Iberoam\u00e9rica\u201d premiar\u00e1 recetas de comunidades migrantes con historias para contar"},"content":{"rendered":"<p style=\"text-align: justify;\"><span style=\"font-weight: 400;\">Los programas de cooperaci\u00f3n IberCultura Viva e <\/span><a href=\"https:\/\/iber-rutas.org\/\"><span style=\"font-weight: 400;\">IBER-RUTAS<\/span><\/a><span style=\"font-weight: 400;\">\u00a0y la iniciativa <\/span><a href=\"https:\/\/www.ibercocinas.org\/\"><span style=\"font-weight: 400;\">IberCocinas<\/span><\/a>, junto con l<span style=\"font-weight: 400;\">a <a href=\"https:\/\/www.segib.org\/\">Secretar\u00eda General Iberoamericana (SEGIB)<\/a>, presentan el concurso \u201cSabor a Iberoam\u00e9rica\u201d, que premiar\u00e1 historias de recetas culinarias tradicionales de las comunidades migrantes de la regi\u00f3n.<\/span><\/p>\n<p style=\"text-align: justify;\"><span style=\"font-weight: 400;\">El certamen busca fortalecer la visi\u00f3n de Iberoam\u00e9rica como una regi\u00f3n cuyo desarrollo ha estado estrechamente vinculado a las migraciones internacionales.\u00a0<\/span><span style=\"font-weight: 400;\">Su meta es visibilizar las experiencias de interculturalidad que se dan a trav\u00e9s de la cocina tradicional y la innovaci\u00f3n creativa como expresi\u00f3n de la diversidad<\/span><span style=\"font-weight: 400;\">.<\/span><\/p>\n<p style=\"text-align: justify;\"><span style=\"font-weight: 400;\"><a href=\"https:\/\/iberculturaviva.org\/wp-content\/uploads\/2019\/06\/FB_Sabor_ES.jpg\"><img loading=\"lazy\" decoding=\"async\" class=\" wp-image-12258 alignright\" src=\"https:\/\/iberculturaviva.org\/wp-content\/uploads\/2019\/06\/FB_Sabor_ES-960x960.jpg\" alt=\"\" width=\"228\" height=\"228\" \/><\/a>Las inscripciones estar\u00e1n abiertas del 3<\/span><span style=\"font-weight: 400;\"> de abril al 15 de julio<\/span><span style=\"font-weight: 400;\"> y se realizar\u00e1n por medio de la plataforma <\/span><a href=\"https:\/\/mapa.iberculturaviva.org\/\"><span style=\"font-weight: 400;\">Mapa IberCultura Viva<\/span><\/a><span style=\"font-weight: 400;\">. Pueden participar de la convocatoria <\/span><span style=\"font-weight: 400;\">personas mayores de 18 a\u00f1os de nacionalidad y residencia de alguno de los 22 pa\u00edses de Iberoam\u00e9rica. Las 10 mejores propuestas recibir\u00e1n premios de US$ 500 cada una. <\/span><\/p>\n<p style=\"text-align: justify;\"><span style=\"font-weight: 400;\">Las personas interesadas en participar del concurso deben enviar propuestas que cuenten una receta (tradicional, ancestral y\/o significativa) de su comunidad de procedencia, la historia que est\u00e1 detr\u00e1s de ella, y la forma en que esa receta se inserta en la comunidad de acogida en el marco de una experiencia migratoria. Se puede complementar el formulario con un video de realizaci\u00f3n no profesional (con un m\u00e1ximo de 5 minutos de duraci\u00f3n) que muestre c\u00f3mo se elabora la receta, el entorno, etc.<\/span><\/p>\n<p style=\"text-align: justify;\"><span style=\"font-weight: 400;\">Entre los criterios de evaluaci\u00f3n se encuentran la representatividad de la preparaci\u00f3n para la comunidad de origen; el proceso de interculturalidad en la experiencia de inserci\u00f3n en la comunidad receptora; la originalidad de la historia; el origen de la receta, ingredientes y su historia, y la presencia de significaciones y valores asociados.<\/span><\/p>\n<p><em>(* Texto actualizado el 3 de junio de 2019)<\/em><\/p>\n<p>https:\/\/www.facebook.com\/SEGIB\/videos\/462577417615760\/<\/p>\n<h4><\/h4>\n<p><strong>Revisa las bases<\/strong>:\u00a0<a href=\"https:\/\/bit.ly\/2JVSypZ\">https:\/\/bit.ly\/2JVSypZ<\/a><\/p>\n<p><strong>Inscripciones<\/strong>:\u00a0<a href=\"https:\/\/mapa.iberculturaviva.org\/oportunidade\/75\/\">https:\/\/mapa.iberculturaviva.org\/oportunidade\/75\/<\/a>\u00a0(en espa\u00f1ol)<\/p>\n<p><a href=\"https:\/\/mapa.iberculturaviva.org\/oportunidade\/76\/\">https:\/\/mapa.iberculturaviva.org\/oportunidade\/76\/<\/a>\u00a0\u00a0(en portugu\u00e9s)<\/p>\n<p>&nbsp;<\/p>\n<p><strong>C\u00f3mo registrarse en el Mapa IberCultura Viva<\/strong>:\u00a0<a href=\"https:\/\/iberculturaviva.org\/es\/manual\/\">https:\/\/iberculturaviva.org\/manual\/<\/a><\/p>\n<p><strong>Consultas<\/strong>: \u00a0<a href=\"mailto:programa@iberculturaviva.org\">programa@iberculturaviva.org<\/a><\/p>\n<p>&nbsp;<\/p>\n<p><strong>Lea tambi\u00e9n<\/strong>:<\/p>\n<p><a href=\"https:\/\/iberculturaviva.org\/es\/como-inscribirse-en-el-concurso-sabor-a-iberoamerica-que-premiara-recetas-de-comunidades-migrantes\/\">C\u00f3mo inscribirse en el concurso Sabor a Iberoam\u00e9rica, que premiar\u00e1 recetas de comunidades migrantes<\/a><\/p>\n<p>&nbsp;<\/p>\n","protected":false},"excerpt":{"rendered":"<p>Los programas de cooperaci\u00f3n IberCultura Viva e IBER-RUTAS\u00a0y la iniciativa IberCocinas, junto con la Secretar\u00eda General Iberoamericana (SEGIB), presentan el concurso \u201cSabor a Iberoam\u00e9rica\u201d, que premiar\u00e1 historias de recetas culinarias [&hellip;]<\/p>\n","protected":false},"author":2,"featured_media":20322,"comment_status":"closed","ping_status":"closed","sticky":false,"template":"","format":"standard","meta":{"_coblocks_attr":"","_coblocks_dimensions":"","_coblocks_responsive_height":"","_coblocks_accordion_ie_support":"","_EventAllDay":false,"_EventTimezone":"","_EventStartDate":"","_EventEndDate":"","_EventStartDateUTC":"","_EventEndDateUTC":"","_EventShowMap":false,"_EventShowMapLink":false,"_EventURL":"","_EventCost":"","_EventCostDescription":"","_EventCurrencySymbol":"","_EventCurrencyCode":"","_EventCurrencyPosition":"","_EventDateTimeSeparator":"","_EventTimeRangeSeparator":"","_EventOrganizerID":[],"_EventVenueID":[],"_OrganizerEmail":"","_OrganizerPhone":"","_OrganizerWebsite":"","_VenueAddress":"","_VenueCity":"","_VenueCountry":"","_VenueProvince":"","_VenueState":"","_VenueZip":"","_VenuePhone":"","_VenueURL":"","_VenueStateProvince":"","_VenueLat":"","_VenueLng":"","_VenueShowMap":false,"_VenueShowMapLink":false,"footnotes":""},"categories":[250,262],"tags":[],"country-municipality":[],"class_list":["post-16548","post","type-post","status-publish","format-standard","has-post-thumbnail","hentry","category-convocatorias","category-noticias-es"],"yoast_head":"<!-- This site is optimized with the Yoast SEO plugin v25.7 - https:\/\/yoast.com\/wordpress\/plugins\/seo\/ -->\n<title>El concurso \u201cSabor a Iberoam\u00e9rica\u201d premiar\u00e1 recetas de comunidades migrantes con historias para contar - IberCultura Viva<\/title>\n<meta name=\"description\" content=\"El concurso \u201cSabor a Iberoam\u00e9rica\u201d premiar\u00e1 recetas de comunidades migrantes con historias para contar - IberCultura Viva\" \/>\n<meta name=\"robots\" content=\"index, follow, max-snippet:-1, max-image-preview:large, max-video-preview:-1\" \/>\n<link rel=\"canonical\" href=\"https:\/\/iberculturaviva.org\/es\/el-concurso-sabor-a-iberoamerica-premiara-recetas-de-comunidades-migrantes-con-historias-para-contar\/\" \/>\n<meta property=\"og:locale\" content=\"es_ES\" \/>\n<meta property=\"og:type\" content=\"article\" \/>\n<meta property=\"og:title\" content=\"El concurso \u201cSabor a Iberoam\u00e9rica\u201d premiar\u00e1 recetas de comunidades migrantes con historias para contar - IberCultura Viva\" \/>\n<meta property=\"og:description\" content=\"El concurso \u201cSabor a Iberoam\u00e9rica\u201d premiar\u00e1 recetas de comunidades migrantes con historias para contar - IberCultura Viva\" \/>\n<meta property=\"og:url\" content=\"https:\/\/iberculturaviva.org\/es\/el-concurso-sabor-a-iberoamerica-premiara-recetas-de-comunidades-migrantes-con-historias-para-contar\/\" \/>\n<meta property=\"og:site_name\" content=\"IberCultura Viva\" \/>\n<meta property=\"article:publisher\" content=\"https:\/\/www.facebook.com\/iberculturaviva\/\" \/>\n<meta property=\"article:published_time\" content=\"2019-04-03T13:25:55+00:00\" \/>\n<meta property=\"article:modified_time\" content=\"2021-01-06T20:05:32+00:00\" \/>\n<meta property=\"og:image\" content=\"https:\/\/iberculturaviva.org\/wp-content\/uploads\/2019\/04\/TW_Sabor_ES-1.jpg\" \/>\n\t<meta property=\"og:image:width\" content=\"800\" \/>\n\t<meta property=\"og:image:height\" content=\"444\" \/>\n\t<meta property=\"og:image:type\" content=\"image\/jpeg\" \/>\n<meta name=\"author\" content=\"IberCultura\" \/>\n<meta name=\"twitter:card\" content=\"summary_large_image\" \/>\n<meta name=\"twitter:label1\" content=\"Escrito por\" \/>\n\t<meta name=\"twitter:data1\" content=\"IberCultura\" \/>\n\t<meta name=\"twitter:label2\" content=\"Tiempo de lectura\" \/>\n\t<meta name=\"twitter:data2\" content=\"2 minutos\" \/>\n<script type=\"application\/ld+json\" class=\"yoast-schema-graph\">{\"@context\":\"https:\/\/schema.org\",\"@graph\":[{\"@type\":\"Article\",\"@id\":\"https:\/\/iberculturaviva.org\/es\/el-concurso-sabor-a-iberoamerica-premiara-recetas-de-comunidades-migrantes-con-historias-para-contar\/#article\",\"isPartOf\":{\"@id\":\"https:\/\/iberculturaviva.org\/es\/el-concurso-sabor-a-iberoamerica-premiara-recetas-de-comunidades-migrantes-con-historias-para-contar\/\"},\"author\":{\"name\":\"IberCultura\",\"@id\":\"https:\/\/iberculturaviva.org\/es\/?lang=es\/#\/schema\/person\/5d1313b072cc25536e0431522f740b59\"},\"headline\":\"El concurso \u201cSabor a Iberoam\u00e9rica\u201d premiar\u00e1 recetas de comunidades migrantes con historias para contar\",\"datePublished\":\"2019-04-03T13:25:55+00:00\",\"dateModified\":\"2021-01-06T20:05:32+00:00\",\"mainEntityOfPage\":{\"@id\":\"https:\/\/iberculturaviva.org\/es\/el-concurso-sabor-a-iberoamerica-premiara-recetas-de-comunidades-migrantes-con-historias-para-contar\/\"},\"wordCount\":382,\"publisher\":{\"@id\":\"https:\/\/iberculturaviva.org\/es\/?lang=es\/#organization\"},\"image\":{\"@id\":\"https:\/\/iberculturaviva.org\/es\/el-concurso-sabor-a-iberoamerica-premiara-recetas-de-comunidades-migrantes-con-historias-para-contar\/#primaryimage\"},\"thumbnailUrl\":\"https:\/\/iberculturaviva.org\/wp-content\/uploads\/2019\/04\/TW_Sabor_ES-1.jpg\",\"articleSection\":[\"Convocatorias\",\"Noticias\"],\"inLanguage\":\"es\"},{\"@type\":\"WebPage\",\"@id\":\"https:\/\/iberculturaviva.org\/es\/el-concurso-sabor-a-iberoamerica-premiara-recetas-de-comunidades-migrantes-con-historias-para-contar\/\",\"url\":\"https:\/\/iberculturaviva.org\/es\/el-concurso-sabor-a-iberoamerica-premiara-recetas-de-comunidades-migrantes-con-historias-para-contar\/\",\"name\":\"El concurso \u201cSabor a Iberoam\u00e9rica\u201d premiar\u00e1 recetas de comunidades migrantes con historias para contar - IberCultura Viva\",\"isPartOf\":{\"@id\":\"https:\/\/iberculturaviva.org\/es\/?lang=es\/#website\"},\"primaryImageOfPage\":{\"@id\":\"https:\/\/iberculturaviva.org\/es\/el-concurso-sabor-a-iberoamerica-premiara-recetas-de-comunidades-migrantes-con-historias-para-contar\/#primaryimage\"},\"image\":{\"@id\":\"https:\/\/iberculturaviva.org\/es\/el-concurso-sabor-a-iberoamerica-premiara-recetas-de-comunidades-migrantes-con-historias-para-contar\/#primaryimage\"},\"thumbnailUrl\":\"https:\/\/iberculturaviva.org\/wp-content\/uploads\/2019\/04\/TW_Sabor_ES-1.jpg\",\"datePublished\":\"2019-04-03T13:25:55+00:00\",\"dateModified\":\"2021-01-06T20:05:32+00:00\",\"description\":\"El concurso \u201cSabor a Iberoam\u00e9rica\u201d premiar\u00e1 recetas de comunidades migrantes con historias para contar - IberCultura Viva\",\"breadcrumb\":{\"@id\":\"https:\/\/iberculturaviva.org\/es\/el-concurso-sabor-a-iberoamerica-premiara-recetas-de-comunidades-migrantes-con-historias-para-contar\/#breadcrumb\"},\"inLanguage\":\"es\",\"potentialAction\":[{\"@type\":\"ReadAction\",\"target\":[\"https:\/\/iberculturaviva.org\/es\/el-concurso-sabor-a-iberoamerica-premiara-recetas-de-comunidades-migrantes-con-historias-para-contar\/\"]}]},{\"@type\":\"ImageObject\",\"inLanguage\":\"es\",\"@id\":\"https:\/\/iberculturaviva.org\/es\/el-concurso-sabor-a-iberoamerica-premiara-recetas-de-comunidades-migrantes-con-historias-para-contar\/#primaryimage\",\"url\":\"https:\/\/iberculturaviva.org\/wp-content\/uploads\/2019\/04\/TW_Sabor_ES-1.jpg\",\"contentUrl\":\"https:\/\/iberculturaviva.org\/wp-content\/uploads\/2019\/04\/TW_Sabor_ES-1.jpg\",\"width\":800,\"height\":444},{\"@type\":\"BreadcrumbList\",\"@id\":\"https:\/\/iberculturaviva.org\/es\/el-concurso-sabor-a-iberoamerica-premiara-recetas-de-comunidades-migrantes-con-historias-para-contar\/#breadcrumb\",\"itemListElement\":[{\"@type\":\"ListItem\",\"position\":1,\"name\":\"In\u00edcio\",\"item\":\"https:\/\/iberculturaviva.org\/es\/inicio\/\"},{\"@type\":\"ListItem\",\"position\":2,\"name\":\"El concurso \u201cSabor a Iberoam\u00e9rica\u201d premiar\u00e1 recetas de comunidades migrantes con historias para contar\"}]},{\"@type\":\"WebSite\",\"@id\":\"https:\/\/iberculturaviva.org\/es\/?lang=es\/#website\",\"url\":\"https:\/\/iberculturaviva.org\/es\/?lang=es\/\",\"name\":\"IberCultura Viva\",\"description\":\"Programa de cooperaci\u00f3n cultural\",\"publisher\":{\"@id\":\"https:\/\/iberculturaviva.org\/es\/?lang=es\/#organization\"},\"potentialAction\":[{\"@type\":\"SearchAction\",\"target\":{\"@type\":\"EntryPoint\",\"urlTemplate\":\"https:\/\/iberculturaviva.org\/es\/?lang=es\/?s={search_term_string}\"},\"query-input\":{\"@type\":\"PropertyValueSpecification\",\"valueRequired\":true,\"valueName\":\"search_term_string\"}}],\"inLanguage\":\"es\"},{\"@type\":\"Organization\",\"@id\":\"https:\/\/iberculturaviva.org\/es\/?lang=es\/#organization\",\"name\":\"Iberculturaviva\",\"url\":\"https:\/\/iberculturaviva.org\/es\/?lang=es\/\",\"logo\":{\"@type\":\"ImageObject\",\"inLanguage\":\"es\",\"@id\":\"https:\/\/iberculturaviva.org\/es\/?lang=es\/#\/schema\/logo\/image\/\",\"url\":\"https:\/\/iberculturaviva.org\/wp-content\/uploads\/2021\/08\/logo_ibercultura_viva.jpg\",\"contentUrl\":\"https:\/\/iberculturaviva.org\/wp-content\/uploads\/2021\/08\/logo_ibercultura_viva.jpg\",\"width\":708,\"height\":223,\"caption\":\"Iberculturaviva\"},\"image\":{\"@id\":\"https:\/\/iberculturaviva.org\/es\/?lang=es\/#\/schema\/logo\/image\/\"},\"sameAs\":[\"https:\/\/www.facebook.com\/iberculturaviva\/\",\"https:\/\/www.instagram.com\/iberculturaviva\/\",\"https:\/\/www.youtube.com\/iberculturaviva\"]},{\"@type\":\"Person\",\"@id\":\"https:\/\/iberculturaviva.org\/es\/?lang=es\/#\/schema\/person\/5d1313b072cc25536e0431522f740b59\",\"name\":\"IberCultura\",\"image\":{\"@type\":\"ImageObject\",\"inLanguage\":\"es\",\"@id\":\"https:\/\/iberculturaviva.org\/es\/?lang=es\/#\/schema\/person\/image\/\",\"url\":\"https:\/\/secure.gravatar.com\/avatar\/79f1a057cb125cbefb3765d0356d52fc7f3bba3a35e2cf22bc4de090bb7aef70?s=96&d=mm&r=g\",\"contentUrl\":\"https:\/\/secure.gravatar.com\/avatar\/79f1a057cb125cbefb3765d0356d52fc7f3bba3a35e2cf22bc4de090bb7aef70?s=96&d=mm&r=g\",\"caption\":\"IberCultura\"}}]}<\/script>\n<!-- \/ Yoast SEO plugin. -->","yoast_head_json":{"title":"El concurso \u201cSabor a Iberoam\u00e9rica\u201d premiar\u00e1 recetas de comunidades migrantes con historias para contar - IberCultura Viva","description":"El concurso \u201cSabor a Iberoam\u00e9rica\u201d premiar\u00e1 recetas de comunidades migrantes con historias para contar - IberCultura Viva","robots":{"index":"index","follow":"follow","max-snippet":"max-snippet:-1","max-image-preview":"max-image-preview:large","max-video-preview":"max-video-preview:-1"},"canonical":"https:\/\/iberculturaviva.org\/es\/el-concurso-sabor-a-iberoamerica-premiara-recetas-de-comunidades-migrantes-con-historias-para-contar\/","og_locale":"es_ES","og_type":"article","og_title":"El concurso \u201cSabor a Iberoam\u00e9rica\u201d premiar\u00e1 recetas de comunidades migrantes con historias para contar - IberCultura Viva","og_description":"El concurso \u201cSabor a Iberoam\u00e9rica\u201d premiar\u00e1 recetas de comunidades migrantes con historias para contar - IberCultura Viva","og_url":"https:\/\/iberculturaviva.org\/es\/el-concurso-sabor-a-iberoamerica-premiara-recetas-de-comunidades-migrantes-con-historias-para-contar\/","og_site_name":"IberCultura Viva","article_publisher":"https:\/\/www.facebook.com\/iberculturaviva\/","article_published_time":"2019-04-03T13:25:55+00:00","article_modified_time":"2021-01-06T20:05:32+00:00","og_image":[{"width":800,"height":444,"url":"https:\/\/iberculturaviva.org\/wp-content\/uploads\/2019\/04\/TW_Sabor_ES-1.jpg","type":"image\/jpeg"}],"author":"IberCultura","twitter_card":"summary_large_image","twitter_misc":{"Escrito por":"IberCultura","Tiempo de lectura":"2 minutos"},"schema":{"@context":"https:\/\/schema.org","@graph":[{"@type":"Article","@id":"https:\/\/iberculturaviva.org\/es\/el-concurso-sabor-a-iberoamerica-premiara-recetas-de-comunidades-migrantes-con-historias-para-contar\/#article","isPartOf":{"@id":"https:\/\/iberculturaviva.org\/es\/el-concurso-sabor-a-iberoamerica-premiara-recetas-de-comunidades-migrantes-con-historias-para-contar\/"},"author":{"name":"IberCultura","@id":"https:\/\/iberculturaviva.org\/es\/?lang=es\/#\/schema\/person\/5d1313b072cc25536e0431522f740b59"},"headline":"El concurso \u201cSabor a Iberoam\u00e9rica\u201d premiar\u00e1 recetas de comunidades migrantes con historias para contar","datePublished":"2019-04-03T13:25:55+00:00","dateModified":"2021-01-06T20:05:32+00:00","mainEntityOfPage":{"@id":"https:\/\/iberculturaviva.org\/es\/el-concurso-sabor-a-iberoamerica-premiara-recetas-de-comunidades-migrantes-con-historias-para-contar\/"},"wordCount":382,"publisher":{"@id":"https:\/\/iberculturaviva.org\/es\/?lang=es\/#organization"},"image":{"@id":"https:\/\/iberculturaviva.org\/es\/el-concurso-sabor-a-iberoamerica-premiara-recetas-de-comunidades-migrantes-con-historias-para-contar\/#primaryimage"},"thumbnailUrl":"https:\/\/iberculturaviva.org\/wp-content\/uploads\/2019\/04\/TW_Sabor_ES-1.jpg","articleSection":["Convocatorias","Noticias"],"inLanguage":"es"},{"@type":"WebPage","@id":"https:\/\/iberculturaviva.org\/es\/el-concurso-sabor-a-iberoamerica-premiara-recetas-de-comunidades-migrantes-con-historias-para-contar\/","url":"https:\/\/iberculturaviva.org\/es\/el-concurso-sabor-a-iberoamerica-premiara-recetas-de-comunidades-migrantes-con-historias-para-contar\/","name":"El concurso \u201cSabor a Iberoam\u00e9rica\u201d premiar\u00e1 recetas de comunidades migrantes con historias para contar - IberCultura Viva","isPartOf":{"@id":"https:\/\/iberculturaviva.org\/es\/?lang=es\/#website"},"primaryImageOfPage":{"@id":"https:\/\/iberculturaviva.org\/es\/el-concurso-sabor-a-iberoamerica-premiara-recetas-de-comunidades-migrantes-con-historias-para-contar\/#primaryimage"},"image":{"@id":"https:\/\/iberculturaviva.org\/es\/el-concurso-sabor-a-iberoamerica-premiara-recetas-de-comunidades-migrantes-con-historias-para-contar\/#primaryimage"},"thumbnailUrl":"https:\/\/iberculturaviva.org\/wp-content\/uploads\/2019\/04\/TW_Sabor_ES-1.jpg","datePublished":"2019-04-03T13:25:55+00:00","dateModified":"2021-01-06T20:05:32+00:00","description":"El concurso \u201cSabor a Iberoam\u00e9rica\u201d premiar\u00e1 recetas de comunidades migrantes con historias para contar - IberCultura Viva","breadcrumb":{"@id":"https:\/\/iberculturaviva.org\/es\/el-concurso-sabor-a-iberoamerica-premiara-recetas-de-comunidades-migrantes-con-historias-para-contar\/#breadcrumb"},"inLanguage":"es","potentialAction":[{"@type":"ReadAction","target":["https:\/\/iberculturaviva.org\/es\/el-concurso-sabor-a-iberoamerica-premiara-recetas-de-comunidades-migrantes-con-historias-para-contar\/"]}]},{"@type":"ImageObject","inLanguage":"es","@id":"https:\/\/iberculturaviva.org\/es\/el-concurso-sabor-a-iberoamerica-premiara-recetas-de-comunidades-migrantes-con-historias-para-contar\/#primaryimage","url":"https:\/\/iberculturaviva.org\/wp-content\/uploads\/2019\/04\/TW_Sabor_ES-1.jpg","contentUrl":"https:\/\/iberculturaviva.org\/wp-content\/uploads\/2019\/04\/TW_Sabor_ES-1.jpg","width":800,"height":444},{"@type":"BreadcrumbList","@id":"https:\/\/iberculturaviva.org\/es\/el-concurso-sabor-a-iberoamerica-premiara-recetas-de-comunidades-migrantes-con-historias-para-contar\/#breadcrumb","itemListElement":[{"@type":"ListItem","position":1,"name":"In\u00edcio","item":"https:\/\/iberculturaviva.org\/es\/inicio\/"},{"@type":"ListItem","position":2,"name":"El concurso \u201cSabor a Iberoam\u00e9rica\u201d premiar\u00e1 recetas de comunidades migrantes con historias para contar"}]},{"@type":"WebSite","@id":"https:\/\/iberculturaviva.org\/es\/?lang=es\/#website","url":"https:\/\/iberculturaviva.org\/es\/?lang=es\/","name":"IberCultura Viva","description":"Programa de cooperaci\u00f3n cultural","publisher":{"@id":"https:\/\/iberculturaviva.org\/es\/?lang=es\/#organization"},"potentialAction":[{"@type":"SearchAction","target":{"@type":"EntryPoint","urlTemplate":"https:\/\/iberculturaviva.org\/es\/?lang=es\/?s={search_term_string}"},"query-input":{"@type":"PropertyValueSpecification","valueRequired":true,"valueName":"search_term_string"}}],"inLanguage":"es"},{"@type":"Organization","@id":"https:\/\/iberculturaviva.org\/es\/?lang=es\/#organization","name":"Iberculturaviva","url":"https:\/\/iberculturaviva.org\/es\/?lang=es\/","logo":{"@type":"ImageObject","inLanguage":"es","@id":"https:\/\/iberculturaviva.org\/es\/?lang=es\/#\/schema\/logo\/image\/","url":"https:\/\/iberculturaviva.org\/wp-content\/uploads\/2021\/08\/logo_ibercultura_viva.jpg","contentUrl":"https:\/\/iberculturaviva.org\/wp-content\/uploads\/2021\/08\/logo_ibercultura_viva.jpg","width":708,"height":223,"caption":"Iberculturaviva"},"image":{"@id":"https:\/\/iberculturaviva.org\/es\/?lang=es\/#\/schema\/logo\/image\/"},"sameAs":["https:\/\/www.facebook.com\/iberculturaviva\/","https:\/\/www.instagram.com\/iberculturaviva\/","https:\/\/www.youtube.com\/iberculturaviva"]},{"@type":"Person","@id":"https:\/\/iberculturaviva.org\/es\/?lang=es\/#\/schema\/person\/5d1313b072cc25536e0431522f740b59","name":"IberCultura","image":{"@type":"ImageObject","inLanguage":"es","@id":"https:\/\/iberculturaviva.org\/es\/?lang=es\/#\/schema\/person\/image\/","url":"https:\/\/secure.gravatar.com\/avatar\/79f1a057cb125cbefb3765d0356d52fc7f3bba3a35e2cf22bc4de090bb7aef70?s=96&d=mm&r=g","contentUrl":"https:\/\/secure.gravatar.com\/avatar\/79f1a057cb125cbefb3765d0356d52fc7f3bba3a35e2cf22bc4de090bb7aef70?s=96&d=mm&r=g","caption":"IberCultura"}}]}},"main_category":{"link":"https:\/\/iberculturaviva.org\/es\/category\/convocatorias\/","name":"Convocatorias","slug":"convocatorias"},"_links":{"self":[{"href":"https:\/\/iberculturaviva.org\/es\/wp-json\/wp\/v2\/posts\/16548","targetHints":{"allow":["GET"]}}],"collection":[{"href":"https:\/\/iberculturaviva.org\/es\/wp-json\/wp\/v2\/posts"}],"about":[{"href":"https:\/\/iberculturaviva.org\/es\/wp-json\/wp\/v2\/types\/post"}],"author":[{"embeddable":true,"href":"https:\/\/iberculturaviva.org\/es\/wp-json\/wp\/v2\/users\/2"}],"replies":[{"embeddable":true,"href":"https:\/\/iberculturaviva.org\/es\/wp-json\/wp\/v2\/comments?post=16548"}],"version-history":[{"count":1,"href":"https:\/\/iberculturaviva.org\/es\/wp-json\/wp\/v2\/posts\/16548\/revisions"}],"predecessor-version":[{"id":22591,"href":"https:\/\/iberculturaviva.org\/es\/wp-json\/wp\/v2\/posts\/16548\/revisions\/22591"}],"wp:featuredmedia":[{"embeddable":true,"href":"https:\/\/iberculturaviva.org\/es\/wp-json\/wp\/v2\/media\/20322"}],"wp:attachment":[{"href":"https:\/\/iberculturaviva.org\/es\/wp-json\/wp\/v2\/media?parent=16548"}],"wp:term":[{"taxonomy":"category","embeddable":true,"href":"https:\/\/iberculturaviva.org\/es\/wp-json\/wp\/v2\/categories?post=16548"},{"taxonomy":"post_tag","embeddable":true,"href":"https:\/\/iberculturaviva.org\/es\/wp-json\/wp\/v2\/tags?post=16548"},{"taxonomy":"country-municipality","embeddable":true,"href":"https:\/\/iberculturaviva.org\/es\/wp-json\/wp\/v2\/country-municipality?post=16548"}],"curies":[{"name":"wp","href":"https:\/\/api.w.org\/{rel}","templated":true}]}}