{"id":16542,"date":"2019-03-27T17:06:40","date_gmt":"2019-03-27T20:06:40","guid":{"rendered":"https:\/\/iberculturaviva.org\/puntos-de-cultura-de-la-region-del-noroeste-argentino-se-reunen-en-tucuman-esta-semana\/"},"modified":"2021-01-06T17:05:53","modified_gmt":"2021-01-06T20:05:53","slug":"puntos-de-cultura-de-la-region-del-noroeste-argentino-se-reunen-en-tucuman-esta-semana","status":"publish","type":"post","link":"https:\/\/iberculturaviva.org\/es\/puntos-de-cultura-de-la-region-del-noroeste-argentino-se-reunen-en-tucuman-esta-semana\/","title":{"rendered":"Puntos de Cultura de la Regi\u00f3n del Noroeste Argentino se re\u00fanen en Tucum\u00e1n esta semana"},"content":{"rendered":"<p style=\"text-align: justify;\"><span style=\"font-weight: 400;\"><a href=\"https:\/\/iberculturaviva.org\/wp-content\/uploads\/2019\/03\/noa-PCArgentina.jpg\"><img loading=\"lazy\" decoding=\"async\" class=\" wp-image-11217 alignright\" src=\"https:\/\/iberculturaviva.org\/wp-content\/uploads\/2019\/03\/noa-PCArgentina-960x960.jpg\" alt=\"\" width=\"255\" height=\"255\" \/><\/a>El Programa Puntos de Cultura de Argentina tiene su primer encuentro regional del 28 al 31 de marzo, en San Miguel de Tucum\u00e1n. El Encuentro Regional de Puntos de Cultura y Diversidad est\u00e1 dirigido a los Puntos de Cultura de la <\/span><span style=\"font-weight: 400;\">Regi\u00f3n del Noroeste Argentino<\/span><span style=\"font-weight: 400;\"> (<\/span><span style=\"font-weight: 400;\">NOA), como as\u00ed tambi\u00e9n a actores gubernamentales y a las diversas organizaciones de la sociedad civil y redes de cultura viva comunitaria.<\/span><\/p>\n<p style=\"text-align: justify;\"><span style=\"font-weight: 400;\">Durante cuatro d\u00edas se desarrollar\u00e1n conferencias magistrales, talleres, capacitaciones y espect\u00e1culos en los que se abordar\u00e1n los siguientes ejes tem\u00e1ticos: g\u00e9nero, diversidad, producci\u00f3n cultural e identidad. Los espect\u00e1culos art\u00edsticos tendr\u00e1n entrada libre y gratuita para el p\u00fablico general. <\/span><\/p>\n<p style=\"text-align: justify;\"><span style=\"font-weight: 400;\">Organizado por la Direcci\u00f3n Nacional de Diversidad y Cultura Comunitaria de la Secretar\u00eda de Cultura de la Naci\u00f3n, el Encuentro Regional de Puntos de Cultura y Diversidad tiene como objetivo potenciar el desarrollo del programa y fortalecer la red regional de Puntos de Cultura. <\/span><\/p>\n<p style=\"text-align: justify;\"><span style=\"font-weight: 400;\">Adem\u00e1s, se propone intercambiar conocimientos, experiencias, novedades y avances del programa, visibilizar las producciones de los Puntos de Cultura de la regi\u00f3n NOA y a la vez promover, dise\u00f1ar y articular acciones conjuntas. En esta oportunidad tambi\u00e9n se generar\u00e1n \u00a0mecanismos de capacitaci\u00f3n y cooperaci\u00f3n entre los gobiernos locales para el desarrollo de pol\u00edticas p\u00fablicas de base comunitaria.<\/span><\/p>\n<p style=\"text-align: justify;\"><span style=\"font-weight: 400;\">La inscripci\u00f3n est\u00e1 abierta hasta el jueves 28 de marzo. Existen formularios online para <\/span><a href=\"https:\/\/docs.google.com\/forms\/d\/1uOXY7GkQ4T6DXitFlrl_Ib48HZOInJibk7cdLqEQDvY\/viewform\"><span style=\"font-weight: 400;\">los representantes de los Puntos de Cultura<\/span><\/a><span style=\"font-weight: 400;\"> y para <\/span><a href=\"https:\/\/docs.google.com\/forms\/d\/1-5_moeLe4YXjhBGWLBalflIMX0nG8Fg0X4Au-mS8ENk\/viewform\"><span style=\"font-weight: 400;\">funcionarios y gestores culturales municipales<\/span><\/a><span style=\"font-weight: 400;\"> de la Regi\u00f3n del NOA. Tambi\u00e9n se puede escribir a <\/span><a href=\"mailto:puntos@cultura.gob.ar\"><span style=\"font-weight: 400;\">puntos@cultura.gob.ar<\/span><\/a><span style=\"font-weight: 400;\">.<\/span><\/p>\n<p>&nbsp;<\/p>\n<p><span style=\"font-weight: 400;\"><strong>Revisa la programaci\u00f3n<\/strong>:<\/span><\/p>\n<p><a href=\"https:\/\/drive.google.com\/file\/d\/1jApNJrsabtTNeaU3Hw5tX1qkcOvc_TE-\/view\"><span style=\"font-weight: 400;\">https:\/\/drive.google.com\/file\/d\/1jApNJrsabtTNeaU3Hw5tX1qkcOvc_TE-\/view<\/span><\/a><\/p>\n<p>&nbsp;<\/p>\n<p><span style=\"font-weight: 400;\">Fuente: <\/span><a href=\"https:\/\/www.cultura.gob.ar\/encuentro-regional-de-puntos-de-cultura-y-diversidad-en-tucuman_7257\/\"><span style=\"font-weight: 400;\">Secretar\u00eda de Cultura de la Naci\u00f3n<\/span><\/a><\/p>\n<p>&nbsp;<\/p>\n","protected":false},"excerpt":{"rendered":"<p>El Programa Puntos de Cultura de Argentina tiene su primer encuentro regional del 28 al 31 de marzo, en San Miguel de Tucum\u00e1n. El Encuentro Regional de Puntos de Cultura [&hellip;]<\/p>\n","protected":false},"author":2,"featured_media":0,"comment_status":"closed","ping_status":"closed","sticky":false,"template":"","format":"standard","meta":{"_coblocks_attr":"","_coblocks_dimensions":"","_coblocks_responsive_height":"","_coblocks_accordion_ie_support":"","_EventAllDay":false,"_EventTimezone":"","_EventStartDate":"","_EventEndDate":"","_EventStartDateUTC":"","_EventEndDateUTC":"","_EventShowMap":false,"_EventShowMapLink":false,"_EventURL":"","_EventCost":"","_EventCostDescription":"","_EventCurrencySymbol":"","_EventCurrencyCode":"","_EventCurrencyPosition":"","_EventDateTimeSeparator":"","_EventTimeRangeSeparator":"","_EventOrganizerID":[],"_EventVenueID":[],"_OrganizerEmail":"","_OrganizerPhone":"","_OrganizerWebsite":"","_VenueAddress":"","_VenueCity":"","_VenueCountry":"","_VenueProvince":"","_VenueState":"","_VenueZip":"","_VenuePhone":"","_VenueURL":"","_VenueStateProvince":"","_VenueLat":"","_VenueLng":"","_VenueShowMap":false,"_VenueShowMapLink":false,"footnotes":""},"categories":[262],"tags":[],"country-municipality":[],"class_list":["post-16542","post","type-post","status-publish","format-standard","hentry","category-noticias-es"],"yoast_head":"<!-- This site is optimized with the Yoast SEO plugin v25.7 - https:\/\/yoast.com\/wordpress\/plugins\/seo\/ -->\n<title>Puntos de Cultura de la Regi\u00f3n del Noroeste Argentino se re\u00fanen en Tucum\u00e1n esta semana - IberCultura Viva<\/title>\n<meta name=\"description\" content=\"Puntos de Cultura de la Regi\u00f3n del Noroeste Argentino se re\u00fanen en Tucum\u00e1n esta semana - IberCultura Viva\" \/>\n<meta name=\"robots\" content=\"index, follow, max-snippet:-1, max-image-preview:large, max-video-preview:-1\" \/>\n<link rel=\"canonical\" href=\"https:\/\/iberculturaviva.org\/es\/puntos-de-cultura-de-la-region-del-noroeste-argentino-se-reunen-en-tucuman-esta-semana\/\" \/>\n<meta property=\"og:locale\" content=\"es_ES\" \/>\n<meta property=\"og:type\" content=\"article\" \/>\n<meta property=\"og:title\" content=\"Puntos de Cultura de la Regi\u00f3n del Noroeste Argentino se re\u00fanen en Tucum\u00e1n esta semana - IberCultura Viva\" \/>\n<meta property=\"og:description\" content=\"Puntos de Cultura de la Regi\u00f3n del Noroeste Argentino se re\u00fanen en Tucum\u00e1n esta semana - IberCultura Viva\" \/>\n<meta property=\"og:url\" content=\"https:\/\/iberculturaviva.org\/es\/puntos-de-cultura-de-la-region-del-noroeste-argentino-se-reunen-en-tucuman-esta-semana\/\" \/>\n<meta property=\"og:site_name\" content=\"IberCultura Viva\" \/>\n<meta property=\"article:publisher\" content=\"https:\/\/www.facebook.com\/iberculturaviva\/\" \/>\n<meta property=\"article:published_time\" content=\"2019-03-27T20:06:40+00:00\" \/>\n<meta property=\"article:modified_time\" content=\"2021-01-06T20:05:53+00:00\" \/>\n<meta property=\"og:image\" content=\"https:\/\/iberculturaviva.org\/wp-content\/uploads\/2019\/03\/noa-PCArgentina-960x960.jpg\" \/>\n<meta name=\"author\" content=\"IberCultura\" \/>\n<meta name=\"twitter:card\" content=\"summary_large_image\" \/>\n<meta name=\"twitter:label1\" content=\"Escrito por\" \/>\n\t<meta name=\"twitter:data1\" content=\"IberCultura\" \/>\n\t<meta name=\"twitter:label2\" content=\"Tiempo de lectura\" \/>\n\t<meta name=\"twitter:data2\" content=\"2 minutos\" \/>\n<script type=\"application\/ld+json\" class=\"yoast-schema-graph\">{\"@context\":\"https:\/\/schema.org\",\"@graph\":[{\"@type\":\"Article\",\"@id\":\"https:\/\/iberculturaviva.org\/es\/puntos-de-cultura-de-la-region-del-noroeste-argentino-se-reunen-en-tucuman-esta-semana\/#article\",\"isPartOf\":{\"@id\":\"https:\/\/iberculturaviva.org\/es\/puntos-de-cultura-de-la-region-del-noroeste-argentino-se-reunen-en-tucuman-esta-semana\/\"},\"author\":{\"name\":\"IberCultura\",\"@id\":\"https:\/\/iberculturaviva.org\/es\/?lang=es\/#\/schema\/person\/5d1313b072cc25536e0431522f740b59\"},\"headline\":\"Puntos de Cultura de la Regi\u00f3n del Noroeste Argentino se re\u00fanen en Tucum\u00e1n esta semana\",\"datePublished\":\"2019-03-27T20:06:40+00:00\",\"dateModified\":\"2021-01-06T20:05:53+00:00\",\"mainEntityOfPage\":{\"@id\":\"https:\/\/iberculturaviva.org\/es\/puntos-de-cultura-de-la-region-del-noroeste-argentino-se-reunen-en-tucuman-esta-semana\/\"},\"wordCount\":320,\"publisher\":{\"@id\":\"https:\/\/iberculturaviva.org\/es\/?lang=es\/#organization\"},\"image\":{\"@id\":\"https:\/\/iberculturaviva.org\/es\/puntos-de-cultura-de-la-region-del-noroeste-argentino-se-reunen-en-tucuman-esta-semana\/#primaryimage\"},\"thumbnailUrl\":\"https:\/\/iberculturaviva.org\/wp-content\/uploads\/2019\/03\/noa-PCArgentina-960x960.jpg\",\"articleSection\":[\"Noticias\"],\"inLanguage\":\"es\"},{\"@type\":\"WebPage\",\"@id\":\"https:\/\/iberculturaviva.org\/es\/puntos-de-cultura-de-la-region-del-noroeste-argentino-se-reunen-en-tucuman-esta-semana\/\",\"url\":\"https:\/\/iberculturaviva.org\/es\/puntos-de-cultura-de-la-region-del-noroeste-argentino-se-reunen-en-tucuman-esta-semana\/\",\"name\":\"Puntos de Cultura de la Regi\u00f3n del Noroeste Argentino se re\u00fanen en Tucum\u00e1n esta semana - IberCultura Viva\",\"isPartOf\":{\"@id\":\"https:\/\/iberculturaviva.org\/es\/?lang=es\/#website\"},\"primaryImageOfPage\":{\"@id\":\"https:\/\/iberculturaviva.org\/es\/puntos-de-cultura-de-la-region-del-noroeste-argentino-se-reunen-en-tucuman-esta-semana\/#primaryimage\"},\"image\":{\"@id\":\"https:\/\/iberculturaviva.org\/es\/puntos-de-cultura-de-la-region-del-noroeste-argentino-se-reunen-en-tucuman-esta-semana\/#primaryimage\"},\"thumbnailUrl\":\"https:\/\/iberculturaviva.org\/wp-content\/uploads\/2019\/03\/noa-PCArgentina-960x960.jpg\",\"datePublished\":\"2019-03-27T20:06:40+00:00\",\"dateModified\":\"2021-01-06T20:05:53+00:00\",\"description\":\"Puntos de Cultura de la Regi\u00f3n del Noroeste Argentino se re\u00fanen en Tucum\u00e1n esta semana - IberCultura Viva\",\"breadcrumb\":{\"@id\":\"https:\/\/iberculturaviva.org\/es\/puntos-de-cultura-de-la-region-del-noroeste-argentino-se-reunen-en-tucuman-esta-semana\/#breadcrumb\"},\"inLanguage\":\"es\",\"potentialAction\":[{\"@type\":\"ReadAction\",\"target\":[\"https:\/\/iberculturaviva.org\/es\/puntos-de-cultura-de-la-region-del-noroeste-argentino-se-reunen-en-tucuman-esta-semana\/\"]}]},{\"@type\":\"ImageObject\",\"inLanguage\":\"es\",\"@id\":\"https:\/\/iberculturaviva.org\/es\/puntos-de-cultura-de-la-region-del-noroeste-argentino-se-reunen-en-tucuman-esta-semana\/#primaryimage\",\"url\":\"https:\/\/iberculturaviva.org\/wp-content\/uploads\/2019\/03\/noa-PCArgentina-960x960.jpg\",\"contentUrl\":\"https:\/\/iberculturaviva.org\/wp-content\/uploads\/2019\/03\/noa-PCArgentina-960x960.jpg\"},{\"@type\":\"BreadcrumbList\",\"@id\":\"https:\/\/iberculturaviva.org\/es\/puntos-de-cultura-de-la-region-del-noroeste-argentino-se-reunen-en-tucuman-esta-semana\/#breadcrumb\",\"itemListElement\":[{\"@type\":\"ListItem\",\"position\":1,\"name\":\"In\u00edcio\",\"item\":\"https:\/\/iberculturaviva.org\/es\/inicio\/\"},{\"@type\":\"ListItem\",\"position\":2,\"name\":\"Puntos de Cultura de la Regi\u00f3n del Noroeste Argentino se re\u00fanen en Tucum\u00e1n esta semana\"}]},{\"@type\":\"WebSite\",\"@id\":\"https:\/\/iberculturaviva.org\/es\/?lang=es\/#website\",\"url\":\"https:\/\/iberculturaviva.org\/es\/?lang=es\/\",\"name\":\"IberCultura Viva\",\"description\":\"Programa de cooperaci\u00f3n cultural\",\"publisher\":{\"@id\":\"https:\/\/iberculturaviva.org\/es\/?lang=es\/#organization\"},\"potentialAction\":[{\"@type\":\"SearchAction\",\"target\":{\"@type\":\"EntryPoint\",\"urlTemplate\":\"https:\/\/iberculturaviva.org\/es\/?lang=es\/?s={search_term_string}\"},\"query-input\":{\"@type\":\"PropertyValueSpecification\",\"valueRequired\":true,\"valueName\":\"search_term_string\"}}],\"inLanguage\":\"es\"},{\"@type\":\"Organization\",\"@id\":\"https:\/\/iberculturaviva.org\/es\/?lang=es\/#organization\",\"name\":\"Iberculturaviva\",\"url\":\"https:\/\/iberculturaviva.org\/es\/?lang=es\/\",\"logo\":{\"@type\":\"ImageObject\",\"inLanguage\":\"es\",\"@id\":\"https:\/\/iberculturaviva.org\/es\/?lang=es\/#\/schema\/logo\/image\/\",\"url\":\"https:\/\/iberculturaviva.org\/wp-content\/uploads\/2021\/08\/logo_ibercultura_viva.jpg\",\"contentUrl\":\"https:\/\/iberculturaviva.org\/wp-content\/uploads\/2021\/08\/logo_ibercultura_viva.jpg\",\"width\":708,\"height\":223,\"caption\":\"Iberculturaviva\"},\"image\":{\"@id\":\"https:\/\/iberculturaviva.org\/es\/?lang=es\/#\/schema\/logo\/image\/\"},\"sameAs\":[\"https:\/\/www.facebook.com\/iberculturaviva\/\",\"https:\/\/www.instagram.com\/iberculturaviva\/\",\"https:\/\/www.youtube.com\/iberculturaviva\"]},{\"@type\":\"Person\",\"@id\":\"https:\/\/iberculturaviva.org\/es\/?lang=es\/#\/schema\/person\/5d1313b072cc25536e0431522f740b59\",\"name\":\"IberCultura\",\"image\":{\"@type\":\"ImageObject\",\"inLanguage\":\"es\",\"@id\":\"https:\/\/iberculturaviva.org\/es\/?lang=es\/#\/schema\/person\/image\/\",\"url\":\"https:\/\/secure.gravatar.com\/avatar\/79f1a057cb125cbefb3765d0356d52fc7f3bba3a35e2cf22bc4de090bb7aef70?s=96&d=mm&r=g\",\"contentUrl\":\"https:\/\/secure.gravatar.com\/avatar\/79f1a057cb125cbefb3765d0356d52fc7f3bba3a35e2cf22bc4de090bb7aef70?s=96&d=mm&r=g\",\"caption\":\"IberCultura\"}}]}<\/script>\n<!-- \/ Yoast SEO plugin. -->","yoast_head_json":{"title":"Puntos de Cultura de la Regi\u00f3n del Noroeste Argentino se re\u00fanen en Tucum\u00e1n esta semana - IberCultura Viva","description":"Puntos de Cultura de la Regi\u00f3n del Noroeste Argentino se re\u00fanen en Tucum\u00e1n esta semana - IberCultura Viva","robots":{"index":"index","follow":"follow","max-snippet":"max-snippet:-1","max-image-preview":"max-image-preview:large","max-video-preview":"max-video-preview:-1"},"canonical":"https:\/\/iberculturaviva.org\/es\/puntos-de-cultura-de-la-region-del-noroeste-argentino-se-reunen-en-tucuman-esta-semana\/","og_locale":"es_ES","og_type":"article","og_title":"Puntos de Cultura de la Regi\u00f3n del Noroeste Argentino se re\u00fanen en Tucum\u00e1n esta semana - IberCultura Viva","og_description":"Puntos de Cultura de la Regi\u00f3n del Noroeste Argentino se re\u00fanen en Tucum\u00e1n esta semana - IberCultura Viva","og_url":"https:\/\/iberculturaviva.org\/es\/puntos-de-cultura-de-la-region-del-noroeste-argentino-se-reunen-en-tucuman-esta-semana\/","og_site_name":"IberCultura Viva","article_publisher":"https:\/\/www.facebook.com\/iberculturaviva\/","article_published_time":"2019-03-27T20:06:40+00:00","article_modified_time":"2021-01-06T20:05:53+00:00","og_image":[{"url":"https:\/\/iberculturaviva.org\/wp-content\/uploads\/2019\/03\/noa-PCArgentina-960x960.jpg","type":"","width":"","height":""}],"author":"IberCultura","twitter_card":"summary_large_image","twitter_misc":{"Escrito por":"IberCultura","Tiempo de lectura":"2 minutos"},"schema":{"@context":"https:\/\/schema.org","@graph":[{"@type":"Article","@id":"https:\/\/iberculturaviva.org\/es\/puntos-de-cultura-de-la-region-del-noroeste-argentino-se-reunen-en-tucuman-esta-semana\/#article","isPartOf":{"@id":"https:\/\/iberculturaviva.org\/es\/puntos-de-cultura-de-la-region-del-noroeste-argentino-se-reunen-en-tucuman-esta-semana\/"},"author":{"name":"IberCultura","@id":"https:\/\/iberculturaviva.org\/es\/?lang=es\/#\/schema\/person\/5d1313b072cc25536e0431522f740b59"},"headline":"Puntos de Cultura de la Regi\u00f3n del Noroeste Argentino se re\u00fanen en Tucum\u00e1n esta semana","datePublished":"2019-03-27T20:06:40+00:00","dateModified":"2021-01-06T20:05:53+00:00","mainEntityOfPage":{"@id":"https:\/\/iberculturaviva.org\/es\/puntos-de-cultura-de-la-region-del-noroeste-argentino-se-reunen-en-tucuman-esta-semana\/"},"wordCount":320,"publisher":{"@id":"https:\/\/iberculturaviva.org\/es\/?lang=es\/#organization"},"image":{"@id":"https:\/\/iberculturaviva.org\/es\/puntos-de-cultura-de-la-region-del-noroeste-argentino-se-reunen-en-tucuman-esta-semana\/#primaryimage"},"thumbnailUrl":"https:\/\/iberculturaviva.org\/wp-content\/uploads\/2019\/03\/noa-PCArgentina-960x960.jpg","articleSection":["Noticias"],"inLanguage":"es"},{"@type":"WebPage","@id":"https:\/\/iberculturaviva.org\/es\/puntos-de-cultura-de-la-region-del-noroeste-argentino-se-reunen-en-tucuman-esta-semana\/","url":"https:\/\/iberculturaviva.org\/es\/puntos-de-cultura-de-la-region-del-noroeste-argentino-se-reunen-en-tucuman-esta-semana\/","name":"Puntos de Cultura de la Regi\u00f3n del Noroeste Argentino se re\u00fanen en Tucum\u00e1n esta semana - IberCultura Viva","isPartOf":{"@id":"https:\/\/iberculturaviva.org\/es\/?lang=es\/#website"},"primaryImageOfPage":{"@id":"https:\/\/iberculturaviva.org\/es\/puntos-de-cultura-de-la-region-del-noroeste-argentino-se-reunen-en-tucuman-esta-semana\/#primaryimage"},"image":{"@id":"https:\/\/iberculturaviva.org\/es\/puntos-de-cultura-de-la-region-del-noroeste-argentino-se-reunen-en-tucuman-esta-semana\/#primaryimage"},"thumbnailUrl":"https:\/\/iberculturaviva.org\/wp-content\/uploads\/2019\/03\/noa-PCArgentina-960x960.jpg","datePublished":"2019-03-27T20:06:40+00:00","dateModified":"2021-01-06T20:05:53+00:00","description":"Puntos de Cultura de la Regi\u00f3n del Noroeste Argentino se re\u00fanen en Tucum\u00e1n esta semana - IberCultura Viva","breadcrumb":{"@id":"https:\/\/iberculturaviva.org\/es\/puntos-de-cultura-de-la-region-del-noroeste-argentino-se-reunen-en-tucuman-esta-semana\/#breadcrumb"},"inLanguage":"es","potentialAction":[{"@type":"ReadAction","target":["https:\/\/iberculturaviva.org\/es\/puntos-de-cultura-de-la-region-del-noroeste-argentino-se-reunen-en-tucuman-esta-semana\/"]}]},{"@type":"ImageObject","inLanguage":"es","@id":"https:\/\/iberculturaviva.org\/es\/puntos-de-cultura-de-la-region-del-noroeste-argentino-se-reunen-en-tucuman-esta-semana\/#primaryimage","url":"https:\/\/iberculturaviva.org\/wp-content\/uploads\/2019\/03\/noa-PCArgentina-960x960.jpg","contentUrl":"https:\/\/iberculturaviva.org\/wp-content\/uploads\/2019\/03\/noa-PCArgentina-960x960.jpg"},{"@type":"BreadcrumbList","@id":"https:\/\/iberculturaviva.org\/es\/puntos-de-cultura-de-la-region-del-noroeste-argentino-se-reunen-en-tucuman-esta-semana\/#breadcrumb","itemListElement":[{"@type":"ListItem","position":1,"name":"In\u00edcio","item":"https:\/\/iberculturaviva.org\/es\/inicio\/"},{"@type":"ListItem","position":2,"name":"Puntos de Cultura de la Regi\u00f3n del Noroeste Argentino se re\u00fanen en Tucum\u00e1n esta semana"}]},{"@type":"WebSite","@id":"https:\/\/iberculturaviva.org\/es\/?lang=es\/#website","url":"https:\/\/iberculturaviva.org\/es\/?lang=es\/","name":"IberCultura Viva","description":"Programa de cooperaci\u00f3n cultural","publisher":{"@id":"https:\/\/iberculturaviva.org\/es\/?lang=es\/#organization"},"potentialAction":[{"@type":"SearchAction","target":{"@type":"EntryPoint","urlTemplate":"https:\/\/iberculturaviva.org\/es\/?lang=es\/?s={search_term_string}"},"query-input":{"@type":"PropertyValueSpecification","valueRequired":true,"valueName":"search_term_string"}}],"inLanguage":"es"},{"@type":"Organization","@id":"https:\/\/iberculturaviva.org\/es\/?lang=es\/#organization","name":"Iberculturaviva","url":"https:\/\/iberculturaviva.org\/es\/?lang=es\/","logo":{"@type":"ImageObject","inLanguage":"es","@id":"https:\/\/iberculturaviva.org\/es\/?lang=es\/#\/schema\/logo\/image\/","url":"https:\/\/iberculturaviva.org\/wp-content\/uploads\/2021\/08\/logo_ibercultura_viva.jpg","contentUrl":"https:\/\/iberculturaviva.org\/wp-content\/uploads\/2021\/08\/logo_ibercultura_viva.jpg","width":708,"height":223,"caption":"Iberculturaviva"},"image":{"@id":"https:\/\/iberculturaviva.org\/es\/?lang=es\/#\/schema\/logo\/image\/"},"sameAs":["https:\/\/www.facebook.com\/iberculturaviva\/","https:\/\/www.instagram.com\/iberculturaviva\/","https:\/\/www.youtube.com\/iberculturaviva"]},{"@type":"Person","@id":"https:\/\/iberculturaviva.org\/es\/?lang=es\/#\/schema\/person\/5d1313b072cc25536e0431522f740b59","name":"IberCultura","image":{"@type":"ImageObject","inLanguage":"es","@id":"https:\/\/iberculturaviva.org\/es\/?lang=es\/#\/schema\/person\/image\/","url":"https:\/\/secure.gravatar.com\/avatar\/79f1a057cb125cbefb3765d0356d52fc7f3bba3a35e2cf22bc4de090bb7aef70?s=96&d=mm&r=g","contentUrl":"https:\/\/secure.gravatar.com\/avatar\/79f1a057cb125cbefb3765d0356d52fc7f3bba3a35e2cf22bc4de090bb7aef70?s=96&d=mm&r=g","caption":"IberCultura"}}]}},"main_category":{"link":"https:\/\/iberculturaviva.org\/es\/category\/noticias-es\/","name":"Noticias","slug":"noticias-es"},"_links":{"self":[{"href":"https:\/\/iberculturaviva.org\/es\/wp-json\/wp\/v2\/posts\/16542","targetHints":{"allow":["GET"]}}],"collection":[{"href":"https:\/\/iberculturaviva.org\/es\/wp-json\/wp\/v2\/posts"}],"about":[{"href":"https:\/\/iberculturaviva.org\/es\/wp-json\/wp\/v2\/types\/post"}],"author":[{"embeddable":true,"href":"https:\/\/iberculturaviva.org\/es\/wp-json\/wp\/v2\/users\/2"}],"replies":[{"embeddable":true,"href":"https:\/\/iberculturaviva.org\/es\/wp-json\/wp\/v2\/comments?post=16542"}],"version-history":[{"count":1,"href":"https:\/\/iberculturaviva.org\/es\/wp-json\/wp\/v2\/posts\/16542\/revisions"}],"predecessor-version":[{"id":22594,"href":"https:\/\/iberculturaviva.org\/es\/wp-json\/wp\/v2\/posts\/16542\/revisions\/22594"}],"wp:attachment":[{"href":"https:\/\/iberculturaviva.org\/es\/wp-json\/wp\/v2\/media?parent=16542"}],"wp:term":[{"taxonomy":"category","embeddable":true,"href":"https:\/\/iberculturaviva.org\/es\/wp-json\/wp\/v2\/categories?post=16542"},{"taxonomy":"post_tag","embeddable":true,"href":"https:\/\/iberculturaviva.org\/es\/wp-json\/wp\/v2\/tags?post=16542"},{"taxonomy":"country-municipality","embeddable":true,"href":"https:\/\/iberculturaviva.org\/es\/wp-json\/wp\/v2\/country-municipality?post=16542"}],"curies":[{"name":"wp","href":"https:\/\/api.w.org\/{rel}","templated":true}]}}