{"id":16498,"date":"2019-01-21T19:15:54","date_gmt":"2019-01-21T21:15:54","guid":{"rendered":"https:\/\/iberculturaviva.org\/3o-encuentro-nacional-de-batucadas-en-el-salvador-la-musica-como-herramienta-para-la-transformacion-social\/"},"modified":"2021-01-06T17:08:17","modified_gmt":"2021-01-06T20:08:17","slug":"3o-encuentro-nacional-de-batucadas-en-el-salvador-la-musica-como-herramienta-para-la-transformacion-social","status":"publish","type":"post","link":"https:\/\/iberculturaviva.org\/es\/3o-encuentro-nacional-de-batucadas-en-el-salvador-la-musica-como-herramienta-para-la-transformacion-social\/","title":{"rendered":"3\u00ba Encuentro Nacional de Batucadas en El Salvador: la m\u00fasica como herramienta para la transformaci\u00f3n social"},"content":{"rendered":"<p style=\"text-align: justify;\"><span style=\"font-weight: 400;\">Cerca de 100 j\u00f3venes, pertenecientes a 15 grupos percusivos, participaron del 3\u00b0 Encuentro Nacional de Batucadas \u2013 Tuyulu 2018, realizado los d\u00edas 19 y 20 de diciembre en San Salvador (El Salvador). El evento, uno de los 17 ganadores de la Convocatoria IberCultura Viva de Apoyo a Redes y Proyectos de Trabajo Colaborativo 2018, cont\u00f3 con dos actividades previas en los departamentos de Chalatenango y San Vicente, d\u00f3nde se encuentran la mayor\u00eda de los grupos que son parte de la Red de Batucadas Tuyulu.<\/span><\/p>\n<p style=\"text-align: justify;\"><span style=\"font-weight: 400;\">En Chalatenango, el encuentro preparatorio se realiz\u00f3 en el municipio de San Jos\u00e9 los Ranchos, en las instalaciones de la Asociaci\u00f3n de Nuevos Tiempos de Teatro (TNT), el 5 de diciembre, con la participaci\u00f3n de 30 j\u00f3venes pertenecientes a cuatro batucadas. En San Vicente, la actividad tuvo lugar en el municipio de Tecoluca, en el Parque Ecol\u00f3gico Tehuac\u00e1n, los d\u00edas 1 y 2 de diciembre, con 48 j\u00f3venes, integrantes de cinco batucadas.<\/span><\/p>\n<p style=\"text-align: justify;\"><span style=\"font-weight: 400;\">Las jornadas tuvieron como objetivo hacer un an\u00e1lisis de necesidades y oportunidades de las batucadas en las comunidades, ensayar los ritmos presentados en otras jornadas en el transcurso del a\u00f1o 2018, adem\u00e1s de fortalecer habilidades y conocimientos en el tema del derecho humano al agua, para evitar la privatizaci\u00f3n de ella en El Salvador y resaltar la \u00a0importancia de cuidar las cuencas, mantos acu\u00edferos y r\u00edos<\/span><span style=\"font-weight: 400;\">.<\/span><\/p>\n\n\t\t<style type=\"text\/css\">\n\t\t\t#gallery-1 {\n\t\t\t\tmargin: auto;\n\t\t\t}\n\t\t\t#gallery-1 .gallery-item {\n\t\t\t\tfloat: left;\n\t\t\t\tmargin-top: 10px;\n\t\t\t\ttext-align: center;\n\t\t\t\twidth: 50%;\n\t\t\t}\n\t\t\t#gallery-1 img {\n\t\t\t\tborder: 2px solid #cfcfcf;\n\t\t\t}\n\t\t\t#gallery-1 .gallery-caption {\n\t\t\t\tmargin-left: 0;\n\t\t\t}\n\t\t\t\/* see gallery_shortcode() in wp-includes\/media.php *\/\n\t\t<\/style>\n\t\t<div id='gallery-1' class='gallery galleryid-16498 gallery-columns-2 gallery-size-medium'><dl class='gallery-item'>\n\t\t\t<dt class='gallery-icon landscape'>\n\t\t\t\t<a href='https:\/\/iberculturaviva.org\/es\/3o-encuentro-nacional-de-batucadas-en-el-salvador-la-musica-como-herramienta-para-la-transformacion-social\/tuyulu-9-2\/'><img loading=\"lazy\" decoding=\"async\" width=\"300\" height=\"202\" src=\"https:\/\/iberculturaviva.org\/wp-content\/uploads\/2019\/01\/tuyulu-9-460x310.jpg\" class=\"attachment-medium size-medium\" alt=\"\" \/><\/a>\n\t\t\t<\/dt><\/dl><dl class='gallery-item'>\n\t\t\t<dt class='gallery-icon landscape'>\n\t\t\t\t<a href='https:\/\/iberculturaviva.org\/es\/3o-encuentro-nacional-de-batucadas-en-el-salvador-la-musica-como-herramienta-para-la-transformacion-social\/tuyulu-7-2\/'><img loading=\"lazy\" decoding=\"async\" width=\"300\" height=\"202\" src=\"https:\/\/iberculturaviva.org\/wp-content\/uploads\/2019\/01\/tuyulu-7-460x310.jpg\" class=\"attachment-medium size-medium\" alt=\"\" \/><\/a>\n\t\t\t<\/dt><\/dl><br style=\"clear: both\" \/><dl class='gallery-item'>\n\t\t\t<dt class='gallery-icon landscape'>\n\t\t\t\t<a href='https:\/\/iberculturaviva.org\/es\/3o-encuentro-nacional-de-batucadas-en-el-salvador-la-musica-como-herramienta-para-la-transformacion-social\/tuyulu-8-2\/'><img loading=\"lazy\" decoding=\"async\" width=\"300\" height=\"202\" src=\"https:\/\/iberculturaviva.org\/wp-content\/uploads\/2019\/01\/tuyulu-8-460x310.jpg\" class=\"attachment-medium size-medium\" alt=\"\" \/><\/a>\n\t\t\t<\/dt><\/dl><dl class='gallery-item'>\n\t\t\t<dt class='gallery-icon landscape'>\n\t\t\t\t<a href='https:\/\/iberculturaviva.org\/es\/3o-encuentro-nacional-de-batucadas-en-el-salvador-la-musica-como-herramienta-para-la-transformacion-social\/tuyulu-14-2\/'><img loading=\"lazy\" decoding=\"async\" width=\"300\" height=\"202\" src=\"https:\/\/iberculturaviva.org\/wp-content\/uploads\/2019\/01\/tuyulu-14-460x310.jpg\" class=\"attachment-medium size-medium\" alt=\"\" \/><\/a>\n\t\t\t<\/dt><\/dl><br style=\"clear: both\" \/>\n\t\t<\/div>\n\n<h4><\/h4>\n<h4><b>Los talleres<\/b><\/h4>\n<p style=\"text-align: justify;\"><span style=\"font-weight: 400;\">Se impartieron ocho talleres en dos bloques de cuatro talleres cada uno. En el primer bloque, un grupo de participantes tuvo la experiencia de dirigir un ensayo y aprender t\u00e9cnicas de direcci\u00f3n de batucada. Otros pudieron aprender t\u00e9cnicas b\u00e1sicas de c\u00f3mo hacer un mural con la tem\u00e1tica del agua, usando la t\u00e9cnica del graffiti, y un tercer grupo se dedic\u00f3 a preparar la imagen art\u00edstica de las batucadas para la acci\u00f3n p\u00fablica. Otros j\u00f3venes se dedicaron a aprender a hacer mazos, que es un accesorio importante para tocar el tambor y uno de los utensilios que se arruinan m\u00e1s r\u00e1pido en una presentaci\u00f3n de batucada.<\/span><\/p>\n<p style=\"text-align: justify;\"><span style=\"font-weight: 400;\">\u201cSe les vio entusiasmados en participar en estos talleres. Creo que esto ayud\u00f3 a que ellos experimentaran y descubrieran nuevas habilidades y que los pod\u00edan integran en sus batucadas como forma de expresi\u00f3n art\u00edstica juvenil\u201d, coment\u00f3 Gonzalo Gonz\u00e1lez, integrante de la Red de Batucadas Tuyulu, se\u00f1alando que estos talleres se impartieron por sugerencia de los participantes en las jornadas preparatorias.<\/span><\/p>\n\n\t\t<style type=\"text\/css\">\n\t\t\t#gallery-2 {\n\t\t\t\tmargin: auto;\n\t\t\t}\n\t\t\t#gallery-2 .gallery-item {\n\t\t\t\tfloat: left;\n\t\t\t\tmargin-top: 10px;\n\t\t\t\ttext-align: center;\n\t\t\t\twidth: 50%;\n\t\t\t}\n\t\t\t#gallery-2 img {\n\t\t\t\tborder: 2px solid #cfcfcf;\n\t\t\t}\n\t\t\t#gallery-2 .gallery-caption {\n\t\t\t\tmargin-left: 0;\n\t\t\t}\n\t\t\t\/* see gallery_shortcode() in wp-includes\/media.php *\/\n\t\t<\/style>\n\t\t<div id='gallery-2' class='gallery galleryid-16498 gallery-columns-2 gallery-size-medium'><dl class='gallery-item'>\n\t\t\t<dt class='gallery-icon landscape'>\n\t\t\t\t<a href='https:\/\/iberculturaviva.org\/es\/3o-encuentro-nacional-de-batucadas-en-el-salvador-la-musica-como-herramienta-para-la-transformacion-social\/tuyulu-13-2\/'><img loading=\"lazy\" decoding=\"async\" width=\"300\" height=\"202\" src=\"https:\/\/iberculturaviva.org\/wp-content\/uploads\/2019\/01\/tuyulu-13-460x310.jpg\" class=\"attachment-medium size-medium\" alt=\"\" \/><\/a>\n\t\t\t<\/dt><\/dl><dl class='gallery-item'>\n\t\t\t<dt class='gallery-icon landscape'>\n\t\t\t\t<a href='https:\/\/iberculturaviva.org\/es\/3o-encuentro-nacional-de-batucadas-en-el-salvador-la-musica-como-herramienta-para-la-transformacion-social\/tuyulu-2-2\/'><img loading=\"lazy\" decoding=\"async\" width=\"300\" height=\"202\" src=\"https:\/\/iberculturaviva.org\/wp-content\/uploads\/2019\/01\/tuyulu-2-460x310.jpg\" class=\"attachment-medium size-medium\" alt=\"\" \/><\/a>\n\t\t\t<\/dt><\/dl><br style=\"clear: both\" \/><dl class='gallery-item'>\n\t\t\t<dt class='gallery-icon landscape'>\n\t\t\t\t<a href='https:\/\/iberculturaviva.org\/es\/3o-encuentro-nacional-de-batucadas-en-el-salvador-la-musica-como-herramienta-para-la-transformacion-social\/tuyulu-4-2\/'><img loading=\"lazy\" decoding=\"async\" width=\"300\" height=\"202\" src=\"https:\/\/iberculturaviva.org\/wp-content\/uploads\/2019\/01\/tuyulu-4-460x310.jpg\" class=\"attachment-medium size-medium\" alt=\"\" \/><\/a>\n\t\t\t<\/dt><\/dl><dl class='gallery-item'>\n\t\t\t<dt class='gallery-icon landscape'>\n\t\t\t\t<a href='https:\/\/iberculturaviva.org\/es\/3o-encuentro-nacional-de-batucadas-en-el-salvador-la-musica-como-herramienta-para-la-transformacion-social\/tuyulu-5-2\/'><img loading=\"lazy\" decoding=\"async\" width=\"300\" height=\"202\" src=\"https:\/\/iberculturaviva.org\/wp-content\/uploads\/2019\/01\/tuyulu-5-460x310.jpg\" class=\"attachment-medium size-medium\" alt=\"\" \/><\/a>\n\t\t\t<\/dt><\/dl><br style=\"clear: both\" \/>\n\t\t<\/div>\n\n<p>&nbsp;<\/p>\n<p style=\"text-align: justify;\"><span style=\"font-weight: 400;\">En el segundo bloque se impartieron los siguientes talleres: malabares y pois; repique y caja; elaboraci\u00f3n de comunicado e imagen art\u00edstica. En el taller de malabares y pois, los participantes aprendieron a c\u00f3mo hacer y manipular sus pois, practicando con las pelotas de malabares, yoyo chino y <\/span><i><span style=\"font-weight: 400;\">DapoStar<\/span><\/i><span style=\"font-weight: 400;\">. Este taller lo impartieron integrantes de dos batucadas que implementan esas herramientas art\u00edsticas urbanas en sus grupos.<\/span><\/p>\n<p style=\"text-align: justify;\"><span style=\"font-weight: 400;\">Caja y repique son dos de los instrumentos que a los j\u00f3venes les cuesta m\u00e1s a aprender porque necesitan un poco m\u00e1s de tiempo. En el taller de imagen art\u00edstica, el grupo estuvo enfocado en hacer accesorios como pa\u00f1uelos con mensaje para los tambores y adornos en los mazos, en los dos bloques de talleres.<\/span><\/p>\n<p style=\"text-align: justify;\"><span style=\"font-weight: 400;\">Los j\u00f3venes tambi\u00e9n pudieron demostrar a las y los dem\u00e1s compa\u00f1eros\/as de la Red de Batucadas sus destrezas art\u00edsticas en una \u201cnoche cultural\u201d que cont\u00f3 con presentaciones de <\/span><em><span style=\"font-weight: 400;\">clown<\/span><\/em><span style=\"font-weight: 400;\">, guitarra y danza contempor\u00e1nea. Un joven tambi\u00e9n aprovech\u00f3 esta noche para presentar lo aprendido del taller de malabares, con el yoyo chino.<\/span><\/p>\n\n\t\t<style type=\"text\/css\">\n\t\t\t#gallery-3 {\n\t\t\t\tmargin: auto;\n\t\t\t}\n\t\t\t#gallery-3 .gallery-item {\n\t\t\t\tfloat: left;\n\t\t\t\tmargin-top: 10px;\n\t\t\t\ttext-align: center;\n\t\t\t\twidth: 50%;\n\t\t\t}\n\t\t\t#gallery-3 img {\n\t\t\t\tborder: 2px solid #cfcfcf;\n\t\t\t}\n\t\t\t#gallery-3 .gallery-caption {\n\t\t\t\tmargin-left: 0;\n\t\t\t}\n\t\t\t\/* see gallery_shortcode() in wp-includes\/media.php *\/\n\t\t<\/style>\n\t\t<div id='gallery-3' class='gallery galleryid-16498 gallery-columns-2 gallery-size-medium'><dl class='gallery-item'>\n\t\t\t<dt class='gallery-icon landscape'>\n\t\t\t\t<a href='https:\/\/iberculturaviva.org\/es\/3o-encuentro-nacional-de-batucadas-en-el-salvador-la-musica-como-herramienta-para-la-transformacion-social\/tuyulu-6-2\/'><img loading=\"lazy\" decoding=\"async\" width=\"300\" height=\"202\" src=\"https:\/\/iberculturaviva.org\/wp-content\/uploads\/2019\/01\/tuyulu-6-460x310.jpg\" class=\"attachment-medium size-medium\" alt=\"\" \/><\/a>\n\t\t\t<\/dt><\/dl><dl class='gallery-item'>\n\t\t\t<dt class='gallery-icon landscape'>\n\t\t\t\t<a href='https:\/\/iberculturaviva.org\/es\/3o-encuentro-nacional-de-batucadas-en-el-salvador-la-musica-como-herramienta-para-la-transformacion-social\/tuyulu-10-2\/'><img loading=\"lazy\" decoding=\"async\" width=\"300\" height=\"202\" src=\"https:\/\/iberculturaviva.org\/wp-content\/uploads\/2019\/01\/tuyulu-10-460x310.jpg\" class=\"attachment-medium size-medium\" alt=\"\" \/><\/a>\n\t\t\t<\/dt><\/dl><br style=\"clear: both\" \/><dl class='gallery-item'>\n\t\t\t<dt class='gallery-icon landscape'>\n\t\t\t\t<a href='https:\/\/iberculturaviva.org\/es\/3o-encuentro-nacional-de-batucadas-en-el-salvador-la-musica-como-herramienta-para-la-transformacion-social\/tuyulu-12-2\/'><img loading=\"lazy\" decoding=\"async\" width=\"300\" height=\"202\" src=\"https:\/\/iberculturaviva.org\/wp-content\/uploads\/2019\/01\/tuyulu-12-460x310.jpg\" class=\"attachment-medium size-medium\" alt=\"\" \/><\/a>\n\t\t\t<\/dt><\/dl><dl class='gallery-item'>\n\t\t\t<dt class='gallery-icon landscape'>\n\t\t\t\t<a href='https:\/\/iberculturaviva.org\/es\/3o-encuentro-nacional-de-batucadas-en-el-salvador-la-musica-como-herramienta-para-la-transformacion-social\/tuyulu-11-2\/'><img loading=\"lazy\" decoding=\"async\" width=\"300\" height=\"202\" src=\"https:\/\/iberculturaviva.org\/wp-content\/uploads\/2019\/01\/tuyulu-11-460x310.jpg\" class=\"attachment-medium size-medium\" alt=\"\" \/><\/a>\n\t\t\t<\/dt><\/dl><br style=\"clear: both\" \/>\n\t\t<\/div>\n\n<p>&nbsp;<\/p>\n<h4><b>La marcha<\/b><\/h4>\n<p style=\"text-align: justify;\"><span style=\"font-weight: 400;\">Las ma\u00f1anas fueron dedicadas a los ensayos de los ritmos y de la estructura que se iba a llevar a la hora de la marcha prevista para el cierre del 3\u00ba Encuentro Nacional de Batucadas, en la Plaza Gerardo Barrios, en el centro de la ciudad de San Salvador.<\/span><\/p>\n<p style=\"text-align: justify;\"><span style=\"font-weight: 400;\">En la acci\u00f3n p\u00fablica se hizo un recorrido en los alrededores de la Catedral, terminando con una conferencia de prensa en la que ellos se pronunciaron en contra de las amenazas de privatizaci\u00f3n del agua y por la pronta aprobaci\u00f3n de una ley general de aguas, con enfoque de derechos humanos.<\/span><\/p>\n<p style=\"text-align: justify;\"><span style=\"font-weight: 400;\">La actividad de la acci\u00f3n p\u00fablica fue coordinada con la Alianza Nacional Contra la Privatizaci\u00f3n del Agua en El Salvador, que aglutina a espacios (Foro del Agua, Mesa Frente a la Miner\u00eda Met\u00e1lica y Mesa de Soberan\u00eda Alimentaria, Mesa de Gesti\u00f3n y Riesgo), organizaciones, sindicatos y universidades en torno de problem\u00e1ticas de inter\u00e9s del pa\u00eds.<\/span><\/p>\n<p>&nbsp;<\/p>\n\n\t\t<style type=\"text\/css\">\n\t\t\t#gallery-4 {\n\t\t\t\tmargin: auto;\n\t\t\t}\n\t\t\t#gallery-4 .gallery-item {\n\t\t\t\tfloat: left;\n\t\t\t\tmargin-top: 10px;\n\t\t\t\ttext-align: center;\n\t\t\t\twidth: 50%;\n\t\t\t}\n\t\t\t#gallery-4 img {\n\t\t\t\tborder: 2px solid #cfcfcf;\n\t\t\t}\n\t\t\t#gallery-4 .gallery-caption {\n\t\t\t\tmargin-left: 0;\n\t\t\t}\n\t\t\t\/* see gallery_shortcode() in wp-includes\/media.php *\/\n\t\t<\/style>\n\t\t<div id='gallery-4' class='gallery galleryid-16498 gallery-columns-2 gallery-size-medium'><dl class='gallery-item'>\n\t\t\t<dt class='gallery-icon landscape'>\n\t\t\t\t<a href='https:\/\/iberculturaviva.org\/es\/3o-encuentro-nacional-de-batucadas-en-el-salvador-la-musica-como-herramienta-para-la-transformacion-social\/tuyulu-15-2\/'><img loading=\"lazy\" decoding=\"async\" width=\"300\" height=\"202\" src=\"https:\/\/iberculturaviva.org\/wp-content\/uploads\/2019\/01\/tuyulu-15-460x310.jpg\" class=\"attachment-medium size-medium\" alt=\"\" \/><\/a>\n\t\t\t<\/dt><\/dl><dl class='gallery-item'>\n\t\t\t<dt class='gallery-icon landscape'>\n\t\t\t\t<a href='https:\/\/iberculturaviva.org\/es\/3o-encuentro-nacional-de-batucadas-en-el-salvador-la-musica-como-herramienta-para-la-transformacion-social\/tuyulu-16-2\/'><img loading=\"lazy\" decoding=\"async\" width=\"300\" height=\"202\" src=\"https:\/\/iberculturaviva.org\/wp-content\/uploads\/2019\/01\/tuyulu-16-460x310.jpg\" class=\"attachment-medium size-medium\" alt=\"\" \/><\/a>\n\t\t\t<\/dt><\/dl><br style=\"clear: both\" \/>\n\t\t<\/div>\n\n<h4><\/h4>\n<h4><\/h4>\n<p><a href=\"https:\/\/iberculturaviva.org\/wp-content\/uploads\/2019\/01\/tuyulu-18.jpg\"><img loading=\"lazy\" decoding=\"async\" class=\"aligncenter wp-image-10852\" src=\"https:\/\/iberculturaviva.org\/wp-content\/uploads\/2019\/01\/tuyulu-18.jpg\" alt=\"\" width=\"640\" height=\"480\" srcset=\"https:\/\/iberculturaviva.org\/wp-content\/uploads\/2019\/01\/tuyulu-18.jpg 874w, https:\/\/iberculturaviva.org\/wp-content\/uploads\/2019\/01\/tuyulu-18-300x225.jpg 300w, https:\/\/iberculturaviva.org\/wp-content\/uploads\/2019\/01\/tuyulu-18-150x112.jpg 150w, https:\/\/iberculturaviva.org\/wp-content\/uploads\/2019\/01\/tuyulu-18-768x576.jpg 768w\" sizes=\"auto, (max-width: 640px) 100vw, 640px\" \/><\/a><\/p>\n<h5>(Fotos: Red de Batucadas Tuyulu)<\/h5>\n<p>&nbsp;<\/p>\n<h4><b>La red<\/b><\/h4>\n<p style=\"text-align: justify;\"><span style=\"font-weight: 400;\">La Red de Batucadas Tuyulu fue fundada el 30 de agosto de 2015 por 12 grupos de percusi\u00f3n brasile\u00f1a, con la misi\u00f3n de promover la batucada como una herramienta de transformaci\u00f3n social y fomentar la ciudadan\u00eda activa en \u00a0El Salvador. \u201cTuyulu\u201d viene del nahuat-pipil y significa \u00abnuestro coraz\u00f3n\u00bb. La referencia al coraz\u00f3n hace todo sentido: es el primer elemento r\u00edtmico que el ser humano experimenta.<\/span><\/p>\n<p>&nbsp;<\/p>\n<p>https:\/\/www.facebook.com\/tuyulu\/videos\/272960700048067\/<\/p>\n","protected":false},"excerpt":{"rendered":"<p>Cerca de 100 j\u00f3venes, pertenecientes a 15 grupos percusivos, participaron del 3\u00b0 Encuentro Nacional de Batucadas \u2013 Tuyulu 2018, realizado los d\u00edas 19 y 20 de diciembre en San Salvador [&hellip;]<\/p>\n","protected":false},"author":2,"featured_media":20210,"comment_status":"closed","ping_status":"closed","sticky":false,"template":"","format":"standard","meta":{"_coblocks_attr":"","_coblocks_dimensions":"","_coblocks_responsive_height":"","_coblocks_accordion_ie_support":"","_EventAllDay":false,"_EventTimezone":"","_EventStartDate":"","_EventEndDate":"","_EventStartDateUTC":"","_EventEndDateUTC":"","_EventShowMap":false,"_EventShowMapLink":false,"_EventURL":"","_EventCost":"","_EventCostDescription":"","_EventCurrencySymbol":"","_EventCurrencyCode":"","_EventCurrencyPosition":"","_EventDateTimeSeparator":"","_EventTimeRangeSeparator":"","_EventOrganizerID":[],"_EventVenueID":[],"_OrganizerEmail":"","_OrganizerPhone":"","_OrganizerWebsite":"","_VenueAddress":"","_VenueCity":"","_VenueCountry":"","_VenueProvince":"","_VenueState":"","_VenueZip":"","_VenuePhone":"","_VenueURL":"","_VenueStateProvince":"","_VenueLat":"","_VenueLng":"","_VenueShowMap":false,"_VenueShowMapLink":false,"footnotes":""},"categories":[262],"tags":[],"country-municipality":[],"class_list":["post-16498","post","type-post","status-publish","format-standard","has-post-thumbnail","hentry","category-noticias-es"],"yoast_head":"<!-- This site is optimized with the Yoast SEO plugin v25.7 - https:\/\/yoast.com\/wordpress\/plugins\/seo\/ -->\n<title>3\u00ba Encuentro Nacional de Batucadas en El Salvador: la m\u00fasica como herramienta para la transformaci\u00f3n social - IberCultura Viva<\/title>\n<meta name=\"description\" content=\"3\u00ba Encuentro Nacional de Batucadas en El Salvador: la m\u00fasica como herramienta para la transformaci\u00f3n social - IberCultura Viva\" \/>\n<meta name=\"robots\" content=\"index, follow, max-snippet:-1, max-image-preview:large, max-video-preview:-1\" \/>\n<link rel=\"canonical\" href=\"https:\/\/iberculturaviva.org\/es\/3o-encuentro-nacional-de-batucadas-en-el-salvador-la-musica-como-herramienta-para-la-transformacion-social\/\" \/>\n<meta property=\"og:locale\" content=\"es_ES\" \/>\n<meta property=\"og:type\" content=\"article\" \/>\n<meta property=\"og:title\" content=\"3\u00ba Encuentro Nacional de Batucadas en El Salvador: la m\u00fasica como herramienta para la transformaci\u00f3n social - IberCultura Viva\" \/>\n<meta property=\"og:description\" content=\"3\u00ba Encuentro Nacional de Batucadas en El Salvador: la m\u00fasica como herramienta para la transformaci\u00f3n social - IberCultura Viva\" \/>\n<meta property=\"og:url\" content=\"https:\/\/iberculturaviva.org\/es\/3o-encuentro-nacional-de-batucadas-en-el-salvador-la-musica-como-herramienta-para-la-transformacion-social\/\" \/>\n<meta property=\"og:site_name\" content=\"IberCultura Viva\" \/>\n<meta property=\"article:publisher\" content=\"https:\/\/www.facebook.com\/iberculturaviva\/\" \/>\n<meta property=\"article:published_time\" content=\"2019-01-21T21:15:54+00:00\" \/>\n<meta property=\"article:modified_time\" content=\"2021-01-06T20:08:17+00:00\" \/>\n<meta property=\"og:image\" content=\"https:\/\/iberculturaviva.org\/wp-content\/uploads\/2019\/01\/tuyulu-17.jpg\" \/>\n\t<meta property=\"og:image:width\" content=\"872\" \/>\n\t<meta property=\"og:image:height\" content=\"630\" \/>\n\t<meta property=\"og:image:type\" content=\"image\/jpeg\" \/>\n<meta name=\"author\" content=\"IberCultura\" \/>\n<meta name=\"twitter:card\" content=\"summary_large_image\" \/>\n<meta name=\"twitter:label1\" content=\"Escrito por\" \/>\n\t<meta name=\"twitter:data1\" content=\"IberCultura\" \/>\n\t<meta name=\"twitter:label2\" content=\"Tiempo de lectura\" \/>\n\t<meta name=\"twitter:data2\" content=\"4 minutos\" \/>\n<script type=\"application\/ld+json\" class=\"yoast-schema-graph\">{\"@context\":\"https:\/\/schema.org\",\"@graph\":[{\"@type\":\"Article\",\"@id\":\"https:\/\/iberculturaviva.org\/es\/3o-encuentro-nacional-de-batucadas-en-el-salvador-la-musica-como-herramienta-para-la-transformacion-social\/#article\",\"isPartOf\":{\"@id\":\"https:\/\/iberculturaviva.org\/es\/3o-encuentro-nacional-de-batucadas-en-el-salvador-la-musica-como-herramienta-para-la-transformacion-social\/\"},\"author\":{\"name\":\"IberCultura\",\"@id\":\"https:\/\/iberculturaviva.org\/es\/?lang=es\/#\/schema\/person\/5d1313b072cc25536e0431522f740b59\"},\"headline\":\"3\u00ba Encuentro Nacional de Batucadas en El Salvador: la m\u00fasica como herramienta para la transformaci\u00f3n social\",\"datePublished\":\"2019-01-21T21:15:54+00:00\",\"dateModified\":\"2021-01-06T20:08:17+00:00\",\"mainEntityOfPage\":{\"@id\":\"https:\/\/iberculturaviva.org\/es\/3o-encuentro-nacional-de-batucadas-en-el-salvador-la-musica-como-herramienta-para-la-transformacion-social\/\"},\"wordCount\":894,\"publisher\":{\"@id\":\"https:\/\/iberculturaviva.org\/es\/?lang=es\/#organization\"},\"image\":{\"@id\":\"https:\/\/iberculturaviva.org\/es\/3o-encuentro-nacional-de-batucadas-en-el-salvador-la-musica-como-herramienta-para-la-transformacion-social\/#primaryimage\"},\"thumbnailUrl\":\"https:\/\/iberculturaviva.org\/wp-content\/uploads\/2019\/01\/tuyulu-17.jpg\",\"articleSection\":[\"Noticias\"],\"inLanguage\":\"es\"},{\"@type\":\"WebPage\",\"@id\":\"https:\/\/iberculturaviva.org\/es\/3o-encuentro-nacional-de-batucadas-en-el-salvador-la-musica-como-herramienta-para-la-transformacion-social\/\",\"url\":\"https:\/\/iberculturaviva.org\/es\/3o-encuentro-nacional-de-batucadas-en-el-salvador-la-musica-como-herramienta-para-la-transformacion-social\/\",\"name\":\"3\u00ba Encuentro Nacional de Batucadas en El Salvador: la m\u00fasica como herramienta para la transformaci\u00f3n social - IberCultura Viva\",\"isPartOf\":{\"@id\":\"https:\/\/iberculturaviva.org\/es\/?lang=es\/#website\"},\"primaryImageOfPage\":{\"@id\":\"https:\/\/iberculturaviva.org\/es\/3o-encuentro-nacional-de-batucadas-en-el-salvador-la-musica-como-herramienta-para-la-transformacion-social\/#primaryimage\"},\"image\":{\"@id\":\"https:\/\/iberculturaviva.org\/es\/3o-encuentro-nacional-de-batucadas-en-el-salvador-la-musica-como-herramienta-para-la-transformacion-social\/#primaryimage\"},\"thumbnailUrl\":\"https:\/\/iberculturaviva.org\/wp-content\/uploads\/2019\/01\/tuyulu-17.jpg\",\"datePublished\":\"2019-01-21T21:15:54+00:00\",\"dateModified\":\"2021-01-06T20:08:17+00:00\",\"description\":\"3\u00ba Encuentro Nacional de Batucadas en El Salvador: la m\u00fasica como herramienta para la transformaci\u00f3n social - IberCultura Viva\",\"breadcrumb\":{\"@id\":\"https:\/\/iberculturaviva.org\/es\/3o-encuentro-nacional-de-batucadas-en-el-salvador-la-musica-como-herramienta-para-la-transformacion-social\/#breadcrumb\"},\"inLanguage\":\"es\",\"potentialAction\":[{\"@type\":\"ReadAction\",\"target\":[\"https:\/\/iberculturaviva.org\/es\/3o-encuentro-nacional-de-batucadas-en-el-salvador-la-musica-como-herramienta-para-la-transformacion-social\/\"]}]},{\"@type\":\"ImageObject\",\"inLanguage\":\"es\",\"@id\":\"https:\/\/iberculturaviva.org\/es\/3o-encuentro-nacional-de-batucadas-en-el-salvador-la-musica-como-herramienta-para-la-transformacion-social\/#primaryimage\",\"url\":\"https:\/\/iberculturaviva.org\/wp-content\/uploads\/2019\/01\/tuyulu-17.jpg\",\"contentUrl\":\"https:\/\/iberculturaviva.org\/wp-content\/uploads\/2019\/01\/tuyulu-17.jpg\",\"width\":872,\"height\":630},{\"@type\":\"BreadcrumbList\",\"@id\":\"https:\/\/iberculturaviva.org\/es\/3o-encuentro-nacional-de-batucadas-en-el-salvador-la-musica-como-herramienta-para-la-transformacion-social\/#breadcrumb\",\"itemListElement\":[{\"@type\":\"ListItem\",\"position\":1,\"name\":\"In\u00edcio\",\"item\":\"https:\/\/iberculturaviva.org\/es\/inicio\/\"},{\"@type\":\"ListItem\",\"position\":2,\"name\":\"3\u00ba Encuentro Nacional de Batucadas en El Salvador: la m\u00fasica como herramienta para la transformaci\u00f3n social\"}]},{\"@type\":\"WebSite\",\"@id\":\"https:\/\/iberculturaviva.org\/es\/?lang=es\/#website\",\"url\":\"https:\/\/iberculturaviva.org\/es\/?lang=es\/\",\"name\":\"IberCultura Viva\",\"description\":\"Programa de cooperaci\u00f3n cultural\",\"publisher\":{\"@id\":\"https:\/\/iberculturaviva.org\/es\/?lang=es\/#organization\"},\"potentialAction\":[{\"@type\":\"SearchAction\",\"target\":{\"@type\":\"EntryPoint\",\"urlTemplate\":\"https:\/\/iberculturaviva.org\/es\/?lang=es\/?s={search_term_string}\"},\"query-input\":{\"@type\":\"PropertyValueSpecification\",\"valueRequired\":true,\"valueName\":\"search_term_string\"}}],\"inLanguage\":\"es\"},{\"@type\":\"Organization\",\"@id\":\"https:\/\/iberculturaviva.org\/es\/?lang=es\/#organization\",\"name\":\"Iberculturaviva\",\"url\":\"https:\/\/iberculturaviva.org\/es\/?lang=es\/\",\"logo\":{\"@type\":\"ImageObject\",\"inLanguage\":\"es\",\"@id\":\"https:\/\/iberculturaviva.org\/es\/?lang=es\/#\/schema\/logo\/image\/\",\"url\":\"https:\/\/iberculturaviva.org\/wp-content\/uploads\/2021\/08\/logo_ibercultura_viva.jpg\",\"contentUrl\":\"https:\/\/iberculturaviva.org\/wp-content\/uploads\/2021\/08\/logo_ibercultura_viva.jpg\",\"width\":708,\"height\":223,\"caption\":\"Iberculturaviva\"},\"image\":{\"@id\":\"https:\/\/iberculturaviva.org\/es\/?lang=es\/#\/schema\/logo\/image\/\"},\"sameAs\":[\"https:\/\/www.facebook.com\/iberculturaviva\/\",\"https:\/\/www.instagram.com\/iberculturaviva\/\",\"https:\/\/www.youtube.com\/iberculturaviva\"]},{\"@type\":\"Person\",\"@id\":\"https:\/\/iberculturaviva.org\/es\/?lang=es\/#\/schema\/person\/5d1313b072cc25536e0431522f740b59\",\"name\":\"IberCultura\",\"image\":{\"@type\":\"ImageObject\",\"inLanguage\":\"es\",\"@id\":\"https:\/\/iberculturaviva.org\/es\/?lang=es\/#\/schema\/person\/image\/\",\"url\":\"https:\/\/secure.gravatar.com\/avatar\/79f1a057cb125cbefb3765d0356d52fc7f3bba3a35e2cf22bc4de090bb7aef70?s=96&d=mm&r=g\",\"contentUrl\":\"https:\/\/secure.gravatar.com\/avatar\/79f1a057cb125cbefb3765d0356d52fc7f3bba3a35e2cf22bc4de090bb7aef70?s=96&d=mm&r=g\",\"caption\":\"IberCultura\"}}]}<\/script>\n<!-- \/ Yoast SEO plugin. -->","yoast_head_json":{"title":"3\u00ba Encuentro Nacional de Batucadas en El Salvador: la m\u00fasica como herramienta para la transformaci\u00f3n social - IberCultura Viva","description":"3\u00ba Encuentro Nacional de Batucadas en El Salvador: la m\u00fasica como herramienta para la transformaci\u00f3n social - IberCultura Viva","robots":{"index":"index","follow":"follow","max-snippet":"max-snippet:-1","max-image-preview":"max-image-preview:large","max-video-preview":"max-video-preview:-1"},"canonical":"https:\/\/iberculturaviva.org\/es\/3o-encuentro-nacional-de-batucadas-en-el-salvador-la-musica-como-herramienta-para-la-transformacion-social\/","og_locale":"es_ES","og_type":"article","og_title":"3\u00ba Encuentro Nacional de Batucadas en El Salvador: la m\u00fasica como herramienta para la transformaci\u00f3n social - IberCultura Viva","og_description":"3\u00ba Encuentro Nacional de Batucadas en El Salvador: la m\u00fasica como herramienta para la transformaci\u00f3n social - IberCultura Viva","og_url":"https:\/\/iberculturaviva.org\/es\/3o-encuentro-nacional-de-batucadas-en-el-salvador-la-musica-como-herramienta-para-la-transformacion-social\/","og_site_name":"IberCultura Viva","article_publisher":"https:\/\/www.facebook.com\/iberculturaviva\/","article_published_time":"2019-01-21T21:15:54+00:00","article_modified_time":"2021-01-06T20:08:17+00:00","og_image":[{"width":872,"height":630,"url":"https:\/\/iberculturaviva.org\/wp-content\/uploads\/2019\/01\/tuyulu-17.jpg","type":"image\/jpeg"}],"author":"IberCultura","twitter_card":"summary_large_image","twitter_misc":{"Escrito por":"IberCultura","Tiempo de lectura":"4 minutos"},"schema":{"@context":"https:\/\/schema.org","@graph":[{"@type":"Article","@id":"https:\/\/iberculturaviva.org\/es\/3o-encuentro-nacional-de-batucadas-en-el-salvador-la-musica-como-herramienta-para-la-transformacion-social\/#article","isPartOf":{"@id":"https:\/\/iberculturaviva.org\/es\/3o-encuentro-nacional-de-batucadas-en-el-salvador-la-musica-como-herramienta-para-la-transformacion-social\/"},"author":{"name":"IberCultura","@id":"https:\/\/iberculturaviva.org\/es\/?lang=es\/#\/schema\/person\/5d1313b072cc25536e0431522f740b59"},"headline":"3\u00ba Encuentro Nacional de Batucadas en El Salvador: la m\u00fasica como herramienta para la transformaci\u00f3n social","datePublished":"2019-01-21T21:15:54+00:00","dateModified":"2021-01-06T20:08:17+00:00","mainEntityOfPage":{"@id":"https:\/\/iberculturaviva.org\/es\/3o-encuentro-nacional-de-batucadas-en-el-salvador-la-musica-como-herramienta-para-la-transformacion-social\/"},"wordCount":894,"publisher":{"@id":"https:\/\/iberculturaviva.org\/es\/?lang=es\/#organization"},"image":{"@id":"https:\/\/iberculturaviva.org\/es\/3o-encuentro-nacional-de-batucadas-en-el-salvador-la-musica-como-herramienta-para-la-transformacion-social\/#primaryimage"},"thumbnailUrl":"https:\/\/iberculturaviva.org\/wp-content\/uploads\/2019\/01\/tuyulu-17.jpg","articleSection":["Noticias"],"inLanguage":"es"},{"@type":"WebPage","@id":"https:\/\/iberculturaviva.org\/es\/3o-encuentro-nacional-de-batucadas-en-el-salvador-la-musica-como-herramienta-para-la-transformacion-social\/","url":"https:\/\/iberculturaviva.org\/es\/3o-encuentro-nacional-de-batucadas-en-el-salvador-la-musica-como-herramienta-para-la-transformacion-social\/","name":"3\u00ba Encuentro Nacional de Batucadas en El Salvador: la m\u00fasica como herramienta para la transformaci\u00f3n social - IberCultura Viva","isPartOf":{"@id":"https:\/\/iberculturaviva.org\/es\/?lang=es\/#website"},"primaryImageOfPage":{"@id":"https:\/\/iberculturaviva.org\/es\/3o-encuentro-nacional-de-batucadas-en-el-salvador-la-musica-como-herramienta-para-la-transformacion-social\/#primaryimage"},"image":{"@id":"https:\/\/iberculturaviva.org\/es\/3o-encuentro-nacional-de-batucadas-en-el-salvador-la-musica-como-herramienta-para-la-transformacion-social\/#primaryimage"},"thumbnailUrl":"https:\/\/iberculturaviva.org\/wp-content\/uploads\/2019\/01\/tuyulu-17.jpg","datePublished":"2019-01-21T21:15:54+00:00","dateModified":"2021-01-06T20:08:17+00:00","description":"3\u00ba Encuentro Nacional de Batucadas en El Salvador: la m\u00fasica como herramienta para la transformaci\u00f3n social - IberCultura Viva","breadcrumb":{"@id":"https:\/\/iberculturaviva.org\/es\/3o-encuentro-nacional-de-batucadas-en-el-salvador-la-musica-como-herramienta-para-la-transformacion-social\/#breadcrumb"},"inLanguage":"es","potentialAction":[{"@type":"ReadAction","target":["https:\/\/iberculturaviva.org\/es\/3o-encuentro-nacional-de-batucadas-en-el-salvador-la-musica-como-herramienta-para-la-transformacion-social\/"]}]},{"@type":"ImageObject","inLanguage":"es","@id":"https:\/\/iberculturaviva.org\/es\/3o-encuentro-nacional-de-batucadas-en-el-salvador-la-musica-como-herramienta-para-la-transformacion-social\/#primaryimage","url":"https:\/\/iberculturaviva.org\/wp-content\/uploads\/2019\/01\/tuyulu-17.jpg","contentUrl":"https:\/\/iberculturaviva.org\/wp-content\/uploads\/2019\/01\/tuyulu-17.jpg","width":872,"height":630},{"@type":"BreadcrumbList","@id":"https:\/\/iberculturaviva.org\/es\/3o-encuentro-nacional-de-batucadas-en-el-salvador-la-musica-como-herramienta-para-la-transformacion-social\/#breadcrumb","itemListElement":[{"@type":"ListItem","position":1,"name":"In\u00edcio","item":"https:\/\/iberculturaviva.org\/es\/inicio\/"},{"@type":"ListItem","position":2,"name":"3\u00ba Encuentro Nacional de Batucadas en El Salvador: la m\u00fasica como herramienta para la transformaci\u00f3n social"}]},{"@type":"WebSite","@id":"https:\/\/iberculturaviva.org\/es\/?lang=es\/#website","url":"https:\/\/iberculturaviva.org\/es\/?lang=es\/","name":"IberCultura Viva","description":"Programa de cooperaci\u00f3n cultural","publisher":{"@id":"https:\/\/iberculturaviva.org\/es\/?lang=es\/#organization"},"potentialAction":[{"@type":"SearchAction","target":{"@type":"EntryPoint","urlTemplate":"https:\/\/iberculturaviva.org\/es\/?lang=es\/?s={search_term_string}"},"query-input":{"@type":"PropertyValueSpecification","valueRequired":true,"valueName":"search_term_string"}}],"inLanguage":"es"},{"@type":"Organization","@id":"https:\/\/iberculturaviva.org\/es\/?lang=es\/#organization","name":"Iberculturaviva","url":"https:\/\/iberculturaviva.org\/es\/?lang=es\/","logo":{"@type":"ImageObject","inLanguage":"es","@id":"https:\/\/iberculturaviva.org\/es\/?lang=es\/#\/schema\/logo\/image\/","url":"https:\/\/iberculturaviva.org\/wp-content\/uploads\/2021\/08\/logo_ibercultura_viva.jpg","contentUrl":"https:\/\/iberculturaviva.org\/wp-content\/uploads\/2021\/08\/logo_ibercultura_viva.jpg","width":708,"height":223,"caption":"Iberculturaviva"},"image":{"@id":"https:\/\/iberculturaviva.org\/es\/?lang=es\/#\/schema\/logo\/image\/"},"sameAs":["https:\/\/www.facebook.com\/iberculturaviva\/","https:\/\/www.instagram.com\/iberculturaviva\/","https:\/\/www.youtube.com\/iberculturaviva"]},{"@type":"Person","@id":"https:\/\/iberculturaviva.org\/es\/?lang=es\/#\/schema\/person\/5d1313b072cc25536e0431522f740b59","name":"IberCultura","image":{"@type":"ImageObject","inLanguage":"es","@id":"https:\/\/iberculturaviva.org\/es\/?lang=es\/#\/schema\/person\/image\/","url":"https:\/\/secure.gravatar.com\/avatar\/79f1a057cb125cbefb3765d0356d52fc7f3bba3a35e2cf22bc4de090bb7aef70?s=96&d=mm&r=g","contentUrl":"https:\/\/secure.gravatar.com\/avatar\/79f1a057cb125cbefb3765d0356d52fc7f3bba3a35e2cf22bc4de090bb7aef70?s=96&d=mm&r=g","caption":"IberCultura"}}]}},"main_category":{"link":"https:\/\/iberculturaviva.org\/es\/category\/noticias-es\/","name":"Noticias","slug":"noticias-es"},"_links":{"self":[{"href":"https:\/\/iberculturaviva.org\/es\/wp-json\/wp\/v2\/posts\/16498","targetHints":{"allow":["GET"]}}],"collection":[{"href":"https:\/\/iberculturaviva.org\/es\/wp-json\/wp\/v2\/posts"}],"about":[{"href":"https:\/\/iberculturaviva.org\/es\/wp-json\/wp\/v2\/types\/post"}],"author":[{"embeddable":true,"href":"https:\/\/iberculturaviva.org\/es\/wp-json\/wp\/v2\/users\/2"}],"replies":[{"embeddable":true,"href":"https:\/\/iberculturaviva.org\/es\/wp-json\/wp\/v2\/comments?post=16498"}],"version-history":[{"count":1,"href":"https:\/\/iberculturaviva.org\/es\/wp-json\/wp\/v2\/posts\/16498\/revisions"}],"predecessor-version":[{"id":22616,"href":"https:\/\/iberculturaviva.org\/es\/wp-json\/wp\/v2\/posts\/16498\/revisions\/22616"}],"wp:featuredmedia":[{"embeddable":true,"href":"https:\/\/iberculturaviva.org\/es\/wp-json\/wp\/v2\/media\/20210"}],"wp:attachment":[{"href":"https:\/\/iberculturaviva.org\/es\/wp-json\/wp\/v2\/media?parent=16498"}],"wp:term":[{"taxonomy":"category","embeddable":true,"href":"https:\/\/iberculturaviva.org\/es\/wp-json\/wp\/v2\/categories?post=16498"},{"taxonomy":"post_tag","embeddable":true,"href":"https:\/\/iberculturaviva.org\/es\/wp-json\/wp\/v2\/tags?post=16498"},{"taxonomy":"country-municipality","embeddable":true,"href":"https:\/\/iberculturaviva.org\/es\/wp-json\/wp\/v2\/country-municipality?post=16498"}],"curies":[{"name":"wp","href":"https:\/\/api.w.org\/{rel}","templated":true}]}}