{"id":16486,"date":"2018-12-10T09:40:09","date_gmt":"2018-12-10T11:40:09","guid":{"rendered":"https:\/\/iberculturaviva.org\/iberentrelazando-experiencias-un-banco-de-saberes-de-cultura-comunitaria-para-el-intercambio-de-acciones\/"},"modified":"2021-01-06T17:09:00","modified_gmt":"2021-01-06T20:09:00","slug":"iberentrelazando-experiencias-un-banco-de-saberes-de-cultura-comunitaria-para-el-intercambio-de-acciones","status":"publish","type":"post","link":"https:\/\/iberculturaviva.org\/es\/iberentrelazando-experiencias-un-banco-de-saberes-de-cultura-comunitaria-para-el-intercambio-de-acciones\/","title":{"rendered":"IberEntrelazando Experiencias: un banco de saberes de cultura comunitaria para el intercambio de acciones"},"content":{"rendered":"<p style=\"text-align: justify;\"><span style=\"font-weight: 400;\">Las organizaciones culturales comunitarias y\/o los pueblos originarios interesados en proponer una actividad de intercambio de saberes y experiencias para ser compartidas con otros colectivos, comunidades y pueblos del Espacio Cultural Iberoamericano pueden postular a partir de hoy (10\/12) a la <\/span><span style=\"font-weight: 400;\">Convocatoria IberEntrelazando Experiencias. La iniciativa lanzada por el programa IberCultura Viva busca tanto la construcci\u00f3n de un banco de saberes de la cultura comunitaria como el desarrollo en territorio de estas propuestas.<\/span><\/p>\n<p style=\"text-align: justify;\"><span style=\"font-weight: 400;\">La primera etapa, con vistas a construir y visibilizar un banco de saberes, tiene el plazo de inscripciones abierto desde este lunes 10 de diciembre hasta el 15 de marzo de 2019. Las postulaciones se realizan por medio de la plataforma <\/span><a href=\"https:\/\/mapa.iberculturaviva.org\/\"><span style=\"font-weight: 400;\">Mapa IberCultura Viva<\/span><\/a><span style=\"font-weight: 400;\"> y est\u00e1n dirigidas a organizaciones culturales comunitarias y pueblos originarios de los 22 pa\u00edses iberoamericanos(*). <\/span><\/p>\n<p style=\"text-align: justify;\"><span style=\"font-weight: 400;\">La segunda etapa de la convocatoria, para <\/span><span style=\"font-weight: 400;\">el desarrollo en territorio de las propuestas de intercambio de conocimientos (o sea, para \u201centrelazar experiencias\u201d), tendr\u00e1 inicio el 15 de mayo y terminar\u00e1 el 30 de junio de 2019. Esta segunda fase, en la que se realizar\u00e1 la s<\/span><span style=\"font-weight: 400;\">elecci\u00f3n de las comunidades anfitrionas, est\u00e1 dirigida a organizaciones y colectivos de <\/span><span style=\"font-weight: 400;\">los 12 pa\u00edses integrantes del programa: <\/span><span style=\"font-weight: 400;\">Argentina, Brasil, Chile, Costa Rica, Cuba (pa\u00eds invitado), Ecuador, El Salvador, Espa\u00f1a, Guatemala, M\u00e9xico, Per\u00fa y Uruguay. <\/span><\/p>\n<p style=\"text-align: justify;\"><span style=\"font-weight: 400;\">Las acciones de IberEntrelazando Experiencias (los intercambios propiamente dichos) se llevar\u00e1n a cabo entre agosto y diciembre de 2019 y consistir\u00e1n en la implementaci\u00f3n de la propuesta seleccionada del Banco de Saberes. Podr\u00e1n proponerse intercambios de saberes entre organizaciones y\/o pueblos originarios de un mismo pa\u00eds o entre varios pa\u00edses miembros del programa. <\/span><\/p>\n<p style=\"text-align: justify;\"><span style=\"font-weight: 400;\">Las comunidades anfitrionas deber\u00e1n garantizar el hospedaje, alimentaci\u00f3n y traslados dentro del territorio local para la(s) persona(s) facilitadora(s) invitada(s), como as\u00ed tambi\u00e9n la difusi\u00f3n y producci\u00f3n de la actividad en territorio. El programa IberCultura Viva se encargar\u00e1 de la compra de pasajes y seguros de viaje para la(s) persona(s) facilitadora(s) del intercambio. No habr\u00e1 giro de fondos para los proyectos.<\/span><\/p>\n<h4><b>Los participantes<\/b><\/h4>\n<p style=\"text-align: justify;\"><span style=\"font-weight: 400;\">Las organizaciones y pueblos originarios de los pa\u00edses integrantes del programa podr\u00e1n participar de las dos etapas de la convocatoria. Aquellos colectivos que no tengan persona jur\u00eddica pueden postular presentando una carta aval firmada por el representante gubernamental del programa IberCultura Viva en su pa\u00eds. Los \u00f3rganos que responden por el programa en cada pa\u00eds (Ministerio de Cultura, Secretar\u00eda de Cultura o equivalente) determinar\u00e1n los criterios requeridos para la emisi\u00f3n de su aval. (En los pa\u00edses que no integran el Consejo Intergubernamental, s\u00f3lo podr\u00e1n participar las organizaciones que cuenten con personer\u00eda jur\u00eddica.) <\/span><\/p>\n<p style=\"text-align: justify;\"><span style=\"font-weight: 400;\">En la primera etapa, las organizaciones y pueblos originarios deber\u00e1n presentar en el Mapa IberCultura Viva las propuestas que ya desarrollan en sus comunidades y desean compartir con otros colectivos en el Banco de Saberes. Por saberes y conocimientos se entienden aquellas experiencias, pr\u00e1cticas comunes, metodolog\u00edas, tecnolog\u00edas sociales, historias de las comunidades, saberes ancestrales o tradicionales, entre otros, de los diferentes grupos que componen la diversidad iberoamericana ejercidas desde la base territorial. <\/span><\/p>\n<p style=\"text-align: justify;\"><span style=\"font-weight: 400;\">Posteriormente, para participar de la segunda etapa, las organizaciones y\/o pueblos originarios deber\u00e1n elegir qu\u00e9 propuestas del Banco de Saberes quisieran recibir en sus territorios y contactarse con las personas facilitadoras. Una vez que acuerden entre ambas partes la voluntad de intercambio, deber\u00e1n presentar su postulaci\u00f3n como anfitriones. <\/span><\/p>\n<p style=\"text-align: justify;\"><span style=\"font-weight: 400;\">La evaluaci\u00f3n de las propuestas estar\u00e1 a cargo del Comit\u00e9 de Selecci\u00f3n, conformado por integrantes del Consejo Intergubernamental IberCultura Viva. \u00a0Se tendr\u00e1n en cuenta en la selecci\u00f3n criterios como la trayectoria en proyectos relevantes para el \u00e1rea cultural, especialmente en temas relacionados con la organizaci\u00f3n comunitaria, el desarrollo de pol\u00edticas, la construcci\u00f3n de ciudadan\u00eda y la valorizaci\u00f3n de identidades culturales. Las propuestas tambi\u00e9n deben incluir la perspectiva de g\u00e9nero de forma transversal. <\/span><\/p>\n<h4 style=\"text-align: justify;\"><b>Antecedentes<\/b><\/h4>\n<p style=\"text-align: justify;\"><span style=\"font-weight: 400;\">Entrelazando Experiencias nace en Argentina en 2014, como una acci\u00f3n para el fortalecimiento, intercambio y formaci\u00f3n dentro de la Red Nacional de Puntos de Cultura. Inspirado en este modelo, IberCultura Viva busca implementar una propuesta a nivel regional para fomentar la circulaci\u00f3n de conocimientos comunitarios de forma horizontal entre organizaciones culturales comunitarias y pueblos originarios, con el fin de difundir, potenciar y compartir los conocimientos y experiencias que los colectivos van adquiriendo y desarrollando d\u00eda a d\u00eda a trav\u00e9s de su trabajo territorial. <\/span><\/p>\n<p>&nbsp;<\/p>\n<h5 style=\"text-align: justify;\"><i><span style=\"font-weight: 400;\">**Los 22 pa\u00edses del Espacio Iberoamericano son Andorra, Argentina, Bolivia, Brasil, Chile, Colombia, Costa Rica, Cuba, El Salvador, Ecuador, Espa\u00f1a, Guatemala, Honduras, M\u00e9xico, Nicaragua, Panam\u00e1, Paraguay, Per\u00fa, Portugal, Rep\u00fablica Dominicana, Uruguay y Venezuela.<\/span><\/i><\/h5>\n<p>&nbsp;<\/p>\n<p><span style=\"font-weight: 400;\"><strong>Revisa las bases del concurso<\/strong>: <\/span><a href=\"https:\/\/bit.ly\/2rsLa9x\"><span style=\"font-weight: 400;\">https:\/\/bit.ly\/2rsLa9x<\/span><\/a><\/p>\n<p><span style=\"font-weight: 400;\"><strong>Inscripciones<\/strong>: <\/span><a href=\"https:\/\/mapa.iberculturaviva.org\/oportunidade\/45\/\"><span style=\"font-weight: 400;\">https:\/\/mapa.iberculturaviva.org\/oportunidade\/45\/<\/span><\/a><\/p>\n<p><span style=\"font-weight: 400;\"><strong>Consultas<\/strong>:<\/span><a href=\"mailto:programa@iberculturaviva.org\"><span style=\"font-weight: 400;\"> programa@iberculturaviva.org<\/span><span style=\"font-weight: 400;\"><br \/>\n<\/span><span style=\"font-weight: 400;\"><br \/>\n<\/span><\/a><span style=\"font-weight: 400;\"><strong>C\u00f3mo registrarse en el Mapa IberCultura Viv<\/strong>a: <\/span><a href=\"https:\/\/iberculturaviva.org\/es\/manual\/?lang=es\"><span style=\"font-weight: 400;\">https:\/\/iberculturaviva.org\/manual\/?lang=es<\/span><\/a><\/p>\n<p>&nbsp;<\/p>\n<p><strong>Lea tambi\u00e9n<\/strong>:<\/p>\n<p><a href=\"https:\/\/iberculturaviva.org\/es\/como-inscribirse-en-la-convocatoria-iberentrelazando-experiencias\/\">C\u00f3mo inscribirse en la Convocatoria IberEntrelazando Experiencias<\/a><\/p>\n","protected":false},"excerpt":{"rendered":"<p>Las organizaciones culturales comunitarias y\/o los pueblos originarios interesados en proponer una actividad de intercambio de saberes y experiencias para ser compartidas con otros colectivos, comunidades y pueblos del Espacio [&hellip;]<\/p>\n","protected":false},"author":2,"featured_media":20172,"comment_status":"closed","ping_status":"closed","sticky":false,"template":"","format":"standard","meta":{"_coblocks_attr":"","_coblocks_dimensions":"","_coblocks_responsive_height":"","_coblocks_accordion_ie_support":"","_EventAllDay":false,"_EventTimezone":"","_EventStartDate":"","_EventEndDate":"","_EventStartDateUTC":"","_EventEndDateUTC":"","_EventShowMap":false,"_EventShowMapLink":false,"_EventURL":"","_EventCost":"","_EventCostDescription":"","_EventCurrencySymbol":"","_EventCurrencyCode":"","_EventCurrencyPosition":"","_EventDateTimeSeparator":"","_EventTimeRangeSeparator":"","_EventOrganizerID":[],"_EventVenueID":[],"_OrganizerEmail":"","_OrganizerPhone":"","_OrganizerWebsite":"","_VenueAddress":"","_VenueCity":"","_VenueCountry":"","_VenueProvince":"","_VenueState":"","_VenueZip":"","_VenuePhone":"","_VenueURL":"","_VenueStateProvince":"","_VenueLat":"","_VenueLng":"","_VenueShowMap":false,"_VenueShowMapLink":false,"footnotes":""},"categories":[250,262],"tags":[],"country-municipality":[],"class_list":["post-16486","post","type-post","status-publish","format-standard","has-post-thumbnail","hentry","category-convocatorias","category-noticias-es"],"yoast_head":"<!-- This site is optimized with the Yoast SEO plugin v25.7 - https:\/\/yoast.com\/wordpress\/plugins\/seo\/ -->\n<title>IberEntrelazando Experiencias: un banco de saberes de cultura comunitaria para el intercambio de acciones - IberCultura Viva<\/title>\n<meta name=\"description\" content=\"IberEntrelazando Experiencias: un banco de saberes de cultura comunitaria para el intercambio de acciones - IberCultura Viva\" \/>\n<meta name=\"robots\" content=\"index, follow, max-snippet:-1, max-image-preview:large, max-video-preview:-1\" \/>\n<link rel=\"canonical\" href=\"https:\/\/iberculturaviva.org\/es\/iberentrelazando-experiencias-un-banco-de-saberes-de-cultura-comunitaria-para-el-intercambio-de-acciones\/\" \/>\n<meta property=\"og:locale\" content=\"es_ES\" \/>\n<meta property=\"og:type\" content=\"article\" \/>\n<meta property=\"og:title\" content=\"IberEntrelazando Experiencias: un banco de saberes de cultura comunitaria para el intercambio de acciones - IberCultura Viva\" \/>\n<meta property=\"og:description\" content=\"IberEntrelazando Experiencias: un banco de saberes de cultura comunitaria para el intercambio de acciones - IberCultura Viva\" \/>\n<meta property=\"og:url\" content=\"https:\/\/iberculturaviva.org\/es\/iberentrelazando-experiencias-un-banco-de-saberes-de-cultura-comunitaria-para-el-intercambio-de-acciones\/\" \/>\n<meta property=\"og:site_name\" content=\"IberCultura Viva\" \/>\n<meta property=\"article:publisher\" content=\"https:\/\/www.facebook.com\/iberculturaviva\/\" \/>\n<meta property=\"article:published_time\" content=\"2018-12-10T11:40:09+00:00\" \/>\n<meta property=\"article:modified_time\" content=\"2021-01-06T20:09:00+00:00\" \/>\n<meta property=\"og:image\" content=\"https:\/\/iberculturaviva.org\/wp-content\/uploads\/2018\/12\/iberentrelazando.jpg\" \/>\n\t<meta property=\"og:image:width\" content=\"2000\" \/>\n\t<meta property=\"og:image:height\" content=\"1331\" \/>\n\t<meta property=\"og:image:type\" content=\"image\/jpeg\" \/>\n<meta name=\"author\" content=\"IberCultura\" \/>\n<meta name=\"twitter:card\" content=\"summary_large_image\" \/>\n<meta name=\"twitter:label1\" content=\"Escrito por\" \/>\n\t<meta name=\"twitter:data1\" content=\"IberCultura\" \/>\n\t<meta name=\"twitter:label2\" content=\"Tiempo de lectura\" \/>\n\t<meta name=\"twitter:data2\" content=\"4 minutos\" \/>\n<script type=\"application\/ld+json\" class=\"yoast-schema-graph\">{\"@context\":\"https:\/\/schema.org\",\"@graph\":[{\"@type\":\"Article\",\"@id\":\"https:\/\/iberculturaviva.org\/es\/iberentrelazando-experiencias-un-banco-de-saberes-de-cultura-comunitaria-para-el-intercambio-de-acciones\/#article\",\"isPartOf\":{\"@id\":\"https:\/\/iberculturaviva.org\/es\/iberentrelazando-experiencias-un-banco-de-saberes-de-cultura-comunitaria-para-el-intercambio-de-acciones\/\"},\"author\":{\"name\":\"IberCultura\",\"@id\":\"https:\/\/iberculturaviva.org\/es\/?lang=es\/#\/schema\/person\/5d1313b072cc25536e0431522f740b59\"},\"headline\":\"IberEntrelazando Experiencias: un banco de saberes de cultura comunitaria para el intercambio de acciones\",\"datePublished\":\"2018-12-10T11:40:09+00:00\",\"dateModified\":\"2021-01-06T20:09:00+00:00\",\"mainEntityOfPage\":{\"@id\":\"https:\/\/iberculturaviva.org\/es\/iberentrelazando-experiencias-un-banco-de-saberes-de-cultura-comunitaria-para-el-intercambio-de-acciones\/\"},\"wordCount\":850,\"publisher\":{\"@id\":\"https:\/\/iberculturaviva.org\/es\/?lang=es\/#organization\"},\"image\":{\"@id\":\"https:\/\/iberculturaviva.org\/es\/iberentrelazando-experiencias-un-banco-de-saberes-de-cultura-comunitaria-para-el-intercambio-de-acciones\/#primaryimage\"},\"thumbnailUrl\":\"https:\/\/iberculturaviva.org\/wp-content\/uploads\/2018\/12\/iberentrelazando.jpg\",\"articleSection\":[\"Convocatorias\",\"Noticias\"],\"inLanguage\":\"es\"},{\"@type\":\"WebPage\",\"@id\":\"https:\/\/iberculturaviva.org\/es\/iberentrelazando-experiencias-un-banco-de-saberes-de-cultura-comunitaria-para-el-intercambio-de-acciones\/\",\"url\":\"https:\/\/iberculturaviva.org\/es\/iberentrelazando-experiencias-un-banco-de-saberes-de-cultura-comunitaria-para-el-intercambio-de-acciones\/\",\"name\":\"IberEntrelazando Experiencias: un banco de saberes de cultura comunitaria para el intercambio de acciones - IberCultura Viva\",\"isPartOf\":{\"@id\":\"https:\/\/iberculturaviva.org\/es\/?lang=es\/#website\"},\"primaryImageOfPage\":{\"@id\":\"https:\/\/iberculturaviva.org\/es\/iberentrelazando-experiencias-un-banco-de-saberes-de-cultura-comunitaria-para-el-intercambio-de-acciones\/#primaryimage\"},\"image\":{\"@id\":\"https:\/\/iberculturaviva.org\/es\/iberentrelazando-experiencias-un-banco-de-saberes-de-cultura-comunitaria-para-el-intercambio-de-acciones\/#primaryimage\"},\"thumbnailUrl\":\"https:\/\/iberculturaviva.org\/wp-content\/uploads\/2018\/12\/iberentrelazando.jpg\",\"datePublished\":\"2018-12-10T11:40:09+00:00\",\"dateModified\":\"2021-01-06T20:09:00+00:00\",\"description\":\"IberEntrelazando Experiencias: un banco de saberes de cultura comunitaria para el intercambio de acciones - IberCultura Viva\",\"breadcrumb\":{\"@id\":\"https:\/\/iberculturaviva.org\/es\/iberentrelazando-experiencias-un-banco-de-saberes-de-cultura-comunitaria-para-el-intercambio-de-acciones\/#breadcrumb\"},\"inLanguage\":\"es\",\"potentialAction\":[{\"@type\":\"ReadAction\",\"target\":[\"https:\/\/iberculturaviva.org\/es\/iberentrelazando-experiencias-un-banco-de-saberes-de-cultura-comunitaria-para-el-intercambio-de-acciones\/\"]}]},{\"@type\":\"ImageObject\",\"inLanguage\":\"es\",\"@id\":\"https:\/\/iberculturaviva.org\/es\/iberentrelazando-experiencias-un-banco-de-saberes-de-cultura-comunitaria-para-el-intercambio-de-acciones\/#primaryimage\",\"url\":\"https:\/\/iberculturaviva.org\/wp-content\/uploads\/2018\/12\/iberentrelazando.jpg\",\"contentUrl\":\"https:\/\/iberculturaviva.org\/wp-content\/uploads\/2018\/12\/iberentrelazando.jpg\",\"width\":2000,\"height\":1331},{\"@type\":\"BreadcrumbList\",\"@id\":\"https:\/\/iberculturaviva.org\/es\/iberentrelazando-experiencias-un-banco-de-saberes-de-cultura-comunitaria-para-el-intercambio-de-acciones\/#breadcrumb\",\"itemListElement\":[{\"@type\":\"ListItem\",\"position\":1,\"name\":\"In\u00edcio\",\"item\":\"https:\/\/iberculturaviva.org\/es\/inicio\/\"},{\"@type\":\"ListItem\",\"position\":2,\"name\":\"IberEntrelazando Experiencias: un banco de saberes de cultura comunitaria para el intercambio de acciones\"}]},{\"@type\":\"WebSite\",\"@id\":\"https:\/\/iberculturaviva.org\/es\/?lang=es\/#website\",\"url\":\"https:\/\/iberculturaviva.org\/es\/?lang=es\/\",\"name\":\"IberCultura Viva\",\"description\":\"Programa de cooperaci\u00f3n cultural\",\"publisher\":{\"@id\":\"https:\/\/iberculturaviva.org\/es\/?lang=es\/#organization\"},\"potentialAction\":[{\"@type\":\"SearchAction\",\"target\":{\"@type\":\"EntryPoint\",\"urlTemplate\":\"https:\/\/iberculturaviva.org\/es\/?lang=es\/?s={search_term_string}\"},\"query-input\":{\"@type\":\"PropertyValueSpecification\",\"valueRequired\":true,\"valueName\":\"search_term_string\"}}],\"inLanguage\":\"es\"},{\"@type\":\"Organization\",\"@id\":\"https:\/\/iberculturaviva.org\/es\/?lang=es\/#organization\",\"name\":\"Iberculturaviva\",\"url\":\"https:\/\/iberculturaviva.org\/es\/?lang=es\/\",\"logo\":{\"@type\":\"ImageObject\",\"inLanguage\":\"es\",\"@id\":\"https:\/\/iberculturaviva.org\/es\/?lang=es\/#\/schema\/logo\/image\/\",\"url\":\"https:\/\/iberculturaviva.org\/wp-content\/uploads\/2021\/08\/logo_ibercultura_viva.jpg\",\"contentUrl\":\"https:\/\/iberculturaviva.org\/wp-content\/uploads\/2021\/08\/logo_ibercultura_viva.jpg\",\"width\":708,\"height\":223,\"caption\":\"Iberculturaviva\"},\"image\":{\"@id\":\"https:\/\/iberculturaviva.org\/es\/?lang=es\/#\/schema\/logo\/image\/\"},\"sameAs\":[\"https:\/\/www.facebook.com\/iberculturaviva\/\",\"https:\/\/www.instagram.com\/iberculturaviva\/\",\"https:\/\/www.youtube.com\/iberculturaviva\"]},{\"@type\":\"Person\",\"@id\":\"https:\/\/iberculturaviva.org\/es\/?lang=es\/#\/schema\/person\/5d1313b072cc25536e0431522f740b59\",\"name\":\"IberCultura\",\"image\":{\"@type\":\"ImageObject\",\"inLanguage\":\"es\",\"@id\":\"https:\/\/iberculturaviva.org\/es\/?lang=es\/#\/schema\/person\/image\/\",\"url\":\"https:\/\/secure.gravatar.com\/avatar\/79f1a057cb125cbefb3765d0356d52fc7f3bba3a35e2cf22bc4de090bb7aef70?s=96&d=mm&r=g\",\"contentUrl\":\"https:\/\/secure.gravatar.com\/avatar\/79f1a057cb125cbefb3765d0356d52fc7f3bba3a35e2cf22bc4de090bb7aef70?s=96&d=mm&r=g\",\"caption\":\"IberCultura\"}}]}<\/script>\n<!-- \/ Yoast SEO plugin. -->","yoast_head_json":{"title":"IberEntrelazando Experiencias: un banco de saberes de cultura comunitaria para el intercambio de acciones - IberCultura Viva","description":"IberEntrelazando Experiencias: un banco de saberes de cultura comunitaria para el intercambio de acciones - IberCultura Viva","robots":{"index":"index","follow":"follow","max-snippet":"max-snippet:-1","max-image-preview":"max-image-preview:large","max-video-preview":"max-video-preview:-1"},"canonical":"https:\/\/iberculturaviva.org\/es\/iberentrelazando-experiencias-un-banco-de-saberes-de-cultura-comunitaria-para-el-intercambio-de-acciones\/","og_locale":"es_ES","og_type":"article","og_title":"IberEntrelazando Experiencias: un banco de saberes de cultura comunitaria para el intercambio de acciones - IberCultura Viva","og_description":"IberEntrelazando Experiencias: un banco de saberes de cultura comunitaria para el intercambio de acciones - IberCultura Viva","og_url":"https:\/\/iberculturaviva.org\/es\/iberentrelazando-experiencias-un-banco-de-saberes-de-cultura-comunitaria-para-el-intercambio-de-acciones\/","og_site_name":"IberCultura Viva","article_publisher":"https:\/\/www.facebook.com\/iberculturaviva\/","article_published_time":"2018-12-10T11:40:09+00:00","article_modified_time":"2021-01-06T20:09:00+00:00","og_image":[{"width":2000,"height":1331,"url":"https:\/\/iberculturaviva.org\/wp-content\/uploads\/2018\/12\/iberentrelazando.jpg","type":"image\/jpeg"}],"author":"IberCultura","twitter_card":"summary_large_image","twitter_misc":{"Escrito por":"IberCultura","Tiempo de lectura":"4 minutos"},"schema":{"@context":"https:\/\/schema.org","@graph":[{"@type":"Article","@id":"https:\/\/iberculturaviva.org\/es\/iberentrelazando-experiencias-un-banco-de-saberes-de-cultura-comunitaria-para-el-intercambio-de-acciones\/#article","isPartOf":{"@id":"https:\/\/iberculturaviva.org\/es\/iberentrelazando-experiencias-un-banco-de-saberes-de-cultura-comunitaria-para-el-intercambio-de-acciones\/"},"author":{"name":"IberCultura","@id":"https:\/\/iberculturaviva.org\/es\/?lang=es\/#\/schema\/person\/5d1313b072cc25536e0431522f740b59"},"headline":"IberEntrelazando Experiencias: un banco de saberes de cultura comunitaria para el intercambio de acciones","datePublished":"2018-12-10T11:40:09+00:00","dateModified":"2021-01-06T20:09:00+00:00","mainEntityOfPage":{"@id":"https:\/\/iberculturaviva.org\/es\/iberentrelazando-experiencias-un-banco-de-saberes-de-cultura-comunitaria-para-el-intercambio-de-acciones\/"},"wordCount":850,"publisher":{"@id":"https:\/\/iberculturaviva.org\/es\/?lang=es\/#organization"},"image":{"@id":"https:\/\/iberculturaviva.org\/es\/iberentrelazando-experiencias-un-banco-de-saberes-de-cultura-comunitaria-para-el-intercambio-de-acciones\/#primaryimage"},"thumbnailUrl":"https:\/\/iberculturaviva.org\/wp-content\/uploads\/2018\/12\/iberentrelazando.jpg","articleSection":["Convocatorias","Noticias"],"inLanguage":"es"},{"@type":"WebPage","@id":"https:\/\/iberculturaviva.org\/es\/iberentrelazando-experiencias-un-banco-de-saberes-de-cultura-comunitaria-para-el-intercambio-de-acciones\/","url":"https:\/\/iberculturaviva.org\/es\/iberentrelazando-experiencias-un-banco-de-saberes-de-cultura-comunitaria-para-el-intercambio-de-acciones\/","name":"IberEntrelazando Experiencias: un banco de saberes de cultura comunitaria para el intercambio de acciones - IberCultura Viva","isPartOf":{"@id":"https:\/\/iberculturaviva.org\/es\/?lang=es\/#website"},"primaryImageOfPage":{"@id":"https:\/\/iberculturaviva.org\/es\/iberentrelazando-experiencias-un-banco-de-saberes-de-cultura-comunitaria-para-el-intercambio-de-acciones\/#primaryimage"},"image":{"@id":"https:\/\/iberculturaviva.org\/es\/iberentrelazando-experiencias-un-banco-de-saberes-de-cultura-comunitaria-para-el-intercambio-de-acciones\/#primaryimage"},"thumbnailUrl":"https:\/\/iberculturaviva.org\/wp-content\/uploads\/2018\/12\/iberentrelazando.jpg","datePublished":"2018-12-10T11:40:09+00:00","dateModified":"2021-01-06T20:09:00+00:00","description":"IberEntrelazando Experiencias: un banco de saberes de cultura comunitaria para el intercambio de acciones - IberCultura Viva","breadcrumb":{"@id":"https:\/\/iberculturaviva.org\/es\/iberentrelazando-experiencias-un-banco-de-saberes-de-cultura-comunitaria-para-el-intercambio-de-acciones\/#breadcrumb"},"inLanguage":"es","potentialAction":[{"@type":"ReadAction","target":["https:\/\/iberculturaviva.org\/es\/iberentrelazando-experiencias-un-banco-de-saberes-de-cultura-comunitaria-para-el-intercambio-de-acciones\/"]}]},{"@type":"ImageObject","inLanguage":"es","@id":"https:\/\/iberculturaviva.org\/es\/iberentrelazando-experiencias-un-banco-de-saberes-de-cultura-comunitaria-para-el-intercambio-de-acciones\/#primaryimage","url":"https:\/\/iberculturaviva.org\/wp-content\/uploads\/2018\/12\/iberentrelazando.jpg","contentUrl":"https:\/\/iberculturaviva.org\/wp-content\/uploads\/2018\/12\/iberentrelazando.jpg","width":2000,"height":1331},{"@type":"BreadcrumbList","@id":"https:\/\/iberculturaviva.org\/es\/iberentrelazando-experiencias-un-banco-de-saberes-de-cultura-comunitaria-para-el-intercambio-de-acciones\/#breadcrumb","itemListElement":[{"@type":"ListItem","position":1,"name":"In\u00edcio","item":"https:\/\/iberculturaviva.org\/es\/inicio\/"},{"@type":"ListItem","position":2,"name":"IberEntrelazando Experiencias: un banco de saberes de cultura comunitaria para el intercambio de acciones"}]},{"@type":"WebSite","@id":"https:\/\/iberculturaviva.org\/es\/?lang=es\/#website","url":"https:\/\/iberculturaviva.org\/es\/?lang=es\/","name":"IberCultura Viva","description":"Programa de cooperaci\u00f3n cultural","publisher":{"@id":"https:\/\/iberculturaviva.org\/es\/?lang=es\/#organization"},"potentialAction":[{"@type":"SearchAction","target":{"@type":"EntryPoint","urlTemplate":"https:\/\/iberculturaviva.org\/es\/?lang=es\/?s={search_term_string}"},"query-input":{"@type":"PropertyValueSpecification","valueRequired":true,"valueName":"search_term_string"}}],"inLanguage":"es"},{"@type":"Organization","@id":"https:\/\/iberculturaviva.org\/es\/?lang=es\/#organization","name":"Iberculturaviva","url":"https:\/\/iberculturaviva.org\/es\/?lang=es\/","logo":{"@type":"ImageObject","inLanguage":"es","@id":"https:\/\/iberculturaviva.org\/es\/?lang=es\/#\/schema\/logo\/image\/","url":"https:\/\/iberculturaviva.org\/wp-content\/uploads\/2021\/08\/logo_ibercultura_viva.jpg","contentUrl":"https:\/\/iberculturaviva.org\/wp-content\/uploads\/2021\/08\/logo_ibercultura_viva.jpg","width":708,"height":223,"caption":"Iberculturaviva"},"image":{"@id":"https:\/\/iberculturaviva.org\/es\/?lang=es\/#\/schema\/logo\/image\/"},"sameAs":["https:\/\/www.facebook.com\/iberculturaviva\/","https:\/\/www.instagram.com\/iberculturaviva\/","https:\/\/www.youtube.com\/iberculturaviva"]},{"@type":"Person","@id":"https:\/\/iberculturaviva.org\/es\/?lang=es\/#\/schema\/person\/5d1313b072cc25536e0431522f740b59","name":"IberCultura","image":{"@type":"ImageObject","inLanguage":"es","@id":"https:\/\/iberculturaviva.org\/es\/?lang=es\/#\/schema\/person\/image\/","url":"https:\/\/secure.gravatar.com\/avatar\/79f1a057cb125cbefb3765d0356d52fc7f3bba3a35e2cf22bc4de090bb7aef70?s=96&d=mm&r=g","contentUrl":"https:\/\/secure.gravatar.com\/avatar\/79f1a057cb125cbefb3765d0356d52fc7f3bba3a35e2cf22bc4de090bb7aef70?s=96&d=mm&r=g","caption":"IberCultura"}}]}},"main_category":{"link":"https:\/\/iberculturaviva.org\/es\/category\/convocatorias\/","name":"Convocatorias","slug":"convocatorias"},"_links":{"self":[{"href":"https:\/\/iberculturaviva.org\/es\/wp-json\/wp\/v2\/posts\/16486","targetHints":{"allow":["GET"]}}],"collection":[{"href":"https:\/\/iberculturaviva.org\/es\/wp-json\/wp\/v2\/posts"}],"about":[{"href":"https:\/\/iberculturaviva.org\/es\/wp-json\/wp\/v2\/types\/post"}],"author":[{"embeddable":true,"href":"https:\/\/iberculturaviva.org\/es\/wp-json\/wp\/v2\/users\/2"}],"replies":[{"embeddable":true,"href":"https:\/\/iberculturaviva.org\/es\/wp-json\/wp\/v2\/comments?post=16486"}],"version-history":[{"count":1,"href":"https:\/\/iberculturaviva.org\/es\/wp-json\/wp\/v2\/posts\/16486\/revisions"}],"predecessor-version":[{"id":22622,"href":"https:\/\/iberculturaviva.org\/es\/wp-json\/wp\/v2\/posts\/16486\/revisions\/22622"}],"wp:featuredmedia":[{"embeddable":true,"href":"https:\/\/iberculturaviva.org\/es\/wp-json\/wp\/v2\/media\/20172"}],"wp:attachment":[{"href":"https:\/\/iberculturaviva.org\/es\/wp-json\/wp\/v2\/media?parent=16486"}],"wp:term":[{"taxonomy":"category","embeddable":true,"href":"https:\/\/iberculturaviva.org\/es\/wp-json\/wp\/v2\/categories?post=16486"},{"taxonomy":"post_tag","embeddable":true,"href":"https:\/\/iberculturaviva.org\/es\/wp-json\/wp\/v2\/tags?post=16486"},{"taxonomy":"country-municipality","embeddable":true,"href":"https:\/\/iberculturaviva.org\/es\/wp-json\/wp\/v2\/country-municipality?post=16486"}],"curies":[{"name":"wp","href":"https:\/\/api.w.org\/{rel}","templated":true}]}}