{"id":16476,"date":"2018-11-23T12:48:10","date_gmt":"2018-11-23T14:48:10","guid":{"rendered":"https:\/\/iberculturaviva.org\/un-encuentro-de-puntos-de-cultura-rurales-y-un-festival-en-el-interior-de-ceara-los-dos-proyectos-brasilenos-seleccionados-en-la-convocatoria-de-apoyo-a-redes-2018\/"},"modified":"2021-01-06T17:09:36","modified_gmt":"2021-01-06T20:09:36","slug":"un-encuentro-de-puntos-de-cultura-rurales-y-un-festival-en-el-interior-de-ceara-los-dos-proyectos-brasilenos-seleccionados-en-la-convocatoria-de-apoyo-a-redes-2018","status":"publish","type":"post","link":"https:\/\/iberculturaviva.org\/es\/un-encuentro-de-puntos-de-cultura-rurales-y-un-festival-en-el-interior-de-ceara-los-dos-proyectos-brasilenos-seleccionados-en-la-convocatoria-de-apoyo-a-redes-2018\/","title":{"rendered":"Un encuentro de Puntos de Cultura Rurales y un festival en el interior de Cear\u00e1: los dos proyectos brasile\u00f1os seleccionados en la Convocatoria de Apoyo a Redes 2018"},"content":{"rendered":"<p style=\"text-align: right;\"><em><span style=\"font-weight: 400;\">Nombre del evento: Teia Latino-americana dos Pontos de Cultura e Mem\u00f3ria Rurais<\/span><\/em><\/p>\n<p style=\"text-align: right;\"><em><span style=\"font-weight: 400;\">Nombre de la red\/articulaci\u00f3n: Rede Nacional de Pontos de Cultura e Mem\u00f3ria Rurais<\/span><\/em><\/p>\n<p style=\"text-align: right;\"><em><span style=\"font-weight: 400;\">Organizaci\u00f3n responsable: Instituto de Imagem e Cidadania RJ<\/span><\/em><\/p>\n<p>&nbsp;<\/p>\n<p style=\"text-align: justify;\"><span style=\"font-weight: 400;\">Uno de los dos proyectos brasile\u00f1os ganadores de la Convocatoria IberCultura Viva de Apoyo a Redes y Proyectos de Trabajo Colaborativo 2018 es la 1\u00aa<em> Teia <\/em>Latinoamericana de los Puntos de Cultura y Memoria Rurales, que tendr\u00e1 lugar en abril de 2019 en la comunidad rural de Santo Ant\u00f4nio, municipio de Bom Jardim (R\u00edo de Janeiro). Participar\u00e1n del encuentro 22 organizaciones integrantes de la Red Nacional de Puntos de Cultura y Memoria Rurales (*) y cinco de pa\u00edses miembros del programa IberCultura Viva, entre otros invitados. <\/span><\/p>\n<p style=\"text-align: justify;\"><span style=\"font-weight: 400;\"><a href=\"https:\/\/iberculturaviva.org\/wp-content\/uploads\/2018\/11\/46636041_1110574549115992_4262095982843396096_n.jpg\"><img loading=\"lazy\" decoding=\"async\" class=\" wp-image-10554 alignright\" src=\"https:\/\/iberculturaviva.org\/wp-content\/uploads\/2018\/11\/46636041_1110574549115992_4262095982843396096_n-960x720.jpg\" alt=\"\" width=\"245\" height=\"184\" \/><\/a>La <\/span><i><span style=\"font-weight: 400;\">Teia<\/span><\/i><span style=\"font-weight: 400;\"> integrar\u00e1 las actividades del 3\u00ba Encuentro Nacional de Puntos de Cultura y Memoria Rurales, buscando un di\u00e1logo sobre los territorios rurales presentes en Am\u00e9rica Latina, sus similitudes y diferencias, con vistas a la elaboraci\u00f3n de pol\u00edticas p\u00fablicas de cultura para \u00e1reas rurales. Los cinco representantes de organizaciones culturales de Argentina, M\u00e9xico, Uruguay, Ecuador y Chile ser\u00e1n seleccionados por integrantes de la Red Nacional de Puntos de Cultura y Memoria Rurales, que tendr\u00e1n en cuenta la manera c\u00f3mo la organizaci\u00f3n cultural se inserta en territorios rurales. <\/span><\/p>\n<p style=\"text-align: justify;\"><span style=\"font-weight: 400;\">Se realizar\u00e1 un seminario con talleres y conversatorios sobre temas presentes en el d\u00eda a d\u00eda de las organizaciones que act\u00faan en \u00e1reas rurales, como cultura y educaci\u00f3n, cultura y agroecolog\u00eda, cultura y turismo comunitario. Tambi\u00e9n est\u00e1n previstas dos mesas: \u201cMujeres rurales, guardianas de la cultura campesina\u201d y \u201cPol\u00edticas p\u00fablicas de cultura para territorios rurales en Brasil, Argentina, Chile, M\u00e9xico, Uruguay e Ecuador\u201d. <\/span><\/p>\n<p style=\"text-align: justify;\"><span style=\"font-weight: 400;\">Adem\u00e1s de conocer la realidad de las organizaciones culturales que act\u00faan en territorios rurales en los pa\u00edses que integran el programa IberCultura Viva, el encuentro tiene como objetivo constituir un canal de di\u00e1logo con estas organizaciones y fomentar la integraci\u00f3n iberoamericana, valorando la cultura en su dimensi\u00f3n simb\u00f3lica, ciudadana y econ\u00f3mica.<\/span><\/p>\n<p style=\"text-align: justify;\"><span style=\"font-weight: 400;\">La Red Nacional de Puntos de Cultura e Mem\u00f3ria Rurales es una articulaci\u00f3n de 22 organizaciones culturales reconocidas por el Ministerio de Cultura de Brasil como Puntos de Cultura y\/o Puntos de Memoria. Dichas organizaciones act\u00faan en comunidades rurales de las cinco regiones brasile\u00f1as, por medio de bibliotecas comunitarias, museos comunitarios, centros culturales, puntos de lectura, <\/span><em><span style=\"font-weight: 400;\">puntitos<\/span><\/em><span style=\"font-weight: 400;\"> de cultura, cineclubes, entre otros, atendiendo a los pueblos de la floresta, de las aguas y del campo.<\/span><\/p>\n<p style=\"text-align: justify;\"><span style=\"font-weight: 400;\">\u00a0<\/span><\/p>\n<div id=\"attachment_10552\" style=\"width: 650px\" class=\"wp-caption aligncenter\"><a href=\"https:\/\/iberculturaviva.org\/wp-content\/uploads\/2018\/11\/39628744_1053630734810374_2775734756636098560_n.jpg\"><img loading=\"lazy\" decoding=\"async\" aria-describedby=\"caption-attachment-10552\" class=\"wp-image-10552 size-large\" src=\"https:\/\/iberculturaviva.org\/wp-content\/uploads\/2018\/11\/39628744_1053630734810374_2775734756636098560_n-960x720.jpg\" alt=\"\" width=\"640\" height=\"480\" \/><\/a><p id=\"caption-attachment-10552\" class=\"wp-caption-text\">1\u00ba Encuentro de Puntos de Cultura y Memoria Rurales (fotos: <a href=\"https:\/\/www.facebook.com\/sobradoculturalrural\/\">Ponto de Cultura Rural\/Ecomuseu Rural e Biblioteca de Artes Visuais<\/a>)<\/p><\/div>\n<h5><\/h5>\n<h5 style=\"text-align: justify;\"><span style=\"font-weight: 400;\">(*) Participan de la red los siguientes de los Puntos de Cultura y Memoria Rurales: <\/span><a href=\"https:\/\/www.facebook.com\/search\/top\/?q=meninos%20do%20s%C3%A3o%20jo%C3%A3o\"><span style=\"font-weight: 400;\">Ponto de Cultura Meninos do S\u00e3o Jo\u00e3o<\/span><\/a><span style=\"font-weight: 400;\"> (Palmas,Tocantins), ASCALTA (Cant\u00e1, Roraima), Ponto de Cultura a Bruxa T\u00e1 Solta (Boa Vista, Roraima), Comunidade Kilombola Morada da Paz (Rio Grande do Sul), <\/span><a href=\"https:\/\/www.tucum.org\"><span style=\"font-weight: 400;\">Rede Tucum<\/span><\/a><span style=\"font-weight: 400;\"> (Cear\u00e1), <\/span><a href=\"https:\/\/www.cabrasdelampiao.com.br\"><span style=\"font-weight: 400;\">Funda\u00e7\u00e3o Cultural Cabras de Lampi\u00e3o<\/span><\/a><span style=\"font-weight: 400;\"> (Museu do Canga\u00e7o &#8211; Serra Talhada, Pernambuco), <\/span><a href=\"https:\/\/www.nina.org.br\"><span style=\"font-weight: 400;\">Ponto de Cultura Nina<\/span><\/a><span style=\"font-weight: 400;\"> (Campinas, S\u00e3o Paulo), <\/span><a href=\"https:\/\/ciaviva.blogspot.com\/circo-teatro\"><span style=\"font-weight: 400;\">Associa\u00e7\u00e3o Cultural Viva<\/span><\/a><span style=\"font-weight: 400;\"> (Duas Barras, Rio de Janeiro), Ponto de Cultura Tesouros da Terra (Nova Friburgo, Rio de Janeiro), Sociedade Musical Euterpe Lumiarense (SMEL &#8211; Nova Friburgo, Rio de Janeiro), Centro Cultural Visconde de Mau\u00e1 (Visconde de Mau\u00e1, Rio de Janeiro), Associa\u00e7\u00e3o Amigos de Pia\u00e7abu\u00e7u (Pia\u00e7abu\u00e7u, Alagoas), Terra Una (Liberdade, Minas Gerais), <\/span><a href=\"https:\/\/www.facebook.com\/memorialcarnauba\"><span style=\"font-weight: 400;\">Associa\u00e7\u00e3o dos Moradores do Sitio Volta<\/span><\/a><span style=\"font-weight: 400;\"> (Jaguaruana, Cear\u00e1), <\/span><a href=\"https:\/\/facebook.com\/iacitata\"><span style=\"font-weight: 400;\">Ponto de Cultura Alimentar Iacitat\u00e1<\/span><\/a><span style=\"font-weight: 400;\"> (Bel\u00e9m, Par\u00e1), <\/span><a href=\"https:\/\/www.escoladamataatlantica.org.br\"><span style=\"font-weight: 400;\">Associa\u00e7\u00e3o Mata Atl\u00e2ntica Ponto de Cultura Caipira<\/span><\/a><span style=\"font-weight: 400;\"> (Silva Jardim, Rio de Janeiro), Associa\u00e7\u00e3o dos Produtores do Tri\u00e2ngulo da Pinha &#8211; APPIAL (Alagoas), <\/span><a href=\"https:\/\/www.facebook.com\/sobradoculturalrural\/\"><span style=\"font-weight: 400;\">Instituto de Imagem e Cidadania<\/span><\/a><span style=\"font-weight: 400;\"> (Bom Jardim, Rio de Janeiro), Associa\u00e7\u00e3o dos Produtores de Artesanato, Gestores Culturais e Artistas de Ic\u00f3 \u2013 <\/span><a href=\"https:\/\/www.artesol.org.br\/rede\/membro\/aproarti_associacao_dos_produtores_de_artesanato_gestores_culturais_e_artistas_de_ico\"><span style=\"font-weight: 400;\">APROARTI<\/span><\/a><span style=\"font-weight: 400;\"> (Ic\u00f3, Cear\u00e1), <\/span><a href=\"https:\/\/www.olhodotempo.org.br\/\"><span style=\"font-weight: 400;\">Escola Viva Olho do Tempo<\/span><\/a><span style=\"font-weight: 400;\"> (Gramame\/Jo\u00e3o Pessoa, Para\u00edba), <\/span><a href=\"https:\/\/www.guaimbe.org.br\"><span style=\"font-weight: 400;\">Guaimbe &#8211; Espa\u00e7o e Movimento CriAtivo<\/span><\/a><span style=\"font-weight: 400;\"> (Piren\u00f3polis, Goi\u00e1s) y <\/span><a href=\"https:\/\/cepagroagroecologia.wordpress.com\/\"><span style=\"font-weight: 400;\">Centro de Estudos e Promo\u00e7\u00e3o da Agricultura de Grupo<\/span><\/a><span style=\"font-weight: 400;\"> &#8211; CEPAGRO (Florian\u00f3polis, Santa Catarina).<\/span><\/h5>\n<p>&nbsp;<\/p>\n<p style=\"text-align: right;\"><em><span style=\"font-weight: 400;\">Nombre del evento: 8\u00ba Festival Nacional ICOZEIRO <\/span><\/em><\/p>\n<p style=\"text-align: right;\"><em><span style=\"font-weight: 400;\">Nombre de la red\/articulaci\u00f3n: Festival da Cultura Icoense &#8211; ICOZEIRO<\/span><\/em><\/p>\n<p style=\"text-align: right;\"><em><span style=\"font-weight: 400;\">Organizaci\u00f3n responsable: <\/span><a href=\"https:\/\/www.facebook.com\/AssociacaoAmico\"><span style=\"font-weight: 400;\">Associa\u00e7\u00e3o Filhos e Amigos de Ic\u00f3 &#8211; AMIC\u00d3<\/span><\/a><\/em><\/p>\n<p>&nbsp;<\/p>\n<p style=\"text-align: justify;\"><span style=\"font-weight: 400;\">El Festival de Cultura Icoense &#8211; Icozeiro, que este a\u00f1o llega a su octava edici\u00f3n, es un evento realizado en la <a href=\"https:\/\/portal.iphan.gov.br\/pagina\/detalhes\/240\">ciudad hist\u00f3rica de Ic\u00f3<\/a> (Cear\u00e1) para la difusi\u00f3n, articulaci\u00f3n, disfrute y fortalecimiento de la producci\u00f3n cultural local. Mezclando m\u00fasica, teatro, danza, audiovisual, literatura, artes pl\u00e1sticas y artesan\u00eda, el festival cuenta tambi\u00e9n con exposiciones, workshops, debates y conversatorios, de forma a promover y contemplar la mixtura cultural presente en la formaci\u00f3n de la poblaci\u00f3n local y del <\/span><em><span style=\"font-weight: 400;\">sert\u00e3o<\/span><\/em><span style=\"font-weight: 400;\"> de Cear\u00e1.<\/span><\/p>\n<p style=\"text-align: justify;\"><span style=\"font-weight: 400;\"><a href=\"https:\/\/iberculturaviva.org\/wp-content\/uploads\/2018\/11\/41280737_2194769264112984_8704056434309988352_n.png\"><img loading=\"lazy\" decoding=\"async\" class=\" wp-image-10556 alignright\" src=\"https:\/\/iberculturaviva.org\/wp-content\/uploads\/2018\/11\/41280737_2194769264112984_8704056434309988352_n.png\" alt=\"\" width=\"173\" height=\"173\" srcset=\"https:\/\/iberculturaviva.org\/wp-content\/uploads\/2018\/11\/41280737_2194769264112984_8704056434309988352_n.png 737w, https:\/\/iberculturaviva.org\/wp-content\/uploads\/2018\/11\/41280737_2194769264112984_8704056434309988352_n-300x300.png 300w, https:\/\/iberculturaviva.org\/wp-content\/uploads\/2018\/11\/41280737_2194769264112984_8704056434309988352_n-150x150.png 150w\" sizes=\"auto, (max-width: 173px) 100vw, 173px\" \/><\/a><\/span><\/p>\n<p style=\"text-align: justify;\"><span style=\"font-weight: 400;\">El evento es gratuito y promovido anualmente desde 2011, entre los d\u00edas 18 y 30 de diciembre, en el Centro de Arte e Cultura Prefeito Aldo Marcozzi Monteiro (CACPAMM), ubicado en un edificio de la antigua Casa de C\u00e2mara e Cadeia de Ic\u00f3 (una antigua c\u00e1rcel), uno de los patrimonios de la ciudad reconocidos por el Instituto de Patrimonio Hist\u00f3rico y Art\u00edstico Nacional (IPHAN). Tamb\u00e9m se realizan actividades en otros espacios p\u00fablicos del centro hist\u00f3rico y en barrios perif\u00e9ricos, comunidades y distritos del municipio.<\/span><\/p>\n<p style=\"text-align: justify;\"><span style=\"font-weight: 400;\"> La fecha coincide con el per\u00edodo de mayor efervescencia en Ic\u00f3, con las fiestas del d\u00eda de Nossa Senhora da Expecta\u00e7\u00e3o (18 de diciembre) y del Senhor do Bonfim (1\u00ba de enero), y las fiestas de fin de a\u00f1o. En 2011, a\u00f1o en el que el festival estren\u00f3, participaron m\u00e1s 2,5 mil personas. En la \u00faltima edici\u00f3n el p\u00fablico aument\u00f3 m\u00e1s de 9 veces pasando a 23,5 mil personas, en tanto que el equipo pas\u00f3 de 8 a 78 colaboradores.<\/span><\/p>\n<p style=\"text-align: justify;\"><span style=\"font-weight: 400;\">La propuesta del festival fue presentada en la Convocatoria IberCultura Viva de Apoyo a Redes y Proyectos de Trabajo Colaborativo 2018 por la <\/span><a href=\"https:\/\/www.facebook.com\/AssociacaoAmico\"><span style=\"font-weight: 400;\">Associa\u00e7\u00e3o Filhos e Amigos de Ic\u00f3 (AMIC\u00d3)<\/span><\/a><span style=\"font-weight: 400;\"> en articulaci\u00f3n con <\/span><a href=\"https:\/\/www.facebook.com\/pg\/UniversidadeFederaldoCaririOficial\"><span style=\"font-weight: 400;\">Universidade Federal do Cariri (UFCA)<\/span><\/a><span style=\"font-weight: 400;\">\/ Instituto de Estudos do Semi\u00e1rido (IESA), <\/span><a href=\"https:\/\/www.facebook.com\/Sindicato-dos-Servidores-P%C3%BAblicos-Municipais-de-Ic%C3%B3-277816429063589\/\"><span style=\"font-weight: 400;\">Sindicato dos Servidores P\u00fablicos Municipais de Ic\u00f3 (Sindsepmi)<\/span><\/a><span style=\"font-weight: 400;\">, <\/span><a href=\"https:\/\/www.facebook.com\/pg\/Escola-Livre-De-Artes-ELA-324268404718610\"><span style=\"font-weight: 400;\">Escola Livre de Artes (ELA)<\/span><\/a><span style=\"font-weight: 400;\"> y <\/span><a href=\"https:\/\/www.facebook.com\/icofvs\/\"><span style=\"font-weight: 400;\">Faculdade Vale do Salgado (FVS)<\/span><\/a><span style=\"font-weight: 400;\">. <\/span><\/p>\n<p style=\"text-align: justify;\"><span style=\"font-weight: 400;\">Esta red colaborativa, orientada a acciones educativas, formativas y culturales, busca atender a una demanda del municipio respecto a la ocupaci\u00f3n del espacio p\u00fablico, fortaleciendo la identidad local, promoviendo el intercambio cultural y posibilitando la generaci\u00f3n de renta y trabajo en torno a la econom\u00eda creativa, en espacios que representan la memoria, la historia y la ciudadan\u00eda. <\/span><\/p>\n<p><iframe loading=\"lazy\" title=\"FESTIVAL ICOZEIRO 2018, AGORA \u00c9 NACIONAL!\" width=\"500\" height=\"281\" src=\"https:\/\/www.youtube.com\/embed\/q2zG2ONOj9Y?feature=oembed\" frameborder=\"0\" allow=\"accelerometer; autoplay; clipboard-write; encrypted-media; gyroscope; picture-in-picture; web-share\" referrerpolicy=\"strict-origin-when-cross-origin\" allowfullscreen><\/iframe><\/p>\n<p>&nbsp;<\/p>\n<p><strong>Conoce m\u00e1s del Festival de Cultura Icoense<\/strong>:<a href=\"https:\/\/www.icozeiro.com\">\u00a0https:\/\/www.icozeiro.com<\/a><\/p>\n<p>&nbsp;<\/p>\n","protected":false},"excerpt":{"rendered":"<p>Nombre del evento: Teia Latino-americana dos Pontos de Cultura e Mem\u00f3ria Rurais Nombre de la red\/articulaci\u00f3n: Rede Nacional de Pontos de Cultura e Mem\u00f3ria Rurais Organizaci\u00f3n responsable: Instituto de Imagem [&hellip;]<\/p>\n","protected":false},"author":2,"featured_media":20131,"comment_status":"closed","ping_status":"closed","sticky":false,"template":"","format":"standard","meta":{"_coblocks_attr":"","_coblocks_dimensions":"","_coblocks_responsive_height":"","_coblocks_accordion_ie_support":"","_EventAllDay":false,"_EventTimezone":"","_EventStartDate":"","_EventEndDate":"","_EventStartDateUTC":"","_EventEndDateUTC":"","_EventShowMap":false,"_EventShowMapLink":false,"_EventURL":"","_EventCost":"","_EventCostDescription":"","_EventCurrencySymbol":"","_EventCurrencyCode":"","_EventCurrencyPosition":"","_EventDateTimeSeparator":"","_EventTimeRangeSeparator":"","_EventOrganizerID":[],"_EventVenueID":[],"_OrganizerEmail":"","_OrganizerPhone":"","_OrganizerWebsite":"","_VenueAddress":"","_VenueCity":"","_VenueCountry":"","_VenueProvince":"","_VenueState":"","_VenueZip":"","_VenuePhone":"","_VenueURL":"","_VenueStateProvince":"","_VenueLat":"","_VenueLng":"","_VenueShowMap":false,"_VenueShowMapLink":false,"footnotes":""},"categories":[250,262],"tags":[],"country-municipality":[],"class_list":["post-16476","post","type-post","status-publish","format-standard","has-post-thumbnail","hentry","category-convocatorias","category-noticias-es"],"yoast_head":"<!-- This site is optimized with the Yoast SEO plugin v25.7 - https:\/\/yoast.com\/wordpress\/plugins\/seo\/ -->\n<title>Un encuentro de Puntos de Cultura Rurales y un festival en el interior de Cear\u00e1: los dos proyectos brasile\u00f1os seleccionados en la Convocatoria de Apoyo a Redes 2018 - IberCultura Viva<\/title>\n<meta name=\"description\" content=\"Un encuentro de Puntos de Cultura Rurales y un festival en el interior de Cear\u00e1: los dos proyectos brasile\u00f1os seleccionados en la Convocatoria de Apoyo a Redes 2018 - IberCultura Viva\" \/>\n<meta name=\"robots\" content=\"index, follow, max-snippet:-1, max-image-preview:large, max-video-preview:-1\" \/>\n<link rel=\"canonical\" href=\"https:\/\/iberculturaviva.org\/es\/un-encuentro-de-puntos-de-cultura-rurales-y-un-festival-en-el-interior-de-ceara-los-dos-proyectos-brasilenos-seleccionados-en-la-convocatoria-de-apoyo-a-redes-2018\/\" \/>\n<meta property=\"og:locale\" content=\"es_ES\" \/>\n<meta property=\"og:type\" content=\"article\" \/>\n<meta property=\"og:title\" content=\"Un encuentro de Puntos de Cultura Rurales y un festival en el interior de Cear\u00e1: los dos proyectos brasile\u00f1os seleccionados en la Convocatoria de Apoyo a Redes 2018 - IberCultura Viva\" \/>\n<meta property=\"og:description\" content=\"Un encuentro de Puntos de Cultura Rurales y un festival en el interior de Cear\u00e1: los dos proyectos brasile\u00f1os seleccionados en la Convocatoria de Apoyo a Redes 2018 - IberCultura Viva\" \/>\n<meta property=\"og:url\" content=\"https:\/\/iberculturaviva.org\/es\/un-encuentro-de-puntos-de-cultura-rurales-y-un-festival-en-el-interior-de-ceara-los-dos-proyectos-brasilenos-seleccionados-en-la-convocatoria-de-apoyo-a-redes-2018\/\" \/>\n<meta property=\"og:site_name\" content=\"IberCultura Viva\" \/>\n<meta property=\"article:publisher\" content=\"https:\/\/www.facebook.com\/iberculturaviva\/\" \/>\n<meta property=\"article:published_time\" content=\"2018-11-23T14:48:10+00:00\" \/>\n<meta property=\"article:modified_time\" content=\"2021-01-06T20:09:36+00:00\" \/>\n<meta property=\"og:image\" content=\"https:\/\/iberculturaviva.org\/wp-content\/uploads\/2018\/11\/39616403_1053630644810383_1285717211884814336_n.jpg\" \/>\n\t<meta property=\"og:image:width\" content=\"960\" \/>\n\t<meta property=\"og:image:height\" content=\"720\" \/>\n\t<meta property=\"og:image:type\" content=\"image\/jpeg\" \/>\n<meta name=\"author\" content=\"IberCultura\" \/>\n<meta name=\"twitter:card\" content=\"summary_large_image\" \/>\n<meta name=\"twitter:label1\" content=\"Escrito por\" \/>\n\t<meta name=\"twitter:data1\" content=\"IberCultura\" \/>\n\t<meta name=\"twitter:label2\" content=\"Tiempo de lectura\" \/>\n\t<meta name=\"twitter:data2\" content=\"6 minutos\" \/>\n<script type=\"application\/ld+json\" class=\"yoast-schema-graph\">{\"@context\":\"https:\/\/schema.org\",\"@graph\":[{\"@type\":\"Article\",\"@id\":\"https:\/\/iberculturaviva.org\/es\/un-encuentro-de-puntos-de-cultura-rurales-y-un-festival-en-el-interior-de-ceara-los-dos-proyectos-brasilenos-seleccionados-en-la-convocatoria-de-apoyo-a-redes-2018\/#article\",\"isPartOf\":{\"@id\":\"https:\/\/iberculturaviva.org\/es\/un-encuentro-de-puntos-de-cultura-rurales-y-un-festival-en-el-interior-de-ceara-los-dos-proyectos-brasilenos-seleccionados-en-la-convocatoria-de-apoyo-a-redes-2018\/\"},\"author\":{\"name\":\"IberCultura\",\"@id\":\"https:\/\/iberculturaviva.org\/es\/?lang=es\/#\/schema\/person\/5d1313b072cc25536e0431522f740b59\"},\"headline\":\"Un encuentro de Puntos de Cultura Rurales y un festival en el interior de Cear\u00e1: los dos proyectos brasile\u00f1os seleccionados en la Convocatoria de Apoyo a Redes 2018\",\"datePublished\":\"2018-11-23T14:48:10+00:00\",\"dateModified\":\"2021-01-06T20:09:36+00:00\",\"mainEntityOfPage\":{\"@id\":\"https:\/\/iberculturaviva.org\/es\/un-encuentro-de-puntos-de-cultura-rurales-y-un-festival-en-el-interior-de-ceara-los-dos-proyectos-brasilenos-seleccionados-en-la-convocatoria-de-apoyo-a-redes-2018\/\"},\"wordCount\":1170,\"publisher\":{\"@id\":\"https:\/\/iberculturaviva.org\/es\/?lang=es\/#organization\"},\"image\":{\"@id\":\"https:\/\/iberculturaviva.org\/es\/un-encuentro-de-puntos-de-cultura-rurales-y-un-festival-en-el-interior-de-ceara-los-dos-proyectos-brasilenos-seleccionados-en-la-convocatoria-de-apoyo-a-redes-2018\/#primaryimage\"},\"thumbnailUrl\":\"https:\/\/iberculturaviva.org\/wp-content\/uploads\/2018\/11\/39616403_1053630644810383_1285717211884814336_n.jpg\",\"articleSection\":[\"Convocatorias\",\"Noticias\"],\"inLanguage\":\"es\"},{\"@type\":\"WebPage\",\"@id\":\"https:\/\/iberculturaviva.org\/es\/un-encuentro-de-puntos-de-cultura-rurales-y-un-festival-en-el-interior-de-ceara-los-dos-proyectos-brasilenos-seleccionados-en-la-convocatoria-de-apoyo-a-redes-2018\/\",\"url\":\"https:\/\/iberculturaviva.org\/es\/un-encuentro-de-puntos-de-cultura-rurales-y-un-festival-en-el-interior-de-ceara-los-dos-proyectos-brasilenos-seleccionados-en-la-convocatoria-de-apoyo-a-redes-2018\/\",\"name\":\"Un encuentro de Puntos de Cultura Rurales y un festival en el interior de Cear\u00e1: los dos proyectos brasile\u00f1os seleccionados en la Convocatoria de Apoyo a Redes 2018 - IberCultura Viva\",\"isPartOf\":{\"@id\":\"https:\/\/iberculturaviva.org\/es\/?lang=es\/#website\"},\"primaryImageOfPage\":{\"@id\":\"https:\/\/iberculturaviva.org\/es\/un-encuentro-de-puntos-de-cultura-rurales-y-un-festival-en-el-interior-de-ceara-los-dos-proyectos-brasilenos-seleccionados-en-la-convocatoria-de-apoyo-a-redes-2018\/#primaryimage\"},\"image\":{\"@id\":\"https:\/\/iberculturaviva.org\/es\/un-encuentro-de-puntos-de-cultura-rurales-y-un-festival-en-el-interior-de-ceara-los-dos-proyectos-brasilenos-seleccionados-en-la-convocatoria-de-apoyo-a-redes-2018\/#primaryimage\"},\"thumbnailUrl\":\"https:\/\/iberculturaviva.org\/wp-content\/uploads\/2018\/11\/39616403_1053630644810383_1285717211884814336_n.jpg\",\"datePublished\":\"2018-11-23T14:48:10+00:00\",\"dateModified\":\"2021-01-06T20:09:36+00:00\",\"description\":\"Un encuentro de Puntos de Cultura Rurales y un festival en el interior de Cear\u00e1: los dos proyectos brasile\u00f1os seleccionados en la Convocatoria de Apoyo a Redes 2018 - IberCultura Viva\",\"breadcrumb\":{\"@id\":\"https:\/\/iberculturaviva.org\/es\/un-encuentro-de-puntos-de-cultura-rurales-y-un-festival-en-el-interior-de-ceara-los-dos-proyectos-brasilenos-seleccionados-en-la-convocatoria-de-apoyo-a-redes-2018\/#breadcrumb\"},\"inLanguage\":\"es\",\"potentialAction\":[{\"@type\":\"ReadAction\",\"target\":[\"https:\/\/iberculturaviva.org\/es\/un-encuentro-de-puntos-de-cultura-rurales-y-un-festival-en-el-interior-de-ceara-los-dos-proyectos-brasilenos-seleccionados-en-la-convocatoria-de-apoyo-a-redes-2018\/\"]}]},{\"@type\":\"ImageObject\",\"inLanguage\":\"es\",\"@id\":\"https:\/\/iberculturaviva.org\/es\/un-encuentro-de-puntos-de-cultura-rurales-y-un-festival-en-el-interior-de-ceara-los-dos-proyectos-brasilenos-seleccionados-en-la-convocatoria-de-apoyo-a-redes-2018\/#primaryimage\",\"url\":\"https:\/\/iberculturaviva.org\/wp-content\/uploads\/2018\/11\/39616403_1053630644810383_1285717211884814336_n.jpg\",\"contentUrl\":\"https:\/\/iberculturaviva.org\/wp-content\/uploads\/2018\/11\/39616403_1053630644810383_1285717211884814336_n.jpg\",\"width\":960,\"height\":720},{\"@type\":\"BreadcrumbList\",\"@id\":\"https:\/\/iberculturaviva.org\/es\/un-encuentro-de-puntos-de-cultura-rurales-y-un-festival-en-el-interior-de-ceara-los-dos-proyectos-brasilenos-seleccionados-en-la-convocatoria-de-apoyo-a-redes-2018\/#breadcrumb\",\"itemListElement\":[{\"@type\":\"ListItem\",\"position\":1,\"name\":\"In\u00edcio\",\"item\":\"https:\/\/iberculturaviva.org\/es\/inicio\/\"},{\"@type\":\"ListItem\",\"position\":2,\"name\":\"Un encuentro de Puntos de Cultura Rurales y un festival en el interior de Cear\u00e1: los dos proyectos brasile\u00f1os seleccionados en la Convocatoria de Apoyo a Redes 2018\"}]},{\"@type\":\"WebSite\",\"@id\":\"https:\/\/iberculturaviva.org\/es\/?lang=es\/#website\",\"url\":\"https:\/\/iberculturaviva.org\/es\/?lang=es\/\",\"name\":\"IberCultura Viva\",\"description\":\"Programa de cooperaci\u00f3n cultural\",\"publisher\":{\"@id\":\"https:\/\/iberculturaviva.org\/es\/?lang=es\/#organization\"},\"potentialAction\":[{\"@type\":\"SearchAction\",\"target\":{\"@type\":\"EntryPoint\",\"urlTemplate\":\"https:\/\/iberculturaviva.org\/es\/?lang=es\/?s={search_term_string}\"},\"query-input\":{\"@type\":\"PropertyValueSpecification\",\"valueRequired\":true,\"valueName\":\"search_term_string\"}}],\"inLanguage\":\"es\"},{\"@type\":\"Organization\",\"@id\":\"https:\/\/iberculturaviva.org\/es\/?lang=es\/#organization\",\"name\":\"Iberculturaviva\",\"url\":\"https:\/\/iberculturaviva.org\/es\/?lang=es\/\",\"logo\":{\"@type\":\"ImageObject\",\"inLanguage\":\"es\",\"@id\":\"https:\/\/iberculturaviva.org\/es\/?lang=es\/#\/schema\/logo\/image\/\",\"url\":\"https:\/\/iberculturaviva.org\/wp-content\/uploads\/2021\/08\/logo_ibercultura_viva.jpg\",\"contentUrl\":\"https:\/\/iberculturaviva.org\/wp-content\/uploads\/2021\/08\/logo_ibercultura_viva.jpg\",\"width\":708,\"height\":223,\"caption\":\"Iberculturaviva\"},\"image\":{\"@id\":\"https:\/\/iberculturaviva.org\/es\/?lang=es\/#\/schema\/logo\/image\/\"},\"sameAs\":[\"https:\/\/www.facebook.com\/iberculturaviva\/\",\"https:\/\/www.instagram.com\/iberculturaviva\/\",\"https:\/\/www.youtube.com\/iberculturaviva\"]},{\"@type\":\"Person\",\"@id\":\"https:\/\/iberculturaviva.org\/es\/?lang=es\/#\/schema\/person\/5d1313b072cc25536e0431522f740b59\",\"name\":\"IberCultura\",\"image\":{\"@type\":\"ImageObject\",\"inLanguage\":\"es\",\"@id\":\"https:\/\/iberculturaviva.org\/es\/?lang=es\/#\/schema\/person\/image\/\",\"url\":\"https:\/\/secure.gravatar.com\/avatar\/79f1a057cb125cbefb3765d0356d52fc7f3bba3a35e2cf22bc4de090bb7aef70?s=96&d=mm&r=g\",\"contentUrl\":\"https:\/\/secure.gravatar.com\/avatar\/79f1a057cb125cbefb3765d0356d52fc7f3bba3a35e2cf22bc4de090bb7aef70?s=96&d=mm&r=g\",\"caption\":\"IberCultura\"}}]}<\/script>\n<!-- \/ Yoast SEO plugin. -->","yoast_head_json":{"title":"Un encuentro de Puntos de Cultura Rurales y un festival en el interior de Cear\u00e1: los dos proyectos brasile\u00f1os seleccionados en la Convocatoria de Apoyo a Redes 2018 - IberCultura Viva","description":"Un encuentro de Puntos de Cultura Rurales y un festival en el interior de Cear\u00e1: los dos proyectos brasile\u00f1os seleccionados en la Convocatoria de Apoyo a Redes 2018 - IberCultura Viva","robots":{"index":"index","follow":"follow","max-snippet":"max-snippet:-1","max-image-preview":"max-image-preview:large","max-video-preview":"max-video-preview:-1"},"canonical":"https:\/\/iberculturaviva.org\/es\/un-encuentro-de-puntos-de-cultura-rurales-y-un-festival-en-el-interior-de-ceara-los-dos-proyectos-brasilenos-seleccionados-en-la-convocatoria-de-apoyo-a-redes-2018\/","og_locale":"es_ES","og_type":"article","og_title":"Un encuentro de Puntos de Cultura Rurales y un festival en el interior de Cear\u00e1: los dos proyectos brasile\u00f1os seleccionados en la Convocatoria de Apoyo a Redes 2018 - IberCultura Viva","og_description":"Un encuentro de Puntos de Cultura Rurales y un festival en el interior de Cear\u00e1: los dos proyectos brasile\u00f1os seleccionados en la Convocatoria de Apoyo a Redes 2018 - IberCultura Viva","og_url":"https:\/\/iberculturaviva.org\/es\/un-encuentro-de-puntos-de-cultura-rurales-y-un-festival-en-el-interior-de-ceara-los-dos-proyectos-brasilenos-seleccionados-en-la-convocatoria-de-apoyo-a-redes-2018\/","og_site_name":"IberCultura Viva","article_publisher":"https:\/\/www.facebook.com\/iberculturaviva\/","article_published_time":"2018-11-23T14:48:10+00:00","article_modified_time":"2021-01-06T20:09:36+00:00","og_image":[{"width":960,"height":720,"url":"https:\/\/iberculturaviva.org\/wp-content\/uploads\/2018\/11\/39616403_1053630644810383_1285717211884814336_n.jpg","type":"image\/jpeg"}],"author":"IberCultura","twitter_card":"summary_large_image","twitter_misc":{"Escrito por":"IberCultura","Tiempo de lectura":"6 minutos"},"schema":{"@context":"https:\/\/schema.org","@graph":[{"@type":"Article","@id":"https:\/\/iberculturaviva.org\/es\/un-encuentro-de-puntos-de-cultura-rurales-y-un-festival-en-el-interior-de-ceara-los-dos-proyectos-brasilenos-seleccionados-en-la-convocatoria-de-apoyo-a-redes-2018\/#article","isPartOf":{"@id":"https:\/\/iberculturaviva.org\/es\/un-encuentro-de-puntos-de-cultura-rurales-y-un-festival-en-el-interior-de-ceara-los-dos-proyectos-brasilenos-seleccionados-en-la-convocatoria-de-apoyo-a-redes-2018\/"},"author":{"name":"IberCultura","@id":"https:\/\/iberculturaviva.org\/es\/?lang=es\/#\/schema\/person\/5d1313b072cc25536e0431522f740b59"},"headline":"Un encuentro de Puntos de Cultura Rurales y un festival en el interior de Cear\u00e1: los dos proyectos brasile\u00f1os seleccionados en la Convocatoria de Apoyo a Redes 2018","datePublished":"2018-11-23T14:48:10+00:00","dateModified":"2021-01-06T20:09:36+00:00","mainEntityOfPage":{"@id":"https:\/\/iberculturaviva.org\/es\/un-encuentro-de-puntos-de-cultura-rurales-y-un-festival-en-el-interior-de-ceara-los-dos-proyectos-brasilenos-seleccionados-en-la-convocatoria-de-apoyo-a-redes-2018\/"},"wordCount":1170,"publisher":{"@id":"https:\/\/iberculturaviva.org\/es\/?lang=es\/#organization"},"image":{"@id":"https:\/\/iberculturaviva.org\/es\/un-encuentro-de-puntos-de-cultura-rurales-y-un-festival-en-el-interior-de-ceara-los-dos-proyectos-brasilenos-seleccionados-en-la-convocatoria-de-apoyo-a-redes-2018\/#primaryimage"},"thumbnailUrl":"https:\/\/iberculturaviva.org\/wp-content\/uploads\/2018\/11\/39616403_1053630644810383_1285717211884814336_n.jpg","articleSection":["Convocatorias","Noticias"],"inLanguage":"es"},{"@type":"WebPage","@id":"https:\/\/iberculturaviva.org\/es\/un-encuentro-de-puntos-de-cultura-rurales-y-un-festival-en-el-interior-de-ceara-los-dos-proyectos-brasilenos-seleccionados-en-la-convocatoria-de-apoyo-a-redes-2018\/","url":"https:\/\/iberculturaviva.org\/es\/un-encuentro-de-puntos-de-cultura-rurales-y-un-festival-en-el-interior-de-ceara-los-dos-proyectos-brasilenos-seleccionados-en-la-convocatoria-de-apoyo-a-redes-2018\/","name":"Un encuentro de Puntos de Cultura Rurales y un festival en el interior de Cear\u00e1: los dos proyectos brasile\u00f1os seleccionados en la Convocatoria de Apoyo a Redes 2018 - IberCultura Viva","isPartOf":{"@id":"https:\/\/iberculturaviva.org\/es\/?lang=es\/#website"},"primaryImageOfPage":{"@id":"https:\/\/iberculturaviva.org\/es\/un-encuentro-de-puntos-de-cultura-rurales-y-un-festival-en-el-interior-de-ceara-los-dos-proyectos-brasilenos-seleccionados-en-la-convocatoria-de-apoyo-a-redes-2018\/#primaryimage"},"image":{"@id":"https:\/\/iberculturaviva.org\/es\/un-encuentro-de-puntos-de-cultura-rurales-y-un-festival-en-el-interior-de-ceara-los-dos-proyectos-brasilenos-seleccionados-en-la-convocatoria-de-apoyo-a-redes-2018\/#primaryimage"},"thumbnailUrl":"https:\/\/iberculturaviva.org\/wp-content\/uploads\/2018\/11\/39616403_1053630644810383_1285717211884814336_n.jpg","datePublished":"2018-11-23T14:48:10+00:00","dateModified":"2021-01-06T20:09:36+00:00","description":"Un encuentro de Puntos de Cultura Rurales y un festival en el interior de Cear\u00e1: los dos proyectos brasile\u00f1os seleccionados en la Convocatoria de Apoyo a Redes 2018 - IberCultura Viva","breadcrumb":{"@id":"https:\/\/iberculturaviva.org\/es\/un-encuentro-de-puntos-de-cultura-rurales-y-un-festival-en-el-interior-de-ceara-los-dos-proyectos-brasilenos-seleccionados-en-la-convocatoria-de-apoyo-a-redes-2018\/#breadcrumb"},"inLanguage":"es","potentialAction":[{"@type":"ReadAction","target":["https:\/\/iberculturaviva.org\/es\/un-encuentro-de-puntos-de-cultura-rurales-y-un-festival-en-el-interior-de-ceara-los-dos-proyectos-brasilenos-seleccionados-en-la-convocatoria-de-apoyo-a-redes-2018\/"]}]},{"@type":"ImageObject","inLanguage":"es","@id":"https:\/\/iberculturaviva.org\/es\/un-encuentro-de-puntos-de-cultura-rurales-y-un-festival-en-el-interior-de-ceara-los-dos-proyectos-brasilenos-seleccionados-en-la-convocatoria-de-apoyo-a-redes-2018\/#primaryimage","url":"https:\/\/iberculturaviva.org\/wp-content\/uploads\/2018\/11\/39616403_1053630644810383_1285717211884814336_n.jpg","contentUrl":"https:\/\/iberculturaviva.org\/wp-content\/uploads\/2018\/11\/39616403_1053630644810383_1285717211884814336_n.jpg","width":960,"height":720},{"@type":"BreadcrumbList","@id":"https:\/\/iberculturaviva.org\/es\/un-encuentro-de-puntos-de-cultura-rurales-y-un-festival-en-el-interior-de-ceara-los-dos-proyectos-brasilenos-seleccionados-en-la-convocatoria-de-apoyo-a-redes-2018\/#breadcrumb","itemListElement":[{"@type":"ListItem","position":1,"name":"In\u00edcio","item":"https:\/\/iberculturaviva.org\/es\/inicio\/"},{"@type":"ListItem","position":2,"name":"Un encuentro de Puntos de Cultura Rurales y un festival en el interior de Cear\u00e1: los dos proyectos brasile\u00f1os seleccionados en la Convocatoria de Apoyo a Redes 2018"}]},{"@type":"WebSite","@id":"https:\/\/iberculturaviva.org\/es\/?lang=es\/#website","url":"https:\/\/iberculturaviva.org\/es\/?lang=es\/","name":"IberCultura Viva","description":"Programa de cooperaci\u00f3n cultural","publisher":{"@id":"https:\/\/iberculturaviva.org\/es\/?lang=es\/#organization"},"potentialAction":[{"@type":"SearchAction","target":{"@type":"EntryPoint","urlTemplate":"https:\/\/iberculturaviva.org\/es\/?lang=es\/?s={search_term_string}"},"query-input":{"@type":"PropertyValueSpecification","valueRequired":true,"valueName":"search_term_string"}}],"inLanguage":"es"},{"@type":"Organization","@id":"https:\/\/iberculturaviva.org\/es\/?lang=es\/#organization","name":"Iberculturaviva","url":"https:\/\/iberculturaviva.org\/es\/?lang=es\/","logo":{"@type":"ImageObject","inLanguage":"es","@id":"https:\/\/iberculturaviva.org\/es\/?lang=es\/#\/schema\/logo\/image\/","url":"https:\/\/iberculturaviva.org\/wp-content\/uploads\/2021\/08\/logo_ibercultura_viva.jpg","contentUrl":"https:\/\/iberculturaviva.org\/wp-content\/uploads\/2021\/08\/logo_ibercultura_viva.jpg","width":708,"height":223,"caption":"Iberculturaviva"},"image":{"@id":"https:\/\/iberculturaviva.org\/es\/?lang=es\/#\/schema\/logo\/image\/"},"sameAs":["https:\/\/www.facebook.com\/iberculturaviva\/","https:\/\/www.instagram.com\/iberculturaviva\/","https:\/\/www.youtube.com\/iberculturaviva"]},{"@type":"Person","@id":"https:\/\/iberculturaviva.org\/es\/?lang=es\/#\/schema\/person\/5d1313b072cc25536e0431522f740b59","name":"IberCultura","image":{"@type":"ImageObject","inLanguage":"es","@id":"https:\/\/iberculturaviva.org\/es\/?lang=es\/#\/schema\/person\/image\/","url":"https:\/\/secure.gravatar.com\/avatar\/79f1a057cb125cbefb3765d0356d52fc7f3bba3a35e2cf22bc4de090bb7aef70?s=96&d=mm&r=g","contentUrl":"https:\/\/secure.gravatar.com\/avatar\/79f1a057cb125cbefb3765d0356d52fc7f3bba3a35e2cf22bc4de090bb7aef70?s=96&d=mm&r=g","caption":"IberCultura"}}]}},"main_category":{"link":"https:\/\/iberculturaviva.org\/es\/category\/convocatorias\/","name":"Convocatorias","slug":"convocatorias"},"_links":{"self":[{"href":"https:\/\/iberculturaviva.org\/es\/wp-json\/wp\/v2\/posts\/16476","targetHints":{"allow":["GET"]}}],"collection":[{"href":"https:\/\/iberculturaviva.org\/es\/wp-json\/wp\/v2\/posts"}],"about":[{"href":"https:\/\/iberculturaviva.org\/es\/wp-json\/wp\/v2\/types\/post"}],"author":[{"embeddable":true,"href":"https:\/\/iberculturaviva.org\/es\/wp-json\/wp\/v2\/users\/2"}],"replies":[{"embeddable":true,"href":"https:\/\/iberculturaviva.org\/es\/wp-json\/wp\/v2\/comments?post=16476"}],"version-history":[{"count":1,"href":"https:\/\/iberculturaviva.org\/es\/wp-json\/wp\/v2\/posts\/16476\/revisions"}],"predecessor-version":[{"id":22627,"href":"https:\/\/iberculturaviva.org\/es\/wp-json\/wp\/v2\/posts\/16476\/revisions\/22627"}],"wp:featuredmedia":[{"embeddable":true,"href":"https:\/\/iberculturaviva.org\/es\/wp-json\/wp\/v2\/media\/20131"}],"wp:attachment":[{"href":"https:\/\/iberculturaviva.org\/es\/wp-json\/wp\/v2\/media?parent=16476"}],"wp:term":[{"taxonomy":"category","embeddable":true,"href":"https:\/\/iberculturaviva.org\/es\/wp-json\/wp\/v2\/categories?post=16476"},{"taxonomy":"post_tag","embeddable":true,"href":"https:\/\/iberculturaviva.org\/es\/wp-json\/wp\/v2\/tags?post=16476"},{"taxonomy":"country-municipality","embeddable":true,"href":"https:\/\/iberculturaviva.org\/es\/wp-json\/wp\/v2\/country-municipality?post=16476"}],"curies":[{"name":"wp","href":"https:\/\/api.w.org\/{rel}","templated":true}]}}