{"id":16444,"date":"2018-10-26T18:15:14","date_gmt":"2018-10-26T21:15:14","guid":{"rendered":"https:\/\/iberculturaviva.org\/se-realiza-en-montevideo-la-tercera-instancia-formativa-para-los-puntos-de-cultura\/"},"modified":"2021-01-06T17:11:29","modified_gmt":"2021-01-06T20:11:29","slug":"se-realiza-en-montevideo-la-tercera-instancia-formativa-para-los-puntos-de-cultura","status":"publish","type":"post","link":"https:\/\/iberculturaviva.org\/es\/se-realiza-en-montevideo-la-tercera-instancia-formativa-para-los-puntos-de-cultura\/","title":{"rendered":"Se realiza en Montevideo la tercera instancia formativa para los Puntos de Cultura"},"content":{"rendered":"<p style=\"text-align: justify;\"><span style=\"font-weight: 400;\">Rosario Lucesole, consultora de proyectos de la Unidad T\u00e9cnica de IberCultura Viva, est\u00e1 en Montevideo hoy y ma\u00f1ana (26 y 27\/10) como docente de la tercera instancia formativa para la Red de Puntos de Cultura en Uruguay. La actividad se realiza en el Espacio Esp\u00ednola G\u00f3mez, donde funciona el \u00c1rea Ciudadan\u00eda Cultural de la Direcci\u00f3n Nacional de Cultura. <\/span><\/p>\n<p style=\"text-align: justify;\"><span style=\"font-weight: 400;\">Las dos jornadas ser\u00e1n sobre abordaje e intervenci\u00f3n en territorio y gesti\u00f3n de organizaciones; instrumentos y herramientas para la identificaci\u00f3n de problemas y la intervenci\u00f3n para posibles soluciones desde las organizaciones culturales comunitarias, y estrategias de comunicaci\u00f3n y generaci\u00f3n de v\u00ednculos con la comunidad. <\/span><\/p>\n<p style=\"text-align: justify;\"><span style=\"font-weight: 400;\">Las otras dos actividades de formaci\u00f3n promovidas en Uruguay con el apoyo del programa IberCultura Viva tambi\u00e9n contaron con profesores argentinos. La primera, los d\u00edas 3 y 4 de agosto, trat\u00f3 de \u201cComunicaci\u00f3n y cultura\u201c y estuvo a cargo de dos profesores de la Facultad Latinoamericana de Ciencias Sociales (FLACSO-Argentina): Luis Alberto Quevedo, director de la facultad, y Bel\u00e9n Igarz\u00e1bal, coordinadora del \u00e1rea Comunicaci\u00f3n y Cultura. La segunda, sobre \u201cEconom\u00eda colaborativa y sustentable\u201d, se realiz\u00f3 los d\u00edas 7 y 8 de septiembre y tuvo como docentes a Adriana Benzaqu\u00e9n y Roc\u00edo Bustamante, integrantes de la Escuela de Econom\u00eda Colaborativa. <\/span><\/p>\n<p style=\"text-align: justify;\"><span style=\"font-weight: 400;\">Estos seminarios son parte del Programa de Formaci\u00f3n en Gesti\u00f3n Cultural y de Proyectos de Base Comunitaria. Un cuarto y \u00faltimo bloque est\u00e1 previsto para noviembre, con la participaci\u00f3n de Franco Rizzi, consultor de formaci\u00f3n del programa IberCultura Viva, y de Bego\u00f1a Ojeda y Pablo Zouain, de la Direcci\u00f3n Nacional de Cultura de Uruguay.<\/span><\/p>\n\n\t\t<style type=\"text\/css\">\n\t\t\t#gallery-1 {\n\t\t\t\tmargin: auto;\n\t\t\t}\n\t\t\t#gallery-1 .gallery-item {\n\t\t\t\tfloat: left;\n\t\t\t\tmargin-top: 10px;\n\t\t\t\ttext-align: center;\n\t\t\t\twidth: 50%;\n\t\t\t}\n\t\t\t#gallery-1 img {\n\t\t\t\tborder: 2px solid #cfcfcf;\n\t\t\t}\n\t\t\t#gallery-1 .gallery-caption {\n\t\t\t\tmargin-left: 0;\n\t\t\t}\n\t\t\t\/* see gallery_shortcode() in wp-includes\/media.php *\/\n\t\t<\/style>\n\t\t<div id='gallery-1' class='gallery galleryid-16444 gallery-columns-2 gallery-size-medium'><dl class='gallery-item'>\n\t\t\t<dt class='gallery-icon landscape'>\n\t\t\t\t<a href='https:\/\/iberculturaviva.org\/es\/se-realiza-en-montevideo-la-tercera-instancia-formativa-para-los-puntos-de-cultura\/whatsapp-image-2018-10-26-at-16-32-41-2\/'><img loading=\"lazy\" decoding=\"async\" width=\"300\" height=\"202\" src=\"https:\/\/iberculturaviva.org\/wp-content\/uploads\/2018\/10\/WhatsApp-Image-2018-10-26-at-16.32.41-460x310.jpeg\" class=\"attachment-medium size-medium\" alt=\"\" \/><\/a>\n\t\t\t<\/dt><\/dl><dl class='gallery-item'>\n\t\t\t<dt class='gallery-icon landscape'>\n\t\t\t\t<a href='https:\/\/iberculturaviva.org\/es\/se-realiza-en-montevideo-la-tercera-instancia-formativa-para-los-puntos-de-cultura\/whatsapp-image-2018-10-26-at-16-32-42-2-2\/'><img loading=\"lazy\" decoding=\"async\" width=\"300\" height=\"202\" src=\"https:\/\/iberculturaviva.org\/wp-content\/uploads\/2018\/10\/WhatsApp-Image-2018-10-26-at-16.32.42-2-460x310.jpeg\" class=\"attachment-medium size-medium\" alt=\"\" \/><\/a>\n\t\t\t<\/dt><\/dl><br style=\"clear: both\" \/><dl class='gallery-item'>\n\t\t\t<dt class='gallery-icon landscape'>\n\t\t\t\t<a href='https:\/\/iberculturaviva.org\/es\/se-realiza-en-montevideo-la-tercera-instancia-formativa-para-los-puntos-de-cultura\/whatsapp-image-2018-10-26-at-16-32-42-3\/'><img loading=\"lazy\" decoding=\"async\" width=\"300\" height=\"202\" src=\"https:\/\/iberculturaviva.org\/wp-content\/uploads\/2018\/10\/WhatsApp-Image-2018-10-26-at-16.32.42-460x310.jpeg\" class=\"attachment-medium size-medium\" alt=\"\" \/><\/a>\n\t\t\t<\/dt><\/dl><dl class='gallery-item'>\n\t\t\t<dt class='gallery-icon landscape'>\n\t\t\t\t<a href='https:\/\/iberculturaviva.org\/es\/se-realiza-en-montevideo-la-tercera-instancia-formativa-para-los-puntos-de-cultura\/whatsapp-image-2018-10-26-at-16-53-07-2\/'><img loading=\"lazy\" decoding=\"async\" width=\"300\" height=\"202\" src=\"https:\/\/iberculturaviva.org\/wp-content\/uploads\/2018\/10\/WhatsApp-Image-2018-10-26-at-16.53.07-460x310.jpeg\" class=\"attachment-medium size-medium\" alt=\"\" \/><\/a>\n\t\t\t<\/dt><\/dl><br style=\"clear: both\" \/>\n\t\t<\/div>\n\n<p>&nbsp;<\/p>\n<p><span style=\"font-weight: 400;\">Lea tambi\u00e9n:<\/span><\/p>\n<p><a href=\"https:\/\/iberculturaviva.org\/es\/economia-colaborativa-y-sustentable-es-tema-de-actividad-de-formacion-en-uruguay\/?lang=es\"><span style=\"font-weight: 400;\">Econom\u00eda colaborativa y sustentable es tema de actividad de formaci\u00f3n en Uruguay<\/span><\/a><\/p>\n","protected":false},"excerpt":{"rendered":"<p>Rosario Lucesole, consultora de proyectos de la Unidad T\u00e9cnica de IberCultura Viva, est\u00e1 en Montevideo hoy y ma\u00f1ana (26 y 27\/10) como docente de la tercera instancia formativa para la [&hellip;]<\/p>\n","protected":false},"author":2,"featured_media":20067,"comment_status":"closed","ping_status":"closed","sticky":false,"template":"","format":"standard","meta":{"_coblocks_attr":"","_coblocks_dimensions":"","_coblocks_responsive_height":"","_coblocks_accordion_ie_support":"","_EventAllDay":false,"_EventTimezone":"","_EventStartDate":"","_EventEndDate":"","_EventStartDateUTC":"","_EventEndDateUTC":"","_EventShowMap":false,"_EventShowMapLink":false,"_EventURL":"","_EventCost":"","_EventCostDescription":"","_EventCurrencySymbol":"","_EventCurrencyCode":"","_EventCurrencyPosition":"","_EventDateTimeSeparator":"","_EventTimeRangeSeparator":"","_EventOrganizerID":[],"_EventVenueID":[],"_OrganizerEmail":"","_OrganizerPhone":"","_OrganizerWebsite":"","_VenueAddress":"","_VenueCity":"","_VenueCountry":"","_VenueProvince":"","_VenueState":"","_VenueZip":"","_VenuePhone":"","_VenueURL":"","_VenueStateProvince":"","_VenueLat":"","_VenueLng":"","_VenueShowMap":false,"_VenueShowMapLink":false,"footnotes":""},"categories":[632,262],"tags":[],"country-municipality":[],"class_list":["post-16444","post","type-post","status-publish","format-standard","has-post-thumbnail","hentry","category-formacion","category-noticias-es"],"yoast_head":"<!-- This site is optimized with the Yoast SEO plugin v25.7 - https:\/\/yoast.com\/wordpress\/plugins\/seo\/ -->\n<title>Se realiza en Montevideo la tercera instancia formativa para los Puntos de Cultura - IberCultura Viva<\/title>\n<meta name=\"description\" content=\"Se realiza en Montevideo la tercera instancia formativa para los Puntos de Cultura - IberCultura Viva\" \/>\n<meta name=\"robots\" content=\"index, follow, max-snippet:-1, max-image-preview:large, max-video-preview:-1\" \/>\n<link rel=\"canonical\" href=\"https:\/\/iberculturaviva.org\/es\/se-realiza-en-montevideo-la-tercera-instancia-formativa-para-los-puntos-de-cultura\/\" \/>\n<meta property=\"og:locale\" content=\"es_ES\" \/>\n<meta property=\"og:type\" content=\"article\" \/>\n<meta property=\"og:title\" content=\"Se realiza en Montevideo la tercera instancia formativa para los Puntos de Cultura - IberCultura Viva\" \/>\n<meta property=\"og:description\" content=\"Se realiza en Montevideo la tercera instancia formativa para los Puntos de Cultura - IberCultura Viva\" \/>\n<meta property=\"og:url\" content=\"https:\/\/iberculturaviva.org\/es\/se-realiza-en-montevideo-la-tercera-instancia-formativa-para-los-puntos-de-cultura\/\" \/>\n<meta property=\"og:site_name\" content=\"IberCultura Viva\" \/>\n<meta property=\"article:publisher\" content=\"https:\/\/www.facebook.com\/iberculturaviva\/\" \/>\n<meta property=\"article:published_time\" content=\"2018-10-26T21:15:14+00:00\" \/>\n<meta property=\"article:modified_time\" content=\"2021-01-06T20:11:29+00:00\" \/>\n<meta property=\"og:image\" content=\"https:\/\/iberculturaviva.org\/wp-content\/uploads\/2018\/10\/WhatsApp-Image-2018-10-26-at-16.32.42-1.jpeg\" \/>\n\t<meta property=\"og:image:width\" content=\"1600\" \/>\n\t<meta property=\"og:image:height\" content=\"1200\" \/>\n\t<meta property=\"og:image:type\" content=\"image\/jpeg\" \/>\n<meta name=\"author\" content=\"IberCultura\" \/>\n<meta name=\"twitter:card\" content=\"summary_large_image\" \/>\n<meta name=\"twitter:label1\" content=\"Escrito por\" \/>\n\t<meta name=\"twitter:data1\" content=\"IberCultura\" \/>\n\t<meta name=\"twitter:label2\" content=\"Tiempo de lectura\" \/>\n\t<meta name=\"twitter:data2\" content=\"2 minutos\" \/>\n<script type=\"application\/ld+json\" class=\"yoast-schema-graph\">{\"@context\":\"https:\/\/schema.org\",\"@graph\":[{\"@type\":\"Article\",\"@id\":\"https:\/\/iberculturaviva.org\/es\/se-realiza-en-montevideo-la-tercera-instancia-formativa-para-los-puntos-de-cultura\/#article\",\"isPartOf\":{\"@id\":\"https:\/\/iberculturaviva.org\/es\/se-realiza-en-montevideo-la-tercera-instancia-formativa-para-los-puntos-de-cultura\/\"},\"author\":{\"name\":\"IberCultura\",\"@id\":\"https:\/\/iberculturaviva.org\/es\/?lang=es\/#\/schema\/person\/5d1313b072cc25536e0431522f740b59\"},\"headline\":\"Se realiza en Montevideo la tercera instancia formativa para los Puntos de Cultura\",\"datePublished\":\"2018-10-26T21:15:14+00:00\",\"dateModified\":\"2021-01-06T20:11:29+00:00\",\"mainEntityOfPage\":{\"@id\":\"https:\/\/iberculturaviva.org\/es\/se-realiza-en-montevideo-la-tercera-instancia-formativa-para-los-puntos-de-cultura\/\"},\"wordCount\":317,\"publisher\":{\"@id\":\"https:\/\/iberculturaviva.org\/es\/?lang=es\/#organization\"},\"image\":{\"@id\":\"https:\/\/iberculturaviva.org\/es\/se-realiza-en-montevideo-la-tercera-instancia-formativa-para-los-puntos-de-cultura\/#primaryimage\"},\"thumbnailUrl\":\"https:\/\/iberculturaviva.org\/wp-content\/uploads\/2018\/10\/WhatsApp-Image-2018-10-26-at-16.32.42-1.jpeg\",\"articleSection\":[\"Formaci\u00f3n\",\"Noticias\"],\"inLanguage\":\"es\"},{\"@type\":\"WebPage\",\"@id\":\"https:\/\/iberculturaviva.org\/es\/se-realiza-en-montevideo-la-tercera-instancia-formativa-para-los-puntos-de-cultura\/\",\"url\":\"https:\/\/iberculturaviva.org\/es\/se-realiza-en-montevideo-la-tercera-instancia-formativa-para-los-puntos-de-cultura\/\",\"name\":\"Se realiza en Montevideo la tercera instancia formativa para los Puntos de Cultura - IberCultura Viva\",\"isPartOf\":{\"@id\":\"https:\/\/iberculturaviva.org\/es\/?lang=es\/#website\"},\"primaryImageOfPage\":{\"@id\":\"https:\/\/iberculturaviva.org\/es\/se-realiza-en-montevideo-la-tercera-instancia-formativa-para-los-puntos-de-cultura\/#primaryimage\"},\"image\":{\"@id\":\"https:\/\/iberculturaviva.org\/es\/se-realiza-en-montevideo-la-tercera-instancia-formativa-para-los-puntos-de-cultura\/#primaryimage\"},\"thumbnailUrl\":\"https:\/\/iberculturaviva.org\/wp-content\/uploads\/2018\/10\/WhatsApp-Image-2018-10-26-at-16.32.42-1.jpeg\",\"datePublished\":\"2018-10-26T21:15:14+00:00\",\"dateModified\":\"2021-01-06T20:11:29+00:00\",\"description\":\"Se realiza en Montevideo la tercera instancia formativa para los Puntos de Cultura - IberCultura Viva\",\"breadcrumb\":{\"@id\":\"https:\/\/iberculturaviva.org\/es\/se-realiza-en-montevideo-la-tercera-instancia-formativa-para-los-puntos-de-cultura\/#breadcrumb\"},\"inLanguage\":\"es\",\"potentialAction\":[{\"@type\":\"ReadAction\",\"target\":[\"https:\/\/iberculturaviva.org\/es\/se-realiza-en-montevideo-la-tercera-instancia-formativa-para-los-puntos-de-cultura\/\"]}]},{\"@type\":\"ImageObject\",\"inLanguage\":\"es\",\"@id\":\"https:\/\/iberculturaviva.org\/es\/se-realiza-en-montevideo-la-tercera-instancia-formativa-para-los-puntos-de-cultura\/#primaryimage\",\"url\":\"https:\/\/iberculturaviva.org\/wp-content\/uploads\/2018\/10\/WhatsApp-Image-2018-10-26-at-16.32.42-1.jpeg\",\"contentUrl\":\"https:\/\/iberculturaviva.org\/wp-content\/uploads\/2018\/10\/WhatsApp-Image-2018-10-26-at-16.32.42-1.jpeg\",\"width\":1600,\"height\":1200},{\"@type\":\"BreadcrumbList\",\"@id\":\"https:\/\/iberculturaviva.org\/es\/se-realiza-en-montevideo-la-tercera-instancia-formativa-para-los-puntos-de-cultura\/#breadcrumb\",\"itemListElement\":[{\"@type\":\"ListItem\",\"position\":1,\"name\":\"In\u00edcio\",\"item\":\"https:\/\/iberculturaviva.org\/es\/inicio\/\"},{\"@type\":\"ListItem\",\"position\":2,\"name\":\"Se realiza en Montevideo la tercera instancia formativa para los Puntos de Cultura\"}]},{\"@type\":\"WebSite\",\"@id\":\"https:\/\/iberculturaviva.org\/es\/?lang=es\/#website\",\"url\":\"https:\/\/iberculturaviva.org\/es\/?lang=es\/\",\"name\":\"IberCultura Viva\",\"description\":\"Programa de cooperaci\u00f3n cultural\",\"publisher\":{\"@id\":\"https:\/\/iberculturaviva.org\/es\/?lang=es\/#organization\"},\"potentialAction\":[{\"@type\":\"SearchAction\",\"target\":{\"@type\":\"EntryPoint\",\"urlTemplate\":\"https:\/\/iberculturaviva.org\/es\/?lang=es\/?s={search_term_string}\"},\"query-input\":{\"@type\":\"PropertyValueSpecification\",\"valueRequired\":true,\"valueName\":\"search_term_string\"}}],\"inLanguage\":\"es\"},{\"@type\":\"Organization\",\"@id\":\"https:\/\/iberculturaviva.org\/es\/?lang=es\/#organization\",\"name\":\"Iberculturaviva\",\"url\":\"https:\/\/iberculturaviva.org\/es\/?lang=es\/\",\"logo\":{\"@type\":\"ImageObject\",\"inLanguage\":\"es\",\"@id\":\"https:\/\/iberculturaviva.org\/es\/?lang=es\/#\/schema\/logo\/image\/\",\"url\":\"https:\/\/iberculturaviva.org\/wp-content\/uploads\/2021\/08\/logo_ibercultura_viva.jpg\",\"contentUrl\":\"https:\/\/iberculturaviva.org\/wp-content\/uploads\/2021\/08\/logo_ibercultura_viva.jpg\",\"width\":708,\"height\":223,\"caption\":\"Iberculturaviva\"},\"image\":{\"@id\":\"https:\/\/iberculturaviva.org\/es\/?lang=es\/#\/schema\/logo\/image\/\"},\"sameAs\":[\"https:\/\/www.facebook.com\/iberculturaviva\/\",\"https:\/\/www.instagram.com\/iberculturaviva\/\",\"https:\/\/www.youtube.com\/iberculturaviva\"]},{\"@type\":\"Person\",\"@id\":\"https:\/\/iberculturaviva.org\/es\/?lang=es\/#\/schema\/person\/5d1313b072cc25536e0431522f740b59\",\"name\":\"IberCultura\",\"image\":{\"@type\":\"ImageObject\",\"inLanguage\":\"es\",\"@id\":\"https:\/\/iberculturaviva.org\/es\/?lang=es\/#\/schema\/person\/image\/\",\"url\":\"https:\/\/secure.gravatar.com\/avatar\/79f1a057cb125cbefb3765d0356d52fc7f3bba3a35e2cf22bc4de090bb7aef70?s=96&d=mm&r=g\",\"contentUrl\":\"https:\/\/secure.gravatar.com\/avatar\/79f1a057cb125cbefb3765d0356d52fc7f3bba3a35e2cf22bc4de090bb7aef70?s=96&d=mm&r=g\",\"caption\":\"IberCultura\"}}]}<\/script>\n<!-- \/ Yoast SEO plugin. -->","yoast_head_json":{"title":"Se realiza en Montevideo la tercera instancia formativa para los Puntos de Cultura - IberCultura Viva","description":"Se realiza en Montevideo la tercera instancia formativa para los Puntos de Cultura - IberCultura Viva","robots":{"index":"index","follow":"follow","max-snippet":"max-snippet:-1","max-image-preview":"max-image-preview:large","max-video-preview":"max-video-preview:-1"},"canonical":"https:\/\/iberculturaviva.org\/es\/se-realiza-en-montevideo-la-tercera-instancia-formativa-para-los-puntos-de-cultura\/","og_locale":"es_ES","og_type":"article","og_title":"Se realiza en Montevideo la tercera instancia formativa para los Puntos de Cultura - IberCultura Viva","og_description":"Se realiza en Montevideo la tercera instancia formativa para los Puntos de Cultura - IberCultura Viva","og_url":"https:\/\/iberculturaviva.org\/es\/se-realiza-en-montevideo-la-tercera-instancia-formativa-para-los-puntos-de-cultura\/","og_site_name":"IberCultura Viva","article_publisher":"https:\/\/www.facebook.com\/iberculturaviva\/","article_published_time":"2018-10-26T21:15:14+00:00","article_modified_time":"2021-01-06T20:11:29+00:00","og_image":[{"width":1600,"height":1200,"url":"https:\/\/iberculturaviva.org\/wp-content\/uploads\/2018\/10\/WhatsApp-Image-2018-10-26-at-16.32.42-1.jpeg","type":"image\/jpeg"}],"author":"IberCultura","twitter_card":"summary_large_image","twitter_misc":{"Escrito por":"IberCultura","Tiempo de lectura":"2 minutos"},"schema":{"@context":"https:\/\/schema.org","@graph":[{"@type":"Article","@id":"https:\/\/iberculturaviva.org\/es\/se-realiza-en-montevideo-la-tercera-instancia-formativa-para-los-puntos-de-cultura\/#article","isPartOf":{"@id":"https:\/\/iberculturaviva.org\/es\/se-realiza-en-montevideo-la-tercera-instancia-formativa-para-los-puntos-de-cultura\/"},"author":{"name":"IberCultura","@id":"https:\/\/iberculturaviva.org\/es\/?lang=es\/#\/schema\/person\/5d1313b072cc25536e0431522f740b59"},"headline":"Se realiza en Montevideo la tercera instancia formativa para los Puntos de Cultura","datePublished":"2018-10-26T21:15:14+00:00","dateModified":"2021-01-06T20:11:29+00:00","mainEntityOfPage":{"@id":"https:\/\/iberculturaviva.org\/es\/se-realiza-en-montevideo-la-tercera-instancia-formativa-para-los-puntos-de-cultura\/"},"wordCount":317,"publisher":{"@id":"https:\/\/iberculturaviva.org\/es\/?lang=es\/#organization"},"image":{"@id":"https:\/\/iberculturaviva.org\/es\/se-realiza-en-montevideo-la-tercera-instancia-formativa-para-los-puntos-de-cultura\/#primaryimage"},"thumbnailUrl":"https:\/\/iberculturaviva.org\/wp-content\/uploads\/2018\/10\/WhatsApp-Image-2018-10-26-at-16.32.42-1.jpeg","articleSection":["Formaci\u00f3n","Noticias"],"inLanguage":"es"},{"@type":"WebPage","@id":"https:\/\/iberculturaviva.org\/es\/se-realiza-en-montevideo-la-tercera-instancia-formativa-para-los-puntos-de-cultura\/","url":"https:\/\/iberculturaviva.org\/es\/se-realiza-en-montevideo-la-tercera-instancia-formativa-para-los-puntos-de-cultura\/","name":"Se realiza en Montevideo la tercera instancia formativa para los Puntos de Cultura - IberCultura Viva","isPartOf":{"@id":"https:\/\/iberculturaviva.org\/es\/?lang=es\/#website"},"primaryImageOfPage":{"@id":"https:\/\/iberculturaviva.org\/es\/se-realiza-en-montevideo-la-tercera-instancia-formativa-para-los-puntos-de-cultura\/#primaryimage"},"image":{"@id":"https:\/\/iberculturaviva.org\/es\/se-realiza-en-montevideo-la-tercera-instancia-formativa-para-los-puntos-de-cultura\/#primaryimage"},"thumbnailUrl":"https:\/\/iberculturaviva.org\/wp-content\/uploads\/2018\/10\/WhatsApp-Image-2018-10-26-at-16.32.42-1.jpeg","datePublished":"2018-10-26T21:15:14+00:00","dateModified":"2021-01-06T20:11:29+00:00","description":"Se realiza en Montevideo la tercera instancia formativa para los Puntos de Cultura - IberCultura Viva","breadcrumb":{"@id":"https:\/\/iberculturaviva.org\/es\/se-realiza-en-montevideo-la-tercera-instancia-formativa-para-los-puntos-de-cultura\/#breadcrumb"},"inLanguage":"es","potentialAction":[{"@type":"ReadAction","target":["https:\/\/iberculturaviva.org\/es\/se-realiza-en-montevideo-la-tercera-instancia-formativa-para-los-puntos-de-cultura\/"]}]},{"@type":"ImageObject","inLanguage":"es","@id":"https:\/\/iberculturaviva.org\/es\/se-realiza-en-montevideo-la-tercera-instancia-formativa-para-los-puntos-de-cultura\/#primaryimage","url":"https:\/\/iberculturaviva.org\/wp-content\/uploads\/2018\/10\/WhatsApp-Image-2018-10-26-at-16.32.42-1.jpeg","contentUrl":"https:\/\/iberculturaviva.org\/wp-content\/uploads\/2018\/10\/WhatsApp-Image-2018-10-26-at-16.32.42-1.jpeg","width":1600,"height":1200},{"@type":"BreadcrumbList","@id":"https:\/\/iberculturaviva.org\/es\/se-realiza-en-montevideo-la-tercera-instancia-formativa-para-los-puntos-de-cultura\/#breadcrumb","itemListElement":[{"@type":"ListItem","position":1,"name":"In\u00edcio","item":"https:\/\/iberculturaviva.org\/es\/inicio\/"},{"@type":"ListItem","position":2,"name":"Se realiza en Montevideo la tercera instancia formativa para los Puntos de Cultura"}]},{"@type":"WebSite","@id":"https:\/\/iberculturaviva.org\/es\/?lang=es\/#website","url":"https:\/\/iberculturaviva.org\/es\/?lang=es\/","name":"IberCultura Viva","description":"Programa de cooperaci\u00f3n cultural","publisher":{"@id":"https:\/\/iberculturaviva.org\/es\/?lang=es\/#organization"},"potentialAction":[{"@type":"SearchAction","target":{"@type":"EntryPoint","urlTemplate":"https:\/\/iberculturaviva.org\/es\/?lang=es\/?s={search_term_string}"},"query-input":{"@type":"PropertyValueSpecification","valueRequired":true,"valueName":"search_term_string"}}],"inLanguage":"es"},{"@type":"Organization","@id":"https:\/\/iberculturaviva.org\/es\/?lang=es\/#organization","name":"Iberculturaviva","url":"https:\/\/iberculturaviva.org\/es\/?lang=es\/","logo":{"@type":"ImageObject","inLanguage":"es","@id":"https:\/\/iberculturaviva.org\/es\/?lang=es\/#\/schema\/logo\/image\/","url":"https:\/\/iberculturaviva.org\/wp-content\/uploads\/2021\/08\/logo_ibercultura_viva.jpg","contentUrl":"https:\/\/iberculturaviva.org\/wp-content\/uploads\/2021\/08\/logo_ibercultura_viva.jpg","width":708,"height":223,"caption":"Iberculturaviva"},"image":{"@id":"https:\/\/iberculturaviva.org\/es\/?lang=es\/#\/schema\/logo\/image\/"},"sameAs":["https:\/\/www.facebook.com\/iberculturaviva\/","https:\/\/www.instagram.com\/iberculturaviva\/","https:\/\/www.youtube.com\/iberculturaviva"]},{"@type":"Person","@id":"https:\/\/iberculturaviva.org\/es\/?lang=es\/#\/schema\/person\/5d1313b072cc25536e0431522f740b59","name":"IberCultura","image":{"@type":"ImageObject","inLanguage":"es","@id":"https:\/\/iberculturaviva.org\/es\/?lang=es\/#\/schema\/person\/image\/","url":"https:\/\/secure.gravatar.com\/avatar\/79f1a057cb125cbefb3765d0356d52fc7f3bba3a35e2cf22bc4de090bb7aef70?s=96&d=mm&r=g","contentUrl":"https:\/\/secure.gravatar.com\/avatar\/79f1a057cb125cbefb3765d0356d52fc7f3bba3a35e2cf22bc4de090bb7aef70?s=96&d=mm&r=g","caption":"IberCultura"}}]}},"main_category":{"link":"https:\/\/iberculturaviva.org\/es\/category\/formacion\/","name":"Formaci\u00f3n","slug":"formacion"},"_links":{"self":[{"href":"https:\/\/iberculturaviva.org\/es\/wp-json\/wp\/v2\/posts\/16444","targetHints":{"allow":["GET"]}}],"collection":[{"href":"https:\/\/iberculturaviva.org\/es\/wp-json\/wp\/v2\/posts"}],"about":[{"href":"https:\/\/iberculturaviva.org\/es\/wp-json\/wp\/v2\/types\/post"}],"author":[{"embeddable":true,"href":"https:\/\/iberculturaviva.org\/es\/wp-json\/wp\/v2\/users\/2"}],"replies":[{"embeddable":true,"href":"https:\/\/iberculturaviva.org\/es\/wp-json\/wp\/v2\/comments?post=16444"}],"version-history":[{"count":1,"href":"https:\/\/iberculturaviva.org\/es\/wp-json\/wp\/v2\/posts\/16444\/revisions"}],"predecessor-version":[{"id":22643,"href":"https:\/\/iberculturaviva.org\/es\/wp-json\/wp\/v2\/posts\/16444\/revisions\/22643"}],"wp:featuredmedia":[{"embeddable":true,"href":"https:\/\/iberculturaviva.org\/es\/wp-json\/wp\/v2\/media\/20067"}],"wp:attachment":[{"href":"https:\/\/iberculturaviva.org\/es\/wp-json\/wp\/v2\/media?parent=16444"}],"wp:term":[{"taxonomy":"category","embeddable":true,"href":"https:\/\/iberculturaviva.org\/es\/wp-json\/wp\/v2\/categories?post=16444"},{"taxonomy":"post_tag","embeddable":true,"href":"https:\/\/iberculturaviva.org\/es\/wp-json\/wp\/v2\/tags?post=16444"},{"taxonomy":"country-municipality","embeddable":true,"href":"https:\/\/iberculturaviva.org\/es\/wp-json\/wp\/v2\/country-municipality?post=16444"}],"curies":[{"name":"wp","href":"https:\/\/api.w.org\/{rel}","templated":true}]}}