{"id":16404,"date":"2018-08-01T15:28:31","date_gmt":"2018-08-01T18:28:31","guid":{"rendered":"https:\/\/iberculturaviva.org\/convocatoria-de-movilidad-apoyara-la-participacion-de-representantes-de-organizaciones-en-reunion-en-argentina\/"},"modified":"2021-01-06T17:13:50","modified_gmt":"2021-01-06T20:13:50","slug":"convocatoria-de-movilidad-apoyara-la-participacion-de-representantes-de-organizaciones-en-reunion-en-argentina","status":"publish","type":"post","link":"https:\/\/iberculturaviva.org\/es\/convocatoria-de-movilidad-apoyara-la-participacion-de-representantes-de-organizaciones-en-reunion-en-argentina\/","title":{"rendered":"Convocatoria de Movilidad apoyar\u00e1 la participaci\u00f3n de representantes de organizaciones en reuni\u00f3n en Argentina"},"content":{"rendered":"<p style=\"text-align: justify;\"><span style=\"font-weight: 400;\">El 4\u00ba Congreso Latinoamericano de Cultura Viva Comunitaria, que se realizar\u00e1 en Argentina en mayo de 2019, ha sido preparado a lo largo de este a\u00f1o por colectivos de distintas regiones del pa\u00eds. Del 2 al 4 de noviembre habr\u00e1 una reuni\u00f3n de planificaci\u00f3n en la ciudad de Buenos Aires que contar\u00e1 con miembros de organizaciones culturales comunitarias de pa\u00edses latinoamericanos. La 1\u00aa Convocatoria IberCultura Viva de Movilidad 2018, lanzada este mi\u00e9rcoles 1 de agosto, es destinada a apoyar la participaci\u00f3n de representantes de organizaciones de los pa\u00edses miembros del programa en esta reuni\u00f3n.<\/span><\/p>\n<p style=\"text-align: justify;\"><span style=\"font-weight: 400;\">El valor total destinado a la convocatoria es de US$ 10 mil, que ser\u00e1n distribuidos para la compra de pasajes a\u00e9reos y seguro de viaje para las personas seleccionadas. Podr\u00e1n participar de la convocatoria miembros de<\/span> <span style=\"font-weight: 400;\">organizaciones culturales comunitarias y pueblos originarios de los pa\u00edses miembros del programa:<\/span> <span style=\"font-weight: 400;\">Argentina, Brasil, Chile, Costa Rica, Ecuador, El Salvador, Espa\u00f1a, Guatemala, M\u00e9xico, \u00a0Per\u00fa y Uruguay. Se seleccionar\u00e1 una persona por cada pa\u00eds. <\/span><\/p>\n<p style=\"text-align: justify;\"><span style=\"font-weight: 400;\">Las inscripciones tendr\u00e1n inicio hoy y se cerrar\u00e1n el <\/span><span style=\"font-weight: 400;\">30<\/span><span style=\"font-weight: 400;\"> de agosto.\u00a0<\/span><span style=\"font-weight: 400;\">Las personas candidatas deber\u00e1n completar el formulario de inscripci\u00f3n y enviarlo al correo electr\u00f3nico <\/span><a href=\"mailto:rosario@iberculturaviva.org\"><span style=\"font-weight: 400;\">rosario@iberculturaviva.org<\/span><\/a><span style=\"font-weight: 400;\">, junto con los documentos necesarios para la inscripci\u00f3n (certificados, carta aval, etc). Se debe enviar solamente un correo con el formulario y todos los adjuntos. <\/span><\/p>\n<p style=\"text-align: justify;\"><span style=\"font-weight: 400;\">Se tendr\u00e1n en cuenta en la selecci\u00f3n criterios como la experiencia de la organizaci\u00f3n en acciones culturales comunitarias y en articulaci\u00f3n de redes culturales, y el hist\u00f3rico de participaci\u00f3n en proceso de articulaci\u00f3n de redes culturales en \u00e1mbito nacional y\/o internacional. Tambi\u00e9n contar\u00e1n puntos la participaci\u00f3n en \u00a0instancias de articulaci\u00f3n de redes y circuitos de organizaciones culturales comunitarias y\/o pueblos originarios, como los Congresos Latinoamericanos de CVC, y el perfil de la persona candidata (mujeres, j\u00f3venes, afrodescendientes y personas pertenecientes a pueblos originarios tendr\u00e1n 2 puntos m\u00e1s). <\/span><\/p>\n<p>&nbsp;<\/p>\n<h4><b>El congreso<\/b><\/h4>\n<p style=\"text-align: justify;\"><span style=\"font-weight: 400;\">Con el lema<\/span><span style=\"font-weight: 400;\"> \u201cTerritorios para el buen vivir\u201d, el 4\u00ba Congreso Latinoamericano de Cultura Viva Comunitaria <\/span><span style=\"font-weight: 400;\">tiene una estructura novedosa con respecto a las ediciones anteriores, realizadas en La Paz, Bolivia (2013), San Salvador, El Salvador (2015), y Quito, Ecuador (2017). La idea es que sea un evento itinerante, del 10 al 17 de mayo de 2019, con inicio en la provincia de Mendoza, pasando por C\u00f3rdoba y Paran\u00e1 y terminando en la ciudad de Buenos Aires.<\/span><\/p>\n<p style=\"text-align: justify;\"><span style=\"font-weight: 400;\">El congreso en formato de caravana, seg\u00fan los organizadores, posibilitar\u00e1 el contacto con distintas realidades del pa\u00eds y generar\u00e1 a lo largo de esta semana instancias participativas a nivel comunitario, permitiendo tambi\u00e9n una visi\u00f3n de los procesos territoriales. Se mantendr\u00e1n algunas dimensiones de la estructura de trabajo de los congresos anteriores, como los c\u00edrculos de palabras tem\u00e1ticos, ferias, festivales, recorridos a experiencias y plenarios.<\/span><\/p>\n<p style=\"text-align: justify;\"><span style=\"font-weight: 400;\">Ya se realizaron tres jornadas de trabajo para la planificaci\u00f3n del congreso: en la ciudad de Buenos Aires, en marzo; en C\u00f3rdoba, en abril, y en Chacras de Coria (Mendoza), en junio. El pr\u00f3ximo encuentro est\u00e1 previsto para el 25 y 26 de agosto en la ciudad de Paran\u00e1. Participan en la construcci\u00f3n de la metodolog\u00eda y log\u00edstica del evento alrededor de 200 colectivos argentinos, entre los cuales hay muchas experiencias que ya est\u00e1n estructuradas en red, como es la Red Nacional de Teatro Comunitario, el Foro Argentino de Radios Comunitarias (FARCO) y el colectivo Pueblo Hace Cultura.<\/span><\/p>\n<p>&nbsp;<\/p>\n<h4>Revisa y descarga las bases:<\/h4>\n<h4><span style=\"text-decoration: underline;\"><a href=\"https:\/\/iberculturaviva.org\/wp-content\/uploads\/2018\/08\/Convocatoria-Movilidad-reuni\u00f3n-preparatoria-Buenos-Aires.pdf\">1\u00aa Convocatoria IberCultura Viva de Movilidad 2018<\/a><\/span><\/h4>\n<h4><span style=\"text-decoration: underline;\"><a href=\"https:\/\/iberculturaviva.org\/wp-content\/uploads\/2018\/08\/ANEXO-01.docx\">ANEXO 01- Formulario de inscripci\u00f3n<\/a><\/span><\/h4>\n","protected":false},"excerpt":{"rendered":"<p>El 4\u00ba Congreso Latinoamericano de Cultura Viva Comunitaria, que se realizar\u00e1 en Argentina en mayo de 2019, ha sido preparado a lo largo de este a\u00f1o por colectivos de distintas [&hellip;]<\/p>\n","protected":false},"author":2,"featured_media":18577,"comment_status":"closed","ping_status":"closed","sticky":false,"template":"","format":"standard","meta":{"_coblocks_attr":"","_coblocks_dimensions":"","_coblocks_responsive_height":"","_coblocks_accordion_ie_support":"","_EventAllDay":false,"_EventTimezone":"","_EventStartDate":"","_EventEndDate":"","_EventStartDateUTC":"","_EventEndDateUTC":"","_EventShowMap":false,"_EventShowMapLink":false,"_EventURL":"","_EventCost":"","_EventCostDescription":"","_EventCurrencySymbol":"","_EventCurrencyCode":"","_EventCurrencyPosition":"","_EventDateTimeSeparator":"","_EventTimeRangeSeparator":"","_EventOrganizerID":[],"_EventVenueID":[],"_OrganizerEmail":"","_OrganizerPhone":"","_OrganizerWebsite":"","_VenueAddress":"","_VenueCity":"","_VenueCountry":"","_VenueProvince":"","_VenueState":"","_VenueZip":"","_VenuePhone":"","_VenueURL":"","_VenueStateProvince":"","_VenueLat":"","_VenueLng":"","_VenueShowMap":false,"_VenueShowMapLink":false,"footnotes":""},"categories":[250,262],"tags":[],"country-municipality":[],"class_list":["post-16404","post","type-post","status-publish","format-standard","has-post-thumbnail","hentry","category-convocatorias","category-noticias-es"],"yoast_head":"<!-- This site is optimized with the Yoast SEO plugin v25.7 - https:\/\/yoast.com\/wordpress\/plugins\/seo\/ -->\n<title>Convocatoria de Movilidad apoyar\u00e1 la participaci\u00f3n de representantes de organizaciones en reuni\u00f3n en Argentina - IberCultura Viva<\/title>\n<meta name=\"description\" content=\"Convocatoria de Movilidad apoyar\u00e1 la participaci\u00f3n de representantes de organizaciones en reuni\u00f3n en Argentina - IberCultura Viva\" \/>\n<meta name=\"robots\" content=\"index, follow, max-snippet:-1, max-image-preview:large, max-video-preview:-1\" \/>\n<link rel=\"canonical\" href=\"https:\/\/iberculturaviva.org\/es\/convocatoria-de-movilidad-apoyara-la-participacion-de-representantes-de-organizaciones-en-reunion-en-argentina\/\" \/>\n<meta property=\"og:locale\" content=\"es_ES\" \/>\n<meta property=\"og:type\" content=\"article\" \/>\n<meta property=\"og:title\" content=\"Convocatoria de Movilidad apoyar\u00e1 la participaci\u00f3n de representantes de organizaciones en reuni\u00f3n en Argentina - IberCultura Viva\" \/>\n<meta property=\"og:description\" content=\"Convocatoria de Movilidad apoyar\u00e1 la participaci\u00f3n de representantes de organizaciones en reuni\u00f3n en Argentina - IberCultura Viva\" \/>\n<meta property=\"og:url\" content=\"https:\/\/iberculturaviva.org\/es\/convocatoria-de-movilidad-apoyara-la-participacion-de-representantes-de-organizaciones-en-reunion-en-argentina\/\" \/>\n<meta property=\"og:site_name\" content=\"IberCultura Viva\" \/>\n<meta property=\"article:publisher\" content=\"https:\/\/www.facebook.com\/iberculturaviva\/\" \/>\n<meta property=\"article:published_time\" content=\"2018-08-01T18:28:31+00:00\" \/>\n<meta property=\"article:modified_time\" content=\"2021-01-06T20:13:50+00:00\" \/>\n<meta property=\"og:image\" content=\"https:\/\/iberculturaviva.org\/wp-content\/uploads\/2016\/12\/IMG_0290-960x640.jpg\" \/>\n\t<meta property=\"og:image:width\" content=\"960\" \/>\n\t<meta property=\"og:image:height\" content=\"640\" \/>\n\t<meta property=\"og:image:type\" content=\"image\/jpeg\" \/>\n<meta name=\"author\" content=\"IberCultura\" \/>\n<meta name=\"twitter:card\" content=\"summary_large_image\" \/>\n<meta name=\"twitter:label1\" content=\"Escrito por\" \/>\n\t<meta name=\"twitter:data1\" content=\"IberCultura\" \/>\n\t<meta name=\"twitter:label2\" content=\"Tiempo de lectura\" \/>\n\t<meta name=\"twitter:data2\" content=\"3 minutos\" \/>\n<script type=\"application\/ld+json\" class=\"yoast-schema-graph\">{\"@context\":\"https:\/\/schema.org\",\"@graph\":[{\"@type\":\"Article\",\"@id\":\"https:\/\/iberculturaviva.org\/es\/convocatoria-de-movilidad-apoyara-la-participacion-de-representantes-de-organizaciones-en-reunion-en-argentina\/#article\",\"isPartOf\":{\"@id\":\"https:\/\/iberculturaviva.org\/es\/convocatoria-de-movilidad-apoyara-la-participacion-de-representantes-de-organizaciones-en-reunion-en-argentina\/\"},\"author\":{\"name\":\"IberCultura\",\"@id\":\"https:\/\/iberculturaviva.org\/es\/?lang=es\/#\/schema\/person\/5d1313b072cc25536e0431522f740b59\"},\"headline\":\"Convocatoria de Movilidad apoyar\u00e1 la participaci\u00f3n de representantes de organizaciones en reuni\u00f3n en Argentina\",\"datePublished\":\"2018-08-01T18:28:31+00:00\",\"dateModified\":\"2021-01-06T20:13:50+00:00\",\"mainEntityOfPage\":{\"@id\":\"https:\/\/iberculturaviva.org\/es\/convocatoria-de-movilidad-apoyara-la-participacion-de-representantes-de-organizaciones-en-reunion-en-argentina\/\"},\"wordCount\":612,\"publisher\":{\"@id\":\"https:\/\/iberculturaviva.org\/es\/?lang=es\/#organization\"},\"image\":{\"@id\":\"https:\/\/iberculturaviva.org\/es\/convocatoria-de-movilidad-apoyara-la-participacion-de-representantes-de-organizaciones-en-reunion-en-argentina\/#primaryimage\"},\"thumbnailUrl\":\"https:\/\/iberculturaviva.org\/wp-content\/uploads\/2016\/12\/IMG_0290.jpg\",\"articleSection\":[\"Convocatorias\",\"Noticias\"],\"inLanguage\":\"es\"},{\"@type\":\"WebPage\",\"@id\":\"https:\/\/iberculturaviva.org\/es\/convocatoria-de-movilidad-apoyara-la-participacion-de-representantes-de-organizaciones-en-reunion-en-argentina\/\",\"url\":\"https:\/\/iberculturaviva.org\/es\/convocatoria-de-movilidad-apoyara-la-participacion-de-representantes-de-organizaciones-en-reunion-en-argentina\/\",\"name\":\"Convocatoria de Movilidad apoyar\u00e1 la participaci\u00f3n de representantes de organizaciones en reuni\u00f3n en Argentina - IberCultura Viva\",\"isPartOf\":{\"@id\":\"https:\/\/iberculturaviva.org\/es\/?lang=es\/#website\"},\"primaryImageOfPage\":{\"@id\":\"https:\/\/iberculturaviva.org\/es\/convocatoria-de-movilidad-apoyara-la-participacion-de-representantes-de-organizaciones-en-reunion-en-argentina\/#primaryimage\"},\"image\":{\"@id\":\"https:\/\/iberculturaviva.org\/es\/convocatoria-de-movilidad-apoyara-la-participacion-de-representantes-de-organizaciones-en-reunion-en-argentina\/#primaryimage\"},\"thumbnailUrl\":\"https:\/\/iberculturaviva.org\/wp-content\/uploads\/2016\/12\/IMG_0290.jpg\",\"datePublished\":\"2018-08-01T18:28:31+00:00\",\"dateModified\":\"2021-01-06T20:13:50+00:00\",\"description\":\"Convocatoria de Movilidad apoyar\u00e1 la participaci\u00f3n de representantes de organizaciones en reuni\u00f3n en Argentina - IberCultura Viva\",\"breadcrumb\":{\"@id\":\"https:\/\/iberculturaviva.org\/es\/convocatoria-de-movilidad-apoyara-la-participacion-de-representantes-de-organizaciones-en-reunion-en-argentina\/#breadcrumb\"},\"inLanguage\":\"es\",\"potentialAction\":[{\"@type\":\"ReadAction\",\"target\":[\"https:\/\/iberculturaviva.org\/es\/convocatoria-de-movilidad-apoyara-la-participacion-de-representantes-de-organizaciones-en-reunion-en-argentina\/\"]}]},{\"@type\":\"ImageObject\",\"inLanguage\":\"es\",\"@id\":\"https:\/\/iberculturaviva.org\/es\/convocatoria-de-movilidad-apoyara-la-participacion-de-representantes-de-organizaciones-en-reunion-en-argentina\/#primaryimage\",\"url\":\"https:\/\/iberculturaviva.org\/wp-content\/uploads\/2016\/12\/IMG_0290.jpg\",\"contentUrl\":\"https:\/\/iberculturaviva.org\/wp-content\/uploads\/2016\/12\/IMG_0290.jpg\",\"width\":2250,\"height\":1500},{\"@type\":\"BreadcrumbList\",\"@id\":\"https:\/\/iberculturaviva.org\/es\/convocatoria-de-movilidad-apoyara-la-participacion-de-representantes-de-organizaciones-en-reunion-en-argentina\/#breadcrumb\",\"itemListElement\":[{\"@type\":\"ListItem\",\"position\":1,\"name\":\"In\u00edcio\",\"item\":\"https:\/\/iberculturaviva.org\/es\/inicio\/\"},{\"@type\":\"ListItem\",\"position\":2,\"name\":\"Convocatoria de Movilidad apoyar\u00e1 la participaci\u00f3n de representantes de organizaciones en reuni\u00f3n en Argentina\"}]},{\"@type\":\"WebSite\",\"@id\":\"https:\/\/iberculturaviva.org\/es\/?lang=es\/#website\",\"url\":\"https:\/\/iberculturaviva.org\/es\/?lang=es\/\",\"name\":\"IberCultura Viva\",\"description\":\"Programa de cooperaci\u00f3n cultural\",\"publisher\":{\"@id\":\"https:\/\/iberculturaviva.org\/es\/?lang=es\/#organization\"},\"potentialAction\":[{\"@type\":\"SearchAction\",\"target\":{\"@type\":\"EntryPoint\",\"urlTemplate\":\"https:\/\/iberculturaviva.org\/es\/?lang=es\/?s={search_term_string}\"},\"query-input\":{\"@type\":\"PropertyValueSpecification\",\"valueRequired\":true,\"valueName\":\"search_term_string\"}}],\"inLanguage\":\"es\"},{\"@type\":\"Organization\",\"@id\":\"https:\/\/iberculturaviva.org\/es\/?lang=es\/#organization\",\"name\":\"Iberculturaviva\",\"url\":\"https:\/\/iberculturaviva.org\/es\/?lang=es\/\",\"logo\":{\"@type\":\"ImageObject\",\"inLanguage\":\"es\",\"@id\":\"https:\/\/iberculturaviva.org\/es\/?lang=es\/#\/schema\/logo\/image\/\",\"url\":\"https:\/\/iberculturaviva.org\/wp-content\/uploads\/2021\/08\/logo_ibercultura_viva.jpg\",\"contentUrl\":\"https:\/\/iberculturaviva.org\/wp-content\/uploads\/2021\/08\/logo_ibercultura_viva.jpg\",\"width\":708,\"height\":223,\"caption\":\"Iberculturaviva\"},\"image\":{\"@id\":\"https:\/\/iberculturaviva.org\/es\/?lang=es\/#\/schema\/logo\/image\/\"},\"sameAs\":[\"https:\/\/www.facebook.com\/iberculturaviva\/\",\"https:\/\/www.instagram.com\/iberculturaviva\/\",\"https:\/\/www.youtube.com\/iberculturaviva\"]},{\"@type\":\"Person\",\"@id\":\"https:\/\/iberculturaviva.org\/es\/?lang=es\/#\/schema\/person\/5d1313b072cc25536e0431522f740b59\",\"name\":\"IberCultura\",\"image\":{\"@type\":\"ImageObject\",\"inLanguage\":\"es\",\"@id\":\"https:\/\/iberculturaviva.org\/es\/?lang=es\/#\/schema\/person\/image\/\",\"url\":\"https:\/\/secure.gravatar.com\/avatar\/79f1a057cb125cbefb3765d0356d52fc7f3bba3a35e2cf22bc4de090bb7aef70?s=96&d=mm&r=g\",\"contentUrl\":\"https:\/\/secure.gravatar.com\/avatar\/79f1a057cb125cbefb3765d0356d52fc7f3bba3a35e2cf22bc4de090bb7aef70?s=96&d=mm&r=g\",\"caption\":\"IberCultura\"}}]}<\/script>\n<!-- \/ Yoast SEO plugin. -->","yoast_head_json":{"title":"Convocatoria de Movilidad apoyar\u00e1 la participaci\u00f3n de representantes de organizaciones en reuni\u00f3n en Argentina - IberCultura Viva","description":"Convocatoria de Movilidad apoyar\u00e1 la participaci\u00f3n de representantes de organizaciones en reuni\u00f3n en Argentina - IberCultura Viva","robots":{"index":"index","follow":"follow","max-snippet":"max-snippet:-1","max-image-preview":"max-image-preview:large","max-video-preview":"max-video-preview:-1"},"canonical":"https:\/\/iberculturaviva.org\/es\/convocatoria-de-movilidad-apoyara-la-participacion-de-representantes-de-organizaciones-en-reunion-en-argentina\/","og_locale":"es_ES","og_type":"article","og_title":"Convocatoria de Movilidad apoyar\u00e1 la participaci\u00f3n de representantes de organizaciones en reuni\u00f3n en Argentina - IberCultura Viva","og_description":"Convocatoria de Movilidad apoyar\u00e1 la participaci\u00f3n de representantes de organizaciones en reuni\u00f3n en Argentina - IberCultura Viva","og_url":"https:\/\/iberculturaviva.org\/es\/convocatoria-de-movilidad-apoyara-la-participacion-de-representantes-de-organizaciones-en-reunion-en-argentina\/","og_site_name":"IberCultura Viva","article_publisher":"https:\/\/www.facebook.com\/iberculturaviva\/","article_published_time":"2018-08-01T18:28:31+00:00","article_modified_time":"2021-01-06T20:13:50+00:00","og_image":[{"width":960,"height":640,"url":"https:\/\/iberculturaviva.org\/wp-content\/uploads\/2016\/12\/IMG_0290-960x640.jpg","type":"image\/jpeg"}],"author":"IberCultura","twitter_card":"summary_large_image","twitter_misc":{"Escrito por":"IberCultura","Tiempo de lectura":"3 minutos"},"schema":{"@context":"https:\/\/schema.org","@graph":[{"@type":"Article","@id":"https:\/\/iberculturaviva.org\/es\/convocatoria-de-movilidad-apoyara-la-participacion-de-representantes-de-organizaciones-en-reunion-en-argentina\/#article","isPartOf":{"@id":"https:\/\/iberculturaviva.org\/es\/convocatoria-de-movilidad-apoyara-la-participacion-de-representantes-de-organizaciones-en-reunion-en-argentina\/"},"author":{"name":"IberCultura","@id":"https:\/\/iberculturaviva.org\/es\/?lang=es\/#\/schema\/person\/5d1313b072cc25536e0431522f740b59"},"headline":"Convocatoria de Movilidad apoyar\u00e1 la participaci\u00f3n de representantes de organizaciones en reuni\u00f3n en Argentina","datePublished":"2018-08-01T18:28:31+00:00","dateModified":"2021-01-06T20:13:50+00:00","mainEntityOfPage":{"@id":"https:\/\/iberculturaviva.org\/es\/convocatoria-de-movilidad-apoyara-la-participacion-de-representantes-de-organizaciones-en-reunion-en-argentina\/"},"wordCount":612,"publisher":{"@id":"https:\/\/iberculturaviva.org\/es\/?lang=es\/#organization"},"image":{"@id":"https:\/\/iberculturaviva.org\/es\/convocatoria-de-movilidad-apoyara-la-participacion-de-representantes-de-organizaciones-en-reunion-en-argentina\/#primaryimage"},"thumbnailUrl":"https:\/\/iberculturaviva.org\/wp-content\/uploads\/2016\/12\/IMG_0290.jpg","articleSection":["Convocatorias","Noticias"],"inLanguage":"es"},{"@type":"WebPage","@id":"https:\/\/iberculturaviva.org\/es\/convocatoria-de-movilidad-apoyara-la-participacion-de-representantes-de-organizaciones-en-reunion-en-argentina\/","url":"https:\/\/iberculturaviva.org\/es\/convocatoria-de-movilidad-apoyara-la-participacion-de-representantes-de-organizaciones-en-reunion-en-argentina\/","name":"Convocatoria de Movilidad apoyar\u00e1 la participaci\u00f3n de representantes de organizaciones en reuni\u00f3n en Argentina - IberCultura Viva","isPartOf":{"@id":"https:\/\/iberculturaviva.org\/es\/?lang=es\/#website"},"primaryImageOfPage":{"@id":"https:\/\/iberculturaviva.org\/es\/convocatoria-de-movilidad-apoyara-la-participacion-de-representantes-de-organizaciones-en-reunion-en-argentina\/#primaryimage"},"image":{"@id":"https:\/\/iberculturaviva.org\/es\/convocatoria-de-movilidad-apoyara-la-participacion-de-representantes-de-organizaciones-en-reunion-en-argentina\/#primaryimage"},"thumbnailUrl":"https:\/\/iberculturaviva.org\/wp-content\/uploads\/2016\/12\/IMG_0290.jpg","datePublished":"2018-08-01T18:28:31+00:00","dateModified":"2021-01-06T20:13:50+00:00","description":"Convocatoria de Movilidad apoyar\u00e1 la participaci\u00f3n de representantes de organizaciones en reuni\u00f3n en Argentina - IberCultura Viva","breadcrumb":{"@id":"https:\/\/iberculturaviva.org\/es\/convocatoria-de-movilidad-apoyara-la-participacion-de-representantes-de-organizaciones-en-reunion-en-argentina\/#breadcrumb"},"inLanguage":"es","potentialAction":[{"@type":"ReadAction","target":["https:\/\/iberculturaviva.org\/es\/convocatoria-de-movilidad-apoyara-la-participacion-de-representantes-de-organizaciones-en-reunion-en-argentina\/"]}]},{"@type":"ImageObject","inLanguage":"es","@id":"https:\/\/iberculturaviva.org\/es\/convocatoria-de-movilidad-apoyara-la-participacion-de-representantes-de-organizaciones-en-reunion-en-argentina\/#primaryimage","url":"https:\/\/iberculturaviva.org\/wp-content\/uploads\/2016\/12\/IMG_0290.jpg","contentUrl":"https:\/\/iberculturaviva.org\/wp-content\/uploads\/2016\/12\/IMG_0290.jpg","width":2250,"height":1500},{"@type":"BreadcrumbList","@id":"https:\/\/iberculturaviva.org\/es\/convocatoria-de-movilidad-apoyara-la-participacion-de-representantes-de-organizaciones-en-reunion-en-argentina\/#breadcrumb","itemListElement":[{"@type":"ListItem","position":1,"name":"In\u00edcio","item":"https:\/\/iberculturaviva.org\/es\/inicio\/"},{"@type":"ListItem","position":2,"name":"Convocatoria de Movilidad apoyar\u00e1 la participaci\u00f3n de representantes de organizaciones en reuni\u00f3n en Argentina"}]},{"@type":"WebSite","@id":"https:\/\/iberculturaviva.org\/es\/?lang=es\/#website","url":"https:\/\/iberculturaviva.org\/es\/?lang=es\/","name":"IberCultura Viva","description":"Programa de cooperaci\u00f3n cultural","publisher":{"@id":"https:\/\/iberculturaviva.org\/es\/?lang=es\/#organization"},"potentialAction":[{"@type":"SearchAction","target":{"@type":"EntryPoint","urlTemplate":"https:\/\/iberculturaviva.org\/es\/?lang=es\/?s={search_term_string}"},"query-input":{"@type":"PropertyValueSpecification","valueRequired":true,"valueName":"search_term_string"}}],"inLanguage":"es"},{"@type":"Organization","@id":"https:\/\/iberculturaviva.org\/es\/?lang=es\/#organization","name":"Iberculturaviva","url":"https:\/\/iberculturaviva.org\/es\/?lang=es\/","logo":{"@type":"ImageObject","inLanguage":"es","@id":"https:\/\/iberculturaviva.org\/es\/?lang=es\/#\/schema\/logo\/image\/","url":"https:\/\/iberculturaviva.org\/wp-content\/uploads\/2021\/08\/logo_ibercultura_viva.jpg","contentUrl":"https:\/\/iberculturaviva.org\/wp-content\/uploads\/2021\/08\/logo_ibercultura_viva.jpg","width":708,"height":223,"caption":"Iberculturaviva"},"image":{"@id":"https:\/\/iberculturaviva.org\/es\/?lang=es\/#\/schema\/logo\/image\/"},"sameAs":["https:\/\/www.facebook.com\/iberculturaviva\/","https:\/\/www.instagram.com\/iberculturaviva\/","https:\/\/www.youtube.com\/iberculturaviva"]},{"@type":"Person","@id":"https:\/\/iberculturaviva.org\/es\/?lang=es\/#\/schema\/person\/5d1313b072cc25536e0431522f740b59","name":"IberCultura","image":{"@type":"ImageObject","inLanguage":"es","@id":"https:\/\/iberculturaviva.org\/es\/?lang=es\/#\/schema\/person\/image\/","url":"https:\/\/secure.gravatar.com\/avatar\/79f1a057cb125cbefb3765d0356d52fc7f3bba3a35e2cf22bc4de090bb7aef70?s=96&d=mm&r=g","contentUrl":"https:\/\/secure.gravatar.com\/avatar\/79f1a057cb125cbefb3765d0356d52fc7f3bba3a35e2cf22bc4de090bb7aef70?s=96&d=mm&r=g","caption":"IberCultura"}}]}},"main_category":{"link":"https:\/\/iberculturaviva.org\/es\/category\/convocatorias\/","name":"Convocatorias","slug":"convocatorias"},"_links":{"self":[{"href":"https:\/\/iberculturaviva.org\/es\/wp-json\/wp\/v2\/posts\/16404","targetHints":{"allow":["GET"]}}],"collection":[{"href":"https:\/\/iberculturaviva.org\/es\/wp-json\/wp\/v2\/posts"}],"about":[{"href":"https:\/\/iberculturaviva.org\/es\/wp-json\/wp\/v2\/types\/post"}],"author":[{"embeddable":true,"href":"https:\/\/iberculturaviva.org\/es\/wp-json\/wp\/v2\/users\/2"}],"replies":[{"embeddable":true,"href":"https:\/\/iberculturaviva.org\/es\/wp-json\/wp\/v2\/comments?post=16404"}],"version-history":[{"count":1,"href":"https:\/\/iberculturaviva.org\/es\/wp-json\/wp\/v2\/posts\/16404\/revisions"}],"predecessor-version":[{"id":22663,"href":"https:\/\/iberculturaviva.org\/es\/wp-json\/wp\/v2\/posts\/16404\/revisions\/22663"}],"wp:featuredmedia":[{"embeddable":true,"href":"https:\/\/iberculturaviva.org\/es\/wp-json\/wp\/v2\/media\/18577"}],"wp:attachment":[{"href":"https:\/\/iberculturaviva.org\/es\/wp-json\/wp\/v2\/media?parent=16404"}],"wp:term":[{"taxonomy":"category","embeddable":true,"href":"https:\/\/iberculturaviva.org\/es\/wp-json\/wp\/v2\/categories?post=16404"},{"taxonomy":"post_tag","embeddable":true,"href":"https:\/\/iberculturaviva.org\/es\/wp-json\/wp\/v2\/tags?post=16404"},{"taxonomy":"country-municipality","embeddable":true,"href":"https:\/\/iberculturaviva.org\/es\/wp-json\/wp\/v2\/country-municipality?post=16404"}],"curies":[{"name":"wp","href":"https:\/\/api.w.org\/{rel}","templated":true}]}}