{"id":16392,"date":"2018-07-08T22:17:31","date_gmt":"2018-07-09T01:17:31","guid":{"rendered":"https:\/\/iberculturaviva.org\/visitas-a-espacios-culturales-marcan-el-segundo-dia-de-la-9a-reunion-del-consejo-intergubernamental-en-guatemala\/"},"modified":"2021-01-06T17:14:29","modified_gmt":"2021-01-06T20:14:29","slug":"visitas-a-espacios-culturales-marcan-el-segundo-dia-de-la-9a-reunion-del-consejo-intergubernamental-en-guatemala","status":"publish","type":"post","link":"https:\/\/iberculturaviva.org\/es\/visitas-a-espacios-culturales-marcan-el-segundo-dia-de-la-9a-reunion-del-consejo-intergubernamental-en-guatemala\/","title":{"rendered":"Visitas a espacios culturales marcan el segundo d\u00eda de la 9\u00aa Reuni\u00f3n del Consejo Intergubernamental en Guatemala"},"content":{"rendered":"<h5>\u00a0Fotos: Ministerio de Cultura y Deportes de Guatemala<\/h5>\n<p>&nbsp;<\/p>\n<p style=\"text-align: justify;\"><span style=\"font-weight: 400;\">Las Jornadas de Culturas Vivas Comunitarias, organizadas en conjunto entre el Movimiento de Culturas Vivas Comunitarias de Guatemala y la Direcci\u00f3n de Desarrollo Cultural y Fortalecimiento de las Culturas del Ministerio de Cultura y Deportes, siguieron esta ma\u00f1ana con <\/span><span style=\"font-weight: 400;\">visitas a experiencias de cultura viva en las comunidades guatemaltecas Santa Mar\u00eca de Jes\u00fas y San Juan del Obispo. <\/span><\/p>\n<p style=\"text-align: justify;\"><span style=\"font-weight: 400;\">Las actividades, que son parte de la programaci\u00f3n de la 9\u00aa Reuni\u00f3n del Consejo Intergubernamental del Programa IberCultura Viva, empezaron en el Parque Central de Santa Mar\u00eda de Jes\u00fas con una presentaci\u00f3n del grupo \u201cLas Curanderas, teatro para curar el susto\u201d. La obra \u201cFiesta Convite\u201d trata de la violencia que viven las mujeres mayas Kaqchikeles.<\/span><\/p>\n\n\t\t<style type=\"text\/css\">\n\t\t\t#gallery-1 {\n\t\t\t\tmargin: auto;\n\t\t\t}\n\t\t\t#gallery-1 .gallery-item {\n\t\t\t\tfloat: left;\n\t\t\t\tmargin-top: 10px;\n\t\t\t\ttext-align: center;\n\t\t\t\twidth: 50%;\n\t\t\t}\n\t\t\t#gallery-1 img {\n\t\t\t\tborder: 2px solid #cfcfcf;\n\t\t\t}\n\t\t\t#gallery-1 .gallery-caption {\n\t\t\t\tmargin-left: 0;\n\t\t\t}\n\t\t\t\/* see gallery_shortcode() in wp-includes\/media.php *\/\n\t\t<\/style>\n\t\t<div id='gallery-1' class='gallery galleryid-16392 gallery-columns-2 gallery-size-medium'><dl class='gallery-item'>\n\t\t\t<dt class='gallery-icon landscape'>\n\t\t\t\t<a href='https:\/\/iberculturaviva.org\/es\/visitas-a-espacios-culturales-marcan-el-segundo-dia-de-la-9a-reunion-del-consejo-intergubernamental-en-guatemala\/whatsapp-image-2018-07-08-at-19-12-07-2-2\/'><img loading=\"lazy\" decoding=\"async\" width=\"300\" height=\"202\" src=\"https:\/\/iberculturaviva.org\/wp-content\/uploads\/2018\/07\/WhatsApp-Image-2018-07-08-at-19.12.07-2-460x310.jpeg\" class=\"attachment-medium size-medium\" alt=\"\" srcset=\"https:\/\/iberculturaviva.org\/wp-content\/uploads\/2018\/07\/WhatsApp-Image-2018-07-08-at-19.12.07-2-460x310.jpeg 460w, https:\/\/iberculturaviva.org\/wp-content\/uploads\/2018\/07\/WhatsApp-Image-2018-07-08-at-19.12.07-2-125x83.jpeg 125w\" sizes=\"auto, (max-width: 300px) 100vw, 300px\" \/><\/a>\n\t\t\t<\/dt><\/dl><dl class='gallery-item'>\n\t\t\t<dt class='gallery-icon landscape'>\n\t\t\t\t<a href='https:\/\/iberculturaviva.org\/es\/visitas-a-espacios-culturales-marcan-el-segundo-dia-de-la-9a-reunion-del-consejo-intergubernamental-en-guatemala\/whatsapp-image-2018-07-08-at-19-12-10-2\/'><img loading=\"lazy\" decoding=\"async\" width=\"300\" height=\"202\" src=\"https:\/\/iberculturaviva.org\/wp-content\/uploads\/2018\/07\/WhatsApp-Image-2018-07-08-at-19.12.10-460x310.jpeg\" class=\"attachment-medium size-medium\" alt=\"\" srcset=\"https:\/\/iberculturaviva.org\/wp-content\/uploads\/2018\/07\/WhatsApp-Image-2018-07-08-at-19.12.10-460x310.jpeg 460w, https:\/\/iberculturaviva.org\/wp-content\/uploads\/2018\/07\/WhatsApp-Image-2018-07-08-at-19.12.10-125x83.jpeg 125w\" sizes=\"auto, (max-width: 300px) 100vw, 300px\" \/><\/a>\n\t\t\t<\/dt><\/dl><br style=\"clear: both\" \/><dl class='gallery-item'>\n\t\t\t<dt class='gallery-icon landscape'>\n\t\t\t\t<a href='https:\/\/iberculturaviva.org\/es\/visitas-a-espacios-culturales-marcan-el-segundo-dia-de-la-9a-reunion-del-consejo-intergubernamental-en-guatemala\/whatsapp-image-2018-07-08-at-19-12-13-2\/'><img loading=\"lazy\" decoding=\"async\" width=\"300\" height=\"202\" src=\"https:\/\/iberculturaviva.org\/wp-content\/uploads\/2018\/07\/WhatsApp-Image-2018-07-08-at-19.12.13-460x310.jpeg\" class=\"attachment-medium size-medium\" alt=\"\" srcset=\"https:\/\/iberculturaviva.org\/wp-content\/uploads\/2018\/07\/WhatsApp-Image-2018-07-08-at-19.12.13-460x310.jpeg 460w, https:\/\/iberculturaviva.org\/wp-content\/uploads\/2018\/07\/WhatsApp-Image-2018-07-08-at-19.12.13-125x83.jpeg 125w\" sizes=\"auto, (max-width: 300px) 100vw, 300px\" \/><\/a>\n\t\t\t<\/dt><\/dl><dl class='gallery-item'>\n\t\t\t<dt class='gallery-icon landscape'>\n\t\t\t\t<a href='https:\/\/iberculturaviva.org\/es\/visitas-a-espacios-culturales-marcan-el-segundo-dia-de-la-9a-reunion-del-consejo-intergubernamental-en-guatemala\/whatsapp-image-2018-07-08-at-19-12-15-2\/'><img loading=\"lazy\" decoding=\"async\" width=\"300\" height=\"202\" src=\"https:\/\/iberculturaviva.org\/wp-content\/uploads\/2018\/07\/WhatsApp-Image-2018-07-08-at-19.12.15-460x310.jpeg\" class=\"attachment-medium size-medium\" alt=\"\" srcset=\"https:\/\/iberculturaviva.org\/wp-content\/uploads\/2018\/07\/WhatsApp-Image-2018-07-08-at-19.12.15-460x310.jpeg 460w, https:\/\/iberculturaviva.org\/wp-content\/uploads\/2018\/07\/WhatsApp-Image-2018-07-08-at-19.12.15-125x83.jpeg 125w\" sizes=\"auto, (max-width: 300px) 100vw, 300px\" \/><\/a>\n\t\t\t<\/dt><\/dl><br style=\"clear: both\" \/><dl class='gallery-item'>\n\t\t\t<dt class='gallery-icon landscape'>\n\t\t\t\t<a href='https:\/\/iberculturaviva.org\/es\/visitas-a-espacios-culturales-marcan-el-segundo-dia-de-la-9a-reunion-del-consejo-intergubernamental-en-guatemala\/whatsapp-image-2018-07-08-at-19-12-12-2\/'><img loading=\"lazy\" decoding=\"async\" width=\"300\" height=\"202\" src=\"https:\/\/iberculturaviva.org\/wp-content\/uploads\/2018\/07\/WhatsApp-Image-2018-07-08-at-19.12.12-460x310.jpeg\" class=\"attachment-medium size-medium\" alt=\"\" srcset=\"https:\/\/iberculturaviva.org\/wp-content\/uploads\/2018\/07\/WhatsApp-Image-2018-07-08-at-19.12.12-460x310.jpeg 460w, https:\/\/iberculturaviva.org\/wp-content\/uploads\/2018\/07\/WhatsApp-Image-2018-07-08-at-19.12.12-125x83.jpeg 125w\" sizes=\"auto, (max-width: 300px) 100vw, 300px\" \/><\/a>\n\t\t\t<\/dt><\/dl><dl class='gallery-item'>\n\t\t\t<dt class='gallery-icon landscape'>\n\t\t\t\t<a href='https:\/\/iberculturaviva.org\/es\/visitas-a-espacios-culturales-marcan-el-segundo-dia-de-la-9a-reunion-del-consejo-intergubernamental-en-guatemala\/whatsapp-image-2018-07-08-at-19-12-07-1-2\/'><img loading=\"lazy\" decoding=\"async\" width=\"300\" height=\"202\" src=\"https:\/\/iberculturaviva.org\/wp-content\/uploads\/2018\/07\/WhatsApp-Image-2018-07-08-at-19.12.07-1-460x310.jpeg\" class=\"attachment-medium size-medium\" alt=\"\" srcset=\"https:\/\/iberculturaviva.org\/wp-content\/uploads\/2018\/07\/WhatsApp-Image-2018-07-08-at-19.12.07-1-460x310.jpeg 460w, https:\/\/iberculturaviva.org\/wp-content\/uploads\/2018\/07\/WhatsApp-Image-2018-07-08-at-19.12.07-1-125x83.jpeg 125w\" sizes=\"auto, (max-width: 300px) 100vw, 300px\" \/><\/a>\n\t\t\t<\/dt><\/dl><br style=\"clear: both\" \/>\n\t\t<\/div>\n\n<p>&nbsp;<\/p>\n<p style=\"text-align: justify;\"><span style=\"font-weight: 400;\">Enseguida los representantes de los gobiernos de los pa\u00edses integrantes de IberCultura Viva y de las organizaciones participantes de las jornadas visitaron la Casa Museo Luis de Li\u00f3n, en San Juan del Obispo. Luis de Leon (o Luis de Li\u00f3n, como quiso firmar sus libros) fue un escritor de la comunidad secuestrado\/desaparecido por el Ej\u00e9rcito en 1984, durante el conflicto armado interno. <\/span><\/p>\n<p style=\"text-align: justify;\"><span style=\"font-weight: 400;\">Con la propuesta de enlazar presente, pasado y futuro, la comunidad cre\u00f3 un museo con su historia de vida y su poes\u00eda, y una escuela de artes para ni\u00f1os, ni\u00f1as y j\u00f3venes para continuar con su legado.<\/span><\/p>\n\n\t\t<style type=\"text\/css\">\n\t\t\t#gallery-2 {\n\t\t\t\tmargin: auto;\n\t\t\t}\n\t\t\t#gallery-2 .gallery-item {\n\t\t\t\tfloat: left;\n\t\t\t\tmargin-top: 10px;\n\t\t\t\ttext-align: center;\n\t\t\t\twidth: 50%;\n\t\t\t}\n\t\t\t#gallery-2 img {\n\t\t\t\tborder: 2px solid #cfcfcf;\n\t\t\t}\n\t\t\t#gallery-2 .gallery-caption {\n\t\t\t\tmargin-left: 0;\n\t\t\t}\n\t\t\t\/* see gallery_shortcode() in wp-includes\/media.php *\/\n\t\t<\/style>\n\t\t<div id='gallery-2' class='gallery galleryid-16392 gallery-columns-2 gallery-size-medium'><dl class='gallery-item'>\n\t\t\t<dt class='gallery-icon landscape'>\n\t\t\t\t<a href='https:\/\/iberculturaviva.org\/es\/visitas-a-espacios-culturales-marcan-el-segundo-dia-de-la-9a-reunion-del-consejo-intergubernamental-en-guatemala\/dsc_0754-3\/'><img loading=\"lazy\" decoding=\"async\" width=\"300\" height=\"202\" src=\"https:\/\/iberculturaviva.org\/wp-content\/uploads\/2018\/07\/DSC_0754-460x310.jpg\" class=\"attachment-medium size-medium\" alt=\"\" srcset=\"https:\/\/iberculturaviva.org\/wp-content\/uploads\/2018\/07\/DSC_0754-460x310.jpg 460w, https:\/\/iberculturaviva.org\/wp-content\/uploads\/2018\/07\/DSC_0754-125x83.jpg 125w\" sizes=\"auto, (max-width: 300px) 100vw, 300px\" \/><\/a>\n\t\t\t<\/dt><\/dl><dl class='gallery-item'>\n\t\t\t<dt class='gallery-icon landscape'>\n\t\t\t\t<a href='https:\/\/iberculturaviva.org\/es\/visitas-a-espacios-culturales-marcan-el-segundo-dia-de-la-9a-reunion-del-consejo-intergubernamental-en-guatemala\/dsc_0749-3\/'><img loading=\"lazy\" decoding=\"async\" width=\"300\" height=\"202\" src=\"https:\/\/iberculturaviva.org\/wp-content\/uploads\/2018\/07\/DSC_0749-460x310.jpg\" class=\"attachment-medium size-medium\" alt=\"\" srcset=\"https:\/\/iberculturaviva.org\/wp-content\/uploads\/2018\/07\/DSC_0749-460x310.jpg 460w, https:\/\/iberculturaviva.org\/wp-content\/uploads\/2018\/07\/DSC_0749-125x83.jpg 125w\" sizes=\"auto, (max-width: 300px) 100vw, 300px\" \/><\/a>\n\t\t\t<\/dt><\/dl><br style=\"clear: both\" \/><dl class='gallery-item'>\n\t\t\t<dt class='gallery-icon landscape'>\n\t\t\t\t<a href='https:\/\/iberculturaviva.org\/es\/visitas-a-espacios-culturales-marcan-el-segundo-dia-de-la-9a-reunion-del-consejo-intergubernamental-en-guatemala\/dsc_0706-2\/'><img loading=\"lazy\" decoding=\"async\" width=\"300\" height=\"202\" src=\"https:\/\/iberculturaviva.org\/wp-content\/uploads\/2018\/07\/DSC_0706-460x310.jpg\" class=\"attachment-medium size-medium\" alt=\"\" srcset=\"https:\/\/iberculturaviva.org\/wp-content\/uploads\/2018\/07\/DSC_0706-460x310.jpg 460w, https:\/\/iberculturaviva.org\/wp-content\/uploads\/2018\/07\/DSC_0706-125x83.jpg 125w\" sizes=\"auto, (max-width: 300px) 100vw, 300px\" \/><\/a>\n\t\t\t<\/dt><\/dl><dl class='gallery-item'>\n\t\t\t<dt class='gallery-icon landscape'>\n\t\t\t\t<a href='https:\/\/iberculturaviva.org\/es\/visitas-a-espacios-culturales-marcan-el-segundo-dia-de-la-9a-reunion-del-consejo-intergubernamental-en-guatemala\/dsc_0722_1-2\/'><img loading=\"lazy\" decoding=\"async\" width=\"300\" height=\"202\" src=\"https:\/\/iberculturaviva.org\/wp-content\/uploads\/2018\/07\/DSC_0722_1-460x310.jpg\" class=\"attachment-medium size-medium\" alt=\"\" srcset=\"https:\/\/iberculturaviva.org\/wp-content\/uploads\/2018\/07\/DSC_0722_1-460x310.jpg 460w, https:\/\/iberculturaviva.org\/wp-content\/uploads\/2018\/07\/DSC_0722_1-125x83.jpg 125w\" sizes=\"auto, (max-width: 300px) 100vw, 300px\" \/><\/a>\n\t\t\t<\/dt><\/dl><br style=\"clear: both\" \/><dl class='gallery-item'>\n\t\t\t<dt class='gallery-icon landscape'>\n\t\t\t\t<a href='https:\/\/iberculturaviva.org\/es\/visitas-a-espacios-culturales-marcan-el-segundo-dia-de-la-9a-reunion-del-consejo-intergubernamental-en-guatemala\/dsc_0691-2-2\/'><img loading=\"lazy\" decoding=\"async\" width=\"300\" height=\"202\" src=\"https:\/\/iberculturaviva.org\/wp-content\/uploads\/2018\/07\/DSC_0691-1-460x310.jpg\" class=\"attachment-medium size-medium\" alt=\"\" srcset=\"https:\/\/iberculturaviva.org\/wp-content\/uploads\/2018\/07\/DSC_0691-1-460x310.jpg 460w, https:\/\/iberculturaviva.org\/wp-content\/uploads\/2018\/07\/DSC_0691-1-125x83.jpg 125w\" sizes=\"auto, (max-width: 300px) 100vw, 300px\" \/><\/a>\n\t\t\t<\/dt><\/dl><dl class='gallery-item'>\n\t\t\t<dt class='gallery-icon landscape'>\n\t\t\t\t<a href='https:\/\/iberculturaviva.org\/es\/visitas-a-espacios-culturales-marcan-el-segundo-dia-de-la-9a-reunion-del-consejo-intergubernamental-en-guatemala\/dsc_0724-1-2\/'><img loading=\"lazy\" decoding=\"async\" width=\"300\" height=\"202\" src=\"https:\/\/iberculturaviva.org\/wp-content\/uploads\/2018\/07\/DSC_0724-1-460x310.jpg\" class=\"attachment-medium size-medium\" alt=\"\" srcset=\"https:\/\/iberculturaviva.org\/wp-content\/uploads\/2018\/07\/DSC_0724-1-460x310.jpg 460w, https:\/\/iberculturaviva.org\/wp-content\/uploads\/2018\/07\/DSC_0724-1-125x83.jpg 125w\" sizes=\"auto, (max-width: 300px) 100vw, 300px\" \/><\/a>\n\t\t\t<\/dt><\/dl><br style=\"clear: both\" \/><dl class='gallery-item'>\n\t\t\t<dt class='gallery-icon landscape'>\n\t\t\t\t<a href='https:\/\/iberculturaviva.org\/es\/visitas-a-espacios-culturales-marcan-el-segundo-dia-de-la-9a-reunion-del-consejo-intergubernamental-en-guatemala\/dsc_0761-2\/'><img loading=\"lazy\" decoding=\"async\" width=\"300\" height=\"202\" src=\"https:\/\/iberculturaviva.org\/wp-content\/uploads\/2018\/07\/DSC_0761-460x310.jpg\" class=\"attachment-medium size-medium\" alt=\"\" srcset=\"https:\/\/iberculturaviva.org\/wp-content\/uploads\/2018\/07\/DSC_0761-460x310.jpg 460w, https:\/\/iberculturaviva.org\/wp-content\/uploads\/2018\/07\/DSC_0761-125x83.jpg 125w\" sizes=\"auto, (max-width: 300px) 100vw, 300px\" \/><\/a>\n\t\t\t<\/dt><\/dl><dl class='gallery-item'>\n\t\t\t<dt class='gallery-icon landscape'>\n\t\t\t\t<a href='https:\/\/iberculturaviva.org\/es\/visitas-a-espacios-culturales-marcan-el-segundo-dia-de-la-9a-reunion-del-consejo-intergubernamental-en-guatemala\/dsc_0769-2\/'><img loading=\"lazy\" decoding=\"async\" width=\"300\" height=\"202\" src=\"https:\/\/iberculturaviva.org\/wp-content\/uploads\/2018\/07\/DSC_0769-460x310.jpg\" class=\"attachment-medium size-medium\" alt=\"\" srcset=\"https:\/\/iberculturaviva.org\/wp-content\/uploads\/2018\/07\/DSC_0769-460x310.jpg 460w, https:\/\/iberculturaviva.org\/wp-content\/uploads\/2018\/07\/DSC_0769-125x83.jpg 125w\" sizes=\"auto, (max-width: 300px) 100vw, 300px\" \/><\/a>\n\t\t\t<\/dt><\/dl><br style=\"clear: both\" \/>\n\t\t<\/div>\n\n<p>&nbsp;<\/p>\n<p style=\"text-align: justify;\"><span style=\"font-weight: 400;\">Terminada la visita a los espacios culturales, los representantes gubernamentales volvieron a La Antigua para dar inicio a los debates de la 9\u00aa Reuni\u00f3n del Consejo Intergubernamental, con la presentaci\u00f3n de los informes de ejecuci\u00f3n financiera del\u00a0 programa. El secretario ejecutivo de la Unidad T\u00e9cnica de IberCultura Viva, Emiliano Fuentes Firmani, tambi\u00e9n present\u00f3 informes sobre las actividades desarrolladas los \u00faltimos meses, inclusive sobre las acciones de formaci\u00f3n y el Curso de Posgrado de Pol\u00edticas Culturales de Base Comunitaria, organizado en conjunto con FLACSO &#8211; Sede Argentina.<\/span><\/p>\n\n\t\t<style type=\"text\/css\">\n\t\t\t#gallery-3 {\n\t\t\t\tmargin: auto;\n\t\t\t}\n\t\t\t#gallery-3 .gallery-item {\n\t\t\t\tfloat: left;\n\t\t\t\tmargin-top: 10px;\n\t\t\t\ttext-align: center;\n\t\t\t\twidth: 50%;\n\t\t\t}\n\t\t\t#gallery-3 img {\n\t\t\t\tborder: 2px solid #cfcfcf;\n\t\t\t}\n\t\t\t#gallery-3 .gallery-caption {\n\t\t\t\tmargin-left: 0;\n\t\t\t}\n\t\t\t\/* see gallery_shortcode() in wp-includes\/media.php *\/\n\t\t<\/style>\n\t\t<div id='gallery-3' class='gallery galleryid-16392 gallery-columns-2 gallery-size-medium'><dl class='gallery-item'>\n\t\t\t<dt class='gallery-icon landscape'>\n\t\t\t\t<a href='https:\/\/iberculturaviva.org\/es\/visitas-a-espacios-culturales-marcan-el-segundo-dia-de-la-9a-reunion-del-consejo-intergubernamental-en-guatemala\/dsc_0783-3-2\/'><img loading=\"lazy\" decoding=\"async\" width=\"300\" height=\"202\" src=\"https:\/\/iberculturaviva.org\/wp-content\/uploads\/2018\/07\/DSC_0783-2-460x310.jpg\" class=\"attachment-medium size-medium\" alt=\"\" srcset=\"https:\/\/iberculturaviva.org\/wp-content\/uploads\/2018\/07\/DSC_0783-2-460x310.jpg 460w, https:\/\/iberculturaviva.org\/wp-content\/uploads\/2018\/07\/DSC_0783-2-125x83.jpg 125w\" sizes=\"auto, (max-width: 300px) 100vw, 300px\" \/><\/a>\n\t\t\t<\/dt><\/dl><dl class='gallery-item'>\n\t\t\t<dt class='gallery-icon landscape'>\n\t\t\t\t<a href='https:\/\/iberculturaviva.org\/es\/visitas-a-espacios-culturales-marcan-el-segundo-dia-de-la-9a-reunion-del-consejo-intergubernamental-en-guatemala\/dsc_0788-2-2\/'><img loading=\"lazy\" decoding=\"async\" width=\"300\" height=\"202\" src=\"https:\/\/iberculturaviva.org\/wp-content\/uploads\/2018\/07\/DSC_0788-1-460x310.jpg\" class=\"attachment-medium size-medium\" alt=\"\" srcset=\"https:\/\/iberculturaviva.org\/wp-content\/uploads\/2018\/07\/DSC_0788-1-460x310.jpg 460w, https:\/\/iberculturaviva.org\/wp-content\/uploads\/2018\/07\/DSC_0788-1-125x83.jpg 125w\" sizes=\"auto, (max-width: 300px) 100vw, 300px\" \/><\/a>\n\t\t\t<\/dt><\/dl><br style=\"clear: both\" \/><dl class='gallery-item'>\n\t\t\t<dt class='gallery-icon landscape'>\n\t\t\t\t<a href='https:\/\/iberculturaviva.org\/es\/visitas-a-espacios-culturales-marcan-el-segundo-dia-de-la-9a-reunion-del-consejo-intergubernamental-en-guatemala\/dsc_0813-2\/'><img loading=\"lazy\" decoding=\"async\" width=\"300\" height=\"202\" src=\"https:\/\/iberculturaviva.org\/wp-content\/uploads\/2018\/07\/DSC_0813-460x310.jpg\" class=\"attachment-medium size-medium\" alt=\"\" srcset=\"https:\/\/iberculturaviva.org\/wp-content\/uploads\/2018\/07\/DSC_0813-460x310.jpg 460w, https:\/\/iberculturaviva.org\/wp-content\/uploads\/2018\/07\/DSC_0813-125x83.jpg 125w\" sizes=\"auto, (max-width: 300px) 100vw, 300px\" \/><\/a>\n\t\t\t<\/dt><\/dl><dl class='gallery-item'>\n\t\t\t<dt class='gallery-icon landscape'>\n\t\t\t\t<a href='https:\/\/iberculturaviva.org\/es\/visitas-a-espacios-culturales-marcan-el-segundo-dia-de-la-9a-reunion-del-consejo-intergubernamental-en-guatemala\/dsc_0789-2-2\/'><img loading=\"lazy\" decoding=\"async\" width=\"300\" height=\"202\" src=\"https:\/\/iberculturaviva.org\/wp-content\/uploads\/2018\/07\/DSC_0789-1-460x310.jpg\" class=\"attachment-medium size-medium\" alt=\"\" srcset=\"https:\/\/iberculturaviva.org\/wp-content\/uploads\/2018\/07\/DSC_0789-1-460x310.jpg 460w, https:\/\/iberculturaviva.org\/wp-content\/uploads\/2018\/07\/DSC_0789-1-125x83.jpg 125w\" sizes=\"auto, (max-width: 300px) 100vw, 300px\" \/><\/a>\n\t\t\t<\/dt><\/dl><br style=\"clear: both\" \/>\n\t\t<\/div>\n\n<p>&nbsp;<\/p>\n<p><a href=\"https:\/\/iberculturaviva.org\/wp-content\/uploads\/2018\/07\/DSC_0818.jpg\"><img loading=\"lazy\" decoding=\"async\" class=\"aligncenter size-large wp-image-9679\" src=\"https:\/\/iberculturaviva.org\/wp-content\/uploads\/2018\/07\/DSC_0818-960x640.jpg\" alt=\"\" width=\"640\" height=\"427\" \/><\/a><\/p>\n<p>&nbsp;<\/p>\n<p><a href=\"https:\/\/iberculturaviva.org\/es\/proyecto-luis-de-lion-enlazando-presente-pasado-y-futuro-compartiendo-suenos\/\">Proyecto Luis de Li\u00f3n: enlazando presente, pasado y futuro, compartiendo sue\u00f1os<\/a><\/p>\n<p><a href=\"https:\/\/iberculturaviva.org\/wp-content\/uploads\/2015\/05\/Acta-reuni%C3%B3n-9va-Rueni%C3%B3n-7-al-10-de-julio-de-2018.pdf\">Acta de la 9\u00aa Reuni\u00f3n del Consejo Intergubernamental<\/a><\/p>\n<p><a href=\"https:\/\/iberculturaviva.org\/es\/9a-reunion-del-consejo-intergubernamental-termina-con-la-aprobacion-de-las-convocatorias-de-2018\/\">9\u00aa Reuni\u00f3n del Consejo Intergubernamental termina con la aprobaci\u00f3n de las convocatorias de 2018<\/a><\/p>\n<p><a href=\"https:\/\/iberculturaviva.org\/es\/las-propuestas-de-apoyo-y-modificaciones-del-reglamento-son-debatidas-en-el-tercer-dia-de-la-9a-reunion-del-consejo-intergubernamental\/\">Las propuestas de apoyo y modificaciones del reglamento son debatidas en el tercer d\u00eda de la 9\u00aa Reuni\u00f3n del Consejo Intergubernamental<\/a><\/p>\n<p><a href=\"https:\/\/iberculturaviva.org\/es\/visitas-a-espacios-culturales-marcan-el-segundo-dia-de-la-9a-reunion-del-consejo-intergubernamental-en-guatemala\/\">Visitas a espacios culturales marcan el segundo d\u00eda de la 9\u00aa Reuni\u00f3n del Consejo Intergubernamental en Guatemala<\/a><\/p>\n<p><a href=\"https:\/\/iberculturaviva.org\/es\/empieza-en-guatemala-la-9a-reunion-del-consejo-intergubernamental\/\">Empieza en Guatemala la 9\u00aa Reuni\u00f3n del Consejo Intergubernamental<\/a><\/p>\n","protected":false},"excerpt":{"rendered":"<p>\u00a0Fotos: Ministerio de Cultura y Deportes de Guatemala &nbsp; Las Jornadas de Culturas Vivas Comunitarias, organizadas en conjunto entre el Movimiento de Culturas Vivas Comunitarias de Guatemala y la Direcci\u00f3n [&hellip;]<\/p>\n","protected":false},"author":2,"featured_media":19874,"comment_status":"closed","ping_status":"closed","sticky":false,"template":"","format":"standard","meta":{"_coblocks_attr":"","_coblocks_dimensions":"","_coblocks_responsive_height":"","_coblocks_accordion_ie_support":"","_EventAllDay":false,"_EventTimezone":"","_EventStartDate":"","_EventEndDate":"","_EventStartDateUTC":"","_EventEndDateUTC":"","_EventShowMap":false,"_EventShowMapLink":false,"_EventURL":"","_EventCost":"","_EventCostDescription":"","_EventCurrencySymbol":"","_EventCurrencyCode":"","_EventCurrencyPosition":"","_EventDateTimeSeparator":"","_EventTimeRangeSeparator":"","_EventOrganizerID":[],"_EventVenueID":[],"_OrganizerEmail":"","_OrganizerPhone":"","_OrganizerWebsite":"","_VenueAddress":"","_VenueCity":"","_VenueCountry":"","_VenueProvince":"","_VenueState":"","_VenueZip":"","_VenuePhone":"","_VenueURL":"","_VenueStateProvince":"","_VenueLat":"","_VenueLng":"","_VenueShowMap":false,"_VenueShowMapLink":false,"footnotes":""},"categories":[262],"tags":[],"country-municipality":[],"class_list":["post-16392","post","type-post","status-publish","format-standard","has-post-thumbnail","hentry","category-noticias-es"],"yoast_head":"<!-- This site is optimized with the Yoast SEO plugin v25.7 - https:\/\/yoast.com\/wordpress\/plugins\/seo\/ -->\n<title>Visitas a espacios culturales marcan el segundo d\u00eda de la 9\u00aa Reuni\u00f3n del Consejo Intergubernamental en Guatemala - IberCultura Viva<\/title>\n<meta name=\"description\" content=\"Visitas a espacios culturales marcan el segundo d\u00eda de la 9\u00aa Reuni\u00f3n del Consejo Intergubernamental en Guatemala - IberCultura Viva\" \/>\n<meta name=\"robots\" content=\"index, follow, max-snippet:-1, max-image-preview:large, max-video-preview:-1\" \/>\n<link rel=\"canonical\" href=\"https:\/\/iberculturaviva.org\/es\/visitas-a-espacios-culturales-marcan-el-segundo-dia-de-la-9a-reunion-del-consejo-intergubernamental-en-guatemala\/\" \/>\n<meta property=\"og:locale\" content=\"es_ES\" \/>\n<meta property=\"og:type\" content=\"article\" \/>\n<meta property=\"og:title\" content=\"Visitas a espacios culturales marcan el segundo d\u00eda de la 9\u00aa Reuni\u00f3n del Consejo Intergubernamental en Guatemala - IberCultura Viva\" \/>\n<meta property=\"og:description\" content=\"Visitas a espacios culturales marcan el segundo d\u00eda de la 9\u00aa Reuni\u00f3n del Consejo Intergubernamental en Guatemala - IberCultura Viva\" \/>\n<meta property=\"og:url\" content=\"https:\/\/iberculturaviva.org\/es\/visitas-a-espacios-culturales-marcan-el-segundo-dia-de-la-9a-reunion-del-consejo-intergubernamental-en-guatemala\/\" \/>\n<meta property=\"og:site_name\" content=\"IberCultura Viva\" \/>\n<meta property=\"article:publisher\" content=\"https:\/\/www.facebook.com\/iberculturaviva\/\" \/>\n<meta property=\"article:published_time\" content=\"2018-07-09T01:17:31+00:00\" \/>\n<meta property=\"article:modified_time\" content=\"2021-01-06T20:14:29+00:00\" \/>\n<meta property=\"og:image\" content=\"https:\/\/iberculturaviva.org\/wp-content\/uploads\/2018\/07\/DSC_0768.jpg\" \/>\n\t<meta property=\"og:image:width\" content=\"1620\" \/>\n\t<meta property=\"og:image:height\" content=\"1080\" \/>\n\t<meta property=\"og:image:type\" content=\"image\/jpeg\" \/>\n<meta name=\"author\" content=\"IberCultura\" \/>\n<meta name=\"twitter:card\" content=\"summary_large_image\" \/>\n<meta name=\"twitter:label1\" content=\"Escrito por\" \/>\n\t<meta name=\"twitter:data1\" content=\"IberCultura\" \/>\n\t<meta name=\"twitter:label2\" content=\"Tiempo de lectura\" \/>\n\t<meta name=\"twitter:data2\" content=\"2 minutos\" \/>\n<script type=\"application\/ld+json\" class=\"yoast-schema-graph\">{\"@context\":\"https:\/\/schema.org\",\"@graph\":[{\"@type\":\"Article\",\"@id\":\"https:\/\/iberculturaviva.org\/es\/visitas-a-espacios-culturales-marcan-el-segundo-dia-de-la-9a-reunion-del-consejo-intergubernamental-en-guatemala\/#article\",\"isPartOf\":{\"@id\":\"https:\/\/iberculturaviva.org\/es\/visitas-a-espacios-culturales-marcan-el-segundo-dia-de-la-9a-reunion-del-consejo-intergubernamental-en-guatemala\/\"},\"author\":{\"name\":\"IberCultura\",\"@id\":\"https:\/\/iberculturaviva.org\/es\/?lang=es\/#\/schema\/person\/5d1313b072cc25536e0431522f740b59\"},\"headline\":\"Visitas a espacios culturales marcan el segundo d\u00eda de la 9\u00aa Reuni\u00f3n del Consejo Intergubernamental en Guatemala\",\"datePublished\":\"2018-07-09T01:17:31+00:00\",\"dateModified\":\"2021-01-06T20:14:29+00:00\",\"mainEntityOfPage\":{\"@id\":\"https:\/\/iberculturaviva.org\/es\/visitas-a-espacios-culturales-marcan-el-segundo-dia-de-la-9a-reunion-del-consejo-intergubernamental-en-guatemala\/\"},\"wordCount\":450,\"publisher\":{\"@id\":\"https:\/\/iberculturaviva.org\/es\/?lang=es\/#organization\"},\"image\":{\"@id\":\"https:\/\/iberculturaviva.org\/es\/visitas-a-espacios-culturales-marcan-el-segundo-dia-de-la-9a-reunion-del-consejo-intergubernamental-en-guatemala\/#primaryimage\"},\"thumbnailUrl\":\"https:\/\/iberculturaviva.org\/wp-content\/uploads\/2018\/07\/DSC_0768.jpg\",\"articleSection\":[\"Noticias\"],\"inLanguage\":\"es\"},{\"@type\":\"WebPage\",\"@id\":\"https:\/\/iberculturaviva.org\/es\/visitas-a-espacios-culturales-marcan-el-segundo-dia-de-la-9a-reunion-del-consejo-intergubernamental-en-guatemala\/\",\"url\":\"https:\/\/iberculturaviva.org\/es\/visitas-a-espacios-culturales-marcan-el-segundo-dia-de-la-9a-reunion-del-consejo-intergubernamental-en-guatemala\/\",\"name\":\"Visitas a espacios culturales marcan el segundo d\u00eda de la 9\u00aa Reuni\u00f3n del Consejo Intergubernamental en Guatemala - IberCultura Viva\",\"isPartOf\":{\"@id\":\"https:\/\/iberculturaviva.org\/es\/?lang=es\/#website\"},\"primaryImageOfPage\":{\"@id\":\"https:\/\/iberculturaviva.org\/es\/visitas-a-espacios-culturales-marcan-el-segundo-dia-de-la-9a-reunion-del-consejo-intergubernamental-en-guatemala\/#primaryimage\"},\"image\":{\"@id\":\"https:\/\/iberculturaviva.org\/es\/visitas-a-espacios-culturales-marcan-el-segundo-dia-de-la-9a-reunion-del-consejo-intergubernamental-en-guatemala\/#primaryimage\"},\"thumbnailUrl\":\"https:\/\/iberculturaviva.org\/wp-content\/uploads\/2018\/07\/DSC_0768.jpg\",\"datePublished\":\"2018-07-09T01:17:31+00:00\",\"dateModified\":\"2021-01-06T20:14:29+00:00\",\"description\":\"Visitas a espacios culturales marcan el segundo d\u00eda de la 9\u00aa Reuni\u00f3n del Consejo Intergubernamental en Guatemala - IberCultura Viva\",\"breadcrumb\":{\"@id\":\"https:\/\/iberculturaviva.org\/es\/visitas-a-espacios-culturales-marcan-el-segundo-dia-de-la-9a-reunion-del-consejo-intergubernamental-en-guatemala\/#breadcrumb\"},\"inLanguage\":\"es\",\"potentialAction\":[{\"@type\":\"ReadAction\",\"target\":[\"https:\/\/iberculturaviva.org\/es\/visitas-a-espacios-culturales-marcan-el-segundo-dia-de-la-9a-reunion-del-consejo-intergubernamental-en-guatemala\/\"]}]},{\"@type\":\"ImageObject\",\"inLanguage\":\"es\",\"@id\":\"https:\/\/iberculturaviva.org\/es\/visitas-a-espacios-culturales-marcan-el-segundo-dia-de-la-9a-reunion-del-consejo-intergubernamental-en-guatemala\/#primaryimage\",\"url\":\"https:\/\/iberculturaviva.org\/wp-content\/uploads\/2018\/07\/DSC_0768.jpg\",\"contentUrl\":\"https:\/\/iberculturaviva.org\/wp-content\/uploads\/2018\/07\/DSC_0768.jpg\",\"width\":1620,\"height\":1080},{\"@type\":\"BreadcrumbList\",\"@id\":\"https:\/\/iberculturaviva.org\/es\/visitas-a-espacios-culturales-marcan-el-segundo-dia-de-la-9a-reunion-del-consejo-intergubernamental-en-guatemala\/#breadcrumb\",\"itemListElement\":[{\"@type\":\"ListItem\",\"position\":1,\"name\":\"In\u00edcio\",\"item\":\"https:\/\/iberculturaviva.org\/es\/inicio\/\"},{\"@type\":\"ListItem\",\"position\":2,\"name\":\"Visitas a espacios culturales marcan el segundo d\u00eda de la 9\u00aa Reuni\u00f3n del Consejo Intergubernamental en Guatemala\"}]},{\"@type\":\"WebSite\",\"@id\":\"https:\/\/iberculturaviva.org\/es\/?lang=es\/#website\",\"url\":\"https:\/\/iberculturaviva.org\/es\/?lang=es\/\",\"name\":\"IberCultura Viva\",\"description\":\"Programa de cooperaci\u00f3n cultural\",\"publisher\":{\"@id\":\"https:\/\/iberculturaviva.org\/es\/?lang=es\/#organization\"},\"potentialAction\":[{\"@type\":\"SearchAction\",\"target\":{\"@type\":\"EntryPoint\",\"urlTemplate\":\"https:\/\/iberculturaviva.org\/es\/?lang=es\/?s={search_term_string}\"},\"query-input\":{\"@type\":\"PropertyValueSpecification\",\"valueRequired\":true,\"valueName\":\"search_term_string\"}}],\"inLanguage\":\"es\"},{\"@type\":\"Organization\",\"@id\":\"https:\/\/iberculturaviva.org\/es\/?lang=es\/#organization\",\"name\":\"Iberculturaviva\",\"url\":\"https:\/\/iberculturaviva.org\/es\/?lang=es\/\",\"logo\":{\"@type\":\"ImageObject\",\"inLanguage\":\"es\",\"@id\":\"https:\/\/iberculturaviva.org\/es\/?lang=es\/#\/schema\/logo\/image\/\",\"url\":\"https:\/\/iberculturaviva.org\/wp-content\/uploads\/2021\/08\/logo_ibercultura_viva.jpg\",\"contentUrl\":\"https:\/\/iberculturaviva.org\/wp-content\/uploads\/2021\/08\/logo_ibercultura_viva.jpg\",\"width\":708,\"height\":223,\"caption\":\"Iberculturaviva\"},\"image\":{\"@id\":\"https:\/\/iberculturaviva.org\/es\/?lang=es\/#\/schema\/logo\/image\/\"},\"sameAs\":[\"https:\/\/www.facebook.com\/iberculturaviva\/\",\"https:\/\/www.instagram.com\/iberculturaviva\/\",\"https:\/\/www.youtube.com\/iberculturaviva\"]},{\"@type\":\"Person\",\"@id\":\"https:\/\/iberculturaviva.org\/es\/?lang=es\/#\/schema\/person\/5d1313b072cc25536e0431522f740b59\",\"name\":\"IberCultura\",\"image\":{\"@type\":\"ImageObject\",\"inLanguage\":\"es\",\"@id\":\"https:\/\/iberculturaviva.org\/es\/?lang=es\/#\/schema\/person\/image\/\",\"url\":\"https:\/\/secure.gravatar.com\/avatar\/79f1a057cb125cbefb3765d0356d52fc7f3bba3a35e2cf22bc4de090bb7aef70?s=96&d=mm&r=g\",\"contentUrl\":\"https:\/\/secure.gravatar.com\/avatar\/79f1a057cb125cbefb3765d0356d52fc7f3bba3a35e2cf22bc4de090bb7aef70?s=96&d=mm&r=g\",\"caption\":\"IberCultura\"}}]}<\/script>\n<!-- \/ Yoast SEO plugin. -->","yoast_head_json":{"title":"Visitas a espacios culturales marcan el segundo d\u00eda de la 9\u00aa Reuni\u00f3n del Consejo Intergubernamental en Guatemala - IberCultura Viva","description":"Visitas a espacios culturales marcan el segundo d\u00eda de la 9\u00aa Reuni\u00f3n del Consejo Intergubernamental en Guatemala - IberCultura Viva","robots":{"index":"index","follow":"follow","max-snippet":"max-snippet:-1","max-image-preview":"max-image-preview:large","max-video-preview":"max-video-preview:-1"},"canonical":"https:\/\/iberculturaviva.org\/es\/visitas-a-espacios-culturales-marcan-el-segundo-dia-de-la-9a-reunion-del-consejo-intergubernamental-en-guatemala\/","og_locale":"es_ES","og_type":"article","og_title":"Visitas a espacios culturales marcan el segundo d\u00eda de la 9\u00aa Reuni\u00f3n del Consejo Intergubernamental en Guatemala - IberCultura Viva","og_description":"Visitas a espacios culturales marcan el segundo d\u00eda de la 9\u00aa Reuni\u00f3n del Consejo Intergubernamental en Guatemala - IberCultura Viva","og_url":"https:\/\/iberculturaviva.org\/es\/visitas-a-espacios-culturales-marcan-el-segundo-dia-de-la-9a-reunion-del-consejo-intergubernamental-en-guatemala\/","og_site_name":"IberCultura Viva","article_publisher":"https:\/\/www.facebook.com\/iberculturaviva\/","article_published_time":"2018-07-09T01:17:31+00:00","article_modified_time":"2021-01-06T20:14:29+00:00","og_image":[{"width":1620,"height":1080,"url":"https:\/\/iberculturaviva.org\/wp-content\/uploads\/2018\/07\/DSC_0768.jpg","type":"image\/jpeg"}],"author":"IberCultura","twitter_card":"summary_large_image","twitter_misc":{"Escrito por":"IberCultura","Tiempo de lectura":"2 minutos"},"schema":{"@context":"https:\/\/schema.org","@graph":[{"@type":"Article","@id":"https:\/\/iberculturaviva.org\/es\/visitas-a-espacios-culturales-marcan-el-segundo-dia-de-la-9a-reunion-del-consejo-intergubernamental-en-guatemala\/#article","isPartOf":{"@id":"https:\/\/iberculturaviva.org\/es\/visitas-a-espacios-culturales-marcan-el-segundo-dia-de-la-9a-reunion-del-consejo-intergubernamental-en-guatemala\/"},"author":{"name":"IberCultura","@id":"https:\/\/iberculturaviva.org\/es\/?lang=es\/#\/schema\/person\/5d1313b072cc25536e0431522f740b59"},"headline":"Visitas a espacios culturales marcan el segundo d\u00eda de la 9\u00aa Reuni\u00f3n del Consejo Intergubernamental en Guatemala","datePublished":"2018-07-09T01:17:31+00:00","dateModified":"2021-01-06T20:14:29+00:00","mainEntityOfPage":{"@id":"https:\/\/iberculturaviva.org\/es\/visitas-a-espacios-culturales-marcan-el-segundo-dia-de-la-9a-reunion-del-consejo-intergubernamental-en-guatemala\/"},"wordCount":450,"publisher":{"@id":"https:\/\/iberculturaviva.org\/es\/?lang=es\/#organization"},"image":{"@id":"https:\/\/iberculturaviva.org\/es\/visitas-a-espacios-culturales-marcan-el-segundo-dia-de-la-9a-reunion-del-consejo-intergubernamental-en-guatemala\/#primaryimage"},"thumbnailUrl":"https:\/\/iberculturaviva.org\/wp-content\/uploads\/2018\/07\/DSC_0768.jpg","articleSection":["Noticias"],"inLanguage":"es"},{"@type":"WebPage","@id":"https:\/\/iberculturaviva.org\/es\/visitas-a-espacios-culturales-marcan-el-segundo-dia-de-la-9a-reunion-del-consejo-intergubernamental-en-guatemala\/","url":"https:\/\/iberculturaviva.org\/es\/visitas-a-espacios-culturales-marcan-el-segundo-dia-de-la-9a-reunion-del-consejo-intergubernamental-en-guatemala\/","name":"Visitas a espacios culturales marcan el segundo d\u00eda de la 9\u00aa Reuni\u00f3n del Consejo Intergubernamental en Guatemala - IberCultura Viva","isPartOf":{"@id":"https:\/\/iberculturaviva.org\/es\/?lang=es\/#website"},"primaryImageOfPage":{"@id":"https:\/\/iberculturaviva.org\/es\/visitas-a-espacios-culturales-marcan-el-segundo-dia-de-la-9a-reunion-del-consejo-intergubernamental-en-guatemala\/#primaryimage"},"image":{"@id":"https:\/\/iberculturaviva.org\/es\/visitas-a-espacios-culturales-marcan-el-segundo-dia-de-la-9a-reunion-del-consejo-intergubernamental-en-guatemala\/#primaryimage"},"thumbnailUrl":"https:\/\/iberculturaviva.org\/wp-content\/uploads\/2018\/07\/DSC_0768.jpg","datePublished":"2018-07-09T01:17:31+00:00","dateModified":"2021-01-06T20:14:29+00:00","description":"Visitas a espacios culturales marcan el segundo d\u00eda de la 9\u00aa Reuni\u00f3n del Consejo Intergubernamental en Guatemala - IberCultura Viva","breadcrumb":{"@id":"https:\/\/iberculturaviva.org\/es\/visitas-a-espacios-culturales-marcan-el-segundo-dia-de-la-9a-reunion-del-consejo-intergubernamental-en-guatemala\/#breadcrumb"},"inLanguage":"es","potentialAction":[{"@type":"ReadAction","target":["https:\/\/iberculturaviva.org\/es\/visitas-a-espacios-culturales-marcan-el-segundo-dia-de-la-9a-reunion-del-consejo-intergubernamental-en-guatemala\/"]}]},{"@type":"ImageObject","inLanguage":"es","@id":"https:\/\/iberculturaviva.org\/es\/visitas-a-espacios-culturales-marcan-el-segundo-dia-de-la-9a-reunion-del-consejo-intergubernamental-en-guatemala\/#primaryimage","url":"https:\/\/iberculturaviva.org\/wp-content\/uploads\/2018\/07\/DSC_0768.jpg","contentUrl":"https:\/\/iberculturaviva.org\/wp-content\/uploads\/2018\/07\/DSC_0768.jpg","width":1620,"height":1080},{"@type":"BreadcrumbList","@id":"https:\/\/iberculturaviva.org\/es\/visitas-a-espacios-culturales-marcan-el-segundo-dia-de-la-9a-reunion-del-consejo-intergubernamental-en-guatemala\/#breadcrumb","itemListElement":[{"@type":"ListItem","position":1,"name":"In\u00edcio","item":"https:\/\/iberculturaviva.org\/es\/inicio\/"},{"@type":"ListItem","position":2,"name":"Visitas a espacios culturales marcan el segundo d\u00eda de la 9\u00aa Reuni\u00f3n del Consejo Intergubernamental en Guatemala"}]},{"@type":"WebSite","@id":"https:\/\/iberculturaviva.org\/es\/?lang=es\/#website","url":"https:\/\/iberculturaviva.org\/es\/?lang=es\/","name":"IberCultura Viva","description":"Programa de cooperaci\u00f3n cultural","publisher":{"@id":"https:\/\/iberculturaviva.org\/es\/?lang=es\/#organization"},"potentialAction":[{"@type":"SearchAction","target":{"@type":"EntryPoint","urlTemplate":"https:\/\/iberculturaviva.org\/es\/?lang=es\/?s={search_term_string}"},"query-input":{"@type":"PropertyValueSpecification","valueRequired":true,"valueName":"search_term_string"}}],"inLanguage":"es"},{"@type":"Organization","@id":"https:\/\/iberculturaviva.org\/es\/?lang=es\/#organization","name":"Iberculturaviva","url":"https:\/\/iberculturaviva.org\/es\/?lang=es\/","logo":{"@type":"ImageObject","inLanguage":"es","@id":"https:\/\/iberculturaviva.org\/es\/?lang=es\/#\/schema\/logo\/image\/","url":"https:\/\/iberculturaviva.org\/wp-content\/uploads\/2021\/08\/logo_ibercultura_viva.jpg","contentUrl":"https:\/\/iberculturaviva.org\/wp-content\/uploads\/2021\/08\/logo_ibercultura_viva.jpg","width":708,"height":223,"caption":"Iberculturaviva"},"image":{"@id":"https:\/\/iberculturaviva.org\/es\/?lang=es\/#\/schema\/logo\/image\/"},"sameAs":["https:\/\/www.facebook.com\/iberculturaviva\/","https:\/\/www.instagram.com\/iberculturaviva\/","https:\/\/www.youtube.com\/iberculturaviva"]},{"@type":"Person","@id":"https:\/\/iberculturaviva.org\/es\/?lang=es\/#\/schema\/person\/5d1313b072cc25536e0431522f740b59","name":"IberCultura","image":{"@type":"ImageObject","inLanguage":"es","@id":"https:\/\/iberculturaviva.org\/es\/?lang=es\/#\/schema\/person\/image\/","url":"https:\/\/secure.gravatar.com\/avatar\/79f1a057cb125cbefb3765d0356d52fc7f3bba3a35e2cf22bc4de090bb7aef70?s=96&d=mm&r=g","contentUrl":"https:\/\/secure.gravatar.com\/avatar\/79f1a057cb125cbefb3765d0356d52fc7f3bba3a35e2cf22bc4de090bb7aef70?s=96&d=mm&r=g","caption":"IberCultura"}}]}},"main_category":{"link":"https:\/\/iberculturaviva.org\/es\/category\/noticias-es\/","name":"Noticias","slug":"noticias-es"},"_links":{"self":[{"href":"https:\/\/iberculturaviva.org\/es\/wp-json\/wp\/v2\/posts\/16392","targetHints":{"allow":["GET"]}}],"collection":[{"href":"https:\/\/iberculturaviva.org\/es\/wp-json\/wp\/v2\/posts"}],"about":[{"href":"https:\/\/iberculturaviva.org\/es\/wp-json\/wp\/v2\/types\/post"}],"author":[{"embeddable":true,"href":"https:\/\/iberculturaviva.org\/es\/wp-json\/wp\/v2\/users\/2"}],"replies":[{"embeddable":true,"href":"https:\/\/iberculturaviva.org\/es\/wp-json\/wp\/v2\/comments?post=16392"}],"version-history":[{"count":1,"href":"https:\/\/iberculturaviva.org\/es\/wp-json\/wp\/v2\/posts\/16392\/revisions"}],"predecessor-version":[{"id":22669,"href":"https:\/\/iberculturaviva.org\/es\/wp-json\/wp\/v2\/posts\/16392\/revisions\/22669"}],"wp:featuredmedia":[{"embeddable":true,"href":"https:\/\/iberculturaviva.org\/es\/wp-json\/wp\/v2\/media\/19874"}],"wp:attachment":[{"href":"https:\/\/iberculturaviva.org\/es\/wp-json\/wp\/v2\/media?parent=16392"}],"wp:term":[{"taxonomy":"category","embeddable":true,"href":"https:\/\/iberculturaviva.org\/es\/wp-json\/wp\/v2\/categories?post=16392"},{"taxonomy":"post_tag","embeddable":true,"href":"https:\/\/iberculturaviva.org\/es\/wp-json\/wp\/v2\/tags?post=16392"},{"taxonomy":"country-municipality","embeddable":true,"href":"https:\/\/iberculturaviva.org\/es\/wp-json\/wp\/v2\/country-municipality?post=16392"}],"curies":[{"name":"wp","href":"https:\/\/api.w.org\/{rel}","templated":true}]}}