{"id":16390,"date":"2018-07-08T10:28:57","date_gmt":"2018-07-08T13:28:57","guid":{"rendered":"https:\/\/iberculturaviva.org\/empieza-en-guatemala-la-9a-reunion-del-consejo-intergubernamental\/"},"modified":"2021-01-06T17:14:35","modified_gmt":"2021-01-06T20:14:35","slug":"empieza-en-guatemala-la-9a-reunion-del-consejo-intergubernamental","status":"publish","type":"post","link":"https:\/\/iberculturaviva.org\/es\/empieza-en-guatemala-la-9a-reunion-del-consejo-intergubernamental\/","title":{"rendered":"Empieza en Guatemala la 9\u00aa Reuni\u00f3n del Consejo Intergubernamental"},"content":{"rendered":"<h5>Fotos: Ministerio de Cultura y Deportes de Guatemala<\/h5>\n<p>&nbsp;<\/p>\n<p style=\"text-align: justify;\"><span style=\"font-weight: 400;\">Una ofrenda de agradecimiento a la Madre Tierra dio inicio a la Jornada de Culturas Vivas Comunitarias que abri\u00f3 la programaci\u00f3n de la 9\u00aa Reuni\u00f3n del Consejo Intergubernamental del Programa IberCultura Viva, este s\u00e1bado por la ma\u00f1ana en la ciudad de Antigua Guatemala.\u00a0<\/span><\/p>\n<p style=\"text-align: justify;\"><span style=\"font-weight: 400;\">Adem\u00e1s de los representantes de los gobiernos de los pa\u00edses integrantes del programa, participaron del primer d\u00eda del encuentro cerca de 40 personas, representando a 22 organizaciones culturales comunitarias guatemaltecas.<\/span><\/p>\n<p><a href=\"https:\/\/iberculturaviva.org\/wp-content\/uploads\/2018\/07\/DSC_0442.jpg\"><img loading=\"lazy\" decoding=\"async\" class=\"aligncenter size-large wp-image-9556\" src=\"https:\/\/iberculturaviva.org\/wp-content\/uploads\/2018\/07\/DSC_0442-960x640.jpg\" alt=\"\" width=\"640\" height=\"427\" \/><\/a><\/p>\n<p>&nbsp;<\/p>\n<p style=\"text-align: justify;\"><span style=\"font-weight: 400;\">Las jornadas fueron organizadas conjuntamente por el Movimiento de Culturas Vivas Comunitarias de Guatemala y la Direcci\u00f3n de Desarrollo Cultural y Fortalecimiento de las Culturas del Ministerio de Cultura y Deportes.<\/span><\/p>\n<p style=\"text-align: justify;\"><span style=\"font-weight: 400;\">Las actividades comenzaron en el Palacio de los Capitanes con una invocaci\u00f3n realizada por Marco Antonio Ju\u00e1rez y unas palabras de bienvenida de Mariela Aguirre, representante de la organizaci\u00f3n Caja L\u00fadica, de Rosa Mar\u00eda Tac\u00e1n, directora general de Desarrollo Cultural y Fortalecimiento de las Culturas, y de Diego Benhabib, por parte de la presidencia de IberCultura Viva.<\/span><\/p>\n\n\t\t<style type=\"text\/css\">\n\t\t\t#gallery-1 {\n\t\t\t\tmargin: auto;\n\t\t\t}\n\t\t\t#gallery-1 .gallery-item {\n\t\t\t\tfloat: left;\n\t\t\t\tmargin-top: 10px;\n\t\t\t\ttext-align: center;\n\t\t\t\twidth: 50%;\n\t\t\t}\n\t\t\t#gallery-1 img {\n\t\t\t\tborder: 2px solid #cfcfcf;\n\t\t\t}\n\t\t\t#gallery-1 .gallery-caption {\n\t\t\t\tmargin-left: 0;\n\t\t\t}\n\t\t\t\/* see gallery_shortcode() in wp-includes\/media.php *\/\n\t\t<\/style>\n\t\t<div id='gallery-1' class='gallery galleryid-16390 gallery-columns-2 gallery-size-medium'><dl class='gallery-item'>\n\t\t\t<dt class='gallery-icon landscape'>\n\t\t\t\t<a href='https:\/\/iberculturaviva.org\/es\/empieza-en-guatemala-la-9a-reunion-del-consejo-intergubernamental\/dsc_0291-2\/'><img loading=\"lazy\" decoding=\"async\" width=\"300\" height=\"202\" src=\"https:\/\/iberculturaviva.org\/wp-content\/uploads\/2018\/07\/DSC_0291-460x310.jpg\" class=\"attachment-medium size-medium\" alt=\"\" srcset=\"https:\/\/iberculturaviva.org\/wp-content\/uploads\/2018\/07\/DSC_0291-460x310.jpg 460w, https:\/\/iberculturaviva.org\/wp-content\/uploads\/2018\/07\/DSC_0291-125x83.jpg 125w\" sizes=\"auto, (max-width: 300px) 100vw, 300px\" \/><\/a>\n\t\t\t<\/dt><\/dl><dl class='gallery-item'>\n\t\t\t<dt class='gallery-icon landscape'>\n\t\t\t\t<a href='https:\/\/iberculturaviva.org\/es\/empieza-en-guatemala-la-9a-reunion-del-consejo-intergubernamental\/dsc_0350-2\/'><img loading=\"lazy\" decoding=\"async\" width=\"300\" height=\"202\" src=\"https:\/\/iberculturaviva.org\/wp-content\/uploads\/2018\/07\/DSC_0350-460x310.jpg\" class=\"attachment-medium size-medium\" alt=\"\" srcset=\"https:\/\/iberculturaviva.org\/wp-content\/uploads\/2018\/07\/DSC_0350-460x310.jpg 460w, https:\/\/iberculturaviva.org\/wp-content\/uploads\/2018\/07\/DSC_0350-125x83.jpg 125w\" sizes=\"auto, (max-width: 300px) 100vw, 300px\" \/><\/a>\n\t\t\t<\/dt><\/dl><br style=\"clear: both\" \/><dl class='gallery-item'>\n\t\t\t<dt class='gallery-icon landscape'>\n\t\t\t\t<a href='https:\/\/iberculturaviva.org\/es\/empieza-en-guatemala-la-9a-reunion-del-consejo-intergubernamental\/dsc_0321-2\/'><img loading=\"lazy\" decoding=\"async\" width=\"300\" height=\"202\" src=\"https:\/\/iberculturaviva.org\/wp-content\/uploads\/2018\/07\/DSC_0321-460x310.jpg\" class=\"attachment-medium size-medium\" alt=\"\" srcset=\"https:\/\/iberculturaviva.org\/wp-content\/uploads\/2018\/07\/DSC_0321-460x310.jpg 460w, https:\/\/iberculturaviva.org\/wp-content\/uploads\/2018\/07\/DSC_0321-125x83.jpg 125w\" sizes=\"auto, (max-width: 300px) 100vw, 300px\" \/><\/a>\n\t\t\t<\/dt><\/dl><dl class='gallery-item'>\n\t\t\t<dt class='gallery-icon landscape'>\n\t\t\t\t<a href='https:\/\/iberculturaviva.org\/es\/empieza-en-guatemala-la-9a-reunion-del-consejo-intergubernamental\/dsc_0345-2\/'><img loading=\"lazy\" decoding=\"async\" width=\"300\" height=\"202\" src=\"https:\/\/iberculturaviva.org\/wp-content\/uploads\/2018\/07\/DSC_0345-460x310.jpg\" class=\"attachment-medium size-medium\" alt=\"\" srcset=\"https:\/\/iberculturaviva.org\/wp-content\/uploads\/2018\/07\/DSC_0345-460x310.jpg 460w, https:\/\/iberculturaviva.org\/wp-content\/uploads\/2018\/07\/DSC_0345-125x83.jpg 125w\" sizes=\"auto, (max-width: 300px) 100vw, 300px\" \/><\/a>\n\t\t\t<\/dt><\/dl><br style=\"clear: both\" \/>\n\t\t<\/div>\n\n<p style=\"text-align: justify;\">\n<p style=\"text-align: justify;\"><span style=\"font-weight: 400;\">Actividades l\u00fadicas, din\u00e1micas de integraci\u00f3n y conversatorios sobre avances y retos del movimiento, an\u00e1lisis y construcci\u00f3n de propuestas para fortalecerlo estuvieron en la agenda de las organizaciones durante el d\u00eda.<\/span><\/p>\n<p style=\"text-align: justify;\"><span style=\"font-weight: 400;\">La sesi\u00f3n en el palacio termin\u00f3 con un conversatorio sobre las experiencias gubernamentales de tres pa\u00edses en torno a la Cultura Viva Comunitaria. Diego Benhabib (Argentina), Estefan\u00eda Lay Guerra (Per\u00fa) y Alexander C\u00f3rdova (El Salvador) hablaron de los programas de Puntos de Cultura implementados en sus pa\u00edses y de la experiencia de trabajo conjunto entre Estado y sociedad civil.<\/span><\/p>\n\n\t\t<style type=\"text\/css\">\n\t\t\t#gallery-2 {\n\t\t\t\tmargin: auto;\n\t\t\t}\n\t\t\t#gallery-2 .gallery-item {\n\t\t\t\tfloat: left;\n\t\t\t\tmargin-top: 10px;\n\t\t\t\ttext-align: center;\n\t\t\t\twidth: 50%;\n\t\t\t}\n\t\t\t#gallery-2 img {\n\t\t\t\tborder: 2px solid #cfcfcf;\n\t\t\t}\n\t\t\t#gallery-2 .gallery-caption {\n\t\t\t\tmargin-left: 0;\n\t\t\t}\n\t\t\t\/* see gallery_shortcode() in wp-includes\/media.php *\/\n\t\t<\/style>\n\t\t<div id='gallery-2' class='gallery galleryid-16390 gallery-columns-2 gallery-size-medium'><dl class='gallery-item'>\n\t\t\t<dt class='gallery-icon landscape'>\n\t\t\t\t<a href='https:\/\/iberculturaviva.org\/es\/empieza-en-guatemala-la-9a-reunion-del-consejo-intergubernamental\/dsc_0490-2\/'><img loading=\"lazy\" decoding=\"async\" width=\"300\" height=\"202\" src=\"https:\/\/iberculturaviva.org\/wp-content\/uploads\/2018\/07\/DSC_0490-460x310.jpg\" class=\"attachment-medium size-medium\" alt=\"\" srcset=\"https:\/\/iberculturaviva.org\/wp-content\/uploads\/2018\/07\/DSC_0490-460x310.jpg 460w, https:\/\/iberculturaviva.org\/wp-content\/uploads\/2018\/07\/DSC_0490-125x83.jpg 125w\" sizes=\"auto, (max-width: 300px) 100vw, 300px\" \/><\/a>\n\t\t\t<\/dt><\/dl><dl class='gallery-item'>\n\t\t\t<dt class='gallery-icon landscape'>\n\t\t\t\t<a href='https:\/\/iberculturaviva.org\/es\/empieza-en-guatemala-la-9a-reunion-del-consejo-intergubernamental\/dsc_0493-2\/'><img loading=\"lazy\" decoding=\"async\" width=\"300\" height=\"202\" src=\"https:\/\/iberculturaviva.org\/wp-content\/uploads\/2018\/07\/DSC_0493-460x310.jpg\" class=\"attachment-medium size-medium\" alt=\"\" srcset=\"https:\/\/iberculturaviva.org\/wp-content\/uploads\/2018\/07\/DSC_0493-460x310.jpg 460w, https:\/\/iberculturaviva.org\/wp-content\/uploads\/2018\/07\/DSC_0493-125x83.jpg 125w\" sizes=\"auto, (max-width: 300px) 100vw, 300px\" \/><\/a>\n\t\t\t<\/dt><\/dl><br style=\"clear: both\" \/><dl class='gallery-item'>\n\t\t\t<dt class='gallery-icon landscape'>\n\t\t\t\t<a href='https:\/\/iberculturaviva.org\/es\/empieza-en-guatemala-la-9a-reunion-del-consejo-intergubernamental\/dsc_0507-2\/'><img loading=\"lazy\" decoding=\"async\" width=\"300\" height=\"202\" src=\"https:\/\/iberculturaviva.org\/wp-content\/uploads\/2018\/07\/DSC_0507-460x310.jpg\" class=\"attachment-medium size-medium\" alt=\"\" srcset=\"https:\/\/iberculturaviva.org\/wp-content\/uploads\/2018\/07\/DSC_0507-460x310.jpg 460w, https:\/\/iberculturaviva.org\/wp-content\/uploads\/2018\/07\/DSC_0507-125x83.jpg 125w\" sizes=\"auto, (max-width: 300px) 100vw, 300px\" \/><\/a>\n\t\t\t<\/dt><\/dl><dl class='gallery-item'>\n\t\t\t<dt class='gallery-icon landscape'>\n\t\t\t\t<a href='https:\/\/iberculturaviva.org\/es\/empieza-en-guatemala-la-9a-reunion-del-consejo-intergubernamental\/dsc_0502-2\/'><img loading=\"lazy\" decoding=\"async\" width=\"300\" height=\"202\" src=\"https:\/\/iberculturaviva.org\/wp-content\/uploads\/2018\/07\/DSC_0502-460x310.jpg\" class=\"attachment-medium size-medium\" alt=\"\" srcset=\"https:\/\/iberculturaviva.org\/wp-content\/uploads\/2018\/07\/DSC_0502-460x310.jpg 460w, https:\/\/iberculturaviva.org\/wp-content\/uploads\/2018\/07\/DSC_0502-125x83.jpg 125w\" sizes=\"auto, (max-width: 300px) 100vw, 300px\" \/><\/a>\n\t\t\t<\/dt><\/dl><br style=\"clear: both\" \/><dl class='gallery-item'>\n\t\t\t<dt class='gallery-icon landscape'>\n\t\t\t\t<a href='https:\/\/iberculturaviva.org\/es\/empieza-en-guatemala-la-9a-reunion-del-consejo-intergubernamental\/dsc_0497_1-2\/'><img loading=\"lazy\" decoding=\"async\" width=\"300\" height=\"202\" src=\"https:\/\/iberculturaviva.org\/wp-content\/uploads\/2018\/07\/DSC_0497_1-460x310.jpg\" class=\"attachment-medium size-medium\" alt=\"\" srcset=\"https:\/\/iberculturaviva.org\/wp-content\/uploads\/2018\/07\/DSC_0497_1-460x310.jpg 460w, https:\/\/iberculturaviva.org\/wp-content\/uploads\/2018\/07\/DSC_0497_1-125x83.jpg 125w\" sizes=\"auto, (max-width: 300px) 100vw, 300px\" \/><\/a>\n\t\t\t<\/dt><\/dl><dl class='gallery-item'>\n\t\t\t<dt class='gallery-icon landscape'>\n\t\t\t\t<a href='https:\/\/iberculturaviva.org\/es\/empieza-en-guatemala-la-9a-reunion-del-consejo-intergubernamental\/dsc_0504-2\/'><img loading=\"lazy\" decoding=\"async\" width=\"300\" height=\"202\" src=\"https:\/\/iberculturaviva.org\/wp-content\/uploads\/2018\/07\/DSC_0504-460x310.jpg\" class=\"attachment-medium size-medium\" alt=\"\" srcset=\"https:\/\/iberculturaviva.org\/wp-content\/uploads\/2018\/07\/DSC_0504-460x310.jpg 460w, https:\/\/iberculturaviva.org\/wp-content\/uploads\/2018\/07\/DSC_0504-125x83.jpg 125w\" sizes=\"auto, (max-width: 300px) 100vw, 300px\" \/><\/a>\n\t\t\t<\/dt><\/dl><br style=\"clear: both\" \/>\n\t\t<\/div>\n\n<p>&nbsp;<\/p>\n<p style=\"text-align: justify;\"><span style=\"font-weight: 400;\">La programaci\u00f3n del primer d\u00eda termin\u00f3 con una noche de artes y cultura en el Parque Central de Santa Mar\u00eda de Jes\u00fas, en el departamento de Sacatep\u00e9quez. Hubo presentaciones de canto maya Kaqchikel (por Chumilkaj Nicho), poes\u00eda LGBTIQ (por Manuel Tzoc), m\u00fasica maya de resistencia (por Lucia Ixchiu, Festivales Solidarios) y rock maya (Baqtun Cero).<\/span><\/p>\n<p style=\"text-align: justify;\"><span style=\"font-weight: 400;\">Las Jornadas de Culturas Vivas Comunitarias siguen este domingo con visitas a espacios culturales de las comunidades de Santa Mar\u00eda de Jes\u00fas (donde est\u00e1 prevista una presentaci\u00f3n del grupo \u201cLas Curanderas, teatro para curar el susto\u201d) y San Juan del Obispo, donde est\u00e1 la Casa Museo Luis de Le\u00f3n.<\/span><\/p>\n\n\t\t<style type=\"text\/css\">\n\t\t\t#gallery-3 {\n\t\t\t\tmargin: auto;\n\t\t\t}\n\t\t\t#gallery-3 .gallery-item {\n\t\t\t\tfloat: left;\n\t\t\t\tmargin-top: 10px;\n\t\t\t\ttext-align: center;\n\t\t\t\twidth: 50%;\n\t\t\t}\n\t\t\t#gallery-3 img {\n\t\t\t\tborder: 2px solid #cfcfcf;\n\t\t\t}\n\t\t\t#gallery-3 .gallery-caption {\n\t\t\t\tmargin-left: 0;\n\t\t\t}\n\t\t\t\/* see gallery_shortcode() in wp-includes\/media.php *\/\n\t\t<\/style>\n\t\t<div id='gallery-3' class='gallery galleryid-16390 gallery-columns-2 gallery-size-medium'><dl class='gallery-item'>\n\t\t\t<dt class='gallery-icon landscape'>\n\t\t\t\t<a href='https:\/\/iberculturaviva.org\/es\/empieza-en-guatemala-la-9a-reunion-del-consejo-intergubernamental\/whatsapp-image-2018-07-08-at-01-30-50-2\/'><img loading=\"lazy\" decoding=\"async\" width=\"300\" height=\"202\" src=\"https:\/\/iberculturaviva.org\/wp-content\/uploads\/2018\/07\/WhatsApp-Image-2018-07-08-at-01.30.50-460x310.jpeg\" class=\"attachment-medium size-medium\" alt=\"\" srcset=\"https:\/\/iberculturaviva.org\/wp-content\/uploads\/2018\/07\/WhatsApp-Image-2018-07-08-at-01.30.50-460x310.jpeg 460w, https:\/\/iberculturaviva.org\/wp-content\/uploads\/2018\/07\/WhatsApp-Image-2018-07-08-at-01.30.50-125x83.jpeg 125w\" sizes=\"auto, (max-width: 300px) 100vw, 300px\" \/><\/a>\n\t\t\t<\/dt><\/dl><dl class='gallery-item'>\n\t\t\t<dt class='gallery-icon landscape'>\n\t\t\t\t<a href='https:\/\/iberculturaviva.org\/es\/empieza-en-guatemala-la-9a-reunion-del-consejo-intergubernamental\/whatsapp-image-2018-07-08-at-01-30-49-1-2\/'><img loading=\"lazy\" decoding=\"async\" width=\"300\" height=\"202\" src=\"https:\/\/iberculturaviva.org\/wp-content\/uploads\/2018\/07\/WhatsApp-Image-2018-07-08-at-01.30.49-1-460x310.jpeg\" class=\"attachment-medium size-medium\" alt=\"\" srcset=\"https:\/\/iberculturaviva.org\/wp-content\/uploads\/2018\/07\/WhatsApp-Image-2018-07-08-at-01.30.49-1-460x310.jpeg 460w, https:\/\/iberculturaviva.org\/wp-content\/uploads\/2018\/07\/WhatsApp-Image-2018-07-08-at-01.30.49-1-125x83.jpeg 125w\" sizes=\"auto, (max-width: 300px) 100vw, 300px\" \/><\/a>\n\t\t\t<\/dt><\/dl><br style=\"clear: both\" \/><dl class='gallery-item'>\n\t\t\t<dt class='gallery-icon landscape'>\n\t\t\t\t<a href='https:\/\/iberculturaviva.org\/es\/empieza-en-guatemala-la-9a-reunion-del-consejo-intergubernamental\/dsc_0554-2\/'><img loading=\"lazy\" decoding=\"async\" width=\"300\" height=\"202\" src=\"https:\/\/iberculturaviva.org\/wp-content\/uploads\/2018\/07\/DSC_0554-460x310.jpg\" class=\"attachment-medium size-medium\" alt=\"\" srcset=\"https:\/\/iberculturaviva.org\/wp-content\/uploads\/2018\/07\/DSC_0554-460x310.jpg 460w, https:\/\/iberculturaviva.org\/wp-content\/uploads\/2018\/07\/DSC_0554-125x83.jpg 125w\" sizes=\"auto, (max-width: 300px) 100vw, 300px\" \/><\/a>\n\t\t\t<\/dt><\/dl><dl class='gallery-item'>\n\t\t\t<dt class='gallery-icon landscape'>\n\t\t\t\t<a href='https:\/\/iberculturaviva.org\/es\/empieza-en-guatemala-la-9a-reunion-del-consejo-intergubernamental\/whatsapp-image-2018-07-08-at-01-30-51-2\/'><img loading=\"lazy\" decoding=\"async\" width=\"300\" height=\"202\" src=\"https:\/\/iberculturaviva.org\/wp-content\/uploads\/2018\/07\/WhatsApp-Image-2018-07-08-at-01.30.51-460x310.jpeg\" class=\"attachment-medium size-medium\" alt=\"\" srcset=\"https:\/\/iberculturaviva.org\/wp-content\/uploads\/2018\/07\/WhatsApp-Image-2018-07-08-at-01.30.51-460x310.jpeg 460w, https:\/\/iberculturaviva.org\/wp-content\/uploads\/2018\/07\/WhatsApp-Image-2018-07-08-at-01.30.51-125x83.jpeg 125w\" sizes=\"auto, (max-width: 300px) 100vw, 300px\" \/><\/a>\n\t\t\t<\/dt><\/dl><br style=\"clear: both\" \/><dl class='gallery-item'>\n\t\t\t<dt class='gallery-icon landscape'>\n\t\t\t\t<a href='https:\/\/iberculturaviva.org\/es\/empieza-en-guatemala-la-9a-reunion-del-consejo-intergubernamental\/dsc_0532-2\/'><img loading=\"lazy\" decoding=\"async\" width=\"300\" height=\"202\" src=\"https:\/\/iberculturaviva.org\/wp-content\/uploads\/2018\/07\/DSC_0532-460x310.jpg\" class=\"attachment-medium size-medium\" alt=\"\" srcset=\"https:\/\/iberculturaviva.org\/wp-content\/uploads\/2018\/07\/DSC_0532-460x310.jpg 460w, https:\/\/iberculturaviva.org\/wp-content\/uploads\/2018\/07\/DSC_0532-125x83.jpg 125w\" sizes=\"auto, (max-width: 300px) 100vw, 300px\" \/><\/a>\n\t\t\t<\/dt><\/dl><dl class='gallery-item'>\n\t\t\t<dt class='gallery-icon landscape'>\n\t\t\t\t<a href='https:\/\/iberculturaviva.org\/es\/empieza-en-guatemala-la-9a-reunion-del-consejo-intergubernamental\/dsc_0534-2\/'><img loading=\"lazy\" decoding=\"async\" width=\"300\" height=\"202\" src=\"https:\/\/iberculturaviva.org\/wp-content\/uploads\/2018\/07\/DSC_0534-460x310.jpg\" class=\"attachment-medium size-medium\" alt=\"\" srcset=\"https:\/\/iberculturaviva.org\/wp-content\/uploads\/2018\/07\/DSC_0534-460x310.jpg 460w, https:\/\/iberculturaviva.org\/wp-content\/uploads\/2018\/07\/DSC_0534-125x83.jpg 125w\" sizes=\"auto, (max-width: 300px) 100vw, 300px\" \/><\/a>\n\t\t\t<\/dt><\/dl><br style=\"clear: both\" \/><dl class='gallery-item'>\n\t\t\t<dt class='gallery-icon landscape'>\n\t\t\t\t<a href='https:\/\/iberculturaviva.org\/es\/empieza-en-guatemala-la-9a-reunion-del-consejo-intergubernamental\/dsc_0551-2\/'><img loading=\"lazy\" decoding=\"async\" width=\"300\" height=\"202\" src=\"https:\/\/iberculturaviva.org\/wp-content\/uploads\/2018\/07\/DSC_0551-460x310.jpg\" class=\"attachment-medium size-medium\" alt=\"\" srcset=\"https:\/\/iberculturaviva.org\/wp-content\/uploads\/2018\/07\/DSC_0551-460x310.jpg 460w, https:\/\/iberculturaviva.org\/wp-content\/uploads\/2018\/07\/DSC_0551-125x83.jpg 125w\" sizes=\"auto, (max-width: 300px) 100vw, 300px\" \/><\/a>\n\t\t\t<\/dt><\/dl><dl class='gallery-item'>\n\t\t\t<dt class='gallery-icon landscape'>\n\t\t\t\t<a href='https:\/\/iberculturaviva.org\/es\/empieza-en-guatemala-la-9a-reunion-del-consejo-intergubernamental\/dsc_0561-2\/'><img loading=\"lazy\" decoding=\"async\" width=\"300\" height=\"202\" src=\"https:\/\/iberculturaviva.org\/wp-content\/uploads\/2018\/07\/DSC_0561-460x310.jpg\" class=\"attachment-medium size-medium\" alt=\"\" srcset=\"https:\/\/iberculturaviva.org\/wp-content\/uploads\/2018\/07\/DSC_0561-460x310.jpg 460w, https:\/\/iberculturaviva.org\/wp-content\/uploads\/2018\/07\/DSC_0561-125x83.jpg 125w\" sizes=\"auto, (max-width: 300px) 100vw, 300px\" \/><\/a>\n\t\t\t<\/dt><\/dl><br style=\"clear: both\" \/>\n\t\t<\/div>\n\n","protected":false},"excerpt":{"rendered":"<p>Fotos: Ministerio de Cultura y Deportes de Guatemala &nbsp; Una ofrenda de agradecimiento a la Madre Tierra dio inicio a la Jornada de Culturas Vivas Comunitarias que abri\u00f3 la programaci\u00f3n [&hellip;]<\/p>\n","protected":false},"author":2,"featured_media":19839,"comment_status":"closed","ping_status":"closed","sticky":false,"template":"","format":"standard","meta":{"_coblocks_attr":"","_coblocks_dimensions":"","_coblocks_responsive_height":"","_coblocks_accordion_ie_support":"","_EventAllDay":false,"_EventTimezone":"","_EventStartDate":"","_EventEndDate":"","_EventStartDateUTC":"","_EventEndDateUTC":"","_EventShowMap":false,"_EventShowMapLink":false,"_EventURL":"","_EventCost":"","_EventCostDescription":"","_EventCurrencySymbol":"","_EventCurrencyCode":"","_EventCurrencyPosition":"","_EventDateTimeSeparator":"","_EventTimeRangeSeparator":"","_EventOrganizerID":[],"_EventVenueID":[],"_OrganizerEmail":"","_OrganizerPhone":"","_OrganizerWebsite":"","_VenueAddress":"","_VenueCity":"","_VenueCountry":"","_VenueProvince":"","_VenueState":"","_VenueZip":"","_VenuePhone":"","_VenueURL":"","_VenueStateProvince":"","_VenueLat":"","_VenueLng":"","_VenueShowMap":false,"_VenueShowMapLink":false,"footnotes":""},"categories":[262],"tags":[],"country-municipality":[],"class_list":["post-16390","post","type-post","status-publish","format-standard","has-post-thumbnail","hentry","category-noticias-es"],"yoast_head":"<!-- This site is optimized with the Yoast SEO plugin v25.7 - https:\/\/yoast.com\/wordpress\/plugins\/seo\/ -->\n<title>Empieza en Guatemala la 9\u00aa Reuni\u00f3n del Consejo Intergubernamental - IberCultura Viva<\/title>\n<meta name=\"description\" content=\"Empieza en Guatemala la 9\u00aa Reuni\u00f3n del Consejo Intergubernamental - IberCultura Viva\" \/>\n<meta name=\"robots\" content=\"index, follow, max-snippet:-1, max-image-preview:large, max-video-preview:-1\" \/>\n<link rel=\"canonical\" href=\"https:\/\/iberculturaviva.org\/es\/empieza-en-guatemala-la-9a-reunion-del-consejo-intergubernamental\/\" \/>\n<meta property=\"og:locale\" content=\"es_ES\" \/>\n<meta property=\"og:type\" content=\"article\" \/>\n<meta property=\"og:title\" content=\"Empieza en Guatemala la 9\u00aa Reuni\u00f3n del Consejo Intergubernamental - IberCultura Viva\" \/>\n<meta property=\"og:description\" content=\"Empieza en Guatemala la 9\u00aa Reuni\u00f3n del Consejo Intergubernamental - IberCultura Viva\" \/>\n<meta property=\"og:url\" content=\"https:\/\/iberculturaviva.org\/es\/empieza-en-guatemala-la-9a-reunion-del-consejo-intergubernamental\/\" \/>\n<meta property=\"og:site_name\" content=\"IberCultura Viva\" \/>\n<meta property=\"article:publisher\" content=\"https:\/\/www.facebook.com\/iberculturaviva\/\" \/>\n<meta property=\"article:published_time\" content=\"2018-07-08T13:28:57+00:00\" \/>\n<meta property=\"article:modified_time\" content=\"2021-01-06T20:14:35+00:00\" \/>\n<meta property=\"og:image\" content=\"https:\/\/iberculturaviva.org\/wp-content\/uploads\/2018\/07\/DSC_0353.jpg\" \/>\n\t<meta property=\"og:image:width\" content=\"1620\" \/>\n\t<meta property=\"og:image:height\" content=\"1080\" \/>\n\t<meta property=\"og:image:type\" content=\"image\/jpeg\" \/>\n<meta name=\"author\" content=\"IberCultura\" \/>\n<meta name=\"twitter:card\" content=\"summary_large_image\" \/>\n<meta name=\"twitter:label1\" content=\"Escrito por\" \/>\n\t<meta name=\"twitter:data1\" content=\"IberCultura\" \/>\n\t<meta name=\"twitter:label2\" content=\"Tiempo de lectura\" \/>\n\t<meta name=\"twitter:data2\" content=\"2 minutos\" \/>\n<script type=\"application\/ld+json\" class=\"yoast-schema-graph\">{\"@context\":\"https:\/\/schema.org\",\"@graph\":[{\"@type\":\"Article\",\"@id\":\"https:\/\/iberculturaviva.org\/es\/empieza-en-guatemala-la-9a-reunion-del-consejo-intergubernamental\/#article\",\"isPartOf\":{\"@id\":\"https:\/\/iberculturaviva.org\/es\/empieza-en-guatemala-la-9a-reunion-del-consejo-intergubernamental\/\"},\"author\":{\"name\":\"IberCultura\",\"@id\":\"https:\/\/iberculturaviva.org\/es\/?lang=es\/#\/schema\/person\/5d1313b072cc25536e0431522f740b59\"},\"headline\":\"Empieza en Guatemala la 9\u00aa Reuni\u00f3n del Consejo Intergubernamental\",\"datePublished\":\"2018-07-08T13:28:57+00:00\",\"dateModified\":\"2021-01-06T20:14:35+00:00\",\"mainEntityOfPage\":{\"@id\":\"https:\/\/iberculturaviva.org\/es\/empieza-en-guatemala-la-9a-reunion-del-consejo-intergubernamental\/\"},\"wordCount\":422,\"publisher\":{\"@id\":\"https:\/\/iberculturaviva.org\/es\/?lang=es\/#organization\"},\"image\":{\"@id\":\"https:\/\/iberculturaviva.org\/es\/empieza-en-guatemala-la-9a-reunion-del-consejo-intergubernamental\/#primaryimage\"},\"thumbnailUrl\":\"https:\/\/iberculturaviva.org\/wp-content\/uploads\/2018\/07\/DSC_0353.jpg\",\"articleSection\":[\"Noticias\"],\"inLanguage\":\"es\"},{\"@type\":\"WebPage\",\"@id\":\"https:\/\/iberculturaviva.org\/es\/empieza-en-guatemala-la-9a-reunion-del-consejo-intergubernamental\/\",\"url\":\"https:\/\/iberculturaviva.org\/es\/empieza-en-guatemala-la-9a-reunion-del-consejo-intergubernamental\/\",\"name\":\"Empieza en Guatemala la 9\u00aa Reuni\u00f3n del Consejo Intergubernamental - IberCultura Viva\",\"isPartOf\":{\"@id\":\"https:\/\/iberculturaviva.org\/es\/?lang=es\/#website\"},\"primaryImageOfPage\":{\"@id\":\"https:\/\/iberculturaviva.org\/es\/empieza-en-guatemala-la-9a-reunion-del-consejo-intergubernamental\/#primaryimage\"},\"image\":{\"@id\":\"https:\/\/iberculturaviva.org\/es\/empieza-en-guatemala-la-9a-reunion-del-consejo-intergubernamental\/#primaryimage\"},\"thumbnailUrl\":\"https:\/\/iberculturaviva.org\/wp-content\/uploads\/2018\/07\/DSC_0353.jpg\",\"datePublished\":\"2018-07-08T13:28:57+00:00\",\"dateModified\":\"2021-01-06T20:14:35+00:00\",\"description\":\"Empieza en Guatemala la 9\u00aa Reuni\u00f3n del Consejo Intergubernamental - IberCultura Viva\",\"breadcrumb\":{\"@id\":\"https:\/\/iberculturaviva.org\/es\/empieza-en-guatemala-la-9a-reunion-del-consejo-intergubernamental\/#breadcrumb\"},\"inLanguage\":\"es\",\"potentialAction\":[{\"@type\":\"ReadAction\",\"target\":[\"https:\/\/iberculturaviva.org\/es\/empieza-en-guatemala-la-9a-reunion-del-consejo-intergubernamental\/\"]}]},{\"@type\":\"ImageObject\",\"inLanguage\":\"es\",\"@id\":\"https:\/\/iberculturaviva.org\/es\/empieza-en-guatemala-la-9a-reunion-del-consejo-intergubernamental\/#primaryimage\",\"url\":\"https:\/\/iberculturaviva.org\/wp-content\/uploads\/2018\/07\/DSC_0353.jpg\",\"contentUrl\":\"https:\/\/iberculturaviva.org\/wp-content\/uploads\/2018\/07\/DSC_0353.jpg\",\"width\":1620,\"height\":1080},{\"@type\":\"BreadcrumbList\",\"@id\":\"https:\/\/iberculturaviva.org\/es\/empieza-en-guatemala-la-9a-reunion-del-consejo-intergubernamental\/#breadcrumb\",\"itemListElement\":[{\"@type\":\"ListItem\",\"position\":1,\"name\":\"In\u00edcio\",\"item\":\"https:\/\/iberculturaviva.org\/es\/inicio\/\"},{\"@type\":\"ListItem\",\"position\":2,\"name\":\"Empieza en Guatemala la 9\u00aa Reuni\u00f3n del Consejo Intergubernamental\"}]},{\"@type\":\"WebSite\",\"@id\":\"https:\/\/iberculturaviva.org\/es\/?lang=es\/#website\",\"url\":\"https:\/\/iberculturaviva.org\/es\/?lang=es\/\",\"name\":\"IberCultura Viva\",\"description\":\"Programa de cooperaci\u00f3n cultural\",\"publisher\":{\"@id\":\"https:\/\/iberculturaviva.org\/es\/?lang=es\/#organization\"},\"potentialAction\":[{\"@type\":\"SearchAction\",\"target\":{\"@type\":\"EntryPoint\",\"urlTemplate\":\"https:\/\/iberculturaviva.org\/es\/?lang=es\/?s={search_term_string}\"},\"query-input\":{\"@type\":\"PropertyValueSpecification\",\"valueRequired\":true,\"valueName\":\"search_term_string\"}}],\"inLanguage\":\"es\"},{\"@type\":\"Organization\",\"@id\":\"https:\/\/iberculturaviva.org\/es\/?lang=es\/#organization\",\"name\":\"Iberculturaviva\",\"url\":\"https:\/\/iberculturaviva.org\/es\/?lang=es\/\",\"logo\":{\"@type\":\"ImageObject\",\"inLanguage\":\"es\",\"@id\":\"https:\/\/iberculturaviva.org\/es\/?lang=es\/#\/schema\/logo\/image\/\",\"url\":\"https:\/\/iberculturaviva.org\/wp-content\/uploads\/2021\/08\/logo_ibercultura_viva.jpg\",\"contentUrl\":\"https:\/\/iberculturaviva.org\/wp-content\/uploads\/2021\/08\/logo_ibercultura_viva.jpg\",\"width\":708,\"height\":223,\"caption\":\"Iberculturaviva\"},\"image\":{\"@id\":\"https:\/\/iberculturaviva.org\/es\/?lang=es\/#\/schema\/logo\/image\/\"},\"sameAs\":[\"https:\/\/www.facebook.com\/iberculturaviva\/\",\"https:\/\/www.instagram.com\/iberculturaviva\/\",\"https:\/\/www.youtube.com\/iberculturaviva\"]},{\"@type\":\"Person\",\"@id\":\"https:\/\/iberculturaviva.org\/es\/?lang=es\/#\/schema\/person\/5d1313b072cc25536e0431522f740b59\",\"name\":\"IberCultura\",\"image\":{\"@type\":\"ImageObject\",\"inLanguage\":\"es\",\"@id\":\"https:\/\/iberculturaviva.org\/es\/?lang=es\/#\/schema\/person\/image\/\",\"url\":\"https:\/\/secure.gravatar.com\/avatar\/79f1a057cb125cbefb3765d0356d52fc7f3bba3a35e2cf22bc4de090bb7aef70?s=96&d=mm&r=g\",\"contentUrl\":\"https:\/\/secure.gravatar.com\/avatar\/79f1a057cb125cbefb3765d0356d52fc7f3bba3a35e2cf22bc4de090bb7aef70?s=96&d=mm&r=g\",\"caption\":\"IberCultura\"}}]}<\/script>\n<!-- \/ Yoast SEO plugin. -->","yoast_head_json":{"title":"Empieza en Guatemala la 9\u00aa Reuni\u00f3n del Consejo Intergubernamental - IberCultura Viva","description":"Empieza en Guatemala la 9\u00aa Reuni\u00f3n del Consejo Intergubernamental - IberCultura Viva","robots":{"index":"index","follow":"follow","max-snippet":"max-snippet:-1","max-image-preview":"max-image-preview:large","max-video-preview":"max-video-preview:-1"},"canonical":"https:\/\/iberculturaviva.org\/es\/empieza-en-guatemala-la-9a-reunion-del-consejo-intergubernamental\/","og_locale":"es_ES","og_type":"article","og_title":"Empieza en Guatemala la 9\u00aa Reuni\u00f3n del Consejo Intergubernamental - IberCultura Viva","og_description":"Empieza en Guatemala la 9\u00aa Reuni\u00f3n del Consejo Intergubernamental - IberCultura Viva","og_url":"https:\/\/iberculturaviva.org\/es\/empieza-en-guatemala-la-9a-reunion-del-consejo-intergubernamental\/","og_site_name":"IberCultura Viva","article_publisher":"https:\/\/www.facebook.com\/iberculturaviva\/","article_published_time":"2018-07-08T13:28:57+00:00","article_modified_time":"2021-01-06T20:14:35+00:00","og_image":[{"width":1620,"height":1080,"url":"https:\/\/iberculturaviva.org\/wp-content\/uploads\/2018\/07\/DSC_0353.jpg","type":"image\/jpeg"}],"author":"IberCultura","twitter_card":"summary_large_image","twitter_misc":{"Escrito por":"IberCultura","Tiempo de lectura":"2 minutos"},"schema":{"@context":"https:\/\/schema.org","@graph":[{"@type":"Article","@id":"https:\/\/iberculturaviva.org\/es\/empieza-en-guatemala-la-9a-reunion-del-consejo-intergubernamental\/#article","isPartOf":{"@id":"https:\/\/iberculturaviva.org\/es\/empieza-en-guatemala-la-9a-reunion-del-consejo-intergubernamental\/"},"author":{"name":"IberCultura","@id":"https:\/\/iberculturaviva.org\/es\/?lang=es\/#\/schema\/person\/5d1313b072cc25536e0431522f740b59"},"headline":"Empieza en Guatemala la 9\u00aa Reuni\u00f3n del Consejo Intergubernamental","datePublished":"2018-07-08T13:28:57+00:00","dateModified":"2021-01-06T20:14:35+00:00","mainEntityOfPage":{"@id":"https:\/\/iberculturaviva.org\/es\/empieza-en-guatemala-la-9a-reunion-del-consejo-intergubernamental\/"},"wordCount":422,"publisher":{"@id":"https:\/\/iberculturaviva.org\/es\/?lang=es\/#organization"},"image":{"@id":"https:\/\/iberculturaviva.org\/es\/empieza-en-guatemala-la-9a-reunion-del-consejo-intergubernamental\/#primaryimage"},"thumbnailUrl":"https:\/\/iberculturaviva.org\/wp-content\/uploads\/2018\/07\/DSC_0353.jpg","articleSection":["Noticias"],"inLanguage":"es"},{"@type":"WebPage","@id":"https:\/\/iberculturaviva.org\/es\/empieza-en-guatemala-la-9a-reunion-del-consejo-intergubernamental\/","url":"https:\/\/iberculturaviva.org\/es\/empieza-en-guatemala-la-9a-reunion-del-consejo-intergubernamental\/","name":"Empieza en Guatemala la 9\u00aa Reuni\u00f3n del Consejo Intergubernamental - IberCultura Viva","isPartOf":{"@id":"https:\/\/iberculturaviva.org\/es\/?lang=es\/#website"},"primaryImageOfPage":{"@id":"https:\/\/iberculturaviva.org\/es\/empieza-en-guatemala-la-9a-reunion-del-consejo-intergubernamental\/#primaryimage"},"image":{"@id":"https:\/\/iberculturaviva.org\/es\/empieza-en-guatemala-la-9a-reunion-del-consejo-intergubernamental\/#primaryimage"},"thumbnailUrl":"https:\/\/iberculturaviva.org\/wp-content\/uploads\/2018\/07\/DSC_0353.jpg","datePublished":"2018-07-08T13:28:57+00:00","dateModified":"2021-01-06T20:14:35+00:00","description":"Empieza en Guatemala la 9\u00aa Reuni\u00f3n del Consejo Intergubernamental - IberCultura Viva","breadcrumb":{"@id":"https:\/\/iberculturaviva.org\/es\/empieza-en-guatemala-la-9a-reunion-del-consejo-intergubernamental\/#breadcrumb"},"inLanguage":"es","potentialAction":[{"@type":"ReadAction","target":["https:\/\/iberculturaviva.org\/es\/empieza-en-guatemala-la-9a-reunion-del-consejo-intergubernamental\/"]}]},{"@type":"ImageObject","inLanguage":"es","@id":"https:\/\/iberculturaviva.org\/es\/empieza-en-guatemala-la-9a-reunion-del-consejo-intergubernamental\/#primaryimage","url":"https:\/\/iberculturaviva.org\/wp-content\/uploads\/2018\/07\/DSC_0353.jpg","contentUrl":"https:\/\/iberculturaviva.org\/wp-content\/uploads\/2018\/07\/DSC_0353.jpg","width":1620,"height":1080},{"@type":"BreadcrumbList","@id":"https:\/\/iberculturaviva.org\/es\/empieza-en-guatemala-la-9a-reunion-del-consejo-intergubernamental\/#breadcrumb","itemListElement":[{"@type":"ListItem","position":1,"name":"In\u00edcio","item":"https:\/\/iberculturaviva.org\/es\/inicio\/"},{"@type":"ListItem","position":2,"name":"Empieza en Guatemala la 9\u00aa Reuni\u00f3n del Consejo Intergubernamental"}]},{"@type":"WebSite","@id":"https:\/\/iberculturaviva.org\/es\/?lang=es\/#website","url":"https:\/\/iberculturaviva.org\/es\/?lang=es\/","name":"IberCultura Viva","description":"Programa de cooperaci\u00f3n cultural","publisher":{"@id":"https:\/\/iberculturaviva.org\/es\/?lang=es\/#organization"},"potentialAction":[{"@type":"SearchAction","target":{"@type":"EntryPoint","urlTemplate":"https:\/\/iberculturaviva.org\/es\/?lang=es\/?s={search_term_string}"},"query-input":{"@type":"PropertyValueSpecification","valueRequired":true,"valueName":"search_term_string"}}],"inLanguage":"es"},{"@type":"Organization","@id":"https:\/\/iberculturaviva.org\/es\/?lang=es\/#organization","name":"Iberculturaviva","url":"https:\/\/iberculturaviva.org\/es\/?lang=es\/","logo":{"@type":"ImageObject","inLanguage":"es","@id":"https:\/\/iberculturaviva.org\/es\/?lang=es\/#\/schema\/logo\/image\/","url":"https:\/\/iberculturaviva.org\/wp-content\/uploads\/2021\/08\/logo_ibercultura_viva.jpg","contentUrl":"https:\/\/iberculturaviva.org\/wp-content\/uploads\/2021\/08\/logo_ibercultura_viva.jpg","width":708,"height":223,"caption":"Iberculturaviva"},"image":{"@id":"https:\/\/iberculturaviva.org\/es\/?lang=es\/#\/schema\/logo\/image\/"},"sameAs":["https:\/\/www.facebook.com\/iberculturaviva\/","https:\/\/www.instagram.com\/iberculturaviva\/","https:\/\/www.youtube.com\/iberculturaviva"]},{"@type":"Person","@id":"https:\/\/iberculturaviva.org\/es\/?lang=es\/#\/schema\/person\/5d1313b072cc25536e0431522f740b59","name":"IberCultura","image":{"@type":"ImageObject","inLanguage":"es","@id":"https:\/\/iberculturaviva.org\/es\/?lang=es\/#\/schema\/person\/image\/","url":"https:\/\/secure.gravatar.com\/avatar\/79f1a057cb125cbefb3765d0356d52fc7f3bba3a35e2cf22bc4de090bb7aef70?s=96&d=mm&r=g","contentUrl":"https:\/\/secure.gravatar.com\/avatar\/79f1a057cb125cbefb3765d0356d52fc7f3bba3a35e2cf22bc4de090bb7aef70?s=96&d=mm&r=g","caption":"IberCultura"}}]}},"main_category":{"link":"https:\/\/iberculturaviva.org\/es\/category\/noticias-es\/","name":"Noticias","slug":"noticias-es"},"_links":{"self":[{"href":"https:\/\/iberculturaviva.org\/es\/wp-json\/wp\/v2\/posts\/16390","targetHints":{"allow":["GET"]}}],"collection":[{"href":"https:\/\/iberculturaviva.org\/es\/wp-json\/wp\/v2\/posts"}],"about":[{"href":"https:\/\/iberculturaviva.org\/es\/wp-json\/wp\/v2\/types\/post"}],"author":[{"embeddable":true,"href":"https:\/\/iberculturaviva.org\/es\/wp-json\/wp\/v2\/users\/2"}],"replies":[{"embeddable":true,"href":"https:\/\/iberculturaviva.org\/es\/wp-json\/wp\/v2\/comments?post=16390"}],"version-history":[{"count":1,"href":"https:\/\/iberculturaviva.org\/es\/wp-json\/wp\/v2\/posts\/16390\/revisions"}],"predecessor-version":[{"id":22670,"href":"https:\/\/iberculturaviva.org\/es\/wp-json\/wp\/v2\/posts\/16390\/revisions\/22670"}],"wp:featuredmedia":[{"embeddable":true,"href":"https:\/\/iberculturaviva.org\/es\/wp-json\/wp\/v2\/media\/19839"}],"wp:attachment":[{"href":"https:\/\/iberculturaviva.org\/es\/wp-json\/wp\/v2\/media?parent=16390"}],"wp:term":[{"taxonomy":"category","embeddable":true,"href":"https:\/\/iberculturaviva.org\/es\/wp-json\/wp\/v2\/categories?post=16390"},{"taxonomy":"post_tag","embeddable":true,"href":"https:\/\/iberculturaviva.org\/es\/wp-json\/wp\/v2\/tags?post=16390"},{"taxonomy":"country-municipality","embeddable":true,"href":"https:\/\/iberculturaviva.org\/es\/wp-json\/wp\/v2\/country-municipality?post=16390"}],"curies":[{"name":"wp","href":"https:\/\/api.w.org\/{rel}","templated":true}]}}