{"id":16380,"date":"2018-06-11T14:42:59","date_gmt":"2018-06-11T17:42:59","guid":{"rendered":"https:\/\/iberculturaviva.org\/organizaciones-culturales-comunitarias-de-chile-se-autoconvocan-y-fundan-red-de-autoeducacion-en-coquimbo\/"},"modified":"2021-01-06T17:15:09","modified_gmt":"2021-01-06T20:15:09","slug":"organizaciones-culturales-comunitarias-de-chile-se-autoconvocan-y-fundan-red-de-autoeducacion-en-coquimbo","status":"publish","type":"post","link":"https:\/\/iberculturaviva.org\/es\/organizaciones-culturales-comunitarias-de-chile-se-autoconvocan-y-fundan-red-de-autoeducacion-en-coquimbo\/","title":{"rendered":"Organizaciones Culturales Comunitarias de Chile se autoconvocan y fundan Red de Autoeducaci\u00f3n en Coquimbo"},"content":{"rendered":"<p style=\"text-align: justify;\"><span style=\"font-weight: 400;\">Para fundar la Red de Autoeducaci\u00f3n Popular Comunitaria, se autoconvocaron en Coquimbo (Chile), entre el 1 y el 3 de junio, organizaciones culturales comunitarias de Iquique, Recoleta, San Joaqu\u00edn, La Legua Vieja, Pe\u00f1aflor, Isla de Maipo, Coquimbo y Andacollo. <\/span><\/p>\n<p style=\"text-align: justify;\"><span style=\"font-weight: 400;\">Hasta noviembre estas organizaciones realizar\u00e1n una formaci\u00f3n\/autoformaci\u00f3n, como parte de un proceso que busca fortalecer el trabajo en red y el aprendizaje de nuevas herramientas que permitan problematizar, levantar nuevas propuestas, profundizar en el fortalecimiento org\u00e1nico, el reconocimiento vecinal y las nuevas formas de participaci\u00f3n de los pobladores y pobladoras con sus organizaciones comunitarias desde sus barrios. <\/span><\/p>\n<p style=\"text-align: justify;\"><span style=\"font-weight: 400;\">La instancia realizada desde la autogesti\u00f3n, sin fondos p\u00fablicos, es un trabajo horizontal entre la Universidad Popular de las Artes, Nueva Acci\u00f3n Comunitaria y la Coordinadora Red Cultura Viva Comunitaria Chile, y permiti\u00f3 dar a conocer las metodolog\u00edas y materias que se construir\u00e1n de forma colectiva, relevando la importancia de un nuevo trato en la democracia vecinal, que busca incidir y aportar de forma vinculante en las pol\u00edticas p\u00fablicas que ata\u00f1en la administraci\u00f3n del territorio local. <\/span><\/p>\n<p style=\"text-align: justify;\"><span style=\"font-weight: 400;\">De esta forma se instaur\u00f3 el reconocimiento Orden Cultura Viva Comunitaria, que se entreg\u00f3 al activista y gestor cultural social Juan Carlos Brown Gonz\u00e1lez, miembro del Centro Cultural Alejandro Chelen Rojas de Coquimbo, por su compromiso y apoyo a los procesos culturales comunitarios.<\/span><\/p>\n<p style=\"text-align: justify;\"><span style=\"font-weight: 400;\">\u201cEl encuentro toc\u00f3 la esencia de todos y todas, al permitir el intercambio concreto de pr\u00e1cticas, experiencias y saberes entre las organizaciones presentes, siendo su base la colaboraci\u00f3n mutua, el cari\u00f1o y el compromiso pol\u00edtico-social. Los desaf\u00edos son a\u00fan mayores, activar la red en diversas regiones del pa\u00eds, cuyos procesos aut\u00f3nomos converjan en el congreso autoconvocado de Cultura Viva Comunitaria, para noviembre de 2018 en Coquimbo\u201d, coment\u00f3 Roberto Tom Garc\u00eda, periodista, gestor cultural y miembro de Red CVC Chile.<\/span><\/p>\n<p style=\"text-align: justify;\"><span style=\"font-weight: 400;\">\u201cConsideramos una revitalizadora energ\u00eda hacia nuestros trabajos comunitarios locales, fortaleciendo el accionar colectivo desde las distintas experiencias y vivencias en la transformaci\u00f3n de la realidad y las injusticias sociales. Accionando desde la alegr\u00eda y esperanza, sembrando desde la infancia la felicidad de construir la producci\u00f3n social del h\u00e1bitat\u201d, se\u00f1al\u00f3 Kain Soto Lama, soci\u00f3logo, gestor cultural, miembro del Centro Cultural ECOS y concejal de Isla de Maipo.<\/span><\/p>\n<p style=\"text-align: justify;\"><span style=\"font-weight: 400;\">\u201cHan sido unas jornadas emocionantes, la fuerza de comunidades como Newen Kallfu nos llena de energ\u00eda, una entrega a pulso, que ha permitido trabajar una metodolog\u00eda donde las organizaciones han podido problematizar, profundizar, reconocerse y visionar nuevas iniciativas para sus organizaciones comunitarias, desde lo colaborativo con las dem\u00e1s organizaciones, un triunfo para la construcci\u00f3n horizontal, para la valorizaci\u00f3n del trabajo org\u00e1nico, ahora a continuar la tarea con responsabilidad y mucho amor\u201d, coment\u00f3 Eduardo Duarte, gestor y agitador cultural, fundador de la Universidad Popular de las Artes.<\/span><\/p>\n<p style=\"text-align: justify;\"><span style=\"font-weight: 400;\">El encuentro permiti\u00f3 (tras una votaci\u00f3n un\u00e1nime) que las organizaciones llegaran a los siguientes acuerdos generales vinculantes: <\/span><\/p>\n<ol>\n<li style=\"text-align: justify;\"><span style=\"font-weight: 400;\">Elaborar un documento con la problematizaci\u00f3n y propuestas de las organizaciones y sus territorios barriales, para presentarlo en las \u00e1reas que corresponda a la institucionalidad, en la b\u00fasqueda conjunta para llevar adelante cada iniciativa o resoluci\u00f3n de cada problem\u00e1tica. <\/span><\/li>\n<li style=\"text-align: justify;\"><span style=\"font-weight: 400;\">La comunidad Newen Kallfu ser\u00e1 recibida por la JJVV La Legua Vieja, para realizar all\u00e1 una huerta comunitaria.<\/span><\/li>\n<li style=\"text-align: justify;\"><span style=\"font-weight: 400;\">La Red CVC Chile y la Red de Autoeducaci\u00f3n Popular Comunitaria buscar\u00e1n instalar la pol\u00edtica y ejercicio activo del vivir bien, buen vivir.<\/span><\/li>\n<li style=\"text-align: justify;\"><span style=\"font-weight: 400;\">Las organizaciones definir\u00e1n una fecha en julio para continuar con el proceso de formaci\u00f3n\/autoformaci\u00f3n de la Red de Autoeducaci\u00f3n Popular Comunitaria, de acuerdo a la realidad de sus propios territorios barriales, invitando a otras organizaciones de su territorio a sumarse.<\/span><\/li>\n<li style=\"text-align: justify;\"><span style=\"font-weight: 400;\">Se realizar\u00e1 en Coquimbo, en noviembre de 2018 (la primera o segunda semana), el Congreso Nacional de Cultura Viva Comunitaria. Llamando a una mesa abierta vinculante de trabajo para los contenidos y metodolog\u00edas a utilizar en dicho congreso.<\/span><\/li>\n<\/ol>\n<p>&nbsp;<\/p>\n<h4>Fuente: <a href=\"https:\/\/www.universidadpopular.cl\/\">Universidad Popular de las Artes<\/a><\/h4>\n","protected":false},"excerpt":{"rendered":"<p>Para fundar la Red de Autoeducaci\u00f3n Popular Comunitaria, se autoconvocaron en Coquimbo (Chile), entre el 1 y el 3 de junio, organizaciones culturales comunitarias de Iquique, Recoleta, San Joaqu\u00edn, La [&hellip;]<\/p>\n","protected":false},"author":2,"featured_media":19776,"comment_status":"closed","ping_status":"closed","sticky":false,"template":"","format":"standard","meta":{"_coblocks_attr":"","_coblocks_dimensions":"","_coblocks_responsive_height":"","_coblocks_accordion_ie_support":"","_EventAllDay":false,"_EventTimezone":"","_EventStartDate":"","_EventEndDate":"","_EventStartDateUTC":"","_EventEndDateUTC":"","_EventShowMap":false,"_EventShowMapLink":false,"_EventURL":"","_EventCost":"","_EventCostDescription":"","_EventCurrencySymbol":"","_EventCurrencyCode":"","_EventCurrencyPosition":"","_EventDateTimeSeparator":"","_EventTimeRangeSeparator":"","_EventOrganizerID":[],"_EventVenueID":[],"_OrganizerEmail":"","_OrganizerPhone":"","_OrganizerWebsite":"","_VenueAddress":"","_VenueCity":"","_VenueCountry":"","_VenueProvince":"","_VenueState":"","_VenueZip":"","_VenuePhone":"","_VenueURL":"","_VenueStateProvince":"","_VenueLat":"","_VenueLng":"","_VenueShowMap":false,"_VenueShowMapLink":false,"footnotes":""},"categories":[262],"tags":[],"country-municipality":[],"class_list":["post-16380","post","type-post","status-publish","format-standard","has-post-thumbnail","hentry","category-noticias-es"],"yoast_head":"<!-- This site is optimized with the Yoast SEO plugin v25.7 - https:\/\/yoast.com\/wordpress\/plugins\/seo\/ -->\n<title>Organizaciones Culturales Comunitarias de Chile se autoconvocan y fundan Red de Autoeducaci\u00f3n en Coquimbo - IberCultura Viva<\/title>\n<meta name=\"description\" content=\"Organizaciones Culturales Comunitarias de Chile se autoconvocan y fundan Red de Autoeducaci\u00f3n en Coquimbo - IberCultura Viva\" \/>\n<meta name=\"robots\" content=\"index, follow, max-snippet:-1, max-image-preview:large, max-video-preview:-1\" \/>\n<link rel=\"canonical\" href=\"https:\/\/iberculturaviva.org\/es\/organizaciones-culturales-comunitarias-de-chile-se-autoconvocan-y-fundan-red-de-autoeducacion-en-coquimbo\/\" \/>\n<meta property=\"og:locale\" content=\"es_ES\" \/>\n<meta property=\"og:type\" content=\"article\" \/>\n<meta property=\"og:title\" content=\"Organizaciones Culturales Comunitarias de Chile se autoconvocan y fundan Red de Autoeducaci\u00f3n en Coquimbo - IberCultura Viva\" \/>\n<meta property=\"og:description\" content=\"Organizaciones Culturales Comunitarias de Chile se autoconvocan y fundan Red de Autoeducaci\u00f3n en Coquimbo - IberCultura Viva\" \/>\n<meta property=\"og:url\" content=\"https:\/\/iberculturaviva.org\/es\/organizaciones-culturales-comunitarias-de-chile-se-autoconvocan-y-fundan-red-de-autoeducacion-en-coquimbo\/\" \/>\n<meta property=\"og:site_name\" content=\"IberCultura Viva\" \/>\n<meta property=\"article:publisher\" content=\"https:\/\/www.facebook.com\/iberculturaviva\/\" \/>\n<meta property=\"article:published_time\" content=\"2018-06-11T17:42:59+00:00\" \/>\n<meta property=\"article:modified_time\" content=\"2021-01-06T20:15:09+00:00\" \/>\n<meta property=\"og:image\" content=\"https:\/\/iberculturaviva.org\/wp-content\/uploads\/2018\/06\/occ-coquimbo.jpeg\" \/>\n\t<meta property=\"og:image:width\" content=\"1280\" \/>\n\t<meta property=\"og:image:height\" content=\"832\" \/>\n\t<meta property=\"og:image:type\" content=\"image\/jpeg\" \/>\n<meta name=\"author\" content=\"IberCultura\" \/>\n<meta name=\"twitter:card\" content=\"summary_large_image\" \/>\n<meta name=\"twitter:label1\" content=\"Escrito por\" \/>\n\t<meta name=\"twitter:data1\" content=\"IberCultura\" \/>\n\t<meta name=\"twitter:label2\" content=\"Tiempo de lectura\" \/>\n\t<meta name=\"twitter:data2\" content=\"3 minutos\" \/>\n<script type=\"application\/ld+json\" class=\"yoast-schema-graph\">{\"@context\":\"https:\/\/schema.org\",\"@graph\":[{\"@type\":\"Article\",\"@id\":\"https:\/\/iberculturaviva.org\/es\/organizaciones-culturales-comunitarias-de-chile-se-autoconvocan-y-fundan-red-de-autoeducacion-en-coquimbo\/#article\",\"isPartOf\":{\"@id\":\"https:\/\/iberculturaviva.org\/es\/organizaciones-culturales-comunitarias-de-chile-se-autoconvocan-y-fundan-red-de-autoeducacion-en-coquimbo\/\"},\"author\":{\"name\":\"IberCultura\",\"@id\":\"https:\/\/iberculturaviva.org\/es\/?lang=es\/#\/schema\/person\/5d1313b072cc25536e0431522f740b59\"},\"headline\":\"Organizaciones Culturales Comunitarias de Chile se autoconvocan y fundan Red de Autoeducaci\u00f3n en Coquimbo\",\"datePublished\":\"2018-06-11T17:42:59+00:00\",\"dateModified\":\"2021-01-06T20:15:09+00:00\",\"mainEntityOfPage\":{\"@id\":\"https:\/\/iberculturaviva.org\/es\/organizaciones-culturales-comunitarias-de-chile-se-autoconvocan-y-fundan-red-de-autoeducacion-en-coquimbo\/\"},\"wordCount\":695,\"publisher\":{\"@id\":\"https:\/\/iberculturaviva.org\/es\/?lang=es\/#organization\"},\"image\":{\"@id\":\"https:\/\/iberculturaviva.org\/es\/organizaciones-culturales-comunitarias-de-chile-se-autoconvocan-y-fundan-red-de-autoeducacion-en-coquimbo\/#primaryimage\"},\"thumbnailUrl\":\"https:\/\/iberculturaviva.org\/wp-content\/uploads\/2018\/06\/occ-coquimbo.jpeg\",\"articleSection\":[\"Noticias\"],\"inLanguage\":\"es\"},{\"@type\":\"WebPage\",\"@id\":\"https:\/\/iberculturaviva.org\/es\/organizaciones-culturales-comunitarias-de-chile-se-autoconvocan-y-fundan-red-de-autoeducacion-en-coquimbo\/\",\"url\":\"https:\/\/iberculturaviva.org\/es\/organizaciones-culturales-comunitarias-de-chile-se-autoconvocan-y-fundan-red-de-autoeducacion-en-coquimbo\/\",\"name\":\"Organizaciones Culturales Comunitarias de Chile se autoconvocan y fundan Red de Autoeducaci\u00f3n en Coquimbo - IberCultura Viva\",\"isPartOf\":{\"@id\":\"https:\/\/iberculturaviva.org\/es\/?lang=es\/#website\"},\"primaryImageOfPage\":{\"@id\":\"https:\/\/iberculturaviva.org\/es\/organizaciones-culturales-comunitarias-de-chile-se-autoconvocan-y-fundan-red-de-autoeducacion-en-coquimbo\/#primaryimage\"},\"image\":{\"@id\":\"https:\/\/iberculturaviva.org\/es\/organizaciones-culturales-comunitarias-de-chile-se-autoconvocan-y-fundan-red-de-autoeducacion-en-coquimbo\/#primaryimage\"},\"thumbnailUrl\":\"https:\/\/iberculturaviva.org\/wp-content\/uploads\/2018\/06\/occ-coquimbo.jpeg\",\"datePublished\":\"2018-06-11T17:42:59+00:00\",\"dateModified\":\"2021-01-06T20:15:09+00:00\",\"description\":\"Organizaciones Culturales Comunitarias de Chile se autoconvocan y fundan Red de Autoeducaci\u00f3n en Coquimbo - IberCultura Viva\",\"breadcrumb\":{\"@id\":\"https:\/\/iberculturaviva.org\/es\/organizaciones-culturales-comunitarias-de-chile-se-autoconvocan-y-fundan-red-de-autoeducacion-en-coquimbo\/#breadcrumb\"},\"inLanguage\":\"es\",\"potentialAction\":[{\"@type\":\"ReadAction\",\"target\":[\"https:\/\/iberculturaviva.org\/es\/organizaciones-culturales-comunitarias-de-chile-se-autoconvocan-y-fundan-red-de-autoeducacion-en-coquimbo\/\"]}]},{\"@type\":\"ImageObject\",\"inLanguage\":\"es\",\"@id\":\"https:\/\/iberculturaviva.org\/es\/organizaciones-culturales-comunitarias-de-chile-se-autoconvocan-y-fundan-red-de-autoeducacion-en-coquimbo\/#primaryimage\",\"url\":\"https:\/\/iberculturaviva.org\/wp-content\/uploads\/2018\/06\/occ-coquimbo.jpeg\",\"contentUrl\":\"https:\/\/iberculturaviva.org\/wp-content\/uploads\/2018\/06\/occ-coquimbo.jpeg\",\"width\":1280,\"height\":832},{\"@type\":\"BreadcrumbList\",\"@id\":\"https:\/\/iberculturaviva.org\/es\/organizaciones-culturales-comunitarias-de-chile-se-autoconvocan-y-fundan-red-de-autoeducacion-en-coquimbo\/#breadcrumb\",\"itemListElement\":[{\"@type\":\"ListItem\",\"position\":1,\"name\":\"In\u00edcio\",\"item\":\"https:\/\/iberculturaviva.org\/es\/inicio\/\"},{\"@type\":\"ListItem\",\"position\":2,\"name\":\"Organizaciones Culturales Comunitarias de Chile se autoconvocan y fundan Red de Autoeducaci\u00f3n en Coquimbo\"}]},{\"@type\":\"WebSite\",\"@id\":\"https:\/\/iberculturaviva.org\/es\/?lang=es\/#website\",\"url\":\"https:\/\/iberculturaviva.org\/es\/?lang=es\/\",\"name\":\"IberCultura Viva\",\"description\":\"Programa de cooperaci\u00f3n cultural\",\"publisher\":{\"@id\":\"https:\/\/iberculturaviva.org\/es\/?lang=es\/#organization\"},\"potentialAction\":[{\"@type\":\"SearchAction\",\"target\":{\"@type\":\"EntryPoint\",\"urlTemplate\":\"https:\/\/iberculturaviva.org\/es\/?lang=es\/?s={search_term_string}\"},\"query-input\":{\"@type\":\"PropertyValueSpecification\",\"valueRequired\":true,\"valueName\":\"search_term_string\"}}],\"inLanguage\":\"es\"},{\"@type\":\"Organization\",\"@id\":\"https:\/\/iberculturaviva.org\/es\/?lang=es\/#organization\",\"name\":\"Iberculturaviva\",\"url\":\"https:\/\/iberculturaviva.org\/es\/?lang=es\/\",\"logo\":{\"@type\":\"ImageObject\",\"inLanguage\":\"es\",\"@id\":\"https:\/\/iberculturaviva.org\/es\/?lang=es\/#\/schema\/logo\/image\/\",\"url\":\"https:\/\/iberculturaviva.org\/wp-content\/uploads\/2021\/08\/logo_ibercultura_viva.jpg\",\"contentUrl\":\"https:\/\/iberculturaviva.org\/wp-content\/uploads\/2021\/08\/logo_ibercultura_viva.jpg\",\"width\":708,\"height\":223,\"caption\":\"Iberculturaviva\"},\"image\":{\"@id\":\"https:\/\/iberculturaviva.org\/es\/?lang=es\/#\/schema\/logo\/image\/\"},\"sameAs\":[\"https:\/\/www.facebook.com\/iberculturaviva\/\",\"https:\/\/www.instagram.com\/iberculturaviva\/\",\"https:\/\/www.youtube.com\/iberculturaviva\"]},{\"@type\":\"Person\",\"@id\":\"https:\/\/iberculturaviva.org\/es\/?lang=es\/#\/schema\/person\/5d1313b072cc25536e0431522f740b59\",\"name\":\"IberCultura\",\"image\":{\"@type\":\"ImageObject\",\"inLanguage\":\"es\",\"@id\":\"https:\/\/iberculturaviva.org\/es\/?lang=es\/#\/schema\/person\/image\/\",\"url\":\"https:\/\/secure.gravatar.com\/avatar\/79f1a057cb125cbefb3765d0356d52fc7f3bba3a35e2cf22bc4de090bb7aef70?s=96&d=mm&r=g\",\"contentUrl\":\"https:\/\/secure.gravatar.com\/avatar\/79f1a057cb125cbefb3765d0356d52fc7f3bba3a35e2cf22bc4de090bb7aef70?s=96&d=mm&r=g\",\"caption\":\"IberCultura\"}}]}<\/script>\n<!-- \/ Yoast SEO plugin. -->","yoast_head_json":{"title":"Organizaciones Culturales Comunitarias de Chile se autoconvocan y fundan Red de Autoeducaci\u00f3n en Coquimbo - IberCultura Viva","description":"Organizaciones Culturales Comunitarias de Chile se autoconvocan y fundan Red de Autoeducaci\u00f3n en Coquimbo - IberCultura Viva","robots":{"index":"index","follow":"follow","max-snippet":"max-snippet:-1","max-image-preview":"max-image-preview:large","max-video-preview":"max-video-preview:-1"},"canonical":"https:\/\/iberculturaviva.org\/es\/organizaciones-culturales-comunitarias-de-chile-se-autoconvocan-y-fundan-red-de-autoeducacion-en-coquimbo\/","og_locale":"es_ES","og_type":"article","og_title":"Organizaciones Culturales Comunitarias de Chile se autoconvocan y fundan Red de Autoeducaci\u00f3n en Coquimbo - IberCultura Viva","og_description":"Organizaciones Culturales Comunitarias de Chile se autoconvocan y fundan Red de Autoeducaci\u00f3n en Coquimbo - IberCultura Viva","og_url":"https:\/\/iberculturaviva.org\/es\/organizaciones-culturales-comunitarias-de-chile-se-autoconvocan-y-fundan-red-de-autoeducacion-en-coquimbo\/","og_site_name":"IberCultura Viva","article_publisher":"https:\/\/www.facebook.com\/iberculturaviva\/","article_published_time":"2018-06-11T17:42:59+00:00","article_modified_time":"2021-01-06T20:15:09+00:00","og_image":[{"width":1280,"height":832,"url":"https:\/\/iberculturaviva.org\/wp-content\/uploads\/2018\/06\/occ-coquimbo.jpeg","type":"image\/jpeg"}],"author":"IberCultura","twitter_card":"summary_large_image","twitter_misc":{"Escrito por":"IberCultura","Tiempo de lectura":"3 minutos"},"schema":{"@context":"https:\/\/schema.org","@graph":[{"@type":"Article","@id":"https:\/\/iberculturaviva.org\/es\/organizaciones-culturales-comunitarias-de-chile-se-autoconvocan-y-fundan-red-de-autoeducacion-en-coquimbo\/#article","isPartOf":{"@id":"https:\/\/iberculturaviva.org\/es\/organizaciones-culturales-comunitarias-de-chile-se-autoconvocan-y-fundan-red-de-autoeducacion-en-coquimbo\/"},"author":{"name":"IberCultura","@id":"https:\/\/iberculturaviva.org\/es\/?lang=es\/#\/schema\/person\/5d1313b072cc25536e0431522f740b59"},"headline":"Organizaciones Culturales Comunitarias de Chile se autoconvocan y fundan Red de Autoeducaci\u00f3n en Coquimbo","datePublished":"2018-06-11T17:42:59+00:00","dateModified":"2021-01-06T20:15:09+00:00","mainEntityOfPage":{"@id":"https:\/\/iberculturaviva.org\/es\/organizaciones-culturales-comunitarias-de-chile-se-autoconvocan-y-fundan-red-de-autoeducacion-en-coquimbo\/"},"wordCount":695,"publisher":{"@id":"https:\/\/iberculturaviva.org\/es\/?lang=es\/#organization"},"image":{"@id":"https:\/\/iberculturaviva.org\/es\/organizaciones-culturales-comunitarias-de-chile-se-autoconvocan-y-fundan-red-de-autoeducacion-en-coquimbo\/#primaryimage"},"thumbnailUrl":"https:\/\/iberculturaviva.org\/wp-content\/uploads\/2018\/06\/occ-coquimbo.jpeg","articleSection":["Noticias"],"inLanguage":"es"},{"@type":"WebPage","@id":"https:\/\/iberculturaviva.org\/es\/organizaciones-culturales-comunitarias-de-chile-se-autoconvocan-y-fundan-red-de-autoeducacion-en-coquimbo\/","url":"https:\/\/iberculturaviva.org\/es\/organizaciones-culturales-comunitarias-de-chile-se-autoconvocan-y-fundan-red-de-autoeducacion-en-coquimbo\/","name":"Organizaciones Culturales Comunitarias de Chile se autoconvocan y fundan Red de Autoeducaci\u00f3n en Coquimbo - IberCultura Viva","isPartOf":{"@id":"https:\/\/iberculturaviva.org\/es\/?lang=es\/#website"},"primaryImageOfPage":{"@id":"https:\/\/iberculturaviva.org\/es\/organizaciones-culturales-comunitarias-de-chile-se-autoconvocan-y-fundan-red-de-autoeducacion-en-coquimbo\/#primaryimage"},"image":{"@id":"https:\/\/iberculturaviva.org\/es\/organizaciones-culturales-comunitarias-de-chile-se-autoconvocan-y-fundan-red-de-autoeducacion-en-coquimbo\/#primaryimage"},"thumbnailUrl":"https:\/\/iberculturaviva.org\/wp-content\/uploads\/2018\/06\/occ-coquimbo.jpeg","datePublished":"2018-06-11T17:42:59+00:00","dateModified":"2021-01-06T20:15:09+00:00","description":"Organizaciones Culturales Comunitarias de Chile se autoconvocan y fundan Red de Autoeducaci\u00f3n en Coquimbo - IberCultura Viva","breadcrumb":{"@id":"https:\/\/iberculturaviva.org\/es\/organizaciones-culturales-comunitarias-de-chile-se-autoconvocan-y-fundan-red-de-autoeducacion-en-coquimbo\/#breadcrumb"},"inLanguage":"es","potentialAction":[{"@type":"ReadAction","target":["https:\/\/iberculturaviva.org\/es\/organizaciones-culturales-comunitarias-de-chile-se-autoconvocan-y-fundan-red-de-autoeducacion-en-coquimbo\/"]}]},{"@type":"ImageObject","inLanguage":"es","@id":"https:\/\/iberculturaviva.org\/es\/organizaciones-culturales-comunitarias-de-chile-se-autoconvocan-y-fundan-red-de-autoeducacion-en-coquimbo\/#primaryimage","url":"https:\/\/iberculturaviva.org\/wp-content\/uploads\/2018\/06\/occ-coquimbo.jpeg","contentUrl":"https:\/\/iberculturaviva.org\/wp-content\/uploads\/2018\/06\/occ-coquimbo.jpeg","width":1280,"height":832},{"@type":"BreadcrumbList","@id":"https:\/\/iberculturaviva.org\/es\/organizaciones-culturales-comunitarias-de-chile-se-autoconvocan-y-fundan-red-de-autoeducacion-en-coquimbo\/#breadcrumb","itemListElement":[{"@type":"ListItem","position":1,"name":"In\u00edcio","item":"https:\/\/iberculturaviva.org\/es\/inicio\/"},{"@type":"ListItem","position":2,"name":"Organizaciones Culturales Comunitarias de Chile se autoconvocan y fundan Red de Autoeducaci\u00f3n en Coquimbo"}]},{"@type":"WebSite","@id":"https:\/\/iberculturaviva.org\/es\/?lang=es\/#website","url":"https:\/\/iberculturaviva.org\/es\/?lang=es\/","name":"IberCultura Viva","description":"Programa de cooperaci\u00f3n cultural","publisher":{"@id":"https:\/\/iberculturaviva.org\/es\/?lang=es\/#organization"},"potentialAction":[{"@type":"SearchAction","target":{"@type":"EntryPoint","urlTemplate":"https:\/\/iberculturaviva.org\/es\/?lang=es\/?s={search_term_string}"},"query-input":{"@type":"PropertyValueSpecification","valueRequired":true,"valueName":"search_term_string"}}],"inLanguage":"es"},{"@type":"Organization","@id":"https:\/\/iberculturaviva.org\/es\/?lang=es\/#organization","name":"Iberculturaviva","url":"https:\/\/iberculturaviva.org\/es\/?lang=es\/","logo":{"@type":"ImageObject","inLanguage":"es","@id":"https:\/\/iberculturaviva.org\/es\/?lang=es\/#\/schema\/logo\/image\/","url":"https:\/\/iberculturaviva.org\/wp-content\/uploads\/2021\/08\/logo_ibercultura_viva.jpg","contentUrl":"https:\/\/iberculturaviva.org\/wp-content\/uploads\/2021\/08\/logo_ibercultura_viva.jpg","width":708,"height":223,"caption":"Iberculturaviva"},"image":{"@id":"https:\/\/iberculturaviva.org\/es\/?lang=es\/#\/schema\/logo\/image\/"},"sameAs":["https:\/\/www.facebook.com\/iberculturaviva\/","https:\/\/www.instagram.com\/iberculturaviva\/","https:\/\/www.youtube.com\/iberculturaviva"]},{"@type":"Person","@id":"https:\/\/iberculturaviva.org\/es\/?lang=es\/#\/schema\/person\/5d1313b072cc25536e0431522f740b59","name":"IberCultura","image":{"@type":"ImageObject","inLanguage":"es","@id":"https:\/\/iberculturaviva.org\/es\/?lang=es\/#\/schema\/person\/image\/","url":"https:\/\/secure.gravatar.com\/avatar\/79f1a057cb125cbefb3765d0356d52fc7f3bba3a35e2cf22bc4de090bb7aef70?s=96&d=mm&r=g","contentUrl":"https:\/\/secure.gravatar.com\/avatar\/79f1a057cb125cbefb3765d0356d52fc7f3bba3a35e2cf22bc4de090bb7aef70?s=96&d=mm&r=g","caption":"IberCultura"}}]}},"main_category":{"link":"https:\/\/iberculturaviva.org\/es\/category\/noticias-es\/","name":"Noticias","slug":"noticias-es"},"_links":{"self":[{"href":"https:\/\/iberculturaviva.org\/es\/wp-json\/wp\/v2\/posts\/16380","targetHints":{"allow":["GET"]}}],"collection":[{"href":"https:\/\/iberculturaviva.org\/es\/wp-json\/wp\/v2\/posts"}],"about":[{"href":"https:\/\/iberculturaviva.org\/es\/wp-json\/wp\/v2\/types\/post"}],"author":[{"embeddable":true,"href":"https:\/\/iberculturaviva.org\/es\/wp-json\/wp\/v2\/users\/2"}],"replies":[{"embeddable":true,"href":"https:\/\/iberculturaviva.org\/es\/wp-json\/wp\/v2\/comments?post=16380"}],"version-history":[{"count":1,"href":"https:\/\/iberculturaviva.org\/es\/wp-json\/wp\/v2\/posts\/16380\/revisions"}],"predecessor-version":[{"id":22675,"href":"https:\/\/iberculturaviva.org\/es\/wp-json\/wp\/v2\/posts\/16380\/revisions\/22675"}],"wp:featuredmedia":[{"embeddable":true,"href":"https:\/\/iberculturaviva.org\/es\/wp-json\/wp\/v2\/media\/19776"}],"wp:attachment":[{"href":"https:\/\/iberculturaviva.org\/es\/wp-json\/wp\/v2\/media?parent=16380"}],"wp:term":[{"taxonomy":"category","embeddable":true,"href":"https:\/\/iberculturaviva.org\/es\/wp-json\/wp\/v2\/categories?post=16380"},{"taxonomy":"post_tag","embeddable":true,"href":"https:\/\/iberculturaviva.org\/es\/wp-json\/wp\/v2\/tags?post=16380"},{"taxonomy":"country-municipality","embeddable":true,"href":"https:\/\/iberculturaviva.org\/es\/wp-json\/wp\/v2\/country-municipality?post=16380"}],"curies":[{"name":"wp","href":"https:\/\/api.w.org\/{rel}","templated":true}]}}