{"id":16358,"date":"2018-05-08T17:25:23","date_gmt":"2018-05-08T20:25:23","guid":{"rendered":"https:\/\/iberculturaviva.org\/conoce-a-los-10-seleccionados-del-concurso-de-videos-sobre-comunidades-afrodescendientes\/"},"modified":"2021-01-06T17:16:19","modified_gmt":"2021-01-06T20:16:19","slug":"conoce-a-los-10-seleccionados-del-concurso-de-videos-sobre-comunidades-afrodescendientes","status":"publish","type":"post","link":"https:\/\/iberculturaviva.org\/es\/conoce-a-los-10-seleccionados-del-concurso-de-videos-sobre-comunidades-afrodescendientes\/","title":{"rendered":"Conoce a los 10 seleccionados del Concurso de videos sobre comunidades afrodescendientes"},"content":{"rendered":"<p style=\"text-align: justify;\"><span style=\"font-weight: 400;\">El programa IberCultura Viva informa los 10 videos seleccionados en el Concurso de cortometrajes \u201cComunidades Afrodescendientes: Reconocimiento, Justicia y Desarrollo\u201d. Los que tuvieron mayor puntaje son cinco de Brasil, tres de Argentina y dos de Chile. Las personas ganadoras recibir\u00e1n premios de US$ 500. <\/span><\/p>\n<p style=\"text-align: justify;\"><span style=\"font-weight: 400;\">El plazo de presentaci\u00f3n de recursos terminar\u00e1 el jueves 10 de mayo a las 23:59 (horario de Buenos Aires, Argentina). Las personas candidatas interesadas en interponer recursos deber\u00e1n dirigir un texto con los motivos para la reconsideraci\u00f3n de la evaluaci\u00f3n al correo electr\u00f3nico <\/span><a href=\"mailto:programa@iberculturaviva.org\"><span style=\"font-weight: 400;\">programa<\/span><span style=\"font-weight: 400;\">@iberculturaviva.org<\/span><\/a><span style=\"font-weight: 400;\"> indicando en el asunto \u201cRecurso\u201d y la identificaci\u00f3n de la persona responsable. La relaci\u00f3n definitiva de seleccionados ser\u00e1 divulgada tras el plazo de an\u00e1lisis de los recursos.<\/span><\/p>\n<h4><b>Objetivo<\/b><\/h4>\n<p style=\"text-align: justify;\"><span style=\"font-weight: 400;\">Lanzado por el programa IberCultura Viva y la Oficina de Representaci\u00f3n en Brasil de la Organizaci\u00f3n de las Naciones Unidas para la Educaci\u00f3n, la Ciencia y la Cultura (UNESCO), el concurso tuvo como objetivo seleccionar videos que reflexionaran sobre la b\u00fasqueda de las comunidades afrodescendientes por el pleno ejercicio de sus derechos culturales y\/o la valorizaci\u00f3n de sus aportes en la constituci\u00f3n, promoci\u00f3n y desarrollo de la cultura iberoamericana. <\/span><\/p>\n<p style=\"text-align: justify;\"><span style=\"font-weight: 400;\"><a href=\"https:\/\/iberculturaviva.org\/wp-content\/uploads\/2017\/11\/04-Flyer-Corto-ESPA\u00d1OL-01.jpg\"><img loading=\"lazy\" decoding=\"async\" class=\" wp-image-8224 alignright\" src=\"https:\/\/iberculturaviva.org\/wp-content\/uploads\/2017\/11\/04-Flyer-Corto-ESPA\u00d1OL-01-960x960.jpg\" alt=\"\" width=\"230\" height=\"230\" \/><\/a>El plazo de inscripciones comenz\u00f3 el 20 de noviembre de 2017 y termin\u00f3 el 15 de febrero de 2018. La convocatoria estuvo destinada a personas mayores de 18 a\u00f1os de los pa\u00edses miembros del Consejo Intergubernamental IberCultura Viva: Argentina, Brasil, Chile, Costa Rica, Ecuador, Guatemala, El Salvador, Espa\u00f1a, M\u00e9xico, Per\u00fa y Uruguay.<\/span><\/p>\n<p style=\"text-align: justify;\"><span style=\"font-weight: 400;\">Los videos pod\u00edan pertenecer a cualquier g\u00e9nero audiovisual (documental, ficci\u00f3n, animaci\u00f3n, period\u00edstico, etc). Deb\u00edan tener una duraci\u00f3n de 1 a 3 minutos y estar dirigidos al p\u00fablico en general, con clasificaci\u00f3n etaria libre. Seg\u00fan las bases, los videos realizados por afrodescendientes y\/o por mujeres tendr\u00edan mayor puntuaci\u00f3n.<\/span><\/p>\n<p>&nbsp;<\/p>\n<h4><b>Habilitados<\/b><\/h4>\n<p style=\"text-align: justify;\"><span style=\"font-weight: 400;\">De los 132 videos inscritos, fueron habilitados 90. De este total 57 eran de Brasil, 16 de Argentina, 6 de Chile, 3 de Costa Rica, 3 de Ecuador, 3 de Uruguay, 1 de Per\u00fa, y 1 de M\u00e9xico. (La comisi\u00f3n organizadora decidi\u00f3 habilitar la participaci\u00f3n de dos videos producidos por personas migrantes, procedentes de pa\u00edses fuera del \u00e1mbito del concurso, pero con residencia en pa\u00edses que forman parte del programa y con contenidos realizados en sus pa\u00edses de acogida.)<\/span><\/p>\n<p style=\"text-align: justify;\"><span style=\"font-weight: 400;\">Este fue el segundo concurso de audiovisuales promovido por IberCultura Viva. En 2016 el programa lanz\u00f3 el Concurso de Videominuto \u201cMujeres: culturas y comunidades\u201d, y premi\u00f3 10 videos de realizadoras de cuatro pa\u00edses (Brasil, Argentina, Per\u00fa y M\u00e9xico). Esta convocatoria tuvo como objetivo dar visibilidad al aporte fundamental de las mujeres en la cultura y la organizaci\u00f3n comunitaria, contrarrestando actitudes y estereotipos discriminatorios que contribuyen a la desigualdad de g\u00e9nero y la violencia.<\/span><\/p>\n<p>&nbsp;<\/p>\n<h4><b>Revisa<\/b><b> la lista de videos seleccionados: <\/b><\/h4>\n<h4><strong><a href=\"https:\/\/iberculturaviva.org\/wp-content\/uploads\/2018\/05\/AFRO3-Concurso-VIDEOS-2018-Resultado.pdf\">Informaci\u00f3n a los Interesados III: Etapa de Selecci\u00f3n &#8211; Concurso de cortos audiovisuales \u201cComunidades Afrodescendientes: Reconocimiento, Justicia y Desarrollo\u201d &#8211; Resultado<\/a><\/strong><\/h4>\n<p><a href=\"https:\/\/iberculturaviva.org\/wp-content\/uploads\/2018\/02\/INFORMACI%C3%93N-A-LOS-INTERESADOS-II-Recursos-Concurso-de-cortos-.pdf\">Informaci\u00f3n a los Interesados II: Etapa de Habilitaci\u00f3n \u2013 Concurso de cortos audiovisuales \u201cComunidades Afrodescendientes: Reconocimiento, Justicia y Desarrollo\u201d\u00a0<\/a><\/p>\n<p><a href=\"https:\/\/iberculturaviva.org\/wp-content\/uploads\/2018\/02\/INFORMACI%C3%93N-A-LOS-INTERESADOS-I-Habilitaci%C3%B3n-Concurso-de-cortos-.pdf\"><span style=\"font-weight: 400;\">Informaci\u00f3n a los Interesados I: Etapa de Habilitaci\u00f3n \u2013 Concurso de cortos audiovisuales \u201cComunidades Afrodescendientes: Reconocimiento, Justicia y Desarrollo\u201d.<\/span><\/a><\/p>\n<p>&nbsp;<\/p>\n","protected":false},"excerpt":{"rendered":"<p>El programa IberCultura Viva informa los 10 videos seleccionados en el Concurso de cortometrajes \u201cComunidades Afrodescendientes: Reconocimiento, Justicia y Desarrollo\u201d. Los que tuvieron mayor puntaje son cinco de Brasil, tres [&hellip;]<\/p>\n","protected":false},"author":2,"featured_media":19476,"comment_status":"closed","ping_status":"closed","sticky":false,"template":"","format":"standard","meta":{"_coblocks_attr":"","_coblocks_dimensions":"","_coblocks_responsive_height":"","_coblocks_accordion_ie_support":"","_EventAllDay":false,"_EventTimezone":"","_EventStartDate":"","_EventEndDate":"","_EventStartDateUTC":"","_EventEndDateUTC":"","_EventShowMap":false,"_EventShowMapLink":false,"_EventURL":"","_EventCost":"","_EventCostDescription":"","_EventCurrencySymbol":"","_EventCurrencyCode":"","_EventCurrencyPosition":"","_EventDateTimeSeparator":"","_EventTimeRangeSeparator":"","_EventOrganizerID":[],"_EventVenueID":[],"_OrganizerEmail":"","_OrganizerPhone":"","_OrganizerWebsite":"","_VenueAddress":"","_VenueCity":"","_VenueCountry":"","_VenueProvince":"","_VenueState":"","_VenueZip":"","_VenuePhone":"","_VenueURL":"","_VenueStateProvince":"","_VenueLat":"","_VenueLng":"","_VenueShowMap":false,"_VenueShowMapLink":false,"footnotes":""},"categories":[250,262],"tags":[],"country-municipality":[],"class_list":["post-16358","post","type-post","status-publish","format-standard","has-post-thumbnail","hentry","category-convocatorias","category-noticias-es"],"yoast_head":"<!-- This site is optimized with the Yoast SEO plugin v25.7 - https:\/\/yoast.com\/wordpress\/plugins\/seo\/ -->\n<title>Conoce a los 10 seleccionados del Concurso de videos sobre comunidades afrodescendientes - IberCultura Viva<\/title>\n<meta name=\"description\" content=\"Conoce a los 10 seleccionados del Concurso de videos sobre comunidades afrodescendientes - IberCultura Viva\" \/>\n<meta name=\"robots\" content=\"index, follow, max-snippet:-1, max-image-preview:large, max-video-preview:-1\" \/>\n<link rel=\"canonical\" href=\"https:\/\/iberculturaviva.org\/es\/conoce-a-los-10-seleccionados-del-concurso-de-videos-sobre-comunidades-afrodescendientes\/\" \/>\n<meta property=\"og:locale\" content=\"es_ES\" \/>\n<meta property=\"og:type\" content=\"article\" \/>\n<meta property=\"og:title\" content=\"Conoce a los 10 seleccionados del Concurso de videos sobre comunidades afrodescendientes - IberCultura Viva\" \/>\n<meta property=\"og:description\" content=\"Conoce a los 10 seleccionados del Concurso de videos sobre comunidades afrodescendientes - IberCultura Viva\" \/>\n<meta property=\"og:url\" content=\"https:\/\/iberculturaviva.org\/es\/conoce-a-los-10-seleccionados-del-concurso-de-videos-sobre-comunidades-afrodescendientes\/\" \/>\n<meta property=\"og:site_name\" content=\"IberCultura Viva\" \/>\n<meta property=\"article:publisher\" content=\"https:\/\/www.facebook.com\/iberculturaviva\/\" \/>\n<meta property=\"article:published_time\" content=\"2018-05-08T20:25:23+00:00\" \/>\n<meta property=\"article:modified_time\" content=\"2021-01-06T20:16:19+00:00\" \/>\n<meta property=\"og:image\" content=\"https:\/\/iberculturaviva.org\/wp-content\/uploads\/2017\/11\/emergencias2-e1510938796422.jpg\" \/>\n\t<meta property=\"og:image:width\" content=\"2500\" \/>\n\t<meta property=\"og:image:height\" content=\"1667\" \/>\n\t<meta property=\"og:image:type\" content=\"image\/jpeg\" \/>\n<meta name=\"author\" content=\"IberCultura\" \/>\n<meta name=\"twitter:card\" content=\"summary_large_image\" \/>\n<meta name=\"twitter:label1\" content=\"Escrito por\" \/>\n\t<meta name=\"twitter:data1\" content=\"IberCultura\" \/>\n\t<meta name=\"twitter:label2\" content=\"Tiempo de lectura\" \/>\n\t<meta name=\"twitter:data2\" content=\"3 minutos\" \/>\n<script type=\"application\/ld+json\" class=\"yoast-schema-graph\">{\"@context\":\"https:\/\/schema.org\",\"@graph\":[{\"@type\":\"Article\",\"@id\":\"https:\/\/iberculturaviva.org\/es\/conoce-a-los-10-seleccionados-del-concurso-de-videos-sobre-comunidades-afrodescendientes\/#article\",\"isPartOf\":{\"@id\":\"https:\/\/iberculturaviva.org\/es\/conoce-a-los-10-seleccionados-del-concurso-de-videos-sobre-comunidades-afrodescendientes\/\"},\"author\":{\"name\":\"IberCultura\",\"@id\":\"https:\/\/iberculturaviva.org\/es\/?lang=es\/#\/schema\/person\/5d1313b072cc25536e0431522f740b59\"},\"headline\":\"Conoce a los 10 seleccionados del Concurso de videos sobre comunidades afrodescendientes\",\"datePublished\":\"2018-05-08T20:25:23+00:00\",\"dateModified\":\"2021-01-06T20:16:19+00:00\",\"mainEntityOfPage\":{\"@id\":\"https:\/\/iberculturaviva.org\/es\/conoce-a-los-10-seleccionados-del-concurso-de-videos-sobre-comunidades-afrodescendientes\/\"},\"wordCount\":543,\"publisher\":{\"@id\":\"https:\/\/iberculturaviva.org\/es\/?lang=es\/#organization\"},\"image\":{\"@id\":\"https:\/\/iberculturaviva.org\/es\/conoce-a-los-10-seleccionados-del-concurso-de-videos-sobre-comunidades-afrodescendientes\/#primaryimage\"},\"thumbnailUrl\":\"https:\/\/iberculturaviva.org\/wp-content\/uploads\/2017\/11\/emergencias2-e1510938796422.jpg\",\"articleSection\":[\"Convocatorias\",\"Noticias\"],\"inLanguage\":\"es\"},{\"@type\":\"WebPage\",\"@id\":\"https:\/\/iberculturaviva.org\/es\/conoce-a-los-10-seleccionados-del-concurso-de-videos-sobre-comunidades-afrodescendientes\/\",\"url\":\"https:\/\/iberculturaviva.org\/es\/conoce-a-los-10-seleccionados-del-concurso-de-videos-sobre-comunidades-afrodescendientes\/\",\"name\":\"Conoce a los 10 seleccionados del Concurso de videos sobre comunidades afrodescendientes - IberCultura Viva\",\"isPartOf\":{\"@id\":\"https:\/\/iberculturaviva.org\/es\/?lang=es\/#website\"},\"primaryImageOfPage\":{\"@id\":\"https:\/\/iberculturaviva.org\/es\/conoce-a-los-10-seleccionados-del-concurso-de-videos-sobre-comunidades-afrodescendientes\/#primaryimage\"},\"image\":{\"@id\":\"https:\/\/iberculturaviva.org\/es\/conoce-a-los-10-seleccionados-del-concurso-de-videos-sobre-comunidades-afrodescendientes\/#primaryimage\"},\"thumbnailUrl\":\"https:\/\/iberculturaviva.org\/wp-content\/uploads\/2017\/11\/emergencias2-e1510938796422.jpg\",\"datePublished\":\"2018-05-08T20:25:23+00:00\",\"dateModified\":\"2021-01-06T20:16:19+00:00\",\"description\":\"Conoce a los 10 seleccionados del Concurso de videos sobre comunidades afrodescendientes - IberCultura Viva\",\"breadcrumb\":{\"@id\":\"https:\/\/iberculturaviva.org\/es\/conoce-a-los-10-seleccionados-del-concurso-de-videos-sobre-comunidades-afrodescendientes\/#breadcrumb\"},\"inLanguage\":\"es\",\"potentialAction\":[{\"@type\":\"ReadAction\",\"target\":[\"https:\/\/iberculturaviva.org\/es\/conoce-a-los-10-seleccionados-del-concurso-de-videos-sobre-comunidades-afrodescendientes\/\"]}]},{\"@type\":\"ImageObject\",\"inLanguage\":\"es\",\"@id\":\"https:\/\/iberculturaviva.org\/es\/conoce-a-los-10-seleccionados-del-concurso-de-videos-sobre-comunidades-afrodescendientes\/#primaryimage\",\"url\":\"https:\/\/iberculturaviva.org\/wp-content\/uploads\/2017\/11\/emergencias2-e1510938796422.jpg\",\"contentUrl\":\"https:\/\/iberculturaviva.org\/wp-content\/uploads\/2017\/11\/emergencias2-e1510938796422.jpg\",\"width\":2500,\"height\":1667},{\"@type\":\"BreadcrumbList\",\"@id\":\"https:\/\/iberculturaviva.org\/es\/conoce-a-los-10-seleccionados-del-concurso-de-videos-sobre-comunidades-afrodescendientes\/#breadcrumb\",\"itemListElement\":[{\"@type\":\"ListItem\",\"position\":1,\"name\":\"In\u00edcio\",\"item\":\"https:\/\/iberculturaviva.org\/es\/inicio\/\"},{\"@type\":\"ListItem\",\"position\":2,\"name\":\"Conoce a los 10 seleccionados del Concurso de videos sobre comunidades afrodescendientes\"}]},{\"@type\":\"WebSite\",\"@id\":\"https:\/\/iberculturaviva.org\/es\/?lang=es\/#website\",\"url\":\"https:\/\/iberculturaviva.org\/es\/?lang=es\/\",\"name\":\"IberCultura Viva\",\"description\":\"Programa de cooperaci\u00f3n cultural\",\"publisher\":{\"@id\":\"https:\/\/iberculturaviva.org\/es\/?lang=es\/#organization\"},\"potentialAction\":[{\"@type\":\"SearchAction\",\"target\":{\"@type\":\"EntryPoint\",\"urlTemplate\":\"https:\/\/iberculturaviva.org\/es\/?lang=es\/?s={search_term_string}\"},\"query-input\":{\"@type\":\"PropertyValueSpecification\",\"valueRequired\":true,\"valueName\":\"search_term_string\"}}],\"inLanguage\":\"es\"},{\"@type\":\"Organization\",\"@id\":\"https:\/\/iberculturaviva.org\/es\/?lang=es\/#organization\",\"name\":\"Iberculturaviva\",\"url\":\"https:\/\/iberculturaviva.org\/es\/?lang=es\/\",\"logo\":{\"@type\":\"ImageObject\",\"inLanguage\":\"es\",\"@id\":\"https:\/\/iberculturaviva.org\/es\/?lang=es\/#\/schema\/logo\/image\/\",\"url\":\"https:\/\/iberculturaviva.org\/wp-content\/uploads\/2021\/08\/logo_ibercultura_viva.jpg\",\"contentUrl\":\"https:\/\/iberculturaviva.org\/wp-content\/uploads\/2021\/08\/logo_ibercultura_viva.jpg\",\"width\":708,\"height\":223,\"caption\":\"Iberculturaviva\"},\"image\":{\"@id\":\"https:\/\/iberculturaviva.org\/es\/?lang=es\/#\/schema\/logo\/image\/\"},\"sameAs\":[\"https:\/\/www.facebook.com\/iberculturaviva\/\",\"https:\/\/www.instagram.com\/iberculturaviva\/\",\"https:\/\/www.youtube.com\/iberculturaviva\"]},{\"@type\":\"Person\",\"@id\":\"https:\/\/iberculturaviva.org\/es\/?lang=es\/#\/schema\/person\/5d1313b072cc25536e0431522f740b59\",\"name\":\"IberCultura\",\"image\":{\"@type\":\"ImageObject\",\"inLanguage\":\"es\",\"@id\":\"https:\/\/iberculturaviva.org\/es\/?lang=es\/#\/schema\/person\/image\/\",\"url\":\"https:\/\/secure.gravatar.com\/avatar\/79f1a057cb125cbefb3765d0356d52fc7f3bba3a35e2cf22bc4de090bb7aef70?s=96&d=mm&r=g\",\"contentUrl\":\"https:\/\/secure.gravatar.com\/avatar\/79f1a057cb125cbefb3765d0356d52fc7f3bba3a35e2cf22bc4de090bb7aef70?s=96&d=mm&r=g\",\"caption\":\"IberCultura\"}}]}<\/script>\n<!-- \/ Yoast SEO plugin. -->","yoast_head_json":{"title":"Conoce a los 10 seleccionados del Concurso de videos sobre comunidades afrodescendientes - IberCultura Viva","description":"Conoce a los 10 seleccionados del Concurso de videos sobre comunidades afrodescendientes - IberCultura Viva","robots":{"index":"index","follow":"follow","max-snippet":"max-snippet:-1","max-image-preview":"max-image-preview:large","max-video-preview":"max-video-preview:-1"},"canonical":"https:\/\/iberculturaviva.org\/es\/conoce-a-los-10-seleccionados-del-concurso-de-videos-sobre-comunidades-afrodescendientes\/","og_locale":"es_ES","og_type":"article","og_title":"Conoce a los 10 seleccionados del Concurso de videos sobre comunidades afrodescendientes - IberCultura Viva","og_description":"Conoce a los 10 seleccionados del Concurso de videos sobre comunidades afrodescendientes - IberCultura Viva","og_url":"https:\/\/iberculturaviva.org\/es\/conoce-a-los-10-seleccionados-del-concurso-de-videos-sobre-comunidades-afrodescendientes\/","og_site_name":"IberCultura Viva","article_publisher":"https:\/\/www.facebook.com\/iberculturaviva\/","article_published_time":"2018-05-08T20:25:23+00:00","article_modified_time":"2021-01-06T20:16:19+00:00","og_image":[{"width":2500,"height":1667,"url":"https:\/\/iberculturaviva.org\/wp-content\/uploads\/2017\/11\/emergencias2-e1510938796422.jpg","type":"image\/jpeg"}],"author":"IberCultura","twitter_card":"summary_large_image","twitter_misc":{"Escrito por":"IberCultura","Tiempo de lectura":"3 minutos"},"schema":{"@context":"https:\/\/schema.org","@graph":[{"@type":"Article","@id":"https:\/\/iberculturaviva.org\/es\/conoce-a-los-10-seleccionados-del-concurso-de-videos-sobre-comunidades-afrodescendientes\/#article","isPartOf":{"@id":"https:\/\/iberculturaviva.org\/es\/conoce-a-los-10-seleccionados-del-concurso-de-videos-sobre-comunidades-afrodescendientes\/"},"author":{"name":"IberCultura","@id":"https:\/\/iberculturaviva.org\/es\/?lang=es\/#\/schema\/person\/5d1313b072cc25536e0431522f740b59"},"headline":"Conoce a los 10 seleccionados del Concurso de videos sobre comunidades afrodescendientes","datePublished":"2018-05-08T20:25:23+00:00","dateModified":"2021-01-06T20:16:19+00:00","mainEntityOfPage":{"@id":"https:\/\/iberculturaviva.org\/es\/conoce-a-los-10-seleccionados-del-concurso-de-videos-sobre-comunidades-afrodescendientes\/"},"wordCount":543,"publisher":{"@id":"https:\/\/iberculturaviva.org\/es\/?lang=es\/#organization"},"image":{"@id":"https:\/\/iberculturaviva.org\/es\/conoce-a-los-10-seleccionados-del-concurso-de-videos-sobre-comunidades-afrodescendientes\/#primaryimage"},"thumbnailUrl":"https:\/\/iberculturaviva.org\/wp-content\/uploads\/2017\/11\/emergencias2-e1510938796422.jpg","articleSection":["Convocatorias","Noticias"],"inLanguage":"es"},{"@type":"WebPage","@id":"https:\/\/iberculturaviva.org\/es\/conoce-a-los-10-seleccionados-del-concurso-de-videos-sobre-comunidades-afrodescendientes\/","url":"https:\/\/iberculturaviva.org\/es\/conoce-a-los-10-seleccionados-del-concurso-de-videos-sobre-comunidades-afrodescendientes\/","name":"Conoce a los 10 seleccionados del Concurso de videos sobre comunidades afrodescendientes - IberCultura Viva","isPartOf":{"@id":"https:\/\/iberculturaviva.org\/es\/?lang=es\/#website"},"primaryImageOfPage":{"@id":"https:\/\/iberculturaviva.org\/es\/conoce-a-los-10-seleccionados-del-concurso-de-videos-sobre-comunidades-afrodescendientes\/#primaryimage"},"image":{"@id":"https:\/\/iberculturaviva.org\/es\/conoce-a-los-10-seleccionados-del-concurso-de-videos-sobre-comunidades-afrodescendientes\/#primaryimage"},"thumbnailUrl":"https:\/\/iberculturaviva.org\/wp-content\/uploads\/2017\/11\/emergencias2-e1510938796422.jpg","datePublished":"2018-05-08T20:25:23+00:00","dateModified":"2021-01-06T20:16:19+00:00","description":"Conoce a los 10 seleccionados del Concurso de videos sobre comunidades afrodescendientes - IberCultura Viva","breadcrumb":{"@id":"https:\/\/iberculturaviva.org\/es\/conoce-a-los-10-seleccionados-del-concurso-de-videos-sobre-comunidades-afrodescendientes\/#breadcrumb"},"inLanguage":"es","potentialAction":[{"@type":"ReadAction","target":["https:\/\/iberculturaviva.org\/es\/conoce-a-los-10-seleccionados-del-concurso-de-videos-sobre-comunidades-afrodescendientes\/"]}]},{"@type":"ImageObject","inLanguage":"es","@id":"https:\/\/iberculturaviva.org\/es\/conoce-a-los-10-seleccionados-del-concurso-de-videos-sobre-comunidades-afrodescendientes\/#primaryimage","url":"https:\/\/iberculturaviva.org\/wp-content\/uploads\/2017\/11\/emergencias2-e1510938796422.jpg","contentUrl":"https:\/\/iberculturaviva.org\/wp-content\/uploads\/2017\/11\/emergencias2-e1510938796422.jpg","width":2500,"height":1667},{"@type":"BreadcrumbList","@id":"https:\/\/iberculturaviva.org\/es\/conoce-a-los-10-seleccionados-del-concurso-de-videos-sobre-comunidades-afrodescendientes\/#breadcrumb","itemListElement":[{"@type":"ListItem","position":1,"name":"In\u00edcio","item":"https:\/\/iberculturaviva.org\/es\/inicio\/"},{"@type":"ListItem","position":2,"name":"Conoce a los 10 seleccionados del Concurso de videos sobre comunidades afrodescendientes"}]},{"@type":"WebSite","@id":"https:\/\/iberculturaviva.org\/es\/?lang=es\/#website","url":"https:\/\/iberculturaviva.org\/es\/?lang=es\/","name":"IberCultura Viva","description":"Programa de cooperaci\u00f3n cultural","publisher":{"@id":"https:\/\/iberculturaviva.org\/es\/?lang=es\/#organization"},"potentialAction":[{"@type":"SearchAction","target":{"@type":"EntryPoint","urlTemplate":"https:\/\/iberculturaviva.org\/es\/?lang=es\/?s={search_term_string}"},"query-input":{"@type":"PropertyValueSpecification","valueRequired":true,"valueName":"search_term_string"}}],"inLanguage":"es"},{"@type":"Organization","@id":"https:\/\/iberculturaviva.org\/es\/?lang=es\/#organization","name":"Iberculturaviva","url":"https:\/\/iberculturaviva.org\/es\/?lang=es\/","logo":{"@type":"ImageObject","inLanguage":"es","@id":"https:\/\/iberculturaviva.org\/es\/?lang=es\/#\/schema\/logo\/image\/","url":"https:\/\/iberculturaviva.org\/wp-content\/uploads\/2021\/08\/logo_ibercultura_viva.jpg","contentUrl":"https:\/\/iberculturaviva.org\/wp-content\/uploads\/2021\/08\/logo_ibercultura_viva.jpg","width":708,"height":223,"caption":"Iberculturaviva"},"image":{"@id":"https:\/\/iberculturaviva.org\/es\/?lang=es\/#\/schema\/logo\/image\/"},"sameAs":["https:\/\/www.facebook.com\/iberculturaviva\/","https:\/\/www.instagram.com\/iberculturaviva\/","https:\/\/www.youtube.com\/iberculturaviva"]},{"@type":"Person","@id":"https:\/\/iberculturaviva.org\/es\/?lang=es\/#\/schema\/person\/5d1313b072cc25536e0431522f740b59","name":"IberCultura","image":{"@type":"ImageObject","inLanguage":"es","@id":"https:\/\/iberculturaviva.org\/es\/?lang=es\/#\/schema\/person\/image\/","url":"https:\/\/secure.gravatar.com\/avatar\/79f1a057cb125cbefb3765d0356d52fc7f3bba3a35e2cf22bc4de090bb7aef70?s=96&d=mm&r=g","contentUrl":"https:\/\/secure.gravatar.com\/avatar\/79f1a057cb125cbefb3765d0356d52fc7f3bba3a35e2cf22bc4de090bb7aef70?s=96&d=mm&r=g","caption":"IberCultura"}}]}},"main_category":{"link":"https:\/\/iberculturaviva.org\/es\/category\/convocatorias\/","name":"Convocatorias","slug":"convocatorias"},"_links":{"self":[{"href":"https:\/\/iberculturaviva.org\/es\/wp-json\/wp\/v2\/posts\/16358","targetHints":{"allow":["GET"]}}],"collection":[{"href":"https:\/\/iberculturaviva.org\/es\/wp-json\/wp\/v2\/posts"}],"about":[{"href":"https:\/\/iberculturaviva.org\/es\/wp-json\/wp\/v2\/types\/post"}],"author":[{"embeddable":true,"href":"https:\/\/iberculturaviva.org\/es\/wp-json\/wp\/v2\/users\/2"}],"replies":[{"embeddable":true,"href":"https:\/\/iberculturaviva.org\/es\/wp-json\/wp\/v2\/comments?post=16358"}],"version-history":[{"count":1,"href":"https:\/\/iberculturaviva.org\/es\/wp-json\/wp\/v2\/posts\/16358\/revisions"}],"predecessor-version":[{"id":22686,"href":"https:\/\/iberculturaviva.org\/es\/wp-json\/wp\/v2\/posts\/16358\/revisions\/22686"}],"wp:featuredmedia":[{"embeddable":true,"href":"https:\/\/iberculturaviva.org\/es\/wp-json\/wp\/v2\/media\/19476"}],"wp:attachment":[{"href":"https:\/\/iberculturaviva.org\/es\/wp-json\/wp\/v2\/media?parent=16358"}],"wp:term":[{"taxonomy":"category","embeddable":true,"href":"https:\/\/iberculturaviva.org\/es\/wp-json\/wp\/v2\/categories?post=16358"},{"taxonomy":"post_tag","embeddable":true,"href":"https:\/\/iberculturaviva.org\/es\/wp-json\/wp\/v2\/tags?post=16358"},{"taxonomy":"country-municipality","embeddable":true,"href":"https:\/\/iberculturaviva.org\/es\/wp-json\/wp\/v2\/country-municipality?post=16358"}],"curies":[{"name":"wp","href":"https:\/\/api.w.org\/{rel}","templated":true}]}}