{"id":16340,"date":"2018-04-05T11:22:10","date_gmt":"2018-04-05T14:22:10","guid":{"rendered":"https:\/\/iberculturaviva.org\/programa-cultura-de-barrio-abre-convocatoria-para-organizaciones-de-la-ciudad-de-cordoba-en-argentina\/"},"modified":"2021-01-06T17:17:20","modified_gmt":"2021-01-06T20:17:20","slug":"programa-cultura-de-barrio-abre-convocatoria-para-organizaciones-de-la-ciudad-de-cordoba-en-argentina","status":"publish","type":"post","link":"https:\/\/iberculturaviva.org\/es\/programa-cultura-de-barrio-abre-convocatoria-para-organizaciones-de-la-ciudad-de-cordoba-en-argentina\/","title":{"rendered":"Programa Cultura de Barrio abre convocatoria para organizaciones de la ciudad de C\u00f3rdoba, en Argentina"},"content":{"rendered":"<p style=\"text-align: justify;\"><span style=\"font-weight: 400;\">Organizaciones de la ciudad de C\u00f3rdoba (Argentina) interesadas en desarrollar proyectos culturales en sus territorios durante el a\u00f1o de 2018 pueden presentar sus propuestas a la convocatoria del programa Cultura de Barrio hasta el d\u00eda 30 de abril. <\/span><\/p>\n<p style=\"text-align: justify;\"><span style=\"font-weight: 400;\"><a href=\"https:\/\/iberculturaviva.org\/wp-content\/uploads\/2018\/04\/culturadebarrio.jpg\"><img loading=\"lazy\" decoding=\"async\" class=\" wp-image-8854 alignright\" src=\"https:\/\/iberculturaviva.org\/wp-content\/uploads\/2018\/04\/culturadebarrio.jpg\" alt=\"\" width=\"332\" height=\"164\" srcset=\"https:\/\/iberculturaviva.org\/wp-content\/uploads\/2018\/04\/culturadebarrio.jpg 480w, https:\/\/iberculturaviva.org\/wp-content\/uploads\/2018\/04\/culturadebarrio-300x148.jpg 300w, https:\/\/iberculturaviva.org\/wp-content\/uploads\/2018\/04\/culturadebarrio-150x74.jpg 150w\" sizes=\"auto, (max-width: 332px) 100vw, 332px\" \/><\/a>El objetivo central de este programa es fortalecer proyectos culturales impulsados desde organizaciones de base que promuevan el acceso a la cultura, la participaci\u00f3n ciudadana y el trabajo en red para la resoluci\u00f3n de la complejidad de problemas que atraviesan los territorios.<\/span><\/p>\n<p style=\"text-align: justify;\"><span style=\"font-weight: 400;\">Ser\u00e1n seleccionados hasta 24 proyectos, que recibir\u00e1n $ 25.000 (pesos argentinos) cada uno. Se definir\u00e1 un cupo especial de cuatro proyectos beneficiarios presentados por j\u00f3venes que completaron y certificaron el Curso de Promotores Culturales Comunitarios en 2017. <\/span><\/p>\n<p style=\"text-align: justify;\"><span style=\"font-weight: 400;\">Podr\u00e1n participar todo tipo de organizaciones con anclaje territorial, con o sin personer\u00eda jur\u00eddica, como centros vecinales, centros culturales, bibliotecas populares, clubes deportivos y sociales, radios comunitarias, entre otras. <\/span><\/p>\n<p style=\"text-align: justify;\"><span style=\"font-weight: 400;\">Se prev\u00e9 una instancia de capacitaci\u00f3n en formulaci\u00f3n de proyectos culturales para las entidades barriales que deseen participar de la convocatoria. La capacitaci\u00f3n ser\u00e1 el s\u00e1bado 7 de abril a las 10:00, en el Auditorio del Cineclub Municipal (Bv. San Juan 49) con entrada libre y gratuita, sin inscripci\u00f3n previa.<\/span><\/p>\n<h4 style=\"text-align: justify;\"><b>El programa <\/b><\/h4>\n<p style=\"text-align: justify;\"><span style=\"font-weight: 400;\">Cultura de Barrio surge como respuesta a necesidades espec\u00edficas de numerosas organizaciones y referentes culturales barriales que vienen llevando a cabo diversos proyectos nacidos desde las propias comunidades, de manera independiente y con dificultades para sostenerlos en el tiempo en virtud de las limitaciones econ\u00f3micas.<\/span><\/p>\n<p style=\"text-align: justify;\"><span style=\"font-weight: 400;\">En este sentido, la Municipalidad de C\u00f3rdoba suma una modalidad de apoyo que modifica el paradigma habitual de proponer desde el Estado hacia los vecinos; dando lugar a proyectos que surgen desde las organizaciones e instituciones de base, verdaderos protagonistas y conocedores del territorio.<\/span><\/p>\n<h4><\/h4>\n<h4><b>Revisa las bases y condiciones de Cultura de Barrio 2018: <\/b><a href=\"https:\/\/cultura.cordoba.gob.ar\/convocatorias\/cultura-barrio-2018\/\"><span style=\"font-weight: 400;\">https:\/\/cultura.cordoba.gob.ar\/convocatorias\/cultura-barrio-2018\/<\/span><\/a><\/h4>\n<p>&nbsp;<\/p>\n<h5><span style=\"font-weight: 400;\">(Fuente: Municipalidad de C\u00f3rdoba)<\/span><\/h5>\n","protected":false},"excerpt":{"rendered":"<p>Organizaciones de la ciudad de C\u00f3rdoba (Argentina) interesadas en desarrollar proyectos culturales en sus territorios durante el a\u00f1o de 2018 pueden presentar sus propuestas a la convocatoria del programa Cultura [&hellip;]<\/p>\n","protected":false},"author":2,"featured_media":0,"comment_status":"closed","ping_status":"closed","sticky":false,"template":"","format":"standard","meta":{"_coblocks_attr":"","_coblocks_dimensions":"","_coblocks_responsive_height":"","_coblocks_accordion_ie_support":"","_EventAllDay":false,"_EventTimezone":"","_EventStartDate":"","_EventEndDate":"","_EventStartDateUTC":"","_EventEndDateUTC":"","_EventShowMap":false,"_EventShowMapLink":false,"_EventURL":"","_EventCost":"","_EventCostDescription":"","_EventCurrencySymbol":"","_EventCurrencyCode":"","_EventCurrencyPosition":"","_EventDateTimeSeparator":"","_EventTimeRangeSeparator":"","_EventOrganizerID":[],"_EventVenueID":[],"_OrganizerEmail":"","_OrganizerPhone":"","_OrganizerWebsite":"","_VenueAddress":"","_VenueCity":"","_VenueCountry":"","_VenueProvince":"","_VenueState":"","_VenueZip":"","_VenuePhone":"","_VenueURL":"","_VenueStateProvince":"","_VenueLat":"","_VenueLng":"","_VenueShowMap":false,"_VenueShowMapLink":false,"footnotes":""},"categories":[262],"tags":[],"country-municipality":[],"class_list":["post-16340","post","type-post","status-publish","format-standard","hentry","category-noticias-es"],"yoast_head":"<!-- This site is optimized with the Yoast SEO plugin v25.7 - https:\/\/yoast.com\/wordpress\/plugins\/seo\/ -->\n<title>Programa Cultura de Barrio abre convocatoria para organizaciones de la ciudad de C\u00f3rdoba, en Argentina - IberCultura Viva<\/title>\n<meta name=\"description\" content=\"Programa Cultura de Barrio abre convocatoria para organizaciones de la ciudad de C\u00f3rdoba, en Argentina - IberCultura Viva\" \/>\n<meta name=\"robots\" content=\"index, follow, max-snippet:-1, max-image-preview:large, max-video-preview:-1\" \/>\n<link rel=\"canonical\" href=\"https:\/\/iberculturaviva.org\/es\/programa-cultura-de-barrio-abre-convocatoria-para-organizaciones-de-la-ciudad-de-cordoba-en-argentina\/\" \/>\n<meta property=\"og:locale\" content=\"es_ES\" \/>\n<meta property=\"og:type\" content=\"article\" \/>\n<meta property=\"og:title\" content=\"Programa Cultura de Barrio abre convocatoria para organizaciones de la ciudad de C\u00f3rdoba, en Argentina - IberCultura Viva\" \/>\n<meta property=\"og:description\" content=\"Programa Cultura de Barrio abre convocatoria para organizaciones de la ciudad de C\u00f3rdoba, en Argentina - IberCultura Viva\" \/>\n<meta property=\"og:url\" content=\"https:\/\/iberculturaviva.org\/es\/programa-cultura-de-barrio-abre-convocatoria-para-organizaciones-de-la-ciudad-de-cordoba-en-argentina\/\" \/>\n<meta property=\"og:site_name\" content=\"IberCultura Viva\" \/>\n<meta property=\"article:publisher\" content=\"https:\/\/www.facebook.com\/iberculturaviva\/\" \/>\n<meta property=\"article:published_time\" content=\"2018-04-05T14:22:10+00:00\" \/>\n<meta property=\"article:modified_time\" content=\"2021-01-06T20:17:20+00:00\" \/>\n<meta property=\"og:image\" content=\"https:\/\/iberculturaviva.org\/wp-content\/uploads\/2018\/04\/culturadebarrio.jpg\" \/>\n<meta name=\"author\" content=\"IberCultura\" \/>\n<meta name=\"twitter:card\" content=\"summary_large_image\" \/>\n<meta name=\"twitter:label1\" content=\"Escrito por\" \/>\n\t<meta name=\"twitter:data1\" content=\"IberCultura\" \/>\n\t<meta name=\"twitter:label2\" content=\"Tiempo de lectura\" \/>\n\t<meta name=\"twitter:data2\" content=\"2 minutos\" \/>\n<script type=\"application\/ld+json\" class=\"yoast-schema-graph\">{\"@context\":\"https:\/\/schema.org\",\"@graph\":[{\"@type\":\"Article\",\"@id\":\"https:\/\/iberculturaviva.org\/es\/programa-cultura-de-barrio-abre-convocatoria-para-organizaciones-de-la-ciudad-de-cordoba-en-argentina\/#article\",\"isPartOf\":{\"@id\":\"https:\/\/iberculturaviva.org\/es\/programa-cultura-de-barrio-abre-convocatoria-para-organizaciones-de-la-ciudad-de-cordoba-en-argentina\/\"},\"author\":{\"name\":\"IberCultura\",\"@id\":\"https:\/\/iberculturaviva.org\/es\/?lang=es\/#\/schema\/person\/5d1313b072cc25536e0431522f740b59\"},\"headline\":\"Programa Cultura de Barrio abre convocatoria para organizaciones de la ciudad de C\u00f3rdoba, en Argentina\",\"datePublished\":\"2018-04-05T14:22:10+00:00\",\"dateModified\":\"2021-01-06T20:17:20+00:00\",\"mainEntityOfPage\":{\"@id\":\"https:\/\/iberculturaviva.org\/es\/programa-cultura-de-barrio-abre-convocatoria-para-organizaciones-de-la-ciudad-de-cordoba-en-argentina\/\"},\"wordCount\":335,\"publisher\":{\"@id\":\"https:\/\/iberculturaviva.org\/es\/?lang=es\/#organization\"},\"image\":{\"@id\":\"https:\/\/iberculturaviva.org\/es\/programa-cultura-de-barrio-abre-convocatoria-para-organizaciones-de-la-ciudad-de-cordoba-en-argentina\/#primaryimage\"},\"thumbnailUrl\":\"https:\/\/iberculturaviva.org\/wp-content\/uploads\/2018\/04\/culturadebarrio.jpg\",\"articleSection\":[\"Noticias\"],\"inLanguage\":\"es\"},{\"@type\":\"WebPage\",\"@id\":\"https:\/\/iberculturaviva.org\/es\/programa-cultura-de-barrio-abre-convocatoria-para-organizaciones-de-la-ciudad-de-cordoba-en-argentina\/\",\"url\":\"https:\/\/iberculturaviva.org\/es\/programa-cultura-de-barrio-abre-convocatoria-para-organizaciones-de-la-ciudad-de-cordoba-en-argentina\/\",\"name\":\"Programa Cultura de Barrio abre convocatoria para organizaciones de la ciudad de C\u00f3rdoba, en Argentina - IberCultura Viva\",\"isPartOf\":{\"@id\":\"https:\/\/iberculturaviva.org\/es\/?lang=es\/#website\"},\"primaryImageOfPage\":{\"@id\":\"https:\/\/iberculturaviva.org\/es\/programa-cultura-de-barrio-abre-convocatoria-para-organizaciones-de-la-ciudad-de-cordoba-en-argentina\/#primaryimage\"},\"image\":{\"@id\":\"https:\/\/iberculturaviva.org\/es\/programa-cultura-de-barrio-abre-convocatoria-para-organizaciones-de-la-ciudad-de-cordoba-en-argentina\/#primaryimage\"},\"thumbnailUrl\":\"https:\/\/iberculturaviva.org\/wp-content\/uploads\/2018\/04\/culturadebarrio.jpg\",\"datePublished\":\"2018-04-05T14:22:10+00:00\",\"dateModified\":\"2021-01-06T20:17:20+00:00\",\"description\":\"Programa Cultura de Barrio abre convocatoria para organizaciones de la ciudad de C\u00f3rdoba, en Argentina - IberCultura Viva\",\"breadcrumb\":{\"@id\":\"https:\/\/iberculturaviva.org\/es\/programa-cultura-de-barrio-abre-convocatoria-para-organizaciones-de-la-ciudad-de-cordoba-en-argentina\/#breadcrumb\"},\"inLanguage\":\"es\",\"potentialAction\":[{\"@type\":\"ReadAction\",\"target\":[\"https:\/\/iberculturaviva.org\/es\/programa-cultura-de-barrio-abre-convocatoria-para-organizaciones-de-la-ciudad-de-cordoba-en-argentina\/\"]}]},{\"@type\":\"ImageObject\",\"inLanguage\":\"es\",\"@id\":\"https:\/\/iberculturaviva.org\/es\/programa-cultura-de-barrio-abre-convocatoria-para-organizaciones-de-la-ciudad-de-cordoba-en-argentina\/#primaryimage\",\"url\":\"https:\/\/iberculturaviva.org\/wp-content\/uploads\/2018\/04\/culturadebarrio.jpg\",\"contentUrl\":\"https:\/\/iberculturaviva.org\/wp-content\/uploads\/2018\/04\/culturadebarrio.jpg\"},{\"@type\":\"BreadcrumbList\",\"@id\":\"https:\/\/iberculturaviva.org\/es\/programa-cultura-de-barrio-abre-convocatoria-para-organizaciones-de-la-ciudad-de-cordoba-en-argentina\/#breadcrumb\",\"itemListElement\":[{\"@type\":\"ListItem\",\"position\":1,\"name\":\"In\u00edcio\",\"item\":\"https:\/\/iberculturaviva.org\/es\/inicio\/\"},{\"@type\":\"ListItem\",\"position\":2,\"name\":\"Programa Cultura de Barrio abre convocatoria para organizaciones de la ciudad de C\u00f3rdoba, en Argentina\"}]},{\"@type\":\"WebSite\",\"@id\":\"https:\/\/iberculturaviva.org\/es\/?lang=es\/#website\",\"url\":\"https:\/\/iberculturaviva.org\/es\/?lang=es\/\",\"name\":\"IberCultura Viva\",\"description\":\"Programa de cooperaci\u00f3n cultural\",\"publisher\":{\"@id\":\"https:\/\/iberculturaviva.org\/es\/?lang=es\/#organization\"},\"potentialAction\":[{\"@type\":\"SearchAction\",\"target\":{\"@type\":\"EntryPoint\",\"urlTemplate\":\"https:\/\/iberculturaviva.org\/es\/?lang=es\/?s={search_term_string}\"},\"query-input\":{\"@type\":\"PropertyValueSpecification\",\"valueRequired\":true,\"valueName\":\"search_term_string\"}}],\"inLanguage\":\"es\"},{\"@type\":\"Organization\",\"@id\":\"https:\/\/iberculturaviva.org\/es\/?lang=es\/#organization\",\"name\":\"Iberculturaviva\",\"url\":\"https:\/\/iberculturaviva.org\/es\/?lang=es\/\",\"logo\":{\"@type\":\"ImageObject\",\"inLanguage\":\"es\",\"@id\":\"https:\/\/iberculturaviva.org\/es\/?lang=es\/#\/schema\/logo\/image\/\",\"url\":\"https:\/\/iberculturaviva.org\/wp-content\/uploads\/2021\/08\/logo_ibercultura_viva.jpg\",\"contentUrl\":\"https:\/\/iberculturaviva.org\/wp-content\/uploads\/2021\/08\/logo_ibercultura_viva.jpg\",\"width\":708,\"height\":223,\"caption\":\"Iberculturaviva\"},\"image\":{\"@id\":\"https:\/\/iberculturaviva.org\/es\/?lang=es\/#\/schema\/logo\/image\/\"},\"sameAs\":[\"https:\/\/www.facebook.com\/iberculturaviva\/\",\"https:\/\/www.instagram.com\/iberculturaviva\/\",\"https:\/\/www.youtube.com\/iberculturaviva\"]},{\"@type\":\"Person\",\"@id\":\"https:\/\/iberculturaviva.org\/es\/?lang=es\/#\/schema\/person\/5d1313b072cc25536e0431522f740b59\",\"name\":\"IberCultura\",\"image\":{\"@type\":\"ImageObject\",\"inLanguage\":\"es\",\"@id\":\"https:\/\/iberculturaviva.org\/es\/?lang=es\/#\/schema\/person\/image\/\",\"url\":\"https:\/\/secure.gravatar.com\/avatar\/79f1a057cb125cbefb3765d0356d52fc7f3bba3a35e2cf22bc4de090bb7aef70?s=96&d=mm&r=g\",\"contentUrl\":\"https:\/\/secure.gravatar.com\/avatar\/79f1a057cb125cbefb3765d0356d52fc7f3bba3a35e2cf22bc4de090bb7aef70?s=96&d=mm&r=g\",\"caption\":\"IberCultura\"}}]}<\/script>\n<!-- \/ Yoast SEO plugin. -->","yoast_head_json":{"title":"Programa Cultura de Barrio abre convocatoria para organizaciones de la ciudad de C\u00f3rdoba, en Argentina - IberCultura Viva","description":"Programa Cultura de Barrio abre convocatoria para organizaciones de la ciudad de C\u00f3rdoba, en Argentina - IberCultura Viva","robots":{"index":"index","follow":"follow","max-snippet":"max-snippet:-1","max-image-preview":"max-image-preview:large","max-video-preview":"max-video-preview:-1"},"canonical":"https:\/\/iberculturaviva.org\/es\/programa-cultura-de-barrio-abre-convocatoria-para-organizaciones-de-la-ciudad-de-cordoba-en-argentina\/","og_locale":"es_ES","og_type":"article","og_title":"Programa Cultura de Barrio abre convocatoria para organizaciones de la ciudad de C\u00f3rdoba, en Argentina - IberCultura Viva","og_description":"Programa Cultura de Barrio abre convocatoria para organizaciones de la ciudad de C\u00f3rdoba, en Argentina - IberCultura Viva","og_url":"https:\/\/iberculturaviva.org\/es\/programa-cultura-de-barrio-abre-convocatoria-para-organizaciones-de-la-ciudad-de-cordoba-en-argentina\/","og_site_name":"IberCultura Viva","article_publisher":"https:\/\/www.facebook.com\/iberculturaviva\/","article_published_time":"2018-04-05T14:22:10+00:00","article_modified_time":"2021-01-06T20:17:20+00:00","og_image":[{"url":"https:\/\/iberculturaviva.org\/wp-content\/uploads\/2018\/04\/culturadebarrio.jpg","type":"","width":"","height":""}],"author":"IberCultura","twitter_card":"summary_large_image","twitter_misc":{"Escrito por":"IberCultura","Tiempo de lectura":"2 minutos"},"schema":{"@context":"https:\/\/schema.org","@graph":[{"@type":"Article","@id":"https:\/\/iberculturaviva.org\/es\/programa-cultura-de-barrio-abre-convocatoria-para-organizaciones-de-la-ciudad-de-cordoba-en-argentina\/#article","isPartOf":{"@id":"https:\/\/iberculturaviva.org\/es\/programa-cultura-de-barrio-abre-convocatoria-para-organizaciones-de-la-ciudad-de-cordoba-en-argentina\/"},"author":{"name":"IberCultura","@id":"https:\/\/iberculturaviva.org\/es\/?lang=es\/#\/schema\/person\/5d1313b072cc25536e0431522f740b59"},"headline":"Programa Cultura de Barrio abre convocatoria para organizaciones de la ciudad de C\u00f3rdoba, en Argentina","datePublished":"2018-04-05T14:22:10+00:00","dateModified":"2021-01-06T20:17:20+00:00","mainEntityOfPage":{"@id":"https:\/\/iberculturaviva.org\/es\/programa-cultura-de-barrio-abre-convocatoria-para-organizaciones-de-la-ciudad-de-cordoba-en-argentina\/"},"wordCount":335,"publisher":{"@id":"https:\/\/iberculturaviva.org\/es\/?lang=es\/#organization"},"image":{"@id":"https:\/\/iberculturaviva.org\/es\/programa-cultura-de-barrio-abre-convocatoria-para-organizaciones-de-la-ciudad-de-cordoba-en-argentina\/#primaryimage"},"thumbnailUrl":"https:\/\/iberculturaviva.org\/wp-content\/uploads\/2018\/04\/culturadebarrio.jpg","articleSection":["Noticias"],"inLanguage":"es"},{"@type":"WebPage","@id":"https:\/\/iberculturaviva.org\/es\/programa-cultura-de-barrio-abre-convocatoria-para-organizaciones-de-la-ciudad-de-cordoba-en-argentina\/","url":"https:\/\/iberculturaviva.org\/es\/programa-cultura-de-barrio-abre-convocatoria-para-organizaciones-de-la-ciudad-de-cordoba-en-argentina\/","name":"Programa Cultura de Barrio abre convocatoria para organizaciones de la ciudad de C\u00f3rdoba, en Argentina - IberCultura Viva","isPartOf":{"@id":"https:\/\/iberculturaviva.org\/es\/?lang=es\/#website"},"primaryImageOfPage":{"@id":"https:\/\/iberculturaviva.org\/es\/programa-cultura-de-barrio-abre-convocatoria-para-organizaciones-de-la-ciudad-de-cordoba-en-argentina\/#primaryimage"},"image":{"@id":"https:\/\/iberculturaviva.org\/es\/programa-cultura-de-barrio-abre-convocatoria-para-organizaciones-de-la-ciudad-de-cordoba-en-argentina\/#primaryimage"},"thumbnailUrl":"https:\/\/iberculturaviva.org\/wp-content\/uploads\/2018\/04\/culturadebarrio.jpg","datePublished":"2018-04-05T14:22:10+00:00","dateModified":"2021-01-06T20:17:20+00:00","description":"Programa Cultura de Barrio abre convocatoria para organizaciones de la ciudad de C\u00f3rdoba, en Argentina - IberCultura Viva","breadcrumb":{"@id":"https:\/\/iberculturaviva.org\/es\/programa-cultura-de-barrio-abre-convocatoria-para-organizaciones-de-la-ciudad-de-cordoba-en-argentina\/#breadcrumb"},"inLanguage":"es","potentialAction":[{"@type":"ReadAction","target":["https:\/\/iberculturaviva.org\/es\/programa-cultura-de-barrio-abre-convocatoria-para-organizaciones-de-la-ciudad-de-cordoba-en-argentina\/"]}]},{"@type":"ImageObject","inLanguage":"es","@id":"https:\/\/iberculturaviva.org\/es\/programa-cultura-de-barrio-abre-convocatoria-para-organizaciones-de-la-ciudad-de-cordoba-en-argentina\/#primaryimage","url":"https:\/\/iberculturaviva.org\/wp-content\/uploads\/2018\/04\/culturadebarrio.jpg","contentUrl":"https:\/\/iberculturaviva.org\/wp-content\/uploads\/2018\/04\/culturadebarrio.jpg"},{"@type":"BreadcrumbList","@id":"https:\/\/iberculturaviva.org\/es\/programa-cultura-de-barrio-abre-convocatoria-para-organizaciones-de-la-ciudad-de-cordoba-en-argentina\/#breadcrumb","itemListElement":[{"@type":"ListItem","position":1,"name":"In\u00edcio","item":"https:\/\/iberculturaviva.org\/es\/inicio\/"},{"@type":"ListItem","position":2,"name":"Programa Cultura de Barrio abre convocatoria para organizaciones de la ciudad de C\u00f3rdoba, en Argentina"}]},{"@type":"WebSite","@id":"https:\/\/iberculturaviva.org\/es\/?lang=es\/#website","url":"https:\/\/iberculturaviva.org\/es\/?lang=es\/","name":"IberCultura Viva","description":"Programa de cooperaci\u00f3n cultural","publisher":{"@id":"https:\/\/iberculturaviva.org\/es\/?lang=es\/#organization"},"potentialAction":[{"@type":"SearchAction","target":{"@type":"EntryPoint","urlTemplate":"https:\/\/iberculturaviva.org\/es\/?lang=es\/?s={search_term_string}"},"query-input":{"@type":"PropertyValueSpecification","valueRequired":true,"valueName":"search_term_string"}}],"inLanguage":"es"},{"@type":"Organization","@id":"https:\/\/iberculturaviva.org\/es\/?lang=es\/#organization","name":"Iberculturaviva","url":"https:\/\/iberculturaviva.org\/es\/?lang=es\/","logo":{"@type":"ImageObject","inLanguage":"es","@id":"https:\/\/iberculturaviva.org\/es\/?lang=es\/#\/schema\/logo\/image\/","url":"https:\/\/iberculturaviva.org\/wp-content\/uploads\/2021\/08\/logo_ibercultura_viva.jpg","contentUrl":"https:\/\/iberculturaviva.org\/wp-content\/uploads\/2021\/08\/logo_ibercultura_viva.jpg","width":708,"height":223,"caption":"Iberculturaviva"},"image":{"@id":"https:\/\/iberculturaviva.org\/es\/?lang=es\/#\/schema\/logo\/image\/"},"sameAs":["https:\/\/www.facebook.com\/iberculturaviva\/","https:\/\/www.instagram.com\/iberculturaviva\/","https:\/\/www.youtube.com\/iberculturaviva"]},{"@type":"Person","@id":"https:\/\/iberculturaviva.org\/es\/?lang=es\/#\/schema\/person\/5d1313b072cc25536e0431522f740b59","name":"IberCultura","image":{"@type":"ImageObject","inLanguage":"es","@id":"https:\/\/iberculturaviva.org\/es\/?lang=es\/#\/schema\/person\/image\/","url":"https:\/\/secure.gravatar.com\/avatar\/79f1a057cb125cbefb3765d0356d52fc7f3bba3a35e2cf22bc4de090bb7aef70?s=96&d=mm&r=g","contentUrl":"https:\/\/secure.gravatar.com\/avatar\/79f1a057cb125cbefb3765d0356d52fc7f3bba3a35e2cf22bc4de090bb7aef70?s=96&d=mm&r=g","caption":"IberCultura"}}]}},"main_category":{"link":"https:\/\/iberculturaviva.org\/es\/category\/noticias-es\/","name":"Noticias","slug":"noticias-es"},"_links":{"self":[{"href":"https:\/\/iberculturaviva.org\/es\/wp-json\/wp\/v2\/posts\/16340","targetHints":{"allow":["GET"]}}],"collection":[{"href":"https:\/\/iberculturaviva.org\/es\/wp-json\/wp\/v2\/posts"}],"about":[{"href":"https:\/\/iberculturaviva.org\/es\/wp-json\/wp\/v2\/types\/post"}],"author":[{"embeddable":true,"href":"https:\/\/iberculturaviva.org\/es\/wp-json\/wp\/v2\/users\/2"}],"replies":[{"embeddable":true,"href":"https:\/\/iberculturaviva.org\/es\/wp-json\/wp\/v2\/comments?post=16340"}],"version-history":[{"count":1,"href":"https:\/\/iberculturaviva.org\/es\/wp-json\/wp\/v2\/posts\/16340\/revisions"}],"predecessor-version":[{"id":22695,"href":"https:\/\/iberculturaviva.org\/es\/wp-json\/wp\/v2\/posts\/16340\/revisions\/22695"}],"wp:attachment":[{"href":"https:\/\/iberculturaviva.org\/es\/wp-json\/wp\/v2\/media?parent=16340"}],"wp:term":[{"taxonomy":"category","embeddable":true,"href":"https:\/\/iberculturaviva.org\/es\/wp-json\/wp\/v2\/categories?post=16340"},{"taxonomy":"post_tag","embeddable":true,"href":"https:\/\/iberculturaviva.org\/es\/wp-json\/wp\/v2\/tags?post=16340"},{"taxonomy":"country-municipality","embeddable":true,"href":"https:\/\/iberculturaviva.org\/es\/wp-json\/wp\/v2\/country-municipality?post=16340"}],"curies":[{"name":"wp","href":"https:\/\/api.w.org\/{rel}","templated":true}]}}