{"id":16304,"date":"2017-12-15T15:33:35","date_gmt":"2017-12-15T17:33:35","guid":{"rendered":"https:\/\/iberculturaviva.org\/convocatoria-abierta-para-el-curso-de-posgrado-en-politicas-culturales-de-base-comunitaria\/"},"modified":"2021-01-12T13:56:08","modified_gmt":"2021-01-12T16:56:08","slug":"convocatoria-abierta-para-el-curso-de-posgrado-en-politicas-culturales-de-base-comunitaria","status":"publish","type":"post","link":"https:\/\/iberculturaviva.org\/es\/convocatoria-abierta-para-el-curso-de-posgrado-en-politicas-culturales-de-base-comunitaria\/","title":{"rendered":"Convocatoria abierta para el Curso de Posgrado en Pol\u00edticas Culturales de Base Comunitaria"},"content":{"rendered":"<p style=\"text-align: justify;\">Est\u00e1 abierto a partir de este viernes (15\/12) el plazo de inscripciones para la Convocatoria de Becas del Curso de Posgrado en Pol\u00edticas Culturales de Base Comunitaria FLACSO-IberCultura Viva 2018. Se otorgar\u00e1 un m\u00e1ximo de 50 becas a efectores de pol\u00edticas culturales, sean de los distintos estamentos p\u00fablicos como de las organizaciones culturales de base comunitaria de los pa\u00edses miembros de IberCultura Viva.<\/p>\n<p style=\"text-align: justify;\">El curso se dictar\u00e1 con modalidad virtual, a trav\u00e9s del Campus Virtual de la Facultad Latinoamericana de Ciencias Sociales (FLACSO), sede en Argentina. La duraci\u00f3n ser\u00e1 de nueve meses, de marzo a diciembre de 2018. Los interesados tendr\u00e1n hasta el d\u00eda 15 de febrero de 2018 para presentar las postulaciones.<\/p>\n<p style=\"text-align: justify;\">Para participar, los\/as candidatos\/as deber\u00e1n contar con disponibilidad de 10 horas semanales para acompa\u00f1ar el cursado y comprometerse a realizar las evaluaciones parciales intermedias y el trabajo final. Las inscripciones podr\u00e1n ser presentadas en lengua espa\u00f1ola o portuguesa.<\/p>\n<p style=\"text-align: justify;\">Las clases ser\u00e1n impartidas en espa\u00f1ol, excepto aquellas a cargo de profesores brasile\u00f1os, que se dictar\u00e1n en portugu\u00e9s y tendr\u00e1n traducci\u00f3n al espa\u00f1ol. Los trabajos podr\u00e1n ser entregados en la lengua nativa (espa\u00f1ol o portugu\u00e9s).<\/p>\n<h4 style=\"text-align: justify;\">Docentes<\/h4>\n<p style=\"text-align: justify;\"><a href=\"https:\/\/iberculturaviva.org\/wp-content\/uploads\/2017\/12\/FORMATO-APAISADO-02-01-ESPA\u00d1OL-.jpg\"><img loading=\"lazy\" decoding=\"async\" class=\" wp-image-8397 alignright\" src=\"https:\/\/iberculturaviva.org\/wp-content\/uploads\/2017\/12\/FORMATO-APAISADO-02-01-ESPA\u00d1OL--960x764.jpg\" alt=\"\" width=\"278\" height=\"221\" \/><\/a>Con el objetivo de fortalecer la formaci\u00f3n e investigaci\u00f3n de las pol\u00edticas de cultura de base comunitaria y el concepto de \u201ccultura viva\u201d como pol\u00edtica p\u00fablica, la propuesta acad\u00e9mica busca la diversidad de miradas, con la participaci\u00f3n de profesores de varios pa\u00edses.<\/p>\n<p style=\"text-align: justify;\">Entre los docentes se encuentran George Y\u00fadice (EUA), Fresia Camacho (Costa Rica), Carmen L\u00eda Meo\u00f1o Soto (Costa Rica), Giancarlo Priotti (Costa Rica), Fernando Vicario (Espa\u00f1a), Alberto Quevedo (Argentina), Bel\u00e9n Igarz\u00e1bal (Argentina), Emiliano Fuentes Firmani (Argentina), Diego Benhabib (Argentina), C\u00e9lio Turino (Brasil), Alexandre Santini (Brasil), Rodrigo Savazoni (Brasil),\u00a0 Guillermo Valdiz\u00e1n Guerrero (Per\u00fa), V\u00edctor Vich (Per\u00fa), Paloma Carpio (Per\u00fa), Bernardo Guerrero Jim\u00e9nez (Chile), Doryan Bedoya (Guatemala), Omar Rinc\u00f3n (Colombia), Ana Mar\u00eda Restrepo (Colombia), C\u00e9sar Pineda (El Salvador) y Rafael Paredes (M\u00e9xico).<\/p>\n<h4 style=\"text-align: justify;\">Selecci\u00f3n<\/h4>\n<p style=\"text-align: justify;\">La convocatoria est\u00e1 destinada a los pa\u00edses miembros de IberCultura Viva con participaci\u00f3n plena en el Consejo Intergubernamental, seg\u00fan el reglamento del programa: Argentina, Brasil, Chile, Costa Rica, Ecuador, El Salvador, Espa\u00f1a, Guatemala, Per\u00fa y Uruguay. Las 50 becas ser\u00e1n repartidas equitativamente entre los pa\u00edses participantes.<\/p>\n<p style=\"text-align: justify;\">La selecci\u00f3n de candidatos\/as tendr\u00e1 en cuenta criterios como la experiencia en gesti\u00f3n cultural, en acciones culturales comunitarias y en el dise\u00f1o y ejecuci\u00f3n de pol\u00edticas p\u00fablicas culturales, adem\u00e1s de la formaci\u00f3n universitaria en gesti\u00f3n cultural, ciencias sociales, humanas o econ\u00f3micas. Quienes pertenezcan a pueblos originarios y\/o afrodescendientes recibir\u00e1n un punto extra en la evaluaci\u00f3n. Al menos 50% de las personas seleccionadas deber\u00e1n ser mujeres. Los resultados finales ser\u00e1n divulgados antes del 6 de marzo de 2018.<\/p>\n<p>&nbsp;<\/p>\n<p>Revisa y descarga la\u00a0<a href=\"https:\/\/iberculturaviva.org\/wp-content\/uploads\/2017\/12\/Convocatoria-Becas-Curso-de-Posgrado-en-Pol\u00edticas-Culturales-de-base-comunitaria.pdf\">Convocatoria Becas Curso de Posgrado en Pol\u00edticas Culturales de base comunitaria<\/a><\/p>\n<p>El formulario est\u00e1 disponible\u00a0<a href=\"https:\/\/iberculturaviva.org\/wp-content\/uploads\/2017\/12\/Formulario-para-Becas-al-Posgrado-internacional-en-pol\u00edticas-culturales-de-base-comunitaria-1.docx\">aqu\u00ed<\/a><\/p>\n<p>Descarga la\u00a0<a href=\"https:\/\/iberculturaviva.org\/wp-content\/uploads\/2017\/12\/Declaraci\u00f3n-jurada-de-compromiso-para-el-cursado.pdf\">Declaraci\u00f3n jurada de compromiso para el cursado<\/a><\/p>\n<p>M\u00e1s informaci\u00f3n: <a href=\"https:\/\/bit.ly\/2AAJRfr\">https:\/\/bit.ly\/2AAJRfr<\/a><\/p>\n<p>Consultas: <a href=\"franco@iberculturaviva.org\">franco@iberculturaviva.org<\/a><\/p>\n","protected":false},"excerpt":{"rendered":"<p>Est\u00e1 abierto a partir de este viernes (15\/12) el plazo de inscripciones para la Convocatoria de Becas del Curso de Posgrado en Pol\u00edticas Culturales de Base Comunitaria FLACSO-IberCultura Viva 2018. [&hellip;]<\/p>\n","protected":false},"author":2,"featured_media":19563,"comment_status":"closed","ping_status":"closed","sticky":false,"template":"","format":"standard","meta":{"_coblocks_attr":"","_coblocks_dimensions":"","_coblocks_responsive_height":"","_coblocks_accordion_ie_support":"","_EventAllDay":false,"_EventTimezone":"","_EventStartDate":"","_EventEndDate":"","_EventStartDateUTC":"","_EventEndDateUTC":"","_EventShowMap":false,"_EventShowMapLink":false,"_EventURL":"","_EventCost":"","_EventCostDescription":"","_EventCurrencySymbol":"","_EventCurrencyCode":"","_EventCurrencyPosition":"","_EventDateTimeSeparator":"","_EventTimeRangeSeparator":"","_EventOrganizerID":[],"_EventVenueID":[],"_OrganizerEmail":"","_OrganizerPhone":"","_OrganizerWebsite":"","_VenueAddress":"","_VenueCity":"","_VenueCountry":"","_VenueProvince":"","_VenueState":"","_VenueZip":"","_VenuePhone":"","_VenueURL":"","_VenueStateProvince":"","_VenueLat":"","_VenueLng":"","_VenueShowMap":false,"_VenueShowMapLink":false,"footnotes":""},"categories":[250,632,262],"tags":[],"country-municipality":[],"class_list":["post-16304","post","type-post","status-publish","format-standard","has-post-thumbnail","hentry","category-convocatorias","category-formacion","category-noticias-es"],"yoast_head":"<!-- This site is optimized with the Yoast SEO plugin v25.7 - https:\/\/yoast.com\/wordpress\/plugins\/seo\/ -->\n<title>Convocatoria abierta para el Curso de Posgrado en Pol\u00edticas Culturales de Base Comunitaria - IberCultura Viva<\/title>\n<meta name=\"description\" content=\"Convocatoria abierta para el Curso de Posgrado en Pol\u00edticas Culturales de Base Comunitaria - IberCultura Viva\" \/>\n<meta name=\"robots\" content=\"index, follow, max-snippet:-1, max-image-preview:large, max-video-preview:-1\" \/>\n<link rel=\"canonical\" href=\"https:\/\/iberculturaviva.org\/es\/convocatoria-abierta-para-el-curso-de-posgrado-en-politicas-culturales-de-base-comunitaria\/\" \/>\n<meta property=\"og:locale\" content=\"es_ES\" \/>\n<meta property=\"og:type\" content=\"article\" \/>\n<meta property=\"og:title\" content=\"Convocatoria abierta para el Curso de Posgrado en Pol\u00edticas Culturales de Base Comunitaria - IberCultura Viva\" \/>\n<meta property=\"og:description\" content=\"Convocatoria abierta para el Curso de Posgrado en Pol\u00edticas Culturales de Base Comunitaria - IberCultura Viva\" \/>\n<meta property=\"og:url\" content=\"https:\/\/iberculturaviva.org\/es\/convocatoria-abierta-para-el-curso-de-posgrado-en-politicas-culturales-de-base-comunitaria\/\" \/>\n<meta property=\"og:site_name\" content=\"IberCultura Viva\" \/>\n<meta property=\"article:publisher\" content=\"https:\/\/www.facebook.com\/iberculturaviva\/\" \/>\n<meta property=\"article:published_time\" content=\"2017-12-15T17:33:35+00:00\" \/>\n<meta property=\"article:modified_time\" content=\"2021-01-12T16:56:08+00:00\" \/>\n<meta property=\"og:image\" content=\"https:\/\/iberculturaviva.org\/wp-content\/uploads\/2017\/12\/23721537552_3be19bf3b4_o-960x640.jpg\" \/>\n\t<meta property=\"og:image:width\" content=\"960\" \/>\n\t<meta property=\"og:image:height\" content=\"640\" \/>\n\t<meta property=\"og:image:type\" content=\"image\/jpeg\" \/>\n<meta name=\"author\" content=\"IberCultura\" \/>\n<meta name=\"twitter:card\" content=\"summary_large_image\" \/>\n<meta name=\"twitter:label1\" content=\"Escrito por\" \/>\n\t<meta name=\"twitter:data1\" content=\"IberCultura\" \/>\n\t<meta name=\"twitter:label2\" content=\"Tiempo de lectura\" \/>\n\t<meta name=\"twitter:data2\" content=\"3 minutos\" \/>\n<script type=\"application\/ld+json\" class=\"yoast-schema-graph\">{\"@context\":\"https:\/\/schema.org\",\"@graph\":[{\"@type\":\"Article\",\"@id\":\"https:\/\/iberculturaviva.org\/es\/convocatoria-abierta-para-el-curso-de-posgrado-en-politicas-culturales-de-base-comunitaria\/#article\",\"isPartOf\":{\"@id\":\"https:\/\/iberculturaviva.org\/es\/convocatoria-abierta-para-el-curso-de-posgrado-en-politicas-culturales-de-base-comunitaria\/\"},\"author\":{\"name\":\"IberCultura\",\"@id\":\"https:\/\/iberculturaviva.org\/es\/?lang=es\/#\/schema\/person\/5d1313b072cc25536e0431522f740b59\"},\"headline\":\"Convocatoria abierta para el Curso de Posgrado en Pol\u00edticas Culturales de Base Comunitaria\",\"datePublished\":\"2017-12-15T17:33:35+00:00\",\"dateModified\":\"2021-01-12T16:56:08+00:00\",\"mainEntityOfPage\":{\"@id\":\"https:\/\/iberculturaviva.org\/es\/convocatoria-abierta-para-el-curso-de-posgrado-en-politicas-culturales-de-base-comunitaria\/\"},\"wordCount\":550,\"publisher\":{\"@id\":\"https:\/\/iberculturaviva.org\/es\/?lang=es\/#organization\"},\"image\":{\"@id\":\"https:\/\/iberculturaviva.org\/es\/convocatoria-abierta-para-el-curso-de-posgrado-en-politicas-culturales-de-base-comunitaria\/#primaryimage\"},\"thumbnailUrl\":\"https:\/\/iberculturaviva.org\/wp-content\/uploads\/2017\/12\/23721537552_3be19bf3b4_o-scaled.jpg\",\"articleSection\":[\"Convocatorias\",\"Formaci\u00f3n\",\"Noticias\"],\"inLanguage\":\"es\"},{\"@type\":\"WebPage\",\"@id\":\"https:\/\/iberculturaviva.org\/es\/convocatoria-abierta-para-el-curso-de-posgrado-en-politicas-culturales-de-base-comunitaria\/\",\"url\":\"https:\/\/iberculturaviva.org\/es\/convocatoria-abierta-para-el-curso-de-posgrado-en-politicas-culturales-de-base-comunitaria\/\",\"name\":\"Convocatoria abierta para el Curso de Posgrado en Pol\u00edticas Culturales de Base Comunitaria - IberCultura Viva\",\"isPartOf\":{\"@id\":\"https:\/\/iberculturaviva.org\/es\/?lang=es\/#website\"},\"primaryImageOfPage\":{\"@id\":\"https:\/\/iberculturaviva.org\/es\/convocatoria-abierta-para-el-curso-de-posgrado-en-politicas-culturales-de-base-comunitaria\/#primaryimage\"},\"image\":{\"@id\":\"https:\/\/iberculturaviva.org\/es\/convocatoria-abierta-para-el-curso-de-posgrado-en-politicas-culturales-de-base-comunitaria\/#primaryimage\"},\"thumbnailUrl\":\"https:\/\/iberculturaviva.org\/wp-content\/uploads\/2017\/12\/23721537552_3be19bf3b4_o-scaled.jpg\",\"datePublished\":\"2017-12-15T17:33:35+00:00\",\"dateModified\":\"2021-01-12T16:56:08+00:00\",\"description\":\"Convocatoria abierta para el Curso de Posgrado en Pol\u00edticas Culturales de Base Comunitaria - IberCultura Viva\",\"breadcrumb\":{\"@id\":\"https:\/\/iberculturaviva.org\/es\/convocatoria-abierta-para-el-curso-de-posgrado-en-politicas-culturales-de-base-comunitaria\/#breadcrumb\"},\"inLanguage\":\"es\",\"potentialAction\":[{\"@type\":\"ReadAction\",\"target\":[\"https:\/\/iberculturaviva.org\/es\/convocatoria-abierta-para-el-curso-de-posgrado-en-politicas-culturales-de-base-comunitaria\/\"]}]},{\"@type\":\"ImageObject\",\"inLanguage\":\"es\",\"@id\":\"https:\/\/iberculturaviva.org\/es\/convocatoria-abierta-para-el-curso-de-posgrado-en-politicas-culturales-de-base-comunitaria\/#primaryimage\",\"url\":\"https:\/\/iberculturaviva.org\/wp-content\/uploads\/2017\/12\/23721537552_3be19bf3b4_o-scaled.jpg\",\"contentUrl\":\"https:\/\/iberculturaviva.org\/wp-content\/uploads\/2017\/12\/23721537552_3be19bf3b4_o-scaled.jpg\",\"width\":5616,\"height\":3744},{\"@type\":\"BreadcrumbList\",\"@id\":\"https:\/\/iberculturaviva.org\/es\/convocatoria-abierta-para-el-curso-de-posgrado-en-politicas-culturales-de-base-comunitaria\/#breadcrumb\",\"itemListElement\":[{\"@type\":\"ListItem\",\"position\":1,\"name\":\"In\u00edcio\",\"item\":\"https:\/\/iberculturaviva.org\/es\/inicio\/\"},{\"@type\":\"ListItem\",\"position\":2,\"name\":\"Convocatoria abierta para el Curso de Posgrado en Pol\u00edticas Culturales de Base Comunitaria\"}]},{\"@type\":\"WebSite\",\"@id\":\"https:\/\/iberculturaviva.org\/es\/?lang=es\/#website\",\"url\":\"https:\/\/iberculturaviva.org\/es\/?lang=es\/\",\"name\":\"IberCultura Viva\",\"description\":\"Programa de cooperaci\u00f3n cultural\",\"publisher\":{\"@id\":\"https:\/\/iberculturaviva.org\/es\/?lang=es\/#organization\"},\"potentialAction\":[{\"@type\":\"SearchAction\",\"target\":{\"@type\":\"EntryPoint\",\"urlTemplate\":\"https:\/\/iberculturaviva.org\/es\/?lang=es\/?s={search_term_string}\"},\"query-input\":{\"@type\":\"PropertyValueSpecification\",\"valueRequired\":true,\"valueName\":\"search_term_string\"}}],\"inLanguage\":\"es\"},{\"@type\":\"Organization\",\"@id\":\"https:\/\/iberculturaviva.org\/es\/?lang=es\/#organization\",\"name\":\"Iberculturaviva\",\"url\":\"https:\/\/iberculturaviva.org\/es\/?lang=es\/\",\"logo\":{\"@type\":\"ImageObject\",\"inLanguage\":\"es\",\"@id\":\"https:\/\/iberculturaviva.org\/es\/?lang=es\/#\/schema\/logo\/image\/\",\"url\":\"https:\/\/iberculturaviva.org\/wp-content\/uploads\/2021\/08\/logo_ibercultura_viva.jpg\",\"contentUrl\":\"https:\/\/iberculturaviva.org\/wp-content\/uploads\/2021\/08\/logo_ibercultura_viva.jpg\",\"width\":708,\"height\":223,\"caption\":\"Iberculturaviva\"},\"image\":{\"@id\":\"https:\/\/iberculturaviva.org\/es\/?lang=es\/#\/schema\/logo\/image\/\"},\"sameAs\":[\"https:\/\/www.facebook.com\/iberculturaviva\/\",\"https:\/\/www.instagram.com\/iberculturaviva\/\",\"https:\/\/www.youtube.com\/iberculturaviva\"]},{\"@type\":\"Person\",\"@id\":\"https:\/\/iberculturaviva.org\/es\/?lang=es\/#\/schema\/person\/5d1313b072cc25536e0431522f740b59\",\"name\":\"IberCultura\",\"image\":{\"@type\":\"ImageObject\",\"inLanguage\":\"es\",\"@id\":\"https:\/\/iberculturaviva.org\/es\/?lang=es\/#\/schema\/person\/image\/\",\"url\":\"https:\/\/secure.gravatar.com\/avatar\/79f1a057cb125cbefb3765d0356d52fc7f3bba3a35e2cf22bc4de090bb7aef70?s=96&d=mm&r=g\",\"contentUrl\":\"https:\/\/secure.gravatar.com\/avatar\/79f1a057cb125cbefb3765d0356d52fc7f3bba3a35e2cf22bc4de090bb7aef70?s=96&d=mm&r=g\",\"caption\":\"IberCultura\"}}]}<\/script>\n<!-- \/ Yoast SEO plugin. -->","yoast_head_json":{"title":"Convocatoria abierta para el Curso de Posgrado en Pol\u00edticas Culturales de Base Comunitaria - IberCultura Viva","description":"Convocatoria abierta para el Curso de Posgrado en Pol\u00edticas Culturales de Base Comunitaria - IberCultura Viva","robots":{"index":"index","follow":"follow","max-snippet":"max-snippet:-1","max-image-preview":"max-image-preview:large","max-video-preview":"max-video-preview:-1"},"canonical":"https:\/\/iberculturaviva.org\/es\/convocatoria-abierta-para-el-curso-de-posgrado-en-politicas-culturales-de-base-comunitaria\/","og_locale":"es_ES","og_type":"article","og_title":"Convocatoria abierta para el Curso de Posgrado en Pol\u00edticas Culturales de Base Comunitaria - IberCultura Viva","og_description":"Convocatoria abierta para el Curso de Posgrado en Pol\u00edticas Culturales de Base Comunitaria - IberCultura Viva","og_url":"https:\/\/iberculturaviva.org\/es\/convocatoria-abierta-para-el-curso-de-posgrado-en-politicas-culturales-de-base-comunitaria\/","og_site_name":"IberCultura Viva","article_publisher":"https:\/\/www.facebook.com\/iberculturaviva\/","article_published_time":"2017-12-15T17:33:35+00:00","article_modified_time":"2021-01-12T16:56:08+00:00","og_image":[{"width":960,"height":640,"url":"https:\/\/iberculturaviva.org\/wp-content\/uploads\/2017\/12\/23721537552_3be19bf3b4_o-960x640.jpg","type":"image\/jpeg"}],"author":"IberCultura","twitter_card":"summary_large_image","twitter_misc":{"Escrito por":"IberCultura","Tiempo de lectura":"3 minutos"},"schema":{"@context":"https:\/\/schema.org","@graph":[{"@type":"Article","@id":"https:\/\/iberculturaviva.org\/es\/convocatoria-abierta-para-el-curso-de-posgrado-en-politicas-culturales-de-base-comunitaria\/#article","isPartOf":{"@id":"https:\/\/iberculturaviva.org\/es\/convocatoria-abierta-para-el-curso-de-posgrado-en-politicas-culturales-de-base-comunitaria\/"},"author":{"name":"IberCultura","@id":"https:\/\/iberculturaviva.org\/es\/?lang=es\/#\/schema\/person\/5d1313b072cc25536e0431522f740b59"},"headline":"Convocatoria abierta para el Curso de Posgrado en Pol\u00edticas Culturales de Base Comunitaria","datePublished":"2017-12-15T17:33:35+00:00","dateModified":"2021-01-12T16:56:08+00:00","mainEntityOfPage":{"@id":"https:\/\/iberculturaviva.org\/es\/convocatoria-abierta-para-el-curso-de-posgrado-en-politicas-culturales-de-base-comunitaria\/"},"wordCount":550,"publisher":{"@id":"https:\/\/iberculturaviva.org\/es\/?lang=es\/#organization"},"image":{"@id":"https:\/\/iberculturaviva.org\/es\/convocatoria-abierta-para-el-curso-de-posgrado-en-politicas-culturales-de-base-comunitaria\/#primaryimage"},"thumbnailUrl":"https:\/\/iberculturaviva.org\/wp-content\/uploads\/2017\/12\/23721537552_3be19bf3b4_o-scaled.jpg","articleSection":["Convocatorias","Formaci\u00f3n","Noticias"],"inLanguage":"es"},{"@type":"WebPage","@id":"https:\/\/iberculturaviva.org\/es\/convocatoria-abierta-para-el-curso-de-posgrado-en-politicas-culturales-de-base-comunitaria\/","url":"https:\/\/iberculturaviva.org\/es\/convocatoria-abierta-para-el-curso-de-posgrado-en-politicas-culturales-de-base-comunitaria\/","name":"Convocatoria abierta para el Curso de Posgrado en Pol\u00edticas Culturales de Base Comunitaria - IberCultura Viva","isPartOf":{"@id":"https:\/\/iberculturaviva.org\/es\/?lang=es\/#website"},"primaryImageOfPage":{"@id":"https:\/\/iberculturaviva.org\/es\/convocatoria-abierta-para-el-curso-de-posgrado-en-politicas-culturales-de-base-comunitaria\/#primaryimage"},"image":{"@id":"https:\/\/iberculturaviva.org\/es\/convocatoria-abierta-para-el-curso-de-posgrado-en-politicas-culturales-de-base-comunitaria\/#primaryimage"},"thumbnailUrl":"https:\/\/iberculturaviva.org\/wp-content\/uploads\/2017\/12\/23721537552_3be19bf3b4_o-scaled.jpg","datePublished":"2017-12-15T17:33:35+00:00","dateModified":"2021-01-12T16:56:08+00:00","description":"Convocatoria abierta para el Curso de Posgrado en Pol\u00edticas Culturales de Base Comunitaria - IberCultura Viva","breadcrumb":{"@id":"https:\/\/iberculturaviva.org\/es\/convocatoria-abierta-para-el-curso-de-posgrado-en-politicas-culturales-de-base-comunitaria\/#breadcrumb"},"inLanguage":"es","potentialAction":[{"@type":"ReadAction","target":["https:\/\/iberculturaviva.org\/es\/convocatoria-abierta-para-el-curso-de-posgrado-en-politicas-culturales-de-base-comunitaria\/"]}]},{"@type":"ImageObject","inLanguage":"es","@id":"https:\/\/iberculturaviva.org\/es\/convocatoria-abierta-para-el-curso-de-posgrado-en-politicas-culturales-de-base-comunitaria\/#primaryimage","url":"https:\/\/iberculturaviva.org\/wp-content\/uploads\/2017\/12\/23721537552_3be19bf3b4_o-scaled.jpg","contentUrl":"https:\/\/iberculturaviva.org\/wp-content\/uploads\/2017\/12\/23721537552_3be19bf3b4_o-scaled.jpg","width":5616,"height":3744},{"@type":"BreadcrumbList","@id":"https:\/\/iberculturaviva.org\/es\/convocatoria-abierta-para-el-curso-de-posgrado-en-politicas-culturales-de-base-comunitaria\/#breadcrumb","itemListElement":[{"@type":"ListItem","position":1,"name":"In\u00edcio","item":"https:\/\/iberculturaviva.org\/es\/inicio\/"},{"@type":"ListItem","position":2,"name":"Convocatoria abierta para el Curso de Posgrado en Pol\u00edticas Culturales de Base Comunitaria"}]},{"@type":"WebSite","@id":"https:\/\/iberculturaviva.org\/es\/?lang=es\/#website","url":"https:\/\/iberculturaviva.org\/es\/?lang=es\/","name":"IberCultura Viva","description":"Programa de cooperaci\u00f3n cultural","publisher":{"@id":"https:\/\/iberculturaviva.org\/es\/?lang=es\/#organization"},"potentialAction":[{"@type":"SearchAction","target":{"@type":"EntryPoint","urlTemplate":"https:\/\/iberculturaviva.org\/es\/?lang=es\/?s={search_term_string}"},"query-input":{"@type":"PropertyValueSpecification","valueRequired":true,"valueName":"search_term_string"}}],"inLanguage":"es"},{"@type":"Organization","@id":"https:\/\/iberculturaviva.org\/es\/?lang=es\/#organization","name":"Iberculturaviva","url":"https:\/\/iberculturaviva.org\/es\/?lang=es\/","logo":{"@type":"ImageObject","inLanguage":"es","@id":"https:\/\/iberculturaviva.org\/es\/?lang=es\/#\/schema\/logo\/image\/","url":"https:\/\/iberculturaviva.org\/wp-content\/uploads\/2021\/08\/logo_ibercultura_viva.jpg","contentUrl":"https:\/\/iberculturaviva.org\/wp-content\/uploads\/2021\/08\/logo_ibercultura_viva.jpg","width":708,"height":223,"caption":"Iberculturaviva"},"image":{"@id":"https:\/\/iberculturaviva.org\/es\/?lang=es\/#\/schema\/logo\/image\/"},"sameAs":["https:\/\/www.facebook.com\/iberculturaviva\/","https:\/\/www.instagram.com\/iberculturaviva\/","https:\/\/www.youtube.com\/iberculturaviva"]},{"@type":"Person","@id":"https:\/\/iberculturaviva.org\/es\/?lang=es\/#\/schema\/person\/5d1313b072cc25536e0431522f740b59","name":"IberCultura","image":{"@type":"ImageObject","inLanguage":"es","@id":"https:\/\/iberculturaviva.org\/es\/?lang=es\/#\/schema\/person\/image\/","url":"https:\/\/secure.gravatar.com\/avatar\/79f1a057cb125cbefb3765d0356d52fc7f3bba3a35e2cf22bc4de090bb7aef70?s=96&d=mm&r=g","contentUrl":"https:\/\/secure.gravatar.com\/avatar\/79f1a057cb125cbefb3765d0356d52fc7f3bba3a35e2cf22bc4de090bb7aef70?s=96&d=mm&r=g","caption":"IberCultura"}}]}},"main_category":{"link":"https:\/\/iberculturaviva.org\/es\/category\/convocatorias\/","name":"Convocatorias","slug":"convocatorias"},"_links":{"self":[{"href":"https:\/\/iberculturaviva.org\/es\/wp-json\/wp\/v2\/posts\/16304","targetHints":{"allow":["GET"]}}],"collection":[{"href":"https:\/\/iberculturaviva.org\/es\/wp-json\/wp\/v2\/posts"}],"about":[{"href":"https:\/\/iberculturaviva.org\/es\/wp-json\/wp\/v2\/types\/post"}],"author":[{"embeddable":true,"href":"https:\/\/iberculturaviva.org\/es\/wp-json\/wp\/v2\/users\/2"}],"replies":[{"embeddable":true,"href":"https:\/\/iberculturaviva.org\/es\/wp-json\/wp\/v2\/comments?post=16304"}],"version-history":[{"count":1,"href":"https:\/\/iberculturaviva.org\/es\/wp-json\/wp\/v2\/posts\/16304\/revisions"}],"predecessor-version":[{"id":22715,"href":"https:\/\/iberculturaviva.org\/es\/wp-json\/wp\/v2\/posts\/16304\/revisions\/22715"}],"wp:featuredmedia":[{"embeddable":true,"href":"https:\/\/iberculturaviva.org\/es\/wp-json\/wp\/v2\/media\/19563"}],"wp:attachment":[{"href":"https:\/\/iberculturaviva.org\/es\/wp-json\/wp\/v2\/media?parent=16304"}],"wp:term":[{"taxonomy":"category","embeddable":true,"href":"https:\/\/iberculturaviva.org\/es\/wp-json\/wp\/v2\/categories?post=16304"},{"taxonomy":"post_tag","embeddable":true,"href":"https:\/\/iberculturaviva.org\/es\/wp-json\/wp\/v2\/tags?post=16304"},{"taxonomy":"country-municipality","embeddable":true,"href":"https:\/\/iberculturaviva.org\/es\/wp-json\/wp\/v2\/country-municipality?post=16304"}],"curies":[{"name":"wp","href":"https:\/\/api.w.org\/{rel}","templated":true}]}}