{"id":16298,"date":"2017-11-24T13:18:57","date_gmt":"2017-11-24T15:18:57","guid":{"rendered":"https:\/\/iberculturaviva.org\/participantes-del-2o-encuentro-de-redes-conforman-grupo-de-trabajo-para-articular-una-red-de-gobiernos-locales\/"},"modified":"2021-01-12T13:56:33","modified_gmt":"2021-01-12T16:56:33","slug":"participantes-del-2o-encuentro-de-redes-conforman-grupo-de-trabajo-para-articular-una-red-de-gobiernos-locales","status":"publish","type":"post","link":"https:\/\/iberculturaviva.org\/es\/participantes-del-2o-encuentro-de-redes-conforman-grupo-de-trabajo-para-articular-una-red-de-gobiernos-locales\/","title":{"rendered":"Participantes del 2\u00ba Encuentro de Redes conforman grupo de trabajo para articular una red de gobiernos locales"},"content":{"rendered":"<p style=\"text-align: justify;\"><span style=\"font-weight: 400;\">El <\/span><span style=\"font-weight: 400;\">2\u00ba Encuentro de Redes IberCultura Viva, realizado en la sede del Ministerio de Cultura y Patrimonio, en Quito (Ecuador), los d\u00edas 22 y 23 de noviembre, termin\u00f3 con la conformaci\u00f3n de un <\/span><span style=\"font-weight: 400;\">grupo de trabajo (GT) de gobiernos locales para la articulaci\u00f3n de una red que pueda aportar al desarrollo de las experiencias y procesos culturales de base comunitaria y de pueblos originarios de forma participativa, colaborativa y con trabajo intersectorial.<\/span><\/p>\n<p style=\"text-align: justify;\"><span style=\"font-weight: 400;\">Como resalt\u00f3 Diego Benhabib, representante de la presidencia de IberCultura Viva, se trata de un \u201cprimer acuerdo\u201d de constituci\u00f3n de esta red. El documento que los participantes del encuentro firmaron este jueves 23 de noviembre cita algunas l\u00edneas de acci\u00f3n para 2018, teniendo en cuenta el Plan Estrat\u00e9gico Trienal (PET 2018-2020) aprobado en la 8\u00aa Reuni\u00f3n del Consejo Intergubernamental IberCultura Viva, realizada tambi\u00e9n esta semana en Quito, en el marco del 3\u00ba Congreso Latinoamericano de Cultura Viva Comunitaria.<\/span><\/p>\n<p style=\"text-align: justify;\"><span style=\"font-weight: 400;\">Adem\u00e1s de expresar su adhesi\u00f3n a los valores sostenidos por el programa (\u201cFomentar el respeto\u201d, \u201ccrear comunidad\u201d, \u201cresguardar la diversidad cultural\u201d, \u201cimpulsar la participaci\u00f3n\u201d y \u201cdefender la igualdad\u201d), los representantes de gobiernos locales presentes (una provincia y 11 municipios) manifestaron su compromiso para integrar el grupo de trabajo y contribuir al desarrollo de acciones para la construcci\u00f3n de una agenda com\u00fan que permita \u00a0avanzar en el diagn\u00f3stico y en la definici\u00f3n de los marcos para la constituci\u00f3n y funcionamiento de una red de gobiernos locales que articule con el programa. \u00a0<\/span><\/p>\n\n\t\t<style type=\"text\/css\">\n\t\t\t#gallery-1 {\n\t\t\t\tmargin: auto;\n\t\t\t}\n\t\t\t#gallery-1 .gallery-item {\n\t\t\t\tfloat: left;\n\t\t\t\tmargin-top: 10px;\n\t\t\t\ttext-align: center;\n\t\t\t\twidth: 50%;\n\t\t\t}\n\t\t\t#gallery-1 img {\n\t\t\t\tborder: 2px solid #cfcfcf;\n\t\t\t}\n\t\t\t#gallery-1 .gallery-caption {\n\t\t\t\tmargin-left: 0;\n\t\t\t}\n\t\t\t\/* see gallery_shortcode() in wp-includes\/media.php *\/\n\t\t<\/style>\n\t\t<div id='gallery-1' class='gallery galleryid-16298 gallery-columns-2 gallery-size-medium'><dl class='gallery-item'>\n\t\t\t<dt class='gallery-icon landscape'>\n\t\t\t\t<a href='https:\/\/iberculturaviva.org\/es\/participantes-del-2o-encuentro-de-redes-conforman-grupo-de-trabajo-para-articular-una-red-de-gobiernos-locales\/img_9719-2\/'><img loading=\"lazy\" decoding=\"async\" width=\"300\" height=\"202\" src=\"https:\/\/iberculturaviva.org\/wp-content\/uploads\/2017\/11\/IMG_9719-460x310.jpg\" class=\"attachment-medium size-medium\" alt=\"\" srcset=\"https:\/\/iberculturaviva.org\/wp-content\/uploads\/2017\/11\/IMG_9719-460x310.jpg 460w, https:\/\/iberculturaviva.org\/wp-content\/uploads\/2017\/11\/IMG_9719-125x83.jpg 125w\" sizes=\"auto, (max-width: 300px) 100vw, 300px\" \/><\/a>\n\t\t\t<\/dt><\/dl><dl class='gallery-item'>\n\t\t\t<dt class='gallery-icon landscape'>\n\t\t\t\t<a href='https:\/\/iberculturaviva.org\/es\/participantes-del-2o-encuentro-de-redes-conforman-grupo-de-trabajo-para-articular-una-red-de-gobiernos-locales\/img_9725-2\/'><img loading=\"lazy\" decoding=\"async\" width=\"300\" height=\"202\" src=\"https:\/\/iberculturaviva.org\/wp-content\/uploads\/2017\/11\/IMG_9725-460x310.jpg\" class=\"attachment-medium size-medium\" alt=\"\" srcset=\"https:\/\/iberculturaviva.org\/wp-content\/uploads\/2017\/11\/IMG_9725-460x310.jpg 460w, https:\/\/iberculturaviva.org\/wp-content\/uploads\/2017\/11\/IMG_9725-125x83.jpg 125w\" sizes=\"auto, (max-width: 300px) 100vw, 300px\" \/><\/a>\n\t\t\t<\/dt><\/dl><br style=\"clear: both\" \/>\n\t\t<\/div>\n\n<h4><\/h4>\n<h4 style=\"text-align: justify;\"><b>Los participantes<\/b><\/h4>\n<p style=\"text-align: justify;\"><span style=\"font-weight: 400;\">Participaron del 2\u00ba Encuentro de Redes IberCultura Viva representantes de los gobiernos de la provincia de Entre R\u00edos y de las municipalidades de C\u00f3rdoba y Devoto, Argentina; de la Prefeitura de Niter\u00f3i, Brasil; de la Alcald\u00eda de Medell\u00edn, Colombia; del Ayuntamiento de Zapopan y municipio de Cher\u00e1n, M\u00e9xico; del municipio de Ibarra, Ecuador; de las intendencias de Canelones y Montevideo, Uruguay, y de las municipalidades La Molina y Metropolitana de Lima, Per\u00fa.<\/span><\/p>\n<p style=\"text-align: justify;\"><span style=\"font-weight: 400;\">La reuni\u00f3n cont\u00f3 tambi\u00e9n con la presencia de representantes de ocho pa\u00edses miembros del Consejo Intergubernamental IberCultura Viva (<\/span><span style=\"font-weight: 400;\">Argentina, Brasil, Costa Rica, Ecuador, El Salvador, Guatemala, Per\u00fa y Uruguay) <\/span><span style=\"font-weight: 400;\">y de referentes de cuatro organizaciones culturales comunitarias de M\u00e9xico (Consejo de J\u00f3venes Cher\u00e1n Keri), Per\u00fa (Grupo Pukllay), Guatemala (Caja L\u00fadica) y Costa Rica (Asociaci\u00f3n Administradora del Acueducto Rural de Po\u00e1s y Barrio Coraz\u00f3n de Jes\u00fas de Aserr\u00ed) <\/span><span style=\"font-weight: 400;\">que han tenido incidencia en el desarrollo de pol\u00edticas p\u00fablicas a nivel local.<\/span><\/p>\n\n\t\t<style type=\"text\/css\">\n\t\t\t#gallery-2 {\n\t\t\t\tmargin: auto;\n\t\t\t}\n\t\t\t#gallery-2 .gallery-item {\n\t\t\t\tfloat: left;\n\t\t\t\tmargin-top: 10px;\n\t\t\t\ttext-align: center;\n\t\t\t\twidth: 50%;\n\t\t\t}\n\t\t\t#gallery-2 img {\n\t\t\t\tborder: 2px solid #cfcfcf;\n\t\t\t}\n\t\t\t#gallery-2 .gallery-caption {\n\t\t\t\tmargin-left: 0;\n\t\t\t}\n\t\t\t\/* see gallery_shortcode() in wp-includes\/media.php *\/\n\t\t<\/style>\n\t\t<div id='gallery-2' class='gallery galleryid-16298 gallery-columns-2 gallery-size-medium'><dl class='gallery-item'>\n\t\t\t<dt class='gallery-icon landscape'>\n\t\t\t\t<a href='https:\/\/iberculturaviva.org\/es\/participantes-del-2o-encuentro-de-redes-conforman-grupo-de-trabajo-para-articular-una-red-de-gobiernos-locales\/img_9800-2\/'><img loading=\"lazy\" decoding=\"async\" width=\"300\" height=\"202\" src=\"https:\/\/iberculturaviva.org\/wp-content\/uploads\/2017\/11\/IMG_9800-460x310.jpg\" class=\"attachment-medium size-medium\" alt=\"\" srcset=\"https:\/\/iberculturaviva.org\/wp-content\/uploads\/2017\/11\/IMG_9800-460x310.jpg 460w, https:\/\/iberculturaviva.org\/wp-content\/uploads\/2017\/11\/IMG_9800-125x83.jpg 125w\" sizes=\"auto, (max-width: 300px) 100vw, 300px\" \/><\/a>\n\t\t\t<\/dt><\/dl><dl class='gallery-item'>\n\t\t\t<dt class='gallery-icon landscape'>\n\t\t\t\t<a href='https:\/\/iberculturaviva.org\/es\/impresiones-de-viaje-vii-dos-representantes-de-puntos-de-cultura-peruanos-comentan-su-experiencia-en-el-congreso-de-quito\/img_9778-2\/'><img loading=\"lazy\" decoding=\"async\" width=\"300\" height=\"202\" src=\"https:\/\/iberculturaviva.org\/wp-content\/uploads\/2017\/11\/IMG_9778-460x310.jpg\" class=\"attachment-medium size-medium\" alt=\"\" srcset=\"https:\/\/iberculturaviva.org\/wp-content\/uploads\/2017\/11\/IMG_9778-460x310.jpg 460w, https:\/\/iberculturaviva.org\/wp-content\/uploads\/2017\/11\/IMG_9778-125x83.jpg 125w\" sizes=\"auto, (max-width: 300px) 100vw, 300px\" \/><\/a>\n\t\t\t<\/dt><\/dl><br style=\"clear: both\" \/><dl class='gallery-item'>\n\t\t\t<dt class='gallery-icon landscape'>\n\t\t\t\t<a href='https:\/\/iberculturaviva.org\/es\/participantes-del-2o-encuentro-de-redes-conforman-grupo-de-trabajo-para-articular-una-red-de-gobiernos-locales\/img_9806-2\/'><img loading=\"lazy\" decoding=\"async\" width=\"300\" height=\"202\" src=\"https:\/\/iberculturaviva.org\/wp-content\/uploads\/2017\/11\/IMG_9806-460x310.jpg\" class=\"attachment-medium size-medium\" alt=\"\" srcset=\"https:\/\/iberculturaviva.org\/wp-content\/uploads\/2017\/11\/IMG_9806-460x310.jpg 460w, https:\/\/iberculturaviva.org\/wp-content\/uploads\/2017\/11\/IMG_9806-125x83.jpg 125w\" sizes=\"auto, (max-width: 300px) 100vw, 300px\" \/><\/a>\n\t\t\t<\/dt><\/dl><dl class='gallery-item'>\n\t\t\t<dt class='gallery-icon landscape'>\n\t\t\t\t<a href='https:\/\/iberculturaviva.org\/es\/participantes-del-2o-encuentro-de-redes-conforman-grupo-de-trabajo-para-articular-una-red-de-gobiernos-locales\/img_9794-2\/'><img loading=\"lazy\" decoding=\"async\" width=\"300\" height=\"202\" src=\"https:\/\/iberculturaviva.org\/wp-content\/uploads\/2017\/11\/IMG_9794-460x310.jpg\" class=\"attachment-medium size-medium\" alt=\"\" srcset=\"https:\/\/iberculturaviva.org\/wp-content\/uploads\/2017\/11\/IMG_9794-460x310.jpg 460w, https:\/\/iberculturaviva.org\/wp-content\/uploads\/2017\/11\/IMG_9794-125x83.jpg 125w\" sizes=\"auto, (max-width: 300px) 100vw, 300px\" \/><\/a>\n\t\t\t<\/dt><\/dl><br style=\"clear: both\" \/>\n\t\t<\/div>\n\n<h4 style=\"text-align: justify;\"><b>Las presentaciones<\/b><\/h4>\n<p style=\"text-align: justify;\"><span style=\"font-weight: 400;\">Estos cuatro casos de la sociedad civil organizada fueron presentados en la tarde del primer d\u00eda de trabajo. La ma\u00f1ana estuvo dedicada a las presentaciones de cinco <\/span><span style=\"font-weight: 400;\">experiencias gubernamentales de d<\/span><span style=\"font-weight: 400;\">esarrollo de pol\u00edticas culturales de base comunitaria en Niteroi (Brasil), Montevideo y Canelones (Uruguay), Medell\u00edn (Colombia) y C\u00f3rdoba (Argentina).<\/span><\/p>\n<p style=\"text-align: justify;\"><span style=\"font-weight: 400;\">Herman Montoya, de la<\/span> <span style=\"font-weight: 400;\">Secretar\u00eda de Cultura Ciudadana de la Alcald\u00eda de Medell\u00edn, cont\u00f3 lo qu\u00e9 ha pasado en los \u00faltimos seis a\u00f1os desde que se institucionaliz\u00f3 en \u00a0Medell\u00edn la pol\u00edtica de Cultura Viva Comunitaria. Habl\u00f3 de los retos de la pol\u00edtica, como el desarrollo de una herramienta que permita mapear y caracterizar las organizaciones comunitarias de la ciudad, y la articulaci\u00f3n de propuestas de trabajo que vinculen a otras secretar\u00edas del municipio en programas y proyectos de organizaciones comunitarias. Tambi\u00e9n coment\u00f3 algunos logros, como el mantenimiento de los est\u00edmulos y premios a las expresiones de la cultura viva comunitaria, la publicaci\u00f3n de las memorias de los eventos de CVC, y el apoyo a las organizaciones para asistencia a los Congresos Latinoamericanos realizados en Bolivia y Ecuador.<\/span><\/p>\n<p style=\"text-align: justify;\"><span style=\"font-weight: 400;\">Las experiencias uruguayas quedaron a cargo de Alba Antunez, directora de Descentralizaci\u00f3n Cultural del Programa <\/span><a href=\"https:\/\/iberculturaviva.org\/es\/portfolio\/esquinas-de-la-cultura-reconociendo-y-apoyando-las-expresiones-de-cada-barrio\/\"><span style=\"font-weight: 400;\">Esquinas de la Cultura<\/span><\/a><span style=\"font-weight: 400;\">, de la Intendencia de Montevideo, y de Manuel Mel\u00e9ndez, director de Cultura Comunitaria de la Intendencia de Canelones. Los dos compartieron la mesa para contar c\u00f3mo desde las municipalidades se viene desarrollando una pol\u00edtica territorial de base cultural comunitaria que tiene como premisa la cogesti\u00f3n de espacios y experiencias en los barrios con los vecinos.<\/span><\/p>\n<div id=\"attachment_8313\" style=\"width: 650px\" class=\"wp-caption aligncenter\"><a href=\"https:\/\/iberculturaviva.org\/wp-content\/uploads\/2017\/11\/IMG_9753.jpg\"><img loading=\"lazy\" decoding=\"async\" aria-describedby=\"caption-attachment-8313\" class=\"wp-image-8313 size-large\" src=\"https:\/\/iberculturaviva.org\/wp-content\/uploads\/2017\/11\/IMG_9753-960x640.jpg\" alt=\"\" width=\"640\" height=\"427\" \/><\/a><p id=\"caption-attachment-8313\" class=\"wp-caption-text\">Renata Machado (Brasil), Alba Antunez, Manuel Mel\u00e9ndez y Bego\u00f1a Ojeda (Uruguay)<\/p><\/div>\n<h4 style=\"text-align: justify;\"><b>Derechos culturales<\/b><\/h4>\n<div id=\"attachment_8288\" style=\"width: 364px\" class=\"wp-caption alignright\"><a href=\"https:\/\/iberculturaviva.org\/wp-content\/uploads\/2017\/11\/IMG_9732.jpg\"><img loading=\"lazy\" decoding=\"async\" aria-describedby=\"caption-attachment-8288\" class=\"wp-image-8288\" src=\"https:\/\/iberculturaviva.org\/wp-content\/uploads\/2017\/11\/IMG_9732-960x640.jpg\" alt=\"\" width=\"354\" height=\"236\" \/><\/a><p id=\"caption-attachment-8288\" class=\"wp-caption-text\">Marchiaro coment\u00f3 el caso de la Secretar\u00eda de Cultura de C\u00f3rdoba<\/p><\/div>\n<p style=\"text-align: justify;\"><span style=\"font-weight: 400;\">De Argentina, Francisco Marchiaro, secretario de Cultura de la Municipalidad de C\u00f3rdoba, comparti\u00f3 su presentaci\u00f3n con Lucrecia Gonz\u00e1lez y Diego Pigini, de la Direcci\u00f3n de Cultura Comunitaria. Marchiaro cont\u00f3 un poco de la fisonom\u00eda de la ciudad (una ciudad universitaria, con 1,4 mill\u00f3n de habitantes), de la creaci\u00f3n de la Secretar\u00eda de Cultura en 2011, de c\u00f3mo logr\u00f3 multiplicar por seis el presupuesto destinado a los temas culturales comunitarios (pasando de 0,19% a 1,2%) y de los tres ejes de trabajo a que se ha dedicado: la cultura como derecho humano; la cultura como motor de desarrollo social; culturas y territorios.<\/span><\/p>\n<p style=\"text-align: justify;\"><span style=\"font-weight: 400;\">Pigini y Gonz\u00e1lez comentaron como acciones como \u201cCarnavales Comunitarios\u201d, \u201cTu Barrio en Escena\u201d, \u201cCultura de Barrio\u201d, \u201cPromotores Culturales Comunitarios\u201d y \u201cAprendo con Cultura\u201d han generando instancias de disfrute, expresi\u00f3n, participaci\u00f3n y ejercicio pleno de los derechos culturales en las comunidades. Tambi\u00e9n resaltaron que este a\u00f1o se present\u00f3 en C\u00f3rdoba el Consejo Municipal de Cultura Comunitaria, un espacio permanente de articulaci\u00f3n entre la sociedad civil y la Municipalidad para la definici\u00f3n y defensa de pol\u00edticas culturales de base comunitaria.<\/span><\/p>\n\n\t\t<style type=\"text\/css\">\n\t\t\t#gallery-3 {\n\t\t\t\tmargin: auto;\n\t\t\t}\n\t\t\t#gallery-3 .gallery-item {\n\t\t\t\tfloat: left;\n\t\t\t\tmargin-top: 10px;\n\t\t\t\ttext-align: center;\n\t\t\t\twidth: 50%;\n\t\t\t}\n\t\t\t#gallery-3 img {\n\t\t\t\tborder: 2px solid #cfcfcf;\n\t\t\t}\n\t\t\t#gallery-3 .gallery-caption {\n\t\t\t\tmargin-left: 0;\n\t\t\t}\n\t\t\t\/* see gallery_shortcode() in wp-includes\/media.php *\/\n\t\t<\/style>\n\t\t<div id='gallery-3' class='gallery galleryid-16298 gallery-columns-2 gallery-size-medium'><dl class='gallery-item'>\n\t\t\t<dt class='gallery-icon landscape'>\n\t\t\t\t<a href='https:\/\/iberculturaviva.org\/es\/img_9720-2\/'><img loading=\"lazy\" decoding=\"async\" width=\"300\" height=\"202\" src=\"https:\/\/iberculturaviva.org\/wp-content\/uploads\/2017\/11\/IMG_9720-460x310.jpg\" class=\"attachment-medium size-medium\" alt=\"\" srcset=\"https:\/\/iberculturaviva.org\/wp-content\/uploads\/2017\/11\/IMG_9720-460x310.jpg 460w, https:\/\/iberculturaviva.org\/wp-content\/uploads\/2017\/11\/IMG_9720-125x83.jpg 125w\" sizes=\"auto, (max-width: 300px) 100vw, 300px\" \/><\/a>\n\t\t\t<\/dt><\/dl><dl class='gallery-item'>\n\t\t\t<dt class='gallery-icon landscape'>\n\t\t\t\t<a href='https:\/\/iberculturaviva.org\/es\/participantes-del-2o-encuentro-de-redes-conforman-grupo-de-trabajo-para-articular-una-red-de-gobiernos-locales\/img_9813-2\/'><img loading=\"lazy\" decoding=\"async\" width=\"300\" height=\"202\" src=\"https:\/\/iberculturaviva.org\/wp-content\/uploads\/2017\/11\/IMG_9813-460x310.jpg\" class=\"attachment-medium size-medium\" alt=\"\" srcset=\"https:\/\/iberculturaviva.org\/wp-content\/uploads\/2017\/11\/IMG_9813-460x310.jpg 460w, https:\/\/iberculturaviva.org\/wp-content\/uploads\/2017\/11\/IMG_9813-125x83.jpg 125w\" sizes=\"auto, (max-width: 300px) 100vw, 300px\" \/><\/a>\n\t\t\t<\/dt><\/dl><br style=\"clear: both\" \/>\n\t\t<\/div>\n\n<h4><\/h4>\n<h4 style=\"text-align: justify;\"><b>Consejo Municipal<\/b><\/h4>\n<div id=\"attachment_8328\" style=\"width: 303px\" class=\"wp-caption alignright\"><a href=\"https:\/\/iberculturaviva.org\/wp-content\/uploads\/2017\/11\/IMG_9748-1.jpg\"><img loading=\"lazy\" decoding=\"async\" aria-describedby=\"caption-attachment-8328\" class=\"wp-image-8328\" src=\"https:\/\/iberculturaviva.org\/wp-content\/uploads\/2017\/11\/IMG_9748-1-960x640.jpg\" alt=\"\" width=\"293\" height=\"195\" \/><\/a><p id=\"caption-attachment-8328\" class=\"wp-caption-text\">Renato Almada habl\u00f3 de la experiencia de Niter\u00f3i<\/p><\/div>\n<p style=\"text-align: justify;\"><span style=\"font-weight: 400;\">A continuaci\u00f3n, el brasile\u00f1o Renato Almada, presidente del Consejo Municipal de Pol\u00edticas Culturales de Niter\u00f3i, record\u00f3 la creaci\u00f3n del programa Cultura Viva en Brasil en 2004 y su transformaci\u00f3n en pol\u00edtica de Estado diez a\u00f1os despu\u00e9s, con la sanci\u00f3n de la Ley Cultura Viva en 2014. \u201cEs necesario implementar una pol\u00edtica de Estado, no de gobierno, para tener una pol\u00edtica efectiva funcionando en un pa\u00eds, estado o municipio\u201d, afirm\u00f3 Almada, destacando que la municipalidad de Niter\u00f3i ha logrado una serie de avances, como la Ley del Sistema Municipal de Cultura, que cre\u00f3 el Consejo<\/span><span style=\"font-weight: 400;\">, el Plano y el Fondo Municipal de Cultura.<\/span><\/p>\n<p style=\"text-align: justify;\"><span style=\"font-weight: 400;\">\u201cHicimos en Niter\u00f3i la mayor conferencia municipal de cultura de Brasil, con m\u00e1s de 800 participantes, y ah\u00ed elegimos el Consejo Municipal de Pol\u00edticas Culturales, con 15 c\u00e1maras tem\u00e1ticas (danza, m\u00fasica, teatro, etc). Este Consejo administra el Fondo Municipal de Cultura. No administra el presupuesto, sino aprueba los proyectos que van a captar recursos. Es un consejo deliberativo, que decide junto con el poder p\u00fablico las pol\u00edticas culturales a ser implementadas. Y nuestro Plan Municipal de Cultura prev\u00e9 el establecimiento de la Red Cultura Viva\u201d, explic\u00f3. La<\/span><span style=\"font-weight: 400;\"> Red Cultura Viva Niter\u00f3i, criada a trav\u00e9s de convenio entre la Prefeitura de Niter\u00f3i y el Gobierno Federal, est\u00e1 conformada por 17 Puntos de Cultura y dos \u201cPontones\u201d de Cultura (*).<\/span><\/p>\n\n\t\t<style type=\"text\/css\">\n\t\t\t#gallery-4 {\n\t\t\t\tmargin: auto;\n\t\t\t}\n\t\t\t#gallery-4 .gallery-item {\n\t\t\t\tfloat: left;\n\t\t\t\tmargin-top: 10px;\n\t\t\t\ttext-align: center;\n\t\t\t\twidth: 50%;\n\t\t\t}\n\t\t\t#gallery-4 img {\n\t\t\t\tborder: 2px solid #cfcfcf;\n\t\t\t}\n\t\t\t#gallery-4 .gallery-caption {\n\t\t\t\tmargin-left: 0;\n\t\t\t}\n\t\t\t\/* see gallery_shortcode() in wp-includes\/media.php *\/\n\t\t<\/style>\n\t\t<div id='gallery-4' class='gallery galleryid-16298 gallery-columns-2 gallery-size-medium'><dl class='gallery-item'>\n\t\t\t<dt class='gallery-icon landscape'>\n\t\t\t\t<a href='https:\/\/iberculturaviva.org\/es\/img_9758-2-2\/'><img loading=\"lazy\" decoding=\"async\" width=\"300\" height=\"202\" src=\"https:\/\/iberculturaviva.org\/wp-content\/uploads\/2017\/11\/IMG_9758-1-460x310.jpg\" class=\"attachment-medium size-medium\" alt=\"\" srcset=\"https:\/\/iberculturaviva.org\/wp-content\/uploads\/2017\/11\/IMG_9758-1-460x310.jpg 460w, https:\/\/iberculturaviva.org\/wp-content\/uploads\/2017\/11\/IMG_9758-1-125x83.jpg 125w\" sizes=\"auto, (max-width: 300px) 100vw, 300px\" \/><\/a>\n\t\t\t<\/dt><\/dl><dl class='gallery-item'>\n\t\t\t<dt class='gallery-icon landscape'>\n\t\t\t\t<a href='https:\/\/iberculturaviva.org\/es\/participantes-del-2o-encuentro-de-redes-conforman-grupo-de-trabajo-para-articular-una-red-de-gobiernos-locales\/img_9790-2-2\/'><img loading=\"lazy\" decoding=\"async\" width=\"300\" height=\"202\" src=\"https:\/\/iberculturaviva.org\/wp-content\/uploads\/2017\/11\/IMG_9790-1-460x310.jpg\" class=\"attachment-medium size-medium\" alt=\"\" srcset=\"https:\/\/iberculturaviva.org\/wp-content\/uploads\/2017\/11\/IMG_9790-1-460x310.jpg 460w, https:\/\/iberculturaviva.org\/wp-content\/uploads\/2017\/11\/IMG_9790-1-125x83.jpg 125w\" sizes=\"auto, (max-width: 300px) 100vw, 300px\" \/><\/a>\n\t\t\t<\/dt><\/dl><br style=\"clear: both\" \/><dl class='gallery-item'>\n\t\t\t<dt class='gallery-icon landscape'>\n\t\t\t\t<a href='https:\/\/iberculturaviva.org\/es\/participantes-del-2o-encuentro-de-redes-conforman-grupo-de-trabajo-para-articular-una-red-de-gobiernos-locales\/img_9787-2\/'><img loading=\"lazy\" decoding=\"async\" width=\"300\" height=\"202\" src=\"https:\/\/iberculturaviva.org\/wp-content\/uploads\/2017\/11\/IMG_9787-460x310.jpg\" class=\"attachment-medium size-medium\" alt=\"\" srcset=\"https:\/\/iberculturaviva.org\/wp-content\/uploads\/2017\/11\/IMG_9787-460x310.jpg 460w, https:\/\/iberculturaviva.org\/wp-content\/uploads\/2017\/11\/IMG_9787-125x83.jpg 125w\" sizes=\"auto, (max-width: 300px) 100vw, 300px\" \/><\/a>\n\t\t\t<\/dt><\/dl><dl class='gallery-item'>\n\t\t\t<dt class='gallery-icon landscape'>\n\t\t\t\t<a href='https:\/\/iberculturaviva.org\/es\/participantes-del-2o-encuentro-de-redes-conforman-grupo-de-trabajo-para-articular-una-red-de-gobiernos-locales\/img_9781-2\/'><img loading=\"lazy\" decoding=\"async\" width=\"300\" height=\"202\" src=\"https:\/\/iberculturaviva.org\/wp-content\/uploads\/2017\/11\/IMG_9781-460x310.jpg\" class=\"attachment-medium size-medium\" alt=\"\" srcset=\"https:\/\/iberculturaviva.org\/wp-content\/uploads\/2017\/11\/IMG_9781-460x310.jpg 460w, https:\/\/iberculturaviva.org\/wp-content\/uploads\/2017\/11\/IMG_9781-125x83.jpg 125w\" sizes=\"auto, (max-width: 300px) 100vw, 300px\" \/><\/a>\n\t\t\t<\/dt><\/dl><br style=\"clear: both\" \/>\n\t\t<\/div>\n\n<h5><\/h5>\n<h5 style=\"text-align: justify;\"><span style=\"font-weight: 400;\">(*) <\/span><span style=\"font-weight: 400;\">Un <\/span><i><span style=\"font-weight: 400;\">Pont\u00f3n<\/span><\/i><span style=\"font-weight: 400;\"> de Cultura es una entidad cultural o instituci\u00f3n p\u00fablica de ense\u00f1anza que articula un conjunto de otros puntos o iniciativas culturales, desarrollando acciones de movilizaci\u00f3n, formaci\u00f3n, mediaci\u00f3n y articulaci\u00f3n de una determinada red de Puntos de Cultura y dem\u00e1s iniciativas culturales, tanto en el \u00e1mbito territorial como por recorte tem\u00e1tico e identitario<\/span><span style=\"font-weight: 400;\">.<\/span><\/h5>\n<p>&nbsp;<\/p>\n<h4><span style=\"text-decoration: underline;\"><a href=\"https:\/\/iberculturaviva.org\/wp-content\/uploads\/2017\/11\/Grupo-de-Trabajo-de-Gobiernos-Locales.pdf\"><b>Revisa el acta de conformaci\u00f3n del grupo de trabajo de gobiernos locales.<\/b><\/a><\/span><\/h4>\n<p>&nbsp;<\/p>\n","protected":false},"excerpt":{"rendered":"<p>El 2\u00ba Encuentro de Redes IberCultura Viva, realizado en la sede del Ministerio de Cultura y Patrimonio, en Quito (Ecuador), los d\u00edas 22 y 23 de noviembre, termin\u00f3 con la [&hellip;]<\/p>\n","protected":false},"author":2,"featured_media":19538,"comment_status":"closed","ping_status":"closed","sticky":false,"template":"","format":"standard","meta":{"_coblocks_attr":"","_coblocks_dimensions":"","_coblocks_responsive_height":"","_coblocks_accordion_ie_support":"","_EventAllDay":false,"_EventTimezone":"","_EventStartDate":"","_EventEndDate":"","_EventStartDateUTC":"","_EventEndDateUTC":"","_EventShowMap":false,"_EventShowMapLink":false,"_EventURL":"","_EventCost":"","_EventCostDescription":"","_EventCurrencySymbol":"","_EventCurrencyCode":"","_EventCurrencyPosition":"","_EventDateTimeSeparator":"","_EventTimeRangeSeparator":"","_EventOrganizerID":[],"_EventVenueID":[],"_OrganizerEmail":"","_OrganizerPhone":"","_OrganizerWebsite":"","_VenueAddress":"","_VenueCity":"","_VenueCountry":"","_VenueProvince":"","_VenueState":"","_VenueZip":"","_VenuePhone":"","_VenueURL":"","_VenueStateProvince":"","_VenueLat":"","_VenueLng":"","_VenueShowMap":false,"_VenueShowMapLink":false,"footnotes":""},"categories":[262],"tags":[],"country-municipality":[],"class_list":["post-16298","post","type-post","status-publish","format-standard","has-post-thumbnail","hentry","category-noticias-es"],"yoast_head":"<!-- This site is optimized with the Yoast SEO plugin v25.7 - https:\/\/yoast.com\/wordpress\/plugins\/seo\/ -->\n<title>Participantes del 2\u00ba Encuentro de Redes conforman grupo de trabajo para articular una red de gobiernos locales - IberCultura Viva<\/title>\n<meta name=\"description\" content=\"Participantes del 2\u00ba Encuentro de Redes conforman grupo de trabajo para articular una red de gobiernos locales - IberCultura Viva\" \/>\n<meta name=\"robots\" content=\"index, follow, max-snippet:-1, max-image-preview:large, max-video-preview:-1\" \/>\n<link rel=\"canonical\" href=\"https:\/\/iberculturaviva.org\/es\/participantes-del-2o-encuentro-de-redes-conforman-grupo-de-trabajo-para-articular-una-red-de-gobiernos-locales\/\" \/>\n<meta property=\"og:locale\" content=\"es_ES\" \/>\n<meta property=\"og:type\" content=\"article\" \/>\n<meta property=\"og:title\" content=\"Participantes del 2\u00ba Encuentro de Redes conforman grupo de trabajo para articular una red de gobiernos locales - IberCultura Viva\" \/>\n<meta property=\"og:description\" content=\"Participantes del 2\u00ba Encuentro de Redes conforman grupo de trabajo para articular una red de gobiernos locales - IberCultura Viva\" \/>\n<meta property=\"og:url\" content=\"https:\/\/iberculturaviva.org\/es\/participantes-del-2o-encuentro-de-redes-conforman-grupo-de-trabajo-para-articular-una-red-de-gobiernos-locales\/\" \/>\n<meta property=\"og:site_name\" content=\"IberCultura Viva\" \/>\n<meta property=\"article:publisher\" content=\"https:\/\/www.facebook.com\/iberculturaviva\/\" \/>\n<meta property=\"article:published_time\" content=\"2017-11-24T15:18:57+00:00\" \/>\n<meta property=\"article:modified_time\" content=\"2021-01-12T16:56:33+00:00\" \/>\n<meta property=\"og:image\" content=\"https:\/\/iberculturaviva.org\/wp-content\/uploads\/2017\/11\/grupo-rede-cidades2_edited-e1518045838350.jpg\" \/>\n\t<meta property=\"og:image:width\" content=\"960\" \/>\n\t<meta property=\"og:image:height\" content=\"565\" \/>\n\t<meta property=\"og:image:type\" content=\"image\/jpeg\" \/>\n<meta name=\"author\" content=\"IberCultura\" \/>\n<meta name=\"twitter:card\" content=\"summary_large_image\" \/>\n<meta name=\"twitter:label1\" content=\"Escrito por\" \/>\n\t<meta name=\"twitter:data1\" content=\"IberCultura\" \/>\n\t<meta name=\"twitter:label2\" content=\"Tiempo de lectura\" \/>\n\t<meta name=\"twitter:data2\" content=\"6 minutos\" \/>\n<script type=\"application\/ld+json\" class=\"yoast-schema-graph\">{\"@context\":\"https:\/\/schema.org\",\"@graph\":[{\"@type\":\"Article\",\"@id\":\"https:\/\/iberculturaviva.org\/es\/participantes-del-2o-encuentro-de-redes-conforman-grupo-de-trabajo-para-articular-una-red-de-gobiernos-locales\/#article\",\"isPartOf\":{\"@id\":\"https:\/\/iberculturaviva.org\/es\/participantes-del-2o-encuentro-de-redes-conforman-grupo-de-trabajo-para-articular-una-red-de-gobiernos-locales\/\"},\"author\":{\"name\":\"IberCultura\",\"@id\":\"https:\/\/iberculturaviva.org\/es\/?lang=es\/#\/schema\/person\/5d1313b072cc25536e0431522f740b59\"},\"headline\":\"Participantes del 2\u00ba Encuentro de Redes conforman grupo de trabajo para articular una red de gobiernos locales\",\"datePublished\":\"2017-11-24T15:18:57+00:00\",\"dateModified\":\"2021-01-12T16:56:33+00:00\",\"mainEntityOfPage\":{\"@id\":\"https:\/\/iberculturaviva.org\/es\/participantes-del-2o-encuentro-de-redes-conforman-grupo-de-trabajo-para-articular-una-red-de-gobiernos-locales\/\"},\"wordCount\":1304,\"publisher\":{\"@id\":\"https:\/\/iberculturaviva.org\/es\/?lang=es\/#organization\"},\"image\":{\"@id\":\"https:\/\/iberculturaviva.org\/es\/participantes-del-2o-encuentro-de-redes-conforman-grupo-de-trabajo-para-articular-una-red-de-gobiernos-locales\/#primaryimage\"},\"thumbnailUrl\":\"https:\/\/iberculturaviva.org\/wp-content\/uploads\/2017\/11\/grupo-rede-cidades2_edited-e1518045838350.jpg\",\"articleSection\":[\"Noticias\"],\"inLanguage\":\"es\"},{\"@type\":\"WebPage\",\"@id\":\"https:\/\/iberculturaviva.org\/es\/participantes-del-2o-encuentro-de-redes-conforman-grupo-de-trabajo-para-articular-una-red-de-gobiernos-locales\/\",\"url\":\"https:\/\/iberculturaviva.org\/es\/participantes-del-2o-encuentro-de-redes-conforman-grupo-de-trabajo-para-articular-una-red-de-gobiernos-locales\/\",\"name\":\"Participantes del 2\u00ba Encuentro de Redes conforman grupo de trabajo para articular una red de gobiernos locales - IberCultura Viva\",\"isPartOf\":{\"@id\":\"https:\/\/iberculturaviva.org\/es\/?lang=es\/#website\"},\"primaryImageOfPage\":{\"@id\":\"https:\/\/iberculturaviva.org\/es\/participantes-del-2o-encuentro-de-redes-conforman-grupo-de-trabajo-para-articular-una-red-de-gobiernos-locales\/#primaryimage\"},\"image\":{\"@id\":\"https:\/\/iberculturaviva.org\/es\/participantes-del-2o-encuentro-de-redes-conforman-grupo-de-trabajo-para-articular-una-red-de-gobiernos-locales\/#primaryimage\"},\"thumbnailUrl\":\"https:\/\/iberculturaviva.org\/wp-content\/uploads\/2017\/11\/grupo-rede-cidades2_edited-e1518045838350.jpg\",\"datePublished\":\"2017-11-24T15:18:57+00:00\",\"dateModified\":\"2021-01-12T16:56:33+00:00\",\"description\":\"Participantes del 2\u00ba Encuentro de Redes conforman grupo de trabajo para articular una red de gobiernos locales - IberCultura Viva\",\"breadcrumb\":{\"@id\":\"https:\/\/iberculturaviva.org\/es\/participantes-del-2o-encuentro-de-redes-conforman-grupo-de-trabajo-para-articular-una-red-de-gobiernos-locales\/#breadcrumb\"},\"inLanguage\":\"es\",\"potentialAction\":[{\"@type\":\"ReadAction\",\"target\":[\"https:\/\/iberculturaviva.org\/es\/participantes-del-2o-encuentro-de-redes-conforman-grupo-de-trabajo-para-articular-una-red-de-gobiernos-locales\/\"]}]},{\"@type\":\"ImageObject\",\"inLanguage\":\"es\",\"@id\":\"https:\/\/iberculturaviva.org\/es\/participantes-del-2o-encuentro-de-redes-conforman-grupo-de-trabajo-para-articular-una-red-de-gobiernos-locales\/#primaryimage\",\"url\":\"https:\/\/iberculturaviva.org\/wp-content\/uploads\/2017\/11\/grupo-rede-cidades2_edited-e1518045838350.jpg\",\"contentUrl\":\"https:\/\/iberculturaviva.org\/wp-content\/uploads\/2017\/11\/grupo-rede-cidades2_edited-e1518045838350.jpg\",\"width\":960,\"height\":565},{\"@type\":\"BreadcrumbList\",\"@id\":\"https:\/\/iberculturaviva.org\/es\/participantes-del-2o-encuentro-de-redes-conforman-grupo-de-trabajo-para-articular-una-red-de-gobiernos-locales\/#breadcrumb\",\"itemListElement\":[{\"@type\":\"ListItem\",\"position\":1,\"name\":\"In\u00edcio\",\"item\":\"https:\/\/iberculturaviva.org\/es\/inicio\/\"},{\"@type\":\"ListItem\",\"position\":2,\"name\":\"Participantes del 2\u00ba Encuentro de Redes conforman grupo de trabajo para articular una red de gobiernos locales\"}]},{\"@type\":\"WebSite\",\"@id\":\"https:\/\/iberculturaviva.org\/es\/?lang=es\/#website\",\"url\":\"https:\/\/iberculturaviva.org\/es\/?lang=es\/\",\"name\":\"IberCultura Viva\",\"description\":\"Programa de cooperaci\u00f3n cultural\",\"publisher\":{\"@id\":\"https:\/\/iberculturaviva.org\/es\/?lang=es\/#organization\"},\"potentialAction\":[{\"@type\":\"SearchAction\",\"target\":{\"@type\":\"EntryPoint\",\"urlTemplate\":\"https:\/\/iberculturaviva.org\/es\/?lang=es\/?s={search_term_string}\"},\"query-input\":{\"@type\":\"PropertyValueSpecification\",\"valueRequired\":true,\"valueName\":\"search_term_string\"}}],\"inLanguage\":\"es\"},{\"@type\":\"Organization\",\"@id\":\"https:\/\/iberculturaviva.org\/es\/?lang=es\/#organization\",\"name\":\"Iberculturaviva\",\"url\":\"https:\/\/iberculturaviva.org\/es\/?lang=es\/\",\"logo\":{\"@type\":\"ImageObject\",\"inLanguage\":\"es\",\"@id\":\"https:\/\/iberculturaviva.org\/es\/?lang=es\/#\/schema\/logo\/image\/\",\"url\":\"https:\/\/iberculturaviva.org\/wp-content\/uploads\/2021\/08\/logo_ibercultura_viva.jpg\",\"contentUrl\":\"https:\/\/iberculturaviva.org\/wp-content\/uploads\/2021\/08\/logo_ibercultura_viva.jpg\",\"width\":708,\"height\":223,\"caption\":\"Iberculturaviva\"},\"image\":{\"@id\":\"https:\/\/iberculturaviva.org\/es\/?lang=es\/#\/schema\/logo\/image\/\"},\"sameAs\":[\"https:\/\/www.facebook.com\/iberculturaviva\/\",\"https:\/\/www.instagram.com\/iberculturaviva\/\",\"https:\/\/www.youtube.com\/iberculturaviva\"]},{\"@type\":\"Person\",\"@id\":\"https:\/\/iberculturaviva.org\/es\/?lang=es\/#\/schema\/person\/5d1313b072cc25536e0431522f740b59\",\"name\":\"IberCultura\",\"image\":{\"@type\":\"ImageObject\",\"inLanguage\":\"es\",\"@id\":\"https:\/\/iberculturaviva.org\/es\/?lang=es\/#\/schema\/person\/image\/\",\"url\":\"https:\/\/secure.gravatar.com\/avatar\/79f1a057cb125cbefb3765d0356d52fc7f3bba3a35e2cf22bc4de090bb7aef70?s=96&d=mm&r=g\",\"contentUrl\":\"https:\/\/secure.gravatar.com\/avatar\/79f1a057cb125cbefb3765d0356d52fc7f3bba3a35e2cf22bc4de090bb7aef70?s=96&d=mm&r=g\",\"caption\":\"IberCultura\"}}]}<\/script>\n<!-- \/ Yoast SEO plugin. -->","yoast_head_json":{"title":"Participantes del 2\u00ba Encuentro de Redes conforman grupo de trabajo para articular una red de gobiernos locales - IberCultura Viva","description":"Participantes del 2\u00ba Encuentro de Redes conforman grupo de trabajo para articular una red de gobiernos locales - IberCultura Viva","robots":{"index":"index","follow":"follow","max-snippet":"max-snippet:-1","max-image-preview":"max-image-preview:large","max-video-preview":"max-video-preview:-1"},"canonical":"https:\/\/iberculturaviva.org\/es\/participantes-del-2o-encuentro-de-redes-conforman-grupo-de-trabajo-para-articular-una-red-de-gobiernos-locales\/","og_locale":"es_ES","og_type":"article","og_title":"Participantes del 2\u00ba Encuentro de Redes conforman grupo de trabajo para articular una red de gobiernos locales - IberCultura Viva","og_description":"Participantes del 2\u00ba Encuentro de Redes conforman grupo de trabajo para articular una red de gobiernos locales - IberCultura Viva","og_url":"https:\/\/iberculturaviva.org\/es\/participantes-del-2o-encuentro-de-redes-conforman-grupo-de-trabajo-para-articular-una-red-de-gobiernos-locales\/","og_site_name":"IberCultura Viva","article_publisher":"https:\/\/www.facebook.com\/iberculturaviva\/","article_published_time":"2017-11-24T15:18:57+00:00","article_modified_time":"2021-01-12T16:56:33+00:00","og_image":[{"width":960,"height":565,"url":"https:\/\/iberculturaviva.org\/wp-content\/uploads\/2017\/11\/grupo-rede-cidades2_edited-e1518045838350.jpg","type":"image\/jpeg"}],"author":"IberCultura","twitter_card":"summary_large_image","twitter_misc":{"Escrito por":"IberCultura","Tiempo de lectura":"6 minutos"},"schema":{"@context":"https:\/\/schema.org","@graph":[{"@type":"Article","@id":"https:\/\/iberculturaviva.org\/es\/participantes-del-2o-encuentro-de-redes-conforman-grupo-de-trabajo-para-articular-una-red-de-gobiernos-locales\/#article","isPartOf":{"@id":"https:\/\/iberculturaviva.org\/es\/participantes-del-2o-encuentro-de-redes-conforman-grupo-de-trabajo-para-articular-una-red-de-gobiernos-locales\/"},"author":{"name":"IberCultura","@id":"https:\/\/iberculturaviva.org\/es\/?lang=es\/#\/schema\/person\/5d1313b072cc25536e0431522f740b59"},"headline":"Participantes del 2\u00ba Encuentro de Redes conforman grupo de trabajo para articular una red de gobiernos locales","datePublished":"2017-11-24T15:18:57+00:00","dateModified":"2021-01-12T16:56:33+00:00","mainEntityOfPage":{"@id":"https:\/\/iberculturaviva.org\/es\/participantes-del-2o-encuentro-de-redes-conforman-grupo-de-trabajo-para-articular-una-red-de-gobiernos-locales\/"},"wordCount":1304,"publisher":{"@id":"https:\/\/iberculturaviva.org\/es\/?lang=es\/#organization"},"image":{"@id":"https:\/\/iberculturaviva.org\/es\/participantes-del-2o-encuentro-de-redes-conforman-grupo-de-trabajo-para-articular-una-red-de-gobiernos-locales\/#primaryimage"},"thumbnailUrl":"https:\/\/iberculturaviva.org\/wp-content\/uploads\/2017\/11\/grupo-rede-cidades2_edited-e1518045838350.jpg","articleSection":["Noticias"],"inLanguage":"es"},{"@type":"WebPage","@id":"https:\/\/iberculturaviva.org\/es\/participantes-del-2o-encuentro-de-redes-conforman-grupo-de-trabajo-para-articular-una-red-de-gobiernos-locales\/","url":"https:\/\/iberculturaviva.org\/es\/participantes-del-2o-encuentro-de-redes-conforman-grupo-de-trabajo-para-articular-una-red-de-gobiernos-locales\/","name":"Participantes del 2\u00ba Encuentro de Redes conforman grupo de trabajo para articular una red de gobiernos locales - IberCultura Viva","isPartOf":{"@id":"https:\/\/iberculturaviva.org\/es\/?lang=es\/#website"},"primaryImageOfPage":{"@id":"https:\/\/iberculturaviva.org\/es\/participantes-del-2o-encuentro-de-redes-conforman-grupo-de-trabajo-para-articular-una-red-de-gobiernos-locales\/#primaryimage"},"image":{"@id":"https:\/\/iberculturaviva.org\/es\/participantes-del-2o-encuentro-de-redes-conforman-grupo-de-trabajo-para-articular-una-red-de-gobiernos-locales\/#primaryimage"},"thumbnailUrl":"https:\/\/iberculturaviva.org\/wp-content\/uploads\/2017\/11\/grupo-rede-cidades2_edited-e1518045838350.jpg","datePublished":"2017-11-24T15:18:57+00:00","dateModified":"2021-01-12T16:56:33+00:00","description":"Participantes del 2\u00ba Encuentro de Redes conforman grupo de trabajo para articular una red de gobiernos locales - IberCultura Viva","breadcrumb":{"@id":"https:\/\/iberculturaviva.org\/es\/participantes-del-2o-encuentro-de-redes-conforman-grupo-de-trabajo-para-articular-una-red-de-gobiernos-locales\/#breadcrumb"},"inLanguage":"es","potentialAction":[{"@type":"ReadAction","target":["https:\/\/iberculturaviva.org\/es\/participantes-del-2o-encuentro-de-redes-conforman-grupo-de-trabajo-para-articular-una-red-de-gobiernos-locales\/"]}]},{"@type":"ImageObject","inLanguage":"es","@id":"https:\/\/iberculturaviva.org\/es\/participantes-del-2o-encuentro-de-redes-conforman-grupo-de-trabajo-para-articular-una-red-de-gobiernos-locales\/#primaryimage","url":"https:\/\/iberculturaviva.org\/wp-content\/uploads\/2017\/11\/grupo-rede-cidades2_edited-e1518045838350.jpg","contentUrl":"https:\/\/iberculturaviva.org\/wp-content\/uploads\/2017\/11\/grupo-rede-cidades2_edited-e1518045838350.jpg","width":960,"height":565},{"@type":"BreadcrumbList","@id":"https:\/\/iberculturaviva.org\/es\/participantes-del-2o-encuentro-de-redes-conforman-grupo-de-trabajo-para-articular-una-red-de-gobiernos-locales\/#breadcrumb","itemListElement":[{"@type":"ListItem","position":1,"name":"In\u00edcio","item":"https:\/\/iberculturaviva.org\/es\/inicio\/"},{"@type":"ListItem","position":2,"name":"Participantes del 2\u00ba Encuentro de Redes conforman grupo de trabajo para articular una red de gobiernos locales"}]},{"@type":"WebSite","@id":"https:\/\/iberculturaviva.org\/es\/?lang=es\/#website","url":"https:\/\/iberculturaviva.org\/es\/?lang=es\/","name":"IberCultura Viva","description":"Programa de cooperaci\u00f3n cultural","publisher":{"@id":"https:\/\/iberculturaviva.org\/es\/?lang=es\/#organization"},"potentialAction":[{"@type":"SearchAction","target":{"@type":"EntryPoint","urlTemplate":"https:\/\/iberculturaviva.org\/es\/?lang=es\/?s={search_term_string}"},"query-input":{"@type":"PropertyValueSpecification","valueRequired":true,"valueName":"search_term_string"}}],"inLanguage":"es"},{"@type":"Organization","@id":"https:\/\/iberculturaviva.org\/es\/?lang=es\/#organization","name":"Iberculturaviva","url":"https:\/\/iberculturaviva.org\/es\/?lang=es\/","logo":{"@type":"ImageObject","inLanguage":"es","@id":"https:\/\/iberculturaviva.org\/es\/?lang=es\/#\/schema\/logo\/image\/","url":"https:\/\/iberculturaviva.org\/wp-content\/uploads\/2021\/08\/logo_ibercultura_viva.jpg","contentUrl":"https:\/\/iberculturaviva.org\/wp-content\/uploads\/2021\/08\/logo_ibercultura_viva.jpg","width":708,"height":223,"caption":"Iberculturaviva"},"image":{"@id":"https:\/\/iberculturaviva.org\/es\/?lang=es\/#\/schema\/logo\/image\/"},"sameAs":["https:\/\/www.facebook.com\/iberculturaviva\/","https:\/\/www.instagram.com\/iberculturaviva\/","https:\/\/www.youtube.com\/iberculturaviva"]},{"@type":"Person","@id":"https:\/\/iberculturaviva.org\/es\/?lang=es\/#\/schema\/person\/5d1313b072cc25536e0431522f740b59","name":"IberCultura","image":{"@type":"ImageObject","inLanguage":"es","@id":"https:\/\/iberculturaviva.org\/es\/?lang=es\/#\/schema\/person\/image\/","url":"https:\/\/secure.gravatar.com\/avatar\/79f1a057cb125cbefb3765d0356d52fc7f3bba3a35e2cf22bc4de090bb7aef70?s=96&d=mm&r=g","contentUrl":"https:\/\/secure.gravatar.com\/avatar\/79f1a057cb125cbefb3765d0356d52fc7f3bba3a35e2cf22bc4de090bb7aef70?s=96&d=mm&r=g","caption":"IberCultura"}}]}},"main_category":{"link":"https:\/\/iberculturaviva.org\/es\/category\/noticias-es\/","name":"Noticias","slug":"noticias-es"},"_links":{"self":[{"href":"https:\/\/iberculturaviva.org\/es\/wp-json\/wp\/v2\/posts\/16298","targetHints":{"allow":["GET"]}}],"collection":[{"href":"https:\/\/iberculturaviva.org\/es\/wp-json\/wp\/v2\/posts"}],"about":[{"href":"https:\/\/iberculturaviva.org\/es\/wp-json\/wp\/v2\/types\/post"}],"author":[{"embeddable":true,"href":"https:\/\/iberculturaviva.org\/es\/wp-json\/wp\/v2\/users\/2"}],"replies":[{"embeddable":true,"href":"https:\/\/iberculturaviva.org\/es\/wp-json\/wp\/v2\/comments?post=16298"}],"version-history":[{"count":1,"href":"https:\/\/iberculturaviva.org\/es\/wp-json\/wp\/v2\/posts\/16298\/revisions"}],"predecessor-version":[{"id":22718,"href":"https:\/\/iberculturaviva.org\/es\/wp-json\/wp\/v2\/posts\/16298\/revisions\/22718"}],"wp:featuredmedia":[{"embeddable":true,"href":"https:\/\/iberculturaviva.org\/es\/wp-json\/wp\/v2\/media\/19538"}],"wp:attachment":[{"href":"https:\/\/iberculturaviva.org\/es\/wp-json\/wp\/v2\/media?parent=16298"}],"wp:term":[{"taxonomy":"category","embeddable":true,"href":"https:\/\/iberculturaviva.org\/es\/wp-json\/wp\/v2\/categories?post=16298"},{"taxonomy":"post_tag","embeddable":true,"href":"https:\/\/iberculturaviva.org\/es\/wp-json\/wp\/v2\/tags?post=16298"},{"taxonomy":"country-municipality","embeddable":true,"href":"https:\/\/iberculturaviva.org\/es\/wp-json\/wp\/v2\/country-municipality?post=16298"}],"curies":[{"name":"wp","href":"https:\/\/api.w.org\/{rel}","templated":true}]}}