{"id":16296,"date":"2017-11-23T14:12:45","date_gmt":"2017-11-23T16:12:45","guid":{"rendered":"https:\/\/iberculturaviva.org\/8a-reunion-del-consejo-intergubernamental-3-anos-de-avances-y-construcciones-colectivas\/"},"modified":"2021-01-12T13:56:40","modified_gmt":"2021-01-12T16:56:40","slug":"8a-reunion-del-consejo-intergubernamental-3-anos-de-avances-y-construcciones-colectivas","status":"publish","type":"post","link":"https:\/\/iberculturaviva.org\/es\/8a-reunion-del-consejo-intergubernamental-3-anos-de-avances-y-construcciones-colectivas\/","title":{"rendered":"8\u00aa Reuni\u00f3n del Consejo Intergubernamental: 3 a\u00f1os de avances y construcciones colectivas"},"content":{"rendered":"<p style=\"text-align: justify;\">El Consejo Intergubernamental IberCultura Viva realiz\u00f3 su 8\u00aa Reuni\u00f3n este martes 21 de noviembre, en la sede del Ministerio de Cultura y Patrimonio de Ecuador, en Quito, en el marco del 3\u00ba Congreso Latinoamericano de Cultura Viva Comunitaria. Participaron del encuentro representantes de gobiernos de ocho pa\u00edses miembros del programa: Argentina, Brasil, Costa Rica, Ecuador, El Salvador, Guatemala, Per\u00fa y Uruguay.<\/p>\n<p style=\"text-align: justify;\">Adem\u00e1s de aprobar el \u00a0Plan Estrat\u00e9gico Trienal (2018-2020) y el Plan Operativo Anual 2018, los participantes hablaron sobre la Red de Ciudades que el programa IberCultura Viva intenta articular y discutieron las bases de la convocatoria de becas para el curso de posgrado en pol\u00edticas culturales de base comunitaria que se pretende lanzar en diciembre de 2017. La jornada tambi\u00e9n fue de bienvenida a Ecuador, que se sum\u00f3 al programa en octubre, junto con Guatemala, y que particip\u00f3 por primera vez de una reuni\u00f3n del Consejo Intergubernamental.<\/p>\n<div id=\"attachment_8259\" style=\"width: 650px\" class=\"wp-caption aligncenter\"><a href=\"https:\/\/iberculturaviva.org\/wp-content\/uploads\/2017\/11\/38512303506_3209bb70f4_z.jpg\"><img loading=\"lazy\" decoding=\"async\" aria-describedby=\"caption-attachment-8259\" class=\"wp-image-8259 size-full\" src=\"https:\/\/iberculturaviva.org\/wp-content\/uploads\/2017\/11\/38512303506_3209bb70f4_z.jpg\" alt=\"\" width=\"640\" height=\"427\" srcset=\"https:\/\/iberculturaviva.org\/wp-content\/uploads\/2017\/11\/38512303506_3209bb70f4_z.jpg 640w, https:\/\/iberculturaviva.org\/wp-content\/uploads\/2017\/11\/38512303506_3209bb70f4_z-300x200.jpg 300w, https:\/\/iberculturaviva.org\/wp-content\/uploads\/2017\/11\/38512303506_3209bb70f4_z-150x100.jpg 150w\" sizes=\"auto, (max-width: 640px) 100vw, 640px\" \/><\/a><p id=\"caption-attachment-8259\" class=\"wp-caption-text\">Diego Benhabib, la viceministra Andrea Nina y Moni Pizani<\/p><\/div>\n<h4><\/h4>\n<h4><strong>Intercambio de experiencias<\/strong><\/h4>\n<p style=\"text-align: justify;\">La viceministra de Cultura y Patrimonio de Ecuador, Andrea Nina, dio inicio a la reuni\u00f3n hablando de la importancia del fortalecimiento de la cultura comunitaria en un pa\u00eds diverso como Ecuador, \u201cque ha desarrollado espacios culturales comunitarios muy importantes\u201d con el trabajo ciudadano, m\u00e1s all\u00e1 de las gestiones de gobiernos. \u201cPara nosotros es importante aprender de las experiencias que se han desarrollado en otros pa\u00edses. La cooperaci\u00f3n t\u00e9cnica nos permite aprender de los errores y de los \u00e9xitos\u201d, coment\u00f3.<\/p>\n<p style=\"text-align: justify;\">Enseguida, Moni Pizani, directora subregional de la Secretar\u00eda General Iberoamericana (SEGIB) para los pa\u00edses andinos, celebr\u00f3 la adhesi\u00f3n de Ecuador a IberCultura Viva y record\u00f3 la aprobaci\u00f3n de la creaci\u00f3n del programa, en la XIII Cumbre de Jefes de Estado y de Gobierno realizada en la Ciudad de Panam\u00e1 en 2013. \u201cDesde entonces en mucho se ha avanzado en este camino\u201d, afirm\u00f3.<\/p>\n<p style=\"text-align: justify;\">Seg\u00fan Pizani, \u201ca trav\u00e9s de espacios como estos, contando con el esfuerzo de todos y remando en un solo sentido, haremos surgir propuestas que nos permitan avanzar en la modalidad de involucrar a las comunidades como art\u00edfices de su propio modelo de desarrollo cultural, para el logro de un modelo exitoso de integraci\u00f3n de los pueblos iberoamericanos\u201d.<\/p>\n\n\t\t<style type=\"text\/css\">\n\t\t\t#gallery-1 {\n\t\t\t\tmargin: auto;\n\t\t\t}\n\t\t\t#gallery-1 .gallery-item {\n\t\t\t\tfloat: left;\n\t\t\t\tmargin-top: 10px;\n\t\t\t\ttext-align: center;\n\t\t\t\twidth: 50%;\n\t\t\t}\n\t\t\t#gallery-1 img {\n\t\t\t\tborder: 2px solid #cfcfcf;\n\t\t\t}\n\t\t\t#gallery-1 .gallery-caption {\n\t\t\t\tmargin-left: 0;\n\t\t\t}\n\t\t\t\/* see gallery_shortcode() in wp-includes\/media.php *\/\n\t\t<\/style>\n\t\t<div id='gallery-1' class='gallery galleryid-16296 gallery-columns-2 gallery-size-medium'><dl class='gallery-item'>\n\t\t\t<dt class='gallery-icon landscape'>\n\t\t\t\t<a href='https:\/\/iberculturaviva.org\/es\/8a-reunion-del-consejo-intergubernamental-3-anos-de-avances-y-construcciones-colectivas\/img_9644-2\/'><img loading=\"lazy\" decoding=\"async\" width=\"300\" height=\"202\" src=\"https:\/\/iberculturaviva.org\/wp-content\/uploads\/2017\/11\/IMG_9644-460x310.jpg\" class=\"attachment-medium size-medium\" alt=\"\" srcset=\"https:\/\/iberculturaviva.org\/wp-content\/uploads\/2017\/11\/IMG_9644-460x310.jpg 460w, https:\/\/iberculturaviva.org\/wp-content\/uploads\/2017\/11\/IMG_9644-125x83.jpg 125w\" sizes=\"auto, (max-width: 300px) 100vw, 300px\" \/><\/a>\n\t\t\t<\/dt><\/dl><dl class='gallery-item'>\n\t\t\t<dt class='gallery-icon landscape'>\n\t\t\t\t<a href='https:\/\/iberculturaviva.org\/es\/8a-reunion-del-consejo-intergubernamental-3-anos-de-avances-y-construcciones-colectivas\/img_9633-copia-2\/'><img loading=\"lazy\" decoding=\"async\" width=\"300\" height=\"202\" src=\"https:\/\/iberculturaviva.org\/wp-content\/uploads\/2017\/11\/IMG_9633-Copia-460x310.jpg\" class=\"attachment-medium size-medium\" alt=\"\" aria-describedby=\"gallery-1-19499\" \/><\/a>\n\t\t\t<\/dt>\n\t\t\t\t<dd class='wp-caption-text gallery-caption' id='gallery-1-19499'>\n\t\t\t\tPizani: \u00abDesde 2013 se avan\u00e7ou muito\u00bb \n\t\t\t\t<\/dd><\/dl><br style=\"clear: both\" \/>\n\t\t<\/div>\n\n<p>&nbsp;<\/p>\n<p><strong>Construcci\u00f3n colectiva<\/strong><\/p>\n<p style=\"text-align: justify;\">Diego Benhabib, coordinador del Programa Puntos de Cultura de Argentina y representante de la presidencia del Consejo Intergubernamental, tambi\u00e9n reforz\u00f3 los avances de IberCultura Viva desde su implementaci\u00f3n en 2014. \u201cEn tres a\u00f1os se recorri\u00f3 un camino intenso, con muchas actividades realizadas e interesantes articulaciones con la sociedad civil\u201d, se\u00f1al\u00f3, resaltando tambi\u00e9n el esp\u00edritu colaborativo del Consejo y la voluntad de trabajar en conjunto con las organizaciones, redes y movimientos, \u201crespetando su autonom\u00eda, sus espacios y formas de construcci\u00f3n\u201d.<\/p>\n<p style=\"text-align: justify;\">Asimismo, Benhabib record\u00f3 la iniciativa del Consejo Intergubernamental de fomentar los congresos nacionales preparatorios al 3\u00ba Congreso Latinoamericano, por medio de la Convocatoria IberCultura Viva de Apoyo a Redes 2016. Habl\u00f3 tambi\u00e9n del desaf\u00edo de poder generar la primera red de ciudades y provincias iberoamericanas y concretar las acciones con las instancias subnacionales para la expansi\u00f3n de las pol\u00edticas p\u00fablicas de base cultural comunitaria a nivel local y provincial. \u201cBuscamos elaborar mecanismos de adhesi\u00f3n para que las ciudades puedan verse reflejadas en el quehacer de nuestros estados nacionales, pero tambi\u00e9n puedan desarrollar su propia pol\u00edtica\u201d, destac\u00f3.<\/p>\n\n\t\t<style type=\"text\/css\">\n\t\t\t#gallery-2 {\n\t\t\t\tmargin: auto;\n\t\t\t}\n\t\t\t#gallery-2 .gallery-item {\n\t\t\t\tfloat: left;\n\t\t\t\tmargin-top: 10px;\n\t\t\t\ttext-align: center;\n\t\t\t\twidth: 50%;\n\t\t\t}\n\t\t\t#gallery-2 img {\n\t\t\t\tborder: 2px solid #cfcfcf;\n\t\t\t}\n\t\t\t#gallery-2 .gallery-caption {\n\t\t\t\tmargin-left: 0;\n\t\t\t}\n\t\t\t\/* see gallery_shortcode() in wp-includes\/media.php *\/\n\t\t<\/style>\n\t\t<div id='gallery-2' class='gallery galleryid-16296 gallery-columns-2 gallery-size-medium'><dl class='gallery-item'>\n\t\t\t<dt class='gallery-icon landscape'>\n\t\t\t\t<a href='https:\/\/iberculturaviva.org\/es\/8a-reunion-del-consejo-intergubernamental-3-anos-de-avances-y-construcciones-colectivas\/img_9683-2\/'><img loading=\"lazy\" decoding=\"async\" width=\"300\" height=\"202\" src=\"https:\/\/iberculturaviva.org\/wp-content\/uploads\/2017\/11\/IMG_9683-460x310.jpg\" class=\"attachment-medium size-medium\" alt=\"\" srcset=\"https:\/\/iberculturaviva.org\/wp-content\/uploads\/2017\/11\/IMG_9683-460x310.jpg 460w, https:\/\/iberculturaviva.org\/wp-content\/uploads\/2017\/11\/IMG_9683-125x83.jpg 125w\" sizes=\"auto, (max-width: 300px) 100vw, 300px\" \/><\/a>\n\t\t\t<\/dt><\/dl><dl class='gallery-item'>\n\t\t\t<dt class='gallery-icon landscape'>\n\t\t\t\t<a href='https:\/\/iberculturaviva.org\/es\/8a-reunion-del-consejo-intergubernamental-3-anos-de-avances-y-construcciones-colectivas\/img_9669-2\/'><img loading=\"lazy\" decoding=\"async\" width=\"300\" height=\"202\" src=\"https:\/\/iberculturaviva.org\/wp-content\/uploads\/2017\/11\/IMG_9669-460x310.jpg\" class=\"attachment-medium size-medium\" alt=\"\" srcset=\"https:\/\/iberculturaviva.org\/wp-content\/uploads\/2017\/11\/IMG_9669-460x310.jpg 460w, https:\/\/iberculturaviva.org\/wp-content\/uploads\/2017\/11\/IMG_9669-125x83.jpg 125w\" sizes=\"auto, (max-width: 300px) 100vw, 300px\" \/><\/a>\n\t\t\t<\/dt><\/dl><br style=\"clear: both\" \/>\n\t\t<\/div>\n\n<p>&nbsp;<\/p>\n<p><strong>Logros de las redes<\/strong><\/p>\n<p style=\"text-align: justify;\">Adem\u00e1s de los representantes gubernamentales y de la SEGIB, la reuni\u00f3 cont\u00f3 con la presencia de cuatro miembros de redes de cultura viva comunitaria que participaron de la organizaci\u00f3n de este 3\u00ba Congreso Latinoamericano de CVC: los ecuatorianos Nelson Ullauri y Paola de la Vega, el colombiano Jairo Castrill\u00f3n Rold\u00e1n y el brasile\u00f1o Alexandre Santini.<\/p>\n<p style=\"text-align: justify;\">Nelson Ullauri resalt\u00f3 uno de los logros de la Red Ecuatoriana de CVC: la inclusi\u00f3n de la cultura viva comunitaria como uno de los principios fundamentales de la <a href=\"https:\/\/iberculturaviva.org\/wp-content\/uploads\/2015\/05\/Ley-Orga%CC%81nica-de-Cultura-APROBADA-Y-PUBLICADA.pdf\">Ley Org\u00e1nica de Cultura<\/a>, publicada en diciembre de 2016 tambi\u00e9n con un art\u00edculo que habla de la implementaci\u00f3n de una red de gesti\u00f3n cultural comunitaria para \u201cla democratizaci\u00f3n de la cultura y el ejercicio de los derechos culturales\u201d. \u201cApostamos mucho en eso porque creemos que este proceso de construcci\u00f3n de la red de gesti\u00f3n tiene que constituirse en un prototipo o en un modelo de construcci\u00f3n de pol\u00edtica cultural\u201d, explic\u00f3.<\/p>\n<p style=\"text-align: justify;\">Paola de la Vega, investigadora de gesti\u00f3n en pol\u00edticas culturales y tambi\u00e9n integrante del movimiento, cont\u00f3 que en Ecuador se est\u00e1 trabajando en la conformaci\u00f3n de una red de universidades por cultura viva comunitaria. \u201cDesde los espacios acad\u00e9micos estamos aportando con l\u00edneas de debate, en un marco te\u00f3rico que ayude a soportar el movimiento en sus negociaciones y din\u00e1micas, pero tendiendo una relaci\u00f3n diferente entre universidad y comunidad\u201d, resalt\u00f3. \u201cEstamos aportando desde ah\u00ed tambi\u00e9n al proceso de construcci\u00f3n de la Ley de Cultura.\u201d<\/p>\n<div id=\"attachment_8241\" style=\"width: 650px\" class=\"wp-caption aligncenter\"><a href=\"https:\/\/iberculturaviva.org\/wp-content\/uploads\/2017\/11\/reunion-sc.jpg\"><img loading=\"lazy\" decoding=\"async\" aria-describedby=\"caption-attachment-8241\" class=\"wp-image-8241 size-large\" src=\"https:\/\/iberculturaviva.org\/wp-content\/uploads\/2017\/11\/reunion-sc-960x692.jpg\" alt=\"\" width=\"640\" height=\"461\" \/><\/a><p id=\"caption-attachment-8241\" class=\"wp-caption-text\">Nelson Ullauri y Paola de la Vega, de la Red Ecuatoriana de CVC<\/p><\/div>\n<p><strong>Acciones formativas<\/strong><\/p>\n<p style=\"text-align: justify;\">Jairo Castrill\u00f3n Rold\u00e1n habl\u00f3 de la din\u00e1mica de mercado y su riesgo a la construcci\u00f3n simb\u00f3lica de los pueblos y al derecho que tienen las comunidades de acceder a la cultura. Al recordar la guerra vivida en Medell\u00edn los a\u00f1os 80 y 90, y los muchos que murieron \u201ctratando de recuperar la vida de ni\u00f1as, ni\u00f1os y adolescentes\u201d, llam\u00f3 la atenci\u00f3n para las organizaciones que deciden solidariamente quedarse en los barrios, sin visar rentabilidad sino la formaci\u00f3n de los que viven all\u00ed. Y que deber\u00edan recibir consideraci\u00f3n especial, un respaldo de los organismos gubernamentales para fortalecer sus procesos en las comunidades.<\/p>\n<p style=\"text-align: justify;\">\u201cNo podemos ser mirados dentro de la l\u00f3gica de empresa, estamos mucho m\u00e1s cerca a la escuela que al cabaret. Somos pedag\u00f3gicos, no somos espect\u00e1culos. Queremos garantizar que haya gente expresiva, sensible, imaginativa, curiosa, gente con memoria, con sentido de identidad, con sentido de pertenencia. Estas cosas no pueden ser sometidas al tema de la rentabilidad. Sin embargo, son altamente rentables a la sociedad\u201d, afirm\u00f3 Castrill\u00f3n. \u201cLa inversi\u00f3n en la acci\u00f3n cultural pedag\u00f3gica, formativa, no es un recurso perdido, es un recurso muy bien invertido en las personas que est\u00e1n en las comunidades ayudando a que las sociedades sean m\u00e1s dignas.\u201d<\/p>\n<p>&nbsp;<\/p>\n\n\t\t<style type=\"text\/css\">\n\t\t\t#gallery-3 {\n\t\t\t\tmargin: auto;\n\t\t\t}\n\t\t\t#gallery-3 .gallery-item {\n\t\t\t\tfloat: left;\n\t\t\t\tmargin-top: 10px;\n\t\t\t\ttext-align: center;\n\t\t\t\twidth: 50%;\n\t\t\t}\n\t\t\t#gallery-3 img {\n\t\t\t\tborder: 2px solid #cfcfcf;\n\t\t\t}\n\t\t\t#gallery-3 .gallery-caption {\n\t\t\t\tmargin-left: 0;\n\t\t\t}\n\t\t\t\/* see gallery_shortcode() in wp-includes\/media.php *\/\n\t\t<\/style>\n\t\t<div id='gallery-3' class='gallery galleryid-16296 gallery-columns-2 gallery-size-medium'><dl class='gallery-item'>\n\t\t\t<dt class='gallery-icon landscape'>\n\t\t\t\t<a href='https:\/\/iberculturaviva.org\/es\/reunion-sc5-2\/'><img loading=\"lazy\" decoding=\"async\" width=\"300\" height=\"202\" src=\"https:\/\/iberculturaviva.org\/wp-content\/uploads\/2017\/11\/reunion-sc5-460x310.jpg\" class=\"attachment-medium size-medium\" alt=\"\" aria-describedby=\"gallery-3-19488\" \/><\/a>\n\t\t\t<\/dt>\n\t\t\t\t<dd class='wp-caption-text gallery-caption' id='gallery-3-19488'>\n\t\t\t\tJairo Castrillon: compromisso com as comunidades\n\t\t\t\t<\/dd><\/dl><dl class='gallery-item'>\n\t\t\t<dt class='gallery-icon landscape'>\n\t\t\t\t<a href='https:\/\/iberculturaviva.org\/es\/8a-reunion-del-consejo-intergubernamental-3-anos-de-avances-y-construcciones-colectivas\/reunion-sc4-2\/'><img loading=\"lazy\" decoding=\"async\" width=\"300\" height=\"202\" src=\"https:\/\/iberculturaviva.org\/wp-content\/uploads\/2017\/11\/reunion-sc4-460x310.jpg\" class=\"attachment-medium size-medium\" alt=\"\" aria-describedby=\"gallery-3-19487\" \/><\/a>\n\t\t\t<\/dt>\n\t\t\t\t<dd class='wp-caption-text gallery-caption' id='gallery-3-19487'>\n\t\t\t\tSantini, Castrill\u00f3n, Ullauri e Paola de la Vega\n\t\t\t\t<\/dd><\/dl><br style=\"clear: both\" \/>\n\t\t<\/div>\n\n<p>&nbsp;<\/p>\n<p><strong>Linea del tiempo<\/strong><\/p>\n<p style=\"text-align: justify;\">Alexandre Santini, a su vez, present\u00f3 una l\u00ednea de tiempo sobre los avances en el desarrollo de las pol\u00edticas culturales de base comunitaria en Latinoam\u00e9rica, haciendo \u00e9nfasis en c\u00f3mo el trabajo intersectorial ha impulsado el desarrollo de las pol\u00edticas a nivel nacional y multilateral, como en el caso de la creaci\u00f3n del programa IberCultura Viva.<\/p>\n<p style=\"text-align: justify;\">Al destacar algunos hitos relacionados al programa, Santini record\u00f3 la realizaci\u00f3n de los Congresos Iberoamericanos de Cultura, como el de 2009, en S\u00e3o Paulo (Brasil), que tuvo como tema \u201cArte y transformaci\u00f3n social\u201d y fue una incidencia conjunta de gobiernos y sociedad civil, y la edici\u00f3n de Costa Rica, en 2014, con el tema de las culturas vivas comunitarias. \u201cLa creaci\u00f3n de IberCultura Viva fue una acci\u00f3n coordinada de gobiernos y organizaciones de la sociedad civil, y podemos decir que nos necesitamos mutuamente para fortalecer este espacio\u201d, reforz\u00f3.<\/p>\n<div id=\"attachment_8239\" style=\"width: 650px\" class=\"wp-caption aligncenter\"><a href=\"https:\/\/iberculturaviva.org\/wp-content\/uploads\/2017\/11\/reunion-santini3.jpg\"><img loading=\"lazy\" decoding=\"async\" aria-describedby=\"caption-attachment-8239\" class=\"wp-image-8239 size-large\" src=\"https:\/\/iberculturaviva.org\/wp-content\/uploads\/2017\/11\/reunion-santini3-960x545.jpg\" alt=\"\" width=\"640\" height=\"363\" \/><\/a><p id=\"caption-attachment-8239\" class=\"wp-caption-text\">Alexandre Santini record\u00f3 algunos hitos relacionados al programa<\/p><\/div>\n<p>&nbsp;<\/p>\n<p><strong>Planes y acuerdos<\/strong><\/p>\n<p style=\"text-align: justify;\">A continuaci\u00f3n la Unidad T\u00e9cnica present\u00f3 la versi\u00f3n final de los documentos de planificaci\u00f3n 2018-2020, incluyendo la reformulaci\u00f3n de la visi\u00f3n, misi\u00f3n y objetivos generales y espec\u00edficos del programa para el per\u00edodo. \u201cFomentar el respeto\u201d, \u201ccrear comunidad\u201d, \u201cresguardar la diversidad cultural\u201d, \u201cimpulsar la participaci\u00f3n\u201d y \u201cdefender la igualdad\u201d son los valores citados en el nuevo Plan Estrat\u00e9gico Trienal.<\/p>\n<p style=\"text-align: justify;\">El nuevo plan tambi\u00e9n redefine como misi\u00f3n de IberCultura Viva el \u201creconocimiento del valor que tienen los procesos de construcci\u00f3n de ciudadan\u00eda y la diversidad cultural expresada en la participaci\u00f3n social organizada, para la mejora de las condiciones de vida y la convivencia de las comunidades, fomentando su desarrollo desde el trabajo intersectorial y con ello su contribuci\u00f3n a consolidar el espacio cultural iberoamericano y la integraci\u00f3n regional\u201d.<\/p>\n\n\t\t<style type=\"text\/css\">\n\t\t\t#gallery-4 {\n\t\t\t\tmargin: auto;\n\t\t\t}\n\t\t\t#gallery-4 .gallery-item {\n\t\t\t\tfloat: left;\n\t\t\t\tmargin-top: 10px;\n\t\t\t\ttext-align: center;\n\t\t\t\twidth: 25%;\n\t\t\t}\n\t\t\t#gallery-4 img {\n\t\t\t\tborder: 2px solid #cfcfcf;\n\t\t\t}\n\t\t\t#gallery-4 .gallery-caption {\n\t\t\t\tmargin-left: 0;\n\t\t\t}\n\t\t\t\/* see gallery_shortcode() in wp-includes\/media.php *\/\n\t\t<\/style>\n\t\t<div id='gallery-4' class='gallery galleryid-16296 gallery-columns-4 gallery-size-thumbnail'><dl class='gallery-item'>\n\t\t\t<dt class='gallery-icon landscape'>\n\t\t\t\t<a href='https:\/\/iberculturaviva.org\/es\/img_9698-2\/'><img loading=\"lazy\" decoding=\"async\" width=\"150\" height=\"150\" src=\"https:\/\/iberculturaviva.org\/wp-content\/uploads\/2017\/11\/IMG_9698-150x150.jpg\" class=\"attachment-thumbnail size-thumbnail\" alt=\"\" aria-describedby=\"gallery-4-19493\" srcset=\"https:\/\/iberculturaviva.org\/wp-content\/uploads\/2017\/11\/IMG_9698-150x150.jpg 150w, https:\/\/iberculturaviva.org\/wp-content\/uploads\/2017\/11\/IMG_9698-50x50.jpg 50w, https:\/\/iberculturaviva.org\/wp-content\/uploads\/2017\/11\/IMG_9698-56x56.jpg 56w, https:\/\/iberculturaviva.org\/wp-content\/uploads\/2017\/11\/IMG_9698-250x250.jpg 250w, https:\/\/iberculturaviva.org\/wp-content\/uploads\/2017\/11\/IMG_9698-40x40.jpg 40w\" sizes=\"auto, (max-width: 150px) 100vw, 150px\" \/><\/a>\n\t\t\t<\/dt>\n\t\t\t\t<dd class='wp-caption-text gallery-caption' id='gallery-4-19493'>\n\t\t\t\tBego\u00f1a Ojeda\n\t\t\t\t<\/dd><\/dl><dl class='gallery-item'>\n\t\t\t<dt class='gallery-icon landscape'>\n\t\t\t\t<a href='https:\/\/iberculturaviva.org\/es\/8a-reunion-del-consejo-intergubernamental-3-anos-de-avances-y-construcciones-colectivas\/img_9679-2\/'><img loading=\"lazy\" decoding=\"async\" width=\"150\" height=\"150\" src=\"https:\/\/iberculturaviva.org\/wp-content\/uploads\/2017\/11\/IMG_9679-150x150.jpg\" class=\"attachment-thumbnail size-thumbnail\" alt=\"\" srcset=\"https:\/\/iberculturaviva.org\/wp-content\/uploads\/2017\/11\/IMG_9679-150x150.jpg 150w, https:\/\/iberculturaviva.org\/wp-content\/uploads\/2017\/11\/IMG_9679-50x50.jpg 50w, https:\/\/iberculturaviva.org\/wp-content\/uploads\/2017\/11\/IMG_9679-56x56.jpg 56w, https:\/\/iberculturaviva.org\/wp-content\/uploads\/2017\/11\/IMG_9679-250x250.jpg 250w, https:\/\/iberculturaviva.org\/wp-content\/uploads\/2017\/11\/IMG_9679-40x40.jpg 40w\" sizes=\"auto, (max-width: 150px) 100vw, 150px\" \/><\/a>\n\t\t\t<\/dt><\/dl><dl class='gallery-item'>\n\t\t\t<dt class='gallery-icon landscape'>\n\t\t\t\t<a href='https:\/\/iberculturaviva.org\/es\/img_9677-2-2\/'><img loading=\"lazy\" decoding=\"async\" width=\"150\" height=\"150\" src=\"https:\/\/iberculturaviva.org\/wp-content\/uploads\/2017\/11\/IMG_9677-1-150x150.jpg\" class=\"attachment-thumbnail size-thumbnail\" alt=\"\" srcset=\"https:\/\/iberculturaviva.org\/wp-content\/uploads\/2017\/11\/IMG_9677-1-150x150.jpg 150w, https:\/\/iberculturaviva.org\/wp-content\/uploads\/2017\/11\/IMG_9677-1-50x50.jpg 50w, https:\/\/iberculturaviva.org\/wp-content\/uploads\/2017\/11\/IMG_9677-1-56x56.jpg 56w, https:\/\/iberculturaviva.org\/wp-content\/uploads\/2017\/11\/IMG_9677-1-250x250.jpg 250w, https:\/\/iberculturaviva.org\/wp-content\/uploads\/2017\/11\/IMG_9677-1-40x40.jpg 40w\" sizes=\"auto, (max-width: 150px) 100vw, 150px\" \/><\/a>\n\t\t\t<\/dt><\/dl><dl class='gallery-item'>\n\t\t\t<dt class='gallery-icon landscape'>\n\t\t\t\t<a href='https:\/\/iberculturaviva.org\/es\/8a-reunion-del-consejo-intergubernamental-3-anos-de-avances-y-construcciones-colectivas\/img_9688-2\/'><img loading=\"lazy\" decoding=\"async\" width=\"150\" height=\"150\" src=\"https:\/\/iberculturaviva.org\/wp-content\/uploads\/2017\/11\/IMG_9688-150x150.jpg\" class=\"attachment-thumbnail size-thumbnail\" alt=\"\" srcset=\"https:\/\/iberculturaviva.org\/wp-content\/uploads\/2017\/11\/IMG_9688-150x150.jpg 150w, https:\/\/iberculturaviva.org\/wp-content\/uploads\/2017\/11\/IMG_9688-50x50.jpg 50w, https:\/\/iberculturaviva.org\/wp-content\/uploads\/2017\/11\/IMG_9688-56x56.jpg 56w, https:\/\/iberculturaviva.org\/wp-content\/uploads\/2017\/11\/IMG_9688-250x250.jpg 250w, https:\/\/iberculturaviva.org\/wp-content\/uploads\/2017\/11\/IMG_9688-40x40.jpg 40w\" sizes=\"auto, (max-width: 150px) 100vw, 150px\" \/><\/a>\n\t\t\t<\/dt><\/dl><br style=\"clear: both\" \/><dl class='gallery-item'>\n\t\t\t<dt class='gallery-icon landscape'>\n\t\t\t\t<a href='https:\/\/iberculturaviva.org\/es\/8a-reunion-del-consejo-intergubernamental-3-anos-de-avances-y-construcciones-colectivas\/img_9692-2\/'><img loading=\"lazy\" decoding=\"async\" width=\"150\" height=\"150\" src=\"https:\/\/iberculturaviva.org\/wp-content\/uploads\/2017\/11\/IMG_9692-150x150.jpg\" class=\"attachment-thumbnail size-thumbnail\" alt=\"\" srcset=\"https:\/\/iberculturaviva.org\/wp-content\/uploads\/2017\/11\/IMG_9692-150x150.jpg 150w, https:\/\/iberculturaviva.org\/wp-content\/uploads\/2017\/11\/IMG_9692-50x50.jpg 50w, https:\/\/iberculturaviva.org\/wp-content\/uploads\/2017\/11\/IMG_9692-56x56.jpg 56w, https:\/\/iberculturaviva.org\/wp-content\/uploads\/2017\/11\/IMG_9692-250x250.jpg 250w, https:\/\/iberculturaviva.org\/wp-content\/uploads\/2017\/11\/IMG_9692-40x40.jpg 40w\" sizes=\"auto, (max-width: 150px) 100vw, 150px\" \/><\/a>\n\t\t\t<\/dt><\/dl><dl class='gallery-item'>\n\t\t\t<dt class='gallery-icon landscape'>\n\t\t\t\t<a href='https:\/\/iberculturaviva.org\/es\/8a-reunion-del-consejo-intergubernamental-3-anos-de-avances-y-construcciones-colectivas\/img_9693-2\/'><img loading=\"lazy\" decoding=\"async\" width=\"150\" height=\"150\" src=\"https:\/\/iberculturaviva.org\/wp-content\/uploads\/2017\/11\/IMG_9693-150x150.jpg\" class=\"attachment-thumbnail size-thumbnail\" alt=\"\" srcset=\"https:\/\/iberculturaviva.org\/wp-content\/uploads\/2017\/11\/IMG_9693-150x150.jpg 150w, https:\/\/iberculturaviva.org\/wp-content\/uploads\/2017\/11\/IMG_9693-50x50.jpg 50w, https:\/\/iberculturaviva.org\/wp-content\/uploads\/2017\/11\/IMG_9693-56x56.jpg 56w, https:\/\/iberculturaviva.org\/wp-content\/uploads\/2017\/11\/IMG_9693-250x250.jpg 250w, https:\/\/iberculturaviva.org\/wp-content\/uploads\/2017\/11\/IMG_9693-40x40.jpg 40w\" sizes=\"auto, (max-width: 150px) 100vw, 150px\" \/><\/a>\n\t\t\t<\/dt><\/dl><dl class='gallery-item'>\n\t\t\t<dt class='gallery-icon landscape'>\n\t\t\t\t<a href='https:\/\/iberculturaviva.org\/es\/8a-reunion-del-consejo-intergubernamental-3-anos-de-avances-y-construcciones-colectivas\/img_9663-copia-2\/'><img loading=\"lazy\" decoding=\"async\" width=\"150\" height=\"150\" src=\"https:\/\/iberculturaviva.org\/wp-content\/uploads\/2017\/11\/IMG_9663-Copia-150x150.jpg\" class=\"attachment-thumbnail size-thumbnail\" alt=\"\" srcset=\"https:\/\/iberculturaviva.org\/wp-content\/uploads\/2017\/11\/IMG_9663-Copia-150x150.jpg 150w, https:\/\/iberculturaviva.org\/wp-content\/uploads\/2017\/11\/IMG_9663-Copia-50x50.jpg 50w, https:\/\/iberculturaviva.org\/wp-content\/uploads\/2017\/11\/IMG_9663-Copia-56x56.jpg 56w, https:\/\/iberculturaviva.org\/wp-content\/uploads\/2017\/11\/IMG_9663-Copia-250x250.jpg 250w, https:\/\/iberculturaviva.org\/wp-content\/uploads\/2017\/11\/IMG_9663-Copia-40x40.jpg 40w\" sizes=\"auto, (max-width: 150px) 100vw, 150px\" \/><\/a>\n\t\t\t<\/dt><\/dl><dl class='gallery-item'>\n\t\t\t<dt class='gallery-icon landscape'>\n\t\t\t\t<a href='https:\/\/iberculturaviva.org\/es\/img_9686-2\/'><img loading=\"lazy\" decoding=\"async\" width=\"150\" height=\"150\" src=\"https:\/\/iberculturaviva.org\/wp-content\/uploads\/2017\/11\/IMG_9686-150x150.jpg\" class=\"attachment-thumbnail size-thumbnail\" alt=\"\" srcset=\"https:\/\/iberculturaviva.org\/wp-content\/uploads\/2017\/11\/IMG_9686-150x150.jpg 150w, https:\/\/iberculturaviva.org\/wp-content\/uploads\/2017\/11\/IMG_9686-50x50.jpg 50w, https:\/\/iberculturaviva.org\/wp-content\/uploads\/2017\/11\/IMG_9686-56x56.jpg 56w, https:\/\/iberculturaviva.org\/wp-content\/uploads\/2017\/11\/IMG_9686-250x250.jpg 250w, https:\/\/iberculturaviva.org\/wp-content\/uploads\/2017\/11\/IMG_9686-40x40.jpg 40w\" sizes=\"auto, (max-width: 150px) 100vw, 150px\" \/><\/a>\n\t\t\t<\/dt><\/dl><br style=\"clear: both\" \/>\n\t\t<\/div>\n\n<p>&nbsp;<\/p>\n<p style=\"text-align: justify;\">Entre las actividades propuestas para el Plan Operativo Anual (POA-2018) se encuentran las asistencias t\u00e9cnicas a partir del intercambio de agentes gubernamentales; el fomento para la realizaci\u00f3n de estudios e investigaciones sobre las pol\u00edticas culturales de base comunitaria; el apoyo a la realizaci\u00f3n de encuentros y circuitos de la red de Puntos de Cultura, Cultura Viva Comunitaria o equivalentes; la creaci\u00f3n y construcci\u00f3n de marco regulatorio, adem\u00e1s del plan de acci\u00f3n de la Red de Ciudades de Ibercultura Viva, tema del 2\u00ba Encuentro de Redes IberCultura Viva realizado tambi\u00e9n en Quito, en el marco del 3\u00ba Congreso Latinoamericano de Cultura Viva Comunitaria.<\/p>\n<p style=\"text-align: justify;\">La 8\u00aa Reuni\u00f3n tambi\u00e9n cont\u00f3 con la presentaci\u00f3n de las bases de la convocatoria de becas para el Posgrado en Pol\u00edticas Culturales de Base Comunitaria FLACSO-IberCultura Viva. Este curso, que se realizar\u00e1 de manera virtual junto a la Facultad Latinoamericana de Ciencias Sociales (FLACSO), sede de Argentina, se trata de una propuesta espec\u00edfica de formaci\u00f3n en pol\u00edticas culturales de base comunitaria, dirigida a efectores p\u00fablicos de cultura, ya sean gestores, funcionarios\/as o trabajadores\/as estatales de las carteras de cultura nacionales y subnacionales, a gestores\/as comunitarios y a miembros de organizaciones de la sociedad civil. El lanzamiento est\u00e1 previsto para 10 de diciembre y la duraci\u00f3n debe ser de nueve meses, de marzo a diciembre de 2018.<\/p>\n<p><a href=\"https:\/\/iberculturaviva.org\/wp-content\/uploads\/2017\/11\/reunion-ecuador-grupo.jpg\"><img loading=\"lazy\" decoding=\"async\" class=\"aligncenter size-large wp-image-8261\" src=\"https:\/\/iberculturaviva.org\/wp-content\/uploads\/2017\/11\/reunion-ecuador-grupo-960x498.jpg\" alt=\"\" width=\"640\" height=\"332\" \/><\/a><\/p>\n<p>&nbsp;<\/p>\n<p><a href=\"https:\/\/iberculturaviva.org\/wp-content\/uploads\/2017\/11\/Acta-reuni\u00f3n-8va-Rueni\u00f3n-21.11.17.pdf\">Revisa el acta de la 8a Reuni\u00f3n del Consejo Intergubernamental IberCultura Viva<\/a><\/p>\n<p>&nbsp;<\/p>\n","protected":false},"excerpt":{"rendered":"<p>El Consejo Intergubernamental IberCultura Viva realiz\u00f3 su 8\u00aa Reuni\u00f3n este martes 21 de noviembre, en la sede del Ministerio de Cultura y Patrimonio de Ecuador, en Quito, en el marco [&hellip;]<\/p>\n","protected":false},"author":2,"featured_media":19498,"comment_status":"closed","ping_status":"closed","sticky":false,"template":"","format":"standard","meta":{"_coblocks_attr":"","_coblocks_dimensions":"","_coblocks_responsive_height":"","_coblocks_accordion_ie_support":"","_EventAllDay":false,"_EventTimezone":"","_EventStartDate":"","_EventEndDate":"","_EventStartDateUTC":"","_EventEndDateUTC":"","_EventShowMap":false,"_EventShowMapLink":false,"_EventURL":"","_EventCost":"","_EventCostDescription":"","_EventCurrencySymbol":"","_EventCurrencyCode":"","_EventCurrencyPosition":"","_EventDateTimeSeparator":"","_EventTimeRangeSeparator":"","_EventOrganizerID":[],"_EventVenueID":[],"_OrganizerEmail":"","_OrganizerPhone":"","_OrganizerWebsite":"","_VenueAddress":"","_VenueCity":"","_VenueCountry":"","_VenueProvince":"","_VenueState":"","_VenueZip":"","_VenuePhone":"","_VenueURL":"","_VenueStateProvince":"","_VenueLat":"","_VenueLng":"","_VenueShowMap":false,"_VenueShowMapLink":false,"footnotes":""},"categories":[262],"tags":[],"country-municipality":[],"class_list":["post-16296","post","type-post","status-publish","format-standard","has-post-thumbnail","hentry","category-noticias-es"],"yoast_head":"<!-- This site is optimized with the Yoast SEO plugin v25.7 - https:\/\/yoast.com\/wordpress\/plugins\/seo\/ -->\n<title>8\u00aa Reuni\u00f3n del Consejo Intergubernamental: 3 a\u00f1os de avances y construcciones colectivas - IberCultura Viva<\/title>\n<meta name=\"description\" content=\"8\u00aa Reuni\u00f3n del Consejo Intergubernamental: 3 a\u00f1os de avances y construcciones colectivas - IberCultura Viva\" \/>\n<meta name=\"robots\" content=\"index, follow, max-snippet:-1, max-image-preview:large, max-video-preview:-1\" \/>\n<link rel=\"canonical\" href=\"https:\/\/iberculturaviva.org\/es\/8a-reunion-del-consejo-intergubernamental-3-anos-de-avances-y-construcciones-colectivas\/\" \/>\n<meta property=\"og:locale\" content=\"es_ES\" \/>\n<meta property=\"og:type\" content=\"article\" \/>\n<meta property=\"og:title\" content=\"8\u00aa Reuni\u00f3n del Consejo Intergubernamental: 3 a\u00f1os de avances y construcciones colectivas - IberCultura Viva\" \/>\n<meta property=\"og:description\" content=\"8\u00aa Reuni\u00f3n del Consejo Intergubernamental: 3 a\u00f1os de avances y construcciones colectivas - IberCultura Viva\" \/>\n<meta property=\"og:url\" content=\"https:\/\/iberculturaviva.org\/es\/8a-reunion-del-consejo-intergubernamental-3-anos-de-avances-y-construcciones-colectivas\/\" \/>\n<meta property=\"og:site_name\" content=\"IberCultura Viva\" \/>\n<meta property=\"article:publisher\" content=\"https:\/\/www.facebook.com\/iberculturaviva\/\" \/>\n<meta property=\"article:published_time\" content=\"2017-11-23T16:12:45+00:00\" \/>\n<meta property=\"article:modified_time\" content=\"2021-01-12T16:56:40+00:00\" \/>\n<meta property=\"og:image\" content=\"https:\/\/iberculturaviva.org\/wp-content\/uploads\/2017\/11\/38568786221_463db2a29c_k.jpg\" \/>\n\t<meta property=\"og:image:width\" content=\"1600\" \/>\n\t<meta property=\"og:image:height\" content=\"1066\" \/>\n\t<meta property=\"og:image:type\" content=\"image\/jpeg\" \/>\n<meta name=\"author\" content=\"IberCultura\" \/>\n<meta name=\"twitter:card\" content=\"summary_large_image\" \/>\n<meta name=\"twitter:label1\" content=\"Escrito por\" \/>\n\t<meta name=\"twitter:data1\" content=\"IberCultura\" \/>\n\t<meta name=\"twitter:label2\" content=\"Tiempo de lectura\" \/>\n\t<meta name=\"twitter:data2\" content=\"8 minutos\" \/>\n<script type=\"application\/ld+json\" class=\"yoast-schema-graph\">{\"@context\":\"https:\/\/schema.org\",\"@graph\":[{\"@type\":\"Article\",\"@id\":\"https:\/\/iberculturaviva.org\/es\/8a-reunion-del-consejo-intergubernamental-3-anos-de-avances-y-construcciones-colectivas\/#article\",\"isPartOf\":{\"@id\":\"https:\/\/iberculturaviva.org\/es\/8a-reunion-del-consejo-intergubernamental-3-anos-de-avances-y-construcciones-colectivas\/\"},\"author\":{\"name\":\"IberCultura\",\"@id\":\"https:\/\/iberculturaviva.org\/es\/?lang=es\/#\/schema\/person\/5d1313b072cc25536e0431522f740b59\"},\"headline\":\"8\u00aa Reuni\u00f3n del Consejo Intergubernamental: 3 a\u00f1os de avances y construcciones colectivas\",\"datePublished\":\"2017-11-23T16:12:45+00:00\",\"dateModified\":\"2021-01-12T16:56:40+00:00\",\"mainEntityOfPage\":{\"@id\":\"https:\/\/iberculturaviva.org\/es\/8a-reunion-del-consejo-intergubernamental-3-anos-de-avances-y-construcciones-colectivas\/\"},\"wordCount\":1685,\"publisher\":{\"@id\":\"https:\/\/iberculturaviva.org\/es\/?lang=es\/#organization\"},\"image\":{\"@id\":\"https:\/\/iberculturaviva.org\/es\/8a-reunion-del-consejo-intergubernamental-3-anos-de-avances-y-construcciones-colectivas\/#primaryimage\"},\"thumbnailUrl\":\"https:\/\/iberculturaviva.org\/wp-content\/uploads\/2017\/11\/38568786221_463db2a29c_k.jpg\",\"articleSection\":[\"Noticias\"],\"inLanguage\":\"es\"},{\"@type\":\"WebPage\",\"@id\":\"https:\/\/iberculturaviva.org\/es\/8a-reunion-del-consejo-intergubernamental-3-anos-de-avances-y-construcciones-colectivas\/\",\"url\":\"https:\/\/iberculturaviva.org\/es\/8a-reunion-del-consejo-intergubernamental-3-anos-de-avances-y-construcciones-colectivas\/\",\"name\":\"8\u00aa Reuni\u00f3n del Consejo Intergubernamental: 3 a\u00f1os de avances y construcciones colectivas - IberCultura Viva\",\"isPartOf\":{\"@id\":\"https:\/\/iberculturaviva.org\/es\/?lang=es\/#website\"},\"primaryImageOfPage\":{\"@id\":\"https:\/\/iberculturaviva.org\/es\/8a-reunion-del-consejo-intergubernamental-3-anos-de-avances-y-construcciones-colectivas\/#primaryimage\"},\"image\":{\"@id\":\"https:\/\/iberculturaviva.org\/es\/8a-reunion-del-consejo-intergubernamental-3-anos-de-avances-y-construcciones-colectivas\/#primaryimage\"},\"thumbnailUrl\":\"https:\/\/iberculturaviva.org\/wp-content\/uploads\/2017\/11\/38568786221_463db2a29c_k.jpg\",\"datePublished\":\"2017-11-23T16:12:45+00:00\",\"dateModified\":\"2021-01-12T16:56:40+00:00\",\"description\":\"8\u00aa Reuni\u00f3n del Consejo Intergubernamental: 3 a\u00f1os de avances y construcciones colectivas - IberCultura Viva\",\"breadcrumb\":{\"@id\":\"https:\/\/iberculturaviva.org\/es\/8a-reunion-del-consejo-intergubernamental-3-anos-de-avances-y-construcciones-colectivas\/#breadcrumb\"},\"inLanguage\":\"es\",\"potentialAction\":[{\"@type\":\"ReadAction\",\"target\":[\"https:\/\/iberculturaviva.org\/es\/8a-reunion-del-consejo-intergubernamental-3-anos-de-avances-y-construcciones-colectivas\/\"]}]},{\"@type\":\"ImageObject\",\"inLanguage\":\"es\",\"@id\":\"https:\/\/iberculturaviva.org\/es\/8a-reunion-del-consejo-intergubernamental-3-anos-de-avances-y-construcciones-colectivas\/#primaryimage\",\"url\":\"https:\/\/iberculturaviva.org\/wp-content\/uploads\/2017\/11\/38568786221_463db2a29c_k.jpg\",\"contentUrl\":\"https:\/\/iberculturaviva.org\/wp-content\/uploads\/2017\/11\/38568786221_463db2a29c_k.jpg\",\"width\":1600,\"height\":1066,\"caption\":\"[:pb] E o oitavo encontro, em Quito [:es] Y el octavo encuentro. en Quito [:]\"},{\"@type\":\"BreadcrumbList\",\"@id\":\"https:\/\/iberculturaviva.org\/es\/8a-reunion-del-consejo-intergubernamental-3-anos-de-avances-y-construcciones-colectivas\/#breadcrumb\",\"itemListElement\":[{\"@type\":\"ListItem\",\"position\":1,\"name\":\"In\u00edcio\",\"item\":\"https:\/\/iberculturaviva.org\/es\/inicio\/\"},{\"@type\":\"ListItem\",\"position\":2,\"name\":\"8\u00aa Reuni\u00f3n del Consejo Intergubernamental: 3 a\u00f1os de avances y construcciones colectivas\"}]},{\"@type\":\"WebSite\",\"@id\":\"https:\/\/iberculturaviva.org\/es\/?lang=es\/#website\",\"url\":\"https:\/\/iberculturaviva.org\/es\/?lang=es\/\",\"name\":\"IberCultura Viva\",\"description\":\"Programa de cooperaci\u00f3n cultural\",\"publisher\":{\"@id\":\"https:\/\/iberculturaviva.org\/es\/?lang=es\/#organization\"},\"potentialAction\":[{\"@type\":\"SearchAction\",\"target\":{\"@type\":\"EntryPoint\",\"urlTemplate\":\"https:\/\/iberculturaviva.org\/es\/?lang=es\/?s={search_term_string}\"},\"query-input\":{\"@type\":\"PropertyValueSpecification\",\"valueRequired\":true,\"valueName\":\"search_term_string\"}}],\"inLanguage\":\"es\"},{\"@type\":\"Organization\",\"@id\":\"https:\/\/iberculturaviva.org\/es\/?lang=es\/#organization\",\"name\":\"Iberculturaviva\",\"url\":\"https:\/\/iberculturaviva.org\/es\/?lang=es\/\",\"logo\":{\"@type\":\"ImageObject\",\"inLanguage\":\"es\",\"@id\":\"https:\/\/iberculturaviva.org\/es\/?lang=es\/#\/schema\/logo\/image\/\",\"url\":\"https:\/\/iberculturaviva.org\/wp-content\/uploads\/2021\/08\/logo_ibercultura_viva.jpg\",\"contentUrl\":\"https:\/\/iberculturaviva.org\/wp-content\/uploads\/2021\/08\/logo_ibercultura_viva.jpg\",\"width\":708,\"height\":223,\"caption\":\"Iberculturaviva\"},\"image\":{\"@id\":\"https:\/\/iberculturaviva.org\/es\/?lang=es\/#\/schema\/logo\/image\/\"},\"sameAs\":[\"https:\/\/www.facebook.com\/iberculturaviva\/\",\"https:\/\/www.instagram.com\/iberculturaviva\/\",\"https:\/\/www.youtube.com\/iberculturaviva\"]},{\"@type\":\"Person\",\"@id\":\"https:\/\/iberculturaviva.org\/es\/?lang=es\/#\/schema\/person\/5d1313b072cc25536e0431522f740b59\",\"name\":\"IberCultura\",\"image\":{\"@type\":\"ImageObject\",\"inLanguage\":\"es\",\"@id\":\"https:\/\/iberculturaviva.org\/es\/?lang=es\/#\/schema\/person\/image\/\",\"url\":\"https:\/\/secure.gravatar.com\/avatar\/79f1a057cb125cbefb3765d0356d52fc7f3bba3a35e2cf22bc4de090bb7aef70?s=96&d=mm&r=g\",\"contentUrl\":\"https:\/\/secure.gravatar.com\/avatar\/79f1a057cb125cbefb3765d0356d52fc7f3bba3a35e2cf22bc4de090bb7aef70?s=96&d=mm&r=g\",\"caption\":\"IberCultura\"}}]}<\/script>\n<!-- \/ Yoast SEO plugin. -->","yoast_head_json":{"title":"8\u00aa Reuni\u00f3n del Consejo Intergubernamental: 3 a\u00f1os de avances y construcciones colectivas - IberCultura Viva","description":"8\u00aa Reuni\u00f3n del Consejo Intergubernamental: 3 a\u00f1os de avances y construcciones colectivas - IberCultura Viva","robots":{"index":"index","follow":"follow","max-snippet":"max-snippet:-1","max-image-preview":"max-image-preview:large","max-video-preview":"max-video-preview:-1"},"canonical":"https:\/\/iberculturaviva.org\/es\/8a-reunion-del-consejo-intergubernamental-3-anos-de-avances-y-construcciones-colectivas\/","og_locale":"es_ES","og_type":"article","og_title":"8\u00aa Reuni\u00f3n del Consejo Intergubernamental: 3 a\u00f1os de avances y construcciones colectivas - IberCultura Viva","og_description":"8\u00aa Reuni\u00f3n del Consejo Intergubernamental: 3 a\u00f1os de avances y construcciones colectivas - IberCultura Viva","og_url":"https:\/\/iberculturaviva.org\/es\/8a-reunion-del-consejo-intergubernamental-3-anos-de-avances-y-construcciones-colectivas\/","og_site_name":"IberCultura Viva","article_publisher":"https:\/\/www.facebook.com\/iberculturaviva\/","article_published_time":"2017-11-23T16:12:45+00:00","article_modified_time":"2021-01-12T16:56:40+00:00","og_image":[{"width":1600,"height":1066,"url":"https:\/\/iberculturaviva.org\/wp-content\/uploads\/2017\/11\/38568786221_463db2a29c_k.jpg","type":"image\/jpeg"}],"author":"IberCultura","twitter_card":"summary_large_image","twitter_misc":{"Escrito por":"IberCultura","Tiempo de lectura":"8 minutos"},"schema":{"@context":"https:\/\/schema.org","@graph":[{"@type":"Article","@id":"https:\/\/iberculturaviva.org\/es\/8a-reunion-del-consejo-intergubernamental-3-anos-de-avances-y-construcciones-colectivas\/#article","isPartOf":{"@id":"https:\/\/iberculturaviva.org\/es\/8a-reunion-del-consejo-intergubernamental-3-anos-de-avances-y-construcciones-colectivas\/"},"author":{"name":"IberCultura","@id":"https:\/\/iberculturaviva.org\/es\/?lang=es\/#\/schema\/person\/5d1313b072cc25536e0431522f740b59"},"headline":"8\u00aa Reuni\u00f3n del Consejo Intergubernamental: 3 a\u00f1os de avances y construcciones colectivas","datePublished":"2017-11-23T16:12:45+00:00","dateModified":"2021-01-12T16:56:40+00:00","mainEntityOfPage":{"@id":"https:\/\/iberculturaviva.org\/es\/8a-reunion-del-consejo-intergubernamental-3-anos-de-avances-y-construcciones-colectivas\/"},"wordCount":1685,"publisher":{"@id":"https:\/\/iberculturaviva.org\/es\/?lang=es\/#organization"},"image":{"@id":"https:\/\/iberculturaviva.org\/es\/8a-reunion-del-consejo-intergubernamental-3-anos-de-avances-y-construcciones-colectivas\/#primaryimage"},"thumbnailUrl":"https:\/\/iberculturaviva.org\/wp-content\/uploads\/2017\/11\/38568786221_463db2a29c_k.jpg","articleSection":["Noticias"],"inLanguage":"es"},{"@type":"WebPage","@id":"https:\/\/iberculturaviva.org\/es\/8a-reunion-del-consejo-intergubernamental-3-anos-de-avances-y-construcciones-colectivas\/","url":"https:\/\/iberculturaviva.org\/es\/8a-reunion-del-consejo-intergubernamental-3-anos-de-avances-y-construcciones-colectivas\/","name":"8\u00aa Reuni\u00f3n del Consejo Intergubernamental: 3 a\u00f1os de avances y construcciones colectivas - IberCultura Viva","isPartOf":{"@id":"https:\/\/iberculturaviva.org\/es\/?lang=es\/#website"},"primaryImageOfPage":{"@id":"https:\/\/iberculturaviva.org\/es\/8a-reunion-del-consejo-intergubernamental-3-anos-de-avances-y-construcciones-colectivas\/#primaryimage"},"image":{"@id":"https:\/\/iberculturaviva.org\/es\/8a-reunion-del-consejo-intergubernamental-3-anos-de-avances-y-construcciones-colectivas\/#primaryimage"},"thumbnailUrl":"https:\/\/iberculturaviva.org\/wp-content\/uploads\/2017\/11\/38568786221_463db2a29c_k.jpg","datePublished":"2017-11-23T16:12:45+00:00","dateModified":"2021-01-12T16:56:40+00:00","description":"8\u00aa Reuni\u00f3n del Consejo Intergubernamental: 3 a\u00f1os de avances y construcciones colectivas - IberCultura Viva","breadcrumb":{"@id":"https:\/\/iberculturaviva.org\/es\/8a-reunion-del-consejo-intergubernamental-3-anos-de-avances-y-construcciones-colectivas\/#breadcrumb"},"inLanguage":"es","potentialAction":[{"@type":"ReadAction","target":["https:\/\/iberculturaviva.org\/es\/8a-reunion-del-consejo-intergubernamental-3-anos-de-avances-y-construcciones-colectivas\/"]}]},{"@type":"ImageObject","inLanguage":"es","@id":"https:\/\/iberculturaviva.org\/es\/8a-reunion-del-consejo-intergubernamental-3-anos-de-avances-y-construcciones-colectivas\/#primaryimage","url":"https:\/\/iberculturaviva.org\/wp-content\/uploads\/2017\/11\/38568786221_463db2a29c_k.jpg","contentUrl":"https:\/\/iberculturaviva.org\/wp-content\/uploads\/2017\/11\/38568786221_463db2a29c_k.jpg","width":1600,"height":1066,"caption":"[:pb] E o oitavo encontro, em Quito [:es] Y el octavo encuentro. en Quito [:]"},{"@type":"BreadcrumbList","@id":"https:\/\/iberculturaviva.org\/es\/8a-reunion-del-consejo-intergubernamental-3-anos-de-avances-y-construcciones-colectivas\/#breadcrumb","itemListElement":[{"@type":"ListItem","position":1,"name":"In\u00edcio","item":"https:\/\/iberculturaviva.org\/es\/inicio\/"},{"@type":"ListItem","position":2,"name":"8\u00aa Reuni\u00f3n del Consejo Intergubernamental: 3 a\u00f1os de avances y construcciones colectivas"}]},{"@type":"WebSite","@id":"https:\/\/iberculturaviva.org\/es\/?lang=es\/#website","url":"https:\/\/iberculturaviva.org\/es\/?lang=es\/","name":"IberCultura Viva","description":"Programa de cooperaci\u00f3n cultural","publisher":{"@id":"https:\/\/iberculturaviva.org\/es\/?lang=es\/#organization"},"potentialAction":[{"@type":"SearchAction","target":{"@type":"EntryPoint","urlTemplate":"https:\/\/iberculturaviva.org\/es\/?lang=es\/?s={search_term_string}"},"query-input":{"@type":"PropertyValueSpecification","valueRequired":true,"valueName":"search_term_string"}}],"inLanguage":"es"},{"@type":"Organization","@id":"https:\/\/iberculturaviva.org\/es\/?lang=es\/#organization","name":"Iberculturaviva","url":"https:\/\/iberculturaviva.org\/es\/?lang=es\/","logo":{"@type":"ImageObject","inLanguage":"es","@id":"https:\/\/iberculturaviva.org\/es\/?lang=es\/#\/schema\/logo\/image\/","url":"https:\/\/iberculturaviva.org\/wp-content\/uploads\/2021\/08\/logo_ibercultura_viva.jpg","contentUrl":"https:\/\/iberculturaviva.org\/wp-content\/uploads\/2021\/08\/logo_ibercultura_viva.jpg","width":708,"height":223,"caption":"Iberculturaviva"},"image":{"@id":"https:\/\/iberculturaviva.org\/es\/?lang=es\/#\/schema\/logo\/image\/"},"sameAs":["https:\/\/www.facebook.com\/iberculturaviva\/","https:\/\/www.instagram.com\/iberculturaviva\/","https:\/\/www.youtube.com\/iberculturaviva"]},{"@type":"Person","@id":"https:\/\/iberculturaviva.org\/es\/?lang=es\/#\/schema\/person\/5d1313b072cc25536e0431522f740b59","name":"IberCultura","image":{"@type":"ImageObject","inLanguage":"es","@id":"https:\/\/iberculturaviva.org\/es\/?lang=es\/#\/schema\/person\/image\/","url":"https:\/\/secure.gravatar.com\/avatar\/79f1a057cb125cbefb3765d0356d52fc7f3bba3a35e2cf22bc4de090bb7aef70?s=96&d=mm&r=g","contentUrl":"https:\/\/secure.gravatar.com\/avatar\/79f1a057cb125cbefb3765d0356d52fc7f3bba3a35e2cf22bc4de090bb7aef70?s=96&d=mm&r=g","caption":"IberCultura"}}]}},"main_category":{"link":"https:\/\/iberculturaviva.org\/es\/category\/noticias-es\/","name":"Noticias","slug":"noticias-es"},"_links":{"self":[{"href":"https:\/\/iberculturaviva.org\/es\/wp-json\/wp\/v2\/posts\/16296","targetHints":{"allow":["GET"]}}],"collection":[{"href":"https:\/\/iberculturaviva.org\/es\/wp-json\/wp\/v2\/posts"}],"about":[{"href":"https:\/\/iberculturaviva.org\/es\/wp-json\/wp\/v2\/types\/post"}],"author":[{"embeddable":true,"href":"https:\/\/iberculturaviva.org\/es\/wp-json\/wp\/v2\/users\/2"}],"replies":[{"embeddable":true,"href":"https:\/\/iberculturaviva.org\/es\/wp-json\/wp\/v2\/comments?post=16296"}],"version-history":[{"count":1,"href":"https:\/\/iberculturaviva.org\/es\/wp-json\/wp\/v2\/posts\/16296\/revisions"}],"predecessor-version":[{"id":22719,"href":"https:\/\/iberculturaviva.org\/es\/wp-json\/wp\/v2\/posts\/16296\/revisions\/22719"}],"wp:featuredmedia":[{"embeddable":true,"href":"https:\/\/iberculturaviva.org\/es\/wp-json\/wp\/v2\/media\/19498"}],"wp:attachment":[{"href":"https:\/\/iberculturaviva.org\/es\/wp-json\/wp\/v2\/media?parent=16296"}],"wp:term":[{"taxonomy":"category","embeddable":true,"href":"https:\/\/iberculturaviva.org\/es\/wp-json\/wp\/v2\/categories?post=16296"},{"taxonomy":"post_tag","embeddable":true,"href":"https:\/\/iberculturaviva.org\/es\/wp-json\/wp\/v2\/tags?post=16296"},{"taxonomy":"country-municipality","embeddable":true,"href":"https:\/\/iberculturaviva.org\/es\/wp-json\/wp\/v2\/country-municipality?post=16296"}],"curies":[{"name":"wp","href":"https:\/\/api.w.org\/{rel}","templated":true}]}}