{"id":16292,"date":"2017-11-19T16:09:30","date_gmt":"2017-11-19T18:09:30","guid":{"rendered":"https:\/\/iberculturaviva.org\/2o-encuentro-de-redes-ibercultura-viva-articulando-una-red-de-gobiernos-locales\/"},"modified":"2021-01-12T13:56:55","modified_gmt":"2021-01-12T16:56:55","slug":"2o-encuentro-de-redes-ibercultura-viva-articulando-una-red-de-gobiernos-locales","status":"publish","type":"post","link":"https:\/\/iberculturaviva.org\/es\/2o-encuentro-de-redes-ibercultura-viva-articulando-una-red-de-gobiernos-locales\/","title":{"rendered":"2\u00ba Encuentro de Redes IberCultura Viva: articulando una red de gobiernos locales"},"content":{"rendered":"<p style=\"text-align: justify;\"><span style=\"font-weight: 400;\">El 2\u00ba Encuentro de Redes IberCultura Viva, que se realizar\u00e1 en Quito (Ecuador) los d\u00edas 22 y 23 de noviembre, estar\u00e1 dedicado exclusivamente a la articulaci\u00f3n de una red de gobiernos locales (municipales y\/o provinciales) que desarrollen o quieran desarrollar pol\u00edticas culturales de base comunitaria. La mesa \u201cRed de Ciudades IberCultura Viva\u201d se dar\u00e1 en el marco del 3\u00ba Congreso Latinoamericano de Cultura Viva Comunitaria con la presencia de funcionarios de una decena de ciudades de Am\u00e9rica Latina.<\/span><\/p>\n<p style=\"text-align: justify;\"><span style=\"font-weight: 400;\"><a href=\"https:\/\/iberculturaviva.org\/wp-content\/uploads\/2017\/11\/FLYER-FINAL-ENCUENTRO-DE-CIUDADES.ai-01-01.jpg\"><img loading=\"lazy\" decoding=\"async\" class=\" wp-image-8233 alignright\" src=\"https:\/\/iberculturaviva.org\/wp-content\/uploads\/2017\/11\/FLYER-FINAL-ENCUENTRO-DE-CIUDADES.ai-01-01-960x960.jpg\" alt=\"\" width=\"254\" height=\"254\" \/><\/a>Est\u00e1 prevista la participaci\u00f3n de <\/span><span style=\"font-weight: 400;\">funcionarios de municipios, alcald\u00edas, departamentos y\/o provincias de pa\u00edses como Argentina (municipios de C\u00f3rdoba y Devoto y provincia de Entre R\u00edos,), Brasil (Niter\u00f3i), Colombia (Medell\u00edn), M\u00e9xico (Cher\u00e1n, Zapopan\/Jalisco) y Uruguay (Montevideo y Canelones), entre otros. A lo largo de las dos jornadas, los invitados debatir\u00e1n c\u00f3mo construir un mecanismo de cooperaci\u00f3n entre el programa y las instancias subnacionales y buscar\u00e1n establecer una agenda de trabajo conjunta para 2018.<\/span><\/p>\n<p style=\"text-align: justify;\"><span style=\"font-weight: 400;\">El primer d\u00eda del encuentro contar\u00e1 con presentaciones del programa, de los representantes de las ciudades y gobiernos provinciales presentes y tambi\u00e9n de organizaciones de la sociedad civil, sobre procesos de incidencia en pol\u00edticas culturales de base comunitaria.<\/span> <span style=\"font-weight: 400;\">El conversatorio \u201cDesaf\u00edos comunes y ejes de acci\u00f3n posibles para la red\u201d, programado para las 16:00, tiene como objetivos definir los pilares de la red, los criterios para la incorporaci\u00f3n de actores y los ejes de trabajo para los pr\u00f3ximos tres a\u00f1os. <\/span><\/p>\n<p style=\"text-align: justify;\"><span style=\"font-weight: 400;\">La segunda jornada ser\u00e1 dedicada a una din\u00e1mica de trabajo para la elaboraci\u00f3n de un plan de articulaci\u00f3n de la red en 2018, lo que incluye una revisi\u00f3n de las l\u00edneas de acci\u00f3n del programa y su adecuaci\u00f3n al plan local. Adem\u00e1s de acordar los compromisos que deben asumir las ciudades y los aportes que realizar\u00e1 el programa en apoyo a la red, los participantes deben establecer modelos de seguimiento y medici\u00f3n del cumplimiento de las metas planteadas por los gobiernos.<\/span><\/p>\n<div id=\"attachment_5642\" style=\"width: 650px\" class=\"wp-caption aligncenter\"><a href=\"https:\/\/iberculturaviva.org\/wp-content\/uploads\/2016\/12\/15304650_1237503816337365_1135099526244944525_o.jpg\"><img loading=\"lazy\" decoding=\"async\" aria-describedby=\"caption-attachment-5642\" class=\"size-large wp-image-5642\" src=\"https:\/\/iberculturaviva.org\/wp-content\/uploads\/2016\/12\/15304650_1237503816337365_1135099526244944525_o-960x640.jpg\" alt=\"\" width=\"640\" height=\"427\" \/><\/a><p id=\"caption-attachment-5642\" class=\"wp-caption-text\">Representantes del grupo \u00abParticipaci\u00f3n social\u00bb, una de las tres mesas del 1\u00ba Encuentro de Redes, en Buenos Aires<\/p><\/div>\n<h4 style=\"text-align: justify;\"><b>La edici\u00f3n anterior<\/b><\/h4>\n<p style=\"text-align: justify;\"><span style=\"font-weight: 400;\">El <a href=\"https:\/\/iberculturaviva.org\/es\/los-grupos-de-trabajo-del-encuentro-de-redes-las-recomendaciones-y-los-ejes-inspiradores\/?lang=es\">1\u00b0 Encuentro de Redes IberCultura Viva<\/a>, realizado del 30 de noviembre al 2 de diciembre del 2016 en el Centro Cultural San Mart\u00edn, en Buenos Aires (Argentina), cont\u00f3 con tres grupos de trabajo formados por investigadores, representantes de gobiernos y organizaciones sociales que desarrollan pol\u00edticas culturales de base comunitaria en 17 pa\u00edses iberoamericanos.<\/span><\/p>\n<p style=\"text-align: justify;\"><span style=\"font-weight: 400;\">Durante tres d\u00edas, los participantes se distribuyeron en las siguientes mesas tem\u00e1ticas: \u201cParticipaci\u00f3n social y cooperaci\u00f3n cultural\u201d, \u201cLegislaci\u00f3n para las pol\u00edticas culturales de base comunitaria\u201d y \u201cFormaci\u00f3n en pol\u00edticas culturales de base comunitaria y construcci\u00f3n de mapas e indicadores\u201d. Las actividades se realizaron de manera simult\u00e1nea a las exposiciones, conversatorios y foros del 3\u00ba Encuentro Nacional de Puntos de Cultura, organizado por el Ministerio de Cultura de la Rep\u00fablica Argentina.<\/span><\/p>\n","protected":false},"excerpt":{"rendered":"<p>El 2\u00ba Encuentro de Redes IberCultura Viva, que se realizar\u00e1 en Quito (Ecuador) los d\u00edas 22 y 23 de noviembre, estar\u00e1 dedicado exclusivamente a la articulaci\u00f3n de una red de [&hellip;]<\/p>\n","protected":false},"author":2,"featured_media":0,"comment_status":"closed","ping_status":"closed","sticky":false,"template":"","format":"standard","meta":{"_coblocks_attr":"","_coblocks_dimensions":"","_coblocks_responsive_height":"","_coblocks_accordion_ie_support":"","_EventAllDay":false,"_EventTimezone":"","_EventStartDate":"","_EventEndDate":"","_EventStartDateUTC":"","_EventEndDateUTC":"","_EventShowMap":false,"_EventShowMapLink":false,"_EventURL":"","_EventCost":"","_EventCostDescription":"","_EventCurrencySymbol":"","_EventCurrencyCode":"","_EventCurrencyPosition":"","_EventDateTimeSeparator":"","_EventTimeRangeSeparator":"","_EventOrganizerID":[],"_EventVenueID":[],"_OrganizerEmail":"","_OrganizerPhone":"","_OrganizerWebsite":"","_VenueAddress":"","_VenueCity":"","_VenueCountry":"","_VenueProvince":"","_VenueState":"","_VenueZip":"","_VenuePhone":"","_VenueURL":"","_VenueStateProvince":"","_VenueLat":"","_VenueLng":"","_VenueShowMap":false,"_VenueShowMapLink":false,"footnotes":""},"categories":[262],"tags":[],"country-municipality":[],"class_list":["post-16292","post","type-post","status-publish","format-standard","hentry","category-noticias-es"],"yoast_head":"<!-- This site is optimized with the Yoast SEO plugin v25.7 - https:\/\/yoast.com\/wordpress\/plugins\/seo\/ -->\n<title>2\u00ba Encuentro de Redes IberCultura Viva: articulando una red de gobiernos locales - IberCultura Viva<\/title>\n<meta name=\"description\" content=\"2\u00ba Encuentro de Redes IberCultura Viva: articulando una red de gobiernos locales - IberCultura Viva\" \/>\n<meta name=\"robots\" content=\"index, follow, max-snippet:-1, max-image-preview:large, max-video-preview:-1\" \/>\n<link rel=\"canonical\" href=\"https:\/\/iberculturaviva.org\/es\/2o-encuentro-de-redes-ibercultura-viva-articulando-una-red-de-gobiernos-locales\/\" \/>\n<meta property=\"og:locale\" content=\"es_ES\" \/>\n<meta property=\"og:type\" content=\"article\" \/>\n<meta property=\"og:title\" content=\"2\u00ba Encuentro de Redes IberCultura Viva: articulando una red de gobiernos locales - IberCultura Viva\" \/>\n<meta property=\"og:description\" content=\"2\u00ba Encuentro de Redes IberCultura Viva: articulando una red de gobiernos locales - IberCultura Viva\" \/>\n<meta property=\"og:url\" content=\"https:\/\/iberculturaviva.org\/es\/2o-encuentro-de-redes-ibercultura-viva-articulando-una-red-de-gobiernos-locales\/\" \/>\n<meta property=\"og:site_name\" content=\"IberCultura Viva\" \/>\n<meta property=\"article:publisher\" content=\"https:\/\/www.facebook.com\/iberculturaviva\/\" \/>\n<meta property=\"article:published_time\" content=\"2017-11-19T18:09:30+00:00\" \/>\n<meta property=\"article:modified_time\" content=\"2021-01-12T16:56:55+00:00\" \/>\n<meta property=\"og:image\" content=\"https:\/\/iberculturaviva.org\/wp-content\/uploads\/2017\/11\/FLYER-FINAL-ENCUENTRO-DE-CIUDADES.ai-01-01-960x960.jpg\" \/>\n<meta name=\"author\" content=\"IberCultura\" \/>\n<meta name=\"twitter:card\" content=\"summary_large_image\" \/>\n<meta name=\"twitter:label1\" content=\"Escrito por\" \/>\n\t<meta name=\"twitter:data1\" content=\"IberCultura\" \/>\n\t<meta name=\"twitter:label2\" content=\"Tiempo de lectura\" \/>\n\t<meta name=\"twitter:data2\" content=\"3 minutos\" \/>\n<script type=\"application\/ld+json\" class=\"yoast-schema-graph\">{\"@context\":\"https:\/\/schema.org\",\"@graph\":[{\"@type\":\"Article\",\"@id\":\"https:\/\/iberculturaviva.org\/es\/2o-encuentro-de-redes-ibercultura-viva-articulando-una-red-de-gobiernos-locales\/#article\",\"isPartOf\":{\"@id\":\"https:\/\/iberculturaviva.org\/es\/2o-encuentro-de-redes-ibercultura-viva-articulando-una-red-de-gobiernos-locales\/\"},\"author\":{\"name\":\"IberCultura\",\"@id\":\"https:\/\/iberculturaviva.org\/es\/?lang=es\/#\/schema\/person\/5d1313b072cc25536e0431522f740b59\"},\"headline\":\"2\u00ba Encuentro de Redes IberCultura Viva: articulando una red de gobiernos locales\",\"datePublished\":\"2017-11-19T18:09:30+00:00\",\"dateModified\":\"2021-01-12T16:56:55+00:00\",\"mainEntityOfPage\":{\"@id\":\"https:\/\/iberculturaviva.org\/es\/2o-encuentro-de-redes-ibercultura-viva-articulando-una-red-de-gobiernos-locales\/\"},\"wordCount\":514,\"publisher\":{\"@id\":\"https:\/\/iberculturaviva.org\/es\/?lang=es\/#organization\"},\"image\":{\"@id\":\"https:\/\/iberculturaviva.org\/es\/2o-encuentro-de-redes-ibercultura-viva-articulando-una-red-de-gobiernos-locales\/#primaryimage\"},\"thumbnailUrl\":\"https:\/\/iberculturaviva.org\/wp-content\/uploads\/2017\/11\/FLYER-FINAL-ENCUENTRO-DE-CIUDADES.ai-01-01-960x960.jpg\",\"articleSection\":[\"Noticias\"],\"inLanguage\":\"es\"},{\"@type\":\"WebPage\",\"@id\":\"https:\/\/iberculturaviva.org\/es\/2o-encuentro-de-redes-ibercultura-viva-articulando-una-red-de-gobiernos-locales\/\",\"url\":\"https:\/\/iberculturaviva.org\/es\/2o-encuentro-de-redes-ibercultura-viva-articulando-una-red-de-gobiernos-locales\/\",\"name\":\"2\u00ba Encuentro de Redes IberCultura Viva: articulando una red de gobiernos locales - IberCultura Viva\",\"isPartOf\":{\"@id\":\"https:\/\/iberculturaviva.org\/es\/?lang=es\/#website\"},\"primaryImageOfPage\":{\"@id\":\"https:\/\/iberculturaviva.org\/es\/2o-encuentro-de-redes-ibercultura-viva-articulando-una-red-de-gobiernos-locales\/#primaryimage\"},\"image\":{\"@id\":\"https:\/\/iberculturaviva.org\/es\/2o-encuentro-de-redes-ibercultura-viva-articulando-una-red-de-gobiernos-locales\/#primaryimage\"},\"thumbnailUrl\":\"https:\/\/iberculturaviva.org\/wp-content\/uploads\/2017\/11\/FLYER-FINAL-ENCUENTRO-DE-CIUDADES.ai-01-01-960x960.jpg\",\"datePublished\":\"2017-11-19T18:09:30+00:00\",\"dateModified\":\"2021-01-12T16:56:55+00:00\",\"description\":\"2\u00ba Encuentro de Redes IberCultura Viva: articulando una red de gobiernos locales - IberCultura Viva\",\"breadcrumb\":{\"@id\":\"https:\/\/iberculturaviva.org\/es\/2o-encuentro-de-redes-ibercultura-viva-articulando-una-red-de-gobiernos-locales\/#breadcrumb\"},\"inLanguage\":\"es\",\"potentialAction\":[{\"@type\":\"ReadAction\",\"target\":[\"https:\/\/iberculturaviva.org\/es\/2o-encuentro-de-redes-ibercultura-viva-articulando-una-red-de-gobiernos-locales\/\"]}]},{\"@type\":\"ImageObject\",\"inLanguage\":\"es\",\"@id\":\"https:\/\/iberculturaviva.org\/es\/2o-encuentro-de-redes-ibercultura-viva-articulando-una-red-de-gobiernos-locales\/#primaryimage\",\"url\":\"https:\/\/iberculturaviva.org\/wp-content\/uploads\/2017\/11\/FLYER-FINAL-ENCUENTRO-DE-CIUDADES.ai-01-01-960x960.jpg\",\"contentUrl\":\"https:\/\/iberculturaviva.org\/wp-content\/uploads\/2017\/11\/FLYER-FINAL-ENCUENTRO-DE-CIUDADES.ai-01-01-960x960.jpg\"},{\"@type\":\"BreadcrumbList\",\"@id\":\"https:\/\/iberculturaviva.org\/es\/2o-encuentro-de-redes-ibercultura-viva-articulando-una-red-de-gobiernos-locales\/#breadcrumb\",\"itemListElement\":[{\"@type\":\"ListItem\",\"position\":1,\"name\":\"In\u00edcio\",\"item\":\"https:\/\/iberculturaviva.org\/es\/inicio\/\"},{\"@type\":\"ListItem\",\"position\":2,\"name\":\"2\u00ba Encuentro de Redes IberCultura Viva: articulando una red de gobiernos locales\"}]},{\"@type\":\"WebSite\",\"@id\":\"https:\/\/iberculturaviva.org\/es\/?lang=es\/#website\",\"url\":\"https:\/\/iberculturaviva.org\/es\/?lang=es\/\",\"name\":\"IberCultura Viva\",\"description\":\"Programa de cooperaci\u00f3n cultural\",\"publisher\":{\"@id\":\"https:\/\/iberculturaviva.org\/es\/?lang=es\/#organization\"},\"potentialAction\":[{\"@type\":\"SearchAction\",\"target\":{\"@type\":\"EntryPoint\",\"urlTemplate\":\"https:\/\/iberculturaviva.org\/es\/?lang=es\/?s={search_term_string}\"},\"query-input\":{\"@type\":\"PropertyValueSpecification\",\"valueRequired\":true,\"valueName\":\"search_term_string\"}}],\"inLanguage\":\"es\"},{\"@type\":\"Organization\",\"@id\":\"https:\/\/iberculturaviva.org\/es\/?lang=es\/#organization\",\"name\":\"Iberculturaviva\",\"url\":\"https:\/\/iberculturaviva.org\/es\/?lang=es\/\",\"logo\":{\"@type\":\"ImageObject\",\"inLanguage\":\"es\",\"@id\":\"https:\/\/iberculturaviva.org\/es\/?lang=es\/#\/schema\/logo\/image\/\",\"url\":\"https:\/\/iberculturaviva.org\/wp-content\/uploads\/2021\/08\/logo_ibercultura_viva.jpg\",\"contentUrl\":\"https:\/\/iberculturaviva.org\/wp-content\/uploads\/2021\/08\/logo_ibercultura_viva.jpg\",\"width\":708,\"height\":223,\"caption\":\"Iberculturaviva\"},\"image\":{\"@id\":\"https:\/\/iberculturaviva.org\/es\/?lang=es\/#\/schema\/logo\/image\/\"},\"sameAs\":[\"https:\/\/www.facebook.com\/iberculturaviva\/\",\"https:\/\/www.instagram.com\/iberculturaviva\/\",\"https:\/\/www.youtube.com\/iberculturaviva\"]},{\"@type\":\"Person\",\"@id\":\"https:\/\/iberculturaviva.org\/es\/?lang=es\/#\/schema\/person\/5d1313b072cc25536e0431522f740b59\",\"name\":\"IberCultura\",\"image\":{\"@type\":\"ImageObject\",\"inLanguage\":\"es\",\"@id\":\"https:\/\/iberculturaviva.org\/es\/?lang=es\/#\/schema\/person\/image\/\",\"url\":\"https:\/\/secure.gravatar.com\/avatar\/79f1a057cb125cbefb3765d0356d52fc7f3bba3a35e2cf22bc4de090bb7aef70?s=96&d=mm&r=g\",\"contentUrl\":\"https:\/\/secure.gravatar.com\/avatar\/79f1a057cb125cbefb3765d0356d52fc7f3bba3a35e2cf22bc4de090bb7aef70?s=96&d=mm&r=g\",\"caption\":\"IberCultura\"}}]}<\/script>\n<!-- \/ Yoast SEO plugin. -->","yoast_head_json":{"title":"2\u00ba Encuentro de Redes IberCultura Viva: articulando una red de gobiernos locales - IberCultura Viva","description":"2\u00ba Encuentro de Redes IberCultura Viva: articulando una red de gobiernos locales - IberCultura Viva","robots":{"index":"index","follow":"follow","max-snippet":"max-snippet:-1","max-image-preview":"max-image-preview:large","max-video-preview":"max-video-preview:-1"},"canonical":"https:\/\/iberculturaviva.org\/es\/2o-encuentro-de-redes-ibercultura-viva-articulando-una-red-de-gobiernos-locales\/","og_locale":"es_ES","og_type":"article","og_title":"2\u00ba Encuentro de Redes IberCultura Viva: articulando una red de gobiernos locales - IberCultura Viva","og_description":"2\u00ba Encuentro de Redes IberCultura Viva: articulando una red de gobiernos locales - IberCultura Viva","og_url":"https:\/\/iberculturaviva.org\/es\/2o-encuentro-de-redes-ibercultura-viva-articulando-una-red-de-gobiernos-locales\/","og_site_name":"IberCultura Viva","article_publisher":"https:\/\/www.facebook.com\/iberculturaviva\/","article_published_time":"2017-11-19T18:09:30+00:00","article_modified_time":"2021-01-12T16:56:55+00:00","og_image":[{"url":"https:\/\/iberculturaviva.org\/wp-content\/uploads\/2017\/11\/FLYER-FINAL-ENCUENTRO-DE-CIUDADES.ai-01-01-960x960.jpg","type":"","width":"","height":""}],"author":"IberCultura","twitter_card":"summary_large_image","twitter_misc":{"Escrito por":"IberCultura","Tiempo de lectura":"3 minutos"},"schema":{"@context":"https:\/\/schema.org","@graph":[{"@type":"Article","@id":"https:\/\/iberculturaviva.org\/es\/2o-encuentro-de-redes-ibercultura-viva-articulando-una-red-de-gobiernos-locales\/#article","isPartOf":{"@id":"https:\/\/iberculturaviva.org\/es\/2o-encuentro-de-redes-ibercultura-viva-articulando-una-red-de-gobiernos-locales\/"},"author":{"name":"IberCultura","@id":"https:\/\/iberculturaviva.org\/es\/?lang=es\/#\/schema\/person\/5d1313b072cc25536e0431522f740b59"},"headline":"2\u00ba Encuentro de Redes IberCultura Viva: articulando una red de gobiernos locales","datePublished":"2017-11-19T18:09:30+00:00","dateModified":"2021-01-12T16:56:55+00:00","mainEntityOfPage":{"@id":"https:\/\/iberculturaviva.org\/es\/2o-encuentro-de-redes-ibercultura-viva-articulando-una-red-de-gobiernos-locales\/"},"wordCount":514,"publisher":{"@id":"https:\/\/iberculturaviva.org\/es\/?lang=es\/#organization"},"image":{"@id":"https:\/\/iberculturaviva.org\/es\/2o-encuentro-de-redes-ibercultura-viva-articulando-una-red-de-gobiernos-locales\/#primaryimage"},"thumbnailUrl":"https:\/\/iberculturaviva.org\/wp-content\/uploads\/2017\/11\/FLYER-FINAL-ENCUENTRO-DE-CIUDADES.ai-01-01-960x960.jpg","articleSection":["Noticias"],"inLanguage":"es"},{"@type":"WebPage","@id":"https:\/\/iberculturaviva.org\/es\/2o-encuentro-de-redes-ibercultura-viva-articulando-una-red-de-gobiernos-locales\/","url":"https:\/\/iberculturaviva.org\/es\/2o-encuentro-de-redes-ibercultura-viva-articulando-una-red-de-gobiernos-locales\/","name":"2\u00ba Encuentro de Redes IberCultura Viva: articulando una red de gobiernos locales - IberCultura Viva","isPartOf":{"@id":"https:\/\/iberculturaviva.org\/es\/?lang=es\/#website"},"primaryImageOfPage":{"@id":"https:\/\/iberculturaviva.org\/es\/2o-encuentro-de-redes-ibercultura-viva-articulando-una-red-de-gobiernos-locales\/#primaryimage"},"image":{"@id":"https:\/\/iberculturaviva.org\/es\/2o-encuentro-de-redes-ibercultura-viva-articulando-una-red-de-gobiernos-locales\/#primaryimage"},"thumbnailUrl":"https:\/\/iberculturaviva.org\/wp-content\/uploads\/2017\/11\/FLYER-FINAL-ENCUENTRO-DE-CIUDADES.ai-01-01-960x960.jpg","datePublished":"2017-11-19T18:09:30+00:00","dateModified":"2021-01-12T16:56:55+00:00","description":"2\u00ba Encuentro de Redes IberCultura Viva: articulando una red de gobiernos locales - IberCultura Viva","breadcrumb":{"@id":"https:\/\/iberculturaviva.org\/es\/2o-encuentro-de-redes-ibercultura-viva-articulando-una-red-de-gobiernos-locales\/#breadcrumb"},"inLanguage":"es","potentialAction":[{"@type":"ReadAction","target":["https:\/\/iberculturaviva.org\/es\/2o-encuentro-de-redes-ibercultura-viva-articulando-una-red-de-gobiernos-locales\/"]}]},{"@type":"ImageObject","inLanguage":"es","@id":"https:\/\/iberculturaviva.org\/es\/2o-encuentro-de-redes-ibercultura-viva-articulando-una-red-de-gobiernos-locales\/#primaryimage","url":"https:\/\/iberculturaviva.org\/wp-content\/uploads\/2017\/11\/FLYER-FINAL-ENCUENTRO-DE-CIUDADES.ai-01-01-960x960.jpg","contentUrl":"https:\/\/iberculturaviva.org\/wp-content\/uploads\/2017\/11\/FLYER-FINAL-ENCUENTRO-DE-CIUDADES.ai-01-01-960x960.jpg"},{"@type":"BreadcrumbList","@id":"https:\/\/iberculturaviva.org\/es\/2o-encuentro-de-redes-ibercultura-viva-articulando-una-red-de-gobiernos-locales\/#breadcrumb","itemListElement":[{"@type":"ListItem","position":1,"name":"In\u00edcio","item":"https:\/\/iberculturaviva.org\/es\/inicio\/"},{"@type":"ListItem","position":2,"name":"2\u00ba Encuentro de Redes IberCultura Viva: articulando una red de gobiernos locales"}]},{"@type":"WebSite","@id":"https:\/\/iberculturaviva.org\/es\/?lang=es\/#website","url":"https:\/\/iberculturaviva.org\/es\/?lang=es\/","name":"IberCultura Viva","description":"Programa de cooperaci\u00f3n cultural","publisher":{"@id":"https:\/\/iberculturaviva.org\/es\/?lang=es\/#organization"},"potentialAction":[{"@type":"SearchAction","target":{"@type":"EntryPoint","urlTemplate":"https:\/\/iberculturaviva.org\/es\/?lang=es\/?s={search_term_string}"},"query-input":{"@type":"PropertyValueSpecification","valueRequired":true,"valueName":"search_term_string"}}],"inLanguage":"es"},{"@type":"Organization","@id":"https:\/\/iberculturaviva.org\/es\/?lang=es\/#organization","name":"Iberculturaviva","url":"https:\/\/iberculturaviva.org\/es\/?lang=es\/","logo":{"@type":"ImageObject","inLanguage":"es","@id":"https:\/\/iberculturaviva.org\/es\/?lang=es\/#\/schema\/logo\/image\/","url":"https:\/\/iberculturaviva.org\/wp-content\/uploads\/2021\/08\/logo_ibercultura_viva.jpg","contentUrl":"https:\/\/iberculturaviva.org\/wp-content\/uploads\/2021\/08\/logo_ibercultura_viva.jpg","width":708,"height":223,"caption":"Iberculturaviva"},"image":{"@id":"https:\/\/iberculturaviva.org\/es\/?lang=es\/#\/schema\/logo\/image\/"},"sameAs":["https:\/\/www.facebook.com\/iberculturaviva\/","https:\/\/www.instagram.com\/iberculturaviva\/","https:\/\/www.youtube.com\/iberculturaviva"]},{"@type":"Person","@id":"https:\/\/iberculturaviva.org\/es\/?lang=es\/#\/schema\/person\/5d1313b072cc25536e0431522f740b59","name":"IberCultura","image":{"@type":"ImageObject","inLanguage":"es","@id":"https:\/\/iberculturaviva.org\/es\/?lang=es\/#\/schema\/person\/image\/","url":"https:\/\/secure.gravatar.com\/avatar\/79f1a057cb125cbefb3765d0356d52fc7f3bba3a35e2cf22bc4de090bb7aef70?s=96&d=mm&r=g","contentUrl":"https:\/\/secure.gravatar.com\/avatar\/79f1a057cb125cbefb3765d0356d52fc7f3bba3a35e2cf22bc4de090bb7aef70?s=96&d=mm&r=g","caption":"IberCultura"}}]}},"main_category":{"link":"https:\/\/iberculturaviva.org\/es\/category\/noticias-es\/","name":"Noticias","slug":"noticias-es"},"_links":{"self":[{"href":"https:\/\/iberculturaviva.org\/es\/wp-json\/wp\/v2\/posts\/16292","targetHints":{"allow":["GET"]}}],"collection":[{"href":"https:\/\/iberculturaviva.org\/es\/wp-json\/wp\/v2\/posts"}],"about":[{"href":"https:\/\/iberculturaviva.org\/es\/wp-json\/wp\/v2\/types\/post"}],"author":[{"embeddable":true,"href":"https:\/\/iberculturaviva.org\/es\/wp-json\/wp\/v2\/users\/2"}],"replies":[{"embeddable":true,"href":"https:\/\/iberculturaviva.org\/es\/wp-json\/wp\/v2\/comments?post=16292"}],"version-history":[{"count":1,"href":"https:\/\/iberculturaviva.org\/es\/wp-json\/wp\/v2\/posts\/16292\/revisions"}],"predecessor-version":[{"id":22721,"href":"https:\/\/iberculturaviva.org\/es\/wp-json\/wp\/v2\/posts\/16292\/revisions\/22721"}],"wp:attachment":[{"href":"https:\/\/iberculturaviva.org\/es\/wp-json\/wp\/v2\/media?parent=16292"}],"wp:term":[{"taxonomy":"category","embeddable":true,"href":"https:\/\/iberculturaviva.org\/es\/wp-json\/wp\/v2\/categories?post=16292"},{"taxonomy":"post_tag","embeddable":true,"href":"https:\/\/iberculturaviva.org\/es\/wp-json\/wp\/v2\/tags?post=16292"},{"taxonomy":"country-municipality","embeddable":true,"href":"https:\/\/iberculturaviva.org\/es\/wp-json\/wp\/v2\/country-municipality?post=16292"}],"curies":[{"name":"wp","href":"https:\/\/api.w.org\/{rel}","templated":true}]}}