{"id":16265,"date":"2017-10-12T15:05:50","date_gmt":"2017-10-12T18:05:50","guid":{"rendered":"https:\/\/iberculturaviva.org\/empieza-este-viernes-el-ii-encuentro-nacional-de-puntos-de-cultura-de-peru\/"},"modified":"2021-01-12T13:58:23","modified_gmt":"2021-01-12T16:58:23","slug":"empieza-este-viernes-el-ii-encuentro-nacional-de-puntos-de-cultura-de-peru","status":"publish","type":"post","link":"https:\/\/iberculturaviva.org\/es\/empieza-este-viernes-el-ii-encuentro-nacional-de-puntos-de-cultura-de-peru\/","title":{"rendered":"Empieza este viernes el II Encuentro Nacional de Puntos de Cultura de Per\u00fa"},"content":{"rendered":"<p style=\"text-align: justify;\"><span style=\"font-weight: 400;\">El II Encuentro Nacional de Puntos de Cultura de Per\u00fa tendr\u00e1 lugar este fin de semana en Lima. M\u00e1s de 200 organizaciones deben participar de las actividades en la sede central de Ministerio de Cultura en esta edici\u00f3n que tiene como lema el \u201cYanapanakuy\u201d. Con el vocablo quechua, que significa ayudarse mutuamente, se busca que este espacio contribuya al fortalecimiento de la Red Nacional de Puntos de Cultura, teniendo como principios b\u00e1sicos el respeto, el di\u00e1logo y la ayuda mutua. \u00a0\u00a0<\/span><\/p>\n<p style=\"text-align: justify;\"><span style=\"font-weight: 400;\">Alrededor de 30 representantes de Puntos de Cultura han participado de la construcci\u00f3n de la programaci\u00f3n, que ser\u00e1 abierta este viernes 13 y ocupar\u00e1 distintos espacios del Ministerio de Cultura <\/span><span style=\"font-weight: 400;\">(Av. Javier Prado Este 2465, San Borja-Lima) hasta el domingo. Las actividades propuestas tienen la intenci\u00f3n de<\/span><span style=\"font-weight: 400;\"> ofrecer espacios para el reconocimiento entre los miembros de la Red Nacional de Puntos de Cultura, la reflexi\u00f3n y el balance de la gesti\u00f3n, as\u00ed como la construcci\u00f3n de acciones estrat\u00e9gicas que permitan la implementaci\u00f3n de la Ley n\u00b0 30487, Ley de Promoci\u00f3n de los Puntos de Cultura. <\/span><\/p>\n<p style=\"text-align: justify;\"><span style=\"font-weight: 400;\"><a href=\"https:\/\/iberculturaviva.org\/wp-content\/uploads\/2017\/10\/flyer-peru.png\"><img loading=\"lazy\" decoding=\"async\" class=\" wp-image-7855 alignright\" src=\"https:\/\/iberculturaviva.org\/wp-content\/uploads\/2017\/10\/flyer-peru.png\" alt=\"\" width=\"301\" height=\"426\" srcset=\"https:\/\/iberculturaviva.org\/wp-content\/uploads\/2017\/10\/flyer-peru.png 679w, https:\/\/iberculturaviva.org\/wp-content\/uploads\/2017\/10\/flyer-peru-212x300.png 212w, https:\/\/iberculturaviva.org\/wp-content\/uploads\/2017\/10\/flyer-peru-106x150.png 106w\" sizes=\"auto, (max-width: 301px) 100vw, 301px\" \/><\/a>La programaci\u00f3n incluye foros macrorregionales (Norte, Lima y Callao, Sur, Oriente y Centro), mesas de trabajo, tallleres y encuentros de creaci\u00f3n colectiva. Tambi\u00e9n est\u00e1n previstos seis conversatorios (entre ellos, \u201cEnfoques y posibilidades de financiamiento y autogesti\u00f3n\u201d, \u00abIncidencia y participaci\u00f3n ciudadana\u00bb y \u201cExperiencias latinoamericanas de Cultura Viva Comunitaria\u201d). La plenaria de cierre est\u00e1 marcada para empezar a las 16:00 de domingo.<\/span><\/p>\n<p style=\"text-align: justify;\"><span style=\"font-weight: 400;\">El lunes 16, en el marco de este II Encuentro Nacional de Puntos de Cultura, se realizar\u00e1 la 7\u00aa Reuni\u00f3n del Consejo Intergubernamental IberCultura Viva. Esta reuni\u00f3n, la segunda promovida por el programa este a\u00f1o (la anterior se dio en Montevideo, en mayo), tendr\u00e1 como objetivo discutir la elaboraci\u00f3n del plan estrat\u00e9gico trianual 2018-2020.<\/span><\/p>\n<h4 style=\"text-align: justify;\"><b>El primer encuentro<\/b><\/h4>\n<p style=\"text-align: justify;\"><span style=\"font-weight: 400;\">El I Encuentro Nacional de Puntos de Cultura de Per\u00fa se llev\u00f3 a cabo en la ciudad de Cusco, del 28 de noviembre al 1 de diciembre de 2013, con la presencia de representantes de 102 Puntos de Cultura, especialistas y gestores culturales de Brasil, Costa Rica, Colombia, Argentina, Bolivia y de los responsables de las Direcciones Desconcentradas de Cultura de todas las regiones del pa\u00eds.<\/span><\/p>\n<p style=\"text-align: justify;\"><span style=\"font-weight: 400;\">El encuentro tuvo como objetivo general contribuir al fortalecimiento de la Red de Puntos de Cultura y a la consolidaci\u00f3n del programa, demostrando la efectividad de pol\u00edticas p\u00fablicas basadas en el di\u00e1logo Estado-sociedad civil y en el reconocimiento de la cultura como eje y motor de desarrollo comunitario.<\/span><\/p>\n<h4 style=\"text-align: justify;\"><b>La Ley de Puntos<\/b><\/h4>\n<p style=\"text-align: justify;\"><span style=\"font-weight: 400;\">Adem\u00e1s de propiciar el reconocimiento por parte de los Puntos de Cultura del trabajo que realizan sus pares, contribuyendo a la cohesi\u00f3n de la red y a la generaci\u00f3n de alianzas para el trabajo conjunto, el encuentro nacional buscaba validar la propuesta de anteproyecto de Ley de Promoci\u00f3n de los Puntos de Cultura a partir del intercambio con referentes de otros pa\u00edses de la regi\u00f3n. <\/span><\/p>\n<p style=\"text-align: justify;\"><span style=\"font-weight: 400;\">Luego de largas jornadas de trabajo, se logr\u00f3 la redacci\u00f3n final del documento, suscrita por las 58 organizaciones que permanecieron hasta el final del debate. La propuesta del anteproyecto de ley fue presentada por el Centro Cultural Sagitario a la congresista Natalie Condori, primera vicepresidenta del Congreso de la Rep\u00fablica de Per\u00fa. Tras un largo proceso participativo entre organizaciones culturales y el Ministerio de Cultura de Per\u00fa, se promulg\u00f3 el 15 de julio de 2016 la Ley n\u00b0 30487, <\/span><a href=\"https:\/\/iberculturaviva.org\/wp-content\/uploads\/2016\/07\/ley-de-promocion-de-los-puntos-de-cultura-ley-n-30487-1404903-1.pdf\"><span style=\"font-weight: 400;\">Ley de Promoci\u00f3n de los Puntos de Cultura<\/span><\/a><span style=\"font-weight: 400;\">. <\/span><\/p>\n<h4 style=\"text-align: justify;\"><b>Primeros pasos<\/b><\/h4>\n<p style=\"text-align: justify;\"><span style=\"font-weight: 400;\">El programa Puntos de Cultura tuvo inicio en Per\u00fa un poco despu\u00e9s de la creaci\u00f3n del Ministerio de Cultura, en 2011, cuando se decidi\u00f3 impulsar un proyecto piloto en dos distritos de Lima: Carabayllo y Villa El Salvador. Talleres art\u00edsticos fueron llevados a decenas de ni\u00f1os y j\u00f3venes por organizaciones culturales emblem\u00e1ticas de los dos distritos (Arenas y Esteras, Vichama Teatro, y Casa Infantil y Juvenil de Arte y Cultura-CIJAC, en Villa El Salvador, y Puckllay Arte y Comunidad, en Carabayllo).<\/span><\/p>\n<p style=\"text-align: justify;\"><span style=\"font-weight: 400;\">El a\u00f1o de 2012 tuvo como marcos el dise\u00f1o participativo de las bases de Puntos de Cultura y el lanzamiento del Registro Nacional de Puntos de Cultura. Los primeros 50 Puntos de Cultura fueron reconocidos por el Ministerio de Cultura de Per\u00fa en diciembre de 2012. Hoy en d\u00eda, son 291 los Puntos de Cultura reconocidos en el pa\u00eds.<\/span><\/p>\n<h4 style=\"text-align: justify;\"><\/h4>\n<h4 style=\"text-align: justify;\"><b>El reconocimiento<\/b><\/h4>\n<p style=\"text-align: justify;\"><span style=\"font-weight: 400;\">Pueden ser reconocidas como \u201cPuntos de Cultura\u201d organizaciones de la sociedad civil sin fines de lucro que utilicen el arte y la cultura como instrumento esencial de formaci\u00f3n; grupos de arte comunitario; movimientos o redes que pongan en valor el rol de la cultura en el desarrollo; bibliotecas, radios comunitarias y medios virtuales que busquen ampliar el acceso a la producci\u00f3n cultural; colectivos de artistas que pongan \u00e9nfasis en la relaci\u00f3n con la ciudadan\u00eda; y todas aquellas iniciativas sostenibles que reconozcan y fomenten la cultura como eje y motor de desarrollo.<\/span><\/p>\n<p style=\"text-align: justify;\"><span style=\"font-weight: 400;\">Las organizaciones culturales que desean ser parte de<\/span>\u00a0Puntos de Cultura hacen su <a href=\"https:\/\/www.puntosdecultura.pe\/registro\/\">registro <\/a>y presentan al Ministerio de Cultura informaci\u00f3n sobre su trayectoria. Una vez evaluada, son reconocidas oficialmente, lo que les permite acceder a una serie de oportunidades de formaci\u00f3n, financiamiento parcial de proyectos, visibilizaci\u00f3n de su trabajo, intercambios, asesor\u00eda legal, entre otras. Por su parte, las organizaciones se comprometen a participar activamente de los espacios de consulta, intercambio, rendici\u00f3n de cuentas e informes que la gesti\u00f3n de Puntos de Cultura demanda.<\/p>\n<p>&nbsp;<\/p>\n<p><span style=\"font-weight: 400;\">Sepa m\u00e1s: <\/span><a href=\"https:\/\/www.puntosdecultura.pe\"><span style=\"font-weight: 400;\">www.puntosdecultura.pe<\/span><\/a><\/p>\n<p>&nbsp;<\/p>\n<p><a href=\"https:\/\/puntosdecultura.pe\/sites\/default\/files\/Unidos%20somos%20semilla%20-%20Memoria%20Institucional%20de%20Puntos%20de%20Cultura%202011-2016%20final.pdf\"><span style=\"font-weight: 400;\">\u201cUnidos somos semilla\u201d \u2013 Inclusi\u00f3n y ciudadan\u00eda desde el arte y la cultura (Memoria institucional de Puntos de Cultura 2011-2015)<\/span><\/a><\/p>\n<p>&nbsp;<\/p>\n","protected":false},"excerpt":{"rendered":"<p>El II Encuentro Nacional de Puntos de Cultura de Per\u00fa tendr\u00e1 lugar este fin de semana en Lima. M\u00e1s de 200 organizaciones deben participar de las actividades en la sede [&hellip;]<\/p>\n","protected":false},"author":2,"featured_media":19343,"comment_status":"closed","ping_status":"closed","sticky":false,"template":"","format":"standard","meta":{"_coblocks_attr":"","_coblocks_dimensions":"","_coblocks_responsive_height":"","_coblocks_accordion_ie_support":"","_EventAllDay":false,"_EventTimezone":"","_EventStartDate":"","_EventEndDate":"","_EventStartDateUTC":"","_EventEndDateUTC":"","_EventShowMap":false,"_EventShowMapLink":false,"_EventURL":"","_EventCost":"","_EventCostDescription":"","_EventCurrencySymbol":"","_EventCurrencyCode":"","_EventCurrencyPosition":"","_EventDateTimeSeparator":"","_EventTimeRangeSeparator":"","_EventOrganizerID":[],"_EventVenueID":[],"_OrganizerEmail":"","_OrganizerPhone":"","_OrganizerWebsite":"","_VenueAddress":"","_VenueCity":"","_VenueCountry":"","_VenueProvince":"","_VenueState":"","_VenueZip":"","_VenuePhone":"","_VenueURL":"","_VenueStateProvince":"","_VenueLat":"","_VenueLng":"","_VenueShowMap":false,"_VenueShowMapLink":false,"footnotes":""},"categories":[262],"tags":[],"country-municipality":[],"class_list":["post-16265","post","type-post","status-publish","format-standard","has-post-thumbnail","hentry","category-noticias-es"],"yoast_head":"<!-- This site is optimized with the Yoast SEO plugin v25.7 - https:\/\/yoast.com\/wordpress\/plugins\/seo\/ -->\n<title>Empieza este viernes el II Encuentro Nacional de Puntos de Cultura de Per\u00fa - IberCultura Viva<\/title>\n<meta name=\"description\" content=\"Empieza este viernes el II Encuentro Nacional de Puntos de Cultura de Per\u00fa - IberCultura Viva\" \/>\n<meta name=\"robots\" content=\"index, follow, max-snippet:-1, max-image-preview:large, max-video-preview:-1\" \/>\n<link rel=\"canonical\" href=\"https:\/\/iberculturaviva.org\/es\/empieza-este-viernes-el-ii-encuentro-nacional-de-puntos-de-cultura-de-peru\/\" \/>\n<meta property=\"og:locale\" content=\"es_ES\" \/>\n<meta property=\"og:type\" content=\"article\" \/>\n<meta property=\"og:title\" content=\"Empieza este viernes el II Encuentro Nacional de Puntos de Cultura de Per\u00fa - IberCultura Viva\" \/>\n<meta property=\"og:description\" content=\"Empieza este viernes el II Encuentro Nacional de Puntos de Cultura de Per\u00fa - IberCultura Viva\" \/>\n<meta property=\"og:url\" content=\"https:\/\/iberculturaviva.org\/es\/empieza-este-viernes-el-ii-encuentro-nacional-de-puntos-de-cultura-de-peru\/\" \/>\n<meta property=\"og:site_name\" content=\"IberCultura Viva\" \/>\n<meta property=\"article:publisher\" content=\"https:\/\/www.facebook.com\/iberculturaviva\/\" \/>\n<meta property=\"article:published_time\" content=\"2017-10-12T18:05:50+00:00\" \/>\n<meta property=\"article:modified_time\" content=\"2021-01-12T16:58:23+00:00\" \/>\n<meta property=\"og:image\" content=\"https:\/\/iberculturaviva.org\/wp-content\/uploads\/2017\/10\/peru-cuzco.png\" \/>\n\t<meta property=\"og:image:width\" content=\"996\" \/>\n\t<meta property=\"og:image:height\" content=\"642\" \/>\n\t<meta property=\"og:image:type\" content=\"image\/png\" \/>\n<meta name=\"author\" content=\"IberCultura\" \/>\n<meta name=\"twitter:card\" content=\"summary_large_image\" \/>\n<meta name=\"twitter:label1\" content=\"Escrito por\" \/>\n\t<meta name=\"twitter:data1\" content=\"IberCultura\" \/>\n\t<meta name=\"twitter:label2\" content=\"Tiempo de lectura\" \/>\n\t<meta name=\"twitter:data2\" content=\"5 minutos\" \/>\n<script type=\"application\/ld+json\" class=\"yoast-schema-graph\">{\"@context\":\"https:\/\/schema.org\",\"@graph\":[{\"@type\":\"Article\",\"@id\":\"https:\/\/iberculturaviva.org\/es\/empieza-este-viernes-el-ii-encuentro-nacional-de-puntos-de-cultura-de-peru\/#article\",\"isPartOf\":{\"@id\":\"https:\/\/iberculturaviva.org\/es\/empieza-este-viernes-el-ii-encuentro-nacional-de-puntos-de-cultura-de-peru\/\"},\"author\":{\"name\":\"IberCultura\",\"@id\":\"https:\/\/iberculturaviva.org\/es\/?lang=es\/#\/schema\/person\/5d1313b072cc25536e0431522f740b59\"},\"headline\":\"Empieza este viernes el II Encuentro Nacional de Puntos de Cultura de Per\u00fa\",\"datePublished\":\"2017-10-12T18:05:50+00:00\",\"dateModified\":\"2021-01-12T16:58:23+00:00\",\"mainEntityOfPage\":{\"@id\":\"https:\/\/iberculturaviva.org\/es\/empieza-este-viernes-el-ii-encuentro-nacional-de-puntos-de-cultura-de-peru\/\"},\"wordCount\":961,\"publisher\":{\"@id\":\"https:\/\/iberculturaviva.org\/es\/?lang=es\/#organization\"},\"image\":{\"@id\":\"https:\/\/iberculturaviva.org\/es\/empieza-este-viernes-el-ii-encuentro-nacional-de-puntos-de-cultura-de-peru\/#primaryimage\"},\"thumbnailUrl\":\"https:\/\/iberculturaviva.org\/wp-content\/uploads\/2017\/10\/peru-cuzco.png\",\"articleSection\":[\"Noticias\"],\"inLanguage\":\"es\"},{\"@type\":\"WebPage\",\"@id\":\"https:\/\/iberculturaviva.org\/es\/empieza-este-viernes-el-ii-encuentro-nacional-de-puntos-de-cultura-de-peru\/\",\"url\":\"https:\/\/iberculturaviva.org\/es\/empieza-este-viernes-el-ii-encuentro-nacional-de-puntos-de-cultura-de-peru\/\",\"name\":\"Empieza este viernes el II Encuentro Nacional de Puntos de Cultura de Per\u00fa - IberCultura Viva\",\"isPartOf\":{\"@id\":\"https:\/\/iberculturaviva.org\/es\/?lang=es\/#website\"},\"primaryImageOfPage\":{\"@id\":\"https:\/\/iberculturaviva.org\/es\/empieza-este-viernes-el-ii-encuentro-nacional-de-puntos-de-cultura-de-peru\/#primaryimage\"},\"image\":{\"@id\":\"https:\/\/iberculturaviva.org\/es\/empieza-este-viernes-el-ii-encuentro-nacional-de-puntos-de-cultura-de-peru\/#primaryimage\"},\"thumbnailUrl\":\"https:\/\/iberculturaviva.org\/wp-content\/uploads\/2017\/10\/peru-cuzco.png\",\"datePublished\":\"2017-10-12T18:05:50+00:00\",\"dateModified\":\"2021-01-12T16:58:23+00:00\",\"description\":\"Empieza este viernes el II Encuentro Nacional de Puntos de Cultura de Per\u00fa - IberCultura Viva\",\"breadcrumb\":{\"@id\":\"https:\/\/iberculturaviva.org\/es\/empieza-este-viernes-el-ii-encuentro-nacional-de-puntos-de-cultura-de-peru\/#breadcrumb\"},\"inLanguage\":\"es\",\"potentialAction\":[{\"@type\":\"ReadAction\",\"target\":[\"https:\/\/iberculturaviva.org\/es\/empieza-este-viernes-el-ii-encuentro-nacional-de-puntos-de-cultura-de-peru\/\"]}]},{\"@type\":\"ImageObject\",\"inLanguage\":\"es\",\"@id\":\"https:\/\/iberculturaviva.org\/es\/empieza-este-viernes-el-ii-encuentro-nacional-de-puntos-de-cultura-de-peru\/#primaryimage\",\"url\":\"https:\/\/iberculturaviva.org\/wp-content\/uploads\/2017\/10\/peru-cuzco.png\",\"contentUrl\":\"https:\/\/iberculturaviva.org\/wp-content\/uploads\/2017\/10\/peru-cuzco.png\",\"width\":996,\"height\":642},{\"@type\":\"BreadcrumbList\",\"@id\":\"https:\/\/iberculturaviva.org\/es\/empieza-este-viernes-el-ii-encuentro-nacional-de-puntos-de-cultura-de-peru\/#breadcrumb\",\"itemListElement\":[{\"@type\":\"ListItem\",\"position\":1,\"name\":\"In\u00edcio\",\"item\":\"https:\/\/iberculturaviva.org\/es\/inicio\/\"},{\"@type\":\"ListItem\",\"position\":2,\"name\":\"Empieza este viernes el II Encuentro Nacional de Puntos de Cultura de Per\u00fa\"}]},{\"@type\":\"WebSite\",\"@id\":\"https:\/\/iberculturaviva.org\/es\/?lang=es\/#website\",\"url\":\"https:\/\/iberculturaviva.org\/es\/?lang=es\/\",\"name\":\"IberCultura Viva\",\"description\":\"Programa de cooperaci\u00f3n cultural\",\"publisher\":{\"@id\":\"https:\/\/iberculturaviva.org\/es\/?lang=es\/#organization\"},\"potentialAction\":[{\"@type\":\"SearchAction\",\"target\":{\"@type\":\"EntryPoint\",\"urlTemplate\":\"https:\/\/iberculturaviva.org\/es\/?lang=es\/?s={search_term_string}\"},\"query-input\":{\"@type\":\"PropertyValueSpecification\",\"valueRequired\":true,\"valueName\":\"search_term_string\"}}],\"inLanguage\":\"es\"},{\"@type\":\"Organization\",\"@id\":\"https:\/\/iberculturaviva.org\/es\/?lang=es\/#organization\",\"name\":\"Iberculturaviva\",\"url\":\"https:\/\/iberculturaviva.org\/es\/?lang=es\/\",\"logo\":{\"@type\":\"ImageObject\",\"inLanguage\":\"es\",\"@id\":\"https:\/\/iberculturaviva.org\/es\/?lang=es\/#\/schema\/logo\/image\/\",\"url\":\"https:\/\/iberculturaviva.org\/wp-content\/uploads\/2021\/08\/logo_ibercultura_viva.jpg\",\"contentUrl\":\"https:\/\/iberculturaviva.org\/wp-content\/uploads\/2021\/08\/logo_ibercultura_viva.jpg\",\"width\":708,\"height\":223,\"caption\":\"Iberculturaviva\"},\"image\":{\"@id\":\"https:\/\/iberculturaviva.org\/es\/?lang=es\/#\/schema\/logo\/image\/\"},\"sameAs\":[\"https:\/\/www.facebook.com\/iberculturaviva\/\",\"https:\/\/www.instagram.com\/iberculturaviva\/\",\"https:\/\/www.youtube.com\/iberculturaviva\"]},{\"@type\":\"Person\",\"@id\":\"https:\/\/iberculturaviva.org\/es\/?lang=es\/#\/schema\/person\/5d1313b072cc25536e0431522f740b59\",\"name\":\"IberCultura\",\"image\":{\"@type\":\"ImageObject\",\"inLanguage\":\"es\",\"@id\":\"https:\/\/iberculturaviva.org\/es\/?lang=es\/#\/schema\/person\/image\/\",\"url\":\"https:\/\/secure.gravatar.com\/avatar\/79f1a057cb125cbefb3765d0356d52fc7f3bba3a35e2cf22bc4de090bb7aef70?s=96&d=mm&r=g\",\"contentUrl\":\"https:\/\/secure.gravatar.com\/avatar\/79f1a057cb125cbefb3765d0356d52fc7f3bba3a35e2cf22bc4de090bb7aef70?s=96&d=mm&r=g\",\"caption\":\"IberCultura\"}}]}<\/script>\n<!-- \/ Yoast SEO plugin. -->","yoast_head_json":{"title":"Empieza este viernes el II Encuentro Nacional de Puntos de Cultura de Per\u00fa - IberCultura Viva","description":"Empieza este viernes el II Encuentro Nacional de Puntos de Cultura de Per\u00fa - IberCultura Viva","robots":{"index":"index","follow":"follow","max-snippet":"max-snippet:-1","max-image-preview":"max-image-preview:large","max-video-preview":"max-video-preview:-1"},"canonical":"https:\/\/iberculturaviva.org\/es\/empieza-este-viernes-el-ii-encuentro-nacional-de-puntos-de-cultura-de-peru\/","og_locale":"es_ES","og_type":"article","og_title":"Empieza este viernes el II Encuentro Nacional de Puntos de Cultura de Per\u00fa - IberCultura Viva","og_description":"Empieza este viernes el II Encuentro Nacional de Puntos de Cultura de Per\u00fa - IberCultura Viva","og_url":"https:\/\/iberculturaviva.org\/es\/empieza-este-viernes-el-ii-encuentro-nacional-de-puntos-de-cultura-de-peru\/","og_site_name":"IberCultura Viva","article_publisher":"https:\/\/www.facebook.com\/iberculturaviva\/","article_published_time":"2017-10-12T18:05:50+00:00","article_modified_time":"2021-01-12T16:58:23+00:00","og_image":[{"width":996,"height":642,"url":"https:\/\/iberculturaviva.org\/wp-content\/uploads\/2017\/10\/peru-cuzco.png","type":"image\/png"}],"author":"IberCultura","twitter_card":"summary_large_image","twitter_misc":{"Escrito por":"IberCultura","Tiempo de lectura":"5 minutos"},"schema":{"@context":"https:\/\/schema.org","@graph":[{"@type":"Article","@id":"https:\/\/iberculturaviva.org\/es\/empieza-este-viernes-el-ii-encuentro-nacional-de-puntos-de-cultura-de-peru\/#article","isPartOf":{"@id":"https:\/\/iberculturaviva.org\/es\/empieza-este-viernes-el-ii-encuentro-nacional-de-puntos-de-cultura-de-peru\/"},"author":{"name":"IberCultura","@id":"https:\/\/iberculturaviva.org\/es\/?lang=es\/#\/schema\/person\/5d1313b072cc25536e0431522f740b59"},"headline":"Empieza este viernes el II Encuentro Nacional de Puntos de Cultura de Per\u00fa","datePublished":"2017-10-12T18:05:50+00:00","dateModified":"2021-01-12T16:58:23+00:00","mainEntityOfPage":{"@id":"https:\/\/iberculturaviva.org\/es\/empieza-este-viernes-el-ii-encuentro-nacional-de-puntos-de-cultura-de-peru\/"},"wordCount":961,"publisher":{"@id":"https:\/\/iberculturaviva.org\/es\/?lang=es\/#organization"},"image":{"@id":"https:\/\/iberculturaviva.org\/es\/empieza-este-viernes-el-ii-encuentro-nacional-de-puntos-de-cultura-de-peru\/#primaryimage"},"thumbnailUrl":"https:\/\/iberculturaviva.org\/wp-content\/uploads\/2017\/10\/peru-cuzco.png","articleSection":["Noticias"],"inLanguage":"es"},{"@type":"WebPage","@id":"https:\/\/iberculturaviva.org\/es\/empieza-este-viernes-el-ii-encuentro-nacional-de-puntos-de-cultura-de-peru\/","url":"https:\/\/iberculturaviva.org\/es\/empieza-este-viernes-el-ii-encuentro-nacional-de-puntos-de-cultura-de-peru\/","name":"Empieza este viernes el II Encuentro Nacional de Puntos de Cultura de Per\u00fa - IberCultura Viva","isPartOf":{"@id":"https:\/\/iberculturaviva.org\/es\/?lang=es\/#website"},"primaryImageOfPage":{"@id":"https:\/\/iberculturaviva.org\/es\/empieza-este-viernes-el-ii-encuentro-nacional-de-puntos-de-cultura-de-peru\/#primaryimage"},"image":{"@id":"https:\/\/iberculturaviva.org\/es\/empieza-este-viernes-el-ii-encuentro-nacional-de-puntos-de-cultura-de-peru\/#primaryimage"},"thumbnailUrl":"https:\/\/iberculturaviva.org\/wp-content\/uploads\/2017\/10\/peru-cuzco.png","datePublished":"2017-10-12T18:05:50+00:00","dateModified":"2021-01-12T16:58:23+00:00","description":"Empieza este viernes el II Encuentro Nacional de Puntos de Cultura de Per\u00fa - IberCultura Viva","breadcrumb":{"@id":"https:\/\/iberculturaviva.org\/es\/empieza-este-viernes-el-ii-encuentro-nacional-de-puntos-de-cultura-de-peru\/#breadcrumb"},"inLanguage":"es","potentialAction":[{"@type":"ReadAction","target":["https:\/\/iberculturaviva.org\/es\/empieza-este-viernes-el-ii-encuentro-nacional-de-puntos-de-cultura-de-peru\/"]}]},{"@type":"ImageObject","inLanguage":"es","@id":"https:\/\/iberculturaviva.org\/es\/empieza-este-viernes-el-ii-encuentro-nacional-de-puntos-de-cultura-de-peru\/#primaryimage","url":"https:\/\/iberculturaviva.org\/wp-content\/uploads\/2017\/10\/peru-cuzco.png","contentUrl":"https:\/\/iberculturaviva.org\/wp-content\/uploads\/2017\/10\/peru-cuzco.png","width":996,"height":642},{"@type":"BreadcrumbList","@id":"https:\/\/iberculturaviva.org\/es\/empieza-este-viernes-el-ii-encuentro-nacional-de-puntos-de-cultura-de-peru\/#breadcrumb","itemListElement":[{"@type":"ListItem","position":1,"name":"In\u00edcio","item":"https:\/\/iberculturaviva.org\/es\/inicio\/"},{"@type":"ListItem","position":2,"name":"Empieza este viernes el II Encuentro Nacional de Puntos de Cultura de Per\u00fa"}]},{"@type":"WebSite","@id":"https:\/\/iberculturaviva.org\/es\/?lang=es\/#website","url":"https:\/\/iberculturaviva.org\/es\/?lang=es\/","name":"IberCultura Viva","description":"Programa de cooperaci\u00f3n cultural","publisher":{"@id":"https:\/\/iberculturaviva.org\/es\/?lang=es\/#organization"},"potentialAction":[{"@type":"SearchAction","target":{"@type":"EntryPoint","urlTemplate":"https:\/\/iberculturaviva.org\/es\/?lang=es\/?s={search_term_string}"},"query-input":{"@type":"PropertyValueSpecification","valueRequired":true,"valueName":"search_term_string"}}],"inLanguage":"es"},{"@type":"Organization","@id":"https:\/\/iberculturaviva.org\/es\/?lang=es\/#organization","name":"Iberculturaviva","url":"https:\/\/iberculturaviva.org\/es\/?lang=es\/","logo":{"@type":"ImageObject","inLanguage":"es","@id":"https:\/\/iberculturaviva.org\/es\/?lang=es\/#\/schema\/logo\/image\/","url":"https:\/\/iberculturaviva.org\/wp-content\/uploads\/2021\/08\/logo_ibercultura_viva.jpg","contentUrl":"https:\/\/iberculturaviva.org\/wp-content\/uploads\/2021\/08\/logo_ibercultura_viva.jpg","width":708,"height":223,"caption":"Iberculturaviva"},"image":{"@id":"https:\/\/iberculturaviva.org\/es\/?lang=es\/#\/schema\/logo\/image\/"},"sameAs":["https:\/\/www.facebook.com\/iberculturaviva\/","https:\/\/www.instagram.com\/iberculturaviva\/","https:\/\/www.youtube.com\/iberculturaviva"]},{"@type":"Person","@id":"https:\/\/iberculturaviva.org\/es\/?lang=es\/#\/schema\/person\/5d1313b072cc25536e0431522f740b59","name":"IberCultura","image":{"@type":"ImageObject","inLanguage":"es","@id":"https:\/\/iberculturaviva.org\/es\/?lang=es\/#\/schema\/person\/image\/","url":"https:\/\/secure.gravatar.com\/avatar\/79f1a057cb125cbefb3765d0356d52fc7f3bba3a35e2cf22bc4de090bb7aef70?s=96&d=mm&r=g","contentUrl":"https:\/\/secure.gravatar.com\/avatar\/79f1a057cb125cbefb3765d0356d52fc7f3bba3a35e2cf22bc4de090bb7aef70?s=96&d=mm&r=g","caption":"IberCultura"}}]}},"main_category":{"link":"https:\/\/iberculturaviva.org\/es\/category\/noticias-es\/","name":"Noticias","slug":"noticias-es"},"_links":{"self":[{"href":"https:\/\/iberculturaviva.org\/es\/wp-json\/wp\/v2\/posts\/16265","targetHints":{"allow":["GET"]}}],"collection":[{"href":"https:\/\/iberculturaviva.org\/es\/wp-json\/wp\/v2\/posts"}],"about":[{"href":"https:\/\/iberculturaviva.org\/es\/wp-json\/wp\/v2\/types\/post"}],"author":[{"embeddable":true,"href":"https:\/\/iberculturaviva.org\/es\/wp-json\/wp\/v2\/users\/2"}],"replies":[{"embeddable":true,"href":"https:\/\/iberculturaviva.org\/es\/wp-json\/wp\/v2\/comments?post=16265"}],"version-history":[{"count":1,"href":"https:\/\/iberculturaviva.org\/es\/wp-json\/wp\/v2\/posts\/16265\/revisions"}],"predecessor-version":[{"id":22734,"href":"https:\/\/iberculturaviva.org\/es\/wp-json\/wp\/v2\/posts\/16265\/revisions\/22734"}],"wp:featuredmedia":[{"embeddable":true,"href":"https:\/\/iberculturaviva.org\/es\/wp-json\/wp\/v2\/media\/19343"}],"wp:attachment":[{"href":"https:\/\/iberculturaviva.org\/es\/wp-json\/wp\/v2\/media?parent=16265"}],"wp:term":[{"taxonomy":"category","embeddable":true,"href":"https:\/\/iberculturaviva.org\/es\/wp-json\/wp\/v2\/categories?post=16265"},{"taxonomy":"post_tag","embeddable":true,"href":"https:\/\/iberculturaviva.org\/es\/wp-json\/wp\/v2\/tags?post=16265"},{"taxonomy":"country-municipality","embeddable":true,"href":"https:\/\/iberculturaviva.org\/es\/wp-json\/wp\/v2\/country-municipality?post=16265"}],"curies":[{"name":"wp","href":"https:\/\/api.w.org\/{rel}","templated":true}]}}