{"id":16255,"date":"2017-09-26T15:16:24","date_gmt":"2017-09-26T18:16:24","guid":{"rendered":"https:\/\/iberculturaviva.org\/costa-rica-anuncia-los-proyectos-seleccionados-en-la-3a-convocatoria-de-puntos-de-cultura\/"},"modified":"2021-01-12T13:58:58","modified_gmt":"2021-01-12T16:58:58","slug":"costa-rica-anuncia-los-proyectos-seleccionados-en-la-3a-convocatoria-de-puntos-de-cultura","status":"publish","type":"post","link":"https:\/\/iberculturaviva.org\/es\/costa-rica-anuncia-los-proyectos-seleccionados-en-la-3a-convocatoria-de-puntos-de-cultura\/","title":{"rendered":"Costa Rica anuncia los proyectos seleccionados en la 3\u00aa convocatoria de Puntos de Cultura"},"content":{"rendered":"<h4 style=\"text-align: justify;\"><b>Texto y fotos: Comunicaci\u00f3n Direcci\u00f3n de Cultura MCJ-CR<\/b><\/h4>\n<p style=\"text-align: justify;\">Intercambios de saberes, salvaguarda del entorno natural y cultural, festivales comunitarios, arte en comunidades vulnerables, apropiaci\u00f3n de espacios p\u00fablicos en el centro de San Jos\u00e9, e incluso un intercambio entre pueblos originarios del sur de Costa Rica y Panam\u00e1, forman parte de los 21 proyectos seleccionados por el fondo concursable \u201cPuntos de Cultura\u201d en su tercera edici\u00f3n, los cuales se empezar\u00e1n a ejecutar desde noviembre de este a\u00f1o, y hasta finales del 2018.<\/p>\n<p style=\"text-align: justify;\">El fondo, administrado por la Direcci\u00f3n de Cultura del Ministerio de Cultura y Juventud, es un programa de est\u00edmulos y sinergias orientado al fortalecimiento de las organizaciones, redes, iniciativas colectivas y espacios socioculturales vinculados con la promoci\u00f3n de la diversidad cultural, la econom\u00eda social solidaria y la salvaguarda del patrimonio cultural y natural.<\/p>\n<p><a href=\"https:\/\/iberculturaviva.org\/wp-content\/uploads\/2017\/09\/Anuncio-Puntos-Cultura-2-17-18-e1506450788860.jpg\"><img loading=\"lazy\" decoding=\"async\" class=\"aligncenter size-large wp-image-7632\" src=\"https:\/\/iberculturaviva.org\/wp-content\/uploads\/2017\/09\/Anuncio-Puntos-Cultura-2-17-18-960x569.jpg\" alt=\"\" width=\"640\" height=\"379\" \/><\/a><\/p>\n<p style=\"text-align: justify;\">\u201cPara mi organizaci\u00f3n estar seleccionada como Punto de Cultura es una forma de hacer democracia, es una forma de empoderar a las mujeres, es un respaldo a todo ese esfuerzo cultural que las mujeres rurales hemos venido haciendo toda la vida\u201d, se\u00f1al\u00f3 Matilde G\u00f3mez, representante de la Red Sancarle\u00f1a de Mujeres Rurales.<\/p>\n<p style=\"text-align: justify;\">La tercera edici\u00f3n de este fondo concursable recibi\u00f3 43 propuestas de proyectos, de los cuales se seleccionaron 21 como ganadores, estos recibir\u00e1n el fondo para ser ejecutado durante el per\u00edodo 2017 &#8211; 2018.<\/p>\n<p style=\"text-align: justify;\">Las organizaciones socioculturales seleccionadas recibir\u00e1n hasta un m\u00e1ximo de 10 millones de colones (alrededor de 17.000 d\u00f3lares), seg\u00fan las necesidades y presupuestos establecidos en los proyectos. En total, se entregar\u00e1n 190,5 millones de colones (cerca de 330.000 d\u00f3lares) distribuidos entre los 21 proyectos.<\/p>\n<p style=\"text-align: justify;\"><a href=\"https:\/\/iberculturaviva.org\/wp-content\/uploads\/2017\/09\/Puntos-de-Cultura-3.17-18-e1506450521795.jpg\"><img loading=\"lazy\" decoding=\"async\" class=\" wp-image-7629 alignright\" src=\"https:\/\/iberculturaviva.org\/wp-content\/uploads\/2017\/09\/Puntos-de-Cultura-3.17-18-960x1290.jpg\" alt=\"\" width=\"268\" height=\"360\" \/><\/a>Los proyectos ganadores est\u00e1n distribuidos en las categor\u00edas de:<\/p>\n<ul>\n<li>Cultura para el Buen Vivir: 7 proyectos<\/li>\n<\/ul>\n<ul>\n<li>Medios y Propuestas de Comunicaci\u00f3n Comunitaria: 1 proyecto<\/li>\n<\/ul>\n<ul>\n<li>Arte para la Transformaci\u00f3n Social: 8 proyectos<\/li>\n<\/ul>\n<ul>\n<li>Fortalecimiento Organizacional: 5 proyectos<\/li>\n<\/ul>\n<p style=\"text-align: justify;\">La ejecuci\u00f3n de estos proyectos \u00a0seleccionados representar\u00e1 un beneficio a gran variedad de comunidades de San Jos\u00e9 (5), Heredia (2), Lim\u00f3n (1), Zona Sur (2), Nacional (1), Zona Norte (4), Puntarenas (3), Cartago (1) y Guanacaste (2).<\/p>\n<p style=\"text-align: justify;\">Uno de las grandes apuestas de esta edici\u00f3n es el proyecto de la Asociaci\u00f3n de Artistas y Creadores de Monteverde, cuyo objetivo consiste en desarrollar en los grupos e iniciativas culturales existentes en Monteverde capacidades de planificaci\u00f3n, gesti\u00f3n cultural e integraci\u00f3n de esfuerzos, con el fin de contribuir en la integraci\u00f3n de una comunidad con alta diversidad y riqueza de expresi\u00f3n art\u00edstica.<\/p>\n<p><a href=\"https:\/\/iberculturaviva.org\/wp-content\/uploads\/2017\/09\/Anuncio-Puntos-Cultura17-18-1-e1506450311915.jpg\"><img loading=\"lazy\" decoding=\"async\" class=\"aligncenter size-large wp-image-7627\" src=\"https:\/\/iberculturaviva.org\/wp-content\/uploads\/2017\/09\/Anuncio-Puntos-Cultura17-18-1-960x538.jpg\" alt=\"\" width=\"640\" height=\"359\" \/><\/a><\/p>\n<p style=\"text-align: justify;\">\u201cPuntos de Cultura cree que la mejor manera de propiciar la vitalidad de los procesos culturales comunitarios es apostando por esas iniciativas y proyectos que exist\u00edan desde antes, desarrollados por grupos, redes, y distintos tipos de organizaciones socioculturales. Es en esa fuerza viva que nace la posibilidad de la transformaci\u00f3n cultural y el cuido de la convivencia, la identidad y el ambiente. \u00a0Adem\u00e1s, Puntos refuerza los derechos culturales al reconocer el protagonismo de la participaci\u00f3n civil.\u201d, se\u00f1ala Fresia Camacho, Directora de Cultura del MCJ.<\/p>\n<p style=\"text-align: justify;\">La escogencia de los proyectos fue realizada por la Comisi\u00f3n Seleccionadora compuesta por representantes de la Direcci\u00f3n de Cultura del MCJ, universidades p\u00fablicas y organizaciones culturales inscritas en el SiCultura (Sistema de Informaci\u00f3n Cultural del MCJ).<\/p>\n<h4><strong><span style=\"text-decoration: underline;\">Proyectos seleccionados<\/span><\/strong><\/h4>\n<ol>\n<li>\u00a0\u00a0\u00a0<strong>Asociaci\u00f3n Cultural de Gu\u00e1cimo Respirarte<\/strong>, con su proyecto: \u201c<b>Desde la ra\u00edz articulando arte y comunidad<\/b>\u201d, en la provincia de Lim\u00f3n.<\/li>\n<li>\u00a0\u00a0\u00a0<strong>Asociaci\u00f3n Para el Desarrollo Empresarial para las Mujeres de Acosta<\/strong>, con su proyecto: \u201c<b>Creando espacios socioeducativos y culturales en la casa de la mujer de Acosta\u201d<\/b>, en la provincia de San Jos\u00e9.<\/li>\n<li>\u00a0\u00a0\u00a0<strong>Asociaci\u00f3n de Desarrollo Integral San Jer\u00f3nimo de Esparza<\/strong>, con su proyecto: <b>\u201cSemillas Art\u00edsticas Esparzanas\u201d<\/b>, en la provincia de Puntarenas.<\/li>\n<li>\u00a0\u00a0\u00a0<strong>Liceo Ambientalista <\/strong>, con su proyecto: \u00a0<b>\u201cAula a cielo abierto para el desarrollo de una cultura ambiental\u201d,<\/b> en el cant\u00f3n de Sarapiqu\u00ed de la provincia de Heredia.<\/li>\n<li>\u00a0\u00a0\u00a0<strong>Guanared<\/strong>, con su proyecto: \u201c<b>El telar en movimiento\u201d<\/b>. Un proyecto de alcance nacional.<\/li>\n<li>\u00a0\u00a0\u00a0<strong>FECON (Federaci\u00f3n Costarricense para la Conservaci\u00f3n del ambiente)<\/strong>, con su proyecto: <b>\u201cCultura, \u00e1rboles, semillas\u201d<\/b> en la Zona Norte.<\/li>\n<li>\u00a0\u00a0\u00a0<strong>World Vision Costa Rica<\/strong>, con su proyecto: <b>\u201cPazarte: Transferencia de la cultura de paz entre j\u00f3venes utilizando la comunicaci\u00f3n y el arte como veh\u00edculos de promoci\u00f3n social\u201d<\/b> en la Zona Norte.<\/li>\n<li><strong> Asociaci\u00f3n Administradora del Acueducto Rural de Po\u00e1s y Barrio Coraz\u00f3n de Jes\u00fas, Aserr\u00ed<\/strong>, con su proyecto: <b>\u201cRecreos Pasados por Agua II edici\u00f3n 2018\u201d <\/b>en San Jos\u00e9.<\/li>\n<li><strong> ADEPA<\/strong>, con su proyecto: <b>\u201cSanto Domingo Cultural\u201d<\/b> en Heredia.<\/li>\n<li>\u00a0<strong>Pausa Urbana<\/strong>, con su proyecto<b>: \u201cLa noche vive la plaza\u201d<\/b> en San Jos\u00e9.<\/li>\n<li>\u00a0<strong>ARS Monteverde<\/strong>, con su proyecto: <b>\u201cTejiendo Cultura en Monteverde\u201d<\/b> en Puntarenas.<\/li>\n<li>\u00a0 <strong>Asociaci\u00f3n Renuevos<\/strong>, con su proyecto: \u00a0\u00a0\u00a0<b>\u201cGenerando procesos de autoencuentro y autoconocimiento para los ni\u00f1os, ni\u00f1as y j\u00f3venes de la Carpio\u201d,<\/b> en San Jos\u00e9.<\/li>\n<li>\u00a0<strong>Asociaci\u00f3n Patri\u00f3tica Espec\u00edfica de Purral<\/strong>, con su proyecto: <b>\u201cFortalecimiento de la Casa de La Cultura Purral APEP II Etapa\u201d<\/b> en San Jos\u00e9.<\/li>\n<li>\u00a0<strong>Asociaci\u00f3n C\u00e1mara de Turismo R\u00edo Zapote<\/strong>, con su proyecto: \u00a0<b>\u201cFiesta Cultural Upala Casa Grande\u201d<\/b> en la Zona Norte.<\/li>\n<li>\u00a0<strong>FUNLEER<\/strong>, con su proyecto: <b>\u201cVerde que te quiero verde\u201d<\/b> en Cartago.<\/li>\n<li>\u00a0<strong>Asociaci\u00f3n de desarrollo para la inclusi\u00f3n social y vida independiente de las personas con discapacidad del Cant\u00f3n de Coto Brus, Puntarenas<\/strong>, con su proyecto: <b>\u201cLa discapacidad en vuelo\u201d<\/b> en la Zona Sur.<\/li>\n<li>\u00a0<strong>Asociaci\u00f3n de Desarrollo Especifica de Cultura Popular de Playas del Coco<\/strong>, con su proyecto: <b>\u201cEl Coco, Construyendo Cultura\u201d<\/b> en Guanacaste.<\/li>\n<li>\u00a0<strong>Asociaci\u00f3n Red Sancarle\u00f1a de Mujeres Rurales<\/strong>, con su proyecto: <b>\u201cSantuario de Semillas como la Gastronom\u00eda Rural\u201d<\/b> de la Zona Norte.<\/li>\n<li>\u00a0<strong>Mujeres Mano de Tigre, Orcuo Dob\u00f6n<\/strong>, con su proyecto: <b>\u201cFortalecimiento de la Cultura T\u00e9rraba\u201d<\/b> en la Zona Sur.<\/li>\n<li>\u00a0<strong>La voz de Guanacaste<\/strong>, con su proyecto: \u201c<b>Cine en mi Barrio\u201d <\/b>en Guanacaste.<\/li>\n<li>\u00a0<strong>Asociaci\u00f3n de Desarrollo Integral Isla de Chira<\/strong>, con su proyecto: <b>\u201cAula Cultural e Interactiva Isla de Chira\u201d<\/b> en Puntarenas.<\/li>\n<\/ol>\n<p>M\u00e1s informaci\u00f3n: <a href=\"mailto:puntos@dircultura.go.cr\"><b>puntos@dircultura.go.cr<\/b><\/a><\/p>\n","protected":false},"excerpt":{"rendered":"<p>Texto y fotos: Comunicaci\u00f3n Direcci\u00f3n de Cultura MCJ-CR Intercambios de saberes, salvaguarda del entorno natural y cultural, festivales comunitarios, arte en comunidades vulnerables, apropiaci\u00f3n de espacios p\u00fablicos en el centro [&hellip;]<\/p>\n","protected":false},"author":2,"featured_media":19284,"comment_status":"closed","ping_status":"closed","sticky":false,"template":"","format":"standard","meta":{"_coblocks_attr":"","_coblocks_dimensions":"","_coblocks_responsive_height":"","_coblocks_accordion_ie_support":"","_EventAllDay":false,"_EventTimezone":"","_EventStartDate":"","_EventEndDate":"","_EventStartDateUTC":"","_EventEndDateUTC":"","_EventShowMap":false,"_EventShowMapLink":false,"_EventURL":"","_EventCost":"","_EventCostDescription":"","_EventCurrencySymbol":"","_EventCurrencyCode":"","_EventCurrencyPosition":"","_EventDateTimeSeparator":"","_EventTimeRangeSeparator":"","_EventOrganizerID":[],"_EventVenueID":[],"_OrganizerEmail":"","_OrganizerPhone":"","_OrganizerWebsite":"","_VenueAddress":"","_VenueCity":"","_VenueCountry":"","_VenueProvince":"","_VenueState":"","_VenueZip":"","_VenuePhone":"","_VenueURL":"","_VenueStateProvince":"","_VenueLat":"","_VenueLng":"","_VenueShowMap":false,"_VenueShowMapLink":false,"footnotes":""},"categories":[262],"tags":[],"country-municipality":[],"class_list":["post-16255","post","type-post","status-publish","format-standard","has-post-thumbnail","hentry","category-noticias-es"],"yoast_head":"<!-- This site is optimized with the Yoast SEO plugin v25.7 - https:\/\/yoast.com\/wordpress\/plugins\/seo\/ -->\n<title>Costa Rica anuncia los proyectos seleccionados en la 3\u00aa convocatoria de Puntos de Cultura - IberCultura Viva<\/title>\n<meta name=\"description\" content=\"Costa Rica anuncia los proyectos seleccionados en la 3\u00aa convocatoria de Puntos de Cultura - IberCultura Viva\" \/>\n<meta name=\"robots\" content=\"index, follow, max-snippet:-1, max-image-preview:large, max-video-preview:-1\" \/>\n<link rel=\"canonical\" href=\"https:\/\/iberculturaviva.org\/es\/costa-rica-anuncia-los-proyectos-seleccionados-en-la-3a-convocatoria-de-puntos-de-cultura\/\" \/>\n<meta property=\"og:locale\" content=\"es_ES\" \/>\n<meta property=\"og:type\" content=\"article\" \/>\n<meta property=\"og:title\" content=\"Costa Rica anuncia los proyectos seleccionados en la 3\u00aa convocatoria de Puntos de Cultura - IberCultura Viva\" \/>\n<meta property=\"og:description\" content=\"Costa Rica anuncia los proyectos seleccionados en la 3\u00aa convocatoria de Puntos de Cultura - IberCultura Viva\" \/>\n<meta property=\"og:url\" content=\"https:\/\/iberculturaviva.org\/es\/costa-rica-anuncia-los-proyectos-seleccionados-en-la-3a-convocatoria-de-puntos-de-cultura\/\" \/>\n<meta property=\"og:site_name\" content=\"IberCultura Viva\" \/>\n<meta property=\"article:publisher\" content=\"https:\/\/www.facebook.com\/iberculturaviva\/\" \/>\n<meta property=\"article:published_time\" content=\"2017-09-26T18:16:24+00:00\" \/>\n<meta property=\"article:modified_time\" content=\"2021-01-12T16:58:58+00:00\" \/>\n<meta property=\"og:image\" content=\"https:\/\/iberculturaviva.org\/wp-content\/uploads\/2017\/09\/Puntos-de-Cultura-4-17-18-e1506450985922.jpg\" \/>\n\t<meta property=\"og:image:width\" content=\"3518\" \/>\n\t<meta property=\"og:image:height\" content=\"1790\" \/>\n\t<meta property=\"og:image:type\" content=\"image\/jpeg\" \/>\n<meta name=\"author\" content=\"IberCultura\" \/>\n<meta name=\"twitter:card\" content=\"summary_large_image\" \/>\n<meta name=\"twitter:label1\" content=\"Escrito por\" \/>\n\t<meta name=\"twitter:data1\" content=\"IberCultura\" \/>\n\t<meta name=\"twitter:label2\" content=\"Tiempo de lectura\" \/>\n\t<meta name=\"twitter:data2\" content=\"5 minutos\" \/>\n<script type=\"application\/ld+json\" class=\"yoast-schema-graph\">{\"@context\":\"https:\/\/schema.org\",\"@graph\":[{\"@type\":\"Article\",\"@id\":\"https:\/\/iberculturaviva.org\/es\/costa-rica-anuncia-los-proyectos-seleccionados-en-la-3a-convocatoria-de-puntos-de-cultura\/#article\",\"isPartOf\":{\"@id\":\"https:\/\/iberculturaviva.org\/es\/costa-rica-anuncia-los-proyectos-seleccionados-en-la-3a-convocatoria-de-puntos-de-cultura\/\"},\"author\":{\"name\":\"IberCultura\",\"@id\":\"https:\/\/iberculturaviva.org\/es\/?lang=es\/#\/schema\/person\/5d1313b072cc25536e0431522f740b59\"},\"headline\":\"Costa Rica anuncia los proyectos seleccionados en la 3\u00aa convocatoria de Puntos de Cultura\",\"datePublished\":\"2017-09-26T18:16:24+00:00\",\"dateModified\":\"2021-01-12T16:58:58+00:00\",\"mainEntityOfPage\":{\"@id\":\"https:\/\/iberculturaviva.org\/es\/costa-rica-anuncia-los-proyectos-seleccionados-en-la-3a-convocatoria-de-puntos-de-cultura\/\"},\"wordCount\":1015,\"publisher\":{\"@id\":\"https:\/\/iberculturaviva.org\/es\/?lang=es\/#organization\"},\"image\":{\"@id\":\"https:\/\/iberculturaviva.org\/es\/costa-rica-anuncia-los-proyectos-seleccionados-en-la-3a-convocatoria-de-puntos-de-cultura\/#primaryimage\"},\"thumbnailUrl\":\"https:\/\/iberculturaviva.org\/wp-content\/uploads\/2017\/09\/Puntos-de-Cultura-4-17-18-e1506450985922-scaled.jpg\",\"articleSection\":[\"Noticias\"],\"inLanguage\":\"es\"},{\"@type\":\"WebPage\",\"@id\":\"https:\/\/iberculturaviva.org\/es\/costa-rica-anuncia-los-proyectos-seleccionados-en-la-3a-convocatoria-de-puntos-de-cultura\/\",\"url\":\"https:\/\/iberculturaviva.org\/es\/costa-rica-anuncia-los-proyectos-seleccionados-en-la-3a-convocatoria-de-puntos-de-cultura\/\",\"name\":\"Costa Rica anuncia los proyectos seleccionados en la 3\u00aa convocatoria de Puntos de Cultura - IberCultura Viva\",\"isPartOf\":{\"@id\":\"https:\/\/iberculturaviva.org\/es\/?lang=es\/#website\"},\"primaryImageOfPage\":{\"@id\":\"https:\/\/iberculturaviva.org\/es\/costa-rica-anuncia-los-proyectos-seleccionados-en-la-3a-convocatoria-de-puntos-de-cultura\/#primaryimage\"},\"image\":{\"@id\":\"https:\/\/iberculturaviva.org\/es\/costa-rica-anuncia-los-proyectos-seleccionados-en-la-3a-convocatoria-de-puntos-de-cultura\/#primaryimage\"},\"thumbnailUrl\":\"https:\/\/iberculturaviva.org\/wp-content\/uploads\/2017\/09\/Puntos-de-Cultura-4-17-18-e1506450985922-scaled.jpg\",\"datePublished\":\"2017-09-26T18:16:24+00:00\",\"dateModified\":\"2021-01-12T16:58:58+00:00\",\"description\":\"Costa Rica anuncia los proyectos seleccionados en la 3\u00aa convocatoria de Puntos de Cultura - IberCultura Viva\",\"breadcrumb\":{\"@id\":\"https:\/\/iberculturaviva.org\/es\/costa-rica-anuncia-los-proyectos-seleccionados-en-la-3a-convocatoria-de-puntos-de-cultura\/#breadcrumb\"},\"inLanguage\":\"es\",\"potentialAction\":[{\"@type\":\"ReadAction\",\"target\":[\"https:\/\/iberculturaviva.org\/es\/costa-rica-anuncia-los-proyectos-seleccionados-en-la-3a-convocatoria-de-puntos-de-cultura\/\"]}]},{\"@type\":\"ImageObject\",\"inLanguage\":\"es\",\"@id\":\"https:\/\/iberculturaviva.org\/es\/costa-rica-anuncia-los-proyectos-seleccionados-en-la-3a-convocatoria-de-puntos-de-cultura\/#primaryimage\",\"url\":\"https:\/\/iberculturaviva.org\/wp-content\/uploads\/2017\/09\/Puntos-de-Cultura-4-17-18-e1506450985922-scaled.jpg\",\"contentUrl\":\"https:\/\/iberculturaviva.org\/wp-content\/uploads\/2017\/09\/Puntos-de-Cultura-4-17-18-e1506450985922-scaled.jpg\",\"width\":3518,\"height\":1790},{\"@type\":\"BreadcrumbList\",\"@id\":\"https:\/\/iberculturaviva.org\/es\/costa-rica-anuncia-los-proyectos-seleccionados-en-la-3a-convocatoria-de-puntos-de-cultura\/#breadcrumb\",\"itemListElement\":[{\"@type\":\"ListItem\",\"position\":1,\"name\":\"In\u00edcio\",\"item\":\"https:\/\/iberculturaviva.org\/es\/inicio\/\"},{\"@type\":\"ListItem\",\"position\":2,\"name\":\"Costa Rica anuncia los proyectos seleccionados en la 3\u00aa convocatoria de Puntos de Cultura\"}]},{\"@type\":\"WebSite\",\"@id\":\"https:\/\/iberculturaviva.org\/es\/?lang=es\/#website\",\"url\":\"https:\/\/iberculturaviva.org\/es\/?lang=es\/\",\"name\":\"IberCultura Viva\",\"description\":\"Programa de cooperaci\u00f3n cultural\",\"publisher\":{\"@id\":\"https:\/\/iberculturaviva.org\/es\/?lang=es\/#organization\"},\"potentialAction\":[{\"@type\":\"SearchAction\",\"target\":{\"@type\":\"EntryPoint\",\"urlTemplate\":\"https:\/\/iberculturaviva.org\/es\/?lang=es\/?s={search_term_string}\"},\"query-input\":{\"@type\":\"PropertyValueSpecification\",\"valueRequired\":true,\"valueName\":\"search_term_string\"}}],\"inLanguage\":\"es\"},{\"@type\":\"Organization\",\"@id\":\"https:\/\/iberculturaviva.org\/es\/?lang=es\/#organization\",\"name\":\"Iberculturaviva\",\"url\":\"https:\/\/iberculturaviva.org\/es\/?lang=es\/\",\"logo\":{\"@type\":\"ImageObject\",\"inLanguage\":\"es\",\"@id\":\"https:\/\/iberculturaviva.org\/es\/?lang=es\/#\/schema\/logo\/image\/\",\"url\":\"https:\/\/iberculturaviva.org\/wp-content\/uploads\/2021\/08\/logo_ibercultura_viva.jpg\",\"contentUrl\":\"https:\/\/iberculturaviva.org\/wp-content\/uploads\/2021\/08\/logo_ibercultura_viva.jpg\",\"width\":708,\"height\":223,\"caption\":\"Iberculturaviva\"},\"image\":{\"@id\":\"https:\/\/iberculturaviva.org\/es\/?lang=es\/#\/schema\/logo\/image\/\"},\"sameAs\":[\"https:\/\/www.facebook.com\/iberculturaviva\/\",\"https:\/\/www.instagram.com\/iberculturaviva\/\",\"https:\/\/www.youtube.com\/iberculturaviva\"]},{\"@type\":\"Person\",\"@id\":\"https:\/\/iberculturaviva.org\/es\/?lang=es\/#\/schema\/person\/5d1313b072cc25536e0431522f740b59\",\"name\":\"IberCultura\",\"image\":{\"@type\":\"ImageObject\",\"inLanguage\":\"es\",\"@id\":\"https:\/\/iberculturaviva.org\/es\/?lang=es\/#\/schema\/person\/image\/\",\"url\":\"https:\/\/secure.gravatar.com\/avatar\/79f1a057cb125cbefb3765d0356d52fc7f3bba3a35e2cf22bc4de090bb7aef70?s=96&d=mm&r=g\",\"contentUrl\":\"https:\/\/secure.gravatar.com\/avatar\/79f1a057cb125cbefb3765d0356d52fc7f3bba3a35e2cf22bc4de090bb7aef70?s=96&d=mm&r=g\",\"caption\":\"IberCultura\"}}]}<\/script>\n<!-- \/ Yoast SEO plugin. -->","yoast_head_json":{"title":"Costa Rica anuncia los proyectos seleccionados en la 3\u00aa convocatoria de Puntos de Cultura - IberCultura Viva","description":"Costa Rica anuncia los proyectos seleccionados en la 3\u00aa convocatoria de Puntos de Cultura - IberCultura Viva","robots":{"index":"index","follow":"follow","max-snippet":"max-snippet:-1","max-image-preview":"max-image-preview:large","max-video-preview":"max-video-preview:-1"},"canonical":"https:\/\/iberculturaviva.org\/es\/costa-rica-anuncia-los-proyectos-seleccionados-en-la-3a-convocatoria-de-puntos-de-cultura\/","og_locale":"es_ES","og_type":"article","og_title":"Costa Rica anuncia los proyectos seleccionados en la 3\u00aa convocatoria de Puntos de Cultura - IberCultura Viva","og_description":"Costa Rica anuncia los proyectos seleccionados en la 3\u00aa convocatoria de Puntos de Cultura - IberCultura Viva","og_url":"https:\/\/iberculturaviva.org\/es\/costa-rica-anuncia-los-proyectos-seleccionados-en-la-3a-convocatoria-de-puntos-de-cultura\/","og_site_name":"IberCultura Viva","article_publisher":"https:\/\/www.facebook.com\/iberculturaviva\/","article_published_time":"2017-09-26T18:16:24+00:00","article_modified_time":"2021-01-12T16:58:58+00:00","og_image":[{"width":3518,"height":1790,"url":"https:\/\/iberculturaviva.org\/wp-content\/uploads\/2017\/09\/Puntos-de-Cultura-4-17-18-e1506450985922.jpg","type":"image\/jpeg"}],"author":"IberCultura","twitter_card":"summary_large_image","twitter_misc":{"Escrito por":"IberCultura","Tiempo de lectura":"5 minutos"},"schema":{"@context":"https:\/\/schema.org","@graph":[{"@type":"Article","@id":"https:\/\/iberculturaviva.org\/es\/costa-rica-anuncia-los-proyectos-seleccionados-en-la-3a-convocatoria-de-puntos-de-cultura\/#article","isPartOf":{"@id":"https:\/\/iberculturaviva.org\/es\/costa-rica-anuncia-los-proyectos-seleccionados-en-la-3a-convocatoria-de-puntos-de-cultura\/"},"author":{"name":"IberCultura","@id":"https:\/\/iberculturaviva.org\/es\/?lang=es\/#\/schema\/person\/5d1313b072cc25536e0431522f740b59"},"headline":"Costa Rica anuncia los proyectos seleccionados en la 3\u00aa convocatoria de Puntos de Cultura","datePublished":"2017-09-26T18:16:24+00:00","dateModified":"2021-01-12T16:58:58+00:00","mainEntityOfPage":{"@id":"https:\/\/iberculturaviva.org\/es\/costa-rica-anuncia-los-proyectos-seleccionados-en-la-3a-convocatoria-de-puntos-de-cultura\/"},"wordCount":1015,"publisher":{"@id":"https:\/\/iberculturaviva.org\/es\/?lang=es\/#organization"},"image":{"@id":"https:\/\/iberculturaviva.org\/es\/costa-rica-anuncia-los-proyectos-seleccionados-en-la-3a-convocatoria-de-puntos-de-cultura\/#primaryimage"},"thumbnailUrl":"https:\/\/iberculturaviva.org\/wp-content\/uploads\/2017\/09\/Puntos-de-Cultura-4-17-18-e1506450985922-scaled.jpg","articleSection":["Noticias"],"inLanguage":"es"},{"@type":"WebPage","@id":"https:\/\/iberculturaviva.org\/es\/costa-rica-anuncia-los-proyectos-seleccionados-en-la-3a-convocatoria-de-puntos-de-cultura\/","url":"https:\/\/iberculturaviva.org\/es\/costa-rica-anuncia-los-proyectos-seleccionados-en-la-3a-convocatoria-de-puntos-de-cultura\/","name":"Costa Rica anuncia los proyectos seleccionados en la 3\u00aa convocatoria de Puntos de Cultura - IberCultura Viva","isPartOf":{"@id":"https:\/\/iberculturaviva.org\/es\/?lang=es\/#website"},"primaryImageOfPage":{"@id":"https:\/\/iberculturaviva.org\/es\/costa-rica-anuncia-los-proyectos-seleccionados-en-la-3a-convocatoria-de-puntos-de-cultura\/#primaryimage"},"image":{"@id":"https:\/\/iberculturaviva.org\/es\/costa-rica-anuncia-los-proyectos-seleccionados-en-la-3a-convocatoria-de-puntos-de-cultura\/#primaryimage"},"thumbnailUrl":"https:\/\/iberculturaviva.org\/wp-content\/uploads\/2017\/09\/Puntos-de-Cultura-4-17-18-e1506450985922-scaled.jpg","datePublished":"2017-09-26T18:16:24+00:00","dateModified":"2021-01-12T16:58:58+00:00","description":"Costa Rica anuncia los proyectos seleccionados en la 3\u00aa convocatoria de Puntos de Cultura - IberCultura Viva","breadcrumb":{"@id":"https:\/\/iberculturaviva.org\/es\/costa-rica-anuncia-los-proyectos-seleccionados-en-la-3a-convocatoria-de-puntos-de-cultura\/#breadcrumb"},"inLanguage":"es","potentialAction":[{"@type":"ReadAction","target":["https:\/\/iberculturaviva.org\/es\/costa-rica-anuncia-los-proyectos-seleccionados-en-la-3a-convocatoria-de-puntos-de-cultura\/"]}]},{"@type":"ImageObject","inLanguage":"es","@id":"https:\/\/iberculturaviva.org\/es\/costa-rica-anuncia-los-proyectos-seleccionados-en-la-3a-convocatoria-de-puntos-de-cultura\/#primaryimage","url":"https:\/\/iberculturaviva.org\/wp-content\/uploads\/2017\/09\/Puntos-de-Cultura-4-17-18-e1506450985922-scaled.jpg","contentUrl":"https:\/\/iberculturaviva.org\/wp-content\/uploads\/2017\/09\/Puntos-de-Cultura-4-17-18-e1506450985922-scaled.jpg","width":3518,"height":1790},{"@type":"BreadcrumbList","@id":"https:\/\/iberculturaviva.org\/es\/costa-rica-anuncia-los-proyectos-seleccionados-en-la-3a-convocatoria-de-puntos-de-cultura\/#breadcrumb","itemListElement":[{"@type":"ListItem","position":1,"name":"In\u00edcio","item":"https:\/\/iberculturaviva.org\/es\/inicio\/"},{"@type":"ListItem","position":2,"name":"Costa Rica anuncia los proyectos seleccionados en la 3\u00aa convocatoria de Puntos de Cultura"}]},{"@type":"WebSite","@id":"https:\/\/iberculturaviva.org\/es\/?lang=es\/#website","url":"https:\/\/iberculturaviva.org\/es\/?lang=es\/","name":"IberCultura Viva","description":"Programa de cooperaci\u00f3n cultural","publisher":{"@id":"https:\/\/iberculturaviva.org\/es\/?lang=es\/#organization"},"potentialAction":[{"@type":"SearchAction","target":{"@type":"EntryPoint","urlTemplate":"https:\/\/iberculturaviva.org\/es\/?lang=es\/?s={search_term_string}"},"query-input":{"@type":"PropertyValueSpecification","valueRequired":true,"valueName":"search_term_string"}}],"inLanguage":"es"},{"@type":"Organization","@id":"https:\/\/iberculturaviva.org\/es\/?lang=es\/#organization","name":"Iberculturaviva","url":"https:\/\/iberculturaviva.org\/es\/?lang=es\/","logo":{"@type":"ImageObject","inLanguage":"es","@id":"https:\/\/iberculturaviva.org\/es\/?lang=es\/#\/schema\/logo\/image\/","url":"https:\/\/iberculturaviva.org\/wp-content\/uploads\/2021\/08\/logo_ibercultura_viva.jpg","contentUrl":"https:\/\/iberculturaviva.org\/wp-content\/uploads\/2021\/08\/logo_ibercultura_viva.jpg","width":708,"height":223,"caption":"Iberculturaviva"},"image":{"@id":"https:\/\/iberculturaviva.org\/es\/?lang=es\/#\/schema\/logo\/image\/"},"sameAs":["https:\/\/www.facebook.com\/iberculturaviva\/","https:\/\/www.instagram.com\/iberculturaviva\/","https:\/\/www.youtube.com\/iberculturaviva"]},{"@type":"Person","@id":"https:\/\/iberculturaviva.org\/es\/?lang=es\/#\/schema\/person\/5d1313b072cc25536e0431522f740b59","name":"IberCultura","image":{"@type":"ImageObject","inLanguage":"es","@id":"https:\/\/iberculturaviva.org\/es\/?lang=es\/#\/schema\/person\/image\/","url":"https:\/\/secure.gravatar.com\/avatar\/79f1a057cb125cbefb3765d0356d52fc7f3bba3a35e2cf22bc4de090bb7aef70?s=96&d=mm&r=g","contentUrl":"https:\/\/secure.gravatar.com\/avatar\/79f1a057cb125cbefb3765d0356d52fc7f3bba3a35e2cf22bc4de090bb7aef70?s=96&d=mm&r=g","caption":"IberCultura"}}]}},"main_category":{"link":"https:\/\/iberculturaviva.org\/es\/category\/noticias-es\/","name":"Noticias","slug":"noticias-es"},"_links":{"self":[{"href":"https:\/\/iberculturaviva.org\/es\/wp-json\/wp\/v2\/posts\/16255","targetHints":{"allow":["GET"]}}],"collection":[{"href":"https:\/\/iberculturaviva.org\/es\/wp-json\/wp\/v2\/posts"}],"about":[{"href":"https:\/\/iberculturaviva.org\/es\/wp-json\/wp\/v2\/types\/post"}],"author":[{"embeddable":true,"href":"https:\/\/iberculturaviva.org\/es\/wp-json\/wp\/v2\/users\/2"}],"replies":[{"embeddable":true,"href":"https:\/\/iberculturaviva.org\/es\/wp-json\/wp\/v2\/comments?post=16255"}],"version-history":[{"count":1,"href":"https:\/\/iberculturaviva.org\/es\/wp-json\/wp\/v2\/posts\/16255\/revisions"}],"predecessor-version":[{"id":22739,"href":"https:\/\/iberculturaviva.org\/es\/wp-json\/wp\/v2\/posts\/16255\/revisions\/22739"}],"wp:featuredmedia":[{"embeddable":true,"href":"https:\/\/iberculturaviva.org\/es\/wp-json\/wp\/v2\/media\/19284"}],"wp:attachment":[{"href":"https:\/\/iberculturaviva.org\/es\/wp-json\/wp\/v2\/media?parent=16255"}],"wp:term":[{"taxonomy":"category","embeddable":true,"href":"https:\/\/iberculturaviva.org\/es\/wp-json\/wp\/v2\/categories?post=16255"},{"taxonomy":"post_tag","embeddable":true,"href":"https:\/\/iberculturaviva.org\/es\/wp-json\/wp\/v2\/tags?post=16255"},{"taxonomy":"country-municipality","embeddable":true,"href":"https:\/\/iberculturaviva.org\/es\/wp-json\/wp\/v2\/country-municipality?post=16255"}],"curies":[{"name":"wp","href":"https:\/\/api.w.org\/{rel}","templated":true}]}}