{"id":16239,"date":"2017-08-23T11:59:06","date_gmt":"2017-08-23T14:59:06","guid":{"rendered":"https:\/\/iberculturaviva.org\/2o-encuentro-metropolitano-de-cvc-jalisco-construyendo-colectividad-y-transformando-realidades\/"},"modified":"2021-01-12T13:59:50","modified_gmt":"2021-01-12T16:59:50","slug":"2o-encuentro-metropolitano-de-cvc-jalisco-construyendo-colectividad-y-transformando-realidades","status":"publish","type":"post","link":"https:\/\/iberculturaviva.org\/es\/2o-encuentro-metropolitano-de-cvc-jalisco-construyendo-colectividad-y-transformando-realidades\/","title":{"rendered":"2\u00ba Encuentro Metropolitano de CVC Jalisco: construyendo colectividad y transformando realidades"},"content":{"rendered":"<h5>Fotos: CVC Jalisco<\/h5>\n<blockquote><p><i><span style=\"font-weight: 400;\">\u201c\u00bfQu\u00e9 nos motiva a hacer lo que hacemos?\u201d \u201c\u00bfCu\u00e1les han sido las barreras a las que nos hemos enfrentado en nuestro trabajo comunitario?\u201d \u201c\u00bfC\u00f3mo se han superado estas barreras?\u201d <\/span><\/i><\/p><\/blockquote>\n<p style=\"text-align: justify;\"><span style=\"font-weight: 400;\">Estas fueron algunas de las preguntas que guiaron los trabajos en el 2\u00ba Encuentro Metropolitano de Cultura Viva Comunitaria Jalisco 2017, realizado el 29 de julio en la colonia Lomas de Polanco, en el municipio de Guadalajara (Jalisco, M\u00e9xico). El evento, que tuvo como anfitriones a los <\/span><a href=\"https:\/\/iberculturaviva.org\/portfolio\/es-colectivo-cultural-polanco-los-suenos-y-esfuerzos-de-un-grupo-de-amigos-para-transformar-la-realidad-del-barrio\/\"><span style=\"font-weight: 400;\">colectivos Cultural Polanco<\/span><\/a><span style=\"font-weight: 400;\"> y CulturAula Comunidades Aprendiendo, es parte de uno de los proyectos ganadores de la Convocatoria IberCultura Viva de Apoyo a Redes 2016.<\/span><\/p>\n\n\t\t<style type=\"text\/css\">\n\t\t\t#gallery-1 {\n\t\t\t\tmargin: auto;\n\t\t\t}\n\t\t\t#gallery-1 .gallery-item {\n\t\t\t\tfloat: left;\n\t\t\t\tmargin-top: 10px;\n\t\t\t\ttext-align: center;\n\t\t\t\twidth: 50%;\n\t\t\t}\n\t\t\t#gallery-1 img {\n\t\t\t\tborder: 2px solid #cfcfcf;\n\t\t\t}\n\t\t\t#gallery-1 .gallery-caption {\n\t\t\t\tmargin-left: 0;\n\t\t\t}\n\t\t\t\/* see gallery_shortcode() in wp-includes\/media.php *\/\n\t\t<\/style>\n\t\t<div id='gallery-1' class='gallery galleryid-16239 gallery-columns-2 gallery-size-medium'><dl class='gallery-item'>\n\t\t\t<dt class='gallery-icon landscape'>\n\t\t\t\t<a href='https:\/\/iberculturaviva.org\/es\/2o-encuentro-metropolitano-de-cvc-jalisco-construyendo-colectividad-y-transformando-realidades\/cvcjalisco11\/'><img loading=\"lazy\" decoding=\"async\" width=\"300\" height=\"202\" src=\"https:\/\/iberculturaviva.org\/wp-content\/uploads\/2017\/08\/cvcjalisco11-460x310.jpg\" class=\"attachment-medium size-medium\" alt=\"\" srcset=\"https:\/\/iberculturaviva.org\/wp-content\/uploads\/2017\/08\/cvcjalisco11-460x310.jpg 460w, https:\/\/iberculturaviva.org\/wp-content\/uploads\/2017\/08\/cvcjalisco11-125x83.jpg 125w\" sizes=\"auto, (max-width: 300px) 100vw, 300px\" \/><\/a>\n\t\t\t<\/dt><\/dl><dl class='gallery-item'>\n\t\t\t<dt class='gallery-icon landscape'>\n\t\t\t\t<a href='https:\/\/iberculturaviva.org\/es\/cvcjalisco7\/'><img loading=\"lazy\" decoding=\"async\" width=\"300\" height=\"202\" src=\"https:\/\/iberculturaviva.org\/wp-content\/uploads\/2017\/08\/cvcjalisco7-460x310.jpg\" class=\"attachment-medium size-medium\" alt=\"\" srcset=\"https:\/\/iberculturaviva.org\/wp-content\/uploads\/2017\/08\/cvcjalisco7-460x310.jpg 460w, https:\/\/iberculturaviva.org\/wp-content\/uploads\/2017\/08\/cvcjalisco7-125x83.jpg 125w\" sizes=\"auto, (max-width: 300px) 100vw, 300px\" \/><\/a>\n\t\t\t<\/dt><\/dl><br style=\"clear: both\" \/><dl class='gallery-item'>\n\t\t\t<dt class='gallery-icon landscape'>\n\t\t\t\t<a href='https:\/\/iberculturaviva.org\/es\/cvcjalisco3\/'><img loading=\"lazy\" decoding=\"async\" width=\"300\" height=\"202\" src=\"https:\/\/iberculturaviva.org\/wp-content\/uploads\/2017\/08\/cvcjalisco3-460x310.jpg\" class=\"attachment-medium size-medium\" alt=\"\" srcset=\"https:\/\/iberculturaviva.org\/wp-content\/uploads\/2017\/08\/cvcjalisco3-460x310.jpg 460w, https:\/\/iberculturaviva.org\/wp-content\/uploads\/2017\/08\/cvcjalisco3-125x83.jpg 125w\" sizes=\"auto, (max-width: 300px) 100vw, 300px\" \/><\/a>\n\t\t\t<\/dt><\/dl><dl class='gallery-item'>\n\t\t\t<dt class='gallery-icon landscape'>\n\t\t\t\t<a href='https:\/\/iberculturaviva.org\/es\/cvcjalisco12\/'><img loading=\"lazy\" decoding=\"async\" width=\"300\" height=\"202\" src=\"https:\/\/iberculturaviva.org\/wp-content\/uploads\/2017\/08\/cvcjalisco12-460x310.jpg\" class=\"attachment-medium size-medium\" alt=\"\" srcset=\"https:\/\/iberculturaviva.org\/wp-content\/uploads\/2017\/08\/cvcjalisco12-460x310.jpg 460w, https:\/\/iberculturaviva.org\/wp-content\/uploads\/2017\/08\/cvcjalisco12-125x83.jpg 125w\" sizes=\"auto, (max-width: 300px) 100vw, 300px\" \/><\/a>\n\t\t\t<\/dt><\/dl><br style=\"clear: both\" \/>\n\t\t<\/div>\n\n<p style=\"text-align: justify;\"><span style=\"font-weight: 400;\">Cuarenta personas participaron de la jornada, que cont\u00f3 con conversatorios, talleres, actividades art\u00edsticas y mesas de trabajo para el intercambio de experiencias, reflexi\u00f3n y debate. Seg\u00fan Roc\u00edo Orozco, miembro del colectivo CulturAula y de la Red de Cultura Viva Comunitaria M\u00e9xico, se busc\u00f3 generar un espacio para compartir las experiencias en el trabajo comunitario, aquello que los motiva y los retos que se enfrentan en su d\u00eda a d\u00eda con y desde la comunidad. \u00a0\u201cPara seguir transformando y sobre todo construyendo de la mano, consideramos necesario conocernos y reconocernos en el otro\u201d, se\u00f1al\u00f3. <\/span><\/p>\n<p style=\"text-align: justify;\"><span style=\"font-weight: 400;\">La importancia de construir colectividad y \u201cvislumbrar posteriormente una red que \u00a0pueda aportar apoyo, para juntos abordar temas relevantes que ata\u00f1en a la comunidad mexicana\u201d fue uno de los puntos \u00a0destacados. Muchos asistentes tambi\u00e9n expresaron sentir preocupaciones por el tema de violencia e inseguridad que vive el pa\u00eds, planteando como posible soluci\u00f3n el trabajo de base a trav\u00e9s del arte y la cultura.<\/span><\/p>\n\n\t\t<style type=\"text\/css\">\n\t\t\t#gallery-2 {\n\t\t\t\tmargin: auto;\n\t\t\t}\n\t\t\t#gallery-2 .gallery-item {\n\t\t\t\tfloat: left;\n\t\t\t\tmargin-top: 10px;\n\t\t\t\ttext-align: center;\n\t\t\t\twidth: 50%;\n\t\t\t}\n\t\t\t#gallery-2 img {\n\t\t\t\tborder: 2px solid #cfcfcf;\n\t\t\t}\n\t\t\t#gallery-2 .gallery-caption {\n\t\t\t\tmargin-left: 0;\n\t\t\t}\n\t\t\t\/* see gallery_shortcode() in wp-includes\/media.php *\/\n\t\t<\/style>\n\t\t<div id='gallery-2' class='gallery galleryid-16239 gallery-columns-2 gallery-size-medium'><dl class='gallery-item'>\n\t\t\t<dt class='gallery-icon landscape'>\n\t\t\t\t<a href='https:\/\/iberculturaviva.org\/es\/cvcjalisco5\/'><img loading=\"lazy\" decoding=\"async\" width=\"300\" height=\"202\" src=\"https:\/\/iberculturaviva.org\/wp-content\/uploads\/2017\/08\/cvcjalisco5-460x310.jpg\" class=\"attachment-medium size-medium\" alt=\"\" srcset=\"https:\/\/iberculturaviva.org\/wp-content\/uploads\/2017\/08\/cvcjalisco5-460x310.jpg 460w, https:\/\/iberculturaviva.org\/wp-content\/uploads\/2017\/08\/cvcjalisco5-125x83.jpg 125w\" sizes=\"auto, (max-width: 300px) 100vw, 300px\" \/><\/a>\n\t\t\t<\/dt><\/dl><dl class='gallery-item'>\n\t\t\t<dt class='gallery-icon landscape'>\n\t\t\t\t<a href='https:\/\/iberculturaviva.org\/es\/cvcjalisco6\/'><img loading=\"lazy\" decoding=\"async\" width=\"300\" height=\"202\" src=\"https:\/\/iberculturaviva.org\/wp-content\/uploads\/2017\/08\/cvcjalisco6-460x310.jpg\" class=\"attachment-medium size-medium\" alt=\"\" srcset=\"https:\/\/iberculturaviva.org\/wp-content\/uploads\/2017\/08\/cvcjalisco6-460x310.jpg 460w, https:\/\/iberculturaviva.org\/wp-content\/uploads\/2017\/08\/cvcjalisco6-125x83.jpg 125w\" sizes=\"auto, (max-width: 300px) 100vw, 300px\" \/><\/a>\n\t\t\t<\/dt><\/dl><br style=\"clear: both\" \/><dl class='gallery-item'>\n\t\t\t<dt class='gallery-icon landscape'>\n\t\t\t\t<a href='https:\/\/iberculturaviva.org\/es\/cvcjalisco2\/'><img loading=\"lazy\" decoding=\"async\" width=\"300\" height=\"202\" src=\"https:\/\/iberculturaviva.org\/wp-content\/uploads\/2017\/08\/cvcjalisco2-460x310.jpg\" class=\"attachment-medium size-medium\" alt=\"\" srcset=\"https:\/\/iberculturaviva.org\/wp-content\/uploads\/2017\/08\/cvcjalisco2-460x310.jpg 460w, https:\/\/iberculturaviva.org\/wp-content\/uploads\/2017\/08\/cvcjalisco2-125x83.jpg 125w\" sizes=\"auto, (max-width: 300px) 100vw, 300px\" \/><\/a>\n\t\t\t<\/dt><\/dl><dl class='gallery-item'>\n\t\t\t<dt class='gallery-icon landscape'>\n\t\t\t\t<a href='https:\/\/iberculturaviva.org\/es\/cvcjalisco18\/'><img loading=\"lazy\" decoding=\"async\" width=\"300\" height=\"202\" src=\"https:\/\/iberculturaviva.org\/wp-content\/uploads\/2017\/08\/cvcjalisco18-460x310.jpg\" class=\"attachment-medium size-medium\" alt=\"\" srcset=\"https:\/\/iberculturaviva.org\/wp-content\/uploads\/2017\/08\/cvcjalisco18-460x310.jpg 460w, https:\/\/iberculturaviva.org\/wp-content\/uploads\/2017\/08\/cvcjalisco18-125x83.jpg 125w\" sizes=\"auto, (max-width: 300px) 100vw, 300px\" \/><\/a>\n\t\t\t<\/dt><\/dl><br style=\"clear: both\" \/>\n\t\t<\/div>\n\n<h4><b>Generando v\u00ednculos<\/b><\/h4>\n<p style=\"text-align: justify;\"><span style=\"font-weight: 400;\">Entre los talleres ofertados se di\u00f3 uno de vinculaci\u00f3n efectiva, en el que los participantes se reunieron \u00a0en mesas de trabajo para debatir acerca de c\u00f3mo generar v\u00ednculos y trabajar en red. Al final de las sesiones de trabajo se realiz\u00f3 una \u201cverbena\u201d (fiesta popular) con presencia de artistas, se present\u00f3 el mariachi tradicional Los Choznos y el ballet folkl\u00f3rico de Santa Ana. A la par hubo actividades para los ni\u00f1os: taller de percusi\u00f3n y tambores africanos, a cargo de Conga Mandinga, y taller de libros cartoneros, a cargo de la Rueda Cartonera.<\/span><\/p>\n\n\t\t<style type=\"text\/css\">\n\t\t\t#gallery-3 {\n\t\t\t\tmargin: auto;\n\t\t\t}\n\t\t\t#gallery-3 .gallery-item {\n\t\t\t\tfloat: left;\n\t\t\t\tmargin-top: 10px;\n\t\t\t\ttext-align: center;\n\t\t\t\twidth: 50%;\n\t\t\t}\n\t\t\t#gallery-3 img {\n\t\t\t\tborder: 2px solid #cfcfcf;\n\t\t\t}\n\t\t\t#gallery-3 .gallery-caption {\n\t\t\t\tmargin-left: 0;\n\t\t\t}\n\t\t\t\/* see gallery_shortcode() in wp-includes\/media.php *\/\n\t\t<\/style>\n\t\t<div id='gallery-3' class='gallery galleryid-16239 gallery-columns-2 gallery-size-medium'><dl class='gallery-item'>\n\t\t\t<dt class='gallery-icon landscape'>\n\t\t\t\t<a href='https:\/\/iberculturaviva.org\/es\/cvcjalisco13\/'><img loading=\"lazy\" decoding=\"async\" width=\"300\" height=\"202\" src=\"https:\/\/iberculturaviva.org\/wp-content\/uploads\/2017\/08\/cvcjalisco13-460x310.jpg\" class=\"attachment-medium size-medium\" alt=\"\" srcset=\"https:\/\/iberculturaviva.org\/wp-content\/uploads\/2017\/08\/cvcjalisco13-460x310.jpg 460w, https:\/\/iberculturaviva.org\/wp-content\/uploads\/2017\/08\/cvcjalisco13-125x83.jpg 125w\" sizes=\"auto, (max-width: 300px) 100vw, 300px\" \/><\/a>\n\t\t\t<\/dt><\/dl><dl class='gallery-item'>\n\t\t\t<dt class='gallery-icon landscape'>\n\t\t\t\t<a href='https:\/\/iberculturaviva.org\/es\/cvcjalisco14\/'><img loading=\"lazy\" decoding=\"async\" width=\"300\" height=\"202\" src=\"https:\/\/iberculturaviva.org\/wp-content\/uploads\/2017\/08\/cvcjalisco14-460x310.jpg\" class=\"attachment-medium size-medium\" alt=\"\" srcset=\"https:\/\/iberculturaviva.org\/wp-content\/uploads\/2017\/08\/cvcjalisco14-460x310.jpg 460w, https:\/\/iberculturaviva.org\/wp-content\/uploads\/2017\/08\/cvcjalisco14-125x83.jpg 125w\" sizes=\"auto, (max-width: 300px) 100vw, 300px\" \/><\/a>\n\t\t\t<\/dt><\/dl><br style=\"clear: both\" \/><dl class='gallery-item'>\n\t\t\t<dt class='gallery-icon landscape'>\n\t\t\t\t<a href='https:\/\/iberculturaviva.org\/es\/cvcjalisco8\/'><img loading=\"lazy\" decoding=\"async\" width=\"300\" height=\"202\" src=\"https:\/\/iberculturaviva.org\/wp-content\/uploads\/2017\/08\/cvcjalisco8-460x310.jpg\" class=\"attachment-medium size-medium\" alt=\"\" srcset=\"https:\/\/iberculturaviva.org\/wp-content\/uploads\/2017\/08\/cvcjalisco8-460x310.jpg 460w, https:\/\/iberculturaviva.org\/wp-content\/uploads\/2017\/08\/cvcjalisco8-125x83.jpg 125w\" sizes=\"auto, (max-width: 300px) 100vw, 300px\" \/><\/a>\n\t\t\t<\/dt><\/dl><dl class='gallery-item'>\n\t\t\t<dt class='gallery-icon landscape'>\n\t\t\t\t<a href='https:\/\/iberculturaviva.org\/es\/cvcjalisco19\/'><img loading=\"lazy\" decoding=\"async\" width=\"300\" height=\"202\" src=\"https:\/\/iberculturaviva.org\/wp-content\/uploads\/2017\/08\/cvcjalisco19-460x310.jpg\" class=\"attachment-medium size-medium\" alt=\"\" srcset=\"https:\/\/iberculturaviva.org\/wp-content\/uploads\/2017\/08\/cvcjalisco19-460x310.jpg 460w, https:\/\/iberculturaviva.org\/wp-content\/uploads\/2017\/08\/cvcjalisco19-125x83.jpg 125w\" sizes=\"auto, (max-width: 300px) 100vw, 300px\" \/><\/a>\n\t\t\t<\/dt><\/dl><br style=\"clear: both\" \/>\n\t\t<\/div>\n\n<p style=\"text-align: justify;\"><span style=\"font-weight: 400;\">\u201cEl encuentro en general cumpli\u00f3 con los objetivos que ten\u00edamos planteados, y se cuid\u00f3 especialmente el aspecto humano\u201d, afirm\u00f3 Roc\u00edo. \u201cTuvimos espacios dedicados para conocernos y conversar, poner a disposici\u00f3n el cuerpo y el coraz\u00f3n, acompa\u00f1amos los momentos con din\u00e1micas l\u00fadicas. Con ello buscamos que para el 3\u00ba Encuentro los asistentes de los ciclos anteriores nos acompa\u00f1en y se sumen a la Plataforma Puente de Cultura Viva M\u00e9xico.\u201d<\/span><\/p>\n<p style=\"text-align: justify;\"><span style=\"font-weight: 400;\">Este ciclo de tres encuentros metropolitanos propuestos por la Red de CVC Jalisco para el a\u00f1o 2017 tiene como objetivo visibilizar y articular a las iniciativas de arte, comunicaci\u00f3n y educaci\u00f3n que trabajan a nivel comunitario en el \u00e1rea metropolitana de Guadalajara. La intenci\u00f3n es promover actividades que permitan ampliar las relaciones colaborativas entre las organizaciones y concientizar sobre el pensar, hacer y vivir lo comunitario. El primer encuentro se dio el 6 de mayo, en Santa Ana Tepetitl\u00e1n (Zapopan). El tercero est\u00e1 previsto para septiembre (la fecha y el lugar a\u00fan est\u00e1n por anunciarse). <\/span><\/p>\n<p>&nbsp;<\/p>\n\n\t\t<style type=\"text\/css\">\n\t\t\t#gallery-4 {\n\t\t\t\tmargin: auto;\n\t\t\t}\n\t\t\t#gallery-4 .gallery-item {\n\t\t\t\tfloat: left;\n\t\t\t\tmargin-top: 10px;\n\t\t\t\ttext-align: center;\n\t\t\t\twidth: 50%;\n\t\t\t}\n\t\t\t#gallery-4 img {\n\t\t\t\tborder: 2px solid #cfcfcf;\n\t\t\t}\n\t\t\t#gallery-4 .gallery-caption {\n\t\t\t\tmargin-left: 0;\n\t\t\t}\n\t\t\t\/* see gallery_shortcode() in wp-includes\/media.php *\/\n\t\t<\/style>\n\t\t<div id='gallery-4' class='gallery galleryid-16239 gallery-columns-2 gallery-size-medium'><dl class='gallery-item'>\n\t\t\t<dt class='gallery-icon landscape'>\n\t\t\t\t<a href='https:\/\/iberculturaviva.org\/es\/cvcjalisco10\/'><img loading=\"lazy\" decoding=\"async\" width=\"300\" height=\"202\" src=\"https:\/\/iberculturaviva.org\/wp-content\/uploads\/2017\/08\/cvcjalisco10-460x310.jpg\" class=\"attachment-medium size-medium\" alt=\"\" srcset=\"https:\/\/iberculturaviva.org\/wp-content\/uploads\/2017\/08\/cvcjalisco10-460x310.jpg 460w, https:\/\/iberculturaviva.org\/wp-content\/uploads\/2017\/08\/cvcjalisco10-125x83.jpg 125w\" sizes=\"auto, (max-width: 300px) 100vw, 300px\" \/><\/a>\n\t\t\t<\/dt><\/dl><dl class='gallery-item'>\n\t\t\t<dt class='gallery-icon landscape'>\n\t\t\t\t<a href='https:\/\/iberculturaviva.org\/es\/cvcjalisco16\/'><img loading=\"lazy\" decoding=\"async\" width=\"300\" height=\"202\" src=\"https:\/\/iberculturaviva.org\/wp-content\/uploads\/2017\/08\/cvcjalisco16-460x310.jpg\" class=\"attachment-medium size-medium\" alt=\"\" srcset=\"https:\/\/iberculturaviva.org\/wp-content\/uploads\/2017\/08\/cvcjalisco16-460x310.jpg 460w, https:\/\/iberculturaviva.org\/wp-content\/uploads\/2017\/08\/cvcjalisco16-125x83.jpg 125w\" sizes=\"auto, (max-width: 300px) 100vw, 300px\" \/><\/a>\n\t\t\t<\/dt><\/dl><br style=\"clear: both\" \/><dl class='gallery-item'>\n\t\t\t<dt class='gallery-icon landscape'>\n\t\t\t\t<a href='https:\/\/iberculturaviva.org\/es\/cvcjalisco15\/'><img loading=\"lazy\" decoding=\"async\" width=\"300\" height=\"202\" src=\"https:\/\/iberculturaviva.org\/wp-content\/uploads\/2017\/08\/cvcjalisco15-460x310.jpg\" class=\"attachment-medium size-medium\" alt=\"\" srcset=\"https:\/\/iberculturaviva.org\/wp-content\/uploads\/2017\/08\/cvcjalisco15-460x310.jpg 460w, https:\/\/iberculturaviva.org\/wp-content\/uploads\/2017\/08\/cvcjalisco15-125x83.jpg 125w\" sizes=\"auto, (max-width: 300px) 100vw, 300px\" \/><\/a>\n\t\t\t<\/dt><\/dl><dl class='gallery-item'>\n\t\t\t<dt class='gallery-icon landscape'>\n\t\t\t\t<a href='https:\/\/iberculturaviva.org\/es\/cvcjalisco4\/'><img loading=\"lazy\" decoding=\"async\" width=\"300\" height=\"202\" src=\"https:\/\/iberculturaviva.org\/wp-content\/uploads\/2017\/08\/cvcjalisco4-460x310.jpg\" class=\"attachment-medium size-medium\" alt=\"\" srcset=\"https:\/\/iberculturaviva.org\/wp-content\/uploads\/2017\/08\/cvcjalisco4-460x310.jpg 460w, https:\/\/iberculturaviva.org\/wp-content\/uploads\/2017\/08\/cvcjalisco4-125x83.jpg 125w\" sizes=\"auto, (max-width: 300px) 100vw, 300px\" \/><\/a>\n\t\t\t<\/dt><\/dl><br style=\"clear: both\" \/>\n\t\t<\/div>\n\n<h4><\/h4>\n<h4>Sepa m\u00e1s: <a href=\"https:\/\/culturavivacomunitaria.org.mx\/jalisco\">https:\/\/culturavivacomunitaria.org.mx\/jalisco<\/a><\/h4>\n<h4><b>Lea tambi\u00e9n:<\/b><\/h4>\n<p><a href=\"https:\/\/iberculturaviva.org\/es\/la-red-de-cultura-viva-comunitaria-jalisco-promueve-el-encuentro-metropolitano-2017\/\"><span style=\"font-weight: 400;\">La Red de Cultura Viva Comunitaria Jalisco promueve el Encuentro Metropolitano 2017<\/span><\/a><\/p>\n<p><a href=\"https:\/\/iberculturaviva.org\/es\/encuentro-metropolitano-los-sonidos-y-colores-de-la-cultura-viva-en-santa-ana-tepetitlan\/\"><span style=\"font-weight: 400;\">Encuentro Metropolitano: los sonidos y colores de la Cultura Viva en Santa Ana Tepetitl\u00e1n<\/span><\/a><\/p>\n<p><a href=\"https:\/\/iberculturaviva.org\/es\/el-surgimiento-de-la-plataforma-cultura-viva-comunitaria-mexico\/\"><span style=\"font-weight: 400;\">El surgimiento de la plataforma Cultura Viva Comunitaria M\u00e9xico<\/span><\/a><\/p>\n<p><a href=\"https:\/\/iberculturaviva.org\/portfolio\/es-colectivo-cultural-polanco-los-suenos-y-esfuerzos-de-un-grupo-de-amigos-para-transformar-la-realidad-del-barrio\/\"><span style=\"font-weight: 400;\">Colectivo Cultural Polanco: los sue\u00f1os y esfuerzos de un grupo de amigos para transformar la realidad del barrio<\/span><\/a><\/p>\n<p>&nbsp;<\/p>\n<p>&nbsp;<\/p>\n","protected":false},"excerpt":{"rendered":"<p>Fotos: CVC Jalisco \u201c\u00bfQu\u00e9 nos motiva a hacer lo que hacemos?\u201d \u201c\u00bfCu\u00e1les han sido las barreras a las que nos hemos enfrentado en nuestro trabajo comunitario?\u201d \u201c\u00bfC\u00f3mo se han superado [&hellip;]<\/p>\n","protected":false},"author":2,"featured_media":19190,"comment_status":"closed","ping_status":"closed","sticky":false,"template":"","format":"standard","meta":{"_coblocks_attr":"","_coblocks_dimensions":"","_coblocks_responsive_height":"","_coblocks_accordion_ie_support":"","_EventAllDay":false,"_EventTimezone":"","_EventStartDate":"","_EventEndDate":"","_EventStartDateUTC":"","_EventEndDateUTC":"","_EventShowMap":false,"_EventShowMapLink":false,"_EventURL":"","_EventCost":"","_EventCostDescription":"","_EventCurrencySymbol":"","_EventCurrencyCode":"","_EventCurrencyPosition":"","_EventDateTimeSeparator":"","_EventTimeRangeSeparator":"","_EventOrganizerID":[],"_EventVenueID":[],"_OrganizerEmail":"","_OrganizerPhone":"","_OrganizerWebsite":"","_VenueAddress":"","_VenueCity":"","_VenueCountry":"","_VenueProvince":"","_VenueState":"","_VenueZip":"","_VenuePhone":"","_VenueURL":"","_VenueStateProvince":"","_VenueLat":"","_VenueLng":"","_VenueShowMap":false,"_VenueShowMapLink":false,"footnotes":""},"categories":[262],"tags":[],"country-municipality":[],"class_list":["post-16239","post","type-post","status-publish","format-standard","has-post-thumbnail","hentry","category-noticias-es"],"yoast_head":"<!-- This site is optimized with the Yoast SEO plugin v25.7 - https:\/\/yoast.com\/wordpress\/plugins\/seo\/ -->\n<title>2\u00ba Encuentro Metropolitano de CVC Jalisco: construyendo colectividad y transformando realidades - IberCultura Viva<\/title>\n<meta name=\"description\" content=\"2\u00ba Encuentro Metropolitano de CVC Jalisco: construyendo colectividad y transformando realidades - IberCultura Viva\" \/>\n<meta name=\"robots\" content=\"index, follow, max-snippet:-1, max-image-preview:large, max-video-preview:-1\" \/>\n<link rel=\"canonical\" href=\"https:\/\/iberculturaviva.org\/es\/2o-encuentro-metropolitano-de-cvc-jalisco-construyendo-colectividad-y-transformando-realidades\/\" \/>\n<meta property=\"og:locale\" content=\"es_ES\" \/>\n<meta property=\"og:type\" content=\"article\" \/>\n<meta property=\"og:title\" content=\"2\u00ba Encuentro Metropolitano de CVC Jalisco: construyendo colectividad y transformando realidades - IberCultura Viva\" \/>\n<meta property=\"og:description\" content=\"2\u00ba Encuentro Metropolitano de CVC Jalisco: construyendo colectividad y transformando realidades - IberCultura Viva\" \/>\n<meta property=\"og:url\" content=\"https:\/\/iberculturaviva.org\/es\/2o-encuentro-metropolitano-de-cvc-jalisco-construyendo-colectividad-y-transformando-realidades\/\" \/>\n<meta property=\"og:site_name\" content=\"IberCultura Viva\" \/>\n<meta property=\"article:publisher\" content=\"https:\/\/www.facebook.com\/iberculturaviva\/\" \/>\n<meta property=\"article:published_time\" content=\"2017-08-23T14:59:06+00:00\" \/>\n<meta property=\"article:modified_time\" content=\"2021-01-12T16:59:50+00:00\" \/>\n<meta property=\"og:image\" content=\"https:\/\/iberculturaviva.org\/wp-content\/uploads\/2017\/08\/cvcjalisco1-e1503501096732.jpg\" \/>\n\t<meta property=\"og:image:width\" content=\"1379\" \/>\n\t<meta property=\"og:image:height\" content=\"838\" \/>\n\t<meta property=\"og:image:type\" content=\"image\/jpeg\" \/>\n<meta name=\"author\" content=\"IberCultura\" \/>\n<meta name=\"twitter:card\" content=\"summary_large_image\" \/>\n<meta name=\"twitter:label1\" content=\"Escrito por\" \/>\n\t<meta name=\"twitter:data1\" content=\"IberCultura\" \/>\n\t<meta name=\"twitter:label2\" content=\"Tiempo de lectura\" \/>\n\t<meta name=\"twitter:data2\" content=\"3 minutos\" \/>\n<script type=\"application\/ld+json\" class=\"yoast-schema-graph\">{\"@context\":\"https:\/\/schema.org\",\"@graph\":[{\"@type\":\"Article\",\"@id\":\"https:\/\/iberculturaviva.org\/es\/2o-encuentro-metropolitano-de-cvc-jalisco-construyendo-colectividad-y-transformando-realidades\/#article\",\"isPartOf\":{\"@id\":\"https:\/\/iberculturaviva.org\/es\/2o-encuentro-metropolitano-de-cvc-jalisco-construyendo-colectividad-y-transformando-realidades\/\"},\"author\":{\"name\":\"IberCultura\",\"@id\":\"https:\/\/iberculturaviva.org\/es\/?lang=es\/#\/schema\/person\/5d1313b072cc25536e0431522f740b59\"},\"headline\":\"2\u00ba Encuentro Metropolitano de CVC Jalisco: construyendo colectividad y transformando realidades\",\"datePublished\":\"2017-08-23T14:59:06+00:00\",\"dateModified\":\"2021-01-12T16:59:50+00:00\",\"mainEntityOfPage\":{\"@id\":\"https:\/\/iberculturaviva.org\/es\/2o-encuentro-metropolitano-de-cvc-jalisco-construyendo-colectividad-y-transformando-realidades\/\"},\"wordCount\":649,\"publisher\":{\"@id\":\"https:\/\/iberculturaviva.org\/es\/?lang=es\/#organization\"},\"image\":{\"@id\":\"https:\/\/iberculturaviva.org\/es\/2o-encuentro-metropolitano-de-cvc-jalisco-construyendo-colectividad-y-transformando-realidades\/#primaryimage\"},\"thumbnailUrl\":\"https:\/\/iberculturaviva.org\/wp-content\/uploads\/2017\/08\/cvcjalisco1-e1503501096732.jpg\",\"articleSection\":[\"Noticias\"],\"inLanguage\":\"es\"},{\"@type\":\"WebPage\",\"@id\":\"https:\/\/iberculturaviva.org\/es\/2o-encuentro-metropolitano-de-cvc-jalisco-construyendo-colectividad-y-transformando-realidades\/\",\"url\":\"https:\/\/iberculturaviva.org\/es\/2o-encuentro-metropolitano-de-cvc-jalisco-construyendo-colectividad-y-transformando-realidades\/\",\"name\":\"2\u00ba Encuentro Metropolitano de CVC Jalisco: construyendo colectividad y transformando realidades - IberCultura Viva\",\"isPartOf\":{\"@id\":\"https:\/\/iberculturaviva.org\/es\/?lang=es\/#website\"},\"primaryImageOfPage\":{\"@id\":\"https:\/\/iberculturaviva.org\/es\/2o-encuentro-metropolitano-de-cvc-jalisco-construyendo-colectividad-y-transformando-realidades\/#primaryimage\"},\"image\":{\"@id\":\"https:\/\/iberculturaviva.org\/es\/2o-encuentro-metropolitano-de-cvc-jalisco-construyendo-colectividad-y-transformando-realidades\/#primaryimage\"},\"thumbnailUrl\":\"https:\/\/iberculturaviva.org\/wp-content\/uploads\/2017\/08\/cvcjalisco1-e1503501096732.jpg\",\"datePublished\":\"2017-08-23T14:59:06+00:00\",\"dateModified\":\"2021-01-12T16:59:50+00:00\",\"description\":\"2\u00ba Encuentro Metropolitano de CVC Jalisco: construyendo colectividad y transformando realidades - IberCultura Viva\",\"breadcrumb\":{\"@id\":\"https:\/\/iberculturaviva.org\/es\/2o-encuentro-metropolitano-de-cvc-jalisco-construyendo-colectividad-y-transformando-realidades\/#breadcrumb\"},\"inLanguage\":\"es\",\"potentialAction\":[{\"@type\":\"ReadAction\",\"target\":[\"https:\/\/iberculturaviva.org\/es\/2o-encuentro-metropolitano-de-cvc-jalisco-construyendo-colectividad-y-transformando-realidades\/\"]}]},{\"@type\":\"ImageObject\",\"inLanguage\":\"es\",\"@id\":\"https:\/\/iberculturaviva.org\/es\/2o-encuentro-metropolitano-de-cvc-jalisco-construyendo-colectividad-y-transformando-realidades\/#primaryimage\",\"url\":\"https:\/\/iberculturaviva.org\/wp-content\/uploads\/2017\/08\/cvcjalisco1-e1503501096732.jpg\",\"contentUrl\":\"https:\/\/iberculturaviva.org\/wp-content\/uploads\/2017\/08\/cvcjalisco1-e1503501096732.jpg\",\"width\":1379,\"height\":838},{\"@type\":\"BreadcrumbList\",\"@id\":\"https:\/\/iberculturaviva.org\/es\/2o-encuentro-metropolitano-de-cvc-jalisco-construyendo-colectividad-y-transformando-realidades\/#breadcrumb\",\"itemListElement\":[{\"@type\":\"ListItem\",\"position\":1,\"name\":\"In\u00edcio\",\"item\":\"https:\/\/iberculturaviva.org\/es\/inicio\/\"},{\"@type\":\"ListItem\",\"position\":2,\"name\":\"2\u00ba Encuentro Metropolitano de CVC Jalisco: construyendo colectividad y transformando realidades\"}]},{\"@type\":\"WebSite\",\"@id\":\"https:\/\/iberculturaviva.org\/es\/?lang=es\/#website\",\"url\":\"https:\/\/iberculturaviva.org\/es\/?lang=es\/\",\"name\":\"IberCultura Viva\",\"description\":\"Programa de cooperaci\u00f3n cultural\",\"publisher\":{\"@id\":\"https:\/\/iberculturaviva.org\/es\/?lang=es\/#organization\"},\"potentialAction\":[{\"@type\":\"SearchAction\",\"target\":{\"@type\":\"EntryPoint\",\"urlTemplate\":\"https:\/\/iberculturaviva.org\/es\/?lang=es\/?s={search_term_string}\"},\"query-input\":{\"@type\":\"PropertyValueSpecification\",\"valueRequired\":true,\"valueName\":\"search_term_string\"}}],\"inLanguage\":\"es\"},{\"@type\":\"Organization\",\"@id\":\"https:\/\/iberculturaviva.org\/es\/?lang=es\/#organization\",\"name\":\"Iberculturaviva\",\"url\":\"https:\/\/iberculturaviva.org\/es\/?lang=es\/\",\"logo\":{\"@type\":\"ImageObject\",\"inLanguage\":\"es\",\"@id\":\"https:\/\/iberculturaviva.org\/es\/?lang=es\/#\/schema\/logo\/image\/\",\"url\":\"https:\/\/iberculturaviva.org\/wp-content\/uploads\/2021\/08\/logo_ibercultura_viva.jpg\",\"contentUrl\":\"https:\/\/iberculturaviva.org\/wp-content\/uploads\/2021\/08\/logo_ibercultura_viva.jpg\",\"width\":708,\"height\":223,\"caption\":\"Iberculturaviva\"},\"image\":{\"@id\":\"https:\/\/iberculturaviva.org\/es\/?lang=es\/#\/schema\/logo\/image\/\"},\"sameAs\":[\"https:\/\/www.facebook.com\/iberculturaviva\/\",\"https:\/\/www.instagram.com\/iberculturaviva\/\",\"https:\/\/www.youtube.com\/iberculturaviva\"]},{\"@type\":\"Person\",\"@id\":\"https:\/\/iberculturaviva.org\/es\/?lang=es\/#\/schema\/person\/5d1313b072cc25536e0431522f740b59\",\"name\":\"IberCultura\",\"image\":{\"@type\":\"ImageObject\",\"inLanguage\":\"es\",\"@id\":\"https:\/\/iberculturaviva.org\/es\/?lang=es\/#\/schema\/person\/image\/\",\"url\":\"https:\/\/secure.gravatar.com\/avatar\/79f1a057cb125cbefb3765d0356d52fc7f3bba3a35e2cf22bc4de090bb7aef70?s=96&d=mm&r=g\",\"contentUrl\":\"https:\/\/secure.gravatar.com\/avatar\/79f1a057cb125cbefb3765d0356d52fc7f3bba3a35e2cf22bc4de090bb7aef70?s=96&d=mm&r=g\",\"caption\":\"IberCultura\"}}]}<\/script>\n<!-- \/ Yoast SEO plugin. -->","yoast_head_json":{"title":"2\u00ba Encuentro Metropolitano de CVC Jalisco: construyendo colectividad y transformando realidades - IberCultura Viva","description":"2\u00ba Encuentro Metropolitano de CVC Jalisco: construyendo colectividad y transformando realidades - IberCultura Viva","robots":{"index":"index","follow":"follow","max-snippet":"max-snippet:-1","max-image-preview":"max-image-preview:large","max-video-preview":"max-video-preview:-1"},"canonical":"https:\/\/iberculturaviva.org\/es\/2o-encuentro-metropolitano-de-cvc-jalisco-construyendo-colectividad-y-transformando-realidades\/","og_locale":"es_ES","og_type":"article","og_title":"2\u00ba Encuentro Metropolitano de CVC Jalisco: construyendo colectividad y transformando realidades - IberCultura Viva","og_description":"2\u00ba Encuentro Metropolitano de CVC Jalisco: construyendo colectividad y transformando realidades - IberCultura Viva","og_url":"https:\/\/iberculturaviva.org\/es\/2o-encuentro-metropolitano-de-cvc-jalisco-construyendo-colectividad-y-transformando-realidades\/","og_site_name":"IberCultura Viva","article_publisher":"https:\/\/www.facebook.com\/iberculturaviva\/","article_published_time":"2017-08-23T14:59:06+00:00","article_modified_time":"2021-01-12T16:59:50+00:00","og_image":[{"width":1379,"height":838,"url":"https:\/\/iberculturaviva.org\/wp-content\/uploads\/2017\/08\/cvcjalisco1-e1503501096732.jpg","type":"image\/jpeg"}],"author":"IberCultura","twitter_card":"summary_large_image","twitter_misc":{"Escrito por":"IberCultura","Tiempo de lectura":"3 minutos"},"schema":{"@context":"https:\/\/schema.org","@graph":[{"@type":"Article","@id":"https:\/\/iberculturaviva.org\/es\/2o-encuentro-metropolitano-de-cvc-jalisco-construyendo-colectividad-y-transformando-realidades\/#article","isPartOf":{"@id":"https:\/\/iberculturaviva.org\/es\/2o-encuentro-metropolitano-de-cvc-jalisco-construyendo-colectividad-y-transformando-realidades\/"},"author":{"name":"IberCultura","@id":"https:\/\/iberculturaviva.org\/es\/?lang=es\/#\/schema\/person\/5d1313b072cc25536e0431522f740b59"},"headline":"2\u00ba Encuentro Metropolitano de CVC Jalisco: construyendo colectividad y transformando realidades","datePublished":"2017-08-23T14:59:06+00:00","dateModified":"2021-01-12T16:59:50+00:00","mainEntityOfPage":{"@id":"https:\/\/iberculturaviva.org\/es\/2o-encuentro-metropolitano-de-cvc-jalisco-construyendo-colectividad-y-transformando-realidades\/"},"wordCount":649,"publisher":{"@id":"https:\/\/iberculturaviva.org\/es\/?lang=es\/#organization"},"image":{"@id":"https:\/\/iberculturaviva.org\/es\/2o-encuentro-metropolitano-de-cvc-jalisco-construyendo-colectividad-y-transformando-realidades\/#primaryimage"},"thumbnailUrl":"https:\/\/iberculturaviva.org\/wp-content\/uploads\/2017\/08\/cvcjalisco1-e1503501096732.jpg","articleSection":["Noticias"],"inLanguage":"es"},{"@type":"WebPage","@id":"https:\/\/iberculturaviva.org\/es\/2o-encuentro-metropolitano-de-cvc-jalisco-construyendo-colectividad-y-transformando-realidades\/","url":"https:\/\/iberculturaviva.org\/es\/2o-encuentro-metropolitano-de-cvc-jalisco-construyendo-colectividad-y-transformando-realidades\/","name":"2\u00ba Encuentro Metropolitano de CVC Jalisco: construyendo colectividad y transformando realidades - IberCultura Viva","isPartOf":{"@id":"https:\/\/iberculturaviva.org\/es\/?lang=es\/#website"},"primaryImageOfPage":{"@id":"https:\/\/iberculturaviva.org\/es\/2o-encuentro-metropolitano-de-cvc-jalisco-construyendo-colectividad-y-transformando-realidades\/#primaryimage"},"image":{"@id":"https:\/\/iberculturaviva.org\/es\/2o-encuentro-metropolitano-de-cvc-jalisco-construyendo-colectividad-y-transformando-realidades\/#primaryimage"},"thumbnailUrl":"https:\/\/iberculturaviva.org\/wp-content\/uploads\/2017\/08\/cvcjalisco1-e1503501096732.jpg","datePublished":"2017-08-23T14:59:06+00:00","dateModified":"2021-01-12T16:59:50+00:00","description":"2\u00ba Encuentro Metropolitano de CVC Jalisco: construyendo colectividad y transformando realidades - IberCultura Viva","breadcrumb":{"@id":"https:\/\/iberculturaviva.org\/es\/2o-encuentro-metropolitano-de-cvc-jalisco-construyendo-colectividad-y-transformando-realidades\/#breadcrumb"},"inLanguage":"es","potentialAction":[{"@type":"ReadAction","target":["https:\/\/iberculturaviva.org\/es\/2o-encuentro-metropolitano-de-cvc-jalisco-construyendo-colectividad-y-transformando-realidades\/"]}]},{"@type":"ImageObject","inLanguage":"es","@id":"https:\/\/iberculturaviva.org\/es\/2o-encuentro-metropolitano-de-cvc-jalisco-construyendo-colectividad-y-transformando-realidades\/#primaryimage","url":"https:\/\/iberculturaviva.org\/wp-content\/uploads\/2017\/08\/cvcjalisco1-e1503501096732.jpg","contentUrl":"https:\/\/iberculturaviva.org\/wp-content\/uploads\/2017\/08\/cvcjalisco1-e1503501096732.jpg","width":1379,"height":838},{"@type":"BreadcrumbList","@id":"https:\/\/iberculturaviva.org\/es\/2o-encuentro-metropolitano-de-cvc-jalisco-construyendo-colectividad-y-transformando-realidades\/#breadcrumb","itemListElement":[{"@type":"ListItem","position":1,"name":"In\u00edcio","item":"https:\/\/iberculturaviva.org\/es\/inicio\/"},{"@type":"ListItem","position":2,"name":"2\u00ba Encuentro Metropolitano de CVC Jalisco: construyendo colectividad y transformando realidades"}]},{"@type":"WebSite","@id":"https:\/\/iberculturaviva.org\/es\/?lang=es\/#website","url":"https:\/\/iberculturaviva.org\/es\/?lang=es\/","name":"IberCultura Viva","description":"Programa de cooperaci\u00f3n cultural","publisher":{"@id":"https:\/\/iberculturaviva.org\/es\/?lang=es\/#organization"},"potentialAction":[{"@type":"SearchAction","target":{"@type":"EntryPoint","urlTemplate":"https:\/\/iberculturaviva.org\/es\/?lang=es\/?s={search_term_string}"},"query-input":{"@type":"PropertyValueSpecification","valueRequired":true,"valueName":"search_term_string"}}],"inLanguage":"es"},{"@type":"Organization","@id":"https:\/\/iberculturaviva.org\/es\/?lang=es\/#organization","name":"Iberculturaviva","url":"https:\/\/iberculturaviva.org\/es\/?lang=es\/","logo":{"@type":"ImageObject","inLanguage":"es","@id":"https:\/\/iberculturaviva.org\/es\/?lang=es\/#\/schema\/logo\/image\/","url":"https:\/\/iberculturaviva.org\/wp-content\/uploads\/2021\/08\/logo_ibercultura_viva.jpg","contentUrl":"https:\/\/iberculturaviva.org\/wp-content\/uploads\/2021\/08\/logo_ibercultura_viva.jpg","width":708,"height":223,"caption":"Iberculturaviva"},"image":{"@id":"https:\/\/iberculturaviva.org\/es\/?lang=es\/#\/schema\/logo\/image\/"},"sameAs":["https:\/\/www.facebook.com\/iberculturaviva\/","https:\/\/www.instagram.com\/iberculturaviva\/","https:\/\/www.youtube.com\/iberculturaviva"]},{"@type":"Person","@id":"https:\/\/iberculturaviva.org\/es\/?lang=es\/#\/schema\/person\/5d1313b072cc25536e0431522f740b59","name":"IberCultura","image":{"@type":"ImageObject","inLanguage":"es","@id":"https:\/\/iberculturaviva.org\/es\/?lang=es\/#\/schema\/person\/image\/","url":"https:\/\/secure.gravatar.com\/avatar\/79f1a057cb125cbefb3765d0356d52fc7f3bba3a35e2cf22bc4de090bb7aef70?s=96&d=mm&r=g","contentUrl":"https:\/\/secure.gravatar.com\/avatar\/79f1a057cb125cbefb3765d0356d52fc7f3bba3a35e2cf22bc4de090bb7aef70?s=96&d=mm&r=g","caption":"IberCultura"}}]}},"main_category":{"link":"https:\/\/iberculturaviva.org\/es\/category\/noticias-es\/","name":"Noticias","slug":"noticias-es"},"_links":{"self":[{"href":"https:\/\/iberculturaviva.org\/es\/wp-json\/wp\/v2\/posts\/16239","targetHints":{"allow":["GET"]}}],"collection":[{"href":"https:\/\/iberculturaviva.org\/es\/wp-json\/wp\/v2\/posts"}],"about":[{"href":"https:\/\/iberculturaviva.org\/es\/wp-json\/wp\/v2\/types\/post"}],"author":[{"embeddable":true,"href":"https:\/\/iberculturaviva.org\/es\/wp-json\/wp\/v2\/users\/2"}],"replies":[{"embeddable":true,"href":"https:\/\/iberculturaviva.org\/es\/wp-json\/wp\/v2\/comments?post=16239"}],"version-history":[{"count":1,"href":"https:\/\/iberculturaviva.org\/es\/wp-json\/wp\/v2\/posts\/16239\/revisions"}],"predecessor-version":[{"id":22747,"href":"https:\/\/iberculturaviva.org\/es\/wp-json\/wp\/v2\/posts\/16239\/revisions\/22747"}],"wp:featuredmedia":[{"embeddable":true,"href":"https:\/\/iberculturaviva.org\/es\/wp-json\/wp\/v2\/media\/19190"}],"wp:attachment":[{"href":"https:\/\/iberculturaviva.org\/es\/wp-json\/wp\/v2\/media?parent=16239"}],"wp:term":[{"taxonomy":"category","embeddable":true,"href":"https:\/\/iberculturaviva.org\/es\/wp-json\/wp\/v2\/categories?post=16239"},{"taxonomy":"post_tag","embeddable":true,"href":"https:\/\/iberculturaviva.org\/es\/wp-json\/wp\/v2\/tags?post=16239"},{"taxonomy":"country-municipality","embeddable":true,"href":"https:\/\/iberculturaviva.org\/es\/wp-json\/wp\/v2\/country-municipality?post=16239"}],"curies":[{"name":"wp","href":"https:\/\/api.w.org\/{rel}","templated":true}]}}