{"id":16237,"date":"2017-08-22T11:58:26","date_gmt":"2017-08-22T14:58:26","guid":{"rendered":"https:\/\/iberculturaviva.org\/conclusiones-del-encuentro-de-organizaciones-culturales-comunitarias-participacion-ciudadana-como-un-derecho-social\/"},"modified":"2021-01-12T13:59:57","modified_gmt":"2021-01-12T16:59:57","slug":"conclusiones-del-encuentro-de-organizaciones-culturales-comunitarias-participacion-ciudadana-como-un-derecho-social","status":"publish","type":"post","link":"https:\/\/iberculturaviva.org\/es\/conclusiones-del-encuentro-de-organizaciones-culturales-comunitarias-participacion-ciudadana-como-un-derecho-social\/","title":{"rendered":"Conclusiones del Encuentro de Organizaciones Culturales Comunitarias: participaci\u00f3n ciudadana como un derecho social"},"content":{"rendered":"<p style=\"text-align: justify;\">\u201cCultura y desarrollo humano: derechos y territorio\u201d es el tema central de las Convenciones Regionales de Cultura que el Consejo Nacional de la Cultura y las Artes lleva a cabo en Chile en 2017. Las convenciones son consideradas la instancia m\u00e1s importante en t\u00e9rminos participativos para la construcci\u00f3n de las pol\u00edticas culturales regionales, y funcionan como antesala de la Convenci\u00f3n Nacional de Cultura.<\/p>\n<p style=\"text-align: justify;\">Este a\u00f1o, en la Regi\u00f3n Metropolitana de Chile, m\u00e1s de un centenar de organizaciones firmaron una carta p\u00fablica dirigida al ministro de Cultura, exigiendo participaci\u00f3n efectiva en el dise\u00f1o de las pol\u00edticas culturales para el per\u00edodo 2017-2022. En este marco surge el \u201cEncuentro de Organizaciones Culturales Comunitarias\u201d, realizado el 22 de julio en la Casa Central de la Universidad Cat\u00f3lica Silva Henr\u00edquez, en Santiago. Las conclusiones de la jornada est\u00e1n disponibles en un <a href=\"https:\/\/egac.cl\/wp-content\/uploads\/2017\/07\/Conclusiones-Encuentro-OCC.pdf\">documento<\/a> firmado por las cuatro entidades organizadoras.<\/p>\n<p style=\"text-align: justify;\">Promovido bajo el lema \u201cParticipaci\u00f3n ciudadana como un derecho social\u201d, el encuentro fue convocado por el Consejo Nacional de la Cultura y las Artes (CNCA)\u2013 Regi\u00f3n Metropolitana, la Escuela de Gestores y Animadores Culturales (Egac), la Red Cultura Viva Comunitaria Chile y la Asociaci\u00f3n Cultura Viva Comunitaria Plataforma Chile. Esta fue la primera vez que las cuatro entidades se juntaron en la regi\u00f3n para recoger la opini\u00f3n de algunas organizaciones culturales de base para la nueva pol\u00edtica cultural del per\u00edodo 2017-2022.<\/p>\n<p><a href=\"https:\/\/iberculturaviva.org\/wp-content\/uploads\/2017\/08\/IMG_1269X.jpg\"><img loading=\"lazy\" decoding=\"async\" class=\"aligncenter size-large wp-image-7250\" src=\"https:\/\/iberculturaviva.org\/wp-content\/uploads\/2017\/08\/IMG_1269X-960x382.jpg\" alt=\"\" width=\"640\" height=\"255\" \/><\/a><\/p>\n<h4 style=\"text-align: justify;\"><b>Metodolog\u00eda y mesas de trabajo<\/b><\/h4>\n<p style=\"text-align: justify;\">En las semanas previas al evento se realizaron reuniones en las que se acordaron los objetivos, la forma de trabajo, los equipos a constituir y el programa de la actividad. Tambi\u00e9n se elabor\u00f3 un documento de trabajo \u2013l\u00ednea base- que reuni\u00f3 los principales acuerdos, propuestas, ejes rectores, y conclusiones sistematizadas. Se estableci\u00f3 que los compromisos, demandas y sue\u00f1os emanados de esta jornada ser\u00edan entregados al Consejo Nacional de la Cultura y las Artes como aporte a la Convenci\u00f3n Nacional de Cultura y la pr\u00f3xima pol\u00edtica cultural.<\/p>\n<p style=\"text-align: justify;\">El 22 de julio, la jornada comenz\u00f3 con un trabajo de integraci\u00f3n y creaci\u00f3n colectiva de sentidos a trav\u00e9s de t\u00e9cnicas de animaci\u00f3n comunitaria y teatro espont\u00e1neo. Tras las din\u00e1micas de grupo, se formaron cinco mesas de trabajo: 1) Pol\u00edticas p\u00fablicas culturales para el sector comunitario e institucionalidad; 2) Recursos y financiamiento; 3) Formaci\u00f3n y capacitaci\u00f3n; 4) Asociatividad, redes y participaci\u00f3n ciudadana; y 5) Congreso Latinoamericano de Cultura Viva Comunitaria. La mesa 4 tambi\u00e9n abarc\u00f3 el tema \u201cUso de los espacios p\u00fablicos\u201d, antes previsto como una sexta mesa de trabajo.<\/p>\n<div id=\"attachment_7193\" style=\"width: 650px\" class=\"wp-caption aligncenter\"><a href=\"https:\/\/iberculturaviva.org\/wp-content\/uploads\/2017\/07\/IMG_1263.jpg\"><img loading=\"lazy\" decoding=\"async\" aria-describedby=\"caption-attachment-7193\" class=\"wp-image-7193 size-large\" src=\"https:\/\/iberculturaviva.org\/wp-content\/uploads\/2017\/07\/IMG_1263-e1503414134976-960x538.jpg\" alt=\"\" width=\"640\" height=\"359\" \/><\/a><p id=\"caption-attachment-7193\" class=\"wp-caption-text\">La mesa 4: \u00abAsociatividad, redes, participaci\u00f3n ciudadana y uso de los espacios p\u00fablicos\u00bb<\/p><\/div>\n<p>&nbsp;<\/p>\n<p style=\"text-align: justify;\">A lo largo del d\u00eda, los participantes buscaron realizar un diagn\u00f3stico del sector cultural comunitario y levantar demandas y propuestas en torno a los principales ejes que conformar\u00e1n la nueva pol\u00edtica cultural del sector en la Regi\u00f3n Metropolitana. Los debates fueron grabados para posterior sistematizaci\u00f3n, y al fin de la tarde se realiz\u00f3 una plenaria de cierre donde cada grupo expuso sus conclusiones.<\/p>\n<p style=\"text-align: justify;\">Una segunda reuni\u00f3n se hizo necesaria para la preparaci\u00f3n de un documento con los diagn\u00f3sticos y propuestas debatidos en el encuentro. Este documento fue puesto en consideraci\u00f3n de las organizaciones e instituciones convocantes y a trav\u00e9s de estas, a los facilitadores del trabajo de grupos, quienes realizaron observaciones de forma y fondo del texto. Las principales reflexiones surgidas en el encuentro, recogidas del trabajo de los cinco grupos, est\u00e1n sistematizadas en 17 p\u00e1ginas, disponibles en la p\u00e1gina web de <a href=\"https:\/\/egac.cl\/\">Egac<\/a>.<\/p>\n<div id=\"attachment_7198\" style=\"width: 650px\" class=\"wp-caption aligncenter\"><a href=\"https:\/\/iberculturaviva.org\/wp-content\/uploads\/2017\/07\/IMG_1284-x.jpg\"><img loading=\"lazy\" decoding=\"async\" aria-describedby=\"caption-attachment-7198\" class=\"wp-image-7198 size-large\" src=\"https:\/\/iberculturaviva.org\/wp-content\/uploads\/2017\/07\/IMG_1284-x-960x659.jpg\" alt=\"\" width=\"640\" height=\"439\" \/><\/a><p id=\"caption-attachment-7198\" class=\"wp-caption-text\">Roberto Guerra (Egac) en la plenaria de cierre<\/p><\/div>\n<p style=\"text-align: justify;\">A continuaci\u00f3n, algunas de las propuestas de los grupos.<\/p>\n<p>&nbsp;<\/p>\n<ol style=\"text-align: justify;\">\n<li>\n<h4><b>Pol\u00edticas p\u00fablicas culturales <\/b><\/h4>\n<\/li>\n<\/ol>\n<p style=\"text-align: justify;\"><a href=\"https:\/\/iberculturaviva.org\/wp-content\/uploads\/2017\/07\/IMG_1298-x.jpg\"><img loading=\"lazy\" decoding=\"async\" class=\"wp-image-7215 alignright\" src=\"https:\/\/iberculturaviva.org\/wp-content\/uploads\/2017\/07\/IMG_1298-x-e1503414177533-960x845.jpg\" alt=\"\" width=\"228\" height=\"201\" \/><\/a>En la mesa 1 se propuso, por ejemplo, avanzar hacia el dise\u00f1o participativo de una pol\u00edtica cultural y una ley para el fortalecimiento de la cultura comunitaria, que asegure el reconocimiento de las pr\u00e1cticas culturales de los territorios y favorezca su desarrollo, tomando otros pa\u00edses iberoamericanos como referencias para impulsar este proceso.<\/p>\n<p style=\"text-align: justify;\">Los participantes tambi\u00e9n propusieron, entre otras acciones, la instalaci\u00f3n de una mesa de trabajo permanente para el sector cultural comunitario a nivel del CNCA en sus niveles regional y nacional, con participaci\u00f3n de las redes y organizaciones representativas y de trayectoria en el sector, como instancia t\u00e9cnica asesora de acompa\u00f1amiento al dise\u00f1o de las pol\u00edticas para el sector.<\/p>\n<p>&nbsp;<\/p>\n<p>&nbsp;<\/p>\n<ol start=\"2\">\n<li>\n<h4 style=\"text-align: justify;\"><b> Recursos y financiamento<\/b><\/h4>\n<\/li>\n<\/ol>\n<p style=\"text-align: justify;\"><a href=\"https:\/\/iberculturaviva.org\/wp-content\/uploads\/2017\/08\/IMG_1290X.jpg\"><img loading=\"lazy\" decoding=\"async\" class=\" wp-image-7236 alignright\" src=\"https:\/\/iberculturaviva.org\/wp-content\/uploads\/2017\/08\/IMG_1290X-960x546.jpg\" alt=\"\" width=\"251\" height=\"143\" \/><\/a>Impulsar la creaci\u00f3n de un programa nacional de Cultura Viva Comunitaria en conjunto con el CNCA, y crear un Fondo Nacional de iniciativas culturales comunitarias, permanente y con recursos suficientes para apoyar al sector, fueron algunas de las propuestas debatidas en la mesa 2.<\/p>\n<p style=\"text-align: justify;\">Adem\u00e1s, se habl\u00f3 de la realizaci\u00f3n de un congreso nacional de organizaciones culturales comunitarias desde el espacio local, tomando como referencia la experiencia de los Cabildos Culturales, y de un mapeo de buenas pr\u00e1cticas municipales en relaci\u00f3n al trabajo con las organizaciones culturales, como forma de visibilizar experiencias positivas en este \u00e1mbito.<\/p>\n<p>&nbsp;<\/p>\n<p>&nbsp;<\/p>\n<ol style=\"text-align: justify;\" start=\"3\">\n<li>\n<h4><b>Formaci\u00f3n y capacitaci\u00f3n<\/b><\/h4>\n<\/li>\n<\/ol>\n<p style=\"text-align: justify;\"><a href=\"https:\/\/iberculturaviva.org\/wp-content\/uploads\/2017\/07\/IMG_1287.jpg\"><img loading=\"lazy\" decoding=\"async\" class=\" wp-image-7211 alignright\" src=\"https:\/\/iberculturaviva.org\/wp-content\/uploads\/2017\/07\/IMG_1287-960x640.jpg\" alt=\"\" width=\"252\" height=\"168\" \/><\/a>Entre las acciones citadas en la mesa 3 est\u00e1 la constituci\u00f3n de un equipo t\u00e9cnico que tenga por misi\u00f3n el desarrollo de un programa de formaci\u00f3n y capacitaci\u00f3n para los agentes culturales comunitarios, que surja desde el propio sector. Como temas para estas capacitaciones aparecen como necesidades la elaboraci\u00f3n de proyectos culturales, gesti\u00f3n y financiamiento (incorporando las diversas fuentes y posibilidades existentes), comunicaci\u00f3n popular, liderazgo y asociatividad, entre otros.<\/p>\n<p style=\"text-align: justify;\">Los participantes a\u00fan plantean la creaci\u00f3n de una instancia de nivel regional que agrupe y represente a las organizaciones culturales comunitarias (\u201cuna coordinadora\u201d), que establezca l\u00edneas de acci\u00f3n y elabore propuestas en beneficio de la cultura comunitaria con una agenda de trabajo a corto, mediano y largo plazo. Asimismo, buscan canales de informaci\u00f3n \u201cv\u00e1lidos, confiables y democr\u00e1ticos\u201d para la difusi\u00f3n de las actividades de las organizaciones culturales comunitarias, por ejemplo, a trav\u00e9s de la creaci\u00f3n de una p\u00e1gina web del sector.<\/p>\n<p>&nbsp;<\/p>\n<ol start=\"4\">\n<li>\n<h4 style=\"text-align: justify;\"><b> Asociatividad, redes, participaci\u00f3n ciudadana y uso de los espacios p\u00fablicos <\/b><\/h4>\n<\/li>\n<\/ol>\n<p style=\"text-align: justify;\"><a href=\"https:\/\/iberculturaviva.org\/wp-content\/uploads\/2017\/07\/IMG_1292.jpg\"><img loading=\"lazy\" decoding=\"async\" class=\"wp-image-7214 alignright\" src=\"https:\/\/iberculturaviva.org\/wp-content\/uploads\/2017\/07\/IMG_1292-e1503414225541-960x579.jpg\" alt=\"\" width=\"254\" height=\"153\" \/><\/a>Generar una plataforma web para visibilizar las experiencias culturales y favorecer el encuentro en el espacio virtual y el trabajo en conjunto tambi\u00e9n fue una de las propuestas presentadas en la mesa 4. Adem\u00e1s, se pens\u00f3 en realizar un catastro de organizaciones culturales comunitarias sin distinci\u00f3n de su condici\u00f3n jur\u00eddica, que contemple no solo su nombre, sino datos de contacto, \u00e1mbito de acci\u00f3n y localizaci\u00f3n, recursos culturales que puedan ser compartidos, necesidades organizacionales, memoria de sus aportes, entre otros aspectos.<\/p>\n<p style=\"text-align: justify;\">En esta mesa, la que reuni\u00f3 el mayor n\u00famero de integrantes (m\u00e1s de 20), tambi\u00e9n se coment\u00f3 la idea de trabajar por una \u201cley de cultura comunitaria\u201d que vaya en directo beneficio del desarrollo cultural de las comunidades, y la creaci\u00f3n de \u201cConsejos Comunales de Cultura resolutivos y vinculantes\u201d, como espacio deliberativo y de articulaci\u00f3n de las organizaciones culturales comunitarias a nivel local.<\/p>\n<p>&nbsp;<\/p>\n<ol style=\"text-align: justify;\" start=\"5\">\n<li>\n<h4><b> Congreso Latinoamericano de Cultura Viva Comunitaria<\/b><\/h4>\n<\/li>\n<\/ol>\n<p style=\"text-align: justify;\"><b><a href=\"https:\/\/iberculturaviva.org\/wp-content\/uploads\/2017\/07\/IMG_1304.jpg\"><img loading=\"lazy\" decoding=\"async\" class=\" wp-image-7216 alignright\" src=\"https:\/\/iberculturaviva.org\/wp-content\/uploads\/2017\/07\/IMG_1304-960x640.jpg\" alt=\"\" width=\"250\" height=\"167\" \/><\/a><\/b>\u00a0El 3\u00ba Congreso Latinoamericano de Cultura Viva Comunitaria se realizar\u00e1 del 20 al 26 de noviembre de 2017 en Quito, Ecuador. Estos congresos son un espacio que cada dos a\u00f1os re\u00fane a cientos de experiencias comunitarias del continente, por lo que les parece importante \u201cencontrarse\u201d, \u201creconocerse\u201d y compartir experiencias con organizaciones de otros pa\u00edses. La iniciativa es vista por los participantes como \u201cun hito del proceso latinoamericano de fortalecimiento de la cultura viva comunitaria\u201d y considerada como fortalecimiento del movimiento en Chile.<\/p>\n<p style=\"text-align: justify;\">La idea es tener una delegaci\u00f3n chilena que se defina como \u201camplia y diversa\u201d, que refleje el conjunto de experiencias y perspectivas que dan vida a este sector. Para ello, adem\u00e1s de contar con la colaboraci\u00f3n del Consejo Nacional de la Cultura y las Artes en el financiamiento de esta delegaci\u00f3n, el grupo cree que las propias organizaciones pueden recurrir a sus municipios para solicitar apoyos v\u00eda subvenciones.<\/p>\n<p><b> \u00a0 \u00a0 \u00a0 \u00a0 \u00a0 \u00a0 \u00a0 \u00a0 <\/b><b>\u00a0 \u00a0\u00a0<\/b><\/p>\n<h4><strong>Para descargar las conclusiones: <\/strong><\/h4>\n<p><strong><a href=\"https:\/\/egac.cl\/wp-content\/uploads\/2017\/07\/Conclusiones-Encuentro-OCC.pdf\">https:\/\/egac.cl\/wp-content\/uploads\/2017\/07\/Conclusiones-Encuentro-OCC.pdf<\/a> <\/strong><\/p>\n<p>&nbsp;<\/p>\n<h4>Lea tambi\u00e9n:<\/h4>\n<p><a href=\"https:\/\/iberculturaviva.org\/es\/organizaciones-comunitarias-se-reunen-para-aportar-a-la-nueva-politica-cultural-de-chile\/\">Organizaciones comunitarias se re\u00fanen para aportar a la nueva pol\u00edtica cultural de Chile<\/a><\/p>\n<p><a href=\"https:\/\/egac.cl\/2017\/07\/25\/encuentro-organizaciones-culturales-comunitarias-la-cultura-viva-plantea-propuestas\/\">Encuentro de organizaciones culturales comunitarias: la cultura viva plantea sus propuestas<\/a><\/p>\n<p>&nbsp;<\/p>\n","protected":false},"excerpt":{"rendered":"<p>\u201cCultura y desarrollo humano: derechos y territorio\u201d es el tema central de las Convenciones Regionales de Cultura que el Consejo Nacional de la Cultura y las Artes lleva a cabo [&hellip;]<\/p>\n","protected":false},"author":2,"featured_media":0,"comment_status":"closed","ping_status":"closed","sticky":false,"template":"","format":"standard","meta":{"_coblocks_attr":"","_coblocks_dimensions":"","_coblocks_responsive_height":"","_coblocks_accordion_ie_support":"","_EventAllDay":false,"_EventTimezone":"","_EventStartDate":"","_EventEndDate":"","_EventStartDateUTC":"","_EventEndDateUTC":"","_EventShowMap":false,"_EventShowMapLink":false,"_EventURL":"","_EventCost":"","_EventCostDescription":"","_EventCurrencySymbol":"","_EventCurrencyCode":"","_EventCurrencyPosition":"","_EventDateTimeSeparator":"","_EventTimeRangeSeparator":"","_EventOrganizerID":[],"_EventVenueID":[],"_OrganizerEmail":"","_OrganizerPhone":"","_OrganizerWebsite":"","_VenueAddress":"","_VenueCity":"","_VenueCountry":"","_VenueProvince":"","_VenueState":"","_VenueZip":"","_VenuePhone":"","_VenueURL":"","_VenueStateProvince":"","_VenueLat":"","_VenueLng":"","_VenueShowMap":false,"_VenueShowMapLink":false,"footnotes":""},"categories":[262],"tags":[],"country-municipality":[],"class_list":["post-16237","post","type-post","status-publish","format-standard","hentry","category-noticias-es"],"yoast_head":"<!-- This site is optimized with the Yoast SEO plugin v25.7 - https:\/\/yoast.com\/wordpress\/plugins\/seo\/ -->\n<title>Conclusiones del Encuentro de Organizaciones Culturales Comunitarias: participaci\u00f3n ciudadana como un derecho social - IberCultura Viva<\/title>\n<meta name=\"description\" content=\"Conclusiones del Encuentro de Organizaciones Culturales Comunitarias: participaci\u00f3n ciudadana como un derecho social - IberCultura Viva\" \/>\n<meta name=\"robots\" content=\"index, follow, max-snippet:-1, max-image-preview:large, max-video-preview:-1\" \/>\n<link rel=\"canonical\" href=\"https:\/\/iberculturaviva.org\/es\/conclusiones-del-encuentro-de-organizaciones-culturales-comunitarias-participacion-ciudadana-como-un-derecho-social\/\" \/>\n<meta property=\"og:locale\" content=\"es_ES\" \/>\n<meta property=\"og:type\" content=\"article\" \/>\n<meta property=\"og:title\" content=\"Conclusiones del Encuentro de Organizaciones Culturales Comunitarias: participaci\u00f3n ciudadana como un derecho social - IberCultura Viva\" \/>\n<meta property=\"og:description\" content=\"Conclusiones del Encuentro de Organizaciones Culturales Comunitarias: participaci\u00f3n ciudadana como un derecho social - IberCultura Viva\" \/>\n<meta property=\"og:url\" content=\"https:\/\/iberculturaviva.org\/es\/conclusiones-del-encuentro-de-organizaciones-culturales-comunitarias-participacion-ciudadana-como-un-derecho-social\/\" \/>\n<meta property=\"og:site_name\" content=\"IberCultura Viva\" \/>\n<meta property=\"article:publisher\" content=\"https:\/\/www.facebook.com\/iberculturaviva\/\" \/>\n<meta property=\"article:published_time\" content=\"2017-08-22T14:58:26+00:00\" \/>\n<meta property=\"article:modified_time\" content=\"2021-01-12T16:59:57+00:00\" \/>\n<meta property=\"og:image\" content=\"https:\/\/iberculturaviva.org\/wp-content\/uploads\/2017\/08\/IMG_1269X-960x382.jpg\" \/>\n<meta name=\"author\" content=\"IberCultura\" \/>\n<meta name=\"twitter:card\" content=\"summary_large_image\" \/>\n<meta name=\"twitter:label1\" content=\"Escrito por\" \/>\n\t<meta name=\"twitter:data1\" content=\"IberCultura\" \/>\n\t<meta name=\"twitter:label2\" content=\"Tiempo de lectura\" \/>\n\t<meta name=\"twitter:data2\" content=\"7 minutos\" \/>\n<script type=\"application\/ld+json\" class=\"yoast-schema-graph\">{\"@context\":\"https:\/\/schema.org\",\"@graph\":[{\"@type\":\"Article\",\"@id\":\"https:\/\/iberculturaviva.org\/es\/conclusiones-del-encuentro-de-organizaciones-culturales-comunitarias-participacion-ciudadana-como-un-derecho-social\/#article\",\"isPartOf\":{\"@id\":\"https:\/\/iberculturaviva.org\/es\/conclusiones-del-encuentro-de-organizaciones-culturales-comunitarias-participacion-ciudadana-como-un-derecho-social\/\"},\"author\":{\"name\":\"IberCultura\",\"@id\":\"https:\/\/iberculturaviva.org\/es\/?lang=es\/#\/schema\/person\/5d1313b072cc25536e0431522f740b59\"},\"headline\":\"Conclusiones del Encuentro de Organizaciones Culturales Comunitarias: participaci\u00f3n ciudadana como un derecho social\",\"datePublished\":\"2017-08-22T14:58:26+00:00\",\"dateModified\":\"2021-01-12T16:59:57+00:00\",\"mainEntityOfPage\":{\"@id\":\"https:\/\/iberculturaviva.org\/es\/conclusiones-del-encuentro-de-organizaciones-culturales-comunitarias-participacion-ciudadana-como-un-derecho-social\/\"},\"wordCount\":1433,\"publisher\":{\"@id\":\"https:\/\/iberculturaviva.org\/es\/?lang=es\/#organization\"},\"image\":{\"@id\":\"https:\/\/iberculturaviva.org\/es\/conclusiones-del-encuentro-de-organizaciones-culturales-comunitarias-participacion-ciudadana-como-un-derecho-social\/#primaryimage\"},\"thumbnailUrl\":\"https:\/\/iberculturaviva.org\/wp-content\/uploads\/2017\/08\/IMG_1269X-960x382.jpg\",\"articleSection\":[\"Noticias\"],\"inLanguage\":\"es\"},{\"@type\":\"WebPage\",\"@id\":\"https:\/\/iberculturaviva.org\/es\/conclusiones-del-encuentro-de-organizaciones-culturales-comunitarias-participacion-ciudadana-como-un-derecho-social\/\",\"url\":\"https:\/\/iberculturaviva.org\/es\/conclusiones-del-encuentro-de-organizaciones-culturales-comunitarias-participacion-ciudadana-como-un-derecho-social\/\",\"name\":\"Conclusiones del Encuentro de Organizaciones Culturales Comunitarias: participaci\u00f3n ciudadana como un derecho social - IberCultura Viva\",\"isPartOf\":{\"@id\":\"https:\/\/iberculturaviva.org\/es\/?lang=es\/#website\"},\"primaryImageOfPage\":{\"@id\":\"https:\/\/iberculturaviva.org\/es\/conclusiones-del-encuentro-de-organizaciones-culturales-comunitarias-participacion-ciudadana-como-un-derecho-social\/#primaryimage\"},\"image\":{\"@id\":\"https:\/\/iberculturaviva.org\/es\/conclusiones-del-encuentro-de-organizaciones-culturales-comunitarias-participacion-ciudadana-como-un-derecho-social\/#primaryimage\"},\"thumbnailUrl\":\"https:\/\/iberculturaviva.org\/wp-content\/uploads\/2017\/08\/IMG_1269X-960x382.jpg\",\"datePublished\":\"2017-08-22T14:58:26+00:00\",\"dateModified\":\"2021-01-12T16:59:57+00:00\",\"description\":\"Conclusiones del Encuentro de Organizaciones Culturales Comunitarias: participaci\u00f3n ciudadana como un derecho social - IberCultura Viva\",\"breadcrumb\":{\"@id\":\"https:\/\/iberculturaviva.org\/es\/conclusiones-del-encuentro-de-organizaciones-culturales-comunitarias-participacion-ciudadana-como-un-derecho-social\/#breadcrumb\"},\"inLanguage\":\"es\",\"potentialAction\":[{\"@type\":\"ReadAction\",\"target\":[\"https:\/\/iberculturaviva.org\/es\/conclusiones-del-encuentro-de-organizaciones-culturales-comunitarias-participacion-ciudadana-como-un-derecho-social\/\"]}]},{\"@type\":\"ImageObject\",\"inLanguage\":\"es\",\"@id\":\"https:\/\/iberculturaviva.org\/es\/conclusiones-del-encuentro-de-organizaciones-culturales-comunitarias-participacion-ciudadana-como-un-derecho-social\/#primaryimage\",\"url\":\"https:\/\/iberculturaviva.org\/wp-content\/uploads\/2017\/08\/IMG_1269X-960x382.jpg\",\"contentUrl\":\"https:\/\/iberculturaviva.org\/wp-content\/uploads\/2017\/08\/IMG_1269X-960x382.jpg\"},{\"@type\":\"BreadcrumbList\",\"@id\":\"https:\/\/iberculturaviva.org\/es\/conclusiones-del-encuentro-de-organizaciones-culturales-comunitarias-participacion-ciudadana-como-un-derecho-social\/#breadcrumb\",\"itemListElement\":[{\"@type\":\"ListItem\",\"position\":1,\"name\":\"In\u00edcio\",\"item\":\"https:\/\/iberculturaviva.org\/es\/inicio\/\"},{\"@type\":\"ListItem\",\"position\":2,\"name\":\"Conclusiones del Encuentro de Organizaciones Culturales Comunitarias: participaci\u00f3n ciudadana como un derecho social\"}]},{\"@type\":\"WebSite\",\"@id\":\"https:\/\/iberculturaviva.org\/es\/?lang=es\/#website\",\"url\":\"https:\/\/iberculturaviva.org\/es\/?lang=es\/\",\"name\":\"IberCultura Viva\",\"description\":\"Programa de cooperaci\u00f3n cultural\",\"publisher\":{\"@id\":\"https:\/\/iberculturaviva.org\/es\/?lang=es\/#organization\"},\"potentialAction\":[{\"@type\":\"SearchAction\",\"target\":{\"@type\":\"EntryPoint\",\"urlTemplate\":\"https:\/\/iberculturaviva.org\/es\/?lang=es\/?s={search_term_string}\"},\"query-input\":{\"@type\":\"PropertyValueSpecification\",\"valueRequired\":true,\"valueName\":\"search_term_string\"}}],\"inLanguage\":\"es\"},{\"@type\":\"Organization\",\"@id\":\"https:\/\/iberculturaviva.org\/es\/?lang=es\/#organization\",\"name\":\"Iberculturaviva\",\"url\":\"https:\/\/iberculturaviva.org\/es\/?lang=es\/\",\"logo\":{\"@type\":\"ImageObject\",\"inLanguage\":\"es\",\"@id\":\"https:\/\/iberculturaviva.org\/es\/?lang=es\/#\/schema\/logo\/image\/\",\"url\":\"https:\/\/iberculturaviva.org\/wp-content\/uploads\/2021\/08\/logo_ibercultura_viva.jpg\",\"contentUrl\":\"https:\/\/iberculturaviva.org\/wp-content\/uploads\/2021\/08\/logo_ibercultura_viva.jpg\",\"width\":708,\"height\":223,\"caption\":\"Iberculturaviva\"},\"image\":{\"@id\":\"https:\/\/iberculturaviva.org\/es\/?lang=es\/#\/schema\/logo\/image\/\"},\"sameAs\":[\"https:\/\/www.facebook.com\/iberculturaviva\/\",\"https:\/\/www.instagram.com\/iberculturaviva\/\",\"https:\/\/www.youtube.com\/iberculturaviva\"]},{\"@type\":\"Person\",\"@id\":\"https:\/\/iberculturaviva.org\/es\/?lang=es\/#\/schema\/person\/5d1313b072cc25536e0431522f740b59\",\"name\":\"IberCultura\",\"image\":{\"@type\":\"ImageObject\",\"inLanguage\":\"es\",\"@id\":\"https:\/\/iberculturaviva.org\/es\/?lang=es\/#\/schema\/person\/image\/\",\"url\":\"https:\/\/secure.gravatar.com\/avatar\/79f1a057cb125cbefb3765d0356d52fc7f3bba3a35e2cf22bc4de090bb7aef70?s=96&d=mm&r=g\",\"contentUrl\":\"https:\/\/secure.gravatar.com\/avatar\/79f1a057cb125cbefb3765d0356d52fc7f3bba3a35e2cf22bc4de090bb7aef70?s=96&d=mm&r=g\",\"caption\":\"IberCultura\"}}]}<\/script>\n<!-- \/ Yoast SEO plugin. -->","yoast_head_json":{"title":"Conclusiones del Encuentro de Organizaciones Culturales Comunitarias: participaci\u00f3n ciudadana como un derecho social - IberCultura Viva","description":"Conclusiones del Encuentro de Organizaciones Culturales Comunitarias: participaci\u00f3n ciudadana como un derecho social - IberCultura Viva","robots":{"index":"index","follow":"follow","max-snippet":"max-snippet:-1","max-image-preview":"max-image-preview:large","max-video-preview":"max-video-preview:-1"},"canonical":"https:\/\/iberculturaviva.org\/es\/conclusiones-del-encuentro-de-organizaciones-culturales-comunitarias-participacion-ciudadana-como-un-derecho-social\/","og_locale":"es_ES","og_type":"article","og_title":"Conclusiones del Encuentro de Organizaciones Culturales Comunitarias: participaci\u00f3n ciudadana como un derecho social - IberCultura Viva","og_description":"Conclusiones del Encuentro de Organizaciones Culturales Comunitarias: participaci\u00f3n ciudadana como un derecho social - IberCultura Viva","og_url":"https:\/\/iberculturaviva.org\/es\/conclusiones-del-encuentro-de-organizaciones-culturales-comunitarias-participacion-ciudadana-como-un-derecho-social\/","og_site_name":"IberCultura Viva","article_publisher":"https:\/\/www.facebook.com\/iberculturaviva\/","article_published_time":"2017-08-22T14:58:26+00:00","article_modified_time":"2021-01-12T16:59:57+00:00","og_image":[{"url":"https:\/\/iberculturaviva.org\/wp-content\/uploads\/2017\/08\/IMG_1269X-960x382.jpg","type":"","width":"","height":""}],"author":"IberCultura","twitter_card":"summary_large_image","twitter_misc":{"Escrito por":"IberCultura","Tiempo de lectura":"7 minutos"},"schema":{"@context":"https:\/\/schema.org","@graph":[{"@type":"Article","@id":"https:\/\/iberculturaviva.org\/es\/conclusiones-del-encuentro-de-organizaciones-culturales-comunitarias-participacion-ciudadana-como-un-derecho-social\/#article","isPartOf":{"@id":"https:\/\/iberculturaviva.org\/es\/conclusiones-del-encuentro-de-organizaciones-culturales-comunitarias-participacion-ciudadana-como-un-derecho-social\/"},"author":{"name":"IberCultura","@id":"https:\/\/iberculturaviva.org\/es\/?lang=es\/#\/schema\/person\/5d1313b072cc25536e0431522f740b59"},"headline":"Conclusiones del Encuentro de Organizaciones Culturales Comunitarias: participaci\u00f3n ciudadana como un derecho social","datePublished":"2017-08-22T14:58:26+00:00","dateModified":"2021-01-12T16:59:57+00:00","mainEntityOfPage":{"@id":"https:\/\/iberculturaviva.org\/es\/conclusiones-del-encuentro-de-organizaciones-culturales-comunitarias-participacion-ciudadana-como-un-derecho-social\/"},"wordCount":1433,"publisher":{"@id":"https:\/\/iberculturaviva.org\/es\/?lang=es\/#organization"},"image":{"@id":"https:\/\/iberculturaviva.org\/es\/conclusiones-del-encuentro-de-organizaciones-culturales-comunitarias-participacion-ciudadana-como-un-derecho-social\/#primaryimage"},"thumbnailUrl":"https:\/\/iberculturaviva.org\/wp-content\/uploads\/2017\/08\/IMG_1269X-960x382.jpg","articleSection":["Noticias"],"inLanguage":"es"},{"@type":"WebPage","@id":"https:\/\/iberculturaviva.org\/es\/conclusiones-del-encuentro-de-organizaciones-culturales-comunitarias-participacion-ciudadana-como-un-derecho-social\/","url":"https:\/\/iberculturaviva.org\/es\/conclusiones-del-encuentro-de-organizaciones-culturales-comunitarias-participacion-ciudadana-como-un-derecho-social\/","name":"Conclusiones del Encuentro de Organizaciones Culturales Comunitarias: participaci\u00f3n ciudadana como un derecho social - IberCultura Viva","isPartOf":{"@id":"https:\/\/iberculturaviva.org\/es\/?lang=es\/#website"},"primaryImageOfPage":{"@id":"https:\/\/iberculturaviva.org\/es\/conclusiones-del-encuentro-de-organizaciones-culturales-comunitarias-participacion-ciudadana-como-un-derecho-social\/#primaryimage"},"image":{"@id":"https:\/\/iberculturaviva.org\/es\/conclusiones-del-encuentro-de-organizaciones-culturales-comunitarias-participacion-ciudadana-como-un-derecho-social\/#primaryimage"},"thumbnailUrl":"https:\/\/iberculturaviva.org\/wp-content\/uploads\/2017\/08\/IMG_1269X-960x382.jpg","datePublished":"2017-08-22T14:58:26+00:00","dateModified":"2021-01-12T16:59:57+00:00","description":"Conclusiones del Encuentro de Organizaciones Culturales Comunitarias: participaci\u00f3n ciudadana como un derecho social - IberCultura Viva","breadcrumb":{"@id":"https:\/\/iberculturaviva.org\/es\/conclusiones-del-encuentro-de-organizaciones-culturales-comunitarias-participacion-ciudadana-como-un-derecho-social\/#breadcrumb"},"inLanguage":"es","potentialAction":[{"@type":"ReadAction","target":["https:\/\/iberculturaviva.org\/es\/conclusiones-del-encuentro-de-organizaciones-culturales-comunitarias-participacion-ciudadana-como-un-derecho-social\/"]}]},{"@type":"ImageObject","inLanguage":"es","@id":"https:\/\/iberculturaviva.org\/es\/conclusiones-del-encuentro-de-organizaciones-culturales-comunitarias-participacion-ciudadana-como-un-derecho-social\/#primaryimage","url":"https:\/\/iberculturaviva.org\/wp-content\/uploads\/2017\/08\/IMG_1269X-960x382.jpg","contentUrl":"https:\/\/iberculturaviva.org\/wp-content\/uploads\/2017\/08\/IMG_1269X-960x382.jpg"},{"@type":"BreadcrumbList","@id":"https:\/\/iberculturaviva.org\/es\/conclusiones-del-encuentro-de-organizaciones-culturales-comunitarias-participacion-ciudadana-como-un-derecho-social\/#breadcrumb","itemListElement":[{"@type":"ListItem","position":1,"name":"In\u00edcio","item":"https:\/\/iberculturaviva.org\/es\/inicio\/"},{"@type":"ListItem","position":2,"name":"Conclusiones del Encuentro de Organizaciones Culturales Comunitarias: participaci\u00f3n ciudadana como un derecho social"}]},{"@type":"WebSite","@id":"https:\/\/iberculturaviva.org\/es\/?lang=es\/#website","url":"https:\/\/iberculturaviva.org\/es\/?lang=es\/","name":"IberCultura Viva","description":"Programa de cooperaci\u00f3n cultural","publisher":{"@id":"https:\/\/iberculturaviva.org\/es\/?lang=es\/#organization"},"potentialAction":[{"@type":"SearchAction","target":{"@type":"EntryPoint","urlTemplate":"https:\/\/iberculturaviva.org\/es\/?lang=es\/?s={search_term_string}"},"query-input":{"@type":"PropertyValueSpecification","valueRequired":true,"valueName":"search_term_string"}}],"inLanguage":"es"},{"@type":"Organization","@id":"https:\/\/iberculturaviva.org\/es\/?lang=es\/#organization","name":"Iberculturaviva","url":"https:\/\/iberculturaviva.org\/es\/?lang=es\/","logo":{"@type":"ImageObject","inLanguage":"es","@id":"https:\/\/iberculturaviva.org\/es\/?lang=es\/#\/schema\/logo\/image\/","url":"https:\/\/iberculturaviva.org\/wp-content\/uploads\/2021\/08\/logo_ibercultura_viva.jpg","contentUrl":"https:\/\/iberculturaviva.org\/wp-content\/uploads\/2021\/08\/logo_ibercultura_viva.jpg","width":708,"height":223,"caption":"Iberculturaviva"},"image":{"@id":"https:\/\/iberculturaviva.org\/es\/?lang=es\/#\/schema\/logo\/image\/"},"sameAs":["https:\/\/www.facebook.com\/iberculturaviva\/","https:\/\/www.instagram.com\/iberculturaviva\/","https:\/\/www.youtube.com\/iberculturaviva"]},{"@type":"Person","@id":"https:\/\/iberculturaviva.org\/es\/?lang=es\/#\/schema\/person\/5d1313b072cc25536e0431522f740b59","name":"IberCultura","image":{"@type":"ImageObject","inLanguage":"es","@id":"https:\/\/iberculturaviva.org\/es\/?lang=es\/#\/schema\/person\/image\/","url":"https:\/\/secure.gravatar.com\/avatar\/79f1a057cb125cbefb3765d0356d52fc7f3bba3a35e2cf22bc4de090bb7aef70?s=96&d=mm&r=g","contentUrl":"https:\/\/secure.gravatar.com\/avatar\/79f1a057cb125cbefb3765d0356d52fc7f3bba3a35e2cf22bc4de090bb7aef70?s=96&d=mm&r=g","caption":"IberCultura"}}]}},"main_category":{"link":"https:\/\/iberculturaviva.org\/es\/category\/noticias-es\/","name":"Noticias","slug":"noticias-es"},"_links":{"self":[{"href":"https:\/\/iberculturaviva.org\/es\/wp-json\/wp\/v2\/posts\/16237","targetHints":{"allow":["GET"]}}],"collection":[{"href":"https:\/\/iberculturaviva.org\/es\/wp-json\/wp\/v2\/posts"}],"about":[{"href":"https:\/\/iberculturaviva.org\/es\/wp-json\/wp\/v2\/types\/post"}],"author":[{"embeddable":true,"href":"https:\/\/iberculturaviva.org\/es\/wp-json\/wp\/v2\/users\/2"}],"replies":[{"embeddable":true,"href":"https:\/\/iberculturaviva.org\/es\/wp-json\/wp\/v2\/comments?post=16237"}],"version-history":[{"count":1,"href":"https:\/\/iberculturaviva.org\/es\/wp-json\/wp\/v2\/posts\/16237\/revisions"}],"predecessor-version":[{"id":22748,"href":"https:\/\/iberculturaviva.org\/es\/wp-json\/wp\/v2\/posts\/16237\/revisions\/22748"}],"wp:attachment":[{"href":"https:\/\/iberculturaviva.org\/es\/wp-json\/wp\/v2\/media?parent=16237"}],"wp:term":[{"taxonomy":"category","embeddable":true,"href":"https:\/\/iberculturaviva.org\/es\/wp-json\/wp\/v2\/categories?post=16237"},{"taxonomy":"post_tag","embeddable":true,"href":"https:\/\/iberculturaviva.org\/es\/wp-json\/wp\/v2\/tags?post=16237"},{"taxonomy":"country-municipality","embeddable":true,"href":"https:\/\/iberculturaviva.org\/es\/wp-json\/wp\/v2\/country-municipality?post=16237"}],"curies":[{"name":"wp","href":"https:\/\/api.w.org\/{rel}","templated":true}]}}