{"id":16215,"date":"2017-06-29T20:02:25","date_gmt":"2017-06-29T23:02:25","guid":{"rendered":"https:\/\/iberculturaviva.org\/cultura-viva-en-las-ciudades-de-america-latina-iniciativas-municipales-en-debate\/"},"modified":"2021-01-12T14:01:13","modified_gmt":"2021-01-12T17:01:13","slug":"cultura-viva-en-las-ciudades-de-america-latina-iniciativas-municipales-en-debate","status":"publish","type":"post","link":"https:\/\/iberculturaviva.org\/es\/cultura-viva-en-las-ciudades-de-america-latina-iniciativas-municipales-en-debate\/","title":{"rendered":"\u00abCultura Viva en las Ciudades de Am\u00e9rica Latina\u00bb: iniciativas municipales en debate"},"content":{"rendered":"<p style=\"text-align: justify;\"><span style=\"font-weight: 400;\">El encuentro \u00abCultura Viva en las Ciudades de Am\u00e9rica Latina\u00bb, uno de los ganadores de la Convocatoria IberCultura Viva de Apoyo a Redes 2016, se realizar\u00e1 del 1 al 4 de julio en Campinas (S\u00e3o Paulo, Brasil). Debates, talleres, conversatorios, recorridos, lanzamiento de libros y celebraciones son algunas de las actividades programadas. <\/span><\/p>\n<p style=\"text-align: justify;\"><span style=\"font-weight: 400;\">El objetivo es reunir las principales experiencias de pol\u00edticas p\u00fablicas de Cultura Viva Comunitaria y de Puntos de Cultura en nivel municipal, como las existentes en las ciudades de Lima (Per\u00fa) y Medell\u00edn (Colombia) para debates y intercambios.\u00a0<\/span><span style=\"font-weight: 400;\">Entre los m\u00e1s de 20 invitados latinoamericanos se encuentran el colombiano Jairo Castrill\u00f3n, el argentino Eduardo Bal\u00e1n, el boliviano Mario Rodriguez, el ecuatoriano Isaac Pe\u00f1aHerrera, el mexicano Rafael Paredes y la uruguaya Milagros Lorier.<\/span><\/p>\n<p style=\"text-align: justify;\"><span style=\"font-weight: 400;\">El encuentro con representantes latinoamericanos tambi\u00e9n marcar\u00e1 el lanzamiento del Decreto de Reglamentaci\u00f3n de la Ley Cultura Viva municipal. Campinas fue la primera ciudad brasile\u00f1a que tuvo una ley propia para los Puntos de Cultura. Se aprob\u00f3 la ley en<\/span><span style=\"font-weight: 400;\"> 2015, en consonancia con la Pol\u00edtica Nacional de Cultura Viva. <\/span><\/p>\n<p style=\"text-align: justify;\"><span style=\"font-weight: 400;\">El evento en Campinas es una realiza\u00e7\u00e3o del Punto de Cultura NINA y Laborat\u00f3rio de Pol\u00edticas Culturais, en coordinaci\u00f3n con los Puntos de Cultura Crispim Menino Levado, Caminhos, Urucungos, Aret\u00e9, Rede Usina Geradora, Comunidade Jongo Dito Ribeiro, Iba\u00f4 e Casa de Cultura Tain\u00e3, Coletivo de Salvaguarda da Capoeira de Campinas, Banz\u00e9 Cultural, Coletivo Socializando Saberes, Laborat\u00f3rio de Produ\u00e7\u00e3o Cultural da Esta\u00e7\u00e3o Cultura y Laborat\u00f3rio do Bem Viver. Tambi\u00e9n es una colaboraci\u00f3n con la Ag\u00eancia de Not\u00edcias das Favelas (ANF), que promover\u00e1 del 6 al 9 de julio, en Niter\u00f3i (R\u00edo de Janeiro), el <\/span><a href=\"https:\/\/www.facebook.com\/elaccanf\/?fref=nf\"><b>Encontro Latino-Americano de Comunica\u00e7\u00e3o Comunit\u00e1ria<\/b><\/a><span style=\"font-weight: 400;\">.<\/span><\/p>\n<p><span style=\"font-weight: 400;\">Saiba mais: <\/span><a href=\"https:\/\/www.facebook.com\/events\/1317669931680025\/\"><span style=\"font-weight: 400;\">www.facebook.com\/events\/1317669931680025\/<\/span><\/a><\/p>\n<p>&nbsp;<\/p>\n<p>[divider] [\/divider]<\/p>\n<p>&nbsp;<\/p>\n<h4 style=\"margin: 0px 0px 16px; padding: 0px; color: #6b106f; border: 0px; outline: 0px; font-style: normal; font-variant-ligatures: normal; font-variant-caps: normal; font-variant-numeric: inherit; font-weight: bold; font-stretch: inherit; font-size: 14px; line-height: 16px; font-family: 'Open Sans', arial, sans-serif; vertical-align: baseline; transition: all 0.3s ease 0s; letter-spacing: normal; orphans: 2; text-align: start; text-indent: 0px; text-transform: none; white-space: normal; widows: 2; word-spacing: 0px; -webkit-text-stroke-width: 0px; background-color: #ffffff; text-decoration-style: initial; text-decoration-color: initial;\">Revisa la programaci\u00f3n:<\/h4>\n<h4 style=\"margin: 0px 0px 16px; padding: 0px; color: #6b106f; border: 0px; outline: 0px; font-style: normal; font-variant-ligatures: normal; font-variant-caps: normal; font-variant-numeric: inherit; font-weight: bold; font-stretch: inherit; font-size: 14px; line-height: 16px; font-family: 'Open Sans', arial, sans-serif; vertical-align: baseline; transition: all 0.3s ease 0s; letter-spacing: normal; orphans: 2; text-align: start; text-indent: 0px; text-transform: none; white-space: normal; widows: 2; word-spacing: 0px; -webkit-text-stroke-width: 0px; background-color: #ffffff; text-decoration-style: initial; text-decoration-color: initial;\"><b>01\/07- S\u00e1bado<\/b><\/h4>\n<p style=\"margin: 0px 0px 10px; padding: 0px; border: 0px; outline: 0px; font-style: normal; font-variant-ligatures: normal; font-variant-caps: normal; font-variant-numeric: inherit; font-weight: normal; font-stretch: inherit; font-size: 14px; line-height: 18px; font-family: 'Open Sans', arial, sans-serif; vertical-align: baseline; color: #555555; letter-spacing: normal; orphans: 2; text-align: start; text-indent: 0px; text-transform: none; white-space: normal; widows: 2; word-spacing: 0px; -webkit-text-stroke-width: 0px; background-color: #ffffff; text-decoration-style: initial; text-decoration-color: initial;\"><strong>9h \u2013 Chegan\u00e7a \u2013 Percurso Cultura Viva Pisa na Tradi\u00e7\u00e3o<\/strong><\/p>\n<p style=\"margin: 0px 0px 10px; padding: 0px; border: 0px; outline: 0px; font-style: normal; font-variant-ligatures: normal; font-variant-caps: normal; font-variant-numeric: inherit; font-weight: normal; font-stretch: inherit; font-size: 14px; line-height: 18px; font-family: 'Open Sans', arial, sans-serif; vertical-align: baseline; color: #555555; letter-spacing: normal; orphans: 2; text-align: start; text-indent: 0px; text-transform: none; white-space: normal; widows: 2; word-spacing: 0px; -webkit-text-stroke-width: 0px; background-color: #ffffff; text-decoration-style: initial; text-decoration-color: initial;\"><b>Local:\u00a0<\/b>Casa de Cultura Fazenda Roseira<\/p>\n<p style=\"margin: 0px 0px 10px; padding: 0px; border: 0px; outline: 0px; font-style: normal; font-variant-ligatures: normal; font-variant-caps: normal; font-variant-numeric: inherit; font-weight: normal; font-stretch: inherit; font-size: 14px; line-height: 18px; font-family: 'Open Sans', arial, sans-serif; vertical-align: baseline; color: #555555; letter-spacing: normal; orphans: 2; text-align: start; text-indent: 0px; text-transform: none; white-space: normal; widows: 2; word-spacing: 0px; -webkit-text-stroke-width: 0px; background-color: #ffffff; text-decoration-style: initial; text-decoration-color: initial;\">Troca de saberes com a Comunidade Jongo Dito Ribeiro, que faz a gest\u00e3o compartilhada da Casa de Cultura Fazenda Roseira com a Prefeitura de Campinas, em torno da identidade negra, a partir da cultura de matriz africana e do jongo.<\/p>\n<p style=\"margin: 0px 0px 10px; padding: 0px; border: 0px; outline: 0px; font-style: normal; font-variant-ligatures: normal; font-variant-caps: normal; font-variant-numeric: inherit; font-weight: normal; font-stretch: inherit; font-size: 14px; line-height: 18px; font-family: 'Open Sans', arial, sans-serif; vertical-align: baseline; color: #555555; letter-spacing: normal; orphans: 2; text-align: start; text-indent: 0px; text-transform: none; white-space: normal; widows: 2; word-spacing: 0px; -webkit-text-stroke-width: 0px; background-color: #ffffff; text-decoration-style: initial; text-decoration-color: initial;\"><strong>11h \u2013 Roda de Encontros: De Campinas a Quito (Equador)\u00a0<\/strong><\/p>\n<p style=\"margin: 0px 0px 10px; padding: 0px; border: 0px; outline: 0px; font-style: normal; font-variant-ligatures: normal; font-variant-caps: normal; font-variant-numeric: inherit; font-weight: normal; font-stretch: inherit; font-size: 14px; line-height: 18px; font-family: 'Open Sans', arial, sans-serif; vertical-align: baseline; color: #555555; letter-spacing: normal; orphans: 2; text-align: start; text-indent: 0px; text-transform: none; white-space: normal; widows: 2; word-spacing: 0px; -webkit-text-stroke-width: 0px; background-color: #ffffff; text-decoration-style: initial; text-decoration-color: initial;\"><b>Local:\u00a0<\/b>Casa de Cultura Fazenda Roseira<\/p>\n<p style=\"margin: 0px 0px 10px; padding: 0px; border: 0px; outline: 0px; font-style: normal; font-variant-ligatures: normal; font-variant-caps: normal; font-variant-numeric: inherit; font-weight: normal; font-stretch: inherit; font-size: 14px; line-height: 18px; font-family: 'Open Sans', arial, sans-serif; vertical-align: baseline; color: #555555; letter-spacing: normal; orphans: 2; text-align: start; text-indent: 0px; text-transform: none; white-space: normal; widows: 2; word-spacing: 0px; -webkit-text-stroke-width: 0px; background-color: #ffffff; text-decoration-style: initial; text-decoration-color: initial;\">Cada participante contar\u00e1 sua origem, sua trajet\u00f3ria, e o que vem ofertar para a constru\u00e7\u00e3o desse encontro e seus desdobramentos ao 3\u00ba Congresso Latino-Americano de Cultura Viva Comunit\u00e1ria, que ser\u00e1 realizado em Quito em novembro.<\/p>\n<p style=\"margin: 0px 0px 10px; padding: 0px; border: 0px; outline: 0px; font-style: normal; font-variant-ligatures: normal; font-variant-caps: normal; font-variant-numeric: inherit; font-weight: normal; font-stretch: inherit; font-size: 14px; line-height: 18px; font-family: 'Open Sans', arial, sans-serif; vertical-align: baseline; color: #555555; letter-spacing: normal; orphans: 2; text-align: start; text-indent: 0px; text-transform: none; white-space: normal; widows: 2; word-spacing: 0px; -webkit-text-stroke-width: 0px; background-color: #ffffff; text-decoration-style: initial; text-decoration-color: initial;\"><strong>12h \u2013 Almo\u00e7o \u00a0<\/strong><\/p>\n<p style=\"margin: 0px 0px 10px; padding: 0px; border: 0px; outline: 0px; font-style: normal; font-variant-ligatures: normal; font-variant-caps: normal; font-variant-numeric: inherit; font-weight: normal; font-stretch: inherit; font-size: 14px; line-height: 18px; font-family: 'Open Sans', arial, sans-serif; vertical-align: baseline; color: #555555; letter-spacing: normal; orphans: 2; text-align: start; text-indent: 0px; text-transform: none; white-space: normal; widows: 2; word-spacing: 0px; -webkit-text-stroke-width: 0px; background-color: #ffffff; text-decoration-style: initial; text-decoration-color: initial;\"><strong>14h \u2013\u00a0 Percurso Cultura Viva no Ponto De Cultura e Mem\u00f3ria Iba\u00f4\u00a0<\/strong><\/p>\n<p style=\"margin: 0px 0px 10px; padding: 0px; border: 0px; outline: 0px; font-style: normal; font-variant-ligatures: normal; font-variant-caps: normal; font-variant-numeric: inherit; font-weight: normal; font-stretch: inherit; font-size: 14px; line-height: 18px; font-family: 'Open Sans', arial, sans-serif; vertical-align: baseline; color: #555555; letter-spacing: normal; orphans: 2; text-align: start; text-indent: 0px; text-transform: none; white-space: normal; widows: 2; word-spacing: 0px; -webkit-text-stroke-width: 0px; background-color: #ffffff; text-decoration-style: initial; text-decoration-color: initial;\"><b>Local:\u00a0<\/b>Ponto de Cultura Iba\u00f4<\/p>\n<p style=\"margin: 0px 0px 10px; padding: 0px; border: 0px; outline: 0px; font-style: normal; font-variant-ligatures: normal; font-variant-caps: normal; font-variant-numeric: inherit; font-weight: normal; font-stretch: inherit; font-size: 14px; line-height: 18px; font-family: 'Open Sans', arial, sans-serif; vertical-align: baseline; color: #555555; letter-spacing: normal; orphans: 2; text-align: start; text-indent: 0px; text-transform: none; white-space: normal; widows: 2; word-spacing: 0px; -webkit-text-stroke-width: 0px; background-color: #ffffff; text-decoration-style: initial; text-decoration-color: initial;\">Uma viv\u00eancia com Mestre David com Afox\u00e9 Iba\u00f4 In\u00e3 ati Omi, \u00a0fundado em 2009. Aberto a todos que desejam vivenciar a tradi\u00e7\u00e3o de origem nag\u00f4.<\/p>\n<p style=\"margin: 0px 0px 10px; padding: 0px; border: 0px; outline: 0px; font-style: normal; font-variant-ligatures: normal; font-variant-caps: normal; font-variant-numeric: inherit; font-weight: normal; font-stretch: inherit; font-size: 14px; line-height: 18px; font-family: 'Open Sans', arial, sans-serif; vertical-align: baseline; color: #555555; letter-spacing: normal; orphans: 2; text-align: start; text-indent: 0px; text-transform: none; white-space: normal; widows: 2; word-spacing: 0px; -webkit-text-stroke-width: 0px; background-color: #ffffff; text-decoration-style: initial; text-decoration-color: initial;\"><strong>16h \u2013 Patrim\u00f4nio, Mem\u00f3ria e Resist\u00eancia \u2013 \u00a0O sentido da mem\u00f3ria \u00e9 a transforma\u00e7\u00e3o do presente<\/strong><\/p>\n<p style=\"margin: 0px 0px 10px; padding: 0px; border: 0px; outline: 0px; font-style: normal; font-variant-ligatures: normal; font-variant-caps: normal; font-variant-numeric: inherit; font-weight: normal; font-stretch: inherit; font-size: 14px; line-height: 18px; font-family: 'Open Sans', arial, sans-serif; vertical-align: baseline; color: #555555; letter-spacing: normal; orphans: 2; text-align: start; text-indent: 0px; text-transform: none; white-space: normal; widows: 2; word-spacing: 0px; -webkit-text-stroke-width: 0px; background-color: #ffffff; text-decoration-style: initial; text-decoration-color: initial;\"><b>Local:\u00a0<\/b>Casa de Cultura Tain\u00e3<\/p>\n<p style=\"margin: 0px 0px 10px; padding: 0px; border: 0px; outline: 0px; font-style: normal; font-variant-ligatures: normal; font-variant-caps: normal; font-variant-numeric: inherit; font-weight: normal; font-stretch: inherit; font-size: 14px; line-height: 18px; font-family: 'Open Sans', arial, sans-serif; vertical-align: baseline; color: #555555; letter-spacing: normal; orphans: 2; text-align: start; text-indent: 0px; text-transform: none; white-space: normal; widows: 2; word-spacing: 0px; -webkit-text-stroke-width: 0px; background-color: #ffffff; text-decoration-style: initial; text-decoration-color: initial;\">Uma viv\u00eancia teatral com o Grupo Comunit\u00e1rio Teatro Fora dos Trilhos, da Rede e Ponto de Cultura Usina Geradora, que apresenta narrativas sobre a funda\u00e7\u00e3o da cidade de Campinas por meio de encena\u00e7\u00f5es, brincadeiras, dan\u00e7as e m\u00fasicas.<\/p>\n<p style=\"margin: 0px 0px 10px; padding: 0px; border: 0px; outline: 0px; font-style: normal; font-variant-ligatures: normal; font-variant-caps: normal; font-variant-numeric: inherit; font-weight: normal; font-stretch: inherit; font-size: 14px; line-height: 18px; font-family: 'Open Sans', arial, sans-serif; vertical-align: baseline; color: #555555; letter-spacing: normal; orphans: 2; text-align: start; text-indent: 0px; text-transform: none; white-space: normal; widows: 2; word-spacing: 0px; -webkit-text-stroke-width: 0px; background-color: #ffffff; text-decoration-style: initial; text-decoration-color: initial;\"><strong>17h \u2013 Roda Tem\u00e1tica \u00a0\u2013 Sementes, Tradi\u00e7\u00e3o e (R)Exist\u00eancia da Cultura Viva<\/strong><\/p>\n<p style=\"margin: 0px 0px 10px; padding: 0px; border: 0px; outline: 0px; font-style: normal; font-variant-ligatures: normal; font-variant-caps: normal; font-variant-numeric: inherit; font-weight: normal; font-stretch: inherit; font-size: 14px; line-height: 18px; font-family: 'Open Sans', arial, sans-serif; vertical-align: baseline; color: #555555; letter-spacing: normal; orphans: 2; text-align: start; text-indent: 0px; text-transform: none; white-space: normal; widows: 2; word-spacing: 0px; -webkit-text-stroke-width: 0px; background-color: #ffffff; text-decoration-style: initial; text-decoration-color: initial;\"><b>Local:\u00a0<\/b>Casa de Cultura Tain\u00e3<\/p>\n<p style=\"margin: 0px 0px 10px; padding: 0px; border: 0px; outline: 0px; font-style: normal; font-variant-ligatures: normal; font-variant-caps: normal; font-variant-numeric: inherit; font-weight: normal; font-stretch: inherit; font-size: 14px; line-height: 18px; font-family: 'Open Sans', arial, sans-serif; vertical-align: baseline; color: #555555; letter-spacing: normal; orphans: 2; text-align: start; text-indent: 0px; text-transform: none; white-space: normal; widows: 2; word-spacing: 0px; -webkit-text-stroke-width: 0px; background-color: #ffffff; text-decoration-style: initial; text-decoration-color: initial;\">Em Campinas, na Casa de Cultura Tain\u00e3 e Grupo Urucungos, Pu\u00edtas e Quijengues, \u00a0surgem as experi\u00eancias seminais dos Pontos de Cultura no Brasil. Retornando ao ponto de partida, essa roda de conversa p\u00f5e em perspectiva a cosmovis\u00e3o afro brasileira e as conex\u00f5es a partir \u00a0de cada pa\u00eds.<\/p>\n<p style=\"margin: 0px 0px 10px; padding: 0px; border: 0px; outline: 0px; font-style: normal; font-variant-ligatures: normal; font-variant-caps: normal; font-variant-numeric: inherit; font-weight: normal; font-stretch: inherit; font-size: 14px; line-height: 18px; font-family: 'Open Sans', arial, sans-serif; vertical-align: baseline; color: #555555; letter-spacing: normal; orphans: 2; text-align: start; text-indent: 0px; text-transform: none; white-space: normal; widows: 2; word-spacing: 0px; -webkit-text-stroke-width: 0px; background-color: #ffffff; text-decoration-style: initial; text-decoration-color: initial;\"><b>19h \u2013 Jantar\u00a0<\/b><\/p>\n<p style=\"margin: 0px 0px 10px; padding: 0px; border: 0px; outline: 0px; font-style: normal; font-variant-ligatures: normal; font-variant-caps: normal; font-variant-numeric: inherit; font-weight: normal; font-stretch: inherit; font-size: 14px; line-height: 18px; font-family: 'Open Sans', arial, sans-serif; vertical-align: baseline; color: #555555; letter-spacing: normal; orphans: 2; text-align: start; text-indent: 0px; text-transform: none; white-space: normal; widows: 2; word-spacing: 0px; -webkit-text-stroke-width: 0px; background-color: #ffffff; text-decoration-style: initial; text-decoration-color: initial;\"><strong>20h \u2013 \u00a0\u00a0Roda de Tambores \u00c1frica para as Am\u00e9ricas<\/strong><\/p>\n<p style=\"margin: 0px 0px 10px; padding: 0px; border: 0px; outline: 0px; font-style: normal; font-variant-ligatures: normal; font-variant-caps: normal; font-variant-numeric: inherit; font-weight: normal; font-stretch: inherit; font-size: 14px; line-height: 18px; font-family: 'Open Sans', arial, sans-serif; vertical-align: baseline; color: #555555; letter-spacing: normal; orphans: 2; text-align: start; text-indent: 0px; text-transform: none; white-space: normal; widows: 2; word-spacing: 0px; -webkit-text-stroke-width: 0px; background-color: #ffffff; text-decoration-style: initial; text-decoration-color: initial;\"><b>Local:\u00a0<\/b>Casa de Cultura Tain\u00e3<\/p>\n<p style=\"margin: 0px 0px 10px; padding: 0px; border: 0px; outline: 0px; font-style: normal; font-variant-ligatures: normal; font-variant-caps: normal; font-variant-numeric: inherit; font-weight: normal; font-stretch: inherit; font-size: 14px; line-height: 18px; font-family: 'Open Sans', arial, sans-serif; vertical-align: baseline; color: #555555; letter-spacing: normal; orphans: 2; text-align: start; text-indent: 0px; text-transform: none; white-space: normal; widows: 2; word-spacing: 0px; -webkit-text-stroke-width: 0px; background-color: #ffffff; text-decoration-style: initial; text-decoration-color: initial;\">Viv\u00eancia e di\u00e1logos com tambores seus toques e origens. Da \u00c1frica para as Am\u00e9ricas e entre pa\u00edses da Am\u00e9rica Latina.<\/p>\n<h4 style=\"margin: 0px 0px 16px; padding: 0px; color: #6b106f; border: 0px; outline: 0px; font-style: normal; font-variant-ligatures: normal; font-variant-caps: normal; font-variant-numeric: inherit; font-weight: bold; font-stretch: inherit; font-size: 14px; line-height: 16px; font-family: 'Open Sans', arial, sans-serif; vertical-align: baseline; transition: all 0.3s ease 0s; letter-spacing: normal; orphans: 2; text-align: start; text-indent: 0px; text-transform: none; white-space: normal; widows: 2; word-spacing: 0px; -webkit-text-stroke-width: 0px; background-color: #ffffff; text-decoration-style: initial; text-decoration-color: initial;\"><\/h4>\n<h4 style=\"margin: 0px 0px 16px; padding: 0px; color: #6b106f; border: 0px; outline: 0px; font-style: normal; font-variant-ligatures: normal; font-variant-caps: normal; font-variant-numeric: inherit; font-weight: bold; font-stretch: inherit; font-size: 14px; line-height: 16px; font-family: 'Open Sans', arial, sans-serif; vertical-align: baseline; transition: all 0.3s ease 0s; letter-spacing: normal; orphans: 2; text-align: start; text-indent: 0px; text-transform: none; white-space: normal; widows: 2; word-spacing: 0px; -webkit-text-stroke-width: 0px; background-color: #ffffff; text-decoration-style: initial; text-decoration-color: initial;\"><b>02\/07 \u2013 Domingo<\/b><\/h4>\n<p style=\"margin: 0px 0px 10px; padding: 0px; border: 0px; outline: 0px; font-style: normal; font-variant-ligatures: normal; font-variant-caps: normal; font-variant-numeric: inherit; font-weight: normal; font-stretch: inherit; font-size: 14px; line-height: 18px; font-family: 'Open Sans', arial, sans-serif; vertical-align: baseline; color: #555555; letter-spacing: normal; orphans: 2; text-align: start; text-indent: 0px; text-transform: none; white-space: normal; widows: 2; word-spacing: 0px; -webkit-text-stroke-width: 0px; background-color: #ffffff; text-decoration-style: initial; text-decoration-color: initial;\"><strong>10h \u2013 Roda de Conversa: \u00a0Cultura Viva Comunit\u00e1ria: hist\u00f3rico, identidades e atualidade<\/strong><\/p>\n<p style=\"margin: 0px 0px 10px; padding: 0px; border: 0px; outline: 0px; font-style: normal; font-variant-ligatures: normal; font-variant-caps: normal; font-variant-numeric: inherit; font-weight: normal; font-stretch: inherit; font-size: 14px; line-height: 18px; font-family: 'Open Sans', arial, sans-serif; vertical-align: baseline; color: #555555; letter-spacing: normal; orphans: 2; text-align: start; text-indent: 0px; text-transform: none; white-space: normal; widows: 2; word-spacing: 0px; -webkit-text-stroke-width: 0px; background-color: #ffffff; text-decoration-style: initial; text-decoration-color: initial;\"><b>Local:\u00a0<\/b>Sala dos Toninhos \u2013 Esta\u00e7\u00e3o Cultura<\/p>\n<p style=\"margin: 0px 0px 10px; padding: 0px; border: 0px; outline: 0px; font-style: normal; font-variant-ligatures: normal; font-variant-caps: normal; font-variant-numeric: inherit; font-weight: normal; font-stretch: inherit; font-size: 14px; line-height: 18px; font-family: 'Open Sans', arial, sans-serif; vertical-align: baseline; color: #555555; letter-spacing: normal; orphans: 2; text-align: start; text-indent: 0px; text-transform: none; white-space: normal; widows: 2; word-spacing: 0px; -webkit-text-stroke-width: 0px; background-color: #ffffff; text-decoration-style: initial; text-decoration-color: initial;\">Com\u00a0Jairo Castrillon (Col\u00f4mbia), Alexandre Santini (Brasil), Chris Lafaiete( Brasil) e Juliana Siqueira (Brasil)<\/p>\n<p style=\"margin: 0px 0px 10px; padding: 0px; border: 0px; outline: 0px; font-style: normal; font-variant-ligatures: normal; font-variant-caps: normal; font-variant-numeric: inherit; font-weight: normal; font-stretch: inherit; font-size: 14px; line-height: 18px; font-family: 'Open Sans', arial, sans-serif; vertical-align: baseline; color: #555555; letter-spacing: normal; orphans: 2; text-align: start; text-indent: 0px; text-transform: none; white-space: normal; widows: 2; word-spacing: 0px; -webkit-text-stroke-width: 0px; background-color: #ffffff; text-decoration-style: initial; text-decoration-color: initial;\"><b>13h \u2013 Almo\u00e7o\u00a0<\/b><\/p>\n<p style=\"margin: 0px 0px 10px; padding: 0px; border: 0px; outline: 0px; font-style: normal; font-variant-ligatures: normal; font-variant-caps: normal; font-variant-numeric: inherit; font-weight: normal; font-stretch: inherit; font-size: 14px; line-height: 18px; font-family: 'Open Sans', arial, sans-serif; vertical-align: baseline; color: #555555; letter-spacing: normal; orphans: 2; text-align: start; text-indent: 0px; text-transform: none; white-space: normal; widows: 2; word-spacing: 0px; -webkit-text-stroke-width: 0px; background-color: #ffffff; text-decoration-style: initial; text-decoration-color: initial;\"><b>14h \u2013 Percurso Cultura Viva no Ponto de Caminhos: protagonismo e empreendedorismo\u00a0<\/b><b>das mulheres negras. \u00a0\u00a0\u00a0\u00a0\u00a0\u00a0<\/b><\/p>\n<p style=\"margin: 0px 0px 10px; padding: 0px; border: 0px; outline: 0px; font-style: normal; font-variant-ligatures: normal; font-variant-caps: normal; font-variant-numeric: inherit; font-weight: normal; font-stretch: inherit; font-size: 14px; line-height: 18px; font-family: 'Open Sans', arial, sans-serif; vertical-align: baseline; color: #555555; letter-spacing: normal; orphans: 2; text-align: start; text-indent: 0px; text-transform: none; white-space: normal; widows: 2; word-spacing: 0px; -webkit-text-stroke-width: 0px; background-color: #ffffff; text-decoration-style: initial; text-decoration-color: initial;\"><b>Local:\u00a0<\/b>Ponto de Cultura Caminhos<\/p>\n<p style=\"margin: 0px 0px 10px; padding: 0px; border: 0px; outline: 0px; font-style: normal; font-variant-ligatures: normal; font-variant-caps: normal; font-variant-numeric: inherit; font-weight: normal; font-stretch: inherit; font-size: 14px; line-height: 18px; font-family: 'Open Sans', arial, sans-serif; vertical-align: baseline; color: #555555; letter-spacing: normal; orphans: 2; text-align: start; text-indent: 0px; text-transform: none; white-space: normal; widows: 2; word-spacing: 0px; -webkit-text-stroke-width: 0px; background-color: #ffffff; text-decoration-style: initial; text-decoration-color: initial;\">Viv\u00eancia no terreiro Yl\u00ea As\u00e9 Omo Oy\u00e1 Bagan Od\u00e9 Ib\u00f4o e seus projetos culturais e de empreendedorismo social: \u00a0grupo de dan\u00e7a afro Oju Oba, \u00a0grife de roupas afro Criol\u00ea, Bloco de Afox\u00e9 Oya Obirin Ode, Projeto Tabuleiro Ancestrale \u00a0e Flor de Dend\u00ea<\/p>\n<p style=\"margin: 0px 0px 10px; padding: 0px; border: 0px; outline: 0px; font-style: normal; font-variant-ligatures: normal; font-variant-caps: normal; font-variant-numeric: inherit; font-weight: normal; font-stretch: inherit; font-size: 14px; line-height: 18px; font-family: 'Open Sans', arial, sans-serif; vertical-align: baseline; color: #555555; letter-spacing: normal; orphans: 2; text-align: start; text-indent: 0px; text-transform: none; white-space: normal; widows: 2; word-spacing: 0px; -webkit-text-stroke-width: 0px; background-color: #ffffff; text-decoration-style: initial; text-decoration-color: initial;\"><b>15h \u2013 Roda de Conversa: Ancestralidade, Direitos Culturais, Comunica\u00e7\u00e3o Comunit\u00e1ria \u00a0e \u00a0Economia Viva<\/b><\/p>\n<p style=\"margin: 0px 0px 10px; padding: 0px; border: 0px; outline: 0px; font-style: normal; font-variant-ligatures: normal; font-variant-caps: normal; font-variant-numeric: inherit; font-weight: normal; font-stretch: inherit; font-size: 14px; line-height: 18px; font-family: 'Open Sans', arial, sans-serif; vertical-align: baseline; color: #555555; letter-spacing: normal; orphans: 2; text-align: start; text-indent: 0px; text-transform: none; white-space: normal; widows: 2; word-spacing: 0px; -webkit-text-stroke-width: 0px; background-color: #ffffff; text-decoration-style: initial; text-decoration-color: initial;\"><b>Local:\u00a0<\/b>Ponto de Cultura Caminhos<\/p>\n<p style=\"margin: 0px 0px 10px; padding: 0px; border: 0px; outline: 0px; font-style: normal; font-variant-ligatures: normal; font-variant-caps: normal; font-variant-numeric: inherit; font-weight: normal; font-stretch: inherit; font-size: 14px; line-height: 18px; font-family: 'Open Sans', arial, sans-serif; vertical-align: baseline; color: #555555; letter-spacing: normal; orphans: 2; text-align: start; text-indent: 0px; text-transform: none; white-space: normal; widows: 2; word-spacing: 0px; -webkit-text-stroke-width: 0px; background-color: #ffffff; text-decoration-style: initial; text-decoration-color: initial;\">Com Andr\u00e9 Fernandes (Ag\u00eancia de Not\u00edcias das Favelas- Brasil), Rafael Paredes (Cultura Viva Comunit\u00e1ria M\u00e9xico), M\u00e3e Isabel (Brasil), M\u00e3e Eleonora (Brasil), Avani Florentino de Oliveira (Brasil)<\/p>\n<p style=\"margin: 0px 0px 10px; padding: 0px; border: 0px; outline: 0px; font-style: normal; font-variant-ligatures: normal; font-variant-caps: normal; font-variant-numeric: inherit; font-weight: normal; font-stretch: inherit; font-size: 14px; line-height: 18px; font-family: 'Open Sans', arial, sans-serif; vertical-align: baseline; color: #555555; letter-spacing: normal; orphans: 2; text-align: start; text-indent: 0px; text-transform: none; white-space: normal; widows: 2; word-spacing: 0px; -webkit-text-stroke-width: 0px; background-color: #ffffff; text-decoration-style: initial; text-decoration-color: initial;\"><b>17h \u2013 Roda de Conversa sobre 3\u00ba Congresso Latino-Americano de Cultura Viva Comunit\u00e1ria<\/b><\/p>\n<p style=\"margin: 0px 0px 10px; padding: 0px; border: 0px; outline: 0px; font-style: normal; font-variant-ligatures: normal; font-variant-caps: normal; font-variant-numeric: inherit; font-weight: normal; font-stretch: inherit; font-size: 14px; line-height: 18px; font-family: 'Open Sans', arial, sans-serif; vertical-align: baseline; color: #555555; letter-spacing: normal; orphans: 2; text-align: start; text-indent: 0px; text-transform: none; white-space: normal; widows: 2; word-spacing: 0px; -webkit-text-stroke-width: 0px; background-color: #ffffff; text-decoration-style: initial; text-decoration-color: initial;\"><b>Local:\u00a0<\/b>Ponto de Cultura Caminhos<\/p>\n<p style=\"margin: 0px 0px 10px; padding: 0px; border: 0px; outline: 0px; font-style: normal; font-variant-ligatures: normal; font-variant-caps: normal; font-variant-numeric: inherit; font-weight: normal; font-stretch: inherit; font-size: 14px; line-height: 18px; font-family: 'Open Sans', arial, sans-serif; vertical-align: baseline; color: #555555; letter-spacing: normal; orphans: 2; text-align: start; text-indent: 0px; text-transform: none; white-space: normal; widows: 2; word-spacing: 0px; -webkit-text-stroke-width: 0px; background-color: #ffffff; text-decoration-style: initial; text-decoration-color: initial;\"><b>19h \u2013 \u00a0Jantar\u00a0<\/b><\/p>\n<h4 style=\"margin: 0px 0px 16px; padding: 0px; color: #6b106f; border: 0px; outline: 0px; font-style: normal; font-variant-ligatures: normal; font-variant-caps: normal; font-variant-numeric: inherit; font-weight: bold; font-stretch: inherit; font-size: 14px; line-height: 16px; font-family: 'Open Sans', arial, sans-serif; vertical-align: baseline; transition: all 0.3s ease 0s; letter-spacing: normal; orphans: 2; text-align: start; text-indent: 0px; text-transform: none; white-space: normal; widows: 2; word-spacing: 0px; -webkit-text-stroke-width: 0px; background-color: #ffffff; text-decoration-style: initial; text-decoration-color: initial;\"><b>03\/07 Segunda-feira<\/b><\/h4>\n<p style=\"margin: 0px 0px 10px; padding: 0px; border: 0px; outline: 0px; font-style: normal; font-variant-ligatures: normal; font-variant-caps: normal; font-variant-numeric: inherit; font-weight: normal; font-stretch: inherit; font-size: 14px; line-height: 18px; font-family: 'Open Sans', arial, sans-serif; vertical-align: baseline; color: #555555; letter-spacing: normal; orphans: 2; text-align: start; text-indent: 0px; text-transform: none; white-space: normal; widows: 2; word-spacing: 0px; -webkit-text-stroke-width: 0px; background-color: #ffffff; text-decoration-style: initial; text-decoration-color: initial;\"><strong>10h \u2013 Roda de Conversa: Uma Narrativa Latino-americana de Cidades rumo ao III Congresso latino Americano de Cultura Viva Comunit\u00e1ria \u2013 Quito Equador<\/strong><\/p>\n<p style=\"margin: 0px 0px 10px; padding: 0px; border: 0px; outline: 0px; font-style: normal; font-variant-ligatures: normal; font-variant-caps: normal; font-variant-numeric: inherit; font-weight: normal; font-stretch: inherit; font-size: 14px; line-height: 18px; font-family: 'Open Sans', arial, sans-serif; vertical-align: baseline; color: #555555; letter-spacing: normal; orphans: 2; text-align: start; text-indent: 0px; text-transform: none; white-space: normal; widows: 2; word-spacing: 0px; -webkit-text-stroke-width: 0px; background-color: #ffffff; text-decoration-style: initial; text-decoration-color: initial;\"><b>Local:\u00a0<\/b>Sala dos Toninhos \u2013 Esta\u00e7\u00e3o Cultura<\/p>\n<p style=\"margin: 0px 0px 10px; padding: 0px; border: 0px; outline: 0px; font-style: normal; font-variant-ligatures: normal; font-variant-caps: normal; font-variant-numeric: inherit; font-weight: normal; font-stretch: inherit; font-size: 14px; line-height: 18px; font-family: 'Open Sans', arial, sans-serif; vertical-align: baseline; color: #555555; letter-spacing: normal; orphans: 2; text-align: start; text-indent: 0px; text-transform: none; white-space: normal; widows: 2; word-spacing: 0px; -webkit-text-stroke-width: 0px; background-color: #ffffff; text-decoration-style: initial; text-decoration-color: initial;\">Com: Mario Rodriguez (Bol\u00edvia), Nelson Ullauri (Equador), S\u00f4nia Fardin (Brasil), Alina Cecilia Sosa (Argentina).\u00a0 Media\u00e7\u00e3o: Alexandre Santini ( Brasil)<\/p>\n<p style=\"margin: 0px 0px 10px; padding: 0px; border: 0px; outline: 0px; font-style: normal; font-variant-ligatures: normal; font-variant-caps: normal; font-variant-numeric: inherit; font-weight: normal; font-stretch: inherit; font-size: 14px; line-height: 18px; font-family: 'Open Sans', arial, sans-serif; vertical-align: baseline; color: #555555; letter-spacing: normal; orphans: 2; text-align: start; text-indent: 0px; text-transform: none; white-space: normal; widows: 2; word-spacing: 0px; -webkit-text-stroke-width: 0px; background-color: #ffffff; text-decoration-style: initial; text-decoration-color: initial;\"><b>12h \u2013 Almo\u00e7o<\/b><\/p>\n<p style=\"margin: 0px 0px 10px; padding: 0px; border: 0px; outline: 0px; font-style: normal; font-variant-ligatures: normal; font-variant-caps: normal; font-variant-numeric: inherit; font-weight: normal; font-stretch: inherit; font-size: 14px; line-height: 18px; font-family: 'Open Sans', arial, sans-serif; vertical-align: baseline; color: #555555; letter-spacing: normal; orphans: 2; text-align: start; text-indent: 0px; text-transform: none; white-space: normal; widows: 2; word-spacing: 0px; -webkit-text-stroke-width: 0px; background-color: #ffffff; text-decoration-style: initial; text-decoration-color: initial;\"><strong>13h \u2013 Painel de Reflex\u00f5es: As Pessoas em Primeiro Lugar na Cultura Organizacional<\/strong><\/p>\n<p style=\"margin: 0px 0px 10px; padding: 0px; border: 0px; outline: 0px; font-style: normal; font-variant-ligatures: normal; font-variant-caps: normal; font-variant-numeric: inherit; font-weight: normal; font-stretch: inherit; font-size: 14px; line-height: 18px; font-family: 'Open Sans', arial, sans-serif; vertical-align: baseline; color: #555555; letter-spacing: normal; orphans: 2; text-align: start; text-indent: 0px; text-transform: none; white-space: normal; widows: 2; word-spacing: 0px; -webkit-text-stroke-width: 0px; background-color: #ffffff; text-decoration-style: initial; text-decoration-color: initial;\"><b>Local:\u00a0<\/b>Sala dos Toninhos \u2013 Esta\u00e7\u00e3o Cultura<\/p>\n<p style=\"margin: 0px 0px 10px; padding: 0px; border: 0px; outline: 0px; font-style: normal; font-variant-ligatures: normal; font-variant-caps: normal; font-variant-numeric: inherit; font-weight: normal; font-stretch: inherit; font-size: 14px; line-height: 18px; font-family: 'Open Sans', arial, sans-serif; vertical-align: baseline; color: #555555; letter-spacing: normal; orphans: 2; text-align: start; text-indent: 0px; text-transform: none; white-space: normal; widows: 2; word-spacing: 0px; -webkit-text-stroke-width: 0px; background-color: #ffffff; text-decoration-style: initial; text-decoration-color: initial;\">Com Daniela Monteiro (Brasil), \u00a0Vin\u00edcius Rocha (Brasil), Luneta Cultura ( Brasil)<\/p>\n<p style=\"margin: 0px 0px 10px; padding: 0px; border: 0px; outline: 0px; font-style: normal; font-variant-ligatures: normal; font-variant-caps: normal; font-variant-numeric: inherit; font-weight: normal; font-stretch: inherit; font-size: 14px; line-height: 18px; font-family: 'Open Sans', arial, sans-serif; vertical-align: baseline; color: #555555; letter-spacing: normal; orphans: 2; text-align: start; text-indent: 0px; text-transform: none; white-space: normal; widows: 2; word-spacing: 0px; -webkit-text-stroke-width: 0px; background-color: #ffffff; text-decoration-style: initial; text-decoration-color: initial;\"><strong>13h \u2013 Oficina da Tiririca de Campinas<\/strong><\/p>\n<p style=\"margin: 0px 0px 10px; padding: 0px; border: 0px; outline: 0px; font-style: normal; font-variant-ligatures: normal; font-variant-caps: normal; font-variant-numeric: inherit; font-weight: normal; font-stretch: inherit; font-size: 14px; line-height: 18px; font-family: 'Open Sans', arial, sans-serif; vertical-align: baseline; color: #555555; letter-spacing: normal; orphans: 2; text-align: start; text-indent: 0px; text-transform: none; white-space: normal; widows: 2; word-spacing: 0px; -webkit-text-stroke-width: 0px; background-color: #ffffff; text-decoration-style: initial; text-decoration-color: initial;\"><b>Local:\u00a0<\/b>Sala da Salvaguarda da Capoeira de Campinas \u2013 Esta\u00e7\u00e3o Cultura<\/p>\n<p style=\"margin: 0px 0px 10px; padding: 0px; border: 0px; outline: 0px; font-style: normal; font-variant-ligatures: normal; font-variant-caps: normal; font-variant-numeric: inherit; font-weight: normal; font-stretch: inherit; font-size: 14px; line-height: 18px; font-family: 'Open Sans', arial, sans-serif; vertical-align: baseline; color: #555555; letter-spacing: normal; orphans: 2; text-align: start; text-indent: 0px; text-transform: none; white-space: normal; widows: 2; word-spacing: 0px; -webkit-text-stroke-width: 0px; background-color: #ffffff; text-decoration-style: initial; text-decoration-color: initial;\">A Tiririca \u00e9 conhecida como a capoeira paulista, manifesta\u00e7\u00e3o que vem das ruas, onde os negros se encontravam e batucavam em caixa de engraxate, lata de graxa com escova de dentes.<\/p>\n<p style=\"margin: 0px 0px 10px; padding: 0px; border: 0px; outline: 0px; font-style: normal; font-variant-ligatures: normal; font-variant-caps: normal; font-variant-numeric: inherit; font-weight: normal; font-stretch: inherit; font-size: 14px; line-height: 18px; font-family: 'Open Sans', arial, sans-serif; vertical-align: baseline; color: #555555; letter-spacing: normal; orphans: 2; text-align: start; text-indent: 0px; text-transform: none; white-space: normal; widows: 2; word-spacing: 0px; -webkit-text-stroke-width: 0px; background-color: #ffffff; text-decoration-style: initial; text-decoration-color: initial;\"><strong>15h \u2013 Roda de Conversa: Cultura Viva entre Institucionalidade e Sociedade: desafios e impasses da gest\u00e3o compartilhada<\/strong><\/p>\n<p style=\"margin: 0px 0px 10px; padding: 0px; border: 0px; outline: 0px; font-style: normal; font-variant-ligatures: normal; font-variant-caps: normal; font-variant-numeric: inherit; font-weight: normal; font-stretch: inherit; font-size: 14px; line-height: 18px; font-family: 'Open Sans', arial, sans-serif; vertical-align: baseline; color: #555555; letter-spacing: normal; orphans: 2; text-align: start; text-indent: 0px; text-transform: none; white-space: normal; widows: 2; word-spacing: 0px; -webkit-text-stroke-width: 0px; background-color: #ffffff; text-decoration-style: initial; text-decoration-color: initial;\"><b>Local:\u00a0<\/b>Sala dos Toninhos \u2013 Esta\u00e7\u00e3o Cultura<\/p>\n<p style=\"margin: 0px 0px 10px; padding: 0px; border: 0px; outline: 0px; font-style: normal; font-variant-ligatures: normal; font-variant-caps: normal; font-variant-numeric: inherit; font-weight: normal; font-stretch: inherit; font-size: 14px; line-height: 18px; font-family: 'Open Sans', arial, sans-serif; vertical-align: baseline; color: #555555; letter-spacing: normal; orphans: 2; text-align: start; text-indent: 0px; text-transform: none; white-space: normal; widows: 2; word-spacing: 0px; -webkit-text-stroke-width: 0px; background-color: #ffffff; text-decoration-style: initial; text-decoration-color: initial;\">Com Milagros Lorier (Uruguai), M\u00e1rio Rodriguez (Bol\u00edvia), \u00a0C\u00e9lio Turino ( Brasil) \u00a0e Renato Almada (Brasil).\u00a0 Media\u00e7\u00e3o: Ney Carrasco.<\/p>\n<p style=\"margin: 0px 0px 10px; padding: 0px; border: 0px; outline: 0px; font-style: normal; font-variant-ligatures: normal; font-variant-caps: normal; font-variant-numeric: inherit; font-weight: normal; font-stretch: inherit; font-size: 14px; line-height: 18px; font-family: 'Open Sans', arial, sans-serif; vertical-align: baseline; color: #555555; letter-spacing: normal; orphans: 2; text-align: start; text-indent: 0px; text-transform: none; white-space: normal; widows: 2; word-spacing: 0px; -webkit-text-stroke-width: 0px; background-color: #ffffff; text-decoration-style: initial; text-decoration-color: initial;\"><strong>18h \u2013 Concentra\u00e7\u00e3o e Cortejo Batidas e Pontos<\/strong><\/p>\n<p style=\"margin: 0px 0px 10px; padding: 0px; border: 0px; outline: 0px; font-style: normal; font-variant-ligatures: normal; font-variant-caps: normal; font-variant-numeric: inherit; font-weight: normal; font-stretch: inherit; font-size: 14px; line-height: 18px; font-family: 'Open Sans', arial, sans-serif; vertical-align: baseline; color: #555555; letter-spacing: normal; orphans: 2; text-align: start; text-indent: 0px; text-transform: none; white-space: normal; widows: 2; word-spacing: 0px; -webkit-text-stroke-width: 0px; background-color: #ffffff; text-decoration-style: initial; text-decoration-color: initial;\"><b>Local:\u00a0<\/b>C\u00e2mara Municipal de Campinas<\/p>\n<p style=\"margin: 0px 0px 10px; padding: 0px; border: 0px; outline: 0px; font-style: normal; font-variant-ligatures: normal; font-variant-caps: normal; font-variant-numeric: inherit; font-weight: normal; font-stretch: inherit; font-size: 14px; line-height: 18px; font-family: 'Open Sans', arial, sans-serif; vertical-align: baseline; color: #555555; letter-spacing: normal; orphans: 2; text-align: start; text-indent: 0px; text-transform: none; white-space: normal; widows: 2; word-spacing: 0px; -webkit-text-stroke-width: 0px; background-color: #ffffff; text-decoration-style: initial; text-decoration-color: initial;\">Manifesta\u00e7\u00e3o dos Pontos de Cultura, artistas, articuladores, grupos culturais e art\u00edsticos de Campinas e regi\u00e3o, que ritualizar\u00e3o o in\u00edcio do debate na \u201cCasa do Povo\u201d, tamb\u00e9m conhecida como C\u00e2mara de Vereadores.<\/p>\n<p style=\"margin: 0px 0px 10px; padding: 0px; border: 0px; outline: 0px; font-style: normal; font-variant-ligatures: normal; font-variant-caps: normal; font-variant-numeric: inherit; font-weight: normal; font-stretch: inherit; font-size: 14px; line-height: 18px; font-family: 'Open Sans', arial, sans-serif; vertical-align: baseline; color: #555555; letter-spacing: normal; orphans: 2; text-align: start; text-indent: 0px; text-transform: none; white-space: normal; widows: 2; word-spacing: 0px; -webkit-text-stroke-width: 0px; background-color: #ffffff; text-decoration-style: initial; text-decoration-color: initial;\"><strong>19h \u2013 Debate p\u00fablico: A transforma\u00e7\u00e3o criativa das cidades pela Cultura Viva<\/strong><\/p>\n<p style=\"margin: 0px 0px 10px; padding: 0px; border: 0px; outline: 0px; font-style: normal; font-variant-ligatures: normal; font-variant-caps: normal; font-variant-numeric: inherit; font-weight: normal; font-stretch: inherit; font-size: 14px; line-height: 18px; font-family: 'Open Sans', arial, sans-serif; vertical-align: baseline; color: #555555; letter-spacing: normal; orphans: 2; text-align: start; text-indent: 0px; text-transform: none; white-space: normal; widows: 2; word-spacing: 0px; -webkit-text-stroke-width: 0px; background-color: #ffffff; text-decoration-style: initial; text-decoration-color: initial;\"><b>Local:\u00a0<\/b>C\u00e2mara Municipal de Campinas<\/p>\n<p style=\"margin: 0px 0px 10px; padding: 0px; border: 0px; outline: 0px; font-style: normal; font-variant-ligatures: normal; font-variant-caps: normal; font-variant-numeric: inherit; font-weight: normal; font-stretch: inherit; font-size: 14px; line-height: 18px; font-family: 'Open Sans', arial, sans-serif; vertical-align: baseline; color: #555555; letter-spacing: normal; orphans: 2; text-align: start; text-indent: 0px; text-transform: none; white-space: normal; widows: 2; word-spacing: 0px; -webkit-text-stroke-width: 0px; background-color: #ffffff; text-decoration-style: initial; text-decoration-color: initial;\">Com C\u00e9lio Turino, Ivana Bentes, Alexandre Santini, Andr\u00e9 Fernandes, Eduardo Bal\u00e1n (Argentina) , \u00a0Jairo Castrillon (Col\u00f4mbia), Mario Rodriguez (Bol\u00edvia), Nelson Ullauri (Equador), TC Silva, Cida Falabella, Renato Almada, Mestre Marquinhos Simplicio, Alessandra Ribeiro, Pablo Capil\u00e9,\u00a0 Avani Florentino de Oliveira. Media\u00e7\u00e3o: Gustavo Petta<\/p>\n<h4 style=\"margin: 0px 0px 16px; padding: 0px; color: #6b106f; border: 0px; outline: 0px; font-style: normal; font-variant-ligatures: normal; font-variant-caps: normal; font-variant-numeric: inherit; font-weight: bold; font-stretch: inherit; font-size: 14px; line-height: 16px; font-family: 'Open Sans', arial, sans-serif; vertical-align: baseline; transition: all 0.3s ease 0s; letter-spacing: normal; orphans: 2; text-align: start; text-indent: 0px; text-transform: none; white-space: normal; widows: 2; word-spacing: 0px; -webkit-text-stroke-width: 0px; background-color: #ffffff; text-decoration-style: initial; text-decoration-color: initial;\"><b>04\/07 \u2013 Ter\u00e7a-feira<\/b><\/h4>\n<p style=\"margin: 0px 0px 10px; padding: 0px; border: 0px; outline: 0px; font-style: normal; font-variant-ligatures: normal; font-variant-caps: normal; font-variant-numeric: inherit; font-weight: normal; font-stretch: inherit; font-size: 14px; line-height: 18px; font-family: 'Open Sans', arial, sans-serif; vertical-align: baseline; color: #555555; letter-spacing: normal; orphans: 2; text-align: start; text-indent: 0px; text-transform: none; white-space: normal; widows: 2; word-spacing: 0px; -webkit-text-stroke-width: 0px; background-color: #ffffff; text-decoration-style: initial; text-decoration-color: initial;\"><strong>10h \u2013 Roda de Conversa: Por uma Rede Latino-americana de Universidades pela Cultura Viva Comunit\u00e1ria<\/strong><\/p>\n<p style=\"margin: 0px 0px 10px; padding: 0px; border: 0px; outline: 0px; font-style: normal; font-variant-ligatures: normal; font-variant-caps: normal; font-variant-numeric: inherit; font-weight: normal; font-stretch: inherit; font-size: 14px; line-height: 18px; font-family: 'Open Sans', arial, sans-serif; vertical-align: baseline; color: #555555; letter-spacing: normal; orphans: 2; text-align: start; text-indent: 0px; text-transform: none; white-space: normal; widows: 2; word-spacing: 0px; -webkit-text-stroke-width: 0px; background-color: #ffffff; text-decoration-style: initial; text-decoration-color: initial;\"><b>Local:\u00a0<\/b>Sala dos Toninhos \u2013 Esta\u00e7\u00e3o Cultura<\/p>\n<p style=\"margin: 0px 0px 10px; padding: 0px; border: 0px; outline: 0px; font-style: normal; font-variant-ligatures: normal; font-variant-caps: normal; font-variant-numeric: inherit; font-weight: normal; font-stretch: inherit; font-size: 14px; line-height: 18px; font-family: 'Open Sans', arial, sans-serif; vertical-align: baseline; color: #555555; letter-spacing: normal; orphans: 2; text-align: start; text-indent: 0px; text-transform: none; white-space: normal; widows: 2; word-spacing: 0px; -webkit-text-stroke-width: 0px; background-color: #ffffff; text-decoration-style: initial; text-decoration-color: initial;\">Com Mariana Guti\u00e9rrez (Argentina), Jairo Castrillon (Colombia), Ivana Bentes (Brasil), Fabiane Pianowski (Brasil), Alina Cecilia Sosa (Argentina), Ana Marian (Col\u00f4mbia)<\/p>\n<p style=\"margin: 0px 0px 10px; padding: 0px; border: 0px; outline: 0px; font-style: normal; font-variant-ligatures: normal; font-variant-caps: normal; font-variant-numeric: inherit; font-weight: normal; font-stretch: inherit; font-size: 14px; line-height: 18px; font-family: 'Open Sans', arial, sans-serif; vertical-align: baseline; color: #555555; letter-spacing: normal; orphans: 2; text-align: start; text-indent: 0px; text-transform: none; white-space: normal; widows: 2; word-spacing: 0px; -webkit-text-stroke-width: 0px; background-color: #ffffff; text-decoration-style: initial; text-decoration-color: initial;\"><strong>10h \u2013 Roda de Conversa: 3\u00ba Congresso Latino-Americano de Cultura Viva Comunit\u00e1ria<\/strong><\/p>\n<p style=\"margin: 0px 0px 10px; padding: 0px; border: 0px; outline: 0px; font-style: normal; font-variant-ligatures: normal; font-variant-caps: normal; font-variant-numeric: inherit; font-weight: normal; font-stretch: inherit; font-size: 14px; line-height: 18px; font-family: 'Open Sans', arial, sans-serif; vertical-align: baseline; color: #555555; letter-spacing: normal; orphans: 2; text-align: start; text-indent: 0px; text-transform: none; white-space: normal; widows: 2; word-spacing: 0px; -webkit-text-stroke-width: 0px; background-color: #ffffff; text-decoration-style: initial; text-decoration-color: initial;\"><b>Local:\u00a0<\/b>Sala dos Toninhos \u2013 Esta\u00e7\u00e3o Cultura<\/p>\n<p style=\"margin: 0px 0px 10px; padding: 0px; border: 0px; outline: 0px; font-style: normal; font-variant-ligatures: normal; font-variant-caps: normal; font-variant-numeric: inherit; font-weight: normal; font-stretch: inherit; font-size: 14px; line-height: 18px; font-family: 'Open Sans', arial, sans-serif; vertical-align: baseline; color: #555555; letter-spacing: normal; orphans: 2; text-align: start; text-indent: 0px; text-transform: none; white-space: normal; widows: 2; word-spacing: 0px; -webkit-text-stroke-width: 0px; background-color: #ffffff; text-decoration-style: initial; text-decoration-color: initial;\"><i>Espa\u00e7o dedicado \u00e0 organiza\u00e7\u00e3o, prepara\u00e7\u00e3o e constru\u00e7\u00e3o colaborativa do III Congresso Latino \u2013 Americano de Cultura Viva Comunit\u00e1ria, que acontecer\u00e1 de 20 a 26 de novembro de 2017.<\/i><\/p>\n<p style=\"margin: 0px 0px 10px; padding: 0px; border: 0px; outline: 0px; font-style: normal; font-variant-ligatures: normal; font-variant-caps: normal; font-variant-numeric: inherit; font-weight: normal; font-stretch: inherit; font-size: 14px; line-height: 18px; font-family: 'Open Sans', arial, sans-serif; vertical-align: baseline; color: #555555; letter-spacing: normal; orphans: 2; text-align: start; text-indent: 0px; text-transform: none; white-space: normal; widows: 2; word-spacing: 0px; -webkit-text-stroke-width: 0px; background-color: #ffffff; text-decoration-style: initial; text-decoration-color: initial;\"><strong>13h \u2013 Almo\u00e7o\u00a0<\/strong><\/p>\n<p style=\"margin: 0px 0px 10px; padding: 0px; border: 0px; outline: 0px; font-style: normal; font-variant-ligatures: normal; font-variant-caps: normal; font-variant-numeric: inherit; font-weight: normal; font-stretch: inherit; font-size: 14px; line-height: 18px; font-family: 'Open Sans', arial, sans-serif; vertical-align: baseline; color: #555555; letter-spacing: normal; orphans: 2; text-align: start; text-indent: 0px; text-transform: none; white-space: normal; widows: 2; word-spacing: 0px; -webkit-text-stroke-width: 0px; background-color: #ffffff; text-decoration-style: initial; text-decoration-color: initial;\"><strong>14h \u2013 Tecendo Redes e Sistematiza\u00e7\u00e3o da Carta de Compromissos de Campinas para \u00a03\u00ba Congresso Latino-Americano de Cultura Viva Comunit\u00e1ria- Quito Equador<\/strong><\/p>\n<p style=\"margin: 0px 0px 10px; padding: 0px; border: 0px; outline: 0px; font-style: normal; font-variant-ligatures: normal; font-variant-caps: normal; font-variant-numeric: inherit; font-weight: normal; font-stretch: inherit; font-size: 14px; line-height: 18px; font-family: 'Open Sans', arial, sans-serif; vertical-align: baseline; color: #555555; letter-spacing: normal; orphans: 2; text-align: start; text-indent: 0px; text-transform: none; white-space: normal; widows: 2; word-spacing: 0px; -webkit-text-stroke-width: 0px; background-color: #ffffff; text-decoration-style: initial; text-decoration-color: initial;\"><b>Local:\u00a0<\/b>Sala dos Toninhos \u2013 Esta\u00e7\u00e3o Cultura<\/p>\n","protected":false},"excerpt":{"rendered":"<p>El encuentro \u00abCultura Viva en las Ciudades de Am\u00e9rica Latina\u00bb, uno de los ganadores de la Convocatoria IberCultura Viva de Apoyo a Redes 2016, se realizar\u00e1 del 1 al 4 [&hellip;]<\/p>\n","protected":false},"author":2,"featured_media":19054,"comment_status":"closed","ping_status":"closed","sticky":false,"template":"","format":"standard","meta":{"_coblocks_attr":"","_coblocks_dimensions":"","_coblocks_responsive_height":"","_coblocks_accordion_ie_support":"","_EventAllDay":false,"_EventTimezone":"","_EventStartDate":"","_EventEndDate":"","_EventStartDateUTC":"","_EventEndDateUTC":"","_EventShowMap":false,"_EventShowMapLink":false,"_EventURL":"","_EventCost":"","_EventCostDescription":"","_EventCurrencySymbol":"","_EventCurrencyCode":"","_EventCurrencyPosition":"","_EventDateTimeSeparator":"","_EventTimeRangeSeparator":"","_EventOrganizerID":[],"_EventVenueID":[],"_OrganizerEmail":"","_OrganizerPhone":"","_OrganizerWebsite":"","_VenueAddress":"","_VenueCity":"","_VenueCountry":"","_VenueProvince":"","_VenueState":"","_VenueZip":"","_VenuePhone":"","_VenueURL":"","_VenueStateProvince":"","_VenueLat":"","_VenueLng":"","_VenueShowMap":false,"_VenueShowMapLink":false,"footnotes":""},"categories":[262],"tags":[],"country-municipality":[],"class_list":["post-16215","post","type-post","status-publish","format-standard","has-post-thumbnail","hentry","category-noticias-es"],"yoast_head":"<!-- This site is optimized with the Yoast SEO plugin v25.7 - https:\/\/yoast.com\/wordpress\/plugins\/seo\/ -->\n<title>&quot;Cultura Viva en las Ciudades de Am\u00e9rica Latina&quot;: iniciativas municipales en debate - IberCultura Viva<\/title>\n<meta name=\"description\" content=\"&quot;Cultura Viva en las Ciudades de Am\u00e9rica Latina&quot;: iniciativas municipales en debate - IberCultura Viva\" \/>\n<meta name=\"robots\" content=\"index, follow, max-snippet:-1, max-image-preview:large, max-video-preview:-1\" \/>\n<link rel=\"canonical\" href=\"https:\/\/iberculturaviva.org\/es\/cultura-viva-en-las-ciudades-de-america-latina-iniciativas-municipales-en-debate\/\" \/>\n<meta property=\"og:locale\" content=\"es_ES\" \/>\n<meta property=\"og:type\" content=\"article\" \/>\n<meta property=\"og:title\" content=\"&quot;Cultura Viva en las Ciudades de Am\u00e9rica Latina&quot;: iniciativas municipales en debate - IberCultura Viva\" \/>\n<meta property=\"og:description\" content=\"&quot;Cultura Viva en las Ciudades de Am\u00e9rica Latina&quot;: iniciativas municipales en debate - IberCultura Viva\" \/>\n<meta property=\"og:url\" content=\"https:\/\/iberculturaviva.org\/es\/cultura-viva-en-las-ciudades-de-america-latina-iniciativas-municipales-en-debate\/\" \/>\n<meta property=\"og:site_name\" content=\"IberCultura Viva\" \/>\n<meta property=\"article:publisher\" content=\"https:\/\/www.facebook.com\/iberculturaviva\/\" \/>\n<meta property=\"article:published_time\" content=\"2017-06-29T23:02:25+00:00\" \/>\n<meta property=\"article:modified_time\" content=\"2021-01-12T17:01:13+00:00\" \/>\n<meta property=\"og:image\" content=\"https:\/\/iberculturaviva.org\/wp-content\/uploads\/2017\/06\/cv-campinas.jpg\" \/>\n\t<meta property=\"og:image:width\" content=\"526\" \/>\n\t<meta property=\"og:image:height\" content=\"276\" \/>\n\t<meta property=\"og:image:type\" content=\"image\/jpeg\" \/>\n<meta name=\"author\" content=\"IberCultura\" \/>\n<meta name=\"twitter:card\" content=\"summary_large_image\" \/>\n<meta name=\"twitter:label1\" content=\"Escrito por\" \/>\n\t<meta name=\"twitter:data1\" content=\"IberCultura\" \/>\n\t<meta name=\"twitter:label2\" content=\"Tiempo de lectura\" \/>\n\t<meta name=\"twitter:data2\" content=\"6 minutos\" \/>\n<script type=\"application\/ld+json\" class=\"yoast-schema-graph\">{\"@context\":\"https:\/\/schema.org\",\"@graph\":[{\"@type\":\"Article\",\"@id\":\"https:\/\/iberculturaviva.org\/es\/cultura-viva-en-las-ciudades-de-america-latina-iniciativas-municipales-en-debate\/#article\",\"isPartOf\":{\"@id\":\"https:\/\/iberculturaviva.org\/es\/cultura-viva-en-las-ciudades-de-america-latina-iniciativas-municipales-en-debate\/\"},\"author\":{\"name\":\"IberCultura\",\"@id\":\"https:\/\/iberculturaviva.org\/es\/?lang=es\/#\/schema\/person\/5d1313b072cc25536e0431522f740b59\"},\"headline\":\"\u00abCultura Viva en las Ciudades de Am\u00e9rica Latina\u00bb: iniciativas municipales en debate\",\"datePublished\":\"2017-06-29T23:02:25+00:00\",\"dateModified\":\"2021-01-12T17:01:13+00:00\",\"mainEntityOfPage\":{\"@id\":\"https:\/\/iberculturaviva.org\/es\/cultura-viva-en-las-ciudades-de-america-latina-iniciativas-municipales-en-debate\/\"},\"wordCount\":1250,\"publisher\":{\"@id\":\"https:\/\/iberculturaviva.org\/es\/?lang=es\/#organization\"},\"image\":{\"@id\":\"https:\/\/iberculturaviva.org\/es\/cultura-viva-en-las-ciudades-de-america-latina-iniciativas-municipales-en-debate\/#primaryimage\"},\"thumbnailUrl\":\"https:\/\/iberculturaviva.org\/wp-content\/uploads\/2017\/06\/cv-campinas.jpg\",\"articleSection\":[\"Noticias\"],\"inLanguage\":\"es\"},{\"@type\":\"WebPage\",\"@id\":\"https:\/\/iberculturaviva.org\/es\/cultura-viva-en-las-ciudades-de-america-latina-iniciativas-municipales-en-debate\/\",\"url\":\"https:\/\/iberculturaviva.org\/es\/cultura-viva-en-las-ciudades-de-america-latina-iniciativas-municipales-en-debate\/\",\"name\":\"\\\"Cultura Viva en las Ciudades de Am\u00e9rica Latina\\\": iniciativas municipales en debate - IberCultura Viva\",\"isPartOf\":{\"@id\":\"https:\/\/iberculturaviva.org\/es\/?lang=es\/#website\"},\"primaryImageOfPage\":{\"@id\":\"https:\/\/iberculturaviva.org\/es\/cultura-viva-en-las-ciudades-de-america-latina-iniciativas-municipales-en-debate\/#primaryimage\"},\"image\":{\"@id\":\"https:\/\/iberculturaviva.org\/es\/cultura-viva-en-las-ciudades-de-america-latina-iniciativas-municipales-en-debate\/#primaryimage\"},\"thumbnailUrl\":\"https:\/\/iberculturaviva.org\/wp-content\/uploads\/2017\/06\/cv-campinas.jpg\",\"datePublished\":\"2017-06-29T23:02:25+00:00\",\"dateModified\":\"2021-01-12T17:01:13+00:00\",\"description\":\"\\\"Cultura Viva en las Ciudades de Am\u00e9rica Latina\\\": iniciativas municipales en debate - IberCultura Viva\",\"breadcrumb\":{\"@id\":\"https:\/\/iberculturaviva.org\/es\/cultura-viva-en-las-ciudades-de-america-latina-iniciativas-municipales-en-debate\/#breadcrumb\"},\"inLanguage\":\"es\",\"potentialAction\":[{\"@type\":\"ReadAction\",\"target\":[\"https:\/\/iberculturaviva.org\/es\/cultura-viva-en-las-ciudades-de-america-latina-iniciativas-municipales-en-debate\/\"]}]},{\"@type\":\"ImageObject\",\"inLanguage\":\"es\",\"@id\":\"https:\/\/iberculturaviva.org\/es\/cultura-viva-en-las-ciudades-de-america-latina-iniciativas-municipales-en-debate\/#primaryimage\",\"url\":\"https:\/\/iberculturaviva.org\/wp-content\/uploads\/2017\/06\/cv-campinas.jpg\",\"contentUrl\":\"https:\/\/iberculturaviva.org\/wp-content\/uploads\/2017\/06\/cv-campinas.jpg\",\"width\":526,\"height\":276},{\"@type\":\"BreadcrumbList\",\"@id\":\"https:\/\/iberculturaviva.org\/es\/cultura-viva-en-las-ciudades-de-america-latina-iniciativas-municipales-en-debate\/#breadcrumb\",\"itemListElement\":[{\"@type\":\"ListItem\",\"position\":1,\"name\":\"In\u00edcio\",\"item\":\"https:\/\/iberculturaviva.org\/es\/inicio\/\"},{\"@type\":\"ListItem\",\"position\":2,\"name\":\"\u00abCultura Viva en las Ciudades de Am\u00e9rica Latina\u00bb: iniciativas municipales en debate\"}]},{\"@type\":\"WebSite\",\"@id\":\"https:\/\/iberculturaviva.org\/es\/?lang=es\/#website\",\"url\":\"https:\/\/iberculturaviva.org\/es\/?lang=es\/\",\"name\":\"IberCultura Viva\",\"description\":\"Programa de cooperaci\u00f3n cultural\",\"publisher\":{\"@id\":\"https:\/\/iberculturaviva.org\/es\/?lang=es\/#organization\"},\"potentialAction\":[{\"@type\":\"SearchAction\",\"target\":{\"@type\":\"EntryPoint\",\"urlTemplate\":\"https:\/\/iberculturaviva.org\/es\/?lang=es\/?s={search_term_string}\"},\"query-input\":{\"@type\":\"PropertyValueSpecification\",\"valueRequired\":true,\"valueName\":\"search_term_string\"}}],\"inLanguage\":\"es\"},{\"@type\":\"Organization\",\"@id\":\"https:\/\/iberculturaviva.org\/es\/?lang=es\/#organization\",\"name\":\"Iberculturaviva\",\"url\":\"https:\/\/iberculturaviva.org\/es\/?lang=es\/\",\"logo\":{\"@type\":\"ImageObject\",\"inLanguage\":\"es\",\"@id\":\"https:\/\/iberculturaviva.org\/es\/?lang=es\/#\/schema\/logo\/image\/\",\"url\":\"https:\/\/iberculturaviva.org\/wp-content\/uploads\/2021\/08\/logo_ibercultura_viva.jpg\",\"contentUrl\":\"https:\/\/iberculturaviva.org\/wp-content\/uploads\/2021\/08\/logo_ibercultura_viva.jpg\",\"width\":708,\"height\":223,\"caption\":\"Iberculturaviva\"},\"image\":{\"@id\":\"https:\/\/iberculturaviva.org\/es\/?lang=es\/#\/schema\/logo\/image\/\"},\"sameAs\":[\"https:\/\/www.facebook.com\/iberculturaviva\/\",\"https:\/\/www.instagram.com\/iberculturaviva\/\",\"https:\/\/www.youtube.com\/iberculturaviva\"]},{\"@type\":\"Person\",\"@id\":\"https:\/\/iberculturaviva.org\/es\/?lang=es\/#\/schema\/person\/5d1313b072cc25536e0431522f740b59\",\"name\":\"IberCultura\",\"image\":{\"@type\":\"ImageObject\",\"inLanguage\":\"es\",\"@id\":\"https:\/\/iberculturaviva.org\/es\/?lang=es\/#\/schema\/person\/image\/\",\"url\":\"https:\/\/secure.gravatar.com\/avatar\/79f1a057cb125cbefb3765d0356d52fc7f3bba3a35e2cf22bc4de090bb7aef70?s=96&d=mm&r=g\",\"contentUrl\":\"https:\/\/secure.gravatar.com\/avatar\/79f1a057cb125cbefb3765d0356d52fc7f3bba3a35e2cf22bc4de090bb7aef70?s=96&d=mm&r=g\",\"caption\":\"IberCultura\"}}]}<\/script>\n<!-- \/ Yoast SEO plugin. -->","yoast_head_json":{"title":"\"Cultura Viva en las Ciudades de Am\u00e9rica Latina\": iniciativas municipales en debate - IberCultura Viva","description":"\"Cultura Viva en las Ciudades de Am\u00e9rica Latina\": iniciativas municipales en debate - IberCultura Viva","robots":{"index":"index","follow":"follow","max-snippet":"max-snippet:-1","max-image-preview":"max-image-preview:large","max-video-preview":"max-video-preview:-1"},"canonical":"https:\/\/iberculturaviva.org\/es\/cultura-viva-en-las-ciudades-de-america-latina-iniciativas-municipales-en-debate\/","og_locale":"es_ES","og_type":"article","og_title":"\"Cultura Viva en las Ciudades de Am\u00e9rica Latina\": iniciativas municipales en debate - IberCultura Viva","og_description":"\"Cultura Viva en las Ciudades de Am\u00e9rica Latina\": iniciativas municipales en debate - IberCultura Viva","og_url":"https:\/\/iberculturaviva.org\/es\/cultura-viva-en-las-ciudades-de-america-latina-iniciativas-municipales-en-debate\/","og_site_name":"IberCultura Viva","article_publisher":"https:\/\/www.facebook.com\/iberculturaviva\/","article_published_time":"2017-06-29T23:02:25+00:00","article_modified_time":"2021-01-12T17:01:13+00:00","og_image":[{"width":526,"height":276,"url":"https:\/\/iberculturaviva.org\/wp-content\/uploads\/2017\/06\/cv-campinas.jpg","type":"image\/jpeg"}],"author":"IberCultura","twitter_card":"summary_large_image","twitter_misc":{"Escrito por":"IberCultura","Tiempo de lectura":"6 minutos"},"schema":{"@context":"https:\/\/schema.org","@graph":[{"@type":"Article","@id":"https:\/\/iberculturaviva.org\/es\/cultura-viva-en-las-ciudades-de-america-latina-iniciativas-municipales-en-debate\/#article","isPartOf":{"@id":"https:\/\/iberculturaviva.org\/es\/cultura-viva-en-las-ciudades-de-america-latina-iniciativas-municipales-en-debate\/"},"author":{"name":"IberCultura","@id":"https:\/\/iberculturaviva.org\/es\/?lang=es\/#\/schema\/person\/5d1313b072cc25536e0431522f740b59"},"headline":"\u00abCultura Viva en las Ciudades de Am\u00e9rica Latina\u00bb: iniciativas municipales en debate","datePublished":"2017-06-29T23:02:25+00:00","dateModified":"2021-01-12T17:01:13+00:00","mainEntityOfPage":{"@id":"https:\/\/iberculturaviva.org\/es\/cultura-viva-en-las-ciudades-de-america-latina-iniciativas-municipales-en-debate\/"},"wordCount":1250,"publisher":{"@id":"https:\/\/iberculturaviva.org\/es\/?lang=es\/#organization"},"image":{"@id":"https:\/\/iberculturaviva.org\/es\/cultura-viva-en-las-ciudades-de-america-latina-iniciativas-municipales-en-debate\/#primaryimage"},"thumbnailUrl":"https:\/\/iberculturaviva.org\/wp-content\/uploads\/2017\/06\/cv-campinas.jpg","articleSection":["Noticias"],"inLanguage":"es"},{"@type":"WebPage","@id":"https:\/\/iberculturaviva.org\/es\/cultura-viva-en-las-ciudades-de-america-latina-iniciativas-municipales-en-debate\/","url":"https:\/\/iberculturaviva.org\/es\/cultura-viva-en-las-ciudades-de-america-latina-iniciativas-municipales-en-debate\/","name":"\"Cultura Viva en las Ciudades de Am\u00e9rica Latina\": iniciativas municipales en debate - IberCultura Viva","isPartOf":{"@id":"https:\/\/iberculturaviva.org\/es\/?lang=es\/#website"},"primaryImageOfPage":{"@id":"https:\/\/iberculturaviva.org\/es\/cultura-viva-en-las-ciudades-de-america-latina-iniciativas-municipales-en-debate\/#primaryimage"},"image":{"@id":"https:\/\/iberculturaviva.org\/es\/cultura-viva-en-las-ciudades-de-america-latina-iniciativas-municipales-en-debate\/#primaryimage"},"thumbnailUrl":"https:\/\/iberculturaviva.org\/wp-content\/uploads\/2017\/06\/cv-campinas.jpg","datePublished":"2017-06-29T23:02:25+00:00","dateModified":"2021-01-12T17:01:13+00:00","description":"\"Cultura Viva en las Ciudades de Am\u00e9rica Latina\": iniciativas municipales en debate - IberCultura Viva","breadcrumb":{"@id":"https:\/\/iberculturaviva.org\/es\/cultura-viva-en-las-ciudades-de-america-latina-iniciativas-municipales-en-debate\/#breadcrumb"},"inLanguage":"es","potentialAction":[{"@type":"ReadAction","target":["https:\/\/iberculturaviva.org\/es\/cultura-viva-en-las-ciudades-de-america-latina-iniciativas-municipales-en-debate\/"]}]},{"@type":"ImageObject","inLanguage":"es","@id":"https:\/\/iberculturaviva.org\/es\/cultura-viva-en-las-ciudades-de-america-latina-iniciativas-municipales-en-debate\/#primaryimage","url":"https:\/\/iberculturaviva.org\/wp-content\/uploads\/2017\/06\/cv-campinas.jpg","contentUrl":"https:\/\/iberculturaviva.org\/wp-content\/uploads\/2017\/06\/cv-campinas.jpg","width":526,"height":276},{"@type":"BreadcrumbList","@id":"https:\/\/iberculturaviva.org\/es\/cultura-viva-en-las-ciudades-de-america-latina-iniciativas-municipales-en-debate\/#breadcrumb","itemListElement":[{"@type":"ListItem","position":1,"name":"In\u00edcio","item":"https:\/\/iberculturaviva.org\/es\/inicio\/"},{"@type":"ListItem","position":2,"name":"\u00abCultura Viva en las Ciudades de Am\u00e9rica Latina\u00bb: iniciativas municipales en debate"}]},{"@type":"WebSite","@id":"https:\/\/iberculturaviva.org\/es\/?lang=es\/#website","url":"https:\/\/iberculturaviva.org\/es\/?lang=es\/","name":"IberCultura Viva","description":"Programa de cooperaci\u00f3n cultural","publisher":{"@id":"https:\/\/iberculturaviva.org\/es\/?lang=es\/#organization"},"potentialAction":[{"@type":"SearchAction","target":{"@type":"EntryPoint","urlTemplate":"https:\/\/iberculturaviva.org\/es\/?lang=es\/?s={search_term_string}"},"query-input":{"@type":"PropertyValueSpecification","valueRequired":true,"valueName":"search_term_string"}}],"inLanguage":"es"},{"@type":"Organization","@id":"https:\/\/iberculturaviva.org\/es\/?lang=es\/#organization","name":"Iberculturaviva","url":"https:\/\/iberculturaviva.org\/es\/?lang=es\/","logo":{"@type":"ImageObject","inLanguage":"es","@id":"https:\/\/iberculturaviva.org\/es\/?lang=es\/#\/schema\/logo\/image\/","url":"https:\/\/iberculturaviva.org\/wp-content\/uploads\/2021\/08\/logo_ibercultura_viva.jpg","contentUrl":"https:\/\/iberculturaviva.org\/wp-content\/uploads\/2021\/08\/logo_ibercultura_viva.jpg","width":708,"height":223,"caption":"Iberculturaviva"},"image":{"@id":"https:\/\/iberculturaviva.org\/es\/?lang=es\/#\/schema\/logo\/image\/"},"sameAs":["https:\/\/www.facebook.com\/iberculturaviva\/","https:\/\/www.instagram.com\/iberculturaviva\/","https:\/\/www.youtube.com\/iberculturaviva"]},{"@type":"Person","@id":"https:\/\/iberculturaviva.org\/es\/?lang=es\/#\/schema\/person\/5d1313b072cc25536e0431522f740b59","name":"IberCultura","image":{"@type":"ImageObject","inLanguage":"es","@id":"https:\/\/iberculturaviva.org\/es\/?lang=es\/#\/schema\/person\/image\/","url":"https:\/\/secure.gravatar.com\/avatar\/79f1a057cb125cbefb3765d0356d52fc7f3bba3a35e2cf22bc4de090bb7aef70?s=96&d=mm&r=g","contentUrl":"https:\/\/secure.gravatar.com\/avatar\/79f1a057cb125cbefb3765d0356d52fc7f3bba3a35e2cf22bc4de090bb7aef70?s=96&d=mm&r=g","caption":"IberCultura"}}]}},"main_category":{"link":"https:\/\/iberculturaviva.org\/es\/category\/noticias-es\/","name":"Noticias","slug":"noticias-es"},"_links":{"self":[{"href":"https:\/\/iberculturaviva.org\/es\/wp-json\/wp\/v2\/posts\/16215","targetHints":{"allow":["GET"]}}],"collection":[{"href":"https:\/\/iberculturaviva.org\/es\/wp-json\/wp\/v2\/posts"}],"about":[{"href":"https:\/\/iberculturaviva.org\/es\/wp-json\/wp\/v2\/types\/post"}],"author":[{"embeddable":true,"href":"https:\/\/iberculturaviva.org\/es\/wp-json\/wp\/v2\/users\/2"}],"replies":[{"embeddable":true,"href":"https:\/\/iberculturaviva.org\/es\/wp-json\/wp\/v2\/comments?post=16215"}],"version-history":[{"count":1,"href":"https:\/\/iberculturaviva.org\/es\/wp-json\/wp\/v2\/posts\/16215\/revisions"}],"predecessor-version":[{"id":22759,"href":"https:\/\/iberculturaviva.org\/es\/wp-json\/wp\/v2\/posts\/16215\/revisions\/22759"}],"wp:featuredmedia":[{"embeddable":true,"href":"https:\/\/iberculturaviva.org\/es\/wp-json\/wp\/v2\/media\/19054"}],"wp:attachment":[{"href":"https:\/\/iberculturaviva.org\/es\/wp-json\/wp\/v2\/media?parent=16215"}],"wp:term":[{"taxonomy":"category","embeddable":true,"href":"https:\/\/iberculturaviva.org\/es\/wp-json\/wp\/v2\/categories?post=16215"},{"taxonomy":"post_tag","embeddable":true,"href":"https:\/\/iberculturaviva.org\/es\/wp-json\/wp\/v2\/tags?post=16215"},{"taxonomy":"country-municipality","embeddable":true,"href":"https:\/\/iberculturaviva.org\/es\/wp-json\/wp\/v2\/country-municipality?post=16215"}],"curies":[{"name":"wp","href":"https:\/\/api.w.org\/{rel}","templated":true}]}}