{"id":16185,"date":"2017-05-29T10:01:51","date_gmt":"2017-05-29T13:01:51","guid":{"rendered":"https:\/\/iberculturaviva.org\/se-abren-las-inscripciones-al-registro-de-puntos-de-cultura-en-uruguay\/"},"modified":"2021-01-12T14:02:52","modified_gmt":"2021-01-12T17:02:52","slug":"se-abren-las-inscripciones-al-registro-de-puntos-de-cultura-en-uruguay","status":"publish","type":"post","link":"https:\/\/iberculturaviva.org\/es\/se-abren-las-inscripciones-al-registro-de-puntos-de-cultura-en-uruguay\/","title":{"rendered":"Se abren las inscripciones al registro de Puntos de Cultura en Uruguay"},"content":{"rendered":"<p style=\"text-align: justify;\"><span style=\"font-weight: 400;\">El encuentro de colectivos y organizaciones de cultura de base comunitaria realizado el viernes (26), como parte de la programaci\u00f3n de la 6\u00aa Reuni\u00f3n del Consejo Intergubernamental de IberCultura Viva en Montevideo, termin\u00f3 con una buena noticia: el lanzamiento del registro de los Puntos de Cultura de Uruguay. La apertura de las inscripciones para el registro de las organizaciones es el inicio de lo que pretende ser una construcci\u00f3n colectiva &#8211;del gobierno uruguayo con la sociedad civil&#8211; de un programa Puntos de Cultura en el pa\u00eds. <\/span><\/p>\n<p style=\"text-align: justify;\"><span style=\"font-weight: 400;\">El registro fue anunciado por el director de Cultura del Ministerio de Educaci\u00f3n y Cultura del Uruguay, Sergio Mautone, al cierre del encuentro en el Centro Cultural Misterio. Con la iniciativa, Uruguay ser\u00e1 el sexto pa\u00eds iberoamericano que implanta este modelo de pol\u00edtica p\u00fablica iniciada en Brasil en 2004. Argentina, Per\u00fa, El Salvador y Costa Rica tambi\u00e9n lanzaron programas inspirados en la experiencia brasile\u00f1a de los Puntos de Cultura. \u00a0<\/span><\/p>\n<p style=\"text-align: justify;\"><span style=\"font-weight: 400;\">\u201cDesde la Direcci\u00f3n Nacional de Cultura entendemos que una de las patas sustantivas del desarrollo cultural est\u00e1 en el desarrollo de la pol\u00edtica comunitaria, porque es desde esta transversalizaci\u00f3n que aportamos a la cohesi\u00f3n social, a la inclusi\u00f3n, al desarrollo y al sostenimiento de un sistema que tiene que vivir independiente del Estado\u201d, coment\u00f3 el director. <\/span><\/p>\n<p style=\"text-align: justify;\"><span style=\"font-weight: 400;\">Entendiendo que el Estado tiene el rol de facilitador, y que los conceptos de cultura deben ser construidos colectivamente, Sergio Mautone cree que esta herramienta ayudar\u00e1 el poder p\u00fablico a identificar y conocer mejor las organizaciones de la sociedad civil. Fortalecer la capacidad de gesti\u00f3n, poder establecer redes de convivencia y ayudar a que todos los actores involucrados en los procesos puedan redefinir o reformular las pol\u00edticas de apoyo, ser\u00e1n algunos de los beneficios de este registro de organizaciones, seg\u00fan Mautone.<\/span><\/p>\n<p style=\"text-align: justify;\"><span style=\"font-weight: 400;\">\u201cEs una oportunidad rica para pensar conceptualmente, llenar de sentido la palabra cultura, vali\u00e9ndonos de una herramienta transformadora para poder ubicarla en la centralidad de las decisiones de la agenda pol\u00edtica y mostrar que desde ah\u00ed podemos construir una perspectiva de desarrollo. Sin incorporar la cultura en las estrategias de largo plazo no ser\u00e1 posible pensar en un pa\u00eds a futuro\u201d.<\/span><\/p>\n<p><a href=\"https:\/\/iberculturaviva.org\/wp-content\/uploads\/2017\/05\/IMG_0980.jpg\"><img loading=\"lazy\" decoding=\"async\" class=\"aligncenter wp-image-6669 size-large\" src=\"https:\/\/iberculturaviva.org\/wp-content\/uploads\/2017\/05\/IMG_0980-960x640.jpg\" alt=\"\" width=\"640\" height=\"427\" \/><\/a><\/p>\n<h4><b>La participaci\u00f3n social<\/b><\/h4>\n<p style=\"text-align: justify;\"><span style=\"font-weight: 400;\">Diego Benhabib, coordinador del programa Puntos de Cultura de Argentina, celebr\u00f3 \u00a0con entusiasmo la iniciativa del pa\u00eds vecino. \u201cPara nosotros, desde el Consejo Intergubernamental IberCultura Viva, (la implementaci\u00f3n de esta pol\u00edtica p\u00fablica) es una cuesti\u00f3n central y estrat\u00e9gica en la regi\u00f3n\u201d, coment\u00f3, al explicar de qu\u00e9 se trata el programa de cooperaci\u00f3n iberoamericano, sus l\u00edneas estrat\u00e9gicas y apoyos concretos, por medio de acciones como las convocatorias de intercambio y apoyo a redes, adem\u00e1s de la propuesta de un programa de formaci\u00f3n en gesti\u00f3n y pol\u00edticas p\u00fablicas presentada dos d\u00edas antes en la reuni\u00f3n del Consejo. <\/span><\/p>\n<p style=\"text-align: justify;\"><span style=\"font-weight: 400;\">\u201cLo que trabajamos durante la jornada de hoy, seguramente, las organizaciones lo van a seguir debatiendo en sus territorios, porque estos procesos de reflexionar sobre la propia realidad, las formas de participaci\u00f3n social, son la esencia misma de las organizaciones\u201d, resalt\u00f3 Benhabib, refiri\u00e9ndose a las mesas de trabajo <\/span><span style=\"font-weight: 400;\">\u201cParticipaci\u00f3n en los contextos de cultura comunitaria\u201d y \u201cFormaci\u00f3n en los \u00e1mbitos de la cultura comunitaria\u201d, <\/span><span style=\"font-weight: 400;\">que reunieron alrededor de 100 personas el viernes en el Centro Cultural Misterio.<\/span><\/p>\n<p style=\"text-align: justify;\"><span style=\"font-weight: 400;\">\u201cLas organizaciones nacen a partir de la idea de que solos es m\u00e1s dif\u00edcil conseguir objetivos que colectivamente\u201d, se\u00f1al\u00f3 el coordinador de los Puntos argentinos. \u201cPor eso la importancia de la cultura comunitaria: para repensar el paradigma cultural, entender que cultura tambi\u00e9n es c\u00f3mo mejoramos la relaci\u00f3n con el vecino, c\u00f3mo entendemos que el otro nos complementa con su voz y nos puede ayudar a alcanzar aquello que individualmente no podemos\u201d.<\/span><\/p>\n<div id=\"attachment_6665\" style=\"width: 650px\" class=\"wp-caption aligncenter\"><a href=\"https:\/\/iberculturaviva.org\/wp-content\/uploads\/2017\/05\/IMG_0970.jpg\"><img loading=\"lazy\" decoding=\"async\" aria-describedby=\"caption-attachment-6665\" class=\"wp-image-6665 size-large\" src=\"https:\/\/iberculturaviva.org\/wp-content\/uploads\/2017\/05\/IMG_0970-960x640.jpg\" alt=\"\" width=\"640\" height=\"427\" \/><\/a><p id=\"caption-attachment-6665\" class=\"wp-caption-text\">Benhabib: \u00ab(Es importante) repensar el paradigma cultural, entender que cultura tambi\u00e9n es c\u00f3mo mejoramos la relaci\u00f3n con el vecino\u00bb<\/p><\/div>\n<h4><b>La mesa de cierre<\/b><\/h4>\n<p style=\"text-align: justify;\"><span style=\"font-weight: 400;\">Participaron en la mesa de cierre del evento Sergio Mautone, director nacional de Cultura; Mariana Percovich, directora de Cultura de Montevideo; Federico Gra\u00f1a, director nacional de Promoci\u00f3n Sociocultural del Ministerio de Desarrollo Social (MIDES); Alejo Ram\u00edrez<\/span><span style=\"font-weight: 400;\">, director sub-regional para el Cono Sur de la Secretar\u00eda General Iberoamericana (SEGIB), y Diego Benhabib, por parte del programa IberCultura Viva (quien ya hab\u00eda dado una devoluci\u00f3n a los participantes de lo discutido en el d\u00eda).<\/span><\/p>\n<p style=\"text-align: justify;\"><span style=\"font-weight: 400;\">Ram\u00edrez habl\u00f3 de la importancia para la Cooperaci\u00f3n Sur-Sur de contar con un programa como IberCultura Viva, \u201cque tiene un impacto real\u201d y \u201cdonde todos se benefician mutuamente\u201d. Gra\u00f1a llam\u00f3 la atenci\u00f3n para aquellos ciudadanos y ciudadanas que \u201csolo tienen derecho a ciertos derechos\u201d, y destac\u00f3 la necesidad de acciones concretas dirigidas a las comunidades, como los proyectos que trabajan, por ejemplo, cultura y afrodescendientes, cultura y diversidad, cultura y discapacidad. Tambi\u00e9n coment\u00f3 la importancia de la generaci\u00f3n de redes, la autogesti\u00f3n, la participaci\u00f3n. \u201cLas pol\u00edticas son de la gente para la gente, pero la gente tambi\u00e9n tambi\u00e9n tiene que aportar, ser parte de la construcci\u00f3n de la pol\u00edtica\u201d, afirm\u00f3.<\/span><\/p>\n<p style=\"text-align: justify;\"><span style=\"font-weight: 400;\">Percovich, a su vez, destac\u00f3 la idea de descentralizaci\u00f3n cultural defendida por la Intendencia de Montevideo, con proyectos emblem\u00e1ticos como el Sacude, un centro cultural gestionado por vecinos y vecinas del barrio Casavalle. \u201cEs una belleza de proyecto que tiene que ver con ustedes, con la gente organizada. El Estado, en este caso el gobierno departamental, aporta recursos humanos, pero quien toma las decisiones es la gente\u201d, se\u00f1al\u00f3.<\/span><\/p>\n<p style=\"text-align: justify;\"><span style=\"font-weight: 400;\"> Al final del encuentro, <\/span><span style=\"font-weight: 400;\">Alba Ant\u00fanez, coordinadora del programa Esquinas (desarrollado desde 2005 por la Intendencia de Montevideo en los ocho municipios del departamento), tom\u00f3 el micr\u00f3fono para agradecer a todas las personas presentes \u00a0y recordar que el lanzamiento del registro de los Puntos de Cultura se trata de un inicio de un proceso. \u201cEs un registro que obviamente, con el correr del tiempo, va a implicar apoyos de diferentes tipos, pero iremos conversando, construyendo c\u00f3mo ser\u00e1 todo eso. Para llegar a estos encuentros hemos avanzado y, en la medida que trabajamos m\u00e1s cercano, confiamos m\u00e1s los unos en los otros\u201d.<\/span><\/p>\n<p><a href=\"https:\/\/iberculturaviva.org\/wp-content\/uploads\/2017\/05\/IMG_0983.jpg\"><img loading=\"lazy\" decoding=\"async\" class=\"aligncenter wp-image-6668 size-large\" src=\"https:\/\/iberculturaviva.org\/wp-content\/uploads\/2017\/05\/IMG_0983-960x640.jpg\" alt=\"\" width=\"640\" height=\"427\" \/><\/a><\/p>\n<h4><b>Una construcci\u00f3n colectiva<\/b><\/h4>\n<p style=\"text-align: justify;\"><span style=\"font-weight: 400;\">La idea de tener en Uruguay un programa de Puntos de Cultura ha sido discutida los \u00faltimos meses por las organizaciones y colectivos que trabajan con cultura comunitaria en el pa\u00eds \u00a0y ha avanzado bien, como mostr\u00f3 el encuentro del viernes en el Centro Cultural Misterio. Entre las m\u00e1s de 100 personas que participaron de las mesas de trabajo se encontraban representantes de iniciativas gubernamentales, como los Centro MEC y los programas Urbano y F\u00e1bricas de Cultura, y de organizaciones de la sociedad civil, como comisiones de vecinos, centros juveniles, teatros y radios comunitarias. <\/span><\/p>\n<p style=\"text-align: justify;\"><span style=\"font-weight: 400;\">Entre las redes presentes estaba la Red Metropolitana de Cultura Viva Comunitaria, una de las ganadoras de la Convocatoria IberCultura Viva de Apoyo a Redes 2016. Creada en noviembre de 2015, por el impulso de quienes participaron en los Congresos Latinoamericanos de Cultura Viva Comunitaria (La Paz y El Salvador) y de colectivos que deseaban juntarse y articular propuestas, la Red Metropolitana propuso en la convocatoria realizar su segundo encuentro en septiembre, en Canelones, con el objetivo de reunir aportes para el 3\u00b0 Congreso Latinoamericano de Cultura Viva Comunitaria, que se realizar\u00e1 del 20 al 25 de noviembre en Quito, Ecuador.<\/span><\/p>\n<p style=\"text-align: justify;\"><span style=\"font-weight: 400;\">Con el avance de los di\u00e1logos hacia la construcci\u00f3n del Programa Puntos de Cultura en el pa\u00eds, el encuentro metropolitano previsto pas\u00f3 a tener dimensi\u00f3n nacional. Por eso, los d\u00edas 16 y 17 estar\u00e1n dedicados al 1\u00ba Encuentro Nacional de Cultura Viva Comunitaria. El evento buscar\u00e1 reunir a todos los colectivos y\/o participantes interesados en la construcci\u00f3n de pol\u00edticas culturales que aporten a formas de vida y trabajo comunitarias y colectivas en Uruguay. <\/span><\/p>\n<p style=\"text-align: justify;\"><span style=\"font-weight: 400;\">El movimiento comenz\u00f3 hace tres a\u00f1os en el pa\u00eds con la Red Cultura Viva Comunitaria, que realiz\u00f3 el primer encuentro regional en Paysand\u00fa en 2014 y viene\u00a0realizando reuniones de organizaciones y colectivos pensando en c\u00f3mo aportar a la organizaci\u00f3n del 1\u00ba Encuentro Nacional.\u00a0<\/span><span style=\"font-weight: 400;\">\u201cNos gustar\u00eda que aquellas experiencias que desde el arte, la cultura y la comunicaci\u00f3n, que trabajan en barrios y poblaciones de todo el pa\u00eds promoviendo el encuentro solidario y la participaci\u00f3n entre vecinos y familias, nos encontremos all\u00ed\u201d, avisan los integrantes de la red. <\/span><\/p>\n<p style=\"text-align: justify;\"><span style=\"font-weight: 400;\">\u201cEs importante reconocernos, encontrarnos y pensar juntos pr\u00e1cticas de democracia participativa que nos permitan habitar el espacio p\u00fablico, incidir en la pol\u00edtica p\u00fablica, promover acciones comunes, generar nuevas realidades est\u00e9ticas e iniciativas sociales en di\u00e1logo permanente con las experiencias latinoamericanas\u201d. El lanzamiento del registro de los Puntos de Cultura es un primer gran paso.<\/span><\/p>\n<p style=\"text-align: justify;\"><a href=\"https:\/\/iberculturaviva.org\/wp-content\/uploads\/2017\/05\/mesa-participacao.jpg\"><img loading=\"lazy\" decoding=\"async\" class=\"aligncenter wp-image-6673 size-large\" src=\"https:\/\/iberculturaviva.org\/wp-content\/uploads\/2017\/05\/mesa-participacao-960x640.jpg\" alt=\"\" width=\"640\" height=\"427\" \/><\/a><\/p>\n<p>&nbsp;<\/p>\n<h4><b>Los Puntos de Cultura<\/b><\/h4>\n<p style=\"text-align: justify;\"><span style=\"font-weight: 400;\">Pueden registrarse como Puntos de Cultura las organizaciones, movimientos, asociaciones, cooperativas, colectivos o agrupaciones culturales de la sociedad civil que trabajen a nivel comunitario, sin fines de lucro, con un m\u00ednimo de un a\u00f1o de actividades ininterrumpidas. El registro se realiza a trav\u00e9s de la plataforma <\/span><a href=\"https:\/\/culturaenlinea.uy\/proyecto\/232\/\"><span style=\"font-weight: 400;\">culturaenlinea.uy<\/span><\/a><span style=\"font-weight: 400;\">.<\/span><\/p>\n<p style=\"text-align: justify;\"><span style=\"font-weight: 400;\">Los Puntos de Cultura pueden ser centros culturales barriales, bibliotecas comunitarias, radios comunitarias, grupos de teatro comunitario, de danza, artes circenses, audiovisuales, muralismo, literatura, boletines barriales, gesti\u00f3n cultural comunitaria, propuestas alternativas econ\u00f3micas solidarias y colaborativas, huertas comunitarias, sociedades de fomento, asociaciones vecinales, que pongan en valor el rol de la cultura y todas aquellas iniciativas que reconozcan a la cultura como eje y motor de desarrollo comunitario.<\/span><\/p>\n<p><a href=\"https:\/\/iberculturaviva.org\/wp-content\/uploads\/2017\/05\/mesas-formacao.jpg\"><img loading=\"lazy\" decoding=\"async\" class=\"aligncenter wp-image-6674 size-large\" src=\"https:\/\/iberculturaviva.org\/wp-content\/uploads\/2017\/05\/mesas-formacao-960x640.jpg\" alt=\"\" width=\"640\" height=\"427\" \/><\/a><\/p>\n<p>&nbsp;<\/p>\n<p><span style=\"font-weight: 400;\">Para registrar un Punto de Cultura: <\/span><a href=\"https:\/\/culturaenlinea.uy\/proyecto\/232\/\"><span style=\"font-weight: 400;\">https:\/\/culturaenlinea.uy\/proyecto\/232\/<\/span><\/a><\/p>\n<p>Lea tambi\u00e9n:<\/p>\n<p><a href=\"https:\/\/iberculturaviva.org\/es\/como-organizar-nuestra-esperanza-el-movimiento-de-cultura-viva-comunitaria-en-uruguay\/?lang=es\">C\u00f3mo organizar nuestra esperanza: El movimiento de Cultura Viva Comunitaria en Uruguay<\/a>\u00a0(por Paula Simonetti)<\/p>\n<p>&nbsp;<\/p>\n","protected":false},"excerpt":{"rendered":"<p>El encuentro de colectivos y organizaciones de cultura de base comunitaria realizado el viernes (26), como parte de la programaci\u00f3n de la 6\u00aa Reuni\u00f3n del Consejo Intergubernamental de IberCultura Viva [&hellip;]<\/p>\n","protected":false},"author":2,"featured_media":19028,"comment_status":"closed","ping_status":"closed","sticky":false,"template":"","format":"standard","meta":{"_coblocks_attr":"","_coblocks_dimensions":"","_coblocks_responsive_height":"","_coblocks_accordion_ie_support":"","_EventAllDay":false,"_EventTimezone":"","_EventStartDate":"","_EventEndDate":"","_EventStartDateUTC":"","_EventEndDateUTC":"","_EventShowMap":false,"_EventShowMapLink":false,"_EventURL":"","_EventCost":"","_EventCostDescription":"","_EventCurrencySymbol":"","_EventCurrencyCode":"","_EventCurrencyPosition":"","_EventDateTimeSeparator":"","_EventTimeRangeSeparator":"","_EventOrganizerID":[],"_EventVenueID":[],"_OrganizerEmail":"","_OrganizerPhone":"","_OrganizerWebsite":"","_VenueAddress":"","_VenueCity":"","_VenueCountry":"","_VenueProvince":"","_VenueState":"","_VenueZip":"","_VenuePhone":"","_VenueURL":"","_VenueStateProvince":"","_VenueLat":"","_VenueLng":"","_VenueShowMap":false,"_VenueShowMapLink":false,"footnotes":""},"categories":[262],"tags":[],"country-municipality":[],"class_list":["post-16185","post","type-post","status-publish","format-standard","has-post-thumbnail","hentry","category-noticias-es"],"yoast_head":"<!-- This site is optimized with the Yoast SEO plugin v25.7 - https:\/\/yoast.com\/wordpress\/plugins\/seo\/ -->\n<title>Se abren las inscripciones al registro de Puntos de Cultura en Uruguay - IberCultura Viva<\/title>\n<meta name=\"description\" content=\"Se abren las inscripciones al registro de Puntos de Cultura en Uruguay - IberCultura Viva\" \/>\n<meta name=\"robots\" content=\"index, follow, max-snippet:-1, max-image-preview:large, max-video-preview:-1\" \/>\n<link rel=\"canonical\" href=\"https:\/\/iberculturaviva.org\/es\/se-abren-las-inscripciones-al-registro-de-puntos-de-cultura-en-uruguay\/\" \/>\n<meta property=\"og:locale\" content=\"es_ES\" \/>\n<meta property=\"og:type\" content=\"article\" \/>\n<meta property=\"og:title\" content=\"Se abren las inscripciones al registro de Puntos de Cultura en Uruguay - IberCultura Viva\" \/>\n<meta property=\"og:description\" content=\"Se abren las inscripciones al registro de Puntos de Cultura en Uruguay - IberCultura Viva\" \/>\n<meta property=\"og:url\" content=\"https:\/\/iberculturaviva.org\/es\/se-abren-las-inscripciones-al-registro-de-puntos-de-cultura-en-uruguay\/\" \/>\n<meta property=\"og:site_name\" content=\"IberCultura Viva\" \/>\n<meta property=\"article:publisher\" content=\"https:\/\/www.facebook.com\/iberculturaviva\/\" \/>\n<meta property=\"article:published_time\" content=\"2017-05-29T13:01:51+00:00\" \/>\n<meta property=\"article:modified_time\" content=\"2021-01-12T17:02:52+00:00\" \/>\n<meta property=\"og:image\" content=\"https:\/\/iberculturaviva.org\/wp-content\/uploads\/2017\/05\/mesa-de-cierre-1-e1496280598681.jpg\" \/>\n\t<meta property=\"og:image:width\" content=\"1823\" \/>\n\t<meta property=\"og:image:height\" content=\"1025\" \/>\n\t<meta property=\"og:image:type\" content=\"image\/jpeg\" \/>\n<meta name=\"author\" content=\"IberCultura\" \/>\n<meta name=\"twitter:card\" content=\"summary_large_image\" \/>\n<meta name=\"twitter:label1\" content=\"Escrito por\" \/>\n\t<meta name=\"twitter:data1\" content=\"IberCultura\" \/>\n\t<meta name=\"twitter:label2\" content=\"Tiempo de lectura\" \/>\n\t<meta name=\"twitter:data2\" content=\"8 minutos\" \/>\n<script type=\"application\/ld+json\" class=\"yoast-schema-graph\">{\"@context\":\"https:\/\/schema.org\",\"@graph\":[{\"@type\":\"Article\",\"@id\":\"https:\/\/iberculturaviva.org\/es\/se-abren-las-inscripciones-al-registro-de-puntos-de-cultura-en-uruguay\/#article\",\"isPartOf\":{\"@id\":\"https:\/\/iberculturaviva.org\/es\/se-abren-las-inscripciones-al-registro-de-puntos-de-cultura-en-uruguay\/\"},\"author\":{\"name\":\"IberCultura\",\"@id\":\"https:\/\/iberculturaviva.org\/es\/?lang=es\/#\/schema\/person\/5d1313b072cc25536e0431522f740b59\"},\"headline\":\"Se abren las inscripciones al registro de Puntos de Cultura en Uruguay\",\"datePublished\":\"2017-05-29T13:01:51+00:00\",\"dateModified\":\"2021-01-12T17:02:52+00:00\",\"mainEntityOfPage\":{\"@id\":\"https:\/\/iberculturaviva.org\/es\/se-abren-las-inscripciones-al-registro-de-puntos-de-cultura-en-uruguay\/\"},\"wordCount\":1655,\"publisher\":{\"@id\":\"https:\/\/iberculturaviva.org\/es\/?lang=es\/#organization\"},\"image\":{\"@id\":\"https:\/\/iberculturaviva.org\/es\/se-abren-las-inscripciones-al-registro-de-puntos-de-cultura-en-uruguay\/#primaryimage\"},\"thumbnailUrl\":\"https:\/\/iberculturaviva.org\/wp-content\/uploads\/2017\/05\/mesa-de-cierre-1-e1496280598681.jpg\",\"articleSection\":[\"Noticias\"],\"inLanguage\":\"es\"},{\"@type\":\"WebPage\",\"@id\":\"https:\/\/iberculturaviva.org\/es\/se-abren-las-inscripciones-al-registro-de-puntos-de-cultura-en-uruguay\/\",\"url\":\"https:\/\/iberculturaviva.org\/es\/se-abren-las-inscripciones-al-registro-de-puntos-de-cultura-en-uruguay\/\",\"name\":\"Se abren las inscripciones al registro de Puntos de Cultura en Uruguay - IberCultura Viva\",\"isPartOf\":{\"@id\":\"https:\/\/iberculturaviva.org\/es\/?lang=es\/#website\"},\"primaryImageOfPage\":{\"@id\":\"https:\/\/iberculturaviva.org\/es\/se-abren-las-inscripciones-al-registro-de-puntos-de-cultura-en-uruguay\/#primaryimage\"},\"image\":{\"@id\":\"https:\/\/iberculturaviva.org\/es\/se-abren-las-inscripciones-al-registro-de-puntos-de-cultura-en-uruguay\/#primaryimage\"},\"thumbnailUrl\":\"https:\/\/iberculturaviva.org\/wp-content\/uploads\/2017\/05\/mesa-de-cierre-1-e1496280598681.jpg\",\"datePublished\":\"2017-05-29T13:01:51+00:00\",\"dateModified\":\"2021-01-12T17:02:52+00:00\",\"description\":\"Se abren las inscripciones al registro de Puntos de Cultura en Uruguay - IberCultura Viva\",\"breadcrumb\":{\"@id\":\"https:\/\/iberculturaviva.org\/es\/se-abren-las-inscripciones-al-registro-de-puntos-de-cultura-en-uruguay\/#breadcrumb\"},\"inLanguage\":\"es\",\"potentialAction\":[{\"@type\":\"ReadAction\",\"target\":[\"https:\/\/iberculturaviva.org\/es\/se-abren-las-inscripciones-al-registro-de-puntos-de-cultura-en-uruguay\/\"]}]},{\"@type\":\"ImageObject\",\"inLanguage\":\"es\",\"@id\":\"https:\/\/iberculturaviva.org\/es\/se-abren-las-inscripciones-al-registro-de-puntos-de-cultura-en-uruguay\/#primaryimage\",\"url\":\"https:\/\/iberculturaviva.org\/wp-content\/uploads\/2017\/05\/mesa-de-cierre-1-e1496280598681.jpg\",\"contentUrl\":\"https:\/\/iberculturaviva.org\/wp-content\/uploads\/2017\/05\/mesa-de-cierre-1-e1496280598681.jpg\",\"width\":1823,\"height\":1025},{\"@type\":\"BreadcrumbList\",\"@id\":\"https:\/\/iberculturaviva.org\/es\/se-abren-las-inscripciones-al-registro-de-puntos-de-cultura-en-uruguay\/#breadcrumb\",\"itemListElement\":[{\"@type\":\"ListItem\",\"position\":1,\"name\":\"In\u00edcio\",\"item\":\"https:\/\/iberculturaviva.org\/es\/inicio\/\"},{\"@type\":\"ListItem\",\"position\":2,\"name\":\"Se abren las inscripciones al registro de Puntos de Cultura en Uruguay\"}]},{\"@type\":\"WebSite\",\"@id\":\"https:\/\/iberculturaviva.org\/es\/?lang=es\/#website\",\"url\":\"https:\/\/iberculturaviva.org\/es\/?lang=es\/\",\"name\":\"IberCultura Viva\",\"description\":\"Programa de cooperaci\u00f3n cultural\",\"publisher\":{\"@id\":\"https:\/\/iberculturaviva.org\/es\/?lang=es\/#organization\"},\"potentialAction\":[{\"@type\":\"SearchAction\",\"target\":{\"@type\":\"EntryPoint\",\"urlTemplate\":\"https:\/\/iberculturaviva.org\/es\/?lang=es\/?s={search_term_string}\"},\"query-input\":{\"@type\":\"PropertyValueSpecification\",\"valueRequired\":true,\"valueName\":\"search_term_string\"}}],\"inLanguage\":\"es\"},{\"@type\":\"Organization\",\"@id\":\"https:\/\/iberculturaviva.org\/es\/?lang=es\/#organization\",\"name\":\"Iberculturaviva\",\"url\":\"https:\/\/iberculturaviva.org\/es\/?lang=es\/\",\"logo\":{\"@type\":\"ImageObject\",\"inLanguage\":\"es\",\"@id\":\"https:\/\/iberculturaviva.org\/es\/?lang=es\/#\/schema\/logo\/image\/\",\"url\":\"https:\/\/iberculturaviva.org\/wp-content\/uploads\/2021\/08\/logo_ibercultura_viva.jpg\",\"contentUrl\":\"https:\/\/iberculturaviva.org\/wp-content\/uploads\/2021\/08\/logo_ibercultura_viva.jpg\",\"width\":708,\"height\":223,\"caption\":\"Iberculturaviva\"},\"image\":{\"@id\":\"https:\/\/iberculturaviva.org\/es\/?lang=es\/#\/schema\/logo\/image\/\"},\"sameAs\":[\"https:\/\/www.facebook.com\/iberculturaviva\/\",\"https:\/\/www.instagram.com\/iberculturaviva\/\",\"https:\/\/www.youtube.com\/iberculturaviva\"]},{\"@type\":\"Person\",\"@id\":\"https:\/\/iberculturaviva.org\/es\/?lang=es\/#\/schema\/person\/5d1313b072cc25536e0431522f740b59\",\"name\":\"IberCultura\",\"image\":{\"@type\":\"ImageObject\",\"inLanguage\":\"es\",\"@id\":\"https:\/\/iberculturaviva.org\/es\/?lang=es\/#\/schema\/person\/image\/\",\"url\":\"https:\/\/secure.gravatar.com\/avatar\/79f1a057cb125cbefb3765d0356d52fc7f3bba3a35e2cf22bc4de090bb7aef70?s=96&d=mm&r=g\",\"contentUrl\":\"https:\/\/secure.gravatar.com\/avatar\/79f1a057cb125cbefb3765d0356d52fc7f3bba3a35e2cf22bc4de090bb7aef70?s=96&d=mm&r=g\",\"caption\":\"IberCultura\"}}]}<\/script>\n<!-- \/ Yoast SEO plugin. -->","yoast_head_json":{"title":"Se abren las inscripciones al registro de Puntos de Cultura en Uruguay - IberCultura Viva","description":"Se abren las inscripciones al registro de Puntos de Cultura en Uruguay - IberCultura Viva","robots":{"index":"index","follow":"follow","max-snippet":"max-snippet:-1","max-image-preview":"max-image-preview:large","max-video-preview":"max-video-preview:-1"},"canonical":"https:\/\/iberculturaviva.org\/es\/se-abren-las-inscripciones-al-registro-de-puntos-de-cultura-en-uruguay\/","og_locale":"es_ES","og_type":"article","og_title":"Se abren las inscripciones al registro de Puntos de Cultura en Uruguay - IberCultura Viva","og_description":"Se abren las inscripciones al registro de Puntos de Cultura en Uruguay - IberCultura Viva","og_url":"https:\/\/iberculturaviva.org\/es\/se-abren-las-inscripciones-al-registro-de-puntos-de-cultura-en-uruguay\/","og_site_name":"IberCultura Viva","article_publisher":"https:\/\/www.facebook.com\/iberculturaviva\/","article_published_time":"2017-05-29T13:01:51+00:00","article_modified_time":"2021-01-12T17:02:52+00:00","og_image":[{"width":1823,"height":1025,"url":"https:\/\/iberculturaviva.org\/wp-content\/uploads\/2017\/05\/mesa-de-cierre-1-e1496280598681.jpg","type":"image\/jpeg"}],"author":"IberCultura","twitter_card":"summary_large_image","twitter_misc":{"Escrito por":"IberCultura","Tiempo de lectura":"8 minutos"},"schema":{"@context":"https:\/\/schema.org","@graph":[{"@type":"Article","@id":"https:\/\/iberculturaviva.org\/es\/se-abren-las-inscripciones-al-registro-de-puntos-de-cultura-en-uruguay\/#article","isPartOf":{"@id":"https:\/\/iberculturaviva.org\/es\/se-abren-las-inscripciones-al-registro-de-puntos-de-cultura-en-uruguay\/"},"author":{"name":"IberCultura","@id":"https:\/\/iberculturaviva.org\/es\/?lang=es\/#\/schema\/person\/5d1313b072cc25536e0431522f740b59"},"headline":"Se abren las inscripciones al registro de Puntos de Cultura en Uruguay","datePublished":"2017-05-29T13:01:51+00:00","dateModified":"2021-01-12T17:02:52+00:00","mainEntityOfPage":{"@id":"https:\/\/iberculturaviva.org\/es\/se-abren-las-inscripciones-al-registro-de-puntos-de-cultura-en-uruguay\/"},"wordCount":1655,"publisher":{"@id":"https:\/\/iberculturaviva.org\/es\/?lang=es\/#organization"},"image":{"@id":"https:\/\/iberculturaviva.org\/es\/se-abren-las-inscripciones-al-registro-de-puntos-de-cultura-en-uruguay\/#primaryimage"},"thumbnailUrl":"https:\/\/iberculturaviva.org\/wp-content\/uploads\/2017\/05\/mesa-de-cierre-1-e1496280598681.jpg","articleSection":["Noticias"],"inLanguage":"es"},{"@type":"WebPage","@id":"https:\/\/iberculturaviva.org\/es\/se-abren-las-inscripciones-al-registro-de-puntos-de-cultura-en-uruguay\/","url":"https:\/\/iberculturaviva.org\/es\/se-abren-las-inscripciones-al-registro-de-puntos-de-cultura-en-uruguay\/","name":"Se abren las inscripciones al registro de Puntos de Cultura en Uruguay - IberCultura Viva","isPartOf":{"@id":"https:\/\/iberculturaviva.org\/es\/?lang=es\/#website"},"primaryImageOfPage":{"@id":"https:\/\/iberculturaviva.org\/es\/se-abren-las-inscripciones-al-registro-de-puntos-de-cultura-en-uruguay\/#primaryimage"},"image":{"@id":"https:\/\/iberculturaviva.org\/es\/se-abren-las-inscripciones-al-registro-de-puntos-de-cultura-en-uruguay\/#primaryimage"},"thumbnailUrl":"https:\/\/iberculturaviva.org\/wp-content\/uploads\/2017\/05\/mesa-de-cierre-1-e1496280598681.jpg","datePublished":"2017-05-29T13:01:51+00:00","dateModified":"2021-01-12T17:02:52+00:00","description":"Se abren las inscripciones al registro de Puntos de Cultura en Uruguay - IberCultura Viva","breadcrumb":{"@id":"https:\/\/iberculturaviva.org\/es\/se-abren-las-inscripciones-al-registro-de-puntos-de-cultura-en-uruguay\/#breadcrumb"},"inLanguage":"es","potentialAction":[{"@type":"ReadAction","target":["https:\/\/iberculturaviva.org\/es\/se-abren-las-inscripciones-al-registro-de-puntos-de-cultura-en-uruguay\/"]}]},{"@type":"ImageObject","inLanguage":"es","@id":"https:\/\/iberculturaviva.org\/es\/se-abren-las-inscripciones-al-registro-de-puntos-de-cultura-en-uruguay\/#primaryimage","url":"https:\/\/iberculturaviva.org\/wp-content\/uploads\/2017\/05\/mesa-de-cierre-1-e1496280598681.jpg","contentUrl":"https:\/\/iberculturaviva.org\/wp-content\/uploads\/2017\/05\/mesa-de-cierre-1-e1496280598681.jpg","width":1823,"height":1025},{"@type":"BreadcrumbList","@id":"https:\/\/iberculturaviva.org\/es\/se-abren-las-inscripciones-al-registro-de-puntos-de-cultura-en-uruguay\/#breadcrumb","itemListElement":[{"@type":"ListItem","position":1,"name":"In\u00edcio","item":"https:\/\/iberculturaviva.org\/es\/inicio\/"},{"@type":"ListItem","position":2,"name":"Se abren las inscripciones al registro de Puntos de Cultura en Uruguay"}]},{"@type":"WebSite","@id":"https:\/\/iberculturaviva.org\/es\/?lang=es\/#website","url":"https:\/\/iberculturaviva.org\/es\/?lang=es\/","name":"IberCultura Viva","description":"Programa de cooperaci\u00f3n cultural","publisher":{"@id":"https:\/\/iberculturaviva.org\/es\/?lang=es\/#organization"},"potentialAction":[{"@type":"SearchAction","target":{"@type":"EntryPoint","urlTemplate":"https:\/\/iberculturaviva.org\/es\/?lang=es\/?s={search_term_string}"},"query-input":{"@type":"PropertyValueSpecification","valueRequired":true,"valueName":"search_term_string"}}],"inLanguage":"es"},{"@type":"Organization","@id":"https:\/\/iberculturaviva.org\/es\/?lang=es\/#organization","name":"Iberculturaviva","url":"https:\/\/iberculturaviva.org\/es\/?lang=es\/","logo":{"@type":"ImageObject","inLanguage":"es","@id":"https:\/\/iberculturaviva.org\/es\/?lang=es\/#\/schema\/logo\/image\/","url":"https:\/\/iberculturaviva.org\/wp-content\/uploads\/2021\/08\/logo_ibercultura_viva.jpg","contentUrl":"https:\/\/iberculturaviva.org\/wp-content\/uploads\/2021\/08\/logo_ibercultura_viva.jpg","width":708,"height":223,"caption":"Iberculturaviva"},"image":{"@id":"https:\/\/iberculturaviva.org\/es\/?lang=es\/#\/schema\/logo\/image\/"},"sameAs":["https:\/\/www.facebook.com\/iberculturaviva\/","https:\/\/www.instagram.com\/iberculturaviva\/","https:\/\/www.youtube.com\/iberculturaviva"]},{"@type":"Person","@id":"https:\/\/iberculturaviva.org\/es\/?lang=es\/#\/schema\/person\/5d1313b072cc25536e0431522f740b59","name":"IberCultura","image":{"@type":"ImageObject","inLanguage":"es","@id":"https:\/\/iberculturaviva.org\/es\/?lang=es\/#\/schema\/person\/image\/","url":"https:\/\/secure.gravatar.com\/avatar\/79f1a057cb125cbefb3765d0356d52fc7f3bba3a35e2cf22bc4de090bb7aef70?s=96&d=mm&r=g","contentUrl":"https:\/\/secure.gravatar.com\/avatar\/79f1a057cb125cbefb3765d0356d52fc7f3bba3a35e2cf22bc4de090bb7aef70?s=96&d=mm&r=g","caption":"IberCultura"}}]}},"main_category":{"link":"https:\/\/iberculturaviva.org\/es\/category\/noticias-es\/","name":"Noticias","slug":"noticias-es"},"_links":{"self":[{"href":"https:\/\/iberculturaviva.org\/es\/wp-json\/wp\/v2\/posts\/16185","targetHints":{"allow":["GET"]}}],"collection":[{"href":"https:\/\/iberculturaviva.org\/es\/wp-json\/wp\/v2\/posts"}],"about":[{"href":"https:\/\/iberculturaviva.org\/es\/wp-json\/wp\/v2\/types\/post"}],"author":[{"embeddable":true,"href":"https:\/\/iberculturaviva.org\/es\/wp-json\/wp\/v2\/users\/2"}],"replies":[{"embeddable":true,"href":"https:\/\/iberculturaviva.org\/es\/wp-json\/wp\/v2\/comments?post=16185"}],"version-history":[{"count":1,"href":"https:\/\/iberculturaviva.org\/es\/wp-json\/wp\/v2\/posts\/16185\/revisions"}],"predecessor-version":[{"id":22774,"href":"https:\/\/iberculturaviva.org\/es\/wp-json\/wp\/v2\/posts\/16185\/revisions\/22774"}],"wp:featuredmedia":[{"embeddable":true,"href":"https:\/\/iberculturaviva.org\/es\/wp-json\/wp\/v2\/media\/19028"}],"wp:attachment":[{"href":"https:\/\/iberculturaviva.org\/es\/wp-json\/wp\/v2\/media?parent=16185"}],"wp:term":[{"taxonomy":"category","embeddable":true,"href":"https:\/\/iberculturaviva.org\/es\/wp-json\/wp\/v2\/categories?post=16185"},{"taxonomy":"post_tag","embeddable":true,"href":"https:\/\/iberculturaviva.org\/es\/wp-json\/wp\/v2\/tags?post=16185"},{"taxonomy":"country-municipality","embeddable":true,"href":"https:\/\/iberculturaviva.org\/es\/wp-json\/wp\/v2\/country-municipality?post=16185"}],"curies":[{"name":"wp","href":"https:\/\/api.w.org\/{rel}","templated":true}]}}