{"id":16163,"date":"2017-03-14T13:53:55","date_gmt":"2017-03-14T16:53:55","guid":{"rendered":"https:\/\/iberculturaviva.org\/inscripciones-abiertas-para-la-convocatoria-2017-del-programa-de-apoyo-a-las-culturas-municipales-y-comunitarias-en-mexico\/"},"modified":"2021-01-12T14:04:09","modified_gmt":"2021-01-12T17:04:09","slug":"inscripciones-abiertas-para-la-convocatoria-2017-del-programa-de-apoyo-a-las-culturas-municipales-y-comunitarias-en-mexico","status":"publish","type":"post","link":"https:\/\/iberculturaviva.org\/es\/inscripciones-abiertas-para-la-convocatoria-2017-del-programa-de-apoyo-a-las-culturas-municipales-y-comunitarias-en-mexico\/","title":{"rendered":"Inscripciones abiertas para la convocatoria 2017 del Programa de Apoyo a las Culturas Municipales y Comunitarias, en M\u00e9xico"},"content":{"rendered":"<p style=\"text-align: justify;\"><span style=\"font-weight: 400;\"><a href=\"https:\/\/iberculturaviva.org\/wp-content\/uploads\/2017\/03\/PACMYC-mexico.jpg\"><img loading=\"lazy\" decoding=\"async\" class=\" wp-image-6208 alignright\" src=\"https:\/\/iberculturaviva.org\/wp-content\/uploads\/2017\/03\/PACMYC-mexico.jpg\" alt=\"\" width=\"269\" height=\"399\" srcset=\"https:\/\/iberculturaviva.org\/wp-content\/uploads\/2017\/03\/PACMYC-mexico.jpg 480w, https:\/\/iberculturaviva.org\/wp-content\/uploads\/2017\/03\/PACMYC-mexico-202x300.jpg 202w, https:\/\/iberculturaviva.org\/wp-content\/uploads\/2017\/03\/PACMYC-mexico-101x150.jpg 101w\" sizes=\"auto, (max-width: 269px) 100vw, 269px\" \/><\/a>Est\u00e1 abierto hasta el 19 de junio el plazo de postulaciones para el Programa de Apoyo a las Culturas Municipales y Comunitarias (PACMYC), de la Secretar\u00eda de Cultura del Gobierno de M\u00e9xico. Pueden participar de la convocatoria los grupos interesados en recibir apoyo econ\u00f3mico para desarrollar un proyecto cultural comunitario que fortalezca la identidad, la diversidad cultural y los procesos culturales de sus comunidades, en los espacios geogr\u00e1ficos y simb\u00f3licos donde se desarrollan. <\/span><\/p>\n<p style=\"text-align: justify;\"><span style=\"font-weight: 400;\">Los proyectos aprobados con mejores calificaciones en cada estado recibir\u00e1n hasta \u00a0$60,000.00 (sesenta mil pesos). Las propuestas pueden ser presentadas por grupos informales o legalmente constituidos por al menos tres personas, mayores de edad, cuyos integrantes vivan y sean reconocidos por la comunidad donde se desarrollar\u00e1n las actividades. Los interesados en participar tienen derecho a recibir asesor\u00eda para elaborar su proyecto.<\/span><\/p>\n<p style=\"text-align: justify;\"><span style=\"font-weight: 400;\">Los grupos deben se\u00f1alar de manera clara qu\u00e9 se proponen hacer, para qu\u00e9 lo quieren hacer, c\u00f3mo se proponen lograrlo, con qu\u00e9 recursos lo lograr\u00e1n, qui\u00e9nes participar\u00e1n y d\u00f3nde lo har\u00e1n. Las propuestas podr\u00e1n considerar, entre otros, los siguientes temas de la cultura popular: espacios culturales y rituales, tradiciones orales, artesan\u00edas, danzas, expresiones musicales, ceremonias y ritos, juegos y juguetes tradicionales, memoria hist\u00f3rica, mitos y concepciones del universo y la naturaleza, cocinas tradicionales.<\/span><\/p>\n<p style=\"text-align: justify;\"><span style=\"font-weight: 400;\">Los proyectos elegibles ser\u00e1n evaluados y calificados en cada entidad federativa por un jurado de especialistas, y su decisi\u00f3n ser\u00e1 inapelable. Cada proyecto ser\u00e1 calificado por tres integrantes del jurado. La calificaci\u00f3n promedio asignada permitir\u00e1 conocer si el proyecto fue aprobado o no. <\/span><\/p>\n<p style=\"text-align: justify;\"><span style=\"font-weight: 400;\">Ser\u00e1n llevados en cuenta en la evaluaci\u00f3n aspectos como la contribuci\u00f3n del proyecto para conservar, rescatar, preservar o difundir una expresi\u00f3n cultural concreta; el impacto que pueda tener en una poblaci\u00f3n espec\u00edfica o una regi\u00f3n determinada; que atienda una de las expresiones del patrimonio cultural inmaterial en riesgo y la originalidad de la propuesta, como expresi\u00f3n de la inventiva e iniciativa del grupo y de las particularidades sociales y culturales de las comunidades donde se desarrollar\u00e1.<\/span><\/p>\n<p style=\"text-align: justify;\"><span style=\"font-weight: 400;\">Tambi\u00e9n ser\u00e1 considerada la participaci\u00f3n de integrantes de la comunidad en las diferentes etapas del proyecto. Esta participaci\u00f3n no se limita a que las personas de la comunidad sean espectadores de un evento o presentaci\u00f3n, sino parte activa. Lo mismo debe ocurrir con los proyectos de creaci\u00f3n art\u00edstica (literatura, pintura, video, poes\u00eda, etc) que deben ser propuestas de creaci\u00f3n colectiva y no proyectos individuales.<\/span><\/p>\n<p style=\"text-align: justify;\"><span style=\"font-weight: 400;\">Para descargar las bases:<\/span><\/p>\n<p style=\"text-align: justify;\"><a href=\"https:\/\/www.cultura.gob.mx\/recursos\/convocatorias\/201703\/pacmyc_2017.pdf\"><span style=\"font-weight: 400;\">https:\/\/www.cultura.gob.mx\/recursos\/convocatorias\/201703\/pacmyc_2017.pdf<\/span><\/a><\/p>\n<p style=\"text-align: justify;\"><span style=\"font-weight: 400;\">Sepa m\u00e1s: <\/span><\/p>\n<p style=\"text-align: justify;\"><a href=\"https:\/\/www.gob.mx\/cultura\"><span style=\"font-weight: 400;\">www.gob.mx\/cultura<\/span><\/a><\/p>\n<p style=\"text-align: justify;\"><a href=\"https:\/\/www.gob.mx\/mexicoescultura\"><span style=\"font-weight: 400;\">www.gob.mx\/mexicoescultura<\/span><\/a><\/p>\n","protected":false},"excerpt":{"rendered":"<p>Est\u00e1 abierto hasta el 19 de junio el plazo de postulaciones para el Programa de Apoyo a las Culturas Municipales y Comunitarias (PACMYC), de la Secretar\u00eda de Cultura del Gobierno [&hellip;]<\/p>\n","protected":false},"author":2,"featured_media":0,"comment_status":"closed","ping_status":"closed","sticky":false,"template":"","format":"standard","meta":{"_coblocks_attr":"","_coblocks_dimensions":"","_coblocks_responsive_height":"","_coblocks_accordion_ie_support":"","_EventAllDay":false,"_EventTimezone":"","_EventStartDate":"","_EventEndDate":"","_EventStartDateUTC":"","_EventEndDateUTC":"","_EventShowMap":false,"_EventShowMapLink":false,"_EventURL":"","_EventCost":"","_EventCostDescription":"","_EventCurrencySymbol":"","_EventCurrencyCode":"","_EventCurrencyPosition":"","_EventDateTimeSeparator":"","_EventTimeRangeSeparator":"","_EventOrganizerID":[],"_EventVenueID":[],"_OrganizerEmail":"","_OrganizerPhone":"","_OrganizerWebsite":"","_VenueAddress":"","_VenueCity":"","_VenueCountry":"","_VenueProvince":"","_VenueState":"","_VenueZip":"","_VenuePhone":"","_VenueURL":"","_VenueStateProvince":"","_VenueLat":"","_VenueLng":"","_VenueShowMap":false,"_VenueShowMapLink":false,"footnotes":""},"categories":[262],"tags":[],"country-municipality":[],"class_list":["post-16163","post","type-post","status-publish","format-standard","hentry","category-noticias-es"],"yoast_head":"<!-- This site is optimized with the Yoast SEO plugin v25.7 - https:\/\/yoast.com\/wordpress\/plugins\/seo\/ -->\n<title>Inscripciones abiertas para la convocatoria 2017 del Programa de Apoyo a las Culturas Municipales y Comunitarias, en M\u00e9xico - IberCultura Viva<\/title>\n<meta name=\"description\" content=\"Inscripciones abiertas para la convocatoria 2017 del Programa de Apoyo a las Culturas Municipales y Comunitarias, en M\u00e9xico - IberCultura Viva\" \/>\n<meta name=\"robots\" content=\"index, follow, max-snippet:-1, max-image-preview:large, max-video-preview:-1\" \/>\n<link rel=\"canonical\" href=\"https:\/\/iberculturaviva.org\/es\/inscripciones-abiertas-para-la-convocatoria-2017-del-programa-de-apoyo-a-las-culturas-municipales-y-comunitarias-en-mexico\/\" \/>\n<meta property=\"og:locale\" content=\"es_ES\" \/>\n<meta property=\"og:type\" content=\"article\" \/>\n<meta property=\"og:title\" content=\"Inscripciones abiertas para la convocatoria 2017 del Programa de Apoyo a las Culturas Municipales y Comunitarias, en M\u00e9xico - IberCultura Viva\" \/>\n<meta property=\"og:description\" content=\"Inscripciones abiertas para la convocatoria 2017 del Programa de Apoyo a las Culturas Municipales y Comunitarias, en M\u00e9xico - IberCultura Viva\" \/>\n<meta property=\"og:url\" content=\"https:\/\/iberculturaviva.org\/es\/inscripciones-abiertas-para-la-convocatoria-2017-del-programa-de-apoyo-a-las-culturas-municipales-y-comunitarias-en-mexico\/\" \/>\n<meta property=\"og:site_name\" content=\"IberCultura Viva\" \/>\n<meta property=\"article:publisher\" content=\"https:\/\/www.facebook.com\/iberculturaviva\/\" \/>\n<meta property=\"article:published_time\" content=\"2017-03-14T16:53:55+00:00\" \/>\n<meta property=\"article:modified_time\" content=\"2021-01-12T17:04:09+00:00\" \/>\n<meta property=\"og:image\" content=\"https:\/\/iberculturaviva.org\/wp-content\/uploads\/2017\/03\/PACMYC-mexico.jpg\" \/>\n<meta name=\"author\" content=\"IberCultura\" \/>\n<meta name=\"twitter:card\" content=\"summary_large_image\" \/>\n<meta name=\"twitter:label1\" content=\"Escrito por\" \/>\n\t<meta name=\"twitter:data1\" content=\"IberCultura\" \/>\n\t<meta name=\"twitter:label2\" content=\"Tiempo de lectura\" \/>\n\t<meta name=\"twitter:data2\" content=\"2 minutos\" \/>\n<script type=\"application\/ld+json\" class=\"yoast-schema-graph\">{\"@context\":\"https:\/\/schema.org\",\"@graph\":[{\"@type\":\"Article\",\"@id\":\"https:\/\/iberculturaviva.org\/es\/inscripciones-abiertas-para-la-convocatoria-2017-del-programa-de-apoyo-a-las-culturas-municipales-y-comunitarias-en-mexico\/#article\",\"isPartOf\":{\"@id\":\"https:\/\/iberculturaviva.org\/es\/inscripciones-abiertas-para-la-convocatoria-2017-del-programa-de-apoyo-a-las-culturas-municipales-y-comunitarias-en-mexico\/\"},\"author\":{\"name\":\"IberCultura\",\"@id\":\"https:\/\/iberculturaviva.org\/es\/?lang=es\/#\/schema\/person\/5d1313b072cc25536e0431522f740b59\"},\"headline\":\"Inscripciones abiertas para la convocatoria 2017 del Programa de Apoyo a las Culturas Municipales y Comunitarias, en M\u00e9xico\",\"datePublished\":\"2017-03-14T16:53:55+00:00\",\"dateModified\":\"2021-01-12T17:04:09+00:00\",\"mainEntityOfPage\":{\"@id\":\"https:\/\/iberculturaviva.org\/es\/inscripciones-abiertas-para-la-convocatoria-2017-del-programa-de-apoyo-a-las-culturas-municipales-y-comunitarias-en-mexico\/\"},\"wordCount\":467,\"publisher\":{\"@id\":\"https:\/\/iberculturaviva.org\/es\/?lang=es\/#organization\"},\"image\":{\"@id\":\"https:\/\/iberculturaviva.org\/es\/inscripciones-abiertas-para-la-convocatoria-2017-del-programa-de-apoyo-a-las-culturas-municipales-y-comunitarias-en-mexico\/#primaryimage\"},\"thumbnailUrl\":\"https:\/\/iberculturaviva.org\/wp-content\/uploads\/2017\/03\/PACMYC-mexico.jpg\",\"articleSection\":[\"Noticias\"],\"inLanguage\":\"es\"},{\"@type\":\"WebPage\",\"@id\":\"https:\/\/iberculturaviva.org\/es\/inscripciones-abiertas-para-la-convocatoria-2017-del-programa-de-apoyo-a-las-culturas-municipales-y-comunitarias-en-mexico\/\",\"url\":\"https:\/\/iberculturaviva.org\/es\/inscripciones-abiertas-para-la-convocatoria-2017-del-programa-de-apoyo-a-las-culturas-municipales-y-comunitarias-en-mexico\/\",\"name\":\"Inscripciones abiertas para la convocatoria 2017 del Programa de Apoyo a las Culturas Municipales y Comunitarias, en M\u00e9xico - IberCultura Viva\",\"isPartOf\":{\"@id\":\"https:\/\/iberculturaviva.org\/es\/?lang=es\/#website\"},\"primaryImageOfPage\":{\"@id\":\"https:\/\/iberculturaviva.org\/es\/inscripciones-abiertas-para-la-convocatoria-2017-del-programa-de-apoyo-a-las-culturas-municipales-y-comunitarias-en-mexico\/#primaryimage\"},\"image\":{\"@id\":\"https:\/\/iberculturaviva.org\/es\/inscripciones-abiertas-para-la-convocatoria-2017-del-programa-de-apoyo-a-las-culturas-municipales-y-comunitarias-en-mexico\/#primaryimage\"},\"thumbnailUrl\":\"https:\/\/iberculturaviva.org\/wp-content\/uploads\/2017\/03\/PACMYC-mexico.jpg\",\"datePublished\":\"2017-03-14T16:53:55+00:00\",\"dateModified\":\"2021-01-12T17:04:09+00:00\",\"description\":\"Inscripciones abiertas para la convocatoria 2017 del Programa de Apoyo a las Culturas Municipales y Comunitarias, en M\u00e9xico - IberCultura Viva\",\"breadcrumb\":{\"@id\":\"https:\/\/iberculturaviva.org\/es\/inscripciones-abiertas-para-la-convocatoria-2017-del-programa-de-apoyo-a-las-culturas-municipales-y-comunitarias-en-mexico\/#breadcrumb\"},\"inLanguage\":\"es\",\"potentialAction\":[{\"@type\":\"ReadAction\",\"target\":[\"https:\/\/iberculturaviva.org\/es\/inscripciones-abiertas-para-la-convocatoria-2017-del-programa-de-apoyo-a-las-culturas-municipales-y-comunitarias-en-mexico\/\"]}]},{\"@type\":\"ImageObject\",\"inLanguage\":\"es\",\"@id\":\"https:\/\/iberculturaviva.org\/es\/inscripciones-abiertas-para-la-convocatoria-2017-del-programa-de-apoyo-a-las-culturas-municipales-y-comunitarias-en-mexico\/#primaryimage\",\"url\":\"https:\/\/iberculturaviva.org\/wp-content\/uploads\/2017\/03\/PACMYC-mexico.jpg\",\"contentUrl\":\"https:\/\/iberculturaviva.org\/wp-content\/uploads\/2017\/03\/PACMYC-mexico.jpg\"},{\"@type\":\"BreadcrumbList\",\"@id\":\"https:\/\/iberculturaviva.org\/es\/inscripciones-abiertas-para-la-convocatoria-2017-del-programa-de-apoyo-a-las-culturas-municipales-y-comunitarias-en-mexico\/#breadcrumb\",\"itemListElement\":[{\"@type\":\"ListItem\",\"position\":1,\"name\":\"In\u00edcio\",\"item\":\"https:\/\/iberculturaviva.org\/es\/inicio\/\"},{\"@type\":\"ListItem\",\"position\":2,\"name\":\"Inscripciones abiertas para la convocatoria 2017 del Programa de Apoyo a las Culturas Municipales y Comunitarias, en M\u00e9xico\"}]},{\"@type\":\"WebSite\",\"@id\":\"https:\/\/iberculturaviva.org\/es\/?lang=es\/#website\",\"url\":\"https:\/\/iberculturaviva.org\/es\/?lang=es\/\",\"name\":\"IberCultura Viva\",\"description\":\"Programa de cooperaci\u00f3n cultural\",\"publisher\":{\"@id\":\"https:\/\/iberculturaviva.org\/es\/?lang=es\/#organization\"},\"potentialAction\":[{\"@type\":\"SearchAction\",\"target\":{\"@type\":\"EntryPoint\",\"urlTemplate\":\"https:\/\/iberculturaviva.org\/es\/?lang=es\/?s={search_term_string}\"},\"query-input\":{\"@type\":\"PropertyValueSpecification\",\"valueRequired\":true,\"valueName\":\"search_term_string\"}}],\"inLanguage\":\"es\"},{\"@type\":\"Organization\",\"@id\":\"https:\/\/iberculturaviva.org\/es\/?lang=es\/#organization\",\"name\":\"Iberculturaviva\",\"url\":\"https:\/\/iberculturaviva.org\/es\/?lang=es\/\",\"logo\":{\"@type\":\"ImageObject\",\"inLanguage\":\"es\",\"@id\":\"https:\/\/iberculturaviva.org\/es\/?lang=es\/#\/schema\/logo\/image\/\",\"url\":\"https:\/\/iberculturaviva.org\/wp-content\/uploads\/2021\/08\/logo_ibercultura_viva.jpg\",\"contentUrl\":\"https:\/\/iberculturaviva.org\/wp-content\/uploads\/2021\/08\/logo_ibercultura_viva.jpg\",\"width\":708,\"height\":223,\"caption\":\"Iberculturaviva\"},\"image\":{\"@id\":\"https:\/\/iberculturaviva.org\/es\/?lang=es\/#\/schema\/logo\/image\/\"},\"sameAs\":[\"https:\/\/www.facebook.com\/iberculturaviva\/\",\"https:\/\/www.instagram.com\/iberculturaviva\/\",\"https:\/\/www.youtube.com\/iberculturaviva\"]},{\"@type\":\"Person\",\"@id\":\"https:\/\/iberculturaviva.org\/es\/?lang=es\/#\/schema\/person\/5d1313b072cc25536e0431522f740b59\",\"name\":\"IberCultura\",\"image\":{\"@type\":\"ImageObject\",\"inLanguage\":\"es\",\"@id\":\"https:\/\/iberculturaviva.org\/es\/?lang=es\/#\/schema\/person\/image\/\",\"url\":\"https:\/\/secure.gravatar.com\/avatar\/79f1a057cb125cbefb3765d0356d52fc7f3bba3a35e2cf22bc4de090bb7aef70?s=96&d=mm&r=g\",\"contentUrl\":\"https:\/\/secure.gravatar.com\/avatar\/79f1a057cb125cbefb3765d0356d52fc7f3bba3a35e2cf22bc4de090bb7aef70?s=96&d=mm&r=g\",\"caption\":\"IberCultura\"}}]}<\/script>\n<!-- \/ Yoast SEO plugin. -->","yoast_head_json":{"title":"Inscripciones abiertas para la convocatoria 2017 del Programa de Apoyo a las Culturas Municipales y Comunitarias, en M\u00e9xico - IberCultura Viva","description":"Inscripciones abiertas para la convocatoria 2017 del Programa de Apoyo a las Culturas Municipales y Comunitarias, en M\u00e9xico - IberCultura Viva","robots":{"index":"index","follow":"follow","max-snippet":"max-snippet:-1","max-image-preview":"max-image-preview:large","max-video-preview":"max-video-preview:-1"},"canonical":"https:\/\/iberculturaviva.org\/es\/inscripciones-abiertas-para-la-convocatoria-2017-del-programa-de-apoyo-a-las-culturas-municipales-y-comunitarias-en-mexico\/","og_locale":"es_ES","og_type":"article","og_title":"Inscripciones abiertas para la convocatoria 2017 del Programa de Apoyo a las Culturas Municipales y Comunitarias, en M\u00e9xico - IberCultura Viva","og_description":"Inscripciones abiertas para la convocatoria 2017 del Programa de Apoyo a las Culturas Municipales y Comunitarias, en M\u00e9xico - IberCultura Viva","og_url":"https:\/\/iberculturaviva.org\/es\/inscripciones-abiertas-para-la-convocatoria-2017-del-programa-de-apoyo-a-las-culturas-municipales-y-comunitarias-en-mexico\/","og_site_name":"IberCultura Viva","article_publisher":"https:\/\/www.facebook.com\/iberculturaviva\/","article_published_time":"2017-03-14T16:53:55+00:00","article_modified_time":"2021-01-12T17:04:09+00:00","og_image":[{"url":"https:\/\/iberculturaviva.org\/wp-content\/uploads\/2017\/03\/PACMYC-mexico.jpg","type":"","width":"","height":""}],"author":"IberCultura","twitter_card":"summary_large_image","twitter_misc":{"Escrito por":"IberCultura","Tiempo de lectura":"2 minutos"},"schema":{"@context":"https:\/\/schema.org","@graph":[{"@type":"Article","@id":"https:\/\/iberculturaviva.org\/es\/inscripciones-abiertas-para-la-convocatoria-2017-del-programa-de-apoyo-a-las-culturas-municipales-y-comunitarias-en-mexico\/#article","isPartOf":{"@id":"https:\/\/iberculturaviva.org\/es\/inscripciones-abiertas-para-la-convocatoria-2017-del-programa-de-apoyo-a-las-culturas-municipales-y-comunitarias-en-mexico\/"},"author":{"name":"IberCultura","@id":"https:\/\/iberculturaviva.org\/es\/?lang=es\/#\/schema\/person\/5d1313b072cc25536e0431522f740b59"},"headline":"Inscripciones abiertas para la convocatoria 2017 del Programa de Apoyo a las Culturas Municipales y Comunitarias, en M\u00e9xico","datePublished":"2017-03-14T16:53:55+00:00","dateModified":"2021-01-12T17:04:09+00:00","mainEntityOfPage":{"@id":"https:\/\/iberculturaviva.org\/es\/inscripciones-abiertas-para-la-convocatoria-2017-del-programa-de-apoyo-a-las-culturas-municipales-y-comunitarias-en-mexico\/"},"wordCount":467,"publisher":{"@id":"https:\/\/iberculturaviva.org\/es\/?lang=es\/#organization"},"image":{"@id":"https:\/\/iberculturaviva.org\/es\/inscripciones-abiertas-para-la-convocatoria-2017-del-programa-de-apoyo-a-las-culturas-municipales-y-comunitarias-en-mexico\/#primaryimage"},"thumbnailUrl":"https:\/\/iberculturaviva.org\/wp-content\/uploads\/2017\/03\/PACMYC-mexico.jpg","articleSection":["Noticias"],"inLanguage":"es"},{"@type":"WebPage","@id":"https:\/\/iberculturaviva.org\/es\/inscripciones-abiertas-para-la-convocatoria-2017-del-programa-de-apoyo-a-las-culturas-municipales-y-comunitarias-en-mexico\/","url":"https:\/\/iberculturaviva.org\/es\/inscripciones-abiertas-para-la-convocatoria-2017-del-programa-de-apoyo-a-las-culturas-municipales-y-comunitarias-en-mexico\/","name":"Inscripciones abiertas para la convocatoria 2017 del Programa de Apoyo a las Culturas Municipales y Comunitarias, en M\u00e9xico - IberCultura Viva","isPartOf":{"@id":"https:\/\/iberculturaviva.org\/es\/?lang=es\/#website"},"primaryImageOfPage":{"@id":"https:\/\/iberculturaviva.org\/es\/inscripciones-abiertas-para-la-convocatoria-2017-del-programa-de-apoyo-a-las-culturas-municipales-y-comunitarias-en-mexico\/#primaryimage"},"image":{"@id":"https:\/\/iberculturaviva.org\/es\/inscripciones-abiertas-para-la-convocatoria-2017-del-programa-de-apoyo-a-las-culturas-municipales-y-comunitarias-en-mexico\/#primaryimage"},"thumbnailUrl":"https:\/\/iberculturaviva.org\/wp-content\/uploads\/2017\/03\/PACMYC-mexico.jpg","datePublished":"2017-03-14T16:53:55+00:00","dateModified":"2021-01-12T17:04:09+00:00","description":"Inscripciones abiertas para la convocatoria 2017 del Programa de Apoyo a las Culturas Municipales y Comunitarias, en M\u00e9xico - IberCultura Viva","breadcrumb":{"@id":"https:\/\/iberculturaviva.org\/es\/inscripciones-abiertas-para-la-convocatoria-2017-del-programa-de-apoyo-a-las-culturas-municipales-y-comunitarias-en-mexico\/#breadcrumb"},"inLanguage":"es","potentialAction":[{"@type":"ReadAction","target":["https:\/\/iberculturaviva.org\/es\/inscripciones-abiertas-para-la-convocatoria-2017-del-programa-de-apoyo-a-las-culturas-municipales-y-comunitarias-en-mexico\/"]}]},{"@type":"ImageObject","inLanguage":"es","@id":"https:\/\/iberculturaviva.org\/es\/inscripciones-abiertas-para-la-convocatoria-2017-del-programa-de-apoyo-a-las-culturas-municipales-y-comunitarias-en-mexico\/#primaryimage","url":"https:\/\/iberculturaviva.org\/wp-content\/uploads\/2017\/03\/PACMYC-mexico.jpg","contentUrl":"https:\/\/iberculturaviva.org\/wp-content\/uploads\/2017\/03\/PACMYC-mexico.jpg"},{"@type":"BreadcrumbList","@id":"https:\/\/iberculturaviva.org\/es\/inscripciones-abiertas-para-la-convocatoria-2017-del-programa-de-apoyo-a-las-culturas-municipales-y-comunitarias-en-mexico\/#breadcrumb","itemListElement":[{"@type":"ListItem","position":1,"name":"In\u00edcio","item":"https:\/\/iberculturaviva.org\/es\/inicio\/"},{"@type":"ListItem","position":2,"name":"Inscripciones abiertas para la convocatoria 2017 del Programa de Apoyo a las Culturas Municipales y Comunitarias, en M\u00e9xico"}]},{"@type":"WebSite","@id":"https:\/\/iberculturaviva.org\/es\/?lang=es\/#website","url":"https:\/\/iberculturaviva.org\/es\/?lang=es\/","name":"IberCultura Viva","description":"Programa de cooperaci\u00f3n cultural","publisher":{"@id":"https:\/\/iberculturaviva.org\/es\/?lang=es\/#organization"},"potentialAction":[{"@type":"SearchAction","target":{"@type":"EntryPoint","urlTemplate":"https:\/\/iberculturaviva.org\/es\/?lang=es\/?s={search_term_string}"},"query-input":{"@type":"PropertyValueSpecification","valueRequired":true,"valueName":"search_term_string"}}],"inLanguage":"es"},{"@type":"Organization","@id":"https:\/\/iberculturaviva.org\/es\/?lang=es\/#organization","name":"Iberculturaviva","url":"https:\/\/iberculturaviva.org\/es\/?lang=es\/","logo":{"@type":"ImageObject","inLanguage":"es","@id":"https:\/\/iberculturaviva.org\/es\/?lang=es\/#\/schema\/logo\/image\/","url":"https:\/\/iberculturaviva.org\/wp-content\/uploads\/2021\/08\/logo_ibercultura_viva.jpg","contentUrl":"https:\/\/iberculturaviva.org\/wp-content\/uploads\/2021\/08\/logo_ibercultura_viva.jpg","width":708,"height":223,"caption":"Iberculturaviva"},"image":{"@id":"https:\/\/iberculturaviva.org\/es\/?lang=es\/#\/schema\/logo\/image\/"},"sameAs":["https:\/\/www.facebook.com\/iberculturaviva\/","https:\/\/www.instagram.com\/iberculturaviva\/","https:\/\/www.youtube.com\/iberculturaviva"]},{"@type":"Person","@id":"https:\/\/iberculturaviva.org\/es\/?lang=es\/#\/schema\/person\/5d1313b072cc25536e0431522f740b59","name":"IberCultura","image":{"@type":"ImageObject","inLanguage":"es","@id":"https:\/\/iberculturaviva.org\/es\/?lang=es\/#\/schema\/person\/image\/","url":"https:\/\/secure.gravatar.com\/avatar\/79f1a057cb125cbefb3765d0356d52fc7f3bba3a35e2cf22bc4de090bb7aef70?s=96&d=mm&r=g","contentUrl":"https:\/\/secure.gravatar.com\/avatar\/79f1a057cb125cbefb3765d0356d52fc7f3bba3a35e2cf22bc4de090bb7aef70?s=96&d=mm&r=g","caption":"IberCultura"}}]}},"main_category":{"link":"https:\/\/iberculturaviva.org\/es\/category\/noticias-es\/","name":"Noticias","slug":"noticias-es"},"_links":{"self":[{"href":"https:\/\/iberculturaviva.org\/es\/wp-json\/wp\/v2\/posts\/16163","targetHints":{"allow":["GET"]}}],"collection":[{"href":"https:\/\/iberculturaviva.org\/es\/wp-json\/wp\/v2\/posts"}],"about":[{"href":"https:\/\/iberculturaviva.org\/es\/wp-json\/wp\/v2\/types\/post"}],"author":[{"embeddable":true,"href":"https:\/\/iberculturaviva.org\/es\/wp-json\/wp\/v2\/users\/2"}],"replies":[{"embeddable":true,"href":"https:\/\/iberculturaviva.org\/es\/wp-json\/wp\/v2\/comments?post=16163"}],"version-history":[{"count":1,"href":"https:\/\/iberculturaviva.org\/es\/wp-json\/wp\/v2\/posts\/16163\/revisions"}],"predecessor-version":[{"id":22785,"href":"https:\/\/iberculturaviva.org\/es\/wp-json\/wp\/v2\/posts\/16163\/revisions\/22785"}],"wp:attachment":[{"href":"https:\/\/iberculturaviva.org\/es\/wp-json\/wp\/v2\/media?parent=16163"}],"wp:term":[{"taxonomy":"category","embeddable":true,"href":"https:\/\/iberculturaviva.org\/es\/wp-json\/wp\/v2\/categories?post=16163"},{"taxonomy":"post_tag","embeddable":true,"href":"https:\/\/iberculturaviva.org\/es\/wp-json\/wp\/v2\/tags?post=16163"},{"taxonomy":"country-municipality","embeddable":true,"href":"https:\/\/iberculturaviva.org\/es\/wp-json\/wp\/v2\/country-municipality?post=16163"}],"curies":[{"name":"wp","href":"https:\/\/api.w.org\/{rel}","templated":true}]}}