{"id":16149,"date":"2017-01-26T10:44:43","date_gmt":"2017-01-26T12:44:43","guid":{"rendered":"https:\/\/iberculturaviva.org\/educar-en-la-armonia-un-libro-sobre-cultura-educacion-y-convivencia-para-el-bien-comun\/"},"modified":"2021-01-12T14:04:52","modified_gmt":"2021-01-12T17:04:52","slug":"educar-en-la-armonia-un-libro-sobre-cultura-educacion-y-convivencia-para-el-bien-comun","status":"publish","type":"post","link":"https:\/\/iberculturaviva.org\/es\/educar-en-la-armonia-un-libro-sobre-cultura-educacion-y-convivencia-para-el-bien-comun\/","title":{"rendered":"\u201cEducar en la Armon\u00eda\u201d: un libro sobre cultura, educaci\u00f3n y convivencia para el bien com\u00fan"},"content":{"rendered":"<p style=\"text-align: justify;\"><span style=\"font-weight: 400;\">Entre el 11 y el 17 de septiembre de 2016 Medell\u00edn fue escenario del Encuentro de la Armon\u00eda: Cultura + Educaci\u00f3n + Comunidad, un espacio para el di\u00e1logo de saberes, pr\u00e1cticas y procesos desarrollados por organizaciones de Colombia y otros 11 pa\u00edses (Argentina, Bolivia, Brasil, Chile, Costa Rica, Ecuador, El Salvador, Guatemala, Honduras, M\u00e9xico y Per\u00fa). A lo largo de seis d\u00edas se realizaron recorridos, una jornada pedag\u00f3gica, un seminario y mesas de trabajo sobre cultura comunitaria y los diversos contextos educativos activos para el bien com\u00fan. De este encuentro result\u00f3 un libro digital con 176 p\u00e1ginas: <\/span><em><span style=\"font-weight: 400;\">Educar en la Armon\u00eda: Cultura + Educaci\u00f3n + Comunidad<\/span><\/em><i><span style=\"font-weight: 400;\">.<\/span><\/i><\/p>\n<p style=\"text-align: justify;\"><span style=\"font-weight: 400;\"><a href=\"https:\/\/iberculturaviva.org\/wp-content\/uploads\/2017\/01\/Libro-Armoni\u0301a-Final-012317baja-res.jpeg\"><img loading=\"lazy\" decoding=\"async\" class=\" wp-image-5834 alignright\" src=\"https:\/\/iberculturaviva.org\/wp-content\/uploads\/2017\/01\/Libro-Armoni\u0301a-Final-012317baja-res.jpeg\" alt=\"\" width=\"243\" height=\"187\" srcset=\"https:\/\/iberculturaviva.org\/wp-content\/uploads\/2017\/01\/Libro-Armoni\u0301a-Final-012317baja-res.jpeg 622w, https:\/\/iberculturaviva.org\/wp-content\/uploads\/2017\/01\/Libro-Armoni\u0301a-Final-012317baja-res-300x232.jpeg 300w, https:\/\/iberculturaviva.org\/wp-content\/uploads\/2017\/01\/Libro-Armoni\u0301a-Final-012317baja-res-150x116.jpeg 150w\" sizes=\"auto, (max-width: 243px) 100vw, 243px\" \/><\/a>\u201cSon memorias de diversos procesos, es un documento de memorias vivas, de mujeres y hombres que tejen organizaciones a lo largo y ancho de Latinoam\u00e9rica, que se dieron cita en la ciudad de Medell\u00edn para realizar el encuentro\u201d, escribe en la presentaci\u00f3n Amalia Londo\u00f1o, secretaria de Cultura Ciudadana de la Alcald\u00eda de Medell\u00edn, que apoy\u00f3 la organizaci\u00f3n del evento de \u00a0la Plataforma Puente Cultura Viva Comunitaria Medell\u00edn-Valle de Aburr\u00e1.<\/span><\/p>\n<p style=\"text-align: justify;\"><span style=\"font-weight: 400;\">\u201cEl entramado de Cultura Viva Comunitaria reconoce la necesidad de un nuevo paradigma que recree el ejercicio del poder, estableciendo relaciones m\u00e1s din\u00e1micas, horizontales, y democr\u00e1ticas entre todos los actores\u201d, a\u00f1ade Londo\u00f1o. \u201cComo fuerza regional, se propone incidir en pol\u00edticas p\u00fablicas sin fronteras de desarrollo cultural en Am\u00e9rica Latina, como las impulsadas en los \u00faltimos a\u00f1os en Brasil como pa\u00eds y en Medell\u00edn como ciudad, experiencias donde un gobierno sensible a las demandas sociales pavimenta el camino que abren las organizaciones sociales y donde las organizaciones sociales en el ejercicio de su ciudadan\u00eda crean las condiciones para que la sociedad cambie.\u201d<\/span><\/p>\n<p style=\"text-align: justify;\"><span style=\"font-weight: 400;\">El Encuentro de la Armon\u00eda, como muestra el texto, se propuso el acercamiento, la articulaci\u00f3n y el di\u00e1logo de experiencias de cultura comunitaria y otras formas de educaci\u00f3n que incluyen en sus procesos formativos la belleza, la \u00e9tica y la convivencia. El libro resulta de esta intenci\u00f3n. Es tambi\u00e9n una tentativa de responder y seguir reflexionando sobre las muchas preguntas que se hicieron durante el encuentro: \u00bfEducamos? \u00bfQu\u00e9 educamos? \u00bfPor qu\u00e9? \u00bfPara qu\u00e9? \u00bfC\u00f3mo?\u00bfQui\u00e9n y para qui\u00e9n? \u00bfD\u00f3nde? \u00bfCu\u00e1ndo?<\/span><\/p>\n<p>\u00a0<a href=\"https:\/\/iberculturaviva.org\/wp-content\/uploads\/2017\/01\/armonia-1.jpeg\"><img loading=\"lazy\" decoding=\"async\" class=\"aligncenter wp-image-5830\" src=\"https:\/\/iberculturaviva.org\/wp-content\/uploads\/2017\/01\/armonia-1.jpeg\" width=\"520\" height=\"376\" srcset=\"https:\/\/iberculturaviva.org\/wp-content\/uploads\/2017\/01\/armonia-1.jpeg 567w, https:\/\/iberculturaviva.org\/wp-content\/uploads\/2017\/01\/armonia-1-300x217.jpeg 300w, https:\/\/iberculturaviva.org\/wp-content\/uploads\/2017\/01\/armonia-1-150x108.jpeg 150w\" sizes=\"auto, (max-width: 520px) 100vw, 520px\" \/><\/a><\/p>\n<h4><b>Los cap\u00edtulos<\/b><\/h4>\n<p style=\"text-align: justify;\"><i><span style=\"font-weight: 400;\"><a href=\"https:\/\/iberculturaviva.org\/wp-content\/uploads\/2017\/01\/armonia-2.jpeg\"><img loading=\"lazy\" decoding=\"async\" class=\" wp-image-5831 alignright\" src=\"https:\/\/iberculturaviva.org\/wp-content\/uploads\/2017\/01\/armonia-2.jpeg\" alt=\"\" width=\"199\" height=\"271\" srcset=\"https:\/\/iberculturaviva.org\/wp-content\/uploads\/2017\/01\/armonia-2.jpeg 204w, https:\/\/iberculturaviva.org\/wp-content\/uploads\/2017\/01\/armonia-2-110x150.jpeg 110w\" sizes=\"auto, (max-width: 199px) 100vw, 199px\" \/><\/a><\/span><\/i><em><span style=\"font-weight: 400;\">Educar en la Armon\u00eda<\/span><\/em><span style=\"font-weight: 400;\"> se divide en tres cap\u00edtulos. El primero aborda la reflexi\u00f3n que se hizo con 50 ni\u00f1os y j\u00f3venes en un taller (previo al encuentro) sobre los conceptos cultura, educaci\u00f3n y comunidad para la comprensi\u00f3n y construcci\u00f3n contempor\u00e1nea de la convivencia. Las recomendaciones surgidas de los ni\u00f1os y j\u00f3venes durante este taller fueron consolidadas en un documento, que aqu\u00ed se presenta.<\/span><\/p>\n<p style=\"text-align: justify;\"><span style=\"font-weight: 400;\">El \u00a0segundo cap\u00edtulo lo componen los textos de las experiencias invitadas. Los art\u00edculos cuentan con una primera parte que describe el quehacer de las organizaciones (una s\u00edntesis de su contexto de trabajo, estructura program\u00e1tica y operativa) y una segunda parte sobre la experiencia del programa o proyecto que la organizaci\u00f3n present\u00f3 durante el encuentro (los conceptos y metodolog\u00edas que ponen en pr\u00e1ctica en esa relaci\u00f3n cultura + educaci\u00f3n + comunidad).<\/span><\/p>\n<p style=\"text-align: justify;\"><span style=\"font-weight: 400;\">Tres textos con reflexiones del Encuentro de la Armon\u00eda forman el cap\u00edtulo tercero. Uno de ellos es una relator\u00eda general del evento, firmada por Juan Fernando Sierra. Los otros dos son los art\u00edculos \u201c&#8230;y la vida es tambi\u00e9n un hecho cultural\u201d, del colombiano Gabriel Jaime Arango, y \u00a0\u201c<\/span><em><span style=\"font-weight: 400;\">Cultura a unir os povos<\/span><\/em><span style=\"font-weight: 400;\">\u201d (en portugu\u00e9s), del historiador brasile\u00f1o C\u00e9lio Turino.<\/span><\/p>\n<p style=\"text-align: justify;\"><span style=\"font-weight: 400;\">En su texto, Arango aborda cuestiones como la naturaleza y los fines de los sistemas educativos, la educaci\u00f3n y la formaci\u00f3n integral de la personalidad y los aprendizajes que se debe procurar (aprender a ser, a conocer, a hacer, a aprender, a vivir juntos). \u201cConfigurar en cada estudiante de un pa\u00eds la conciencia sobre el valor supremo de la dignidad humana y el respeto a los derechos humanos es y ser\u00e1 el principal reto que tiene que asumir la educaci\u00f3n humanista\u201d, se\u00f1ala.<\/span><\/p>\n<p style=\"text-align: justify;\"><span style=\"font-weight: 400;\">Turino, a su vez, hace un recorrido por algunos de los marcos del movimiento latinoamericano de Cultura Viva Comunitaria, como los Congresos de La Paz (2013) y El Salvador (2015), el Congreso Iberoamericano de Cultura de 2014 (realizado en Costa Rica, con el tema de las culturas comunitarias), y la aprobaci\u00f3n de la primera ley municipal de Cultura Viva, en Medell\u00edn, en 2011. Adem\u00e1s, recuerda los m\u00e1s de 10 a\u00f1os de la pol\u00edtica p\u00fablica en Brasil, entre teor\u00eda, conceptos, construcci\u00f3n y gesti\u00f3n. Una pol\u00edtica que empez\u00f3 con una idea sencilla &#8212; potenciar lo que ya existe &#8212; y poco a poco gan\u00f3 la atenci\u00f3n de varios pa\u00edses iberoamericanos, como se pudo ver en este Encuentro de la Armon\u00eda.<\/span><\/p>\n<p><a href=\"https:\/\/iberculturaviva.org\/wp-content\/uploads\/2017\/01\/armonia-3.jpeg\"><img loading=\"lazy\" decoding=\"async\" class=\"aligncenter wp-image-5832\" src=\"https:\/\/iberculturaviva.org\/wp-content\/uploads\/2017\/01\/armonia-3.jpeg\" width=\"520\" height=\"398\" srcset=\"https:\/\/iberculturaviva.org\/wp-content\/uploads\/2017\/01\/armonia-3.jpeg 553w, https:\/\/iberculturaviva.org\/wp-content\/uploads\/2017\/01\/armonia-3-300x229.jpeg 300w, https:\/\/iberculturaviva.org\/wp-content\/uploads\/2017\/01\/armonia-3-150x115.jpeg 150w\" sizes=\"auto, (max-width: 520px) 100vw, 520px\" \/><\/a><\/p>\n<h4><\/h4>\n<h4><b>Los invitados<\/b><\/h4>\n<p style=\"text-align: justify;\"><span style=\"font-weight: 400;\">Las experiencias internacionales participantes del encuentro fueron: A\u00e7\u00e3o Gri\u00f4 (Brasil), Caja L\u00fadica (Guatemala), Conarte (M\u00e9xico), Crear Vale la Pena (Argentina), El Arte Nos Une (Ecuador), Escuela Espiritual de la Naturaleza (Costa Rica), TNT \u2013 Tiempos Nuevos Teatro (El Salvador), Vichama Teatro (Per\u00fa), Walabis (Honduras) y Wayna Tambo (Bolivia). El libro tambi\u00e9n cuenta con una presentaci\u00f3n de Pablo Rojas Dur\u00e1n, jefe del Departamento de Educaci\u00f3n y Formaci\u00f3n en Artes y Cultura del Consejo de las Artes y la Cultura de Chile. <\/span><\/p>\n<p style=\"text-align: justify;\"><span style=\"font-weight: 400;\">De Colombia se presentaron experiencias desarrolladas en diferentes puntos del pa\u00eds, como Guajira (Centro Etnoeducativo Aujero), Cauca (Red Colombia para la Actor\u00eda Social Juvenil), Nari\u00f1o (Casa de la Ciencia y el Juego), Medell\u00edn (Corporaci\u00f3n Cultural Canchimalos y Universidad de los Ni\u00f1os de Universidad Eafit) y Bogot\u00e1 (Centro de Desarrollo Taller de Vida y Programa Clan Idartes).<\/span><\/p>\n<p style=\"text-align: justify;\"><span style=\"font-weight: 400;\">Haciendo de Medell\u00edn un cruce de caminos, el Encuentro de la Armon\u00eda busc\u00f3 presentar experiencias diversas, \u201cen sus concepciones y metodolog\u00edas, en sus singularidades y pluralidades, desde las realidades de cada pa\u00eds y momentos hist\u00f3ricos\u201d, estableciendo campos de di\u00e1logo com\u00fan. Tambi\u00e9n busc\u00f3 contrastar experiencias con un gran liderazgo en el territorio e iniciativas de universidades y entes gubernamentales que emprenden acciones formativas en los territorios, dejando clara la necesidad de entender la educaci\u00f3n en un sentido m\u00e1s amplio, como sin\u00f3nimo de relaci\u00f3n y de conversaci\u00f3n, y de pensar la cultura como una herramienta que permite saltos hacia nuevos horizontes.\u00a0<\/span><\/p>\n<p><a href=\"https:\/\/iberculturaviva.org\/wp-content\/uploads\/2017\/01\/armonia-4.jpeg\"><img loading=\"lazy\" decoding=\"async\" class=\"aligncenter wp-image-5833\" src=\"https:\/\/iberculturaviva.org\/wp-content\/uploads\/2017\/01\/armonia-4.jpeg\" width=\"520\" height=\"435\" srcset=\"https:\/\/iberculturaviva.org\/wp-content\/uploads\/2017\/01\/armonia-4.jpeg 571w, https:\/\/iberculturaviva.org\/wp-content\/uploads\/2017\/01\/armonia-4-300x251.jpeg 300w, https:\/\/iberculturaviva.org\/wp-content\/uploads\/2017\/01\/armonia-4-150x126.jpeg 150w\" sizes=\"auto, (max-width: 520px) 100vw, 520px\" \/><\/a><\/p>\n<p>&nbsp;<\/p>\n<h4><span style=\"font-weight: 400;\">Revisa y descarga el libro <\/span><em><span style=\"font-weight: 400;\">Educar en la Armon\u00eda <\/span><\/em><span style=\"font-weight: 400;\">aqu\u00ed: \u00a0<\/span><a href=\"https:\/\/bit.ly\/2k3LQ2u\"><span style=\"font-weight: 400;\">https:\/\/bit.ly\/2k3LQ2u<\/span><\/a><\/h4>\n<p><span style=\"font-weight: 400;\">Lea tambi\u00e9n:<\/span><\/p>\n<p><a href=\"https:\/\/iberculturaviva.org\/es\/encuentro-de-la-armonia-reunira-en-medellin-a-representantes-de-organizaciones-de-11-paises\/?lang=es\"><span style=\"font-weight: 400;\">Encuentro de la Armon\u00eda reunir\u00e1 en Medell\u00edn a representantes de organizaciones de 11 pa\u00edses<\/span><\/a><\/p>\n","protected":false},"excerpt":{"rendered":"<p>Entre el 11 y el 17 de septiembre de 2016 Medell\u00edn fue escenario del Encuentro de la Armon\u00eda: Cultura + Educaci\u00f3n + Comunidad, un espacio para el di\u00e1logo de saberes, [&hellip;]<\/p>\n","protected":false},"author":2,"featured_media":18738,"comment_status":"closed","ping_status":"closed","sticky":false,"template":"","format":"standard","meta":{"_coblocks_attr":"","_coblocks_dimensions":"","_coblocks_responsive_height":"","_coblocks_accordion_ie_support":"","_EventAllDay":false,"_EventTimezone":"","_EventStartDate":"","_EventEndDate":"","_EventStartDateUTC":"","_EventEndDateUTC":"","_EventShowMap":false,"_EventShowMapLink":false,"_EventURL":"","_EventCost":"","_EventCostDescription":"","_EventCurrencySymbol":"","_EventCurrencyCode":"","_EventCurrencyPosition":"","_EventDateTimeSeparator":"","_EventTimeRangeSeparator":"","_EventOrganizerID":[],"_EventVenueID":[],"_OrganizerEmail":"","_OrganizerPhone":"","_OrganizerWebsite":"","_VenueAddress":"","_VenueCity":"","_VenueCountry":"","_VenueProvince":"","_VenueState":"","_VenueZip":"","_VenuePhone":"","_VenueURL":"","_VenueStateProvince":"","_VenueLat":"","_VenueLng":"","_VenueShowMap":false,"_VenueShowMapLink":false,"footnotes":""},"categories":[262],"tags":[],"country-municipality":[],"class_list":["post-16149","post","type-post","status-publish","format-standard","has-post-thumbnail","hentry","category-noticias-es"],"yoast_head":"<!-- This site is optimized with the Yoast SEO plugin v25.7 - https:\/\/yoast.com\/wordpress\/plugins\/seo\/ -->\n<title>\u201cEducar en la Armon\u00eda\u201d: un libro sobre cultura, educaci\u00f3n y convivencia para el bien com\u00fan - IberCultura Viva<\/title>\n<meta name=\"description\" content=\"\u201cEducar en la Armon\u00eda\u201d: un libro sobre cultura, educaci\u00f3n y convivencia para el bien com\u00fan - IberCultura Viva\" \/>\n<meta name=\"robots\" content=\"index, follow, max-snippet:-1, max-image-preview:large, max-video-preview:-1\" \/>\n<link rel=\"canonical\" href=\"https:\/\/iberculturaviva.org\/es\/educar-en-la-armonia-un-libro-sobre-cultura-educacion-y-convivencia-para-el-bien-comun\/\" \/>\n<meta property=\"og:locale\" content=\"es_ES\" \/>\n<meta property=\"og:type\" content=\"article\" \/>\n<meta property=\"og:title\" content=\"\u201cEducar en la Armon\u00eda\u201d: un libro sobre cultura, educaci\u00f3n y convivencia para el bien com\u00fan - IberCultura Viva\" \/>\n<meta property=\"og:description\" content=\"\u201cEducar en la Armon\u00eda\u201d: un libro sobre cultura, educaci\u00f3n y convivencia para el bien com\u00fan - IberCultura Viva\" \/>\n<meta property=\"og:url\" content=\"https:\/\/iberculturaviva.org\/es\/educar-en-la-armonia-un-libro-sobre-cultura-educacion-y-convivencia-para-el-bien-comun\/\" \/>\n<meta property=\"og:site_name\" content=\"IberCultura Viva\" \/>\n<meta property=\"article:publisher\" content=\"https:\/\/www.facebook.com\/iberculturaviva\/\" \/>\n<meta property=\"article:published_time\" content=\"2017-01-26T12:44:43+00:00\" \/>\n<meta property=\"article:modified_time\" content=\"2021-01-12T17:04:52+00:00\" \/>\n<meta property=\"og:image\" content=\"https:\/\/iberculturaviva.org\/wp-content\/uploads\/2017\/01\/encuentro-armonia-e1485435717163.png\" \/>\n\t<meta property=\"og:image:width\" content=\"971\" \/>\n\t<meta property=\"og:image:height\" content=\"432\" \/>\n\t<meta property=\"og:image:type\" content=\"image\/png\" \/>\n<meta name=\"author\" content=\"IberCultura\" \/>\n<meta name=\"twitter:card\" content=\"summary_large_image\" \/>\n<meta name=\"twitter:label1\" content=\"Escrito por\" \/>\n\t<meta name=\"twitter:data1\" content=\"IberCultura\" \/>\n\t<meta name=\"twitter:label2\" content=\"Tiempo de lectura\" \/>\n\t<meta name=\"twitter:data2\" content=\"6 minutos\" \/>\n<script type=\"application\/ld+json\" class=\"yoast-schema-graph\">{\"@context\":\"https:\/\/schema.org\",\"@graph\":[{\"@type\":\"Article\",\"@id\":\"https:\/\/iberculturaviva.org\/es\/educar-en-la-armonia-un-libro-sobre-cultura-educacion-y-convivencia-para-el-bien-comun\/#article\",\"isPartOf\":{\"@id\":\"https:\/\/iberculturaviva.org\/es\/educar-en-la-armonia-un-libro-sobre-cultura-educacion-y-convivencia-para-el-bien-comun\/\"},\"author\":{\"name\":\"IberCultura\",\"@id\":\"https:\/\/iberculturaviva.org\/es\/?lang=es\/#\/schema\/person\/5d1313b072cc25536e0431522f740b59\"},\"headline\":\"\u201cEducar en la Armon\u00eda\u201d: un libro sobre cultura, educaci\u00f3n y convivencia para el bien com\u00fan\",\"datePublished\":\"2017-01-26T12:44:43+00:00\",\"dateModified\":\"2021-01-12T17:04:52+00:00\",\"mainEntityOfPage\":{\"@id\":\"https:\/\/iberculturaviva.org\/es\/educar-en-la-armonia-un-libro-sobre-cultura-educacion-y-convivencia-para-el-bien-comun\/\"},\"wordCount\":1144,\"publisher\":{\"@id\":\"https:\/\/iberculturaviva.org\/es\/?lang=es\/#organization\"},\"image\":{\"@id\":\"https:\/\/iberculturaviva.org\/es\/educar-en-la-armonia-un-libro-sobre-cultura-educacion-y-convivencia-para-el-bien-comun\/#primaryimage\"},\"thumbnailUrl\":\"https:\/\/iberculturaviva.org\/wp-content\/uploads\/2017\/01\/encuentro-armonia-e1485435717163.png\",\"articleSection\":[\"Noticias\"],\"inLanguage\":\"es\"},{\"@type\":\"WebPage\",\"@id\":\"https:\/\/iberculturaviva.org\/es\/educar-en-la-armonia-un-libro-sobre-cultura-educacion-y-convivencia-para-el-bien-comun\/\",\"url\":\"https:\/\/iberculturaviva.org\/es\/educar-en-la-armonia-un-libro-sobre-cultura-educacion-y-convivencia-para-el-bien-comun\/\",\"name\":\"\u201cEducar en la Armon\u00eda\u201d: un libro sobre cultura, educaci\u00f3n y convivencia para el bien com\u00fan - IberCultura Viva\",\"isPartOf\":{\"@id\":\"https:\/\/iberculturaviva.org\/es\/?lang=es\/#website\"},\"primaryImageOfPage\":{\"@id\":\"https:\/\/iberculturaviva.org\/es\/educar-en-la-armonia-un-libro-sobre-cultura-educacion-y-convivencia-para-el-bien-comun\/#primaryimage\"},\"image\":{\"@id\":\"https:\/\/iberculturaviva.org\/es\/educar-en-la-armonia-un-libro-sobre-cultura-educacion-y-convivencia-para-el-bien-comun\/#primaryimage\"},\"thumbnailUrl\":\"https:\/\/iberculturaviva.org\/wp-content\/uploads\/2017\/01\/encuentro-armonia-e1485435717163.png\",\"datePublished\":\"2017-01-26T12:44:43+00:00\",\"dateModified\":\"2021-01-12T17:04:52+00:00\",\"description\":\"\u201cEducar en la Armon\u00eda\u201d: un libro sobre cultura, educaci\u00f3n y convivencia para el bien com\u00fan - IberCultura Viva\",\"breadcrumb\":{\"@id\":\"https:\/\/iberculturaviva.org\/es\/educar-en-la-armonia-un-libro-sobre-cultura-educacion-y-convivencia-para-el-bien-comun\/#breadcrumb\"},\"inLanguage\":\"es\",\"potentialAction\":[{\"@type\":\"ReadAction\",\"target\":[\"https:\/\/iberculturaviva.org\/es\/educar-en-la-armonia-un-libro-sobre-cultura-educacion-y-convivencia-para-el-bien-comun\/\"]}]},{\"@type\":\"ImageObject\",\"inLanguage\":\"es\",\"@id\":\"https:\/\/iberculturaviva.org\/es\/educar-en-la-armonia-un-libro-sobre-cultura-educacion-y-convivencia-para-el-bien-comun\/#primaryimage\",\"url\":\"https:\/\/iberculturaviva.org\/wp-content\/uploads\/2017\/01\/encuentro-armonia-e1485435717163.png\",\"contentUrl\":\"https:\/\/iberculturaviva.org\/wp-content\/uploads\/2017\/01\/encuentro-armonia-e1485435717163.png\",\"width\":971,\"height\":432},{\"@type\":\"BreadcrumbList\",\"@id\":\"https:\/\/iberculturaviva.org\/es\/educar-en-la-armonia-un-libro-sobre-cultura-educacion-y-convivencia-para-el-bien-comun\/#breadcrumb\",\"itemListElement\":[{\"@type\":\"ListItem\",\"position\":1,\"name\":\"In\u00edcio\",\"item\":\"https:\/\/iberculturaviva.org\/es\/inicio\/\"},{\"@type\":\"ListItem\",\"position\":2,\"name\":\"\u201cEducar en la Armon\u00eda\u201d: un libro sobre cultura, educaci\u00f3n y convivencia para el bien com\u00fan\"}]},{\"@type\":\"WebSite\",\"@id\":\"https:\/\/iberculturaviva.org\/es\/?lang=es\/#website\",\"url\":\"https:\/\/iberculturaviva.org\/es\/?lang=es\/\",\"name\":\"IberCultura Viva\",\"description\":\"Programa de cooperaci\u00f3n cultural\",\"publisher\":{\"@id\":\"https:\/\/iberculturaviva.org\/es\/?lang=es\/#organization\"},\"potentialAction\":[{\"@type\":\"SearchAction\",\"target\":{\"@type\":\"EntryPoint\",\"urlTemplate\":\"https:\/\/iberculturaviva.org\/es\/?lang=es\/?s={search_term_string}\"},\"query-input\":{\"@type\":\"PropertyValueSpecification\",\"valueRequired\":true,\"valueName\":\"search_term_string\"}}],\"inLanguage\":\"es\"},{\"@type\":\"Organization\",\"@id\":\"https:\/\/iberculturaviva.org\/es\/?lang=es\/#organization\",\"name\":\"Iberculturaviva\",\"url\":\"https:\/\/iberculturaviva.org\/es\/?lang=es\/\",\"logo\":{\"@type\":\"ImageObject\",\"inLanguage\":\"es\",\"@id\":\"https:\/\/iberculturaviva.org\/es\/?lang=es\/#\/schema\/logo\/image\/\",\"url\":\"https:\/\/iberculturaviva.org\/wp-content\/uploads\/2021\/08\/logo_ibercultura_viva.jpg\",\"contentUrl\":\"https:\/\/iberculturaviva.org\/wp-content\/uploads\/2021\/08\/logo_ibercultura_viva.jpg\",\"width\":708,\"height\":223,\"caption\":\"Iberculturaviva\"},\"image\":{\"@id\":\"https:\/\/iberculturaviva.org\/es\/?lang=es\/#\/schema\/logo\/image\/\"},\"sameAs\":[\"https:\/\/www.facebook.com\/iberculturaviva\/\",\"https:\/\/www.instagram.com\/iberculturaviva\/\",\"https:\/\/www.youtube.com\/iberculturaviva\"]},{\"@type\":\"Person\",\"@id\":\"https:\/\/iberculturaviva.org\/es\/?lang=es\/#\/schema\/person\/5d1313b072cc25536e0431522f740b59\",\"name\":\"IberCultura\",\"image\":{\"@type\":\"ImageObject\",\"inLanguage\":\"es\",\"@id\":\"https:\/\/iberculturaviva.org\/es\/?lang=es\/#\/schema\/person\/image\/\",\"url\":\"https:\/\/secure.gravatar.com\/avatar\/79f1a057cb125cbefb3765d0356d52fc7f3bba3a35e2cf22bc4de090bb7aef70?s=96&d=mm&r=g\",\"contentUrl\":\"https:\/\/secure.gravatar.com\/avatar\/79f1a057cb125cbefb3765d0356d52fc7f3bba3a35e2cf22bc4de090bb7aef70?s=96&d=mm&r=g\",\"caption\":\"IberCultura\"}}]}<\/script>\n<!-- \/ Yoast SEO plugin. -->","yoast_head_json":{"title":"\u201cEducar en la Armon\u00eda\u201d: un libro sobre cultura, educaci\u00f3n y convivencia para el bien com\u00fan - IberCultura Viva","description":"\u201cEducar en la Armon\u00eda\u201d: un libro sobre cultura, educaci\u00f3n y convivencia para el bien com\u00fan - IberCultura Viva","robots":{"index":"index","follow":"follow","max-snippet":"max-snippet:-1","max-image-preview":"max-image-preview:large","max-video-preview":"max-video-preview:-1"},"canonical":"https:\/\/iberculturaviva.org\/es\/educar-en-la-armonia-un-libro-sobre-cultura-educacion-y-convivencia-para-el-bien-comun\/","og_locale":"es_ES","og_type":"article","og_title":"\u201cEducar en la Armon\u00eda\u201d: un libro sobre cultura, educaci\u00f3n y convivencia para el bien com\u00fan - IberCultura Viva","og_description":"\u201cEducar en la Armon\u00eda\u201d: un libro sobre cultura, educaci\u00f3n y convivencia para el bien com\u00fan - IberCultura Viva","og_url":"https:\/\/iberculturaviva.org\/es\/educar-en-la-armonia-un-libro-sobre-cultura-educacion-y-convivencia-para-el-bien-comun\/","og_site_name":"IberCultura Viva","article_publisher":"https:\/\/www.facebook.com\/iberculturaviva\/","article_published_time":"2017-01-26T12:44:43+00:00","article_modified_time":"2021-01-12T17:04:52+00:00","og_image":[{"width":971,"height":432,"url":"https:\/\/iberculturaviva.org\/wp-content\/uploads\/2017\/01\/encuentro-armonia-e1485435717163.png","type":"image\/png"}],"author":"IberCultura","twitter_card":"summary_large_image","twitter_misc":{"Escrito por":"IberCultura","Tiempo de lectura":"6 minutos"},"schema":{"@context":"https:\/\/schema.org","@graph":[{"@type":"Article","@id":"https:\/\/iberculturaviva.org\/es\/educar-en-la-armonia-un-libro-sobre-cultura-educacion-y-convivencia-para-el-bien-comun\/#article","isPartOf":{"@id":"https:\/\/iberculturaviva.org\/es\/educar-en-la-armonia-un-libro-sobre-cultura-educacion-y-convivencia-para-el-bien-comun\/"},"author":{"name":"IberCultura","@id":"https:\/\/iberculturaviva.org\/es\/?lang=es\/#\/schema\/person\/5d1313b072cc25536e0431522f740b59"},"headline":"\u201cEducar en la Armon\u00eda\u201d: un libro sobre cultura, educaci\u00f3n y convivencia para el bien com\u00fan","datePublished":"2017-01-26T12:44:43+00:00","dateModified":"2021-01-12T17:04:52+00:00","mainEntityOfPage":{"@id":"https:\/\/iberculturaviva.org\/es\/educar-en-la-armonia-un-libro-sobre-cultura-educacion-y-convivencia-para-el-bien-comun\/"},"wordCount":1144,"publisher":{"@id":"https:\/\/iberculturaviva.org\/es\/?lang=es\/#organization"},"image":{"@id":"https:\/\/iberculturaviva.org\/es\/educar-en-la-armonia-un-libro-sobre-cultura-educacion-y-convivencia-para-el-bien-comun\/#primaryimage"},"thumbnailUrl":"https:\/\/iberculturaviva.org\/wp-content\/uploads\/2017\/01\/encuentro-armonia-e1485435717163.png","articleSection":["Noticias"],"inLanguage":"es"},{"@type":"WebPage","@id":"https:\/\/iberculturaviva.org\/es\/educar-en-la-armonia-un-libro-sobre-cultura-educacion-y-convivencia-para-el-bien-comun\/","url":"https:\/\/iberculturaviva.org\/es\/educar-en-la-armonia-un-libro-sobre-cultura-educacion-y-convivencia-para-el-bien-comun\/","name":"\u201cEducar en la Armon\u00eda\u201d: un libro sobre cultura, educaci\u00f3n y convivencia para el bien com\u00fan - IberCultura Viva","isPartOf":{"@id":"https:\/\/iberculturaviva.org\/es\/?lang=es\/#website"},"primaryImageOfPage":{"@id":"https:\/\/iberculturaviva.org\/es\/educar-en-la-armonia-un-libro-sobre-cultura-educacion-y-convivencia-para-el-bien-comun\/#primaryimage"},"image":{"@id":"https:\/\/iberculturaviva.org\/es\/educar-en-la-armonia-un-libro-sobre-cultura-educacion-y-convivencia-para-el-bien-comun\/#primaryimage"},"thumbnailUrl":"https:\/\/iberculturaviva.org\/wp-content\/uploads\/2017\/01\/encuentro-armonia-e1485435717163.png","datePublished":"2017-01-26T12:44:43+00:00","dateModified":"2021-01-12T17:04:52+00:00","description":"\u201cEducar en la Armon\u00eda\u201d: un libro sobre cultura, educaci\u00f3n y convivencia para el bien com\u00fan - IberCultura Viva","breadcrumb":{"@id":"https:\/\/iberculturaviva.org\/es\/educar-en-la-armonia-un-libro-sobre-cultura-educacion-y-convivencia-para-el-bien-comun\/#breadcrumb"},"inLanguage":"es","potentialAction":[{"@type":"ReadAction","target":["https:\/\/iberculturaviva.org\/es\/educar-en-la-armonia-un-libro-sobre-cultura-educacion-y-convivencia-para-el-bien-comun\/"]}]},{"@type":"ImageObject","inLanguage":"es","@id":"https:\/\/iberculturaviva.org\/es\/educar-en-la-armonia-un-libro-sobre-cultura-educacion-y-convivencia-para-el-bien-comun\/#primaryimage","url":"https:\/\/iberculturaviva.org\/wp-content\/uploads\/2017\/01\/encuentro-armonia-e1485435717163.png","contentUrl":"https:\/\/iberculturaviva.org\/wp-content\/uploads\/2017\/01\/encuentro-armonia-e1485435717163.png","width":971,"height":432},{"@type":"BreadcrumbList","@id":"https:\/\/iberculturaviva.org\/es\/educar-en-la-armonia-un-libro-sobre-cultura-educacion-y-convivencia-para-el-bien-comun\/#breadcrumb","itemListElement":[{"@type":"ListItem","position":1,"name":"In\u00edcio","item":"https:\/\/iberculturaviva.org\/es\/inicio\/"},{"@type":"ListItem","position":2,"name":"\u201cEducar en la Armon\u00eda\u201d: un libro sobre cultura, educaci\u00f3n y convivencia para el bien com\u00fan"}]},{"@type":"WebSite","@id":"https:\/\/iberculturaviva.org\/es\/?lang=es\/#website","url":"https:\/\/iberculturaviva.org\/es\/?lang=es\/","name":"IberCultura Viva","description":"Programa de cooperaci\u00f3n cultural","publisher":{"@id":"https:\/\/iberculturaviva.org\/es\/?lang=es\/#organization"},"potentialAction":[{"@type":"SearchAction","target":{"@type":"EntryPoint","urlTemplate":"https:\/\/iberculturaviva.org\/es\/?lang=es\/?s={search_term_string}"},"query-input":{"@type":"PropertyValueSpecification","valueRequired":true,"valueName":"search_term_string"}}],"inLanguage":"es"},{"@type":"Organization","@id":"https:\/\/iberculturaviva.org\/es\/?lang=es\/#organization","name":"Iberculturaviva","url":"https:\/\/iberculturaviva.org\/es\/?lang=es\/","logo":{"@type":"ImageObject","inLanguage":"es","@id":"https:\/\/iberculturaviva.org\/es\/?lang=es\/#\/schema\/logo\/image\/","url":"https:\/\/iberculturaviva.org\/wp-content\/uploads\/2021\/08\/logo_ibercultura_viva.jpg","contentUrl":"https:\/\/iberculturaviva.org\/wp-content\/uploads\/2021\/08\/logo_ibercultura_viva.jpg","width":708,"height":223,"caption":"Iberculturaviva"},"image":{"@id":"https:\/\/iberculturaviva.org\/es\/?lang=es\/#\/schema\/logo\/image\/"},"sameAs":["https:\/\/www.facebook.com\/iberculturaviva\/","https:\/\/www.instagram.com\/iberculturaviva\/","https:\/\/www.youtube.com\/iberculturaviva"]},{"@type":"Person","@id":"https:\/\/iberculturaviva.org\/es\/?lang=es\/#\/schema\/person\/5d1313b072cc25536e0431522f740b59","name":"IberCultura","image":{"@type":"ImageObject","inLanguage":"es","@id":"https:\/\/iberculturaviva.org\/es\/?lang=es\/#\/schema\/person\/image\/","url":"https:\/\/secure.gravatar.com\/avatar\/79f1a057cb125cbefb3765d0356d52fc7f3bba3a35e2cf22bc4de090bb7aef70?s=96&d=mm&r=g","contentUrl":"https:\/\/secure.gravatar.com\/avatar\/79f1a057cb125cbefb3765d0356d52fc7f3bba3a35e2cf22bc4de090bb7aef70?s=96&d=mm&r=g","caption":"IberCultura"}}]}},"main_category":{"link":"https:\/\/iberculturaviva.org\/es\/category\/noticias-es\/","name":"Noticias","slug":"noticias-es"},"_links":{"self":[{"href":"https:\/\/iberculturaviva.org\/es\/wp-json\/wp\/v2\/posts\/16149","targetHints":{"allow":["GET"]}}],"collection":[{"href":"https:\/\/iberculturaviva.org\/es\/wp-json\/wp\/v2\/posts"}],"about":[{"href":"https:\/\/iberculturaviva.org\/es\/wp-json\/wp\/v2\/types\/post"}],"author":[{"embeddable":true,"href":"https:\/\/iberculturaviva.org\/es\/wp-json\/wp\/v2\/users\/2"}],"replies":[{"embeddable":true,"href":"https:\/\/iberculturaviva.org\/es\/wp-json\/wp\/v2\/comments?post=16149"}],"version-history":[{"count":1,"href":"https:\/\/iberculturaviva.org\/es\/wp-json\/wp\/v2\/posts\/16149\/revisions"}],"predecessor-version":[{"id":22792,"href":"https:\/\/iberculturaviva.org\/es\/wp-json\/wp\/v2\/posts\/16149\/revisions\/22792"}],"wp:featuredmedia":[{"embeddable":true,"href":"https:\/\/iberculturaviva.org\/es\/wp-json\/wp\/v2\/media\/18738"}],"wp:attachment":[{"href":"https:\/\/iberculturaviva.org\/es\/wp-json\/wp\/v2\/media?parent=16149"}],"wp:term":[{"taxonomy":"category","embeddable":true,"href":"https:\/\/iberculturaviva.org\/es\/wp-json\/wp\/v2\/categories?post=16149"},{"taxonomy":"post_tag","embeddable":true,"href":"https:\/\/iberculturaviva.org\/es\/wp-json\/wp\/v2\/tags?post=16149"},{"taxonomy":"country-municipality","embeddable":true,"href":"https:\/\/iberculturaviva.org\/es\/wp-json\/wp\/v2\/country-municipality?post=16149"}],"curies":[{"name":"wp","href":"https:\/\/api.w.org\/{rel}","templated":true}]}}