{"id":16141,"date":"2016-12-14T13:05:48","date_gmt":"2016-12-14T15:05:48","guid":{"rendered":"https:\/\/iberculturaviva.org\/el-programa-anuncia-los-proyectos-habilitados-en-las-convocatorias-ibercultura-viva-2016\/"},"modified":"2021-01-12T14:05:17","modified_gmt":"2021-01-12T17:05:17","slug":"el-programa-anuncia-los-proyectos-habilitados-en-las-convocatorias-ibercultura-viva-2016","status":"publish","type":"post","link":"https:\/\/iberculturaviva.org\/es\/el-programa-anuncia-los-proyectos-habilitados-en-las-convocatorias-ibercultura-viva-2016\/","title":{"rendered":"El programa anuncia los proyectos habilitados en las Convocatorias IberCultura Viva 2016"},"content":{"rendered":"<div style=\"text-align: justify;\">\n<h5>\u00a0Foto: Oliver Kornblihtt<\/h5>\n<p>La Unidad T\u00e9cnica del programa IberCultura Viva informa la relaci\u00f3n definitiva de proyectos habilitados que pasar\u00e1n a la etapa de evaluaci\u00f3n de las Convocatorias IberCultura Viva 2016. Las inscripciones estuvieron abiertas del 19 de septiembre\u00a0al 1 de diciembre. El plazo de presentaci\u00f3n de recursos termin\u00f3 a las 23h59 del s\u00e1bado, 17 de diciembre.<\/p>\n<p>En la Convocatoria de Apoyo a Redes fueron habilitados 13\u00a0proyectos en la categor\u00eda 1, dirigida \u00a0al apoyo a eventos de redes nacionales y\/o regionales que tengan como objetivo la preparaci\u00f3n para el 3\u00ba Congreso Latinoamericano de Cultura Viva Comunitaria, que se realizar\u00e1 en noviembre\u00a0de 2017 en Quito (Ecuador). En la categor\u00eda 2, dedicada al apoyo para la realizaci\u00f3n de eventos de redes de cultura de base comunitaria municipales, provinciales, nacionales o regionales, fueron habilitados 67\u00a0proyectos,\u00a0que continuar\u00e1n en el proceso de evaluaci\u00f3n.<\/p>\n<p>En el Concurso de Videominuto fueron habilitadas 55 propuestas de videos \u2013\u00a0 se incluyeron tres\u00a0tras el plazo de presentaci\u00f3n de recursos y complementaci\u00f3n de la documentaci\u00f3n.\u00a0La Convocatoria para la selecci\u00f3n de textos sobre pol\u00edticas culturales de base comunitaria sigue en proceso de evaluaci\u00f3n.<\/p>\n<\/div>\n<div style=\"text-align: justify;\">\n<p>La pr\u00f3xima etapa, de juzgamiento, ser\u00e1 de responsabilidad de los Comit\u00e9s de Evaluaci\u00f3n.\u00a0Se otorgar\u00e1n US$ 50 mil a cada una de las categor\u00edas de la Convocatoria de Apoyo a Redes (de hasta US$ 5 mil para los 10\u00a0primeros colocados), y US$ 500 para los 10 primeros colocados en el Concurso de Videominuto. Los resultados ser\u00e1n \u00a0publicados antes del 31 de enero de 2017.<\/p>\n<\/div>\n<p style=\"text-align: justify;\"><img decoding=\"async\" class=\"ajT\" src=\"https:\/\/ssl.gstatic.com\/ui\/v1\/icons\/mail\/images\/cleardot.gif\" \/><\/p>\n<div>\n<p>(*<em>Texto actualizado el 20 de diciembre de 2016<\/em>)<\/p>\n<\/div>\n<div>\n<h4 class=\"adL\"><\/h4>\n<h4>Informaci\u00f3n a los interesados IV:\u00a0<a href=\"https:\/\/iberculturaviva.org\/wp-content\/uploads\/2016\/12\/INFORMACI\u00d3N-A-LOS-INTERESADOS-Convocatoria-Apoyo-a-redes-Relaci\u00f3n-definitiva.pdf\">Convocatoria Apoyo a Redes de Cultura de Base Comunitaria \u2013 Etapa de Habilitaci\u00f3n\u00a0&#8211; RELACI\u00d3N DEFINITIVA<\/a><\/h4>\n<h4>Informaci\u00f3n a los interesados III:\u00a0<a href=\"https:\/\/iberculturaviva.org\/wp-content\/uploads\/2016\/12\/INFORMACI\u00d3N-A-LOS-INTERESADOS-III-Habilitaci\u00f3n-Concurso-de-Videominuto-Relaci\u00f3n-definitiva.pdf\">Concurso de Videominuto \u2013 Etapa de Habilitaci\u00f3n\u00a0&#8211; RELACI\u00d3N DEFINITIVA<\/a><\/h4>\n<p>Informaci\u00f3n a los interesados II:\u00a0<a href=\"https:\/\/iberculturaviva.org\/wp-content\/uploads\/2016\/12\/INFORMACI%C3%93N-A-LOS-INTERESADOS-Resultado-Convocatoria-Apoyo-a-redes-de-Cultura-de-Base-Comunitaria.docx-1.pdf\" target=\"_blank\" data-saferedirecturl=\"https:\/\/www.google.com\/url?hl=pt-BR&amp;q=https:\/\/iberculturaviva.org\/wp-content\/uploads\/2016\/12\/INFORMACI%25C3%2593N-A-LOS-INTERESADOS-Resultado-Convocatoria-Apoyo-a-redes-de-Cultura-de-Base-Comunitaria.docx-1.pdf&amp;source=gmail&amp;ust=1482328404458000&amp;usg=AFQjCNGGqmfUsc36ePSFnMwGhbfHs6x-sg\" rel=\"noopener noreferrer\">Convocatoria Apoyo a Redes de Cultura de Base Comunitaria \u2013 Etapa de Habilitaci\u00f3n<\/a><\/p>\n<p>Informaci\u00f3n a los interesados I:\u00a0<a href=\"https:\/\/iberculturaviva.org\/wp-content\/uploads\/2016\/12\/INFORMACI%C3%93N-A-LOS-INTERESADOS-I-Habilitaci%C3%B3n-Concurso-de-Videominuto.pdf\" target=\"_blank\" data-saferedirecturl=\"https:\/\/www.google.com\/url?hl=pt-BR&amp;q=https:\/\/iberculturaviva.org\/wp-content\/uploads\/2016\/12\/INFORMACI%25C3%2593N-A-LOS-INTERESADOS-I-Habilitaci%25C3%25B3n-Concurso-de-Videominuto.pdf&amp;source=gmail&amp;ust=1482328404458000&amp;usg=AFQjCNETJf9CMpZcJLOvQet85POQ9u3f2w\" rel=\"noopener noreferrer\">Concurso de Videominuto \u2013 Etapa de Habilitaci\u00f3n<\/a><\/p>\n<\/div>\n<p>&nbsp;<\/p>\n","protected":false},"excerpt":{"rendered":"<p>\u00a0Foto: Oliver Kornblihtt La Unidad T\u00e9cnica del programa IberCultura Viva informa la relaci\u00f3n definitiva de proyectos habilitados que pasar\u00e1n a la etapa de evaluaci\u00f3n de las Convocatorias IberCultura Viva 2016. [&hellip;]<\/p>\n","protected":false},"author":2,"featured_media":18362,"comment_status":"closed","ping_status":"closed","sticky":false,"template":"","format":"standard","meta":{"_coblocks_attr":"","_coblocks_dimensions":"","_coblocks_responsive_height":"","_coblocks_accordion_ie_support":"","_EventAllDay":false,"_EventTimezone":"","_EventStartDate":"","_EventEndDate":"","_EventStartDateUTC":"","_EventEndDateUTC":"","_EventShowMap":false,"_EventShowMapLink":false,"_EventURL":"","_EventCost":"","_EventCostDescription":"","_EventCurrencySymbol":"","_EventCurrencyCode":"","_EventCurrencyPosition":"","_EventDateTimeSeparator":"","_EventTimeRangeSeparator":"","_EventOrganizerID":[],"_EventVenueID":[],"_OrganizerEmail":"","_OrganizerPhone":"","_OrganizerWebsite":"","_VenueAddress":"","_VenueCity":"","_VenueCountry":"","_VenueProvince":"","_VenueState":"","_VenueZip":"","_VenuePhone":"","_VenueURL":"","_VenueStateProvince":"","_VenueLat":"","_VenueLng":"","_VenueShowMap":false,"_VenueShowMapLink":false,"footnotes":""},"categories":[250,262],"tags":[],"country-municipality":[],"class_list":["post-16141","post","type-post","status-publish","format-standard","has-post-thumbnail","hentry","category-convocatorias","category-noticias-es"],"yoast_head":"<!-- This site is optimized with the Yoast SEO plugin v25.7 - https:\/\/yoast.com\/wordpress\/plugins\/seo\/ -->\n<title>El programa anuncia los proyectos habilitados en las Convocatorias IberCultura Viva 2016 - IberCultura Viva<\/title>\n<meta name=\"description\" content=\"El programa anuncia los proyectos habilitados en las Convocatorias IberCultura Viva 2016 - IberCultura Viva\" \/>\n<meta name=\"robots\" content=\"index, follow, max-snippet:-1, max-image-preview:large, max-video-preview:-1\" \/>\n<link rel=\"canonical\" href=\"https:\/\/iberculturaviva.org\/es\/el-programa-anuncia-los-proyectos-habilitados-en-las-convocatorias-ibercultura-viva-2016\/\" \/>\n<meta property=\"og:locale\" content=\"es_ES\" \/>\n<meta property=\"og:type\" content=\"article\" \/>\n<meta property=\"og:title\" content=\"El programa anuncia los proyectos habilitados en las Convocatorias IberCultura Viva 2016 - IberCultura Viva\" \/>\n<meta property=\"og:description\" content=\"El programa anuncia los proyectos habilitados en las Convocatorias IberCultura Viva 2016 - IberCultura Viva\" \/>\n<meta property=\"og:url\" content=\"https:\/\/iberculturaviva.org\/es\/el-programa-anuncia-los-proyectos-habilitados-en-las-convocatorias-ibercultura-viva-2016\/\" \/>\n<meta property=\"og:site_name\" content=\"IberCultura Viva\" \/>\n<meta property=\"article:publisher\" content=\"https:\/\/www.facebook.com\/iberculturaviva\/\" \/>\n<meta property=\"article:published_time\" content=\"2016-12-14T15:05:48+00:00\" \/>\n<meta property=\"article:modified_time\" content=\"2021-01-12T17:05:17+00:00\" \/>\n<meta property=\"og:image\" content=\"https:\/\/iberculturaviva.org\/wp-content\/uploads\/2016\/09\/19594584093_e719a12e07_o-e1473958942669.jpg\" \/>\n\t<meta property=\"og:image:width\" content=\"960\" \/>\n\t<meta property=\"og:image:height\" content=\"640\" \/>\n\t<meta property=\"og:image:type\" content=\"image\/jpeg\" \/>\n<meta name=\"author\" content=\"IberCultura\" \/>\n<meta name=\"twitter:card\" content=\"summary_large_image\" \/>\n<meta name=\"twitter:label1\" content=\"Escrito por\" \/>\n\t<meta name=\"twitter:data1\" content=\"IberCultura\" \/>\n\t<meta name=\"twitter:label2\" content=\"Tiempo de lectura\" \/>\n\t<meta name=\"twitter:data2\" content=\"2 minutos\" \/>\n<script type=\"application\/ld+json\" class=\"yoast-schema-graph\">{\"@context\":\"https:\/\/schema.org\",\"@graph\":[{\"@type\":\"Article\",\"@id\":\"https:\/\/iberculturaviva.org\/es\/el-programa-anuncia-los-proyectos-habilitados-en-las-convocatorias-ibercultura-viva-2016\/#article\",\"isPartOf\":{\"@id\":\"https:\/\/iberculturaviva.org\/es\/el-programa-anuncia-los-proyectos-habilitados-en-las-convocatorias-ibercultura-viva-2016\/\"},\"author\":{\"name\":\"IberCultura\",\"@id\":\"https:\/\/iberculturaviva.org\/es\/?lang=es\/#\/schema\/person\/5d1313b072cc25536e0431522f740b59\"},\"headline\":\"El programa anuncia los proyectos habilitados en las Convocatorias IberCultura Viva 2016\",\"datePublished\":\"2016-12-14T15:05:48+00:00\",\"dateModified\":\"2021-01-12T17:05:17+00:00\",\"mainEntityOfPage\":{\"@id\":\"https:\/\/iberculturaviva.org\/es\/el-programa-anuncia-los-proyectos-habilitados-en-las-convocatorias-ibercultura-viva-2016\/\"},\"wordCount\":348,\"publisher\":{\"@id\":\"https:\/\/iberculturaviva.org\/es\/?lang=es\/#organization\"},\"image\":{\"@id\":\"https:\/\/iberculturaviva.org\/es\/el-programa-anuncia-los-proyectos-habilitados-en-las-convocatorias-ibercultura-viva-2016\/#primaryimage\"},\"thumbnailUrl\":\"https:\/\/iberculturaviva.org\/wp-content\/uploads\/2016\/09\/19594584093_e719a12e07_o-e1473958942669.jpg\",\"articleSection\":[\"Convocatorias\",\"Noticias\"],\"inLanguage\":\"es\"},{\"@type\":\"WebPage\",\"@id\":\"https:\/\/iberculturaviva.org\/es\/el-programa-anuncia-los-proyectos-habilitados-en-las-convocatorias-ibercultura-viva-2016\/\",\"url\":\"https:\/\/iberculturaviva.org\/es\/el-programa-anuncia-los-proyectos-habilitados-en-las-convocatorias-ibercultura-viva-2016\/\",\"name\":\"El programa anuncia los proyectos habilitados en las Convocatorias IberCultura Viva 2016 - IberCultura Viva\",\"isPartOf\":{\"@id\":\"https:\/\/iberculturaviva.org\/es\/?lang=es\/#website\"},\"primaryImageOfPage\":{\"@id\":\"https:\/\/iberculturaviva.org\/es\/el-programa-anuncia-los-proyectos-habilitados-en-las-convocatorias-ibercultura-viva-2016\/#primaryimage\"},\"image\":{\"@id\":\"https:\/\/iberculturaviva.org\/es\/el-programa-anuncia-los-proyectos-habilitados-en-las-convocatorias-ibercultura-viva-2016\/#primaryimage\"},\"thumbnailUrl\":\"https:\/\/iberculturaviva.org\/wp-content\/uploads\/2016\/09\/19594584093_e719a12e07_o-e1473958942669.jpg\",\"datePublished\":\"2016-12-14T15:05:48+00:00\",\"dateModified\":\"2021-01-12T17:05:17+00:00\",\"description\":\"El programa anuncia los proyectos habilitados en las Convocatorias IberCultura Viva 2016 - IberCultura Viva\",\"breadcrumb\":{\"@id\":\"https:\/\/iberculturaviva.org\/es\/el-programa-anuncia-los-proyectos-habilitados-en-las-convocatorias-ibercultura-viva-2016\/#breadcrumb\"},\"inLanguage\":\"es\",\"potentialAction\":[{\"@type\":\"ReadAction\",\"target\":[\"https:\/\/iberculturaviva.org\/es\/el-programa-anuncia-los-proyectos-habilitados-en-las-convocatorias-ibercultura-viva-2016\/\"]}]},{\"@type\":\"ImageObject\",\"inLanguage\":\"es\",\"@id\":\"https:\/\/iberculturaviva.org\/es\/el-programa-anuncia-los-proyectos-habilitados-en-las-convocatorias-ibercultura-viva-2016\/#primaryimage\",\"url\":\"https:\/\/iberculturaviva.org\/wp-content\/uploads\/2016\/09\/19594584093_e719a12e07_o-e1473958942669.jpg\",\"contentUrl\":\"https:\/\/iberculturaviva.org\/wp-content\/uploads\/2016\/09\/19594584093_e719a12e07_o-e1473958942669.jpg\",\"width\":960,\"height\":640},{\"@type\":\"BreadcrumbList\",\"@id\":\"https:\/\/iberculturaviva.org\/es\/el-programa-anuncia-los-proyectos-habilitados-en-las-convocatorias-ibercultura-viva-2016\/#breadcrumb\",\"itemListElement\":[{\"@type\":\"ListItem\",\"position\":1,\"name\":\"In\u00edcio\",\"item\":\"https:\/\/iberculturaviva.org\/es\/inicio\/\"},{\"@type\":\"ListItem\",\"position\":2,\"name\":\"El programa anuncia los proyectos habilitados en las Convocatorias IberCultura Viva 2016\"}]},{\"@type\":\"WebSite\",\"@id\":\"https:\/\/iberculturaviva.org\/es\/?lang=es\/#website\",\"url\":\"https:\/\/iberculturaviva.org\/es\/?lang=es\/\",\"name\":\"IberCultura Viva\",\"description\":\"Programa de cooperaci\u00f3n cultural\",\"publisher\":{\"@id\":\"https:\/\/iberculturaviva.org\/es\/?lang=es\/#organization\"},\"potentialAction\":[{\"@type\":\"SearchAction\",\"target\":{\"@type\":\"EntryPoint\",\"urlTemplate\":\"https:\/\/iberculturaviva.org\/es\/?lang=es\/?s={search_term_string}\"},\"query-input\":{\"@type\":\"PropertyValueSpecification\",\"valueRequired\":true,\"valueName\":\"search_term_string\"}}],\"inLanguage\":\"es\"},{\"@type\":\"Organization\",\"@id\":\"https:\/\/iberculturaviva.org\/es\/?lang=es\/#organization\",\"name\":\"Iberculturaviva\",\"url\":\"https:\/\/iberculturaviva.org\/es\/?lang=es\/\",\"logo\":{\"@type\":\"ImageObject\",\"inLanguage\":\"es\",\"@id\":\"https:\/\/iberculturaviva.org\/es\/?lang=es\/#\/schema\/logo\/image\/\",\"url\":\"https:\/\/iberculturaviva.org\/wp-content\/uploads\/2021\/08\/logo_ibercultura_viva.jpg\",\"contentUrl\":\"https:\/\/iberculturaviva.org\/wp-content\/uploads\/2021\/08\/logo_ibercultura_viva.jpg\",\"width\":708,\"height\":223,\"caption\":\"Iberculturaviva\"},\"image\":{\"@id\":\"https:\/\/iberculturaviva.org\/es\/?lang=es\/#\/schema\/logo\/image\/\"},\"sameAs\":[\"https:\/\/www.facebook.com\/iberculturaviva\/\",\"https:\/\/www.instagram.com\/iberculturaviva\/\",\"https:\/\/www.youtube.com\/iberculturaviva\"]},{\"@type\":\"Person\",\"@id\":\"https:\/\/iberculturaviva.org\/es\/?lang=es\/#\/schema\/person\/5d1313b072cc25536e0431522f740b59\",\"name\":\"IberCultura\",\"image\":{\"@type\":\"ImageObject\",\"inLanguage\":\"es\",\"@id\":\"https:\/\/iberculturaviva.org\/es\/?lang=es\/#\/schema\/person\/image\/\",\"url\":\"https:\/\/secure.gravatar.com\/avatar\/79f1a057cb125cbefb3765d0356d52fc7f3bba3a35e2cf22bc4de090bb7aef70?s=96&d=mm&r=g\",\"contentUrl\":\"https:\/\/secure.gravatar.com\/avatar\/79f1a057cb125cbefb3765d0356d52fc7f3bba3a35e2cf22bc4de090bb7aef70?s=96&d=mm&r=g\",\"caption\":\"IberCultura\"}}]}<\/script>\n<!-- \/ Yoast SEO plugin. -->","yoast_head_json":{"title":"El programa anuncia los proyectos habilitados en las Convocatorias IberCultura Viva 2016 - IberCultura Viva","description":"El programa anuncia los proyectos habilitados en las Convocatorias IberCultura Viva 2016 - IberCultura Viva","robots":{"index":"index","follow":"follow","max-snippet":"max-snippet:-1","max-image-preview":"max-image-preview:large","max-video-preview":"max-video-preview:-1"},"canonical":"https:\/\/iberculturaviva.org\/es\/el-programa-anuncia-los-proyectos-habilitados-en-las-convocatorias-ibercultura-viva-2016\/","og_locale":"es_ES","og_type":"article","og_title":"El programa anuncia los proyectos habilitados en las Convocatorias IberCultura Viva 2016 - IberCultura Viva","og_description":"El programa anuncia los proyectos habilitados en las Convocatorias IberCultura Viva 2016 - IberCultura Viva","og_url":"https:\/\/iberculturaviva.org\/es\/el-programa-anuncia-los-proyectos-habilitados-en-las-convocatorias-ibercultura-viva-2016\/","og_site_name":"IberCultura Viva","article_publisher":"https:\/\/www.facebook.com\/iberculturaviva\/","article_published_time":"2016-12-14T15:05:48+00:00","article_modified_time":"2021-01-12T17:05:17+00:00","og_image":[{"width":960,"height":640,"url":"https:\/\/iberculturaviva.org\/wp-content\/uploads\/2016\/09\/19594584093_e719a12e07_o-e1473958942669.jpg","type":"image\/jpeg"}],"author":"IberCultura","twitter_card":"summary_large_image","twitter_misc":{"Escrito por":"IberCultura","Tiempo de lectura":"2 minutos"},"schema":{"@context":"https:\/\/schema.org","@graph":[{"@type":"Article","@id":"https:\/\/iberculturaviva.org\/es\/el-programa-anuncia-los-proyectos-habilitados-en-las-convocatorias-ibercultura-viva-2016\/#article","isPartOf":{"@id":"https:\/\/iberculturaviva.org\/es\/el-programa-anuncia-los-proyectos-habilitados-en-las-convocatorias-ibercultura-viva-2016\/"},"author":{"name":"IberCultura","@id":"https:\/\/iberculturaviva.org\/es\/?lang=es\/#\/schema\/person\/5d1313b072cc25536e0431522f740b59"},"headline":"El programa anuncia los proyectos habilitados en las Convocatorias IberCultura Viva 2016","datePublished":"2016-12-14T15:05:48+00:00","dateModified":"2021-01-12T17:05:17+00:00","mainEntityOfPage":{"@id":"https:\/\/iberculturaviva.org\/es\/el-programa-anuncia-los-proyectos-habilitados-en-las-convocatorias-ibercultura-viva-2016\/"},"wordCount":348,"publisher":{"@id":"https:\/\/iberculturaviva.org\/es\/?lang=es\/#organization"},"image":{"@id":"https:\/\/iberculturaviva.org\/es\/el-programa-anuncia-los-proyectos-habilitados-en-las-convocatorias-ibercultura-viva-2016\/#primaryimage"},"thumbnailUrl":"https:\/\/iberculturaviva.org\/wp-content\/uploads\/2016\/09\/19594584093_e719a12e07_o-e1473958942669.jpg","articleSection":["Convocatorias","Noticias"],"inLanguage":"es"},{"@type":"WebPage","@id":"https:\/\/iberculturaviva.org\/es\/el-programa-anuncia-los-proyectos-habilitados-en-las-convocatorias-ibercultura-viva-2016\/","url":"https:\/\/iberculturaviva.org\/es\/el-programa-anuncia-los-proyectos-habilitados-en-las-convocatorias-ibercultura-viva-2016\/","name":"El programa anuncia los proyectos habilitados en las Convocatorias IberCultura Viva 2016 - IberCultura Viva","isPartOf":{"@id":"https:\/\/iberculturaviva.org\/es\/?lang=es\/#website"},"primaryImageOfPage":{"@id":"https:\/\/iberculturaviva.org\/es\/el-programa-anuncia-los-proyectos-habilitados-en-las-convocatorias-ibercultura-viva-2016\/#primaryimage"},"image":{"@id":"https:\/\/iberculturaviva.org\/es\/el-programa-anuncia-los-proyectos-habilitados-en-las-convocatorias-ibercultura-viva-2016\/#primaryimage"},"thumbnailUrl":"https:\/\/iberculturaviva.org\/wp-content\/uploads\/2016\/09\/19594584093_e719a12e07_o-e1473958942669.jpg","datePublished":"2016-12-14T15:05:48+00:00","dateModified":"2021-01-12T17:05:17+00:00","description":"El programa anuncia los proyectos habilitados en las Convocatorias IberCultura Viva 2016 - IberCultura Viva","breadcrumb":{"@id":"https:\/\/iberculturaviva.org\/es\/el-programa-anuncia-los-proyectos-habilitados-en-las-convocatorias-ibercultura-viva-2016\/#breadcrumb"},"inLanguage":"es","potentialAction":[{"@type":"ReadAction","target":["https:\/\/iberculturaviva.org\/es\/el-programa-anuncia-los-proyectos-habilitados-en-las-convocatorias-ibercultura-viva-2016\/"]}]},{"@type":"ImageObject","inLanguage":"es","@id":"https:\/\/iberculturaviva.org\/es\/el-programa-anuncia-los-proyectos-habilitados-en-las-convocatorias-ibercultura-viva-2016\/#primaryimage","url":"https:\/\/iberculturaviva.org\/wp-content\/uploads\/2016\/09\/19594584093_e719a12e07_o-e1473958942669.jpg","contentUrl":"https:\/\/iberculturaviva.org\/wp-content\/uploads\/2016\/09\/19594584093_e719a12e07_o-e1473958942669.jpg","width":960,"height":640},{"@type":"BreadcrumbList","@id":"https:\/\/iberculturaviva.org\/es\/el-programa-anuncia-los-proyectos-habilitados-en-las-convocatorias-ibercultura-viva-2016\/#breadcrumb","itemListElement":[{"@type":"ListItem","position":1,"name":"In\u00edcio","item":"https:\/\/iberculturaviva.org\/es\/inicio\/"},{"@type":"ListItem","position":2,"name":"El programa anuncia los proyectos habilitados en las Convocatorias IberCultura Viva 2016"}]},{"@type":"WebSite","@id":"https:\/\/iberculturaviva.org\/es\/?lang=es\/#website","url":"https:\/\/iberculturaviva.org\/es\/?lang=es\/","name":"IberCultura Viva","description":"Programa de cooperaci\u00f3n cultural","publisher":{"@id":"https:\/\/iberculturaviva.org\/es\/?lang=es\/#organization"},"potentialAction":[{"@type":"SearchAction","target":{"@type":"EntryPoint","urlTemplate":"https:\/\/iberculturaviva.org\/es\/?lang=es\/?s={search_term_string}"},"query-input":{"@type":"PropertyValueSpecification","valueRequired":true,"valueName":"search_term_string"}}],"inLanguage":"es"},{"@type":"Organization","@id":"https:\/\/iberculturaviva.org\/es\/?lang=es\/#organization","name":"Iberculturaviva","url":"https:\/\/iberculturaviva.org\/es\/?lang=es\/","logo":{"@type":"ImageObject","inLanguage":"es","@id":"https:\/\/iberculturaviva.org\/es\/?lang=es\/#\/schema\/logo\/image\/","url":"https:\/\/iberculturaviva.org\/wp-content\/uploads\/2021\/08\/logo_ibercultura_viva.jpg","contentUrl":"https:\/\/iberculturaviva.org\/wp-content\/uploads\/2021\/08\/logo_ibercultura_viva.jpg","width":708,"height":223,"caption":"Iberculturaviva"},"image":{"@id":"https:\/\/iberculturaviva.org\/es\/?lang=es\/#\/schema\/logo\/image\/"},"sameAs":["https:\/\/www.facebook.com\/iberculturaviva\/","https:\/\/www.instagram.com\/iberculturaviva\/","https:\/\/www.youtube.com\/iberculturaviva"]},{"@type":"Person","@id":"https:\/\/iberculturaviva.org\/es\/?lang=es\/#\/schema\/person\/5d1313b072cc25536e0431522f740b59","name":"IberCultura","image":{"@type":"ImageObject","inLanguage":"es","@id":"https:\/\/iberculturaviva.org\/es\/?lang=es\/#\/schema\/person\/image\/","url":"https:\/\/secure.gravatar.com\/avatar\/79f1a057cb125cbefb3765d0356d52fc7f3bba3a35e2cf22bc4de090bb7aef70?s=96&d=mm&r=g","contentUrl":"https:\/\/secure.gravatar.com\/avatar\/79f1a057cb125cbefb3765d0356d52fc7f3bba3a35e2cf22bc4de090bb7aef70?s=96&d=mm&r=g","caption":"IberCultura"}}]}},"main_category":{"link":"https:\/\/iberculturaviva.org\/es\/category\/convocatorias\/","name":"Convocatorias","slug":"convocatorias"},"_links":{"self":[{"href":"https:\/\/iberculturaviva.org\/es\/wp-json\/wp\/v2\/posts\/16141","targetHints":{"allow":["GET"]}}],"collection":[{"href":"https:\/\/iberculturaviva.org\/es\/wp-json\/wp\/v2\/posts"}],"about":[{"href":"https:\/\/iberculturaviva.org\/es\/wp-json\/wp\/v2\/types\/post"}],"author":[{"embeddable":true,"href":"https:\/\/iberculturaviva.org\/es\/wp-json\/wp\/v2\/users\/2"}],"replies":[{"embeddable":true,"href":"https:\/\/iberculturaviva.org\/es\/wp-json\/wp\/v2\/comments?post=16141"}],"version-history":[{"count":1,"href":"https:\/\/iberculturaviva.org\/es\/wp-json\/wp\/v2\/posts\/16141\/revisions"}],"predecessor-version":[{"id":22796,"href":"https:\/\/iberculturaviva.org\/es\/wp-json\/wp\/v2\/posts\/16141\/revisions\/22796"}],"wp:featuredmedia":[{"embeddable":true,"href":"https:\/\/iberculturaviva.org\/es\/wp-json\/wp\/v2\/media\/18362"}],"wp:attachment":[{"href":"https:\/\/iberculturaviva.org\/es\/wp-json\/wp\/v2\/media?parent=16141"}],"wp:term":[{"taxonomy":"category","embeddable":true,"href":"https:\/\/iberculturaviva.org\/es\/wp-json\/wp\/v2\/categories?post=16141"},{"taxonomy":"post_tag","embeddable":true,"href":"https:\/\/iberculturaviva.org\/es\/wp-json\/wp\/v2\/tags?post=16141"},{"taxonomy":"country-municipality","embeddable":true,"href":"https:\/\/iberculturaviva.org\/es\/wp-json\/wp\/v2\/country-municipality?post=16141"}],"curies":[{"name":"wp","href":"https:\/\/api.w.org\/{rel}","templated":true}]}}