{"id":16129,"date":"2016-11-27T11:53:14","date_gmt":"2016-11-27T13:53:14","guid":{"rendered":"https:\/\/iberculturaviva.org\/el-museo-de-la-persona-la-produccion-de-historias-de-vida-y-la-construccion-de-la-memoria-social\/"},"modified":"2021-01-12T14:05:54","modified_gmt":"2021-01-12T17:05:54","slug":"el-museo-de-la-persona-la-produccion-de-historias-de-vida-y-la-construccion-de-la-memoria-social","status":"publish","type":"post","link":"https:\/\/iberculturaviva.org\/es\/el-museo-de-la-persona-la-produccion-de-historias-de-vida-y-la-construccion-de-la-memoria-social\/","title":{"rendered":"El Museo de la Persona: la producci\u00f3n de historias de vida y la construcci\u00f3n de la memoria social"},"content":{"rendered":"<p style=\"text-align: justify;\"><span style=\"font-weight: 400;\">\u00bfY si tu vida estuviera expuesta en un museo? \u00bfPor qu\u00e9 ser\u00eda importante que estuviese all\u00ed? \u00bfAlguien aprender\u00eda algo con tu narrativa? Partiendo del principio de que la memoria nos hace entender lo que somos, y que por eso es nuestro mayor patrimonio, el <\/span><em><span style=\"font-weight: 400;\">Museu da Pessoa<\/span><\/em><span style=\"font-weight: 400;\"> reuni\u00f3 a lo largo de 25 a\u00f1os m\u00e1s de 16 mil testimonios de brasile\u00f1os para ayudar a contar la hist\u00f3ria del pa\u00eds en los siglos 20 y 21. Adem\u00e1s de mostrar que s\u00ed, que toda historia de vida importa, este museo virtual colaborativo acab\u00f3 desarrollando una metodolog\u00eda propia que ha ido ganando adeptos en otros lugares del mundo.<\/span><\/p>\n<p style=\"text-align: justify;\"><span style=\"font-weight: 400;\">El curso Tecnolog\u00eda Social de la Memoria, recibido por un grupo de 20 personas del 8 al 10 de noviembre en la Universidad de Belgrano, en Buenos Aires (Argentina), fue una experiencia in\u00e9dita para la sensibilizaci\u00f3n de profesores, periodistas, investigadores, psic\u00f3logos y dem\u00e1s interesados en conocer esta metodolog\u00eda de registro de la memoria oral en el pa\u00eds. Forma parte de uno de los proyectos premiados en la Convocatoria IberCultura Viva de Intercambio, edici\u00f3n 2015, y es una iniciativa del Instituto Museu da Pessoa de Brasil y Emiliano Polcaro, profesor de la Universidad de Belgrano, con vistas a implantar un Museo de la Persona Argentina.<\/span><\/p>\n<p style=\"text-align: justify;\"><span style=\"font-weight: 400;\">Junto con su predecesor, el Museo de la Persona Argentina buscar\u00e1 mostrar que \u201cel valor de la diversidad y la historia de cada persona como patrimonio de la humanidad es el de contribuir a la construcci\u00f3n de una cultura de paz\u201d, como resalta Polcaro. \u201cNuestra misi\u00f3n principal es la de ser un museo abierto y de colaboraci\u00f3n que transforma las historias de vida de cualquier individuo u organizaci\u00f3n en una fuente de conocimiento, comprensi\u00f3n y conexi\u00f3n entre las personas y los pueblos. Es un legado distintivo de la historia del pa\u00eds, que da prioridad a la transformaci\u00f3n cultural y social\u201d.<\/span><\/p>\n\n\t\t<style type=\"text\/css\">\n\t\t\t#gallery-1 {\n\t\t\t\tmargin: auto;\n\t\t\t}\n\t\t\t#gallery-1 .gallery-item {\n\t\t\t\tfloat: left;\n\t\t\t\tmargin-top: 10px;\n\t\t\t\ttext-align: center;\n\t\t\t\twidth: 33%;\n\t\t\t}\n\t\t\t#gallery-1 img {\n\t\t\t\tborder: 2px solid #cfcfcf;\n\t\t\t}\n\t\t\t#gallery-1 .gallery-caption {\n\t\t\t\tmargin-left: 0;\n\t\t\t}\n\t\t\t\/* see gallery_shortcode() in wp-includes\/media.php *\/\n\t\t<\/style>\n\t\t<div id='gallery-1' class='gallery galleryid-16129 gallery-columns-3 gallery-size-thumbnail'><dl class='gallery-item'>\n\t\t\t<dt class='gallery-icon landscape'>\n\t\t\t\t<a href='https:\/\/iberculturaviva.org\/es\/museolapersona-foto-emiliano-polcaro\/'><img loading=\"lazy\" decoding=\"async\" width=\"150\" height=\"150\" src=\"https:\/\/iberculturaviva.org\/wp-content\/uploads\/2016\/11\/museolapersona-foto-emiliano-polcaro-150x150.jpg\" class=\"attachment-thumbnail size-thumbnail\" alt=\"\" srcset=\"https:\/\/iberculturaviva.org\/wp-content\/uploads\/2016\/11\/museolapersona-foto-emiliano-polcaro-150x150.jpg 150w, https:\/\/iberculturaviva.org\/wp-content\/uploads\/2016\/11\/museolapersona-foto-emiliano-polcaro-50x50.jpg 50w, https:\/\/iberculturaviva.org\/wp-content\/uploads\/2016\/11\/museolapersona-foto-emiliano-polcaro-56x56.jpg 56w, https:\/\/iberculturaviva.org\/wp-content\/uploads\/2016\/11\/museolapersona-foto-emiliano-polcaro-250x250.jpg 250w, https:\/\/iberculturaviva.org\/wp-content\/uploads\/2016\/11\/museolapersona-foto-emiliano-polcaro-40x40.jpg 40w\" sizes=\"auto, (max-width: 150px) 100vw, 150px\" \/><\/a>\n\t\t\t<\/dt><\/dl><dl class='gallery-item'>\n\t\t\t<dt class='gallery-icon landscape'>\n\t\t\t\t<a href='https:\/\/iberculturaviva.org\/es\/museolapersona3-foto-emilianopolcaro\/'><img loading=\"lazy\" decoding=\"async\" width=\"150\" height=\"150\" src=\"https:\/\/iberculturaviva.org\/wp-content\/uploads\/2016\/11\/museolapersona3-foto-emilianopolcaro-150x150.jpg\" class=\"attachment-thumbnail size-thumbnail\" alt=\"\" aria-describedby=\"gallery-1-18530\" srcset=\"https:\/\/iberculturaviva.org\/wp-content\/uploads\/2016\/11\/museolapersona3-foto-emilianopolcaro-150x150.jpg 150w, https:\/\/iberculturaviva.org\/wp-content\/uploads\/2016\/11\/museolapersona3-foto-emilianopolcaro-50x50.jpg 50w, https:\/\/iberculturaviva.org\/wp-content\/uploads\/2016\/11\/museolapersona3-foto-emilianopolcaro-56x56.jpg 56w, https:\/\/iberculturaviva.org\/wp-content\/uploads\/2016\/11\/museolapersona3-foto-emilianopolcaro-250x250.jpg 250w, https:\/\/iberculturaviva.org\/wp-content\/uploads\/2016\/11\/museolapersona3-foto-emilianopolcaro-40x40.jpg 40w\" sizes=\"auto, (max-width: 150px) 100vw, 150px\" \/><\/a>\n\t\t\t<\/dt>\n\t\t\t\t<dd class='wp-caption-text gallery-caption' id='gallery-1-18530'>\n\t\t\t\tFotos: Emiliano Polcaro\n\t\t\t\t<\/dd><\/dl><dl class='gallery-item'>\n\t\t\t<dt class='gallery-icon landscape'>\n\t\t\t\t<a href='https:\/\/iberculturaviva.org\/es\/museolapersona2-foto-emilianopolcaro\/'><img loading=\"lazy\" decoding=\"async\" width=\"150\" height=\"150\" src=\"https:\/\/iberculturaviva.org\/wp-content\/uploads\/2016\/11\/museolapersona2-foto-emilianopolcaro-150x150.jpg\" class=\"attachment-thumbnail size-thumbnail\" alt=\"\" srcset=\"https:\/\/iberculturaviva.org\/wp-content\/uploads\/2016\/11\/museolapersona2-foto-emilianopolcaro-150x150.jpg 150w, https:\/\/iberculturaviva.org\/wp-content\/uploads\/2016\/11\/museolapersona2-foto-emilianopolcaro-50x50.jpg 50w, https:\/\/iberculturaviva.org\/wp-content\/uploads\/2016\/11\/museolapersona2-foto-emilianopolcaro-56x56.jpg 56w, https:\/\/iberculturaviva.org\/wp-content\/uploads\/2016\/11\/museolapersona2-foto-emilianopolcaro-250x250.jpg 250w, https:\/\/iberculturaviva.org\/wp-content\/uploads\/2016\/11\/museolapersona2-foto-emilianopolcaro-40x40.jpg 40w\" sizes=\"auto, (max-width: 150px) 100vw, 150px\" \/><\/a>\n\t\t\t<\/dt><\/dl><br style=\"clear: both\" \/>\n\t\t<\/div>\n\n<h4 style=\"text-align: justify;\"><\/h4>\n<h4 style=\"text-align: justify;\"><b>Antecedentes<\/b><\/h4>\n<p style=\"text-align: justify;\"><span style=\"font-weight: 400;\">Emiliano Polcaro cuenta que el trabajo con el <em>Museu da Pessoa<\/em> se remonta a un primer contacto, en 2012, cuando visit\u00f3 el museo en Sao Paulo por primera vez. \u201cComo psic\u00f3logo cl\u00ednico, el trabajo con la memoria, la historia y el olvido, desde la perspectiva social fue innovadora para m\u00ed\u201d, comenta. <\/span><\/p>\n<p style=\"text-align: justify;\"><span style=\"font-weight: 400;\">Entre 2013 y 2014 empezaron formalmente con la idea de formar una Red Internacional de Museos de la Persona, sum\u00e1ndose a las iniciativas ya existentes en Estados Unidos, Canad\u00e1 y Portugal. (<\/span><em><span style=\"font-weight: 400;\">El museo se cre\u00f3 en 1991 en Sao Paulo; en 1999 gan\u00f3 un n\u00facleo en la Universidad del Minho; en 2001, en la Universidad de Indiana, y en 2003 en el Centro Hist\u00f3rico de Montreal<\/span><\/em><span style=\"font-weight: 400;\">). <\/span><\/p>\n<p style=\"text-align: justify;\"><span style=\"font-weight: 400;\">Polcaro pas\u00f3 a participar en ese momento de una serie de formaciones auspiciadas por el museo en Brasil, como los cursos Tecnolog\u00eda Social de la Memoria (2014), Espacios de Memoria y Cultura (2015) y Mediaci\u00f3n Cultural e Innovaci\u00f3n Social (2016). La Convocatoria IberCultura de Intercambio, seg\u00fan \u00e9l, \u201cfue la llave para comenzar a concretar la idea\u201d.<\/span><\/p>\n<p style=\"text-align: justify;\"><span style=\"font-weight: 400;\">Para la implantaci\u00f3n de la iniciativa en Buenos Aires, pensaron la estrategia de formar a 20 personas en la metodolog\u00eda de trabajo que propone el museo, para diseminar la idea y encontrar los primeros colaboradores y multiplicadores de esta modalidad. \u201cFue realmente un \u00e9xito\u201d, afirma. \u201cRealizamos la convocatoria, apoyados por el Ministerio de Cultura de la Naci\u00f3n, logramos un grupo de inscritos y seleccionamos a los 20 perfiles que m\u00e1s se aproximaron a nuestra b\u00fasqueda. La selecci\u00f3n fue hecha con \u00e9xito, ya que los participantes concurrieron con mucho entusiasmo\u201d.<\/span><\/p>\n\n\t\t<style type=\"text\/css\">\n\t\t\t#gallery-2 {\n\t\t\t\tmargin: auto;\n\t\t\t}\n\t\t\t#gallery-2 .gallery-item {\n\t\t\t\tfloat: left;\n\t\t\t\tmargin-top: 10px;\n\t\t\t\ttext-align: center;\n\t\t\t\twidth: 33%;\n\t\t\t}\n\t\t\t#gallery-2 img {\n\t\t\t\tborder: 2px solid #cfcfcf;\n\t\t\t}\n\t\t\t#gallery-2 .gallery-caption {\n\t\t\t\tmargin-left: 0;\n\t\t\t}\n\t\t\t\/* see gallery_shortcode() in wp-includes\/media.php *\/\n\t\t<\/style>\n\t\t<div id='gallery-2' class='gallery galleryid-16129 gallery-columns-3 gallery-size-thumbnail'><dl class='gallery-item'>\n\t\t\t<dt class='gallery-icon landscape'>\n\t\t\t\t<a href='https:\/\/iberculturaviva.org\/es\/el-museo-de-la-persona-la-produccion-de-historias-de-vida-y-la-construccion-de-la-memoria-social\/img_0173\/'><img loading=\"lazy\" decoding=\"async\" width=\"150\" height=\"150\" src=\"https:\/\/iberculturaviva.org\/wp-content\/uploads\/2016\/11\/IMG_0173-150x150.jpg\" class=\"attachment-thumbnail size-thumbnail\" alt=\"\" srcset=\"https:\/\/iberculturaviva.org\/wp-content\/uploads\/2016\/11\/IMG_0173-150x150.jpg 150w, https:\/\/iberculturaviva.org\/wp-content\/uploads\/2016\/11\/IMG_0173-50x50.jpg 50w, https:\/\/iberculturaviva.org\/wp-content\/uploads\/2016\/11\/IMG_0173-56x56.jpg 56w, https:\/\/iberculturaviva.org\/wp-content\/uploads\/2016\/11\/IMG_0173-250x250.jpg 250w, https:\/\/iberculturaviva.org\/wp-content\/uploads\/2016\/11\/IMG_0173-40x40.jpg 40w\" sizes=\"auto, (max-width: 150px) 100vw, 150px\" \/><\/a>\n\t\t\t<\/dt><\/dl><dl class='gallery-item'>\n\t\t\t<dt class='gallery-icon landscape'>\n\t\t\t\t<a href='https:\/\/iberculturaviva.org\/es\/el-museo-de-la-persona-la-produccion-de-historias-de-vida-y-la-construccion-de-la-memoria-social\/img_0171\/'><img loading=\"lazy\" decoding=\"async\" width=\"150\" height=\"150\" src=\"https:\/\/iberculturaviva.org\/wp-content\/uploads\/2016\/11\/IMG_0171-150x150.jpg\" class=\"attachment-thumbnail size-thumbnail\" alt=\"\" aria-describedby=\"gallery-2-18537\" srcset=\"https:\/\/iberculturaviva.org\/wp-content\/uploads\/2016\/11\/IMG_0171-150x150.jpg 150w, https:\/\/iberculturaviva.org\/wp-content\/uploads\/2016\/11\/IMG_0171-50x50.jpg 50w, https:\/\/iberculturaviva.org\/wp-content\/uploads\/2016\/11\/IMG_0171-56x56.jpg 56w, https:\/\/iberculturaviva.org\/wp-content\/uploads\/2016\/11\/IMG_0171-250x250.jpg 250w, https:\/\/iberculturaviva.org\/wp-content\/uploads\/2016\/11\/IMG_0171-40x40.jpg 40w\" sizes=\"auto, (max-width: 150px) 100vw, 150px\" \/><\/a>\n\t\t\t<\/dt>\n\t\t\t\t<dd class='wp-caption-text gallery-caption' id='gallery-2-18537'>\n\t\t\t\tFotos: Georgina Garc\u00eda\n\t\t\t\t<\/dd><\/dl><dl class='gallery-item'>\n\t\t\t<dt class='gallery-icon landscape'>\n\t\t\t\t<a href='https:\/\/iberculturaviva.org\/es\/el-museo-de-la-persona-la-produccion-de-historias-de-vida-y-la-construccion-de-la-memoria-social\/img_0167\/'><img loading=\"lazy\" decoding=\"async\" width=\"150\" height=\"150\" src=\"https:\/\/iberculturaviva.org\/wp-content\/uploads\/2016\/11\/IMG_0167-150x150.jpg\" class=\"attachment-thumbnail size-thumbnail\" alt=\"\" srcset=\"https:\/\/iberculturaviva.org\/wp-content\/uploads\/2016\/11\/IMG_0167-150x150.jpg 150w, https:\/\/iberculturaviva.org\/wp-content\/uploads\/2016\/11\/IMG_0167-50x50.jpg 50w, https:\/\/iberculturaviva.org\/wp-content\/uploads\/2016\/11\/IMG_0167-56x56.jpg 56w, https:\/\/iberculturaviva.org\/wp-content\/uploads\/2016\/11\/IMG_0167-250x250.jpg 250w, https:\/\/iberculturaviva.org\/wp-content\/uploads\/2016\/11\/IMG_0167-40x40.jpg 40w\" sizes=\"auto, (max-width: 150px) 100vw, 150px\" \/><\/a>\n\t\t\t<\/dt><\/dl><br style=\"clear: both\" \/>\n\t\t<\/div>\n\n<p>&nbsp;<\/p>\n<h4 style=\"text-align: justify;\"><b>Participaci\u00f3n activa<\/b><\/h4>\n<p style=\"text-align: justify;\"><span style=\"font-weight: 400;\">El 8 de noviembre empez\u00f3 la actividad con una charla abierta y gratuita a la comunidad, con gran asistencia. A continuaci\u00f3n se dio inicio formal al curso con los 20 participantes. El programa incluy\u00f3, entre otros temas, un desarrollo te\u00f3rico sobre los principios de la metodolog\u00eda social de la memoria, una pr\u00e1ctica en la toma de la entrevista, el trabajo en la historizaci\u00f3n de documentos fotogr\u00e1ficos, objetos significativos y, como cierre, una actividad donde se tuviera que grabar, editar y socializar una historia de vida. <\/span><\/p>\n<div id=\"attachment_5305\" style=\"width: 245px\" class=\"wp-caption alignright\"><a href=\"https:\/\/iberculturaviva.org\/wp-content\/uploads\/2016\/11\/karen-worcman-museu-pessoa.jpg\"><img loading=\"lazy\" decoding=\"async\" aria-describedby=\"caption-attachment-5305\" class=\" wp-image-5305\" src=\"https:\/\/iberculturaviva.org\/wp-content\/uploads\/2016\/11\/karen-worcman-museu-pessoa.jpg\" alt=\"Karen Worcman, directora presidente del Museu da Pessoa en Brasil (Foto: Georgina Garc\u00eda)\" width=\"235\" height=\"372\" srcset=\"https:\/\/iberculturaviva.org\/wp-content\/uploads\/2016\/11\/karen-worcman-museu-pessoa.jpg 444w, https:\/\/iberculturaviva.org\/wp-content\/uploads\/2016\/11\/karen-worcman-museu-pessoa-190x300.jpg 190w, https:\/\/iberculturaviva.org\/wp-content\/uploads\/2016\/11\/karen-worcman-museu-pessoa-95x150.jpg 95w\" sizes=\"auto, (max-width: 235px) 100vw, 235px\" \/><\/a><p id=\"caption-attachment-5305\" class=\"wp-caption-text\">Karen Worcman, directora presidente del Museu da Pessoa en Brasil (Foto: Georgina Garc\u00eda)<\/p><\/div>\n<p style=\"text-align: justify;\"><span style=\"font-weight: 400;\">La directora presidente del <\/span><em><span style=\"font-weight: 400;\">Museu da Pessoa <\/span><\/em><span style=\"font-weight: 400;\">en Brasil, Karen Worcman, ofreci\u00f3 las clases, y \u00a0manifest\u00f3 su satisfacci\u00f3n con el resultado y la producci\u00f3n de los participantes. \u201cEl grupo se involucr\u00f3 y particip\u00f3 activamente, produjo historias bell\u00edsimas de amor, migraci\u00f3n, superaci\u00f3n, de la vida cotidiana, provocando buenas reflexiones sobre el valor de las historias de vida como herramienta de la formaci\u00f3n de la memoria social y de un patrimonio cultural\u201d, afirm\u00f3.<\/span><\/p>\n<p style=\"text-align: justify;\"><span style=\"font-weight: 400;\">Posteriormente, los d\u00edas 11 y 12 de noviembre, un grupo m\u00e1s reducido, de nueve integrantes, recibi\u00f3 una capacitaci\u00f3n m\u00e1s espec\u00edfica, orientada a la administraci\u00f3n y gesti\u00f3n del Museo en Argentina. El material generado durante y despu\u00e9s del curso pretende ser el primero que se suba a la p\u00e1gina web del Museo de la Persona (<\/span><a href=\"https:\/\/www.museodelapersona.org\"><span style=\"font-weight: 400;\">www.museodelapersona.org<\/span><\/a><span style=\"font-weight: 400;\">), a\u00fan en construcci\u00f3n. <\/span><\/p>\n<p style=\"text-align: justify;\"><span style=\"font-weight: 400;\">El d\u00eda 30 de noviembre a las 17:30, Emiliano Polcaro presentar\u00e1 el taller \u00abLa historia de vida en la organizaci\u00f3n\u00bb en el 3\u00b0 Encuentro Nacional de Puntos de Cultura en el Centro Cultural San Mart\u00edn, de Buenos Aires, como fruto del trabajo compartido con el <em>Museu da Pessoa<\/em> hasta el momento.<\/span><\/p>\n<div id=\"attachment_5312\" style=\"width: 530px\" class=\"wp-caption aligncenter\"><a href=\"https:\/\/iberculturaviva.org\/wp-content\/uploads\/2016\/11\/IMG_0143.jpg\"><img loading=\"lazy\" decoding=\"async\" aria-describedby=\"caption-attachment-5312\" class=\"wp-image-5312\" src=\"https:\/\/iberculturaviva.org\/wp-content\/uploads\/2016\/11\/IMG_0143-960x640.jpg\" alt=\"IMG_0143\" width=\"520\" height=\"347\" \/><\/a><p id=\"caption-attachment-5312\" class=\"wp-caption-text\">Emiliano Polcaro en el curso en la Universidad de Belgrano (Foto: Georgina Garc\u00eda)<\/p><\/div>\n<h4 style=\"text-align: justify;\"><span style=\"font-weight: 400;\">Sepa m\u00e1s:<\/span><\/h4>\n<p style=\"text-align: justify;\"><a href=\"https:\/\/www.museudapessoa.net\"><span style=\"font-weight: 400;\">www.museudapessoa.net<\/span><\/a><\/p>\n","protected":false},"excerpt":{"rendered":"<p>\u00bfY si tu vida estuviera expuesta en un museo? \u00bfPor qu\u00e9 ser\u00eda importante que estuviese all\u00ed? \u00bfAlguien aprender\u00eda algo con tu narrativa? Partiendo del principio de que la memoria nos [&hellip;]<\/p>\n","protected":false},"author":2,"featured_media":18531,"comment_status":"closed","ping_status":"closed","sticky":false,"template":"","format":"standard","meta":{"_coblocks_attr":"","_coblocks_dimensions":"","_coblocks_responsive_height":"","_coblocks_accordion_ie_support":"","_EventAllDay":false,"_EventTimezone":"","_EventStartDate":"","_EventEndDate":"","_EventStartDateUTC":"","_EventEndDateUTC":"","_EventShowMap":false,"_EventShowMapLink":false,"_EventURL":"","_EventCost":"","_EventCostDescription":"","_EventCurrencySymbol":"","_EventCurrencyCode":"","_EventCurrencyPosition":"","_EventDateTimeSeparator":"","_EventTimeRangeSeparator":"","_EventOrganizerID":[],"_EventVenueID":[],"_OrganizerEmail":"","_OrganizerPhone":"","_OrganizerWebsite":"","_VenueAddress":"","_VenueCity":"","_VenueCountry":"","_VenueProvince":"","_VenueState":"","_VenueZip":"","_VenuePhone":"","_VenueURL":"","_VenueStateProvince":"","_VenueLat":"","_VenueLng":"","_VenueShowMap":false,"_VenueShowMapLink":false,"footnotes":""},"categories":[262],"tags":[],"country-municipality":[],"class_list":["post-16129","post","type-post","status-publish","format-standard","has-post-thumbnail","hentry","category-noticias-es"],"yoast_head":"<!-- This site is optimized with the Yoast SEO plugin v25.7 - https:\/\/yoast.com\/wordpress\/plugins\/seo\/ -->\n<title>El Museo de la Persona: la producci\u00f3n de historias de vida y la construcci\u00f3n de la memoria social - IberCultura Viva<\/title>\n<meta name=\"description\" content=\"El Museo de la Persona: la producci\u00f3n de historias de vida y la construcci\u00f3n de la memoria social - IberCultura Viva\" \/>\n<meta name=\"robots\" content=\"index, follow, max-snippet:-1, max-image-preview:large, max-video-preview:-1\" \/>\n<link rel=\"canonical\" href=\"https:\/\/iberculturaviva.org\/es\/el-museo-de-la-persona-la-produccion-de-historias-de-vida-y-la-construccion-de-la-memoria-social\/\" \/>\n<meta property=\"og:locale\" content=\"es_ES\" \/>\n<meta property=\"og:type\" content=\"article\" \/>\n<meta property=\"og:title\" content=\"El Museo de la Persona: la producci\u00f3n de historias de vida y la construcci\u00f3n de la memoria social - IberCultura Viva\" \/>\n<meta property=\"og:description\" content=\"El Museo de la Persona: la producci\u00f3n de historias de vida y la construcci\u00f3n de la memoria social - IberCultura Viva\" \/>\n<meta property=\"og:url\" content=\"https:\/\/iberculturaviva.org\/es\/el-museo-de-la-persona-la-produccion-de-historias-de-vida-y-la-construccion-de-la-memoria-social\/\" \/>\n<meta property=\"og:site_name\" content=\"IberCultura Viva\" \/>\n<meta property=\"article:publisher\" content=\"https:\/\/www.facebook.com\/iberculturaviva\/\" \/>\n<meta property=\"article:published_time\" content=\"2016-11-27T13:53:14+00:00\" \/>\n<meta property=\"article:modified_time\" content=\"2021-01-12T17:05:54+00:00\" \/>\n<meta property=\"og:image\" content=\"https:\/\/iberculturaviva.org\/wp-content\/uploads\/2016\/11\/museolapersona4-foto-emilianopolcaro-960x720.jpg\" \/>\n\t<meta property=\"og:image:width\" content=\"960\" \/>\n\t<meta property=\"og:image:height\" content=\"720\" \/>\n\t<meta property=\"og:image:type\" content=\"image\/jpeg\" \/>\n<meta name=\"author\" content=\"IberCultura\" \/>\n<meta name=\"twitter:card\" content=\"summary_large_image\" \/>\n<meta name=\"twitter:label1\" content=\"Escrito por\" \/>\n\t<meta name=\"twitter:data1\" content=\"IberCultura\" \/>\n\t<meta name=\"twitter:label2\" content=\"Tiempo de lectura\" \/>\n\t<meta name=\"twitter:data2\" content=\"5 minutos\" \/>\n<script type=\"application\/ld+json\" class=\"yoast-schema-graph\">{\"@context\":\"https:\/\/schema.org\",\"@graph\":[{\"@type\":\"Article\",\"@id\":\"https:\/\/iberculturaviva.org\/es\/el-museo-de-la-persona-la-produccion-de-historias-de-vida-y-la-construccion-de-la-memoria-social\/#article\",\"isPartOf\":{\"@id\":\"https:\/\/iberculturaviva.org\/es\/el-museo-de-la-persona-la-produccion-de-historias-de-vida-y-la-construccion-de-la-memoria-social\/\"},\"author\":{\"name\":\"IberCultura\",\"@id\":\"https:\/\/iberculturaviva.org\/es\/?lang=es\/#\/schema\/person\/5d1313b072cc25536e0431522f740b59\"},\"headline\":\"El Museo de la Persona: la producci\u00f3n de historias de vida y la construcci\u00f3n de la memoria social\",\"datePublished\":\"2016-11-27T13:53:14+00:00\",\"dateModified\":\"2021-01-12T17:05:54+00:00\",\"mainEntityOfPage\":{\"@id\":\"https:\/\/iberculturaviva.org\/es\/el-museo-de-la-persona-la-produccion-de-historias-de-vida-y-la-construccion-de-la-memoria-social\/\"},\"wordCount\":954,\"publisher\":{\"@id\":\"https:\/\/iberculturaviva.org\/es\/?lang=es\/#organization\"},\"image\":{\"@id\":\"https:\/\/iberculturaviva.org\/es\/el-museo-de-la-persona-la-produccion-de-historias-de-vida-y-la-construccion-de-la-memoria-social\/#primaryimage\"},\"thumbnailUrl\":\"https:\/\/iberculturaviva.org\/wp-content\/uploads\/2016\/11\/museolapersona4-foto-emilianopolcaro-scaled.jpg\",\"articleSection\":[\"Noticias\"],\"inLanguage\":\"es\"},{\"@type\":\"WebPage\",\"@id\":\"https:\/\/iberculturaviva.org\/es\/el-museo-de-la-persona-la-produccion-de-historias-de-vida-y-la-construccion-de-la-memoria-social\/\",\"url\":\"https:\/\/iberculturaviva.org\/es\/el-museo-de-la-persona-la-produccion-de-historias-de-vida-y-la-construccion-de-la-memoria-social\/\",\"name\":\"El Museo de la Persona: la producci\u00f3n de historias de vida y la construcci\u00f3n de la memoria social - IberCultura Viva\",\"isPartOf\":{\"@id\":\"https:\/\/iberculturaviva.org\/es\/?lang=es\/#website\"},\"primaryImageOfPage\":{\"@id\":\"https:\/\/iberculturaviva.org\/es\/el-museo-de-la-persona-la-produccion-de-historias-de-vida-y-la-construccion-de-la-memoria-social\/#primaryimage\"},\"image\":{\"@id\":\"https:\/\/iberculturaviva.org\/es\/el-museo-de-la-persona-la-produccion-de-historias-de-vida-y-la-construccion-de-la-memoria-social\/#primaryimage\"},\"thumbnailUrl\":\"https:\/\/iberculturaviva.org\/wp-content\/uploads\/2016\/11\/museolapersona4-foto-emilianopolcaro-scaled.jpg\",\"datePublished\":\"2016-11-27T13:53:14+00:00\",\"dateModified\":\"2021-01-12T17:05:54+00:00\",\"description\":\"El Museo de la Persona: la producci\u00f3n de historias de vida y la construcci\u00f3n de la memoria social - IberCultura Viva\",\"breadcrumb\":{\"@id\":\"https:\/\/iberculturaviva.org\/es\/el-museo-de-la-persona-la-produccion-de-historias-de-vida-y-la-construccion-de-la-memoria-social\/#breadcrumb\"},\"inLanguage\":\"es\",\"potentialAction\":[{\"@type\":\"ReadAction\",\"target\":[\"https:\/\/iberculturaviva.org\/es\/el-museo-de-la-persona-la-produccion-de-historias-de-vida-y-la-construccion-de-la-memoria-social\/\"]}]},{\"@type\":\"ImageObject\",\"inLanguage\":\"es\",\"@id\":\"https:\/\/iberculturaviva.org\/es\/el-museo-de-la-persona-la-produccion-de-historias-de-vida-y-la-construccion-de-la-memoria-social\/#primaryimage\",\"url\":\"https:\/\/iberculturaviva.org\/wp-content\/uploads\/2016\/11\/museolapersona4-foto-emilianopolcaro-scaled.jpg\",\"contentUrl\":\"https:\/\/iberculturaviva.org\/wp-content\/uploads\/2016\/11\/museolapersona4-foto-emilianopolcaro-scaled.jpg\",\"width\":4032,\"height\":3024},{\"@type\":\"BreadcrumbList\",\"@id\":\"https:\/\/iberculturaviva.org\/es\/el-museo-de-la-persona-la-produccion-de-historias-de-vida-y-la-construccion-de-la-memoria-social\/#breadcrumb\",\"itemListElement\":[{\"@type\":\"ListItem\",\"position\":1,\"name\":\"In\u00edcio\",\"item\":\"https:\/\/iberculturaviva.org\/es\/inicio\/\"},{\"@type\":\"ListItem\",\"position\":2,\"name\":\"El Museo de la Persona: la producci\u00f3n de historias de vida y la construcci\u00f3n de la memoria social\"}]},{\"@type\":\"WebSite\",\"@id\":\"https:\/\/iberculturaviva.org\/es\/?lang=es\/#website\",\"url\":\"https:\/\/iberculturaviva.org\/es\/?lang=es\/\",\"name\":\"IberCultura Viva\",\"description\":\"Programa de cooperaci\u00f3n cultural\",\"publisher\":{\"@id\":\"https:\/\/iberculturaviva.org\/es\/?lang=es\/#organization\"},\"potentialAction\":[{\"@type\":\"SearchAction\",\"target\":{\"@type\":\"EntryPoint\",\"urlTemplate\":\"https:\/\/iberculturaviva.org\/es\/?lang=es\/?s={search_term_string}\"},\"query-input\":{\"@type\":\"PropertyValueSpecification\",\"valueRequired\":true,\"valueName\":\"search_term_string\"}}],\"inLanguage\":\"es\"},{\"@type\":\"Organization\",\"@id\":\"https:\/\/iberculturaviva.org\/es\/?lang=es\/#organization\",\"name\":\"Iberculturaviva\",\"url\":\"https:\/\/iberculturaviva.org\/es\/?lang=es\/\",\"logo\":{\"@type\":\"ImageObject\",\"inLanguage\":\"es\",\"@id\":\"https:\/\/iberculturaviva.org\/es\/?lang=es\/#\/schema\/logo\/image\/\",\"url\":\"https:\/\/iberculturaviva.org\/wp-content\/uploads\/2021\/08\/logo_ibercultura_viva.jpg\",\"contentUrl\":\"https:\/\/iberculturaviva.org\/wp-content\/uploads\/2021\/08\/logo_ibercultura_viva.jpg\",\"width\":708,\"height\":223,\"caption\":\"Iberculturaviva\"},\"image\":{\"@id\":\"https:\/\/iberculturaviva.org\/es\/?lang=es\/#\/schema\/logo\/image\/\"},\"sameAs\":[\"https:\/\/www.facebook.com\/iberculturaviva\/\",\"https:\/\/www.instagram.com\/iberculturaviva\/\",\"https:\/\/www.youtube.com\/iberculturaviva\"]},{\"@type\":\"Person\",\"@id\":\"https:\/\/iberculturaviva.org\/es\/?lang=es\/#\/schema\/person\/5d1313b072cc25536e0431522f740b59\",\"name\":\"IberCultura\",\"image\":{\"@type\":\"ImageObject\",\"inLanguage\":\"es\",\"@id\":\"https:\/\/iberculturaviva.org\/es\/?lang=es\/#\/schema\/person\/image\/\",\"url\":\"https:\/\/secure.gravatar.com\/avatar\/79f1a057cb125cbefb3765d0356d52fc7f3bba3a35e2cf22bc4de090bb7aef70?s=96&d=mm&r=g\",\"contentUrl\":\"https:\/\/secure.gravatar.com\/avatar\/79f1a057cb125cbefb3765d0356d52fc7f3bba3a35e2cf22bc4de090bb7aef70?s=96&d=mm&r=g\",\"caption\":\"IberCultura\"}}]}<\/script>\n<!-- \/ Yoast SEO plugin. -->","yoast_head_json":{"title":"El Museo de la Persona: la producci\u00f3n de historias de vida y la construcci\u00f3n de la memoria social - IberCultura Viva","description":"El Museo de la Persona: la producci\u00f3n de historias de vida y la construcci\u00f3n de la memoria social - IberCultura Viva","robots":{"index":"index","follow":"follow","max-snippet":"max-snippet:-1","max-image-preview":"max-image-preview:large","max-video-preview":"max-video-preview:-1"},"canonical":"https:\/\/iberculturaviva.org\/es\/el-museo-de-la-persona-la-produccion-de-historias-de-vida-y-la-construccion-de-la-memoria-social\/","og_locale":"es_ES","og_type":"article","og_title":"El Museo de la Persona: la producci\u00f3n de historias de vida y la construcci\u00f3n de la memoria social - IberCultura Viva","og_description":"El Museo de la Persona: la producci\u00f3n de historias de vida y la construcci\u00f3n de la memoria social - IberCultura Viva","og_url":"https:\/\/iberculturaviva.org\/es\/el-museo-de-la-persona-la-produccion-de-historias-de-vida-y-la-construccion-de-la-memoria-social\/","og_site_name":"IberCultura Viva","article_publisher":"https:\/\/www.facebook.com\/iberculturaviva\/","article_published_time":"2016-11-27T13:53:14+00:00","article_modified_time":"2021-01-12T17:05:54+00:00","og_image":[{"width":960,"height":720,"url":"https:\/\/iberculturaviva.org\/wp-content\/uploads\/2016\/11\/museolapersona4-foto-emilianopolcaro-960x720.jpg","type":"image\/jpeg"}],"author":"IberCultura","twitter_card":"summary_large_image","twitter_misc":{"Escrito por":"IberCultura","Tiempo de lectura":"5 minutos"},"schema":{"@context":"https:\/\/schema.org","@graph":[{"@type":"Article","@id":"https:\/\/iberculturaviva.org\/es\/el-museo-de-la-persona-la-produccion-de-historias-de-vida-y-la-construccion-de-la-memoria-social\/#article","isPartOf":{"@id":"https:\/\/iberculturaviva.org\/es\/el-museo-de-la-persona-la-produccion-de-historias-de-vida-y-la-construccion-de-la-memoria-social\/"},"author":{"name":"IberCultura","@id":"https:\/\/iberculturaviva.org\/es\/?lang=es\/#\/schema\/person\/5d1313b072cc25536e0431522f740b59"},"headline":"El Museo de la Persona: la producci\u00f3n de historias de vida y la construcci\u00f3n de la memoria social","datePublished":"2016-11-27T13:53:14+00:00","dateModified":"2021-01-12T17:05:54+00:00","mainEntityOfPage":{"@id":"https:\/\/iberculturaviva.org\/es\/el-museo-de-la-persona-la-produccion-de-historias-de-vida-y-la-construccion-de-la-memoria-social\/"},"wordCount":954,"publisher":{"@id":"https:\/\/iberculturaviva.org\/es\/?lang=es\/#organization"},"image":{"@id":"https:\/\/iberculturaviva.org\/es\/el-museo-de-la-persona-la-produccion-de-historias-de-vida-y-la-construccion-de-la-memoria-social\/#primaryimage"},"thumbnailUrl":"https:\/\/iberculturaviva.org\/wp-content\/uploads\/2016\/11\/museolapersona4-foto-emilianopolcaro-scaled.jpg","articleSection":["Noticias"],"inLanguage":"es"},{"@type":"WebPage","@id":"https:\/\/iberculturaviva.org\/es\/el-museo-de-la-persona-la-produccion-de-historias-de-vida-y-la-construccion-de-la-memoria-social\/","url":"https:\/\/iberculturaviva.org\/es\/el-museo-de-la-persona-la-produccion-de-historias-de-vida-y-la-construccion-de-la-memoria-social\/","name":"El Museo de la Persona: la producci\u00f3n de historias de vida y la construcci\u00f3n de la memoria social - IberCultura Viva","isPartOf":{"@id":"https:\/\/iberculturaviva.org\/es\/?lang=es\/#website"},"primaryImageOfPage":{"@id":"https:\/\/iberculturaviva.org\/es\/el-museo-de-la-persona-la-produccion-de-historias-de-vida-y-la-construccion-de-la-memoria-social\/#primaryimage"},"image":{"@id":"https:\/\/iberculturaviva.org\/es\/el-museo-de-la-persona-la-produccion-de-historias-de-vida-y-la-construccion-de-la-memoria-social\/#primaryimage"},"thumbnailUrl":"https:\/\/iberculturaviva.org\/wp-content\/uploads\/2016\/11\/museolapersona4-foto-emilianopolcaro-scaled.jpg","datePublished":"2016-11-27T13:53:14+00:00","dateModified":"2021-01-12T17:05:54+00:00","description":"El Museo de la Persona: la producci\u00f3n de historias de vida y la construcci\u00f3n de la memoria social - IberCultura Viva","breadcrumb":{"@id":"https:\/\/iberculturaviva.org\/es\/el-museo-de-la-persona-la-produccion-de-historias-de-vida-y-la-construccion-de-la-memoria-social\/#breadcrumb"},"inLanguage":"es","potentialAction":[{"@type":"ReadAction","target":["https:\/\/iberculturaviva.org\/es\/el-museo-de-la-persona-la-produccion-de-historias-de-vida-y-la-construccion-de-la-memoria-social\/"]}]},{"@type":"ImageObject","inLanguage":"es","@id":"https:\/\/iberculturaviva.org\/es\/el-museo-de-la-persona-la-produccion-de-historias-de-vida-y-la-construccion-de-la-memoria-social\/#primaryimage","url":"https:\/\/iberculturaviva.org\/wp-content\/uploads\/2016\/11\/museolapersona4-foto-emilianopolcaro-scaled.jpg","contentUrl":"https:\/\/iberculturaviva.org\/wp-content\/uploads\/2016\/11\/museolapersona4-foto-emilianopolcaro-scaled.jpg","width":4032,"height":3024},{"@type":"BreadcrumbList","@id":"https:\/\/iberculturaviva.org\/es\/el-museo-de-la-persona-la-produccion-de-historias-de-vida-y-la-construccion-de-la-memoria-social\/#breadcrumb","itemListElement":[{"@type":"ListItem","position":1,"name":"In\u00edcio","item":"https:\/\/iberculturaviva.org\/es\/inicio\/"},{"@type":"ListItem","position":2,"name":"El Museo de la Persona: la producci\u00f3n de historias de vida y la construcci\u00f3n de la memoria social"}]},{"@type":"WebSite","@id":"https:\/\/iberculturaviva.org\/es\/?lang=es\/#website","url":"https:\/\/iberculturaviva.org\/es\/?lang=es\/","name":"IberCultura Viva","description":"Programa de cooperaci\u00f3n cultural","publisher":{"@id":"https:\/\/iberculturaviva.org\/es\/?lang=es\/#organization"},"potentialAction":[{"@type":"SearchAction","target":{"@type":"EntryPoint","urlTemplate":"https:\/\/iberculturaviva.org\/es\/?lang=es\/?s={search_term_string}"},"query-input":{"@type":"PropertyValueSpecification","valueRequired":true,"valueName":"search_term_string"}}],"inLanguage":"es"},{"@type":"Organization","@id":"https:\/\/iberculturaviva.org\/es\/?lang=es\/#organization","name":"Iberculturaviva","url":"https:\/\/iberculturaviva.org\/es\/?lang=es\/","logo":{"@type":"ImageObject","inLanguage":"es","@id":"https:\/\/iberculturaviva.org\/es\/?lang=es\/#\/schema\/logo\/image\/","url":"https:\/\/iberculturaviva.org\/wp-content\/uploads\/2021\/08\/logo_ibercultura_viva.jpg","contentUrl":"https:\/\/iberculturaviva.org\/wp-content\/uploads\/2021\/08\/logo_ibercultura_viva.jpg","width":708,"height":223,"caption":"Iberculturaviva"},"image":{"@id":"https:\/\/iberculturaviva.org\/es\/?lang=es\/#\/schema\/logo\/image\/"},"sameAs":["https:\/\/www.facebook.com\/iberculturaviva\/","https:\/\/www.instagram.com\/iberculturaviva\/","https:\/\/www.youtube.com\/iberculturaviva"]},{"@type":"Person","@id":"https:\/\/iberculturaviva.org\/es\/?lang=es\/#\/schema\/person\/5d1313b072cc25536e0431522f740b59","name":"IberCultura","image":{"@type":"ImageObject","inLanguage":"es","@id":"https:\/\/iberculturaviva.org\/es\/?lang=es\/#\/schema\/person\/image\/","url":"https:\/\/secure.gravatar.com\/avatar\/79f1a057cb125cbefb3765d0356d52fc7f3bba3a35e2cf22bc4de090bb7aef70?s=96&d=mm&r=g","contentUrl":"https:\/\/secure.gravatar.com\/avatar\/79f1a057cb125cbefb3765d0356d52fc7f3bba3a35e2cf22bc4de090bb7aef70?s=96&d=mm&r=g","caption":"IberCultura"}}]}},"main_category":{"link":"https:\/\/iberculturaviva.org\/es\/category\/noticias-es\/","name":"Noticias","slug":"noticias-es"},"_links":{"self":[{"href":"https:\/\/iberculturaviva.org\/es\/wp-json\/wp\/v2\/posts\/16129","targetHints":{"allow":["GET"]}}],"collection":[{"href":"https:\/\/iberculturaviva.org\/es\/wp-json\/wp\/v2\/posts"}],"about":[{"href":"https:\/\/iberculturaviva.org\/es\/wp-json\/wp\/v2\/types\/post"}],"author":[{"embeddable":true,"href":"https:\/\/iberculturaviva.org\/es\/wp-json\/wp\/v2\/users\/2"}],"replies":[{"embeddable":true,"href":"https:\/\/iberculturaviva.org\/es\/wp-json\/wp\/v2\/comments?post=16129"}],"version-history":[{"count":1,"href":"https:\/\/iberculturaviva.org\/es\/wp-json\/wp\/v2\/posts\/16129\/revisions"}],"predecessor-version":[{"id":22802,"href":"https:\/\/iberculturaviva.org\/es\/wp-json\/wp\/v2\/posts\/16129\/revisions\/22802"}],"wp:featuredmedia":[{"embeddable":true,"href":"https:\/\/iberculturaviva.org\/es\/wp-json\/wp\/v2\/media\/18531"}],"wp:attachment":[{"href":"https:\/\/iberculturaviva.org\/es\/wp-json\/wp\/v2\/media?parent=16129"}],"wp:term":[{"taxonomy":"category","embeddable":true,"href":"https:\/\/iberculturaviva.org\/es\/wp-json\/wp\/v2\/categories?post=16129"},{"taxonomy":"post_tag","embeddable":true,"href":"https:\/\/iberculturaviva.org\/es\/wp-json\/wp\/v2\/tags?post=16129"},{"taxonomy":"country-municipality","embeddable":true,"href":"https:\/\/iberculturaviva.org\/es\/wp-json\/wp\/v2\/country-municipality?post=16129"}],"curies":[{"name":"wp","href":"https:\/\/api.w.org\/{rel}","templated":true}]}}