{"id":16107,"date":"2016-09-30T13:02:09","date_gmt":"2016-09-30T16:02:09","guid":{"rendered":"https:\/\/iberculturaviva.org\/ibercultura-viva-abre-proceso-de-seleccion-para-consultor\/"},"modified":"2021-01-12T14:07:05","modified_gmt":"2021-01-12T17:07:05","slug":"ibercultura-viva-abre-proceso-de-seleccion-para-consultor","status":"publish","type":"post","link":"https:\/\/iberculturaviva.org\/es\/ibercultura-viva-abre-proceso-de-seleccion-para-consultor\/","title":{"rendered":"IberCultura Viva abre proceso de selecci\u00f3n para consultor"},"content":{"rendered":"<p>Est\u00e1 abierta una convocatoria para la contrataci\u00f3n de un(a) consultor(a) t\u00e9cnico(a) que dise\u00f1e y coordine una propuesta de formaci\u00f3n IberCultura Viva, teniendo en cuenta las pol\u00edticas culturales de base comunitaria implementadas en los pa\u00edses miembros del programa. \u00a0Los interesados deben inscribirse hasta el 16 de octubre en la p\u00e1gina web de OEI Brasil: <a href=\"https:\/\/www.oei.org.br\/selecoes\">https:\/\/www.oei.org.br\/selecoes<\/a>.<\/p>\n","protected":false},"excerpt":{"rendered":"<p>Est\u00e1 abierta una convocatoria para la contrataci\u00f3n de un(a) consultor(a) t\u00e9cnico(a) que dise\u00f1e y coordine una propuesta de formaci\u00f3n IberCultura Viva, teniendo en cuenta las pol\u00edticas culturales de base comunitaria [&hellip;]<\/p>\n","protected":false},"author":2,"featured_media":0,"comment_status":"closed","ping_status":"closed","sticky":false,"template":"","format":"standard","meta":{"_coblocks_attr":"","_coblocks_dimensions":"","_coblocks_responsive_height":"","_coblocks_accordion_ie_support":"","_EventAllDay":false,"_EventTimezone":"","_EventStartDate":"","_EventEndDate":"","_EventStartDateUTC":"","_EventEndDateUTC":"","_EventShowMap":false,"_EventShowMapLink":false,"_EventURL":"","_EventCost":"","_EventCostDescription":"","_EventCurrencySymbol":"","_EventCurrencyCode":"","_EventCurrencyPosition":"","_EventDateTimeSeparator":"","_EventTimeRangeSeparator":"","_EventOrganizerID":[],"_EventVenueID":[],"_OrganizerEmail":"","_OrganizerPhone":"","_OrganizerWebsite":"","_VenueAddress":"","_VenueCity":"","_VenueCountry":"","_VenueProvince":"","_VenueState":"","_VenueZip":"","_VenuePhone":"","_VenueURL":"","_VenueStateProvince":"","_VenueLat":"","_VenueLng":"","_VenueShowMap":false,"_VenueShowMapLink":false,"footnotes":""},"categories":[250,262],"tags":[],"country-municipality":[],"class_list":["post-16107","post","type-post","status-publish","format-standard","hentry","category-convocatorias","category-noticias-es"],"yoast_head":"<!-- This site is optimized with the Yoast SEO plugin v25.7 - https:\/\/yoast.com\/wordpress\/plugins\/seo\/ -->\n<title>IberCultura Viva abre proceso de selecci\u00f3n para consultor - IberCultura Viva<\/title>\n<meta name=\"description\" content=\"IberCultura Viva abre proceso de selecci\u00f3n para consultor - IberCultura Viva\" \/>\n<meta name=\"robots\" content=\"index, follow, max-snippet:-1, max-image-preview:large, max-video-preview:-1\" \/>\n<link rel=\"canonical\" href=\"https:\/\/iberculturaviva.org\/es\/ibercultura-viva-abre-proceso-de-seleccion-para-consultor\/\" \/>\n<meta property=\"og:locale\" content=\"es_ES\" \/>\n<meta property=\"og:type\" content=\"article\" \/>\n<meta property=\"og:title\" content=\"IberCultura Viva abre proceso de selecci\u00f3n para consultor - IberCultura Viva\" \/>\n<meta property=\"og:description\" content=\"IberCultura Viva abre proceso de selecci\u00f3n para consultor - IberCultura Viva\" \/>\n<meta property=\"og:url\" content=\"https:\/\/iberculturaviva.org\/es\/ibercultura-viva-abre-proceso-de-seleccion-para-consultor\/\" \/>\n<meta property=\"og:site_name\" content=\"IberCultura Viva\" \/>\n<meta property=\"article:publisher\" content=\"https:\/\/www.facebook.com\/iberculturaviva\/\" \/>\n<meta property=\"article:published_time\" content=\"2016-09-30T16:02:09+00:00\" \/>\n<meta property=\"article:modified_time\" content=\"2021-01-12T17:07:05+00:00\" \/>\n<meta property=\"og:image\" content=\"https:\/\/iberculturaviva.org\/wp-content\/uploads\/2024\/12\/logo1.png\" \/>\n\t<meta property=\"og:image:width\" content=\"166\" \/>\n\t<meta property=\"og:image:height\" content=\"152\" \/>\n\t<meta property=\"og:image:type\" content=\"image\/png\" \/>\n<meta name=\"author\" content=\"IberCultura\" \/>\n<meta name=\"twitter:card\" content=\"summary_large_image\" \/>\n<meta name=\"twitter:label1\" content=\"Escrito por\" \/>\n\t<meta name=\"twitter:data1\" content=\"IberCultura\" \/>\n<script type=\"application\/ld+json\" class=\"yoast-schema-graph\">{\"@context\":\"https:\/\/schema.org\",\"@graph\":[{\"@type\":\"Article\",\"@id\":\"https:\/\/iberculturaviva.org\/es\/ibercultura-viva-abre-proceso-de-seleccion-para-consultor\/#article\",\"isPartOf\":{\"@id\":\"https:\/\/iberculturaviva.org\/es\/ibercultura-viva-abre-proceso-de-seleccion-para-consultor\/\"},\"author\":{\"name\":\"IberCultura\",\"@id\":\"https:\/\/iberculturaviva.org\/es\/?lang=es\/#\/schema\/person\/5d1313b072cc25536e0431522f740b59\"},\"headline\":\"IberCultura Viva abre proceso de selecci\u00f3n para consultor\",\"datePublished\":\"2016-09-30T16:02:09+00:00\",\"dateModified\":\"2021-01-12T17:07:05+00:00\",\"mainEntityOfPage\":{\"@id\":\"https:\/\/iberculturaviva.org\/es\/ibercultura-viva-abre-proceso-de-seleccion-para-consultor\/\"},\"wordCount\":77,\"publisher\":{\"@id\":\"https:\/\/iberculturaviva.org\/es\/?lang=es\/#organization\"},\"articleSection\":[\"Convocatorias\",\"Noticias\"],\"inLanguage\":\"es\"},{\"@type\":\"WebPage\",\"@id\":\"https:\/\/iberculturaviva.org\/es\/ibercultura-viva-abre-proceso-de-seleccion-para-consultor\/\",\"url\":\"https:\/\/iberculturaviva.org\/es\/ibercultura-viva-abre-proceso-de-seleccion-para-consultor\/\",\"name\":\"IberCultura Viva abre proceso de selecci\u00f3n para consultor - IberCultura Viva\",\"isPartOf\":{\"@id\":\"https:\/\/iberculturaviva.org\/es\/?lang=es\/#website\"},\"datePublished\":\"2016-09-30T16:02:09+00:00\",\"dateModified\":\"2021-01-12T17:07:05+00:00\",\"description\":\"IberCultura Viva abre proceso de selecci\u00f3n para consultor - IberCultura Viva\",\"breadcrumb\":{\"@id\":\"https:\/\/iberculturaviva.org\/es\/ibercultura-viva-abre-proceso-de-seleccion-para-consultor\/#breadcrumb\"},\"inLanguage\":\"es\",\"potentialAction\":[{\"@type\":\"ReadAction\",\"target\":[\"https:\/\/iberculturaviva.org\/es\/ibercultura-viva-abre-proceso-de-seleccion-para-consultor\/\"]}]},{\"@type\":\"BreadcrumbList\",\"@id\":\"https:\/\/iberculturaviva.org\/es\/ibercultura-viva-abre-proceso-de-seleccion-para-consultor\/#breadcrumb\",\"itemListElement\":[{\"@type\":\"ListItem\",\"position\":1,\"name\":\"In\u00edcio\",\"item\":\"https:\/\/iberculturaviva.org\/es\/inicio\/\"},{\"@type\":\"ListItem\",\"position\":2,\"name\":\"IberCultura Viva abre proceso de selecci\u00f3n para consultor\"}]},{\"@type\":\"WebSite\",\"@id\":\"https:\/\/iberculturaviva.org\/es\/?lang=es\/#website\",\"url\":\"https:\/\/iberculturaviva.org\/es\/?lang=es\/\",\"name\":\"IberCultura Viva\",\"description\":\"Programa de cooperaci\u00f3n cultural\",\"publisher\":{\"@id\":\"https:\/\/iberculturaviva.org\/es\/?lang=es\/#organization\"},\"potentialAction\":[{\"@type\":\"SearchAction\",\"target\":{\"@type\":\"EntryPoint\",\"urlTemplate\":\"https:\/\/iberculturaviva.org\/es\/?lang=es\/?s={search_term_string}\"},\"query-input\":{\"@type\":\"PropertyValueSpecification\",\"valueRequired\":true,\"valueName\":\"search_term_string\"}}],\"inLanguage\":\"es\"},{\"@type\":\"Organization\",\"@id\":\"https:\/\/iberculturaviva.org\/es\/?lang=es\/#organization\",\"name\":\"Iberculturaviva\",\"url\":\"https:\/\/iberculturaviva.org\/es\/?lang=es\/\",\"logo\":{\"@type\":\"ImageObject\",\"inLanguage\":\"es\",\"@id\":\"https:\/\/iberculturaviva.org\/es\/?lang=es\/#\/schema\/logo\/image\/\",\"url\":\"https:\/\/iberculturaviva.org\/wp-content\/uploads\/2021\/08\/logo_ibercultura_viva.jpg\",\"contentUrl\":\"https:\/\/iberculturaviva.org\/wp-content\/uploads\/2021\/08\/logo_ibercultura_viva.jpg\",\"width\":708,\"height\":223,\"caption\":\"Iberculturaviva\"},\"image\":{\"@id\":\"https:\/\/iberculturaviva.org\/es\/?lang=es\/#\/schema\/logo\/image\/\"},\"sameAs\":[\"https:\/\/www.facebook.com\/iberculturaviva\/\",\"https:\/\/www.instagram.com\/iberculturaviva\/\",\"https:\/\/www.youtube.com\/iberculturaviva\"]},{\"@type\":\"Person\",\"@id\":\"https:\/\/iberculturaviva.org\/es\/?lang=es\/#\/schema\/person\/5d1313b072cc25536e0431522f740b59\",\"name\":\"IberCultura\",\"image\":{\"@type\":\"ImageObject\",\"inLanguage\":\"es\",\"@id\":\"https:\/\/iberculturaviva.org\/es\/?lang=es\/#\/schema\/person\/image\/\",\"url\":\"https:\/\/secure.gravatar.com\/avatar\/79f1a057cb125cbefb3765d0356d52fc7f3bba3a35e2cf22bc4de090bb7aef70?s=96&d=mm&r=g\",\"contentUrl\":\"https:\/\/secure.gravatar.com\/avatar\/79f1a057cb125cbefb3765d0356d52fc7f3bba3a35e2cf22bc4de090bb7aef70?s=96&d=mm&r=g\",\"caption\":\"IberCultura\"}}]}<\/script>\n<!-- \/ Yoast SEO plugin. -->","yoast_head_json":{"title":"IberCultura Viva abre proceso de selecci\u00f3n para consultor - IberCultura Viva","description":"IberCultura Viva abre proceso de selecci\u00f3n para consultor - IberCultura Viva","robots":{"index":"index","follow":"follow","max-snippet":"max-snippet:-1","max-image-preview":"max-image-preview:large","max-video-preview":"max-video-preview:-1"},"canonical":"https:\/\/iberculturaviva.org\/es\/ibercultura-viva-abre-proceso-de-seleccion-para-consultor\/","og_locale":"es_ES","og_type":"article","og_title":"IberCultura Viva abre proceso de selecci\u00f3n para consultor - IberCultura Viva","og_description":"IberCultura Viva abre proceso de selecci\u00f3n para consultor - IberCultura Viva","og_url":"https:\/\/iberculturaviva.org\/es\/ibercultura-viva-abre-proceso-de-seleccion-para-consultor\/","og_site_name":"IberCultura Viva","article_publisher":"https:\/\/www.facebook.com\/iberculturaviva\/","article_published_time":"2016-09-30T16:02:09+00:00","article_modified_time":"2021-01-12T17:07:05+00:00","og_image":[{"width":166,"height":152,"url":"https:\/\/iberculturaviva.org\/wp-content\/uploads\/2024\/12\/logo1.png","type":"image\/png"}],"author":"IberCultura","twitter_card":"summary_large_image","twitter_misc":{"Escrito por":"IberCultura"},"schema":{"@context":"https:\/\/schema.org","@graph":[{"@type":"Article","@id":"https:\/\/iberculturaviva.org\/es\/ibercultura-viva-abre-proceso-de-seleccion-para-consultor\/#article","isPartOf":{"@id":"https:\/\/iberculturaviva.org\/es\/ibercultura-viva-abre-proceso-de-seleccion-para-consultor\/"},"author":{"name":"IberCultura","@id":"https:\/\/iberculturaviva.org\/es\/?lang=es\/#\/schema\/person\/5d1313b072cc25536e0431522f740b59"},"headline":"IberCultura Viva abre proceso de selecci\u00f3n para consultor","datePublished":"2016-09-30T16:02:09+00:00","dateModified":"2021-01-12T17:07:05+00:00","mainEntityOfPage":{"@id":"https:\/\/iberculturaviva.org\/es\/ibercultura-viva-abre-proceso-de-seleccion-para-consultor\/"},"wordCount":77,"publisher":{"@id":"https:\/\/iberculturaviva.org\/es\/?lang=es\/#organization"},"articleSection":["Convocatorias","Noticias"],"inLanguage":"es"},{"@type":"WebPage","@id":"https:\/\/iberculturaviva.org\/es\/ibercultura-viva-abre-proceso-de-seleccion-para-consultor\/","url":"https:\/\/iberculturaviva.org\/es\/ibercultura-viva-abre-proceso-de-seleccion-para-consultor\/","name":"IberCultura Viva abre proceso de selecci\u00f3n para consultor - IberCultura Viva","isPartOf":{"@id":"https:\/\/iberculturaviva.org\/es\/?lang=es\/#website"},"datePublished":"2016-09-30T16:02:09+00:00","dateModified":"2021-01-12T17:07:05+00:00","description":"IberCultura Viva abre proceso de selecci\u00f3n para consultor - IberCultura Viva","breadcrumb":{"@id":"https:\/\/iberculturaviva.org\/es\/ibercultura-viva-abre-proceso-de-seleccion-para-consultor\/#breadcrumb"},"inLanguage":"es","potentialAction":[{"@type":"ReadAction","target":["https:\/\/iberculturaviva.org\/es\/ibercultura-viva-abre-proceso-de-seleccion-para-consultor\/"]}]},{"@type":"BreadcrumbList","@id":"https:\/\/iberculturaviva.org\/es\/ibercultura-viva-abre-proceso-de-seleccion-para-consultor\/#breadcrumb","itemListElement":[{"@type":"ListItem","position":1,"name":"In\u00edcio","item":"https:\/\/iberculturaviva.org\/es\/inicio\/"},{"@type":"ListItem","position":2,"name":"IberCultura Viva abre proceso de selecci\u00f3n para consultor"}]},{"@type":"WebSite","@id":"https:\/\/iberculturaviva.org\/es\/?lang=es\/#website","url":"https:\/\/iberculturaviva.org\/es\/?lang=es\/","name":"IberCultura Viva","description":"Programa de cooperaci\u00f3n cultural","publisher":{"@id":"https:\/\/iberculturaviva.org\/es\/?lang=es\/#organization"},"potentialAction":[{"@type":"SearchAction","target":{"@type":"EntryPoint","urlTemplate":"https:\/\/iberculturaviva.org\/es\/?lang=es\/?s={search_term_string}"},"query-input":{"@type":"PropertyValueSpecification","valueRequired":true,"valueName":"search_term_string"}}],"inLanguage":"es"},{"@type":"Organization","@id":"https:\/\/iberculturaviva.org\/es\/?lang=es\/#organization","name":"Iberculturaviva","url":"https:\/\/iberculturaviva.org\/es\/?lang=es\/","logo":{"@type":"ImageObject","inLanguage":"es","@id":"https:\/\/iberculturaviva.org\/es\/?lang=es\/#\/schema\/logo\/image\/","url":"https:\/\/iberculturaviva.org\/wp-content\/uploads\/2021\/08\/logo_ibercultura_viva.jpg","contentUrl":"https:\/\/iberculturaviva.org\/wp-content\/uploads\/2021\/08\/logo_ibercultura_viva.jpg","width":708,"height":223,"caption":"Iberculturaviva"},"image":{"@id":"https:\/\/iberculturaviva.org\/es\/?lang=es\/#\/schema\/logo\/image\/"},"sameAs":["https:\/\/www.facebook.com\/iberculturaviva\/","https:\/\/www.instagram.com\/iberculturaviva\/","https:\/\/www.youtube.com\/iberculturaviva"]},{"@type":"Person","@id":"https:\/\/iberculturaviva.org\/es\/?lang=es\/#\/schema\/person\/5d1313b072cc25536e0431522f740b59","name":"IberCultura","image":{"@type":"ImageObject","inLanguage":"es","@id":"https:\/\/iberculturaviva.org\/es\/?lang=es\/#\/schema\/person\/image\/","url":"https:\/\/secure.gravatar.com\/avatar\/79f1a057cb125cbefb3765d0356d52fc7f3bba3a35e2cf22bc4de090bb7aef70?s=96&d=mm&r=g","contentUrl":"https:\/\/secure.gravatar.com\/avatar\/79f1a057cb125cbefb3765d0356d52fc7f3bba3a35e2cf22bc4de090bb7aef70?s=96&d=mm&r=g","caption":"IberCultura"}}]}},"main_category":{"link":"https:\/\/iberculturaviva.org\/es\/category\/convocatorias\/","name":"Convocatorias","slug":"convocatorias"},"_links":{"self":[{"href":"https:\/\/iberculturaviva.org\/es\/wp-json\/wp\/v2\/posts\/16107","targetHints":{"allow":["GET"]}}],"collection":[{"href":"https:\/\/iberculturaviva.org\/es\/wp-json\/wp\/v2\/posts"}],"about":[{"href":"https:\/\/iberculturaviva.org\/es\/wp-json\/wp\/v2\/types\/post"}],"author":[{"embeddable":true,"href":"https:\/\/iberculturaviva.org\/es\/wp-json\/wp\/v2\/users\/2"}],"replies":[{"embeddable":true,"href":"https:\/\/iberculturaviva.org\/es\/wp-json\/wp\/v2\/comments?post=16107"}],"version-history":[{"count":1,"href":"https:\/\/iberculturaviva.org\/es\/wp-json\/wp\/v2\/posts\/16107\/revisions"}],"predecessor-version":[{"id":22813,"href":"https:\/\/iberculturaviva.org\/es\/wp-json\/wp\/v2\/posts\/16107\/revisions\/22813"}],"wp:attachment":[{"href":"https:\/\/iberculturaviva.org\/es\/wp-json\/wp\/v2\/media?parent=16107"}],"wp:term":[{"taxonomy":"category","embeddable":true,"href":"https:\/\/iberculturaviva.org\/es\/wp-json\/wp\/v2\/categories?post=16107"},{"taxonomy":"post_tag","embeddable":true,"href":"https:\/\/iberculturaviva.org\/es\/wp-json\/wp\/v2\/tags?post=16107"},{"taxonomy":"country-municipality","embeddable":true,"href":"https:\/\/iberculturaviva.org\/es\/wp-json\/wp\/v2\/country-municipality?post=16107"}],"curies":[{"name":"wp","href":"https:\/\/api.w.org\/{rel}","templated":true}]}}