{"id":16103,"date":"2016-09-15T17:45:40","date_gmt":"2016-09-15T20:45:40","guid":{"rendered":"https:\/\/iberculturaviva.org\/convocatoria-para-la-seleccion-de-textos-sobre-politicas-culturales-de-base-comunitaria\/"},"modified":"2021-01-12T14:07:18","modified_gmt":"2021-01-12T17:07:18","slug":"convocatoria-para-la-seleccion-de-textos-sobre-politicas-culturales-de-base-comunitaria","status":"publish","type":"post","link":"https:\/\/iberculturaviva.org\/es\/convocatoria-para-la-seleccion-de-textos-sobre-politicas-culturales-de-base-comunitaria\/","title":{"rendered":"Convocatoria para la selecci\u00f3n de textos sobre pol\u00edticas culturales de base comunitaria"},"content":{"rendered":"<p style=\"text-align: justify;\"><span style=\"font-weight: 400;\"><a href=\"https:\/\/iberculturaviva.org\/wp-content\/uploads\/2016\/09\/MinC_SCDC_IberCultura-Viva_Edital_ARTIGOS_espanhol.png\"><img loading=\"lazy\" decoding=\"async\" class=\" wp-image-4719 alignright\" src=\"https:\/\/iberculturaviva.org\/wp-content\/uploads\/2016\/09\/MinC_SCDC_IberCultura-Viva_Edital_ARTIGOS_espanhol-960x960.png\" alt=\"MinC_SCDC_IberCultura-Viva_Edital_ARTIGOS_espanhol\" width=\"334\" height=\"334\" \/><\/a>Si la cultura es el v\u00ednculo fundamental para transformar realidades, \u00bfpor qu\u00e9 no hacer con que el Estado reconozca las iniciativas de la sociedad civil en el lugar donde ocurren? A este concepto de pol\u00edtica p\u00fablica pensado desde abajo hacia arriba, adoptado en varios pa\u00edses iberoamericanos desde 2004, se dio el nombre de cultura viva comunitaria. Viva porque es pulsante, mutante, diversa. Y comunitaria porque e<\/span><span style=\"font-weight: 400;\">s donde surge, donde se organiza.<\/span><\/p>\n<p style=\"text-align: justify;\"><span style=\"font-weight: 400;\">Para contar un poco de esta historia, el programa IberCultura Viva propone una convocatoria para la selecci\u00f3n de textos, con vistas a la elaboraci\u00f3n de una publicaci\u00f3n de \u00e1mbito regional que permita reflexionar y divulgar el concepto y las pol\u00edticas de cultura de base comunitaria, con la participaci\u00f3n de los diferentes protagonistas de este proceso. Las inscripciones estar\u00e1n abiertas entre el 19 de septiembre y el 1 de diciembre.<\/span><\/p>\n<p style=\"text-align: justify;\"><span style=\"font-weight: 400;\">Los textos deber\u00e1n recoger experiencias de organizaciones de la sociedad civil, que son o hayan sido colaboradoras de las pol\u00edticas gubernamentales de culturas de base comunitaria. Deber\u00e1n referirse a experiencias del \u00e1mbito federal, provincial, municipal o regional iberoamericano. <\/span><\/p>\n<p style=\"text-align: justify;\"><span style=\"font-weight: 400;\">Pueden participar personas f\u00edsicas, como por ejemplo representantes de organizaciones que hayan sido beneficiadas de alguna convocatoria p\u00fablica en el contexto de las pol\u00edticas culturales de base comunitaria. O que -en el mismo contexto- hayan participado de encuentros, foros, seminarios, grupo de trabajo o redes, o hayan sostenido una pr\u00e1ctica de trabajo intersectorial, basada en alg\u00fan tipo de convenio o colaboraci\u00f3n con instancias gubernamentales en el contexto de las pol\u00edticas culturales de base comunitaria. O investigadores y acad\u00e9micos relacionados con estos temas.<\/span><\/p>\n<p style=\"text-align: justify;\"><span style=\"font-weight: 400;\">Los textos deber\u00e1n tener un promedio de 2.500 (dos mil quinientas) palabras. La extensi\u00f3n m\u00e1xima es de 5.000 (cinco mil) palabras y m\u00ednima de 1.500 (mil quinientas) palabras. Deben estar escritos en lengua espa\u00f1ola o portuguesa y ser de autor\u00eda de la persona o grupo que lo firman. <\/span><\/p>\n<h4><\/h4>\n<h4><b>Para descargar:<\/b><\/h4>\n<p><a href=\"https:\/\/iberculturaviva.org\/wp-content\/uploads\/2016\/09\/Convocatoria_publicaci\u00f3n.pdf\">La convocatoria<\/a><\/p>\n<p><a href=\"https:\/\/iberculturaviva.org\/wp-content\/uploads\/2016\/09\/Formulario-publicaci\u00f3n-2016.docx.docx\">Anexo 1 &#8211; Formulario de inscripci\u00f3n<\/a><\/p>\n<p><a href=\"https:\/\/iberculturaviva.org\/wp-content\/uploads\/2016\/09\/Termo-cesi\u00f3n-derechos-2016.docx.docx\">Anexo 2 &#8211; T\u00e9rmino de autor\u00eda y cesi\u00f3n de derechos<\/a><\/p>\n<p>&nbsp;<\/p>\n<h4>Lea tambi\u00e9n:<\/h4>\n<p><a href=\"https:\/\/iberculturaviva.org\/es\/convocatoria-para-apoyo-a-redes-de-cultura-de-base-comunitaria\/\">Convocatoria para apoyo a redes de cultura de base comunitaria<\/a><\/p>\n<p><a href=\"https:\/\/iberculturaviva.org\/es\/concurso-de-videominuto-mujeres-culturas-y-comunidades\/\">Concurso de videominuto \u201cMujeres: culturas y comunidades\u201d<\/a><\/p>\n","protected":false},"excerpt":{"rendered":"<p>Si la cultura es el v\u00ednculo fundamental para transformar realidades, \u00bfpor qu\u00e9 no hacer con que el Estado reconozca las iniciativas de la sociedad civil en el lugar donde ocurren? [&hellip;]<\/p>\n","protected":false},"author":2,"featured_media":0,"comment_status":"closed","ping_status":"closed","sticky":false,"template":"","format":"standard","meta":{"_coblocks_attr":"","_coblocks_dimensions":"","_coblocks_responsive_height":"","_coblocks_accordion_ie_support":"","_EventAllDay":false,"_EventTimezone":"","_EventStartDate":"","_EventEndDate":"","_EventStartDateUTC":"","_EventEndDateUTC":"","_EventShowMap":false,"_EventShowMapLink":false,"_EventURL":"","_EventCost":"","_EventCostDescription":"","_EventCurrencySymbol":"","_EventCurrencyCode":"","_EventCurrencyPosition":"","_EventDateTimeSeparator":"","_EventTimeRangeSeparator":"","_EventOrganizerID":[],"_EventVenueID":[],"_OrganizerEmail":"","_OrganizerPhone":"","_OrganizerWebsite":"","_VenueAddress":"","_VenueCity":"","_VenueCountry":"","_VenueProvince":"","_VenueState":"","_VenueZip":"","_VenuePhone":"","_VenueURL":"","_VenueStateProvince":"","_VenueLat":"","_VenueLng":"","_VenueShowMap":false,"_VenueShowMapLink":false,"footnotes":""},"categories":[250,262],"tags":[],"country-municipality":[],"class_list":["post-16103","post","type-post","status-publish","format-standard","hentry","category-convocatorias","category-noticias-es"],"yoast_head":"<!-- This site is optimized with the Yoast SEO plugin v25.7 - https:\/\/yoast.com\/wordpress\/plugins\/seo\/ -->\n<title>Convocatoria para la selecci\u00f3n de textos sobre pol\u00edticas culturales de base comunitaria - IberCultura Viva<\/title>\n<meta name=\"description\" content=\"Convocatoria para la selecci\u00f3n de textos sobre pol\u00edticas culturales de base comunitaria - IberCultura Viva\" \/>\n<meta name=\"robots\" content=\"index, follow, max-snippet:-1, max-image-preview:large, max-video-preview:-1\" \/>\n<link rel=\"canonical\" href=\"https:\/\/iberculturaviva.org\/es\/convocatoria-para-la-seleccion-de-textos-sobre-politicas-culturales-de-base-comunitaria\/\" \/>\n<meta property=\"og:locale\" content=\"es_ES\" \/>\n<meta property=\"og:type\" content=\"article\" \/>\n<meta property=\"og:title\" content=\"Convocatoria para la selecci\u00f3n de textos sobre pol\u00edticas culturales de base comunitaria - IberCultura Viva\" \/>\n<meta property=\"og:description\" content=\"Convocatoria para la selecci\u00f3n de textos sobre pol\u00edticas culturales de base comunitaria - IberCultura Viva\" \/>\n<meta property=\"og:url\" content=\"https:\/\/iberculturaviva.org\/es\/convocatoria-para-la-seleccion-de-textos-sobre-politicas-culturales-de-base-comunitaria\/\" \/>\n<meta property=\"og:site_name\" content=\"IberCultura Viva\" \/>\n<meta property=\"article:publisher\" content=\"https:\/\/www.facebook.com\/iberculturaviva\/\" \/>\n<meta property=\"article:published_time\" content=\"2016-09-15T20:45:40+00:00\" \/>\n<meta property=\"article:modified_time\" content=\"2021-01-12T17:07:18+00:00\" \/>\n<meta property=\"og:image\" content=\"https:\/\/iberculturaviva.org\/wp-content\/uploads\/2016\/09\/MinC_SCDC_IberCultura-Viva_Edital_ARTIGOS_espanhol-960x960.png\" \/>\n<meta name=\"author\" content=\"IberCultura\" \/>\n<meta name=\"twitter:card\" content=\"summary_large_image\" \/>\n<meta name=\"twitter:label1\" content=\"Escrito por\" \/>\n\t<meta name=\"twitter:data1\" content=\"IberCultura\" \/>\n\t<meta name=\"twitter:label2\" content=\"Tiempo de lectura\" \/>\n\t<meta name=\"twitter:data2\" content=\"2 minutos\" \/>\n<script type=\"application\/ld+json\" class=\"yoast-schema-graph\">{\"@context\":\"https:\/\/schema.org\",\"@graph\":[{\"@type\":\"Article\",\"@id\":\"https:\/\/iberculturaviva.org\/es\/convocatoria-para-la-seleccion-de-textos-sobre-politicas-culturales-de-base-comunitaria\/#article\",\"isPartOf\":{\"@id\":\"https:\/\/iberculturaviva.org\/es\/convocatoria-para-la-seleccion-de-textos-sobre-politicas-culturales-de-base-comunitaria\/\"},\"author\":{\"name\":\"IberCultura\",\"@id\":\"https:\/\/iberculturaviva.org\/es\/?lang=es\/#\/schema\/person\/5d1313b072cc25536e0431522f740b59\"},\"headline\":\"Convocatoria para la selecci\u00f3n de textos sobre pol\u00edticas culturales de base comunitaria\",\"datePublished\":\"2016-09-15T20:45:40+00:00\",\"dateModified\":\"2021-01-12T17:07:18+00:00\",\"mainEntityOfPage\":{\"@id\":\"https:\/\/iberculturaviva.org\/es\/convocatoria-para-la-seleccion-de-textos-sobre-politicas-culturales-de-base-comunitaria\/\"},\"wordCount\":387,\"publisher\":{\"@id\":\"https:\/\/iberculturaviva.org\/es\/?lang=es\/#organization\"},\"image\":{\"@id\":\"https:\/\/iberculturaviva.org\/es\/convocatoria-para-la-seleccion-de-textos-sobre-politicas-culturales-de-base-comunitaria\/#primaryimage\"},\"thumbnailUrl\":\"https:\/\/iberculturaviva.org\/wp-content\/uploads\/2016\/09\/MinC_SCDC_IberCultura-Viva_Edital_ARTIGOS_espanhol-960x960.png\",\"articleSection\":[\"Convocatorias\",\"Noticias\"],\"inLanguage\":\"es\"},{\"@type\":\"WebPage\",\"@id\":\"https:\/\/iberculturaviva.org\/es\/convocatoria-para-la-seleccion-de-textos-sobre-politicas-culturales-de-base-comunitaria\/\",\"url\":\"https:\/\/iberculturaviva.org\/es\/convocatoria-para-la-seleccion-de-textos-sobre-politicas-culturales-de-base-comunitaria\/\",\"name\":\"Convocatoria para la selecci\u00f3n de textos sobre pol\u00edticas culturales de base comunitaria - IberCultura Viva\",\"isPartOf\":{\"@id\":\"https:\/\/iberculturaviva.org\/es\/?lang=es\/#website\"},\"primaryImageOfPage\":{\"@id\":\"https:\/\/iberculturaviva.org\/es\/convocatoria-para-la-seleccion-de-textos-sobre-politicas-culturales-de-base-comunitaria\/#primaryimage\"},\"image\":{\"@id\":\"https:\/\/iberculturaviva.org\/es\/convocatoria-para-la-seleccion-de-textos-sobre-politicas-culturales-de-base-comunitaria\/#primaryimage\"},\"thumbnailUrl\":\"https:\/\/iberculturaviva.org\/wp-content\/uploads\/2016\/09\/MinC_SCDC_IberCultura-Viva_Edital_ARTIGOS_espanhol-960x960.png\",\"datePublished\":\"2016-09-15T20:45:40+00:00\",\"dateModified\":\"2021-01-12T17:07:18+00:00\",\"description\":\"Convocatoria para la selecci\u00f3n de textos sobre pol\u00edticas culturales de base comunitaria - IberCultura Viva\",\"breadcrumb\":{\"@id\":\"https:\/\/iberculturaviva.org\/es\/convocatoria-para-la-seleccion-de-textos-sobre-politicas-culturales-de-base-comunitaria\/#breadcrumb\"},\"inLanguage\":\"es\",\"potentialAction\":[{\"@type\":\"ReadAction\",\"target\":[\"https:\/\/iberculturaviva.org\/es\/convocatoria-para-la-seleccion-de-textos-sobre-politicas-culturales-de-base-comunitaria\/\"]}]},{\"@type\":\"ImageObject\",\"inLanguage\":\"es\",\"@id\":\"https:\/\/iberculturaviva.org\/es\/convocatoria-para-la-seleccion-de-textos-sobre-politicas-culturales-de-base-comunitaria\/#primaryimage\",\"url\":\"https:\/\/iberculturaviva.org\/wp-content\/uploads\/2016\/09\/MinC_SCDC_IberCultura-Viva_Edital_ARTIGOS_espanhol-960x960.png\",\"contentUrl\":\"https:\/\/iberculturaviva.org\/wp-content\/uploads\/2016\/09\/MinC_SCDC_IberCultura-Viva_Edital_ARTIGOS_espanhol-960x960.png\"},{\"@type\":\"BreadcrumbList\",\"@id\":\"https:\/\/iberculturaviva.org\/es\/convocatoria-para-la-seleccion-de-textos-sobre-politicas-culturales-de-base-comunitaria\/#breadcrumb\",\"itemListElement\":[{\"@type\":\"ListItem\",\"position\":1,\"name\":\"In\u00edcio\",\"item\":\"https:\/\/iberculturaviva.org\/es\/inicio\/\"},{\"@type\":\"ListItem\",\"position\":2,\"name\":\"Convocatoria para la selecci\u00f3n de textos sobre pol\u00edticas culturales de base comunitaria\"}]},{\"@type\":\"WebSite\",\"@id\":\"https:\/\/iberculturaviva.org\/es\/?lang=es\/#website\",\"url\":\"https:\/\/iberculturaviva.org\/es\/?lang=es\/\",\"name\":\"IberCultura Viva\",\"description\":\"Programa de cooperaci\u00f3n cultural\",\"publisher\":{\"@id\":\"https:\/\/iberculturaviva.org\/es\/?lang=es\/#organization\"},\"potentialAction\":[{\"@type\":\"SearchAction\",\"target\":{\"@type\":\"EntryPoint\",\"urlTemplate\":\"https:\/\/iberculturaviva.org\/es\/?lang=es\/?s={search_term_string}\"},\"query-input\":{\"@type\":\"PropertyValueSpecification\",\"valueRequired\":true,\"valueName\":\"search_term_string\"}}],\"inLanguage\":\"es\"},{\"@type\":\"Organization\",\"@id\":\"https:\/\/iberculturaviva.org\/es\/?lang=es\/#organization\",\"name\":\"Iberculturaviva\",\"url\":\"https:\/\/iberculturaviva.org\/es\/?lang=es\/\",\"logo\":{\"@type\":\"ImageObject\",\"inLanguage\":\"es\",\"@id\":\"https:\/\/iberculturaviva.org\/es\/?lang=es\/#\/schema\/logo\/image\/\",\"url\":\"https:\/\/iberculturaviva.org\/wp-content\/uploads\/2021\/08\/logo_ibercultura_viva.jpg\",\"contentUrl\":\"https:\/\/iberculturaviva.org\/wp-content\/uploads\/2021\/08\/logo_ibercultura_viva.jpg\",\"width\":708,\"height\":223,\"caption\":\"Iberculturaviva\"},\"image\":{\"@id\":\"https:\/\/iberculturaviva.org\/es\/?lang=es\/#\/schema\/logo\/image\/\"},\"sameAs\":[\"https:\/\/www.facebook.com\/iberculturaviva\/\",\"https:\/\/www.instagram.com\/iberculturaviva\/\",\"https:\/\/www.youtube.com\/iberculturaviva\"]},{\"@type\":\"Person\",\"@id\":\"https:\/\/iberculturaviva.org\/es\/?lang=es\/#\/schema\/person\/5d1313b072cc25536e0431522f740b59\",\"name\":\"IberCultura\",\"image\":{\"@type\":\"ImageObject\",\"inLanguage\":\"es\",\"@id\":\"https:\/\/iberculturaviva.org\/es\/?lang=es\/#\/schema\/person\/image\/\",\"url\":\"https:\/\/secure.gravatar.com\/avatar\/79f1a057cb125cbefb3765d0356d52fc7f3bba3a35e2cf22bc4de090bb7aef70?s=96&d=mm&r=g\",\"contentUrl\":\"https:\/\/secure.gravatar.com\/avatar\/79f1a057cb125cbefb3765d0356d52fc7f3bba3a35e2cf22bc4de090bb7aef70?s=96&d=mm&r=g\",\"caption\":\"IberCultura\"}}]}<\/script>\n<!-- \/ Yoast SEO plugin. -->","yoast_head_json":{"title":"Convocatoria para la selecci\u00f3n de textos sobre pol\u00edticas culturales de base comunitaria - IberCultura Viva","description":"Convocatoria para la selecci\u00f3n de textos sobre pol\u00edticas culturales de base comunitaria - IberCultura Viva","robots":{"index":"index","follow":"follow","max-snippet":"max-snippet:-1","max-image-preview":"max-image-preview:large","max-video-preview":"max-video-preview:-1"},"canonical":"https:\/\/iberculturaviva.org\/es\/convocatoria-para-la-seleccion-de-textos-sobre-politicas-culturales-de-base-comunitaria\/","og_locale":"es_ES","og_type":"article","og_title":"Convocatoria para la selecci\u00f3n de textos sobre pol\u00edticas culturales de base comunitaria - IberCultura Viva","og_description":"Convocatoria para la selecci\u00f3n de textos sobre pol\u00edticas culturales de base comunitaria - IberCultura Viva","og_url":"https:\/\/iberculturaviva.org\/es\/convocatoria-para-la-seleccion-de-textos-sobre-politicas-culturales-de-base-comunitaria\/","og_site_name":"IberCultura Viva","article_publisher":"https:\/\/www.facebook.com\/iberculturaviva\/","article_published_time":"2016-09-15T20:45:40+00:00","article_modified_time":"2021-01-12T17:07:18+00:00","og_image":[{"url":"https:\/\/iberculturaviva.org\/wp-content\/uploads\/2016\/09\/MinC_SCDC_IberCultura-Viva_Edital_ARTIGOS_espanhol-960x960.png","type":"","width":"","height":""}],"author":"IberCultura","twitter_card":"summary_large_image","twitter_misc":{"Escrito por":"IberCultura","Tiempo de lectura":"2 minutos"},"schema":{"@context":"https:\/\/schema.org","@graph":[{"@type":"Article","@id":"https:\/\/iberculturaviva.org\/es\/convocatoria-para-la-seleccion-de-textos-sobre-politicas-culturales-de-base-comunitaria\/#article","isPartOf":{"@id":"https:\/\/iberculturaviva.org\/es\/convocatoria-para-la-seleccion-de-textos-sobre-politicas-culturales-de-base-comunitaria\/"},"author":{"name":"IberCultura","@id":"https:\/\/iberculturaviva.org\/es\/?lang=es\/#\/schema\/person\/5d1313b072cc25536e0431522f740b59"},"headline":"Convocatoria para la selecci\u00f3n de textos sobre pol\u00edticas culturales de base comunitaria","datePublished":"2016-09-15T20:45:40+00:00","dateModified":"2021-01-12T17:07:18+00:00","mainEntityOfPage":{"@id":"https:\/\/iberculturaviva.org\/es\/convocatoria-para-la-seleccion-de-textos-sobre-politicas-culturales-de-base-comunitaria\/"},"wordCount":387,"publisher":{"@id":"https:\/\/iberculturaviva.org\/es\/?lang=es\/#organization"},"image":{"@id":"https:\/\/iberculturaviva.org\/es\/convocatoria-para-la-seleccion-de-textos-sobre-politicas-culturales-de-base-comunitaria\/#primaryimage"},"thumbnailUrl":"https:\/\/iberculturaviva.org\/wp-content\/uploads\/2016\/09\/MinC_SCDC_IberCultura-Viva_Edital_ARTIGOS_espanhol-960x960.png","articleSection":["Convocatorias","Noticias"],"inLanguage":"es"},{"@type":"WebPage","@id":"https:\/\/iberculturaviva.org\/es\/convocatoria-para-la-seleccion-de-textos-sobre-politicas-culturales-de-base-comunitaria\/","url":"https:\/\/iberculturaviva.org\/es\/convocatoria-para-la-seleccion-de-textos-sobre-politicas-culturales-de-base-comunitaria\/","name":"Convocatoria para la selecci\u00f3n de textos sobre pol\u00edticas culturales de base comunitaria - IberCultura Viva","isPartOf":{"@id":"https:\/\/iberculturaviva.org\/es\/?lang=es\/#website"},"primaryImageOfPage":{"@id":"https:\/\/iberculturaviva.org\/es\/convocatoria-para-la-seleccion-de-textos-sobre-politicas-culturales-de-base-comunitaria\/#primaryimage"},"image":{"@id":"https:\/\/iberculturaviva.org\/es\/convocatoria-para-la-seleccion-de-textos-sobre-politicas-culturales-de-base-comunitaria\/#primaryimage"},"thumbnailUrl":"https:\/\/iberculturaviva.org\/wp-content\/uploads\/2016\/09\/MinC_SCDC_IberCultura-Viva_Edital_ARTIGOS_espanhol-960x960.png","datePublished":"2016-09-15T20:45:40+00:00","dateModified":"2021-01-12T17:07:18+00:00","description":"Convocatoria para la selecci\u00f3n de textos sobre pol\u00edticas culturales de base comunitaria - IberCultura Viva","breadcrumb":{"@id":"https:\/\/iberculturaviva.org\/es\/convocatoria-para-la-seleccion-de-textos-sobre-politicas-culturales-de-base-comunitaria\/#breadcrumb"},"inLanguage":"es","potentialAction":[{"@type":"ReadAction","target":["https:\/\/iberculturaviva.org\/es\/convocatoria-para-la-seleccion-de-textos-sobre-politicas-culturales-de-base-comunitaria\/"]}]},{"@type":"ImageObject","inLanguage":"es","@id":"https:\/\/iberculturaviva.org\/es\/convocatoria-para-la-seleccion-de-textos-sobre-politicas-culturales-de-base-comunitaria\/#primaryimage","url":"https:\/\/iberculturaviva.org\/wp-content\/uploads\/2016\/09\/MinC_SCDC_IberCultura-Viva_Edital_ARTIGOS_espanhol-960x960.png","contentUrl":"https:\/\/iberculturaviva.org\/wp-content\/uploads\/2016\/09\/MinC_SCDC_IberCultura-Viva_Edital_ARTIGOS_espanhol-960x960.png"},{"@type":"BreadcrumbList","@id":"https:\/\/iberculturaviva.org\/es\/convocatoria-para-la-seleccion-de-textos-sobre-politicas-culturales-de-base-comunitaria\/#breadcrumb","itemListElement":[{"@type":"ListItem","position":1,"name":"In\u00edcio","item":"https:\/\/iberculturaviva.org\/es\/inicio\/"},{"@type":"ListItem","position":2,"name":"Convocatoria para la selecci\u00f3n de textos sobre pol\u00edticas culturales de base comunitaria"}]},{"@type":"WebSite","@id":"https:\/\/iberculturaviva.org\/es\/?lang=es\/#website","url":"https:\/\/iberculturaviva.org\/es\/?lang=es\/","name":"IberCultura Viva","description":"Programa de cooperaci\u00f3n cultural","publisher":{"@id":"https:\/\/iberculturaviva.org\/es\/?lang=es\/#organization"},"potentialAction":[{"@type":"SearchAction","target":{"@type":"EntryPoint","urlTemplate":"https:\/\/iberculturaviva.org\/es\/?lang=es\/?s={search_term_string}"},"query-input":{"@type":"PropertyValueSpecification","valueRequired":true,"valueName":"search_term_string"}}],"inLanguage":"es"},{"@type":"Organization","@id":"https:\/\/iberculturaviva.org\/es\/?lang=es\/#organization","name":"Iberculturaviva","url":"https:\/\/iberculturaviva.org\/es\/?lang=es\/","logo":{"@type":"ImageObject","inLanguage":"es","@id":"https:\/\/iberculturaviva.org\/es\/?lang=es\/#\/schema\/logo\/image\/","url":"https:\/\/iberculturaviva.org\/wp-content\/uploads\/2021\/08\/logo_ibercultura_viva.jpg","contentUrl":"https:\/\/iberculturaviva.org\/wp-content\/uploads\/2021\/08\/logo_ibercultura_viva.jpg","width":708,"height":223,"caption":"Iberculturaviva"},"image":{"@id":"https:\/\/iberculturaviva.org\/es\/?lang=es\/#\/schema\/logo\/image\/"},"sameAs":["https:\/\/www.facebook.com\/iberculturaviva\/","https:\/\/www.instagram.com\/iberculturaviva\/","https:\/\/www.youtube.com\/iberculturaviva"]},{"@type":"Person","@id":"https:\/\/iberculturaviva.org\/es\/?lang=es\/#\/schema\/person\/5d1313b072cc25536e0431522f740b59","name":"IberCultura","image":{"@type":"ImageObject","inLanguage":"es","@id":"https:\/\/iberculturaviva.org\/es\/?lang=es\/#\/schema\/person\/image\/","url":"https:\/\/secure.gravatar.com\/avatar\/79f1a057cb125cbefb3765d0356d52fc7f3bba3a35e2cf22bc4de090bb7aef70?s=96&d=mm&r=g","contentUrl":"https:\/\/secure.gravatar.com\/avatar\/79f1a057cb125cbefb3765d0356d52fc7f3bba3a35e2cf22bc4de090bb7aef70?s=96&d=mm&r=g","caption":"IberCultura"}}]}},"main_category":{"link":"https:\/\/iberculturaviva.org\/es\/category\/convocatorias\/","name":"Convocatorias","slug":"convocatorias"},"_links":{"self":[{"href":"https:\/\/iberculturaviva.org\/es\/wp-json\/wp\/v2\/posts\/16103","targetHints":{"allow":["GET"]}}],"collection":[{"href":"https:\/\/iberculturaviva.org\/es\/wp-json\/wp\/v2\/posts"}],"about":[{"href":"https:\/\/iberculturaviva.org\/es\/wp-json\/wp\/v2\/types\/post"}],"author":[{"embeddable":true,"href":"https:\/\/iberculturaviva.org\/es\/wp-json\/wp\/v2\/users\/2"}],"replies":[{"embeddable":true,"href":"https:\/\/iberculturaviva.org\/es\/wp-json\/wp\/v2\/comments?post=16103"}],"version-history":[{"count":1,"href":"https:\/\/iberculturaviva.org\/es\/wp-json\/wp\/v2\/posts\/16103\/revisions"}],"predecessor-version":[{"id":22815,"href":"https:\/\/iberculturaviva.org\/es\/wp-json\/wp\/v2\/posts\/16103\/revisions\/22815"}],"wp:attachment":[{"href":"https:\/\/iberculturaviva.org\/es\/wp-json\/wp\/v2\/media?parent=16103"}],"wp:term":[{"taxonomy":"category","embeddable":true,"href":"https:\/\/iberculturaviva.org\/es\/wp-json\/wp\/v2\/categories?post=16103"},{"taxonomy":"post_tag","embeddable":true,"href":"https:\/\/iberculturaviva.org\/es\/wp-json\/wp\/v2\/tags?post=16103"},{"taxonomy":"country-municipality","embeddable":true,"href":"https:\/\/iberculturaviva.org\/es\/wp-json\/wp\/v2\/country-municipality?post=16103"}],"curies":[{"name":"wp","href":"https:\/\/api.w.org\/{rel}","templated":true}]}}