{"id":16027,"date":"2016-03-01T16:53:56","date_gmt":"2016-03-01T19:53:56","guid":{"rendered":"https:\/\/iberculturaviva.org\/el-teatro-trono-visitara-organizaciones-argentinas-con-la-caravana-cuerpos-sin-fronteras\/"},"modified":"2021-01-12T14:11:38","modified_gmt":"2021-01-12T17:11:38","slug":"el-teatro-trono-visitara-organizaciones-argentinas-con-la-caravana-cuerpos-sin-fronteras","status":"publish","type":"post","link":"https:\/\/iberculturaviva.org\/es\/el-teatro-trono-visitara-organizaciones-argentinas-con-la-caravana-cuerpos-sin-fronteras\/","title":{"rendered":"El Teatro Trono visitar\u00e1 organizaciones argentinas con la Caravana Cuerpos sin Fronteras"},"content":{"rendered":"<div id=\"attachment_2818\" style=\"width: 310px\" class=\"wp-caption alignright\"><a href=\"https:\/\/iberculturaviva.org\/wp-content\/uploads\/2016\/01\/caravana-norio10.jpg\" rel=\"attachment wp-att-2818\"><img loading=\"lazy\" decoding=\"async\" aria-describedby=\"caption-attachment-2818\" class=\"wp-image-2818\" src=\"https:\/\/iberculturaviva.org\/wp-content\/uploads\/2016\/01\/caravana-norio10-960x643.jpg\" alt=\"caravana-norio10\" width=\"300\" height=\"201\" \/><\/a><p id=\"caption-attachment-2818\" class=\"wp-caption-text\">La Caravana por la Vida lleg\u00f3 a R\u00edo en junio de 2012<\/p><\/div>\n<p style=\"text-align: justify;\">La Caravana por la Vida \u2013 De Copacabana a Copacabana, la aventura que acab\u00f3 transform\u00e1ndose en una especie de patrimonio del movimiento de Cultura Viva Comunitaria, sali\u00f3 de Copacabana, Bolivia, el 26 de mayo de 2012 y lleg\u00f3 a Copacabana, Brasil, el 18 de junio. Desde entonces el camino iniciado por los actores del Teatro Trono-Compa es seguido por muchas organizaciones de cultura de base comunitaria. En 2015, por ejemplo, la Cooperativa La Comunitaria de Argentina visit\u00f3 el Teatro Trono en El Alto, Bolivia. Ahora los bolivianos hacen el camino de vuelta recorriendo organizaciones de la Red Nacional de Teatro Comunitario de Argentina.<\/p>\n<p style=\"text-align: justify;\">A lo largo de un mes, entre el 23 de marzo y el 23 de abril, la Caravana Cuerpos sin Fronteras pasar\u00e1 por ocho provincias argentinas. Quince integrantes del Teatro Trono presentar\u00e1n en el trayecto la obra \u201cArriba El Alto\u201d. Tambi\u00e9n est\u00e1 previsto el taller \u201cLa descolonizaci\u00f3n del cuerpo\u201d, a cargo de Iv\u00e1n Nogales.<\/p>\n<p>Compruebe las paradas de la caravana:<\/p>\n<p><span style=\"text-decoration: underline;\">Parada 1<\/span>: Mi\u00e9rcoles 23 de marzo, jueves 24, viernes 25<\/p>\n<p>Catamarca. Recibe: Grupos culturales de Catamarca y Guardapalabras de la Estaci\u00f3n.<\/p>\n<p><span style=\"text-decoration: underline;\">Parada 2<\/span>: S\u00e1bado 26, domingo 27, lunes 28, martes 29 de marzo<\/p>\n<p>Mendoza. Recibe: Grupo Chacras para Todos.<\/p>\n<p><span style=\"text-decoration: underline;\">Parada 3<\/span>: Mi\u00e9rcoles 30 de marzo<\/p>\n<p>Santa Rosa (La Pampa). Recibe: Cooperativa La Comunitaria (Santa Rosa)<\/p>\n<p>Jueves 31 de marzo, General Pico (La Pampa). Recibe: La Comunitaria (General Pico)<\/p>\n<p><span style=\"text-decoration: underline;\">Parada 4<\/span>: Viernes 1 de abril, S\u00e1bado 2 de abril, domingo 3 de abril, lunes 4, hasta martes 5 a la tarde.<\/p>\n<p>Rivadavia. Recibe: Cooperativa La Comunitaria (Rivadavia)<\/p>\n<p><span style=\"text-decoration: underline;\">Parada 5<\/span>: Mi\u00e9rcoles 6, jueves 7, viernes 8, s\u00e1bado 9, domingo 10<\/p>\n<p>9 de Julio. Recibe: Cruzav\u00edas (9 de julio)<\/p>\n<p><span style=\"text-decoration: underline;\">Parada 6<\/span>: Lunes 11, martes 12, mi\u00e9rcoles 13<\/p>\n<p>Moreno: Culebr\u00f3n Timbal, La rotonda, Crear Vale la pena<\/p>\n<p><span style=\"text-decoration: underline;\">Parada 7<\/span>: Jueves 14, viernes 15, s\u00e1bado 16, domingo 17<\/p>\n<p>Capital Federal: Catalinas Sur, Barracas, grupos de capital que quieran recibir y compartir<\/p>\n<p><span style=\"text-decoration: underline;\">Parada 8<\/span>: Lunes 18, martes 19<\/p>\n<p>C\u00f3rdoba. Recibe: Grupo Orilleros de la Ca\u00f1ada.<\/p>\n<p><span style=\"text-decoration: underline;\">Parada 9<\/span>: Mi\u00e9rcoles 20, jueves 21<\/p>\n<p>Salta. Recibe: Grupo Alas. Pre-Encuentro Nacional de Teatro Comunitario.<\/p>\n<p><span style=\"text-decoration: underline;\">Parada 10:<\/span><\/p>\n<p>Jujuy. Recibe Silvia Bucari.<\/p>\n<p>S\u00e1bado 23 regreso desde Jujuy a Bolivia por Tarija.<\/p>\n<p>&nbsp;<\/p>\n<p><b>Sepa m\u00e1s: <\/b><\/p>\n<p><a href=\"https:\/\/culturavivacomunitaria.org\/cv\/2016\/02\/caravana-de-cultura-viva-cuerpos-sin-fronteras-lo-que-transita-migra-rompe-atraviesa-fronteras-no-son-solo-cuerpos-son-cuerpos-tatuados-de-memoria-cultura-teatro-trono-c\/\">Caravana Cuerpos sin Fronteras, por Marlen Argueta (Plataforma Puente)<\/a><\/p>\n<p><a href=\"https:\/\/culturavivacomunitaria.org\/cv\/2016\/02\/somos-caravanas\/\">\u201cSomos caravanas\u201d, por Iv\u00e1n Nogales (Plataforma Puente)<\/a><\/p>\n<p><a href=\"https:\/\/iberculturaviva.org\/es\/caravana-por-la-vida-de-copacabana-a-copacabana-la-aventura-que-hizo-historia\/?lang=es\">Caravana Por la Vida &#8211; de Copacabana a Copacabana: la aventura que hizo historia<\/a><\/p>\n","protected":false},"excerpt":{"rendered":"<p>La Caravana por la Vida \u2013 De Copacabana a Copacabana, la aventura que acab\u00f3 transform\u00e1ndose en una especie de patrimonio del movimiento de Cultura Viva Comunitaria, sali\u00f3 de Copacabana, Bolivia, [&hellip;]<\/p>\n","protected":false},"author":2,"featured_media":0,"comment_status":"closed","ping_status":"closed","sticky":false,"template":"","format":"standard","meta":{"_coblocks_attr":"","_coblocks_dimensions":"","_coblocks_responsive_height":"","_coblocks_accordion_ie_support":"","_EventAllDay":false,"_EventTimezone":"","_EventStartDate":"","_EventEndDate":"","_EventStartDateUTC":"","_EventEndDateUTC":"","_EventShowMap":false,"_EventShowMapLink":false,"_EventURL":"","_EventCost":"","_EventCostDescription":"","_EventCurrencySymbol":"","_EventCurrencyCode":"","_EventCurrencyPosition":"","_EventDateTimeSeparator":"","_EventTimeRangeSeparator":"","_EventOrganizerID":[],"_EventVenueID":[],"_OrganizerEmail":"","_OrganizerPhone":"","_OrganizerWebsite":"","_VenueAddress":"","_VenueCity":"","_VenueCountry":"","_VenueProvince":"","_VenueState":"","_VenueZip":"","_VenuePhone":"","_VenueURL":"","_VenueStateProvince":"","_VenueLat":"","_VenueLng":"","_VenueShowMap":false,"_VenueShowMapLink":false,"footnotes":""},"categories":[262],"tags":[],"country-municipality":[],"class_list":["post-16027","post","type-post","status-publish","format-standard","hentry","category-noticias-es"],"yoast_head":"<!-- This site is optimized with the Yoast SEO plugin v25.7 - https:\/\/yoast.com\/wordpress\/plugins\/seo\/ -->\n<title>El Teatro Trono visitar\u00e1 organizaciones argentinas con la Caravana Cuerpos sin Fronteras - IberCultura Viva<\/title>\n<meta name=\"description\" content=\"El Teatro Trono visitar\u00e1 organizaciones argentinas con la Caravana Cuerpos sin Fronteras - IberCultura Viva\" \/>\n<meta name=\"robots\" content=\"index, follow, max-snippet:-1, max-image-preview:large, max-video-preview:-1\" \/>\n<link rel=\"canonical\" href=\"https:\/\/iberculturaviva.org\/es\/el-teatro-trono-visitara-organizaciones-argentinas-con-la-caravana-cuerpos-sin-fronteras\/\" \/>\n<meta property=\"og:locale\" content=\"es_ES\" \/>\n<meta property=\"og:type\" content=\"article\" \/>\n<meta property=\"og:title\" content=\"El Teatro Trono visitar\u00e1 organizaciones argentinas con la Caravana Cuerpos sin Fronteras - IberCultura Viva\" \/>\n<meta property=\"og:description\" content=\"El Teatro Trono visitar\u00e1 organizaciones argentinas con la Caravana Cuerpos sin Fronteras - IberCultura Viva\" \/>\n<meta property=\"og:url\" content=\"https:\/\/iberculturaviva.org\/es\/el-teatro-trono-visitara-organizaciones-argentinas-con-la-caravana-cuerpos-sin-fronteras\/\" \/>\n<meta property=\"og:site_name\" content=\"IberCultura Viva\" \/>\n<meta property=\"article:publisher\" content=\"https:\/\/www.facebook.com\/iberculturaviva\/\" \/>\n<meta property=\"article:published_time\" content=\"2016-03-01T19:53:56+00:00\" \/>\n<meta property=\"article:modified_time\" content=\"2021-01-12T17:11:38+00:00\" \/>\n<meta property=\"og:image\" content=\"https:\/\/iberculturaviva.org\/wp-content\/uploads\/2016\/01\/caravana-norio10-960x643.jpg\" \/>\n<meta name=\"author\" content=\"IberCultura\" \/>\n<meta name=\"twitter:card\" content=\"summary_large_image\" \/>\n<meta name=\"twitter:label1\" content=\"Escrito por\" \/>\n\t<meta name=\"twitter:data1\" content=\"IberCultura\" \/>\n\t<meta name=\"twitter:label2\" content=\"Tiempo de lectura\" \/>\n\t<meta name=\"twitter:data2\" content=\"2 minutos\" \/>\n<script type=\"application\/ld+json\" class=\"yoast-schema-graph\">{\"@context\":\"https:\/\/schema.org\",\"@graph\":[{\"@type\":\"Article\",\"@id\":\"https:\/\/iberculturaviva.org\/es\/el-teatro-trono-visitara-organizaciones-argentinas-con-la-caravana-cuerpos-sin-fronteras\/#article\",\"isPartOf\":{\"@id\":\"https:\/\/iberculturaviva.org\/es\/el-teatro-trono-visitara-organizaciones-argentinas-con-la-caravana-cuerpos-sin-fronteras\/\"},\"author\":{\"name\":\"IberCultura\",\"@id\":\"https:\/\/iberculturaviva.org\/es\/?lang=es\/#\/schema\/person\/5d1313b072cc25536e0431522f740b59\"},\"headline\":\"El Teatro Trono visitar\u00e1 organizaciones argentinas con la Caravana Cuerpos sin Fronteras\",\"datePublished\":\"2016-03-01T19:53:56+00:00\",\"dateModified\":\"2021-01-12T17:11:38+00:00\",\"mainEntityOfPage\":{\"@id\":\"https:\/\/iberculturaviva.org\/es\/el-teatro-trono-visitara-organizaciones-argentinas-con-la-caravana-cuerpos-sin-fronteras\/\"},\"wordCount\":398,\"publisher\":{\"@id\":\"https:\/\/iberculturaviva.org\/es\/?lang=es\/#organization\"},\"image\":{\"@id\":\"https:\/\/iberculturaviva.org\/es\/el-teatro-trono-visitara-organizaciones-argentinas-con-la-caravana-cuerpos-sin-fronteras\/#primaryimage\"},\"thumbnailUrl\":\"https:\/\/iberculturaviva.org\/wp-content\/uploads\/2016\/01\/caravana-norio10-960x643.jpg\",\"articleSection\":[\"Noticias\"],\"inLanguage\":\"es\"},{\"@type\":\"WebPage\",\"@id\":\"https:\/\/iberculturaviva.org\/es\/el-teatro-trono-visitara-organizaciones-argentinas-con-la-caravana-cuerpos-sin-fronteras\/\",\"url\":\"https:\/\/iberculturaviva.org\/es\/el-teatro-trono-visitara-organizaciones-argentinas-con-la-caravana-cuerpos-sin-fronteras\/\",\"name\":\"El Teatro Trono visitar\u00e1 organizaciones argentinas con la Caravana Cuerpos sin Fronteras - IberCultura Viva\",\"isPartOf\":{\"@id\":\"https:\/\/iberculturaviva.org\/es\/?lang=es\/#website\"},\"primaryImageOfPage\":{\"@id\":\"https:\/\/iberculturaviva.org\/es\/el-teatro-trono-visitara-organizaciones-argentinas-con-la-caravana-cuerpos-sin-fronteras\/#primaryimage\"},\"image\":{\"@id\":\"https:\/\/iberculturaviva.org\/es\/el-teatro-trono-visitara-organizaciones-argentinas-con-la-caravana-cuerpos-sin-fronteras\/#primaryimage\"},\"thumbnailUrl\":\"https:\/\/iberculturaviva.org\/wp-content\/uploads\/2016\/01\/caravana-norio10-960x643.jpg\",\"datePublished\":\"2016-03-01T19:53:56+00:00\",\"dateModified\":\"2021-01-12T17:11:38+00:00\",\"description\":\"El Teatro Trono visitar\u00e1 organizaciones argentinas con la Caravana Cuerpos sin Fronteras - IberCultura Viva\",\"breadcrumb\":{\"@id\":\"https:\/\/iberculturaviva.org\/es\/el-teatro-trono-visitara-organizaciones-argentinas-con-la-caravana-cuerpos-sin-fronteras\/#breadcrumb\"},\"inLanguage\":\"es\",\"potentialAction\":[{\"@type\":\"ReadAction\",\"target\":[\"https:\/\/iberculturaviva.org\/es\/el-teatro-trono-visitara-organizaciones-argentinas-con-la-caravana-cuerpos-sin-fronteras\/\"]}]},{\"@type\":\"ImageObject\",\"inLanguage\":\"es\",\"@id\":\"https:\/\/iberculturaviva.org\/es\/el-teatro-trono-visitara-organizaciones-argentinas-con-la-caravana-cuerpos-sin-fronteras\/#primaryimage\",\"url\":\"https:\/\/iberculturaviva.org\/wp-content\/uploads\/2016\/01\/caravana-norio10-960x643.jpg\",\"contentUrl\":\"https:\/\/iberculturaviva.org\/wp-content\/uploads\/2016\/01\/caravana-norio10-960x643.jpg\"},{\"@type\":\"BreadcrumbList\",\"@id\":\"https:\/\/iberculturaviva.org\/es\/el-teatro-trono-visitara-organizaciones-argentinas-con-la-caravana-cuerpos-sin-fronteras\/#breadcrumb\",\"itemListElement\":[{\"@type\":\"ListItem\",\"position\":1,\"name\":\"In\u00edcio\",\"item\":\"https:\/\/iberculturaviva.org\/es\/inicio\/\"},{\"@type\":\"ListItem\",\"position\":2,\"name\":\"El Teatro Trono visitar\u00e1 organizaciones argentinas con la Caravana Cuerpos sin Fronteras\"}]},{\"@type\":\"WebSite\",\"@id\":\"https:\/\/iberculturaviva.org\/es\/?lang=es\/#website\",\"url\":\"https:\/\/iberculturaviva.org\/es\/?lang=es\/\",\"name\":\"IberCultura Viva\",\"description\":\"Programa de cooperaci\u00f3n cultural\",\"publisher\":{\"@id\":\"https:\/\/iberculturaviva.org\/es\/?lang=es\/#organization\"},\"potentialAction\":[{\"@type\":\"SearchAction\",\"target\":{\"@type\":\"EntryPoint\",\"urlTemplate\":\"https:\/\/iberculturaviva.org\/es\/?lang=es\/?s={search_term_string}\"},\"query-input\":{\"@type\":\"PropertyValueSpecification\",\"valueRequired\":true,\"valueName\":\"search_term_string\"}}],\"inLanguage\":\"es\"},{\"@type\":\"Organization\",\"@id\":\"https:\/\/iberculturaviva.org\/es\/?lang=es\/#organization\",\"name\":\"Iberculturaviva\",\"url\":\"https:\/\/iberculturaviva.org\/es\/?lang=es\/\",\"logo\":{\"@type\":\"ImageObject\",\"inLanguage\":\"es\",\"@id\":\"https:\/\/iberculturaviva.org\/es\/?lang=es\/#\/schema\/logo\/image\/\",\"url\":\"https:\/\/iberculturaviva.org\/wp-content\/uploads\/2021\/08\/logo_ibercultura_viva.jpg\",\"contentUrl\":\"https:\/\/iberculturaviva.org\/wp-content\/uploads\/2021\/08\/logo_ibercultura_viva.jpg\",\"width\":708,\"height\":223,\"caption\":\"Iberculturaviva\"},\"image\":{\"@id\":\"https:\/\/iberculturaviva.org\/es\/?lang=es\/#\/schema\/logo\/image\/\"},\"sameAs\":[\"https:\/\/www.facebook.com\/iberculturaviva\/\",\"https:\/\/www.instagram.com\/iberculturaviva\/\",\"https:\/\/www.youtube.com\/iberculturaviva\"]},{\"@type\":\"Person\",\"@id\":\"https:\/\/iberculturaviva.org\/es\/?lang=es\/#\/schema\/person\/5d1313b072cc25536e0431522f740b59\",\"name\":\"IberCultura\",\"image\":{\"@type\":\"ImageObject\",\"inLanguage\":\"es\",\"@id\":\"https:\/\/iberculturaviva.org\/es\/?lang=es\/#\/schema\/person\/image\/\",\"url\":\"https:\/\/secure.gravatar.com\/avatar\/79f1a057cb125cbefb3765d0356d52fc7f3bba3a35e2cf22bc4de090bb7aef70?s=96&d=mm&r=g\",\"contentUrl\":\"https:\/\/secure.gravatar.com\/avatar\/79f1a057cb125cbefb3765d0356d52fc7f3bba3a35e2cf22bc4de090bb7aef70?s=96&d=mm&r=g\",\"caption\":\"IberCultura\"}}]}<\/script>\n<!-- \/ Yoast SEO plugin. -->","yoast_head_json":{"title":"El Teatro Trono visitar\u00e1 organizaciones argentinas con la Caravana Cuerpos sin Fronteras - IberCultura Viva","description":"El Teatro Trono visitar\u00e1 organizaciones argentinas con la Caravana Cuerpos sin Fronteras - IberCultura Viva","robots":{"index":"index","follow":"follow","max-snippet":"max-snippet:-1","max-image-preview":"max-image-preview:large","max-video-preview":"max-video-preview:-1"},"canonical":"https:\/\/iberculturaviva.org\/es\/el-teatro-trono-visitara-organizaciones-argentinas-con-la-caravana-cuerpos-sin-fronteras\/","og_locale":"es_ES","og_type":"article","og_title":"El Teatro Trono visitar\u00e1 organizaciones argentinas con la Caravana Cuerpos sin Fronteras - IberCultura Viva","og_description":"El Teatro Trono visitar\u00e1 organizaciones argentinas con la Caravana Cuerpos sin Fronteras - IberCultura Viva","og_url":"https:\/\/iberculturaviva.org\/es\/el-teatro-trono-visitara-organizaciones-argentinas-con-la-caravana-cuerpos-sin-fronteras\/","og_site_name":"IberCultura Viva","article_publisher":"https:\/\/www.facebook.com\/iberculturaviva\/","article_published_time":"2016-03-01T19:53:56+00:00","article_modified_time":"2021-01-12T17:11:38+00:00","og_image":[{"url":"https:\/\/iberculturaviva.org\/wp-content\/uploads\/2016\/01\/caravana-norio10-960x643.jpg","type":"","width":"","height":""}],"author":"IberCultura","twitter_card":"summary_large_image","twitter_misc":{"Escrito por":"IberCultura","Tiempo de lectura":"2 minutos"},"schema":{"@context":"https:\/\/schema.org","@graph":[{"@type":"Article","@id":"https:\/\/iberculturaviva.org\/es\/el-teatro-trono-visitara-organizaciones-argentinas-con-la-caravana-cuerpos-sin-fronteras\/#article","isPartOf":{"@id":"https:\/\/iberculturaviva.org\/es\/el-teatro-trono-visitara-organizaciones-argentinas-con-la-caravana-cuerpos-sin-fronteras\/"},"author":{"name":"IberCultura","@id":"https:\/\/iberculturaviva.org\/es\/?lang=es\/#\/schema\/person\/5d1313b072cc25536e0431522f740b59"},"headline":"El Teatro Trono visitar\u00e1 organizaciones argentinas con la Caravana Cuerpos sin Fronteras","datePublished":"2016-03-01T19:53:56+00:00","dateModified":"2021-01-12T17:11:38+00:00","mainEntityOfPage":{"@id":"https:\/\/iberculturaviva.org\/es\/el-teatro-trono-visitara-organizaciones-argentinas-con-la-caravana-cuerpos-sin-fronteras\/"},"wordCount":398,"publisher":{"@id":"https:\/\/iberculturaviva.org\/es\/?lang=es\/#organization"},"image":{"@id":"https:\/\/iberculturaviva.org\/es\/el-teatro-trono-visitara-organizaciones-argentinas-con-la-caravana-cuerpos-sin-fronteras\/#primaryimage"},"thumbnailUrl":"https:\/\/iberculturaviva.org\/wp-content\/uploads\/2016\/01\/caravana-norio10-960x643.jpg","articleSection":["Noticias"],"inLanguage":"es"},{"@type":"WebPage","@id":"https:\/\/iberculturaviva.org\/es\/el-teatro-trono-visitara-organizaciones-argentinas-con-la-caravana-cuerpos-sin-fronteras\/","url":"https:\/\/iberculturaviva.org\/es\/el-teatro-trono-visitara-organizaciones-argentinas-con-la-caravana-cuerpos-sin-fronteras\/","name":"El Teatro Trono visitar\u00e1 organizaciones argentinas con la Caravana Cuerpos sin Fronteras - IberCultura Viva","isPartOf":{"@id":"https:\/\/iberculturaviva.org\/es\/?lang=es\/#website"},"primaryImageOfPage":{"@id":"https:\/\/iberculturaviva.org\/es\/el-teatro-trono-visitara-organizaciones-argentinas-con-la-caravana-cuerpos-sin-fronteras\/#primaryimage"},"image":{"@id":"https:\/\/iberculturaviva.org\/es\/el-teatro-trono-visitara-organizaciones-argentinas-con-la-caravana-cuerpos-sin-fronteras\/#primaryimage"},"thumbnailUrl":"https:\/\/iberculturaviva.org\/wp-content\/uploads\/2016\/01\/caravana-norio10-960x643.jpg","datePublished":"2016-03-01T19:53:56+00:00","dateModified":"2021-01-12T17:11:38+00:00","description":"El Teatro Trono visitar\u00e1 organizaciones argentinas con la Caravana Cuerpos sin Fronteras - IberCultura Viva","breadcrumb":{"@id":"https:\/\/iberculturaviva.org\/es\/el-teatro-trono-visitara-organizaciones-argentinas-con-la-caravana-cuerpos-sin-fronteras\/#breadcrumb"},"inLanguage":"es","potentialAction":[{"@type":"ReadAction","target":["https:\/\/iberculturaviva.org\/es\/el-teatro-trono-visitara-organizaciones-argentinas-con-la-caravana-cuerpos-sin-fronteras\/"]}]},{"@type":"ImageObject","inLanguage":"es","@id":"https:\/\/iberculturaviva.org\/es\/el-teatro-trono-visitara-organizaciones-argentinas-con-la-caravana-cuerpos-sin-fronteras\/#primaryimage","url":"https:\/\/iberculturaviva.org\/wp-content\/uploads\/2016\/01\/caravana-norio10-960x643.jpg","contentUrl":"https:\/\/iberculturaviva.org\/wp-content\/uploads\/2016\/01\/caravana-norio10-960x643.jpg"},{"@type":"BreadcrumbList","@id":"https:\/\/iberculturaviva.org\/es\/el-teatro-trono-visitara-organizaciones-argentinas-con-la-caravana-cuerpos-sin-fronteras\/#breadcrumb","itemListElement":[{"@type":"ListItem","position":1,"name":"In\u00edcio","item":"https:\/\/iberculturaviva.org\/es\/inicio\/"},{"@type":"ListItem","position":2,"name":"El Teatro Trono visitar\u00e1 organizaciones argentinas con la Caravana Cuerpos sin Fronteras"}]},{"@type":"WebSite","@id":"https:\/\/iberculturaviva.org\/es\/?lang=es\/#website","url":"https:\/\/iberculturaviva.org\/es\/?lang=es\/","name":"IberCultura Viva","description":"Programa de cooperaci\u00f3n cultural","publisher":{"@id":"https:\/\/iberculturaviva.org\/es\/?lang=es\/#organization"},"potentialAction":[{"@type":"SearchAction","target":{"@type":"EntryPoint","urlTemplate":"https:\/\/iberculturaviva.org\/es\/?lang=es\/?s={search_term_string}"},"query-input":{"@type":"PropertyValueSpecification","valueRequired":true,"valueName":"search_term_string"}}],"inLanguage":"es"},{"@type":"Organization","@id":"https:\/\/iberculturaviva.org\/es\/?lang=es\/#organization","name":"Iberculturaviva","url":"https:\/\/iberculturaviva.org\/es\/?lang=es\/","logo":{"@type":"ImageObject","inLanguage":"es","@id":"https:\/\/iberculturaviva.org\/es\/?lang=es\/#\/schema\/logo\/image\/","url":"https:\/\/iberculturaviva.org\/wp-content\/uploads\/2021\/08\/logo_ibercultura_viva.jpg","contentUrl":"https:\/\/iberculturaviva.org\/wp-content\/uploads\/2021\/08\/logo_ibercultura_viva.jpg","width":708,"height":223,"caption":"Iberculturaviva"},"image":{"@id":"https:\/\/iberculturaviva.org\/es\/?lang=es\/#\/schema\/logo\/image\/"},"sameAs":["https:\/\/www.facebook.com\/iberculturaviva\/","https:\/\/www.instagram.com\/iberculturaviva\/","https:\/\/www.youtube.com\/iberculturaviva"]},{"@type":"Person","@id":"https:\/\/iberculturaviva.org\/es\/?lang=es\/#\/schema\/person\/5d1313b072cc25536e0431522f740b59","name":"IberCultura","image":{"@type":"ImageObject","inLanguage":"es","@id":"https:\/\/iberculturaviva.org\/es\/?lang=es\/#\/schema\/person\/image\/","url":"https:\/\/secure.gravatar.com\/avatar\/79f1a057cb125cbefb3765d0356d52fc7f3bba3a35e2cf22bc4de090bb7aef70?s=96&d=mm&r=g","contentUrl":"https:\/\/secure.gravatar.com\/avatar\/79f1a057cb125cbefb3765d0356d52fc7f3bba3a35e2cf22bc4de090bb7aef70?s=96&d=mm&r=g","caption":"IberCultura"}}]}},"main_category":{"link":"https:\/\/iberculturaviva.org\/es\/category\/noticias-es\/","name":"Noticias","slug":"noticias-es"},"_links":{"self":[{"href":"https:\/\/iberculturaviva.org\/es\/wp-json\/wp\/v2\/posts\/16027","targetHints":{"allow":["GET"]}}],"collection":[{"href":"https:\/\/iberculturaviva.org\/es\/wp-json\/wp\/v2\/posts"}],"about":[{"href":"https:\/\/iberculturaviva.org\/es\/wp-json\/wp\/v2\/types\/post"}],"author":[{"embeddable":true,"href":"https:\/\/iberculturaviva.org\/es\/wp-json\/wp\/v2\/users\/2"}],"replies":[{"embeddable":true,"href":"https:\/\/iberculturaviva.org\/es\/wp-json\/wp\/v2\/comments?post=16027"}],"version-history":[{"count":1,"href":"https:\/\/iberculturaviva.org\/es\/wp-json\/wp\/v2\/posts\/16027\/revisions"}],"predecessor-version":[{"id":22853,"href":"https:\/\/iberculturaviva.org\/es\/wp-json\/wp\/v2\/posts\/16027\/revisions\/22853"}],"wp:attachment":[{"href":"https:\/\/iberculturaviva.org\/es\/wp-json\/wp\/v2\/media?parent=16027"}],"wp:term":[{"taxonomy":"category","embeddable":true,"href":"https:\/\/iberculturaviva.org\/es\/wp-json\/wp\/v2\/categories?post=16027"},{"taxonomy":"post_tag","embeddable":true,"href":"https:\/\/iberculturaviva.org\/es\/wp-json\/wp\/v2\/tags?post=16027"},{"taxonomy":"country-municipality","embeddable":true,"href":"https:\/\/iberculturaviva.org\/es\/wp-json\/wp\/v2\/country-municipality?post=16027"}],"curies":[{"name":"wp","href":"https:\/\/api.w.org\/{rel}","templated":true}]}}