{"id":16007,"date":"2016-01-04T19:40:18","date_gmt":"2016-01-04T21:40:18","guid":{"rendered":"https:\/\/iberculturaviva.org\/mas-de-70-personas-participaron-del-encuentro-regional-de-puntos-de-cultura-de-lima-y-callao\/"},"modified":"2021-01-12T14:13:07","modified_gmt":"2021-01-12T17:13:07","slug":"mas-de-70-personas-participaron-del-encuentro-regional-de-puntos-de-cultura-de-lima-y-callao","status":"publish","type":"post","link":"https:\/\/iberculturaviva.org\/es\/mas-de-70-personas-participaron-del-encuentro-regional-de-puntos-de-cultura-de-lima-y-callao\/","title":{"rendered":"M\u00e1s de 70 personas participaron del Encuentro Regional de Puntos de Cultura de Lima y Callao"},"content":{"rendered":"<p style=\"text-align: justify;\"><a href=\"https:\/\/iberculturaviva.org\/wp-content\/uploads\/2016\/01\/puntosdecultura-peru.jpg\" rel=\"attachment wp-att-2625\"><img loading=\"lazy\" decoding=\"async\" class=\"aligncenter wp-image-2625\" src=\"https:\/\/iberculturaviva.org\/wp-content\/uploads\/2016\/01\/puntosdecultura-peru-960x640.jpg\" alt=\"puntosdecultura-peru\" width=\"540\" height=\"360\" \/><\/a><\/p>\n<p style=\"text-align: justify;\">Representantes de Puntos de Cultura de Per\u00fa se reunieron los d\u00edas 18 y 19 de diciembre para definir prioridades de trabajo conjunto durante 2016. Entre las 72 personas que participaron del Encuentro Regional de Puntos de Cultura de Lima y Callao (ER Lima y Callao) se encontraban representantes de organizaciones reconocidas como Puntos de Cultura, organizaciones en proceso de reconocimiento, organizaciones articuladas independientes y funcionarios del Ministerio de Cultura. Actualmente el pa\u00eds tiene 225 Puntos de Cultura reconocidos en 22 regiones.<\/p>\n<p style=\"text-align: justify;\">El encuentro se realiz\u00f3 en la sede central del Ministerio de Cultura, espacio dise\u00f1ado bajo los objetivos de (1) fomentar el reconocimiento y articulaci\u00f3n de los Puntos de Cultura y las Direcciones Desconcentradas de Cultura (DDC) a nivel macro regional, (2) compartir conocimientos y experiencias entre el Estado y la sociedad civil que permitan la descentralizaci\u00f3n del programa y (3) construir una agenda de trabajo macro regional conjunta como base para la incidencia.<\/p>\n<p style=\"text-align: justify;\">Se definieron las siguientes prioridades para el trabajo conjunto entre los Puntos de Cultura y el Ministerio de Cultura:<br \/>\n. Crear espacios de toma de decisi\u00f3n conjunta entre m\u00faltiples actores para generar alianzas que potencien las acciones de los Puntos de Cultura.<br \/>\n. Generar oportunidades para el fortalecimiento de capacidades de los Puntos de Cultura.<br \/>\n. Garantizar la continuidad y permanencia del programa Puntos de Cultura a trav\u00e9s de la aprobaci\u00f3n de la propuesta de Anteproyecto de Ley.<br \/>\n. Visibilizar el trabajo de los Puntos de Cultura ante los dem\u00e1s ministerios, instancias del Estado y ciudadan\u00eda.<br \/>\n. Promover formas de colaboraci\u00f3n y articulaci\u00f3n de los Puntos de Cultura para el beneficio mutuo.<br \/>\n. Promover el desarrollo de pol\u00edticas p\u00fablicas de Cultura Viva Comunitaria a nivel de gobiernos locales y regionales.<\/p>\n<p style=\"text-align: justify;\"><a href=\"https:\/\/iberculturaviva.org\/wp-content\/uploads\/2016\/01\/Acta_ER_LIMAyCALLAO.pdf\" rel=\"\">Lea el acta del encuentro aqu\u00ed<\/a><\/p>\n<p style=\"text-align: justify;\">El ER de Lima y Callao es el \u00faltimo de una propuesta de cinco encuentros como parte de la estrategia de descentralizaci\u00f3n del Programa para el 2014-2015. Antes se desarrollaron los seguintes encuentros macro regionales:<br \/>\n. EMR de la Amazon\u00eda (Moyobamba, noviembre 2014) con representantes de Loreto, San Mart\u00edn, Amazonas y Ucayali. Descarga el acta de acuerdos aqu\u00ed: <a href=\"https:\/\/goo.gl\/OCbO1S\">https:\/\/goo.gl\/OCbO1S<\/a><br \/>\n. EMR del Sur (Cusco, diciembre 2014) con representantes de Arequipa, Moquegua, Tacna, Puno, Madre de Dios y Cusco. Descarga el acta de acuerdos aqu\u00ed: <a href=\"https:\/\/goo.gl\/i9JV4R\">https:\/\/goo.gl\/i9JV4R<\/a><br \/>\n. EMR del Norte (Trujillo, marzo 2015) con representantes de Tumbes, Piura, Lambayeque, La Libertad, Ancash y Cajamarca. Descarga el acta de acuerdos aqu\u00ed: <a href=\"https:\/\/goo.gl\/tF3DJD\">https:\/\/goo.gl\/tF3DJD<\/a><br \/>\n. EMR del Centro (Huancayo, noviembre 2015) con representantes de Hu\u00e1nuco, Pasco, Jun\u00edn, Huancavelica, Ayacucho e Ica. Descarga el acta de acuerdos aqu\u00ed: <a href=\"https:\/\/goo.gl\/tSqPpD\">https:\/\/goo.gl\/tSqPpD<\/a><\/p>\n<p style=\"text-align: justify;\">Sepa m\u00e1s: <a href=\"https:\/\/www.puntosdecultura.pe\">www.puntosdecultura.pe<\/a><\/p>\n","protected":false},"excerpt":{"rendered":"<p>Representantes de Puntos de Cultura de Per\u00fa se reunieron los d\u00edas 18 y 19 de diciembre para definir prioridades de trabajo conjunto durante 2016. Entre las 72 personas que participaron [&hellip;]<\/p>\n","protected":false},"author":2,"featured_media":0,"comment_status":"closed","ping_status":"closed","sticky":false,"template":"","format":"standard","meta":{"_coblocks_attr":"","_coblocks_dimensions":"","_coblocks_responsive_height":"","_coblocks_accordion_ie_support":"","_EventAllDay":false,"_EventTimezone":"","_EventStartDate":"","_EventEndDate":"","_EventStartDateUTC":"","_EventEndDateUTC":"","_EventShowMap":false,"_EventShowMapLink":false,"_EventURL":"","_EventCost":"","_EventCostDescription":"","_EventCurrencySymbol":"","_EventCurrencyCode":"","_EventCurrencyPosition":"","_EventDateTimeSeparator":"","_EventTimeRangeSeparator":"","_EventOrganizerID":[],"_EventVenueID":[],"_OrganizerEmail":"","_OrganizerPhone":"","_OrganizerWebsite":"","_VenueAddress":"","_VenueCity":"","_VenueCountry":"","_VenueProvince":"","_VenueState":"","_VenueZip":"","_VenuePhone":"","_VenueURL":"","_VenueStateProvince":"","_VenueLat":"","_VenueLng":"","_VenueShowMap":false,"_VenueShowMapLink":false,"footnotes":""},"categories":[262],"tags":[],"country-municipality":[],"class_list":["post-16007","post","type-post","status-publish","format-standard","hentry","category-noticias-es"],"yoast_head":"<!-- This site is optimized with the Yoast SEO plugin v25.7 - https:\/\/yoast.com\/wordpress\/plugins\/seo\/ -->\n<title>M\u00e1s de 70 personas participaron del Encuentro Regional de Puntos de Cultura de Lima y Callao - IberCultura Viva<\/title>\n<meta name=\"description\" content=\"M\u00e1s de 70 personas participaron del Encuentro Regional de Puntos de Cultura de Lima y Callao - IberCultura Viva\" \/>\n<meta name=\"robots\" content=\"index, follow, max-snippet:-1, max-image-preview:large, max-video-preview:-1\" \/>\n<link rel=\"canonical\" href=\"https:\/\/iberculturaviva.org\/es\/mas-de-70-personas-participaron-del-encuentro-regional-de-puntos-de-cultura-de-lima-y-callao\/\" \/>\n<meta property=\"og:locale\" content=\"es_ES\" \/>\n<meta property=\"og:type\" content=\"article\" \/>\n<meta property=\"og:title\" content=\"M\u00e1s de 70 personas participaron del Encuentro Regional de Puntos de Cultura de Lima y Callao - IberCultura Viva\" \/>\n<meta property=\"og:description\" content=\"M\u00e1s de 70 personas participaron del Encuentro Regional de Puntos de Cultura de Lima y Callao - IberCultura Viva\" \/>\n<meta property=\"og:url\" content=\"https:\/\/iberculturaviva.org\/es\/mas-de-70-personas-participaron-del-encuentro-regional-de-puntos-de-cultura-de-lima-y-callao\/\" \/>\n<meta property=\"og:site_name\" content=\"IberCultura Viva\" \/>\n<meta property=\"article:publisher\" content=\"https:\/\/www.facebook.com\/iberculturaviva\/\" \/>\n<meta property=\"article:published_time\" content=\"2016-01-04T21:40:18+00:00\" \/>\n<meta property=\"article:modified_time\" content=\"2021-01-12T17:13:07+00:00\" \/>\n<meta property=\"og:image\" content=\"https:\/\/iberculturaviva.org\/wp-content\/uploads\/2016\/01\/puntosdecultura-peru-960x640.jpg\" \/>\n<meta name=\"author\" content=\"IberCultura\" \/>\n<meta name=\"twitter:card\" content=\"summary_large_image\" \/>\n<meta name=\"twitter:label1\" content=\"Escrito por\" \/>\n\t<meta name=\"twitter:data1\" content=\"IberCultura\" \/>\n\t<meta name=\"twitter:label2\" content=\"Tiempo de lectura\" \/>\n\t<meta name=\"twitter:data2\" content=\"2 minutos\" \/>\n<script type=\"application\/ld+json\" class=\"yoast-schema-graph\">{\"@context\":\"https:\/\/schema.org\",\"@graph\":[{\"@type\":\"Article\",\"@id\":\"https:\/\/iberculturaviva.org\/es\/mas-de-70-personas-participaron-del-encuentro-regional-de-puntos-de-cultura-de-lima-y-callao\/#article\",\"isPartOf\":{\"@id\":\"https:\/\/iberculturaviva.org\/es\/mas-de-70-personas-participaron-del-encuentro-regional-de-puntos-de-cultura-de-lima-y-callao\/\"},\"author\":{\"name\":\"IberCultura\",\"@id\":\"https:\/\/iberculturaviva.org\/es\/?lang=es\/#\/schema\/person\/5d1313b072cc25536e0431522f740b59\"},\"headline\":\"M\u00e1s de 70 personas participaron del Encuentro Regional de Puntos de Cultura de Lima y Callao\",\"datePublished\":\"2016-01-04T21:40:18+00:00\",\"dateModified\":\"2021-01-12T17:13:07+00:00\",\"mainEntityOfPage\":{\"@id\":\"https:\/\/iberculturaviva.org\/es\/mas-de-70-personas-participaron-del-encuentro-regional-de-puntos-de-cultura-de-lima-y-callao\/\"},\"wordCount\":459,\"publisher\":{\"@id\":\"https:\/\/iberculturaviva.org\/es\/?lang=es\/#organization\"},\"image\":{\"@id\":\"https:\/\/iberculturaviva.org\/es\/mas-de-70-personas-participaron-del-encuentro-regional-de-puntos-de-cultura-de-lima-y-callao\/#primaryimage\"},\"thumbnailUrl\":\"https:\/\/iberculturaviva.org\/wp-content\/uploads\/2016\/01\/puntosdecultura-peru-960x640.jpg\",\"articleSection\":[\"Noticias\"],\"inLanguage\":\"es\"},{\"@type\":\"WebPage\",\"@id\":\"https:\/\/iberculturaviva.org\/es\/mas-de-70-personas-participaron-del-encuentro-regional-de-puntos-de-cultura-de-lima-y-callao\/\",\"url\":\"https:\/\/iberculturaviva.org\/es\/mas-de-70-personas-participaron-del-encuentro-regional-de-puntos-de-cultura-de-lima-y-callao\/\",\"name\":\"M\u00e1s de 70 personas participaron del Encuentro Regional de Puntos de Cultura de Lima y Callao - IberCultura Viva\",\"isPartOf\":{\"@id\":\"https:\/\/iberculturaviva.org\/es\/?lang=es\/#website\"},\"primaryImageOfPage\":{\"@id\":\"https:\/\/iberculturaviva.org\/es\/mas-de-70-personas-participaron-del-encuentro-regional-de-puntos-de-cultura-de-lima-y-callao\/#primaryimage\"},\"image\":{\"@id\":\"https:\/\/iberculturaviva.org\/es\/mas-de-70-personas-participaron-del-encuentro-regional-de-puntos-de-cultura-de-lima-y-callao\/#primaryimage\"},\"thumbnailUrl\":\"https:\/\/iberculturaviva.org\/wp-content\/uploads\/2016\/01\/puntosdecultura-peru-960x640.jpg\",\"datePublished\":\"2016-01-04T21:40:18+00:00\",\"dateModified\":\"2021-01-12T17:13:07+00:00\",\"description\":\"M\u00e1s de 70 personas participaron del Encuentro Regional de Puntos de Cultura de Lima y Callao - IberCultura Viva\",\"breadcrumb\":{\"@id\":\"https:\/\/iberculturaviva.org\/es\/mas-de-70-personas-participaron-del-encuentro-regional-de-puntos-de-cultura-de-lima-y-callao\/#breadcrumb\"},\"inLanguage\":\"es\",\"potentialAction\":[{\"@type\":\"ReadAction\",\"target\":[\"https:\/\/iberculturaviva.org\/es\/mas-de-70-personas-participaron-del-encuentro-regional-de-puntos-de-cultura-de-lima-y-callao\/\"]}]},{\"@type\":\"ImageObject\",\"inLanguage\":\"es\",\"@id\":\"https:\/\/iberculturaviva.org\/es\/mas-de-70-personas-participaron-del-encuentro-regional-de-puntos-de-cultura-de-lima-y-callao\/#primaryimage\",\"url\":\"https:\/\/iberculturaviva.org\/wp-content\/uploads\/2016\/01\/puntosdecultura-peru-960x640.jpg\",\"contentUrl\":\"https:\/\/iberculturaviva.org\/wp-content\/uploads\/2016\/01\/puntosdecultura-peru-960x640.jpg\"},{\"@type\":\"BreadcrumbList\",\"@id\":\"https:\/\/iberculturaviva.org\/es\/mas-de-70-personas-participaron-del-encuentro-regional-de-puntos-de-cultura-de-lima-y-callao\/#breadcrumb\",\"itemListElement\":[{\"@type\":\"ListItem\",\"position\":1,\"name\":\"In\u00edcio\",\"item\":\"https:\/\/iberculturaviva.org\/es\/inicio\/\"},{\"@type\":\"ListItem\",\"position\":2,\"name\":\"M\u00e1s de 70 personas participaron del Encuentro Regional de Puntos de Cultura de Lima y Callao\"}]},{\"@type\":\"WebSite\",\"@id\":\"https:\/\/iberculturaviva.org\/es\/?lang=es\/#website\",\"url\":\"https:\/\/iberculturaviva.org\/es\/?lang=es\/\",\"name\":\"IberCultura Viva\",\"description\":\"Programa de cooperaci\u00f3n cultural\",\"publisher\":{\"@id\":\"https:\/\/iberculturaviva.org\/es\/?lang=es\/#organization\"},\"potentialAction\":[{\"@type\":\"SearchAction\",\"target\":{\"@type\":\"EntryPoint\",\"urlTemplate\":\"https:\/\/iberculturaviva.org\/es\/?lang=es\/?s={search_term_string}\"},\"query-input\":{\"@type\":\"PropertyValueSpecification\",\"valueRequired\":true,\"valueName\":\"search_term_string\"}}],\"inLanguage\":\"es\"},{\"@type\":\"Organization\",\"@id\":\"https:\/\/iberculturaviva.org\/es\/?lang=es\/#organization\",\"name\":\"Iberculturaviva\",\"url\":\"https:\/\/iberculturaviva.org\/es\/?lang=es\/\",\"logo\":{\"@type\":\"ImageObject\",\"inLanguage\":\"es\",\"@id\":\"https:\/\/iberculturaviva.org\/es\/?lang=es\/#\/schema\/logo\/image\/\",\"url\":\"https:\/\/iberculturaviva.org\/wp-content\/uploads\/2021\/08\/logo_ibercultura_viva.jpg\",\"contentUrl\":\"https:\/\/iberculturaviva.org\/wp-content\/uploads\/2021\/08\/logo_ibercultura_viva.jpg\",\"width\":708,\"height\":223,\"caption\":\"Iberculturaviva\"},\"image\":{\"@id\":\"https:\/\/iberculturaviva.org\/es\/?lang=es\/#\/schema\/logo\/image\/\"},\"sameAs\":[\"https:\/\/www.facebook.com\/iberculturaviva\/\",\"https:\/\/www.instagram.com\/iberculturaviva\/\",\"https:\/\/www.youtube.com\/iberculturaviva\"]},{\"@type\":\"Person\",\"@id\":\"https:\/\/iberculturaviva.org\/es\/?lang=es\/#\/schema\/person\/5d1313b072cc25536e0431522f740b59\",\"name\":\"IberCultura\",\"image\":{\"@type\":\"ImageObject\",\"inLanguage\":\"es\",\"@id\":\"https:\/\/iberculturaviva.org\/es\/?lang=es\/#\/schema\/person\/image\/\",\"url\":\"https:\/\/secure.gravatar.com\/avatar\/79f1a057cb125cbefb3765d0356d52fc7f3bba3a35e2cf22bc4de090bb7aef70?s=96&d=mm&r=g\",\"contentUrl\":\"https:\/\/secure.gravatar.com\/avatar\/79f1a057cb125cbefb3765d0356d52fc7f3bba3a35e2cf22bc4de090bb7aef70?s=96&d=mm&r=g\",\"caption\":\"IberCultura\"}}]}<\/script>\n<!-- \/ Yoast SEO plugin. -->","yoast_head_json":{"title":"M\u00e1s de 70 personas participaron del Encuentro Regional de Puntos de Cultura de Lima y Callao - IberCultura Viva","description":"M\u00e1s de 70 personas participaron del Encuentro Regional de Puntos de Cultura de Lima y Callao - IberCultura Viva","robots":{"index":"index","follow":"follow","max-snippet":"max-snippet:-1","max-image-preview":"max-image-preview:large","max-video-preview":"max-video-preview:-1"},"canonical":"https:\/\/iberculturaviva.org\/es\/mas-de-70-personas-participaron-del-encuentro-regional-de-puntos-de-cultura-de-lima-y-callao\/","og_locale":"es_ES","og_type":"article","og_title":"M\u00e1s de 70 personas participaron del Encuentro Regional de Puntos de Cultura de Lima y Callao - IberCultura Viva","og_description":"M\u00e1s de 70 personas participaron del Encuentro Regional de Puntos de Cultura de Lima y Callao - IberCultura Viva","og_url":"https:\/\/iberculturaviva.org\/es\/mas-de-70-personas-participaron-del-encuentro-regional-de-puntos-de-cultura-de-lima-y-callao\/","og_site_name":"IberCultura Viva","article_publisher":"https:\/\/www.facebook.com\/iberculturaviva\/","article_published_time":"2016-01-04T21:40:18+00:00","article_modified_time":"2021-01-12T17:13:07+00:00","og_image":[{"url":"https:\/\/iberculturaviva.org\/wp-content\/uploads\/2016\/01\/puntosdecultura-peru-960x640.jpg","type":"","width":"","height":""}],"author":"IberCultura","twitter_card":"summary_large_image","twitter_misc":{"Escrito por":"IberCultura","Tiempo de lectura":"2 minutos"},"schema":{"@context":"https:\/\/schema.org","@graph":[{"@type":"Article","@id":"https:\/\/iberculturaviva.org\/es\/mas-de-70-personas-participaron-del-encuentro-regional-de-puntos-de-cultura-de-lima-y-callao\/#article","isPartOf":{"@id":"https:\/\/iberculturaviva.org\/es\/mas-de-70-personas-participaron-del-encuentro-regional-de-puntos-de-cultura-de-lima-y-callao\/"},"author":{"name":"IberCultura","@id":"https:\/\/iberculturaviva.org\/es\/?lang=es\/#\/schema\/person\/5d1313b072cc25536e0431522f740b59"},"headline":"M\u00e1s de 70 personas participaron del Encuentro Regional de Puntos de Cultura de Lima y Callao","datePublished":"2016-01-04T21:40:18+00:00","dateModified":"2021-01-12T17:13:07+00:00","mainEntityOfPage":{"@id":"https:\/\/iberculturaviva.org\/es\/mas-de-70-personas-participaron-del-encuentro-regional-de-puntos-de-cultura-de-lima-y-callao\/"},"wordCount":459,"publisher":{"@id":"https:\/\/iberculturaviva.org\/es\/?lang=es\/#organization"},"image":{"@id":"https:\/\/iberculturaviva.org\/es\/mas-de-70-personas-participaron-del-encuentro-regional-de-puntos-de-cultura-de-lima-y-callao\/#primaryimage"},"thumbnailUrl":"https:\/\/iberculturaviva.org\/wp-content\/uploads\/2016\/01\/puntosdecultura-peru-960x640.jpg","articleSection":["Noticias"],"inLanguage":"es"},{"@type":"WebPage","@id":"https:\/\/iberculturaviva.org\/es\/mas-de-70-personas-participaron-del-encuentro-regional-de-puntos-de-cultura-de-lima-y-callao\/","url":"https:\/\/iberculturaviva.org\/es\/mas-de-70-personas-participaron-del-encuentro-regional-de-puntos-de-cultura-de-lima-y-callao\/","name":"M\u00e1s de 70 personas participaron del Encuentro Regional de Puntos de Cultura de Lima y Callao - IberCultura Viva","isPartOf":{"@id":"https:\/\/iberculturaviva.org\/es\/?lang=es\/#website"},"primaryImageOfPage":{"@id":"https:\/\/iberculturaviva.org\/es\/mas-de-70-personas-participaron-del-encuentro-regional-de-puntos-de-cultura-de-lima-y-callao\/#primaryimage"},"image":{"@id":"https:\/\/iberculturaviva.org\/es\/mas-de-70-personas-participaron-del-encuentro-regional-de-puntos-de-cultura-de-lima-y-callao\/#primaryimage"},"thumbnailUrl":"https:\/\/iberculturaviva.org\/wp-content\/uploads\/2016\/01\/puntosdecultura-peru-960x640.jpg","datePublished":"2016-01-04T21:40:18+00:00","dateModified":"2021-01-12T17:13:07+00:00","description":"M\u00e1s de 70 personas participaron del Encuentro Regional de Puntos de Cultura de Lima y Callao - IberCultura Viva","breadcrumb":{"@id":"https:\/\/iberculturaviva.org\/es\/mas-de-70-personas-participaron-del-encuentro-regional-de-puntos-de-cultura-de-lima-y-callao\/#breadcrumb"},"inLanguage":"es","potentialAction":[{"@type":"ReadAction","target":["https:\/\/iberculturaviva.org\/es\/mas-de-70-personas-participaron-del-encuentro-regional-de-puntos-de-cultura-de-lima-y-callao\/"]}]},{"@type":"ImageObject","inLanguage":"es","@id":"https:\/\/iberculturaviva.org\/es\/mas-de-70-personas-participaron-del-encuentro-regional-de-puntos-de-cultura-de-lima-y-callao\/#primaryimage","url":"https:\/\/iberculturaviva.org\/wp-content\/uploads\/2016\/01\/puntosdecultura-peru-960x640.jpg","contentUrl":"https:\/\/iberculturaviva.org\/wp-content\/uploads\/2016\/01\/puntosdecultura-peru-960x640.jpg"},{"@type":"BreadcrumbList","@id":"https:\/\/iberculturaviva.org\/es\/mas-de-70-personas-participaron-del-encuentro-regional-de-puntos-de-cultura-de-lima-y-callao\/#breadcrumb","itemListElement":[{"@type":"ListItem","position":1,"name":"In\u00edcio","item":"https:\/\/iberculturaviva.org\/es\/inicio\/"},{"@type":"ListItem","position":2,"name":"M\u00e1s de 70 personas participaron del Encuentro Regional de Puntos de Cultura de Lima y Callao"}]},{"@type":"WebSite","@id":"https:\/\/iberculturaviva.org\/es\/?lang=es\/#website","url":"https:\/\/iberculturaviva.org\/es\/?lang=es\/","name":"IberCultura Viva","description":"Programa de cooperaci\u00f3n cultural","publisher":{"@id":"https:\/\/iberculturaviva.org\/es\/?lang=es\/#organization"},"potentialAction":[{"@type":"SearchAction","target":{"@type":"EntryPoint","urlTemplate":"https:\/\/iberculturaviva.org\/es\/?lang=es\/?s={search_term_string}"},"query-input":{"@type":"PropertyValueSpecification","valueRequired":true,"valueName":"search_term_string"}}],"inLanguage":"es"},{"@type":"Organization","@id":"https:\/\/iberculturaviva.org\/es\/?lang=es\/#organization","name":"Iberculturaviva","url":"https:\/\/iberculturaviva.org\/es\/?lang=es\/","logo":{"@type":"ImageObject","inLanguage":"es","@id":"https:\/\/iberculturaviva.org\/es\/?lang=es\/#\/schema\/logo\/image\/","url":"https:\/\/iberculturaviva.org\/wp-content\/uploads\/2021\/08\/logo_ibercultura_viva.jpg","contentUrl":"https:\/\/iberculturaviva.org\/wp-content\/uploads\/2021\/08\/logo_ibercultura_viva.jpg","width":708,"height":223,"caption":"Iberculturaviva"},"image":{"@id":"https:\/\/iberculturaviva.org\/es\/?lang=es\/#\/schema\/logo\/image\/"},"sameAs":["https:\/\/www.facebook.com\/iberculturaviva\/","https:\/\/www.instagram.com\/iberculturaviva\/","https:\/\/www.youtube.com\/iberculturaviva"]},{"@type":"Person","@id":"https:\/\/iberculturaviva.org\/es\/?lang=es\/#\/schema\/person\/5d1313b072cc25536e0431522f740b59","name":"IberCultura","image":{"@type":"ImageObject","inLanguage":"es","@id":"https:\/\/iberculturaviva.org\/es\/?lang=es\/#\/schema\/person\/image\/","url":"https:\/\/secure.gravatar.com\/avatar\/79f1a057cb125cbefb3765d0356d52fc7f3bba3a35e2cf22bc4de090bb7aef70?s=96&d=mm&r=g","contentUrl":"https:\/\/secure.gravatar.com\/avatar\/79f1a057cb125cbefb3765d0356d52fc7f3bba3a35e2cf22bc4de090bb7aef70?s=96&d=mm&r=g","caption":"IberCultura"}}]}},"main_category":{"link":"https:\/\/iberculturaviva.org\/es\/category\/noticias-es\/","name":"Noticias","slug":"noticias-es"},"_links":{"self":[{"href":"https:\/\/iberculturaviva.org\/es\/wp-json\/wp\/v2\/posts\/16007","targetHints":{"allow":["GET"]}}],"collection":[{"href":"https:\/\/iberculturaviva.org\/es\/wp-json\/wp\/v2\/posts"}],"about":[{"href":"https:\/\/iberculturaviva.org\/es\/wp-json\/wp\/v2\/types\/post"}],"author":[{"embeddable":true,"href":"https:\/\/iberculturaviva.org\/es\/wp-json\/wp\/v2\/users\/2"}],"replies":[{"embeddable":true,"href":"https:\/\/iberculturaviva.org\/es\/wp-json\/wp\/v2\/comments?post=16007"}],"version-history":[{"count":1,"href":"https:\/\/iberculturaviva.org\/es\/wp-json\/wp\/v2\/posts\/16007\/revisions"}],"predecessor-version":[{"id":22863,"href":"https:\/\/iberculturaviva.org\/es\/wp-json\/wp\/v2\/posts\/16007\/revisions\/22863"}],"wp:attachment":[{"href":"https:\/\/iberculturaviva.org\/es\/wp-json\/wp\/v2\/media?parent=16007"}],"wp:term":[{"taxonomy":"category","embeddable":true,"href":"https:\/\/iberculturaviva.org\/es\/wp-json\/wp\/v2\/categories?post=16007"},{"taxonomy":"post_tag","embeddable":true,"href":"https:\/\/iberculturaviva.org\/es\/wp-json\/wp\/v2\/tags?post=16007"},{"taxonomy":"country-municipality","embeddable":true,"href":"https:\/\/iberculturaviva.org\/es\/wp-json\/wp\/v2\/country-municipality?post=16007"}],"curies":[{"name":"wp","href":"https:\/\/api.w.org\/{rel}","templated":true}]}}