{"id":15986,"date":"2015-11-25T17:43:25","date_gmt":"2015-11-25T19:43:25","guid":{"rendered":"https:\/\/iberculturaviva.org\/tres-dias-de-cultura-viva-en-el-encuentro-emergencias\/"},"modified":"2021-01-12T14:14:20","modified_gmt":"2021-01-12T17:14:20","slug":"tres-dias-de-cultura-viva-en-el-encuentro-emergencias","status":"publish","type":"post","link":"https:\/\/iberculturaviva.org\/es\/tres-dias-de-cultura-viva-en-el-encuentro-emergencias\/","title":{"rendered":"Tres d\u00edas de Cultura Viva en el encuentro Emergencias"},"content":{"rendered":"<p style=\"text-align: justify;\"><em><a href=\"https:\/\/iberculturaviva.org\/wp-content\/uploads\/2015\/11\/meme-emergencia.png\" rel=\"attachment wp-att-2339\"><img loading=\"lazy\" decoding=\"async\" class=\"alignright wp-image-2339 size-medium\" src=\"https:\/\/iberculturaviva.org\/wp-content\/uploads\/2015\/11\/meme-emergencia-460x310.png\" alt=\"meme-emergencia\" width=\"300\" height=\"202\" \/><\/a>Emergencias<\/em>, el encuentro global de cultura, activismo y pol\u00edtica que se realizar\u00e1 en R\u00edo de Janeiro del 7 al 13 de diciembre, tendr\u00e1 tres d\u00edas dedicados a la Cultura Viva. Entre los d\u00edas 10 y 12 se discutir\u00e1n temas relacionados con la cultura de base comunitaria, como econom\u00eda viva y participaci\u00f3n ciudadana a trav\u00e9s de pol\u00edticas p\u00fablicas.<\/p>\n<p style=\"text-align: justify;\">Compruebe los temas, los participantes y la programaci\u00f3n:<\/p>\n<p>&nbsp;<\/p>\n<p>&nbsp;<\/p>\n<h4 style=\"text-align: justify;\"><b>Programaci\u00f3n<\/b><\/h4>\n<h4><span style=\"text-decoration: underline;\"><strong>10\/12 &#8211; Encuentro #CulturaViva<br \/>\n<\/strong><\/span><\/h4>\n<h4 style=\"text-align: justify;\">Apertura &#8211; 10h<br \/>\nLocal: Espa\u00e7o Canto das Flores \/ Fundi\u00e7\u00e3o Progresso<\/h4>\n<p style=\"text-align: justify;\">Participantes:<br \/>\nComit\u00e9 Intergubernamental IberCultura Viva<br \/>\nConsejo Latinoamericano de Cultura Viva Comunitaria<br \/>\nComisi\u00f3n Nacional de Puntos de Cultura<br \/>\nRed de Gestores Estatales y Municipales de Cultura Viva<br \/>\nForo de los Puntos de Cultura del Estado de Rio de Janeiro<br \/>\nRed Carioca de Puntos de Cultura<br \/>\nProyectos contemplados en la Convocatoria de Redes 2015<br \/>\nRepresentaciones Regionales del Ministerio de Cultura MinC<br \/>\nEquipo de la Secretar\u00eda de Ciudadan\u00eda y de la Diversidad Cultural (SCDC) del MinC<br \/>\nPuntos y Redes Autodeclarados, colectivos, grupos y productores culturales<\/p>\n<p><strong>[14h a las 18h] &#8211; Rueda de Di\u00e1logo #CulturaViva<\/strong><br \/>\n<strong>Local: Espa\u00e7o Canto das Flores \/ Fundi\u00e7\u00e3o Progresso<\/strong><\/p>\n<h4 style=\"text-align: justify;\">Panel de Temas:<\/h4>\n<p style=\"text-align: justify;\">Cultura Viva y la construcci\u00f3n de un repertorio com\u00fan para las pol\u00edticas culturales en la Am\u00e9rica Latina<br \/>\nCultura y Econom\u00eda Viva<br \/>\nCultura de Redes y Estrategias de Circulaci\u00f3n y Articulaci\u00f3n entre organizaciones culturales<br \/>\nPol\u00edtica Nacional de Cultura Viva: Desaf\u00edos de la implementaci\u00f3n y reglamentaci\u00f3n<br \/>\nFortalecimiento de la participaci\u00f3n ciudadana a trav\u00e9s de las pol\u00edticas culturales<br \/>\nPresentaci\u00f3n de los objetivos del programa IberCultura Viva.<\/p>\n<h4><span style=\"text-decoration: underline;\">11\/12<\/span><br \/>\n[10 a las 13h] &#8211; Rueda de Conversaci\u00f3n<br \/>\nLocal: Espa\u00e7o NEC Fundi\u00e7\u00e3o Progresso<\/h4>\n<p style=\"text-align: justify;\">Cultura de Redes y Cultura Viva: la construcci\u00f3n de un repertorio com\u00fan para las pol\u00edticas p\u00fablicas de cultura en Am\u00e9rica Latina y en el mundo.<\/p>\n<h4 style=\"text-align: justify;\">[14h as 18h] &#8211; Panel de Temas<br \/>\nLocal: Espa\u00e7o NEC &#8211; Fundi\u00e7\u00e3o Progresso<\/h4>\n<p style=\"text-align: justify;\">Del Comunitarismo a las Redes: Estrategias de Circulaci\u00f3n y Articulaci\u00f3n entre organizaciones culturales<br \/>\nCultura, Econom\u00eda Viva y Econom\u00eda Solidaria<br \/>\nPol\u00edtica Nacional de Cultura Viva- desaf\u00edos de la reglamentaci\u00f3n e implementaci\u00f3n<\/p>\n<h4 style=\"text-align: justify;\"><strong><span style=\"text-decoration: underline;\">12\/12<\/span><\/strong><br \/>\n<strong>[10h &#8211; 14h] &#8211; Reuniones de Trabajo<\/strong><\/h4>\n<h4 style=\"text-align: justify;\">Local: Pal\u00e1cio Gustavo Capanema<\/h4>\n<p style=\"text-align: justify;\">Comit\u00e9 Intergubernamental IberCultura Viva<br \/>\nComisi\u00f3n Nacional de Puntos de Cultura<br \/>\nConsejo Latinoamericano de Cultura Viva Comunitaria<br \/>\nRed de Gestores de Cultura Viva.<\/p>\n<h4 style=\"text-align: justify;\">[14h] &#8211; Recorrido Cultural \u2013 Puntos de Cultura de R\u00edo de Janeiro<\/h4>\n<p>&nbsp;<\/p>\n","protected":false},"excerpt":{"rendered":"<p>Emergencias, el encuentro global de cultura, activismo y pol\u00edtica que se realizar\u00e1 en R\u00edo de Janeiro del 7 al 13 de diciembre, tendr\u00e1 tres d\u00edas dedicados a la Cultura Viva. [&hellip;]<\/p>\n","protected":false},"author":2,"featured_media":0,"comment_status":"closed","ping_status":"closed","sticky":false,"template":"","format":"standard","meta":{"_coblocks_attr":"","_coblocks_dimensions":"","_coblocks_responsive_height":"","_coblocks_accordion_ie_support":"","_EventAllDay":false,"_EventTimezone":"","_EventStartDate":"","_EventEndDate":"","_EventStartDateUTC":"","_EventEndDateUTC":"","_EventShowMap":false,"_EventShowMapLink":false,"_EventURL":"","_EventCost":"","_EventCostDescription":"","_EventCurrencySymbol":"","_EventCurrencyCode":"","_EventCurrencyPosition":"","_EventDateTimeSeparator":"","_EventTimeRangeSeparator":"","_EventOrganizerID":[],"_EventVenueID":[],"_OrganizerEmail":"","_OrganizerPhone":"","_OrganizerWebsite":"","_VenueAddress":"","_VenueCity":"","_VenueCountry":"","_VenueProvince":"","_VenueState":"","_VenueZip":"","_VenuePhone":"","_VenueURL":"","_VenueStateProvince":"","_VenueLat":"","_VenueLng":"","_VenueShowMap":false,"_VenueShowMapLink":false,"footnotes":""},"categories":[262],"tags":[],"country-municipality":[],"class_list":["post-15986","post","type-post","status-publish","format-standard","hentry","category-noticias-es"],"yoast_head":"<!-- This site is optimized with the Yoast SEO plugin v25.7 - https:\/\/yoast.com\/wordpress\/plugins\/seo\/ -->\n<title>Tres d\u00edas de Cultura Viva en el encuentro Emergencias - IberCultura Viva<\/title>\n<meta name=\"description\" content=\"Tres d\u00edas de Cultura Viva en el encuentro Emergencias - IberCultura Viva\" \/>\n<meta name=\"robots\" content=\"index, follow, max-snippet:-1, max-image-preview:large, max-video-preview:-1\" \/>\n<link rel=\"canonical\" href=\"https:\/\/iberculturaviva.org\/es\/tres-dias-de-cultura-viva-en-el-encuentro-emergencias\/\" \/>\n<meta property=\"og:locale\" content=\"es_ES\" \/>\n<meta property=\"og:type\" content=\"article\" \/>\n<meta property=\"og:title\" content=\"Tres d\u00edas de Cultura Viva en el encuentro Emergencias - IberCultura Viva\" \/>\n<meta property=\"og:description\" content=\"Tres d\u00edas de Cultura Viva en el encuentro Emergencias - IberCultura Viva\" \/>\n<meta property=\"og:url\" content=\"https:\/\/iberculturaviva.org\/es\/tres-dias-de-cultura-viva-en-el-encuentro-emergencias\/\" \/>\n<meta property=\"og:site_name\" content=\"IberCultura Viva\" \/>\n<meta property=\"article:publisher\" content=\"https:\/\/www.facebook.com\/iberculturaviva\/\" \/>\n<meta property=\"article:published_time\" content=\"2015-11-25T19:43:25+00:00\" \/>\n<meta property=\"article:modified_time\" content=\"2021-01-12T17:14:20+00:00\" \/>\n<meta property=\"og:image\" content=\"https:\/\/iberculturaviva.org\/wp-content\/uploads\/2015\/11\/meme-emergencia-460x310.png\" \/>\n<meta name=\"author\" content=\"IberCultura\" \/>\n<meta name=\"twitter:card\" content=\"summary_large_image\" \/>\n<meta name=\"twitter:label1\" content=\"Escrito por\" \/>\n\t<meta name=\"twitter:data1\" content=\"IberCultura\" \/>\n\t<meta name=\"twitter:label2\" content=\"Tiempo de lectura\" \/>\n\t<meta name=\"twitter:data2\" content=\"2 minutos\" \/>\n<script type=\"application\/ld+json\" class=\"yoast-schema-graph\">{\"@context\":\"https:\/\/schema.org\",\"@graph\":[{\"@type\":\"Article\",\"@id\":\"https:\/\/iberculturaviva.org\/es\/tres-dias-de-cultura-viva-en-el-encuentro-emergencias\/#article\",\"isPartOf\":{\"@id\":\"https:\/\/iberculturaviva.org\/es\/tres-dias-de-cultura-viva-en-el-encuentro-emergencias\/\"},\"author\":{\"name\":\"IberCultura\",\"@id\":\"https:\/\/iberculturaviva.org\/es\/?lang=es\/#\/schema\/person\/5d1313b072cc25536e0431522f740b59\"},\"headline\":\"Tres d\u00edas de Cultura Viva en el encuentro Emergencias\",\"datePublished\":\"2015-11-25T19:43:25+00:00\",\"dateModified\":\"2021-01-12T17:14:20+00:00\",\"mainEntityOfPage\":{\"@id\":\"https:\/\/iberculturaviva.org\/es\/tres-dias-de-cultura-viva-en-el-encuentro-emergencias\/\"},\"wordCount\":431,\"publisher\":{\"@id\":\"https:\/\/iberculturaviva.org\/es\/?lang=es\/#organization\"},\"image\":{\"@id\":\"https:\/\/iberculturaviva.org\/es\/tres-dias-de-cultura-viva-en-el-encuentro-emergencias\/#primaryimage\"},\"thumbnailUrl\":\"https:\/\/iberculturaviva.org\/wp-content\/uploads\/2015\/11\/meme-emergencia-460x310.png\",\"articleSection\":[\"Noticias\"],\"inLanguage\":\"es\"},{\"@type\":\"WebPage\",\"@id\":\"https:\/\/iberculturaviva.org\/es\/tres-dias-de-cultura-viva-en-el-encuentro-emergencias\/\",\"url\":\"https:\/\/iberculturaviva.org\/es\/tres-dias-de-cultura-viva-en-el-encuentro-emergencias\/\",\"name\":\"Tres d\u00edas de Cultura Viva en el encuentro Emergencias - IberCultura Viva\",\"isPartOf\":{\"@id\":\"https:\/\/iberculturaviva.org\/es\/?lang=es\/#website\"},\"primaryImageOfPage\":{\"@id\":\"https:\/\/iberculturaviva.org\/es\/tres-dias-de-cultura-viva-en-el-encuentro-emergencias\/#primaryimage\"},\"image\":{\"@id\":\"https:\/\/iberculturaviva.org\/es\/tres-dias-de-cultura-viva-en-el-encuentro-emergencias\/#primaryimage\"},\"thumbnailUrl\":\"https:\/\/iberculturaviva.org\/wp-content\/uploads\/2015\/11\/meme-emergencia-460x310.png\",\"datePublished\":\"2015-11-25T19:43:25+00:00\",\"dateModified\":\"2021-01-12T17:14:20+00:00\",\"description\":\"Tres d\u00edas de Cultura Viva en el encuentro Emergencias - IberCultura Viva\",\"breadcrumb\":{\"@id\":\"https:\/\/iberculturaviva.org\/es\/tres-dias-de-cultura-viva-en-el-encuentro-emergencias\/#breadcrumb\"},\"inLanguage\":\"es\",\"potentialAction\":[{\"@type\":\"ReadAction\",\"target\":[\"https:\/\/iberculturaviva.org\/es\/tres-dias-de-cultura-viva-en-el-encuentro-emergencias\/\"]}]},{\"@type\":\"ImageObject\",\"inLanguage\":\"es\",\"@id\":\"https:\/\/iberculturaviva.org\/es\/tres-dias-de-cultura-viva-en-el-encuentro-emergencias\/#primaryimage\",\"url\":\"https:\/\/iberculturaviva.org\/wp-content\/uploads\/2015\/11\/meme-emergencia-460x310.png\",\"contentUrl\":\"https:\/\/iberculturaviva.org\/wp-content\/uploads\/2015\/11\/meme-emergencia-460x310.png\"},{\"@type\":\"BreadcrumbList\",\"@id\":\"https:\/\/iberculturaviva.org\/es\/tres-dias-de-cultura-viva-en-el-encuentro-emergencias\/#breadcrumb\",\"itemListElement\":[{\"@type\":\"ListItem\",\"position\":1,\"name\":\"In\u00edcio\",\"item\":\"https:\/\/iberculturaviva.org\/es\/inicio\/\"},{\"@type\":\"ListItem\",\"position\":2,\"name\":\"Tres d\u00edas de Cultura Viva en el encuentro Emergencias\"}]},{\"@type\":\"WebSite\",\"@id\":\"https:\/\/iberculturaviva.org\/es\/?lang=es\/#website\",\"url\":\"https:\/\/iberculturaviva.org\/es\/?lang=es\/\",\"name\":\"IberCultura Viva\",\"description\":\"Programa de cooperaci\u00f3n cultural\",\"publisher\":{\"@id\":\"https:\/\/iberculturaviva.org\/es\/?lang=es\/#organization\"},\"potentialAction\":[{\"@type\":\"SearchAction\",\"target\":{\"@type\":\"EntryPoint\",\"urlTemplate\":\"https:\/\/iberculturaviva.org\/es\/?lang=es\/?s={search_term_string}\"},\"query-input\":{\"@type\":\"PropertyValueSpecification\",\"valueRequired\":true,\"valueName\":\"search_term_string\"}}],\"inLanguage\":\"es\"},{\"@type\":\"Organization\",\"@id\":\"https:\/\/iberculturaviva.org\/es\/?lang=es\/#organization\",\"name\":\"Iberculturaviva\",\"url\":\"https:\/\/iberculturaviva.org\/es\/?lang=es\/\",\"logo\":{\"@type\":\"ImageObject\",\"inLanguage\":\"es\",\"@id\":\"https:\/\/iberculturaviva.org\/es\/?lang=es\/#\/schema\/logo\/image\/\",\"url\":\"https:\/\/iberculturaviva.org\/wp-content\/uploads\/2021\/08\/logo_ibercultura_viva.jpg\",\"contentUrl\":\"https:\/\/iberculturaviva.org\/wp-content\/uploads\/2021\/08\/logo_ibercultura_viva.jpg\",\"width\":708,\"height\":223,\"caption\":\"Iberculturaviva\"},\"image\":{\"@id\":\"https:\/\/iberculturaviva.org\/es\/?lang=es\/#\/schema\/logo\/image\/\"},\"sameAs\":[\"https:\/\/www.facebook.com\/iberculturaviva\/\",\"https:\/\/www.instagram.com\/iberculturaviva\/\",\"https:\/\/www.youtube.com\/iberculturaviva\"]},{\"@type\":\"Person\",\"@id\":\"https:\/\/iberculturaviva.org\/es\/?lang=es\/#\/schema\/person\/5d1313b072cc25536e0431522f740b59\",\"name\":\"IberCultura\",\"image\":{\"@type\":\"ImageObject\",\"inLanguage\":\"es\",\"@id\":\"https:\/\/iberculturaviva.org\/es\/?lang=es\/#\/schema\/person\/image\/\",\"url\":\"https:\/\/secure.gravatar.com\/avatar\/79f1a057cb125cbefb3765d0356d52fc7f3bba3a35e2cf22bc4de090bb7aef70?s=96&d=mm&r=g\",\"contentUrl\":\"https:\/\/secure.gravatar.com\/avatar\/79f1a057cb125cbefb3765d0356d52fc7f3bba3a35e2cf22bc4de090bb7aef70?s=96&d=mm&r=g\",\"caption\":\"IberCultura\"}}]}<\/script>\n<!-- \/ Yoast SEO plugin. -->","yoast_head_json":{"title":"Tres d\u00edas de Cultura Viva en el encuentro Emergencias - IberCultura Viva","description":"Tres d\u00edas de Cultura Viva en el encuentro Emergencias - IberCultura Viva","robots":{"index":"index","follow":"follow","max-snippet":"max-snippet:-1","max-image-preview":"max-image-preview:large","max-video-preview":"max-video-preview:-1"},"canonical":"https:\/\/iberculturaviva.org\/es\/tres-dias-de-cultura-viva-en-el-encuentro-emergencias\/","og_locale":"es_ES","og_type":"article","og_title":"Tres d\u00edas de Cultura Viva en el encuentro Emergencias - IberCultura Viva","og_description":"Tres d\u00edas de Cultura Viva en el encuentro Emergencias - IberCultura Viva","og_url":"https:\/\/iberculturaviva.org\/es\/tres-dias-de-cultura-viva-en-el-encuentro-emergencias\/","og_site_name":"IberCultura Viva","article_publisher":"https:\/\/www.facebook.com\/iberculturaviva\/","article_published_time":"2015-11-25T19:43:25+00:00","article_modified_time":"2021-01-12T17:14:20+00:00","og_image":[{"url":"https:\/\/iberculturaviva.org\/wp-content\/uploads\/2015\/11\/meme-emergencia-460x310.png","type":"","width":"","height":""}],"author":"IberCultura","twitter_card":"summary_large_image","twitter_misc":{"Escrito por":"IberCultura","Tiempo de lectura":"2 minutos"},"schema":{"@context":"https:\/\/schema.org","@graph":[{"@type":"Article","@id":"https:\/\/iberculturaviva.org\/es\/tres-dias-de-cultura-viva-en-el-encuentro-emergencias\/#article","isPartOf":{"@id":"https:\/\/iberculturaviva.org\/es\/tres-dias-de-cultura-viva-en-el-encuentro-emergencias\/"},"author":{"name":"IberCultura","@id":"https:\/\/iberculturaviva.org\/es\/?lang=es\/#\/schema\/person\/5d1313b072cc25536e0431522f740b59"},"headline":"Tres d\u00edas de Cultura Viva en el encuentro Emergencias","datePublished":"2015-11-25T19:43:25+00:00","dateModified":"2021-01-12T17:14:20+00:00","mainEntityOfPage":{"@id":"https:\/\/iberculturaviva.org\/es\/tres-dias-de-cultura-viva-en-el-encuentro-emergencias\/"},"wordCount":431,"publisher":{"@id":"https:\/\/iberculturaviva.org\/es\/?lang=es\/#organization"},"image":{"@id":"https:\/\/iberculturaviva.org\/es\/tres-dias-de-cultura-viva-en-el-encuentro-emergencias\/#primaryimage"},"thumbnailUrl":"https:\/\/iberculturaviva.org\/wp-content\/uploads\/2015\/11\/meme-emergencia-460x310.png","articleSection":["Noticias"],"inLanguage":"es"},{"@type":"WebPage","@id":"https:\/\/iberculturaviva.org\/es\/tres-dias-de-cultura-viva-en-el-encuentro-emergencias\/","url":"https:\/\/iberculturaviva.org\/es\/tres-dias-de-cultura-viva-en-el-encuentro-emergencias\/","name":"Tres d\u00edas de Cultura Viva en el encuentro Emergencias - IberCultura Viva","isPartOf":{"@id":"https:\/\/iberculturaviva.org\/es\/?lang=es\/#website"},"primaryImageOfPage":{"@id":"https:\/\/iberculturaviva.org\/es\/tres-dias-de-cultura-viva-en-el-encuentro-emergencias\/#primaryimage"},"image":{"@id":"https:\/\/iberculturaviva.org\/es\/tres-dias-de-cultura-viva-en-el-encuentro-emergencias\/#primaryimage"},"thumbnailUrl":"https:\/\/iberculturaviva.org\/wp-content\/uploads\/2015\/11\/meme-emergencia-460x310.png","datePublished":"2015-11-25T19:43:25+00:00","dateModified":"2021-01-12T17:14:20+00:00","description":"Tres d\u00edas de Cultura Viva en el encuentro Emergencias - IberCultura Viva","breadcrumb":{"@id":"https:\/\/iberculturaviva.org\/es\/tres-dias-de-cultura-viva-en-el-encuentro-emergencias\/#breadcrumb"},"inLanguage":"es","potentialAction":[{"@type":"ReadAction","target":["https:\/\/iberculturaviva.org\/es\/tres-dias-de-cultura-viva-en-el-encuentro-emergencias\/"]}]},{"@type":"ImageObject","inLanguage":"es","@id":"https:\/\/iberculturaviva.org\/es\/tres-dias-de-cultura-viva-en-el-encuentro-emergencias\/#primaryimage","url":"https:\/\/iberculturaviva.org\/wp-content\/uploads\/2015\/11\/meme-emergencia-460x310.png","contentUrl":"https:\/\/iberculturaviva.org\/wp-content\/uploads\/2015\/11\/meme-emergencia-460x310.png"},{"@type":"BreadcrumbList","@id":"https:\/\/iberculturaviva.org\/es\/tres-dias-de-cultura-viva-en-el-encuentro-emergencias\/#breadcrumb","itemListElement":[{"@type":"ListItem","position":1,"name":"In\u00edcio","item":"https:\/\/iberculturaviva.org\/es\/inicio\/"},{"@type":"ListItem","position":2,"name":"Tres d\u00edas de Cultura Viva en el encuentro Emergencias"}]},{"@type":"WebSite","@id":"https:\/\/iberculturaviva.org\/es\/?lang=es\/#website","url":"https:\/\/iberculturaviva.org\/es\/?lang=es\/","name":"IberCultura Viva","description":"Programa de cooperaci\u00f3n cultural","publisher":{"@id":"https:\/\/iberculturaviva.org\/es\/?lang=es\/#organization"},"potentialAction":[{"@type":"SearchAction","target":{"@type":"EntryPoint","urlTemplate":"https:\/\/iberculturaviva.org\/es\/?lang=es\/?s={search_term_string}"},"query-input":{"@type":"PropertyValueSpecification","valueRequired":true,"valueName":"search_term_string"}}],"inLanguage":"es"},{"@type":"Organization","@id":"https:\/\/iberculturaviva.org\/es\/?lang=es\/#organization","name":"Iberculturaviva","url":"https:\/\/iberculturaviva.org\/es\/?lang=es\/","logo":{"@type":"ImageObject","inLanguage":"es","@id":"https:\/\/iberculturaviva.org\/es\/?lang=es\/#\/schema\/logo\/image\/","url":"https:\/\/iberculturaviva.org\/wp-content\/uploads\/2021\/08\/logo_ibercultura_viva.jpg","contentUrl":"https:\/\/iberculturaviva.org\/wp-content\/uploads\/2021\/08\/logo_ibercultura_viva.jpg","width":708,"height":223,"caption":"Iberculturaviva"},"image":{"@id":"https:\/\/iberculturaviva.org\/es\/?lang=es\/#\/schema\/logo\/image\/"},"sameAs":["https:\/\/www.facebook.com\/iberculturaviva\/","https:\/\/www.instagram.com\/iberculturaviva\/","https:\/\/www.youtube.com\/iberculturaviva"]},{"@type":"Person","@id":"https:\/\/iberculturaviva.org\/es\/?lang=es\/#\/schema\/person\/5d1313b072cc25536e0431522f740b59","name":"IberCultura","image":{"@type":"ImageObject","inLanguage":"es","@id":"https:\/\/iberculturaviva.org\/es\/?lang=es\/#\/schema\/person\/image\/","url":"https:\/\/secure.gravatar.com\/avatar\/79f1a057cb125cbefb3765d0356d52fc7f3bba3a35e2cf22bc4de090bb7aef70?s=96&d=mm&r=g","contentUrl":"https:\/\/secure.gravatar.com\/avatar\/79f1a057cb125cbefb3765d0356d52fc7f3bba3a35e2cf22bc4de090bb7aef70?s=96&d=mm&r=g","caption":"IberCultura"}}]}},"main_category":{"link":"https:\/\/iberculturaviva.org\/es\/category\/noticias-es\/","name":"Noticias","slug":"noticias-es"},"_links":{"self":[{"href":"https:\/\/iberculturaviva.org\/es\/wp-json\/wp\/v2\/posts\/15986","targetHints":{"allow":["GET"]}}],"collection":[{"href":"https:\/\/iberculturaviva.org\/es\/wp-json\/wp\/v2\/posts"}],"about":[{"href":"https:\/\/iberculturaviva.org\/es\/wp-json\/wp\/v2\/types\/post"}],"author":[{"embeddable":true,"href":"https:\/\/iberculturaviva.org\/es\/wp-json\/wp\/v2\/users\/2"}],"replies":[{"embeddable":true,"href":"https:\/\/iberculturaviva.org\/es\/wp-json\/wp\/v2\/comments?post=15986"}],"version-history":[{"count":1,"href":"https:\/\/iberculturaviva.org\/es\/wp-json\/wp\/v2\/posts\/15986\/revisions"}],"predecessor-version":[{"id":22873,"href":"https:\/\/iberculturaviva.org\/es\/wp-json\/wp\/v2\/posts\/15986\/revisions\/22873"}],"wp:attachment":[{"href":"https:\/\/iberculturaviva.org\/es\/wp-json\/wp\/v2\/media?parent=15986"}],"wp:term":[{"taxonomy":"category","embeddable":true,"href":"https:\/\/iberculturaviva.org\/es\/wp-json\/wp\/v2\/categories?post=15986"},{"taxonomy":"post_tag","embeddable":true,"href":"https:\/\/iberculturaviva.org\/es\/wp-json\/wp\/v2\/tags?post=15986"},{"taxonomy":"country-municipality","embeddable":true,"href":"https:\/\/iberculturaviva.org\/es\/wp-json\/wp\/v2\/country-municipality?post=15986"}],"curies":[{"name":"wp","href":"https:\/\/api.w.org\/{rel}","templated":true}]}}