{"id":15962,"date":"2015-10-27T16:56:55","date_gmt":"2015-10-27T18:56:55","guid":{"rendered":"https:\/\/iberculturaviva.org\/monsenor-romero-el-profeta-que-guia-los-caminos-de-los-salvadorenos\/"},"modified":"2021-01-12T14:15:36","modified_gmt":"2021-01-12T17:15:36","slug":"monsenor-romero-el-profeta-que-guia-los-caminos-de-los-salvadorenos","status":"publish","type":"post","link":"https:\/\/iberculturaviva.org\/es\/monsenor-romero-el-profeta-que-guia-los-caminos-de-los-salvadorenos\/","title":{"rendered":"Monse\u00f1or Romero, el profeta que gu\u00eda los caminos de los salvadore\u00f1os"},"content":{"rendered":"<h5 style=\"text-align: justify;\">Foto: Jairo Castrill\u00f3n Rold\u00e1n<\/h5>\n<p style=\"text-align: justify;\">El homenaje a Monse\u00f1or Romero (1917-1980) marc\u00f3 el comienzo del 2\u00ba Congreso Latinoamericano de Cultura Viva Comunitaria, este martes (27\/11), en San Salvador. Antes de la apertura oficial del evento, en el Teatro Nacional, decenas de congresistas fueron a la Catedral Metropolitana para visitar la cripta del arzobispo y conocer un poco de la historia de \u201cSan Romero de Am\u00e9rica\u201d.<\/p>\n<p style=\"text-align: justify;\">Considerado un \u201csanto contempor\u00e1neo\u201d, \u201cs\u00edmbolo del amor y esperanza\u201d, \u201cel profeta que gu\u00eda los caminos de los salvadore\u00f1os\u201d, \u00d3scar Arnulfo Romero fue asesinado al final de la tarde del 24 de marzo de 1980. Recibi\u00f3 un balazo en el coraz\u00f3n mientras celebraba una misa para 50 personas en la capilla del Hospital Divina Providencia.\u00a0Todos los indicios apuntaron al director del servicio secreto militar como autor intelectual del asesinato. El mayor nunca fue, sin embargo, juzgado por ello.<\/p>\n<p style=\"text-align: justify;\">\u00bfY por qu\u00e9 mataron a un arzobispo en un pa\u00eds tan cat\u00f3lico como El Salvador?<\/p>\n<div id=\"attachment_3824\" style=\"width: 270px\" class=\"wp-caption alignright\"><a href=\"https:\/\/iberculturaviva.org\/wp-content\/uploads\/2016\/05\/IMG_4512-e1462632061413.jpg\" rel=\"attachment wp-att-3824\"><img loading=\"lazy\" decoding=\"async\" aria-describedby=\"caption-attachment-3824\" class=\"wp-image-3824\" src=\"https:\/\/iberculturaviva.org\/wp-content\/uploads\/2016\/05\/IMG_4512-960x1240.jpg\" alt=\"Cripta Monse\u00f1or Romero\" width=\"260\" height=\"335\" \/><\/a><p id=\"caption-attachment-3824\" class=\"wp-caption-text\">La cripta en la Catedral Metropolitana: el monumento de bronce que cubre los restos mortales de Romero, con 2,50m x 1,80m, es una obra del escultor italiano Paolo Borghi<\/p><\/div>\n<p style=\"text-align: justify;\">En el art\u00edculo \u201cMonse\u00f1or Romero: cr\u00f3nica de una muerte anunciada\u201d (<i>Revista Cultura<\/i>, ed. 144), Juan Jos\u00e9 Tamayo destaca que Romero era un sacerdote conservador, \u201cobediente a Roma\u201d, pero sensible a las injusticias sociales del peque\u00f1o pa\u00eds centroamericano. Tamayo resalta que la fidelidad al Vaticano hizo que Romero fuera nombrado arzobispo de San Salvador en 1977, pero el contacto con la realidad produjo en \u00e9l cambios profundos.<\/p>\n<p style=\"text-align: justify;\">\u201cEl desencadenante de su transformaci\u00f3n fue el asesinato de Rutilio Grande, jesuita comprometido con la concienciaci\u00f3n de los pobres en la aldea campesina de Alguilares, donde la tierra estaba en manos de unos pocos terratenientes y la mayor\u00eda de la poblaci\u00f3n viv\u00eda en situaci\u00f3n de pobreza severa\u201d, explica Tamayo. \u201cSi han asesinado a Rutilio por lo que hizo, yo tengo que seguir el mismo camino. Rutilio me ha abierto los ojos\u201d, fue el comentario del arzobispo, que desde aquel momento nunca m\u00e1s dej\u00f3 de levantar la voz contra el gobierno y la clase dominante.<\/p>\n<p style=\"text-align: justify;\">Y vinieron el asesinato de otros sacerdotes, las masacres contra civiles. Romero denunciaba los abusos del gobierno, condenaba la violencia del Ej\u00e9rcito contra los l\u00edderes pol\u00edticos, religiosos y sindicales, defensores de los derechos humanos y cr\u00edticos del sistema represor. No ten\u00eda el apoyo del Vaticano, sufr\u00eda la amenaza permanente del Ej\u00e9rcito, pero no se callaba. \u201cCon Monse\u00f1or Romero Dios pas\u00f3 por El Salvador\u201d, dec\u00eda Ignacio Ellacur\u00eda, te\u00f3logo asesinado en 1989.<\/p>\n<p style=\"text-align: justify;\">Un mes antes de morir, Monse\u00f1or Romero escribi\u00f3 una carta al entonces presidente norteamericano, Jimmy Carter, en la cual criticaba el apoyo de los Estados Unidos al gobierno de El Salvador. La gota que colm\u00f3 el vaso, sin embargo, vino el domingo 23 de marzo de 1980. Durante la homil\u00eda en la Catedral, el arzobispo ley\u00f3 una larga lista de nombres. Eran las v\u00edctimas de la \u00a0violencia de la semana anterior. Al terminar, dirigi\u00e9ndose al gobierno, al Ej\u00e9rcito, y especialmente a los soldados, pidi\u00f3 que dejaran de matar a sus conciudadanos. \u201cNing\u00fan soldado es obligado a obedecer una orden contra la ley de Dios.\u201d<\/p>\n<p style=\"text-align: justify;\">Al d\u00eda siguiente un oficial del Ej\u00e9rcito clasific\u00f3 como \u201cdelito\u201d la homil\u00eda del arzobispo. Y en ese mismo d\u00eda, mientras celebraba la eucarist\u00eda en un hospital de San Salvador, Monse\u00f1or Romero cay\u00f3 baleado atr\u00e1s del altar. Su funeral fue acompa\u00f1ado por cerca de 150 mil personas. Como dijo el obispo Pedro Casald\u00e1liga: \u201cSan Romero de Am\u00e9rica, nuestro pastor y m\u00e1rtir, nadie callar\u00e1 su \u00faltima homil\u00eda\u201d.<\/p>\n<div id=\"attachment_3903\" style=\"width: 650px\" class=\"wp-caption aligncenter\"><a href=\"https:\/\/iberculturaviva.org\/wp-content\/uploads\/2016\/05\/monsenor-mural3.jpg\" rel=\"attachment wp-att-3903\"><img loading=\"lazy\" decoding=\"async\" aria-describedby=\"caption-attachment-3903\" class=\"wp-image-3903 size-full\" src=\"https:\/\/iberculturaviva.org\/wp-content\/uploads\/2016\/05\/monsenor-mural3.jpg\" alt=\"monsenor-mural3\" width=\"640\" height=\"480\" srcset=\"https:\/\/iberculturaviva.org\/wp-content\/uploads\/2016\/05\/monsenor-mural3.jpg 640w, https:\/\/iberculturaviva.org\/wp-content\/uploads\/2016\/05\/monsenor-mural3-300x225.jpg 300w, https:\/\/iberculturaviva.org\/wp-content\/uploads\/2016\/05\/monsenor-mural3-150x113.jpg 150w\" sizes=\"auto, (max-width: 640px) 100vw, 640px\" \/><\/a><p id=\"caption-attachment-3903\" class=\"wp-caption-text\">(Foto: Secretar\u00eda de Cultura de la Presidencia)<\/p><\/div>\n","protected":false},"excerpt":{"rendered":"<p>Foto: Jairo Castrill\u00f3n Rold\u00e1n El homenaje a Monse\u00f1or Romero (1917-1980) marc\u00f3 el comienzo del 2\u00ba Congreso Latinoamericano de Cultura Viva Comunitaria, este martes (27\/11), en San Salvador. Antes de la [&hellip;]<\/p>\n","protected":false},"author":2,"featured_media":18137,"comment_status":"closed","ping_status":"closed","sticky":false,"template":"","format":"standard","meta":{"_coblocks_attr":"","_coblocks_dimensions":"","_coblocks_responsive_height":"","_coblocks_accordion_ie_support":"","_EventAllDay":false,"_EventTimezone":"","_EventStartDate":"","_EventEndDate":"","_EventStartDateUTC":"","_EventEndDateUTC":"","_EventShowMap":false,"_EventShowMapLink":false,"_EventURL":"","_EventCost":"","_EventCostDescription":"","_EventCurrencySymbol":"","_EventCurrencyCode":"","_EventCurrencyPosition":"","_EventDateTimeSeparator":"","_EventTimeRangeSeparator":"","_EventOrganizerID":[],"_EventVenueID":[],"_OrganizerEmail":"","_OrganizerPhone":"","_OrganizerWebsite":"","_VenueAddress":"","_VenueCity":"","_VenueCountry":"","_VenueProvince":"","_VenueState":"","_VenueZip":"","_VenuePhone":"","_VenueURL":"","_VenueStateProvince":"","_VenueLat":"","_VenueLng":"","_VenueShowMap":false,"_VenueShowMapLink":false,"footnotes":""},"categories":[262],"tags":[],"country-municipality":[],"class_list":["post-15962","post","type-post","status-publish","format-standard","has-post-thumbnail","hentry","category-noticias-es"],"yoast_head":"<!-- This site is optimized with the Yoast SEO plugin v25.7 - https:\/\/yoast.com\/wordpress\/plugins\/seo\/ -->\n<title>Monse\u00f1or Romero, el profeta que gu\u00eda los caminos de los salvadore\u00f1os - IberCultura Viva<\/title>\n<meta name=\"description\" content=\"Monse\u00f1or Romero, el profeta que gu\u00eda los caminos de los salvadore\u00f1os - IberCultura Viva\" \/>\n<meta name=\"robots\" content=\"index, follow, max-snippet:-1, max-image-preview:large, max-video-preview:-1\" \/>\n<link rel=\"canonical\" href=\"https:\/\/iberculturaviva.org\/es\/monsenor-romero-el-profeta-que-guia-los-caminos-de-los-salvadorenos\/\" \/>\n<meta property=\"og:locale\" content=\"es_ES\" \/>\n<meta property=\"og:type\" content=\"article\" \/>\n<meta property=\"og:title\" content=\"Monse\u00f1or Romero, el profeta que gu\u00eda los caminos de los salvadore\u00f1os - IberCultura Viva\" \/>\n<meta property=\"og:description\" content=\"Monse\u00f1or Romero, el profeta que gu\u00eda los caminos de los salvadore\u00f1os - IberCultura Viva\" \/>\n<meta property=\"og:url\" content=\"https:\/\/iberculturaviva.org\/es\/monsenor-romero-el-profeta-que-guia-los-caminos-de-los-salvadorenos\/\" \/>\n<meta property=\"og:site_name\" content=\"IberCultura Viva\" \/>\n<meta property=\"article:publisher\" content=\"https:\/\/www.facebook.com\/iberculturaviva\/\" \/>\n<meta property=\"article:published_time\" content=\"2015-10-27T18:56:55+00:00\" \/>\n<meta property=\"article:modified_time\" content=\"2021-01-12T17:15:36+00:00\" \/>\n<meta property=\"og:image\" content=\"https:\/\/iberculturaviva.org\/wp-content\/uploads\/2016\/05\/monsenhor-mural.jpg\" \/>\n\t<meta property=\"og:image:width\" content=\"960\" \/>\n\t<meta property=\"og:image:height\" content=\"720\" \/>\n\t<meta property=\"og:image:type\" content=\"image\/jpeg\" \/>\n<meta name=\"author\" content=\"IberCultura\" \/>\n<meta name=\"twitter:card\" content=\"summary_large_image\" \/>\n<meta name=\"twitter:label1\" content=\"Escrito por\" \/>\n\t<meta name=\"twitter:data1\" content=\"IberCultura\" \/>\n\t<meta name=\"twitter:label2\" content=\"Tiempo de lectura\" \/>\n\t<meta name=\"twitter:data2\" content=\"3 minutos\" \/>\n<script type=\"application\/ld+json\" class=\"yoast-schema-graph\">{\"@context\":\"https:\/\/schema.org\",\"@graph\":[{\"@type\":\"Article\",\"@id\":\"https:\/\/iberculturaviva.org\/es\/monsenor-romero-el-profeta-que-guia-los-caminos-de-los-salvadorenos\/#article\",\"isPartOf\":{\"@id\":\"https:\/\/iberculturaviva.org\/es\/monsenor-romero-el-profeta-que-guia-los-caminos-de-los-salvadorenos\/\"},\"author\":{\"name\":\"IberCultura\",\"@id\":\"https:\/\/iberculturaviva.org\/es\/?lang=es\/#\/schema\/person\/5d1313b072cc25536e0431522f740b59\"},\"headline\":\"Monse\u00f1or Romero, el profeta que gu\u00eda los caminos de los salvadore\u00f1os\",\"datePublished\":\"2015-10-27T18:56:55+00:00\",\"dateModified\":\"2021-01-12T17:15:36+00:00\",\"mainEntityOfPage\":{\"@id\":\"https:\/\/iberculturaviva.org\/es\/monsenor-romero-el-profeta-que-guia-los-caminos-de-los-salvadorenos\/\"},\"wordCount\":662,\"publisher\":{\"@id\":\"https:\/\/iberculturaviva.org\/es\/?lang=es\/#organization\"},\"image\":{\"@id\":\"https:\/\/iberculturaviva.org\/es\/monsenor-romero-el-profeta-que-guia-los-caminos-de-los-salvadorenos\/#primaryimage\"},\"thumbnailUrl\":\"https:\/\/iberculturaviva.org\/wp-content\/uploads\/2016\/05\/monsenhor-mural.jpg\",\"articleSection\":[\"Noticias\"],\"inLanguage\":\"es\"},{\"@type\":\"WebPage\",\"@id\":\"https:\/\/iberculturaviva.org\/es\/monsenor-romero-el-profeta-que-guia-los-caminos-de-los-salvadorenos\/\",\"url\":\"https:\/\/iberculturaviva.org\/es\/monsenor-romero-el-profeta-que-guia-los-caminos-de-los-salvadorenos\/\",\"name\":\"Monse\u00f1or Romero, el profeta que gu\u00eda los caminos de los salvadore\u00f1os - IberCultura Viva\",\"isPartOf\":{\"@id\":\"https:\/\/iberculturaviva.org\/es\/?lang=es\/#website\"},\"primaryImageOfPage\":{\"@id\":\"https:\/\/iberculturaviva.org\/es\/monsenor-romero-el-profeta-que-guia-los-caminos-de-los-salvadorenos\/#primaryimage\"},\"image\":{\"@id\":\"https:\/\/iberculturaviva.org\/es\/monsenor-romero-el-profeta-que-guia-los-caminos-de-los-salvadorenos\/#primaryimage\"},\"thumbnailUrl\":\"https:\/\/iberculturaviva.org\/wp-content\/uploads\/2016\/05\/monsenhor-mural.jpg\",\"datePublished\":\"2015-10-27T18:56:55+00:00\",\"dateModified\":\"2021-01-12T17:15:36+00:00\",\"description\":\"Monse\u00f1or Romero, el profeta que gu\u00eda los caminos de los salvadore\u00f1os - IberCultura Viva\",\"breadcrumb\":{\"@id\":\"https:\/\/iberculturaviva.org\/es\/monsenor-romero-el-profeta-que-guia-los-caminos-de-los-salvadorenos\/#breadcrumb\"},\"inLanguage\":\"es\",\"potentialAction\":[{\"@type\":\"ReadAction\",\"target\":[\"https:\/\/iberculturaviva.org\/es\/monsenor-romero-el-profeta-que-guia-los-caminos-de-los-salvadorenos\/\"]}]},{\"@type\":\"ImageObject\",\"inLanguage\":\"es\",\"@id\":\"https:\/\/iberculturaviva.org\/es\/monsenor-romero-el-profeta-que-guia-los-caminos-de-los-salvadorenos\/#primaryimage\",\"url\":\"https:\/\/iberculturaviva.org\/wp-content\/uploads\/2016\/05\/monsenhor-mural.jpg\",\"contentUrl\":\"https:\/\/iberculturaviva.org\/wp-content\/uploads\/2016\/05\/monsenhor-mural.jpg\",\"width\":960,\"height\":720},{\"@type\":\"BreadcrumbList\",\"@id\":\"https:\/\/iberculturaviva.org\/es\/monsenor-romero-el-profeta-que-guia-los-caminos-de-los-salvadorenos\/#breadcrumb\",\"itemListElement\":[{\"@type\":\"ListItem\",\"position\":1,\"name\":\"In\u00edcio\",\"item\":\"https:\/\/iberculturaviva.org\/es\/inicio\/\"},{\"@type\":\"ListItem\",\"position\":2,\"name\":\"Monse\u00f1or Romero, el profeta que gu\u00eda los caminos de los salvadore\u00f1os\"}]},{\"@type\":\"WebSite\",\"@id\":\"https:\/\/iberculturaviva.org\/es\/?lang=es\/#website\",\"url\":\"https:\/\/iberculturaviva.org\/es\/?lang=es\/\",\"name\":\"IberCultura Viva\",\"description\":\"Programa de cooperaci\u00f3n cultural\",\"publisher\":{\"@id\":\"https:\/\/iberculturaviva.org\/es\/?lang=es\/#organization\"},\"potentialAction\":[{\"@type\":\"SearchAction\",\"target\":{\"@type\":\"EntryPoint\",\"urlTemplate\":\"https:\/\/iberculturaviva.org\/es\/?lang=es\/?s={search_term_string}\"},\"query-input\":{\"@type\":\"PropertyValueSpecification\",\"valueRequired\":true,\"valueName\":\"search_term_string\"}}],\"inLanguage\":\"es\"},{\"@type\":\"Organization\",\"@id\":\"https:\/\/iberculturaviva.org\/es\/?lang=es\/#organization\",\"name\":\"Iberculturaviva\",\"url\":\"https:\/\/iberculturaviva.org\/es\/?lang=es\/\",\"logo\":{\"@type\":\"ImageObject\",\"inLanguage\":\"es\",\"@id\":\"https:\/\/iberculturaviva.org\/es\/?lang=es\/#\/schema\/logo\/image\/\",\"url\":\"https:\/\/iberculturaviva.org\/wp-content\/uploads\/2021\/08\/logo_ibercultura_viva.jpg\",\"contentUrl\":\"https:\/\/iberculturaviva.org\/wp-content\/uploads\/2021\/08\/logo_ibercultura_viva.jpg\",\"width\":708,\"height\":223,\"caption\":\"Iberculturaviva\"},\"image\":{\"@id\":\"https:\/\/iberculturaviva.org\/es\/?lang=es\/#\/schema\/logo\/image\/\"},\"sameAs\":[\"https:\/\/www.facebook.com\/iberculturaviva\/\",\"https:\/\/www.instagram.com\/iberculturaviva\/\",\"https:\/\/www.youtube.com\/iberculturaviva\"]},{\"@type\":\"Person\",\"@id\":\"https:\/\/iberculturaviva.org\/es\/?lang=es\/#\/schema\/person\/5d1313b072cc25536e0431522f740b59\",\"name\":\"IberCultura\",\"image\":{\"@type\":\"ImageObject\",\"inLanguage\":\"es\",\"@id\":\"https:\/\/iberculturaviva.org\/es\/?lang=es\/#\/schema\/person\/image\/\",\"url\":\"https:\/\/secure.gravatar.com\/avatar\/79f1a057cb125cbefb3765d0356d52fc7f3bba3a35e2cf22bc4de090bb7aef70?s=96&d=mm&r=g\",\"contentUrl\":\"https:\/\/secure.gravatar.com\/avatar\/79f1a057cb125cbefb3765d0356d52fc7f3bba3a35e2cf22bc4de090bb7aef70?s=96&d=mm&r=g\",\"caption\":\"IberCultura\"}}]}<\/script>\n<!-- \/ Yoast SEO plugin. -->","yoast_head_json":{"title":"Monse\u00f1or Romero, el profeta que gu\u00eda los caminos de los salvadore\u00f1os - IberCultura Viva","description":"Monse\u00f1or Romero, el profeta que gu\u00eda los caminos de los salvadore\u00f1os - IberCultura Viva","robots":{"index":"index","follow":"follow","max-snippet":"max-snippet:-1","max-image-preview":"max-image-preview:large","max-video-preview":"max-video-preview:-1"},"canonical":"https:\/\/iberculturaviva.org\/es\/monsenor-romero-el-profeta-que-guia-los-caminos-de-los-salvadorenos\/","og_locale":"es_ES","og_type":"article","og_title":"Monse\u00f1or Romero, el profeta que gu\u00eda los caminos de los salvadore\u00f1os - IberCultura Viva","og_description":"Monse\u00f1or Romero, el profeta que gu\u00eda los caminos de los salvadore\u00f1os - IberCultura Viva","og_url":"https:\/\/iberculturaviva.org\/es\/monsenor-romero-el-profeta-que-guia-los-caminos-de-los-salvadorenos\/","og_site_name":"IberCultura Viva","article_publisher":"https:\/\/www.facebook.com\/iberculturaviva\/","article_published_time":"2015-10-27T18:56:55+00:00","article_modified_time":"2021-01-12T17:15:36+00:00","og_image":[{"width":960,"height":720,"url":"https:\/\/iberculturaviva.org\/wp-content\/uploads\/2016\/05\/monsenhor-mural.jpg","type":"image\/jpeg"}],"author":"IberCultura","twitter_card":"summary_large_image","twitter_misc":{"Escrito por":"IberCultura","Tiempo de lectura":"3 minutos"},"schema":{"@context":"https:\/\/schema.org","@graph":[{"@type":"Article","@id":"https:\/\/iberculturaviva.org\/es\/monsenor-romero-el-profeta-que-guia-los-caminos-de-los-salvadorenos\/#article","isPartOf":{"@id":"https:\/\/iberculturaviva.org\/es\/monsenor-romero-el-profeta-que-guia-los-caminos-de-los-salvadorenos\/"},"author":{"name":"IberCultura","@id":"https:\/\/iberculturaviva.org\/es\/?lang=es\/#\/schema\/person\/5d1313b072cc25536e0431522f740b59"},"headline":"Monse\u00f1or Romero, el profeta que gu\u00eda los caminos de los salvadore\u00f1os","datePublished":"2015-10-27T18:56:55+00:00","dateModified":"2021-01-12T17:15:36+00:00","mainEntityOfPage":{"@id":"https:\/\/iberculturaviva.org\/es\/monsenor-romero-el-profeta-que-guia-los-caminos-de-los-salvadorenos\/"},"wordCount":662,"publisher":{"@id":"https:\/\/iberculturaviva.org\/es\/?lang=es\/#organization"},"image":{"@id":"https:\/\/iberculturaviva.org\/es\/monsenor-romero-el-profeta-que-guia-los-caminos-de-los-salvadorenos\/#primaryimage"},"thumbnailUrl":"https:\/\/iberculturaviva.org\/wp-content\/uploads\/2016\/05\/monsenhor-mural.jpg","articleSection":["Noticias"],"inLanguage":"es"},{"@type":"WebPage","@id":"https:\/\/iberculturaviva.org\/es\/monsenor-romero-el-profeta-que-guia-los-caminos-de-los-salvadorenos\/","url":"https:\/\/iberculturaviva.org\/es\/monsenor-romero-el-profeta-que-guia-los-caminos-de-los-salvadorenos\/","name":"Monse\u00f1or Romero, el profeta que gu\u00eda los caminos de los salvadore\u00f1os - IberCultura Viva","isPartOf":{"@id":"https:\/\/iberculturaviva.org\/es\/?lang=es\/#website"},"primaryImageOfPage":{"@id":"https:\/\/iberculturaviva.org\/es\/monsenor-romero-el-profeta-que-guia-los-caminos-de-los-salvadorenos\/#primaryimage"},"image":{"@id":"https:\/\/iberculturaviva.org\/es\/monsenor-romero-el-profeta-que-guia-los-caminos-de-los-salvadorenos\/#primaryimage"},"thumbnailUrl":"https:\/\/iberculturaviva.org\/wp-content\/uploads\/2016\/05\/monsenhor-mural.jpg","datePublished":"2015-10-27T18:56:55+00:00","dateModified":"2021-01-12T17:15:36+00:00","description":"Monse\u00f1or Romero, el profeta que gu\u00eda los caminos de los salvadore\u00f1os - IberCultura Viva","breadcrumb":{"@id":"https:\/\/iberculturaviva.org\/es\/monsenor-romero-el-profeta-que-guia-los-caminos-de-los-salvadorenos\/#breadcrumb"},"inLanguage":"es","potentialAction":[{"@type":"ReadAction","target":["https:\/\/iberculturaviva.org\/es\/monsenor-romero-el-profeta-que-guia-los-caminos-de-los-salvadorenos\/"]}]},{"@type":"ImageObject","inLanguage":"es","@id":"https:\/\/iberculturaviva.org\/es\/monsenor-romero-el-profeta-que-guia-los-caminos-de-los-salvadorenos\/#primaryimage","url":"https:\/\/iberculturaviva.org\/wp-content\/uploads\/2016\/05\/monsenhor-mural.jpg","contentUrl":"https:\/\/iberculturaviva.org\/wp-content\/uploads\/2016\/05\/monsenhor-mural.jpg","width":960,"height":720},{"@type":"BreadcrumbList","@id":"https:\/\/iberculturaviva.org\/es\/monsenor-romero-el-profeta-que-guia-los-caminos-de-los-salvadorenos\/#breadcrumb","itemListElement":[{"@type":"ListItem","position":1,"name":"In\u00edcio","item":"https:\/\/iberculturaviva.org\/es\/inicio\/"},{"@type":"ListItem","position":2,"name":"Monse\u00f1or Romero, el profeta que gu\u00eda los caminos de los salvadore\u00f1os"}]},{"@type":"WebSite","@id":"https:\/\/iberculturaviva.org\/es\/?lang=es\/#website","url":"https:\/\/iberculturaviva.org\/es\/?lang=es\/","name":"IberCultura Viva","description":"Programa de cooperaci\u00f3n cultural","publisher":{"@id":"https:\/\/iberculturaviva.org\/es\/?lang=es\/#organization"},"potentialAction":[{"@type":"SearchAction","target":{"@type":"EntryPoint","urlTemplate":"https:\/\/iberculturaviva.org\/es\/?lang=es\/?s={search_term_string}"},"query-input":{"@type":"PropertyValueSpecification","valueRequired":true,"valueName":"search_term_string"}}],"inLanguage":"es"},{"@type":"Organization","@id":"https:\/\/iberculturaviva.org\/es\/?lang=es\/#organization","name":"Iberculturaviva","url":"https:\/\/iberculturaviva.org\/es\/?lang=es\/","logo":{"@type":"ImageObject","inLanguage":"es","@id":"https:\/\/iberculturaviva.org\/es\/?lang=es\/#\/schema\/logo\/image\/","url":"https:\/\/iberculturaviva.org\/wp-content\/uploads\/2021\/08\/logo_ibercultura_viva.jpg","contentUrl":"https:\/\/iberculturaviva.org\/wp-content\/uploads\/2021\/08\/logo_ibercultura_viva.jpg","width":708,"height":223,"caption":"Iberculturaviva"},"image":{"@id":"https:\/\/iberculturaviva.org\/es\/?lang=es\/#\/schema\/logo\/image\/"},"sameAs":["https:\/\/www.facebook.com\/iberculturaviva\/","https:\/\/www.instagram.com\/iberculturaviva\/","https:\/\/www.youtube.com\/iberculturaviva"]},{"@type":"Person","@id":"https:\/\/iberculturaviva.org\/es\/?lang=es\/#\/schema\/person\/5d1313b072cc25536e0431522f740b59","name":"IberCultura","image":{"@type":"ImageObject","inLanguage":"es","@id":"https:\/\/iberculturaviva.org\/es\/?lang=es\/#\/schema\/person\/image\/","url":"https:\/\/secure.gravatar.com\/avatar\/79f1a057cb125cbefb3765d0356d52fc7f3bba3a35e2cf22bc4de090bb7aef70?s=96&d=mm&r=g","contentUrl":"https:\/\/secure.gravatar.com\/avatar\/79f1a057cb125cbefb3765d0356d52fc7f3bba3a35e2cf22bc4de090bb7aef70?s=96&d=mm&r=g","caption":"IberCultura"}}]}},"main_category":{"link":"https:\/\/iberculturaviva.org\/es\/category\/noticias-es\/","name":"Noticias","slug":"noticias-es"},"_links":{"self":[{"href":"https:\/\/iberculturaviva.org\/es\/wp-json\/wp\/v2\/posts\/15962","targetHints":{"allow":["GET"]}}],"collection":[{"href":"https:\/\/iberculturaviva.org\/es\/wp-json\/wp\/v2\/posts"}],"about":[{"href":"https:\/\/iberculturaviva.org\/es\/wp-json\/wp\/v2\/types\/post"}],"author":[{"embeddable":true,"href":"https:\/\/iberculturaviva.org\/es\/wp-json\/wp\/v2\/users\/2"}],"replies":[{"embeddable":true,"href":"https:\/\/iberculturaviva.org\/es\/wp-json\/wp\/v2\/comments?post=15962"}],"version-history":[{"count":1,"href":"https:\/\/iberculturaviva.org\/es\/wp-json\/wp\/v2\/posts\/15962\/revisions"}],"predecessor-version":[{"id":22885,"href":"https:\/\/iberculturaviva.org\/es\/wp-json\/wp\/v2\/posts\/15962\/revisions\/22885"}],"wp:featuredmedia":[{"embeddable":true,"href":"https:\/\/iberculturaviva.org\/es\/wp-json\/wp\/v2\/media\/18137"}],"wp:attachment":[{"href":"https:\/\/iberculturaviva.org\/es\/wp-json\/wp\/v2\/media?parent=15962"}],"wp:term":[{"taxonomy":"category","embeddable":true,"href":"https:\/\/iberculturaviva.org\/es\/wp-json\/wp\/v2\/categories?post=15962"},{"taxonomy":"post_tag","embeddable":true,"href":"https:\/\/iberculturaviva.org\/es\/wp-json\/wp\/v2\/tags?post=15962"},{"taxonomy":"country-municipality","embeddable":true,"href":"https:\/\/iberculturaviva.org\/es\/wp-json\/wp\/v2\/country-municipality?post=15962"}],"curies":[{"name":"wp","href":"https:\/\/api.w.org\/{rel}","templated":true}]}}