{"id":15954,"date":"2015-10-06T20:33:45","date_gmt":"2015-10-06T23:33:45","guid":{"rendered":"https:\/\/iberculturaviva.org\/juca-ferreira-la-red-cultura-viva-es-un-avanzo-enorme\/"},"modified":"2021-01-12T14:16:00","modified_gmt":"2021-01-12T17:16:00","slug":"juca-ferreira-la-red-cultura-viva-es-un-avanzo-enorme","status":"publish","type":"post","link":"https:\/\/iberculturaviva.org\/es\/juca-ferreira-la-red-cultura-viva-es-un-avanzo-enorme\/","title":{"rendered":"Juca Ferreira: \u00abLa Red Cultura Viva es un avanzo enorme\u00bb"},"content":{"rendered":"<p style=\"text-align: justify;\">En el d\u00eda en que la Constituci\u00f3n de la Rep\u00fablica Federativa de Brasil cumpli\u00f3 27 a\u00f1os, el ministro de Cultura, Juca Ferreira, destac\u00f3 que todav\u00eda falta mucho para que el pueblo brasile\u00f1o tenga asegurado, de hecho, \u201cel pleno ejercicio de los derechos culturales y acceso a las fuentes de cultura nacional\u201d, como dice el art\u00edculo 215 del documento promulgado el d\u00eda 5 de octubre de 1988. \u201cCabe al Ministerio de Cultura hacer avanzar esos derechos\u201d, afirm\u00f3 el ministro, citando los Puntos de Cultura como parte importante de este proceso, por representar el empoderamiento de la base de la sociedad. \u201cEl ministerio, de manera independiente, va hasta cierto punto. Con las organizaciones culturales, tiene la posibilidad de ir mucho m\u00e1s lejos.\u201d<\/p>\n<p style=\"text-align: justify;\">Con el intento de dar pasos a\u00fan m\u00e1s largos, el Ministerio, por medio de la Secretar\u00eda de la Ciudadan\u00eda y de la Diversidad Cultural (SCDC\/MinC), lanz\u00f3 el lunes (05\/10) la plataforma de la Red Cultura Viva (<a href=\"https:\/\/www.culturaviva.gov.br\">www.culturaviva.gov.br<\/a>). Durante todo el d\u00eda se realizaron varias actividades en el Memorial Darcy Ribeiro, en la Universidad de Brasilia. Entre ellas, debates sobre m\u00e9dios libres, cultura LGBT y econom\u00eda viva. Por la noche, la ceremonia oficial de lanzamiento cont\u00f3 con la presencia del ministro y de invitados como la diputada Jandira Feghali, autora del proyecto de la Ley Cultura Viva y representantes de Puntos de Cultura de todo Brasil.<\/p>\n<div id=\"attachment_2037\" style=\"width: 650px\" class=\"wp-caption aligncenter\"><a href=\"https:\/\/iberculturaviva.org\/wp-content\/uploads\/2015\/12\/lancamento-rede-unb.jpg\" rel=\"attachment wp-att-2037\"><img loading=\"lazy\" decoding=\"async\" aria-describedby=\"caption-attachment-2037\" class=\"wp-image-2037 size-large\" src=\"https:\/\/iberculturaviva.org\/wp-content\/uploads\/2015\/12\/lancamento-rede-unb-960x640.jpg\" alt=\"lancamento-rede-unb\" width=\"640\" height=\"427\" \/><\/a><p id=\"caption-attachment-2037\" class=\"wp-caption-text\">Autoridades y representantes de Puntos de Cultura de varias partes de Brasil estaban en la ceremonia de lanzamiento de la red en Bras\u00edlia. Fotos: Oliver Kornblihtt e Bernardo Guerreiro<\/p><\/div>\n<p style=\"text-align: justify;\">Una reivindicaci\u00f3n antigua de los grupos culturales de base comunitaria, la nueva plataforma permite que las entidades y colectivos se autodeclaren Puntos de Cultura, lo que posibilitar\u00e1 el mapeo y la valoraci\u00f3n de las acciones desarrolladas por la sociedad civil. La herramienta creada en software libre, adem\u00e1s de abarcar el Catastro Nacional de Puntos y Puntones de Cultura (instituido por la Ley Cultura Viva, en 2014), tendr\u00e1 un ambiente de red, facilitando el intercambio de informaci\u00f3n, productos y servicios.<\/p>\n<p style=\"text-align: justify;\">\u201cEsta red es un avanzo enorme porque hasta hoy llam\u00e1bamos de Puntos de Cultura apenas a los grupos que, a trav\u00e9s de las convocatorias, ten\u00edan acceso a un financiamiento del ministerio\u201d, destac\u00f3 Juca Ferreira. \u201cComo no tenemos recursos suficientes para financiar todos los que se encuadran en la categor\u00eda, es un error llamar de Punto de Cultura solamente a los que vencen en las convocatorias. Cuando el ministerio pase a considerar todos los que hacen un trabajo cultural relevante para la comunidad desde hace al menos dos a\u00f1os, sin fines lucrativos, posiblemente estamos hablando de 100 mil organizaciones y grupos culturales en todo el territorio brasile\u00f1o.\u201d<\/p>\n<p>Teniendo en cuenta que la base de la cultura brasile\u00f1a es amplia, vasta y diversificada, la Red Cultura Viva no s\u00f3lo posibilitar\u00e1, en las palabras del ministro, \u201cla conexi\u00f3n de esa diversidad, sin intermediarios\u201d, sino tambi\u00e9n la visibilidad \u2013 y el empoderamiento \u2013 de ese conjunto diverso.<\/p>\n<div id=\"attachment_2005\" style=\"width: 650px\" class=\"wp-caption aligncenter\"><a href=\"https:\/\/iberculturaviva.org\/wp-content\/uploads\/2015\/12\/21960224596_38a0532560_k.jpg\" rel=\"attachment wp-att-2005\"><img loading=\"lazy\" decoding=\"async\" aria-describedby=\"caption-attachment-2005\" class=\"wp-image-2005 size-large\" src=\"https:\/\/iberculturaviva.org\/wp-content\/uploads\/2015\/12\/21960224596_38a0532560_k-960x640.jpg\" alt=\"21960224596_38a0532560_k\" width=\"640\" height=\"427\" \/><\/a><p id=\"caption-attachment-2005\" class=\"wp-caption-text\">El ministro Juca Ferreira y la secretaria Ivana Bentes entre los invitados que llenaron el Memorial Darcy Ribeiro, en la Universidad de Brasilia<\/p><\/div>\n<p>&nbsp;<\/p>\n<p><strong>M\u00e1s all\u00e1 del financiamiento<\/strong><\/p>\n<p style=\"text-align: justify;\">\u201cEstamos creando una pol\u00edtica p\u00fablica m\u00e1s all\u00e1 del financiamiento. O sea, el Ministerio de Cultura est\u00e1 creando una moneda simb\u00f3lica, que trabaja con lo inconmensurable, que es la cultura\u201d, resalt\u00f3 Ivana Bentes, secretaria de la Ciudadan\u00eda y de la Diversidad Cultural y presidente del programa IberCultura, durante la ceremonia de lanzamiento de la red.<\/p>\n<p style=\"text-align: justify;\">Al citar un debate realizado poco antes sobre econom\u00eda solidaria (\u201cla econom\u00eda viva, de las fiestas\u201d), Ivana coment\u00f3 que el programa Cultura Viva quiere disputar el concepto de econom\u00eda (\u201cno de la econom\u00eda de la escasez, sino de la abundancia\u201d) con otra moneda, a partir de otros valores. \u201cEstamos empezando un di\u00e1logo importante a partir de la articulaci\u00f3n de la base de la econom\u00eda solidaria con la base de los Puntos de Cultura.\u201d<\/p>\n<p style=\"text-align: justify;\">Seg\u00fan ella, es de esa manera, pensando en mecanismos de integraci\u00f3n, que se pasa a entender econom\u00edas muy distintas \u2013 como la de los <em>terreiros de candombl\u00e9<\/em>, de los <em>quilombos<\/em>, de las naciones ind\u00edgenas. \u201cEsa econom\u00eda de la vida no distingue vida y trabajo. El trabajo es la vida, la vida es el trabajo (\u2026) El reconocimiento del ministerio de ese quehacer cultural, la autodeclaraci\u00f3n de los Puntos de Cultura, es tambi\u00e9n la creaci\u00f3n y expansi\u00f3n de una amplia red de protecci\u00f3n para la cultura.\u201d<\/p>\n<p style=\"text-align: justify;\"><a href=\"https:\/\/iberculturaviva.org\/wp-content\/uploads\/2015\/12\/21996186341_c3e24b4b43_k.jpg\" rel=\"attachment wp-att-2007\"><img loading=\"lazy\" decoding=\"async\" class=\"aligncenter wp-image-2007\" src=\"https:\/\/iberculturaviva.org\/wp-content\/uploads\/2015\/12\/21996186341_c3e24b4b43_k-960x640.jpg\" alt=\"21996186341_c3e24b4b43_k\" width=\"540\" height=\"360\" \/><\/a><\/p>\n<p>&nbsp;<\/p>\n<p style=\"text-align: justify;\">Ivana Bentes cree que la plataforma va a traer una nueva escala para el programa Cultura Viva. \u201cNo hablaremos m\u00e1s de 4 mil Puntos de Cultura financiados por el Estado. Ser\u00e1n 10 mil, 20 mil, 30 mil, 100 mil. Vamos a articular, construir, dar visibilidad a la dimensi\u00f3n inconmensurable de la cultura. Y, de manera m\u00e1s concreta, hacer un mapeo, una cartograf\u00eda de los Puntos de Cultura brasile\u00f1os.\u201d<\/p>\n<p style=\"text-align: justify;\">Para ella, la herramienta tiene la misi\u00f3n de llevar la pol\u00edtica p\u00fablica a otro nivel. \u201cEs el recomienzo del programa Cultura Viva, con la autodeclaraci\u00f3n ampliando, trayendo a los &#8216;desorganizados&#8217;, a los que todav\u00eda no pasaron por esa relaci\u00f3n con el Estado. Estamos pensando en una red de colaboraci\u00f3n, de intercambio de informaci\u00f3n, de conocimiento, en un entendimiento nuevo de lo que es recurso. Hoy, quien tiene recurso es el que tiene colaboraci\u00f3n, infraestructura, no se trata simplemente de financiamiento.\u201d<\/p>\n<p style=\"text-align: justify;\"><a href=\"https:\/\/iberculturaviva.org\/wp-content\/uploads\/2015\/12\/21984763922_de568a507a_z.jpg\" rel=\"attachment wp-att-2006\"><img loading=\"lazy\" decoding=\"async\" class=\"aligncenter wp-image-2006\" src=\"https:\/\/iberculturaviva.org\/wp-content\/uploads\/2015\/12\/21984763922_de568a507a_z.jpg\" alt=\"21984763922_de568a507a_z\" width=\"540\" height=\"360\" srcset=\"https:\/\/iberculturaviva.org\/wp-content\/uploads\/2015\/12\/21984763922_de568a507a_z.jpg 640w, https:\/\/iberculturaviva.org\/wp-content\/uploads\/2015\/12\/21984763922_de568a507a_z-300x200.jpg 300w, https:\/\/iberculturaviva.org\/wp-content\/uploads\/2015\/12\/21984763922_de568a507a_z-150x100.jpg 150w\" sizes=\"auto, (max-width: 540px) 100vw, 540px\" \/><\/a><\/p>\n<p>&nbsp;<\/p>\n","protected":false},"excerpt":{"rendered":"<p>En el d\u00eda en que la Constituci\u00f3n de la Rep\u00fablica Federativa de Brasil cumpli\u00f3 27 a\u00f1os, el ministro de Cultura, Juca Ferreira, destac\u00f3 que todav\u00eda falta mucho para que el [&hellip;]<\/p>\n","protected":false},"author":2,"featured_media":17677,"comment_status":"closed","ping_status":"closed","sticky":false,"template":"","format":"standard","meta":{"_coblocks_attr":"","_coblocks_dimensions":"","_coblocks_responsive_height":"","_coblocks_accordion_ie_support":"","_EventAllDay":false,"_EventTimezone":"","_EventStartDate":"","_EventEndDate":"","_EventStartDateUTC":"","_EventEndDateUTC":"","_EventShowMap":false,"_EventShowMapLink":false,"_EventURL":"","_EventCost":"","_EventCostDescription":"","_EventCurrencySymbol":"","_EventCurrencyCode":"","_EventCurrencyPosition":"","_EventDateTimeSeparator":"","_EventTimeRangeSeparator":"","_EventOrganizerID":[],"_EventVenueID":[],"_OrganizerEmail":"","_OrganizerPhone":"","_OrganizerWebsite":"","_VenueAddress":"","_VenueCity":"","_VenueCountry":"","_VenueProvince":"","_VenueState":"","_VenueZip":"","_VenuePhone":"","_VenueURL":"","_VenueStateProvince":"","_VenueLat":"","_VenueLng":"","_VenueShowMap":false,"_VenueShowMapLink":false,"footnotes":""},"categories":[262],"tags":[],"country-municipality":[],"class_list":["post-15954","post","type-post","status-publish","format-standard","has-post-thumbnail","hentry","category-noticias-es"],"yoast_head":"<!-- This site is optimized with the Yoast SEO plugin v25.7 - https:\/\/yoast.com\/wordpress\/plugins\/seo\/ -->\n<title>Juca Ferreira: &quot;La Red Cultura Viva es un avanzo enorme&quot; - IberCultura Viva<\/title>\n<meta name=\"description\" content=\"Juca Ferreira: &quot;La Red Cultura Viva es un avanzo enorme&quot; - IberCultura Viva\" \/>\n<meta name=\"robots\" content=\"index, follow, max-snippet:-1, max-image-preview:large, max-video-preview:-1\" \/>\n<link rel=\"canonical\" href=\"https:\/\/iberculturaviva.org\/es\/juca-ferreira-la-red-cultura-viva-es-un-avanzo-enorme\/\" \/>\n<meta property=\"og:locale\" content=\"es_ES\" \/>\n<meta property=\"og:type\" content=\"article\" \/>\n<meta property=\"og:title\" content=\"Juca Ferreira: &quot;La Red Cultura Viva es un avanzo enorme&quot; - IberCultura Viva\" \/>\n<meta property=\"og:description\" content=\"Juca Ferreira: &quot;La Red Cultura Viva es un avanzo enorme&quot; - IberCultura Viva\" \/>\n<meta property=\"og:url\" content=\"https:\/\/iberculturaviva.org\/es\/juca-ferreira-la-red-cultura-viva-es-un-avanzo-enorme\/\" \/>\n<meta property=\"og:site_name\" content=\"IberCultura Viva\" \/>\n<meta property=\"article:publisher\" content=\"https:\/\/www.facebook.com\/iberculturaviva\/\" \/>\n<meta property=\"article:published_time\" content=\"2015-10-06T23:33:45+00:00\" \/>\n<meta property=\"article:modified_time\" content=\"2021-01-12T17:16:00+00:00\" \/>\n<meta property=\"og:image\" content=\"https:\/\/iberculturaviva.org\/wp-content\/uploads\/2015\/10\/21996692162_c9f2a34e89_z.jpg\" \/>\n\t<meta property=\"og:image:width\" content=\"640\" \/>\n\t<meta property=\"og:image:height\" content=\"427\" \/>\n\t<meta property=\"og:image:type\" content=\"image\/jpeg\" \/>\n<meta name=\"author\" content=\"IberCultura\" \/>\n<meta name=\"twitter:card\" content=\"summary_large_image\" \/>\n<meta name=\"twitter:label1\" content=\"Escrito por\" \/>\n\t<meta name=\"twitter:data1\" content=\"IberCultura\" \/>\n\t<meta name=\"twitter:label2\" content=\"Tiempo de lectura\" \/>\n\t<meta name=\"twitter:data2\" content=\"5 minutos\" \/>\n<script type=\"application\/ld+json\" class=\"yoast-schema-graph\">{\"@context\":\"https:\/\/schema.org\",\"@graph\":[{\"@type\":\"Article\",\"@id\":\"https:\/\/iberculturaviva.org\/es\/juca-ferreira-la-red-cultura-viva-es-un-avanzo-enorme\/#article\",\"isPartOf\":{\"@id\":\"https:\/\/iberculturaviva.org\/es\/juca-ferreira-la-red-cultura-viva-es-un-avanzo-enorme\/\"},\"author\":{\"name\":\"IberCultura\",\"@id\":\"https:\/\/iberculturaviva.org\/es\/?lang=es\/#\/schema\/person\/5d1313b072cc25536e0431522f740b59\"},\"headline\":\"Juca Ferreira: \u00abLa Red Cultura Viva es un avanzo enorme\u00bb\",\"datePublished\":\"2015-10-06T23:33:45+00:00\",\"dateModified\":\"2021-01-12T17:16:00+00:00\",\"mainEntityOfPage\":{\"@id\":\"https:\/\/iberculturaviva.org\/es\/juca-ferreira-la-red-cultura-viva-es-un-avanzo-enorme\/\"},\"wordCount\":957,\"publisher\":{\"@id\":\"https:\/\/iberculturaviva.org\/es\/?lang=es\/#organization\"},\"image\":{\"@id\":\"https:\/\/iberculturaviva.org\/es\/juca-ferreira-la-red-cultura-viva-es-un-avanzo-enorme\/#primaryimage\"},\"thumbnailUrl\":\"https:\/\/iberculturaviva.org\/wp-content\/uploads\/2015\/10\/21996692162_c9f2a34e89_z.jpg\",\"articleSection\":[\"Noticias\"],\"inLanguage\":\"es\"},{\"@type\":\"WebPage\",\"@id\":\"https:\/\/iberculturaviva.org\/es\/juca-ferreira-la-red-cultura-viva-es-un-avanzo-enorme\/\",\"url\":\"https:\/\/iberculturaviva.org\/es\/juca-ferreira-la-red-cultura-viva-es-un-avanzo-enorme\/\",\"name\":\"Juca Ferreira: \\\"La Red Cultura Viva es un avanzo enorme\\\" - IberCultura Viva\",\"isPartOf\":{\"@id\":\"https:\/\/iberculturaviva.org\/es\/?lang=es\/#website\"},\"primaryImageOfPage\":{\"@id\":\"https:\/\/iberculturaviva.org\/es\/juca-ferreira-la-red-cultura-viva-es-un-avanzo-enorme\/#primaryimage\"},\"image\":{\"@id\":\"https:\/\/iberculturaviva.org\/es\/juca-ferreira-la-red-cultura-viva-es-un-avanzo-enorme\/#primaryimage\"},\"thumbnailUrl\":\"https:\/\/iberculturaviva.org\/wp-content\/uploads\/2015\/10\/21996692162_c9f2a34e89_z.jpg\",\"datePublished\":\"2015-10-06T23:33:45+00:00\",\"dateModified\":\"2021-01-12T17:16:00+00:00\",\"description\":\"Juca Ferreira: \\\"La Red Cultura Viva es un avanzo enorme\\\" - IberCultura Viva\",\"breadcrumb\":{\"@id\":\"https:\/\/iberculturaviva.org\/es\/juca-ferreira-la-red-cultura-viva-es-un-avanzo-enorme\/#breadcrumb\"},\"inLanguage\":\"es\",\"potentialAction\":[{\"@type\":\"ReadAction\",\"target\":[\"https:\/\/iberculturaviva.org\/es\/juca-ferreira-la-red-cultura-viva-es-un-avanzo-enorme\/\"]}]},{\"@type\":\"ImageObject\",\"inLanguage\":\"es\",\"@id\":\"https:\/\/iberculturaviva.org\/es\/juca-ferreira-la-red-cultura-viva-es-un-avanzo-enorme\/#primaryimage\",\"url\":\"https:\/\/iberculturaviva.org\/wp-content\/uploads\/2015\/10\/21996692162_c9f2a34e89_z.jpg\",\"contentUrl\":\"https:\/\/iberculturaviva.org\/wp-content\/uploads\/2015\/10\/21996692162_c9f2a34e89_z.jpg\",\"width\":640,\"height\":427},{\"@type\":\"BreadcrumbList\",\"@id\":\"https:\/\/iberculturaviva.org\/es\/juca-ferreira-la-red-cultura-viva-es-un-avanzo-enorme\/#breadcrumb\",\"itemListElement\":[{\"@type\":\"ListItem\",\"position\":1,\"name\":\"In\u00edcio\",\"item\":\"https:\/\/iberculturaviva.org\/es\/inicio\/\"},{\"@type\":\"ListItem\",\"position\":2,\"name\":\"Juca Ferreira: &#8220;La Red Cultura Viva es un avanzo enorme&#8221;\"}]},{\"@type\":\"WebSite\",\"@id\":\"https:\/\/iberculturaviva.org\/es\/?lang=es\/#website\",\"url\":\"https:\/\/iberculturaviva.org\/es\/?lang=es\/\",\"name\":\"IberCultura Viva\",\"description\":\"Programa de cooperaci\u00f3n cultural\",\"publisher\":{\"@id\":\"https:\/\/iberculturaviva.org\/es\/?lang=es\/#organization\"},\"potentialAction\":[{\"@type\":\"SearchAction\",\"target\":{\"@type\":\"EntryPoint\",\"urlTemplate\":\"https:\/\/iberculturaviva.org\/es\/?lang=es\/?s={search_term_string}\"},\"query-input\":{\"@type\":\"PropertyValueSpecification\",\"valueRequired\":true,\"valueName\":\"search_term_string\"}}],\"inLanguage\":\"es\"},{\"@type\":\"Organization\",\"@id\":\"https:\/\/iberculturaviva.org\/es\/?lang=es\/#organization\",\"name\":\"Iberculturaviva\",\"url\":\"https:\/\/iberculturaviva.org\/es\/?lang=es\/\",\"logo\":{\"@type\":\"ImageObject\",\"inLanguage\":\"es\",\"@id\":\"https:\/\/iberculturaviva.org\/es\/?lang=es\/#\/schema\/logo\/image\/\",\"url\":\"https:\/\/iberculturaviva.org\/wp-content\/uploads\/2021\/08\/logo_ibercultura_viva.jpg\",\"contentUrl\":\"https:\/\/iberculturaviva.org\/wp-content\/uploads\/2021\/08\/logo_ibercultura_viva.jpg\",\"width\":708,\"height\":223,\"caption\":\"Iberculturaviva\"},\"image\":{\"@id\":\"https:\/\/iberculturaviva.org\/es\/?lang=es\/#\/schema\/logo\/image\/\"},\"sameAs\":[\"https:\/\/www.facebook.com\/iberculturaviva\/\",\"https:\/\/www.instagram.com\/iberculturaviva\/\",\"https:\/\/www.youtube.com\/iberculturaviva\"]},{\"@type\":\"Person\",\"@id\":\"https:\/\/iberculturaviva.org\/es\/?lang=es\/#\/schema\/person\/5d1313b072cc25536e0431522f740b59\",\"name\":\"IberCultura\",\"image\":{\"@type\":\"ImageObject\",\"inLanguage\":\"es\",\"@id\":\"https:\/\/iberculturaviva.org\/es\/?lang=es\/#\/schema\/person\/image\/\",\"url\":\"https:\/\/secure.gravatar.com\/avatar\/79f1a057cb125cbefb3765d0356d52fc7f3bba3a35e2cf22bc4de090bb7aef70?s=96&d=mm&r=g\",\"contentUrl\":\"https:\/\/secure.gravatar.com\/avatar\/79f1a057cb125cbefb3765d0356d52fc7f3bba3a35e2cf22bc4de090bb7aef70?s=96&d=mm&r=g\",\"caption\":\"IberCultura\"}}]}<\/script>\n<!-- \/ Yoast SEO plugin. -->","yoast_head_json":{"title":"Juca Ferreira: \"La Red Cultura Viva es un avanzo enorme\" - IberCultura Viva","description":"Juca Ferreira: \"La Red Cultura Viva es un avanzo enorme\" - IberCultura Viva","robots":{"index":"index","follow":"follow","max-snippet":"max-snippet:-1","max-image-preview":"max-image-preview:large","max-video-preview":"max-video-preview:-1"},"canonical":"https:\/\/iberculturaviva.org\/es\/juca-ferreira-la-red-cultura-viva-es-un-avanzo-enorme\/","og_locale":"es_ES","og_type":"article","og_title":"Juca Ferreira: \"La Red Cultura Viva es un avanzo enorme\" - IberCultura Viva","og_description":"Juca Ferreira: \"La Red Cultura Viva es un avanzo enorme\" - IberCultura Viva","og_url":"https:\/\/iberculturaviva.org\/es\/juca-ferreira-la-red-cultura-viva-es-un-avanzo-enorme\/","og_site_name":"IberCultura Viva","article_publisher":"https:\/\/www.facebook.com\/iberculturaviva\/","article_published_time":"2015-10-06T23:33:45+00:00","article_modified_time":"2021-01-12T17:16:00+00:00","og_image":[{"width":640,"height":427,"url":"https:\/\/iberculturaviva.org\/wp-content\/uploads\/2015\/10\/21996692162_c9f2a34e89_z.jpg","type":"image\/jpeg"}],"author":"IberCultura","twitter_card":"summary_large_image","twitter_misc":{"Escrito por":"IberCultura","Tiempo de lectura":"5 minutos"},"schema":{"@context":"https:\/\/schema.org","@graph":[{"@type":"Article","@id":"https:\/\/iberculturaviva.org\/es\/juca-ferreira-la-red-cultura-viva-es-un-avanzo-enorme\/#article","isPartOf":{"@id":"https:\/\/iberculturaviva.org\/es\/juca-ferreira-la-red-cultura-viva-es-un-avanzo-enorme\/"},"author":{"name":"IberCultura","@id":"https:\/\/iberculturaviva.org\/es\/?lang=es\/#\/schema\/person\/5d1313b072cc25536e0431522f740b59"},"headline":"Juca Ferreira: \u00abLa Red Cultura Viva es un avanzo enorme\u00bb","datePublished":"2015-10-06T23:33:45+00:00","dateModified":"2021-01-12T17:16:00+00:00","mainEntityOfPage":{"@id":"https:\/\/iberculturaviva.org\/es\/juca-ferreira-la-red-cultura-viva-es-un-avanzo-enorme\/"},"wordCount":957,"publisher":{"@id":"https:\/\/iberculturaviva.org\/es\/?lang=es\/#organization"},"image":{"@id":"https:\/\/iberculturaviva.org\/es\/juca-ferreira-la-red-cultura-viva-es-un-avanzo-enorme\/#primaryimage"},"thumbnailUrl":"https:\/\/iberculturaviva.org\/wp-content\/uploads\/2015\/10\/21996692162_c9f2a34e89_z.jpg","articleSection":["Noticias"],"inLanguage":"es"},{"@type":"WebPage","@id":"https:\/\/iberculturaviva.org\/es\/juca-ferreira-la-red-cultura-viva-es-un-avanzo-enorme\/","url":"https:\/\/iberculturaviva.org\/es\/juca-ferreira-la-red-cultura-viva-es-un-avanzo-enorme\/","name":"Juca Ferreira: \"La Red Cultura Viva es un avanzo enorme\" - IberCultura Viva","isPartOf":{"@id":"https:\/\/iberculturaviva.org\/es\/?lang=es\/#website"},"primaryImageOfPage":{"@id":"https:\/\/iberculturaviva.org\/es\/juca-ferreira-la-red-cultura-viva-es-un-avanzo-enorme\/#primaryimage"},"image":{"@id":"https:\/\/iberculturaviva.org\/es\/juca-ferreira-la-red-cultura-viva-es-un-avanzo-enorme\/#primaryimage"},"thumbnailUrl":"https:\/\/iberculturaviva.org\/wp-content\/uploads\/2015\/10\/21996692162_c9f2a34e89_z.jpg","datePublished":"2015-10-06T23:33:45+00:00","dateModified":"2021-01-12T17:16:00+00:00","description":"Juca Ferreira: \"La Red Cultura Viva es un avanzo enorme\" - IberCultura Viva","breadcrumb":{"@id":"https:\/\/iberculturaviva.org\/es\/juca-ferreira-la-red-cultura-viva-es-un-avanzo-enorme\/#breadcrumb"},"inLanguage":"es","potentialAction":[{"@type":"ReadAction","target":["https:\/\/iberculturaviva.org\/es\/juca-ferreira-la-red-cultura-viva-es-un-avanzo-enorme\/"]}]},{"@type":"ImageObject","inLanguage":"es","@id":"https:\/\/iberculturaviva.org\/es\/juca-ferreira-la-red-cultura-viva-es-un-avanzo-enorme\/#primaryimage","url":"https:\/\/iberculturaviva.org\/wp-content\/uploads\/2015\/10\/21996692162_c9f2a34e89_z.jpg","contentUrl":"https:\/\/iberculturaviva.org\/wp-content\/uploads\/2015\/10\/21996692162_c9f2a34e89_z.jpg","width":640,"height":427},{"@type":"BreadcrumbList","@id":"https:\/\/iberculturaviva.org\/es\/juca-ferreira-la-red-cultura-viva-es-un-avanzo-enorme\/#breadcrumb","itemListElement":[{"@type":"ListItem","position":1,"name":"In\u00edcio","item":"https:\/\/iberculturaviva.org\/es\/inicio\/"},{"@type":"ListItem","position":2,"name":"Juca Ferreira: &#8220;La Red Cultura Viva es un avanzo enorme&#8221;"}]},{"@type":"WebSite","@id":"https:\/\/iberculturaviva.org\/es\/?lang=es\/#website","url":"https:\/\/iberculturaviva.org\/es\/?lang=es\/","name":"IberCultura Viva","description":"Programa de cooperaci\u00f3n cultural","publisher":{"@id":"https:\/\/iberculturaviva.org\/es\/?lang=es\/#organization"},"potentialAction":[{"@type":"SearchAction","target":{"@type":"EntryPoint","urlTemplate":"https:\/\/iberculturaviva.org\/es\/?lang=es\/?s={search_term_string}"},"query-input":{"@type":"PropertyValueSpecification","valueRequired":true,"valueName":"search_term_string"}}],"inLanguage":"es"},{"@type":"Organization","@id":"https:\/\/iberculturaviva.org\/es\/?lang=es\/#organization","name":"Iberculturaviva","url":"https:\/\/iberculturaviva.org\/es\/?lang=es\/","logo":{"@type":"ImageObject","inLanguage":"es","@id":"https:\/\/iberculturaviva.org\/es\/?lang=es\/#\/schema\/logo\/image\/","url":"https:\/\/iberculturaviva.org\/wp-content\/uploads\/2021\/08\/logo_ibercultura_viva.jpg","contentUrl":"https:\/\/iberculturaviva.org\/wp-content\/uploads\/2021\/08\/logo_ibercultura_viva.jpg","width":708,"height":223,"caption":"Iberculturaviva"},"image":{"@id":"https:\/\/iberculturaviva.org\/es\/?lang=es\/#\/schema\/logo\/image\/"},"sameAs":["https:\/\/www.facebook.com\/iberculturaviva\/","https:\/\/www.instagram.com\/iberculturaviva\/","https:\/\/www.youtube.com\/iberculturaviva"]},{"@type":"Person","@id":"https:\/\/iberculturaviva.org\/es\/?lang=es\/#\/schema\/person\/5d1313b072cc25536e0431522f740b59","name":"IberCultura","image":{"@type":"ImageObject","inLanguage":"es","@id":"https:\/\/iberculturaviva.org\/es\/?lang=es\/#\/schema\/person\/image\/","url":"https:\/\/secure.gravatar.com\/avatar\/79f1a057cb125cbefb3765d0356d52fc7f3bba3a35e2cf22bc4de090bb7aef70?s=96&d=mm&r=g","contentUrl":"https:\/\/secure.gravatar.com\/avatar\/79f1a057cb125cbefb3765d0356d52fc7f3bba3a35e2cf22bc4de090bb7aef70?s=96&d=mm&r=g","caption":"IberCultura"}}]}},"main_category":{"link":"https:\/\/iberculturaviva.org\/es\/category\/noticias-es\/","name":"Noticias","slug":"noticias-es"},"_links":{"self":[{"href":"https:\/\/iberculturaviva.org\/es\/wp-json\/wp\/v2\/posts\/15954","targetHints":{"allow":["GET"]}}],"collection":[{"href":"https:\/\/iberculturaviva.org\/es\/wp-json\/wp\/v2\/posts"}],"about":[{"href":"https:\/\/iberculturaviva.org\/es\/wp-json\/wp\/v2\/types\/post"}],"author":[{"embeddable":true,"href":"https:\/\/iberculturaviva.org\/es\/wp-json\/wp\/v2\/users\/2"}],"replies":[{"embeddable":true,"href":"https:\/\/iberculturaviva.org\/es\/wp-json\/wp\/v2\/comments?post=15954"}],"version-history":[{"count":1,"href":"https:\/\/iberculturaviva.org\/es\/wp-json\/wp\/v2\/posts\/15954\/revisions"}],"predecessor-version":[{"id":22889,"href":"https:\/\/iberculturaviva.org\/es\/wp-json\/wp\/v2\/posts\/15954\/revisions\/22889"}],"wp:featuredmedia":[{"embeddable":true,"href":"https:\/\/iberculturaviva.org\/es\/wp-json\/wp\/v2\/media\/17677"}],"wp:attachment":[{"href":"https:\/\/iberculturaviva.org\/es\/wp-json\/wp\/v2\/media?parent=15954"}],"wp:term":[{"taxonomy":"category","embeddable":true,"href":"https:\/\/iberculturaviva.org\/es\/wp-json\/wp\/v2\/categories?post=15954"},{"taxonomy":"post_tag","embeddable":true,"href":"https:\/\/iberculturaviva.org\/es\/wp-json\/wp\/v2\/tags?post=15954"},{"taxonomy":"country-municipality","embeddable":true,"href":"https:\/\/iberculturaviva.org\/es\/wp-json\/wp\/v2\/country-municipality?post=15954"}],"curies":[{"name":"wp","href":"https:\/\/api.w.org\/{rel}","templated":true}]}}